{"id":166652,"date":"2025-12-01T10:40:45","date_gmt":"2025-12-01T14:40:45","guid":{"rendered":"https:\/\/infoelnuevonorte.com\/?p=166652"},"modified":"2025-12-01T10:40:46","modified_gmt":"2025-12-01T14:40:46","slug":"verstappen-aviva-el-mundial-con-una-victoria-y-sainz-se-cuela-en-el-podio-del-gran-premio-de-catar","status":"publish","type":"post","link":"https:\/\/infoelnuevonorte.com\/?p=166652","title":{"rendered":"Verstappen aviva el Mundial con una victoria y Sainz se cuela en el podio del Gran Premio de Catar"},"content":{"rendered":"\n<p><a href=\"https:\/\/deultimominuto.net\/category\/deportes\/automovilismo\/\"><\/a><\/p>\n\n\n<div class=\"td_block_wrap tdb_single_content tdi_235 td-pb-border-top td_block_template_1 td-post-content tagdiv-type\" data-td-block-uid=\"tdi_235\">\n<div class=\"tdb-block-inner td-fix-index\">\n<!--[if lt IE 9]><script>document.createElement('audio');<\/script><![endif]-->\n<audio class=\"wp-audio-shortcode\" id=\"audio-166652-1\" preload=\"none\" style=\"width: 100%;\" controls=\"controls\"><source type=\"audio\/mpeg\" src=\"https:\/\/infoelnuevonorte.com\/wp-content\/uploads\/2025\/12\/ttsmaker-vip-file-2025-12-1-10-39-37.mp3?_=1\" \/><a href=\"https:\/\/infoelnuevonorte.com\/wp-content\/uploads\/2025\/12\/ttsmaker-vip-file-2025-12-1-10-39-37.mp3\">https:\/\/infoelnuevonorte.com\/wp-content\/uploads\/2025\/12\/ttsmaker-vip-file-2025-12-1-10-39-37.mp3<\/a><\/audio>\n<p style=\"text-align: justify;\">Redacci\u00f3n deportes (EFE).- El piloto neerland\u00e9s de Red Bull Max Verstappen dio un golpe sobre la mesa y gan\u00f3 el Gran Premio de Catar, superando a los otros candidatos al t\u00edtulo mundial, el australiano Oscar Piastri, segundo, y el ingl\u00e9s Lando Norris, cuarto, ambos de McLaren, mientras que el espa\u00f1ol Carlos Sainz (Williams) fue tercero.<\/p>\n<p style=\"text-align: justify;\">Con este desenlace en Lusail, el t\u00edtulo se decidir\u00e1 en Abu Dabi, en la \u00faltima carrera del campeonato, dibuj\u00e1ndose un desenlace m\u00e1s que ajustado con Norris a\u00fan liderando la clasificaci\u00f3n con 408 puntos, aunque ahora con Max a solo 12 (396) y Piastri a 16 (392).<\/p>\n<figure class=\"wp-block-image\" style=\"text-align: justify;\"><img decoding=\"async\" class=\"wp-image-2326474 entered lazyloaded\" title=\"Verstappen aviva el Mundial con una victoria y Sainz se cuela en el podio del Gran Premio de Catar | 2 |\" src=\"https:\/\/i0.wp.com\/efe.com\/wp-content\/uploads\/2025\/11\/XAH0002-GRAN-PREMIO-DE-FORMULA-UNO-DE-CATAR.webp?resize=900%2C481&amp;ssl=1\" alt=\"El piloto de Red Bull Racing Max Verstappen compite en la Clasificaci\u00f3n para el Gran Premio de F\u00f3rmula 1 de Catar.\" data-lazy-src=\"https:\/\/i0.wp.com\/efe.com\/wp-content\/uploads\/2025\/11\/XAH0002-GRAN-PREMIO-DE-FORMULA-UNO-DE-CATAR.webp?resize=900%2C481&amp;ssl=1\" data-ll-status=\"loaded\" \/>\n<figcaption class=\"wp-element-caption\">El piloto de Red Bull Racing Max Verstappen compite en la Clasificaci\u00f3n para el Gran Premio de F\u00f3rmula 1 de Catar. EFE\/EPA\/ALI HAIDER<\/figcaption>\n<\/figure>\n<h2 id=\"h-sainz-ha-sido-una-de-mis-mejores-y-mas-inesperadas-carreras\" class=\"wp-block-heading\" style=\"text-align: justify;\">Sainz: \u201cHa sido una de mis mejores y m\u00e1s inesperadas carreras\u201d<\/h2>\n<p style=\"text-align: justify;\">El piloto espa\u00f1ol de Williams, Carlos Sainz, se mostr\u00f3 \u201cfeliz\u201d y \u201corgulloso de todo el equipo\u201d tras firmar en Catar una de sus \u00abmejores y m\u00e1s inesperadas carreras\u201d, donde logr\u00f3 un sorpresivo tercer puesto, asegurando adem\u00e1s el quinto lugar de la escuder\u00eda brit\u00e1nica en el mundial de constructores.<\/p>\n<p style=\"text-align: justify;\">\u201cEstoy muy feliz, contento y orgulloso de todo el equipo, porque pens\u00e1bamos que iba a ser el fin de semana m\u00e1s complicado de la temporada. He ido m\u00e1s r\u00e1pido de lo que esperaba y lo hemos clavado tanto en las paradas como en los ajustes\u201d, explic\u00f3.<\/p>\n<p style=\"text-align: justify;\">\u201cLo hemos hecho todo perfecto. En la primera mitad de temporada no est\u00e1bamos consiguiendo dar con la tecla y con el paso de la temporada hemos ido mejorando. Estoy en una nube con este podio porque no lo esperaba\u201d, a\u00f1adi\u00f3.<\/p>\n<figure class=\"wp-block-image\" style=\"text-align: justify;\"><img decoding=\"async\" class=\"wp-image-2326561 entered lazyloaded\" title=\"Verstappen aviva el Mundial con una victoria y Sainz se cuela en el podio del Gran Premio de Catar | 3 |\" src=\"https:\/\/i0.wp.com\/efe.com\/wp-content\/uploads\/2025\/11\/EPA022-GRAN-PREMIO-DE-FORMULA-1-DE-CATAR.webp?resize=900%2C636&amp;ssl=1\" alt=\"El piloto de Red Bull Racing, Max Verstappen (i), y el piloto de Williams, Carlos Sainz Jr., celebran en el podio tras el Gran Premio de Catar de F\u00f3rmula 1.\" data-lazy-src=\"https:\/\/i0.wp.com\/efe.com\/wp-content\/uploads\/2025\/11\/EPA022-GRAN-PREMIO-DE-FORMULA-1-DE-CATAR.webp?resize=900%2C636&amp;ssl=1\" data-ll-status=\"loaded\" \/>\n<figcaption class=\"wp-element-caption\">El piloto de Red Bull Racing, Max Verstappen (i), y el piloto de Williams, Carlos Sainz Jr., celebran en el podio tras el Gran Premio de Catar de F\u00f3rmula 1. EFE\/EPA\/ALI HAIDER<\/figcaption>\n<\/figure>\n<p style=\"text-align: justify;\">\u201cSaliendo s\u00e9ptimos no te esperas un podio. Nos hemos puesto al final a pelear por un tercer puesto ante los McLaren, algo incre\u00edble. los cambios en la configuraci\u00f3n del monoplaza nos han dado un ritmo de carrera buen\u00edsimo\u201d, asegur\u00f3<\/p>\n<p style=\"text-align: justify;\">No obstante, reconoci\u00f3 que en las \u00faltimas vueltas \u201cse rompi\u00f3 una pieza y menos mal que fue en la recta final\u00bb, porque perdieron \u00abagarre delantero\u00bb. \u00abCreo que si la carrera se hubiera alargado una o dos giros m\u00e1s, Norris nos pod\u00eda haber adelantado\u201d, admiti\u00f3.<\/p>\n<h2 id=\"h-alonso-ha-sido-el-mejor-fin-de-semana-del-ano\" class=\"wp-block-heading\" style=\"text-align: justify;\">Alonso: \u201cHa sido el mejor fin de semana del a\u00f1o\u201d<\/h2>\n<p style=\"text-align: justify;\">El piloto espa\u00f1ol Fernando Alonso (Aston Martin) dijo este domingo que est\u00e1 m\u00e1s que contento por los 8 puntos sumados entre la esprint y la carrera del Gran Premio de Catar en Lusail y afirm\u00f3 que para \u00e9l fue \u201cel mejor fin de semana de todo el a\u00f1o\u201d.<\/p>\n<p style=\"text-align: justify;\">\u201cNo esperaba acabar s\u00e9ptimo hoy, es un bot\u00edn que tomamos con los brazos abiertos. La verdad es que la salida del \u2018safety car\u2019 vari\u00f3 la estrategia de carrera. Ha variado el desarrollo que esper\u00e1bamos de carrera, aunque no mucho en cuanto a nosotros, porque menos los McLaren, todos hemos calcado la estrategia\u201d, asegur\u00f3.<\/p>\n<p style=\"text-align: justify;\">\u201cNo ten\u00edamos ritmo. Al menos pod\u00edamos mantenerlos detr\u00e1s al ser un circuito dif\u00edcil de adelantar. Mejor imposible porque logramos aguantar ah\u00ed, a pesar del \u2018360\u2019 -trompo- que sufr\u00ed\u201d, destac\u00f3.<\/p>\n<p style=\"text-align: justify;\">\u201cEl coche por momentos es imposible de conducir. Catar tiene, por suerte, asfalto suficiente para recuperarse sin problemas. Acabamos sin neum\u00e1ticos delante. Este coche es mucho m\u00e1s dif\u00edcil de conducir de lo que se ve en la tele\u201d, concluy\u00f3.Categor\u00edas<\/p>\n<p style=\"text-align: justify;\">\u00a0<\/p>\n<\/div>\n<\/div>\n<div class=\"td_block_wrap tdb_single_tags tdi_236 td-pb-border-top td_block_template_1\" style=\"text-align: justify;\" data-td-block-uid=\"tdi_236\">\u00a0<\/div>\n\n\n<div class=\"wp-block-group\"><div class=\"wp-block-group__inner-container is-layout-constrained wp-block-group-is-layout-constrained\">\n<div id=\"DenunciayAPP\" class=\"wp-block-group\"><div class=\"wp-block-group__inner-container is-layout-constrained wp-block-group-is-layout-constrained\">\n<p><a href=\"https:\/\/whatsapp.com\/channel\/0029Va88WGP2ER6ZxD6TCa3U\" target=\"_blank\" rel=\"noopener\"><img loading=\"lazy\" decoding=\"async\" class=\"aligncenter size-full wp-image-155512\" src=\"https:\/\/infoelnuevonorte.com\/wp-content\/uploads\/2025\/10\/Canal-whatsapp-infoenn.jpeg\" alt=\"\" width=\"2046\" height=\"554\" srcset=\"https:\/\/infoelnuevonorte.com\/wp-content\/uploads\/2025\/10\/Canal-whatsapp-infoenn.jpeg 2046w, https:\/\/infoelnuevonorte.com\/wp-content\/uploads\/2025\/10\/Canal-whatsapp-infoenn-300x81.jpeg 300w, https:\/\/infoelnuevonorte.com\/wp-content\/uploads\/2025\/10\/Canal-whatsapp-infoenn-1024x277.jpeg 1024w, https:\/\/infoelnuevonorte.com\/wp-content\/uploads\/2025\/10\/Canal-whatsapp-infoenn-768x208.jpeg 768w, https:\/\/infoelnuevonorte.com\/wp-content\/uploads\/2025\/10\/Canal-whatsapp-infoenn-1536x416.jpeg 1536w, https:\/\/infoelnuevonorte.com\/wp-content\/uploads\/2025\/10\/Canal-whatsapp-infoenn-1551x420.jpeg 1551w, https:\/\/infoelnuevonorte.com\/wp-content\/uploads\/2025\/10\/Canal-whatsapp-infoenn-150x41.jpeg 150w, https:\/\/infoelnuevonorte.com\/wp-content\/uploads\/2025\/10\/Canal-whatsapp-infoenn-696x188.jpeg 696w, https:\/\/infoelnuevonorte.com\/wp-content\/uploads\/2025\/10\/Canal-whatsapp-infoenn-1068x289.jpeg 1068w, https:\/\/infoelnuevonorte.com\/wp-content\/uploads\/2025\/10\/Canal-whatsapp-infoenn-1920x520.jpeg 1920w\" sizes=\"(max-width: 2046px) 100vw, 2046px\" \/><\/a><\/p>\n<p>\ud83d\udd17 S\u00edguenos en nuestras redes:<br data-start=\"2686\" data-end=\"2689\" \/><a href=\"https:\/\/x.com\/Elnuevo_norte\">X<\/a> | <a class=\"\" href=\"https:\/\/t.me\/infoenn\" target=\"_new\" rel=\"noopener\" data-start=\"2757\" data-end=\"2789\">Telegram<\/a> | <a class=\"\" href=\"https:\/\/instagram.com\/noticiasenn1?r=nametag\" target=\"_new\" rel=\"noopener\" data-start=\"2792\" data-end=\"2849\">Instagram<\/a><br data-start=\"2849\" data-end=\"2852\" \/><a class=\"\" href=\"https:\/\/www.facebook.com\/infoenn\" target=\"_new\" rel=\"noopener\" data-start=\"2852\" data-end=\"2896\">Facebook<\/a> | <a class=\"\" href=\"https:\/\/www.threads.net\/@noticiasenn1\" target=\"_new\" rel=\"noopener\" data-start=\"2899\" data-end=\"2947\">Threads<\/a> | <a class=\"\" href=\"https:\/\/www.youtube.com\/channel\/UCZZJg_scU1p_c6cvyCHY48A\" target=\"_new\" rel=\"noopener\" data-start=\"2950\" data-end=\"3017\" data-is-last-node=\"\">YouTube<\/a><\/p>\n<p>\ud83d\ude4f \u00a1Tu apoyo es importante!<\/p>\n<p>\ud83d\udd3bDESCARGAR NUESTRA APP \"<span style=\"color: #0000ff;\"><strong>Info ENN<\/strong><\/span>\"<\/p>\n\n\n\n<div class=\"wp-block-buttons is-content-justification-left is-layout-flex wp-container-core-buttons-is-layout-1 wp-block-buttons-is-layout-flex\">\n<div class=\"wp-block-button is-style-3d\"><a class=\"wp-block-button__link has-white-background-color has-background wp-element-button\" href=\"https:\/\/apps.apple.com\/do\/app\/infoenn\/id6503000762\"><img loading=\"lazy\" decoding=\"async\" width=\"150\" height=\"50\" class=\"wp-image-104096\" style=\"width: 150px;\" src=\"https:\/\/infoelnuevonorte.com\/wp-content\/uploads\/2025\/05\/Download_on_the_App_Store_RGB_blk.svg_.png\" alt=\"\" srcset=\"https:\/\/infoelnuevonorte.com\/wp-content\/uploads\/2025\/05\/Download_on_the_App_Store_RGB_blk.svg_.png 1280w, https:\/\/infoelnuevonorte.com\/wp-content\/uploads\/2025\/05\/Download_on_the_App_Store_RGB_blk.svg_-300x100.png 300w, https:\/\/infoelnuevonorte.com\/wp-content\/uploads\/2025\/05\/Download_on_the_App_Store_RGB_blk.svg_-1024x342.png 1024w, https:\/\/infoelnuevonorte.com\/wp-content\/uploads\/2025\/05\/Download_on_the_App_Store_RGB_blk.svg_-768x257.png 768w, https:\/\/infoelnuevonorte.com\/wp-content\/uploads\/2025\/05\/Download_on_the_App_Store_RGB_blk.svg_-1256x420.png 1256w, https:\/\/infoelnuevonorte.com\/wp-content\/uploads\/2025\/05\/Download_on_the_App_Store_RGB_blk.svg_-150x50.png 150w, https:\/\/infoelnuevonorte.com\/wp-content\/uploads\/2025\/05\/Download_on_the_App_Store_RGB_blk.svg_-696x233.png 696w, https:\/\/infoelnuevonorte.com\/wp-content\/uploads\/2025\/05\/Download_on_the_App_Store_RGB_blk.svg_-1068x357.png 1068w, https:\/\/infoelnuevonorte.com\/wp-content\/uploads\/2025\/05\/Download_on_the_App_Store_RGB_blk.svg_-200x67.png 200w\" sizes=\"(max-width: 150px) 100vw, 150px\" \/><\/a><\/div>\n<\/div>\n\n\n\n<div class=\"wp-block-buttons is-layout-flex wp-block-buttons-is-layout-flex\">\n<div class=\"wp-block-button is-style-3d td_btn_large\"><a class=\"wp-block-button__link has-white-background-color has-background wp-element-button\" href=\"https:\/\/mega.nz\/file\/vRhVTJBD#6P0Os8p_y2oJgZIa__7dhjqdpW42XJ_cY3zmbyxVohM\" target=\"_blank\" rel=\"noreferrer noopener\"><mark style=\"background-color:rgba(0, 0, 0, 0)\" class=\"has-inline-color has-light-green-cyan-color\"><img loading=\"lazy\" decoding=\"async\" width=\"150\" height=\"49\" class=\"wp-image-104095\" style=\"width: 150px;\" src=\"https:\/\/infoelnuevonorte.com\/wp-content\/uploads\/2025\/05\/badge-google-play-and-app-store-button-download-free-png.webp\" alt=\"\" srcset=\"https:\/\/infoelnuevonorte.com\/wp-content\/uploads\/2025\/05\/badge-google-play-and-app-store-button-download-free-png.webp 1920w, https:\/\/infoelnuevonorte.com\/wp-content\/uploads\/2025\/05\/badge-google-play-and-app-store-button-download-free-png-300x98.webp 300w, https:\/\/infoelnuevonorte.com\/wp-content\/uploads\/2025\/05\/badge-google-play-and-app-store-button-download-free-png-1024x335.webp 1024w, https:\/\/infoelnuevonorte.com\/wp-content\/uploads\/2025\/05\/badge-google-play-and-app-store-button-download-free-png-768x252.webp 768w, https:\/\/infoelnuevonorte.com\/wp-content\/uploads\/2025\/05\/badge-google-play-and-app-store-button-download-free-png-1536x503.webp 1536w, https:\/\/infoelnuevonorte.com\/wp-content\/uploads\/2025\/05\/badge-google-play-and-app-store-button-download-free-png-1282x420.webp 1282w, https:\/\/infoelnuevonorte.com\/wp-content\/uploads\/2025\/05\/badge-google-play-and-app-store-button-download-free-png-150x49.webp 150w, https:\/\/infoelnuevonorte.com\/wp-content\/uploads\/2025\/05\/badge-google-play-and-app-store-button-download-free-png-696x228.webp 696w, https:\/\/infoelnuevonorte.com\/wp-content\/uploads\/2025\/05\/badge-google-play-and-app-store-button-download-free-png-1068x350.webp 1068w, https:\/\/infoelnuevonorte.com\/wp-content\/uploads\/2025\/05\/badge-google-play-and-app-store-button-download-free-png-200x66.webp 200w\" sizes=\"(max-width: 150px) 100vw, 150px\" \/><\/mark><\/a><\/div>\n<\/div>\n\n\n\n<p style=\"text-align: justify;\"><strong data-start=\"0\" data-end=\"18\" data-is-only-node=\"\"><a href=\"https:\/\/infoelnuevonorte.com\/\"><img loading=\"lazy\" decoding=\"async\" class=\" wp-image-159681 alignleft\" src=\"https:\/\/infoelnuevonorte.com\/wp-content\/uploads\/2025\/11\/Logo-3d-infoenn-con-fondo-blanco.jpg\" alt=\"\" width=\"240\" height=\"86\" srcset=\"https:\/\/infoelnuevonorte.com\/wp-content\/uploads\/2025\/11\/Logo-3d-infoenn-con-fondo-blanco.jpg 1696w, https:\/\/infoelnuevonorte.com\/wp-content\/uploads\/2025\/11\/Logo-3d-infoenn-con-fondo-blanco-300x108.jpg 300w, https:\/\/infoelnuevonorte.com\/wp-content\/uploads\/2025\/11\/Logo-3d-infoenn-con-fondo-blanco-1024x367.jpg 1024w, https:\/\/infoelnuevonorte.com\/wp-content\/uploads\/2025\/11\/Logo-3d-infoenn-con-fondo-blanco-768x275.jpg 768w, https:\/\/infoelnuevonorte.com\/wp-content\/uploads\/2025\/11\/Logo-3d-infoenn-con-fondo-blanco-1536x551.jpg 1536w, https:\/\/infoelnuevonorte.com\/wp-content\/uploads\/2025\/11\/Logo-3d-infoenn-con-fondo-blanco-1172x420.jpg 1172w, https:\/\/infoelnuevonorte.com\/wp-content\/uploads\/2025\/11\/Logo-3d-infoenn-con-fondo-blanco-150x54.jpg 150w, https:\/\/infoelnuevonorte.com\/wp-content\/uploads\/2025\/11\/Logo-3d-infoenn-con-fondo-blanco-696x250.jpg 696w, https:\/\/infoelnuevonorte.com\/wp-content\/uploads\/2025\/11\/Logo-3d-infoenn-con-fondo-blanco-1068x383.jpg 1068w\" sizes=\"(max-width: 240px) 100vw, 240px\" \/><\/a>El Nuevo Norte<\/strong> es un peri\u00f3dico digital dominicano fundado el <strong data-start=\"65\" data-end=\"90\">12 de febrero de 2006<\/strong> por el periodista <strong data-start=\"109\" data-end=\"129\">Junior Henr\u00edquez<\/strong>, quien funge como director y fundador. A trav\u00e9s de la web <strong data-start=\"188\" data-end=\"212\">infoelnuevonorte.com<\/strong>, el medio ofrece informaci\u00f3n veraz y oportuna sobre los acontecimientos sociales, pol\u00edticos, comunitarios y de actualidad general, tanto a nivel nacional como internacional, promoviendo un periodismo responsable, participativo y comprometido con la libre expresi\u00f3n y el fortalecimiento de la democracia informativa.<\/p>\n<\/div><\/div>\n<\/div><\/div>\n","protected":false},"excerpt":{"rendered":"<p>Redacci\u00f3n deportes (EFE).- El piloto neerland\u00e9s de Red Bull Max Verstappen dio un golpe sobre la mesa y gan\u00f3 el Gran Premio de Catar, superando a los otros candidatos al t\u00edtulo mundial, el australiano Oscar Piastri, segundo, y el ingl\u00e9s Lando Norris, cuarto, ambos de McLaren, mientras que el espa\u00f1ol Carlos Sainz (Williams) fue tercero. [&hellip;]<\/p>\n","protected":false},"author":2,"featured_media":166655,"comment_status":"closed","ping_status":"open","sticky":false,"template":"","format":"standard","meta":{"footnotes":""},"categories":[6,110],"tags":[],"yoast_head":"<!-- This site is optimized with the Yoast SEO plugin v24.5 - https:\/\/yoast.com\/wordpress\/plugins\/seo\/ -->\n<title>Verstappen aviva el Mundial con una victoria y Sainz se cuela en el podio del Gran Premio de Catar | El Nuevo Norte<\/title>\n<meta name=\"robots\" content=\"index, follow, max-snippet:-1, max-image-preview:large, max-video-preview:-1\" \/>\n<link rel=\"canonical\" href=\"https:\/\/infoelnuevonorte.com\/?p=166652\" \/>\n<meta property=\"og:locale\" content=\"es_ES\" \/>\n<meta property=\"og:type\" content=\"article\" \/>\n<meta property=\"og:title\" content=\"Verstappen aviva el Mundial con una victoria y Sainz se cuela en el podio del Gran Premio de Catar | El Nuevo Norte\" \/>\n<meta property=\"og:description\" content=\"Redacci\u00f3n deportes (EFE).- El piloto neerland\u00e9s de Red Bull Max Verstappen dio un golpe sobre la mesa y gan\u00f3 el Gran Premio de Catar, superando a los otros candidatos al t\u00edtulo mundial, el australiano Oscar Piastri, segundo, y el ingl\u00e9s Lando Norris, cuarto, ambos de McLaren, mientras que el espa\u00f1ol Carlos Sainz (Williams) fue tercero. [&hellip;]\" \/>\n<meta property=\"og:url\" content=\"https:\/\/infoelnuevonorte.com\/?p=166652\" \/>\n<meta property=\"og:site_name\" content=\"El Nuevo Norte\" \/>\n<meta property=\"article:publisher\" content=\"https:\/\/www.facebook.com\/infoenn\" \/>\n<meta property=\"article:published_time\" content=\"2025-12-01T14:40:45+00:00\" \/>\n<meta property=\"article:modified_time\" content=\"2025-12-01T14:40:46+00:00\" \/>\n<meta property=\"og:image\" content=\"https:\/\/infoelnuevonorte.com\/wp-content\/uploads\/2025\/12\/descarga-2025-12-01T103826.527.png\" \/>\n\t<meta property=\"og:image:width\" content=\"900\" \/>\n\t<meta property=\"og:image:height\" content=\"620\" \/>\n\t<meta property=\"og:image:type\" content=\"image\/png\" \/>\n<meta name=\"author\" content=\"T. R.\" \/>\n<meta name=\"twitter:card\" content=\"summary_large_image\" \/>\n<meta name=\"twitter:creator\" content=\"@Elnuevo_norte\" \/>\n<meta name=\"twitter:site\" content=\"@Elnuevo_norte\" \/>\n<meta name=\"twitter:label1\" content=\"Written by\" \/>\n\t<meta name=\"twitter:data1\" content=\"T. R.\" \/>\n\t<meta name=\"twitter:label2\" content=\"Est. reading time\" \/>\n\t<meta name=\"twitter:data2\" content=\"4 minutos\" \/>\n<script type=\"application\/ld+json\" class=\"yoast-schema-graph\">{\"@context\":\"https:\/\/schema.org\",\"@graph\":[{\"@type\":\"Article\",\"@id\":\"https:\/\/infoelnuevonorte.com\/?p=166652#article\",\"isPartOf\":{\"@id\":\"https:\/\/infoelnuevonorte.com\/?p=166652\"},\"author\":{\"name\":\"T. R.\",\"@id\":\"https:\/\/infoelnuevonorte.com\/#\/schema\/person\/3accb35eb55f55e96c492b52d085a403\"},\"headline\":\"Verstappen aviva el Mundial con una victoria y Sainz se cuela en el podio del Gran Premio de Catar\",\"datePublished\":\"2025-12-01T14:40:45+00:00\",\"dateModified\":\"2025-12-01T14:40:46+00:00\",\"mainEntityOfPage\":{\"@id\":\"https:\/\/infoelnuevonorte.com\/?p=166652\"},\"wordCount\":640,\"publisher\":{\"@id\":\"https:\/\/infoelnuevonorte.com\/#organization\"},\"image\":{\"@id\":\"https:\/\/infoelnuevonorte.com\/?p=166652#primaryimage\"},\"thumbnailUrl\":\"https:\/\/infoelnuevonorte.com\/wp-content\/uploads\/2025\/12\/descarga-2025-12-01T103826.527.png\",\"articleSection\":[\"Deporte\",\"Formula 1\"],\"inLanguage\":\"es-DO\"},{\"@type\":\"WebPage\",\"@id\":\"https:\/\/infoelnuevonorte.com\/?p=166652\",\"url\":\"https:\/\/infoelnuevonorte.com\/?p=166652\",\"name\":\"Verstappen aviva el Mundial con una victoria y Sainz se cuela en el podio del Gran Premio de Catar | El Nuevo Norte\",\"isPartOf\":{\"@id\":\"https:\/\/infoelnuevonorte.com\/#website\"},\"primaryImageOfPage\":{\"@id\":\"https:\/\/infoelnuevonorte.com\/?p=166652#primaryimage\"},\"image\":{\"@id\":\"https:\/\/infoelnuevonorte.com\/?p=166652#primaryimage\"},\"thumbnailUrl\":\"https:\/\/infoelnuevonorte.com\/wp-content\/uploads\/2025\/12\/descarga-2025-12-01T103826.527.png\",\"datePublished\":\"2025-12-01T14:40:45+00:00\",\"dateModified\":\"2025-12-01T14:40:46+00:00\",\"breadcrumb\":{\"@id\":\"https:\/\/infoelnuevonorte.com\/?p=166652#breadcrumb\"},\"inLanguage\":\"es-DO\",\"potentialAction\":[{\"@type\":\"ReadAction\",\"target\":[\"https:\/\/infoelnuevonorte.com\/?p=166652\"]}]},{\"@type\":\"ImageObject\",\"inLanguage\":\"es-DO\",\"@id\":\"https:\/\/infoelnuevonorte.com\/?p=166652#primaryimage\",\"url\":\"https:\/\/infoelnuevonorte.com\/wp-content\/uploads\/2025\/12\/descarga-2025-12-01T103826.527.png\",\"contentUrl\":\"https:\/\/infoelnuevonorte.com\/wp-content\/uploads\/2025\/12\/descarga-2025-12-01T103826.527.png\",\"width\":900,\"height\":620},{\"@type\":\"BreadcrumbList\",\"@id\":\"https:\/\/infoelnuevonorte.com\/?p=166652#breadcrumb\",\"itemListElement\":[{\"@type\":\"ListItem\",\"position\":1,\"name\":\"Home\",\"item\":\"https:\/\/infoelnuevonorte.com\/\"},{\"@type\":\"ListItem\",\"position\":2,\"name\":\"Verstappen aviva el Mundial con una victoria y Sainz se cuela en el podio del Gran Premio de Catar\"}]},{\"@type\":\"WebSite\",\"@id\":\"https:\/\/infoelnuevonorte.com\/#website\",\"url\":\"https:\/\/infoelnuevonorte.com\/\",\"name\":\"InfoEnn\",\"description\":\"Tu Voz, tu Verdad, tu Diario!!!\",\"publisher\":{\"@id\":\"https:\/\/infoelnuevonorte.com\/#organization\"},\"alternateName\":\"El Nuevo Norte\",\"potentialAction\":[{\"@type\":\"SearchAction\",\"target\":{\"@type\":\"EntryPoint\",\"urlTemplate\":\"https:\/\/infoelnuevonorte.com\/?s={search_term_string}\"},\"query-input\":{\"@type\":\"PropertyValueSpecification\",\"valueRequired\":true,\"valueName\":\"search_term_string\"}}],\"inLanguage\":\"es-DO\"},{\"@type\":\"Organization\",\"@id\":\"https:\/\/infoelnuevonorte.com\/#organization\",\"name\":\"Info El Nuevo Norte\",\"alternateName\":\"El Nuevo Norte\",\"url\":\"https:\/\/infoelnuevonorte.com\/\",\"logo\":{\"@type\":\"ImageObject\",\"inLanguage\":\"es-DO\",\"@id\":\"https:\/\/infoelnuevonorte.com\/#\/schema\/logo\/image\/\",\"url\":\"https:\/\/infoelnuevonorte.com\/wp-content\/uploads\/2026\/02\/Logo-Info-enn-3d-20ani.jpeg\",\"contentUrl\":\"https:\/\/infoelnuevonorte.com\/wp-content\/uploads\/2026\/02\/Logo-Info-enn-3d-20ani.jpeg\",\"width\":2046,\"height\":736,\"caption\":\"Info El Nuevo Norte\"},\"image\":{\"@id\":\"https:\/\/infoelnuevonorte.com\/#\/schema\/logo\/image\/\"},\"sameAs\":[\"https:\/\/www.facebook.com\/infoenn\",\"https:\/\/x.com\/Elnuevo_norte\",\"https:\/\/www.instagram.com\/infoenn\",\"https:\/\/www.facebook.com\/ENNRD\"]},{\"@type\":\"Person\",\"@id\":\"https:\/\/infoelnuevonorte.com\/#\/schema\/person\/3accb35eb55f55e96c492b52d085a403\",\"name\":\"T. R.\",\"image\":{\"@type\":\"ImageObject\",\"inLanguage\":\"es-DO\",\"@id\":\"https:\/\/infoelnuevonorte.com\/#\/schema\/person\/image\/\",\"url\":\"https:\/\/secure.gravatar.com\/avatar\/40543a038bda97abdb765b1662e9677d?s=96&d=robohash&r=g\",\"contentUrl\":\"https:\/\/secure.gravatar.com\/avatar\/40543a038bda97abdb765b1662e9677d?s=96&d=robohash&r=g\",\"caption\":\"T. R.\"},\"url\":\"https:\/\/infoelnuevonorte.com\/?author=2\"}]}<\/script>\n<!-- \/ Yoast SEO plugin. -->","yoast_head_json":{"title":"Verstappen aviva el Mundial con una victoria y Sainz se cuela en el podio del Gran Premio de Catar | El Nuevo Norte","robots":{"index":"index","follow":"follow","max-snippet":"max-snippet:-1","max-image-preview":"max-image-preview:large","max-video-preview":"max-video-preview:-1"},"canonical":"https:\/\/infoelnuevonorte.com\/?p=166652","og_locale":"es_ES","og_type":"article","og_title":"Verstappen aviva el Mundial con una victoria y Sainz se cuela en el podio del Gran Premio de Catar | El Nuevo Norte","og_description":"Redacci\u00f3n deportes (EFE).- El piloto neerland\u00e9s de Red Bull Max Verstappen dio un golpe sobre la mesa y gan\u00f3 el Gran Premio de Catar, superando a los otros candidatos al t\u00edtulo mundial, el australiano Oscar Piastri, segundo, y el ingl\u00e9s Lando Norris, cuarto, ambos de McLaren, mientras que el espa\u00f1ol Carlos Sainz (Williams) fue tercero. [&hellip;]","og_url":"https:\/\/infoelnuevonorte.com\/?p=166652","og_site_name":"El Nuevo Norte","article_publisher":"https:\/\/www.facebook.com\/infoenn","article_published_time":"2025-12-01T14:40:45+00:00","article_modified_time":"2025-12-01T14:40:46+00:00","og_image":[{"width":900,"height":620,"url":"https:\/\/infoelnuevonorte.com\/wp-content\/uploads\/2025\/12\/descarga-2025-12-01T103826.527.png","type":"image\/png"}],"author":"T. R.","twitter_card":"summary_large_image","twitter_creator":"@Elnuevo_norte","twitter_site":"@Elnuevo_norte","twitter_misc":{"Written by":"T. R.","Est. reading time":"4 minutos"},"schema":{"@context":"https:\/\/schema.org","@graph":[{"@type":"Article","@id":"https:\/\/infoelnuevonorte.com\/?p=166652#article","isPartOf":{"@id":"https:\/\/infoelnuevonorte.com\/?p=166652"},"author":{"name":"T. R.","@id":"https:\/\/infoelnuevonorte.com\/#\/schema\/person\/3accb35eb55f55e96c492b52d085a403"},"headline":"Verstappen aviva el Mundial con una victoria y Sainz se cuela en el podio del Gran Premio de Catar","datePublished":"2025-12-01T14:40:45+00:00","dateModified":"2025-12-01T14:40:46+00:00","mainEntityOfPage":{"@id":"https:\/\/infoelnuevonorte.com\/?p=166652"},"wordCount":640,"publisher":{"@id":"https:\/\/infoelnuevonorte.com\/#organization"},"image":{"@id":"https:\/\/infoelnuevonorte.com\/?p=166652#primaryimage"},"thumbnailUrl":"https:\/\/infoelnuevonorte.com\/wp-content\/uploads\/2025\/12\/descarga-2025-12-01T103826.527.png","articleSection":["Deporte","Formula 1"],"inLanguage":"es-DO"},{"@type":"WebPage","@id":"https:\/\/infoelnuevonorte.com\/?p=166652","url":"https:\/\/infoelnuevonorte.com\/?p=166652","name":"Verstappen aviva el Mundial con una victoria y Sainz se cuela en el podio del Gran Premio de Catar | El Nuevo Norte","isPartOf":{"@id":"https:\/\/infoelnuevonorte.com\/#website"},"primaryImageOfPage":{"@id":"https:\/\/infoelnuevonorte.com\/?p=166652#primaryimage"},"image":{"@id":"https:\/\/infoelnuevonorte.com\/?p=166652#primaryimage"},"thumbnailUrl":"https:\/\/infoelnuevonorte.com\/wp-content\/uploads\/2025\/12\/descarga-2025-12-01T103826.527.png","datePublished":"2025-12-01T14:40:45+00:00","dateModified":"2025-12-01T14:40:46+00:00","breadcrumb":{"@id":"https:\/\/infoelnuevonorte.com\/?p=166652#breadcrumb"},"inLanguage":"es-DO","potentialAction":[{"@type":"ReadAction","target":["https:\/\/infoelnuevonorte.com\/?p=166652"]}]},{"@type":"ImageObject","inLanguage":"es-DO","@id":"https:\/\/infoelnuevonorte.com\/?p=166652#primaryimage","url":"https:\/\/infoelnuevonorte.com\/wp-content\/uploads\/2025\/12\/descarga-2025-12-01T103826.527.png","contentUrl":"https:\/\/infoelnuevonorte.com\/wp-content\/uploads\/2025\/12\/descarga-2025-12-01T103826.527.png","width":900,"height":620},{"@type":"BreadcrumbList","@id":"https:\/\/infoelnuevonorte.com\/?p=166652#breadcrumb","itemListElement":[{"@type":"ListItem","position":1,"name":"Home","item":"https:\/\/infoelnuevonorte.com\/"},{"@type":"ListItem","position":2,"name":"Verstappen aviva el Mundial con una victoria y Sainz se cuela en el podio del Gran Premio de Catar"}]},{"@type":"WebSite","@id":"https:\/\/infoelnuevonorte.com\/#website","url":"https:\/\/infoelnuevonorte.com\/","name":"InfoEnn","description":"Tu Voz, tu Verdad, tu Diario!!!","publisher":{"@id":"https:\/\/infoelnuevonorte.com\/#organization"},"alternateName":"El Nuevo Norte","potentialAction":[{"@type":"SearchAction","target":{"@type":"EntryPoint","urlTemplate":"https:\/\/infoelnuevonorte.com\/?s={search_term_string}"},"query-input":{"@type":"PropertyValueSpecification","valueRequired":true,"valueName":"search_term_string"}}],"inLanguage":"es-DO"},{"@type":"Organization","@id":"https:\/\/infoelnuevonorte.com\/#organization","name":"Info El Nuevo Norte","alternateName":"El Nuevo Norte","url":"https:\/\/infoelnuevonorte.com\/","logo":{"@type":"ImageObject","inLanguage":"es-DO","@id":"https:\/\/infoelnuevonorte.com\/#\/schema\/logo\/image\/","url":"https:\/\/infoelnuevonorte.com\/wp-content\/uploads\/2026\/02\/Logo-Info-enn-3d-20ani.jpeg","contentUrl":"https:\/\/infoelnuevonorte.com\/wp-content\/uploads\/2026\/02\/Logo-Info-enn-3d-20ani.jpeg","width":2046,"height":736,"caption":"Info El Nuevo Norte"},"image":{"@id":"https:\/\/infoelnuevonorte.com\/#\/schema\/logo\/image\/"},"sameAs":["https:\/\/www.facebook.com\/infoenn","https:\/\/x.com\/Elnuevo_norte","https:\/\/www.instagram.com\/infoenn","https:\/\/www.facebook.com\/ENNRD"]},{"@type":"Person","@id":"https:\/\/infoelnuevonorte.com\/#\/schema\/person\/3accb35eb55f55e96c492b52d085a403","name":"T. R.","image":{"@type":"ImageObject","inLanguage":"es-DO","@id":"https:\/\/infoelnuevonorte.com\/#\/schema\/person\/image\/","url":"https:\/\/secure.gravatar.com\/avatar\/40543a038bda97abdb765b1662e9677d?s=96&d=robohash&r=g","contentUrl":"https:\/\/secure.gravatar.com\/avatar\/40543a038bda97abdb765b1662e9677d?s=96&d=robohash&r=g","caption":"T. R."},"url":"https:\/\/infoelnuevonorte.com\/?author=2"}]}},"_links":{"self":[{"href":"https:\/\/infoelnuevonorte.com\/index.php?rest_route=\/wp\/v2\/posts\/166652"}],"collection":[{"href":"https:\/\/infoelnuevonorte.com\/index.php?rest_route=\/wp\/v2\/posts"}],"about":[{"href":"https:\/\/infoelnuevonorte.com\/index.php?rest_route=\/wp\/v2\/types\/post"}],"author":[{"embeddable":true,"href":"https:\/\/infoelnuevonorte.com\/index.php?rest_route=\/wp\/v2\/users\/2"}],"replies":[{"embeddable":true,"href":"https:\/\/infoelnuevonorte.com\/index.php?rest_route=%2Fwp%2Fv2%2Fcomments&post=166652"}],"version-history":[{"count":1,"href":"https:\/\/infoelnuevonorte.com\/index.php?rest_route=\/wp\/v2\/posts\/166652\/revisions"}],"predecessor-version":[{"id":166658,"href":"https:\/\/infoelnuevonorte.com\/index.php?rest_route=\/wp\/v2\/posts\/166652\/revisions\/166658"}],"wp:featuredmedia":[{"embeddable":true,"href":"https:\/\/infoelnuevonorte.com\/index.php?rest_route=\/wp\/v2\/media\/166655"}],"wp:attachment":[{"href":"https:\/\/infoelnuevonorte.com\/index.php?rest_route=%2Fwp%2Fv2%2Fmedia&parent=166652"}],"wp:term":[{"taxonomy":"category","embeddable":true,"href":"https:\/\/infoelnuevonorte.com\/index.php?rest_route=%2Fwp%2Fv2%2Fcategories&post=166652"},{"taxonomy":"post_tag","embeddable":true,"href":"https:\/\/infoelnuevonorte.com\/index.php?rest_route=%2Fwp%2Fv2%2Ftags&post=166652"}],"curies":[{"name":"wp","href":"https:\/\/api.w.org\/{rel}","templated":true}]}}