{"id":169597,"date":"2025-12-10T06:51:25","date_gmt":"2025-12-10T10:51:25","guid":{"rendered":"https:\/\/infoelnuevonorte.com\/?p=169597"},"modified":"2025-12-10T06:51:26","modified_gmt":"2025-12-10T10:51:26","slug":"la-opositora-venezolana-maria-corina-machado-no-viajara-finalmente-a-oslo-para-recibir-el-nobel-de-paz","status":"publish","type":"post","link":"https:\/\/infoelnuevonorte.com\/?p=169597","title":{"rendered":"La opositora venezolana Maria Corina Machado no viajar\u00e1 finalmente a Oslo para recibir el Nobel de Paz"},"content":{"rendered":"<div>\n<!--[if lt IE 9]><script>document.createElement('audio');<\/script><![endif]-->\n<audio class=\"wp-audio-shortcode\" id=\"audio-169597-1\" preload=\"none\" style=\"width: 100%;\" controls=\"controls\"><source type=\"audio\/mpeg\" src=\"https:\/\/infoelnuevonorte.com\/wp-content\/uploads\/2025\/12\/ttsmaker-vip-file-2025-12-10-6-50-29.mp3?_=1\" \/><a href=\"https:\/\/infoelnuevonorte.com\/wp-content\/uploads\/2025\/12\/ttsmaker-vip-file-2025-12-10-6-50-29.mp3\">https:\/\/infoelnuevonorte.com\/wp-content\/uploads\/2025\/12\/ttsmaker-vip-file-2025-12-10-6-50-29.mp3<\/a><\/audio>\n<p style=\"text-align: justify;\"><strong>Oslo<\/strong>.- La l\u00edder opositora venezolana, Mar\u00eda Corina Machado, no estar\u00e1 hoy en Oslo para recoger el premio de la Paz de este a\u00f1o, confirm\u00f3 a la televisi\u00f3n p\u00fablica noruega NRK el director del Instituto Nobel, Kristian Berg Harpviken.<\/p>\n<p style=\"text-align: justify;\">Desgraciadamente, todav\u00eda no est\u00e1 en Noruega y tampoco estar\u00e1 en el escenario del Ayuntamiento de Oslo a las 13.00 (12.00 GMT) hoy, cuando comience la ceremonia\u00bb, declar\u00f3 Harpviken, quien dijo que ser\u00e1 la hija de Machado, Ana Corina Sosa, quien recoja el premio en su lugar y lea el discurso de aceptaci\u00f3n del galard\u00f3n.\u00a0<\/p>\n<figure style=\"text-align: justify;\"><\/figure>\n<h2 id=\"h-la-madre-de-machado-dice-que-su-hija-no-defraudara\" style=\"text-align: justify;\">La madre de Machado dice que su hija no defraudar\u00e1<\/h2>\n<p style=\"text-align: justify;\">La presencia en Oslo de la opositora venezolana, que vive en paradero desconocido en Venezuela, era una inc\u00f3gnita despu\u00e9s de que el Instituto Nobel aplazase la v\u00edspera primero su rueda de prensa y finalmente la suspendiese horas despu\u00e9s.<\/p>\n<figure style=\"text-align: justify;\"><\/figure>\n<p style=\"text-align: justify;\">Machado hab\u00eda confirmado hace unos d\u00edas al Instituto Nobel que viajar\u00eda a la capital noruega para recibir el premio, en la que ser\u00eda su primera aparici\u00f3n p\u00fablica desde enero pasado.<\/p>\n<p style=\"text-align: justify;\">Este mi\u00e9rcoles, su madre, Corina Parisca, ha asegurado que la premio Nobel de la Paz, pese a su ausencia en Oslo, estar\u00e1 bien representada en la entrega del galard\u00f3n por su familia y \u00abtodos\u00bb los venezolanos, y prometi\u00f3 que la exdiputada no les defraudar\u00e1 en su lucha.<\/p>\n<p style=\"text-align: justify;\">\u00abElla est\u00e1 tan bien representada tanto por nosotros, su familia, como por ustedes, sus amigos y el pueblo de Venezuela, que est\u00e1 esperando esto y m\u00e1s. Y ella lo dar\u00e1\u00bb, afirm\u00f3 a medios en Oslo, entre ellos EFE, despu\u00e9s de conocerse que finalmente no ha podido llegar a la capital noruega.<\/p>\n<p style=\"text-align: justify;\">Parisca si est\u00e1 en Olso, junto a la hermana de la opositora y su hija, Ana Corina Sosa, que estar\u00e1 acompa\u00f1ada en la ceremonia por sus dos hermanos.<\/p>\n<h2 id=\"h-apoyo-de-lideres-latinoamericanos\" style=\"text-align: justify;\">Apoyo de l\u00edderes latinoamericanos<\/h2>\n<figure style=\"text-align: justify;\"><img loading=\"lazy\" decoding=\"async\" class=\"moz-reader-block-img\" src=\"https:\/\/i0.wp.com\/efe.com\/wp-content\/uploads\/2025\/12\/EDMUNDO-GONZALEZ.webp?resize=900%2C600&amp;ssl=1\" alt=\"Maria Corina Machado no viajar\u00e1 a Oslo para recoger el Nobel de Paz\" width=\"900\" height=\"600\" data-recalc-dims=\"1\" \/>\n<figcaption>El venezolano Edmundo Gonz\u00e1lez (c) este martes en Oslo. EFE\/EPA\/Lise Aserud<\/figcaption>\n<\/figure>\n<p style=\"text-align: justify;\">Aparte de los hijos de Machado, en Oslo se encuentran estos d\u00edas varias figuras destacadas de la oposici\u00f3n venezolana.<\/p>\n<p style=\"text-align: justify;\">Entre ellos est\u00e1 Edmundo Gonz\u00e1lez Urrutia, candidato en las elecciones presidenciales del a\u00f1o pasado y exiliado en Espa\u00f1a desde septiembre de 2024, que viaj\u00f3 el martes a la capital noruega.<\/p>\n<p style=\"text-align: justify;\">Tambi\u00e9n se encuentran ya all\u00ed, invitados por la galardonada, los presidentes de Panam\u00e1, Jos\u00e9 Ra\u00fal Mulino; Argentina, Javier Milei, y se espera tambi\u00e9n la llegada del jefe de Estado del Paraguay, Santiago Pe\u00f1a, as\u00ed como la del Ecuador, Daniel Noboa.<\/p>\n<p style=\"text-align: justify;\">Los cuatro presidentes latinoamericanos ser\u00e1n recibidos este mi\u00e9rcoles en audiencia por el rey de Noruega, Harald V, tras la ceremonia de entrega del premio y luego se reunir\u00e1n por separado con el primer ministro noruego, Jonas Gahr St\u00f8re.<\/p>\n<figure style=\"text-align: justify;\"><img loading=\"lazy\" decoding=\"async\" class=\"moz-reader-block-img\" src=\"https:\/\/i0.wp.com\/efe.com\/wp-content\/uploads\/2025\/12\/NOBEL-PAZ-PRESIDENTE-PARAGUAY.webp?resize=900%2C600&amp;ssl=1\" alt=\"Mar\u00eda Corina Machado no viajar\u00e1 a Oslo para recoger el Nobel de Paz\" width=\"900\" height=\"600\" data-recalc-dims=\"1\" \/>\n<figcaption>El presidente de Paraguay, Santiago Pena, y su esposa, a su llegada a Oslo este pasado martes. EFE\/EPA\/Lise Aserud<\/figcaption>\n<\/figure>\n<h2 id=\"h-otras-ausencias\" style=\"text-align: justify;\">Otras ausencias<\/h2>\n<p style=\"text-align: justify;\">No es la primera vez que un galardonado con el Nobel de la Paz no acude a recogerlo el d\u00eda de la entrega.<\/p>\n<figure style=\"text-align: justify;\"><\/figure>\n<p style=\"text-align: justify;\">Cuando el chino Liu Xiaobo, entonces encarcelado, gan\u00f3 el Nobel de la Paz en 2010, nadie acudi\u00f3 a recoger el premio.<\/p>\n<p style=\"text-align: justify;\">Se coloc\u00f3 una foto suya en el sill\u00f3n destinado a \u00e9l, y la actriz noruega Liv Ullmann ley\u00f3 el discurso de aceptaci\u00f3n.<\/p>\n<p style=\"text-align: justify;\">En 2022, en cambio, el bielorruso Ales Bialiatski, uno de los tres galardonados con el Nobel de ese a\u00f1o y que permanec\u00eda en prisi\u00f3n, estuvo representado por su esposa, Natallia Pinchuk.<\/p>\n<p style=\"text-align: justify;\">Y cuando lo hizo la iran\u00ed Narges Mohammadi, tambi\u00e9n encarcelada, en 2023, fueron sus hijos quienes viajaron a Oslo a recoger el premio y leer el discurso.<\/p>\n<\/div>\n\n\n<div class=\"wp-block-group\"><div class=\"wp-block-group__inner-container is-layout-constrained wp-block-group-is-layout-constrained\">\n<div id=\"DenunciayAPP\" class=\"wp-block-group\"><div class=\"wp-block-group__inner-container is-layout-constrained wp-block-group-is-layout-constrained\">\n<p><a href=\"https:\/\/whatsapp.com\/channel\/0029Va88WGP2ER6ZxD6TCa3U\" target=\"_blank\" rel=\"noopener\"><img loading=\"lazy\" decoding=\"async\" class=\"aligncenter size-full wp-image-155512\" src=\"https:\/\/infoelnuevonorte.com\/wp-content\/uploads\/2025\/10\/Canal-whatsapp-infoenn.jpeg\" alt=\"\" width=\"2046\" height=\"554\" srcset=\"https:\/\/infoelnuevonorte.com\/wp-content\/uploads\/2025\/10\/Canal-whatsapp-infoenn.jpeg 2046w, https:\/\/infoelnuevonorte.com\/wp-content\/uploads\/2025\/10\/Canal-whatsapp-infoenn-300x81.jpeg 300w, https:\/\/infoelnuevonorte.com\/wp-content\/uploads\/2025\/10\/Canal-whatsapp-infoenn-1024x277.jpeg 1024w, https:\/\/infoelnuevonorte.com\/wp-content\/uploads\/2025\/10\/Canal-whatsapp-infoenn-768x208.jpeg 768w, https:\/\/infoelnuevonorte.com\/wp-content\/uploads\/2025\/10\/Canal-whatsapp-infoenn-1536x416.jpeg 1536w, https:\/\/infoelnuevonorte.com\/wp-content\/uploads\/2025\/10\/Canal-whatsapp-infoenn-1551x420.jpeg 1551w, https:\/\/infoelnuevonorte.com\/wp-content\/uploads\/2025\/10\/Canal-whatsapp-infoenn-150x41.jpeg 150w, https:\/\/infoelnuevonorte.com\/wp-content\/uploads\/2025\/10\/Canal-whatsapp-infoenn-696x188.jpeg 696w, https:\/\/infoelnuevonorte.com\/wp-content\/uploads\/2025\/10\/Canal-whatsapp-infoenn-1068x289.jpeg 1068w, https:\/\/infoelnuevonorte.com\/wp-content\/uploads\/2025\/10\/Canal-whatsapp-infoenn-1920x520.jpeg 1920w\" sizes=\"(max-width: 2046px) 100vw, 2046px\" \/><\/a><\/p>\n<p>\ud83d\udd17 S\u00edguenos en nuestras redes:<br data-start=\"2686\" data-end=\"2689\" \/><a href=\"https:\/\/x.com\/Elnuevo_norte\">X<\/a> | <a class=\"\" href=\"https:\/\/t.me\/infoenn\" target=\"_new\" rel=\"noopener\" data-start=\"2757\" data-end=\"2789\">Telegram<\/a> | <a class=\"\" href=\"https:\/\/instagram.com\/noticiasenn1?r=nametag\" target=\"_new\" rel=\"noopener\" data-start=\"2792\" data-end=\"2849\">Instagram<\/a><br data-start=\"2849\" data-end=\"2852\" \/><a class=\"\" href=\"https:\/\/www.facebook.com\/infoenn\" target=\"_new\" rel=\"noopener\" data-start=\"2852\" data-end=\"2896\">Facebook<\/a> | <a class=\"\" href=\"https:\/\/www.threads.net\/@noticiasenn1\" target=\"_new\" rel=\"noopener\" data-start=\"2899\" data-end=\"2947\">Threads<\/a> | <a class=\"\" href=\"https:\/\/www.youtube.com\/channel\/UCZZJg_scU1p_c6cvyCHY48A\" target=\"_new\" rel=\"noopener\" data-start=\"2950\" data-end=\"3017\" data-is-last-node=\"\">YouTube<\/a><\/p>\n<p>\ud83d\ude4f \u00a1Tu apoyo es importante!<\/p>\n<p>\ud83d\udd3bDESCARGAR NUESTRA APP \"<span style=\"color: #0000ff;\"><strong>Info ENN<\/strong><\/span>\"<\/p>\n\n\n\n<div class=\"wp-block-buttons is-content-justification-left is-layout-flex wp-container-core-buttons-is-layout-1 wp-block-buttons-is-layout-flex\">\n<div class=\"wp-block-button is-style-3d\"><a class=\"wp-block-button__link has-white-background-color has-background wp-element-button\" href=\"https:\/\/apps.apple.com\/do\/app\/infoenn\/id6503000762\"><img loading=\"lazy\" decoding=\"async\" width=\"150\" height=\"50\" class=\"wp-image-104096\" style=\"width: 150px;\" src=\"https:\/\/infoelnuevonorte.com\/wp-content\/uploads\/2025\/05\/Download_on_the_App_Store_RGB_blk.svg_.png\" alt=\"\" srcset=\"https:\/\/infoelnuevonorte.com\/wp-content\/uploads\/2025\/05\/Download_on_the_App_Store_RGB_blk.svg_.png 1280w, https:\/\/infoelnuevonorte.com\/wp-content\/uploads\/2025\/05\/Download_on_the_App_Store_RGB_blk.svg_-300x100.png 300w, https:\/\/infoelnuevonorte.com\/wp-content\/uploads\/2025\/05\/Download_on_the_App_Store_RGB_blk.svg_-1024x342.png 1024w, https:\/\/infoelnuevonorte.com\/wp-content\/uploads\/2025\/05\/Download_on_the_App_Store_RGB_blk.svg_-768x257.png 768w, https:\/\/infoelnuevonorte.com\/wp-content\/uploads\/2025\/05\/Download_on_the_App_Store_RGB_blk.svg_-1256x420.png 1256w, https:\/\/infoelnuevonorte.com\/wp-content\/uploads\/2025\/05\/Download_on_the_App_Store_RGB_blk.svg_-150x50.png 150w, https:\/\/infoelnuevonorte.com\/wp-content\/uploads\/2025\/05\/Download_on_the_App_Store_RGB_blk.svg_-696x233.png 696w, https:\/\/infoelnuevonorte.com\/wp-content\/uploads\/2025\/05\/Download_on_the_App_Store_RGB_blk.svg_-1068x357.png 1068w, https:\/\/infoelnuevonorte.com\/wp-content\/uploads\/2025\/05\/Download_on_the_App_Store_RGB_blk.svg_-200x67.png 200w\" sizes=\"(max-width: 150px) 100vw, 150px\" \/><\/a><\/div>\n<\/div>\n\n\n\n<div class=\"wp-block-buttons is-layout-flex wp-block-buttons-is-layout-flex\">\n<div class=\"wp-block-button is-style-3d td_btn_large\"><a class=\"wp-block-button__link has-white-background-color has-background wp-element-button\" href=\"https:\/\/mega.nz\/file\/vRhVTJBD#6P0Os8p_y2oJgZIa__7dhjqdpW42XJ_cY3zmbyxVohM\" target=\"_blank\" rel=\"noreferrer noopener\"><mark style=\"background-color:rgba(0, 0, 0, 0)\" class=\"has-inline-color has-light-green-cyan-color\"><img loading=\"lazy\" decoding=\"async\" width=\"150\" height=\"49\" class=\"wp-image-104095\" style=\"width: 150px;\" src=\"https:\/\/infoelnuevonorte.com\/wp-content\/uploads\/2025\/05\/badge-google-play-and-app-store-button-download-free-png.webp\" alt=\"\" srcset=\"https:\/\/infoelnuevonorte.com\/wp-content\/uploads\/2025\/05\/badge-google-play-and-app-store-button-download-free-png.webp 1920w, https:\/\/infoelnuevonorte.com\/wp-content\/uploads\/2025\/05\/badge-google-play-and-app-store-button-download-free-png-300x98.webp 300w, https:\/\/infoelnuevonorte.com\/wp-content\/uploads\/2025\/05\/badge-google-play-and-app-store-button-download-free-png-1024x335.webp 1024w, https:\/\/infoelnuevonorte.com\/wp-content\/uploads\/2025\/05\/badge-google-play-and-app-store-button-download-free-png-768x252.webp 768w, https:\/\/infoelnuevonorte.com\/wp-content\/uploads\/2025\/05\/badge-google-play-and-app-store-button-download-free-png-1536x503.webp 1536w, https:\/\/infoelnuevonorte.com\/wp-content\/uploads\/2025\/05\/badge-google-play-and-app-store-button-download-free-png-1282x420.webp 1282w, https:\/\/infoelnuevonorte.com\/wp-content\/uploads\/2025\/05\/badge-google-play-and-app-store-button-download-free-png-150x49.webp 150w, https:\/\/infoelnuevonorte.com\/wp-content\/uploads\/2025\/05\/badge-google-play-and-app-store-button-download-free-png-696x228.webp 696w, https:\/\/infoelnuevonorte.com\/wp-content\/uploads\/2025\/05\/badge-google-play-and-app-store-button-download-free-png-1068x350.webp 1068w, https:\/\/infoelnuevonorte.com\/wp-content\/uploads\/2025\/05\/badge-google-play-and-app-store-button-download-free-png-200x66.webp 200w\" sizes=\"(max-width: 150px) 100vw, 150px\" \/><\/mark><\/a><\/div>\n<\/div>\n\n\n\n<p style=\"text-align: justify;\"><strong data-start=\"0\" data-end=\"18\" data-is-only-node=\"\"><a href=\"https:\/\/infoelnuevonorte.com\/\"><img loading=\"lazy\" decoding=\"async\" class=\" wp-image-159681 alignleft\" src=\"https:\/\/infoelnuevonorte.com\/wp-content\/uploads\/2025\/11\/Logo-3d-infoenn-con-fondo-blanco.jpg\" alt=\"\" width=\"240\" height=\"86\" srcset=\"https:\/\/infoelnuevonorte.com\/wp-content\/uploads\/2025\/11\/Logo-3d-infoenn-con-fondo-blanco.jpg 1696w, https:\/\/infoelnuevonorte.com\/wp-content\/uploads\/2025\/11\/Logo-3d-infoenn-con-fondo-blanco-300x108.jpg 300w, https:\/\/infoelnuevonorte.com\/wp-content\/uploads\/2025\/11\/Logo-3d-infoenn-con-fondo-blanco-1024x367.jpg 1024w, https:\/\/infoelnuevonorte.com\/wp-content\/uploads\/2025\/11\/Logo-3d-infoenn-con-fondo-blanco-768x275.jpg 768w, https:\/\/infoelnuevonorte.com\/wp-content\/uploads\/2025\/11\/Logo-3d-infoenn-con-fondo-blanco-1536x551.jpg 1536w, https:\/\/infoelnuevonorte.com\/wp-content\/uploads\/2025\/11\/Logo-3d-infoenn-con-fondo-blanco-1172x420.jpg 1172w, https:\/\/infoelnuevonorte.com\/wp-content\/uploads\/2025\/11\/Logo-3d-infoenn-con-fondo-blanco-150x54.jpg 150w, https:\/\/infoelnuevonorte.com\/wp-content\/uploads\/2025\/11\/Logo-3d-infoenn-con-fondo-blanco-696x250.jpg 696w, https:\/\/infoelnuevonorte.com\/wp-content\/uploads\/2025\/11\/Logo-3d-infoenn-con-fondo-blanco-1068x383.jpg 1068w\" sizes=\"(max-width: 240px) 100vw, 240px\" \/><\/a>El Nuevo Norte<\/strong> es un peri\u00f3dico digital dominicano fundado el <strong data-start=\"65\" data-end=\"90\">12 de febrero de 2006<\/strong> por el periodista <strong data-start=\"109\" data-end=\"129\">Junior Henr\u00edquez<\/strong>, quien funge como director y fundador. A trav\u00e9s de la web <strong data-start=\"188\" data-end=\"212\">infoelnuevonorte.com<\/strong>, el medio ofrece informaci\u00f3n veraz y oportuna sobre los acontecimientos sociales, pol\u00edticos, comunitarios y de actualidad general, tanto a nivel nacional como internacional, promoviendo un periodismo responsable, participativo y comprometido con la libre expresi\u00f3n y el fortalecimiento de la democracia informativa.<\/p>\n<\/div><\/div>\n<\/div><\/div>\n","protected":false},"excerpt":{"rendered":"<p>Oslo.- La l\u00edder opositora venezolana, Mar\u00eda Corina Machado, no estar\u00e1 hoy en Oslo para recoger el premio de la Paz de este a\u00f1o, confirm\u00f3 a la televisi\u00f3n p\u00fablica noruega NRK el director del Instituto Nobel, Kristian Berg Harpviken. Desgraciadamente, todav\u00eda no est\u00e1 en Noruega y tampoco estar\u00e1 en el escenario del Ayuntamiento de Oslo a [&hellip;]<\/p>\n","protected":false},"author":1,"featured_media":169599,"comment_status":"closed","ping_status":"open","sticky":false,"template":"","format":"standard","meta":{"footnotes":""},"categories":[9],"tags":[1103,1104,1105,660],"yoast_head":"<!-- This site is optimized with the Yoast SEO plugin v24.5 - https:\/\/yoast.com\/wordpress\/plugins\/seo\/ -->\n<title>La opositora venezolana Maria Corina Machado no viajar\u00e1 finalmente a Oslo para recibir el Nobel de Paz | El Nuevo Norte<\/title>\n<meta name=\"robots\" content=\"index, follow, max-snippet:-1, max-image-preview:large, max-video-preview:-1\" \/>\n<link rel=\"canonical\" href=\"https:\/\/infoelnuevonorte.com\/?p=169597\" \/>\n<meta property=\"og:locale\" content=\"es_ES\" \/>\n<meta property=\"og:type\" content=\"article\" \/>\n<meta property=\"og:title\" content=\"La opositora venezolana Maria Corina Machado no viajar\u00e1 finalmente a Oslo para recibir el Nobel de Paz | El Nuevo Norte\" \/>\n<meta property=\"og:description\" content=\"Oslo.- La l\u00edder opositora venezolana, Mar\u00eda Corina Machado, no estar\u00e1 hoy en Oslo para recoger el premio de la Paz de este a\u00f1o, confirm\u00f3 a la televisi\u00f3n p\u00fablica noruega NRK el director del Instituto Nobel, Kristian Berg Harpviken. Desgraciadamente, todav\u00eda no est\u00e1 en Noruega y tampoco estar\u00e1 en el escenario del Ayuntamiento de Oslo a [&hellip;]\" \/>\n<meta property=\"og:url\" content=\"https:\/\/infoelnuevonorte.com\/?p=169597\" \/>\n<meta property=\"og:site_name\" content=\"El Nuevo Norte\" \/>\n<meta property=\"article:publisher\" content=\"https:\/\/www.facebook.com\/infoenn\" \/>\n<meta property=\"article:published_time\" content=\"2025-12-10T10:51:25+00:00\" \/>\n<meta property=\"article:modified_time\" content=\"2025-12-10T10:51:26+00:00\" \/>\n<meta property=\"og:image\" content=\"https:\/\/infoelnuevonorte.com\/wp-content\/uploads\/2025\/12\/NOBEL-PAZ-CORINA-EXPOSICION.webp\" \/>\n\t<meta property=\"og:image:width\" content=\"900\" \/>\n\t<meta property=\"og:image:height\" content=\"600\" \/>\n\t<meta property=\"og:image:type\" content=\"image\/webp\" \/>\n<meta name=\"author\" content=\"InfoEnn\" \/>\n<meta name=\"twitter:card\" content=\"summary_large_image\" \/>\n<meta name=\"twitter:creator\" content=\"@Elnuevo_norte\" \/>\n<meta name=\"twitter:site\" content=\"@Elnuevo_norte\" \/>\n<meta name=\"twitter:label1\" content=\"Written by\" \/>\n\t<meta name=\"twitter:data1\" content=\"InfoEnn\" \/>\n\t<meta name=\"twitter:label2\" content=\"Est. reading time\" \/>\n\t<meta name=\"twitter:data2\" content=\"5 minutos\" \/>\n<script type=\"application\/ld+json\" class=\"yoast-schema-graph\">{\"@context\":\"https:\/\/schema.org\",\"@graph\":[{\"@type\":\"Article\",\"@id\":\"https:\/\/infoelnuevonorte.com\/?p=169597#article\",\"isPartOf\":{\"@id\":\"https:\/\/infoelnuevonorte.com\/?p=169597\"},\"author\":{\"name\":\"InfoEnn\",\"@id\":\"https:\/\/infoelnuevonorte.com\/#\/schema\/person\/fd4f6d90afe41260818b4ea94ad8ab84\"},\"headline\":\"La opositora venezolana Maria Corina Machado no viajar\u00e1 finalmente a Oslo para recibir el Nobel de Paz\",\"datePublished\":\"2025-12-10T10:51:25+00:00\",\"dateModified\":\"2025-12-10T10:51:26+00:00\",\"mainEntityOfPage\":{\"@id\":\"https:\/\/infoelnuevonorte.com\/?p=169597\"},\"wordCount\":659,\"publisher\":{\"@id\":\"https:\/\/infoelnuevonorte.com\/#organization\"},\"image\":{\"@id\":\"https:\/\/infoelnuevonorte.com\/?p=169597#primaryimage\"},\"thumbnailUrl\":\"https:\/\/infoelnuevonorte.com\/wp-content\/uploads\/2025\/12\/NOBEL-PAZ-CORINA-EXPOSICION.webp\",\"keywords\":[\"MARIA CORINA MACHADO\",\"NOBEL DE LA PAZ\",\"OSLO\",\"VENEZUELA\"],\"articleSection\":[\"Mundiales\"],\"inLanguage\":\"es-DO\"},{\"@type\":\"WebPage\",\"@id\":\"https:\/\/infoelnuevonorte.com\/?p=169597\",\"url\":\"https:\/\/infoelnuevonorte.com\/?p=169597\",\"name\":\"La opositora venezolana Maria Corina Machado no viajar\u00e1 finalmente a Oslo para recibir el Nobel de Paz | El Nuevo Norte\",\"isPartOf\":{\"@id\":\"https:\/\/infoelnuevonorte.com\/#website\"},\"primaryImageOfPage\":{\"@id\":\"https:\/\/infoelnuevonorte.com\/?p=169597#primaryimage\"},\"image\":{\"@id\":\"https:\/\/infoelnuevonorte.com\/?p=169597#primaryimage\"},\"thumbnailUrl\":\"https:\/\/infoelnuevonorte.com\/wp-content\/uploads\/2025\/12\/NOBEL-PAZ-CORINA-EXPOSICION.webp\",\"datePublished\":\"2025-12-10T10:51:25+00:00\",\"dateModified\":\"2025-12-10T10:51:26+00:00\",\"breadcrumb\":{\"@id\":\"https:\/\/infoelnuevonorte.com\/?p=169597#breadcrumb\"},\"inLanguage\":\"es-DO\",\"potentialAction\":[{\"@type\":\"ReadAction\",\"target\":[\"https:\/\/infoelnuevonorte.com\/?p=169597\"]}]},{\"@type\":\"ImageObject\",\"inLanguage\":\"es-DO\",\"@id\":\"https:\/\/infoelnuevonorte.com\/?p=169597#primaryimage\",\"url\":\"https:\/\/infoelnuevonorte.com\/wp-content\/uploads\/2025\/12\/NOBEL-PAZ-CORINA-EXPOSICION.webp\",\"contentUrl\":\"https:\/\/infoelnuevonorte.com\/wp-content\/uploads\/2025\/12\/NOBEL-PAZ-CORINA-EXPOSICION.webp\",\"width\":900,\"height\":600},{\"@type\":\"BreadcrumbList\",\"@id\":\"https:\/\/infoelnuevonorte.com\/?p=169597#breadcrumb\",\"itemListElement\":[{\"@type\":\"ListItem\",\"position\":1,\"name\":\"Home\",\"item\":\"https:\/\/infoelnuevonorte.com\/\"},{\"@type\":\"ListItem\",\"position\":2,\"name\":\"La opositora venezolana Maria Corina Machado no viajar\u00e1 finalmente a Oslo para recibir el Nobel de Paz\"}]},{\"@type\":\"WebSite\",\"@id\":\"https:\/\/infoelnuevonorte.com\/#website\",\"url\":\"https:\/\/infoelnuevonorte.com\/\",\"name\":\"InfoEnn\",\"description\":\"Tu Voz, tu Verdad, tu Diario!!!\",\"publisher\":{\"@id\":\"https:\/\/infoelnuevonorte.com\/#organization\"},\"alternateName\":\"El Nuevo Norte\",\"potentialAction\":[{\"@type\":\"SearchAction\",\"target\":{\"@type\":\"EntryPoint\",\"urlTemplate\":\"https:\/\/infoelnuevonorte.com\/?s={search_term_string}\"},\"query-input\":{\"@type\":\"PropertyValueSpecification\",\"valueRequired\":true,\"valueName\":\"search_term_string\"}}],\"inLanguage\":\"es-DO\"},{\"@type\":\"Organization\",\"@id\":\"https:\/\/infoelnuevonorte.com\/#organization\",\"name\":\"Info El Nuevo Norte\",\"alternateName\":\"El Nuevo Norte\",\"url\":\"https:\/\/infoelnuevonorte.com\/\",\"logo\":{\"@type\":\"ImageObject\",\"inLanguage\":\"es-DO\",\"@id\":\"https:\/\/infoelnuevonorte.com\/#\/schema\/logo\/image\/\",\"url\":\"https:\/\/infoelnuevonorte.com\/wp-content\/uploads\/2026\/02\/Logo-Info-enn-3d-20ani.jpeg\",\"contentUrl\":\"https:\/\/infoelnuevonorte.com\/wp-content\/uploads\/2026\/02\/Logo-Info-enn-3d-20ani.jpeg\",\"width\":2046,\"height\":736,\"caption\":\"Info El Nuevo Norte\"},\"image\":{\"@id\":\"https:\/\/infoelnuevonorte.com\/#\/schema\/logo\/image\/\"},\"sameAs\":[\"https:\/\/www.facebook.com\/infoenn\",\"https:\/\/x.com\/Elnuevo_norte\",\"https:\/\/www.instagram.com\/infoenn\",\"https:\/\/www.facebook.com\/ENNRD\"]},{\"@type\":\"Person\",\"@id\":\"https:\/\/infoelnuevonorte.com\/#\/schema\/person\/fd4f6d90afe41260818b4ea94ad8ab84\",\"name\":\"InfoEnn\",\"image\":{\"@type\":\"ImageObject\",\"inLanguage\":\"es-DO\",\"@id\":\"https:\/\/infoelnuevonorte.com\/#\/schema\/person\/image\/\",\"url\":\"https:\/\/secure.gravatar.com\/avatar\/d4d760a41a48ba9db0a82bfb63bb0783?s=96&d=robohash&r=g\",\"contentUrl\":\"https:\/\/secure.gravatar.com\/avatar\/d4d760a41a48ba9db0a82bfb63bb0783?s=96&d=robohash&r=g\",\"caption\":\"InfoEnn\"},\"sameAs\":[\"https:\/\/infoelnuevonorte.com\"],\"url\":\"https:\/\/infoelnuevonorte.com\/?author=1\"}]}<\/script>\n<!-- \/ Yoast SEO plugin. -->","yoast_head_json":{"title":"La opositora venezolana Maria Corina Machado no viajar\u00e1 finalmente a Oslo para recibir el Nobel de Paz | El Nuevo Norte","robots":{"index":"index","follow":"follow","max-snippet":"max-snippet:-1","max-image-preview":"max-image-preview:large","max-video-preview":"max-video-preview:-1"},"canonical":"https:\/\/infoelnuevonorte.com\/?p=169597","og_locale":"es_ES","og_type":"article","og_title":"La opositora venezolana Maria Corina Machado no viajar\u00e1 finalmente a Oslo para recibir el Nobel de Paz | El Nuevo Norte","og_description":"Oslo.- La l\u00edder opositora venezolana, Mar\u00eda Corina Machado, no estar\u00e1 hoy en Oslo para recoger el premio de la Paz de este a\u00f1o, confirm\u00f3 a la televisi\u00f3n p\u00fablica noruega NRK el director del Instituto Nobel, Kristian Berg Harpviken. Desgraciadamente, todav\u00eda no est\u00e1 en Noruega y tampoco estar\u00e1 en el escenario del Ayuntamiento de Oslo a [&hellip;]","og_url":"https:\/\/infoelnuevonorte.com\/?p=169597","og_site_name":"El Nuevo Norte","article_publisher":"https:\/\/www.facebook.com\/infoenn","article_published_time":"2025-12-10T10:51:25+00:00","article_modified_time":"2025-12-10T10:51:26+00:00","og_image":[{"width":900,"height":600,"url":"https:\/\/infoelnuevonorte.com\/wp-content\/uploads\/2025\/12\/NOBEL-PAZ-CORINA-EXPOSICION.webp","type":"image\/webp"}],"author":"InfoEnn","twitter_card":"summary_large_image","twitter_creator":"@Elnuevo_norte","twitter_site":"@Elnuevo_norte","twitter_misc":{"Written by":"InfoEnn","Est. reading time":"5 minutos"},"schema":{"@context":"https:\/\/schema.org","@graph":[{"@type":"Article","@id":"https:\/\/infoelnuevonorte.com\/?p=169597#article","isPartOf":{"@id":"https:\/\/infoelnuevonorte.com\/?p=169597"},"author":{"name":"InfoEnn","@id":"https:\/\/infoelnuevonorte.com\/#\/schema\/person\/fd4f6d90afe41260818b4ea94ad8ab84"},"headline":"La opositora venezolana Maria Corina Machado no viajar\u00e1 finalmente a Oslo para recibir el Nobel de Paz","datePublished":"2025-12-10T10:51:25+00:00","dateModified":"2025-12-10T10:51:26+00:00","mainEntityOfPage":{"@id":"https:\/\/infoelnuevonorte.com\/?p=169597"},"wordCount":659,"publisher":{"@id":"https:\/\/infoelnuevonorte.com\/#organization"},"image":{"@id":"https:\/\/infoelnuevonorte.com\/?p=169597#primaryimage"},"thumbnailUrl":"https:\/\/infoelnuevonorte.com\/wp-content\/uploads\/2025\/12\/NOBEL-PAZ-CORINA-EXPOSICION.webp","keywords":["MARIA CORINA MACHADO","NOBEL DE LA PAZ","OSLO","VENEZUELA"],"articleSection":["Mundiales"],"inLanguage":"es-DO"},{"@type":"WebPage","@id":"https:\/\/infoelnuevonorte.com\/?p=169597","url":"https:\/\/infoelnuevonorte.com\/?p=169597","name":"La opositora venezolana Maria Corina Machado no viajar\u00e1 finalmente a Oslo para recibir el Nobel de Paz | El Nuevo Norte","isPartOf":{"@id":"https:\/\/infoelnuevonorte.com\/#website"},"primaryImageOfPage":{"@id":"https:\/\/infoelnuevonorte.com\/?p=169597#primaryimage"},"image":{"@id":"https:\/\/infoelnuevonorte.com\/?p=169597#primaryimage"},"thumbnailUrl":"https:\/\/infoelnuevonorte.com\/wp-content\/uploads\/2025\/12\/NOBEL-PAZ-CORINA-EXPOSICION.webp","datePublished":"2025-12-10T10:51:25+00:00","dateModified":"2025-12-10T10:51:26+00:00","breadcrumb":{"@id":"https:\/\/infoelnuevonorte.com\/?p=169597#breadcrumb"},"inLanguage":"es-DO","potentialAction":[{"@type":"ReadAction","target":["https:\/\/infoelnuevonorte.com\/?p=169597"]}]},{"@type":"ImageObject","inLanguage":"es-DO","@id":"https:\/\/infoelnuevonorte.com\/?p=169597#primaryimage","url":"https:\/\/infoelnuevonorte.com\/wp-content\/uploads\/2025\/12\/NOBEL-PAZ-CORINA-EXPOSICION.webp","contentUrl":"https:\/\/infoelnuevonorte.com\/wp-content\/uploads\/2025\/12\/NOBEL-PAZ-CORINA-EXPOSICION.webp","width":900,"height":600},{"@type":"BreadcrumbList","@id":"https:\/\/infoelnuevonorte.com\/?p=169597#breadcrumb","itemListElement":[{"@type":"ListItem","position":1,"name":"Home","item":"https:\/\/infoelnuevonorte.com\/"},{"@type":"ListItem","position":2,"name":"La opositora venezolana Maria Corina Machado no viajar\u00e1 finalmente a Oslo para recibir el Nobel de Paz"}]},{"@type":"WebSite","@id":"https:\/\/infoelnuevonorte.com\/#website","url":"https:\/\/infoelnuevonorte.com\/","name":"InfoEnn","description":"Tu Voz, tu Verdad, tu Diario!!!","publisher":{"@id":"https:\/\/infoelnuevonorte.com\/#organization"},"alternateName":"El Nuevo Norte","potentialAction":[{"@type":"SearchAction","target":{"@type":"EntryPoint","urlTemplate":"https:\/\/infoelnuevonorte.com\/?s={search_term_string}"},"query-input":{"@type":"PropertyValueSpecification","valueRequired":true,"valueName":"search_term_string"}}],"inLanguage":"es-DO"},{"@type":"Organization","@id":"https:\/\/infoelnuevonorte.com\/#organization","name":"Info El Nuevo Norte","alternateName":"El Nuevo Norte","url":"https:\/\/infoelnuevonorte.com\/","logo":{"@type":"ImageObject","inLanguage":"es-DO","@id":"https:\/\/infoelnuevonorte.com\/#\/schema\/logo\/image\/","url":"https:\/\/infoelnuevonorte.com\/wp-content\/uploads\/2026\/02\/Logo-Info-enn-3d-20ani.jpeg","contentUrl":"https:\/\/infoelnuevonorte.com\/wp-content\/uploads\/2026\/02\/Logo-Info-enn-3d-20ani.jpeg","width":2046,"height":736,"caption":"Info El Nuevo Norte"},"image":{"@id":"https:\/\/infoelnuevonorte.com\/#\/schema\/logo\/image\/"},"sameAs":["https:\/\/www.facebook.com\/infoenn","https:\/\/x.com\/Elnuevo_norte","https:\/\/www.instagram.com\/infoenn","https:\/\/www.facebook.com\/ENNRD"]},{"@type":"Person","@id":"https:\/\/infoelnuevonorte.com\/#\/schema\/person\/fd4f6d90afe41260818b4ea94ad8ab84","name":"InfoEnn","image":{"@type":"ImageObject","inLanguage":"es-DO","@id":"https:\/\/infoelnuevonorte.com\/#\/schema\/person\/image\/","url":"https:\/\/secure.gravatar.com\/avatar\/d4d760a41a48ba9db0a82bfb63bb0783?s=96&d=robohash&r=g","contentUrl":"https:\/\/secure.gravatar.com\/avatar\/d4d760a41a48ba9db0a82bfb63bb0783?s=96&d=robohash&r=g","caption":"InfoEnn"},"sameAs":["https:\/\/infoelnuevonorte.com"],"url":"https:\/\/infoelnuevonorte.com\/?author=1"}]}},"_links":{"self":[{"href":"https:\/\/infoelnuevonorte.com\/index.php?rest_route=\/wp\/v2\/posts\/169597"}],"collection":[{"href":"https:\/\/infoelnuevonorte.com\/index.php?rest_route=\/wp\/v2\/posts"}],"about":[{"href":"https:\/\/infoelnuevonorte.com\/index.php?rest_route=\/wp\/v2\/types\/post"}],"author":[{"embeddable":true,"href":"https:\/\/infoelnuevonorte.com\/index.php?rest_route=\/wp\/v2\/users\/1"}],"replies":[{"embeddable":true,"href":"https:\/\/infoelnuevonorte.com\/index.php?rest_route=%2Fwp%2Fv2%2Fcomments&post=169597"}],"version-history":[{"count":1,"href":"https:\/\/infoelnuevonorte.com\/index.php?rest_route=\/wp\/v2\/posts\/169597\/revisions"}],"predecessor-version":[{"id":169600,"href":"https:\/\/infoelnuevonorte.com\/index.php?rest_route=\/wp\/v2\/posts\/169597\/revisions\/169600"}],"wp:featuredmedia":[{"embeddable":true,"href":"https:\/\/infoelnuevonorte.com\/index.php?rest_route=\/wp\/v2\/media\/169599"}],"wp:attachment":[{"href":"https:\/\/infoelnuevonorte.com\/index.php?rest_route=%2Fwp%2Fv2%2Fmedia&parent=169597"}],"wp:term":[{"taxonomy":"category","embeddable":true,"href":"https:\/\/infoelnuevonorte.com\/index.php?rest_route=%2Fwp%2Fv2%2Fcategories&post=169597"},{"taxonomy":"post_tag","embeddable":true,"href":"https:\/\/infoelnuevonorte.com\/index.php?rest_route=%2Fwp%2Fv2%2Ftags&post=169597"}],"curies":[{"name":"wp","href":"https:\/\/api.w.org\/{rel}","templated":true}]}}