{"id":170,"date":"2023-09-17T22:29:40","date_gmt":"2023-09-17T22:29:40","guid":{"rendered":"http:\/\/tdi_72_706"},"modified":"2023-09-29T01:45:18","modified_gmt":"2023-09-29T01:45:18","slug":"quarantines-spark-confusion-and-worries-about-precedent","status":"publish","type":"post","link":"https:\/\/infoelnuevonorte.com\/?p=170","title":{"rendered":"Gobierno inicia Plan de Viviendas para miembros de la Polic\u00eda Nacional"},"content":{"rendered":"<p style=\"text-align: justify;\">El presidente Luis Abinader dej\u00f3 iniciado hoy \u00a0los trabajos de construcci\u00f3n\u00a0 de 250 apartamentos, correspondientes al nuevo Plan de Viviendas Familia Feliz para la Polic\u00eda Nacional,\u00a0 iniciativa que ejecuta el Gobierno como parte de las acciones de la reforma policial.<\/p>\n<p style=\"text-align: justify;\">Los primeros apartamentos de esta iniciativa forman parte de la tercera etapa del residencial Praderas del Norte, en Los Alcarrizos, en la cual\u00a0 el 94% ser\u00e1n destinadas a\u00a0 alistados, oficiales subalternos y suboficiales, con un promedio de 12 a\u00f1os de servicio; el 35% pertenecen al sexo femenino.<\/p>\n<p style=\"text-align: justify;\">M\u00e1s del 80% de estos beneficiarios han sido reconocidos dentro del cuerpo policial por\u00a0 buena conducta; es\u00a0 decir que no han recibido faltas disciplinarias durante 4 a\u00f1os de labor ininterrumpidas, siendo los m\u00e1s j\u00f3venes quienes lideran\u00a0esta\u00a0categor\u00eda.<\/p>\n<p style=\"text-align: justify;\">El Presidente Abinader dio el picazo luego de\u00a0 la entrega de la segunda etapa de este proyecto, que incluy\u00f3 la entrega de 177 apartamentos, 30 de los cuales fueron entregados a miembros del cuerpo castrense del pa\u00eds.<\/p>\n<p style=\"text-align: justify;\">En ese sentido, el ministro de la Presidencia, Joel Santos Echavarr\u00eda, se\u00f1al\u00f3 que,\u00a0 el Gobierno del presente Luis Abinader demuestra su compromiso con la seguridad y el bienestar de las comunidades, en las que se encuentran aquellos que arriesgan sus vidas para proteger la poblaci\u00f3n: la Polic\u00eda Nacional.<\/p>\n<p style=\"text-align: justify;\">\u00a0\u201cLa entrega de estas viviendas no es simplemente un acto protocolar, es un testimonio de la importancia que damos a aquellos que se dedican a mantener la paz y el orden en nuestra sociedad. Estas viviendas no solo proporcionan un techo, son un s\u00edmbolo de\u00a0 agradecimiento y reconocimiento de su labor incansable\u201d, dijo.<\/p>\n<p style=\"text-align: justify;\">Aprovecho justo este escenario, que precede la entrega de 177 soluciones habitaciones a igual cantidad de familias en este Residencial Praderas del Norte, agreg\u00f3, para decirles que este a\u00f1o el Plan Familia Feliz cerrar\u00e1 con la entrega de 2,206 soluciones habitaciones y una proyecci\u00f3n para el 2024 de otras nueve mil viviendas, en proyectos que ya est\u00e1n en desarrollo\u201d, explic\u00f3 Santos Echavarr\u00eda.<\/p>\n<p style=\"text-align: justify;\">Entre tanto, el ministro de Interior y Polic\u00eda, Jes\u00fas (Ch\u00fa) V\u00e1squez, se\u00f1al\u00f3 que un techo propio dignifica y da seguridad a cada adquiriente, adem\u00e1s de elevar el estatus y\u00a0 dar sentido de tranquilidad.<\/p>\n<p style=\"text-align: justify;\">\u201cHoy estamos escribiendo una nueva p\u00e1gina en la historia de la dignificaci\u00f3n de nuestros polic\u00edas con la construcci\u00f3n de estas 250 viviendas. Para el sargento del Carmen N\u00fa\u00f1ez y la sargento Cepeda Valera quienes son parte de las 250 familias beneficiadas, tener su techo propio significa \u201cno seguir rodando\u201d \u201cno tener que pagar un techo cada mes que no es de ellos\u201d,\u00a0 \u201cseguridad\u201d y \u201ctranquilidad\u201d, indic\u00f3 V\u00e1zquez.<\/p>\n<p style=\"text-align: justify;\">El ministro precis\u00f3,\u00a0 que, este\u00a0 plan de vivienda viene acompa\u00f1ado con un apoyo econ\u00f3mico importante, con un bono especial para los miembros de la polic\u00eda nacional de \u00a0RD$400,000, el bono itbis, que oscila entre RD$170,000 y RD$250,000.<\/p>\n","protected":false},"excerpt":{"rendered":"<p>El presidente Luis Abinader dej\u00f3 iniciado hoy \u00a0los trabajos de construcci\u00f3n\u00a0 de 250 apartamentos, correspondientes al nuevo Plan de Viviendas Familia Feliz para la Polic\u00eda Nacional,\u00a0 iniciativa que ejecuta el Gobierno como parte de las acciones de la reforma policial. Los primeros apartamentos de esta iniciativa forman parte de la tercera etapa del residencial Praderas [&hellip;]<\/p>\n","protected":false},"author":1,"featured_media":0,"comment_status":"open","ping_status":"open","sticky":false,"template":"","format":"standard","meta":{"footnotes":""},"categories":[2,8],"tags":[],"yoast_head":"<!-- This site is optimized with the Yoast SEO plugin v24.5 - https:\/\/yoast.com\/wordpress\/plugins\/seo\/ -->\n<title>Gobierno inicia Plan de Viviendas para miembros de la Polic\u00eda Nacional | El Nuevo Norte<\/title>\n<meta name=\"robots\" content=\"index, follow, max-snippet:-1, max-image-preview:large, max-video-preview:-1\" \/>\n<link rel=\"canonical\" href=\"https:\/\/infoelnuevonorte.com\/?p=170\" \/>\n<meta property=\"og:locale\" content=\"es_ES\" \/>\n<meta property=\"og:type\" content=\"article\" \/>\n<meta property=\"og:title\" content=\"Gobierno inicia Plan de Viviendas para miembros de la Polic\u00eda Nacional | El Nuevo Norte\" \/>\n<meta property=\"og:description\" content=\"El presidente Luis Abinader dej\u00f3 iniciado hoy \u00a0los trabajos de construcci\u00f3n\u00a0 de 250 apartamentos, correspondientes al nuevo Plan de Viviendas Familia Feliz para la Polic\u00eda Nacional,\u00a0 iniciativa que ejecuta el Gobierno como parte de las acciones de la reforma policial. Los primeros apartamentos de esta iniciativa forman parte de la tercera etapa del residencial Praderas [&hellip;]\" \/>\n<meta property=\"og:url\" content=\"https:\/\/infoelnuevonorte.com\/?p=170\" \/>\n<meta property=\"og:site_name\" content=\"El Nuevo Norte\" \/>\n<meta property=\"article:publisher\" content=\"https:\/\/www.facebook.com\/infoenn\" \/>\n<meta property=\"article:published_time\" content=\"2023-09-17T22:29:40+00:00\" \/>\n<meta property=\"article:modified_time\" content=\"2023-09-29T01:45:18+00:00\" \/>\n<meta property=\"og:image\" content=\"https:\/\/infoelnuevonorte.com\/wp-content\/uploads\/2023\/09\/79.jpg\" \/>\n\t<meta property=\"og:image:width\" content=\"1920\" \/>\n\t<meta property=\"og:image:height\" content=\"1280\" \/>\n\t<meta property=\"og:image:type\" content=\"image\/jpeg\" \/>\n<meta name=\"author\" content=\"InfoEnn\" \/>\n<meta name=\"twitter:card\" content=\"summary_large_image\" \/>\n<meta name=\"twitter:creator\" content=\"@Elnuevo_norte\" \/>\n<meta name=\"twitter:site\" content=\"@Elnuevo_norte\" \/>\n<meta name=\"twitter:label1\" content=\"Written by\" \/>\n\t<meta name=\"twitter:data1\" content=\"InfoEnn\" \/>\n\t<meta name=\"twitter:label2\" content=\"Est. reading time\" \/>\n\t<meta name=\"twitter:data2\" content=\"3 minutos\" \/>\n<script type=\"application\/ld+json\" class=\"yoast-schema-graph\">{\"@context\":\"https:\/\/schema.org\",\"@graph\":[{\"@type\":\"Article\",\"@id\":\"https:\/\/infoelnuevonorte.com\/?p=170#article\",\"isPartOf\":{\"@id\":\"https:\/\/infoelnuevonorte.com\/?p=170\"},\"author\":{\"name\":\"InfoEnn\",\"@id\":\"https:\/\/infoelnuevonorte.com\/#\/schema\/person\/fd4f6d90afe41260818b4ea94ad8ab84\"},\"headline\":\"Gobierno inicia Plan de Viviendas para miembros de la Polic\u00eda Nacional\",\"datePublished\":\"2023-09-17T22:29:40+00:00\",\"dateModified\":\"2023-09-29T01:45:18+00:00\",\"mainEntityOfPage\":{\"@id\":\"https:\/\/infoelnuevonorte.com\/?p=170\"},\"wordCount\":494,\"commentCount\":0,\"publisher\":{\"@id\":\"https:\/\/infoelnuevonorte.com\/#organization\"},\"articleSection\":[\"Actualidad |\",\"Nacionales\"],\"inLanguage\":\"es-DO\",\"potentialAction\":[{\"@type\":\"CommentAction\",\"name\":\"Comment\",\"target\":[\"https:\/\/infoelnuevonorte.com\/?p=170#respond\"]}]},{\"@type\":\"WebPage\",\"@id\":\"https:\/\/infoelnuevonorte.com\/?p=170\",\"url\":\"https:\/\/infoelnuevonorte.com\/?p=170\",\"name\":\"Gobierno inicia Plan de Viviendas para miembros de la Polic\u00eda Nacional | El Nuevo Norte\",\"isPartOf\":{\"@id\":\"https:\/\/infoelnuevonorte.com\/#website\"},\"datePublished\":\"2023-09-17T22:29:40+00:00\",\"dateModified\":\"2023-09-29T01:45:18+00:00\",\"breadcrumb\":{\"@id\":\"https:\/\/infoelnuevonorte.com\/?p=170#breadcrumb\"},\"inLanguage\":\"es-DO\",\"potentialAction\":[{\"@type\":\"ReadAction\",\"target\":[\"https:\/\/infoelnuevonorte.com\/?p=170\"]}]},{\"@type\":\"BreadcrumbList\",\"@id\":\"https:\/\/infoelnuevonorte.com\/?p=170#breadcrumb\",\"itemListElement\":[{\"@type\":\"ListItem\",\"position\":1,\"name\":\"Home\",\"item\":\"https:\/\/infoelnuevonorte.com\/\"},{\"@type\":\"ListItem\",\"position\":2,\"name\":\"Gobierno inicia Plan de Viviendas para miembros de la Polic\u00eda Nacional\"}]},{\"@type\":\"WebSite\",\"@id\":\"https:\/\/infoelnuevonorte.com\/#website\",\"url\":\"https:\/\/infoelnuevonorte.com\/\",\"name\":\"InfoEnn\",\"description\":\"Tu Voz, tu Verdad, tu Diario!!!\",\"publisher\":{\"@id\":\"https:\/\/infoelnuevonorte.com\/#organization\"},\"alternateName\":\"El Nuevo Norte\",\"potentialAction\":[{\"@type\":\"SearchAction\",\"target\":{\"@type\":\"EntryPoint\",\"urlTemplate\":\"https:\/\/infoelnuevonorte.com\/?s={search_term_string}\"},\"query-input\":{\"@type\":\"PropertyValueSpecification\",\"valueRequired\":true,\"valueName\":\"search_term_string\"}}],\"inLanguage\":\"es-DO\"},{\"@type\":\"Organization\",\"@id\":\"https:\/\/infoelnuevonorte.com\/#organization\",\"name\":\"Info El Nuevo Norte\",\"alternateName\":\"El Nuevo Norte\",\"url\":\"https:\/\/infoelnuevonorte.com\/\",\"logo\":{\"@type\":\"ImageObject\",\"inLanguage\":\"es-DO\",\"@id\":\"https:\/\/infoelnuevonorte.com\/#\/schema\/logo\/image\/\",\"url\":\"https:\/\/infoelnuevonorte.com\/wp-content\/uploads\/2026\/02\/Logo-Info-enn-3d-20ani.jpeg\",\"contentUrl\":\"https:\/\/infoelnuevonorte.com\/wp-content\/uploads\/2026\/02\/Logo-Info-enn-3d-20ani.jpeg\",\"width\":2046,\"height\":736,\"caption\":\"Info El Nuevo Norte\"},\"image\":{\"@id\":\"https:\/\/infoelnuevonorte.com\/#\/schema\/logo\/image\/\"},\"sameAs\":[\"https:\/\/www.facebook.com\/infoenn\",\"https:\/\/x.com\/Elnuevo_norte\",\"https:\/\/www.instagram.com\/infoenn\",\"https:\/\/www.facebook.com\/ENNRD\"]},{\"@type\":\"Person\",\"@id\":\"https:\/\/infoelnuevonorte.com\/#\/schema\/person\/fd4f6d90afe41260818b4ea94ad8ab84\",\"name\":\"InfoEnn\",\"image\":{\"@type\":\"ImageObject\",\"inLanguage\":\"es-DO\",\"@id\":\"https:\/\/infoelnuevonorte.com\/#\/schema\/person\/image\/\",\"url\":\"https:\/\/secure.gravatar.com\/avatar\/d4d760a41a48ba9db0a82bfb63bb0783?s=96&d=robohash&r=g\",\"contentUrl\":\"https:\/\/secure.gravatar.com\/avatar\/d4d760a41a48ba9db0a82bfb63bb0783?s=96&d=robohash&r=g\",\"caption\":\"InfoEnn\"},\"sameAs\":[\"https:\/\/infoelnuevonorte.com\"],\"url\":\"https:\/\/infoelnuevonorte.com\/?author=1\"}]}<\/script>\n<!-- \/ Yoast SEO plugin. -->","yoast_head_json":{"title":"Gobierno inicia Plan de Viviendas para miembros de la Polic\u00eda Nacional | El Nuevo Norte","robots":{"index":"index","follow":"follow","max-snippet":"max-snippet:-1","max-image-preview":"max-image-preview:large","max-video-preview":"max-video-preview:-1"},"canonical":"https:\/\/infoelnuevonorte.com\/?p=170","og_locale":"es_ES","og_type":"article","og_title":"Gobierno inicia Plan de Viviendas para miembros de la Polic\u00eda Nacional | El Nuevo Norte","og_description":"El presidente Luis Abinader dej\u00f3 iniciado hoy \u00a0los trabajos de construcci\u00f3n\u00a0 de 250 apartamentos, correspondientes al nuevo Plan de Viviendas Familia Feliz para la Polic\u00eda Nacional,\u00a0 iniciativa que ejecuta el Gobierno como parte de las acciones de la reforma policial. Los primeros apartamentos de esta iniciativa forman parte de la tercera etapa del residencial Praderas [&hellip;]","og_url":"https:\/\/infoelnuevonorte.com\/?p=170","og_site_name":"El Nuevo Norte","article_publisher":"https:\/\/www.facebook.com\/infoenn","article_published_time":"2023-09-17T22:29:40+00:00","article_modified_time":"2023-09-29T01:45:18+00:00","og_image":[{"width":1920,"height":1280,"url":"https:\/\/infoelnuevonorte.com\/wp-content\/uploads\/2023\/09\/79.jpg","type":"image\/jpeg"}],"author":"InfoEnn","twitter_card":"summary_large_image","twitter_creator":"@Elnuevo_norte","twitter_site":"@Elnuevo_norte","twitter_misc":{"Written by":"InfoEnn","Est. reading time":"3 minutos"},"schema":{"@context":"https:\/\/schema.org","@graph":[{"@type":"Article","@id":"https:\/\/infoelnuevonorte.com\/?p=170#article","isPartOf":{"@id":"https:\/\/infoelnuevonorte.com\/?p=170"},"author":{"name":"InfoEnn","@id":"https:\/\/infoelnuevonorte.com\/#\/schema\/person\/fd4f6d90afe41260818b4ea94ad8ab84"},"headline":"Gobierno inicia Plan de Viviendas para miembros de la Polic\u00eda Nacional","datePublished":"2023-09-17T22:29:40+00:00","dateModified":"2023-09-29T01:45:18+00:00","mainEntityOfPage":{"@id":"https:\/\/infoelnuevonorte.com\/?p=170"},"wordCount":494,"commentCount":0,"publisher":{"@id":"https:\/\/infoelnuevonorte.com\/#organization"},"articleSection":["Actualidad |","Nacionales"],"inLanguage":"es-DO","potentialAction":[{"@type":"CommentAction","name":"Comment","target":["https:\/\/infoelnuevonorte.com\/?p=170#respond"]}]},{"@type":"WebPage","@id":"https:\/\/infoelnuevonorte.com\/?p=170","url":"https:\/\/infoelnuevonorte.com\/?p=170","name":"Gobierno inicia Plan de Viviendas para miembros de la Polic\u00eda Nacional | El Nuevo Norte","isPartOf":{"@id":"https:\/\/infoelnuevonorte.com\/#website"},"datePublished":"2023-09-17T22:29:40+00:00","dateModified":"2023-09-29T01:45:18+00:00","breadcrumb":{"@id":"https:\/\/infoelnuevonorte.com\/?p=170#breadcrumb"},"inLanguage":"es-DO","potentialAction":[{"@type":"ReadAction","target":["https:\/\/infoelnuevonorte.com\/?p=170"]}]},{"@type":"BreadcrumbList","@id":"https:\/\/infoelnuevonorte.com\/?p=170#breadcrumb","itemListElement":[{"@type":"ListItem","position":1,"name":"Home","item":"https:\/\/infoelnuevonorte.com\/"},{"@type":"ListItem","position":2,"name":"Gobierno inicia Plan de Viviendas para miembros de la Polic\u00eda Nacional"}]},{"@type":"WebSite","@id":"https:\/\/infoelnuevonorte.com\/#website","url":"https:\/\/infoelnuevonorte.com\/","name":"InfoEnn","description":"Tu Voz, tu Verdad, tu Diario!!!","publisher":{"@id":"https:\/\/infoelnuevonorte.com\/#organization"},"alternateName":"El Nuevo Norte","potentialAction":[{"@type":"SearchAction","target":{"@type":"EntryPoint","urlTemplate":"https:\/\/infoelnuevonorte.com\/?s={search_term_string}"},"query-input":{"@type":"PropertyValueSpecification","valueRequired":true,"valueName":"search_term_string"}}],"inLanguage":"es-DO"},{"@type":"Organization","@id":"https:\/\/infoelnuevonorte.com\/#organization","name":"Info El Nuevo Norte","alternateName":"El Nuevo Norte","url":"https:\/\/infoelnuevonorte.com\/","logo":{"@type":"ImageObject","inLanguage":"es-DO","@id":"https:\/\/infoelnuevonorte.com\/#\/schema\/logo\/image\/","url":"https:\/\/infoelnuevonorte.com\/wp-content\/uploads\/2026\/02\/Logo-Info-enn-3d-20ani.jpeg","contentUrl":"https:\/\/infoelnuevonorte.com\/wp-content\/uploads\/2026\/02\/Logo-Info-enn-3d-20ani.jpeg","width":2046,"height":736,"caption":"Info El Nuevo Norte"},"image":{"@id":"https:\/\/infoelnuevonorte.com\/#\/schema\/logo\/image\/"},"sameAs":["https:\/\/www.facebook.com\/infoenn","https:\/\/x.com\/Elnuevo_norte","https:\/\/www.instagram.com\/infoenn","https:\/\/www.facebook.com\/ENNRD"]},{"@type":"Person","@id":"https:\/\/infoelnuevonorte.com\/#\/schema\/person\/fd4f6d90afe41260818b4ea94ad8ab84","name":"InfoEnn","image":{"@type":"ImageObject","inLanguage":"es-DO","@id":"https:\/\/infoelnuevonorte.com\/#\/schema\/person\/image\/","url":"https:\/\/secure.gravatar.com\/avatar\/d4d760a41a48ba9db0a82bfb63bb0783?s=96&d=robohash&r=g","contentUrl":"https:\/\/secure.gravatar.com\/avatar\/d4d760a41a48ba9db0a82bfb63bb0783?s=96&d=robohash&r=g","caption":"InfoEnn"},"sameAs":["https:\/\/infoelnuevonorte.com"],"url":"https:\/\/infoelnuevonorte.com\/?author=1"}]}},"_links":{"self":[{"href":"https:\/\/infoelnuevonorte.com\/index.php?rest_route=\/wp\/v2\/posts\/170"}],"collection":[{"href":"https:\/\/infoelnuevonorte.com\/index.php?rest_route=\/wp\/v2\/posts"}],"about":[{"href":"https:\/\/infoelnuevonorte.com\/index.php?rest_route=\/wp\/v2\/types\/post"}],"author":[{"embeddable":true,"href":"https:\/\/infoelnuevonorte.com\/index.php?rest_route=\/wp\/v2\/users\/1"}],"replies":[{"embeddable":true,"href":"https:\/\/infoelnuevonorte.com\/index.php?rest_route=%2Fwp%2Fv2%2Fcomments&post=170"}],"version-history":[{"count":0,"href":"https:\/\/infoelnuevonorte.com\/index.php?rest_route=\/wp\/v2\/posts\/170\/revisions"}],"wp:attachment":[{"href":"https:\/\/infoelnuevonorte.com\/index.php?rest_route=%2Fwp%2Fv2%2Fmedia&parent=170"}],"wp:term":[{"taxonomy":"category","embeddable":true,"href":"https:\/\/infoelnuevonorte.com\/index.php?rest_route=%2Fwp%2Fv2%2Fcategories&post=170"},{"taxonomy":"post_tag","embeddable":true,"href":"https:\/\/infoelnuevonorte.com\/index.php?rest_route=%2Fwp%2Fv2%2Ftags&post=170"}],"curies":[{"name":"wp","href":"https:\/\/api.w.org\/{rel}","templated":true}]}}