{"id":179797,"date":"2026-01-13T13:53:40","date_gmt":"2026-01-13T17:53:40","guid":{"rendered":"https:\/\/infoelnuevonorte.com\/?p=179797"},"modified":"2026-01-13T13:53:41","modified_gmt":"2026-01-13T17:53:41","slug":"director-de-la-dida-respalda-reformas-en-salud-y-seguridad-social-previstas-para-2026","status":"publish","type":"post","link":"https:\/\/infoelnuevonorte.com\/?p=179797","title":{"rendered":"Director de la DIDA respalda reformas en salud y Seguridad Social previstas para 2026"},"content":{"rendered":"<!--[if lt IE 9]><script>document.createElement('audio');<\/script><![endif]-->\n<audio class=\"wp-audio-shortcode\" id=\"audio-179797-1\" preload=\"none\" style=\"width: 100%;\" controls=\"controls\"><source type=\"audio\/mpeg\" src=\"https:\/\/infoelnuevonorte.com\/wp-content\/uploads\/2026\/01\/ttsmaker-vip-file-2026-1-13-13-52-57.mp3?_=1\" \/><a href=\"https:\/\/infoelnuevonorte.com\/wp-content\/uploads\/2026\/01\/ttsmaker-vip-file-2026-1-13-13-52-57.mp3\">https:\/\/infoelnuevonorte.com\/wp-content\/uploads\/2026\/01\/ttsmaker-vip-file-2026-1-13-13-52-57.mp3<\/a><\/audio>\n<p style=\"text-align: justify;\" data-start=\"357\" data-end=\"838\">El <strong data-start=\"387\" data-end=\"506\">director de la Direcci\u00f3n General de Informaci\u00f3n y Defensa de los Afiliados a la Seguridad Social (DIDA), El\u00edas B\u00e1ez<\/strong>, valor\u00f3 de manera positiva las <strong data-start=\"538\" data-end=\"603\">acciones estrat\u00e9gicas en materia de salud y protecci\u00f3n social<\/strong> definidas por el Gobierno dominicano como resultado del <strong data-start=\"660\" data-end=\"694\">Consejo de Ministros extendido<\/strong>, las cuales marcar\u00e1n la agenda p\u00fablica del a\u00f1o <strong data-start=\"742\" data-end=\"750\">2026<\/strong> y estar\u00e1n orientadas a <strong data-start=\"774\" data-end=\"837\">fortalecer el Sistema Dominicano de Seguridad Social (SDSS)<\/strong>.<\/p>\n<p style=\"text-align: justify;\" data-start=\"840\" data-end=\"1141\">B\u00e1ez afirm\u00f3 que <strong data-start=\"856\" data-end=\"973\">la agenda definida para 2026 refleja un compromiso claro del Estado con el fortalecimiento de la Seguridad Social<\/strong>, al permitir avanzar hacia un sistema <strong data-start=\"1012\" data-end=\"1066\">m\u00e1s justo, transparente y centrado en las personas<\/strong>, donde los derechos de los afiliados sean garantizados de manera efectiva.<\/p>\n<p style=\"text-align: justify;\" data-start=\"1143\" data-end=\"1417\">Asimismo, destac\u00f3 que estas decisiones evidencian <strong data-start=\"1193\" data-end=\"1262\">una visi\u00f3n de Estado enfocada en consolidar avances estructurales<\/strong>, colocar a la ciudadan\u00eda en el centro de las pol\u00edticas p\u00fablicas y <strong data-start=\"1329\" data-end=\"1416\">garantizar un acceso m\u00e1s equitativo, oportuno y sostenible a los servicios de salud<\/strong>.<\/p>\n<h3 style=\"text-align: justify;\" data-start=\"1419\" data-end=\"1477\"><strong data-start=\"1423\" data-end=\"1477\">Reforma a la Seguridad Social como eje estrat\u00e9gico<\/strong><\/h3>\n<p style=\"text-align: justify;\" data-start=\"1479\" data-end=\"1781\">Entre las acciones priorizadas durante el Consejo de Ministros extendido, el titular de la DIDA resalt\u00f3 la <strong data-start=\"1586\" data-end=\"1635\">reforma integral a la Ley de Seguridad Social<\/strong>, considerada un paso fundamental para <strong data-start=\"1674\" data-end=\"1780\">modernizar el sistema, ampliar las coberturas y reforzar los mecanismos de protecci\u00f3n de los afiliados<\/strong>.<\/p>\n<p style=\"text-align: justify;\" data-start=\"1783\" data-end=\"1959\">De igual forma, subray\u00f3 la importancia de la <strong data-start=\"1828\" data-end=\"1869\">categorizaci\u00f3n de sanciones dr\u00e1sticas<\/strong> frente a infracciones y pr\u00e1cticas irregulares que vulneren los derechos de los afiliados.<\/p>\n<p style=\"text-align: justify;\" data-start=\"1961\" data-end=\"2282\">\u201c<strong data-start=\"1962\" data-end=\"2119\">Desde la perspectiva institucional, esta reforma representa una oportunidad para fortalecer la garant\u00eda de derechos y mejorar la calidad de los servicios<\/strong>, asegurando que los beneficios establecidos por la ley lleguen de manera efectiva a cada afiliado, con un car\u00e1cter integral, coherente y universal\u201d, expres\u00f3 B\u00e1ez.<\/p>\n<h3 style=\"text-align: justify;\" data-start=\"2284\" data-end=\"2344\"><strong data-start=\"2288\" data-end=\"2344\">Salud mental integrada a la agenda nacional de salud<\/strong><\/h3>\n<p style=\"text-align: justify;\" data-start=\"2346\" data-end=\"2552\">El funcionario tambi\u00e9n valor\u00f3 la <strong data-start=\"2379\" data-end=\"2430\">inclusi\u00f3n de la salud mental como una prioridad<\/strong> dentro de las acciones definidas para 2026, al reconocer su impacto directo en el <strong data-start=\"2513\" data-end=\"2551\">bienestar integral de la poblaci\u00f3n<\/strong>.<\/p>\n<p style=\"text-align: justify;\" data-start=\"2554\" data-end=\"2834\">Indic\u00f3 que el fortalecimiento de las pol\u00edticas p\u00fablicas en esta \u00e1rea permitir\u00e1 <strong data-start=\"2633\" data-end=\"2765\">ampliar la disponibilidad de servicios, mejorar la detecci\u00f3n temprana y facilitar el acceso oportuno a atenciones especializadas<\/strong>, en consonancia con un enfoque de salud <strong data-start=\"2806\" data-end=\"2833\">m\u00e1s humano y preventivo<\/strong>.<\/p>\n<p style=\"text-align: justify;\" data-start=\"2836\" data-end=\"3160\">B\u00e1ez se\u00f1al\u00f3 que el abordaje de la salud mental constituye <strong data-start=\"2894\" data-end=\"2933\">una alta prioridad para el Gobierno<\/strong>, al tratarse de una problem\u00e1tica ampliamente demandada por la poblaci\u00f3n y que requiere esfuerzos conjuntos del sistema de salud, la Seguridad Social y la educaci\u00f3n ciudadana, bajo el liderazgo del <strong data-start=\"3131\" data-end=\"3159\">presidente Luis Abinader<\/strong>.<\/p>\n<h3 style=\"text-align: justify;\" data-start=\"3162\" data-end=\"3230\"><strong data-start=\"3166\" data-end=\"3230\">Pol\u00edtica nacional de medicamentos y Primer Nivel de Atenci\u00f3n<\/strong><\/h3>\n<p style=\"text-align: justify;\" data-start=\"3232\" data-end=\"3453\">Otra de las l\u00edneas estrat\u00e9gicas definidas es el desarrollo y fortalecimiento de una <strong data-start=\"3316\" data-end=\"3353\">pol\u00edtica nacional de medicamentos<\/strong>, orientada a garantizar la <strong data-start=\"3381\" data-end=\"3452\">disponibilidad, calidad y acceso oportuno a medicamentos esenciales<\/strong>.<\/p>\n<p style=\"text-align: justify;\" data-start=\"3455\" data-end=\"3732\">Sobre este punto, B\u00e1ez indic\u00f3 que dicha pol\u00edtica contribuir\u00e1 a <strong data-start=\"3518\" data-end=\"3633\">reducir barreras econ\u00f3micas, promover el uso racional de medicamentos y fortalecer los mecanismos de regulaci\u00f3n<\/strong>, elementos clave para la <strong data-start=\"3659\" data-end=\"3731\">protecci\u00f3n de los afiliados y la sostenibilidad del sistema de salud<\/strong>.<\/p>\n<p style=\"text-align: justify;\" data-start=\"3734\" data-end=\"4048\">Asimismo, inform\u00f3 que la DIDA impulsar\u00e1 acciones para <strong data-start=\"3788\" data-end=\"3858\">garantizar la implementaci\u00f3n efectiva del Primer Nivel de Atenci\u00f3n<\/strong> como puerta de entrada al sistema, tal como lo establece la <strong data-start=\"3919\" data-end=\"3932\">Ley 87-01<\/strong>, promoviendo un modelo <strong data-start=\"3956\" data-end=\"3996\">m\u00e1s preventivo, cercano y resolutivo<\/strong>, que reduzca el gasto de bolsillo de los afiliados.<\/p>\n<h3 style=\"text-align: justify;\" data-start=\"4050\" data-end=\"4109\"><strong data-start=\"4054\" data-end=\"4109\">Compromiso institucional con la defensa de derechos<\/strong><\/h3>\n<p style=\"text-align: justify;\" data-start=\"4111\" data-end=\"4482\">Finalmente, el director general de la DIDA reafirm\u00f3 el <strong data-start=\"4166\" data-end=\"4253\">compromiso institucional de acompa\u00f1ar la implementaci\u00f3n de estas pol\u00edticas p\u00fablicas<\/strong>, fortaleciendo las labores de <strong data-start=\"4284\" data-end=\"4353\">orientaci\u00f3n, educaci\u00f3n y defensa de los derechos de los afiliados<\/strong>, a fin de asegurar que los avances acordados en el Consejo de Ministros se traduzcan en <strong data-start=\"4442\" data-end=\"4481\">beneficios reales para la poblaci\u00f3n<\/strong>.<\/p>\n\n\n<div class=\"wp-block-group\"><div class=\"wp-block-group__inner-container is-layout-constrained wp-block-group-is-layout-constrained\">\n<div id=\"DenunciayAPP\" class=\"wp-block-group\"><div class=\"wp-block-group__inner-container is-layout-constrained wp-block-group-is-layout-constrained\">\n<p><a href=\"https:\/\/whatsapp.com\/channel\/0029Va88WGP2ER6ZxD6TCa3U\" target=\"_blank\" rel=\"noopener\"><img loading=\"lazy\" decoding=\"async\" class=\"aligncenter size-full wp-image-155512\" src=\"https:\/\/infoelnuevonorte.com\/wp-content\/uploads\/2025\/10\/Canal-whatsapp-infoenn.jpeg\" alt=\"\" width=\"2046\" height=\"554\" srcset=\"https:\/\/infoelnuevonorte.com\/wp-content\/uploads\/2025\/10\/Canal-whatsapp-infoenn.jpeg 2046w, https:\/\/infoelnuevonorte.com\/wp-content\/uploads\/2025\/10\/Canal-whatsapp-infoenn-300x81.jpeg 300w, https:\/\/infoelnuevonorte.com\/wp-content\/uploads\/2025\/10\/Canal-whatsapp-infoenn-1024x277.jpeg 1024w, https:\/\/infoelnuevonorte.com\/wp-content\/uploads\/2025\/10\/Canal-whatsapp-infoenn-768x208.jpeg 768w, https:\/\/infoelnuevonorte.com\/wp-content\/uploads\/2025\/10\/Canal-whatsapp-infoenn-1536x416.jpeg 1536w, https:\/\/infoelnuevonorte.com\/wp-content\/uploads\/2025\/10\/Canal-whatsapp-infoenn-1551x420.jpeg 1551w, https:\/\/infoelnuevonorte.com\/wp-content\/uploads\/2025\/10\/Canal-whatsapp-infoenn-150x41.jpeg 150w, https:\/\/infoelnuevonorte.com\/wp-content\/uploads\/2025\/10\/Canal-whatsapp-infoenn-696x188.jpeg 696w, https:\/\/infoelnuevonorte.com\/wp-content\/uploads\/2025\/10\/Canal-whatsapp-infoenn-1068x289.jpeg 1068w, https:\/\/infoelnuevonorte.com\/wp-content\/uploads\/2025\/10\/Canal-whatsapp-infoenn-1920x520.jpeg 1920w\" sizes=\"(max-width: 2046px) 100vw, 2046px\" \/><\/a><\/p>\n<p>\ud83d\udd17 S\u00edguenos en nuestras redes:<br data-start=\"2686\" data-end=\"2689\" \/><a href=\"https:\/\/x.com\/Elnuevo_norte\">X<\/a> | <a class=\"\" href=\"https:\/\/t.me\/infoenn\" target=\"_new\" rel=\"noopener\" data-start=\"2757\" data-end=\"2789\">Telegram<\/a> | <a class=\"\" href=\"https:\/\/instagram.com\/noticiasenn1?r=nametag\" target=\"_new\" rel=\"noopener\" data-start=\"2792\" data-end=\"2849\">Instagram<\/a><br data-start=\"2849\" data-end=\"2852\" \/><a class=\"\" href=\"https:\/\/www.facebook.com\/infoenn\" target=\"_new\" rel=\"noopener\" data-start=\"2852\" data-end=\"2896\">Facebook<\/a> | <a class=\"\" href=\"https:\/\/www.threads.net\/@noticiasenn1\" target=\"_new\" rel=\"noopener\" data-start=\"2899\" data-end=\"2947\">Threads<\/a> | <a class=\"\" href=\"https:\/\/www.youtube.com\/channel\/UCZZJg_scU1p_c6cvyCHY48A\" target=\"_new\" rel=\"noopener\" data-start=\"2950\" data-end=\"3017\" data-is-last-node=\"\">YouTube<\/a><\/p>\n<p>\ud83d\ude4f \u00a1Tu apoyo es importante!<\/p>\n<p>\ud83d\udd3bDESCARGAR NUESTRA APP \"<span style=\"color: #0000ff;\"><strong>Info ENN<\/strong><\/span>\"<\/p>\n\n\n\n<div class=\"wp-block-buttons is-content-justification-left is-layout-flex wp-container-core-buttons-is-layout-1 wp-block-buttons-is-layout-flex\">\n<div class=\"wp-block-button is-style-3d\"><a class=\"wp-block-button__link has-white-background-color has-background wp-element-button\" href=\"https:\/\/apps.apple.com\/do\/app\/infoenn\/id6503000762\"><img loading=\"lazy\" decoding=\"async\" width=\"150\" height=\"50\" class=\"wp-image-104096\" style=\"width: 150px;\" src=\"https:\/\/infoelnuevonorte.com\/wp-content\/uploads\/2025\/05\/Download_on_the_App_Store_RGB_blk.svg_.png\" alt=\"\" srcset=\"https:\/\/infoelnuevonorte.com\/wp-content\/uploads\/2025\/05\/Download_on_the_App_Store_RGB_blk.svg_.png 1280w, https:\/\/infoelnuevonorte.com\/wp-content\/uploads\/2025\/05\/Download_on_the_App_Store_RGB_blk.svg_-300x100.png 300w, https:\/\/infoelnuevonorte.com\/wp-content\/uploads\/2025\/05\/Download_on_the_App_Store_RGB_blk.svg_-1024x342.png 1024w, https:\/\/infoelnuevonorte.com\/wp-content\/uploads\/2025\/05\/Download_on_the_App_Store_RGB_blk.svg_-768x257.png 768w, https:\/\/infoelnuevonorte.com\/wp-content\/uploads\/2025\/05\/Download_on_the_App_Store_RGB_blk.svg_-1256x420.png 1256w, https:\/\/infoelnuevonorte.com\/wp-content\/uploads\/2025\/05\/Download_on_the_App_Store_RGB_blk.svg_-150x50.png 150w, https:\/\/infoelnuevonorte.com\/wp-content\/uploads\/2025\/05\/Download_on_the_App_Store_RGB_blk.svg_-696x233.png 696w, https:\/\/infoelnuevonorte.com\/wp-content\/uploads\/2025\/05\/Download_on_the_App_Store_RGB_blk.svg_-1068x357.png 1068w, https:\/\/infoelnuevonorte.com\/wp-content\/uploads\/2025\/05\/Download_on_the_App_Store_RGB_blk.svg_-200x67.png 200w\" sizes=\"(max-width: 150px) 100vw, 150px\" \/><\/a><\/div>\n<\/div>\n\n\n\n<div class=\"wp-block-buttons is-layout-flex wp-block-buttons-is-layout-flex\">\n<div class=\"wp-block-button is-style-3d td_btn_large\"><a class=\"wp-block-button__link has-white-background-color has-background wp-element-button\" href=\"https:\/\/mega.nz\/file\/vRhVTJBD#6P0Os8p_y2oJgZIa__7dhjqdpW42XJ_cY3zmbyxVohM\" target=\"_blank\" rel=\"noreferrer noopener\"><mark style=\"background-color:rgba(0, 0, 0, 0)\" class=\"has-inline-color has-light-green-cyan-color\"><img loading=\"lazy\" decoding=\"async\" width=\"150\" height=\"49\" class=\"wp-image-104095\" style=\"width: 150px;\" src=\"https:\/\/infoelnuevonorte.com\/wp-content\/uploads\/2025\/05\/badge-google-play-and-app-store-button-download-free-png.webp\" alt=\"\" srcset=\"https:\/\/infoelnuevonorte.com\/wp-content\/uploads\/2025\/05\/badge-google-play-and-app-store-button-download-free-png.webp 1920w, https:\/\/infoelnuevonorte.com\/wp-content\/uploads\/2025\/05\/badge-google-play-and-app-store-button-download-free-png-300x98.webp 300w, https:\/\/infoelnuevonorte.com\/wp-content\/uploads\/2025\/05\/badge-google-play-and-app-store-button-download-free-png-1024x335.webp 1024w, https:\/\/infoelnuevonorte.com\/wp-content\/uploads\/2025\/05\/badge-google-play-and-app-store-button-download-free-png-768x252.webp 768w, https:\/\/infoelnuevonorte.com\/wp-content\/uploads\/2025\/05\/badge-google-play-and-app-store-button-download-free-png-1536x503.webp 1536w, https:\/\/infoelnuevonorte.com\/wp-content\/uploads\/2025\/05\/badge-google-play-and-app-store-button-download-free-png-1282x420.webp 1282w, https:\/\/infoelnuevonorte.com\/wp-content\/uploads\/2025\/05\/badge-google-play-and-app-store-button-download-free-png-150x49.webp 150w, https:\/\/infoelnuevonorte.com\/wp-content\/uploads\/2025\/05\/badge-google-play-and-app-store-button-download-free-png-696x228.webp 696w, https:\/\/infoelnuevonorte.com\/wp-content\/uploads\/2025\/05\/badge-google-play-and-app-store-button-download-free-png-1068x350.webp 1068w, https:\/\/infoelnuevonorte.com\/wp-content\/uploads\/2025\/05\/badge-google-play-and-app-store-button-download-free-png-200x66.webp 200w\" sizes=\"(max-width: 150px) 100vw, 150px\" \/><\/mark><\/a><\/div>\n<\/div>\n\n\n\n<p style=\"text-align: justify;\"><strong data-start=\"0\" data-end=\"18\" data-is-only-node=\"\"><a href=\"https:\/\/infoelnuevonorte.com\/\"><img loading=\"lazy\" decoding=\"async\" class=\" wp-image-159681 alignleft\" src=\"https:\/\/infoelnuevonorte.com\/wp-content\/uploads\/2025\/11\/Logo-3d-infoenn-con-fondo-blanco.jpg\" alt=\"\" width=\"240\" height=\"86\" srcset=\"https:\/\/infoelnuevonorte.com\/wp-content\/uploads\/2025\/11\/Logo-3d-infoenn-con-fondo-blanco.jpg 1696w, https:\/\/infoelnuevonorte.com\/wp-content\/uploads\/2025\/11\/Logo-3d-infoenn-con-fondo-blanco-300x108.jpg 300w, https:\/\/infoelnuevonorte.com\/wp-content\/uploads\/2025\/11\/Logo-3d-infoenn-con-fondo-blanco-1024x367.jpg 1024w, https:\/\/infoelnuevonorte.com\/wp-content\/uploads\/2025\/11\/Logo-3d-infoenn-con-fondo-blanco-768x275.jpg 768w, https:\/\/infoelnuevonorte.com\/wp-content\/uploads\/2025\/11\/Logo-3d-infoenn-con-fondo-blanco-1536x551.jpg 1536w, https:\/\/infoelnuevonorte.com\/wp-content\/uploads\/2025\/11\/Logo-3d-infoenn-con-fondo-blanco-1172x420.jpg 1172w, https:\/\/infoelnuevonorte.com\/wp-content\/uploads\/2025\/11\/Logo-3d-infoenn-con-fondo-blanco-150x54.jpg 150w, https:\/\/infoelnuevonorte.com\/wp-content\/uploads\/2025\/11\/Logo-3d-infoenn-con-fondo-blanco-696x250.jpg 696w, https:\/\/infoelnuevonorte.com\/wp-content\/uploads\/2025\/11\/Logo-3d-infoenn-con-fondo-blanco-1068x383.jpg 1068w\" sizes=\"(max-width: 240px) 100vw, 240px\" \/><\/a>El Nuevo Norte<\/strong> es un peri\u00f3dico digital dominicano fundado el <strong data-start=\"65\" data-end=\"90\">12 de febrero de 2006<\/strong> por el periodista <strong data-start=\"109\" data-end=\"129\">Junior Henr\u00edquez<\/strong>, quien funge como director y fundador. A trav\u00e9s de la web <strong data-start=\"188\" data-end=\"212\">infoelnuevonorte.com<\/strong>, el medio ofrece informaci\u00f3n veraz y oportuna sobre los acontecimientos sociales, pol\u00edticos, comunitarios y de actualidad general, tanto a nivel nacional como internacional, promoviendo un periodismo responsable, participativo y comprometido con la libre expresi\u00f3n y el fortalecimiento de la democracia informativa.<\/p>\n<\/div><\/div>\n<\/div><\/div>\n","protected":false},"excerpt":{"rendered":"<p>El director de la Direcci\u00f3n General de Informaci\u00f3n y Defensa de los Afiliados a la Seguridad Social (DIDA), El\u00edas B\u00e1ez, valor\u00f3 de manera positiva las acciones estrat\u00e9gicas en materia de salud y protecci\u00f3n social definidas por el Gobierno dominicano como resultado del Consejo de Ministros extendido, las cuales marcar\u00e1n la agenda p\u00fablica del a\u00f1o 2026 [&hellip;]<\/p>\n","protected":false},"author":1,"featured_media":179799,"comment_status":"closed","ping_status":"open","sticky":false,"template":"","format":"standard","meta":{"footnotes":""},"categories":[8],"tags":[],"yoast_head":"<!-- This site is optimized with the Yoast SEO plugin v24.5 - https:\/\/yoast.com\/wordpress\/plugins\/seo\/ -->\n<title>Director de la DIDA respalda reformas en salud y Seguridad Social previstas para 2026 | El Nuevo Norte<\/title>\n<meta name=\"robots\" content=\"index, follow, max-snippet:-1, max-image-preview:large, max-video-preview:-1\" \/>\n<link rel=\"canonical\" href=\"https:\/\/infoelnuevonorte.com\/?p=179797\" \/>\n<meta property=\"og:locale\" content=\"es_ES\" \/>\n<meta property=\"og:type\" content=\"article\" \/>\n<meta property=\"og:title\" content=\"Director de la DIDA respalda reformas en salud y Seguridad Social previstas para 2026 | El Nuevo Norte\" \/>\n<meta property=\"og:description\" content=\"El director de la Direcci\u00f3n General de Informaci\u00f3n y Defensa de los Afiliados a la Seguridad Social (DIDA), El\u00edas B\u00e1ez, valor\u00f3 de manera positiva las acciones estrat\u00e9gicas en materia de salud y protecci\u00f3n social definidas por el Gobierno dominicano como resultado del Consejo de Ministros extendido, las cuales marcar\u00e1n la agenda p\u00fablica del a\u00f1o 2026 [&hellip;]\" \/>\n<meta property=\"og:url\" content=\"https:\/\/infoelnuevonorte.com\/?p=179797\" \/>\n<meta property=\"og:site_name\" content=\"El Nuevo Norte\" \/>\n<meta property=\"article:publisher\" content=\"https:\/\/www.facebook.com\/infoenn\" \/>\n<meta property=\"article:published_time\" content=\"2026-01-13T17:53:40+00:00\" \/>\n<meta property=\"article:modified_time\" content=\"2026-01-13T17:53:41+00:00\" \/>\n<meta property=\"og:image\" content=\"https:\/\/infoelnuevonorte.com\/wp-content\/uploads\/2026\/01\/dida-1140x694-1.jpeg\" \/>\n\t<meta property=\"og:image:width\" content=\"1140\" \/>\n\t<meta property=\"og:image:height\" content=\"694\" \/>\n\t<meta property=\"og:image:type\" content=\"image\/jpeg\" \/>\n<meta name=\"author\" content=\"InfoEnn\" \/>\n<meta name=\"twitter:card\" content=\"summary_large_image\" \/>\n<meta name=\"twitter:creator\" content=\"@Elnuevo_norte\" \/>\n<meta name=\"twitter:site\" content=\"@Elnuevo_norte\" \/>\n<meta name=\"twitter:label1\" content=\"Written by\" \/>\n\t<meta name=\"twitter:data1\" content=\"InfoEnn\" \/>\n\t<meta name=\"twitter:label2\" content=\"Est. reading time\" \/>\n\t<meta name=\"twitter:data2\" content=\"5 minutos\" \/>\n<script type=\"application\/ld+json\" class=\"yoast-schema-graph\">{\"@context\":\"https:\/\/schema.org\",\"@graph\":[{\"@type\":\"Article\",\"@id\":\"https:\/\/infoelnuevonorte.com\/?p=179797#article\",\"isPartOf\":{\"@id\":\"https:\/\/infoelnuevonorte.com\/?p=179797\"},\"author\":{\"name\":\"InfoEnn\",\"@id\":\"https:\/\/infoelnuevonorte.com\/#\/schema\/person\/fd4f6d90afe41260818b4ea94ad8ab84\"},\"headline\":\"Director de la DIDA respalda reformas en salud y Seguridad Social previstas para 2026\",\"datePublished\":\"2026-01-13T17:53:40+00:00\",\"dateModified\":\"2026-01-13T17:53:41+00:00\",\"mainEntityOfPage\":{\"@id\":\"https:\/\/infoelnuevonorte.com\/?p=179797\"},\"wordCount\":675,\"publisher\":{\"@id\":\"https:\/\/infoelnuevonorte.com\/#organization\"},\"image\":{\"@id\":\"https:\/\/infoelnuevonorte.com\/?p=179797#primaryimage\"},\"thumbnailUrl\":\"https:\/\/infoelnuevonorte.com\/wp-content\/uploads\/2026\/01\/dida-1140x694-1.jpeg\",\"articleSection\":[\"Nacionales\"],\"inLanguage\":\"es-DO\"},{\"@type\":\"WebPage\",\"@id\":\"https:\/\/infoelnuevonorte.com\/?p=179797\",\"url\":\"https:\/\/infoelnuevonorte.com\/?p=179797\",\"name\":\"Director de la DIDA respalda reformas en salud y Seguridad Social previstas para 2026 | El Nuevo Norte\",\"isPartOf\":{\"@id\":\"https:\/\/infoelnuevonorte.com\/#website\"},\"primaryImageOfPage\":{\"@id\":\"https:\/\/infoelnuevonorte.com\/?p=179797#primaryimage\"},\"image\":{\"@id\":\"https:\/\/infoelnuevonorte.com\/?p=179797#primaryimage\"},\"thumbnailUrl\":\"https:\/\/infoelnuevonorte.com\/wp-content\/uploads\/2026\/01\/dida-1140x694-1.jpeg\",\"datePublished\":\"2026-01-13T17:53:40+00:00\",\"dateModified\":\"2026-01-13T17:53:41+00:00\",\"breadcrumb\":{\"@id\":\"https:\/\/infoelnuevonorte.com\/?p=179797#breadcrumb\"},\"inLanguage\":\"es-DO\",\"potentialAction\":[{\"@type\":\"ReadAction\",\"target\":[\"https:\/\/infoelnuevonorte.com\/?p=179797\"]}]},{\"@type\":\"ImageObject\",\"inLanguage\":\"es-DO\",\"@id\":\"https:\/\/infoelnuevonorte.com\/?p=179797#primaryimage\",\"url\":\"https:\/\/infoelnuevonorte.com\/wp-content\/uploads\/2026\/01\/dida-1140x694-1.jpeg\",\"contentUrl\":\"https:\/\/infoelnuevonorte.com\/wp-content\/uploads\/2026\/01\/dida-1140x694-1.jpeg\",\"width\":1140,\"height\":694},{\"@type\":\"BreadcrumbList\",\"@id\":\"https:\/\/infoelnuevonorte.com\/?p=179797#breadcrumb\",\"itemListElement\":[{\"@type\":\"ListItem\",\"position\":1,\"name\":\"Home\",\"item\":\"https:\/\/infoelnuevonorte.com\/\"},{\"@type\":\"ListItem\",\"position\":2,\"name\":\"Director de la DIDA respalda reformas en salud y Seguridad Social previstas para 2026\"}]},{\"@type\":\"WebSite\",\"@id\":\"https:\/\/infoelnuevonorte.com\/#website\",\"url\":\"https:\/\/infoelnuevonorte.com\/\",\"name\":\"InfoEnn\",\"description\":\"Tu Voz, tu Verdad, tu Diario!!!\",\"publisher\":{\"@id\":\"https:\/\/infoelnuevonorte.com\/#organization\"},\"alternateName\":\"El Nuevo Norte\",\"potentialAction\":[{\"@type\":\"SearchAction\",\"target\":{\"@type\":\"EntryPoint\",\"urlTemplate\":\"https:\/\/infoelnuevonorte.com\/?s={search_term_string}\"},\"query-input\":{\"@type\":\"PropertyValueSpecification\",\"valueRequired\":true,\"valueName\":\"search_term_string\"}}],\"inLanguage\":\"es-DO\"},{\"@type\":\"Organization\",\"@id\":\"https:\/\/infoelnuevonorte.com\/#organization\",\"name\":\"Info El Nuevo Norte\",\"alternateName\":\"El Nuevo Norte\",\"url\":\"https:\/\/infoelnuevonorte.com\/\",\"logo\":{\"@type\":\"ImageObject\",\"inLanguage\":\"es-DO\",\"@id\":\"https:\/\/infoelnuevonorte.com\/#\/schema\/logo\/image\/\",\"url\":\"https:\/\/infoelnuevonorte.com\/wp-content\/uploads\/2026\/02\/Logo-Info-enn-3d-20ani.jpeg\",\"contentUrl\":\"https:\/\/infoelnuevonorte.com\/wp-content\/uploads\/2026\/02\/Logo-Info-enn-3d-20ani.jpeg\",\"width\":2046,\"height\":736,\"caption\":\"Info El Nuevo Norte\"},\"image\":{\"@id\":\"https:\/\/infoelnuevonorte.com\/#\/schema\/logo\/image\/\"},\"sameAs\":[\"https:\/\/www.facebook.com\/infoenn\",\"https:\/\/x.com\/Elnuevo_norte\",\"https:\/\/www.instagram.com\/infoenn\",\"https:\/\/www.facebook.com\/ENNRD\"]},{\"@type\":\"Person\",\"@id\":\"https:\/\/infoelnuevonorte.com\/#\/schema\/person\/fd4f6d90afe41260818b4ea94ad8ab84\",\"name\":\"InfoEnn\",\"image\":{\"@type\":\"ImageObject\",\"inLanguage\":\"es-DO\",\"@id\":\"https:\/\/infoelnuevonorte.com\/#\/schema\/person\/image\/\",\"url\":\"https:\/\/secure.gravatar.com\/avatar\/d4d760a41a48ba9db0a82bfb63bb0783?s=96&d=robohash&r=g\",\"contentUrl\":\"https:\/\/secure.gravatar.com\/avatar\/d4d760a41a48ba9db0a82bfb63bb0783?s=96&d=robohash&r=g\",\"caption\":\"InfoEnn\"},\"sameAs\":[\"https:\/\/infoelnuevonorte.com\"],\"url\":\"https:\/\/infoelnuevonorte.com\/?author=1\"}]}<\/script>\n<!-- \/ Yoast SEO plugin. -->","yoast_head_json":{"title":"Director de la DIDA respalda reformas en salud y Seguridad Social previstas para 2026 | El Nuevo Norte","robots":{"index":"index","follow":"follow","max-snippet":"max-snippet:-1","max-image-preview":"max-image-preview:large","max-video-preview":"max-video-preview:-1"},"canonical":"https:\/\/infoelnuevonorte.com\/?p=179797","og_locale":"es_ES","og_type":"article","og_title":"Director de la DIDA respalda reformas en salud y Seguridad Social previstas para 2026 | El Nuevo Norte","og_description":"El director de la Direcci\u00f3n General de Informaci\u00f3n y Defensa de los Afiliados a la Seguridad Social (DIDA), El\u00edas B\u00e1ez, valor\u00f3 de manera positiva las acciones estrat\u00e9gicas en materia de salud y protecci\u00f3n social definidas por el Gobierno dominicano como resultado del Consejo de Ministros extendido, las cuales marcar\u00e1n la agenda p\u00fablica del a\u00f1o 2026 [&hellip;]","og_url":"https:\/\/infoelnuevonorte.com\/?p=179797","og_site_name":"El Nuevo Norte","article_publisher":"https:\/\/www.facebook.com\/infoenn","article_published_time":"2026-01-13T17:53:40+00:00","article_modified_time":"2026-01-13T17:53:41+00:00","og_image":[{"width":1140,"height":694,"url":"https:\/\/infoelnuevonorte.com\/wp-content\/uploads\/2026\/01\/dida-1140x694-1.jpeg","type":"image\/jpeg"}],"author":"InfoEnn","twitter_card":"summary_large_image","twitter_creator":"@Elnuevo_norte","twitter_site":"@Elnuevo_norte","twitter_misc":{"Written by":"InfoEnn","Est. reading time":"5 minutos"},"schema":{"@context":"https:\/\/schema.org","@graph":[{"@type":"Article","@id":"https:\/\/infoelnuevonorte.com\/?p=179797#article","isPartOf":{"@id":"https:\/\/infoelnuevonorte.com\/?p=179797"},"author":{"name":"InfoEnn","@id":"https:\/\/infoelnuevonorte.com\/#\/schema\/person\/fd4f6d90afe41260818b4ea94ad8ab84"},"headline":"Director de la DIDA respalda reformas en salud y Seguridad Social previstas para 2026","datePublished":"2026-01-13T17:53:40+00:00","dateModified":"2026-01-13T17:53:41+00:00","mainEntityOfPage":{"@id":"https:\/\/infoelnuevonorte.com\/?p=179797"},"wordCount":675,"publisher":{"@id":"https:\/\/infoelnuevonorte.com\/#organization"},"image":{"@id":"https:\/\/infoelnuevonorte.com\/?p=179797#primaryimage"},"thumbnailUrl":"https:\/\/infoelnuevonorte.com\/wp-content\/uploads\/2026\/01\/dida-1140x694-1.jpeg","articleSection":["Nacionales"],"inLanguage":"es-DO"},{"@type":"WebPage","@id":"https:\/\/infoelnuevonorte.com\/?p=179797","url":"https:\/\/infoelnuevonorte.com\/?p=179797","name":"Director de la DIDA respalda reformas en salud y Seguridad Social previstas para 2026 | El Nuevo Norte","isPartOf":{"@id":"https:\/\/infoelnuevonorte.com\/#website"},"primaryImageOfPage":{"@id":"https:\/\/infoelnuevonorte.com\/?p=179797#primaryimage"},"image":{"@id":"https:\/\/infoelnuevonorte.com\/?p=179797#primaryimage"},"thumbnailUrl":"https:\/\/infoelnuevonorte.com\/wp-content\/uploads\/2026\/01\/dida-1140x694-1.jpeg","datePublished":"2026-01-13T17:53:40+00:00","dateModified":"2026-01-13T17:53:41+00:00","breadcrumb":{"@id":"https:\/\/infoelnuevonorte.com\/?p=179797#breadcrumb"},"inLanguage":"es-DO","potentialAction":[{"@type":"ReadAction","target":["https:\/\/infoelnuevonorte.com\/?p=179797"]}]},{"@type":"ImageObject","inLanguage":"es-DO","@id":"https:\/\/infoelnuevonorte.com\/?p=179797#primaryimage","url":"https:\/\/infoelnuevonorte.com\/wp-content\/uploads\/2026\/01\/dida-1140x694-1.jpeg","contentUrl":"https:\/\/infoelnuevonorte.com\/wp-content\/uploads\/2026\/01\/dida-1140x694-1.jpeg","width":1140,"height":694},{"@type":"BreadcrumbList","@id":"https:\/\/infoelnuevonorte.com\/?p=179797#breadcrumb","itemListElement":[{"@type":"ListItem","position":1,"name":"Home","item":"https:\/\/infoelnuevonorte.com\/"},{"@type":"ListItem","position":2,"name":"Director de la DIDA respalda reformas en salud y Seguridad Social previstas para 2026"}]},{"@type":"WebSite","@id":"https:\/\/infoelnuevonorte.com\/#website","url":"https:\/\/infoelnuevonorte.com\/","name":"InfoEnn","description":"Tu Voz, tu Verdad, tu Diario!!!","publisher":{"@id":"https:\/\/infoelnuevonorte.com\/#organization"},"alternateName":"El Nuevo Norte","potentialAction":[{"@type":"SearchAction","target":{"@type":"EntryPoint","urlTemplate":"https:\/\/infoelnuevonorte.com\/?s={search_term_string}"},"query-input":{"@type":"PropertyValueSpecification","valueRequired":true,"valueName":"search_term_string"}}],"inLanguage":"es-DO"},{"@type":"Organization","@id":"https:\/\/infoelnuevonorte.com\/#organization","name":"Info El Nuevo Norte","alternateName":"El Nuevo Norte","url":"https:\/\/infoelnuevonorte.com\/","logo":{"@type":"ImageObject","inLanguage":"es-DO","@id":"https:\/\/infoelnuevonorte.com\/#\/schema\/logo\/image\/","url":"https:\/\/infoelnuevonorte.com\/wp-content\/uploads\/2026\/02\/Logo-Info-enn-3d-20ani.jpeg","contentUrl":"https:\/\/infoelnuevonorte.com\/wp-content\/uploads\/2026\/02\/Logo-Info-enn-3d-20ani.jpeg","width":2046,"height":736,"caption":"Info El Nuevo Norte"},"image":{"@id":"https:\/\/infoelnuevonorte.com\/#\/schema\/logo\/image\/"},"sameAs":["https:\/\/www.facebook.com\/infoenn","https:\/\/x.com\/Elnuevo_norte","https:\/\/www.instagram.com\/infoenn","https:\/\/www.facebook.com\/ENNRD"]},{"@type":"Person","@id":"https:\/\/infoelnuevonorte.com\/#\/schema\/person\/fd4f6d90afe41260818b4ea94ad8ab84","name":"InfoEnn","image":{"@type":"ImageObject","inLanguage":"es-DO","@id":"https:\/\/infoelnuevonorte.com\/#\/schema\/person\/image\/","url":"https:\/\/secure.gravatar.com\/avatar\/d4d760a41a48ba9db0a82bfb63bb0783?s=96&d=robohash&r=g","contentUrl":"https:\/\/secure.gravatar.com\/avatar\/d4d760a41a48ba9db0a82bfb63bb0783?s=96&d=robohash&r=g","caption":"InfoEnn"},"sameAs":["https:\/\/infoelnuevonorte.com"],"url":"https:\/\/infoelnuevonorte.com\/?author=1"}]}},"_links":{"self":[{"href":"https:\/\/infoelnuevonorte.com\/index.php?rest_route=\/wp\/v2\/posts\/179797"}],"collection":[{"href":"https:\/\/infoelnuevonorte.com\/index.php?rest_route=\/wp\/v2\/posts"}],"about":[{"href":"https:\/\/infoelnuevonorte.com\/index.php?rest_route=\/wp\/v2\/types\/post"}],"author":[{"embeddable":true,"href":"https:\/\/infoelnuevonorte.com\/index.php?rest_route=\/wp\/v2\/users\/1"}],"replies":[{"embeddable":true,"href":"https:\/\/infoelnuevonorte.com\/index.php?rest_route=%2Fwp%2Fv2%2Fcomments&post=179797"}],"version-history":[{"count":1,"href":"https:\/\/infoelnuevonorte.com\/index.php?rest_route=\/wp\/v2\/posts\/179797\/revisions"}],"predecessor-version":[{"id":179800,"href":"https:\/\/infoelnuevonorte.com\/index.php?rest_route=\/wp\/v2\/posts\/179797\/revisions\/179800"}],"wp:featuredmedia":[{"embeddable":true,"href":"https:\/\/infoelnuevonorte.com\/index.php?rest_route=\/wp\/v2\/media\/179799"}],"wp:attachment":[{"href":"https:\/\/infoelnuevonorte.com\/index.php?rest_route=%2Fwp%2Fv2%2Fmedia&parent=179797"}],"wp:term":[{"taxonomy":"category","embeddable":true,"href":"https:\/\/infoelnuevonorte.com\/index.php?rest_route=%2Fwp%2Fv2%2Fcategories&post=179797"},{"taxonomy":"post_tag","embeddable":true,"href":"https:\/\/infoelnuevonorte.com\/index.php?rest_route=%2Fwp%2Fv2%2Ftags&post=179797"}],"curies":[{"name":"wp","href":"https:\/\/api.w.org\/{rel}","templated":true}]}}