{"id":18153,"date":"2024-04-16T06:21:26","date_gmt":"2024-04-16T10:21:26","guid":{"rendered":"https:\/\/infoelnuevonorte.com\/?p=18153"},"modified":"2024-04-16T06:21:29","modified_gmt":"2024-04-16T10:21:29","slug":"las-deportaciones-que-tenemos-que-realizar-multiplican-por-10-las-que-se-hacian-antes-asegura-luis-abinader","status":"publish","type":"post","link":"https:\/\/infoelnuevonorte.com\/?p=18153","title":{"rendered":"\u201cLas deportaciones que tenemos que realizar multiplican por 10 las que se hac\u00edan antes\u201d, asegura Luis Abinader"},"content":{"rendered":"<p style=\"text-align: justify;\"><strong>Santo<\/strong> <strong>Domingo<\/strong>,-El presidente de la Rep\u00fablica, Luis <strong>Abinader<\/strong> rechaz\u00f3 que el arresto del sargento <strong>Onesis<\/strong> <strong>Sol\u00eds<\/strong> <strong>Contreras<\/strong>, de 29 a\u00f1os, por miembros de la Direcci\u00f3n General de <strong>Migraci\u00f3n<\/strong> se trate de una acci\u00f3n discriminatoria.<\/p>\n<p style=\"text-align: justify;\">En ese sentido, el jefe de <strong>Estado<\/strong> indic\u00f3 que las deportaciones de haitianos ante la crisis de inestabilidad que atraviesa ese pa\u00eds, se tendr\u00e1n que multiplicar las deportaciones en relaci\u00f3n con a\u00f1os anteriores.<\/p>\n<p style=\"text-align: justify;\">\u201cLas deportaciones que tenemos que realizar multiplican por 10 la que se hac\u00edan antes y eso desgraciadamente se producen incidentes como ese que tenemos que evitar\u201d, explic\u00f3 Abinader.<\/p>\n<p style=\"text-align: justify;\">\u201cEs bueno que sepan que estamos en una situaci\u00f3n muy especial, como nunca antes, y el pa\u00eds tiene que mantener su migraci\u00f3n bajo control\u201d, indic\u00f3.<\/p>\n<p style=\"text-align: justify;\"><b>Acerca de el sargento<\/b><\/p>\n<p style=\"text-align: justify;\">Onesis Sol\u00eds Contreras interpuso una querella ante el Palacio de Justicia de la ciudad de Santiago, donde alega que miembros de la Direcci\u00f3n General de Migraci\u00f3n lo confundieron con un haitiano y le propinaron varios golpes.<\/p>\n<p style=\"text-align: justify;\">\u201c<b>Yo ven\u00eda caminando por la Restauraci\u00f3n con Antonio Guzm\u00e1n, me paran tres de Migraci\u00f3n,<\/b> uno me agarr\u00f3 fuerte por el brazo y yo le dije yo soy polic\u00eda, el otro viene y me agarra de nuevo y le dije oye yo soy polic\u00eda, y me dio un golpe ah\u00ed (se\u00f1ala su costado derecho) y un palo en la cabeza y una trompada en la espalda\u201d, agreg\u00f3.<\/p>\n<p style=\"text-align: justify;\">En una nota de prensa, Migraci\u00f3n confirm\u00f3 la detenci\u00f3n del hombre,\u00a0<b>al tiempo de decir que fue dejado en libertad cuando se identific\u00f3<\/b>\u00a0como polic\u00eda y que Sol\u00eds Contreras \u201cinsult\u00f3\u201d a los agentes.<\/p>\n<blockquote class=\"wp-embedded-content\" data-secret=\"4PkMmrpkkn\"><p><a href=\"https:\/\/infoelnuevonorte.com\/?p=18145\">Migraci\u00f3n aclara incidente con agente de la Polic\u00eda que denunci\u00f3 agresi\u00f3n<\/a><\/p><\/blockquote>\n<p><iframe class=\"wp-embedded-content\" sandbox=\"allow-scripts\" security=\"restricted\" style=\"position: absolute; clip: rect(1px, 1px, 1px, 1px);\" title=\"\u00abMigraci\u00f3n aclara incidente con agente de la Polic\u00eda que denunci\u00f3 agresi\u00f3n\u00bb \u2014 InfoEnn\" src=\"https:\/\/infoelnuevonorte.com\/?p=18145&#038;embed=true#?secret=pBHwVqKTWc#?secret=4PkMmrpkkn\" data-secret=\"4PkMmrpkkn\" width=\"600\" height=\"338\" frameborder=\"0\" marginwidth=\"0\" marginheight=\"0\" scrolling=\"no\"><\/iframe><\/p>\n","protected":false},"excerpt":{"rendered":"<p>Santo Domingo,-El presidente de la Rep\u00fablica, Luis Abinader rechaz\u00f3 que el arresto del sargento Onesis Sol\u00eds Contreras, de 29 a\u00f1os, por miembros de la Direcci\u00f3n General de Migraci\u00f3n se trate de una acci\u00f3n discriminatoria. En ese sentido, el jefe de Estado indic\u00f3 que las deportaciones de haitianos ante la crisis de inestabilidad que atraviesa ese [&hellip;]<\/p>\n","protected":false},"author":1,"featured_media":0,"comment_status":"closed","ping_status":"open","sticky":false,"template":"","format":"standard","meta":{"footnotes":""},"categories":[8],"tags":[],"yoast_head":"<!-- This site is optimized with the Yoast SEO plugin v24.5 - https:\/\/yoast.com\/wordpress\/plugins\/seo\/ -->\n<title>\u201cLas deportaciones que tenemos que realizar multiplican por 10 las que se hac\u00edan antes\u201d, asegura Luis Abinader | El Nuevo Norte<\/title>\n<meta name=\"robots\" content=\"index, follow, max-snippet:-1, max-image-preview:large, max-video-preview:-1\" \/>\n<link rel=\"canonical\" href=\"https:\/\/infoelnuevonorte.com\/?p=18153\" \/>\n<meta property=\"og:locale\" content=\"es_ES\" \/>\n<meta property=\"og:type\" content=\"article\" \/>\n<meta property=\"og:title\" content=\"\u201cLas deportaciones que tenemos que realizar multiplican por 10 las que se hac\u00edan antes\u201d, asegura Luis Abinader | El Nuevo Norte\" \/>\n<meta property=\"og:description\" content=\"Santo Domingo,-El presidente de la Rep\u00fablica, Luis Abinader rechaz\u00f3 que el arresto del sargento Onesis Sol\u00eds Contreras, de 29 a\u00f1os, por miembros de la Direcci\u00f3n General de Migraci\u00f3n se trate de una acci\u00f3n discriminatoria. En ese sentido, el jefe de Estado indic\u00f3 que las deportaciones de haitianos ante la crisis de inestabilidad que atraviesa ese [&hellip;]\" \/>\n<meta property=\"og:url\" content=\"https:\/\/infoelnuevonorte.com\/?p=18153\" \/>\n<meta property=\"og:site_name\" content=\"El Nuevo Norte\" \/>\n<meta property=\"article:publisher\" content=\"https:\/\/www.facebook.com\/infoenn\" \/>\n<meta property=\"article:published_time\" content=\"2024-04-16T10:21:26+00:00\" \/>\n<meta property=\"article:modified_time\" content=\"2024-04-16T10:21:29+00:00\" \/>\n<meta property=\"og:image\" content=\"https:\/\/infoelnuevonorte.com\/wp-content\/uploads\/2024\/04\/abi-jpg.webp\" \/>\n\t<meta property=\"og:image:width\" content=\"750\" \/>\n\t<meta property=\"og:image:height\" content=\"375\" \/>\n\t<meta property=\"og:image:type\" content=\"image\/jpeg\" \/>\n<meta name=\"author\" content=\"InfoEnn\" \/>\n<meta name=\"twitter:card\" content=\"summary_large_image\" \/>\n<meta name=\"twitter:creator\" content=\"@Elnuevo_norte\" \/>\n<meta name=\"twitter:site\" content=\"@Elnuevo_norte\" \/>\n<meta name=\"twitter:label1\" content=\"Written by\" \/>\n\t<meta name=\"twitter:data1\" content=\"InfoEnn\" \/>\n\t<meta name=\"twitter:label2\" content=\"Est. reading time\" \/>\n\t<meta name=\"twitter:data2\" content=\"2 minutos\" \/>\n<script type=\"application\/ld+json\" class=\"yoast-schema-graph\">{\"@context\":\"https:\/\/schema.org\",\"@graph\":[{\"@type\":\"Article\",\"@id\":\"https:\/\/infoelnuevonorte.com\/?p=18153#article\",\"isPartOf\":{\"@id\":\"https:\/\/infoelnuevonorte.com\/?p=18153\"},\"author\":{\"name\":\"InfoEnn\",\"@id\":\"https:\/\/infoelnuevonorte.com\/#\/schema\/person\/fd4f6d90afe41260818b4ea94ad8ab84\"},\"headline\":\"\u201cLas deportaciones que tenemos que realizar multiplican por 10 las que se hac\u00edan antes\u201d, asegura Luis Abinader\",\"datePublished\":\"2024-04-16T10:21:26+00:00\",\"dateModified\":\"2024-04-16T10:21:29+00:00\",\"mainEntityOfPage\":{\"@id\":\"https:\/\/infoelnuevonorte.com\/?p=18153\"},\"wordCount\":307,\"publisher\":{\"@id\":\"https:\/\/infoelnuevonorte.com\/#organization\"},\"articleSection\":[\"Nacionales\"],\"inLanguage\":\"es-DO\"},{\"@type\":\"WebPage\",\"@id\":\"https:\/\/infoelnuevonorte.com\/?p=18153\",\"url\":\"https:\/\/infoelnuevonorte.com\/?p=18153\",\"name\":\"\u201cLas deportaciones que tenemos que realizar multiplican por 10 las que se hac\u00edan antes\u201d, asegura Luis Abinader | El Nuevo Norte\",\"isPartOf\":{\"@id\":\"https:\/\/infoelnuevonorte.com\/#website\"},\"datePublished\":\"2024-04-16T10:21:26+00:00\",\"dateModified\":\"2024-04-16T10:21:29+00:00\",\"breadcrumb\":{\"@id\":\"https:\/\/infoelnuevonorte.com\/?p=18153#breadcrumb\"},\"inLanguage\":\"es-DO\",\"potentialAction\":[{\"@type\":\"ReadAction\",\"target\":[\"https:\/\/infoelnuevonorte.com\/?p=18153\"]}]},{\"@type\":\"BreadcrumbList\",\"@id\":\"https:\/\/infoelnuevonorte.com\/?p=18153#breadcrumb\",\"itemListElement\":[{\"@type\":\"ListItem\",\"position\":1,\"name\":\"Home\",\"item\":\"https:\/\/infoelnuevonorte.com\/\"},{\"@type\":\"ListItem\",\"position\":2,\"name\":\"\u201cLas deportaciones que tenemos que realizar multiplican por 10 las que se hac\u00edan antes\u201d, asegura Luis Abinader\"}]},{\"@type\":\"WebSite\",\"@id\":\"https:\/\/infoelnuevonorte.com\/#website\",\"url\":\"https:\/\/infoelnuevonorte.com\/\",\"name\":\"InfoEnn\",\"description\":\"Tu Voz, tu Verdad, tu Diario!!!\",\"publisher\":{\"@id\":\"https:\/\/infoelnuevonorte.com\/#organization\"},\"alternateName\":\"El Nuevo Norte\",\"potentialAction\":[{\"@type\":\"SearchAction\",\"target\":{\"@type\":\"EntryPoint\",\"urlTemplate\":\"https:\/\/infoelnuevonorte.com\/?s={search_term_string}\"},\"query-input\":{\"@type\":\"PropertyValueSpecification\",\"valueRequired\":true,\"valueName\":\"search_term_string\"}}],\"inLanguage\":\"es-DO\"},{\"@type\":\"Organization\",\"@id\":\"https:\/\/infoelnuevonorte.com\/#organization\",\"name\":\"Info El Nuevo Norte\",\"alternateName\":\"El Nuevo Norte\",\"url\":\"https:\/\/infoelnuevonorte.com\/\",\"logo\":{\"@type\":\"ImageObject\",\"inLanguage\":\"es-DO\",\"@id\":\"https:\/\/infoelnuevonorte.com\/#\/schema\/logo\/image\/\",\"url\":\"https:\/\/infoelnuevonorte.com\/wp-content\/uploads\/2026\/02\/Logo-Info-enn-3d-20ani.jpeg\",\"contentUrl\":\"https:\/\/infoelnuevonorte.com\/wp-content\/uploads\/2026\/02\/Logo-Info-enn-3d-20ani.jpeg\",\"width\":2046,\"height\":736,\"caption\":\"Info El Nuevo Norte\"},\"image\":{\"@id\":\"https:\/\/infoelnuevonorte.com\/#\/schema\/logo\/image\/\"},\"sameAs\":[\"https:\/\/www.facebook.com\/infoenn\",\"https:\/\/x.com\/Elnuevo_norte\",\"https:\/\/www.instagram.com\/infoenn\",\"https:\/\/www.facebook.com\/ENNRD\"]},{\"@type\":\"Person\",\"@id\":\"https:\/\/infoelnuevonorte.com\/#\/schema\/person\/fd4f6d90afe41260818b4ea94ad8ab84\",\"name\":\"InfoEnn\",\"image\":{\"@type\":\"ImageObject\",\"inLanguage\":\"es-DO\",\"@id\":\"https:\/\/infoelnuevonorte.com\/#\/schema\/person\/image\/\",\"url\":\"https:\/\/secure.gravatar.com\/avatar\/d4d760a41a48ba9db0a82bfb63bb0783?s=96&d=robohash&r=g\",\"contentUrl\":\"https:\/\/secure.gravatar.com\/avatar\/d4d760a41a48ba9db0a82bfb63bb0783?s=96&d=robohash&r=g\",\"caption\":\"InfoEnn\"},\"sameAs\":[\"https:\/\/infoelnuevonorte.com\"],\"url\":\"https:\/\/infoelnuevonorte.com\/?author=1\"}]}<\/script>\n<!-- \/ Yoast SEO plugin. -->","yoast_head_json":{"title":"\u201cLas deportaciones que tenemos que realizar multiplican por 10 las que se hac\u00edan antes\u201d, asegura Luis Abinader | El Nuevo Norte","robots":{"index":"index","follow":"follow","max-snippet":"max-snippet:-1","max-image-preview":"max-image-preview:large","max-video-preview":"max-video-preview:-1"},"canonical":"https:\/\/infoelnuevonorte.com\/?p=18153","og_locale":"es_ES","og_type":"article","og_title":"\u201cLas deportaciones que tenemos que realizar multiplican por 10 las que se hac\u00edan antes\u201d, asegura Luis Abinader | El Nuevo Norte","og_description":"Santo Domingo,-El presidente de la Rep\u00fablica, Luis Abinader rechaz\u00f3 que el arresto del sargento Onesis Sol\u00eds Contreras, de 29 a\u00f1os, por miembros de la Direcci\u00f3n General de Migraci\u00f3n se trate de una acci\u00f3n discriminatoria. En ese sentido, el jefe de Estado indic\u00f3 que las deportaciones de haitianos ante la crisis de inestabilidad que atraviesa ese [&hellip;]","og_url":"https:\/\/infoelnuevonorte.com\/?p=18153","og_site_name":"El Nuevo Norte","article_publisher":"https:\/\/www.facebook.com\/infoenn","article_published_time":"2024-04-16T10:21:26+00:00","article_modified_time":"2024-04-16T10:21:29+00:00","og_image":[{"width":750,"height":375,"url":"https:\/\/infoelnuevonorte.com\/wp-content\/uploads\/2024\/04\/abi-jpg.webp","type":"image\/jpeg"}],"author":"InfoEnn","twitter_card":"summary_large_image","twitter_creator":"@Elnuevo_norte","twitter_site":"@Elnuevo_norte","twitter_misc":{"Written by":"InfoEnn","Est. reading time":"2 minutos"},"schema":{"@context":"https:\/\/schema.org","@graph":[{"@type":"Article","@id":"https:\/\/infoelnuevonorte.com\/?p=18153#article","isPartOf":{"@id":"https:\/\/infoelnuevonorte.com\/?p=18153"},"author":{"name":"InfoEnn","@id":"https:\/\/infoelnuevonorte.com\/#\/schema\/person\/fd4f6d90afe41260818b4ea94ad8ab84"},"headline":"\u201cLas deportaciones que tenemos que realizar multiplican por 10 las que se hac\u00edan antes\u201d, asegura Luis Abinader","datePublished":"2024-04-16T10:21:26+00:00","dateModified":"2024-04-16T10:21:29+00:00","mainEntityOfPage":{"@id":"https:\/\/infoelnuevonorte.com\/?p=18153"},"wordCount":307,"publisher":{"@id":"https:\/\/infoelnuevonorte.com\/#organization"},"articleSection":["Nacionales"],"inLanguage":"es-DO"},{"@type":"WebPage","@id":"https:\/\/infoelnuevonorte.com\/?p=18153","url":"https:\/\/infoelnuevonorte.com\/?p=18153","name":"\u201cLas deportaciones que tenemos que realizar multiplican por 10 las que se hac\u00edan antes\u201d, asegura Luis Abinader | El Nuevo Norte","isPartOf":{"@id":"https:\/\/infoelnuevonorte.com\/#website"},"datePublished":"2024-04-16T10:21:26+00:00","dateModified":"2024-04-16T10:21:29+00:00","breadcrumb":{"@id":"https:\/\/infoelnuevonorte.com\/?p=18153#breadcrumb"},"inLanguage":"es-DO","potentialAction":[{"@type":"ReadAction","target":["https:\/\/infoelnuevonorte.com\/?p=18153"]}]},{"@type":"BreadcrumbList","@id":"https:\/\/infoelnuevonorte.com\/?p=18153#breadcrumb","itemListElement":[{"@type":"ListItem","position":1,"name":"Home","item":"https:\/\/infoelnuevonorte.com\/"},{"@type":"ListItem","position":2,"name":"\u201cLas deportaciones que tenemos que realizar multiplican por 10 las que se hac\u00edan antes\u201d, asegura Luis Abinader"}]},{"@type":"WebSite","@id":"https:\/\/infoelnuevonorte.com\/#website","url":"https:\/\/infoelnuevonorte.com\/","name":"InfoEnn","description":"Tu Voz, tu Verdad, tu Diario!!!","publisher":{"@id":"https:\/\/infoelnuevonorte.com\/#organization"},"alternateName":"El Nuevo Norte","potentialAction":[{"@type":"SearchAction","target":{"@type":"EntryPoint","urlTemplate":"https:\/\/infoelnuevonorte.com\/?s={search_term_string}"},"query-input":{"@type":"PropertyValueSpecification","valueRequired":true,"valueName":"search_term_string"}}],"inLanguage":"es-DO"},{"@type":"Organization","@id":"https:\/\/infoelnuevonorte.com\/#organization","name":"Info El Nuevo Norte","alternateName":"El Nuevo Norte","url":"https:\/\/infoelnuevonorte.com\/","logo":{"@type":"ImageObject","inLanguage":"es-DO","@id":"https:\/\/infoelnuevonorte.com\/#\/schema\/logo\/image\/","url":"https:\/\/infoelnuevonorte.com\/wp-content\/uploads\/2026\/02\/Logo-Info-enn-3d-20ani.jpeg","contentUrl":"https:\/\/infoelnuevonorte.com\/wp-content\/uploads\/2026\/02\/Logo-Info-enn-3d-20ani.jpeg","width":2046,"height":736,"caption":"Info El Nuevo Norte"},"image":{"@id":"https:\/\/infoelnuevonorte.com\/#\/schema\/logo\/image\/"},"sameAs":["https:\/\/www.facebook.com\/infoenn","https:\/\/x.com\/Elnuevo_norte","https:\/\/www.instagram.com\/infoenn","https:\/\/www.facebook.com\/ENNRD"]},{"@type":"Person","@id":"https:\/\/infoelnuevonorte.com\/#\/schema\/person\/fd4f6d90afe41260818b4ea94ad8ab84","name":"InfoEnn","image":{"@type":"ImageObject","inLanguage":"es-DO","@id":"https:\/\/infoelnuevonorte.com\/#\/schema\/person\/image\/","url":"https:\/\/secure.gravatar.com\/avatar\/d4d760a41a48ba9db0a82bfb63bb0783?s=96&d=robohash&r=g","contentUrl":"https:\/\/secure.gravatar.com\/avatar\/d4d760a41a48ba9db0a82bfb63bb0783?s=96&d=robohash&r=g","caption":"InfoEnn"},"sameAs":["https:\/\/infoelnuevonorte.com"],"url":"https:\/\/infoelnuevonorte.com\/?author=1"}]}},"_links":{"self":[{"href":"https:\/\/infoelnuevonorte.com\/index.php?rest_route=\/wp\/v2\/posts\/18153"}],"collection":[{"href":"https:\/\/infoelnuevonorte.com\/index.php?rest_route=\/wp\/v2\/posts"}],"about":[{"href":"https:\/\/infoelnuevonorte.com\/index.php?rest_route=\/wp\/v2\/types\/post"}],"author":[{"embeddable":true,"href":"https:\/\/infoelnuevonorte.com\/index.php?rest_route=\/wp\/v2\/users\/1"}],"replies":[{"embeddable":true,"href":"https:\/\/infoelnuevonorte.com\/index.php?rest_route=%2Fwp%2Fv2%2Fcomments&post=18153"}],"version-history":[{"count":0,"href":"https:\/\/infoelnuevonorte.com\/index.php?rest_route=\/wp\/v2\/posts\/18153\/revisions"}],"wp:attachment":[{"href":"https:\/\/infoelnuevonorte.com\/index.php?rest_route=%2Fwp%2Fv2%2Fmedia&parent=18153"}],"wp:term":[{"taxonomy":"category","embeddable":true,"href":"https:\/\/infoelnuevonorte.com\/index.php?rest_route=%2Fwp%2Fv2%2Fcategories&post=18153"},{"taxonomy":"post_tag","embeddable":true,"href":"https:\/\/infoelnuevonorte.com\/index.php?rest_route=%2Fwp%2Fv2%2Ftags&post=18153"}],"curies":[{"name":"wp","href":"https:\/\/api.w.org\/{rel}","templated":true}]}}