{"id":183483,"date":"2026-01-25T11:12:14","date_gmt":"2026-01-25T15:12:14","guid":{"rendered":"https:\/\/infoelnuevonorte.com\/?p=183483"},"modified":"2026-01-25T11:12:16","modified_gmt":"2026-01-25T15:12:16","slug":"la-zona-fronteriza-mantiene-una-base-tributaria-reducida-y-concentrada-en-pocas-provincias","status":"publish","type":"post","link":"https:\/\/infoelnuevonorte.com\/?p=183483","title":{"rendered":"La zona fronteriza mantiene una base tributaria reducida y concentrada en pocas provincias"},"content":{"rendered":"<!--[if lt IE 9]><script>document.createElement('audio');<\/script><![endif]-->\n<audio class=\"wp-audio-shortcode\" id=\"audio-183483-1\" preload=\"none\" style=\"width: 100%;\" controls=\"controls\"><source type=\"audio\/mpeg\" src=\"https:\/\/infoelnuevonorte.com\/wp-content\/uploads\/2026\/01\/ttsmaker-vip-file-2026-1-25-11-9-27.mp3?_=1\" \/><a href=\"https:\/\/infoelnuevonorte.com\/wp-content\/uploads\/2026\/01\/ttsmaker-vip-file-2026-1-25-11-9-27.mp3\">https:\/\/infoelnuevonorte.com\/wp-content\/uploads\/2026\/01\/ttsmaker-vip-file-2026-1-25-11-9-27.mp3<\/a><\/audio>\n<p style=\"text-align: justify;\">Aunque en la\u00a0<strong>zona fronteriza<\/strong>\u00a0se registra un leve aumento de\u00a0<strong>empleadores<\/strong>\u00a0y del total de\u00a0<strong>salarios pagados<\/strong>, los sueldos siguen muy por debajo del promedio\u00a0<strong>nacional<\/strong>, una brecha que, junto con la ca\u00edda de asalariados y la baja formalizaci\u00f3n, mantiene una base tributaria peque\u00f1a y concentrada en pocas provincias, limitando la generaci\u00f3n de ingresos fiscales y ampliando las desigualdades territoriales frente al resto del pa\u00eds.<\/p>\n<p style=\"text-align: justify;\">A esa conclusi\u00f3n se llega en el \u00faltimo informe\u00a0<strong>Monitor de la Frontera<\/strong>\u00a0que publica el\u00a0<strong>Ministerio de Hacienda<\/strong>\u00a0y\u00a0<strong>Econom\u00eda<\/strong>.\u00a0<\/p>\n<p style=\"text-align: justify;\">En este documento se resalta que, a pesar del\u00a0<strong>crecimiento sostenido<\/strong>\u00a0de la\u00a0<strong>recaudaci\u00f3n tributaria<\/strong>\u00a0a nivel\u00a0<strong>nacional<\/strong>, la\u00a0<strong>zona fronteriza<\/strong>\u00a0registr\u00f3 una ca\u00edda del 6.87 % en el\u00a0<strong>2024<\/strong>.<\/p>\n<p style=\"text-align: justify;\">A nivel\u00a0<strong>nacional<\/strong>, la recaudaci\u00f3n totaliz\u00f3 m\u00e1s de 846,450 millones de pesos en el\u00a0<strong>2024<\/strong>, lo que representa un crecimiento del 10.46 % con respecto a 2023. Sin embargo, en las\u00a0<strong>provincias fronterizas\u00a0<\/strong>apenas se recaudaron 3,529.94 millones de pesos, equivalentes al 0.42 % del total\u00a0<strong>nacional<\/strong>.<\/p>\n<p style=\"text-align: justify;\">De acuerdo con el documento, el descenso se explica principalmente por la\u00a0<strong>reducci\u00f3n de ingresos<\/strong>\u00a0en\u00a0<strong>Montecristi<\/strong>\u00a0y\u00a0<strong>Santiago Rodr\u00edguez<\/strong>, dos de los tres principales motores econ\u00f3micos de la\u00a0<strong>zona fronteriza<\/strong>, donde predomina la\u00a0<strong>producci\u00f3n agr\u00edcola<\/strong>, especialmente de\u00a0<strong>banano<\/strong>\u00a0y\u00a0<strong>arroz<\/strong>.<\/p>\n<p style=\"text-align: justify;\">Desde estas dos provincias se genera cerca del 80 % de los ingresos tributarios de la regi\u00f3n, es decir, ocho de cada 10 pesos del total recaudado en la\u00a0<strong>zona fronteriza<\/strong>. Ambas registraron una\u00a0<strong>ca\u00edda conjunta<\/strong>\u00a0superior a 343.5 millones de pesos en\u00a0<strong>2024<\/strong>.<\/p>\n<div id=\"detalle-parrafo\" style=\"text-align: justify;\">\n<div class=\"mb-5 newsletter-article\">\u00a0<\/div>\n<\/div>\n<p style=\"text-align: justify;\"><strong>Dajab\u00f3n<\/strong>\u00a0se mantiene como la\u00a0<strong>tercera provincia<\/strong>\u00a0con mayor aporte, con el 11.23 % de la\u00a0<strong>recaudaci\u00f3n fronteriza<\/strong>.<\/p>\n<p style=\"text-align: justify;\">En contraste, las provincias del centro y sur de la frontera,\u00a0<strong>El\u00edas Pi\u00f1a<\/strong>,\u00a0<strong>Baoruco<\/strong>\u00a0y\u00a0<strong>Pedernales,\u00a0<\/strong>mostraron aumentos en la recaudaci\u00f3n, con excepci\u00f3n de\u00a0<strong>Independencia<\/strong>. No obstante, estas demarcaciones contin\u00faan figurando entre las de\u00a0<strong>menor recaudaci\u00f3n<\/strong>\u00a0a nivel\u00a0<strong>nacional<\/strong>.<\/p>\n<div class=\"my-12 component web-insert relative border bg-component\" style=\"text-align: justify;\"><span class=\"text-xl block my-3 component-title glosa\"><strong>El gasto tributario<\/strong><\/span>\n<p>El informe revela que en el 2024 el gasto tributario asociado a la Ley 12-21 de Desarrollo Fronterizo, que ofrece un r\u00e9gimen de exenciones e incentivos fiscales a las empresas que se instalan en la zona, fue estimado en 2,248.7 millones de pesos, monto equivalente al 63.7 % de todo lo recaudado en la regi\u00f3n durante ese a\u00f1o.<\/p>\n<\/div>\n<h2 style=\"text-align: justify;\"><strong>Contribuyentes<\/strong><\/h2>\n<p style=\"text-align: justify;\">Al cierre del\u00a0<strong>2024<\/strong>, la\u00a0<strong>zona fronteriza<\/strong>\u00a0registr\u00f3\u00a0<strong>7,143 contribuyentes<\/strong>\u00a0activos, lo que supone una reducci\u00f3n del 17 % con respecto al 2023.<\/p>\n<p style=\"text-align: justify;\">Las mayores ca\u00eddas se observaron en\u00a0<strong>Independencia<\/strong>\u00a0(21.55 %),\u00a0<strong>Pedernales<\/strong>\u00a0(22.15 %) y\u00a0<strong>Baoruco<\/strong>\u00a0(20.76 %).<\/p>\n<p style=\"text-align: justify;\">Del total de contribuyentes, el 19.1 % opera bajo el\u00a0<strong>R\u00e9gimen Simplificado<\/strong> de Tributaci\u00f3n, que facilita el cumplimiento de las obligaciones fiscales de profesionales liberales y micro o peque\u00f1as empresas.<\/p>\n<p style=\"text-align: justify;\">Este r\u00e9gimen se concentra principalmente en\u00a0<strong>Independencia<\/strong>\u00a0(49.49 %),\u00a0<strong>Pedernales<\/strong>\u00a0(21.70 %) y\u00a0<strong>Santiago Rodr\u00edguez<\/strong>\u00a0(14.22 %).<\/p>\n<p style=\"text-align: justify;\">En cuanto a los\u00a0<strong>grandes contribuyentes<\/strong>, de los\u00a0<strong>616 registrados<\/strong>\u00a0a nivel\u00a0<strong>nacional<\/strong>, el 94.64 % se encuentra en el\u00a0<strong>Distrito Nacional<\/strong>, Santo Domingo, Santiago, La Altagracia y San Crist\u00f3bal.<\/p>\n<p style=\"text-align: justify;\">Solo cuatro operan en la\u00a0<strong>zona fronteriza<\/strong>: tres en\u00a0<strong>Montecristi<\/strong>, vinculados a la\u00a0<strong>industria manufacturera<\/strong>, y uno en\u00a0<strong>Santiago Rodr\u00edguez<\/strong>, dedicado a la producci\u00f3n de bebidas.<\/p>\n<p style=\"text-align: justify;\">Asimismo, apenas el 1.14 % de los contribuyentes fronterizos est\u00e1 acogido a\u00a0<strong>reg\u00edmenes especiales<\/strong>\u00a0distintos al ordinario, principalmente al r\u00e9gimen de\u00a0<strong>Desarrollo Fronterizo<\/strong>.<\/p>\n<p style=\"text-align: justify;\">Estos se distribuyen de la siguiente manera: 81.48 % en\u00a0<strong>Desarrollo Fronterizo<\/strong>, 7.41 % en\u00a0<strong>Zona Franca Industrial<\/strong>, 6.17 % como Productor de Bienes Exentos, 3.70 % bajo el r\u00e9gimen de Exportador y 1.23 % en Proindustria.<\/p>\n<h2 style=\"text-align: justify;\" data-start=\"3283\" data-end=\"3312\">Asalariados y\u00a0<strong>empleadores<\/strong><\/h2>\n<p style=\"text-align: justify;\">En el\u00a0<strong>2024<\/strong>, el n\u00famero de\u00a0<strong>asalariados formales<\/strong>\u00a0disminuy\u00f3 tanto a nivel\u00a0<strong>nacional<\/strong>\u00a0como en la mayor\u00eda de las\u00a0<strong>provincias fronterizas<\/strong>. Solo\u00a0<strong>Independencia<\/strong>\u00a0(66.67 %),\u00a0<strong>Pedernales<\/strong>\u00a0(1.42 %) y\u00a0<strong>Dajab\u00f3n<\/strong>\u00a0(0.62 %) registraron aumentos interanuales, destac\u00e1ndose\u00a0<strong>Independencia<\/strong>\u00a0con el mayor crecimiento porcentual del pa\u00eds.<\/p>\n<p style=\"text-align: justify;\">Por el contrario,\u00a0<strong>El\u00edas Pi\u00f1a<\/strong>,\u00a0<strong>Valverde<\/strong>\u00a0y\u00a0<strong>Baoruco<\/strong>\u00a0figuran entre las provincias con mayores reducciones de\u00a0<strong>asalariados formales<\/strong>.<\/p>\n<p style=\"text-align: justify;\">En cuanto a los\u00a0<strong>empleadores<\/strong>, la\u00a0<strong>zona fronteriza<\/strong>\u00a0cerr\u00f3 el a\u00f1o con\u00a0<strong>2,105<\/strong>, un aumento de 3.95 % con respecto a 2023, equivalente al 1.74 % del total\u00a0<strong>nacional<\/strong>. Cerca del 80 % se concentra en las provincias del\u00a0<strong>norte de la regi\u00f3n<\/strong>.<\/p>\n<p style=\"text-align: justify;\">Pese a la reducci\u00f3n de asalariados, el total de\u00a0<strong>salarios pagados<\/strong>\u00a0aument\u00f3 1.5 %, alcanzando\u00a0<strong>6,248.32 millones<\/strong>\u00a0de pesos, impulsado principalmente por\u00a0<strong>Montecristi<\/strong>\u00a0y\u00a0<strong>Dajab\u00f3n<\/strong>.<\/p>\n<p style=\"text-align: justify;\">No obstante, el\u00a0<strong>salario promedio<\/strong>\u00a0en la\u00a0<strong>zona fronteriza<\/strong>\u00a0sigue siendo casi la mitad del promedio\u00a0<strong>nacional<\/strong>.<\/p>\n<p style=\"text-align: justify;\">Este incremento se debi\u00f3 principalmente a aumentos en\u00a0<strong>Montecristi<\/strong>\u00a0y\u00a0<strong>Dajab\u00f3n<\/strong>, que en conjunto registraron un alza de m\u00e1s de 149.62 millones de pesos, compensando parcialmente la disminuci\u00f3n de\u00a0<strong>109.50 millones<\/strong>\u00a0de pesos en\u00a0<strong>Santiago Rodr\u00edguez<\/strong>.<\/p>\n<ul class=\"list-text\" style=\"text-align: justify;\">\n<li>Estas tres provincias representan aproximadamente\u00a0<strong>nueve de cada 10<\/strong>\u00a0pesos pagados en salarios en la\u00a0<strong>zona fronteriza<\/strong>.<\/li>\n<\/ul>\n<p style=\"text-align: justify;\">En esa misma l\u00ednea,\u00a0<strong>Independencia<\/strong>\u00a0y\u00a0<strong>Pedernales<\/strong>\u00a0experimentaron en conjunto un aumento de 75.23 millones de pesos en los\u00a0<strong>salarios pagados<\/strong>, mientras que\u00a0<strong>Baoruco<\/strong>\u00a0y\u00a0<strong>El\u00edas Pi\u00f1a<\/strong>\u00a0registraron una disminuci\u00f3n de 22.94 millones de pesos.<\/p>\n<div class=\"download-archive mb-7\" style=\"text-align: justify;\">\u00a0<\/div>\n\n\n<div class=\"wp-block-group\"><div class=\"wp-block-group__inner-container is-layout-constrained wp-block-group-is-layout-constrained\">\n<div id=\"DenunciayAPP\" class=\"wp-block-group\"><div class=\"wp-block-group__inner-container is-layout-constrained wp-block-group-is-layout-constrained\">\n<p><a href=\"https:\/\/whatsapp.com\/channel\/0029Va88WGP2ER6ZxD6TCa3U\" target=\"_blank\" rel=\"noopener\"><img loading=\"lazy\" decoding=\"async\" class=\"aligncenter size-full wp-image-155512\" src=\"https:\/\/infoelnuevonorte.com\/wp-content\/uploads\/2025\/10\/Canal-whatsapp-infoenn.jpeg\" alt=\"\" width=\"2046\" height=\"554\" srcset=\"https:\/\/infoelnuevonorte.com\/wp-content\/uploads\/2025\/10\/Canal-whatsapp-infoenn.jpeg 2046w, https:\/\/infoelnuevonorte.com\/wp-content\/uploads\/2025\/10\/Canal-whatsapp-infoenn-300x81.jpeg 300w, https:\/\/infoelnuevonorte.com\/wp-content\/uploads\/2025\/10\/Canal-whatsapp-infoenn-1024x277.jpeg 1024w, https:\/\/infoelnuevonorte.com\/wp-content\/uploads\/2025\/10\/Canal-whatsapp-infoenn-768x208.jpeg 768w, https:\/\/infoelnuevonorte.com\/wp-content\/uploads\/2025\/10\/Canal-whatsapp-infoenn-1536x416.jpeg 1536w, https:\/\/infoelnuevonorte.com\/wp-content\/uploads\/2025\/10\/Canal-whatsapp-infoenn-1551x420.jpeg 1551w, https:\/\/infoelnuevonorte.com\/wp-content\/uploads\/2025\/10\/Canal-whatsapp-infoenn-150x41.jpeg 150w, https:\/\/infoelnuevonorte.com\/wp-content\/uploads\/2025\/10\/Canal-whatsapp-infoenn-696x188.jpeg 696w, https:\/\/infoelnuevonorte.com\/wp-content\/uploads\/2025\/10\/Canal-whatsapp-infoenn-1068x289.jpeg 1068w, https:\/\/infoelnuevonorte.com\/wp-content\/uploads\/2025\/10\/Canal-whatsapp-infoenn-1920x520.jpeg 1920w\" sizes=\"(max-width: 2046px) 100vw, 2046px\" \/><\/a><\/p>\n<p>\ud83d\udd17 S\u00edguenos en nuestras redes:<br data-start=\"2686\" data-end=\"2689\" \/><a href=\"https:\/\/x.com\/Elnuevo_norte\">X<\/a> | <a class=\"\" href=\"https:\/\/t.me\/infoenn\" target=\"_new\" rel=\"noopener\" data-start=\"2757\" data-end=\"2789\">Telegram<\/a> | <a class=\"\" href=\"https:\/\/instagram.com\/noticiasenn1?r=nametag\" target=\"_new\" rel=\"noopener\" data-start=\"2792\" data-end=\"2849\">Instagram<\/a><br data-start=\"2849\" data-end=\"2852\" \/><a class=\"\" href=\"https:\/\/www.facebook.com\/infoenn\" target=\"_new\" rel=\"noopener\" data-start=\"2852\" data-end=\"2896\">Facebook<\/a> | <a class=\"\" href=\"https:\/\/www.threads.net\/@noticiasenn1\" target=\"_new\" rel=\"noopener\" data-start=\"2899\" data-end=\"2947\">Threads<\/a> | <a class=\"\" href=\"https:\/\/www.youtube.com\/channel\/UCZZJg_scU1p_c6cvyCHY48A\" target=\"_new\" rel=\"noopener\" data-start=\"2950\" data-end=\"3017\" data-is-last-node=\"\">YouTube<\/a><\/p>\n<p>\ud83d\ude4f \u00a1Tu apoyo es importante!<\/p>\n<p>\ud83d\udd3bDESCARGAR NUESTRA APP \"<span style=\"color: #0000ff;\"><strong>Info ENN<\/strong><\/span>\"<\/p>\n\n\n\n<div class=\"wp-block-buttons is-content-justification-left is-layout-flex wp-container-core-buttons-is-layout-1 wp-block-buttons-is-layout-flex\">\n<div class=\"wp-block-button is-style-3d\"><a class=\"wp-block-button__link has-white-background-color has-background wp-element-button\" href=\"https:\/\/apps.apple.com\/do\/app\/infoenn\/id6503000762\"><img loading=\"lazy\" decoding=\"async\" width=\"150\" height=\"50\" class=\"wp-image-104096\" style=\"width: 150px;\" src=\"https:\/\/infoelnuevonorte.com\/wp-content\/uploads\/2025\/05\/Download_on_the_App_Store_RGB_blk.svg_.png\" alt=\"\" srcset=\"https:\/\/infoelnuevonorte.com\/wp-content\/uploads\/2025\/05\/Download_on_the_App_Store_RGB_blk.svg_.png 1280w, https:\/\/infoelnuevonorte.com\/wp-content\/uploads\/2025\/05\/Download_on_the_App_Store_RGB_blk.svg_-300x100.png 300w, https:\/\/infoelnuevonorte.com\/wp-content\/uploads\/2025\/05\/Download_on_the_App_Store_RGB_blk.svg_-1024x342.png 1024w, https:\/\/infoelnuevonorte.com\/wp-content\/uploads\/2025\/05\/Download_on_the_App_Store_RGB_blk.svg_-768x257.png 768w, https:\/\/infoelnuevonorte.com\/wp-content\/uploads\/2025\/05\/Download_on_the_App_Store_RGB_blk.svg_-1256x420.png 1256w, https:\/\/infoelnuevonorte.com\/wp-content\/uploads\/2025\/05\/Download_on_the_App_Store_RGB_blk.svg_-150x50.png 150w, https:\/\/infoelnuevonorte.com\/wp-content\/uploads\/2025\/05\/Download_on_the_App_Store_RGB_blk.svg_-696x233.png 696w, https:\/\/infoelnuevonorte.com\/wp-content\/uploads\/2025\/05\/Download_on_the_App_Store_RGB_blk.svg_-1068x357.png 1068w, https:\/\/infoelnuevonorte.com\/wp-content\/uploads\/2025\/05\/Download_on_the_App_Store_RGB_blk.svg_-200x67.png 200w\" sizes=\"(max-width: 150px) 100vw, 150px\" \/><\/a><\/div>\n<\/div>\n\n\n\n<div class=\"wp-block-buttons is-layout-flex wp-block-buttons-is-layout-flex\">\n<div class=\"wp-block-button is-style-3d td_btn_large\"><a class=\"wp-block-button__link has-white-background-color has-background wp-element-button\" href=\"https:\/\/mega.nz\/file\/vRhVTJBD#6P0Os8p_y2oJgZIa__7dhjqdpW42XJ_cY3zmbyxVohM\" target=\"_blank\" rel=\"noreferrer noopener\"><mark style=\"background-color:rgba(0, 0, 0, 0)\" class=\"has-inline-color has-light-green-cyan-color\"><img loading=\"lazy\" decoding=\"async\" width=\"150\" height=\"49\" class=\"wp-image-104095\" style=\"width: 150px;\" src=\"https:\/\/infoelnuevonorte.com\/wp-content\/uploads\/2025\/05\/badge-google-play-and-app-store-button-download-free-png.webp\" alt=\"\" srcset=\"https:\/\/infoelnuevonorte.com\/wp-content\/uploads\/2025\/05\/badge-google-play-and-app-store-button-download-free-png.webp 1920w, https:\/\/infoelnuevonorte.com\/wp-content\/uploads\/2025\/05\/badge-google-play-and-app-store-button-download-free-png-300x98.webp 300w, https:\/\/infoelnuevonorte.com\/wp-content\/uploads\/2025\/05\/badge-google-play-and-app-store-button-download-free-png-1024x335.webp 1024w, https:\/\/infoelnuevonorte.com\/wp-content\/uploads\/2025\/05\/badge-google-play-and-app-store-button-download-free-png-768x252.webp 768w, https:\/\/infoelnuevonorte.com\/wp-content\/uploads\/2025\/05\/badge-google-play-and-app-store-button-download-free-png-1536x503.webp 1536w, https:\/\/infoelnuevonorte.com\/wp-content\/uploads\/2025\/05\/badge-google-play-and-app-store-button-download-free-png-1282x420.webp 1282w, https:\/\/infoelnuevonorte.com\/wp-content\/uploads\/2025\/05\/badge-google-play-and-app-store-button-download-free-png-150x49.webp 150w, https:\/\/infoelnuevonorte.com\/wp-content\/uploads\/2025\/05\/badge-google-play-and-app-store-button-download-free-png-696x228.webp 696w, https:\/\/infoelnuevonorte.com\/wp-content\/uploads\/2025\/05\/badge-google-play-and-app-store-button-download-free-png-1068x350.webp 1068w, https:\/\/infoelnuevonorte.com\/wp-content\/uploads\/2025\/05\/badge-google-play-and-app-store-button-download-free-png-200x66.webp 200w\" sizes=\"(max-width: 150px) 100vw, 150px\" \/><\/mark><\/a><\/div>\n<\/div>\n\n\n\n<p style=\"text-align: justify;\"><strong data-start=\"0\" data-end=\"18\" data-is-only-node=\"\"><a href=\"https:\/\/infoelnuevonorte.com\/\"><img loading=\"lazy\" decoding=\"async\" class=\" wp-image-159681 alignleft\" src=\"https:\/\/infoelnuevonorte.com\/wp-content\/uploads\/2025\/11\/Logo-3d-infoenn-con-fondo-blanco.jpg\" alt=\"\" width=\"240\" height=\"86\" srcset=\"https:\/\/infoelnuevonorte.com\/wp-content\/uploads\/2025\/11\/Logo-3d-infoenn-con-fondo-blanco.jpg 1696w, https:\/\/infoelnuevonorte.com\/wp-content\/uploads\/2025\/11\/Logo-3d-infoenn-con-fondo-blanco-300x108.jpg 300w, https:\/\/infoelnuevonorte.com\/wp-content\/uploads\/2025\/11\/Logo-3d-infoenn-con-fondo-blanco-1024x367.jpg 1024w, https:\/\/infoelnuevonorte.com\/wp-content\/uploads\/2025\/11\/Logo-3d-infoenn-con-fondo-blanco-768x275.jpg 768w, https:\/\/infoelnuevonorte.com\/wp-content\/uploads\/2025\/11\/Logo-3d-infoenn-con-fondo-blanco-1536x551.jpg 1536w, https:\/\/infoelnuevonorte.com\/wp-content\/uploads\/2025\/11\/Logo-3d-infoenn-con-fondo-blanco-1172x420.jpg 1172w, https:\/\/infoelnuevonorte.com\/wp-content\/uploads\/2025\/11\/Logo-3d-infoenn-con-fondo-blanco-150x54.jpg 150w, https:\/\/infoelnuevonorte.com\/wp-content\/uploads\/2025\/11\/Logo-3d-infoenn-con-fondo-blanco-696x250.jpg 696w, https:\/\/infoelnuevonorte.com\/wp-content\/uploads\/2025\/11\/Logo-3d-infoenn-con-fondo-blanco-1068x383.jpg 1068w\" sizes=\"(max-width: 240px) 100vw, 240px\" \/><\/a>El Nuevo Norte<\/strong> es un peri\u00f3dico digital dominicano fundado el <strong data-start=\"65\" data-end=\"90\">12 de febrero de 2006<\/strong> por el periodista <strong data-start=\"109\" data-end=\"129\">Junior Henr\u00edquez<\/strong>, quien funge como director y fundador. A trav\u00e9s de la web <strong data-start=\"188\" data-end=\"212\">infoelnuevonorte.com<\/strong>, el medio ofrece informaci\u00f3n veraz y oportuna sobre los acontecimientos sociales, pol\u00edticos, comunitarios y de actualidad general, tanto a nivel nacional como internacional, promoviendo un periodismo responsable, participativo y comprometido con la libre expresi\u00f3n y el fortalecimiento de la democracia informativa.<\/p>\n<\/div><\/div>\n<\/div><\/div>\n","protected":false},"excerpt":{"rendered":"<p>Aunque en la\u00a0zona fronteriza\u00a0se registra un leve aumento de\u00a0empleadores\u00a0y del total de\u00a0salarios pagados, los sueldos siguen muy por debajo del promedio\u00a0nacional, una brecha que, junto con la ca\u00edda de asalariados y la baja formalizaci\u00f3n, mantiene una base tributaria peque\u00f1a y concentrada en pocas provincias, limitando la generaci\u00f3n de ingresos fiscales y ampliando las desigualdades territoriales [&hellip;]<\/p>\n","protected":false},"author":2,"featured_media":183485,"comment_status":"closed","ping_status":"open","sticky":false,"template":"","format":"standard","meta":{"footnotes":""},"categories":[15,8],"tags":[],"yoast_head":"<!-- This site is optimized with the Yoast SEO plugin v24.5 - https:\/\/yoast.com\/wordpress\/plugins\/seo\/ -->\n<title>La zona fronteriza mantiene una base tributaria reducida y concentrada en pocas provincias | El Nuevo Norte<\/title>\n<meta name=\"robots\" content=\"index, follow, max-snippet:-1, max-image-preview:large, max-video-preview:-1\" \/>\n<link rel=\"canonical\" href=\"https:\/\/infoelnuevonorte.com\/?p=183483\" \/>\n<meta property=\"og:locale\" content=\"es_ES\" \/>\n<meta property=\"og:type\" content=\"article\" \/>\n<meta property=\"og:title\" content=\"La zona fronteriza mantiene una base tributaria reducida y concentrada en pocas provincias | El Nuevo Norte\" \/>\n<meta property=\"og:description\" content=\"Aunque en la\u00a0zona fronteriza\u00a0se registra un leve aumento de\u00a0empleadores\u00a0y del total de\u00a0salarios pagados, los sueldos siguen muy por debajo del promedio\u00a0nacional, una brecha que, junto con la ca\u00edda de asalariados y la baja formalizaci\u00f3n, mantiene una base tributaria peque\u00f1a y concentrada en pocas provincias, limitando la generaci\u00f3n de ingresos fiscales y ampliando las desigualdades territoriales [&hellip;]\" \/>\n<meta property=\"og:url\" content=\"https:\/\/infoelnuevonorte.com\/?p=183483\" \/>\n<meta property=\"og:site_name\" content=\"El Nuevo Norte\" \/>\n<meta property=\"article:publisher\" content=\"https:\/\/www.facebook.com\/infoenn\" \/>\n<meta property=\"article:published_time\" content=\"2026-01-25T15:12:14+00:00\" \/>\n<meta property=\"article:modified_time\" content=\"2026-01-25T15:12:16+00:00\" \/>\n<meta property=\"og:image\" content=\"https:\/\/infoelnuevonorte.com\/wp-content\/uploads\/2026\/01\/descarga-2026-01-25T110736.809.png\" \/>\n\t<meta property=\"og:image:width\" content=\"896\" \/>\n\t<meta property=\"og:image:height\" content=\"504\" \/>\n\t<meta property=\"og:image:type\" content=\"image\/png\" \/>\n<meta name=\"author\" content=\"T. R.\" \/>\n<meta name=\"twitter:card\" content=\"summary_large_image\" \/>\n<meta name=\"twitter:creator\" content=\"@Elnuevo_norte\" \/>\n<meta name=\"twitter:site\" content=\"@Elnuevo_norte\" \/>\n<meta name=\"twitter:label1\" content=\"Written by\" \/>\n\t<meta name=\"twitter:data1\" content=\"T. R.\" \/>\n\t<meta name=\"twitter:label2\" content=\"Est. reading time\" \/>\n\t<meta name=\"twitter:data2\" content=\"6 minutos\" \/>\n<script type=\"application\/ld+json\" class=\"yoast-schema-graph\">{\"@context\":\"https:\/\/schema.org\",\"@graph\":[{\"@type\":\"Article\",\"@id\":\"https:\/\/infoelnuevonorte.com\/?p=183483#article\",\"isPartOf\":{\"@id\":\"https:\/\/infoelnuevonorte.com\/?p=183483\"},\"author\":{\"name\":\"T. R.\",\"@id\":\"https:\/\/infoelnuevonorte.com\/#\/schema\/person\/3accb35eb55f55e96c492b52d085a403\"},\"headline\":\"La zona fronteriza mantiene una base tributaria reducida y concentrada en pocas provincias\",\"datePublished\":\"2026-01-25T15:12:14+00:00\",\"dateModified\":\"2026-01-25T15:12:16+00:00\",\"mainEntityOfPage\":{\"@id\":\"https:\/\/infoelnuevonorte.com\/?p=183483\"},\"wordCount\":818,\"publisher\":{\"@id\":\"https:\/\/infoelnuevonorte.com\/#organization\"},\"image\":{\"@id\":\"https:\/\/infoelnuevonorte.com\/?p=183483#primaryimage\"},\"thumbnailUrl\":\"https:\/\/infoelnuevonorte.com\/wp-content\/uploads\/2026\/01\/descarga-2026-01-25T110736.809.png\",\"articleSection\":[\"Economicas\",\"Nacionales\"],\"inLanguage\":\"es-DO\"},{\"@type\":\"WebPage\",\"@id\":\"https:\/\/infoelnuevonorte.com\/?p=183483\",\"url\":\"https:\/\/infoelnuevonorte.com\/?p=183483\",\"name\":\"La zona fronteriza mantiene una base tributaria reducida y concentrada en pocas provincias | El Nuevo Norte\",\"isPartOf\":{\"@id\":\"https:\/\/infoelnuevonorte.com\/#website\"},\"primaryImageOfPage\":{\"@id\":\"https:\/\/infoelnuevonorte.com\/?p=183483#primaryimage\"},\"image\":{\"@id\":\"https:\/\/infoelnuevonorte.com\/?p=183483#primaryimage\"},\"thumbnailUrl\":\"https:\/\/infoelnuevonorte.com\/wp-content\/uploads\/2026\/01\/descarga-2026-01-25T110736.809.png\",\"datePublished\":\"2026-01-25T15:12:14+00:00\",\"dateModified\":\"2026-01-25T15:12:16+00:00\",\"breadcrumb\":{\"@id\":\"https:\/\/infoelnuevonorte.com\/?p=183483#breadcrumb\"},\"inLanguage\":\"es-DO\",\"potentialAction\":[{\"@type\":\"ReadAction\",\"target\":[\"https:\/\/infoelnuevonorte.com\/?p=183483\"]}]},{\"@type\":\"ImageObject\",\"inLanguage\":\"es-DO\",\"@id\":\"https:\/\/infoelnuevonorte.com\/?p=183483#primaryimage\",\"url\":\"https:\/\/infoelnuevonorte.com\/wp-content\/uploads\/2026\/01\/descarga-2026-01-25T110736.809.png\",\"contentUrl\":\"https:\/\/infoelnuevonorte.com\/wp-content\/uploads\/2026\/01\/descarga-2026-01-25T110736.809.png\",\"width\":896,\"height\":504},{\"@type\":\"BreadcrumbList\",\"@id\":\"https:\/\/infoelnuevonorte.com\/?p=183483#breadcrumb\",\"itemListElement\":[{\"@type\":\"ListItem\",\"position\":1,\"name\":\"Home\",\"item\":\"https:\/\/infoelnuevonorte.com\/\"},{\"@type\":\"ListItem\",\"position\":2,\"name\":\"La zona fronteriza mantiene una base tributaria reducida y concentrada en pocas provincias\"}]},{\"@type\":\"WebSite\",\"@id\":\"https:\/\/infoelnuevonorte.com\/#website\",\"url\":\"https:\/\/infoelnuevonorte.com\/\",\"name\":\"InfoEnn\",\"description\":\"Tu Voz, tu Verdad, tu Diario!!!\",\"publisher\":{\"@id\":\"https:\/\/infoelnuevonorte.com\/#organization\"},\"alternateName\":\"El Nuevo Norte\",\"potentialAction\":[{\"@type\":\"SearchAction\",\"target\":{\"@type\":\"EntryPoint\",\"urlTemplate\":\"https:\/\/infoelnuevonorte.com\/?s={search_term_string}\"},\"query-input\":{\"@type\":\"PropertyValueSpecification\",\"valueRequired\":true,\"valueName\":\"search_term_string\"}}],\"inLanguage\":\"es-DO\"},{\"@type\":\"Organization\",\"@id\":\"https:\/\/infoelnuevonorte.com\/#organization\",\"name\":\"Info El Nuevo Norte\",\"alternateName\":\"El Nuevo Norte\",\"url\":\"https:\/\/infoelnuevonorte.com\/\",\"logo\":{\"@type\":\"ImageObject\",\"inLanguage\":\"es-DO\",\"@id\":\"https:\/\/infoelnuevonorte.com\/#\/schema\/logo\/image\/\",\"url\":\"https:\/\/infoelnuevonorte.com\/wp-content\/uploads\/2026\/02\/Logo-Info-enn-3d-20ani.jpeg\",\"contentUrl\":\"https:\/\/infoelnuevonorte.com\/wp-content\/uploads\/2026\/02\/Logo-Info-enn-3d-20ani.jpeg\",\"width\":2046,\"height\":736,\"caption\":\"Info El Nuevo Norte\"},\"image\":{\"@id\":\"https:\/\/infoelnuevonorte.com\/#\/schema\/logo\/image\/\"},\"sameAs\":[\"https:\/\/www.facebook.com\/infoenn\",\"https:\/\/x.com\/Elnuevo_norte\",\"https:\/\/www.instagram.com\/infoenn\",\"https:\/\/www.facebook.com\/ENNRD\"]},{\"@type\":\"Person\",\"@id\":\"https:\/\/infoelnuevonorte.com\/#\/schema\/person\/3accb35eb55f55e96c492b52d085a403\",\"name\":\"T. R.\",\"image\":{\"@type\":\"ImageObject\",\"inLanguage\":\"es-DO\",\"@id\":\"https:\/\/infoelnuevonorte.com\/#\/schema\/person\/image\/\",\"url\":\"https:\/\/secure.gravatar.com\/avatar\/40543a038bda97abdb765b1662e9677d?s=96&d=robohash&r=g\",\"contentUrl\":\"https:\/\/secure.gravatar.com\/avatar\/40543a038bda97abdb765b1662e9677d?s=96&d=robohash&r=g\",\"caption\":\"T. R.\"},\"url\":\"https:\/\/infoelnuevonorte.com\/?author=2\"}]}<\/script>\n<!-- \/ Yoast SEO plugin. -->","yoast_head_json":{"title":"La zona fronteriza mantiene una base tributaria reducida y concentrada en pocas provincias | El Nuevo Norte","robots":{"index":"index","follow":"follow","max-snippet":"max-snippet:-1","max-image-preview":"max-image-preview:large","max-video-preview":"max-video-preview:-1"},"canonical":"https:\/\/infoelnuevonorte.com\/?p=183483","og_locale":"es_ES","og_type":"article","og_title":"La zona fronteriza mantiene una base tributaria reducida y concentrada en pocas provincias | El Nuevo Norte","og_description":"Aunque en la\u00a0zona fronteriza\u00a0se registra un leve aumento de\u00a0empleadores\u00a0y del total de\u00a0salarios pagados, los sueldos siguen muy por debajo del promedio\u00a0nacional, una brecha que, junto con la ca\u00edda de asalariados y la baja formalizaci\u00f3n, mantiene una base tributaria peque\u00f1a y concentrada en pocas provincias, limitando la generaci\u00f3n de ingresos fiscales y ampliando las desigualdades territoriales [&hellip;]","og_url":"https:\/\/infoelnuevonorte.com\/?p=183483","og_site_name":"El Nuevo Norte","article_publisher":"https:\/\/www.facebook.com\/infoenn","article_published_time":"2026-01-25T15:12:14+00:00","article_modified_time":"2026-01-25T15:12:16+00:00","og_image":[{"width":896,"height":504,"url":"https:\/\/infoelnuevonorte.com\/wp-content\/uploads\/2026\/01\/descarga-2026-01-25T110736.809.png","type":"image\/png"}],"author":"T. R.","twitter_card":"summary_large_image","twitter_creator":"@Elnuevo_norte","twitter_site":"@Elnuevo_norte","twitter_misc":{"Written by":"T. R.","Est. reading time":"6 minutos"},"schema":{"@context":"https:\/\/schema.org","@graph":[{"@type":"Article","@id":"https:\/\/infoelnuevonorte.com\/?p=183483#article","isPartOf":{"@id":"https:\/\/infoelnuevonorte.com\/?p=183483"},"author":{"name":"T. R.","@id":"https:\/\/infoelnuevonorte.com\/#\/schema\/person\/3accb35eb55f55e96c492b52d085a403"},"headline":"La zona fronteriza mantiene una base tributaria reducida y concentrada en pocas provincias","datePublished":"2026-01-25T15:12:14+00:00","dateModified":"2026-01-25T15:12:16+00:00","mainEntityOfPage":{"@id":"https:\/\/infoelnuevonorte.com\/?p=183483"},"wordCount":818,"publisher":{"@id":"https:\/\/infoelnuevonorte.com\/#organization"},"image":{"@id":"https:\/\/infoelnuevonorte.com\/?p=183483#primaryimage"},"thumbnailUrl":"https:\/\/infoelnuevonorte.com\/wp-content\/uploads\/2026\/01\/descarga-2026-01-25T110736.809.png","articleSection":["Economicas","Nacionales"],"inLanguage":"es-DO"},{"@type":"WebPage","@id":"https:\/\/infoelnuevonorte.com\/?p=183483","url":"https:\/\/infoelnuevonorte.com\/?p=183483","name":"La zona fronteriza mantiene una base tributaria reducida y concentrada en pocas provincias | El Nuevo Norte","isPartOf":{"@id":"https:\/\/infoelnuevonorte.com\/#website"},"primaryImageOfPage":{"@id":"https:\/\/infoelnuevonorte.com\/?p=183483#primaryimage"},"image":{"@id":"https:\/\/infoelnuevonorte.com\/?p=183483#primaryimage"},"thumbnailUrl":"https:\/\/infoelnuevonorte.com\/wp-content\/uploads\/2026\/01\/descarga-2026-01-25T110736.809.png","datePublished":"2026-01-25T15:12:14+00:00","dateModified":"2026-01-25T15:12:16+00:00","breadcrumb":{"@id":"https:\/\/infoelnuevonorte.com\/?p=183483#breadcrumb"},"inLanguage":"es-DO","potentialAction":[{"@type":"ReadAction","target":["https:\/\/infoelnuevonorte.com\/?p=183483"]}]},{"@type":"ImageObject","inLanguage":"es-DO","@id":"https:\/\/infoelnuevonorte.com\/?p=183483#primaryimage","url":"https:\/\/infoelnuevonorte.com\/wp-content\/uploads\/2026\/01\/descarga-2026-01-25T110736.809.png","contentUrl":"https:\/\/infoelnuevonorte.com\/wp-content\/uploads\/2026\/01\/descarga-2026-01-25T110736.809.png","width":896,"height":504},{"@type":"BreadcrumbList","@id":"https:\/\/infoelnuevonorte.com\/?p=183483#breadcrumb","itemListElement":[{"@type":"ListItem","position":1,"name":"Home","item":"https:\/\/infoelnuevonorte.com\/"},{"@type":"ListItem","position":2,"name":"La zona fronteriza mantiene una base tributaria reducida y concentrada en pocas provincias"}]},{"@type":"WebSite","@id":"https:\/\/infoelnuevonorte.com\/#website","url":"https:\/\/infoelnuevonorte.com\/","name":"InfoEnn","description":"Tu Voz, tu Verdad, tu Diario!!!","publisher":{"@id":"https:\/\/infoelnuevonorte.com\/#organization"},"alternateName":"El Nuevo Norte","potentialAction":[{"@type":"SearchAction","target":{"@type":"EntryPoint","urlTemplate":"https:\/\/infoelnuevonorte.com\/?s={search_term_string}"},"query-input":{"@type":"PropertyValueSpecification","valueRequired":true,"valueName":"search_term_string"}}],"inLanguage":"es-DO"},{"@type":"Organization","@id":"https:\/\/infoelnuevonorte.com\/#organization","name":"Info El Nuevo Norte","alternateName":"El Nuevo Norte","url":"https:\/\/infoelnuevonorte.com\/","logo":{"@type":"ImageObject","inLanguage":"es-DO","@id":"https:\/\/infoelnuevonorte.com\/#\/schema\/logo\/image\/","url":"https:\/\/infoelnuevonorte.com\/wp-content\/uploads\/2026\/02\/Logo-Info-enn-3d-20ani.jpeg","contentUrl":"https:\/\/infoelnuevonorte.com\/wp-content\/uploads\/2026\/02\/Logo-Info-enn-3d-20ani.jpeg","width":2046,"height":736,"caption":"Info El Nuevo Norte"},"image":{"@id":"https:\/\/infoelnuevonorte.com\/#\/schema\/logo\/image\/"},"sameAs":["https:\/\/www.facebook.com\/infoenn","https:\/\/x.com\/Elnuevo_norte","https:\/\/www.instagram.com\/infoenn","https:\/\/www.facebook.com\/ENNRD"]},{"@type":"Person","@id":"https:\/\/infoelnuevonorte.com\/#\/schema\/person\/3accb35eb55f55e96c492b52d085a403","name":"T. R.","image":{"@type":"ImageObject","inLanguage":"es-DO","@id":"https:\/\/infoelnuevonorte.com\/#\/schema\/person\/image\/","url":"https:\/\/secure.gravatar.com\/avatar\/40543a038bda97abdb765b1662e9677d?s=96&d=robohash&r=g","contentUrl":"https:\/\/secure.gravatar.com\/avatar\/40543a038bda97abdb765b1662e9677d?s=96&d=robohash&r=g","caption":"T. R."},"url":"https:\/\/infoelnuevonorte.com\/?author=2"}]}},"_links":{"self":[{"href":"https:\/\/infoelnuevonorte.com\/index.php?rest_route=\/wp\/v2\/posts\/183483"}],"collection":[{"href":"https:\/\/infoelnuevonorte.com\/index.php?rest_route=\/wp\/v2\/posts"}],"about":[{"href":"https:\/\/infoelnuevonorte.com\/index.php?rest_route=\/wp\/v2\/types\/post"}],"author":[{"embeddable":true,"href":"https:\/\/infoelnuevonorte.com\/index.php?rest_route=\/wp\/v2\/users\/2"}],"replies":[{"embeddable":true,"href":"https:\/\/infoelnuevonorte.com\/index.php?rest_route=%2Fwp%2Fv2%2Fcomments&post=183483"}],"version-history":[{"count":1,"href":"https:\/\/infoelnuevonorte.com\/index.php?rest_route=\/wp\/v2\/posts\/183483\/revisions"}],"predecessor-version":[{"id":183486,"href":"https:\/\/infoelnuevonorte.com\/index.php?rest_route=\/wp\/v2\/posts\/183483\/revisions\/183486"}],"wp:featuredmedia":[{"embeddable":true,"href":"https:\/\/infoelnuevonorte.com\/index.php?rest_route=\/wp\/v2\/media\/183485"}],"wp:attachment":[{"href":"https:\/\/infoelnuevonorte.com\/index.php?rest_route=%2Fwp%2Fv2%2Fmedia&parent=183483"}],"wp:term":[{"taxonomy":"category","embeddable":true,"href":"https:\/\/infoelnuevonorte.com\/index.php?rest_route=%2Fwp%2Fv2%2Fcategories&post=183483"},{"taxonomy":"post_tag","embeddable":true,"href":"https:\/\/infoelnuevonorte.com\/index.php?rest_route=%2Fwp%2Fv2%2Ftags&post=183483"}],"curies":[{"name":"wp","href":"https:\/\/api.w.org\/{rel}","templated":true}]}}