{"id":18745,"date":"2024-04-21T09:22:01","date_gmt":"2024-04-21T13:22:01","guid":{"rendered":"https:\/\/infoelnuevonorte.com\/?p=18745"},"modified":"2024-04-21T09:22:04","modified_gmt":"2024-04-21T13:22:04","slug":"arrestan-en-rep-dominicana-tres-miembros-de-la-farc-de-p-rico","status":"publish","type":"post","link":"https:\/\/infoelnuevonorte.com\/?p=18745","title":{"rendered":"Arrestan en Rep. Dominicana tres miembros de la FARC, de P. Rico"},"content":{"rendered":"<!--[if lt IE 9]><script>document.createElement('audio');<\/script><![endif]-->\n<audio class=\"wp-audio-shortcode\" id=\"audio-18745-1\" preload=\"none\" style=\"width: 100%;\" controls=\"controls\"><source type=\"audio\/mpeg\" src=\"https:\/\/infoelnuevonorte.com\/wp-content\/uploads\/2024\/04\/ttsmaker-file-2024-4-21-9-21-14.mp3?_=1\" \/><a href=\"https:\/\/infoelnuevonorte.com\/wp-content\/uploads\/2024\/04\/ttsmaker-file-2024-4-21-9-21-14.mp3\">https:\/\/infoelnuevonorte.com\/wp-content\/uploads\/2024\/04\/ttsmaker-file-2024-4-21-9-21-14.mp3<\/a><\/audio>\n<p style=\"text-align: justify;\"><strong>San Juan.-<\/strong> Tres miembros de la organizaci\u00f3n criminal puertorrique\u00f1a Las FARC, acusados de una matanza en 2022, fueron detenidos este s\u00e1bado cuando intentaban entrara en una yola a Punta Cana, en la Rep\u00fablica Dominicana, seg\u00fan inform\u00f3 la Polic\u00eda de Puerto Rico.<\/p>\n<p style=\"text-align: justify;\">Los arrestos se produjeron en un operativo realizado por la Polic\u00eda Nacional de Rep\u00fablica Dominicana y la Interpol, en apoyo a la Polic\u00eda puertorrique\u00f1a.<\/p>\n<p style=\"text-align: justify;\">Los tres detenidos por las autoridades dominicanas son <strong>Pablo Jos\u00e9 Verdejo Su\u00e1rez, alias Pablito; Yanzie V\u00e1zquez Gonz\u00e1lez, alias Yanzie; y Juan R. Concepci\u00f3n Mercado, alias Martillo.<\/strong><\/p>\n<p style=\"text-align: justify;\">Estos ser\u00e1n entregados a la Interpol, quien a su vez los transportar\u00e1 a Puerto Rico para que se diligencien las \u00f3rdenes de arresto emitidas por la Justicia puertorrique\u00f1a.<\/p>\n<p style=\"text-align: justify;\"><strong>CERCA DE 500 CARGOS<\/strong><\/p>\n<p style=\"text-align: justify;\">La Fiscal\u00eda de San Juan radic\u00f3 esta semana cerca de 500 cargos contra 15 miembros de Las FARC por la masacre del residencial Quintana (complejo de vivienda p\u00fablica) en San Juan, ocurrida en julio del 2022.<\/p>\n<p style=\"text-align: justify;\">Se les fij\u00f3 una fianza global de 61 millones de d\u00f3lares a los imputados por el asesinato de tres miembros de la organizaci\u00f3n criminal que lideraba el residencial Quintana y de un cuarto joven no vinculado al grupo.<\/p>\n<p style=\"text-align: justify;\">Los detenidos de hoy se suman a los ocho que hab\u00eda capturado la Divisi\u00f3n de Inteligencia y Arresto de la Polic\u00eda de Puerto Rico.<\/p>\n<p style=\"text-align: justify;\">La Superintendencia de Operaciones Especiales de la Polic\u00eda, a cargo del operativo de b\u00fasqueda, mantiene la solicitud de colaboraci\u00f3n ciudadana para dar con el paradero de los cuatro pr\u00f3fugos restantes.<\/p>\n<p style=\"text-align: justify;\">Estos son Jairo S\u00e1nchez Medina, alias Pri; Alberto Valdez, alias Pelota; Pedro Juan Santiago Rodr\u00edguez, alias Cuate; y Anderson Bierd Melo, alias Melo.<\/p>\n","protected":false},"excerpt":{"rendered":"<p>San Juan.- Tres miembros de la organizaci\u00f3n criminal puertorrique\u00f1a Las FARC, acusados de una matanza en 2022, fueron detenidos este s\u00e1bado cuando intentaban entrara en una yola a Punta Cana, en la Rep\u00fablica Dominicana, seg\u00fan inform\u00f3 la Polic\u00eda de Puerto Rico. Los arrestos se produjeron en un operativo realizado por la Polic\u00eda Nacional de Rep\u00fablica [&hellip;]<\/p>\n","protected":false},"author":1,"featured_media":0,"comment_status":"closed","ping_status":"open","sticky":false,"template":"","format":"standard","meta":{"footnotes":""},"categories":[8],"tags":[],"yoast_head":"<!-- This site is optimized with the Yoast SEO plugin v24.5 - https:\/\/yoast.com\/wordpress\/plugins\/seo\/ -->\n<title>Arrestan en Rep. Dominicana tres miembros de la FARC, de P. Rico | El Nuevo Norte<\/title>\n<meta name=\"robots\" content=\"index, follow, max-snippet:-1, max-image-preview:large, max-video-preview:-1\" \/>\n<link rel=\"canonical\" href=\"https:\/\/infoelnuevonorte.com\/?p=18745\" \/>\n<meta property=\"og:locale\" content=\"es_ES\" \/>\n<meta property=\"og:type\" content=\"article\" \/>\n<meta property=\"og:title\" content=\"Arrestan en Rep. Dominicana tres miembros de la FARC, de P. Rico | El Nuevo Norte\" \/>\n<meta property=\"og:description\" content=\"San Juan.- Tres miembros de la organizaci\u00f3n criminal puertorrique\u00f1a Las FARC, acusados de una matanza en 2022, fueron detenidos este s\u00e1bado cuando intentaban entrara en una yola a Punta Cana, en la Rep\u00fablica Dominicana, seg\u00fan inform\u00f3 la Polic\u00eda de Puerto Rico. Los arrestos se produjeron en un operativo realizado por la Polic\u00eda Nacional de Rep\u00fablica [&hellip;]\" \/>\n<meta property=\"og:url\" content=\"https:\/\/infoelnuevonorte.com\/?p=18745\" \/>\n<meta property=\"og:site_name\" content=\"El Nuevo Norte\" \/>\n<meta property=\"article:publisher\" content=\"https:\/\/www.facebook.com\/infoenn\" \/>\n<meta property=\"article:published_time\" content=\"2024-04-21T13:22:01+00:00\" \/>\n<meta property=\"article:modified_time\" content=\"2024-04-21T13:22:04+00:00\" \/>\n<meta property=\"og:image\" content=\"https:\/\/infoelnuevonorte.com\/wp-content\/uploads\/2024\/04\/farc-pr-jpeg.webp\" \/>\n\t<meta property=\"og:image:width\" content=\"1155\" \/>\n\t<meta property=\"og:image:height\" content=\"674\" \/>\n\t<meta property=\"og:image:type\" content=\"image\/jpeg\" \/>\n<meta name=\"author\" content=\"InfoEnn\" \/>\n<meta name=\"twitter:card\" content=\"summary_large_image\" \/>\n<meta name=\"twitter:creator\" content=\"@Elnuevo_norte\" \/>\n<meta name=\"twitter:site\" content=\"@Elnuevo_norte\" \/>\n<meta name=\"twitter:label1\" content=\"Written by\" \/>\n\t<meta name=\"twitter:data1\" content=\"InfoEnn\" \/>\n\t<meta name=\"twitter:label2\" content=\"Est. reading time\" \/>\n\t<meta name=\"twitter:data2\" content=\"2 minutos\" \/>\n<script type=\"application\/ld+json\" class=\"yoast-schema-graph\">{\"@context\":\"https:\/\/schema.org\",\"@graph\":[{\"@type\":\"Article\",\"@id\":\"https:\/\/infoelnuevonorte.com\/?p=18745#article\",\"isPartOf\":{\"@id\":\"https:\/\/infoelnuevonorte.com\/?p=18745\"},\"author\":{\"name\":\"InfoEnn\",\"@id\":\"https:\/\/infoelnuevonorte.com\/#\/schema\/person\/fd4f6d90afe41260818b4ea94ad8ab84\"},\"headline\":\"Arrestan en Rep. Dominicana tres miembros de la FARC, de P. Rico\",\"datePublished\":\"2024-04-21T13:22:01+00:00\",\"dateModified\":\"2024-04-21T13:22:04+00:00\",\"mainEntityOfPage\":{\"@id\":\"https:\/\/infoelnuevonorte.com\/?p=18745\"},\"wordCount\":325,\"publisher\":{\"@id\":\"https:\/\/infoelnuevonorte.com\/#organization\"},\"articleSection\":[\"Nacionales\"],\"inLanguage\":\"es-DO\"},{\"@type\":\"WebPage\",\"@id\":\"https:\/\/infoelnuevonorte.com\/?p=18745\",\"url\":\"https:\/\/infoelnuevonorte.com\/?p=18745\",\"name\":\"Arrestan en Rep. Dominicana tres miembros de la FARC, de P. Rico | El Nuevo Norte\",\"isPartOf\":{\"@id\":\"https:\/\/infoelnuevonorte.com\/#website\"},\"datePublished\":\"2024-04-21T13:22:01+00:00\",\"dateModified\":\"2024-04-21T13:22:04+00:00\",\"breadcrumb\":{\"@id\":\"https:\/\/infoelnuevonorte.com\/?p=18745#breadcrumb\"},\"inLanguage\":\"es-DO\",\"potentialAction\":[{\"@type\":\"ReadAction\",\"target\":[\"https:\/\/infoelnuevonorte.com\/?p=18745\"]}]},{\"@type\":\"BreadcrumbList\",\"@id\":\"https:\/\/infoelnuevonorte.com\/?p=18745#breadcrumb\",\"itemListElement\":[{\"@type\":\"ListItem\",\"position\":1,\"name\":\"Home\",\"item\":\"https:\/\/infoelnuevonorte.com\/\"},{\"@type\":\"ListItem\",\"position\":2,\"name\":\"Arrestan en Rep. Dominicana tres miembros de la FARC, de P. Rico\"}]},{\"@type\":\"WebSite\",\"@id\":\"https:\/\/infoelnuevonorte.com\/#website\",\"url\":\"https:\/\/infoelnuevonorte.com\/\",\"name\":\"InfoEnn\",\"description\":\"Tu Voz, tu Verdad, tu Diario!!!\",\"publisher\":{\"@id\":\"https:\/\/infoelnuevonorte.com\/#organization\"},\"alternateName\":\"El Nuevo Norte\",\"potentialAction\":[{\"@type\":\"SearchAction\",\"target\":{\"@type\":\"EntryPoint\",\"urlTemplate\":\"https:\/\/infoelnuevonorte.com\/?s={search_term_string}\"},\"query-input\":{\"@type\":\"PropertyValueSpecification\",\"valueRequired\":true,\"valueName\":\"search_term_string\"}}],\"inLanguage\":\"es-DO\"},{\"@type\":\"Organization\",\"@id\":\"https:\/\/infoelnuevonorte.com\/#organization\",\"name\":\"Info El Nuevo Norte\",\"alternateName\":\"El Nuevo Norte\",\"url\":\"https:\/\/infoelnuevonorte.com\/\",\"logo\":{\"@type\":\"ImageObject\",\"inLanguage\":\"es-DO\",\"@id\":\"https:\/\/infoelnuevonorte.com\/#\/schema\/logo\/image\/\",\"url\":\"https:\/\/infoelnuevonorte.com\/wp-content\/uploads\/2026\/02\/Logo-Info-enn-3d-20ani.jpeg\",\"contentUrl\":\"https:\/\/infoelnuevonorte.com\/wp-content\/uploads\/2026\/02\/Logo-Info-enn-3d-20ani.jpeg\",\"width\":2046,\"height\":736,\"caption\":\"Info El Nuevo Norte\"},\"image\":{\"@id\":\"https:\/\/infoelnuevonorte.com\/#\/schema\/logo\/image\/\"},\"sameAs\":[\"https:\/\/www.facebook.com\/infoenn\",\"https:\/\/x.com\/Elnuevo_norte\",\"https:\/\/www.instagram.com\/infoenn\",\"https:\/\/www.facebook.com\/ENNRD\"]},{\"@type\":\"Person\",\"@id\":\"https:\/\/infoelnuevonorte.com\/#\/schema\/person\/fd4f6d90afe41260818b4ea94ad8ab84\",\"name\":\"InfoEnn\",\"image\":{\"@type\":\"ImageObject\",\"inLanguage\":\"es-DO\",\"@id\":\"https:\/\/infoelnuevonorte.com\/#\/schema\/person\/image\/\",\"url\":\"https:\/\/secure.gravatar.com\/avatar\/d4d760a41a48ba9db0a82bfb63bb0783?s=96&d=robohash&r=g\",\"contentUrl\":\"https:\/\/secure.gravatar.com\/avatar\/d4d760a41a48ba9db0a82bfb63bb0783?s=96&d=robohash&r=g\",\"caption\":\"InfoEnn\"},\"sameAs\":[\"https:\/\/infoelnuevonorte.com\"],\"url\":\"https:\/\/infoelnuevonorte.com\/?author=1\"}]}<\/script>\n<!-- \/ Yoast SEO plugin. -->","yoast_head_json":{"title":"Arrestan en Rep. Dominicana tres miembros de la FARC, de P. Rico | El Nuevo Norte","robots":{"index":"index","follow":"follow","max-snippet":"max-snippet:-1","max-image-preview":"max-image-preview:large","max-video-preview":"max-video-preview:-1"},"canonical":"https:\/\/infoelnuevonorte.com\/?p=18745","og_locale":"es_ES","og_type":"article","og_title":"Arrestan en Rep. Dominicana tres miembros de la FARC, de P. Rico | El Nuevo Norte","og_description":"San Juan.- Tres miembros de la organizaci\u00f3n criminal puertorrique\u00f1a Las FARC, acusados de una matanza en 2022, fueron detenidos este s\u00e1bado cuando intentaban entrara en una yola a Punta Cana, en la Rep\u00fablica Dominicana, seg\u00fan inform\u00f3 la Polic\u00eda de Puerto Rico. Los arrestos se produjeron en un operativo realizado por la Polic\u00eda Nacional de Rep\u00fablica [&hellip;]","og_url":"https:\/\/infoelnuevonorte.com\/?p=18745","og_site_name":"El Nuevo Norte","article_publisher":"https:\/\/www.facebook.com\/infoenn","article_published_time":"2024-04-21T13:22:01+00:00","article_modified_time":"2024-04-21T13:22:04+00:00","og_image":[{"width":1155,"height":674,"url":"https:\/\/infoelnuevonorte.com\/wp-content\/uploads\/2024\/04\/farc-pr-jpeg.webp","type":"image\/jpeg"}],"author":"InfoEnn","twitter_card":"summary_large_image","twitter_creator":"@Elnuevo_norte","twitter_site":"@Elnuevo_norte","twitter_misc":{"Written by":"InfoEnn","Est. reading time":"2 minutos"},"schema":{"@context":"https:\/\/schema.org","@graph":[{"@type":"Article","@id":"https:\/\/infoelnuevonorte.com\/?p=18745#article","isPartOf":{"@id":"https:\/\/infoelnuevonorte.com\/?p=18745"},"author":{"name":"InfoEnn","@id":"https:\/\/infoelnuevonorte.com\/#\/schema\/person\/fd4f6d90afe41260818b4ea94ad8ab84"},"headline":"Arrestan en Rep. Dominicana tres miembros de la FARC, de P. Rico","datePublished":"2024-04-21T13:22:01+00:00","dateModified":"2024-04-21T13:22:04+00:00","mainEntityOfPage":{"@id":"https:\/\/infoelnuevonorte.com\/?p=18745"},"wordCount":325,"publisher":{"@id":"https:\/\/infoelnuevonorte.com\/#organization"},"articleSection":["Nacionales"],"inLanguage":"es-DO"},{"@type":"WebPage","@id":"https:\/\/infoelnuevonorte.com\/?p=18745","url":"https:\/\/infoelnuevonorte.com\/?p=18745","name":"Arrestan en Rep. Dominicana tres miembros de la FARC, de P. Rico | El Nuevo Norte","isPartOf":{"@id":"https:\/\/infoelnuevonorte.com\/#website"},"datePublished":"2024-04-21T13:22:01+00:00","dateModified":"2024-04-21T13:22:04+00:00","breadcrumb":{"@id":"https:\/\/infoelnuevonorte.com\/?p=18745#breadcrumb"},"inLanguage":"es-DO","potentialAction":[{"@type":"ReadAction","target":["https:\/\/infoelnuevonorte.com\/?p=18745"]}]},{"@type":"BreadcrumbList","@id":"https:\/\/infoelnuevonorte.com\/?p=18745#breadcrumb","itemListElement":[{"@type":"ListItem","position":1,"name":"Home","item":"https:\/\/infoelnuevonorte.com\/"},{"@type":"ListItem","position":2,"name":"Arrestan en Rep. Dominicana tres miembros de la FARC, de P. Rico"}]},{"@type":"WebSite","@id":"https:\/\/infoelnuevonorte.com\/#website","url":"https:\/\/infoelnuevonorte.com\/","name":"InfoEnn","description":"Tu Voz, tu Verdad, tu Diario!!!","publisher":{"@id":"https:\/\/infoelnuevonorte.com\/#organization"},"alternateName":"El Nuevo Norte","potentialAction":[{"@type":"SearchAction","target":{"@type":"EntryPoint","urlTemplate":"https:\/\/infoelnuevonorte.com\/?s={search_term_string}"},"query-input":{"@type":"PropertyValueSpecification","valueRequired":true,"valueName":"search_term_string"}}],"inLanguage":"es-DO"},{"@type":"Organization","@id":"https:\/\/infoelnuevonorte.com\/#organization","name":"Info El Nuevo Norte","alternateName":"El Nuevo Norte","url":"https:\/\/infoelnuevonorte.com\/","logo":{"@type":"ImageObject","inLanguage":"es-DO","@id":"https:\/\/infoelnuevonorte.com\/#\/schema\/logo\/image\/","url":"https:\/\/infoelnuevonorte.com\/wp-content\/uploads\/2026\/02\/Logo-Info-enn-3d-20ani.jpeg","contentUrl":"https:\/\/infoelnuevonorte.com\/wp-content\/uploads\/2026\/02\/Logo-Info-enn-3d-20ani.jpeg","width":2046,"height":736,"caption":"Info El Nuevo Norte"},"image":{"@id":"https:\/\/infoelnuevonorte.com\/#\/schema\/logo\/image\/"},"sameAs":["https:\/\/www.facebook.com\/infoenn","https:\/\/x.com\/Elnuevo_norte","https:\/\/www.instagram.com\/infoenn","https:\/\/www.facebook.com\/ENNRD"]},{"@type":"Person","@id":"https:\/\/infoelnuevonorte.com\/#\/schema\/person\/fd4f6d90afe41260818b4ea94ad8ab84","name":"InfoEnn","image":{"@type":"ImageObject","inLanguage":"es-DO","@id":"https:\/\/infoelnuevonorte.com\/#\/schema\/person\/image\/","url":"https:\/\/secure.gravatar.com\/avatar\/d4d760a41a48ba9db0a82bfb63bb0783?s=96&d=robohash&r=g","contentUrl":"https:\/\/secure.gravatar.com\/avatar\/d4d760a41a48ba9db0a82bfb63bb0783?s=96&d=robohash&r=g","caption":"InfoEnn"},"sameAs":["https:\/\/infoelnuevonorte.com"],"url":"https:\/\/infoelnuevonorte.com\/?author=1"}]}},"_links":{"self":[{"href":"https:\/\/infoelnuevonorte.com\/index.php?rest_route=\/wp\/v2\/posts\/18745"}],"collection":[{"href":"https:\/\/infoelnuevonorte.com\/index.php?rest_route=\/wp\/v2\/posts"}],"about":[{"href":"https:\/\/infoelnuevonorte.com\/index.php?rest_route=\/wp\/v2\/types\/post"}],"author":[{"embeddable":true,"href":"https:\/\/infoelnuevonorte.com\/index.php?rest_route=\/wp\/v2\/users\/1"}],"replies":[{"embeddable":true,"href":"https:\/\/infoelnuevonorte.com\/index.php?rest_route=%2Fwp%2Fv2%2Fcomments&post=18745"}],"version-history":[{"count":0,"href":"https:\/\/infoelnuevonorte.com\/index.php?rest_route=\/wp\/v2\/posts\/18745\/revisions"}],"wp:attachment":[{"href":"https:\/\/infoelnuevonorte.com\/index.php?rest_route=%2Fwp%2Fv2%2Fmedia&parent=18745"}],"wp:term":[{"taxonomy":"category","embeddable":true,"href":"https:\/\/infoelnuevonorte.com\/index.php?rest_route=%2Fwp%2Fv2%2Fcategories&post=18745"},{"taxonomy":"post_tag","embeddable":true,"href":"https:\/\/infoelnuevonorte.com\/index.php?rest_route=%2Fwp%2Fv2%2Ftags&post=18745"}],"curies":[{"name":"wp","href":"https:\/\/api.w.org\/{rel}","templated":true}]}}