{"id":19431,"date":"2024-04-26T11:05:31","date_gmt":"2024-04-26T15:05:31","guid":{"rendered":"https:\/\/infoelnuevonorte.com\/?p=19431"},"modified":"2024-04-26T11:05:33","modified_gmt":"2024-04-26T15:05:33","slug":"padres-reclaman-a-la-adp-mantener-la-docencia","status":"publish","type":"post","link":"https:\/\/infoelnuevonorte.com\/?p=19431","title":{"rendered":"Padres reclaman a la ADP mantener la docencia"},"content":{"rendered":"<div class=\"content\">\n<div class=\"moz-reader-content reader-show-element\">\n<div id=\"readability-page-1\" class=\"page\">\n<div data-mrf-recirculation=\"Cuerpo Detalle\">\n<p style=\"text-align: justify;\">Las figuras de los padres, amigos y tutores de ni\u00f1os en edad escolar, agrupados en la \u201cFederaci\u00f3n Nacional de Asociaciones de Padres\u201d y el movimiento \u201cLa ADP me tiene Jarto\u201d, se han pronunciado como parte de la contienda entre la Asociaci\u00f3n Dominicana de Profesores y el Ministerio de Educaci\u00f3n (Mined).<\/p>\n<p style=\"text-align: justify;\">En conjunto, se movilizaron ayer jueves desde la avenida Bol\u00edvar hasta la sede del gremio contra los paros de docencia por los llamados a concentraciones.<\/p>\n<p style=\"text-align: justify;\">Gritando consignas como \u201c\u00bfy las clases d\u00f3nde est\u00e1n?\u201d y \u201cno m\u00e1s paros de la educaci\u00f3n\u201d, el grupo conformado por supuestos padres, llegaron desde distintas partes del pa\u00eds para hacerse sentir ante la ADP que hoy se re\u00fane una vez m\u00e1s con el ministro de Educaci\u00f3n, \u00c1ngel Hern\u00e1ndez.<\/p>\n<p style=\"text-align: justify;\">\u201cEstamos defendiendo el derecho que tienen los ni\u00f1os a recibir una educaci\u00f3n de calidad. Estamos de acuerdo con lo que exige la ADP, estamos de acuerdo con el aumento y con todo lo dem\u00e1s, lo que pedimos es que se cambien las formas\u201d, precis\u00f3 Jaime Tolentino, presidente de la Federaci\u00f3n de Padres.<\/p>\n<p style=\"text-align: justify;\">Seg\u00fan Tolentino, el inconveniente es que la ADP deja de dar clases para organizar y desarrollar su plan de lucha en reclamo de un aumento salarial de un 20%, por la realizaci\u00f3n pronta de la evaluaci\u00f3n docente, por mejores condiciones m\u00e9dicas que reciben, y otras reivindicaciones m\u00e1s; como el pasado martes, cuando se concentraron ante el Minerd.<\/p>\n<p style=\"text-align: justify;\">Los manifestantes llevaron pancartas en las que dec\u00edan \u201csoy madre\u201d y propiciaban el reclamo de \u201cqueremos clases, no suspensi\u00f3n\u201d.<\/p>\n<p style=\"text-align: justify;\">La ADP se pronuncia<\/p>\n<p style=\"text-align: justify;\">El grupo se encontr\u00f3 con una comisi\u00f3n ejecutiva de la ADP, que encabezaron Tomas Pichardo y Franklin Ferreras, quienes afirmaron que estaban dispuestos a recibirles documentos con sus reclamos, pero no les fueron externados, y a su vez, que los mismos padres tambi\u00e9n se hicieron presentes durante su m\u00e1s reciente concentraci\u00f3n.<\/p>\n<p style=\"text-align: justify;\">La ADP dej\u00f3 claro que continuar\u00e1 llevando sus reclamos hasta que sean escuchados, cuestiones que externar\u00e1 hoy a las 10:00 de la ma\u00f1ana durante la reuni\u00f3n pautada con el ministro Hern\u00e1ndez.<\/p>\n<p style=\"text-align: justify;\">Adem\u00e1s, se quejaron de haber visto movimientos extra\u00f1os con supuestas promesas de pagos a los movilizados, como compra de pica pollos.<\/p>\n<p style=\"text-align: justify;\">Im\u00e1genes tomadas por la Asociaci\u00f3n mostraban perfiles incompatibles con la petici\u00f3n, incluso con personas con botellas de bebidas alcoh\u00f3licas.<\/p>\n<p style=\"text-align: justify;\">Asimismo, se recibi\u00f3 la denuncia de que tambi\u00e9n enviaron el personal de Participaci\u00f3n Comunitaria del Minerd y empleados directos a apoyar como parte de una estrategia.<\/p>\n<\/div>\n<\/div>\n<\/div>\n<\/div>\n","protected":false},"excerpt":{"rendered":"<p>Las figuras de los padres, amigos y tutores de ni\u00f1os en edad escolar, agrupados en la \u201cFederaci\u00f3n Nacional de Asociaciones de Padres\u201d y el movimiento \u201cLa ADP me tiene Jarto\u201d, se han pronunciado como parte de la contienda entre la Asociaci\u00f3n Dominicana de Profesores y el Ministerio de Educaci\u00f3n (Mined). En conjunto, se movilizaron ayer [&hellip;]<\/p>\n","protected":false},"author":1,"featured_media":0,"comment_status":"closed","ping_status":"open","sticky":false,"template":"","format":"standard","meta":{"footnotes":""},"categories":[8],"tags":[],"yoast_head":"<!-- This site is optimized with the Yoast SEO plugin v24.5 - https:\/\/yoast.com\/wordpress\/plugins\/seo\/ -->\n<title>Padres reclaman a la ADP mantener la docencia | El Nuevo Norte<\/title>\n<meta name=\"robots\" content=\"index, follow, max-snippet:-1, max-image-preview:large, max-video-preview:-1\" \/>\n<link rel=\"canonical\" href=\"https:\/\/infoelnuevonorte.com\/?p=19431\" \/>\n<meta property=\"og:locale\" content=\"es_ES\" \/>\n<meta property=\"og:type\" content=\"article\" \/>\n<meta property=\"og:title\" content=\"Padres reclaman a la ADP mantener la docencia | El Nuevo Norte\" \/>\n<meta property=\"og:description\" content=\"Las figuras de los padres, amigos y tutores de ni\u00f1os en edad escolar, agrupados en la \u201cFederaci\u00f3n Nacional de Asociaciones de Padres\u201d y el movimiento \u201cLa ADP me tiene Jarto\u201d, se han pronunciado como parte de la contienda entre la Asociaci\u00f3n Dominicana de Profesores y el Ministerio de Educaci\u00f3n (Mined). En conjunto, se movilizaron ayer [&hellip;]\" \/>\n<meta property=\"og:url\" content=\"https:\/\/infoelnuevonorte.com\/?p=19431\" \/>\n<meta property=\"og:site_name\" content=\"El Nuevo Norte\" \/>\n<meta property=\"article:publisher\" content=\"https:\/\/www.facebook.com\/infoenn\" \/>\n<meta property=\"article:published_time\" content=\"2024-04-26T15:05:31+00:00\" \/>\n<meta property=\"article:modified_time\" content=\"2024-04-26T15:05:33+00:00\" \/>\n<meta property=\"og:image\" content=\"https:\/\/infoelnuevonorte.com\/wp-content\/uploads\/2024\/04\/662af6918cdcf-jpeg.webp\" \/>\n\t<meta property=\"og:image:width\" content=\"800\" \/>\n\t<meta property=\"og:image:height\" content=\"443\" \/>\n\t<meta property=\"og:image:type\" content=\"image\/jpeg\" \/>\n<meta name=\"author\" content=\"InfoEnn\" \/>\n<meta name=\"twitter:card\" content=\"summary_large_image\" \/>\n<meta name=\"twitter:creator\" content=\"@Elnuevo_norte\" \/>\n<meta name=\"twitter:site\" content=\"@Elnuevo_norte\" \/>\n<meta name=\"twitter:label1\" content=\"Written by\" \/>\n\t<meta name=\"twitter:data1\" content=\"InfoEnn\" \/>\n\t<meta name=\"twitter:label2\" content=\"Est. reading time\" \/>\n\t<meta name=\"twitter:data2\" content=\"3 minutos\" \/>\n<script type=\"application\/ld+json\" class=\"yoast-schema-graph\">{\"@context\":\"https:\/\/schema.org\",\"@graph\":[{\"@type\":\"Article\",\"@id\":\"https:\/\/infoelnuevonorte.com\/?p=19431#article\",\"isPartOf\":{\"@id\":\"https:\/\/infoelnuevonorte.com\/?p=19431\"},\"author\":{\"name\":\"InfoEnn\",\"@id\":\"https:\/\/infoelnuevonorte.com\/#\/schema\/person\/fd4f6d90afe41260818b4ea94ad8ab84\"},\"headline\":\"Padres reclaman a la ADP mantener la docencia\",\"datePublished\":\"2024-04-26T15:05:31+00:00\",\"dateModified\":\"2024-04-26T15:05:33+00:00\",\"mainEntityOfPage\":{\"@id\":\"https:\/\/infoelnuevonorte.com\/?p=19431\"},\"wordCount\":448,\"publisher\":{\"@id\":\"https:\/\/infoelnuevonorte.com\/#organization\"},\"articleSection\":[\"Nacionales\"],\"inLanguage\":\"es-DO\"},{\"@type\":\"WebPage\",\"@id\":\"https:\/\/infoelnuevonorte.com\/?p=19431\",\"url\":\"https:\/\/infoelnuevonorte.com\/?p=19431\",\"name\":\"Padres reclaman a la ADP mantener la docencia | El Nuevo Norte\",\"isPartOf\":{\"@id\":\"https:\/\/infoelnuevonorte.com\/#website\"},\"datePublished\":\"2024-04-26T15:05:31+00:00\",\"dateModified\":\"2024-04-26T15:05:33+00:00\",\"breadcrumb\":{\"@id\":\"https:\/\/infoelnuevonorte.com\/?p=19431#breadcrumb\"},\"inLanguage\":\"es-DO\",\"potentialAction\":[{\"@type\":\"ReadAction\",\"target\":[\"https:\/\/infoelnuevonorte.com\/?p=19431\"]}]},{\"@type\":\"BreadcrumbList\",\"@id\":\"https:\/\/infoelnuevonorte.com\/?p=19431#breadcrumb\",\"itemListElement\":[{\"@type\":\"ListItem\",\"position\":1,\"name\":\"Home\",\"item\":\"https:\/\/infoelnuevonorte.com\/\"},{\"@type\":\"ListItem\",\"position\":2,\"name\":\"Padres reclaman a la ADP mantener la docencia\"}]},{\"@type\":\"WebSite\",\"@id\":\"https:\/\/infoelnuevonorte.com\/#website\",\"url\":\"https:\/\/infoelnuevonorte.com\/\",\"name\":\"InfoEnn\",\"description\":\"Tu Voz, tu Verdad, tu Diario!!!\",\"publisher\":{\"@id\":\"https:\/\/infoelnuevonorte.com\/#organization\"},\"alternateName\":\"El Nuevo Norte\",\"potentialAction\":[{\"@type\":\"SearchAction\",\"target\":{\"@type\":\"EntryPoint\",\"urlTemplate\":\"https:\/\/infoelnuevonorte.com\/?s={search_term_string}\"},\"query-input\":{\"@type\":\"PropertyValueSpecification\",\"valueRequired\":true,\"valueName\":\"search_term_string\"}}],\"inLanguage\":\"es-DO\"},{\"@type\":\"Organization\",\"@id\":\"https:\/\/infoelnuevonorte.com\/#organization\",\"name\":\"Info El Nuevo Norte\",\"alternateName\":\"El Nuevo Norte\",\"url\":\"https:\/\/infoelnuevonorte.com\/\",\"logo\":{\"@type\":\"ImageObject\",\"inLanguage\":\"es-DO\",\"@id\":\"https:\/\/infoelnuevonorte.com\/#\/schema\/logo\/image\/\",\"url\":\"https:\/\/infoelnuevonorte.com\/wp-content\/uploads\/2026\/02\/Logo-Info-enn-3d-20ani.jpeg\",\"contentUrl\":\"https:\/\/infoelnuevonorte.com\/wp-content\/uploads\/2026\/02\/Logo-Info-enn-3d-20ani.jpeg\",\"width\":2046,\"height\":736,\"caption\":\"Info El Nuevo Norte\"},\"image\":{\"@id\":\"https:\/\/infoelnuevonorte.com\/#\/schema\/logo\/image\/\"},\"sameAs\":[\"https:\/\/www.facebook.com\/infoenn\",\"https:\/\/x.com\/Elnuevo_norte\",\"https:\/\/www.instagram.com\/infoenn\",\"https:\/\/www.facebook.com\/ENNRD\"]},{\"@type\":\"Person\",\"@id\":\"https:\/\/infoelnuevonorte.com\/#\/schema\/person\/fd4f6d90afe41260818b4ea94ad8ab84\",\"name\":\"InfoEnn\",\"image\":{\"@type\":\"ImageObject\",\"inLanguage\":\"es-DO\",\"@id\":\"https:\/\/infoelnuevonorte.com\/#\/schema\/person\/image\/\",\"url\":\"https:\/\/secure.gravatar.com\/avatar\/d4d760a41a48ba9db0a82bfb63bb0783?s=96&d=robohash&r=g\",\"contentUrl\":\"https:\/\/secure.gravatar.com\/avatar\/d4d760a41a48ba9db0a82bfb63bb0783?s=96&d=robohash&r=g\",\"caption\":\"InfoEnn\"},\"sameAs\":[\"https:\/\/infoelnuevonorte.com\"],\"url\":\"https:\/\/infoelnuevonorte.com\/?author=1\"}]}<\/script>\n<!-- \/ Yoast SEO plugin. -->","yoast_head_json":{"title":"Padres reclaman a la ADP mantener la docencia | El Nuevo Norte","robots":{"index":"index","follow":"follow","max-snippet":"max-snippet:-1","max-image-preview":"max-image-preview:large","max-video-preview":"max-video-preview:-1"},"canonical":"https:\/\/infoelnuevonorte.com\/?p=19431","og_locale":"es_ES","og_type":"article","og_title":"Padres reclaman a la ADP mantener la docencia | El Nuevo Norte","og_description":"Las figuras de los padres, amigos y tutores de ni\u00f1os en edad escolar, agrupados en la \u201cFederaci\u00f3n Nacional de Asociaciones de Padres\u201d y el movimiento \u201cLa ADP me tiene Jarto\u201d, se han pronunciado como parte de la contienda entre la Asociaci\u00f3n Dominicana de Profesores y el Ministerio de Educaci\u00f3n (Mined). En conjunto, se movilizaron ayer [&hellip;]","og_url":"https:\/\/infoelnuevonorte.com\/?p=19431","og_site_name":"El Nuevo Norte","article_publisher":"https:\/\/www.facebook.com\/infoenn","article_published_time":"2024-04-26T15:05:31+00:00","article_modified_time":"2024-04-26T15:05:33+00:00","og_image":[{"width":800,"height":443,"url":"https:\/\/infoelnuevonorte.com\/wp-content\/uploads\/2024\/04\/662af6918cdcf-jpeg.webp","type":"image\/jpeg"}],"author":"InfoEnn","twitter_card":"summary_large_image","twitter_creator":"@Elnuevo_norte","twitter_site":"@Elnuevo_norte","twitter_misc":{"Written by":"InfoEnn","Est. reading time":"3 minutos"},"schema":{"@context":"https:\/\/schema.org","@graph":[{"@type":"Article","@id":"https:\/\/infoelnuevonorte.com\/?p=19431#article","isPartOf":{"@id":"https:\/\/infoelnuevonorte.com\/?p=19431"},"author":{"name":"InfoEnn","@id":"https:\/\/infoelnuevonorte.com\/#\/schema\/person\/fd4f6d90afe41260818b4ea94ad8ab84"},"headline":"Padres reclaman a la ADP mantener la docencia","datePublished":"2024-04-26T15:05:31+00:00","dateModified":"2024-04-26T15:05:33+00:00","mainEntityOfPage":{"@id":"https:\/\/infoelnuevonorte.com\/?p=19431"},"wordCount":448,"publisher":{"@id":"https:\/\/infoelnuevonorte.com\/#organization"},"articleSection":["Nacionales"],"inLanguage":"es-DO"},{"@type":"WebPage","@id":"https:\/\/infoelnuevonorte.com\/?p=19431","url":"https:\/\/infoelnuevonorte.com\/?p=19431","name":"Padres reclaman a la ADP mantener la docencia | El Nuevo Norte","isPartOf":{"@id":"https:\/\/infoelnuevonorte.com\/#website"},"datePublished":"2024-04-26T15:05:31+00:00","dateModified":"2024-04-26T15:05:33+00:00","breadcrumb":{"@id":"https:\/\/infoelnuevonorte.com\/?p=19431#breadcrumb"},"inLanguage":"es-DO","potentialAction":[{"@type":"ReadAction","target":["https:\/\/infoelnuevonorte.com\/?p=19431"]}]},{"@type":"BreadcrumbList","@id":"https:\/\/infoelnuevonorte.com\/?p=19431#breadcrumb","itemListElement":[{"@type":"ListItem","position":1,"name":"Home","item":"https:\/\/infoelnuevonorte.com\/"},{"@type":"ListItem","position":2,"name":"Padres reclaman a la ADP mantener la docencia"}]},{"@type":"WebSite","@id":"https:\/\/infoelnuevonorte.com\/#website","url":"https:\/\/infoelnuevonorte.com\/","name":"InfoEnn","description":"Tu Voz, tu Verdad, tu Diario!!!","publisher":{"@id":"https:\/\/infoelnuevonorte.com\/#organization"},"alternateName":"El Nuevo Norte","potentialAction":[{"@type":"SearchAction","target":{"@type":"EntryPoint","urlTemplate":"https:\/\/infoelnuevonorte.com\/?s={search_term_string}"},"query-input":{"@type":"PropertyValueSpecification","valueRequired":true,"valueName":"search_term_string"}}],"inLanguage":"es-DO"},{"@type":"Organization","@id":"https:\/\/infoelnuevonorte.com\/#organization","name":"Info El Nuevo Norte","alternateName":"El Nuevo Norte","url":"https:\/\/infoelnuevonorte.com\/","logo":{"@type":"ImageObject","inLanguage":"es-DO","@id":"https:\/\/infoelnuevonorte.com\/#\/schema\/logo\/image\/","url":"https:\/\/infoelnuevonorte.com\/wp-content\/uploads\/2026\/02\/Logo-Info-enn-3d-20ani.jpeg","contentUrl":"https:\/\/infoelnuevonorte.com\/wp-content\/uploads\/2026\/02\/Logo-Info-enn-3d-20ani.jpeg","width":2046,"height":736,"caption":"Info El Nuevo Norte"},"image":{"@id":"https:\/\/infoelnuevonorte.com\/#\/schema\/logo\/image\/"},"sameAs":["https:\/\/www.facebook.com\/infoenn","https:\/\/x.com\/Elnuevo_norte","https:\/\/www.instagram.com\/infoenn","https:\/\/www.facebook.com\/ENNRD"]},{"@type":"Person","@id":"https:\/\/infoelnuevonorte.com\/#\/schema\/person\/fd4f6d90afe41260818b4ea94ad8ab84","name":"InfoEnn","image":{"@type":"ImageObject","inLanguage":"es-DO","@id":"https:\/\/infoelnuevonorte.com\/#\/schema\/person\/image\/","url":"https:\/\/secure.gravatar.com\/avatar\/d4d760a41a48ba9db0a82bfb63bb0783?s=96&d=robohash&r=g","contentUrl":"https:\/\/secure.gravatar.com\/avatar\/d4d760a41a48ba9db0a82bfb63bb0783?s=96&d=robohash&r=g","caption":"InfoEnn"},"sameAs":["https:\/\/infoelnuevonorte.com"],"url":"https:\/\/infoelnuevonorte.com\/?author=1"}]}},"_links":{"self":[{"href":"https:\/\/infoelnuevonorte.com\/index.php?rest_route=\/wp\/v2\/posts\/19431"}],"collection":[{"href":"https:\/\/infoelnuevonorte.com\/index.php?rest_route=\/wp\/v2\/posts"}],"about":[{"href":"https:\/\/infoelnuevonorte.com\/index.php?rest_route=\/wp\/v2\/types\/post"}],"author":[{"embeddable":true,"href":"https:\/\/infoelnuevonorte.com\/index.php?rest_route=\/wp\/v2\/users\/1"}],"replies":[{"embeddable":true,"href":"https:\/\/infoelnuevonorte.com\/index.php?rest_route=%2Fwp%2Fv2%2Fcomments&post=19431"}],"version-history":[{"count":0,"href":"https:\/\/infoelnuevonorte.com\/index.php?rest_route=\/wp\/v2\/posts\/19431\/revisions"}],"wp:attachment":[{"href":"https:\/\/infoelnuevonorte.com\/index.php?rest_route=%2Fwp%2Fv2%2Fmedia&parent=19431"}],"wp:term":[{"taxonomy":"category","embeddable":true,"href":"https:\/\/infoelnuevonorte.com\/index.php?rest_route=%2Fwp%2Fv2%2Fcategories&post=19431"},{"taxonomy":"post_tag","embeddable":true,"href":"https:\/\/infoelnuevonorte.com\/index.php?rest_route=%2Fwp%2Fv2%2Ftags&post=19431"}],"curies":[{"name":"wp","href":"https:\/\/api.w.org\/{rel}","templated":true}]}}