{"id":194532,"date":"2026-03-01T15:03:25","date_gmt":"2026-03-01T19:03:25","guid":{"rendered":"https:\/\/infoelnuevonorte.com\/?p=194532"},"modified":"2026-03-01T15:03:26","modified_gmt":"2026-03-01T19:03:26","slug":"educa-advierte-sobre-la-inversion-en-educacion-y-su-impacto-en-el-aprendizaje","status":"publish","type":"post","link":"https:\/\/infoelnuevonorte.com\/?p=194532","title":{"rendered":"EDUCA advierte sobre la inversi\u00f3n en educaci\u00f3n y su impacto en el aprendizaje"},"content":{"rendered":"<!--[if lt IE 9]><script>document.createElement('audio');<\/script><![endif]-->\n<audio class=\"wp-audio-shortcode\" id=\"audio-194532-1\" preload=\"none\" style=\"width: 100%;\" controls=\"controls\"><source type=\"audio\/mpeg\" src=\"https:\/\/infoelnuevonorte.com\/wp-content\/uploads\/2026\/03\/ttsmaker-vip-file-2026-3-1-15-2-14.mp3?_=1\" \/><a href=\"https:\/\/infoelnuevonorte.com\/wp-content\/uploads\/2026\/03\/ttsmaker-vip-file-2026-3-1-15-2-14.mp3\">https:\/\/infoelnuevonorte.com\/wp-content\/uploads\/2026\/03\/ttsmaker-vip-file-2026-3-1-15-2-14.mp3<\/a><\/audio>\n<p style=\"text-align: justify;\">Acci\u00f3n Empresarial por la Educaci\u00f3n (<strong>EDUCA<\/strong>) advirti\u00f3 que, sin mejoras sustanciales en la calidad del aprendizaje, la\u00a0<strong>concertaci\u00f3n nacional<\/strong>\u00a0y el cumplimiento efectivo del\u00a0<strong>calendario escolar<\/strong>, la inversi\u00f3n presupuestaria en educaci\u00f3n no garantizar\u00e1 la meta de\u00a0<strong>crecimiento econ\u00f3mico<\/strong>\u00a0proyectada hacia 2036.<\/p>\n<p style=\"text-align: justify;\">La organizaci\u00f3n empresarial fij\u00f3 su posici\u00f3n luego del discurso de rendici\u00f3n de cuentas del presidente\u00a0<strong>Luis Abinader<\/strong>\u00a0ante la Asamblea Nacional, en el que se expusieron avances en materia educativa.\u00a0<strong>EDUCA<\/strong>\u00a0reconoci\u00f3 progresos en cobertura y expansi\u00f3n del sistema, pero insisti\u00f3 en que los indicadores determinantes para el desarrollo del\u00a0<strong>capital humano<\/strong>\u00a0no se limitan al acceso.<\/p>\n<p style=\"text-align: justify;\">En un comunicado difundido en\u00a0<strong>Santo Domingo<\/strong>, la entidad sostuvo que el desempe\u00f1o docente, la eficiencia del gasto, el tiempo real de aprendizaje y la articulaci\u00f3n entre la oferta educativa y el sector productivo son variables estructurales para que la inversi\u00f3n tenga impacto en la productividad nacional.<\/p>\n<p style=\"text-align: justify;\">La presidenta de\u00a0<strong>EDUCA<\/strong>,\u00a0<strong>Susana Mart\u00ednez Nadal<\/strong>, consider\u00f3 que el pa\u00eds ha realizado un esfuerzo fiscal sostenido al destinar un porcentaje significativo del presupuesto nacional a educaci\u00f3n. Sin embargo, afirm\u00f3 que el debate p\u00fablico debe concentrarse ahora en el impacto real de esa inversi\u00f3n.<\/p>\n<p style=\"text-align: justify;\">\"El pa\u00eds ha hecho un esfuerzo financiero extraordinario en educaci\u00f3n. Ahora el desaf\u00edo es asegurar que cada peso invertido genere aprendizaje efectivo, competencias pertinentes y capital humano competitivo. Sin calidad educativa no habr\u00e1 crecimiento econ\u00f3mico sostenible\", expres\u00f3.<\/p>\n<div id=\"detalle-parrafo\" style=\"text-align: justify;\">\n<div class=\"mb-5 newsletter-article\">\u00a0<\/div>\n<\/div>\n<p style=\"text-align: justify;\">La organizaci\u00f3n plante\u00f3 que una parte creciente de los recursos debe orientarse hacia componentes directamente vinculados con la mejora de la calidad. Entre estos mencion\u00f3 la\u00a0<strong>formaci\u00f3n docente<\/strong>\u00a0basada en evidencia, el equipamiento pedag\u00f3gico pertinente, la incorporaci\u00f3n de tecnolog\u00eda con acompa\u00f1amiento metodol\u00f3gico y sistemas de evaluaci\u00f3n objetivos que permitan medir resultados.<\/p>\n<p style=\"text-align: justify;\"><strong>EDUCA<\/strong> tambi\u00e9n subray\u00f3 la necesidad de fortalecer los mecanismos de supervisi\u00f3n para garantizar el cumplimiento riguroso del horario y del calendario escolar. Seg\u00fan la entidad, el tiempo efectivo de docencia es una condici\u00f3n estructural para mejorar los resultados acad\u00e9micos.<\/p>\n<p style=\"text-align: justify;\">\"No es posible aspirar a mejores aprendizajes si no garantizamos el tiempo efectivo en el aula. El cumplimiento del calendario y del horario escolar es una variable esencial del sistema, no un aspecto secundario\", indic\u00f3 Mart\u00ednez Nadal.<\/p>\n<p style=\"text-align: justify;\">A juicio de la organizaci\u00f3n, cada interrupci\u00f3n prolongada del calendario escolar incide de forma directa en el rendimiento estudiantil y ampl\u00eda las brechas existentes, con mayor impacto en los sectores m\u00e1s vulnerables. En ese sentido, sostuvo que asegurar estabilidad en el calendario no es solo una medida administrativa, sino un componente central de la pol\u00edtica educativa.<\/p>\n<p style=\"text-align: justify;\">En relaci\u00f3n con el proceso de reforma,\u00a0<strong>EDUCA<\/strong>\u00a0plante\u00f3 que cualquier transformaci\u00f3n estructural del sistema debe sustentarse en una consulta amplia y en mecanismos de concertaci\u00f3n nacional. Mart\u00ednez Nadal afirm\u00f3 que la educaci\u00f3n constituye un proyecto de pa\u00eds y que sus cambios requieren di\u00e1logo, participaci\u00f3n y construcci\u00f3n colectiva.<\/p>\n<p style=\"text-align: justify;\">\"Una reforma estructural requiere di\u00e1logo, participaci\u00f3n y construcci\u00f3n colectiva. La educaci\u00f3n es un proyecto de pa\u00eds y su transformaci\u00f3n debe surgir de consensos, no de decisiones aisladas\", se\u00f1al\u00f3.<\/p>\n<p style=\"text-align: justify;\">La entidad tambi\u00e9n abord\u00f3 el crecimiento de la modalidad t\u00e9cnico-profesional, que ha sido impulsada como una v\u00eda para mejorar la inserci\u00f3n laboral de los j\u00f3venes.\u00a0<strong>EDUCA<\/strong>\u00a0reconoci\u00f3 la expansi\u00f3n de esta oferta formativa, pero advirti\u00f3 que persiste el reto de garantizar coherencia entre los programas impartidos y las competencias que demanda el sector productivo.<\/p>\n<p style=\"text-align: justify;\">\"El aumento de programas t\u00e9cnico-profesionales es positivo, pero necesitamos garantizar coherencia entre la oferta educativa y las competencias que el sector empresarial requiere para crecer y generar empleo de calidad\", afirm\u00f3 Mart\u00ednez Nadal.<\/p>\n<p style=\"text-align: justify;\">En este punto, la organizaci\u00f3n destac\u00f3 que una articulaci\u00f3n efectiva entre educaci\u00f3n y mercado laboral no solo fortalece la competitividad, sino que tambi\u00e9n puede contribuir a reducir la\u00a0<strong>deserci\u00f3n escolar<\/strong>, particularmente en el tramo de 15 a 17 a\u00f1os, donde se registran mayores tasas de abandono.<\/p>\n<p style=\"text-align: justify;\"><strong>EDUCA<\/strong>\u00a0se\u00f1al\u00f3 que la discusi\u00f3n sobre educaci\u00f3n no debe centrarse exclusivamente en el monto asignado en el presupuesto, sino en la forma en que esos recursos se traducen en resultados medibles. \"Adem\u00e1s de discutir cu\u00e1nto se invierte, el pa\u00eds debe concentrarse en c\u00f3mo se invierte, cu\u00e1nto aprendizaje produce y qu\u00e9 retorno econ\u00f3mico y social genera\", agreg\u00f3 la dirigente empresarial.<\/p>\n<p style=\"text-align: justify;\">La organizaci\u00f3n reiter\u00f3 que la meta nacional de duplicar el tama\u00f1o de la econom\u00eda hacia 2036 depender\u00e1 de manera directa de la calidad del capital humano que actualmente se forma en las aulas. En ese sentido, sostuvo que la inversi\u00f3n pierde efectividad transformadora si no se acompa\u00f1a de gesti\u00f3n eficiente, desempe\u00f1o docente s\u00f3lido, pertinencia productiva y garant\u00eda de tiempo real de aprendizaje.<\/p>\n<p style=\"text-align: justify;\">\"La educaci\u00f3n no es solo cobertura ni infraestructura. Es tiempo efectivo de aprendizaje, es desempe\u00f1o docente, es pertinencia productiva y es gesti\u00f3n eficiente. Sin estos elementos, la inversi\u00f3n pierde potencia transformadora\", concluy\u00f3 Mart\u00ednez Nadal.<\/p>\n<p style=\"text-align: justify;\">Con esta posici\u00f3n,\u00a0<strong>EDUCA<\/strong>\u00a0introduce en el debate educativo un \u00e9nfasis en resultados y productividad, al tiempo que plantea que el crecimiento econ\u00f3mico proyectado para la pr\u00f3xima d\u00e9cada estar\u00e1 condicionado por la capacidad del sistema educativo de formar competencias pertinentes y sostenibles<\/p>\n\n\n<div class=\"wp-block-group\"><div class=\"wp-block-group__inner-container is-layout-constrained wp-block-group-is-layout-constrained\">\n<div id=\"DenunciayAPP\" class=\"wp-block-group\"><div class=\"wp-block-group__inner-container is-layout-constrained wp-block-group-is-layout-constrained\">\n<p><a href=\"https:\/\/whatsapp.com\/channel\/0029Va88WGP2ER6ZxD6TCa3U\" target=\"_blank\" rel=\"noopener\"><img loading=\"lazy\" decoding=\"async\" class=\"aligncenter size-full wp-image-155512\" src=\"https:\/\/infoelnuevonorte.com\/wp-content\/uploads\/2025\/10\/Canal-whatsapp-infoenn.jpeg\" alt=\"\" width=\"2046\" height=\"554\" srcset=\"https:\/\/infoelnuevonorte.com\/wp-content\/uploads\/2025\/10\/Canal-whatsapp-infoenn.jpeg 2046w, https:\/\/infoelnuevonorte.com\/wp-content\/uploads\/2025\/10\/Canal-whatsapp-infoenn-300x81.jpeg 300w, https:\/\/infoelnuevonorte.com\/wp-content\/uploads\/2025\/10\/Canal-whatsapp-infoenn-1024x277.jpeg 1024w, https:\/\/infoelnuevonorte.com\/wp-content\/uploads\/2025\/10\/Canal-whatsapp-infoenn-768x208.jpeg 768w, https:\/\/infoelnuevonorte.com\/wp-content\/uploads\/2025\/10\/Canal-whatsapp-infoenn-1536x416.jpeg 1536w, https:\/\/infoelnuevonorte.com\/wp-content\/uploads\/2025\/10\/Canal-whatsapp-infoenn-1551x420.jpeg 1551w, https:\/\/infoelnuevonorte.com\/wp-content\/uploads\/2025\/10\/Canal-whatsapp-infoenn-150x41.jpeg 150w, https:\/\/infoelnuevonorte.com\/wp-content\/uploads\/2025\/10\/Canal-whatsapp-infoenn-696x188.jpeg 696w, https:\/\/infoelnuevonorte.com\/wp-content\/uploads\/2025\/10\/Canal-whatsapp-infoenn-1068x289.jpeg 1068w, https:\/\/infoelnuevonorte.com\/wp-content\/uploads\/2025\/10\/Canal-whatsapp-infoenn-1920x520.jpeg 1920w\" sizes=\"(max-width: 2046px) 100vw, 2046px\" \/><\/a><\/p>\n<p>\ud83d\udd17 S\u00edguenos en nuestras redes:<br data-start=\"2686\" data-end=\"2689\" \/><a href=\"https:\/\/x.com\/Elnuevo_norte\">X<\/a> | <a class=\"\" href=\"https:\/\/t.me\/infoenn\" target=\"_new\" rel=\"noopener\" data-start=\"2757\" data-end=\"2789\">Telegram<\/a> | <a class=\"\" href=\"https:\/\/instagram.com\/noticiasenn1?r=nametag\" target=\"_new\" rel=\"noopener\" data-start=\"2792\" data-end=\"2849\">Instagram<\/a><br data-start=\"2849\" data-end=\"2852\" \/><a class=\"\" href=\"https:\/\/www.facebook.com\/infoenn\" target=\"_new\" rel=\"noopener\" data-start=\"2852\" data-end=\"2896\">Facebook<\/a> | <a class=\"\" href=\"https:\/\/www.threads.net\/@noticiasenn1\" target=\"_new\" rel=\"noopener\" data-start=\"2899\" data-end=\"2947\">Threads<\/a> | <a class=\"\" href=\"https:\/\/www.youtube.com\/channel\/UCZZJg_scU1p_c6cvyCHY48A\" target=\"_new\" rel=\"noopener\" data-start=\"2950\" data-end=\"3017\" data-is-last-node=\"\">YouTube<\/a><\/p>\n<p>\ud83d\ude4f \u00a1Tu apoyo es importante!<\/p>\n<p>\ud83d\udd3bDESCARGAR NUESTRA APP \"<span style=\"color: #0000ff;\"><strong>Info ENN<\/strong><\/span>\"<\/p>\n\n\n\n<div class=\"wp-block-buttons is-content-justification-left is-layout-flex wp-container-core-buttons-is-layout-1 wp-block-buttons-is-layout-flex\">\n<div class=\"wp-block-button is-style-3d\"><a class=\"wp-block-button__link has-white-background-color has-background wp-element-button\" href=\"https:\/\/apps.apple.com\/do\/app\/infoenn\/id6503000762\"><img loading=\"lazy\" decoding=\"async\" width=\"150\" height=\"50\" class=\"wp-image-104096\" style=\"width: 150px;\" src=\"https:\/\/infoelnuevonorte.com\/wp-content\/uploads\/2025\/05\/Download_on_the_App_Store_RGB_blk.svg_.png\" alt=\"\" srcset=\"https:\/\/infoelnuevonorte.com\/wp-content\/uploads\/2025\/05\/Download_on_the_App_Store_RGB_blk.svg_.png 1280w, https:\/\/infoelnuevonorte.com\/wp-content\/uploads\/2025\/05\/Download_on_the_App_Store_RGB_blk.svg_-300x100.png 300w, https:\/\/infoelnuevonorte.com\/wp-content\/uploads\/2025\/05\/Download_on_the_App_Store_RGB_blk.svg_-1024x342.png 1024w, https:\/\/infoelnuevonorte.com\/wp-content\/uploads\/2025\/05\/Download_on_the_App_Store_RGB_blk.svg_-768x257.png 768w, https:\/\/infoelnuevonorte.com\/wp-content\/uploads\/2025\/05\/Download_on_the_App_Store_RGB_blk.svg_-1256x420.png 1256w, https:\/\/infoelnuevonorte.com\/wp-content\/uploads\/2025\/05\/Download_on_the_App_Store_RGB_blk.svg_-150x50.png 150w, https:\/\/infoelnuevonorte.com\/wp-content\/uploads\/2025\/05\/Download_on_the_App_Store_RGB_blk.svg_-696x233.png 696w, https:\/\/infoelnuevonorte.com\/wp-content\/uploads\/2025\/05\/Download_on_the_App_Store_RGB_blk.svg_-1068x357.png 1068w, https:\/\/infoelnuevonorte.com\/wp-content\/uploads\/2025\/05\/Download_on_the_App_Store_RGB_blk.svg_-200x67.png 200w\" sizes=\"(max-width: 150px) 100vw, 150px\" \/><\/a><\/div>\n<\/div>\n\n\n\n<div class=\"wp-block-buttons is-layout-flex wp-block-buttons-is-layout-flex\">\n<div class=\"wp-block-button is-style-3d td_btn_large\"><a class=\"wp-block-button__link has-white-background-color has-background wp-element-button\" href=\"https:\/\/mega.nz\/file\/vRhVTJBD#6P0Os8p_y2oJgZIa__7dhjqdpW42XJ_cY3zmbyxVohM\" target=\"_blank\" rel=\"noreferrer noopener\"><mark style=\"background-color:rgba(0, 0, 0, 0)\" class=\"has-inline-color has-light-green-cyan-color\"><img loading=\"lazy\" decoding=\"async\" width=\"150\" height=\"49\" class=\"wp-image-104095\" style=\"width: 150px;\" src=\"https:\/\/infoelnuevonorte.com\/wp-content\/uploads\/2025\/05\/badge-google-play-and-app-store-button-download-free-png.webp\" alt=\"\" srcset=\"https:\/\/infoelnuevonorte.com\/wp-content\/uploads\/2025\/05\/badge-google-play-and-app-store-button-download-free-png.webp 1920w, https:\/\/infoelnuevonorte.com\/wp-content\/uploads\/2025\/05\/badge-google-play-and-app-store-button-download-free-png-300x98.webp 300w, https:\/\/infoelnuevonorte.com\/wp-content\/uploads\/2025\/05\/badge-google-play-and-app-store-button-download-free-png-1024x335.webp 1024w, https:\/\/infoelnuevonorte.com\/wp-content\/uploads\/2025\/05\/badge-google-play-and-app-store-button-download-free-png-768x252.webp 768w, https:\/\/infoelnuevonorte.com\/wp-content\/uploads\/2025\/05\/badge-google-play-and-app-store-button-download-free-png-1536x503.webp 1536w, https:\/\/infoelnuevonorte.com\/wp-content\/uploads\/2025\/05\/badge-google-play-and-app-store-button-download-free-png-1282x420.webp 1282w, https:\/\/infoelnuevonorte.com\/wp-content\/uploads\/2025\/05\/badge-google-play-and-app-store-button-download-free-png-150x49.webp 150w, https:\/\/infoelnuevonorte.com\/wp-content\/uploads\/2025\/05\/badge-google-play-and-app-store-button-download-free-png-696x228.webp 696w, https:\/\/infoelnuevonorte.com\/wp-content\/uploads\/2025\/05\/badge-google-play-and-app-store-button-download-free-png-1068x350.webp 1068w, https:\/\/infoelnuevonorte.com\/wp-content\/uploads\/2025\/05\/badge-google-play-and-app-store-button-download-free-png-200x66.webp 200w\" sizes=\"(max-width: 150px) 100vw, 150px\" \/><\/mark><\/a><\/div>\n<\/div>\n\n\n\n<p style=\"text-align: justify;\"><strong data-start=\"0\" data-end=\"18\" data-is-only-node=\"\"><a href=\"https:\/\/infoelnuevonorte.com\/\"><img loading=\"lazy\" decoding=\"async\" class=\" wp-image-159681 alignleft\" src=\"https:\/\/infoelnuevonorte.com\/wp-content\/uploads\/2025\/11\/Logo-3d-infoenn-con-fondo-blanco.jpg\" alt=\"\" width=\"240\" height=\"86\" srcset=\"https:\/\/infoelnuevonorte.com\/wp-content\/uploads\/2025\/11\/Logo-3d-infoenn-con-fondo-blanco.jpg 1696w, https:\/\/infoelnuevonorte.com\/wp-content\/uploads\/2025\/11\/Logo-3d-infoenn-con-fondo-blanco-300x108.jpg 300w, https:\/\/infoelnuevonorte.com\/wp-content\/uploads\/2025\/11\/Logo-3d-infoenn-con-fondo-blanco-1024x367.jpg 1024w, https:\/\/infoelnuevonorte.com\/wp-content\/uploads\/2025\/11\/Logo-3d-infoenn-con-fondo-blanco-768x275.jpg 768w, https:\/\/infoelnuevonorte.com\/wp-content\/uploads\/2025\/11\/Logo-3d-infoenn-con-fondo-blanco-1536x551.jpg 1536w, https:\/\/infoelnuevonorte.com\/wp-content\/uploads\/2025\/11\/Logo-3d-infoenn-con-fondo-blanco-1172x420.jpg 1172w, https:\/\/infoelnuevonorte.com\/wp-content\/uploads\/2025\/11\/Logo-3d-infoenn-con-fondo-blanco-150x54.jpg 150w, https:\/\/infoelnuevonorte.com\/wp-content\/uploads\/2025\/11\/Logo-3d-infoenn-con-fondo-blanco-696x250.jpg 696w, https:\/\/infoelnuevonorte.com\/wp-content\/uploads\/2025\/11\/Logo-3d-infoenn-con-fondo-blanco-1068x383.jpg 1068w\" sizes=\"(max-width: 240px) 100vw, 240px\" \/><\/a>El Nuevo Norte<\/strong> es un peri\u00f3dico digital dominicano fundado el <strong data-start=\"65\" data-end=\"90\">12 de febrero de 2006<\/strong> por el periodista <strong data-start=\"109\" data-end=\"129\">Junior Henr\u00edquez<\/strong>, quien funge como director y fundador. A trav\u00e9s de la web <strong data-start=\"188\" data-end=\"212\">infoelnuevonorte.com<\/strong>, el medio ofrece informaci\u00f3n veraz y oportuna sobre los acontecimientos sociales, pol\u00edticos, comunitarios y de actualidad general, tanto a nivel nacional como internacional, promoviendo un periodismo responsable, participativo y comprometido con la libre expresi\u00f3n y el fortalecimiento de la democracia informativa.<\/p>\n<\/div><\/div>\n<\/div><\/div>\n","protected":false},"excerpt":{"rendered":"<p>Acci\u00f3n Empresarial por la Educaci\u00f3n (EDUCA) advirti\u00f3 que, sin mejoras sustanciales en la calidad del aprendizaje, la\u00a0concertaci\u00f3n nacional\u00a0y el cumplimiento efectivo del\u00a0calendario escolar, la inversi\u00f3n presupuestaria en educaci\u00f3n no garantizar\u00e1 la meta de\u00a0crecimiento econ\u00f3mico\u00a0proyectada hacia 2036. La organizaci\u00f3n empresarial fij\u00f3 su posici\u00f3n luego del discurso de rendici\u00f3n de cuentas del presidente\u00a0Luis Abinader\u00a0ante la Asamblea Nacional, [&hellip;]<\/p>\n","protected":false},"author":2,"featured_media":194534,"comment_status":"closed","ping_status":"open","sticky":false,"template":"","format":"standard","meta":{"footnotes":""},"categories":[8],"tags":[],"yoast_head":"<!-- This site is optimized with the Yoast SEO plugin v24.5 - https:\/\/yoast.com\/wordpress\/plugins\/seo\/ -->\n<title>EDUCA advierte sobre la inversi\u00f3n en educaci\u00f3n y su impacto en el aprendizaje | El Nuevo Norte<\/title>\n<meta name=\"robots\" content=\"index, follow, max-snippet:-1, max-image-preview:large, max-video-preview:-1\" \/>\n<link rel=\"canonical\" href=\"https:\/\/infoelnuevonorte.com\/?p=194532\" \/>\n<meta property=\"og:locale\" content=\"es_ES\" \/>\n<meta property=\"og:type\" content=\"article\" \/>\n<meta property=\"og:title\" content=\"EDUCA advierte sobre la inversi\u00f3n en educaci\u00f3n y su impacto en el aprendizaje | El Nuevo Norte\" \/>\n<meta property=\"og:description\" content=\"Acci\u00f3n Empresarial por la Educaci\u00f3n (EDUCA) advirti\u00f3 que, sin mejoras sustanciales en la calidad del aprendizaje, la\u00a0concertaci\u00f3n nacional\u00a0y el cumplimiento efectivo del\u00a0calendario escolar, la inversi\u00f3n presupuestaria en educaci\u00f3n no garantizar\u00e1 la meta de\u00a0crecimiento econ\u00f3mico\u00a0proyectada hacia 2036. La organizaci\u00f3n empresarial fij\u00f3 su posici\u00f3n luego del discurso de rendici\u00f3n de cuentas del presidente\u00a0Luis Abinader\u00a0ante la Asamblea Nacional, [&hellip;]\" \/>\n<meta property=\"og:url\" content=\"https:\/\/infoelnuevonorte.com\/?p=194532\" \/>\n<meta property=\"og:site_name\" content=\"El Nuevo Norte\" \/>\n<meta property=\"article:publisher\" content=\"https:\/\/www.facebook.com\/infoenn\" \/>\n<meta property=\"article:published_time\" content=\"2026-03-01T19:03:25+00:00\" \/>\n<meta property=\"article:modified_time\" content=\"2026-03-01T19:03:26+00:00\" \/>\n<meta property=\"og:image\" content=\"https:\/\/infoelnuevonorte.com\/wp-content\/uploads\/2026\/03\/descarga-2026-03-01T150041.865.png\" \/>\n\t<meta property=\"og:image:width\" content=\"895\" \/>\n\t<meta property=\"og:image:height\" content=\"504\" \/>\n\t<meta property=\"og:image:type\" content=\"image\/png\" \/>\n<meta name=\"author\" content=\"T. R.\" \/>\n<meta name=\"twitter:card\" content=\"summary_large_image\" \/>\n<meta name=\"twitter:creator\" content=\"@Elnuevo_norte\" \/>\n<meta name=\"twitter:site\" content=\"@Elnuevo_norte\" \/>\n<meta name=\"twitter:label1\" content=\"Written by\" \/>\n\t<meta name=\"twitter:data1\" content=\"T. R.\" \/>\n\t<meta name=\"twitter:label2\" content=\"Est. reading time\" \/>\n\t<meta name=\"twitter:data2\" content=\"6 minutos\" \/>\n<script type=\"application\/ld+json\" class=\"yoast-schema-graph\">{\"@context\":\"https:\/\/schema.org\",\"@graph\":[{\"@type\":\"Article\",\"@id\":\"https:\/\/infoelnuevonorte.com\/?p=194532#article\",\"isPartOf\":{\"@id\":\"https:\/\/infoelnuevonorte.com\/?p=194532\"},\"author\":{\"name\":\"T. R.\",\"@id\":\"https:\/\/infoelnuevonorte.com\/#\/schema\/person\/3accb35eb55f55e96c492b52d085a403\"},\"headline\":\"EDUCA advierte sobre la inversi\u00f3n en educaci\u00f3n y su impacto en el aprendizaje\",\"datePublished\":\"2026-03-01T19:03:25+00:00\",\"dateModified\":\"2026-03-01T19:03:26+00:00\",\"mainEntityOfPage\":{\"@id\":\"https:\/\/infoelnuevonorte.com\/?p=194532\"},\"wordCount\":939,\"publisher\":{\"@id\":\"https:\/\/infoelnuevonorte.com\/#organization\"},\"image\":{\"@id\":\"https:\/\/infoelnuevonorte.com\/?p=194532#primaryimage\"},\"thumbnailUrl\":\"https:\/\/infoelnuevonorte.com\/wp-content\/uploads\/2026\/03\/descarga-2026-03-01T150041.865.png\",\"articleSection\":[\"Nacionales\"],\"inLanguage\":\"es-DO\"},{\"@type\":\"WebPage\",\"@id\":\"https:\/\/infoelnuevonorte.com\/?p=194532\",\"url\":\"https:\/\/infoelnuevonorte.com\/?p=194532\",\"name\":\"EDUCA advierte sobre la inversi\u00f3n en educaci\u00f3n y su impacto en el aprendizaje | El Nuevo Norte\",\"isPartOf\":{\"@id\":\"https:\/\/infoelnuevonorte.com\/#website\"},\"primaryImageOfPage\":{\"@id\":\"https:\/\/infoelnuevonorte.com\/?p=194532#primaryimage\"},\"image\":{\"@id\":\"https:\/\/infoelnuevonorte.com\/?p=194532#primaryimage\"},\"thumbnailUrl\":\"https:\/\/infoelnuevonorte.com\/wp-content\/uploads\/2026\/03\/descarga-2026-03-01T150041.865.png\",\"datePublished\":\"2026-03-01T19:03:25+00:00\",\"dateModified\":\"2026-03-01T19:03:26+00:00\",\"breadcrumb\":{\"@id\":\"https:\/\/infoelnuevonorte.com\/?p=194532#breadcrumb\"},\"inLanguage\":\"es-DO\",\"potentialAction\":[{\"@type\":\"ReadAction\",\"target\":[\"https:\/\/infoelnuevonorte.com\/?p=194532\"]}]},{\"@type\":\"ImageObject\",\"inLanguage\":\"es-DO\",\"@id\":\"https:\/\/infoelnuevonorte.com\/?p=194532#primaryimage\",\"url\":\"https:\/\/infoelnuevonorte.com\/wp-content\/uploads\/2026\/03\/descarga-2026-03-01T150041.865.png\",\"contentUrl\":\"https:\/\/infoelnuevonorte.com\/wp-content\/uploads\/2026\/03\/descarga-2026-03-01T150041.865.png\",\"width\":895,\"height\":504},{\"@type\":\"BreadcrumbList\",\"@id\":\"https:\/\/infoelnuevonorte.com\/?p=194532#breadcrumb\",\"itemListElement\":[{\"@type\":\"ListItem\",\"position\":1,\"name\":\"Home\",\"item\":\"https:\/\/infoelnuevonorte.com\/\"},{\"@type\":\"ListItem\",\"position\":2,\"name\":\"EDUCA advierte sobre la inversi\u00f3n en educaci\u00f3n y su impacto en el aprendizaje\"}]},{\"@type\":\"WebSite\",\"@id\":\"https:\/\/infoelnuevonorte.com\/#website\",\"url\":\"https:\/\/infoelnuevonorte.com\/\",\"name\":\"InfoEnn\",\"description\":\"Tu Voz, tu Verdad, tu Diario!!!\",\"publisher\":{\"@id\":\"https:\/\/infoelnuevonorte.com\/#organization\"},\"alternateName\":\"El Nuevo Norte\",\"potentialAction\":[{\"@type\":\"SearchAction\",\"target\":{\"@type\":\"EntryPoint\",\"urlTemplate\":\"https:\/\/infoelnuevonorte.com\/?s={search_term_string}\"},\"query-input\":{\"@type\":\"PropertyValueSpecification\",\"valueRequired\":true,\"valueName\":\"search_term_string\"}}],\"inLanguage\":\"es-DO\"},{\"@type\":\"Organization\",\"@id\":\"https:\/\/infoelnuevonorte.com\/#organization\",\"name\":\"Info El Nuevo Norte\",\"alternateName\":\"El Nuevo Norte\",\"url\":\"https:\/\/infoelnuevonorte.com\/\",\"logo\":{\"@type\":\"ImageObject\",\"inLanguage\":\"es-DO\",\"@id\":\"https:\/\/infoelnuevonorte.com\/#\/schema\/logo\/image\/\",\"url\":\"https:\/\/infoelnuevonorte.com\/wp-content\/uploads\/2026\/02\/Logo-Info-enn-3d-20ani.jpeg\",\"contentUrl\":\"https:\/\/infoelnuevonorte.com\/wp-content\/uploads\/2026\/02\/Logo-Info-enn-3d-20ani.jpeg\",\"width\":2046,\"height\":736,\"caption\":\"Info El Nuevo Norte\"},\"image\":{\"@id\":\"https:\/\/infoelnuevonorte.com\/#\/schema\/logo\/image\/\"},\"sameAs\":[\"https:\/\/www.facebook.com\/infoenn\",\"https:\/\/x.com\/Elnuevo_norte\",\"https:\/\/www.instagram.com\/infoenn\",\"https:\/\/www.facebook.com\/ENNRD\"]},{\"@type\":\"Person\",\"@id\":\"https:\/\/infoelnuevonorte.com\/#\/schema\/person\/3accb35eb55f55e96c492b52d085a403\",\"name\":\"T. R.\",\"image\":{\"@type\":\"ImageObject\",\"inLanguage\":\"es-DO\",\"@id\":\"https:\/\/infoelnuevonorte.com\/#\/schema\/person\/image\/\",\"url\":\"https:\/\/secure.gravatar.com\/avatar\/40543a038bda97abdb765b1662e9677d?s=96&d=robohash&r=g\",\"contentUrl\":\"https:\/\/secure.gravatar.com\/avatar\/40543a038bda97abdb765b1662e9677d?s=96&d=robohash&r=g\",\"caption\":\"T. R.\"},\"url\":\"https:\/\/infoelnuevonorte.com\/?author=2\"}]}<\/script>\n<!-- \/ Yoast SEO plugin. -->","yoast_head_json":{"title":"EDUCA advierte sobre la inversi\u00f3n en educaci\u00f3n y su impacto en el aprendizaje | El Nuevo Norte","robots":{"index":"index","follow":"follow","max-snippet":"max-snippet:-1","max-image-preview":"max-image-preview:large","max-video-preview":"max-video-preview:-1"},"canonical":"https:\/\/infoelnuevonorte.com\/?p=194532","og_locale":"es_ES","og_type":"article","og_title":"EDUCA advierte sobre la inversi\u00f3n en educaci\u00f3n y su impacto en el aprendizaje | El Nuevo Norte","og_description":"Acci\u00f3n Empresarial por la Educaci\u00f3n (EDUCA) advirti\u00f3 que, sin mejoras sustanciales en la calidad del aprendizaje, la\u00a0concertaci\u00f3n nacional\u00a0y el cumplimiento efectivo del\u00a0calendario escolar, la inversi\u00f3n presupuestaria en educaci\u00f3n no garantizar\u00e1 la meta de\u00a0crecimiento econ\u00f3mico\u00a0proyectada hacia 2036. La organizaci\u00f3n empresarial fij\u00f3 su posici\u00f3n luego del discurso de rendici\u00f3n de cuentas del presidente\u00a0Luis Abinader\u00a0ante la Asamblea Nacional, [&hellip;]","og_url":"https:\/\/infoelnuevonorte.com\/?p=194532","og_site_name":"El Nuevo Norte","article_publisher":"https:\/\/www.facebook.com\/infoenn","article_published_time":"2026-03-01T19:03:25+00:00","article_modified_time":"2026-03-01T19:03:26+00:00","og_image":[{"width":895,"height":504,"url":"https:\/\/infoelnuevonorte.com\/wp-content\/uploads\/2026\/03\/descarga-2026-03-01T150041.865.png","type":"image\/png"}],"author":"T. R.","twitter_card":"summary_large_image","twitter_creator":"@Elnuevo_norte","twitter_site":"@Elnuevo_norte","twitter_misc":{"Written by":"T. R.","Est. reading time":"6 minutos"},"schema":{"@context":"https:\/\/schema.org","@graph":[{"@type":"Article","@id":"https:\/\/infoelnuevonorte.com\/?p=194532#article","isPartOf":{"@id":"https:\/\/infoelnuevonorte.com\/?p=194532"},"author":{"name":"T. R.","@id":"https:\/\/infoelnuevonorte.com\/#\/schema\/person\/3accb35eb55f55e96c492b52d085a403"},"headline":"EDUCA advierte sobre la inversi\u00f3n en educaci\u00f3n y su impacto en el aprendizaje","datePublished":"2026-03-01T19:03:25+00:00","dateModified":"2026-03-01T19:03:26+00:00","mainEntityOfPage":{"@id":"https:\/\/infoelnuevonorte.com\/?p=194532"},"wordCount":939,"publisher":{"@id":"https:\/\/infoelnuevonorte.com\/#organization"},"image":{"@id":"https:\/\/infoelnuevonorte.com\/?p=194532#primaryimage"},"thumbnailUrl":"https:\/\/infoelnuevonorte.com\/wp-content\/uploads\/2026\/03\/descarga-2026-03-01T150041.865.png","articleSection":["Nacionales"],"inLanguage":"es-DO"},{"@type":"WebPage","@id":"https:\/\/infoelnuevonorte.com\/?p=194532","url":"https:\/\/infoelnuevonorte.com\/?p=194532","name":"EDUCA advierte sobre la inversi\u00f3n en educaci\u00f3n y su impacto en el aprendizaje | El Nuevo Norte","isPartOf":{"@id":"https:\/\/infoelnuevonorte.com\/#website"},"primaryImageOfPage":{"@id":"https:\/\/infoelnuevonorte.com\/?p=194532#primaryimage"},"image":{"@id":"https:\/\/infoelnuevonorte.com\/?p=194532#primaryimage"},"thumbnailUrl":"https:\/\/infoelnuevonorte.com\/wp-content\/uploads\/2026\/03\/descarga-2026-03-01T150041.865.png","datePublished":"2026-03-01T19:03:25+00:00","dateModified":"2026-03-01T19:03:26+00:00","breadcrumb":{"@id":"https:\/\/infoelnuevonorte.com\/?p=194532#breadcrumb"},"inLanguage":"es-DO","potentialAction":[{"@type":"ReadAction","target":["https:\/\/infoelnuevonorte.com\/?p=194532"]}]},{"@type":"ImageObject","inLanguage":"es-DO","@id":"https:\/\/infoelnuevonorte.com\/?p=194532#primaryimage","url":"https:\/\/infoelnuevonorte.com\/wp-content\/uploads\/2026\/03\/descarga-2026-03-01T150041.865.png","contentUrl":"https:\/\/infoelnuevonorte.com\/wp-content\/uploads\/2026\/03\/descarga-2026-03-01T150041.865.png","width":895,"height":504},{"@type":"BreadcrumbList","@id":"https:\/\/infoelnuevonorte.com\/?p=194532#breadcrumb","itemListElement":[{"@type":"ListItem","position":1,"name":"Home","item":"https:\/\/infoelnuevonorte.com\/"},{"@type":"ListItem","position":2,"name":"EDUCA advierte sobre la inversi\u00f3n en educaci\u00f3n y su impacto en el aprendizaje"}]},{"@type":"WebSite","@id":"https:\/\/infoelnuevonorte.com\/#website","url":"https:\/\/infoelnuevonorte.com\/","name":"InfoEnn","description":"Tu Voz, tu Verdad, tu Diario!!!","publisher":{"@id":"https:\/\/infoelnuevonorte.com\/#organization"},"alternateName":"El Nuevo Norte","potentialAction":[{"@type":"SearchAction","target":{"@type":"EntryPoint","urlTemplate":"https:\/\/infoelnuevonorte.com\/?s={search_term_string}"},"query-input":{"@type":"PropertyValueSpecification","valueRequired":true,"valueName":"search_term_string"}}],"inLanguage":"es-DO"},{"@type":"Organization","@id":"https:\/\/infoelnuevonorte.com\/#organization","name":"Info El Nuevo Norte","alternateName":"El Nuevo Norte","url":"https:\/\/infoelnuevonorte.com\/","logo":{"@type":"ImageObject","inLanguage":"es-DO","@id":"https:\/\/infoelnuevonorte.com\/#\/schema\/logo\/image\/","url":"https:\/\/infoelnuevonorte.com\/wp-content\/uploads\/2026\/02\/Logo-Info-enn-3d-20ani.jpeg","contentUrl":"https:\/\/infoelnuevonorte.com\/wp-content\/uploads\/2026\/02\/Logo-Info-enn-3d-20ani.jpeg","width":2046,"height":736,"caption":"Info El Nuevo Norte"},"image":{"@id":"https:\/\/infoelnuevonorte.com\/#\/schema\/logo\/image\/"},"sameAs":["https:\/\/www.facebook.com\/infoenn","https:\/\/x.com\/Elnuevo_norte","https:\/\/www.instagram.com\/infoenn","https:\/\/www.facebook.com\/ENNRD"]},{"@type":"Person","@id":"https:\/\/infoelnuevonorte.com\/#\/schema\/person\/3accb35eb55f55e96c492b52d085a403","name":"T. R.","image":{"@type":"ImageObject","inLanguage":"es-DO","@id":"https:\/\/infoelnuevonorte.com\/#\/schema\/person\/image\/","url":"https:\/\/secure.gravatar.com\/avatar\/40543a038bda97abdb765b1662e9677d?s=96&d=robohash&r=g","contentUrl":"https:\/\/secure.gravatar.com\/avatar\/40543a038bda97abdb765b1662e9677d?s=96&d=robohash&r=g","caption":"T. R."},"url":"https:\/\/infoelnuevonorte.com\/?author=2"}]}},"_links":{"self":[{"href":"https:\/\/infoelnuevonorte.com\/index.php?rest_route=\/wp\/v2\/posts\/194532"}],"collection":[{"href":"https:\/\/infoelnuevonorte.com\/index.php?rest_route=\/wp\/v2\/posts"}],"about":[{"href":"https:\/\/infoelnuevonorte.com\/index.php?rest_route=\/wp\/v2\/types\/post"}],"author":[{"embeddable":true,"href":"https:\/\/infoelnuevonorte.com\/index.php?rest_route=\/wp\/v2\/users\/2"}],"replies":[{"embeddable":true,"href":"https:\/\/infoelnuevonorte.com\/index.php?rest_route=%2Fwp%2Fv2%2Fcomments&post=194532"}],"version-history":[{"count":1,"href":"https:\/\/infoelnuevonorte.com\/index.php?rest_route=\/wp\/v2\/posts\/194532\/revisions"}],"predecessor-version":[{"id":194535,"href":"https:\/\/infoelnuevonorte.com\/index.php?rest_route=\/wp\/v2\/posts\/194532\/revisions\/194535"}],"wp:featuredmedia":[{"embeddable":true,"href":"https:\/\/infoelnuevonorte.com\/index.php?rest_route=\/wp\/v2\/media\/194534"}],"wp:attachment":[{"href":"https:\/\/infoelnuevonorte.com\/index.php?rest_route=%2Fwp%2Fv2%2Fmedia&parent=194532"}],"wp:term":[{"taxonomy":"category","embeddable":true,"href":"https:\/\/infoelnuevonorte.com\/index.php?rest_route=%2Fwp%2Fv2%2Fcategories&post=194532"},{"taxonomy":"post_tag","embeddable":true,"href":"https:\/\/infoelnuevonorte.com\/index.php?rest_route=%2Fwp%2Fv2%2Ftags&post=194532"}],"curies":[{"name":"wp","href":"https:\/\/api.w.org\/{rel}","templated":true}]}}