{"id":19505,"date":"2024-04-27T09:52:13","date_gmt":"2024-04-27T13:52:13","guid":{"rendered":"https:\/\/infoelnuevonorte.com\/?p=19505"},"modified":"2024-04-27T09:52:14","modified_gmt":"2024-04-27T13:52:14","slug":"petro-pide-exhibir-la-bandera-de-la-guerrilla-del-m-19-en-un-acto-publico","status":"publish","type":"post","link":"https:\/\/infoelnuevonorte.com\/?p=19505","title":{"rendered":"Petro pide exhibir la bandera de la guerrilla del M-19 en un acto p\u00fablico"},"content":{"rendered":"<!--[if lt IE 9]><script>document.createElement('audio');<\/script><![endif]-->\n<audio class=\"wp-audio-shortcode\" id=\"audio-19505-1\" preload=\"none\" style=\"width: 100%;\" controls=\"controls\"><source type=\"audio\/mpeg\" src=\"https:\/\/infoelnuevonorte.com\/wp-content\/uploads\/2024\/04\/ttsmaker-file-2024-4-27-9-47-46.mp3?_=1\" \/><a href=\"https:\/\/infoelnuevonorte.com\/wp-content\/uploads\/2024\/04\/ttsmaker-file-2024-4-27-9-47-46.mp3\">https:\/\/infoelnuevonorte.com\/wp-content\/uploads\/2024\/04\/ttsmaker-file-2024-4-27-9-47-46.mp3<\/a><\/audio>\n<p style=\"text-align: justify;\"><strong>Bogot\u00e1<\/strong>.- El presidente de Colombia, <strong>Gustavo Petro<\/strong>, pidi\u00f3 exhibir la bandera de la g<strong>uerrilla del M-19<\/strong>, de la que form\u00f3 parte en su juventud, en un acto<strong> p\u00fablico<\/strong> celebrado en un colegio de<strong> Zipaquir\u00e1<\/strong>, localidad cercana a Bogot\u00e1, donde conmemor\u00f3 el asesinato hace <strong>34 a\u00f1os<\/strong> del excomandante <strong>guerrillero Carlos Pizarro<\/strong>.<\/p>\n<p style=\"text-align: justify;\">\u201cNo les gusta que la saquemos, pero no va a estar debajo de los colchones. Hoy se conmemora un a\u00f1o m\u00e1s del asesinato de Carlos Pizarro, que estuvo aqu\u00ed en Zipaquir\u00e1, que sali\u00f3 a cambiar el mundo\u201d, dijo Petro mientras dos hombres extend\u00edan la bandera sobre una tarima entre v\u00edtores de los asistentes.<\/p>\n<p style=\"text-align: justify;\">Antes les dijo: \u201cA ver compa\u00f1ero, traiga esa bandera porque estamos hoy de fiesta\u201d.<\/p>\n<p style=\"text-align: justify;\"><strong>Pizarro<\/strong>, que firm\u00f3 la paz en <strong>1990<\/strong> con el entonces presidente colombiano<strong> Virgilio Barco (1986-1990)<\/strong>, fue asesinado ese mismo a\u00f1o, menos de dos meses despu\u00e9s de dejar las armas como comandante de la guerrilla del<strong> M-19<\/strong>, al ser tiroteado en un avi\u00f3n en pleno vuelo cuando ten\u00eda 38 a\u00f1os.<\/p>\n<p style=\"text-align: justify;\">El mandatario colombiano ha republicado este viernes varios mensajes recordando al exjefe guerrillero y preguntado: \u201c<strong>\u00bfQui\u00e9nes lo asesinaron en un d\u00eda como hoy?<\/strong> <strong>\u00bfLos que hacen la paz son terroristas o los que hacen trizas la paz lo son?\u201d<\/strong>, dijo en un mensaje acompa\u00f1ado de una foto de \u00e9l mismo de joven junto a Pizarro.<\/p>\n<p style=\"text-align: justify;\">El <strong>M-19<\/strong> protagoniz\u00f3 el 6 y 7 de noviembre de <strong>1985<\/strong> la <strong>violenta toma guerrillera<\/strong> del Palacio de Justicia, en pleno centro de Bogot\u00e1, para hacer un juicio pol\u00edtico al entonces presidente colombiano, Belisario Betancur, uno de los episodios m\u00e1s graves del conflicto armado del pa\u00eds.<\/p>\n<p style=\"text-align: justify;\">En el segundo d\u00eda de la toma, el Ej\u00e9rcito retom\u00f3 a<strong> sangre<\/strong> y <strong>fuego<\/strong> el edificio, que albergaba la <strong>Corte Suprema de Justicia<\/strong> y el <strong>Consejo de Estado<\/strong>, en una operaci\u00f3n que dej\u00f3 94 muertos, entre ellos 11 magistrados de la Corte, decenas de heridos y 11 desaparecidos, en su mayor\u00eda empleados de la cafeter\u00eda y visitantes.<\/p>\n<p style=\"text-align: justify;\">Tras la firma de<strong> la paz<\/strong>, en 1990, el M-19 se convirti\u00f3 en el partido pol\u00edtico<strong> Alianza Democr\u00e1tica M-19<\/strong> con el cual entr\u00f3 en la pol\u00edtica, lo que 32 a\u00f1os despu\u00e9s permiti\u00f3 la llegada de<strong> Petro<\/strong> a la Presidencia.<\/p>\n<p style=\"text-align: justify;\">Las cr\u00edticas a la actitud de Petro no tardaron en llegar, como la de la senadora<strong> Mar\u00eda Fernanda Cabal<\/strong> del opositor partido uribista Centro Democr\u00e1tico, quien le pidi\u00f3 a Petro \u201crespetar el pa\u00eds\u201d.<\/p>\n<p style=\"text-align: justify;\">\u201cAqu\u00ed los \u00fanicos que sienten simpat\u00eda por el <strong>M-19 son los criminales<\/strong>. Este acto es una afrenta contra las v\u00edctimas del Palacio de Justicia, los m\u00e1s de 500 secuestrados y tantos torturados y asesinados por ese grupo\u201d, escribi\u00f3 Cabal en su cuenta de X.<\/p>\n","protected":false},"excerpt":{"rendered":"<p>Bogot\u00e1.- El presidente de Colombia, Gustavo Petro, pidi\u00f3 exhibir la bandera de la guerrilla del M-19, de la que form\u00f3 parte en su juventud, en un acto p\u00fablico celebrado en un colegio de Zipaquir\u00e1, localidad cercana a Bogot\u00e1, donde conmemor\u00f3 el asesinato hace 34 a\u00f1os del excomandante guerrillero Carlos Pizarro. \u201cNo les gusta que la [&hellip;]<\/p>\n","protected":false},"author":1,"featured_media":0,"comment_status":"closed","ping_status":"open","sticky":false,"template":"","format":"standard","meta":{"footnotes":""},"categories":[9],"tags":[],"yoast_head":"<!-- This site is optimized with the Yoast SEO plugin v24.5 - https:\/\/yoast.com\/wordpress\/plugins\/seo\/ -->\n<title>Petro pide exhibir la bandera de la guerrilla del M-19 en un acto p\u00fablico | El Nuevo Norte<\/title>\n<meta name=\"robots\" content=\"index, follow, max-snippet:-1, max-image-preview:large, max-video-preview:-1\" \/>\n<link rel=\"canonical\" href=\"https:\/\/infoelnuevonorte.com\/?p=19505\" \/>\n<meta property=\"og:locale\" content=\"es_ES\" \/>\n<meta property=\"og:type\" content=\"article\" \/>\n<meta property=\"og:title\" content=\"Petro pide exhibir la bandera de la guerrilla del M-19 en un acto p\u00fablico | El Nuevo Norte\" \/>\n<meta property=\"og:description\" content=\"Bogot\u00e1.- El presidente de Colombia, Gustavo Petro, pidi\u00f3 exhibir la bandera de la guerrilla del M-19, de la que form\u00f3 parte en su juventud, en un acto p\u00fablico celebrado en un colegio de Zipaquir\u00e1, localidad cercana a Bogot\u00e1, donde conmemor\u00f3 el asesinato hace 34 a\u00f1os del excomandante guerrillero Carlos Pizarro. \u201cNo les gusta que la [&hellip;]\" \/>\n<meta property=\"og:url\" content=\"https:\/\/infoelnuevonorte.com\/?p=19505\" \/>\n<meta property=\"og:site_name\" content=\"El Nuevo Norte\" \/>\n<meta property=\"article:publisher\" content=\"https:\/\/www.facebook.com\/infoenn\" \/>\n<meta property=\"article:published_time\" content=\"2024-04-27T13:52:13+00:00\" \/>\n<meta property=\"article:modified_time\" content=\"2024-04-27T13:52:14+00:00\" \/>\n<meta property=\"og:image\" content=\"https:\/\/infoelnuevonorte.com\/wp-content\/uploads\/2024\/04\/petro-jpg.webp\" \/>\n\t<meta property=\"og:image:width\" content=\"898\" \/>\n\t<meta property=\"og:image:height\" content=\"598\" \/>\n\t<meta property=\"og:image:type\" content=\"image\/jpeg\" \/>\n<meta name=\"author\" content=\"InfoEnn\" \/>\n<meta name=\"twitter:card\" content=\"summary_large_image\" \/>\n<meta name=\"twitter:creator\" content=\"@Elnuevo_norte\" \/>\n<meta name=\"twitter:site\" content=\"@Elnuevo_norte\" \/>\n<meta name=\"twitter:label1\" content=\"Written by\" \/>\n\t<meta name=\"twitter:data1\" content=\"InfoEnn\" \/>\n\t<meta name=\"twitter:label2\" content=\"Est. reading time\" \/>\n\t<meta name=\"twitter:data2\" content=\"3 minutos\" \/>\n<script type=\"application\/ld+json\" class=\"yoast-schema-graph\">{\"@context\":\"https:\/\/schema.org\",\"@graph\":[{\"@type\":\"Article\",\"@id\":\"https:\/\/infoelnuevonorte.com\/?p=19505#article\",\"isPartOf\":{\"@id\":\"https:\/\/infoelnuevonorte.com\/?p=19505\"},\"author\":{\"name\":\"InfoEnn\",\"@id\":\"https:\/\/infoelnuevonorte.com\/#\/schema\/person\/fd4f6d90afe41260818b4ea94ad8ab84\"},\"headline\":\"Petro pide exhibir la bandera de la guerrilla del M-19 en un acto p\u00fablico\",\"datePublished\":\"2024-04-27T13:52:13+00:00\",\"dateModified\":\"2024-04-27T13:52:14+00:00\",\"mainEntityOfPage\":{\"@id\":\"https:\/\/infoelnuevonorte.com\/?p=19505\"},\"wordCount\":494,\"publisher\":{\"@id\":\"https:\/\/infoelnuevonorte.com\/#organization\"},\"articleSection\":[\"Mundiales\"],\"inLanguage\":\"es-DO\"},{\"@type\":\"WebPage\",\"@id\":\"https:\/\/infoelnuevonorte.com\/?p=19505\",\"url\":\"https:\/\/infoelnuevonorte.com\/?p=19505\",\"name\":\"Petro pide exhibir la bandera de la guerrilla del M-19 en un acto p\u00fablico | El Nuevo Norte\",\"isPartOf\":{\"@id\":\"https:\/\/infoelnuevonorte.com\/#website\"},\"datePublished\":\"2024-04-27T13:52:13+00:00\",\"dateModified\":\"2024-04-27T13:52:14+00:00\",\"breadcrumb\":{\"@id\":\"https:\/\/infoelnuevonorte.com\/?p=19505#breadcrumb\"},\"inLanguage\":\"es-DO\",\"potentialAction\":[{\"@type\":\"ReadAction\",\"target\":[\"https:\/\/infoelnuevonorte.com\/?p=19505\"]}]},{\"@type\":\"BreadcrumbList\",\"@id\":\"https:\/\/infoelnuevonorte.com\/?p=19505#breadcrumb\",\"itemListElement\":[{\"@type\":\"ListItem\",\"position\":1,\"name\":\"Home\",\"item\":\"https:\/\/infoelnuevonorte.com\/\"},{\"@type\":\"ListItem\",\"position\":2,\"name\":\"Petro pide exhibir la bandera de la guerrilla del M-19 en un acto p\u00fablico\"}]},{\"@type\":\"WebSite\",\"@id\":\"https:\/\/infoelnuevonorte.com\/#website\",\"url\":\"https:\/\/infoelnuevonorte.com\/\",\"name\":\"InfoEnn\",\"description\":\"Tu Voz, tu Verdad, tu Diario!!!\",\"publisher\":{\"@id\":\"https:\/\/infoelnuevonorte.com\/#organization\"},\"alternateName\":\"El Nuevo Norte\",\"potentialAction\":[{\"@type\":\"SearchAction\",\"target\":{\"@type\":\"EntryPoint\",\"urlTemplate\":\"https:\/\/infoelnuevonorte.com\/?s={search_term_string}\"},\"query-input\":{\"@type\":\"PropertyValueSpecification\",\"valueRequired\":true,\"valueName\":\"search_term_string\"}}],\"inLanguage\":\"es-DO\"},{\"@type\":\"Organization\",\"@id\":\"https:\/\/infoelnuevonorte.com\/#organization\",\"name\":\"Info El Nuevo Norte\",\"alternateName\":\"El Nuevo Norte\",\"url\":\"https:\/\/infoelnuevonorte.com\/\",\"logo\":{\"@type\":\"ImageObject\",\"inLanguage\":\"es-DO\",\"@id\":\"https:\/\/infoelnuevonorte.com\/#\/schema\/logo\/image\/\",\"url\":\"https:\/\/infoelnuevonorte.com\/wp-content\/uploads\/2026\/02\/Logo-Info-enn-3d-20ani.jpeg\",\"contentUrl\":\"https:\/\/infoelnuevonorte.com\/wp-content\/uploads\/2026\/02\/Logo-Info-enn-3d-20ani.jpeg\",\"width\":2046,\"height\":736,\"caption\":\"Info El Nuevo Norte\"},\"image\":{\"@id\":\"https:\/\/infoelnuevonorte.com\/#\/schema\/logo\/image\/\"},\"sameAs\":[\"https:\/\/www.facebook.com\/infoenn\",\"https:\/\/x.com\/Elnuevo_norte\",\"https:\/\/www.instagram.com\/infoenn\",\"https:\/\/www.facebook.com\/ENNRD\"]},{\"@type\":\"Person\",\"@id\":\"https:\/\/infoelnuevonorte.com\/#\/schema\/person\/fd4f6d90afe41260818b4ea94ad8ab84\",\"name\":\"InfoEnn\",\"image\":{\"@type\":\"ImageObject\",\"inLanguage\":\"es-DO\",\"@id\":\"https:\/\/infoelnuevonorte.com\/#\/schema\/person\/image\/\",\"url\":\"https:\/\/secure.gravatar.com\/avatar\/d4d760a41a48ba9db0a82bfb63bb0783?s=96&d=robohash&r=g\",\"contentUrl\":\"https:\/\/secure.gravatar.com\/avatar\/d4d760a41a48ba9db0a82bfb63bb0783?s=96&d=robohash&r=g\",\"caption\":\"InfoEnn\"},\"sameAs\":[\"https:\/\/infoelnuevonorte.com\"],\"url\":\"https:\/\/infoelnuevonorte.com\/?author=1\"}]}<\/script>\n<!-- \/ Yoast SEO plugin. -->","yoast_head_json":{"title":"Petro pide exhibir la bandera de la guerrilla del M-19 en un acto p\u00fablico | El Nuevo Norte","robots":{"index":"index","follow":"follow","max-snippet":"max-snippet:-1","max-image-preview":"max-image-preview:large","max-video-preview":"max-video-preview:-1"},"canonical":"https:\/\/infoelnuevonorte.com\/?p=19505","og_locale":"es_ES","og_type":"article","og_title":"Petro pide exhibir la bandera de la guerrilla del M-19 en un acto p\u00fablico | El Nuevo Norte","og_description":"Bogot\u00e1.- El presidente de Colombia, Gustavo Petro, pidi\u00f3 exhibir la bandera de la guerrilla del M-19, de la que form\u00f3 parte en su juventud, en un acto p\u00fablico celebrado en un colegio de Zipaquir\u00e1, localidad cercana a Bogot\u00e1, donde conmemor\u00f3 el asesinato hace 34 a\u00f1os del excomandante guerrillero Carlos Pizarro. \u201cNo les gusta que la [&hellip;]","og_url":"https:\/\/infoelnuevonorte.com\/?p=19505","og_site_name":"El Nuevo Norte","article_publisher":"https:\/\/www.facebook.com\/infoenn","article_published_time":"2024-04-27T13:52:13+00:00","article_modified_time":"2024-04-27T13:52:14+00:00","og_image":[{"width":898,"height":598,"url":"https:\/\/infoelnuevonorte.com\/wp-content\/uploads\/2024\/04\/petro-jpg.webp","type":"image\/jpeg"}],"author":"InfoEnn","twitter_card":"summary_large_image","twitter_creator":"@Elnuevo_norte","twitter_site":"@Elnuevo_norte","twitter_misc":{"Written by":"InfoEnn","Est. reading time":"3 minutos"},"schema":{"@context":"https:\/\/schema.org","@graph":[{"@type":"Article","@id":"https:\/\/infoelnuevonorte.com\/?p=19505#article","isPartOf":{"@id":"https:\/\/infoelnuevonorte.com\/?p=19505"},"author":{"name":"InfoEnn","@id":"https:\/\/infoelnuevonorte.com\/#\/schema\/person\/fd4f6d90afe41260818b4ea94ad8ab84"},"headline":"Petro pide exhibir la bandera de la guerrilla del M-19 en un acto p\u00fablico","datePublished":"2024-04-27T13:52:13+00:00","dateModified":"2024-04-27T13:52:14+00:00","mainEntityOfPage":{"@id":"https:\/\/infoelnuevonorte.com\/?p=19505"},"wordCount":494,"publisher":{"@id":"https:\/\/infoelnuevonorte.com\/#organization"},"articleSection":["Mundiales"],"inLanguage":"es-DO"},{"@type":"WebPage","@id":"https:\/\/infoelnuevonorte.com\/?p=19505","url":"https:\/\/infoelnuevonorte.com\/?p=19505","name":"Petro pide exhibir la bandera de la guerrilla del M-19 en un acto p\u00fablico | El Nuevo Norte","isPartOf":{"@id":"https:\/\/infoelnuevonorte.com\/#website"},"datePublished":"2024-04-27T13:52:13+00:00","dateModified":"2024-04-27T13:52:14+00:00","breadcrumb":{"@id":"https:\/\/infoelnuevonorte.com\/?p=19505#breadcrumb"},"inLanguage":"es-DO","potentialAction":[{"@type":"ReadAction","target":["https:\/\/infoelnuevonorte.com\/?p=19505"]}]},{"@type":"BreadcrumbList","@id":"https:\/\/infoelnuevonorte.com\/?p=19505#breadcrumb","itemListElement":[{"@type":"ListItem","position":1,"name":"Home","item":"https:\/\/infoelnuevonorte.com\/"},{"@type":"ListItem","position":2,"name":"Petro pide exhibir la bandera de la guerrilla del M-19 en un acto p\u00fablico"}]},{"@type":"WebSite","@id":"https:\/\/infoelnuevonorte.com\/#website","url":"https:\/\/infoelnuevonorte.com\/","name":"InfoEnn","description":"Tu Voz, tu Verdad, tu Diario!!!","publisher":{"@id":"https:\/\/infoelnuevonorte.com\/#organization"},"alternateName":"El Nuevo Norte","potentialAction":[{"@type":"SearchAction","target":{"@type":"EntryPoint","urlTemplate":"https:\/\/infoelnuevonorte.com\/?s={search_term_string}"},"query-input":{"@type":"PropertyValueSpecification","valueRequired":true,"valueName":"search_term_string"}}],"inLanguage":"es-DO"},{"@type":"Organization","@id":"https:\/\/infoelnuevonorte.com\/#organization","name":"Info El Nuevo Norte","alternateName":"El Nuevo Norte","url":"https:\/\/infoelnuevonorte.com\/","logo":{"@type":"ImageObject","inLanguage":"es-DO","@id":"https:\/\/infoelnuevonorte.com\/#\/schema\/logo\/image\/","url":"https:\/\/infoelnuevonorte.com\/wp-content\/uploads\/2026\/02\/Logo-Info-enn-3d-20ani.jpeg","contentUrl":"https:\/\/infoelnuevonorte.com\/wp-content\/uploads\/2026\/02\/Logo-Info-enn-3d-20ani.jpeg","width":2046,"height":736,"caption":"Info El Nuevo Norte"},"image":{"@id":"https:\/\/infoelnuevonorte.com\/#\/schema\/logo\/image\/"},"sameAs":["https:\/\/www.facebook.com\/infoenn","https:\/\/x.com\/Elnuevo_norte","https:\/\/www.instagram.com\/infoenn","https:\/\/www.facebook.com\/ENNRD"]},{"@type":"Person","@id":"https:\/\/infoelnuevonorte.com\/#\/schema\/person\/fd4f6d90afe41260818b4ea94ad8ab84","name":"InfoEnn","image":{"@type":"ImageObject","inLanguage":"es-DO","@id":"https:\/\/infoelnuevonorte.com\/#\/schema\/person\/image\/","url":"https:\/\/secure.gravatar.com\/avatar\/d4d760a41a48ba9db0a82bfb63bb0783?s=96&d=robohash&r=g","contentUrl":"https:\/\/secure.gravatar.com\/avatar\/d4d760a41a48ba9db0a82bfb63bb0783?s=96&d=robohash&r=g","caption":"InfoEnn"},"sameAs":["https:\/\/infoelnuevonorte.com"],"url":"https:\/\/infoelnuevonorte.com\/?author=1"}]}},"_links":{"self":[{"href":"https:\/\/infoelnuevonorte.com\/index.php?rest_route=\/wp\/v2\/posts\/19505"}],"collection":[{"href":"https:\/\/infoelnuevonorte.com\/index.php?rest_route=\/wp\/v2\/posts"}],"about":[{"href":"https:\/\/infoelnuevonorte.com\/index.php?rest_route=\/wp\/v2\/types\/post"}],"author":[{"embeddable":true,"href":"https:\/\/infoelnuevonorte.com\/index.php?rest_route=\/wp\/v2\/users\/1"}],"replies":[{"embeddable":true,"href":"https:\/\/infoelnuevonorte.com\/index.php?rest_route=%2Fwp%2Fv2%2Fcomments&post=19505"}],"version-history":[{"count":0,"href":"https:\/\/infoelnuevonorte.com\/index.php?rest_route=\/wp\/v2\/posts\/19505\/revisions"}],"wp:attachment":[{"href":"https:\/\/infoelnuevonorte.com\/index.php?rest_route=%2Fwp%2Fv2%2Fmedia&parent=19505"}],"wp:term":[{"taxonomy":"category","embeddable":true,"href":"https:\/\/infoelnuevonorte.com\/index.php?rest_route=%2Fwp%2Fv2%2Fcategories&post=19505"},{"taxonomy":"post_tag","embeddable":true,"href":"https:\/\/infoelnuevonorte.com\/index.php?rest_route=%2Fwp%2Fv2%2Ftags&post=19505"}],"curies":[{"name":"wp","href":"https:\/\/api.w.org\/{rel}","templated":true}]}}