{"id":195417,"date":"2026-03-04T12:01:57","date_gmt":"2026-03-04T16:01:57","guid":{"rendered":"https:\/\/infoelnuevonorte.com\/?p=195417"},"modified":"2026-03-04T15:09:13","modified_gmt":"2026-03-04T19:09:13","slug":"fuerza-aerea-designa-nuevo-comandante-para-la-base-de-puerto-plata","status":"publish","type":"post","link":"https:\/\/infoelnuevonorte.com\/?p=195417","title":{"rendered":"General H\u00e9ctor Mart\u00ednez P\u00e9rez asume el mando de la Base A\u00e9rea de Puerto Plata"},"content":{"rendered":"<!--[if lt IE 9]><script>document.createElement('audio');<\/script><![endif]-->\n<audio class=\"wp-audio-shortcode\" id=\"audio-195417-1\" preload=\"none\" style=\"width: 100%;\" controls=\"controls\"><source type=\"audio\/mpeg\" src=\"https:\/\/infoelnuevonorte.com\/wp-content\/uploads\/2026\/03\/ttsmaker-vip-file-2026-3-4-14-34-57.mp3?_=1\" \/><a href=\"https:\/\/infoelnuevonorte.com\/wp-content\/uploads\/2026\/03\/ttsmaker-vip-file-2026-3-4-14-34-57.mp3\">https:\/\/infoelnuevonorte.com\/wp-content\/uploads\/2026\/03\/ttsmaker-vip-file-2026-3-4-14-34-57.mp3<\/a><\/audio>\n<p style=\"text-align: justify;\"><span style=\"font-size: 14pt;\"><strong>Puerto Plata.\u2013<\/strong> En una ceremonia militar cargada de solemnidad y tradici\u00f3n institucional, la Fuerza A\u00e9rea de Rep\u00fablica Dominicana (FARD) realiz\u00f3 el acto de cambio de mando en la Base A\u00e9rea de Puerto Plata, donde el general de brigada piloto H\u00e9ctor Mart\u00ednez P\u00e9rez asumi\u00f3 oficialmente como nuevo comandante de esa unidad militar.<img loading=\"lazy\" decoding=\"async\" class=\"aligncenter size-full wp-image-195480\" src=\"https:\/\/infoelnuevonorte.com\/wp-content\/uploads\/2026\/03\/WhatsApp-Image-2026-03-04-at-13.21.56.jpeg\" alt=\"\" width=\"1280\" height=\"960\" srcset=\"https:\/\/infoelnuevonorte.com\/wp-content\/uploads\/2026\/03\/WhatsApp-Image-2026-03-04-at-13.21.56.jpeg 1280w, https:\/\/infoelnuevonorte.com\/wp-content\/uploads\/2026\/03\/WhatsApp-Image-2026-03-04-at-13.21.56-300x225.jpeg 300w, https:\/\/infoelnuevonorte.com\/wp-content\/uploads\/2026\/03\/WhatsApp-Image-2026-03-04-at-13.21.56-1024x768.jpeg 1024w, https:\/\/infoelnuevonorte.com\/wp-content\/uploads\/2026\/03\/WhatsApp-Image-2026-03-04-at-13.21.56-768x576.jpeg 768w, https:\/\/infoelnuevonorte.com\/wp-content\/uploads\/2026\/03\/WhatsApp-Image-2026-03-04-at-13.21.56-560x420.jpeg 560w, https:\/\/infoelnuevonorte.com\/wp-content\/uploads\/2026\/03\/WhatsApp-Image-2026-03-04-at-13.21.56-80x60.jpeg 80w, https:\/\/infoelnuevonorte.com\/wp-content\/uploads\/2026\/03\/WhatsApp-Image-2026-03-04-at-13.21.56-150x113.jpeg 150w, https:\/\/infoelnuevonorte.com\/wp-content\/uploads\/2026\/03\/WhatsApp-Image-2026-03-04-at-13.21.56-696x522.jpeg 696w, https:\/\/infoelnuevonorte.com\/wp-content\/uploads\/2026\/03\/WhatsApp-Image-2026-03-04-at-13.21.56-1068x801.jpeg 1068w\" sizes=\"(max-width: 1280px) 100vw, 1280px\" \/><\/span><\/p>\n<p style=\"text-align: justify;\"><span style=\"font-size: 14pt;\">El acto fue encabezado por el general de brigada piloto Manuel Abad Garc\u00eda Lithgow, subcomandante general de la Fuerza A\u00e9rea de Rep\u00fablica Dominicana, en representaci\u00f3n del comandante general de la instituci\u00f3n, mayor general piloto Floreal T. Su\u00e1rez Mart\u00ednez.<img loading=\"lazy\" decoding=\"async\" class=\"aligncenter size-full wp-image-195478\" src=\"https:\/\/infoelnuevonorte.com\/wp-content\/uploads\/2026\/03\/WhatsApp-Image-2026-03-04-at-13.21.56-2.jpeg\" alt=\"\" width=\"1280\" height=\"960\" srcset=\"https:\/\/infoelnuevonorte.com\/wp-content\/uploads\/2026\/03\/WhatsApp-Image-2026-03-04-at-13.21.56-2.jpeg 1280w, https:\/\/infoelnuevonorte.com\/wp-content\/uploads\/2026\/03\/WhatsApp-Image-2026-03-04-at-13.21.56-2-300x225.jpeg 300w, https:\/\/infoelnuevonorte.com\/wp-content\/uploads\/2026\/03\/WhatsApp-Image-2026-03-04-at-13.21.56-2-1024x768.jpeg 1024w, https:\/\/infoelnuevonorte.com\/wp-content\/uploads\/2026\/03\/WhatsApp-Image-2026-03-04-at-13.21.56-2-768x576.jpeg 768w, https:\/\/infoelnuevonorte.com\/wp-content\/uploads\/2026\/03\/WhatsApp-Image-2026-03-04-at-13.21.56-2-560x420.jpeg 560w, https:\/\/infoelnuevonorte.com\/wp-content\/uploads\/2026\/03\/WhatsApp-Image-2026-03-04-at-13.21.56-2-80x60.jpeg 80w, https:\/\/infoelnuevonorte.com\/wp-content\/uploads\/2026\/03\/WhatsApp-Image-2026-03-04-at-13.21.56-2-150x113.jpeg 150w, https:\/\/infoelnuevonorte.com\/wp-content\/uploads\/2026\/03\/WhatsApp-Image-2026-03-04-at-13.21.56-2-696x522.jpeg 696w, https:\/\/infoelnuevonorte.com\/wp-content\/uploads\/2026\/03\/WhatsApp-Image-2026-03-04-at-13.21.56-2-1068x801.jpeg 1068w\" sizes=\"(max-width: 1280px) 100vw, 1280px\" \/><\/span><\/p>\n<p style=\"text-align: justify;\"><span style=\"font-size: 14pt;\">La actividad cont\u00f3 con la presencia de la gobernadora provincial de Puerto Plata, Clarissa Rochtte Peralta de Senior, adem\u00e1s de autoridades civiles y militares, oficiales superiores, oficiales subalternos, alistados y personal administrativo que presta servicio en esa base a\u00e9rea.<\/span><\/p>\n\n\n<figure class=\"wp-block-gallery has-nested-images columns-default is-cropped wp-block-gallery-1 is-layout-flex wp-block-gallery-is-layout-flex\">\n<figure class=\"wp-block-image size-large\"><img loading=\"lazy\" decoding=\"async\" width=\"1024\" height=\"768\" data-id=\"195476\" src=\"https:\/\/infoelnuevonorte.com\/wp-content\/uploads\/2026\/03\/WhatsApp-Image-2026-03-04-at-13.21.56-4-1024x768.jpeg\" alt=\"\" class=\"wp-image-195476\" srcset=\"https:\/\/infoelnuevonorte.com\/wp-content\/uploads\/2026\/03\/WhatsApp-Image-2026-03-04-at-13.21.56-4-1024x768.jpeg 1024w, https:\/\/infoelnuevonorte.com\/wp-content\/uploads\/2026\/03\/WhatsApp-Image-2026-03-04-at-13.21.56-4-300x225.jpeg 300w, https:\/\/infoelnuevonorte.com\/wp-content\/uploads\/2026\/03\/WhatsApp-Image-2026-03-04-at-13.21.56-4-768x576.jpeg 768w, https:\/\/infoelnuevonorte.com\/wp-content\/uploads\/2026\/03\/WhatsApp-Image-2026-03-04-at-13.21.56-4-560x420.jpeg 560w, https:\/\/infoelnuevonorte.com\/wp-content\/uploads\/2026\/03\/WhatsApp-Image-2026-03-04-at-13.21.56-4-80x60.jpeg 80w, https:\/\/infoelnuevonorte.com\/wp-content\/uploads\/2026\/03\/WhatsApp-Image-2026-03-04-at-13.21.56-4-150x113.jpeg 150w, https:\/\/infoelnuevonorte.com\/wp-content\/uploads\/2026\/03\/WhatsApp-Image-2026-03-04-at-13.21.56-4-696x522.jpeg 696w, https:\/\/infoelnuevonorte.com\/wp-content\/uploads\/2026\/03\/WhatsApp-Image-2026-03-04-at-13.21.56-4-1068x801.jpeg 1068w, https:\/\/infoelnuevonorte.com\/wp-content\/uploads\/2026\/03\/WhatsApp-Image-2026-03-04-at-13.21.56-4.jpeg 1280w\" sizes=\"(max-width: 1024px) 100vw, 1024px\" \/><\/figure>\n\n\n\n<figure class=\"wp-block-image size-large\"><img loading=\"lazy\" decoding=\"async\" width=\"1024\" height=\"768\" data-id=\"195475\" src=\"https:\/\/infoelnuevonorte.com\/wp-content\/uploads\/2026\/03\/WhatsApp-Image-2026-03-04-at-13.21.56-5-1024x768.jpeg\" alt=\"\" class=\"wp-image-195475\" srcset=\"https:\/\/infoelnuevonorte.com\/wp-content\/uploads\/2026\/03\/WhatsApp-Image-2026-03-04-at-13.21.56-5-1024x768.jpeg 1024w, https:\/\/infoelnuevonorte.com\/wp-content\/uploads\/2026\/03\/WhatsApp-Image-2026-03-04-at-13.21.56-5-300x225.jpeg 300w, https:\/\/infoelnuevonorte.com\/wp-content\/uploads\/2026\/03\/WhatsApp-Image-2026-03-04-at-13.21.56-5-768x576.jpeg 768w, https:\/\/infoelnuevonorte.com\/wp-content\/uploads\/2026\/03\/WhatsApp-Image-2026-03-04-at-13.21.56-5-560x420.jpeg 560w, https:\/\/infoelnuevonorte.com\/wp-content\/uploads\/2026\/03\/WhatsApp-Image-2026-03-04-at-13.21.56-5-80x60.jpeg 80w, https:\/\/infoelnuevonorte.com\/wp-content\/uploads\/2026\/03\/WhatsApp-Image-2026-03-04-at-13.21.56-5-150x113.jpeg 150w, https:\/\/infoelnuevonorte.com\/wp-content\/uploads\/2026\/03\/WhatsApp-Image-2026-03-04-at-13.21.56-5-696x522.jpeg 696w, https:\/\/infoelnuevonorte.com\/wp-content\/uploads\/2026\/03\/WhatsApp-Image-2026-03-04-at-13.21.56-5-1068x801.jpeg 1068w, https:\/\/infoelnuevonorte.com\/wp-content\/uploads\/2026\/03\/WhatsApp-Image-2026-03-04-at-13.21.56-5.jpeg 1280w\" sizes=\"(max-width: 1024px) 100vw, 1024px\" \/><\/figure>\n<\/figure>\n\n\n<p style=\"text-align: justify;\"><span style=\"font-size: 14pt;\">Invocaci\u00f3n religiosa<\/span><\/p>\n<p style=\"text-align: justify;\"><span style=\"font-size: 14pt;\">La ceremonia inici\u00f3 con una invocaci\u00f3n religiosa a cargo del padre John Rafael S\u00e1nchez, quien pidi\u00f3 la bendici\u00f3n de Dios para los miembros de la instituci\u00f3n y para el nuevo comandante de la unidad.<\/span><\/p>\n<p style=\"text-align: justify;\"><span style=\"font-size: 14pt;\">\u201cEl Se\u00f1or est\u00e9 con ustedes. Y la bendici\u00f3n de Dios Todopoderoso, Padre, Hijo y Esp\u00edritu Santo, descienda sobre ustedes y les acompa\u00f1e siempre\u201d, expres\u00f3 el sacerdote durante la oraci\u00f3n.<img loading=\"lazy\" decoding=\"async\" class=\"aligncenter size-full wp-image-195479\" src=\"https:\/\/infoelnuevonorte.com\/wp-content\/uploads\/2026\/03\/WhatsApp-Image-2026-03-04-at-13.21.56-1.jpeg\" alt=\"\" width=\"1280\" height=\"960\" srcset=\"https:\/\/infoelnuevonorte.com\/wp-content\/uploads\/2026\/03\/WhatsApp-Image-2026-03-04-at-13.21.56-1.jpeg 1280w, https:\/\/infoelnuevonorte.com\/wp-content\/uploads\/2026\/03\/WhatsApp-Image-2026-03-04-at-13.21.56-1-300x225.jpeg 300w, https:\/\/infoelnuevonorte.com\/wp-content\/uploads\/2026\/03\/WhatsApp-Image-2026-03-04-at-13.21.56-1-1024x768.jpeg 1024w, https:\/\/infoelnuevonorte.com\/wp-content\/uploads\/2026\/03\/WhatsApp-Image-2026-03-04-at-13.21.56-1-768x576.jpeg 768w, https:\/\/infoelnuevonorte.com\/wp-content\/uploads\/2026\/03\/WhatsApp-Image-2026-03-04-at-13.21.56-1-560x420.jpeg 560w, https:\/\/infoelnuevonorte.com\/wp-content\/uploads\/2026\/03\/WhatsApp-Image-2026-03-04-at-13.21.56-1-80x60.jpeg 80w, https:\/\/infoelnuevonorte.com\/wp-content\/uploads\/2026\/03\/WhatsApp-Image-2026-03-04-at-13.21.56-1-150x113.jpeg 150w, https:\/\/infoelnuevonorte.com\/wp-content\/uploads\/2026\/03\/WhatsApp-Image-2026-03-04-at-13.21.56-1-696x522.jpeg 696w, https:\/\/infoelnuevonorte.com\/wp-content\/uploads\/2026\/03\/WhatsApp-Image-2026-03-04-at-13.21.56-1-1068x801.jpeg 1068w\" sizes=\"(max-width: 1280px) 100vw, 1280px\" \/><\/span><\/p>\n<p style=\"text-align: justify;\"><span style=\"font-size: 14pt;\">Palabras del comandante saliente<\/span><\/p>\n<p style=\"text-align: justify;\"><span style=\"font-size: 14pt;\">Durante el acto, el coronel paracaidista William Medina Gardner, comandante saliente de la Base A\u00e9rea de Puerto Plata, agradeci\u00f3 a Dios y a las autoridades militares la oportunidad de haber dirigido esa unidad durante un a\u00f1o y seis meses.<\/span><\/p>\n<p style=\"text-align: justify;\"><span style=\"font-size: 14pt;\">El oficial expres\u00f3 su gratitud al presidente de la Rep\u00fablica, Luis Abinader, autoridad suprema de las Fuerzas Armadas y la Polic\u00eda Nacional, as\u00ed como al ministro de Defensa, teniente general Carlos Antonio Fern\u00e1ndez Onofre, por el respaldo brindado a las instituciones militares.<\/span><\/p>\n<p style=\"text-align: justify;\"><span style=\"font-size: 14pt;\">Asimismo, agradeci\u00f3 al comandante general de la Fuerza A\u00e9rea y al subcomandante general por la confianza depositada en su gesti\u00f3n.<\/span><\/p>\n<p style=\"text-align: justify;\"><span style=\"font-size: 14pt;\">Medina Gardner destac\u00f3 adem\u00e1s el trabajo del personal militar de la base, a quienes defini\u00f3 como el coraz\u00f3n operativo de la instituci\u00f3n, exhort\u00e1ndoles a brindar el mismo apoyo al nuevo comandante.<\/span><\/p>\n<p style=\"text-align: justify;\"><span style=\"font-size: 14pt;\">Traspaso de mando<\/span><\/p>\n<p style=\"text-align: justify;\"><span style=\"font-size: 14pt;\">El momento central de la ceremonia fue el traspaso del bander\u00edn de mando, s\u00edmbolo de la autoridad militar de la unidad.<\/span><\/p>\n<p style=\"text-align: justify;\"><span style=\"font-size: 14pt;\">Durante el acto, el coronel Medina Gardner entreg\u00f3 el bander\u00edn al general de brigada piloto H\u00e9ctor Mart\u00ednez P\u00e9rez, quien desde ese momento qued\u00f3 oficialmente posesionado como comandante de la Base A\u00e9rea de Puerto Plata.<\/span><\/p>\n<p style=\"text-align: justify;\"><span style=\"font-size: 14pt;\">Posteriormente, ambos oficiales realizaron el pase a revista de la tropa, como parte del protocolo militar, recorriendo la formaci\u00f3n del personal que presta servicio en la base.<\/span><\/p>\n<p style=\"text-align: justify;\"><span style=\"font-size: 14pt;\">Trayectoria del nuevo comandante<\/span><\/p>\n<p style=\"text-align: justify;\"><span style=\"font-size: 14pt;\">El general de brigada piloto H\u00e9ctor Mart\u00ednez P\u00e9rez naci\u00f3 en Santiago de los Caballeros el 13 de julio de 1975 y est\u00e1 casado con la se\u00f1ora Rosa Berusca Hern\u00e1ndez Rodr\u00edguez de Mart\u00ednez.<\/span><\/p>\n<p style=\"text-align: justify;\"><span style=\"font-size: 14pt;\">A lo largo de su carrera militar ha realizado diversas capacitaciones nacionales e internacionales, entre ellas entrenamientos en Derecho de los Conflictos Armados en Guatemala, cursos de b\u00fasqueda y salvamento en la Base A\u00e9rea Lakeland, en San Antonio, Texas, as\u00ed como estudios de Comando y Estado Mayor A\u00e9reo en Montgomery, Alabama, Estados Unidos.<\/span><\/p>\n<p style=\"text-align: justify;\"><span style=\"font-size: 14pt;\">Tambi\u00e9n ha recibido importantes condecoraciones, entre ellas el Gran Cord\u00f3n Militar Juan Pablo Duarte, la Medalla por Servicio Prestado a la Fuerza A\u00e9rea de Estados Unidos, las Alas de Maestro Piloto, la Medalla Vuelo Panamericano y la Orden del M\u00e9rito A\u00e9reo en segunda categor\u00eda, entre otras distinciones.<\/span><\/p>\n<p style=\"text-align: justify;\"><span style=\"font-size: 14pt;\">Entre las funciones que ha desempe\u00f1ado dentro de la instituci\u00f3n se destacan los cargos de director de Operaciones A\u00e9reas, director de Relaciones P\u00fablicas y Asuntos C\u00edvico-Militares, director de Seguridad A\u00e9rea y Terrestre, adem\u00e1s de director de Educaci\u00f3n, Capacitaci\u00f3n y Entrenamiento de la FARD.<\/span><\/p>\n<p style=\"text-align: justify;\"><span style=\"font-size: 14pt;\">Previo a su designaci\u00f3n como comandante de la Base A\u00e9rea de Puerto Plata, tambi\u00e9n se desempe\u00f1aba como decano de la Facultad de Ciencias Aeron\u00e1uticas del Instituto Superior para la Defensa y Seguridad.<\/span><\/p>\n<p style=\"text-align: justify;\"><span style=\"font-size: 14pt;\">Compromiso con Puerto Plata<\/span><\/p>\n<p style=\"text-align: justify;\"><span style=\"font-size: 14pt;\">Durante sus palabras, el nuevo comandante expres\u00f3 su satisfacci\u00f3n por regresar a la Base A\u00e9rea de Puerto Plata, a la que describi\u00f3 como su casa dentro de la instituci\u00f3n.<\/span><\/p>\n<p style=\"text-align: justify;\"><span style=\"font-size: 14pt;\">El oficial asegur\u00f3 que la base continuar\u00e1 apoyando las acciones del Gobierno y mantendr\u00e1 su disposici\u00f3n para colaborar en labores de seguridad, defensa y asistencia humanitaria, especialmente ante los efectos del cambio clim\u00e1tico y las lluvias que afectan a la provincia.<\/span><\/p>\n<p style=\"text-align: justify;\"><span style=\"font-size: 14pt;\">Asimismo, indic\u00f3 que mantendr\u00e1 una gesti\u00f3n abierta al personal militar y reiter\u00f3 que la disciplina seguir\u00e1 siendo un principio fundamental dentro de la instituci\u00f3n.<\/span><\/p>\n<p style=\"text-align: justify;\"><span style=\"font-size: 14pt;\">\u201cMis puertas est\u00e1n abiertas para todos, pero la disciplina es la base de nuestras Fuerzas Armadas\u201d, expres\u00f3.<\/span><\/p>\n<p style=\"text-align: justify;\"><span style=\"font-size: 14pt;\">Por su parte, el general Manuel Abad Garc\u00eda Lithgow felicit\u00f3 al comandante saliente por su gesti\u00f3n y exhort\u00f3 al nuevo comandante a continuar fortaleciendo la operatividad de la unidad.<\/span><\/p>\n<p style=\"text-align: justify;\"><span style=\"font-size: 14pt;\">\u201cEl reto de cada nuevo comandante es mejorar el trabajo realizado por el comandante saliente\u201d, manifest\u00f3 el alto oficial.<\/span><\/p>\n\n\n<div class=\"wp-block-group\"><div class=\"wp-block-group__inner-container is-layout-constrained wp-block-group-is-layout-constrained\">\n<div id=\"DenunciayAPP\" class=\"wp-block-group\"><div class=\"wp-block-group__inner-container is-layout-constrained wp-block-group-is-layout-constrained\">\n<p><a href=\"https:\/\/whatsapp.com\/channel\/0029Va88WGP2ER6ZxD6TCa3U\" target=\"_blank\" rel=\"noopener\"><img loading=\"lazy\" decoding=\"async\" class=\"aligncenter size-full wp-image-155512\" src=\"https:\/\/infoelnuevonorte.com\/wp-content\/uploads\/2025\/10\/Canal-whatsapp-infoenn.jpeg\" alt=\"\" width=\"2046\" height=\"554\" srcset=\"https:\/\/infoelnuevonorte.com\/wp-content\/uploads\/2025\/10\/Canal-whatsapp-infoenn.jpeg 2046w, https:\/\/infoelnuevonorte.com\/wp-content\/uploads\/2025\/10\/Canal-whatsapp-infoenn-300x81.jpeg 300w, https:\/\/infoelnuevonorte.com\/wp-content\/uploads\/2025\/10\/Canal-whatsapp-infoenn-1024x277.jpeg 1024w, https:\/\/infoelnuevonorte.com\/wp-content\/uploads\/2025\/10\/Canal-whatsapp-infoenn-768x208.jpeg 768w, https:\/\/infoelnuevonorte.com\/wp-content\/uploads\/2025\/10\/Canal-whatsapp-infoenn-1536x416.jpeg 1536w, https:\/\/infoelnuevonorte.com\/wp-content\/uploads\/2025\/10\/Canal-whatsapp-infoenn-1551x420.jpeg 1551w, https:\/\/infoelnuevonorte.com\/wp-content\/uploads\/2025\/10\/Canal-whatsapp-infoenn-150x41.jpeg 150w, https:\/\/infoelnuevonorte.com\/wp-content\/uploads\/2025\/10\/Canal-whatsapp-infoenn-696x188.jpeg 696w, https:\/\/infoelnuevonorte.com\/wp-content\/uploads\/2025\/10\/Canal-whatsapp-infoenn-1068x289.jpeg 1068w, https:\/\/infoelnuevonorte.com\/wp-content\/uploads\/2025\/10\/Canal-whatsapp-infoenn-1920x520.jpeg 1920w\" sizes=\"(max-width: 2046px) 100vw, 2046px\" \/><\/a><\/p>\n<p>\ud83d\udd17 S\u00edguenos en nuestras redes:<br data-start=\"2686\" data-end=\"2689\" \/><a href=\"https:\/\/x.com\/Elnuevo_norte\">X<\/a> | <a class=\"\" href=\"https:\/\/t.me\/infoenn\" target=\"_new\" rel=\"noopener\" data-start=\"2757\" data-end=\"2789\">Telegram<\/a> | <a class=\"\" href=\"https:\/\/instagram.com\/noticiasenn1?r=nametag\" target=\"_new\" rel=\"noopener\" data-start=\"2792\" data-end=\"2849\">Instagram<\/a><br data-start=\"2849\" data-end=\"2852\" \/><a class=\"\" href=\"https:\/\/www.facebook.com\/infoenn\" target=\"_new\" rel=\"noopener\" data-start=\"2852\" data-end=\"2896\">Facebook<\/a> | <a class=\"\" href=\"https:\/\/www.threads.net\/@noticiasenn1\" target=\"_new\" rel=\"noopener\" data-start=\"2899\" data-end=\"2947\">Threads<\/a> | <a class=\"\" href=\"https:\/\/www.youtube.com\/channel\/UCZZJg_scU1p_c6cvyCHY48A\" target=\"_new\" rel=\"noopener\" data-start=\"2950\" data-end=\"3017\" data-is-last-node=\"\">YouTube<\/a><\/p>\n<p>\ud83d\ude4f \u00a1Tu apoyo es importante!<\/p>\n<p>\ud83d\udd3bDESCARGAR NUESTRA APP \"<span style=\"color: #0000ff;\"><strong>Info ENN<\/strong><\/span>\"<\/p>\n\n\n\n<div class=\"wp-block-buttons is-content-justification-left is-layout-flex wp-container-core-buttons-is-layout-1 wp-block-buttons-is-layout-flex\">\n<div class=\"wp-block-button is-style-3d\"><a class=\"wp-block-button__link has-white-background-color has-background wp-element-button\" href=\"https:\/\/apps.apple.com\/do\/app\/infoenn\/id6503000762\"><img loading=\"lazy\" decoding=\"async\" width=\"150\" height=\"50\" class=\"wp-image-104096\" style=\"width: 150px;\" src=\"https:\/\/infoelnuevonorte.com\/wp-content\/uploads\/2025\/05\/Download_on_the_App_Store_RGB_blk.svg_.png\" alt=\"\" srcset=\"https:\/\/infoelnuevonorte.com\/wp-content\/uploads\/2025\/05\/Download_on_the_App_Store_RGB_blk.svg_.png 1280w, https:\/\/infoelnuevonorte.com\/wp-content\/uploads\/2025\/05\/Download_on_the_App_Store_RGB_blk.svg_-300x100.png 300w, https:\/\/infoelnuevonorte.com\/wp-content\/uploads\/2025\/05\/Download_on_the_App_Store_RGB_blk.svg_-1024x342.png 1024w, https:\/\/infoelnuevonorte.com\/wp-content\/uploads\/2025\/05\/Download_on_the_App_Store_RGB_blk.svg_-768x257.png 768w, https:\/\/infoelnuevonorte.com\/wp-content\/uploads\/2025\/05\/Download_on_the_App_Store_RGB_blk.svg_-1256x420.png 1256w, https:\/\/infoelnuevonorte.com\/wp-content\/uploads\/2025\/05\/Download_on_the_App_Store_RGB_blk.svg_-150x50.png 150w, https:\/\/infoelnuevonorte.com\/wp-content\/uploads\/2025\/05\/Download_on_the_App_Store_RGB_blk.svg_-696x233.png 696w, https:\/\/infoelnuevonorte.com\/wp-content\/uploads\/2025\/05\/Download_on_the_App_Store_RGB_blk.svg_-1068x357.png 1068w, https:\/\/infoelnuevonorte.com\/wp-content\/uploads\/2025\/05\/Download_on_the_App_Store_RGB_blk.svg_-200x67.png 200w\" sizes=\"(max-width: 150px) 100vw, 150px\" \/><\/a><\/div>\n<\/div>\n\n\n\n<div class=\"wp-block-buttons is-layout-flex wp-block-buttons-is-layout-flex\">\n<div class=\"wp-block-button is-style-3d td_btn_large\"><a class=\"wp-block-button__link has-white-background-color has-background wp-element-button\" href=\"https:\/\/mega.nz\/file\/vRhVTJBD#6P0Os8p_y2oJgZIa__7dhjqdpW42XJ_cY3zmbyxVohM\" target=\"_blank\" rel=\"noreferrer noopener\"><mark style=\"background-color:rgba(0, 0, 0, 0)\" class=\"has-inline-color has-light-green-cyan-color\"><img loading=\"lazy\" decoding=\"async\" width=\"150\" height=\"49\" class=\"wp-image-104095\" style=\"width: 150px;\" src=\"https:\/\/infoelnuevonorte.com\/wp-content\/uploads\/2025\/05\/badge-google-play-and-app-store-button-download-free-png.webp\" alt=\"\" srcset=\"https:\/\/infoelnuevonorte.com\/wp-content\/uploads\/2025\/05\/badge-google-play-and-app-store-button-download-free-png.webp 1920w, https:\/\/infoelnuevonorte.com\/wp-content\/uploads\/2025\/05\/badge-google-play-and-app-store-button-download-free-png-300x98.webp 300w, https:\/\/infoelnuevonorte.com\/wp-content\/uploads\/2025\/05\/badge-google-play-and-app-store-button-download-free-png-1024x335.webp 1024w, https:\/\/infoelnuevonorte.com\/wp-content\/uploads\/2025\/05\/badge-google-play-and-app-store-button-download-free-png-768x252.webp 768w, https:\/\/infoelnuevonorte.com\/wp-content\/uploads\/2025\/05\/badge-google-play-and-app-store-button-download-free-png-1536x503.webp 1536w, https:\/\/infoelnuevonorte.com\/wp-content\/uploads\/2025\/05\/badge-google-play-and-app-store-button-download-free-png-1282x420.webp 1282w, https:\/\/infoelnuevonorte.com\/wp-content\/uploads\/2025\/05\/badge-google-play-and-app-store-button-download-free-png-150x49.webp 150w, https:\/\/infoelnuevonorte.com\/wp-content\/uploads\/2025\/05\/badge-google-play-and-app-store-button-download-free-png-696x228.webp 696w, https:\/\/infoelnuevonorte.com\/wp-content\/uploads\/2025\/05\/badge-google-play-and-app-store-button-download-free-png-1068x350.webp 1068w, https:\/\/infoelnuevonorte.com\/wp-content\/uploads\/2025\/05\/badge-google-play-and-app-store-button-download-free-png-200x66.webp 200w\" sizes=\"(max-width: 150px) 100vw, 150px\" \/><\/mark><\/a><\/div>\n<\/div>\n\n\n\n<p style=\"text-align: justify;\"><strong data-start=\"0\" data-end=\"18\" data-is-only-node=\"\"><a href=\"https:\/\/infoelnuevonorte.com\/\"><img loading=\"lazy\" decoding=\"async\" class=\" wp-image-159681 alignleft\" src=\"https:\/\/infoelnuevonorte.com\/wp-content\/uploads\/2025\/11\/Logo-3d-infoenn-con-fondo-blanco.jpg\" alt=\"\" width=\"240\" height=\"86\" srcset=\"https:\/\/infoelnuevonorte.com\/wp-content\/uploads\/2025\/11\/Logo-3d-infoenn-con-fondo-blanco.jpg 1696w, https:\/\/infoelnuevonorte.com\/wp-content\/uploads\/2025\/11\/Logo-3d-infoenn-con-fondo-blanco-300x108.jpg 300w, https:\/\/infoelnuevonorte.com\/wp-content\/uploads\/2025\/11\/Logo-3d-infoenn-con-fondo-blanco-1024x367.jpg 1024w, https:\/\/infoelnuevonorte.com\/wp-content\/uploads\/2025\/11\/Logo-3d-infoenn-con-fondo-blanco-768x275.jpg 768w, https:\/\/infoelnuevonorte.com\/wp-content\/uploads\/2025\/11\/Logo-3d-infoenn-con-fondo-blanco-1536x551.jpg 1536w, https:\/\/infoelnuevonorte.com\/wp-content\/uploads\/2025\/11\/Logo-3d-infoenn-con-fondo-blanco-1172x420.jpg 1172w, https:\/\/infoelnuevonorte.com\/wp-content\/uploads\/2025\/11\/Logo-3d-infoenn-con-fondo-blanco-150x54.jpg 150w, https:\/\/infoelnuevonorte.com\/wp-content\/uploads\/2025\/11\/Logo-3d-infoenn-con-fondo-blanco-696x250.jpg 696w, https:\/\/infoelnuevonorte.com\/wp-content\/uploads\/2025\/11\/Logo-3d-infoenn-con-fondo-blanco-1068x383.jpg 1068w\" sizes=\"(max-width: 240px) 100vw, 240px\" \/><\/a>El Nuevo Norte<\/strong> es un peri\u00f3dico digital dominicano fundado el <strong data-start=\"65\" data-end=\"90\">12 de febrero de 2006<\/strong> por el periodista <strong data-start=\"109\" data-end=\"129\">Junior Henr\u00edquez<\/strong>, quien funge como director y fundador. A trav\u00e9s de la web <strong data-start=\"188\" data-end=\"212\">infoelnuevonorte.com<\/strong>, el medio ofrece informaci\u00f3n veraz y oportuna sobre los acontecimientos sociales, pol\u00edticos, comunitarios y de actualidad general, tanto a nivel nacional como internacional, promoviendo un periodismo responsable, participativo y comprometido con la libre expresi\u00f3n y el fortalecimiento de la democracia informativa.<\/p>\n<\/div><\/div>\n<\/div><\/div>\n","protected":false},"excerpt":{"rendered":"<p>Puerto Plata.\u2013 En una ceremonia militar cargada de solemnidad y tradici\u00f3n institucional, la Fuerza A\u00e9rea de Rep\u00fablica Dominicana (FARD) realiz\u00f3 el acto de cambio de mando en la Base A\u00e9rea de Puerto Plata, donde el general de brigada piloto H\u00e9ctor Mart\u00ednez P\u00e9rez asumi\u00f3 oficialmente como nuevo comandante de esa unidad militar. El acto fue encabezado [&hellip;]<\/p>\n","protected":false},"author":1,"featured_media":195488,"comment_status":"closed","ping_status":"open","sticky":false,"template":"","format":"standard","meta":{"footnotes":""},"categories":[5],"tags":[],"yoast_head":"<!-- This site is optimized with the Yoast SEO plugin v24.5 - https:\/\/yoast.com\/wordpress\/plugins\/seo\/ -->\n<title>General H\u00e9ctor Mart\u00ednez P\u00e9rez asume el mando de la Base A\u00e9rea de Puerto Plata | El Nuevo Norte<\/title>\n<meta name=\"robots\" content=\"index, follow, max-snippet:-1, max-image-preview:large, max-video-preview:-1\" \/>\n<link rel=\"canonical\" href=\"https:\/\/infoelnuevonorte.com\/?p=195417\" \/>\n<meta property=\"og:locale\" content=\"es_ES\" \/>\n<meta property=\"og:type\" content=\"article\" \/>\n<meta property=\"og:title\" content=\"General H\u00e9ctor Mart\u00ednez P\u00e9rez asume el mando de la Base A\u00e9rea de Puerto Plata | El Nuevo Norte\" \/>\n<meta property=\"og:description\" content=\"Puerto Plata.\u2013 En una ceremonia militar cargada de solemnidad y tradici\u00f3n institucional, la Fuerza A\u00e9rea de Rep\u00fablica Dominicana (FARD) realiz\u00f3 el acto de cambio de mando en la Base A\u00e9rea de Puerto Plata, donde el general de brigada piloto H\u00e9ctor Mart\u00ednez P\u00e9rez asumi\u00f3 oficialmente como nuevo comandante de esa unidad militar. El acto fue encabezado [&hellip;]\" \/>\n<meta property=\"og:url\" content=\"https:\/\/infoelnuevonorte.com\/?p=195417\" \/>\n<meta property=\"og:site_name\" content=\"El Nuevo Norte\" \/>\n<meta property=\"article:publisher\" content=\"https:\/\/www.facebook.com\/infoenn\" \/>\n<meta property=\"article:published_time\" content=\"2026-03-04T16:01:57+00:00\" \/>\n<meta property=\"article:modified_time\" content=\"2026-03-04T19:09:13+00:00\" \/>\n<meta property=\"og:image\" content=\"https:\/\/infoelnuevonorte.com\/wp-content\/uploads\/2026\/03\/WhatsApp-Image-2026-03-04-at-14.46.35.jpeg\" \/>\n\t<meta property=\"og:image:width\" content=\"1600\" \/>\n\t<meta property=\"og:image:height\" content=\"1200\" \/>\n\t<meta property=\"og:image:type\" content=\"image\/jpeg\" \/>\n<meta name=\"author\" content=\"InfoEnn\" \/>\n<meta name=\"twitter:card\" content=\"summary_large_image\" \/>\n<meta name=\"twitter:creator\" content=\"@Elnuevo_norte\" \/>\n<meta name=\"twitter:site\" content=\"@Elnuevo_norte\" \/>\n<meta name=\"twitter:label1\" content=\"Written by\" \/>\n\t<meta name=\"twitter:data1\" content=\"InfoEnn\" \/>\n\t<meta name=\"twitter:label2\" content=\"Est. reading time\" \/>\n\t<meta name=\"twitter:data2\" content=\"7 minutos\" \/>\n<script type=\"application\/ld+json\" class=\"yoast-schema-graph\">{\"@context\":\"https:\/\/schema.org\",\"@graph\":[{\"@type\":\"Article\",\"@id\":\"https:\/\/infoelnuevonorte.com\/?p=195417#article\",\"isPartOf\":{\"@id\":\"https:\/\/infoelnuevonorte.com\/?p=195417\"},\"author\":{\"name\":\"InfoEnn\",\"@id\":\"https:\/\/infoelnuevonorte.com\/#\/schema\/person\/fd4f6d90afe41260818b4ea94ad8ab84\"},\"headline\":\"General H\u00e9ctor Mart\u00ednez P\u00e9rez asume el mando de la Base A\u00e9rea de Puerto Plata\",\"datePublished\":\"2026-03-04T16:01:57+00:00\",\"dateModified\":\"2026-03-04T19:09:13+00:00\",\"mainEntityOfPage\":{\"@id\":\"https:\/\/infoelnuevonorte.com\/?p=195417\"},\"wordCount\":904,\"publisher\":{\"@id\":\"https:\/\/infoelnuevonorte.com\/#organization\"},\"image\":{\"@id\":\"https:\/\/infoelnuevonorte.com\/?p=195417#primaryimage\"},\"thumbnailUrl\":\"https:\/\/infoelnuevonorte.com\/wp-content\/uploads\/2026\/03\/WhatsApp-Image-2026-03-04-at-14.46.35.jpeg\",\"articleSection\":[\"Del Norte\"],\"inLanguage\":\"es-DO\"},{\"@type\":\"WebPage\",\"@id\":\"https:\/\/infoelnuevonorte.com\/?p=195417\",\"url\":\"https:\/\/infoelnuevonorte.com\/?p=195417\",\"name\":\"General H\u00e9ctor Mart\u00ednez P\u00e9rez asume el mando de la Base A\u00e9rea de Puerto Plata | El Nuevo Norte\",\"isPartOf\":{\"@id\":\"https:\/\/infoelnuevonorte.com\/#website\"},\"primaryImageOfPage\":{\"@id\":\"https:\/\/infoelnuevonorte.com\/?p=195417#primaryimage\"},\"image\":{\"@id\":\"https:\/\/infoelnuevonorte.com\/?p=195417#primaryimage\"},\"thumbnailUrl\":\"https:\/\/infoelnuevonorte.com\/wp-content\/uploads\/2026\/03\/WhatsApp-Image-2026-03-04-at-14.46.35.jpeg\",\"datePublished\":\"2026-03-04T16:01:57+00:00\",\"dateModified\":\"2026-03-04T19:09:13+00:00\",\"breadcrumb\":{\"@id\":\"https:\/\/infoelnuevonorte.com\/?p=195417#breadcrumb\"},\"inLanguage\":\"es-DO\",\"potentialAction\":[{\"@type\":\"ReadAction\",\"target\":[\"https:\/\/infoelnuevonorte.com\/?p=195417\"]}]},{\"@type\":\"ImageObject\",\"inLanguage\":\"es-DO\",\"@id\":\"https:\/\/infoelnuevonorte.com\/?p=195417#primaryimage\",\"url\":\"https:\/\/infoelnuevonorte.com\/wp-content\/uploads\/2026\/03\/WhatsApp-Image-2026-03-04-at-14.46.35.jpeg\",\"contentUrl\":\"https:\/\/infoelnuevonorte.com\/wp-content\/uploads\/2026\/03\/WhatsApp-Image-2026-03-04-at-14.46.35.jpeg\",\"width\":1600,\"height\":1200},{\"@type\":\"BreadcrumbList\",\"@id\":\"https:\/\/infoelnuevonorte.com\/?p=195417#breadcrumb\",\"itemListElement\":[{\"@type\":\"ListItem\",\"position\":1,\"name\":\"Home\",\"item\":\"https:\/\/infoelnuevonorte.com\/\"},{\"@type\":\"ListItem\",\"position\":2,\"name\":\"General H\u00e9ctor Mart\u00ednez P\u00e9rez asume el mando de la Base A\u00e9rea de Puerto Plata\"}]},{\"@type\":\"WebSite\",\"@id\":\"https:\/\/infoelnuevonorte.com\/#website\",\"url\":\"https:\/\/infoelnuevonorte.com\/\",\"name\":\"InfoEnn\",\"description\":\"Tu Voz, tu Verdad, tu Diario!!!\",\"publisher\":{\"@id\":\"https:\/\/infoelnuevonorte.com\/#organization\"},\"alternateName\":\"El Nuevo Norte\",\"potentialAction\":[{\"@type\":\"SearchAction\",\"target\":{\"@type\":\"EntryPoint\",\"urlTemplate\":\"https:\/\/infoelnuevonorte.com\/?s={search_term_string}\"},\"query-input\":{\"@type\":\"PropertyValueSpecification\",\"valueRequired\":true,\"valueName\":\"search_term_string\"}}],\"inLanguage\":\"es-DO\"},{\"@type\":\"Organization\",\"@id\":\"https:\/\/infoelnuevonorte.com\/#organization\",\"name\":\"Info El Nuevo Norte\",\"alternateName\":\"El Nuevo Norte\",\"url\":\"https:\/\/infoelnuevonorte.com\/\",\"logo\":{\"@type\":\"ImageObject\",\"inLanguage\":\"es-DO\",\"@id\":\"https:\/\/infoelnuevonorte.com\/#\/schema\/logo\/image\/\",\"url\":\"https:\/\/infoelnuevonorte.com\/wp-content\/uploads\/2026\/02\/Logo-Info-enn-3d-20ani.jpeg\",\"contentUrl\":\"https:\/\/infoelnuevonorte.com\/wp-content\/uploads\/2026\/02\/Logo-Info-enn-3d-20ani.jpeg\",\"width\":2046,\"height\":736,\"caption\":\"Info El Nuevo Norte\"},\"image\":{\"@id\":\"https:\/\/infoelnuevonorte.com\/#\/schema\/logo\/image\/\"},\"sameAs\":[\"https:\/\/www.facebook.com\/infoenn\",\"https:\/\/x.com\/Elnuevo_norte\",\"https:\/\/www.instagram.com\/infoenn\",\"https:\/\/www.facebook.com\/ENNRD\"]},{\"@type\":\"Person\",\"@id\":\"https:\/\/infoelnuevonorte.com\/#\/schema\/person\/fd4f6d90afe41260818b4ea94ad8ab84\",\"name\":\"InfoEnn\",\"image\":{\"@type\":\"ImageObject\",\"inLanguage\":\"es-DO\",\"@id\":\"https:\/\/infoelnuevonorte.com\/#\/schema\/person\/image\/\",\"url\":\"https:\/\/secure.gravatar.com\/avatar\/d4d760a41a48ba9db0a82bfb63bb0783?s=96&d=robohash&r=g\",\"contentUrl\":\"https:\/\/secure.gravatar.com\/avatar\/d4d760a41a48ba9db0a82bfb63bb0783?s=96&d=robohash&r=g\",\"caption\":\"InfoEnn\"},\"sameAs\":[\"https:\/\/infoelnuevonorte.com\"],\"url\":\"https:\/\/infoelnuevonorte.com\/?author=1\"}]}<\/script>\n<!-- \/ Yoast SEO plugin. -->","yoast_head_json":{"title":"General H\u00e9ctor Mart\u00ednez P\u00e9rez asume el mando de la Base A\u00e9rea de Puerto Plata | El Nuevo Norte","robots":{"index":"index","follow":"follow","max-snippet":"max-snippet:-1","max-image-preview":"max-image-preview:large","max-video-preview":"max-video-preview:-1"},"canonical":"https:\/\/infoelnuevonorte.com\/?p=195417","og_locale":"es_ES","og_type":"article","og_title":"General H\u00e9ctor Mart\u00ednez P\u00e9rez asume el mando de la Base A\u00e9rea de Puerto Plata | El Nuevo Norte","og_description":"Puerto Plata.\u2013 En una ceremonia militar cargada de solemnidad y tradici\u00f3n institucional, la Fuerza A\u00e9rea de Rep\u00fablica Dominicana (FARD) realiz\u00f3 el acto de cambio de mando en la Base A\u00e9rea de Puerto Plata, donde el general de brigada piloto H\u00e9ctor Mart\u00ednez P\u00e9rez asumi\u00f3 oficialmente como nuevo comandante de esa unidad militar. El acto fue encabezado [&hellip;]","og_url":"https:\/\/infoelnuevonorte.com\/?p=195417","og_site_name":"El Nuevo Norte","article_publisher":"https:\/\/www.facebook.com\/infoenn","article_published_time":"2026-03-04T16:01:57+00:00","article_modified_time":"2026-03-04T19:09:13+00:00","og_image":[{"width":1600,"height":1200,"url":"https:\/\/infoelnuevonorte.com\/wp-content\/uploads\/2026\/03\/WhatsApp-Image-2026-03-04-at-14.46.35.jpeg","type":"image\/jpeg"}],"author":"InfoEnn","twitter_card":"summary_large_image","twitter_creator":"@Elnuevo_norte","twitter_site":"@Elnuevo_norte","twitter_misc":{"Written by":"InfoEnn","Est. reading time":"7 minutos"},"schema":{"@context":"https:\/\/schema.org","@graph":[{"@type":"Article","@id":"https:\/\/infoelnuevonorte.com\/?p=195417#article","isPartOf":{"@id":"https:\/\/infoelnuevonorte.com\/?p=195417"},"author":{"name":"InfoEnn","@id":"https:\/\/infoelnuevonorte.com\/#\/schema\/person\/fd4f6d90afe41260818b4ea94ad8ab84"},"headline":"General H\u00e9ctor Mart\u00ednez P\u00e9rez asume el mando de la Base A\u00e9rea de Puerto Plata","datePublished":"2026-03-04T16:01:57+00:00","dateModified":"2026-03-04T19:09:13+00:00","mainEntityOfPage":{"@id":"https:\/\/infoelnuevonorte.com\/?p=195417"},"wordCount":904,"publisher":{"@id":"https:\/\/infoelnuevonorte.com\/#organization"},"image":{"@id":"https:\/\/infoelnuevonorte.com\/?p=195417#primaryimage"},"thumbnailUrl":"https:\/\/infoelnuevonorte.com\/wp-content\/uploads\/2026\/03\/WhatsApp-Image-2026-03-04-at-14.46.35.jpeg","articleSection":["Del Norte"],"inLanguage":"es-DO"},{"@type":"WebPage","@id":"https:\/\/infoelnuevonorte.com\/?p=195417","url":"https:\/\/infoelnuevonorte.com\/?p=195417","name":"General H\u00e9ctor Mart\u00ednez P\u00e9rez asume el mando de la Base A\u00e9rea de Puerto Plata | El Nuevo Norte","isPartOf":{"@id":"https:\/\/infoelnuevonorte.com\/#website"},"primaryImageOfPage":{"@id":"https:\/\/infoelnuevonorte.com\/?p=195417#primaryimage"},"image":{"@id":"https:\/\/infoelnuevonorte.com\/?p=195417#primaryimage"},"thumbnailUrl":"https:\/\/infoelnuevonorte.com\/wp-content\/uploads\/2026\/03\/WhatsApp-Image-2026-03-04-at-14.46.35.jpeg","datePublished":"2026-03-04T16:01:57+00:00","dateModified":"2026-03-04T19:09:13+00:00","breadcrumb":{"@id":"https:\/\/infoelnuevonorte.com\/?p=195417#breadcrumb"},"inLanguage":"es-DO","potentialAction":[{"@type":"ReadAction","target":["https:\/\/infoelnuevonorte.com\/?p=195417"]}]},{"@type":"ImageObject","inLanguage":"es-DO","@id":"https:\/\/infoelnuevonorte.com\/?p=195417#primaryimage","url":"https:\/\/infoelnuevonorte.com\/wp-content\/uploads\/2026\/03\/WhatsApp-Image-2026-03-04-at-14.46.35.jpeg","contentUrl":"https:\/\/infoelnuevonorte.com\/wp-content\/uploads\/2026\/03\/WhatsApp-Image-2026-03-04-at-14.46.35.jpeg","width":1600,"height":1200},{"@type":"BreadcrumbList","@id":"https:\/\/infoelnuevonorte.com\/?p=195417#breadcrumb","itemListElement":[{"@type":"ListItem","position":1,"name":"Home","item":"https:\/\/infoelnuevonorte.com\/"},{"@type":"ListItem","position":2,"name":"General H\u00e9ctor Mart\u00ednez P\u00e9rez asume el mando de la Base A\u00e9rea de Puerto Plata"}]},{"@type":"WebSite","@id":"https:\/\/infoelnuevonorte.com\/#website","url":"https:\/\/infoelnuevonorte.com\/","name":"InfoEnn","description":"Tu Voz, tu Verdad, tu Diario!!!","publisher":{"@id":"https:\/\/infoelnuevonorte.com\/#organization"},"alternateName":"El Nuevo Norte","potentialAction":[{"@type":"SearchAction","target":{"@type":"EntryPoint","urlTemplate":"https:\/\/infoelnuevonorte.com\/?s={search_term_string}"},"query-input":{"@type":"PropertyValueSpecification","valueRequired":true,"valueName":"search_term_string"}}],"inLanguage":"es-DO"},{"@type":"Organization","@id":"https:\/\/infoelnuevonorte.com\/#organization","name":"Info El Nuevo Norte","alternateName":"El Nuevo Norte","url":"https:\/\/infoelnuevonorte.com\/","logo":{"@type":"ImageObject","inLanguage":"es-DO","@id":"https:\/\/infoelnuevonorte.com\/#\/schema\/logo\/image\/","url":"https:\/\/infoelnuevonorte.com\/wp-content\/uploads\/2026\/02\/Logo-Info-enn-3d-20ani.jpeg","contentUrl":"https:\/\/infoelnuevonorte.com\/wp-content\/uploads\/2026\/02\/Logo-Info-enn-3d-20ani.jpeg","width":2046,"height":736,"caption":"Info El Nuevo Norte"},"image":{"@id":"https:\/\/infoelnuevonorte.com\/#\/schema\/logo\/image\/"},"sameAs":["https:\/\/www.facebook.com\/infoenn","https:\/\/x.com\/Elnuevo_norte","https:\/\/www.instagram.com\/infoenn","https:\/\/www.facebook.com\/ENNRD"]},{"@type":"Person","@id":"https:\/\/infoelnuevonorte.com\/#\/schema\/person\/fd4f6d90afe41260818b4ea94ad8ab84","name":"InfoEnn","image":{"@type":"ImageObject","inLanguage":"es-DO","@id":"https:\/\/infoelnuevonorte.com\/#\/schema\/person\/image\/","url":"https:\/\/secure.gravatar.com\/avatar\/d4d760a41a48ba9db0a82bfb63bb0783?s=96&d=robohash&r=g","contentUrl":"https:\/\/secure.gravatar.com\/avatar\/d4d760a41a48ba9db0a82bfb63bb0783?s=96&d=robohash&r=g","caption":"InfoEnn"},"sameAs":["https:\/\/infoelnuevonorte.com"],"url":"https:\/\/infoelnuevonorte.com\/?author=1"}]}},"_links":{"self":[{"href":"https:\/\/infoelnuevonorte.com\/index.php?rest_route=\/wp\/v2\/posts\/195417"}],"collection":[{"href":"https:\/\/infoelnuevonorte.com\/index.php?rest_route=\/wp\/v2\/posts"}],"about":[{"href":"https:\/\/infoelnuevonorte.com\/index.php?rest_route=\/wp\/v2\/types\/post"}],"author":[{"embeddable":true,"href":"https:\/\/infoelnuevonorte.com\/index.php?rest_route=\/wp\/v2\/users\/1"}],"replies":[{"embeddable":true,"href":"https:\/\/infoelnuevonorte.com\/index.php?rest_route=%2Fwp%2Fv2%2Fcomments&post=195417"}],"version-history":[{"count":2,"href":"https:\/\/infoelnuevonorte.com\/index.php?rest_route=\/wp\/v2\/posts\/195417\/revisions"}],"predecessor-version":[{"id":195481,"href":"https:\/\/infoelnuevonorte.com\/index.php?rest_route=\/wp\/v2\/posts\/195417\/revisions\/195481"}],"wp:featuredmedia":[{"embeddable":true,"href":"https:\/\/infoelnuevonorte.com\/index.php?rest_route=\/wp\/v2\/media\/195488"}],"wp:attachment":[{"href":"https:\/\/infoelnuevonorte.com\/index.php?rest_route=%2Fwp%2Fv2%2Fmedia&parent=195417"}],"wp:term":[{"taxonomy":"category","embeddable":true,"href":"https:\/\/infoelnuevonorte.com\/index.php?rest_route=%2Fwp%2Fv2%2Fcategories&post=195417"},{"taxonomy":"post_tag","embeddable":true,"href":"https:\/\/infoelnuevonorte.com\/index.php?rest_route=%2Fwp%2Fv2%2Ftags&post=195417"}],"curies":[{"name":"wp","href":"https:\/\/api.w.org\/{rel}","templated":true}]}}