{"id":196077,"date":"2026-03-06T06:56:11","date_gmt":"2026-03-06T10:56:11","guid":{"rendered":"https:\/\/infoelnuevonorte.com\/?p=196077"},"modified":"2026-03-06T06:56:12","modified_gmt":"2026-03-06T10:56:12","slug":"un-dia-como-hoy-nacio-un-lider-del-pueblo-que-marco-la-historia-dominicana","status":"publish","type":"post","link":"https:\/\/infoelnuevonorte.com\/?p=196077","title":{"rendered":"Un d\u00eda como hoy | Naci\u00f3 un l\u00edder del pueblo que marc\u00f3 la historia dominicana"},"content":{"rendered":"<!--[if lt IE 9]><script>document.createElement('audio');<\/script><![endif]-->\n<audio class=\"wp-audio-shortcode\" id=\"audio-196077-1\" preload=\"none\" style=\"width: 100%;\" controls=\"controls\"><source type=\"audio\/mpeg\" src=\"https:\/\/infoelnuevonorte.com\/wp-content\/uploads\/2026\/03\/ttsmaker-vip-file-2026-3-6-6-53-15.mp3?_=1\" \/><a href=\"https:\/\/infoelnuevonorte.com\/wp-content\/uploads\/2026\/03\/ttsmaker-vip-file-2026-3-6-6-53-15.mp3\">https:\/\/infoelnuevonorte.com\/wp-content\/uploads\/2026\/03\/ttsmaker-vip-file-2026-3-6-6-53-15.mp3<\/a><\/audio>\n<p style=\"text-align: justify;\"><span style=\"font-size: 14pt;\">Este 6 de marzo se recuerda el nacimiento de uno de los l\u00edderes m\u00e1s emblem\u00e1ticos de la historia pol\u00edtica dominicana: Jos\u00e9 Francisco Pe\u00f1a G\u00f3mez, quien vino al mundo en 1937 en la humilde comunidad de Loma del Flaco, en el Cruce de Guayacanes, provincia Valverde. Su vida, marcada por la adversidad desde la infancia, terminar\u00eda convirti\u00e9ndose en una historia de superaci\u00f3n, liderazgo y compromiso con los m\u00e1s necesitados. \ufffc<\/span><\/p>\n<p style=\"text-align: justify;\"><span style=\"font-size: 14pt;\">Pe\u00f1a G\u00f3mez naci\u00f3 en medio de tiempos dif\u00edciles. Sus padres, de origen haitiano, se vieron obligados a huir del pa\u00eds durante la persecuci\u00f3n contra haitianos ocurrida en 1937, por lo que fue criado por una familia campesina dominicana que lo adopt\u00f3 y le brind\u00f3 el apellido que llevar\u00eda con orgullo toda su vida. Aquella ni\u00f1ez humilde molde\u00f3 el car\u00e1cter de un hombre que, a\u00f1os despu\u00e9s, dedicar\u00eda su voz a defender a los sectores m\u00e1s vulnerables de la sociedad. \ufffc<img loading=\"lazy\" decoding=\"async\" class=\"aligncenter size-full wp-image-196080\" src=\"https:\/\/infoelnuevonorte.com\/wp-content\/uploads\/2026\/03\/pena.jpg\" alt=\"\" width=\"608\" height=\"342\" srcset=\"https:\/\/infoelnuevonorte.com\/wp-content\/uploads\/2026\/03\/pena.jpg 608w, https:\/\/infoelnuevonorte.com\/wp-content\/uploads\/2026\/03\/pena-300x169.jpg 300w, https:\/\/infoelnuevonorte.com\/wp-content\/uploads\/2026\/03\/pena-150x84.jpg 150w\" sizes=\"(max-width: 608px) 100vw, 608px\" \/><\/span><\/p>\n<p style=\"text-align: justify;\"><span style=\"font-size: 14pt;\">Desde joven mostr\u00f3 un profundo inter\u00e9s por el conocimiento. Trabaj\u00f3 como maestro y locutor, mientras avanzaba en su formaci\u00f3n acad\u00e9mica hasta convertirse en abogado. Con el paso del tiempo se transform\u00f3 en uno de los oradores m\u00e1s influyentes del pa\u00eds y en una figura clave dentro del Partido Revolucionario Dominicano (PRD), especialmente tras el golpe de Estado que derroc\u00f3 al profesor Juan Bosch en 1963. \ufffc<img loading=\"lazy\" decoding=\"async\" class=\"aligncenter size-full wp-image-196081\" src=\"https:\/\/infoelnuevonorte.com\/wp-content\/uploads\/2026\/03\/gomez.jpeg\" alt=\"\" width=\"800\" height=\"534\" srcset=\"https:\/\/infoelnuevonorte.com\/wp-content\/uploads\/2026\/03\/gomez.jpeg 800w, https:\/\/infoelnuevonorte.com\/wp-content\/uploads\/2026\/03\/gomez-300x200.jpeg 300w, https:\/\/infoelnuevonorte.com\/wp-content\/uploads\/2026\/03\/gomez-768x513.jpeg 768w, https:\/\/infoelnuevonorte.com\/wp-content\/uploads\/2026\/03\/gomez-629x420.jpeg 629w, https:\/\/infoelnuevonorte.com\/wp-content\/uploads\/2026\/03\/gomez-150x100.jpeg 150w, https:\/\/infoelnuevonorte.com\/wp-content\/uploads\/2026\/03\/gomez-696x465.jpeg 696w\" sizes=\"(max-width: 800px) 100vw, 800px\" \/><\/span><\/p>\n<p style=\"text-align: justify;\"><span style=\"font-size: 14pt;\">Su liderazgo trascendi\u00f3 las fronteras de la pol\u00edtica. Para muchos dominicanos, Pe\u00f1a G\u00f3mez represent\u00f3 la esperanza de una democracia m\u00e1s participativa, donde la voz del pueblo tuviera un papel protag\u00f3nico. Fue candidato presidencial en varias ocasiones y tambi\u00e9n alcalde de Santo Domingo, consolid\u00e1ndose como uno de los dirigentes m\u00e1s cercanos a las masas populares. \ufffc<\/span><\/p>\n<p style=\"text-align: justify;\"><span style=\"font-size: 14pt;\">A pesar de los obst\u00e1culos pol\u00edticos y personales, nunca abandon\u00f3 su convicci\u00f3n de luchar por la justicia social y la democracia. Su legado contin\u00faa vivo en la memoria colectiva del pa\u00eds, donde su nombre se recuerda como s\u00edmbolo de perseverancia, liderazgo y amor por la Rep\u00fablica Dominicana.<\/span><\/p>\n<p style=\"text-align: justify;\"><span style=\"font-size: 14pt;\">Hoy, al conmemorarse un a\u00f1o m\u00e1s de su natalicio, muchos dominicanos evocan a aquel l\u00edder que, con palabra firme y coraz\u00f3n cercano al pueblo, dej\u00f3 una huella profunda en la historia nacional.<\/span><\/p>\n\n\n<div class=\"wp-block-group\"><div class=\"wp-block-group__inner-container is-layout-constrained wp-block-group-is-layout-constrained\">\n<div id=\"DenunciayAPP\" class=\"wp-block-group\"><div class=\"wp-block-group__inner-container is-layout-constrained wp-block-group-is-layout-constrained\">\n<p><a href=\"https:\/\/whatsapp.com\/channel\/0029Va88WGP2ER6ZxD6TCa3U\" target=\"_blank\" rel=\"noopener\"><img loading=\"lazy\" decoding=\"async\" class=\"aligncenter size-full wp-image-155512\" src=\"https:\/\/infoelnuevonorte.com\/wp-content\/uploads\/2025\/10\/Canal-whatsapp-infoenn.jpeg\" alt=\"\" width=\"2046\" height=\"554\" srcset=\"https:\/\/infoelnuevonorte.com\/wp-content\/uploads\/2025\/10\/Canal-whatsapp-infoenn.jpeg 2046w, https:\/\/infoelnuevonorte.com\/wp-content\/uploads\/2025\/10\/Canal-whatsapp-infoenn-300x81.jpeg 300w, https:\/\/infoelnuevonorte.com\/wp-content\/uploads\/2025\/10\/Canal-whatsapp-infoenn-1024x277.jpeg 1024w, https:\/\/infoelnuevonorte.com\/wp-content\/uploads\/2025\/10\/Canal-whatsapp-infoenn-768x208.jpeg 768w, https:\/\/infoelnuevonorte.com\/wp-content\/uploads\/2025\/10\/Canal-whatsapp-infoenn-1536x416.jpeg 1536w, https:\/\/infoelnuevonorte.com\/wp-content\/uploads\/2025\/10\/Canal-whatsapp-infoenn-1551x420.jpeg 1551w, https:\/\/infoelnuevonorte.com\/wp-content\/uploads\/2025\/10\/Canal-whatsapp-infoenn-150x41.jpeg 150w, https:\/\/infoelnuevonorte.com\/wp-content\/uploads\/2025\/10\/Canal-whatsapp-infoenn-696x188.jpeg 696w, https:\/\/infoelnuevonorte.com\/wp-content\/uploads\/2025\/10\/Canal-whatsapp-infoenn-1068x289.jpeg 1068w, https:\/\/infoelnuevonorte.com\/wp-content\/uploads\/2025\/10\/Canal-whatsapp-infoenn-1920x520.jpeg 1920w\" sizes=\"(max-width: 2046px) 100vw, 2046px\" \/><\/a><\/p>\n<p>\ud83d\udd17 S\u00edguenos en nuestras redes:<br data-start=\"2686\" data-end=\"2689\" \/><a href=\"https:\/\/x.com\/Elnuevo_norte\">X<\/a> | <a class=\"\" href=\"https:\/\/t.me\/infoenn\" target=\"_new\" rel=\"noopener\" data-start=\"2757\" data-end=\"2789\">Telegram<\/a> | <a class=\"\" href=\"https:\/\/instagram.com\/noticiasenn1?r=nametag\" target=\"_new\" rel=\"noopener\" data-start=\"2792\" data-end=\"2849\">Instagram<\/a><br data-start=\"2849\" data-end=\"2852\" \/><a class=\"\" href=\"https:\/\/www.facebook.com\/infoenn\" target=\"_new\" rel=\"noopener\" data-start=\"2852\" data-end=\"2896\">Facebook<\/a> | <a class=\"\" href=\"https:\/\/www.threads.net\/@noticiasenn1\" target=\"_new\" rel=\"noopener\" data-start=\"2899\" data-end=\"2947\">Threads<\/a> | <a class=\"\" href=\"https:\/\/www.youtube.com\/channel\/UCZZJg_scU1p_c6cvyCHY48A\" target=\"_new\" rel=\"noopener\" data-start=\"2950\" data-end=\"3017\" data-is-last-node=\"\">YouTube<\/a><\/p>\n<p>\ud83d\ude4f \u00a1Tu apoyo es importante!<\/p>\n<p>\ud83d\udd3bDESCARGAR NUESTRA APP \"<span style=\"color: #0000ff;\"><strong>Info ENN<\/strong><\/span>\"<\/p>\n\n\n\n<div class=\"wp-block-buttons is-content-justification-left is-layout-flex wp-container-core-buttons-is-layout-1 wp-block-buttons-is-layout-flex\">\n<div class=\"wp-block-button is-style-3d\"><a class=\"wp-block-button__link has-white-background-color has-background wp-element-button\" href=\"https:\/\/apps.apple.com\/do\/app\/infoenn\/id6503000762\"><img loading=\"lazy\" decoding=\"async\" width=\"150\" height=\"50\" class=\"wp-image-104096\" style=\"width: 150px;\" src=\"https:\/\/infoelnuevonorte.com\/wp-content\/uploads\/2025\/05\/Download_on_the_App_Store_RGB_blk.svg_.png\" alt=\"\" srcset=\"https:\/\/infoelnuevonorte.com\/wp-content\/uploads\/2025\/05\/Download_on_the_App_Store_RGB_blk.svg_.png 1280w, https:\/\/infoelnuevonorte.com\/wp-content\/uploads\/2025\/05\/Download_on_the_App_Store_RGB_blk.svg_-300x100.png 300w, https:\/\/infoelnuevonorte.com\/wp-content\/uploads\/2025\/05\/Download_on_the_App_Store_RGB_blk.svg_-1024x342.png 1024w, https:\/\/infoelnuevonorte.com\/wp-content\/uploads\/2025\/05\/Download_on_the_App_Store_RGB_blk.svg_-768x257.png 768w, https:\/\/infoelnuevonorte.com\/wp-content\/uploads\/2025\/05\/Download_on_the_App_Store_RGB_blk.svg_-1256x420.png 1256w, https:\/\/infoelnuevonorte.com\/wp-content\/uploads\/2025\/05\/Download_on_the_App_Store_RGB_blk.svg_-150x50.png 150w, https:\/\/infoelnuevonorte.com\/wp-content\/uploads\/2025\/05\/Download_on_the_App_Store_RGB_blk.svg_-696x233.png 696w, https:\/\/infoelnuevonorte.com\/wp-content\/uploads\/2025\/05\/Download_on_the_App_Store_RGB_blk.svg_-1068x357.png 1068w, https:\/\/infoelnuevonorte.com\/wp-content\/uploads\/2025\/05\/Download_on_the_App_Store_RGB_blk.svg_-200x67.png 200w\" sizes=\"(max-width: 150px) 100vw, 150px\" \/><\/a><\/div>\n<\/div>\n\n\n\n<div class=\"wp-block-buttons is-layout-flex wp-block-buttons-is-layout-flex\">\n<div class=\"wp-block-button is-style-3d td_btn_large\"><a class=\"wp-block-button__link has-white-background-color has-background wp-element-button\" href=\"https:\/\/mega.nz\/file\/vRhVTJBD#6P0Os8p_y2oJgZIa__7dhjqdpW42XJ_cY3zmbyxVohM\" target=\"_blank\" rel=\"noreferrer noopener\"><mark style=\"background-color:rgba(0, 0, 0, 0)\" class=\"has-inline-color has-light-green-cyan-color\"><img loading=\"lazy\" decoding=\"async\" width=\"150\" height=\"49\" class=\"wp-image-104095\" style=\"width: 150px;\" src=\"https:\/\/infoelnuevonorte.com\/wp-content\/uploads\/2025\/05\/badge-google-play-and-app-store-button-download-free-png.webp\" alt=\"\" srcset=\"https:\/\/infoelnuevonorte.com\/wp-content\/uploads\/2025\/05\/badge-google-play-and-app-store-button-download-free-png.webp 1920w, https:\/\/infoelnuevonorte.com\/wp-content\/uploads\/2025\/05\/badge-google-play-and-app-store-button-download-free-png-300x98.webp 300w, https:\/\/infoelnuevonorte.com\/wp-content\/uploads\/2025\/05\/badge-google-play-and-app-store-button-download-free-png-1024x335.webp 1024w, https:\/\/infoelnuevonorte.com\/wp-content\/uploads\/2025\/05\/badge-google-play-and-app-store-button-download-free-png-768x252.webp 768w, https:\/\/infoelnuevonorte.com\/wp-content\/uploads\/2025\/05\/badge-google-play-and-app-store-button-download-free-png-1536x503.webp 1536w, https:\/\/infoelnuevonorte.com\/wp-content\/uploads\/2025\/05\/badge-google-play-and-app-store-button-download-free-png-1282x420.webp 1282w, https:\/\/infoelnuevonorte.com\/wp-content\/uploads\/2025\/05\/badge-google-play-and-app-store-button-download-free-png-150x49.webp 150w, https:\/\/infoelnuevonorte.com\/wp-content\/uploads\/2025\/05\/badge-google-play-and-app-store-button-download-free-png-696x228.webp 696w, https:\/\/infoelnuevonorte.com\/wp-content\/uploads\/2025\/05\/badge-google-play-and-app-store-button-download-free-png-1068x350.webp 1068w, https:\/\/infoelnuevonorte.com\/wp-content\/uploads\/2025\/05\/badge-google-play-and-app-store-button-download-free-png-200x66.webp 200w\" sizes=\"(max-width: 150px) 100vw, 150px\" \/><\/mark><\/a><\/div>\n<\/div>\n\n\n\n<p style=\"text-align: justify;\"><strong data-start=\"0\" data-end=\"18\" data-is-only-node=\"\"><a href=\"https:\/\/infoelnuevonorte.com\/\"><img loading=\"lazy\" decoding=\"async\" class=\" wp-image-159681 alignleft\" src=\"https:\/\/infoelnuevonorte.com\/wp-content\/uploads\/2025\/11\/Logo-3d-infoenn-con-fondo-blanco.jpg\" alt=\"\" width=\"240\" height=\"86\" srcset=\"https:\/\/infoelnuevonorte.com\/wp-content\/uploads\/2025\/11\/Logo-3d-infoenn-con-fondo-blanco.jpg 1696w, https:\/\/infoelnuevonorte.com\/wp-content\/uploads\/2025\/11\/Logo-3d-infoenn-con-fondo-blanco-300x108.jpg 300w, https:\/\/infoelnuevonorte.com\/wp-content\/uploads\/2025\/11\/Logo-3d-infoenn-con-fondo-blanco-1024x367.jpg 1024w, https:\/\/infoelnuevonorte.com\/wp-content\/uploads\/2025\/11\/Logo-3d-infoenn-con-fondo-blanco-768x275.jpg 768w, https:\/\/infoelnuevonorte.com\/wp-content\/uploads\/2025\/11\/Logo-3d-infoenn-con-fondo-blanco-1536x551.jpg 1536w, https:\/\/infoelnuevonorte.com\/wp-content\/uploads\/2025\/11\/Logo-3d-infoenn-con-fondo-blanco-1172x420.jpg 1172w, https:\/\/infoelnuevonorte.com\/wp-content\/uploads\/2025\/11\/Logo-3d-infoenn-con-fondo-blanco-150x54.jpg 150w, https:\/\/infoelnuevonorte.com\/wp-content\/uploads\/2025\/11\/Logo-3d-infoenn-con-fondo-blanco-696x250.jpg 696w, https:\/\/infoelnuevonorte.com\/wp-content\/uploads\/2025\/11\/Logo-3d-infoenn-con-fondo-blanco-1068x383.jpg 1068w\" sizes=\"(max-width: 240px) 100vw, 240px\" \/><\/a>El Nuevo Norte<\/strong> es un peri\u00f3dico digital dominicano fundado el <strong data-start=\"65\" data-end=\"90\">12 de febrero de 2006<\/strong> por el periodista <strong data-start=\"109\" data-end=\"129\">Junior Henr\u00edquez<\/strong>, quien funge como director y fundador. A trav\u00e9s de la web <strong data-start=\"188\" data-end=\"212\">infoelnuevonorte.com<\/strong>, el medio ofrece informaci\u00f3n veraz y oportuna sobre los acontecimientos sociales, pol\u00edticos, comunitarios y de actualidad general, tanto a nivel nacional como internacional, promoviendo un periodismo responsable, participativo y comprometido con la libre expresi\u00f3n y el fortalecimiento de la democracia informativa.<\/p>\n<\/div><\/div>\n<\/div><\/div>\n","protected":false},"excerpt":{"rendered":"<p>Este 6 de marzo se recuerda el nacimiento de uno de los l\u00edderes m\u00e1s emblem\u00e1ticos de la historia pol\u00edtica dominicana: Jos\u00e9 Francisco Pe\u00f1a G\u00f3mez, quien vino al mundo en 1937 en la humilde comunidad de Loma del Flaco, en el Cruce de Guayacanes, provincia Valverde. Su vida, marcada por la adversidad desde la infancia, terminar\u00eda [&hellip;]<\/p>\n","protected":false},"author":1,"featured_media":196079,"comment_status":"closed","ping_status":"open","sticky":false,"template":"","format":"standard","meta":{"footnotes":""},"categories":[17,743],"tags":[],"yoast_head":"<!-- This site is optimized with the Yoast SEO plugin v24.5 - https:\/\/yoast.com\/wordpress\/plugins\/seo\/ -->\n<title>Un d\u00eda como hoy | Naci\u00f3 un l\u00edder del pueblo que marc\u00f3 la historia dominicana | El Nuevo Norte<\/title>\n<meta name=\"robots\" content=\"index, follow, max-snippet:-1, max-image-preview:large, max-video-preview:-1\" \/>\n<link rel=\"canonical\" href=\"https:\/\/infoelnuevonorte.com\/?p=196077\" \/>\n<meta property=\"og:locale\" content=\"es_ES\" \/>\n<meta property=\"og:type\" content=\"article\" \/>\n<meta property=\"og:title\" content=\"Un d\u00eda como hoy | Naci\u00f3 un l\u00edder del pueblo que marc\u00f3 la historia dominicana | El Nuevo Norte\" \/>\n<meta property=\"og:description\" content=\"Este 6 de marzo se recuerda el nacimiento de uno de los l\u00edderes m\u00e1s emblem\u00e1ticos de la historia pol\u00edtica dominicana: Jos\u00e9 Francisco Pe\u00f1a G\u00f3mez, quien vino al mundo en 1937 en la humilde comunidad de Loma del Flaco, en el Cruce de Guayacanes, provincia Valverde. Su vida, marcada por la adversidad desde la infancia, terminar\u00eda [&hellip;]\" \/>\n<meta property=\"og:url\" content=\"https:\/\/infoelnuevonorte.com\/?p=196077\" \/>\n<meta property=\"og:site_name\" content=\"El Nuevo Norte\" \/>\n<meta property=\"article:publisher\" content=\"https:\/\/www.facebook.com\/infoenn\" \/>\n<meta property=\"article:published_time\" content=\"2026-03-06T10:56:11+00:00\" \/>\n<meta property=\"article:modified_time\" content=\"2026-03-06T10:56:12+00:00\" \/>\n<meta property=\"og:image\" content=\"https:\/\/infoelnuevonorte.com\/wp-content\/uploads\/2026\/03\/gomez.jpg\" \/>\n\t<meta property=\"og:image:width\" content=\"680\" \/>\n\t<meta property=\"og:image:height\" content=\"371\" \/>\n\t<meta property=\"og:image:type\" content=\"image\/jpeg\" \/>\n<meta name=\"author\" content=\"InfoEnn\" \/>\n<meta name=\"twitter:card\" content=\"summary_large_image\" \/>\n<meta name=\"twitter:creator\" content=\"@Elnuevo_norte\" \/>\n<meta name=\"twitter:site\" content=\"@Elnuevo_norte\" \/>\n<meta name=\"twitter:label1\" content=\"Written by\" \/>\n\t<meta name=\"twitter:data1\" content=\"InfoEnn\" \/>\n\t<meta name=\"twitter:label2\" content=\"Est. reading time\" \/>\n\t<meta name=\"twitter:data2\" content=\"4 minutos\" \/>\n<script type=\"application\/ld+json\" class=\"yoast-schema-graph\">{\"@context\":\"https:\/\/schema.org\",\"@graph\":[{\"@type\":\"Article\",\"@id\":\"https:\/\/infoelnuevonorte.com\/?p=196077#article\",\"isPartOf\":{\"@id\":\"https:\/\/infoelnuevonorte.com\/?p=196077\"},\"author\":{\"name\":\"InfoEnn\",\"@id\":\"https:\/\/infoelnuevonorte.com\/#\/schema\/person\/fd4f6d90afe41260818b4ea94ad8ab84\"},\"headline\":\"Un d\u00eda como hoy | Naci\u00f3 un l\u00edder del pueblo que marc\u00f3 la historia dominicana\",\"datePublished\":\"2026-03-06T10:56:11+00:00\",\"dateModified\":\"2026-03-06T10:56:12+00:00\",\"mainEntityOfPage\":{\"@id\":\"https:\/\/infoelnuevonorte.com\/?p=196077\"},\"wordCount\":417,\"publisher\":{\"@id\":\"https:\/\/infoelnuevonorte.com\/#organization\"},\"image\":{\"@id\":\"https:\/\/infoelnuevonorte.com\/?p=196077#primaryimage\"},\"thumbnailUrl\":\"https:\/\/infoelnuevonorte.com\/wp-content\/uploads\/2026\/03\/gomez.jpg\",\"articleSection\":[\"Cultura\",\"Un dia como hoy\"],\"inLanguage\":\"es-DO\"},{\"@type\":\"WebPage\",\"@id\":\"https:\/\/infoelnuevonorte.com\/?p=196077\",\"url\":\"https:\/\/infoelnuevonorte.com\/?p=196077\",\"name\":\"Un d\u00eda como hoy | Naci\u00f3 un l\u00edder del pueblo que marc\u00f3 la historia dominicana | El Nuevo Norte\",\"isPartOf\":{\"@id\":\"https:\/\/infoelnuevonorte.com\/#website\"},\"primaryImageOfPage\":{\"@id\":\"https:\/\/infoelnuevonorte.com\/?p=196077#primaryimage\"},\"image\":{\"@id\":\"https:\/\/infoelnuevonorte.com\/?p=196077#primaryimage\"},\"thumbnailUrl\":\"https:\/\/infoelnuevonorte.com\/wp-content\/uploads\/2026\/03\/gomez.jpg\",\"datePublished\":\"2026-03-06T10:56:11+00:00\",\"dateModified\":\"2026-03-06T10:56:12+00:00\",\"breadcrumb\":{\"@id\":\"https:\/\/infoelnuevonorte.com\/?p=196077#breadcrumb\"},\"inLanguage\":\"es-DO\",\"potentialAction\":[{\"@type\":\"ReadAction\",\"target\":[\"https:\/\/infoelnuevonorte.com\/?p=196077\"]}]},{\"@type\":\"ImageObject\",\"inLanguage\":\"es-DO\",\"@id\":\"https:\/\/infoelnuevonorte.com\/?p=196077#primaryimage\",\"url\":\"https:\/\/infoelnuevonorte.com\/wp-content\/uploads\/2026\/03\/gomez.jpg\",\"contentUrl\":\"https:\/\/infoelnuevonorte.com\/wp-content\/uploads\/2026\/03\/gomez.jpg\",\"width\":680,\"height\":371},{\"@type\":\"BreadcrumbList\",\"@id\":\"https:\/\/infoelnuevonorte.com\/?p=196077#breadcrumb\",\"itemListElement\":[{\"@type\":\"ListItem\",\"position\":1,\"name\":\"Home\",\"item\":\"https:\/\/infoelnuevonorte.com\/\"},{\"@type\":\"ListItem\",\"position\":2,\"name\":\"Un d\u00eda como hoy | Naci\u00f3 un l\u00edder del pueblo que marc\u00f3 la historia dominicana\"}]},{\"@type\":\"WebSite\",\"@id\":\"https:\/\/infoelnuevonorte.com\/#website\",\"url\":\"https:\/\/infoelnuevonorte.com\/\",\"name\":\"InfoEnn\",\"description\":\"Tu Voz, tu Verdad, tu Diario!!!\",\"publisher\":{\"@id\":\"https:\/\/infoelnuevonorte.com\/#organization\"},\"alternateName\":\"El Nuevo Norte\",\"potentialAction\":[{\"@type\":\"SearchAction\",\"target\":{\"@type\":\"EntryPoint\",\"urlTemplate\":\"https:\/\/infoelnuevonorte.com\/?s={search_term_string}\"},\"query-input\":{\"@type\":\"PropertyValueSpecification\",\"valueRequired\":true,\"valueName\":\"search_term_string\"}}],\"inLanguage\":\"es-DO\"},{\"@type\":\"Organization\",\"@id\":\"https:\/\/infoelnuevonorte.com\/#organization\",\"name\":\"Info El Nuevo Norte\",\"alternateName\":\"El Nuevo Norte\",\"url\":\"https:\/\/infoelnuevonorte.com\/\",\"logo\":{\"@type\":\"ImageObject\",\"inLanguage\":\"es-DO\",\"@id\":\"https:\/\/infoelnuevonorte.com\/#\/schema\/logo\/image\/\",\"url\":\"https:\/\/infoelnuevonorte.com\/wp-content\/uploads\/2026\/02\/Logo-Info-enn-3d-20ani.jpeg\",\"contentUrl\":\"https:\/\/infoelnuevonorte.com\/wp-content\/uploads\/2026\/02\/Logo-Info-enn-3d-20ani.jpeg\",\"width\":2046,\"height\":736,\"caption\":\"Info El Nuevo Norte\"},\"image\":{\"@id\":\"https:\/\/infoelnuevonorte.com\/#\/schema\/logo\/image\/\"},\"sameAs\":[\"https:\/\/www.facebook.com\/infoenn\",\"https:\/\/x.com\/Elnuevo_norte\",\"https:\/\/www.instagram.com\/infoenn\",\"https:\/\/www.facebook.com\/ENNRD\"]},{\"@type\":\"Person\",\"@id\":\"https:\/\/infoelnuevonorte.com\/#\/schema\/person\/fd4f6d90afe41260818b4ea94ad8ab84\",\"name\":\"InfoEnn\",\"image\":{\"@type\":\"ImageObject\",\"inLanguage\":\"es-DO\",\"@id\":\"https:\/\/infoelnuevonorte.com\/#\/schema\/person\/image\/\",\"url\":\"https:\/\/secure.gravatar.com\/avatar\/d4d760a41a48ba9db0a82bfb63bb0783?s=96&d=robohash&r=g\",\"contentUrl\":\"https:\/\/secure.gravatar.com\/avatar\/d4d760a41a48ba9db0a82bfb63bb0783?s=96&d=robohash&r=g\",\"caption\":\"InfoEnn\"},\"sameAs\":[\"https:\/\/infoelnuevonorte.com\"],\"url\":\"https:\/\/infoelnuevonorte.com\/?author=1\"}]}<\/script>\n<!-- \/ Yoast SEO plugin. -->","yoast_head_json":{"title":"Un d\u00eda como hoy | Naci\u00f3 un l\u00edder del pueblo que marc\u00f3 la historia dominicana | El Nuevo Norte","robots":{"index":"index","follow":"follow","max-snippet":"max-snippet:-1","max-image-preview":"max-image-preview:large","max-video-preview":"max-video-preview:-1"},"canonical":"https:\/\/infoelnuevonorte.com\/?p=196077","og_locale":"es_ES","og_type":"article","og_title":"Un d\u00eda como hoy | Naci\u00f3 un l\u00edder del pueblo que marc\u00f3 la historia dominicana | El Nuevo Norte","og_description":"Este 6 de marzo se recuerda el nacimiento de uno de los l\u00edderes m\u00e1s emblem\u00e1ticos de la historia pol\u00edtica dominicana: Jos\u00e9 Francisco Pe\u00f1a G\u00f3mez, quien vino al mundo en 1937 en la humilde comunidad de Loma del Flaco, en el Cruce de Guayacanes, provincia Valverde. Su vida, marcada por la adversidad desde la infancia, terminar\u00eda [&hellip;]","og_url":"https:\/\/infoelnuevonorte.com\/?p=196077","og_site_name":"El Nuevo Norte","article_publisher":"https:\/\/www.facebook.com\/infoenn","article_published_time":"2026-03-06T10:56:11+00:00","article_modified_time":"2026-03-06T10:56:12+00:00","og_image":[{"width":680,"height":371,"url":"https:\/\/infoelnuevonorte.com\/wp-content\/uploads\/2026\/03\/gomez.jpg","type":"image\/jpeg"}],"author":"InfoEnn","twitter_card":"summary_large_image","twitter_creator":"@Elnuevo_norte","twitter_site":"@Elnuevo_norte","twitter_misc":{"Written by":"InfoEnn","Est. reading time":"4 minutos"},"schema":{"@context":"https:\/\/schema.org","@graph":[{"@type":"Article","@id":"https:\/\/infoelnuevonorte.com\/?p=196077#article","isPartOf":{"@id":"https:\/\/infoelnuevonorte.com\/?p=196077"},"author":{"name":"InfoEnn","@id":"https:\/\/infoelnuevonorte.com\/#\/schema\/person\/fd4f6d90afe41260818b4ea94ad8ab84"},"headline":"Un d\u00eda como hoy | Naci\u00f3 un l\u00edder del pueblo que marc\u00f3 la historia dominicana","datePublished":"2026-03-06T10:56:11+00:00","dateModified":"2026-03-06T10:56:12+00:00","mainEntityOfPage":{"@id":"https:\/\/infoelnuevonorte.com\/?p=196077"},"wordCount":417,"publisher":{"@id":"https:\/\/infoelnuevonorte.com\/#organization"},"image":{"@id":"https:\/\/infoelnuevonorte.com\/?p=196077#primaryimage"},"thumbnailUrl":"https:\/\/infoelnuevonorte.com\/wp-content\/uploads\/2026\/03\/gomez.jpg","articleSection":["Cultura","Un dia como hoy"],"inLanguage":"es-DO"},{"@type":"WebPage","@id":"https:\/\/infoelnuevonorte.com\/?p=196077","url":"https:\/\/infoelnuevonorte.com\/?p=196077","name":"Un d\u00eda como hoy | Naci\u00f3 un l\u00edder del pueblo que marc\u00f3 la historia dominicana | El Nuevo Norte","isPartOf":{"@id":"https:\/\/infoelnuevonorte.com\/#website"},"primaryImageOfPage":{"@id":"https:\/\/infoelnuevonorte.com\/?p=196077#primaryimage"},"image":{"@id":"https:\/\/infoelnuevonorte.com\/?p=196077#primaryimage"},"thumbnailUrl":"https:\/\/infoelnuevonorte.com\/wp-content\/uploads\/2026\/03\/gomez.jpg","datePublished":"2026-03-06T10:56:11+00:00","dateModified":"2026-03-06T10:56:12+00:00","breadcrumb":{"@id":"https:\/\/infoelnuevonorte.com\/?p=196077#breadcrumb"},"inLanguage":"es-DO","potentialAction":[{"@type":"ReadAction","target":["https:\/\/infoelnuevonorte.com\/?p=196077"]}]},{"@type":"ImageObject","inLanguage":"es-DO","@id":"https:\/\/infoelnuevonorte.com\/?p=196077#primaryimage","url":"https:\/\/infoelnuevonorte.com\/wp-content\/uploads\/2026\/03\/gomez.jpg","contentUrl":"https:\/\/infoelnuevonorte.com\/wp-content\/uploads\/2026\/03\/gomez.jpg","width":680,"height":371},{"@type":"BreadcrumbList","@id":"https:\/\/infoelnuevonorte.com\/?p=196077#breadcrumb","itemListElement":[{"@type":"ListItem","position":1,"name":"Home","item":"https:\/\/infoelnuevonorte.com\/"},{"@type":"ListItem","position":2,"name":"Un d\u00eda como hoy | Naci\u00f3 un l\u00edder del pueblo que marc\u00f3 la historia dominicana"}]},{"@type":"WebSite","@id":"https:\/\/infoelnuevonorte.com\/#website","url":"https:\/\/infoelnuevonorte.com\/","name":"InfoEnn","description":"Tu Voz, tu Verdad, tu Diario!!!","publisher":{"@id":"https:\/\/infoelnuevonorte.com\/#organization"},"alternateName":"El Nuevo Norte","potentialAction":[{"@type":"SearchAction","target":{"@type":"EntryPoint","urlTemplate":"https:\/\/infoelnuevonorte.com\/?s={search_term_string}"},"query-input":{"@type":"PropertyValueSpecification","valueRequired":true,"valueName":"search_term_string"}}],"inLanguage":"es-DO"},{"@type":"Organization","@id":"https:\/\/infoelnuevonorte.com\/#organization","name":"Info El Nuevo Norte","alternateName":"El Nuevo Norte","url":"https:\/\/infoelnuevonorte.com\/","logo":{"@type":"ImageObject","inLanguage":"es-DO","@id":"https:\/\/infoelnuevonorte.com\/#\/schema\/logo\/image\/","url":"https:\/\/infoelnuevonorte.com\/wp-content\/uploads\/2026\/02\/Logo-Info-enn-3d-20ani.jpeg","contentUrl":"https:\/\/infoelnuevonorte.com\/wp-content\/uploads\/2026\/02\/Logo-Info-enn-3d-20ani.jpeg","width":2046,"height":736,"caption":"Info El Nuevo Norte"},"image":{"@id":"https:\/\/infoelnuevonorte.com\/#\/schema\/logo\/image\/"},"sameAs":["https:\/\/www.facebook.com\/infoenn","https:\/\/x.com\/Elnuevo_norte","https:\/\/www.instagram.com\/infoenn","https:\/\/www.facebook.com\/ENNRD"]},{"@type":"Person","@id":"https:\/\/infoelnuevonorte.com\/#\/schema\/person\/fd4f6d90afe41260818b4ea94ad8ab84","name":"InfoEnn","image":{"@type":"ImageObject","inLanguage":"es-DO","@id":"https:\/\/infoelnuevonorte.com\/#\/schema\/person\/image\/","url":"https:\/\/secure.gravatar.com\/avatar\/d4d760a41a48ba9db0a82bfb63bb0783?s=96&d=robohash&r=g","contentUrl":"https:\/\/secure.gravatar.com\/avatar\/d4d760a41a48ba9db0a82bfb63bb0783?s=96&d=robohash&r=g","caption":"InfoEnn"},"sameAs":["https:\/\/infoelnuevonorte.com"],"url":"https:\/\/infoelnuevonorte.com\/?author=1"}]}},"_links":{"self":[{"href":"https:\/\/infoelnuevonorte.com\/index.php?rest_route=\/wp\/v2\/posts\/196077"}],"collection":[{"href":"https:\/\/infoelnuevonorte.com\/index.php?rest_route=\/wp\/v2\/posts"}],"about":[{"href":"https:\/\/infoelnuevonorte.com\/index.php?rest_route=\/wp\/v2\/types\/post"}],"author":[{"embeddable":true,"href":"https:\/\/infoelnuevonorte.com\/index.php?rest_route=\/wp\/v2\/users\/1"}],"replies":[{"embeddable":true,"href":"https:\/\/infoelnuevonorte.com\/index.php?rest_route=%2Fwp%2Fv2%2Fcomments&post=196077"}],"version-history":[{"count":1,"href":"https:\/\/infoelnuevonorte.com\/index.php?rest_route=\/wp\/v2\/posts\/196077\/revisions"}],"predecessor-version":[{"id":196082,"href":"https:\/\/infoelnuevonorte.com\/index.php?rest_route=\/wp\/v2\/posts\/196077\/revisions\/196082"}],"wp:featuredmedia":[{"embeddable":true,"href":"https:\/\/infoelnuevonorte.com\/index.php?rest_route=\/wp\/v2\/media\/196079"}],"wp:attachment":[{"href":"https:\/\/infoelnuevonorte.com\/index.php?rest_route=%2Fwp%2Fv2%2Fmedia&parent=196077"}],"wp:term":[{"taxonomy":"category","embeddable":true,"href":"https:\/\/infoelnuevonorte.com\/index.php?rest_route=%2Fwp%2Fv2%2Fcategories&post=196077"},{"taxonomy":"post_tag","embeddable":true,"href":"https:\/\/infoelnuevonorte.com\/index.php?rest_route=%2Fwp%2Fv2%2Ftags&post=196077"}],"curies":[{"name":"wp","href":"https:\/\/api.w.org\/{rel}","templated":true}]}}