{"id":198232,"date":"2026-03-12T07:34:15","date_gmt":"2026-03-12T11:34:15","guid":{"rendered":"https:\/\/infoelnuevonorte.com\/?p=198232"},"modified":"2026-03-12T07:34:17","modified_gmt":"2026-03-12T11:34:17","slug":"pepin-cuenta-la-historia-migratoria-de-su-familia","status":"publish","type":"post","link":"https:\/\/infoelnuevonorte.com\/?p=198232","title":{"rendered":"Pep\u00edn cuenta la historia migratoria de su familia"},"content":{"rendered":"<!--[if lt IE 9]><script>document.createElement('audio');<\/script><![endif]-->\n<audio class=\"wp-audio-shortcode\" id=\"audio-198232-1\" preload=\"none\" style=\"width: 100%;\" controls=\"controls\"><source type=\"audio\/mpeg\" src=\"https:\/\/infoelnuevonorte.com\/wp-content\/uploads\/2026\/03\/ttsmaker-vip-file-2026-3-12-7-33-40.mp3?_=1\" \/><a href=\"https:\/\/infoelnuevonorte.com\/wp-content\/uploads\/2026\/03\/ttsmaker-vip-file-2026-3-12-7-33-40.mp3\">https:\/\/infoelnuevonorte.com\/wp-content\/uploads\/2026\/03\/ttsmaker-vip-file-2026-3-12-7-33-40.mp3<\/a><\/audio>\n<p class=\"paragraph\" style=\"text-align: justify;\"><span style=\"font-size: 14pt;\"><b>De un ni\u00f1o que lleg\u00f3 a Rep\u00fablica Dominicana<\/b> en la tercera clase de un barco, a convertirse en uno de los empresarios m\u00e1s influyentes.<b> Hablar de don Pep\u00edn Corripio<\/b> es hablar de trabajo duro, visi\u00f3n de negocios y gratitud hacia un pa\u00eds que ya es suyo.<\/span><\/p>\n<p class=\"paragraph\" style=\"text-align: justify;\"><span style=\"font-size: 14pt;\"><b>El aprecio de su familia a la tierra que los acogi\u00f3<\/b> y que se convirti\u00f3 en su destino en el mundo es evidente. Al hablar de este pa\u00eds lo hace con una convicci\u00f3n y un sentimiento que tienen nombre propio: patriotismo. Lo dice con acento espa\u00f1ol, pero con un amor m\u00e1s dominicano que el pl\u00e1tano.<\/span><\/p>\n<p class=\"paragraph\" style=\"text-align: justify;\"><span style=\"font-size: 14pt;\">Su historia no comienza en oficinas corporativas ni en grandes titulares empresariales, sino en la traves\u00eda de una familia inmigrante espa\u00f1ola que decidi\u00f3 apostar por este trozo de isla cuando Europa enfrentaba conflictos pol\u00edticos y crisis econ\u00f3micas.<\/span><\/p>\n<p class=\"paragraph\" style=\"text-align: justify;\"><span style=\"font-size: 14pt;\">Don Pep\u00edn abre las puertas de su hogar y de su coraz\u00f3n al equipo de Migrantes y, con entusiasmo y ojos brillosos, nos cuenta la historia de su familia. No es cualquier historia, es el relato de una siembra iniciada por sus padres y de una cosecha que \u00e9l, su esposa, hijos y nietos han sabido cultivar con disciplina, humildad, visi\u00f3n empresarial y profundo agradecimiento al suelo que los acogi\u00f3.<\/span><\/p>\n<figure class=\"c-detail__media \" style=\"text-align: justify;\">\n<div class=\"c-detail__media__thumb\"><span style=\"font-size: 14pt;\"><picture data-size=\"w:414,h:276\"><source srcset=\"https:\/\/imagenes.hoy.com.do\/files\/vertical_image_desktop\/uploads\/2026\/03\/11\/69b2245d32baf.jpeg\" media=\"(min-width: 992px)\" \/><source srcset=\"https:\/\/imagenes.hoy.com.do\/files\/vertical_image_tablet\/uploads\/2026\/03\/11\/69b2245d32baf.jpeg\" media=\"(min-width: 768px)\" \/><img loading=\"lazy\" decoding=\"async\" src=\"https:\/\/imagenes.hoy.com.do\/files\/vertical_image_mobile\/uploads\/2026\/03\/11\/69b2245d32baf.jpeg\" alt=\"Don Pep\u00edn abri\u00f3 las puertas  de   su hogar y su coraz\u00f3n  al equipo del programa  Migrantes.   hoy\/Junior  Reynoso\" width=\"414\" height=\"276\" data-full-src=\"https:\/\/imagenes.hoy.com.do\/uploads\/2026\/03\/11\/69b2245d32baf.jpeg\" \/><\/picture><\/span><\/div>\n<\/figure>\n<p class=\"paragraph\" style=\"text-align: justify;\"><span style=\"font-size: 14pt;\">Con esta \u00faltima entrevista, el programa de televisi\u00f3n Migrantes cierra con broche de oro su primera temporada.<\/span><\/p>\n<p class=\"paragraph\" style=\"text-align: justify;\"><span style=\"font-size: 14pt;\"><b>La llegada<\/b><\/span><\/p>\n<p class=\"paragraph\" style=\"text-align: justify;\"><span style=\"font-size: 14pt;\">Como muchas familias espa\u00f1olas de<b> inicios del siglo XX,<\/b> los Corripio emigraron de Espa\u00f1a empujados por la inestabilidad econ\u00f3mica y el temor a los conflictos que sacud\u00edan Europa.<\/span><\/p>\n<p class=\"paragraph\" style=\"text-align: justify;\"><span style=\"font-size: 14pt;\">El primero en llegar fue el hermano mayor de su padre, Ram\u00f3n Corripio, quien arrib\u00f3 a este pa\u00eds en 1917, con apenas 17 a\u00f1os.<\/span><\/p>\n<p class=\"paragraph\" style=\"text-align: justify;\"><span style=\"font-size: 14pt;\">Curiosamente, su destino inicial no fue Rep\u00fablica Dominicana, sino Cuba. Sin embargo, pronto comprendi\u00f3 algo que marcar\u00eda el rumbo de la familia. Seg\u00fan recuerda don Pep\u00edn, para establecerse all\u00ed, un inmigrante necesitaba cerca de 100,000 d\u00f3lares, una suma completamente fuera del alcance de alguien sin capital en aquella \u00e9poca.<\/span><\/p>\n<p class=\"paragraph\" style=\"text-align: justify;\"><span style=\"font-size: 14pt;\">En cambio, en Santo Domingo pod\u00eda comenzar con mucho menos.<\/span><\/p>\n<p class=\"paragraph\" style=\"text-align: justify;\"><span style=\"font-size: 14pt;\">Eligi\u00f3 oportunidad sobre apariencia, una decisi\u00f3n que la familia Corripio repetir\u00eda m\u00e1s de una vez en su historia.<\/span><\/p>\n<p class=\"paragraph\" style=\"text-align: justify;\"><span style=\"font-size: 14pt;\"><i><b>\u201cCuba estaba demasiado adelantada para que un inmigrante pobre pudiera abrirse camino. Mi familia entendi\u00f3 que aqu\u00ed iba a estar m\u00e1s entre iguales en el sentido econ\u00f3mico. Hab\u00eda que ir a un pa\u00eds con m\u00e1s limitaciones, pero donde un inmigrante pudiera crecer trabajando\u201d, explica don Pep\u00edn.<\/b><\/i><\/span><\/p>\n<p class=\"paragraph\" style=\"text-align: justify;\"><span style=\"font-size: 14pt;\"><b>Manuel Corripio Garc\u00eda, el padre de don Pep\u00edn,<\/b> lleg\u00f3 poco despu\u00e9s, con apenas 13 a\u00f1os, en el barco Marqu\u00e9s de Comillas, viajando en tercera clase, la m\u00e1s humilde del buque y en condiciones dif\u00edciles.<\/span><\/p>\n<p class=\"paragraph\" style=\"text-align: justify;\"><span style=\"font-size: 14pt;\">El joven, mareado por el olor a combustible y abrumado por el ruido de las m\u00e1quinas, decidi\u00f3 subir a cubierta al amanecer para respirar aire fresco. All\u00ed vio a varios marineros limpiando el piso y, sin que nadie se lo pidiera, tom\u00f3 una cubeta y comenz\u00f3 a trabajar.<\/span><\/p>\n<p class=\"paragraph\" style=\"text-align: justify;\"><span style=\"font-size: 14pt;\">Cuando lo descubrieron, explic\u00f3 que solo quer\u00eda poder permanecer arriba para evitar el malestar de la tercera clase.<\/span><\/p>\n<p class=\"paragraph\" style=\"text-align: justify;\"><span style=\"font-size: 14pt;\"><b>Termin\u00f3 el viaje comiendo con la tripulaci\u00f3n.<\/b><\/span><\/p>\n<p class=\"paragraph\" style=\"text-align: justify;\"><span style=\"font-size: 14pt;\">\u201cMi pap\u00e1 vino en tercera clase. Dec\u00eda que no vino en cuarta porque no hab\u00eda cuarta. Hizo el viaje en tercera clase, pero termin\u00f3 comiendo con la tripulaci\u00f3n. Eso demostraba su capacidad de aprovechar las circunstancias\u201d, cuenta con orgullo.<\/span><\/p>\n<p class=\"paragraph\" style=\"text-align: justify;\"><span style=\"font-size: 14pt;\">Esa an\u00e9cdota fue una se\u00f1al temprana de una filosof\u00eda de vida que marcar\u00eda a la familia Corripio: aprovechar las circunstancias disponibles.<\/span><\/p>\n<p class=\"paragraph\" style=\"text-align: justify;\"><span style=\"font-size: 14pt;\"><b>El primer negocio<\/b><\/span><\/p>\n<p class=\"paragraph\" style=\"text-align: justify;\"><span style=\"font-size: 14pt;\">En los a\u00f1os treinta, la familia abri\u00f3 un peque\u00f1o negocio de provisiones cerca del Mercado Modelo de Santo Domingo. Vend\u00edan arroz, habichuelas, bacalao y otros productos b\u00e1sicos. Viv\u00edan encima del negocio.<\/span><\/p>\n<p class=\"paragraph\" style=\"text-align: justify;\"><span style=\"font-size: 14pt;\">Se levantaban antes de las 5:00 de la ma\u00f1ana para comprar directamente a los camiones que tra\u00edan productos del campo. El trabajo era constante, familiar y disciplinado.<\/span><\/p>\n<p class=\"paragraph\" style=\"text-align: justify;\"><span style=\"font-size: 14pt;\"><b>Don Pep\u00edn recuerda que su madre,<\/b> Sara Estrada, tambi\u00e9n trabajaba en el negocio: hac\u00eda facturas, escrib\u00eda a m\u00e1quina y atend\u00eda clientes. El emprendimiento no era un discurso. Era supervivencia.<\/span><\/p>\n<p class=\"paragraph\" style=\"text-align: justify;\"><span style=\"font-size: 14pt;\">\u201cLa ciudad era muy peque\u00f1a. El negocio estaba al lado del Mercado Modelo, que era un sitio magn\u00edfico para vender provisiones. A las 5:00 de la ma\u00f1ana se o\u00eda a los cobradores gritar: \u2018\u00a1San Crist\u00f3bal, Haina!\u2019. Ah\u00ed llegaban todos los frutos del pa\u00eds. Nosotros viv\u00edamos encima del negocio; para entrar a la casa hab\u00eda que pasar por el almac\u00e9n\u201d, recuerda con nostalgia el hoy patriarca de los Corripio.<\/span><\/p>\n\n\n<div class=\"wp-block-group\"><div class=\"wp-block-group__inner-container is-layout-constrained wp-block-group-is-layout-constrained\">\n<div id=\"DenunciayAPP\" class=\"wp-block-group\"><div class=\"wp-block-group__inner-container is-layout-constrained wp-block-group-is-layout-constrained\">\n<p><a href=\"https:\/\/whatsapp.com\/channel\/0029Va88WGP2ER6ZxD6TCa3U\" target=\"_blank\" rel=\"noopener\"><img loading=\"lazy\" decoding=\"async\" class=\"aligncenter size-full wp-image-155512\" src=\"https:\/\/infoelnuevonorte.com\/wp-content\/uploads\/2025\/10\/Canal-whatsapp-infoenn.jpeg\" alt=\"\" width=\"2046\" height=\"554\" srcset=\"https:\/\/infoelnuevonorte.com\/wp-content\/uploads\/2025\/10\/Canal-whatsapp-infoenn.jpeg 2046w, https:\/\/infoelnuevonorte.com\/wp-content\/uploads\/2025\/10\/Canal-whatsapp-infoenn-300x81.jpeg 300w, https:\/\/infoelnuevonorte.com\/wp-content\/uploads\/2025\/10\/Canal-whatsapp-infoenn-1024x277.jpeg 1024w, https:\/\/infoelnuevonorte.com\/wp-content\/uploads\/2025\/10\/Canal-whatsapp-infoenn-768x208.jpeg 768w, https:\/\/infoelnuevonorte.com\/wp-content\/uploads\/2025\/10\/Canal-whatsapp-infoenn-1536x416.jpeg 1536w, https:\/\/infoelnuevonorte.com\/wp-content\/uploads\/2025\/10\/Canal-whatsapp-infoenn-1551x420.jpeg 1551w, https:\/\/infoelnuevonorte.com\/wp-content\/uploads\/2025\/10\/Canal-whatsapp-infoenn-150x41.jpeg 150w, https:\/\/infoelnuevonorte.com\/wp-content\/uploads\/2025\/10\/Canal-whatsapp-infoenn-696x188.jpeg 696w, https:\/\/infoelnuevonorte.com\/wp-content\/uploads\/2025\/10\/Canal-whatsapp-infoenn-1068x289.jpeg 1068w, https:\/\/infoelnuevonorte.com\/wp-content\/uploads\/2025\/10\/Canal-whatsapp-infoenn-1920x520.jpeg 1920w\" sizes=\"(max-width: 2046px) 100vw, 2046px\" \/><\/a><\/p>\n<p>\ud83d\udd17 S\u00edguenos en nuestras redes:<br data-start=\"2686\" data-end=\"2689\" \/><a href=\"https:\/\/x.com\/Elnuevo_norte\">X<\/a> | <a class=\"\" href=\"https:\/\/t.me\/infoenn\" target=\"_new\" rel=\"noopener\" data-start=\"2757\" data-end=\"2789\">Telegram<\/a> | <a class=\"\" href=\"https:\/\/instagram.com\/noticiasenn1?r=nametag\" target=\"_new\" rel=\"noopener\" data-start=\"2792\" data-end=\"2849\">Instagram<\/a><br data-start=\"2849\" data-end=\"2852\" \/><a class=\"\" href=\"https:\/\/www.facebook.com\/infoenn\" target=\"_new\" rel=\"noopener\" data-start=\"2852\" data-end=\"2896\">Facebook<\/a> | <a class=\"\" href=\"https:\/\/www.threads.net\/@noticiasenn1\" target=\"_new\" rel=\"noopener\" data-start=\"2899\" data-end=\"2947\">Threads<\/a> | <a class=\"\" href=\"https:\/\/www.youtube.com\/channel\/UCZZJg_scU1p_c6cvyCHY48A\" target=\"_new\" rel=\"noopener\" data-start=\"2950\" data-end=\"3017\" data-is-last-node=\"\">YouTube<\/a><\/p>\n<p>\ud83d\ude4f \u00a1Tu apoyo es importante!<\/p>\n<p>\ud83d\udd3bDESCARGAR NUESTRA APP \"<span style=\"color: #0000ff;\"><strong>Info ENN<\/strong><\/span>\"<\/p>\n\n\n\n<div class=\"wp-block-buttons is-content-justification-left is-layout-flex wp-container-core-buttons-is-layout-1 wp-block-buttons-is-layout-flex\">\n<div class=\"wp-block-button is-style-3d\"><a class=\"wp-block-button__link has-white-background-color has-background wp-element-button\" href=\"https:\/\/apps.apple.com\/do\/app\/infoenn\/id6503000762\"><img loading=\"lazy\" decoding=\"async\" width=\"150\" height=\"50\" class=\"wp-image-104096\" style=\"width: 150px;\" src=\"https:\/\/infoelnuevonorte.com\/wp-content\/uploads\/2025\/05\/Download_on_the_App_Store_RGB_blk.svg_.png\" alt=\"\" srcset=\"https:\/\/infoelnuevonorte.com\/wp-content\/uploads\/2025\/05\/Download_on_the_App_Store_RGB_blk.svg_.png 1280w, https:\/\/infoelnuevonorte.com\/wp-content\/uploads\/2025\/05\/Download_on_the_App_Store_RGB_blk.svg_-300x100.png 300w, https:\/\/infoelnuevonorte.com\/wp-content\/uploads\/2025\/05\/Download_on_the_App_Store_RGB_blk.svg_-1024x342.png 1024w, https:\/\/infoelnuevonorte.com\/wp-content\/uploads\/2025\/05\/Download_on_the_App_Store_RGB_blk.svg_-768x257.png 768w, https:\/\/infoelnuevonorte.com\/wp-content\/uploads\/2025\/05\/Download_on_the_App_Store_RGB_blk.svg_-1256x420.png 1256w, https:\/\/infoelnuevonorte.com\/wp-content\/uploads\/2025\/05\/Download_on_the_App_Store_RGB_blk.svg_-150x50.png 150w, https:\/\/infoelnuevonorte.com\/wp-content\/uploads\/2025\/05\/Download_on_the_App_Store_RGB_blk.svg_-696x233.png 696w, https:\/\/infoelnuevonorte.com\/wp-content\/uploads\/2025\/05\/Download_on_the_App_Store_RGB_blk.svg_-1068x357.png 1068w, https:\/\/infoelnuevonorte.com\/wp-content\/uploads\/2025\/05\/Download_on_the_App_Store_RGB_blk.svg_-200x67.png 200w\" sizes=\"(max-width: 150px) 100vw, 150px\" \/><\/a><\/div>\n<\/div>\n\n\n\n<div class=\"wp-block-buttons is-layout-flex wp-block-buttons-is-layout-flex\">\n<div class=\"wp-block-button is-style-3d td_btn_large\"><a class=\"wp-block-button__link has-white-background-color has-background wp-element-button\" href=\"https:\/\/mega.nz\/file\/vRhVTJBD#6P0Os8p_y2oJgZIa__7dhjqdpW42XJ_cY3zmbyxVohM\" target=\"_blank\" rel=\"noreferrer noopener\"><mark style=\"background-color:rgba(0, 0, 0, 0)\" class=\"has-inline-color has-light-green-cyan-color\"><img loading=\"lazy\" decoding=\"async\" width=\"150\" height=\"49\" class=\"wp-image-104095\" style=\"width: 150px;\" src=\"https:\/\/infoelnuevonorte.com\/wp-content\/uploads\/2025\/05\/badge-google-play-and-app-store-button-download-free-png.webp\" alt=\"\" srcset=\"https:\/\/infoelnuevonorte.com\/wp-content\/uploads\/2025\/05\/badge-google-play-and-app-store-button-download-free-png.webp 1920w, https:\/\/infoelnuevonorte.com\/wp-content\/uploads\/2025\/05\/badge-google-play-and-app-store-button-download-free-png-300x98.webp 300w, https:\/\/infoelnuevonorte.com\/wp-content\/uploads\/2025\/05\/badge-google-play-and-app-store-button-download-free-png-1024x335.webp 1024w, https:\/\/infoelnuevonorte.com\/wp-content\/uploads\/2025\/05\/badge-google-play-and-app-store-button-download-free-png-768x252.webp 768w, https:\/\/infoelnuevonorte.com\/wp-content\/uploads\/2025\/05\/badge-google-play-and-app-store-button-download-free-png-1536x503.webp 1536w, https:\/\/infoelnuevonorte.com\/wp-content\/uploads\/2025\/05\/badge-google-play-and-app-store-button-download-free-png-1282x420.webp 1282w, https:\/\/infoelnuevonorte.com\/wp-content\/uploads\/2025\/05\/badge-google-play-and-app-store-button-download-free-png-150x49.webp 150w, https:\/\/infoelnuevonorte.com\/wp-content\/uploads\/2025\/05\/badge-google-play-and-app-store-button-download-free-png-696x228.webp 696w, https:\/\/infoelnuevonorte.com\/wp-content\/uploads\/2025\/05\/badge-google-play-and-app-store-button-download-free-png-1068x350.webp 1068w, https:\/\/infoelnuevonorte.com\/wp-content\/uploads\/2025\/05\/badge-google-play-and-app-store-button-download-free-png-200x66.webp 200w\" sizes=\"(max-width: 150px) 100vw, 150px\" \/><\/mark><\/a><\/div>\n<\/div>\n\n\n\n<p style=\"text-align: justify;\"><strong data-start=\"0\" data-end=\"18\" data-is-only-node=\"\"><a href=\"https:\/\/infoelnuevonorte.com\/\"><img loading=\"lazy\" decoding=\"async\" class=\" wp-image-159681 alignleft\" src=\"https:\/\/infoelnuevonorte.com\/wp-content\/uploads\/2025\/11\/Logo-3d-infoenn-con-fondo-blanco.jpg\" alt=\"\" width=\"240\" height=\"86\" srcset=\"https:\/\/infoelnuevonorte.com\/wp-content\/uploads\/2025\/11\/Logo-3d-infoenn-con-fondo-blanco.jpg 1696w, https:\/\/infoelnuevonorte.com\/wp-content\/uploads\/2025\/11\/Logo-3d-infoenn-con-fondo-blanco-300x108.jpg 300w, https:\/\/infoelnuevonorte.com\/wp-content\/uploads\/2025\/11\/Logo-3d-infoenn-con-fondo-blanco-1024x367.jpg 1024w, https:\/\/infoelnuevonorte.com\/wp-content\/uploads\/2025\/11\/Logo-3d-infoenn-con-fondo-blanco-768x275.jpg 768w, https:\/\/infoelnuevonorte.com\/wp-content\/uploads\/2025\/11\/Logo-3d-infoenn-con-fondo-blanco-1536x551.jpg 1536w, https:\/\/infoelnuevonorte.com\/wp-content\/uploads\/2025\/11\/Logo-3d-infoenn-con-fondo-blanco-1172x420.jpg 1172w, https:\/\/infoelnuevonorte.com\/wp-content\/uploads\/2025\/11\/Logo-3d-infoenn-con-fondo-blanco-150x54.jpg 150w, https:\/\/infoelnuevonorte.com\/wp-content\/uploads\/2025\/11\/Logo-3d-infoenn-con-fondo-blanco-696x250.jpg 696w, https:\/\/infoelnuevonorte.com\/wp-content\/uploads\/2025\/11\/Logo-3d-infoenn-con-fondo-blanco-1068x383.jpg 1068w\" sizes=\"(max-width: 240px) 100vw, 240px\" \/><\/a>El Nuevo Norte<\/strong> es un peri\u00f3dico digital dominicano fundado el <strong data-start=\"65\" data-end=\"90\">12 de febrero de 2006<\/strong> por el periodista <strong data-start=\"109\" data-end=\"129\">Junior Henr\u00edquez<\/strong>, quien funge como director y fundador. A trav\u00e9s de la web <strong data-start=\"188\" data-end=\"212\">infoelnuevonorte.com<\/strong>, el medio ofrece informaci\u00f3n veraz y oportuna sobre los acontecimientos sociales, pol\u00edticos, comunitarios y de actualidad general, tanto a nivel nacional como internacional, promoviendo un periodismo responsable, participativo y comprometido con la libre expresi\u00f3n y el fortalecimiento de la democracia informativa.<\/p>\n<\/div><\/div>\n<\/div><\/div>\n","protected":false},"excerpt":{"rendered":"<p>De un ni\u00f1o que lleg\u00f3 a Rep\u00fablica Dominicana en la tercera clase de un barco, a convertirse en uno de los empresarios m\u00e1s influyentes. Hablar de don Pep\u00edn Corripio es hablar de trabajo duro, visi\u00f3n de negocios y gratitud hacia un pa\u00eds que ya es suyo. El aprecio de su familia a la tierra que [&hellip;]<\/p>\n","protected":false},"author":1,"featured_media":198234,"comment_status":"closed","ping_status":"open","sticky":false,"template":"","format":"standard","meta":{"footnotes":""},"categories":[14],"tags":[],"yoast_head":"<!-- This site is optimized with the Yoast SEO plugin v24.5 - https:\/\/yoast.com\/wordpress\/plugins\/seo\/ -->\n<title>Pep\u00edn cuenta la historia migratoria de su familia | El Nuevo Norte<\/title>\n<meta name=\"robots\" content=\"index, follow, max-snippet:-1, max-image-preview:large, max-video-preview:-1\" \/>\n<link rel=\"canonical\" href=\"https:\/\/infoelnuevonorte.com\/?p=198232\" \/>\n<meta property=\"og:locale\" content=\"es_ES\" \/>\n<meta property=\"og:type\" content=\"article\" \/>\n<meta property=\"og:title\" content=\"Pep\u00edn cuenta la historia migratoria de su familia | El Nuevo Norte\" \/>\n<meta property=\"og:description\" content=\"De un ni\u00f1o que lleg\u00f3 a Rep\u00fablica Dominicana en la tercera clase de un barco, a convertirse en uno de los empresarios m\u00e1s influyentes. Hablar de don Pep\u00edn Corripio es hablar de trabajo duro, visi\u00f3n de negocios y gratitud hacia un pa\u00eds que ya es suyo. El aprecio de su familia a la tierra que [&hellip;]\" \/>\n<meta property=\"og:url\" content=\"https:\/\/infoelnuevonorte.com\/?p=198232\" \/>\n<meta property=\"og:site_name\" content=\"El Nuevo Norte\" \/>\n<meta property=\"article:publisher\" content=\"https:\/\/www.facebook.com\/infoenn\" \/>\n<meta property=\"article:published_time\" content=\"2026-03-12T11:34:15+00:00\" \/>\n<meta property=\"article:modified_time\" content=\"2026-03-12T11:34:17+00:00\" \/>\n<meta property=\"og:image\" content=\"https:\/\/infoelnuevonorte.com\/wp-content\/uploads\/2026\/03\/Corripio.jpeg\" \/>\n\t<meta property=\"og:image:width\" content=\"1200\" \/>\n\t<meta property=\"og:image:height\" content=\"592\" \/>\n\t<meta property=\"og:image:type\" content=\"image\/jpeg\" \/>\n<meta name=\"author\" content=\"InfoEnn\" \/>\n<meta name=\"twitter:card\" content=\"summary_large_image\" \/>\n<meta name=\"twitter:creator\" content=\"@Elnuevo_norte\" \/>\n<meta name=\"twitter:site\" content=\"@Elnuevo_norte\" \/>\n<meta name=\"twitter:label1\" content=\"Written by\" \/>\n\t<meta name=\"twitter:data1\" content=\"InfoEnn\" \/>\n\t<meta name=\"twitter:label2\" content=\"Est. reading time\" \/>\n\t<meta name=\"twitter:data2\" content=\"6 minutos\" \/>\n<script type=\"application\/ld+json\" class=\"yoast-schema-graph\">{\"@context\":\"https:\/\/schema.org\",\"@graph\":[{\"@type\":\"Article\",\"@id\":\"https:\/\/infoelnuevonorte.com\/?p=198232#article\",\"isPartOf\":{\"@id\":\"https:\/\/infoelnuevonorte.com\/?p=198232\"},\"author\":{\"name\":\"InfoEnn\",\"@id\":\"https:\/\/infoelnuevonorte.com\/#\/schema\/person\/fd4f6d90afe41260818b4ea94ad8ab84\"},\"headline\":\"Pep\u00edn cuenta la historia migratoria de su familia\",\"datePublished\":\"2026-03-12T11:34:15+00:00\",\"dateModified\":\"2026-03-12T11:34:17+00:00\",\"mainEntityOfPage\":{\"@id\":\"https:\/\/infoelnuevonorte.com\/?p=198232\"},\"wordCount\":825,\"publisher\":{\"@id\":\"https:\/\/infoelnuevonorte.com\/#organization\"},\"image\":{\"@id\":\"https:\/\/infoelnuevonorte.com\/?p=198232#primaryimage\"},\"thumbnailUrl\":\"https:\/\/infoelnuevonorte.com\/wp-content\/uploads\/2026\/03\/Corripio.jpeg\",\"articleSection\":[\"Sociales\"],\"inLanguage\":\"es-DO\"},{\"@type\":\"WebPage\",\"@id\":\"https:\/\/infoelnuevonorte.com\/?p=198232\",\"url\":\"https:\/\/infoelnuevonorte.com\/?p=198232\",\"name\":\"Pep\u00edn cuenta la historia migratoria de su familia | El Nuevo Norte\",\"isPartOf\":{\"@id\":\"https:\/\/infoelnuevonorte.com\/#website\"},\"primaryImageOfPage\":{\"@id\":\"https:\/\/infoelnuevonorte.com\/?p=198232#primaryimage\"},\"image\":{\"@id\":\"https:\/\/infoelnuevonorte.com\/?p=198232#primaryimage\"},\"thumbnailUrl\":\"https:\/\/infoelnuevonorte.com\/wp-content\/uploads\/2026\/03\/Corripio.jpeg\",\"datePublished\":\"2026-03-12T11:34:15+00:00\",\"dateModified\":\"2026-03-12T11:34:17+00:00\",\"breadcrumb\":{\"@id\":\"https:\/\/infoelnuevonorte.com\/?p=198232#breadcrumb\"},\"inLanguage\":\"es-DO\",\"potentialAction\":[{\"@type\":\"ReadAction\",\"target\":[\"https:\/\/infoelnuevonorte.com\/?p=198232\"]}]},{\"@type\":\"ImageObject\",\"inLanguage\":\"es-DO\",\"@id\":\"https:\/\/infoelnuevonorte.com\/?p=198232#primaryimage\",\"url\":\"https:\/\/infoelnuevonorte.com\/wp-content\/uploads\/2026\/03\/Corripio.jpeg\",\"contentUrl\":\"https:\/\/infoelnuevonorte.com\/wp-content\/uploads\/2026\/03\/Corripio.jpeg\",\"width\":1200,\"height\":592},{\"@type\":\"BreadcrumbList\",\"@id\":\"https:\/\/infoelnuevonorte.com\/?p=198232#breadcrumb\",\"itemListElement\":[{\"@type\":\"ListItem\",\"position\":1,\"name\":\"Home\",\"item\":\"https:\/\/infoelnuevonorte.com\/\"},{\"@type\":\"ListItem\",\"position\":2,\"name\":\"Pep\u00edn cuenta la historia migratoria de su familia\"}]},{\"@type\":\"WebSite\",\"@id\":\"https:\/\/infoelnuevonorte.com\/#website\",\"url\":\"https:\/\/infoelnuevonorte.com\/\",\"name\":\"InfoEnn\",\"description\":\"Tu Voz, tu Verdad, tu Diario!!!\",\"publisher\":{\"@id\":\"https:\/\/infoelnuevonorte.com\/#organization\"},\"alternateName\":\"El Nuevo Norte\",\"potentialAction\":[{\"@type\":\"SearchAction\",\"target\":{\"@type\":\"EntryPoint\",\"urlTemplate\":\"https:\/\/infoelnuevonorte.com\/?s={search_term_string}\"},\"query-input\":{\"@type\":\"PropertyValueSpecification\",\"valueRequired\":true,\"valueName\":\"search_term_string\"}}],\"inLanguage\":\"es-DO\"},{\"@type\":\"Organization\",\"@id\":\"https:\/\/infoelnuevonorte.com\/#organization\",\"name\":\"Info El Nuevo Norte\",\"alternateName\":\"El Nuevo Norte\",\"url\":\"https:\/\/infoelnuevonorte.com\/\",\"logo\":{\"@type\":\"ImageObject\",\"inLanguage\":\"es-DO\",\"@id\":\"https:\/\/infoelnuevonorte.com\/#\/schema\/logo\/image\/\",\"url\":\"https:\/\/infoelnuevonorte.com\/wp-content\/uploads\/2026\/02\/Logo-Info-enn-3d-20ani.jpeg\",\"contentUrl\":\"https:\/\/infoelnuevonorte.com\/wp-content\/uploads\/2026\/02\/Logo-Info-enn-3d-20ani.jpeg\",\"width\":2046,\"height\":736,\"caption\":\"Info El Nuevo Norte\"},\"image\":{\"@id\":\"https:\/\/infoelnuevonorte.com\/#\/schema\/logo\/image\/\"},\"sameAs\":[\"https:\/\/www.facebook.com\/infoenn\",\"https:\/\/x.com\/Elnuevo_norte\",\"https:\/\/www.instagram.com\/infoenn\",\"https:\/\/www.facebook.com\/ENNRD\"]},{\"@type\":\"Person\",\"@id\":\"https:\/\/infoelnuevonorte.com\/#\/schema\/person\/fd4f6d90afe41260818b4ea94ad8ab84\",\"name\":\"InfoEnn\",\"image\":{\"@type\":\"ImageObject\",\"inLanguage\":\"es-DO\",\"@id\":\"https:\/\/infoelnuevonorte.com\/#\/schema\/person\/image\/\",\"url\":\"https:\/\/secure.gravatar.com\/avatar\/d4d760a41a48ba9db0a82bfb63bb0783?s=96&d=robohash&r=g\",\"contentUrl\":\"https:\/\/secure.gravatar.com\/avatar\/d4d760a41a48ba9db0a82bfb63bb0783?s=96&d=robohash&r=g\",\"caption\":\"InfoEnn\"},\"sameAs\":[\"https:\/\/infoelnuevonorte.com\"],\"url\":\"https:\/\/infoelnuevonorte.com\/?author=1\"}]}<\/script>\n<!-- \/ Yoast SEO plugin. -->","yoast_head_json":{"title":"Pep\u00edn cuenta la historia migratoria de su familia | El Nuevo Norte","robots":{"index":"index","follow":"follow","max-snippet":"max-snippet:-1","max-image-preview":"max-image-preview:large","max-video-preview":"max-video-preview:-1"},"canonical":"https:\/\/infoelnuevonorte.com\/?p=198232","og_locale":"es_ES","og_type":"article","og_title":"Pep\u00edn cuenta la historia migratoria de su familia | El Nuevo Norte","og_description":"De un ni\u00f1o que lleg\u00f3 a Rep\u00fablica Dominicana en la tercera clase de un barco, a convertirse en uno de los empresarios m\u00e1s influyentes. Hablar de don Pep\u00edn Corripio es hablar de trabajo duro, visi\u00f3n de negocios y gratitud hacia un pa\u00eds que ya es suyo. El aprecio de su familia a la tierra que [&hellip;]","og_url":"https:\/\/infoelnuevonorte.com\/?p=198232","og_site_name":"El Nuevo Norte","article_publisher":"https:\/\/www.facebook.com\/infoenn","article_published_time":"2026-03-12T11:34:15+00:00","article_modified_time":"2026-03-12T11:34:17+00:00","og_image":[{"width":1200,"height":592,"url":"https:\/\/infoelnuevonorte.com\/wp-content\/uploads\/2026\/03\/Corripio.jpeg","type":"image\/jpeg"}],"author":"InfoEnn","twitter_card":"summary_large_image","twitter_creator":"@Elnuevo_norte","twitter_site":"@Elnuevo_norte","twitter_misc":{"Written by":"InfoEnn","Est. reading time":"6 minutos"},"schema":{"@context":"https:\/\/schema.org","@graph":[{"@type":"Article","@id":"https:\/\/infoelnuevonorte.com\/?p=198232#article","isPartOf":{"@id":"https:\/\/infoelnuevonorte.com\/?p=198232"},"author":{"name":"InfoEnn","@id":"https:\/\/infoelnuevonorte.com\/#\/schema\/person\/fd4f6d90afe41260818b4ea94ad8ab84"},"headline":"Pep\u00edn cuenta la historia migratoria de su familia","datePublished":"2026-03-12T11:34:15+00:00","dateModified":"2026-03-12T11:34:17+00:00","mainEntityOfPage":{"@id":"https:\/\/infoelnuevonorte.com\/?p=198232"},"wordCount":825,"publisher":{"@id":"https:\/\/infoelnuevonorte.com\/#organization"},"image":{"@id":"https:\/\/infoelnuevonorte.com\/?p=198232#primaryimage"},"thumbnailUrl":"https:\/\/infoelnuevonorte.com\/wp-content\/uploads\/2026\/03\/Corripio.jpeg","articleSection":["Sociales"],"inLanguage":"es-DO"},{"@type":"WebPage","@id":"https:\/\/infoelnuevonorte.com\/?p=198232","url":"https:\/\/infoelnuevonorte.com\/?p=198232","name":"Pep\u00edn cuenta la historia migratoria de su familia | El Nuevo Norte","isPartOf":{"@id":"https:\/\/infoelnuevonorte.com\/#website"},"primaryImageOfPage":{"@id":"https:\/\/infoelnuevonorte.com\/?p=198232#primaryimage"},"image":{"@id":"https:\/\/infoelnuevonorte.com\/?p=198232#primaryimage"},"thumbnailUrl":"https:\/\/infoelnuevonorte.com\/wp-content\/uploads\/2026\/03\/Corripio.jpeg","datePublished":"2026-03-12T11:34:15+00:00","dateModified":"2026-03-12T11:34:17+00:00","breadcrumb":{"@id":"https:\/\/infoelnuevonorte.com\/?p=198232#breadcrumb"},"inLanguage":"es-DO","potentialAction":[{"@type":"ReadAction","target":["https:\/\/infoelnuevonorte.com\/?p=198232"]}]},{"@type":"ImageObject","inLanguage":"es-DO","@id":"https:\/\/infoelnuevonorte.com\/?p=198232#primaryimage","url":"https:\/\/infoelnuevonorte.com\/wp-content\/uploads\/2026\/03\/Corripio.jpeg","contentUrl":"https:\/\/infoelnuevonorte.com\/wp-content\/uploads\/2026\/03\/Corripio.jpeg","width":1200,"height":592},{"@type":"BreadcrumbList","@id":"https:\/\/infoelnuevonorte.com\/?p=198232#breadcrumb","itemListElement":[{"@type":"ListItem","position":1,"name":"Home","item":"https:\/\/infoelnuevonorte.com\/"},{"@type":"ListItem","position":2,"name":"Pep\u00edn cuenta la historia migratoria de su familia"}]},{"@type":"WebSite","@id":"https:\/\/infoelnuevonorte.com\/#website","url":"https:\/\/infoelnuevonorte.com\/","name":"InfoEnn","description":"Tu Voz, tu Verdad, tu Diario!!!","publisher":{"@id":"https:\/\/infoelnuevonorte.com\/#organization"},"alternateName":"El Nuevo Norte","potentialAction":[{"@type":"SearchAction","target":{"@type":"EntryPoint","urlTemplate":"https:\/\/infoelnuevonorte.com\/?s={search_term_string}"},"query-input":{"@type":"PropertyValueSpecification","valueRequired":true,"valueName":"search_term_string"}}],"inLanguage":"es-DO"},{"@type":"Organization","@id":"https:\/\/infoelnuevonorte.com\/#organization","name":"Info El Nuevo Norte","alternateName":"El Nuevo Norte","url":"https:\/\/infoelnuevonorte.com\/","logo":{"@type":"ImageObject","inLanguage":"es-DO","@id":"https:\/\/infoelnuevonorte.com\/#\/schema\/logo\/image\/","url":"https:\/\/infoelnuevonorte.com\/wp-content\/uploads\/2026\/02\/Logo-Info-enn-3d-20ani.jpeg","contentUrl":"https:\/\/infoelnuevonorte.com\/wp-content\/uploads\/2026\/02\/Logo-Info-enn-3d-20ani.jpeg","width":2046,"height":736,"caption":"Info El Nuevo Norte"},"image":{"@id":"https:\/\/infoelnuevonorte.com\/#\/schema\/logo\/image\/"},"sameAs":["https:\/\/www.facebook.com\/infoenn","https:\/\/x.com\/Elnuevo_norte","https:\/\/www.instagram.com\/infoenn","https:\/\/www.facebook.com\/ENNRD"]},{"@type":"Person","@id":"https:\/\/infoelnuevonorte.com\/#\/schema\/person\/fd4f6d90afe41260818b4ea94ad8ab84","name":"InfoEnn","image":{"@type":"ImageObject","inLanguage":"es-DO","@id":"https:\/\/infoelnuevonorte.com\/#\/schema\/person\/image\/","url":"https:\/\/secure.gravatar.com\/avatar\/d4d760a41a48ba9db0a82bfb63bb0783?s=96&d=robohash&r=g","contentUrl":"https:\/\/secure.gravatar.com\/avatar\/d4d760a41a48ba9db0a82bfb63bb0783?s=96&d=robohash&r=g","caption":"InfoEnn"},"sameAs":["https:\/\/infoelnuevonorte.com"],"url":"https:\/\/infoelnuevonorte.com\/?author=1"}]}},"_links":{"self":[{"href":"https:\/\/infoelnuevonorte.com\/index.php?rest_route=\/wp\/v2\/posts\/198232"}],"collection":[{"href":"https:\/\/infoelnuevonorte.com\/index.php?rest_route=\/wp\/v2\/posts"}],"about":[{"href":"https:\/\/infoelnuevonorte.com\/index.php?rest_route=\/wp\/v2\/types\/post"}],"author":[{"embeddable":true,"href":"https:\/\/infoelnuevonorte.com\/index.php?rest_route=\/wp\/v2\/users\/1"}],"replies":[{"embeddable":true,"href":"https:\/\/infoelnuevonorte.com\/index.php?rest_route=%2Fwp%2Fv2%2Fcomments&post=198232"}],"version-history":[{"count":1,"href":"https:\/\/infoelnuevonorte.com\/index.php?rest_route=\/wp\/v2\/posts\/198232\/revisions"}],"predecessor-version":[{"id":198235,"href":"https:\/\/infoelnuevonorte.com\/index.php?rest_route=\/wp\/v2\/posts\/198232\/revisions\/198235"}],"wp:featuredmedia":[{"embeddable":true,"href":"https:\/\/infoelnuevonorte.com\/index.php?rest_route=\/wp\/v2\/media\/198234"}],"wp:attachment":[{"href":"https:\/\/infoelnuevonorte.com\/index.php?rest_route=%2Fwp%2Fv2%2Fmedia&parent=198232"}],"wp:term":[{"taxonomy":"category","embeddable":true,"href":"https:\/\/infoelnuevonorte.com\/index.php?rest_route=%2Fwp%2Fv2%2Fcategories&post=198232"},{"taxonomy":"post_tag","embeddable":true,"href":"https:\/\/infoelnuevonorte.com\/index.php?rest_route=%2Fwp%2Fv2%2Ftags&post=198232"}],"curies":[{"name":"wp","href":"https:\/\/api.w.org\/{rel}","templated":true}]}}