{"id":1993,"date":"2023-10-13T15:16:18","date_gmt":"2023-10-13T15:16:18","guid":{"rendered":"https:\/\/infoelnuevonorte.com\/?p=1993"},"modified":"2023-10-13T15:16:20","modified_gmt":"2023-10-13T15:16:20","slug":"bruce-willis-habria-perdido-la-alegria-de-vivir-por-la-demencia-que-padece","status":"publish","type":"post","link":"https:\/\/infoelnuevonorte.com\/?p=1993","title":{"rendered":"Bruce Willis habr\u00eda perdido la \u201calegr\u00eda de vivir\u201d por la demencia que padece"},"content":{"rendered":"<p style=\"text-align: justify;\">Glenn Gordon Caron, creador de la exitosa serie \u2018Moonlighting\u2019, y un amigo cercano de<strong>\u00a0Bruce Willis<\/strong>, brind\u00f3 una actualizaci\u00f3n sobre la\u00a0<strong>salud del actor,<\/strong>\u00a0quien actualmente enfrenta una dura batalla contra la\u00a0<strong>demencia frontotemporal.<\/strong><\/p>\n<p style=\"text-align: justify;\">Caron revel\u00f3 recientemente en una entrevista con el New York Post que intenta visitar al famoso protagonista de Duro de Matar aproximadamente una vez al mes. Durante sus visitas, Caron siente que Willis\u00a0a\u00fan logra reconocerlo\u00a0en los primeros momentos del encuentro, a pesar de que<strong>\u00a0el actor ya no es completamente verbal.<\/strong><\/p>\n<div class=\"banner desktop_body banner--h1\" style=\"text-align: justify;\" data-slot=\"desktop_body_repeat\">\n<div id=\"ads_body_1\" class=\"hide__mobile\" data-google-query-id=\"CK22xIeZ84EDFWergwgd5SoDzw\">\n<p>\u201cNo es totalmente verbal; sol\u00eda ser un \u00e1vido lector, no quer\u00eda que nadie lo supiera, y ahora no est\u00e1 leyendo. Todas esas habilidades ling\u00fc\u00edsticas ya no est\u00e1n disponibles para \u00e9l, y sin embargo, sigue siendo Bruce\u201d.<\/p>\n<p>\u201cCuando est\u00e1s con \u00e9l, sabes que es Bruce y est\u00e1s agradecido de que est\u00e9 all\u00ed,\u00a0pero la alegr\u00eda de vivir se ha ido\u201c, dijo el realizador.<\/p>\n<p>Caron, quien trabaj\u00f3 por primera vez con Willis en \u2018Moonlighting\u2019 en la d\u00e9cada de 1980, ha mantenido una relaci\u00f3n cercana con el actor a lo largo de los a\u00f1os. Adem\u00e1s de Bruce Willis, Caron mantiene contacto con la esposa del actor, Emma Heming Willis, y sus tres hijos mayores, fruto de su matrimonio anterior con Demi Moore.<\/p>\n<p>El creador de \u2018Medium\u2019 explic\u00f3 que ha estado decididamente\u00a0comprometido\u00a0en permanecer en la vida de su amigo durante este dif\u00edcil proceso. Seg\u00fan Caron, lo que hace que la situaci\u00f3n sea a\u00fan m\u00e1s impactante es que aquellos que han compartido tiempo con Bruce Willis saben que su alegr\u00eda de vivir era contagiosa. El actor amaba la vida y disfrutaba cada d\u00eda al m\u00e1ximo.<\/p>\n<p>En el a\u00f1o 2022, la familia de Bruce Willis hizo p\u00fablica la noticia de su retiro de la actuaci\u00f3n despu\u00e9s de ser diagnosticado con afasia. A principios de este a\u00f1o, compartieron que la condici\u00f3n de Willis hab\u00eda progresado a demencia, lo que ha planteado nuevos desaf\u00edos para el actor y su familia.<\/p>\n<p>Emma Heming Willis, la esposa de Bruce, proporcion\u00f3 una actualizaci\u00f3n sobre la batalla de este actor de 68 a\u00f1os el mes pasado durante una aparici\u00f3n en el programa Today. Tambi\u00e9n dijo que es dif\u00edcil saber si el actor\u00a0comprende su diagn\u00f3stico\u00a0y su condici\u00f3n en deterioro.<\/p>\n<p>Radio Huancavilca<\/p>\n<\/div>\n<\/div>\n<div class=\"code-block code-block-2 code-block-block-2 ai-track\" style=\"text-align: justify;\" data-ai=\"WzIsMCwiQmxvY2sgMiIsIiJd\"><a href=\"https:\/\/juntos.do\/\"><img loading=\"lazy\" decoding=\"async\" class=\"wp-image-136069 size-full\" src=\"https:\/\/n.com.do\/wp-content\/uploads\/2023\/10\/728x90.png%22\" alt=\"\" width=\"728\" height=\"90\" \/><\/a><\/div>\n","protected":false},"excerpt":{"rendered":"<p>Glenn Gordon Caron, creador de la exitosa serie \u2018Moonlighting\u2019, y un amigo cercano de\u00a0Bruce Willis, brind\u00f3 una actualizaci\u00f3n sobre la\u00a0salud del actor,\u00a0quien actualmente enfrenta una dura batalla contra la\u00a0demencia frontotemporal. Caron revel\u00f3 recientemente en una entrevista con el New York Post que intenta visitar al famoso protagonista de Duro de Matar aproximadamente una vez al [&hellip;]<\/p>\n","protected":false},"author":1,"featured_media":0,"comment_status":"open","ping_status":"open","sticky":false,"template":"","format":"standard","meta":{"footnotes":""},"categories":[2,11],"tags":[],"yoast_head":"<!-- This site is optimized with the Yoast SEO plugin v24.5 - https:\/\/yoast.com\/wordpress\/plugins\/seo\/ -->\n<title>Bruce Willis habr\u00eda perdido la \u201calegr\u00eda de vivir\u201d por la demencia que padece | El Nuevo Norte<\/title>\n<meta name=\"robots\" content=\"index, follow, max-snippet:-1, max-image-preview:large, max-video-preview:-1\" \/>\n<link rel=\"canonical\" href=\"https:\/\/infoelnuevonorte.com\/?p=1993\" \/>\n<meta property=\"og:locale\" content=\"es_ES\" \/>\n<meta property=\"og:type\" content=\"article\" \/>\n<meta property=\"og:title\" content=\"Bruce Willis habr\u00eda perdido la \u201calegr\u00eda de vivir\u201d por la demencia que padece | El Nuevo Norte\" \/>\n<meta property=\"og:description\" content=\"Glenn Gordon Caron, creador de la exitosa serie \u2018Moonlighting\u2019, y un amigo cercano de\u00a0Bruce Willis, brind\u00f3 una actualizaci\u00f3n sobre la\u00a0salud del actor,\u00a0quien actualmente enfrenta una dura batalla contra la\u00a0demencia frontotemporal. Caron revel\u00f3 recientemente en una entrevista con el New York Post que intenta visitar al famoso protagonista de Duro de Matar aproximadamente una vez al [&hellip;]\" \/>\n<meta property=\"og:url\" content=\"https:\/\/infoelnuevonorte.com\/?p=1993\" \/>\n<meta property=\"og:site_name\" content=\"El Nuevo Norte\" \/>\n<meta property=\"article:publisher\" content=\"https:\/\/www.facebook.com\/infoenn\" \/>\n<meta property=\"article:published_time\" content=\"2023-10-13T15:16:18+00:00\" \/>\n<meta property=\"article:modified_time\" content=\"2023-10-13T15:16:20+00:00\" \/>\n<meta property=\"og:image\" content=\"https:\/\/infoelnuevonorte.com\/wp-content\/uploads\/2023\/10\/WhatsApp-Image-2023-10-13-at-10.png\" \/>\n\t<meta property=\"og:image:width\" content=\"680\" \/>\n\t<meta property=\"og:image:height\" content=\"357\" \/>\n\t<meta property=\"og:image:type\" content=\"image\/png\" \/>\n<meta name=\"author\" content=\"InfoEnn\" \/>\n<meta name=\"twitter:card\" content=\"summary_large_image\" \/>\n<meta name=\"twitter:creator\" content=\"@Elnuevo_norte\" \/>\n<meta name=\"twitter:site\" content=\"@Elnuevo_norte\" \/>\n<meta name=\"twitter:label1\" content=\"Written by\" \/>\n\t<meta name=\"twitter:data1\" content=\"InfoEnn\" \/>\n\t<meta name=\"twitter:label2\" content=\"Est. reading time\" \/>\n\t<meta name=\"twitter:data2\" content=\"2 minutos\" \/>\n<script type=\"application\/ld+json\" class=\"yoast-schema-graph\">{\"@context\":\"https:\/\/schema.org\",\"@graph\":[{\"@type\":\"Article\",\"@id\":\"https:\/\/infoelnuevonorte.com\/?p=1993#article\",\"isPartOf\":{\"@id\":\"https:\/\/infoelnuevonorte.com\/?p=1993\"},\"author\":{\"name\":\"InfoEnn\",\"@id\":\"https:\/\/infoelnuevonorte.com\/#\/schema\/person\/fd4f6d90afe41260818b4ea94ad8ab84\"},\"headline\":\"Bruce Willis habr\u00eda perdido la \u201calegr\u00eda de vivir\u201d por la demencia que padece\",\"datePublished\":\"2023-10-13T15:16:18+00:00\",\"dateModified\":\"2023-10-13T15:16:20+00:00\",\"mainEntityOfPage\":{\"@id\":\"https:\/\/infoelnuevonorte.com\/?p=1993\"},\"wordCount\":417,\"commentCount\":0,\"publisher\":{\"@id\":\"https:\/\/infoelnuevonorte.com\/#organization\"},\"image\":{\"@id\":\"https:\/\/infoelnuevonorte.com\/?p=1993#primaryimage\"},\"thumbnailUrl\":\"https:\/\/n.com.do\/wp-content\/uploads\/2023\/10\/728x90.png%22\",\"articleSection\":[\"Actualidad |\",\"Entretenimiento\"],\"inLanguage\":\"es-DO\",\"potentialAction\":[{\"@type\":\"CommentAction\",\"name\":\"Comment\",\"target\":[\"https:\/\/infoelnuevonorte.com\/?p=1993#respond\"]}]},{\"@type\":\"WebPage\",\"@id\":\"https:\/\/infoelnuevonorte.com\/?p=1993\",\"url\":\"https:\/\/infoelnuevonorte.com\/?p=1993\",\"name\":\"Bruce Willis habr\u00eda perdido la \u201calegr\u00eda de vivir\u201d por la demencia que padece | El Nuevo Norte\",\"isPartOf\":{\"@id\":\"https:\/\/infoelnuevonorte.com\/#website\"},\"primaryImageOfPage\":{\"@id\":\"https:\/\/infoelnuevonorte.com\/?p=1993#primaryimage\"},\"image\":{\"@id\":\"https:\/\/infoelnuevonorte.com\/?p=1993#primaryimage\"},\"thumbnailUrl\":\"https:\/\/n.com.do\/wp-content\/uploads\/2023\/10\/728x90.png%22\",\"datePublished\":\"2023-10-13T15:16:18+00:00\",\"dateModified\":\"2023-10-13T15:16:20+00:00\",\"breadcrumb\":{\"@id\":\"https:\/\/infoelnuevonorte.com\/?p=1993#breadcrumb\"},\"inLanguage\":\"es-DO\",\"potentialAction\":[{\"@type\":\"ReadAction\",\"target\":[\"https:\/\/infoelnuevonorte.com\/?p=1993\"]}]},{\"@type\":\"ImageObject\",\"inLanguage\":\"es-DO\",\"@id\":\"https:\/\/infoelnuevonorte.com\/?p=1993#primaryimage\",\"url\":\"https:\/\/n.com.do\/wp-content\/uploads\/2023\/10\/728x90.png%22\",\"contentUrl\":\"https:\/\/n.com.do\/wp-content\/uploads\/2023\/10\/728x90.png%22\"},{\"@type\":\"BreadcrumbList\",\"@id\":\"https:\/\/infoelnuevonorte.com\/?p=1993#breadcrumb\",\"itemListElement\":[{\"@type\":\"ListItem\",\"position\":1,\"name\":\"Home\",\"item\":\"https:\/\/infoelnuevonorte.com\/\"},{\"@type\":\"ListItem\",\"position\":2,\"name\":\"Bruce Willis habr\u00eda perdido la \u201calegr\u00eda de vivir\u201d por la demencia que padece\"}]},{\"@type\":\"WebSite\",\"@id\":\"https:\/\/infoelnuevonorte.com\/#website\",\"url\":\"https:\/\/infoelnuevonorte.com\/\",\"name\":\"InfoEnn\",\"description\":\"Tu Voz, tu Verdad, tu Diario!!!\",\"publisher\":{\"@id\":\"https:\/\/infoelnuevonorte.com\/#organization\"},\"alternateName\":\"El Nuevo Norte\",\"potentialAction\":[{\"@type\":\"SearchAction\",\"target\":{\"@type\":\"EntryPoint\",\"urlTemplate\":\"https:\/\/infoelnuevonorte.com\/?s={search_term_string}\"},\"query-input\":{\"@type\":\"PropertyValueSpecification\",\"valueRequired\":true,\"valueName\":\"search_term_string\"}}],\"inLanguage\":\"es-DO\"},{\"@type\":\"Organization\",\"@id\":\"https:\/\/infoelnuevonorte.com\/#organization\",\"name\":\"Info El Nuevo Norte\",\"alternateName\":\"El Nuevo Norte\",\"url\":\"https:\/\/infoelnuevonorte.com\/\",\"logo\":{\"@type\":\"ImageObject\",\"inLanguage\":\"es-DO\",\"@id\":\"https:\/\/infoelnuevonorte.com\/#\/schema\/logo\/image\/\",\"url\":\"https:\/\/infoelnuevonorte.com\/wp-content\/uploads\/2026\/02\/Logo-Info-enn-3d-20ani.jpeg\",\"contentUrl\":\"https:\/\/infoelnuevonorte.com\/wp-content\/uploads\/2026\/02\/Logo-Info-enn-3d-20ani.jpeg\",\"width\":2046,\"height\":736,\"caption\":\"Info El Nuevo Norte\"},\"image\":{\"@id\":\"https:\/\/infoelnuevonorte.com\/#\/schema\/logo\/image\/\"},\"sameAs\":[\"https:\/\/www.facebook.com\/infoenn\",\"https:\/\/x.com\/Elnuevo_norte\",\"https:\/\/www.instagram.com\/infoenn\",\"https:\/\/www.facebook.com\/ENNRD\"]},{\"@type\":\"Person\",\"@id\":\"https:\/\/infoelnuevonorte.com\/#\/schema\/person\/fd4f6d90afe41260818b4ea94ad8ab84\",\"name\":\"InfoEnn\",\"image\":{\"@type\":\"ImageObject\",\"inLanguage\":\"es-DO\",\"@id\":\"https:\/\/infoelnuevonorte.com\/#\/schema\/person\/image\/\",\"url\":\"https:\/\/secure.gravatar.com\/avatar\/d4d760a41a48ba9db0a82bfb63bb0783?s=96&d=robohash&r=g\",\"contentUrl\":\"https:\/\/secure.gravatar.com\/avatar\/d4d760a41a48ba9db0a82bfb63bb0783?s=96&d=robohash&r=g\",\"caption\":\"InfoEnn\"},\"sameAs\":[\"https:\/\/infoelnuevonorte.com\"],\"url\":\"https:\/\/infoelnuevonorte.com\/?author=1\"}]}<\/script>\n<!-- \/ Yoast SEO plugin. -->","yoast_head_json":{"title":"Bruce Willis habr\u00eda perdido la \u201calegr\u00eda de vivir\u201d por la demencia que padece | El Nuevo Norte","robots":{"index":"index","follow":"follow","max-snippet":"max-snippet:-1","max-image-preview":"max-image-preview:large","max-video-preview":"max-video-preview:-1"},"canonical":"https:\/\/infoelnuevonorte.com\/?p=1993","og_locale":"es_ES","og_type":"article","og_title":"Bruce Willis habr\u00eda perdido la \u201calegr\u00eda de vivir\u201d por la demencia que padece | El Nuevo Norte","og_description":"Glenn Gordon Caron, creador de la exitosa serie \u2018Moonlighting\u2019, y un amigo cercano de\u00a0Bruce Willis, brind\u00f3 una actualizaci\u00f3n sobre la\u00a0salud del actor,\u00a0quien actualmente enfrenta una dura batalla contra la\u00a0demencia frontotemporal. Caron revel\u00f3 recientemente en una entrevista con el New York Post que intenta visitar al famoso protagonista de Duro de Matar aproximadamente una vez al [&hellip;]","og_url":"https:\/\/infoelnuevonorte.com\/?p=1993","og_site_name":"El Nuevo Norte","article_publisher":"https:\/\/www.facebook.com\/infoenn","article_published_time":"2023-10-13T15:16:18+00:00","article_modified_time":"2023-10-13T15:16:20+00:00","og_image":[{"width":680,"height":357,"url":"https:\/\/infoelnuevonorte.com\/wp-content\/uploads\/2023\/10\/WhatsApp-Image-2023-10-13-at-10.png","type":"image\/png"}],"author":"InfoEnn","twitter_card":"summary_large_image","twitter_creator":"@Elnuevo_norte","twitter_site":"@Elnuevo_norte","twitter_misc":{"Written by":"InfoEnn","Est. reading time":"2 minutos"},"schema":{"@context":"https:\/\/schema.org","@graph":[{"@type":"Article","@id":"https:\/\/infoelnuevonorte.com\/?p=1993#article","isPartOf":{"@id":"https:\/\/infoelnuevonorte.com\/?p=1993"},"author":{"name":"InfoEnn","@id":"https:\/\/infoelnuevonorte.com\/#\/schema\/person\/fd4f6d90afe41260818b4ea94ad8ab84"},"headline":"Bruce Willis habr\u00eda perdido la \u201calegr\u00eda de vivir\u201d por la demencia que padece","datePublished":"2023-10-13T15:16:18+00:00","dateModified":"2023-10-13T15:16:20+00:00","mainEntityOfPage":{"@id":"https:\/\/infoelnuevonorte.com\/?p=1993"},"wordCount":417,"commentCount":0,"publisher":{"@id":"https:\/\/infoelnuevonorte.com\/#organization"},"image":{"@id":"https:\/\/infoelnuevonorte.com\/?p=1993#primaryimage"},"thumbnailUrl":"https:\/\/n.com.do\/wp-content\/uploads\/2023\/10\/728x90.png%22","articleSection":["Actualidad |","Entretenimiento"],"inLanguage":"es-DO","potentialAction":[{"@type":"CommentAction","name":"Comment","target":["https:\/\/infoelnuevonorte.com\/?p=1993#respond"]}]},{"@type":"WebPage","@id":"https:\/\/infoelnuevonorte.com\/?p=1993","url":"https:\/\/infoelnuevonorte.com\/?p=1993","name":"Bruce Willis habr\u00eda perdido la \u201calegr\u00eda de vivir\u201d por la demencia que padece | El Nuevo Norte","isPartOf":{"@id":"https:\/\/infoelnuevonorte.com\/#website"},"primaryImageOfPage":{"@id":"https:\/\/infoelnuevonorte.com\/?p=1993#primaryimage"},"image":{"@id":"https:\/\/infoelnuevonorte.com\/?p=1993#primaryimage"},"thumbnailUrl":"https:\/\/n.com.do\/wp-content\/uploads\/2023\/10\/728x90.png%22","datePublished":"2023-10-13T15:16:18+00:00","dateModified":"2023-10-13T15:16:20+00:00","breadcrumb":{"@id":"https:\/\/infoelnuevonorte.com\/?p=1993#breadcrumb"},"inLanguage":"es-DO","potentialAction":[{"@type":"ReadAction","target":["https:\/\/infoelnuevonorte.com\/?p=1993"]}]},{"@type":"ImageObject","inLanguage":"es-DO","@id":"https:\/\/infoelnuevonorte.com\/?p=1993#primaryimage","url":"https:\/\/n.com.do\/wp-content\/uploads\/2023\/10\/728x90.png%22","contentUrl":"https:\/\/n.com.do\/wp-content\/uploads\/2023\/10\/728x90.png%22"},{"@type":"BreadcrumbList","@id":"https:\/\/infoelnuevonorte.com\/?p=1993#breadcrumb","itemListElement":[{"@type":"ListItem","position":1,"name":"Home","item":"https:\/\/infoelnuevonorte.com\/"},{"@type":"ListItem","position":2,"name":"Bruce Willis habr\u00eda perdido la \u201calegr\u00eda de vivir\u201d por la demencia que padece"}]},{"@type":"WebSite","@id":"https:\/\/infoelnuevonorte.com\/#website","url":"https:\/\/infoelnuevonorte.com\/","name":"InfoEnn","description":"Tu Voz, tu Verdad, tu Diario!!!","publisher":{"@id":"https:\/\/infoelnuevonorte.com\/#organization"},"alternateName":"El Nuevo Norte","potentialAction":[{"@type":"SearchAction","target":{"@type":"EntryPoint","urlTemplate":"https:\/\/infoelnuevonorte.com\/?s={search_term_string}"},"query-input":{"@type":"PropertyValueSpecification","valueRequired":true,"valueName":"search_term_string"}}],"inLanguage":"es-DO"},{"@type":"Organization","@id":"https:\/\/infoelnuevonorte.com\/#organization","name":"Info El Nuevo Norte","alternateName":"El Nuevo Norte","url":"https:\/\/infoelnuevonorte.com\/","logo":{"@type":"ImageObject","inLanguage":"es-DO","@id":"https:\/\/infoelnuevonorte.com\/#\/schema\/logo\/image\/","url":"https:\/\/infoelnuevonorte.com\/wp-content\/uploads\/2026\/02\/Logo-Info-enn-3d-20ani.jpeg","contentUrl":"https:\/\/infoelnuevonorte.com\/wp-content\/uploads\/2026\/02\/Logo-Info-enn-3d-20ani.jpeg","width":2046,"height":736,"caption":"Info El Nuevo Norte"},"image":{"@id":"https:\/\/infoelnuevonorte.com\/#\/schema\/logo\/image\/"},"sameAs":["https:\/\/www.facebook.com\/infoenn","https:\/\/x.com\/Elnuevo_norte","https:\/\/www.instagram.com\/infoenn","https:\/\/www.facebook.com\/ENNRD"]},{"@type":"Person","@id":"https:\/\/infoelnuevonorte.com\/#\/schema\/person\/fd4f6d90afe41260818b4ea94ad8ab84","name":"InfoEnn","image":{"@type":"ImageObject","inLanguage":"es-DO","@id":"https:\/\/infoelnuevonorte.com\/#\/schema\/person\/image\/","url":"https:\/\/secure.gravatar.com\/avatar\/d4d760a41a48ba9db0a82bfb63bb0783?s=96&d=robohash&r=g","contentUrl":"https:\/\/secure.gravatar.com\/avatar\/d4d760a41a48ba9db0a82bfb63bb0783?s=96&d=robohash&r=g","caption":"InfoEnn"},"sameAs":["https:\/\/infoelnuevonorte.com"],"url":"https:\/\/infoelnuevonorte.com\/?author=1"}]}},"_links":{"self":[{"href":"https:\/\/infoelnuevonorte.com\/index.php?rest_route=\/wp\/v2\/posts\/1993"}],"collection":[{"href":"https:\/\/infoelnuevonorte.com\/index.php?rest_route=\/wp\/v2\/posts"}],"about":[{"href":"https:\/\/infoelnuevonorte.com\/index.php?rest_route=\/wp\/v2\/types\/post"}],"author":[{"embeddable":true,"href":"https:\/\/infoelnuevonorte.com\/index.php?rest_route=\/wp\/v2\/users\/1"}],"replies":[{"embeddable":true,"href":"https:\/\/infoelnuevonorte.com\/index.php?rest_route=%2Fwp%2Fv2%2Fcomments&post=1993"}],"version-history":[{"count":0,"href":"https:\/\/infoelnuevonorte.com\/index.php?rest_route=\/wp\/v2\/posts\/1993\/revisions"}],"wp:attachment":[{"href":"https:\/\/infoelnuevonorte.com\/index.php?rest_route=%2Fwp%2Fv2%2Fmedia&parent=1993"}],"wp:term":[{"taxonomy":"category","embeddable":true,"href":"https:\/\/infoelnuevonorte.com\/index.php?rest_route=%2Fwp%2Fv2%2Fcategories&post=1993"},{"taxonomy":"post_tag","embeddable":true,"href":"https:\/\/infoelnuevonorte.com\/index.php?rest_route=%2Fwp%2Fv2%2Ftags&post=1993"}],"curies":[{"name":"wp","href":"https:\/\/api.w.org\/{rel}","templated":true}]}}