{"id":199766,"date":"2026-03-16T16:34:35","date_gmt":"2026-03-16T20:34:35","guid":{"rendered":"https:\/\/infoelnuevonorte.com\/?p=199766"},"modified":"2026-03-16T16:34:36","modified_gmt":"2026-03-16T20:34:36","slug":"otro-apagon-nacional-en-cuba-es-el-sexto-que-afecta-al-pais-en-ano-y-medio","status":"publish","type":"post","link":"https:\/\/infoelnuevonorte.com\/?p=199766","title":{"rendered":"\u00a1Otro apag\u00f3n nacional en Cuba! Es el sexto que afecta al pa\u00eds en a\u00f1o y medio"},"content":{"rendered":"<div class=\"c-article__free c-detail__body\" data-mrf-recirculation=\"Cuerpo Detalle\">\n<!--[if lt IE 9]><script>document.createElement('audio');<\/script><![endif]-->\n<audio class=\"wp-audio-shortcode\" id=\"audio-199766-1\" preload=\"none\" style=\"width: 100%;\" controls=\"controls\"><source type=\"audio\/mpeg\" src=\"https:\/\/infoelnuevonorte.com\/wp-content\/uploads\/2026\/03\/ttsmaker-vip-file-2026-3-16-16-33-53.mp3?_=1\" \/><a href=\"https:\/\/infoelnuevonorte.com\/wp-content\/uploads\/2026\/03\/ttsmaker-vip-file-2026-3-16-16-33-53.mp3\">https:\/\/infoelnuevonorte.com\/wp-content\/uploads\/2026\/03\/ttsmaker-vip-file-2026-3-16-16-33-53.mp3<\/a><\/audio>\n<p id=\"m57653-57652-57654\" style=\"text-align: justify;\"><span style=\"font-size: 14pt;\">Cuba sufri\u00f3 este lunes un\u00a0<b>nuevo apag\u00f3n nacional<\/b>, el sexto en apenas a\u00f1o y medio, inform\u00f3 el Ministerio de Energ\u00eda y Minas (Minem).<\/span><\/p>\n<p id=\"m57658-57657-57659\" style=\"text-align: justify;\"><span style=\"font-size: 14pt;\">\"Se ha producido una desconexi\u00f3n total del Sistema El\u00e9ctrico Nacional (SEN), se investigan las causas y comienzan a\u00a0<b>activarse los protocolos<\/b>\u00a0para el restablecimiento\", inform\u00f3 en redes sociales en Minem sin apuntar a\u00fan la causa del\u00a0<b>nuevo apag\u00f3n masivo<\/b>.<\/span><\/p>\n<p id=\"m57663-57662-57664\" style=\"text-align: justify;\"><span style=\"font-size: 14pt;\">Cuba se encuentra sumida en una profunda crisis energ\u00e9tica\u00a0<b>desde mediados de 2024<\/b>, una situaci\u00f3n que se ha agravado en los \u00faltimos tres meses con el bloqueo petrolero\u00a0<b>impuesto por EE.UU.<\/b>\u00a0que est\u00e1 paralizando la econom\u00eda por completo y disparando el malestar social.<\/span><\/p>\n<p id=\"m57668-57667-57669\" style=\"text-align: justify;\"><span style=\"font-size: 14pt;\">Con base en experiencias previas, el restablecimiento del SEN es un procedimiento\u00a0<b>lento y laborioso\u00a0<\/b>que puede demorar d\u00edas.<\/span><\/p>\n<p id=\"m57673-57672-57674\" style=\"text-align: justify;\"><span style=\"font-size: 14pt;\">Supone empezar a generar energ\u00eda con las fuentes de arranque sencillo (solar, hidroel\u00e9ctrica, motores de generaci\u00f3n) para ir dando servicio a peque\u00f1as \u00e1reas que luego se van interconectando.<\/span><\/p>\n<p id=\"m57678-57677-57679\" style=\"text-align: justify;\"><span style=\"font-size: 14pt;\">El objetivo es llevar cuanto antes la suficiente energ\u00eda a las centrales\u00a0<b>termoel\u00e9ctricas del pa\u00eds<\/b>, el pilar de la generaci\u00f3n el\u00e9ctrica en Cuba, para que estar puedan de nuevo\u00a0<b>arrancar y producir energ\u00eda<\/b>\u00a0en grandes cantidades para satisfacer la demanda.<\/span><\/p>\n<p id=\"m57683-57682-57684\" style=\"text-align: justify;\"><span style=\"font-size: 14pt;\">El problema esencial que diferencia esta ocasi\u00f3n de las previas es que en la actualidad el pa\u00eds casi no dispone de\u00a0<b>di\u00e9sel y fueloil<\/b>\u00a0para sus motores de generaci\u00f3n debido al bloqueo petrolero estadounidense.<\/span><\/p>\n<p id=\"m57688-57687-57689\" style=\"text-align: justify;\"><span style=\"font-size: 14pt;\">Energizar las\u00a0<b>centrales termoel\u00e9ctricas<\/b>\u00a0sin esta fuente energ\u00e9tica de r\u00e1pido encendido puede ser un reto, como explic\u00f3 hace una semana el director general de Electricidad del Minem,\u00a0<b>L\u00e1zaro Guerra<\/b>, tras un apag\u00f3n masivo que afect\u00f3 a unos seis millones de cubanos.<\/span><\/p>\n<p id=\"m57693-57692-57694\" style=\"text-align: justify;\"><span style=\"font-size: 14pt;\">Cuba preve\u00eda ya para esta jornada, antes de la desconexi\u00f3n del SEN, que se registraran prolongados apagones durante todo el d\u00eda y que, en el momento de mayor demanda, un\u00a0<b>62 % del pa\u00eds<\/b>\u00a0quedara de forma simult\u00e1nea sin corriente.<\/span><\/p>\n<p id=\"m57698-57697-57699\" style=\"text-align: justify;\"><span style=\"font-size: 14pt;\">Nueve de las 16 unidades de generaci\u00f3n termoel\u00e9ctrica del pa\u00eds no estaban hoy operativas por aver\u00edas o trabajos de mantenimiento (cuando esta fuente es responsable del 40 % del mix energ\u00e9tico).<\/span><\/p>\n<p id=\"m57703-57702-57704\" style=\"text-align: justify;\"><span style=\"font-size: 14pt;\">Estas afectaciones no est\u00e1n ligadas al bloqueo petrolero de EE.UU. (porque emplean en su mayor\u00eda petr\u00f3leo nacional), sino a las condiciones en que operan\u00a0<b>estas obsoletas infraestructuras<\/b>, con d\u00e9cadas de explotaci\u00f3n y un d\u00e9ficit cr\u00f3nico de inversiones.<\/span><\/p>\n<p id=\"m57708-57707-57709\" style=\"text-align: justify;\"><span style=\"font-size: 14pt;\">De otro\u00a0<b>40 % del mix\u00a0<\/b>era responsable la llamada generaci\u00f3n distribuida (motores de di\u00e9sel y fueloil), que el Gobierno ha indicado que lleva desde enero completamente parada por la falta de combustible.<\/span><\/p>\n<p id=\"m57713-57712-57714\" style=\"text-align: justify;\"><span style=\"font-size: 14pt;\">Expertos independientes indican que la crisis energ\u00e9tica cubana responde a una combinaci\u00f3n de\u00a0<b>infrafinanciaci\u00f3n cr\u00f3nica del sector<\/b>\u00a0y el actual bloqueo de EE.UU.<\/span><\/p>\n<p id=\"m57718-57717-57719\" style=\"text-align: justify;\"><span style=\"font-size: 14pt;\">El Gobierno cubano destaca sobre todo al impacto de las sanciones estadounidenses y acusa a Washington de \"<b>asfixia energ\u00e9tica<\/b>\".<\/span><\/p>\n<p id=\"m57723-57722-57724\" style=\"text-align: justify;\"><span style=\"font-size: 14pt;\">Varios c\u00e1lculos independientes estiman que ser\u00edan precisos entre\u00a0<b>8.000 y 10.000 millones de d\u00f3lares<\/b>\u00a0para sanear el sistema el\u00e9ctrico.<\/span><\/p>\n<p id=\"m57728-57727-57729\" style=\"text-align: justify;\"><span style=\"font-size: 14pt;\">Los apagones lastran la econom\u00eda, que se ha contra\u00eddo m\u00e1s de un 15 % desde 2020, seg\u00fan cifras oficiales.<\/span><\/p>\n<p id=\"m57733-57732-57734\" style=\"text-align: justify;\"><span style=\"font-size: 14pt;\">Adem\u00e1s, han sido el detonante de las principales protestas de los \u00faltimos a\u00f1os, incluidas las registradas hace pocos d\u00edas en La Habana y Mor\u00f3n (centro).<\/span><\/p>\n<\/div>\n<div style=\"text-align: justify;\">\u00a0<\/div>\n\n\n<div class=\"wp-block-group\"><div class=\"wp-block-group__inner-container is-layout-constrained wp-block-group-is-layout-constrained\">\n<div id=\"DenunciayAPP\" class=\"wp-block-group\"><div class=\"wp-block-group__inner-container is-layout-constrained wp-block-group-is-layout-constrained\">\n<p><a href=\"https:\/\/whatsapp.com\/channel\/0029Va88WGP2ER6ZxD6TCa3U\" target=\"_blank\" rel=\"noopener\"><img loading=\"lazy\" decoding=\"async\" class=\"aligncenter size-full wp-image-155512\" src=\"https:\/\/infoelnuevonorte.com\/wp-content\/uploads\/2025\/10\/Canal-whatsapp-infoenn.jpeg\" alt=\"\" width=\"2046\" height=\"554\" srcset=\"https:\/\/infoelnuevonorte.com\/wp-content\/uploads\/2025\/10\/Canal-whatsapp-infoenn.jpeg 2046w, https:\/\/infoelnuevonorte.com\/wp-content\/uploads\/2025\/10\/Canal-whatsapp-infoenn-300x81.jpeg 300w, https:\/\/infoelnuevonorte.com\/wp-content\/uploads\/2025\/10\/Canal-whatsapp-infoenn-1024x277.jpeg 1024w, https:\/\/infoelnuevonorte.com\/wp-content\/uploads\/2025\/10\/Canal-whatsapp-infoenn-768x208.jpeg 768w, https:\/\/infoelnuevonorte.com\/wp-content\/uploads\/2025\/10\/Canal-whatsapp-infoenn-1536x416.jpeg 1536w, https:\/\/infoelnuevonorte.com\/wp-content\/uploads\/2025\/10\/Canal-whatsapp-infoenn-1551x420.jpeg 1551w, https:\/\/infoelnuevonorte.com\/wp-content\/uploads\/2025\/10\/Canal-whatsapp-infoenn-150x41.jpeg 150w, https:\/\/infoelnuevonorte.com\/wp-content\/uploads\/2025\/10\/Canal-whatsapp-infoenn-696x188.jpeg 696w, https:\/\/infoelnuevonorte.com\/wp-content\/uploads\/2025\/10\/Canal-whatsapp-infoenn-1068x289.jpeg 1068w, https:\/\/infoelnuevonorte.com\/wp-content\/uploads\/2025\/10\/Canal-whatsapp-infoenn-1920x520.jpeg 1920w\" sizes=\"(max-width: 2046px) 100vw, 2046px\" \/><\/a><\/p>\n<p>\ud83d\udd17 S\u00edguenos en nuestras redes:<br data-start=\"2686\" data-end=\"2689\" \/><a href=\"https:\/\/x.com\/Elnuevo_norte\">X<\/a> | <a class=\"\" href=\"https:\/\/t.me\/infoenn\" target=\"_new\" rel=\"noopener\" data-start=\"2757\" data-end=\"2789\">Telegram<\/a> | <a class=\"\" href=\"https:\/\/instagram.com\/noticiasenn1?r=nametag\" target=\"_new\" rel=\"noopener\" data-start=\"2792\" data-end=\"2849\">Instagram<\/a><br data-start=\"2849\" data-end=\"2852\" \/><a class=\"\" href=\"https:\/\/www.facebook.com\/infoenn\" target=\"_new\" rel=\"noopener\" data-start=\"2852\" data-end=\"2896\">Facebook<\/a> | <a class=\"\" href=\"https:\/\/www.threads.net\/@noticiasenn1\" target=\"_new\" rel=\"noopener\" data-start=\"2899\" data-end=\"2947\">Threads<\/a> | <a class=\"\" href=\"https:\/\/www.youtube.com\/channel\/UCZZJg_scU1p_c6cvyCHY48A\" target=\"_new\" rel=\"noopener\" data-start=\"2950\" data-end=\"3017\" data-is-last-node=\"\">YouTube<\/a><\/p>\n<p>\ud83d\ude4f \u00a1Tu apoyo es importante!<\/p>\n<p>\ud83d\udd3bDESCARGAR NUESTRA APP \"<span style=\"color: #0000ff;\"><strong>Info ENN<\/strong><\/span>\"<\/p>\n\n\n\n<div class=\"wp-block-buttons is-content-justification-left is-layout-flex wp-container-core-buttons-is-layout-1 wp-block-buttons-is-layout-flex\">\n<div class=\"wp-block-button is-style-3d\"><a class=\"wp-block-button__link has-white-background-color has-background wp-element-button\" href=\"https:\/\/apps.apple.com\/do\/app\/infoenn\/id6503000762\"><img loading=\"lazy\" decoding=\"async\" width=\"150\" height=\"50\" class=\"wp-image-104096\" style=\"width: 150px;\" src=\"https:\/\/infoelnuevonorte.com\/wp-content\/uploads\/2025\/05\/Download_on_the_App_Store_RGB_blk.svg_.png\" alt=\"\" srcset=\"https:\/\/infoelnuevonorte.com\/wp-content\/uploads\/2025\/05\/Download_on_the_App_Store_RGB_blk.svg_.png 1280w, https:\/\/infoelnuevonorte.com\/wp-content\/uploads\/2025\/05\/Download_on_the_App_Store_RGB_blk.svg_-300x100.png 300w, https:\/\/infoelnuevonorte.com\/wp-content\/uploads\/2025\/05\/Download_on_the_App_Store_RGB_blk.svg_-1024x342.png 1024w, https:\/\/infoelnuevonorte.com\/wp-content\/uploads\/2025\/05\/Download_on_the_App_Store_RGB_blk.svg_-768x257.png 768w, https:\/\/infoelnuevonorte.com\/wp-content\/uploads\/2025\/05\/Download_on_the_App_Store_RGB_blk.svg_-1256x420.png 1256w, https:\/\/infoelnuevonorte.com\/wp-content\/uploads\/2025\/05\/Download_on_the_App_Store_RGB_blk.svg_-150x50.png 150w, https:\/\/infoelnuevonorte.com\/wp-content\/uploads\/2025\/05\/Download_on_the_App_Store_RGB_blk.svg_-696x233.png 696w, https:\/\/infoelnuevonorte.com\/wp-content\/uploads\/2025\/05\/Download_on_the_App_Store_RGB_blk.svg_-1068x357.png 1068w, https:\/\/infoelnuevonorte.com\/wp-content\/uploads\/2025\/05\/Download_on_the_App_Store_RGB_blk.svg_-200x67.png 200w\" sizes=\"(max-width: 150px) 100vw, 150px\" \/><\/a><\/div>\n<\/div>\n\n\n\n<div class=\"wp-block-buttons is-layout-flex wp-block-buttons-is-layout-flex\">\n<div class=\"wp-block-button is-style-3d td_btn_large\"><a class=\"wp-block-button__link has-white-background-color has-background wp-element-button\" href=\"https:\/\/mega.nz\/file\/vRhVTJBD#6P0Os8p_y2oJgZIa__7dhjqdpW42XJ_cY3zmbyxVohM\" target=\"_blank\" rel=\"noreferrer noopener\"><mark style=\"background-color:rgba(0, 0, 0, 0)\" class=\"has-inline-color has-light-green-cyan-color\"><img loading=\"lazy\" decoding=\"async\" width=\"150\" height=\"49\" class=\"wp-image-104095\" style=\"width: 150px;\" src=\"https:\/\/infoelnuevonorte.com\/wp-content\/uploads\/2025\/05\/badge-google-play-and-app-store-button-download-free-png.webp\" alt=\"\" srcset=\"https:\/\/infoelnuevonorte.com\/wp-content\/uploads\/2025\/05\/badge-google-play-and-app-store-button-download-free-png.webp 1920w, https:\/\/infoelnuevonorte.com\/wp-content\/uploads\/2025\/05\/badge-google-play-and-app-store-button-download-free-png-300x98.webp 300w, https:\/\/infoelnuevonorte.com\/wp-content\/uploads\/2025\/05\/badge-google-play-and-app-store-button-download-free-png-1024x335.webp 1024w, https:\/\/infoelnuevonorte.com\/wp-content\/uploads\/2025\/05\/badge-google-play-and-app-store-button-download-free-png-768x252.webp 768w, https:\/\/infoelnuevonorte.com\/wp-content\/uploads\/2025\/05\/badge-google-play-and-app-store-button-download-free-png-1536x503.webp 1536w, https:\/\/infoelnuevonorte.com\/wp-content\/uploads\/2025\/05\/badge-google-play-and-app-store-button-download-free-png-1282x420.webp 1282w, https:\/\/infoelnuevonorte.com\/wp-content\/uploads\/2025\/05\/badge-google-play-and-app-store-button-download-free-png-150x49.webp 150w, https:\/\/infoelnuevonorte.com\/wp-content\/uploads\/2025\/05\/badge-google-play-and-app-store-button-download-free-png-696x228.webp 696w, https:\/\/infoelnuevonorte.com\/wp-content\/uploads\/2025\/05\/badge-google-play-and-app-store-button-download-free-png-1068x350.webp 1068w, https:\/\/infoelnuevonorte.com\/wp-content\/uploads\/2025\/05\/badge-google-play-and-app-store-button-download-free-png-200x66.webp 200w\" sizes=\"(max-width: 150px) 100vw, 150px\" \/><\/mark><\/a><\/div>\n<\/div>\n\n\n\n<p style=\"text-align: justify;\"><strong data-start=\"0\" data-end=\"18\" data-is-only-node=\"\"><a href=\"https:\/\/infoelnuevonorte.com\/\"><img loading=\"lazy\" decoding=\"async\" class=\" wp-image-159681 alignleft\" src=\"https:\/\/infoelnuevonorte.com\/wp-content\/uploads\/2025\/11\/Logo-3d-infoenn-con-fondo-blanco.jpg\" alt=\"\" width=\"240\" height=\"86\" srcset=\"https:\/\/infoelnuevonorte.com\/wp-content\/uploads\/2025\/11\/Logo-3d-infoenn-con-fondo-blanco.jpg 1696w, https:\/\/infoelnuevonorte.com\/wp-content\/uploads\/2025\/11\/Logo-3d-infoenn-con-fondo-blanco-300x108.jpg 300w, https:\/\/infoelnuevonorte.com\/wp-content\/uploads\/2025\/11\/Logo-3d-infoenn-con-fondo-blanco-1024x367.jpg 1024w, https:\/\/infoelnuevonorte.com\/wp-content\/uploads\/2025\/11\/Logo-3d-infoenn-con-fondo-blanco-768x275.jpg 768w, https:\/\/infoelnuevonorte.com\/wp-content\/uploads\/2025\/11\/Logo-3d-infoenn-con-fondo-blanco-1536x551.jpg 1536w, https:\/\/infoelnuevonorte.com\/wp-content\/uploads\/2025\/11\/Logo-3d-infoenn-con-fondo-blanco-1172x420.jpg 1172w, https:\/\/infoelnuevonorte.com\/wp-content\/uploads\/2025\/11\/Logo-3d-infoenn-con-fondo-blanco-150x54.jpg 150w, https:\/\/infoelnuevonorte.com\/wp-content\/uploads\/2025\/11\/Logo-3d-infoenn-con-fondo-blanco-696x250.jpg 696w, https:\/\/infoelnuevonorte.com\/wp-content\/uploads\/2025\/11\/Logo-3d-infoenn-con-fondo-blanco-1068x383.jpg 1068w\" sizes=\"(max-width: 240px) 100vw, 240px\" \/><\/a>El Nuevo Norte<\/strong> es un peri\u00f3dico digital dominicano fundado el <strong data-start=\"65\" data-end=\"90\">12 de febrero de 2006<\/strong> por el periodista <strong data-start=\"109\" data-end=\"129\">Junior Henr\u00edquez<\/strong>, quien funge como director y fundador. A trav\u00e9s de la web <strong data-start=\"188\" data-end=\"212\">infoelnuevonorte.com<\/strong>, el medio ofrece informaci\u00f3n veraz y oportuna sobre los acontecimientos sociales, pol\u00edticos, comunitarios y de actualidad general, tanto a nivel nacional como internacional, promoviendo un periodismo responsable, participativo y comprometido con la libre expresi\u00f3n y el fortalecimiento de la democracia informativa.<\/p>\n<\/div><\/div>\n<\/div><\/div>\n","protected":false},"excerpt":{"rendered":"<p>Cuba sufri\u00f3 este lunes un\u00a0nuevo apag\u00f3n nacional, el sexto en apenas a\u00f1o y medio, inform\u00f3 el Ministerio de Energ\u00eda y Minas (Minem). \"Se ha producido una desconexi\u00f3n total del Sistema El\u00e9ctrico Nacional (SEN), se investigan las causas y comienzan a\u00a0activarse los protocolos\u00a0para el restablecimiento\", inform\u00f3 en redes sociales en Minem sin apuntar a\u00fan la causa [&hellip;]<\/p>\n","protected":false},"author":2,"featured_media":199768,"comment_status":"closed","ping_status":"open","sticky":false,"template":"","format":"standard","meta":{"footnotes":""},"categories":[9],"tags":[],"yoast_head":"<!-- This site is optimized with the Yoast SEO plugin v24.5 - https:\/\/yoast.com\/wordpress\/plugins\/seo\/ -->\n<title>\u00a1Otro apag\u00f3n nacional en Cuba! Es el sexto que afecta al pa\u00eds en a\u00f1o y medio | El Nuevo Norte<\/title>\n<meta name=\"robots\" content=\"index, follow, max-snippet:-1, max-image-preview:large, max-video-preview:-1\" \/>\n<link rel=\"canonical\" href=\"https:\/\/infoelnuevonorte.com\/?p=199766\" \/>\n<meta property=\"og:locale\" content=\"es_ES\" \/>\n<meta property=\"og:type\" content=\"article\" \/>\n<meta property=\"og:title\" content=\"\u00a1Otro apag\u00f3n nacional en Cuba! Es el sexto que afecta al pa\u00eds en a\u00f1o y medio | El Nuevo Norte\" \/>\n<meta property=\"og:description\" content=\"Cuba sufri\u00f3 este lunes un\u00a0nuevo apag\u00f3n nacional, el sexto en apenas a\u00f1o y medio, inform\u00f3 el Ministerio de Energ\u00eda y Minas (Minem). &quot;Se ha producido una desconexi\u00f3n total del Sistema El\u00e9ctrico Nacional (SEN), se investigan las causas y comienzan a\u00a0activarse los protocolos\u00a0para el restablecimiento&quot;, inform\u00f3 en redes sociales en Minem sin apuntar a\u00fan la causa [&hellip;]\" \/>\n<meta property=\"og:url\" content=\"https:\/\/infoelnuevonorte.com\/?p=199766\" \/>\n<meta property=\"og:site_name\" content=\"El Nuevo Norte\" \/>\n<meta property=\"article:publisher\" content=\"https:\/\/www.facebook.com\/infoenn\" \/>\n<meta property=\"article:published_time\" content=\"2026-03-16T20:34:35+00:00\" \/>\n<meta property=\"article:modified_time\" content=\"2026-03-16T20:34:36+00:00\" \/>\n<meta property=\"og:image\" content=\"https:\/\/infoelnuevonorte.com\/wp-content\/uploads\/2026\/03\/descarga-2026-03-16T163229.499.png\" \/>\n\t<meta property=\"og:image:width\" content=\"800\" \/>\n\t<meta property=\"og:image:height\" content=\"533\" \/>\n\t<meta property=\"og:image:type\" content=\"image\/png\" \/>\n<meta name=\"author\" content=\"T. R.\" \/>\n<meta name=\"twitter:card\" content=\"summary_large_image\" \/>\n<meta name=\"twitter:creator\" content=\"@Elnuevo_norte\" \/>\n<meta name=\"twitter:site\" content=\"@Elnuevo_norte\" \/>\n<meta name=\"twitter:label1\" content=\"Written by\" \/>\n\t<meta name=\"twitter:data1\" content=\"T. R.\" \/>\n\t<meta name=\"twitter:label2\" content=\"Est. reading time\" \/>\n\t<meta name=\"twitter:data2\" content=\"4 minutos\" \/>\n<script type=\"application\/ld+json\" class=\"yoast-schema-graph\">{\"@context\":\"https:\/\/schema.org\",\"@graph\":[{\"@type\":\"Article\",\"@id\":\"https:\/\/infoelnuevonorte.com\/?p=199766#article\",\"isPartOf\":{\"@id\":\"https:\/\/infoelnuevonorte.com\/?p=199766\"},\"author\":{\"name\":\"T. R.\",\"@id\":\"https:\/\/infoelnuevonorte.com\/#\/schema\/person\/3accb35eb55f55e96c492b52d085a403\"},\"headline\":\"\u00a1Otro apag\u00f3n nacional en Cuba! Es el sexto que afecta al pa\u00eds en a\u00f1o y medio\",\"datePublished\":\"2026-03-16T20:34:35+00:00\",\"dateModified\":\"2026-03-16T20:34:36+00:00\",\"mainEntityOfPage\":{\"@id\":\"https:\/\/infoelnuevonorte.com\/?p=199766\"},\"wordCount\":603,\"publisher\":{\"@id\":\"https:\/\/infoelnuevonorte.com\/#organization\"},\"image\":{\"@id\":\"https:\/\/infoelnuevonorte.com\/?p=199766#primaryimage\"},\"thumbnailUrl\":\"https:\/\/infoelnuevonorte.com\/wp-content\/uploads\/2026\/03\/descarga-2026-03-16T163229.499.png\",\"articleSection\":[\"Mundiales\"],\"inLanguage\":\"es-DO\"},{\"@type\":\"WebPage\",\"@id\":\"https:\/\/infoelnuevonorte.com\/?p=199766\",\"url\":\"https:\/\/infoelnuevonorte.com\/?p=199766\",\"name\":\"\u00a1Otro apag\u00f3n nacional en Cuba! Es el sexto que afecta al pa\u00eds en a\u00f1o y medio | El Nuevo Norte\",\"isPartOf\":{\"@id\":\"https:\/\/infoelnuevonorte.com\/#website\"},\"primaryImageOfPage\":{\"@id\":\"https:\/\/infoelnuevonorte.com\/?p=199766#primaryimage\"},\"image\":{\"@id\":\"https:\/\/infoelnuevonorte.com\/?p=199766#primaryimage\"},\"thumbnailUrl\":\"https:\/\/infoelnuevonorte.com\/wp-content\/uploads\/2026\/03\/descarga-2026-03-16T163229.499.png\",\"datePublished\":\"2026-03-16T20:34:35+00:00\",\"dateModified\":\"2026-03-16T20:34:36+00:00\",\"breadcrumb\":{\"@id\":\"https:\/\/infoelnuevonorte.com\/?p=199766#breadcrumb\"},\"inLanguage\":\"es-DO\",\"potentialAction\":[{\"@type\":\"ReadAction\",\"target\":[\"https:\/\/infoelnuevonorte.com\/?p=199766\"]}]},{\"@type\":\"ImageObject\",\"inLanguage\":\"es-DO\",\"@id\":\"https:\/\/infoelnuevonorte.com\/?p=199766#primaryimage\",\"url\":\"https:\/\/infoelnuevonorte.com\/wp-content\/uploads\/2026\/03\/descarga-2026-03-16T163229.499.png\",\"contentUrl\":\"https:\/\/infoelnuevonorte.com\/wp-content\/uploads\/2026\/03\/descarga-2026-03-16T163229.499.png\",\"width\":800,\"height\":533},{\"@type\":\"BreadcrumbList\",\"@id\":\"https:\/\/infoelnuevonorte.com\/?p=199766#breadcrumb\",\"itemListElement\":[{\"@type\":\"ListItem\",\"position\":1,\"name\":\"Home\",\"item\":\"https:\/\/infoelnuevonorte.com\/\"},{\"@type\":\"ListItem\",\"position\":2,\"name\":\"\u00a1Otro apag\u00f3n nacional en Cuba! Es el sexto que afecta al pa\u00eds en a\u00f1o y medio\"}]},{\"@type\":\"WebSite\",\"@id\":\"https:\/\/infoelnuevonorte.com\/#website\",\"url\":\"https:\/\/infoelnuevonorte.com\/\",\"name\":\"InfoEnn\",\"description\":\"Tu Voz, tu Verdad, tu Diario!!!\",\"publisher\":{\"@id\":\"https:\/\/infoelnuevonorte.com\/#organization\"},\"alternateName\":\"El Nuevo Norte\",\"potentialAction\":[{\"@type\":\"SearchAction\",\"target\":{\"@type\":\"EntryPoint\",\"urlTemplate\":\"https:\/\/infoelnuevonorte.com\/?s={search_term_string}\"},\"query-input\":{\"@type\":\"PropertyValueSpecification\",\"valueRequired\":true,\"valueName\":\"search_term_string\"}}],\"inLanguage\":\"es-DO\"},{\"@type\":\"Organization\",\"@id\":\"https:\/\/infoelnuevonorte.com\/#organization\",\"name\":\"Info El Nuevo Norte\",\"alternateName\":\"El Nuevo Norte\",\"url\":\"https:\/\/infoelnuevonorte.com\/\",\"logo\":{\"@type\":\"ImageObject\",\"inLanguage\":\"es-DO\",\"@id\":\"https:\/\/infoelnuevonorte.com\/#\/schema\/logo\/image\/\",\"url\":\"https:\/\/infoelnuevonorte.com\/wp-content\/uploads\/2026\/02\/Logo-Info-enn-3d-20ani.jpeg\",\"contentUrl\":\"https:\/\/infoelnuevonorte.com\/wp-content\/uploads\/2026\/02\/Logo-Info-enn-3d-20ani.jpeg\",\"width\":2046,\"height\":736,\"caption\":\"Info El Nuevo Norte\"},\"image\":{\"@id\":\"https:\/\/infoelnuevonorte.com\/#\/schema\/logo\/image\/\"},\"sameAs\":[\"https:\/\/www.facebook.com\/infoenn\",\"https:\/\/x.com\/Elnuevo_norte\",\"https:\/\/www.instagram.com\/infoenn\",\"https:\/\/www.facebook.com\/ENNRD\"]},{\"@type\":\"Person\",\"@id\":\"https:\/\/infoelnuevonorte.com\/#\/schema\/person\/3accb35eb55f55e96c492b52d085a403\",\"name\":\"T. R.\",\"image\":{\"@type\":\"ImageObject\",\"inLanguage\":\"es-DO\",\"@id\":\"https:\/\/infoelnuevonorte.com\/#\/schema\/person\/image\/\",\"url\":\"https:\/\/secure.gravatar.com\/avatar\/40543a038bda97abdb765b1662e9677d?s=96&d=robohash&r=g\",\"contentUrl\":\"https:\/\/secure.gravatar.com\/avatar\/40543a038bda97abdb765b1662e9677d?s=96&d=robohash&r=g\",\"caption\":\"T. R.\"},\"url\":\"https:\/\/infoelnuevonorte.com\/?author=2\"}]}<\/script>\n<!-- \/ Yoast SEO plugin. -->","yoast_head_json":{"title":"\u00a1Otro apag\u00f3n nacional en Cuba! Es el sexto que afecta al pa\u00eds en a\u00f1o y medio | El Nuevo Norte","robots":{"index":"index","follow":"follow","max-snippet":"max-snippet:-1","max-image-preview":"max-image-preview:large","max-video-preview":"max-video-preview:-1"},"canonical":"https:\/\/infoelnuevonorte.com\/?p=199766","og_locale":"es_ES","og_type":"article","og_title":"\u00a1Otro apag\u00f3n nacional en Cuba! Es el sexto que afecta al pa\u00eds en a\u00f1o y medio | El Nuevo Norte","og_description":"Cuba sufri\u00f3 este lunes un\u00a0nuevo apag\u00f3n nacional, el sexto en apenas a\u00f1o y medio, inform\u00f3 el Ministerio de Energ\u00eda y Minas (Minem). \"Se ha producido una desconexi\u00f3n total del Sistema El\u00e9ctrico Nacional (SEN), se investigan las causas y comienzan a\u00a0activarse los protocolos\u00a0para el restablecimiento\", inform\u00f3 en redes sociales en Minem sin apuntar a\u00fan la causa [&hellip;]","og_url":"https:\/\/infoelnuevonorte.com\/?p=199766","og_site_name":"El Nuevo Norte","article_publisher":"https:\/\/www.facebook.com\/infoenn","article_published_time":"2026-03-16T20:34:35+00:00","article_modified_time":"2026-03-16T20:34:36+00:00","og_image":[{"width":800,"height":533,"url":"https:\/\/infoelnuevonorte.com\/wp-content\/uploads\/2026\/03\/descarga-2026-03-16T163229.499.png","type":"image\/png"}],"author":"T. R.","twitter_card":"summary_large_image","twitter_creator":"@Elnuevo_norte","twitter_site":"@Elnuevo_norte","twitter_misc":{"Written by":"T. R.","Est. reading time":"4 minutos"},"schema":{"@context":"https:\/\/schema.org","@graph":[{"@type":"Article","@id":"https:\/\/infoelnuevonorte.com\/?p=199766#article","isPartOf":{"@id":"https:\/\/infoelnuevonorte.com\/?p=199766"},"author":{"name":"T. R.","@id":"https:\/\/infoelnuevonorte.com\/#\/schema\/person\/3accb35eb55f55e96c492b52d085a403"},"headline":"\u00a1Otro apag\u00f3n nacional en Cuba! Es el sexto que afecta al pa\u00eds en a\u00f1o y medio","datePublished":"2026-03-16T20:34:35+00:00","dateModified":"2026-03-16T20:34:36+00:00","mainEntityOfPage":{"@id":"https:\/\/infoelnuevonorte.com\/?p=199766"},"wordCount":603,"publisher":{"@id":"https:\/\/infoelnuevonorte.com\/#organization"},"image":{"@id":"https:\/\/infoelnuevonorte.com\/?p=199766#primaryimage"},"thumbnailUrl":"https:\/\/infoelnuevonorte.com\/wp-content\/uploads\/2026\/03\/descarga-2026-03-16T163229.499.png","articleSection":["Mundiales"],"inLanguage":"es-DO"},{"@type":"WebPage","@id":"https:\/\/infoelnuevonorte.com\/?p=199766","url":"https:\/\/infoelnuevonorte.com\/?p=199766","name":"\u00a1Otro apag\u00f3n nacional en Cuba! Es el sexto que afecta al pa\u00eds en a\u00f1o y medio | El Nuevo Norte","isPartOf":{"@id":"https:\/\/infoelnuevonorte.com\/#website"},"primaryImageOfPage":{"@id":"https:\/\/infoelnuevonorte.com\/?p=199766#primaryimage"},"image":{"@id":"https:\/\/infoelnuevonorte.com\/?p=199766#primaryimage"},"thumbnailUrl":"https:\/\/infoelnuevonorte.com\/wp-content\/uploads\/2026\/03\/descarga-2026-03-16T163229.499.png","datePublished":"2026-03-16T20:34:35+00:00","dateModified":"2026-03-16T20:34:36+00:00","breadcrumb":{"@id":"https:\/\/infoelnuevonorte.com\/?p=199766#breadcrumb"},"inLanguage":"es-DO","potentialAction":[{"@type":"ReadAction","target":["https:\/\/infoelnuevonorte.com\/?p=199766"]}]},{"@type":"ImageObject","inLanguage":"es-DO","@id":"https:\/\/infoelnuevonorte.com\/?p=199766#primaryimage","url":"https:\/\/infoelnuevonorte.com\/wp-content\/uploads\/2026\/03\/descarga-2026-03-16T163229.499.png","contentUrl":"https:\/\/infoelnuevonorte.com\/wp-content\/uploads\/2026\/03\/descarga-2026-03-16T163229.499.png","width":800,"height":533},{"@type":"BreadcrumbList","@id":"https:\/\/infoelnuevonorte.com\/?p=199766#breadcrumb","itemListElement":[{"@type":"ListItem","position":1,"name":"Home","item":"https:\/\/infoelnuevonorte.com\/"},{"@type":"ListItem","position":2,"name":"\u00a1Otro apag\u00f3n nacional en Cuba! Es el sexto que afecta al pa\u00eds en a\u00f1o y medio"}]},{"@type":"WebSite","@id":"https:\/\/infoelnuevonorte.com\/#website","url":"https:\/\/infoelnuevonorte.com\/","name":"InfoEnn","description":"Tu Voz, tu Verdad, tu Diario!!!","publisher":{"@id":"https:\/\/infoelnuevonorte.com\/#organization"},"alternateName":"El Nuevo Norte","potentialAction":[{"@type":"SearchAction","target":{"@type":"EntryPoint","urlTemplate":"https:\/\/infoelnuevonorte.com\/?s={search_term_string}"},"query-input":{"@type":"PropertyValueSpecification","valueRequired":true,"valueName":"search_term_string"}}],"inLanguage":"es-DO"},{"@type":"Organization","@id":"https:\/\/infoelnuevonorte.com\/#organization","name":"Info El Nuevo Norte","alternateName":"El Nuevo Norte","url":"https:\/\/infoelnuevonorte.com\/","logo":{"@type":"ImageObject","inLanguage":"es-DO","@id":"https:\/\/infoelnuevonorte.com\/#\/schema\/logo\/image\/","url":"https:\/\/infoelnuevonorte.com\/wp-content\/uploads\/2026\/02\/Logo-Info-enn-3d-20ani.jpeg","contentUrl":"https:\/\/infoelnuevonorte.com\/wp-content\/uploads\/2026\/02\/Logo-Info-enn-3d-20ani.jpeg","width":2046,"height":736,"caption":"Info El Nuevo Norte"},"image":{"@id":"https:\/\/infoelnuevonorte.com\/#\/schema\/logo\/image\/"},"sameAs":["https:\/\/www.facebook.com\/infoenn","https:\/\/x.com\/Elnuevo_norte","https:\/\/www.instagram.com\/infoenn","https:\/\/www.facebook.com\/ENNRD"]},{"@type":"Person","@id":"https:\/\/infoelnuevonorte.com\/#\/schema\/person\/3accb35eb55f55e96c492b52d085a403","name":"T. R.","image":{"@type":"ImageObject","inLanguage":"es-DO","@id":"https:\/\/infoelnuevonorte.com\/#\/schema\/person\/image\/","url":"https:\/\/secure.gravatar.com\/avatar\/40543a038bda97abdb765b1662e9677d?s=96&d=robohash&r=g","contentUrl":"https:\/\/secure.gravatar.com\/avatar\/40543a038bda97abdb765b1662e9677d?s=96&d=robohash&r=g","caption":"T. R."},"url":"https:\/\/infoelnuevonorte.com\/?author=2"}]}},"_links":{"self":[{"href":"https:\/\/infoelnuevonorte.com\/index.php?rest_route=\/wp\/v2\/posts\/199766"}],"collection":[{"href":"https:\/\/infoelnuevonorte.com\/index.php?rest_route=\/wp\/v2\/posts"}],"about":[{"href":"https:\/\/infoelnuevonorte.com\/index.php?rest_route=\/wp\/v2\/types\/post"}],"author":[{"embeddable":true,"href":"https:\/\/infoelnuevonorte.com\/index.php?rest_route=\/wp\/v2\/users\/2"}],"replies":[{"embeddable":true,"href":"https:\/\/infoelnuevonorte.com\/index.php?rest_route=%2Fwp%2Fv2%2Fcomments&post=199766"}],"version-history":[{"count":1,"href":"https:\/\/infoelnuevonorte.com\/index.php?rest_route=\/wp\/v2\/posts\/199766\/revisions"}],"predecessor-version":[{"id":199769,"href":"https:\/\/infoelnuevonorte.com\/index.php?rest_route=\/wp\/v2\/posts\/199766\/revisions\/199769"}],"wp:featuredmedia":[{"embeddable":true,"href":"https:\/\/infoelnuevonorte.com\/index.php?rest_route=\/wp\/v2\/media\/199768"}],"wp:attachment":[{"href":"https:\/\/infoelnuevonorte.com\/index.php?rest_route=%2Fwp%2Fv2%2Fmedia&parent=199766"}],"wp:term":[{"taxonomy":"category","embeddable":true,"href":"https:\/\/infoelnuevonorte.com\/index.php?rest_route=%2Fwp%2Fv2%2Fcategories&post=199766"},{"taxonomy":"post_tag","embeddable":true,"href":"https:\/\/infoelnuevonorte.com\/index.php?rest_route=%2Fwp%2Fv2%2Ftags&post=199766"}],"curies":[{"name":"wp","href":"https:\/\/api.w.org\/{rel}","templated":true}]}}