{"id":20022,"date":"2024-05-01T11:49:32","date_gmt":"2024-05-01T15:49:32","guid":{"rendered":"https:\/\/infoelnuevonorte.com\/?p=20022"},"modified":"2024-05-01T11:49:34","modified_gmt":"2024-05-01T15:49:34","slug":"abinader-habla-de-uso-de-helicoptero-de-familia-de-miky-lopez-en-2020","status":"publish","type":"post","link":"https:\/\/infoelnuevonorte.com\/?p=20022","title":{"rendered":"Abinader habla de uso de helic\u00f3ptero de familia de Miky L\u00f3pez en 2020"},"content":{"rendered":"<div class=\"content\">\n<div class=\"moz-reader-content reader-show-element\">\n<div id=\"readability-page-1\" class=\"page\">\n<div data-mrf-recirculation=\"Cuerpo Detalle\">\n<!--[if lt IE 9]><script>document.createElement('audio');<\/script><![endif]-->\n<audio class=\"wp-audio-shortcode\" id=\"audio-20022-1\" preload=\"none\" style=\"width: 100%;\" controls=\"controls\"><source type=\"audio\/mpeg\" src=\"https:\/\/infoelnuevonorte.com\/wp-content\/uploads\/2024\/05\/ttsmaker-file-2024-5-1-11-48-51.mp3?_=1\" \/><a href=\"https:\/\/infoelnuevonorte.com\/wp-content\/uploads\/2024\/05\/ttsmaker-file-2024-5-1-11-48-51.mp3\">https:\/\/infoelnuevonorte.com\/wp-content\/uploads\/2024\/05\/ttsmaker-file-2024-5-1-11-48-51.mp3<\/a><\/audio>\n<p style=\"text-align: justify;\">El presidente de la Rep\u00fablica, Luis Abinader, explic\u00f3 este martes el porqu\u00e9 utiliz\u00f3 un helic\u00f3ptero de la familia de Miguel Arturo L\u00f3pez Florencio, tambi\u00e9n conocido como \u201cMiky L\u00f3pez\u201d, acusado de ser el cabecilla de una red dedicada a blanquear miles de millones de pesos y d\u00f3lares obtenidos por las actividades del narcotr\u00e1fico.<\/p>\n<p style=\"text-align: justify;\">Al ser entrevistado por representantes de medios de comunicaciones del Grupo Corripio, asegur\u00f3 que us\u00f3 ese medio de transporte vinculado a L\u00f3pez porque el que usaba de manera regular tuvo una aver\u00eda y \u201cle mandaron ese\u201d.<\/p>\n<p style=\"text-align: justify;\">\"Yo utilizaba un helic\u00f3ptero de un grupo, ese d\u00eda se da\u00f1\u00f3 ese helic\u00f3ptero, mandaron ese y ese lo utilic\u00e9 por ese d\u00eda\u201d, dijo.<\/p>\n<p style=\"text-align: justify;\">Sin embargo, el jefe de Estado minimiz\u00f3 la situaci\u00f3n al aseverar que estas \u201cson situaciones que se dan\u201d, y afirm\u00f3 que en su Gobierno \u201cno se protege a nadie\u201d, al resaltar que el caso de L\u00f3pez est\u00e1 en manos de la justicia.<\/p>\n<p style=\"text-align: justify;\">\u201cAhora, \u00bfesa persona que usted dice, d\u00f3nde est\u00e1? Sometida. Sometida a la justicia, esa es la diferencia\u2026 son situaciones que se dan, como una foto. T\u00fa te puedes tirar una foto con cualquiera, ahora, el hecho es a quien t\u00fa proteges y aqu\u00ed no se protege a nadie\", manifest\u00f3.<\/p>\n<h3 style=\"text-align: justify;\">SOBRE EL CASO MIKY L\u00d3PEZ<\/h3>\n<p style=\"text-align: justify;\">Junto a L\u00f3pez fueron acusados sus dos hijos, Miguel Arturo L\u00f3pez Pilarte y Jos\u00e9 Miguel L\u00f3pez Pilarte, adem\u00e1s de Ada Mar\u00eda Pilarte y Jos\u00e9 Antonio Rom\u00e1n, as\u00ed como las empresas Auto Cr\u00e9dito Selecto, SRL., Servi Cr\u00e9dito Selecto, SRL., Agropecuaria Gloria Ivette, SRL. e Inmobiliaria Gloria Ivette, SRL.<\/p>\n<p style=\"text-align: justify;\">De acuerdo con la acusaci\u00f3n del Ministerio P\u00fablico, todas estas empresas son de fachada y de carpeta, cuya operatividad estaba disfrazada para colocar en el sistema financiero nacional dinero obtenido del narcotr\u00e1fico.<\/p>\n<div id=\"m30057-30056-30058\" style=\"text-align: justify;\">\n<figure><picture> <img decoding=\"async\" class=\"moz-reader-block-img alignleft\" src=\"https:\/\/listindiario.com\/files\/composite_image\/files\/fp\/uploads\/2024\/04\/30\/6631aae50f3d8.r_d.1500-1000.jpeg\" alt=\"El presidente de la Rep\u00fablica, Luis Abinader, explic\u00f3 este martes el porqu\u00e9 utiliz\u00f3 un helic\u00f3ptero de la familia de Miguel Arturo L\u00f3pez Florencio, tambi\u00e9n conocido como \u201cMiky L\u00f3pez\u201d, acusado de ser el cabecilla de una red dedicada a blanquear miles de millones de pesos y d\u00f3lares obtenidos por las actividades del narcotr\u00e1fico.\" data-index=\"\" data-full=\"[object Object]\" data-original=\"[object Object]\" data-full-src=\"https:\/\/listindiario.com\/uploads\/2024\/04\/30\/6631aae50f3d8.jpeg\" \/><\/picture><figcaption><strong><span id=\"m30126-30125-30127\">Uso de helic\u00f3ptero de familia de Miky L\u00f3pez en 2020 es explicado por Luis Abinader<\/span><\/strong><\/p>\n<\/figcaption><\/figure>\n<\/div>\n<p style=\"text-align: justify;\">De acuerdo con el \u00f3rgano de la persecuci\u00f3n penal, esta organizaci\u00f3n criminal movi\u00f3 entre 2007 y 2019 m\u00e1s de dos mil millones de pesos, informaci\u00f3n corroborada por los movimientos econ\u00f3micos recurrentes en los bancos nacionales y cuyo origen eran las actividades il\u00edcitas. El 2 de marzo de 2019, se le ocuparon de 111,722 pastillas de \u00e9xtasis.<\/p>\n<p style=\"text-align: justify;\">Los acusados se enfrentan a la imputaci\u00f3n de violaciones a la Ley 155-17 sobre Lavado de Activos y Financiamiento del Terrorismo, as\u00ed como de la anterior norma en esa materia, la 72-02. Infringieron, adem\u00e1s, las leyes 11-92, sobre R\u00e9gimen Tributario, y 183-02, Monetaria y Financiera.<\/p>\n<p style=\"text-align: justify;\">Posteriormente las autoridades acusaron a la esposa de L\u00f3pez, y diputada del Partido Revolucionario Moderno (PRM), Rosa Amalia Pilarte, por presunto lavado de activos y narcotr\u00e1fico.<\/p>\n<\/div>\n<\/div>\n<\/div>\n<\/div>\n","protected":false},"excerpt":{"rendered":"<p>El presidente de la Rep\u00fablica, Luis Abinader, explic\u00f3 este martes el porqu\u00e9 utiliz\u00f3 un helic\u00f3ptero de la familia de Miguel Arturo L\u00f3pez Florencio, tambi\u00e9n conocido como \u201cMiky L\u00f3pez\u201d, acusado de ser el cabecilla de una red dedicada a blanquear miles de millones de pesos y d\u00f3lares obtenidos por las actividades del narcotr\u00e1fico. Al ser entrevistado [&hellip;]<\/p>\n","protected":false},"author":1,"featured_media":0,"comment_status":"closed","ping_status":"open","sticky":false,"template":"","format":"standard","meta":{"footnotes":""},"categories":[8],"tags":[],"yoast_head":"<!-- This site is optimized with the Yoast SEO plugin v24.5 - https:\/\/yoast.com\/wordpress\/plugins\/seo\/ -->\n<title>Abinader habla de uso de helic\u00f3ptero de familia de Miky L\u00f3pez en 2020 | El Nuevo Norte<\/title>\n<meta name=\"robots\" content=\"index, follow, max-snippet:-1, max-image-preview:large, max-video-preview:-1\" \/>\n<link rel=\"canonical\" href=\"https:\/\/infoelnuevonorte.com\/?p=20022\" \/>\n<meta property=\"og:locale\" content=\"es_ES\" \/>\n<meta property=\"og:type\" content=\"article\" \/>\n<meta property=\"og:title\" content=\"Abinader habla de uso de helic\u00f3ptero de familia de Miky L\u00f3pez en 2020 | El Nuevo Norte\" \/>\n<meta property=\"og:description\" content=\"El presidente de la Rep\u00fablica, Luis Abinader, explic\u00f3 este martes el porqu\u00e9 utiliz\u00f3 un helic\u00f3ptero de la familia de Miguel Arturo L\u00f3pez Florencio, tambi\u00e9n conocido como \u201cMiky L\u00f3pez\u201d, acusado de ser el cabecilla de una red dedicada a blanquear miles de millones de pesos y d\u00f3lares obtenidos por las actividades del narcotr\u00e1fico. Al ser entrevistado [&hellip;]\" \/>\n<meta property=\"og:url\" content=\"https:\/\/infoelnuevonorte.com\/?p=20022\" \/>\n<meta property=\"og:site_name\" content=\"El Nuevo Norte\" \/>\n<meta property=\"article:publisher\" content=\"https:\/\/www.facebook.com\/infoenn\" \/>\n<meta property=\"article:published_time\" content=\"2024-05-01T15:49:32+00:00\" \/>\n<meta property=\"article:modified_time\" content=\"2024-05-01T15:49:34+00:00\" \/>\n<meta property=\"og:image\" content=\"https:\/\/infoelnuevonorte.com\/wp-content\/uploads\/2024\/05\/abian-jpeg.webp\" \/>\n\t<meta property=\"og:image:width\" content=\"800\" \/>\n\t<meta property=\"og:image:height\" content=\"502\" \/>\n\t<meta property=\"og:image:type\" content=\"image\/jpeg\" \/>\n<meta name=\"author\" content=\"InfoEnn\" \/>\n<meta name=\"twitter:card\" content=\"summary_large_image\" \/>\n<meta name=\"twitter:creator\" content=\"@Elnuevo_norte\" \/>\n<meta name=\"twitter:site\" content=\"@Elnuevo_norte\" \/>\n<meta name=\"twitter:label1\" content=\"Written by\" \/>\n\t<meta name=\"twitter:data1\" content=\"InfoEnn\" \/>\n\t<meta name=\"twitter:label2\" content=\"Est. reading time\" \/>\n\t<meta name=\"twitter:data2\" content=\"3 minutos\" \/>\n<script type=\"application\/ld+json\" class=\"yoast-schema-graph\">{\"@context\":\"https:\/\/schema.org\",\"@graph\":[{\"@type\":\"Article\",\"@id\":\"https:\/\/infoelnuevonorte.com\/?p=20022#article\",\"isPartOf\":{\"@id\":\"https:\/\/infoelnuevonorte.com\/?p=20022\"},\"author\":{\"name\":\"InfoEnn\",\"@id\":\"https:\/\/infoelnuevonorte.com\/#\/schema\/person\/fd4f6d90afe41260818b4ea94ad8ab84\"},\"headline\":\"Abinader habla de uso de helic\u00f3ptero de familia de Miky L\u00f3pez en 2020\",\"datePublished\":\"2024-05-01T15:49:32+00:00\",\"dateModified\":\"2024-05-01T15:49:34+00:00\",\"mainEntityOfPage\":{\"@id\":\"https:\/\/infoelnuevonorte.com\/?p=20022\"},\"wordCount\":492,\"publisher\":{\"@id\":\"https:\/\/infoelnuevonorte.com\/#organization\"},\"image\":{\"@id\":\"https:\/\/infoelnuevonorte.com\/?p=20022#primaryimage\"},\"thumbnailUrl\":\"https:\/\/listindiario.com\/files\/composite_image\/files\/fp\/uploads\/2024\/04\/30\/6631aae50f3d8.r_d.1500-1000.jpeg\",\"articleSection\":[\"Nacionales\"],\"inLanguage\":\"es-DO\"},{\"@type\":\"WebPage\",\"@id\":\"https:\/\/infoelnuevonorte.com\/?p=20022\",\"url\":\"https:\/\/infoelnuevonorte.com\/?p=20022\",\"name\":\"Abinader habla de uso de helic\u00f3ptero de familia de Miky L\u00f3pez en 2020 | El Nuevo Norte\",\"isPartOf\":{\"@id\":\"https:\/\/infoelnuevonorte.com\/#website\"},\"primaryImageOfPage\":{\"@id\":\"https:\/\/infoelnuevonorte.com\/?p=20022#primaryimage\"},\"image\":{\"@id\":\"https:\/\/infoelnuevonorte.com\/?p=20022#primaryimage\"},\"thumbnailUrl\":\"https:\/\/listindiario.com\/files\/composite_image\/files\/fp\/uploads\/2024\/04\/30\/6631aae50f3d8.r_d.1500-1000.jpeg\",\"datePublished\":\"2024-05-01T15:49:32+00:00\",\"dateModified\":\"2024-05-01T15:49:34+00:00\",\"breadcrumb\":{\"@id\":\"https:\/\/infoelnuevonorte.com\/?p=20022#breadcrumb\"},\"inLanguage\":\"es-DO\",\"potentialAction\":[{\"@type\":\"ReadAction\",\"target\":[\"https:\/\/infoelnuevonorte.com\/?p=20022\"]}]},{\"@type\":\"ImageObject\",\"inLanguage\":\"es-DO\",\"@id\":\"https:\/\/infoelnuevonorte.com\/?p=20022#primaryimage\",\"url\":\"https:\/\/listindiario.com\/files\/composite_image\/files\/fp\/uploads\/2024\/04\/30\/6631aae50f3d8.r_d.1500-1000.jpeg\",\"contentUrl\":\"https:\/\/listindiario.com\/files\/composite_image\/files\/fp\/uploads\/2024\/04\/30\/6631aae50f3d8.r_d.1500-1000.jpeg\"},{\"@type\":\"BreadcrumbList\",\"@id\":\"https:\/\/infoelnuevonorte.com\/?p=20022#breadcrumb\",\"itemListElement\":[{\"@type\":\"ListItem\",\"position\":1,\"name\":\"Home\",\"item\":\"https:\/\/infoelnuevonorte.com\/\"},{\"@type\":\"ListItem\",\"position\":2,\"name\":\"Abinader habla de uso de helic\u00f3ptero de familia de Miky L\u00f3pez en 2020\"}]},{\"@type\":\"WebSite\",\"@id\":\"https:\/\/infoelnuevonorte.com\/#website\",\"url\":\"https:\/\/infoelnuevonorte.com\/\",\"name\":\"InfoEnn\",\"description\":\"Tu Voz, tu Verdad, tu Diario!!!\",\"publisher\":{\"@id\":\"https:\/\/infoelnuevonorte.com\/#organization\"},\"alternateName\":\"El Nuevo Norte\",\"potentialAction\":[{\"@type\":\"SearchAction\",\"target\":{\"@type\":\"EntryPoint\",\"urlTemplate\":\"https:\/\/infoelnuevonorte.com\/?s={search_term_string}\"},\"query-input\":{\"@type\":\"PropertyValueSpecification\",\"valueRequired\":true,\"valueName\":\"search_term_string\"}}],\"inLanguage\":\"es-DO\"},{\"@type\":\"Organization\",\"@id\":\"https:\/\/infoelnuevonorte.com\/#organization\",\"name\":\"Info El Nuevo Norte\",\"alternateName\":\"El Nuevo Norte\",\"url\":\"https:\/\/infoelnuevonorte.com\/\",\"logo\":{\"@type\":\"ImageObject\",\"inLanguage\":\"es-DO\",\"@id\":\"https:\/\/infoelnuevonorte.com\/#\/schema\/logo\/image\/\",\"url\":\"https:\/\/infoelnuevonorte.com\/wp-content\/uploads\/2026\/02\/Logo-Info-enn-3d-20ani.jpeg\",\"contentUrl\":\"https:\/\/infoelnuevonorte.com\/wp-content\/uploads\/2026\/02\/Logo-Info-enn-3d-20ani.jpeg\",\"width\":2046,\"height\":736,\"caption\":\"Info El Nuevo Norte\"},\"image\":{\"@id\":\"https:\/\/infoelnuevonorte.com\/#\/schema\/logo\/image\/\"},\"sameAs\":[\"https:\/\/www.facebook.com\/infoenn\",\"https:\/\/x.com\/Elnuevo_norte\",\"https:\/\/www.instagram.com\/infoenn\",\"https:\/\/www.facebook.com\/ENNRD\"]},{\"@type\":\"Person\",\"@id\":\"https:\/\/infoelnuevonorte.com\/#\/schema\/person\/fd4f6d90afe41260818b4ea94ad8ab84\",\"name\":\"InfoEnn\",\"image\":{\"@type\":\"ImageObject\",\"inLanguage\":\"es-DO\",\"@id\":\"https:\/\/infoelnuevonorte.com\/#\/schema\/person\/image\/\",\"url\":\"https:\/\/secure.gravatar.com\/avatar\/d4d760a41a48ba9db0a82bfb63bb0783?s=96&d=robohash&r=g\",\"contentUrl\":\"https:\/\/secure.gravatar.com\/avatar\/d4d760a41a48ba9db0a82bfb63bb0783?s=96&d=robohash&r=g\",\"caption\":\"InfoEnn\"},\"sameAs\":[\"https:\/\/infoelnuevonorte.com\"],\"url\":\"https:\/\/infoelnuevonorte.com\/?author=1\"}]}<\/script>\n<!-- \/ Yoast SEO plugin. -->","yoast_head_json":{"title":"Abinader habla de uso de helic\u00f3ptero de familia de Miky L\u00f3pez en 2020 | El Nuevo Norte","robots":{"index":"index","follow":"follow","max-snippet":"max-snippet:-1","max-image-preview":"max-image-preview:large","max-video-preview":"max-video-preview:-1"},"canonical":"https:\/\/infoelnuevonorte.com\/?p=20022","og_locale":"es_ES","og_type":"article","og_title":"Abinader habla de uso de helic\u00f3ptero de familia de Miky L\u00f3pez en 2020 | El Nuevo Norte","og_description":"El presidente de la Rep\u00fablica, Luis Abinader, explic\u00f3 este martes el porqu\u00e9 utiliz\u00f3 un helic\u00f3ptero de la familia de Miguel Arturo L\u00f3pez Florencio, tambi\u00e9n conocido como \u201cMiky L\u00f3pez\u201d, acusado de ser el cabecilla de una red dedicada a blanquear miles de millones de pesos y d\u00f3lares obtenidos por las actividades del narcotr\u00e1fico. Al ser entrevistado [&hellip;]","og_url":"https:\/\/infoelnuevonorte.com\/?p=20022","og_site_name":"El Nuevo Norte","article_publisher":"https:\/\/www.facebook.com\/infoenn","article_published_time":"2024-05-01T15:49:32+00:00","article_modified_time":"2024-05-01T15:49:34+00:00","og_image":[{"width":800,"height":502,"url":"https:\/\/infoelnuevonorte.com\/wp-content\/uploads\/2024\/05\/abian-jpeg.webp","type":"image\/jpeg"}],"author":"InfoEnn","twitter_card":"summary_large_image","twitter_creator":"@Elnuevo_norte","twitter_site":"@Elnuevo_norte","twitter_misc":{"Written by":"InfoEnn","Est. reading time":"3 minutos"},"schema":{"@context":"https:\/\/schema.org","@graph":[{"@type":"Article","@id":"https:\/\/infoelnuevonorte.com\/?p=20022#article","isPartOf":{"@id":"https:\/\/infoelnuevonorte.com\/?p=20022"},"author":{"name":"InfoEnn","@id":"https:\/\/infoelnuevonorte.com\/#\/schema\/person\/fd4f6d90afe41260818b4ea94ad8ab84"},"headline":"Abinader habla de uso de helic\u00f3ptero de familia de Miky L\u00f3pez en 2020","datePublished":"2024-05-01T15:49:32+00:00","dateModified":"2024-05-01T15:49:34+00:00","mainEntityOfPage":{"@id":"https:\/\/infoelnuevonorte.com\/?p=20022"},"wordCount":492,"publisher":{"@id":"https:\/\/infoelnuevonorte.com\/#organization"},"image":{"@id":"https:\/\/infoelnuevonorte.com\/?p=20022#primaryimage"},"thumbnailUrl":"https:\/\/listindiario.com\/files\/composite_image\/files\/fp\/uploads\/2024\/04\/30\/6631aae50f3d8.r_d.1500-1000.jpeg","articleSection":["Nacionales"],"inLanguage":"es-DO"},{"@type":"WebPage","@id":"https:\/\/infoelnuevonorte.com\/?p=20022","url":"https:\/\/infoelnuevonorte.com\/?p=20022","name":"Abinader habla de uso de helic\u00f3ptero de familia de Miky L\u00f3pez en 2020 | El Nuevo Norte","isPartOf":{"@id":"https:\/\/infoelnuevonorte.com\/#website"},"primaryImageOfPage":{"@id":"https:\/\/infoelnuevonorte.com\/?p=20022#primaryimage"},"image":{"@id":"https:\/\/infoelnuevonorte.com\/?p=20022#primaryimage"},"thumbnailUrl":"https:\/\/listindiario.com\/files\/composite_image\/files\/fp\/uploads\/2024\/04\/30\/6631aae50f3d8.r_d.1500-1000.jpeg","datePublished":"2024-05-01T15:49:32+00:00","dateModified":"2024-05-01T15:49:34+00:00","breadcrumb":{"@id":"https:\/\/infoelnuevonorte.com\/?p=20022#breadcrumb"},"inLanguage":"es-DO","potentialAction":[{"@type":"ReadAction","target":["https:\/\/infoelnuevonorte.com\/?p=20022"]}]},{"@type":"ImageObject","inLanguage":"es-DO","@id":"https:\/\/infoelnuevonorte.com\/?p=20022#primaryimage","url":"https:\/\/listindiario.com\/files\/composite_image\/files\/fp\/uploads\/2024\/04\/30\/6631aae50f3d8.r_d.1500-1000.jpeg","contentUrl":"https:\/\/listindiario.com\/files\/composite_image\/files\/fp\/uploads\/2024\/04\/30\/6631aae50f3d8.r_d.1500-1000.jpeg"},{"@type":"BreadcrumbList","@id":"https:\/\/infoelnuevonorte.com\/?p=20022#breadcrumb","itemListElement":[{"@type":"ListItem","position":1,"name":"Home","item":"https:\/\/infoelnuevonorte.com\/"},{"@type":"ListItem","position":2,"name":"Abinader habla de uso de helic\u00f3ptero de familia de Miky L\u00f3pez en 2020"}]},{"@type":"WebSite","@id":"https:\/\/infoelnuevonorte.com\/#website","url":"https:\/\/infoelnuevonorte.com\/","name":"InfoEnn","description":"Tu Voz, tu Verdad, tu Diario!!!","publisher":{"@id":"https:\/\/infoelnuevonorte.com\/#organization"},"alternateName":"El Nuevo Norte","potentialAction":[{"@type":"SearchAction","target":{"@type":"EntryPoint","urlTemplate":"https:\/\/infoelnuevonorte.com\/?s={search_term_string}"},"query-input":{"@type":"PropertyValueSpecification","valueRequired":true,"valueName":"search_term_string"}}],"inLanguage":"es-DO"},{"@type":"Organization","@id":"https:\/\/infoelnuevonorte.com\/#organization","name":"Info El Nuevo Norte","alternateName":"El Nuevo Norte","url":"https:\/\/infoelnuevonorte.com\/","logo":{"@type":"ImageObject","inLanguage":"es-DO","@id":"https:\/\/infoelnuevonorte.com\/#\/schema\/logo\/image\/","url":"https:\/\/infoelnuevonorte.com\/wp-content\/uploads\/2026\/02\/Logo-Info-enn-3d-20ani.jpeg","contentUrl":"https:\/\/infoelnuevonorte.com\/wp-content\/uploads\/2026\/02\/Logo-Info-enn-3d-20ani.jpeg","width":2046,"height":736,"caption":"Info El Nuevo Norte"},"image":{"@id":"https:\/\/infoelnuevonorte.com\/#\/schema\/logo\/image\/"},"sameAs":["https:\/\/www.facebook.com\/infoenn","https:\/\/x.com\/Elnuevo_norte","https:\/\/www.instagram.com\/infoenn","https:\/\/www.facebook.com\/ENNRD"]},{"@type":"Person","@id":"https:\/\/infoelnuevonorte.com\/#\/schema\/person\/fd4f6d90afe41260818b4ea94ad8ab84","name":"InfoEnn","image":{"@type":"ImageObject","inLanguage":"es-DO","@id":"https:\/\/infoelnuevonorte.com\/#\/schema\/person\/image\/","url":"https:\/\/secure.gravatar.com\/avatar\/d4d760a41a48ba9db0a82bfb63bb0783?s=96&d=robohash&r=g","contentUrl":"https:\/\/secure.gravatar.com\/avatar\/d4d760a41a48ba9db0a82bfb63bb0783?s=96&d=robohash&r=g","caption":"InfoEnn"},"sameAs":["https:\/\/infoelnuevonorte.com"],"url":"https:\/\/infoelnuevonorte.com\/?author=1"}]}},"_links":{"self":[{"href":"https:\/\/infoelnuevonorte.com\/index.php?rest_route=\/wp\/v2\/posts\/20022"}],"collection":[{"href":"https:\/\/infoelnuevonorte.com\/index.php?rest_route=\/wp\/v2\/posts"}],"about":[{"href":"https:\/\/infoelnuevonorte.com\/index.php?rest_route=\/wp\/v2\/types\/post"}],"author":[{"embeddable":true,"href":"https:\/\/infoelnuevonorte.com\/index.php?rest_route=\/wp\/v2\/users\/1"}],"replies":[{"embeddable":true,"href":"https:\/\/infoelnuevonorte.com\/index.php?rest_route=%2Fwp%2Fv2%2Fcomments&post=20022"}],"version-history":[{"count":0,"href":"https:\/\/infoelnuevonorte.com\/index.php?rest_route=\/wp\/v2\/posts\/20022\/revisions"}],"wp:attachment":[{"href":"https:\/\/infoelnuevonorte.com\/index.php?rest_route=%2Fwp%2Fv2%2Fmedia&parent=20022"}],"wp:term":[{"taxonomy":"category","embeddable":true,"href":"https:\/\/infoelnuevonorte.com\/index.php?rest_route=%2Fwp%2Fv2%2Fcategories&post=20022"},{"taxonomy":"post_tag","embeddable":true,"href":"https:\/\/infoelnuevonorte.com\/index.php?rest_route=%2Fwp%2Fv2%2Ftags&post=20022"}],"curies":[{"name":"wp","href":"https:\/\/api.w.org\/{rel}","templated":true}]}}