{"id":20026,"date":"2024-05-01T11:55:18","date_gmt":"2024-05-01T15:55:18","guid":{"rendered":"https:\/\/infoelnuevonorte.com\/?p=20026"},"modified":"2024-05-01T11:55:20","modified_gmt":"2024-05-01T15:55:20","slug":"coe-mantiene-2-provincias-en-alerta-amarilla-y-aumenta-12-a-alerta-verde","status":"publish","type":"post","link":"https:\/\/infoelnuevonorte.com\/?p=20026","title":{"rendered":"COE mantiene 2 provincias en alerta amarilla y aumenta 12 a alerta verde"},"content":{"rendered":"<!--[if lt IE 9]><script>document.createElement('audio');<\/script><![endif]-->\n<audio class=\"wp-audio-shortcode\" id=\"audio-20026-1\" preload=\"none\" style=\"width: 100%;\" controls=\"controls\"><source type=\"audio\/mpeg\" src=\"https:\/\/infoelnuevonorte.com\/wp-content\/uploads\/2024\/05\/ttsmaker-file-2024-5-1-11-54-48.mp3?_=1\" \/><a href=\"https:\/\/infoelnuevonorte.com\/wp-content\/uploads\/2024\/05\/ttsmaker-file-2024-5-1-11-54-48.mp3\">https:\/\/infoelnuevonorte.com\/wp-content\/uploads\/2024\/05\/ttsmaker-file-2024-5-1-11-54-48.mp3<\/a><\/audio>\n<p style=\"text-align: justify;\">El <strong>Centro de Operaciones de Emergencias (COE)<\/strong> mantiene este mi\u00e9rcoles 2 provincias en alerta amarilla y aumenta 12 y al Distrito Nacional en verde, debido a que hoy, inicia oficialmente la temporada convectiva sobre el pa\u00eds extendi\u00e9ndose durante mayo, junio y julio, la cual pone de manifiesto las altas temperaturas.<\/p>\n<p style=\"text-align: justify;\">Las provincias en<strong> alerta amarilla <\/strong>son: Mar\u00eda Trinidad S\u00e1nchez y Duarte.<\/p>\n<p style=\"text-align: justify;\">En <strong>alerta verde<\/strong> est\u00e1n: Santiago, Hermanas Mirabal, Monte Plata, Monse\u00f1or Nouel, Puerto Plata, Espaillat, S\u00e1nchez Ram\u00edrez, La Altagracia, La Vega, El Seibo, Hato Mayor, Santo Domingo y Distrito Nacional.<\/p>\n<p style=\"text-align: justify;\">En ese sentido, la entidad recomend\u00f3 a las personas abstenerse de cruzar, r\u00edos, arroyos y ca\u00f1adas que presenten altos vol\u00famenes de agua en las provincias bajo alerta.<\/p>\n<p style=\"text-align: justify;\">Asimismo, dijo a los operadores de las fr\u00e1giles, peque\u00f1as y medianas embarcaciones de la costa Atl\u00e1ntica, as\u00ed como los organismos de primera respuesta, darle un estricto seguimiento a la prohibici\u00f3n y restricci\u00f3n contenida en el informe marino la Oficina Nacional de Meteorolog\u00eda (ONAMET).<\/p>\n","protected":false},"excerpt":{"rendered":"<p>El Centro de Operaciones de Emergencias (COE) mantiene este mi\u00e9rcoles 2 provincias en alerta amarilla y aumenta 12 y al Distrito Nacional en verde, debido a que hoy, inicia oficialmente la temporada convectiva sobre el pa\u00eds extendi\u00e9ndose durante mayo, junio y julio, la cual pone de manifiesto las altas temperaturas. Las provincias en alerta amarilla [&hellip;]<\/p>\n","protected":false},"author":1,"featured_media":0,"comment_status":"closed","ping_status":"open","sticky":false,"template":"","format":"standard","meta":{"footnotes":""},"categories":[4],"tags":[],"yoast_head":"<!-- This site is optimized with the Yoast SEO plugin v24.5 - https:\/\/yoast.com\/wordpress\/plugins\/seo\/ -->\n<title>COE mantiene 2 provincias en alerta amarilla y aumenta 12 a alerta verde | El Nuevo Norte<\/title>\n<meta name=\"robots\" content=\"index, follow, max-snippet:-1, max-image-preview:large, max-video-preview:-1\" \/>\n<link rel=\"canonical\" href=\"https:\/\/infoelnuevonorte.com\/?p=20026\" \/>\n<meta property=\"og:locale\" content=\"es_ES\" \/>\n<meta property=\"og:type\" content=\"article\" \/>\n<meta property=\"og:title\" content=\"COE mantiene 2 provincias en alerta amarilla y aumenta 12 a alerta verde | El Nuevo Norte\" \/>\n<meta property=\"og:description\" content=\"El Centro de Operaciones de Emergencias (COE) mantiene este mi\u00e9rcoles 2 provincias en alerta amarilla y aumenta 12 y al Distrito Nacional en verde, debido a que hoy, inicia oficialmente la temporada convectiva sobre el pa\u00eds extendi\u00e9ndose durante mayo, junio y julio, la cual pone de manifiesto las altas temperaturas. Las provincias en alerta amarilla [&hellip;]\" \/>\n<meta property=\"og:url\" content=\"https:\/\/infoelnuevonorte.com\/?p=20026\" \/>\n<meta property=\"og:site_name\" content=\"El Nuevo Norte\" \/>\n<meta property=\"article:publisher\" content=\"https:\/\/www.facebook.com\/infoenn\" \/>\n<meta property=\"article:published_time\" content=\"2024-05-01T15:55:18+00:00\" \/>\n<meta property=\"article:modified_time\" content=\"2024-05-01T15:55:20+00:00\" \/>\n<meta property=\"og:image\" content=\"https:\/\/infoelnuevonorte.com\/wp-content\/uploads\/2024\/05\/coe-alerta-jpg.webp\" \/>\n\t<meta property=\"og:image:width\" content=\"792\" \/>\n\t<meta property=\"og:image:height\" content=\"514\" \/>\n\t<meta property=\"og:image:type\" content=\"image\/jpeg\" \/>\n<meta name=\"author\" content=\"InfoEnn\" \/>\n<meta name=\"twitter:card\" content=\"summary_large_image\" \/>\n<meta name=\"twitter:creator\" content=\"@Elnuevo_norte\" \/>\n<meta name=\"twitter:site\" content=\"@Elnuevo_norte\" \/>\n<meta name=\"twitter:label1\" content=\"Written by\" \/>\n\t<meta name=\"twitter:data1\" content=\"InfoEnn\" \/>\n\t<meta name=\"twitter:label2\" content=\"Est. reading time\" \/>\n\t<meta name=\"twitter:data2\" content=\"1 minuto\" \/>\n<script type=\"application\/ld+json\" class=\"yoast-schema-graph\">{\"@context\":\"https:\/\/schema.org\",\"@graph\":[{\"@type\":\"Article\",\"@id\":\"https:\/\/infoelnuevonorte.com\/?p=20026#article\",\"isPartOf\":{\"@id\":\"https:\/\/infoelnuevonorte.com\/?p=20026\"},\"author\":{\"name\":\"InfoEnn\",\"@id\":\"https:\/\/infoelnuevonorte.com\/#\/schema\/person\/fd4f6d90afe41260818b4ea94ad8ab84\"},\"headline\":\"COE mantiene 2 provincias en alerta amarilla y aumenta 12 a alerta verde\",\"datePublished\":\"2024-05-01T15:55:18+00:00\",\"dateModified\":\"2024-05-01T15:55:20+00:00\",\"mainEntityOfPage\":{\"@id\":\"https:\/\/infoelnuevonorte.com\/?p=20026\"},\"wordCount\":202,\"publisher\":{\"@id\":\"https:\/\/infoelnuevonorte.com\/#organization\"},\"articleSection\":[\"El Clima\"],\"inLanguage\":\"es-DO\"},{\"@type\":\"WebPage\",\"@id\":\"https:\/\/infoelnuevonorte.com\/?p=20026\",\"url\":\"https:\/\/infoelnuevonorte.com\/?p=20026\",\"name\":\"COE mantiene 2 provincias en alerta amarilla y aumenta 12 a alerta verde | El Nuevo Norte\",\"isPartOf\":{\"@id\":\"https:\/\/infoelnuevonorte.com\/#website\"},\"datePublished\":\"2024-05-01T15:55:18+00:00\",\"dateModified\":\"2024-05-01T15:55:20+00:00\",\"breadcrumb\":{\"@id\":\"https:\/\/infoelnuevonorte.com\/?p=20026#breadcrumb\"},\"inLanguage\":\"es-DO\",\"potentialAction\":[{\"@type\":\"ReadAction\",\"target\":[\"https:\/\/infoelnuevonorte.com\/?p=20026\"]}]},{\"@type\":\"BreadcrumbList\",\"@id\":\"https:\/\/infoelnuevonorte.com\/?p=20026#breadcrumb\",\"itemListElement\":[{\"@type\":\"ListItem\",\"position\":1,\"name\":\"Home\",\"item\":\"https:\/\/infoelnuevonorte.com\/\"},{\"@type\":\"ListItem\",\"position\":2,\"name\":\"COE mantiene 2 provincias en alerta amarilla y aumenta 12 a alerta verde\"}]},{\"@type\":\"WebSite\",\"@id\":\"https:\/\/infoelnuevonorte.com\/#website\",\"url\":\"https:\/\/infoelnuevonorte.com\/\",\"name\":\"InfoEnn\",\"description\":\"Tu Voz, tu Verdad, tu Diario!!!\",\"publisher\":{\"@id\":\"https:\/\/infoelnuevonorte.com\/#organization\"},\"alternateName\":\"El Nuevo Norte\",\"potentialAction\":[{\"@type\":\"SearchAction\",\"target\":{\"@type\":\"EntryPoint\",\"urlTemplate\":\"https:\/\/infoelnuevonorte.com\/?s={search_term_string}\"},\"query-input\":{\"@type\":\"PropertyValueSpecification\",\"valueRequired\":true,\"valueName\":\"search_term_string\"}}],\"inLanguage\":\"es-DO\"},{\"@type\":\"Organization\",\"@id\":\"https:\/\/infoelnuevonorte.com\/#organization\",\"name\":\"Info El Nuevo Norte\",\"alternateName\":\"El Nuevo Norte\",\"url\":\"https:\/\/infoelnuevonorte.com\/\",\"logo\":{\"@type\":\"ImageObject\",\"inLanguage\":\"es-DO\",\"@id\":\"https:\/\/infoelnuevonorte.com\/#\/schema\/logo\/image\/\",\"url\":\"https:\/\/infoelnuevonorte.com\/wp-content\/uploads\/2026\/02\/Logo-Info-enn-3d-20ani.jpeg\",\"contentUrl\":\"https:\/\/infoelnuevonorte.com\/wp-content\/uploads\/2026\/02\/Logo-Info-enn-3d-20ani.jpeg\",\"width\":2046,\"height\":736,\"caption\":\"Info El Nuevo Norte\"},\"image\":{\"@id\":\"https:\/\/infoelnuevonorte.com\/#\/schema\/logo\/image\/\"},\"sameAs\":[\"https:\/\/www.facebook.com\/infoenn\",\"https:\/\/x.com\/Elnuevo_norte\",\"https:\/\/www.instagram.com\/infoenn\",\"https:\/\/www.facebook.com\/ENNRD\"]},{\"@type\":\"Person\",\"@id\":\"https:\/\/infoelnuevonorte.com\/#\/schema\/person\/fd4f6d90afe41260818b4ea94ad8ab84\",\"name\":\"InfoEnn\",\"image\":{\"@type\":\"ImageObject\",\"inLanguage\":\"es-DO\",\"@id\":\"https:\/\/infoelnuevonorte.com\/#\/schema\/person\/image\/\",\"url\":\"https:\/\/secure.gravatar.com\/avatar\/d4d760a41a48ba9db0a82bfb63bb0783?s=96&d=robohash&r=g\",\"contentUrl\":\"https:\/\/secure.gravatar.com\/avatar\/d4d760a41a48ba9db0a82bfb63bb0783?s=96&d=robohash&r=g\",\"caption\":\"InfoEnn\"},\"sameAs\":[\"https:\/\/infoelnuevonorte.com\"],\"url\":\"https:\/\/infoelnuevonorte.com\/?author=1\"}]}<\/script>\n<!-- \/ Yoast SEO plugin. -->","yoast_head_json":{"title":"COE mantiene 2 provincias en alerta amarilla y aumenta 12 a alerta verde | El Nuevo Norte","robots":{"index":"index","follow":"follow","max-snippet":"max-snippet:-1","max-image-preview":"max-image-preview:large","max-video-preview":"max-video-preview:-1"},"canonical":"https:\/\/infoelnuevonorte.com\/?p=20026","og_locale":"es_ES","og_type":"article","og_title":"COE mantiene 2 provincias en alerta amarilla y aumenta 12 a alerta verde | El Nuevo Norte","og_description":"El Centro de Operaciones de Emergencias (COE) mantiene este mi\u00e9rcoles 2 provincias en alerta amarilla y aumenta 12 y al Distrito Nacional en verde, debido a que hoy, inicia oficialmente la temporada convectiva sobre el pa\u00eds extendi\u00e9ndose durante mayo, junio y julio, la cual pone de manifiesto las altas temperaturas. Las provincias en alerta amarilla [&hellip;]","og_url":"https:\/\/infoelnuevonorte.com\/?p=20026","og_site_name":"El Nuevo Norte","article_publisher":"https:\/\/www.facebook.com\/infoenn","article_published_time":"2024-05-01T15:55:18+00:00","article_modified_time":"2024-05-01T15:55:20+00:00","og_image":[{"width":792,"height":514,"url":"https:\/\/infoelnuevonorte.com\/wp-content\/uploads\/2024\/05\/coe-alerta-jpg.webp","type":"image\/jpeg"}],"author":"InfoEnn","twitter_card":"summary_large_image","twitter_creator":"@Elnuevo_norte","twitter_site":"@Elnuevo_norte","twitter_misc":{"Written by":"InfoEnn","Est. reading time":"1 minuto"},"schema":{"@context":"https:\/\/schema.org","@graph":[{"@type":"Article","@id":"https:\/\/infoelnuevonorte.com\/?p=20026#article","isPartOf":{"@id":"https:\/\/infoelnuevonorte.com\/?p=20026"},"author":{"name":"InfoEnn","@id":"https:\/\/infoelnuevonorte.com\/#\/schema\/person\/fd4f6d90afe41260818b4ea94ad8ab84"},"headline":"COE mantiene 2 provincias en alerta amarilla y aumenta 12 a alerta verde","datePublished":"2024-05-01T15:55:18+00:00","dateModified":"2024-05-01T15:55:20+00:00","mainEntityOfPage":{"@id":"https:\/\/infoelnuevonorte.com\/?p=20026"},"wordCount":202,"publisher":{"@id":"https:\/\/infoelnuevonorte.com\/#organization"},"articleSection":["El Clima"],"inLanguage":"es-DO"},{"@type":"WebPage","@id":"https:\/\/infoelnuevonorte.com\/?p=20026","url":"https:\/\/infoelnuevonorte.com\/?p=20026","name":"COE mantiene 2 provincias en alerta amarilla y aumenta 12 a alerta verde | El Nuevo Norte","isPartOf":{"@id":"https:\/\/infoelnuevonorte.com\/#website"},"datePublished":"2024-05-01T15:55:18+00:00","dateModified":"2024-05-01T15:55:20+00:00","breadcrumb":{"@id":"https:\/\/infoelnuevonorte.com\/?p=20026#breadcrumb"},"inLanguage":"es-DO","potentialAction":[{"@type":"ReadAction","target":["https:\/\/infoelnuevonorte.com\/?p=20026"]}]},{"@type":"BreadcrumbList","@id":"https:\/\/infoelnuevonorte.com\/?p=20026#breadcrumb","itemListElement":[{"@type":"ListItem","position":1,"name":"Home","item":"https:\/\/infoelnuevonorte.com\/"},{"@type":"ListItem","position":2,"name":"COE mantiene 2 provincias en alerta amarilla y aumenta 12 a alerta verde"}]},{"@type":"WebSite","@id":"https:\/\/infoelnuevonorte.com\/#website","url":"https:\/\/infoelnuevonorte.com\/","name":"InfoEnn","description":"Tu Voz, tu Verdad, tu Diario!!!","publisher":{"@id":"https:\/\/infoelnuevonorte.com\/#organization"},"alternateName":"El Nuevo Norte","potentialAction":[{"@type":"SearchAction","target":{"@type":"EntryPoint","urlTemplate":"https:\/\/infoelnuevonorte.com\/?s={search_term_string}"},"query-input":{"@type":"PropertyValueSpecification","valueRequired":true,"valueName":"search_term_string"}}],"inLanguage":"es-DO"},{"@type":"Organization","@id":"https:\/\/infoelnuevonorte.com\/#organization","name":"Info El Nuevo Norte","alternateName":"El Nuevo Norte","url":"https:\/\/infoelnuevonorte.com\/","logo":{"@type":"ImageObject","inLanguage":"es-DO","@id":"https:\/\/infoelnuevonorte.com\/#\/schema\/logo\/image\/","url":"https:\/\/infoelnuevonorte.com\/wp-content\/uploads\/2026\/02\/Logo-Info-enn-3d-20ani.jpeg","contentUrl":"https:\/\/infoelnuevonorte.com\/wp-content\/uploads\/2026\/02\/Logo-Info-enn-3d-20ani.jpeg","width":2046,"height":736,"caption":"Info El Nuevo Norte"},"image":{"@id":"https:\/\/infoelnuevonorte.com\/#\/schema\/logo\/image\/"},"sameAs":["https:\/\/www.facebook.com\/infoenn","https:\/\/x.com\/Elnuevo_norte","https:\/\/www.instagram.com\/infoenn","https:\/\/www.facebook.com\/ENNRD"]},{"@type":"Person","@id":"https:\/\/infoelnuevonorte.com\/#\/schema\/person\/fd4f6d90afe41260818b4ea94ad8ab84","name":"InfoEnn","image":{"@type":"ImageObject","inLanguage":"es-DO","@id":"https:\/\/infoelnuevonorte.com\/#\/schema\/person\/image\/","url":"https:\/\/secure.gravatar.com\/avatar\/d4d760a41a48ba9db0a82bfb63bb0783?s=96&d=robohash&r=g","contentUrl":"https:\/\/secure.gravatar.com\/avatar\/d4d760a41a48ba9db0a82bfb63bb0783?s=96&d=robohash&r=g","caption":"InfoEnn"},"sameAs":["https:\/\/infoelnuevonorte.com"],"url":"https:\/\/infoelnuevonorte.com\/?author=1"}]}},"_links":{"self":[{"href":"https:\/\/infoelnuevonorte.com\/index.php?rest_route=\/wp\/v2\/posts\/20026"}],"collection":[{"href":"https:\/\/infoelnuevonorte.com\/index.php?rest_route=\/wp\/v2\/posts"}],"about":[{"href":"https:\/\/infoelnuevonorte.com\/index.php?rest_route=\/wp\/v2\/types\/post"}],"author":[{"embeddable":true,"href":"https:\/\/infoelnuevonorte.com\/index.php?rest_route=\/wp\/v2\/users\/1"}],"replies":[{"embeddable":true,"href":"https:\/\/infoelnuevonorte.com\/index.php?rest_route=%2Fwp%2Fv2%2Fcomments&post=20026"}],"version-history":[{"count":0,"href":"https:\/\/infoelnuevonorte.com\/index.php?rest_route=\/wp\/v2\/posts\/20026\/revisions"}],"wp:attachment":[{"href":"https:\/\/infoelnuevonorte.com\/index.php?rest_route=%2Fwp%2Fv2%2Fmedia&parent=20026"}],"wp:term":[{"taxonomy":"category","embeddable":true,"href":"https:\/\/infoelnuevonorte.com\/index.php?rest_route=%2Fwp%2Fv2%2Fcategories&post=20026"},{"taxonomy":"post_tag","embeddable":true,"href":"https:\/\/infoelnuevonorte.com\/index.php?rest_route=%2Fwp%2Fv2%2Ftags&post=20026"}],"curies":[{"name":"wp","href":"https:\/\/api.w.org\/{rel}","templated":true}]}}