{"id":20312,"date":"2024-05-03T11:16:28","date_gmt":"2024-05-03T15:16:28","guid":{"rendered":"https:\/\/infoelnuevonorte.com\/?p=20312"},"modified":"2024-05-03T11:16:31","modified_gmt":"2024-05-03T15:16:31","slug":"zoraima-se-compromete-a-ofrecer-condiciones-para-que-periodistas-sigan-siendo-guardianes-de-la-democracia","status":"publish","type":"post","link":"https:\/\/infoelnuevonorte.com\/?p=20312","title":{"rendered":"Zoraima se compromete a ofrecer condiciones para que periodistas sigan siendo \"guardianes de la democracia\""},"content":{"rendered":"<div class=\"content\">\n<div class=\"moz-reader-content reader-show-element\">\n<div id=\"readability-page-1\" class=\"page\">\n<div>\n<p style=\"text-align: justify;\">La candidata vicepresidencial del Partido de la Liberaci\u00f3n Dominicana (<a href=\"https:\/\/pld.org.do\/\">PLD<\/a>), <strong>Zoraima Cuello<\/strong> se comprometi\u00f3 este viernes a ofrecer las<strong> condiciones necesarias<\/strong> para que los <strong>periodistas del pa\u00eds sigan siendo \u201cguardianes de la democracia\u201d.\u00a0<\/strong><\/p>\n<p style=\"text-align: justify;\">A prop\u00f3sito de que hoy se celebra el<strong> D\u00eda Mundial de la Libertad de Prensa<\/strong>, Cuello reiter\u00f3 su compromiso con la verdad y la transparencia.<\/p>\n<p style=\"text-align: justify;\">Estas declaraciones fueron ofrecidas a trav\u00e9s de su cuenta X (antes Twitter), donde adem\u00e1s resalt\u00f3 que \u201clas sociedades son justas y las democracias leg\u00edtimas, en la medida que los medios de comunicaci\u00f3n tienen las garantias de informar a la ciudadan\u00eda sin restricciones\u201d.<\/p>\n<div style=\"text-align: justify;\">\n<blockquote data-width=\"550\" data-dnt=\"true\">\n<p dir=\"ltr\" lang=\"es\">Las sociedades son justas y las democracias leg\u00edtimas, en la medida que los medios de comunicaci\u00f3n tienen las garantias de informar a la ciudadan\u00eda sin restricciones.<\/p>\n<p>Este D\u00eda Mundial de la Libertad de Prensa reitero mi compromiso con la verdad, la transparencia y con ofrecer\u2026<\/p>\n<p>\u2014 Zoraima Cuello (@ZoraimaCuello) <a href=\"https:\/\/twitter.com\/ZoraimaCuello\/status\/1786384117719863639?ref_src=twsrc%5Etfw\">May 3, 2024<\/a><\/p><\/blockquote>\n<\/div>\n<p style=\"text-align: justify;\">Este 3 de mayo, D\u00eda Mundial de la Libertad de Prensa, en un acto de cohesi\u00f3n, con convicci\u00f3n y prop\u00f3sito, todos los medios de informaci\u00f3n de habla hispana y portuguesa \u2014miembros de las Asociaciones de medios de Argentina (ADEPA), Brasil (ANJ), Colombia (AMI), Chile (ANP), Ecuador (AEDEP), Espa\u00f1a (AMI), M\u00e9xico (Alianza de Medios MX), Per\u00fa (CPP), Portugal (APIMPRENSA), de los pa\u00edses latinoamericanos que integran la SIP-IAPA (Sociedad Interamericana de Prensa) y WAN-IFRA (Asociaci\u00f3n Mundial de Editores de Noticias)\u2014\u00a0<strong>renovamos nuestros compromisos con el deber de ejercer el periodismo con responsabilidad para producirlo con excelencia, honestidad y transparencia.<\/strong><\/p>\n<\/div>\n<\/div>\n<\/div>\n<\/div>\n","protected":false},"excerpt":{"rendered":"<p>La candidata vicepresidencial del Partido de la Liberaci\u00f3n Dominicana (PLD), Zoraima Cuello se comprometi\u00f3 este viernes a ofrecer las condiciones necesarias para que los periodistas del pa\u00eds sigan siendo \u201cguardianes de la democracia\u201d.\u00a0 A prop\u00f3sito de que hoy se celebra el D\u00eda Mundial de la Libertad de Prensa, Cuello reiter\u00f3 su compromiso con la verdad [&hellip;]<\/p>\n","protected":false},"author":1,"featured_media":0,"comment_status":"closed","ping_status":"open","sticky":false,"template":"","format":"standard","meta":{"footnotes":""},"categories":[8],"tags":[],"yoast_head":"<!-- This site is optimized with the Yoast SEO plugin v24.5 - https:\/\/yoast.com\/wordpress\/plugins\/seo\/ -->\n<title>Zoraima se compromete a ofrecer condiciones para que periodistas sigan siendo &quot;guardianes de la democracia&quot; | El Nuevo Norte<\/title>\n<meta name=\"robots\" content=\"index, follow, max-snippet:-1, max-image-preview:large, max-video-preview:-1\" \/>\n<link rel=\"canonical\" href=\"https:\/\/infoelnuevonorte.com\/?p=20312\" \/>\n<meta property=\"og:locale\" content=\"es_ES\" \/>\n<meta property=\"og:type\" content=\"article\" \/>\n<meta property=\"og:title\" content=\"Zoraima se compromete a ofrecer condiciones para que periodistas sigan siendo &quot;guardianes de la democracia&quot; | El Nuevo Norte\" \/>\n<meta property=\"og:description\" content=\"La candidata vicepresidencial del Partido de la Liberaci\u00f3n Dominicana (PLD), Zoraima Cuello se comprometi\u00f3 este viernes a ofrecer las condiciones necesarias para que los periodistas del pa\u00eds sigan siendo \u201cguardianes de la democracia\u201d.\u00a0 A prop\u00f3sito de que hoy se celebra el D\u00eda Mundial de la Libertad de Prensa, Cuello reiter\u00f3 su compromiso con la verdad [&hellip;]\" \/>\n<meta property=\"og:url\" content=\"https:\/\/infoelnuevonorte.com\/?p=20312\" \/>\n<meta property=\"og:site_name\" content=\"El Nuevo Norte\" \/>\n<meta property=\"article:publisher\" content=\"https:\/\/www.facebook.com\/infoenn\" \/>\n<meta property=\"article:published_time\" content=\"2024-05-03T15:16:28+00:00\" \/>\n<meta property=\"article:modified_time\" content=\"2024-05-03T15:16:31+00:00\" \/>\n<meta property=\"og:image\" content=\"https:\/\/infoelnuevonorte.com\/wp-content\/uploads\/2024\/05\/ZORAIMA-DGII-DGA-1140x694-1-jpeg.webp\" \/>\n\t<meta property=\"og:image:width\" content=\"1140\" \/>\n\t<meta property=\"og:image:height\" content=\"694\" \/>\n\t<meta property=\"og:image:type\" content=\"image\/jpeg\" \/>\n<meta name=\"author\" content=\"InfoEnn\" \/>\n<meta name=\"twitter:card\" content=\"summary_large_image\" \/>\n<meta name=\"twitter:creator\" content=\"@Elnuevo_norte\" \/>\n<meta name=\"twitter:site\" content=\"@Elnuevo_norte\" \/>\n<meta name=\"twitter:label1\" content=\"Written by\" \/>\n\t<meta name=\"twitter:data1\" content=\"InfoEnn\" \/>\n\t<meta name=\"twitter:label2\" content=\"Est. reading time\" \/>\n\t<meta name=\"twitter:data2\" content=\"2 minutos\" \/>\n<script type=\"application\/ld+json\" class=\"yoast-schema-graph\">{\"@context\":\"https:\/\/schema.org\",\"@graph\":[{\"@type\":\"Article\",\"@id\":\"https:\/\/infoelnuevonorte.com\/?p=20312#article\",\"isPartOf\":{\"@id\":\"https:\/\/infoelnuevonorte.com\/?p=20312\"},\"author\":{\"name\":\"InfoEnn\",\"@id\":\"https:\/\/infoelnuevonorte.com\/#\/schema\/person\/fd4f6d90afe41260818b4ea94ad8ab84\"},\"headline\":\"Zoraima se compromete a ofrecer condiciones para que periodistas sigan siendo \\\"guardianes de la democracia\\\"\",\"datePublished\":\"2024-05-03T15:16:28+00:00\",\"dateModified\":\"2024-05-03T15:16:31+00:00\",\"mainEntityOfPage\":{\"@id\":\"https:\/\/infoelnuevonorte.com\/?p=20312\"},\"wordCount\":282,\"publisher\":{\"@id\":\"https:\/\/infoelnuevonorte.com\/#organization\"},\"articleSection\":[\"Nacionales\"],\"inLanguage\":\"es-DO\"},{\"@type\":\"WebPage\",\"@id\":\"https:\/\/infoelnuevonorte.com\/?p=20312\",\"url\":\"https:\/\/infoelnuevonorte.com\/?p=20312\",\"name\":\"Zoraima se compromete a ofrecer condiciones para que periodistas sigan siendo \\\"guardianes de la democracia\\\" | El Nuevo Norte\",\"isPartOf\":{\"@id\":\"https:\/\/infoelnuevonorte.com\/#website\"},\"datePublished\":\"2024-05-03T15:16:28+00:00\",\"dateModified\":\"2024-05-03T15:16:31+00:00\",\"breadcrumb\":{\"@id\":\"https:\/\/infoelnuevonorte.com\/?p=20312#breadcrumb\"},\"inLanguage\":\"es-DO\",\"potentialAction\":[{\"@type\":\"ReadAction\",\"target\":[\"https:\/\/infoelnuevonorte.com\/?p=20312\"]}]},{\"@type\":\"BreadcrumbList\",\"@id\":\"https:\/\/infoelnuevonorte.com\/?p=20312#breadcrumb\",\"itemListElement\":[{\"@type\":\"ListItem\",\"position\":1,\"name\":\"Home\",\"item\":\"https:\/\/infoelnuevonorte.com\/\"},{\"@type\":\"ListItem\",\"position\":2,\"name\":\"Zoraima se compromete a ofrecer condiciones para que periodistas sigan siendo &#8220;guardianes de la democracia&#8221;\"}]},{\"@type\":\"WebSite\",\"@id\":\"https:\/\/infoelnuevonorte.com\/#website\",\"url\":\"https:\/\/infoelnuevonorte.com\/\",\"name\":\"InfoEnn\",\"description\":\"Tu Voz, tu Verdad, tu Diario!!!\",\"publisher\":{\"@id\":\"https:\/\/infoelnuevonorte.com\/#organization\"},\"alternateName\":\"El Nuevo Norte\",\"potentialAction\":[{\"@type\":\"SearchAction\",\"target\":{\"@type\":\"EntryPoint\",\"urlTemplate\":\"https:\/\/infoelnuevonorte.com\/?s={search_term_string}\"},\"query-input\":{\"@type\":\"PropertyValueSpecification\",\"valueRequired\":true,\"valueName\":\"search_term_string\"}}],\"inLanguage\":\"es-DO\"},{\"@type\":\"Organization\",\"@id\":\"https:\/\/infoelnuevonorte.com\/#organization\",\"name\":\"Info El Nuevo Norte\",\"alternateName\":\"El Nuevo Norte\",\"url\":\"https:\/\/infoelnuevonorte.com\/\",\"logo\":{\"@type\":\"ImageObject\",\"inLanguage\":\"es-DO\",\"@id\":\"https:\/\/infoelnuevonorte.com\/#\/schema\/logo\/image\/\",\"url\":\"https:\/\/infoelnuevonorte.com\/wp-content\/uploads\/2026\/02\/Logo-Info-enn-3d-20ani.jpeg\",\"contentUrl\":\"https:\/\/infoelnuevonorte.com\/wp-content\/uploads\/2026\/02\/Logo-Info-enn-3d-20ani.jpeg\",\"width\":2046,\"height\":736,\"caption\":\"Info El Nuevo Norte\"},\"image\":{\"@id\":\"https:\/\/infoelnuevonorte.com\/#\/schema\/logo\/image\/\"},\"sameAs\":[\"https:\/\/www.facebook.com\/infoenn\",\"https:\/\/x.com\/Elnuevo_norte\",\"https:\/\/www.instagram.com\/infoenn\",\"https:\/\/www.facebook.com\/ENNRD\"]},{\"@type\":\"Person\",\"@id\":\"https:\/\/infoelnuevonorte.com\/#\/schema\/person\/fd4f6d90afe41260818b4ea94ad8ab84\",\"name\":\"InfoEnn\",\"image\":{\"@type\":\"ImageObject\",\"inLanguage\":\"es-DO\",\"@id\":\"https:\/\/infoelnuevonorte.com\/#\/schema\/person\/image\/\",\"url\":\"https:\/\/secure.gravatar.com\/avatar\/d4d760a41a48ba9db0a82bfb63bb0783?s=96&d=robohash&r=g\",\"contentUrl\":\"https:\/\/secure.gravatar.com\/avatar\/d4d760a41a48ba9db0a82bfb63bb0783?s=96&d=robohash&r=g\",\"caption\":\"InfoEnn\"},\"sameAs\":[\"https:\/\/infoelnuevonorte.com\"],\"url\":\"https:\/\/infoelnuevonorte.com\/?author=1\"}]}<\/script>\n<!-- \/ Yoast SEO plugin. -->","yoast_head_json":{"title":"Zoraima se compromete a ofrecer condiciones para que periodistas sigan siendo \"guardianes de la democracia\" | El Nuevo Norte","robots":{"index":"index","follow":"follow","max-snippet":"max-snippet:-1","max-image-preview":"max-image-preview:large","max-video-preview":"max-video-preview:-1"},"canonical":"https:\/\/infoelnuevonorte.com\/?p=20312","og_locale":"es_ES","og_type":"article","og_title":"Zoraima se compromete a ofrecer condiciones para que periodistas sigan siendo \"guardianes de la democracia\" | El Nuevo Norte","og_description":"La candidata vicepresidencial del Partido de la Liberaci\u00f3n Dominicana (PLD), Zoraima Cuello se comprometi\u00f3 este viernes a ofrecer las condiciones necesarias para que los periodistas del pa\u00eds sigan siendo \u201cguardianes de la democracia\u201d.\u00a0 A prop\u00f3sito de que hoy se celebra el D\u00eda Mundial de la Libertad de Prensa, Cuello reiter\u00f3 su compromiso con la verdad [&hellip;]","og_url":"https:\/\/infoelnuevonorte.com\/?p=20312","og_site_name":"El Nuevo Norte","article_publisher":"https:\/\/www.facebook.com\/infoenn","article_published_time":"2024-05-03T15:16:28+00:00","article_modified_time":"2024-05-03T15:16:31+00:00","og_image":[{"width":1140,"height":694,"url":"https:\/\/infoelnuevonorte.com\/wp-content\/uploads\/2024\/05\/ZORAIMA-DGII-DGA-1140x694-1-jpeg.webp","type":"image\/jpeg"}],"author":"InfoEnn","twitter_card":"summary_large_image","twitter_creator":"@Elnuevo_norte","twitter_site":"@Elnuevo_norte","twitter_misc":{"Written by":"InfoEnn","Est. reading time":"2 minutos"},"schema":{"@context":"https:\/\/schema.org","@graph":[{"@type":"Article","@id":"https:\/\/infoelnuevonorte.com\/?p=20312#article","isPartOf":{"@id":"https:\/\/infoelnuevonorte.com\/?p=20312"},"author":{"name":"InfoEnn","@id":"https:\/\/infoelnuevonorte.com\/#\/schema\/person\/fd4f6d90afe41260818b4ea94ad8ab84"},"headline":"Zoraima se compromete a ofrecer condiciones para que periodistas sigan siendo \"guardianes de la democracia\"","datePublished":"2024-05-03T15:16:28+00:00","dateModified":"2024-05-03T15:16:31+00:00","mainEntityOfPage":{"@id":"https:\/\/infoelnuevonorte.com\/?p=20312"},"wordCount":282,"publisher":{"@id":"https:\/\/infoelnuevonorte.com\/#organization"},"articleSection":["Nacionales"],"inLanguage":"es-DO"},{"@type":"WebPage","@id":"https:\/\/infoelnuevonorte.com\/?p=20312","url":"https:\/\/infoelnuevonorte.com\/?p=20312","name":"Zoraima se compromete a ofrecer condiciones para que periodistas sigan siendo \"guardianes de la democracia\" | El Nuevo Norte","isPartOf":{"@id":"https:\/\/infoelnuevonorte.com\/#website"},"datePublished":"2024-05-03T15:16:28+00:00","dateModified":"2024-05-03T15:16:31+00:00","breadcrumb":{"@id":"https:\/\/infoelnuevonorte.com\/?p=20312#breadcrumb"},"inLanguage":"es-DO","potentialAction":[{"@type":"ReadAction","target":["https:\/\/infoelnuevonorte.com\/?p=20312"]}]},{"@type":"BreadcrumbList","@id":"https:\/\/infoelnuevonorte.com\/?p=20312#breadcrumb","itemListElement":[{"@type":"ListItem","position":1,"name":"Home","item":"https:\/\/infoelnuevonorte.com\/"},{"@type":"ListItem","position":2,"name":"Zoraima se compromete a ofrecer condiciones para que periodistas sigan siendo &#8220;guardianes de la democracia&#8221;"}]},{"@type":"WebSite","@id":"https:\/\/infoelnuevonorte.com\/#website","url":"https:\/\/infoelnuevonorte.com\/","name":"InfoEnn","description":"Tu Voz, tu Verdad, tu Diario!!!","publisher":{"@id":"https:\/\/infoelnuevonorte.com\/#organization"},"alternateName":"El Nuevo Norte","potentialAction":[{"@type":"SearchAction","target":{"@type":"EntryPoint","urlTemplate":"https:\/\/infoelnuevonorte.com\/?s={search_term_string}"},"query-input":{"@type":"PropertyValueSpecification","valueRequired":true,"valueName":"search_term_string"}}],"inLanguage":"es-DO"},{"@type":"Organization","@id":"https:\/\/infoelnuevonorte.com\/#organization","name":"Info El Nuevo Norte","alternateName":"El Nuevo Norte","url":"https:\/\/infoelnuevonorte.com\/","logo":{"@type":"ImageObject","inLanguage":"es-DO","@id":"https:\/\/infoelnuevonorte.com\/#\/schema\/logo\/image\/","url":"https:\/\/infoelnuevonorte.com\/wp-content\/uploads\/2026\/02\/Logo-Info-enn-3d-20ani.jpeg","contentUrl":"https:\/\/infoelnuevonorte.com\/wp-content\/uploads\/2026\/02\/Logo-Info-enn-3d-20ani.jpeg","width":2046,"height":736,"caption":"Info El Nuevo Norte"},"image":{"@id":"https:\/\/infoelnuevonorte.com\/#\/schema\/logo\/image\/"},"sameAs":["https:\/\/www.facebook.com\/infoenn","https:\/\/x.com\/Elnuevo_norte","https:\/\/www.instagram.com\/infoenn","https:\/\/www.facebook.com\/ENNRD"]},{"@type":"Person","@id":"https:\/\/infoelnuevonorte.com\/#\/schema\/person\/fd4f6d90afe41260818b4ea94ad8ab84","name":"InfoEnn","image":{"@type":"ImageObject","inLanguage":"es-DO","@id":"https:\/\/infoelnuevonorte.com\/#\/schema\/person\/image\/","url":"https:\/\/secure.gravatar.com\/avatar\/d4d760a41a48ba9db0a82bfb63bb0783?s=96&d=robohash&r=g","contentUrl":"https:\/\/secure.gravatar.com\/avatar\/d4d760a41a48ba9db0a82bfb63bb0783?s=96&d=robohash&r=g","caption":"InfoEnn"},"sameAs":["https:\/\/infoelnuevonorte.com"],"url":"https:\/\/infoelnuevonorte.com\/?author=1"}]}},"_links":{"self":[{"href":"https:\/\/infoelnuevonorte.com\/index.php?rest_route=\/wp\/v2\/posts\/20312"}],"collection":[{"href":"https:\/\/infoelnuevonorte.com\/index.php?rest_route=\/wp\/v2\/posts"}],"about":[{"href":"https:\/\/infoelnuevonorte.com\/index.php?rest_route=\/wp\/v2\/types\/post"}],"author":[{"embeddable":true,"href":"https:\/\/infoelnuevonorte.com\/index.php?rest_route=\/wp\/v2\/users\/1"}],"replies":[{"embeddable":true,"href":"https:\/\/infoelnuevonorte.com\/index.php?rest_route=%2Fwp%2Fv2%2Fcomments&post=20312"}],"version-history":[{"count":0,"href":"https:\/\/infoelnuevonorte.com\/index.php?rest_route=\/wp\/v2\/posts\/20312\/revisions"}],"wp:attachment":[{"href":"https:\/\/infoelnuevonorte.com\/index.php?rest_route=%2Fwp%2Fv2%2Fmedia&parent=20312"}],"wp:term":[{"taxonomy":"category","embeddable":true,"href":"https:\/\/infoelnuevonorte.com\/index.php?rest_route=%2Fwp%2Fv2%2Fcategories&post=20312"},{"taxonomy":"post_tag","embeddable":true,"href":"https:\/\/infoelnuevonorte.com\/index.php?rest_route=%2Fwp%2Fv2%2Ftags&post=20312"}],"curies":[{"name":"wp","href":"https:\/\/api.w.org\/{rel}","templated":true}]}}