{"id":20315,"date":"2024-05-03T11:21:09","date_gmt":"2024-05-03T15:21:09","guid":{"rendered":"https:\/\/infoelnuevonorte.com\/?p=20315"},"modified":"2024-05-03T11:21:11","modified_gmt":"2024-05-03T15:21:11","slug":"cultura-abre-convocatoria-para-nominaciones-al-premio-nacional-de-las-artes-escenicas","status":"publish","type":"post","link":"https:\/\/infoelnuevonorte.com\/?p=20315","title":{"rendered":"Cultura abre convocatoria para nominaciones al Premio Nacional de las Artes Esc\u00e9nicas"},"content":{"rendered":"<p style=\"text-align: justify;\">El Ministerio de Cultura anunci\u00f3 la apertura de <strong>la convocatoria para realizar las nominaciones al Premio Nacional de las Artes Esc\u00e9nicas en su edici\u00f3n 2024<\/strong>, galard\u00f3n que reconoce en esta ocasi\u00f3n la trayectoria y aportes de un artista dominicano en el \u00e1rea de la danza.<\/p>\n<p style=\"text-align: justify;\">Dicho lauro tiene como prop\u00f3sito fundamental <strong>premiar al artista de una de las disciplinas de danza, teatro y m\u00fasica por su labor<\/strong>.<\/p>\n<p style=\"text-align: justify;\">Debido a esta diversidad, se hace necesario establecer que sus convocatorias sean de car\u00e1cter alterno, siguiendo el orden dispuesto en el Decreto n\u00fam. 748-22 a partir de 2024; a saber, <strong>danza, m\u00fasica y teatro.<\/strong><\/p>\n<p style=\"text-align: justify;\">El galard\u00f3n tiene una dotaci\u00f3n en met\u00e1lico de un mill\u00f3n de pesos, as\u00ed como un certificado acreditativo.<\/p>\n<p style=\"text-align: justify;\">Los candidatos al Premio Nacional de las Artes Esc\u00e9nicas solo pueden ser propuestos por los miembros del jurado seleccionador, as\u00ed como por las asociaciones y colectivos dominicanos de artes esc\u00e9nicas que no formen parte del jurado.<\/p>\n<p style=\"text-align: justify;\">En esta convocatoria pueden ser nominados artistas de la danza, dominicanos por nacimiento o naturalizaci\u00f3n y residentes en el pa\u00eds o en el extranjero. La Resoluci\u00f3n n\u00fam. 09-2024, que aprueba las bases del Premio Nacional de Artes Esc\u00e9nicas en su edici\u00f3n 2024, ha sido publicada en el portal web de la instituci\u00f3n.<\/p>\n<p style=\"text-align: justify;\">Sobre el criterio de evaluaci\u00f3n<br \/>\nEl jurado evaluar\u00e1 los candidatos propuestos durante el per\u00edodo de convocatoria, quienes estar\u00e1n sometidos a los criterios dispuestos en el art\u00edculo 2 del Decreto 748-22, teniendo como fecha l\u00edmite para reunirse el 24 de mayo de 2024.<\/p>\n<p style=\"text-align: justify;\">Luego de elegir a los candidatos que cumplan con los criterios establecidos en el citado decreto, los seleccionados pasar\u00e1n a la categor\u00eda de nominados.<\/p>\n<p style=\"text-align: justify;\">El jurado estar\u00e1 conformado por la ministra de Cultura, Milagros Germ\u00e1n, en calidad de presidenta; el viceministro de Creatividad y Formaci\u00f3n Art\u00edstica, Giovanny Cruz, en calidad de coordinador; tres reconocidas personalidades con destacada trayectoria en el \u00e1mbito de la danza, as\u00ed como cinco representantes de instituciones y colectivos de dicha disciplina.<\/p>\n<p style=\"text-align: justify;\">El plazo para recibir candidaturas finaliza el lunes 20 de mayo de 2024, pudiendo depositarse en horario de lunes a viernes de 8:00 de la ma\u00f1ana a 4:00 de la tarde en la Direcci\u00f3n Jur\u00eddica del Ministerio de Cultura, ubicada en la avenida George Washington, esquina Presidente Vicini Burgos, o enviarse por correo a premiocultura@cultura.gob.do.<\/p>\n<p style=\"text-align: justify;\">El veredicto del jurado se dar\u00e1 a conocer a trav\u00e9s de los medios de difusi\u00f3n del Ministerio de Cultura y la ceremonia de premiaci\u00f3n se realizar\u00e1 en el mes de junio del presente a\u00f1o, en un acto convocado por dicha instituci\u00f3n.<\/p>\n","protected":false},"excerpt":{"rendered":"<p>El Ministerio de Cultura anunci\u00f3 la apertura de la convocatoria para realizar las nominaciones al Premio Nacional de las Artes Esc\u00e9nicas en su edici\u00f3n 2024, galard\u00f3n que reconoce en esta ocasi\u00f3n la trayectoria y aportes de un artista dominicano en el \u00e1rea de la danza. Dicho lauro tiene como prop\u00f3sito fundamental premiar al artista de [&hellip;]<\/p>\n","protected":false},"author":1,"featured_media":0,"comment_status":"closed","ping_status":"open","sticky":false,"template":"","format":"standard","meta":{"footnotes":""},"categories":[17,11],"tags":[],"yoast_head":"<!-- This site is optimized with the Yoast SEO plugin v24.5 - https:\/\/yoast.com\/wordpress\/plugins\/seo\/ -->\n<title>Cultura abre convocatoria para nominaciones al Premio Nacional de las Artes Esc\u00e9nicas | El Nuevo Norte<\/title>\n<meta name=\"robots\" content=\"index, follow, max-snippet:-1, max-image-preview:large, max-video-preview:-1\" \/>\n<link rel=\"canonical\" href=\"https:\/\/infoelnuevonorte.com\/?p=20315\" \/>\n<meta property=\"og:locale\" content=\"es_ES\" \/>\n<meta property=\"og:type\" content=\"article\" \/>\n<meta property=\"og:title\" content=\"Cultura abre convocatoria para nominaciones al Premio Nacional de las Artes Esc\u00e9nicas | El Nuevo Norte\" \/>\n<meta property=\"og:description\" content=\"El Ministerio de Cultura anunci\u00f3 la apertura de la convocatoria para realizar las nominaciones al Premio Nacional de las Artes Esc\u00e9nicas en su edici\u00f3n 2024, galard\u00f3n que reconoce en esta ocasi\u00f3n la trayectoria y aportes de un artista dominicano en el \u00e1rea de la danza. Dicho lauro tiene como prop\u00f3sito fundamental premiar al artista de [&hellip;]\" \/>\n<meta property=\"og:url\" content=\"https:\/\/infoelnuevonorte.com\/?p=20315\" \/>\n<meta property=\"og:site_name\" content=\"El Nuevo Norte\" \/>\n<meta property=\"article:publisher\" content=\"https:\/\/www.facebook.com\/infoenn\" \/>\n<meta property=\"article:published_time\" content=\"2024-05-03T15:21:09+00:00\" \/>\n<meta property=\"article:modified_time\" content=\"2024-05-03T15:21:11+00:00\" \/>\n<meta property=\"og:image\" content=\"https:\/\/infoelnuevonorte.com\/wp-content\/uploads\/2024\/05\/Cultura-abre-convocatoria-para-nominaciones-al-Premio-Nacional-de-las-Artes-Escenicas-1140x694-1-jpg.webp\" \/>\n\t<meta property=\"og:image:width\" content=\"1140\" \/>\n\t<meta property=\"og:image:height\" content=\"694\" \/>\n\t<meta property=\"og:image:type\" content=\"image\/jpeg\" \/>\n<meta name=\"author\" content=\"InfoEnn\" \/>\n<meta name=\"twitter:card\" content=\"summary_large_image\" \/>\n<meta name=\"twitter:creator\" content=\"@Elnuevo_norte\" \/>\n<meta name=\"twitter:site\" content=\"@Elnuevo_norte\" \/>\n<meta name=\"twitter:label1\" content=\"Written by\" \/>\n\t<meta name=\"twitter:data1\" content=\"InfoEnn\" \/>\n\t<meta name=\"twitter:label2\" content=\"Est. reading time\" \/>\n\t<meta name=\"twitter:data2\" content=\"3 minutos\" \/>\n<script type=\"application\/ld+json\" class=\"yoast-schema-graph\">{\"@context\":\"https:\/\/schema.org\",\"@graph\":[{\"@type\":\"Article\",\"@id\":\"https:\/\/infoelnuevonorte.com\/?p=20315#article\",\"isPartOf\":{\"@id\":\"https:\/\/infoelnuevonorte.com\/?p=20315\"},\"author\":{\"name\":\"InfoEnn\",\"@id\":\"https:\/\/infoelnuevonorte.com\/#\/schema\/person\/fd4f6d90afe41260818b4ea94ad8ab84\"},\"headline\":\"Cultura abre convocatoria para nominaciones al Premio Nacional de las Artes Esc\u00e9nicas\",\"datePublished\":\"2024-05-03T15:21:09+00:00\",\"dateModified\":\"2024-05-03T15:21:11+00:00\",\"mainEntityOfPage\":{\"@id\":\"https:\/\/infoelnuevonorte.com\/?p=20315\"},\"wordCount\":465,\"publisher\":{\"@id\":\"https:\/\/infoelnuevonorte.com\/#organization\"},\"articleSection\":[\"Cultura\",\"Entretenimiento\"],\"inLanguage\":\"es-DO\"},{\"@type\":\"WebPage\",\"@id\":\"https:\/\/infoelnuevonorte.com\/?p=20315\",\"url\":\"https:\/\/infoelnuevonorte.com\/?p=20315\",\"name\":\"Cultura abre convocatoria para nominaciones al Premio Nacional de las Artes Esc\u00e9nicas | El Nuevo Norte\",\"isPartOf\":{\"@id\":\"https:\/\/infoelnuevonorte.com\/#website\"},\"datePublished\":\"2024-05-03T15:21:09+00:00\",\"dateModified\":\"2024-05-03T15:21:11+00:00\",\"breadcrumb\":{\"@id\":\"https:\/\/infoelnuevonorte.com\/?p=20315#breadcrumb\"},\"inLanguage\":\"es-DO\",\"potentialAction\":[{\"@type\":\"ReadAction\",\"target\":[\"https:\/\/infoelnuevonorte.com\/?p=20315\"]}]},{\"@type\":\"BreadcrumbList\",\"@id\":\"https:\/\/infoelnuevonorte.com\/?p=20315#breadcrumb\",\"itemListElement\":[{\"@type\":\"ListItem\",\"position\":1,\"name\":\"Home\",\"item\":\"https:\/\/infoelnuevonorte.com\/\"},{\"@type\":\"ListItem\",\"position\":2,\"name\":\"Cultura abre convocatoria para nominaciones al Premio Nacional de las Artes Esc\u00e9nicas\"}]},{\"@type\":\"WebSite\",\"@id\":\"https:\/\/infoelnuevonorte.com\/#website\",\"url\":\"https:\/\/infoelnuevonorte.com\/\",\"name\":\"InfoEnn\",\"description\":\"Tu Voz, tu Verdad, tu Diario!!!\",\"publisher\":{\"@id\":\"https:\/\/infoelnuevonorte.com\/#organization\"},\"alternateName\":\"El Nuevo Norte\",\"potentialAction\":[{\"@type\":\"SearchAction\",\"target\":{\"@type\":\"EntryPoint\",\"urlTemplate\":\"https:\/\/infoelnuevonorte.com\/?s={search_term_string}\"},\"query-input\":{\"@type\":\"PropertyValueSpecification\",\"valueRequired\":true,\"valueName\":\"search_term_string\"}}],\"inLanguage\":\"es-DO\"},{\"@type\":\"Organization\",\"@id\":\"https:\/\/infoelnuevonorte.com\/#organization\",\"name\":\"Info El Nuevo Norte\",\"alternateName\":\"El Nuevo Norte\",\"url\":\"https:\/\/infoelnuevonorte.com\/\",\"logo\":{\"@type\":\"ImageObject\",\"inLanguage\":\"es-DO\",\"@id\":\"https:\/\/infoelnuevonorte.com\/#\/schema\/logo\/image\/\",\"url\":\"https:\/\/infoelnuevonorte.com\/wp-content\/uploads\/2026\/02\/Logo-Info-enn-3d-20ani.jpeg\",\"contentUrl\":\"https:\/\/infoelnuevonorte.com\/wp-content\/uploads\/2026\/02\/Logo-Info-enn-3d-20ani.jpeg\",\"width\":2046,\"height\":736,\"caption\":\"Info El Nuevo Norte\"},\"image\":{\"@id\":\"https:\/\/infoelnuevonorte.com\/#\/schema\/logo\/image\/\"},\"sameAs\":[\"https:\/\/www.facebook.com\/infoenn\",\"https:\/\/x.com\/Elnuevo_norte\",\"https:\/\/www.instagram.com\/infoenn\",\"https:\/\/www.facebook.com\/ENNRD\"]},{\"@type\":\"Person\",\"@id\":\"https:\/\/infoelnuevonorte.com\/#\/schema\/person\/fd4f6d90afe41260818b4ea94ad8ab84\",\"name\":\"InfoEnn\",\"image\":{\"@type\":\"ImageObject\",\"inLanguage\":\"es-DO\",\"@id\":\"https:\/\/infoelnuevonorte.com\/#\/schema\/person\/image\/\",\"url\":\"https:\/\/secure.gravatar.com\/avatar\/d4d760a41a48ba9db0a82bfb63bb0783?s=96&d=robohash&r=g\",\"contentUrl\":\"https:\/\/secure.gravatar.com\/avatar\/d4d760a41a48ba9db0a82bfb63bb0783?s=96&d=robohash&r=g\",\"caption\":\"InfoEnn\"},\"sameAs\":[\"https:\/\/infoelnuevonorte.com\"],\"url\":\"https:\/\/infoelnuevonorte.com\/?author=1\"}]}<\/script>\n<!-- \/ Yoast SEO plugin. -->","yoast_head_json":{"title":"Cultura abre convocatoria para nominaciones al Premio Nacional de las Artes Esc\u00e9nicas | El Nuevo Norte","robots":{"index":"index","follow":"follow","max-snippet":"max-snippet:-1","max-image-preview":"max-image-preview:large","max-video-preview":"max-video-preview:-1"},"canonical":"https:\/\/infoelnuevonorte.com\/?p=20315","og_locale":"es_ES","og_type":"article","og_title":"Cultura abre convocatoria para nominaciones al Premio Nacional de las Artes Esc\u00e9nicas | El Nuevo Norte","og_description":"El Ministerio de Cultura anunci\u00f3 la apertura de la convocatoria para realizar las nominaciones al Premio Nacional de las Artes Esc\u00e9nicas en su edici\u00f3n 2024, galard\u00f3n que reconoce en esta ocasi\u00f3n la trayectoria y aportes de un artista dominicano en el \u00e1rea de la danza. Dicho lauro tiene como prop\u00f3sito fundamental premiar al artista de [&hellip;]","og_url":"https:\/\/infoelnuevonorte.com\/?p=20315","og_site_name":"El Nuevo Norte","article_publisher":"https:\/\/www.facebook.com\/infoenn","article_published_time":"2024-05-03T15:21:09+00:00","article_modified_time":"2024-05-03T15:21:11+00:00","og_image":[{"width":1140,"height":694,"url":"https:\/\/infoelnuevonorte.com\/wp-content\/uploads\/2024\/05\/Cultura-abre-convocatoria-para-nominaciones-al-Premio-Nacional-de-las-Artes-Escenicas-1140x694-1-jpg.webp","type":"image\/jpeg"}],"author":"InfoEnn","twitter_card":"summary_large_image","twitter_creator":"@Elnuevo_norte","twitter_site":"@Elnuevo_norte","twitter_misc":{"Written by":"InfoEnn","Est. reading time":"3 minutos"},"schema":{"@context":"https:\/\/schema.org","@graph":[{"@type":"Article","@id":"https:\/\/infoelnuevonorte.com\/?p=20315#article","isPartOf":{"@id":"https:\/\/infoelnuevonorte.com\/?p=20315"},"author":{"name":"InfoEnn","@id":"https:\/\/infoelnuevonorte.com\/#\/schema\/person\/fd4f6d90afe41260818b4ea94ad8ab84"},"headline":"Cultura abre convocatoria para nominaciones al Premio Nacional de las Artes Esc\u00e9nicas","datePublished":"2024-05-03T15:21:09+00:00","dateModified":"2024-05-03T15:21:11+00:00","mainEntityOfPage":{"@id":"https:\/\/infoelnuevonorte.com\/?p=20315"},"wordCount":465,"publisher":{"@id":"https:\/\/infoelnuevonorte.com\/#organization"},"articleSection":["Cultura","Entretenimiento"],"inLanguage":"es-DO"},{"@type":"WebPage","@id":"https:\/\/infoelnuevonorte.com\/?p=20315","url":"https:\/\/infoelnuevonorte.com\/?p=20315","name":"Cultura abre convocatoria para nominaciones al Premio Nacional de las Artes Esc\u00e9nicas | El Nuevo Norte","isPartOf":{"@id":"https:\/\/infoelnuevonorte.com\/#website"},"datePublished":"2024-05-03T15:21:09+00:00","dateModified":"2024-05-03T15:21:11+00:00","breadcrumb":{"@id":"https:\/\/infoelnuevonorte.com\/?p=20315#breadcrumb"},"inLanguage":"es-DO","potentialAction":[{"@type":"ReadAction","target":["https:\/\/infoelnuevonorte.com\/?p=20315"]}]},{"@type":"BreadcrumbList","@id":"https:\/\/infoelnuevonorte.com\/?p=20315#breadcrumb","itemListElement":[{"@type":"ListItem","position":1,"name":"Home","item":"https:\/\/infoelnuevonorte.com\/"},{"@type":"ListItem","position":2,"name":"Cultura abre convocatoria para nominaciones al Premio Nacional de las Artes Esc\u00e9nicas"}]},{"@type":"WebSite","@id":"https:\/\/infoelnuevonorte.com\/#website","url":"https:\/\/infoelnuevonorte.com\/","name":"InfoEnn","description":"Tu Voz, tu Verdad, tu Diario!!!","publisher":{"@id":"https:\/\/infoelnuevonorte.com\/#organization"},"alternateName":"El Nuevo Norte","potentialAction":[{"@type":"SearchAction","target":{"@type":"EntryPoint","urlTemplate":"https:\/\/infoelnuevonorte.com\/?s={search_term_string}"},"query-input":{"@type":"PropertyValueSpecification","valueRequired":true,"valueName":"search_term_string"}}],"inLanguage":"es-DO"},{"@type":"Organization","@id":"https:\/\/infoelnuevonorte.com\/#organization","name":"Info El Nuevo Norte","alternateName":"El Nuevo Norte","url":"https:\/\/infoelnuevonorte.com\/","logo":{"@type":"ImageObject","inLanguage":"es-DO","@id":"https:\/\/infoelnuevonorte.com\/#\/schema\/logo\/image\/","url":"https:\/\/infoelnuevonorte.com\/wp-content\/uploads\/2026\/02\/Logo-Info-enn-3d-20ani.jpeg","contentUrl":"https:\/\/infoelnuevonorte.com\/wp-content\/uploads\/2026\/02\/Logo-Info-enn-3d-20ani.jpeg","width":2046,"height":736,"caption":"Info El Nuevo Norte"},"image":{"@id":"https:\/\/infoelnuevonorte.com\/#\/schema\/logo\/image\/"},"sameAs":["https:\/\/www.facebook.com\/infoenn","https:\/\/x.com\/Elnuevo_norte","https:\/\/www.instagram.com\/infoenn","https:\/\/www.facebook.com\/ENNRD"]},{"@type":"Person","@id":"https:\/\/infoelnuevonorte.com\/#\/schema\/person\/fd4f6d90afe41260818b4ea94ad8ab84","name":"InfoEnn","image":{"@type":"ImageObject","inLanguage":"es-DO","@id":"https:\/\/infoelnuevonorte.com\/#\/schema\/person\/image\/","url":"https:\/\/secure.gravatar.com\/avatar\/d4d760a41a48ba9db0a82bfb63bb0783?s=96&d=robohash&r=g","contentUrl":"https:\/\/secure.gravatar.com\/avatar\/d4d760a41a48ba9db0a82bfb63bb0783?s=96&d=robohash&r=g","caption":"InfoEnn"},"sameAs":["https:\/\/infoelnuevonorte.com"],"url":"https:\/\/infoelnuevonorte.com\/?author=1"}]}},"_links":{"self":[{"href":"https:\/\/infoelnuevonorte.com\/index.php?rest_route=\/wp\/v2\/posts\/20315"}],"collection":[{"href":"https:\/\/infoelnuevonorte.com\/index.php?rest_route=\/wp\/v2\/posts"}],"about":[{"href":"https:\/\/infoelnuevonorte.com\/index.php?rest_route=\/wp\/v2\/types\/post"}],"author":[{"embeddable":true,"href":"https:\/\/infoelnuevonorte.com\/index.php?rest_route=\/wp\/v2\/users\/1"}],"replies":[{"embeddable":true,"href":"https:\/\/infoelnuevonorte.com\/index.php?rest_route=%2Fwp%2Fv2%2Fcomments&post=20315"}],"version-history":[{"count":0,"href":"https:\/\/infoelnuevonorte.com\/index.php?rest_route=\/wp\/v2\/posts\/20315\/revisions"}],"wp:attachment":[{"href":"https:\/\/infoelnuevonorte.com\/index.php?rest_route=%2Fwp%2Fv2%2Fmedia&parent=20315"}],"wp:term":[{"taxonomy":"category","embeddable":true,"href":"https:\/\/infoelnuevonorte.com\/index.php?rest_route=%2Fwp%2Fv2%2Fcategories&post=20315"},{"taxonomy":"post_tag","embeddable":true,"href":"https:\/\/infoelnuevonorte.com\/index.php?rest_route=%2Fwp%2Fv2%2Ftags&post=20315"}],"curies":[{"name":"wp","href":"https:\/\/api.w.org\/{rel}","templated":true}]}}