{"id":205470,"date":"2026-04-02T06:58:49","date_gmt":"2026-04-02T10:58:49","guid":{"rendered":"https:\/\/infoelnuevonorte.com\/?p=205470"},"modified":"2026-04-02T06:58:50","modified_gmt":"2026-04-02T10:58:50","slug":"dia-mundial-de-concienciacion-sobre-el-autismo","status":"publish","type":"post","link":"https:\/\/infoelnuevonorte.com\/?p=205470","title":{"rendered":"D\u00eda Mundial de Concienciaci\u00f3n sobre el Autismo"},"content":{"rendered":"<!--[if lt IE 9]><script>document.createElement('audio');<\/script><![endif]-->\n<audio class=\"wp-audio-shortcode\" id=\"audio-205470-1\" preload=\"none\" style=\"width: 100%;\" controls=\"controls\"><source type=\"audio\/mpeg\" src=\"https:\/\/infoelnuevonorte.com\/wp-content\/uploads\/2026\/04\/ttsmaker-vip-file-2026-4-2-6-58-7.mp3?_=1\" \/><a href=\"https:\/\/infoelnuevonorte.com\/wp-content\/uploads\/2026\/04\/ttsmaker-vip-file-2026-4-2-6-58-7.mp3\">https:\/\/infoelnuevonorte.com\/wp-content\/uploads\/2026\/04\/ttsmaker-vip-file-2026-4-2-6-58-7.mp3<\/a><\/audio>\n<p style=\"text-align: justify;\"><span style=\"font-size: 14pt;\">El <strong>D\u00eda Mundial de Concienciaci\u00f3n sobre el Autismo<\/strong> se celebra hoy <strong>domingo 2 de abril,<\/strong> un conmemoraci\u00f3n que se utiliza para destacar las contribuciones que hacen las personas con autismo al mundo en el hogar, en el trabajo, en las artes y en la elaboraci\u00f3n de pol\u00edticas.<\/span><\/p>\n<p style=\"text-align: justify;\"><span style=\"font-size: 14pt;\">El <strong>trastorno del espectro autista <\/strong>es una afecci\u00f3n relacionada con el desarrollo del cerebro que afecta la manera en la que una persona percibe y socializa con otras personas, lo que causa problemas en la interacci\u00f3n social y la comunicaci\u00f3n.\u00a0<\/span><\/p>\n<p style=\"text-align: justify;\"><span style=\"font-size: 14pt;\">En los \u00faltimos a\u00f1os,<strong> se ha avanzado considerablemente en la concienciaci\u00f3n y la aceptaci\u00f3n del autismo.<\/strong> Esto se debe principalemnte a la contribuc\u00ed\u00f3n de los numerosos e incre\u00edbles defensores de las personas con autismo que han trabajado incansablemente para dar a conocer al resto del mundo las experiencias vividas por las personas autistas.\u00a0<\/span><\/p>\n<p style=\"text-align: justify;\"><span style=\"font-size: 14pt;\">Sin embargo, las personas con autismo siguen enfrent\u00e1ndose a la discriminaci\u00f3n y a otros retos. Como todos los grupos, poseen una amplia gama de talentos y retos que a menudo no son reconocidos por el mundo en el que nacen. Adem\u00e1s, los niveles de concienciaci\u00f3n y aceptaci\u00f3n var\u00edan dr\u00e1sticamente de un pa\u00eds a otro.<\/span><\/p>\n<p style=\"text-align: justify;\"><span style=\"font-size: 14pt;\">Tambi\u00e9n debemos reconocer que <strong>estas personas son especialmente vulnerables a los grandes trastornos de las rutinas <\/strong>y la vida cotidiana, como pandemias, guerras y desastres naturales.<\/span><\/p>\n<p style=\"text-align: justify;\"><span style=\"font-size: 14pt;\">El <strong>trastorno del espectro autista comprende afecciones que anteriormente se consideraban independientes,<\/strong> como el autismo, el s\u00edndrome de Asperger, el trastorno desintegrativo infantil y una forma no especificada de trastorno generalizado del desarrollo. Algunas personas a\u00fan utilizan el t\u00e9rmino \u00abs\u00edndrome de Asperger\u00bb que generalmente se considera que est\u00e1 en el per\u00edodo final leve del trastorno del espectro autista.<\/span><\/p>\n<p style=\"text-align: justify;\"><span style=\"font-size: 14pt;\"><strong>El trastorno del espectro autista comienza en los primeros a\u00f1os de la infancia<\/strong> y, a la larga, provoca problemas para desenvolverse en la sociedad, por ejemplo, en situaciones sociales, en la escuela y el trabajo. Los ni\u00f1os suelen presentar s\u00edntomas de autismo en el primer a\u00f1o. Un n\u00famero reducido de ni\u00f1os parecen desarrollarse de forma normal en el primer a\u00f1o y luego pasan por un per\u00edodo de regresi\u00f3n entre los 18\u00a0y los 24\u00a0meses de edad, cuando aparecen los s\u00edntomas de autismo.<\/span><\/p>\n<figure class=\"wp-block-image size-large is-resized\" style=\"text-align: justify;\"><span style=\"font-size: 14pt;\"><img loading=\"lazy\" decoding=\"async\" class=\"wp-image-193351 lazy entered loaded\" title=\"D\u00eda Mundial de Concienciaci\u00f3n sobre el Autismo | 2 |\" src=\"https:\/\/cdn.deultimominuto.net\/wp-content\/uploads\/2023\/04\/autismo-1024x683.jpg\" alt=\"D\u00eda Mundial de Concienciaci\u00f3n sobre el Autismo - Noticias de hoy en Rep\u00fablica Dominicana | De \u00daltimo Minuto\" width=\"508\" height=\"330\" data-src=\"https:\/\/cdn.deultimominuto.net\/wp-content\/uploads\/2023\/04\/autismo-1024x683.jpg\" data-ll-status=\"loaded\" \/><\/span><\/figure>\n<h4 class=\"wp-block-heading\" style=\"text-align: justify;\"><span style=\"font-size: 14pt;\"><strong>Comunicaci\u00f3n e interacci\u00f3n social<\/strong><\/span><\/h4>\n<p style=\"text-align: justify;\"><span style=\"font-size: 14pt;\">Un ni\u00f1o o un adulto con trastorno del espectro autista puede tener problemas con la interacci\u00f3n social y las habilidades de comunicaci\u00f3n, incluso presentar cualquiera de los siguientes signos:<\/span><\/p>\n<ul class=\"wp-block-list\" style=\"text-align: justify;\">\n<li><span style=\"font-size: 14pt;\">No responde a su nombre o, en ocasiones, parece no escucharte<\/span><\/li>\n<li><span style=\"font-size: 14pt;\">Se resiste a los abrazos y las caricias; adem\u00e1s, parece que prefiere jugar solo y se abstrae en su propio mundo<\/span><\/li>\n<li><span style=\"font-size: 14pt;\">No suele hacer contacto visual y carece de expresi\u00f3n facial<\/span><\/li>\n<li><span style=\"font-size: 14pt;\">No habla o tiene un desarrollo tard\u00edo del habla, o bien pierde la capacidad que ten\u00eda para decir palabras u oraciones<\/span><\/li>\n<li><span style=\"font-size: 14pt;\">No puede mantener ni iniciar una conversaci\u00f3n o, tal vez, inicia una solamente para pedir algo o nombrar elementos<\/span><\/li>\n<li><span style=\"font-size: 14pt;\">Habla con tono o ritmo anormal y es posible que utilice una voz cantarina o que hable como un robot<\/span><\/li>\n<li><span style=\"font-size: 14pt;\">Repite palabras o frases textuales, pero no comprende c\u00f3mo usarlas<\/span><\/li>\n<li><span style=\"font-size: 14pt;\">No parece entender preguntas o indicaciones simples<\/span><\/li>\n<li><span style=\"font-size: 14pt;\">No expresa emociones ni sentimientos y parece no ser consciente de los sentimientos de los dem\u00e1s<\/span><\/li>\n<li><span style=\"font-size: 14pt;\">No se\u00f1ala ni trae objetos para compartir sus intereses<\/span><\/li>\n<li><span style=\"font-size: 14pt;\">Aborda interacciones sociales de forma inadecuada comport\u00e1ndose de manera pasiva, agresiva o perturbadora<\/span><\/li>\n<li><span style=\"font-size: 14pt;\">Tiene dificultad para reconocer se\u00f1ales no verbales, como la interpretaci\u00f3n de las expresiones faciales de otras personas, las posturas corporales o el tono de voz.<\/span><\/li>\n<\/ul>\n<figure class=\"wp-block-image size-large is-resized\" style=\"text-align: justify;\"><span style=\"font-size: 14pt;\"><img loading=\"lazy\" decoding=\"async\" class=\"wp-image-193350 lazy entered loaded\" title=\"D\u00eda Mundial de Concienciaci\u00f3n sobre el Autismo | 3 |\" src=\"https:\/\/cdn.deultimominuto.net\/wp-content\/uploads\/2023\/04\/nin\u0303o-con-autismo-1024x576.webp\" alt=\"D\u00eda Mundial de Concienciaci\u00f3n sobre el Autismo - Noticias de hoy en Rep\u00fablica Dominicana | De \u00daltimo Minuto\" width=\"518\" height=\"283\" data-src=\"https:\/\/cdn.deultimominuto.net\/wp-content\/uploads\/2023\/04\/nin\u0303o-con-autismo-1024x576.webp\" data-ll-status=\"loaded\" \/><\/span>\n<figcaption><span style=\"font-size: 14pt;\">2 de abril, D\u00eda Mundial de Concienciaci\u00f3n sobre el Autismo<\/span><\/figcaption>\n<\/figure>\n<h4 id=\"h-celebracion-del-dia-mundial-2023\" class=\"wp-block-heading\" style=\"text-align: justify;\"><span style=\"font-size: 14pt;\"><strong>Celebraci\u00f3n del D\u00eda Mundial 2023<\/strong><\/span><\/h4>\n<p style=\"text-align: justify;\"><span style=\"font-size: 14pt;\">Este a\u00f1o, el D\u00eda Mundial de Concienciaci\u00f3n sobre el Autismo se celebra con un acto virtual el\u00a0<strong>domingo 2 de abril, de las 10:00 a las 13.00 horas (hora de Nueva York)<\/strong>.<\/span><\/p>\n<p style=\"text-align: justify;\"><span style=\"font-size: 14pt;\">Este a\u00f1o el lema es <strong>\"Por un mundo neuroinclusivo para todos\". <\/strong><\/span><\/p>\n<p style=\"text-align: justify;\"><span style=\"font-size: 14pt;\">El acto, organizado en estrecha colaboraci\u00f3n con personas autistas, contar\u00e1 con la participaci\u00f3n de personas autistas de todo el mundo que <strong>debatir\u00e1n sobre c\u00f3mo seguir impulsando la transformaci\u00f3n de la narrativa en torno a la neurodiversidad para superar las barrera<\/strong>s y mejorar la vida de las personas autistas. Tambi\u00e9n se abordar\u00e1n las contribuciones que los autistas hacen \u2014y pueden hacer\u2014 a la sociedad y a la consecuci\u00f3n de los Objetivos de Desarrollo Sostenible.<\/span><\/p>\n<p style=\"text-align: justify;\"><span style=\"font-size: 14pt;\">La celebraci\u00f3n del D\u00eda Mundial de Concienciaci\u00f3n sobre el Autismo 2023 est\u00e1 organizada por el<strong> Departamento de Comunicaci\u00f3n Global\u00a0y el\u00a0Departamento de Asuntos Econ\u00f3micos y Sociales de las Naciones Unidas<\/strong>, en colaboraci\u00f3n con el Instituto de Neurodiversidad (ION), una organizaci\u00f3n creada y dirigida por personas neurodivergentes para personas neurodivergentes y aliados.<\/span><\/p>\n\n\n<div class=\"wp-block-group\"><div class=\"wp-block-group__inner-container is-layout-constrained wp-block-group-is-layout-constrained\">\n<div id=\"DenunciayAPP\" class=\"wp-block-group\"><div class=\"wp-block-group__inner-container is-layout-constrained wp-block-group-is-layout-constrained\">\n<p><a href=\"https:\/\/whatsapp.com\/channel\/0029Va88WGP2ER6ZxD6TCa3U\" target=\"_blank\" rel=\"noopener\"><img loading=\"lazy\" decoding=\"async\" class=\"aligncenter size-full wp-image-155512\" src=\"https:\/\/infoelnuevonorte.com\/wp-content\/uploads\/2025\/10\/Canal-whatsapp-infoenn.jpeg\" alt=\"\" width=\"2046\" height=\"554\" srcset=\"https:\/\/infoelnuevonorte.com\/wp-content\/uploads\/2025\/10\/Canal-whatsapp-infoenn.jpeg 2046w, https:\/\/infoelnuevonorte.com\/wp-content\/uploads\/2025\/10\/Canal-whatsapp-infoenn-300x81.jpeg 300w, https:\/\/infoelnuevonorte.com\/wp-content\/uploads\/2025\/10\/Canal-whatsapp-infoenn-1024x277.jpeg 1024w, https:\/\/infoelnuevonorte.com\/wp-content\/uploads\/2025\/10\/Canal-whatsapp-infoenn-768x208.jpeg 768w, https:\/\/infoelnuevonorte.com\/wp-content\/uploads\/2025\/10\/Canal-whatsapp-infoenn-1536x416.jpeg 1536w, https:\/\/infoelnuevonorte.com\/wp-content\/uploads\/2025\/10\/Canal-whatsapp-infoenn-1551x420.jpeg 1551w, https:\/\/infoelnuevonorte.com\/wp-content\/uploads\/2025\/10\/Canal-whatsapp-infoenn-150x41.jpeg 150w, https:\/\/infoelnuevonorte.com\/wp-content\/uploads\/2025\/10\/Canal-whatsapp-infoenn-696x188.jpeg 696w, https:\/\/infoelnuevonorte.com\/wp-content\/uploads\/2025\/10\/Canal-whatsapp-infoenn-1068x289.jpeg 1068w, https:\/\/infoelnuevonorte.com\/wp-content\/uploads\/2025\/10\/Canal-whatsapp-infoenn-1920x520.jpeg 1920w\" sizes=\"(max-width: 2046px) 100vw, 2046px\" \/><\/a><\/p>\n<p>\ud83d\udd17 S\u00edguenos en nuestras redes:<br data-start=\"2686\" data-end=\"2689\" \/><a href=\"https:\/\/x.com\/Elnuevo_norte\">X<\/a> | <a class=\"\" href=\"https:\/\/t.me\/infoenn\" target=\"_new\" rel=\"noopener\" data-start=\"2757\" data-end=\"2789\">Telegram<\/a> | <a class=\"\" href=\"https:\/\/instagram.com\/noticiasenn1?r=nametag\" target=\"_new\" rel=\"noopener\" data-start=\"2792\" data-end=\"2849\">Instagram<\/a><br data-start=\"2849\" data-end=\"2852\" \/><a class=\"\" href=\"https:\/\/www.facebook.com\/infoenn\" target=\"_new\" rel=\"noopener\" data-start=\"2852\" data-end=\"2896\">Facebook<\/a> | <a class=\"\" href=\"https:\/\/www.threads.net\/@noticiasenn1\" target=\"_new\" rel=\"noopener\" data-start=\"2899\" data-end=\"2947\">Threads<\/a> | <a class=\"\" href=\"https:\/\/www.youtube.com\/channel\/UCZZJg_scU1p_c6cvyCHY48A\" target=\"_new\" rel=\"noopener\" data-start=\"2950\" data-end=\"3017\" data-is-last-node=\"\">YouTube<\/a><\/p>\n<p>\ud83d\ude4f \u00a1Tu apoyo es importante!<\/p>\n<p>\ud83d\udd3bDESCARGAR NUESTRA APP \"<span style=\"color: #0000ff;\"><strong>Info ENN<\/strong><\/span>\"<\/p>\n\n\n\n<div class=\"wp-block-buttons is-content-justification-left is-layout-flex wp-container-core-buttons-is-layout-1 wp-block-buttons-is-layout-flex\">\n<div class=\"wp-block-button is-style-3d\"><a class=\"wp-block-button__link has-white-background-color has-background wp-element-button\" href=\"https:\/\/apps.apple.com\/do\/app\/infoenn\/id6503000762\"><img loading=\"lazy\" decoding=\"async\" width=\"150\" height=\"50\" class=\"wp-image-104096\" style=\"width: 150px;\" src=\"https:\/\/infoelnuevonorte.com\/wp-content\/uploads\/2025\/05\/Download_on_the_App_Store_RGB_blk.svg_.png\" alt=\"\" srcset=\"https:\/\/infoelnuevonorte.com\/wp-content\/uploads\/2025\/05\/Download_on_the_App_Store_RGB_blk.svg_.png 1280w, https:\/\/infoelnuevonorte.com\/wp-content\/uploads\/2025\/05\/Download_on_the_App_Store_RGB_blk.svg_-300x100.png 300w, https:\/\/infoelnuevonorte.com\/wp-content\/uploads\/2025\/05\/Download_on_the_App_Store_RGB_blk.svg_-1024x342.png 1024w, https:\/\/infoelnuevonorte.com\/wp-content\/uploads\/2025\/05\/Download_on_the_App_Store_RGB_blk.svg_-768x257.png 768w, https:\/\/infoelnuevonorte.com\/wp-content\/uploads\/2025\/05\/Download_on_the_App_Store_RGB_blk.svg_-1256x420.png 1256w, https:\/\/infoelnuevonorte.com\/wp-content\/uploads\/2025\/05\/Download_on_the_App_Store_RGB_blk.svg_-150x50.png 150w, https:\/\/infoelnuevonorte.com\/wp-content\/uploads\/2025\/05\/Download_on_the_App_Store_RGB_blk.svg_-696x233.png 696w, https:\/\/infoelnuevonorte.com\/wp-content\/uploads\/2025\/05\/Download_on_the_App_Store_RGB_blk.svg_-1068x357.png 1068w, https:\/\/infoelnuevonorte.com\/wp-content\/uploads\/2025\/05\/Download_on_the_App_Store_RGB_blk.svg_-200x67.png 200w\" sizes=\"(max-width: 150px) 100vw, 150px\" \/><\/a><\/div>\n<\/div>\n\n\n\n<div class=\"wp-block-buttons is-layout-flex wp-block-buttons-is-layout-flex\">\n<div class=\"wp-block-button is-style-3d td_btn_large\"><a class=\"wp-block-button__link has-white-background-color has-background wp-element-button\" href=\"https:\/\/mega.nz\/file\/vRhVTJBD#6P0Os8p_y2oJgZIa__7dhjqdpW42XJ_cY3zmbyxVohM\" target=\"_blank\" rel=\"noreferrer noopener\"><mark style=\"background-color:rgba(0, 0, 0, 0)\" class=\"has-inline-color has-light-green-cyan-color\"><img loading=\"lazy\" decoding=\"async\" width=\"150\" height=\"49\" class=\"wp-image-104095\" style=\"width: 150px;\" src=\"https:\/\/infoelnuevonorte.com\/wp-content\/uploads\/2025\/05\/badge-google-play-and-app-store-button-download-free-png.webp\" alt=\"\" srcset=\"https:\/\/infoelnuevonorte.com\/wp-content\/uploads\/2025\/05\/badge-google-play-and-app-store-button-download-free-png.webp 1920w, https:\/\/infoelnuevonorte.com\/wp-content\/uploads\/2025\/05\/badge-google-play-and-app-store-button-download-free-png-300x98.webp 300w, https:\/\/infoelnuevonorte.com\/wp-content\/uploads\/2025\/05\/badge-google-play-and-app-store-button-download-free-png-1024x335.webp 1024w, https:\/\/infoelnuevonorte.com\/wp-content\/uploads\/2025\/05\/badge-google-play-and-app-store-button-download-free-png-768x252.webp 768w, https:\/\/infoelnuevonorte.com\/wp-content\/uploads\/2025\/05\/badge-google-play-and-app-store-button-download-free-png-1536x503.webp 1536w, https:\/\/infoelnuevonorte.com\/wp-content\/uploads\/2025\/05\/badge-google-play-and-app-store-button-download-free-png-1282x420.webp 1282w, https:\/\/infoelnuevonorte.com\/wp-content\/uploads\/2025\/05\/badge-google-play-and-app-store-button-download-free-png-150x49.webp 150w, https:\/\/infoelnuevonorte.com\/wp-content\/uploads\/2025\/05\/badge-google-play-and-app-store-button-download-free-png-696x228.webp 696w, https:\/\/infoelnuevonorte.com\/wp-content\/uploads\/2025\/05\/badge-google-play-and-app-store-button-download-free-png-1068x350.webp 1068w, https:\/\/infoelnuevonorte.com\/wp-content\/uploads\/2025\/05\/badge-google-play-and-app-store-button-download-free-png-200x66.webp 200w\" sizes=\"(max-width: 150px) 100vw, 150px\" \/><\/mark><\/a><\/div>\n<\/div>\n\n\n\n<p style=\"text-align: justify;\"><strong data-start=\"0\" data-end=\"18\" data-is-only-node=\"\"><a href=\"https:\/\/infoelnuevonorte.com\/\"><img loading=\"lazy\" decoding=\"async\" class=\" wp-image-159681 alignleft\" src=\"https:\/\/infoelnuevonorte.com\/wp-content\/uploads\/2025\/11\/Logo-3d-infoenn-con-fondo-blanco.jpg\" alt=\"\" width=\"240\" height=\"86\" srcset=\"https:\/\/infoelnuevonorte.com\/wp-content\/uploads\/2025\/11\/Logo-3d-infoenn-con-fondo-blanco.jpg 1696w, https:\/\/infoelnuevonorte.com\/wp-content\/uploads\/2025\/11\/Logo-3d-infoenn-con-fondo-blanco-300x108.jpg 300w, https:\/\/infoelnuevonorte.com\/wp-content\/uploads\/2025\/11\/Logo-3d-infoenn-con-fondo-blanco-1024x367.jpg 1024w, https:\/\/infoelnuevonorte.com\/wp-content\/uploads\/2025\/11\/Logo-3d-infoenn-con-fondo-blanco-768x275.jpg 768w, https:\/\/infoelnuevonorte.com\/wp-content\/uploads\/2025\/11\/Logo-3d-infoenn-con-fondo-blanco-1536x551.jpg 1536w, https:\/\/infoelnuevonorte.com\/wp-content\/uploads\/2025\/11\/Logo-3d-infoenn-con-fondo-blanco-1172x420.jpg 1172w, https:\/\/infoelnuevonorte.com\/wp-content\/uploads\/2025\/11\/Logo-3d-infoenn-con-fondo-blanco-150x54.jpg 150w, https:\/\/infoelnuevonorte.com\/wp-content\/uploads\/2025\/11\/Logo-3d-infoenn-con-fondo-blanco-696x250.jpg 696w, https:\/\/infoelnuevonorte.com\/wp-content\/uploads\/2025\/11\/Logo-3d-infoenn-con-fondo-blanco-1068x383.jpg 1068w\" sizes=\"(max-width: 240px) 100vw, 240px\" \/><\/a>El Nuevo Norte<\/strong> es un peri\u00f3dico digital dominicano fundado el <strong data-start=\"65\" data-end=\"90\">12 de febrero de 2006<\/strong> por el periodista <strong data-start=\"109\" data-end=\"129\">Junior Henr\u00edquez<\/strong>, quien funge como director y fundador. A trav\u00e9s de la web <strong data-start=\"188\" data-end=\"212\">infoelnuevonorte.com<\/strong>, el medio ofrece informaci\u00f3n veraz y oportuna sobre los acontecimientos sociales, pol\u00edticos, comunitarios y de actualidad general, tanto a nivel nacional como internacional, promoviendo un periodismo responsable, participativo y comprometido con la libre expresi\u00f3n y el fortalecimiento de la democracia informativa.<\/p>\n<\/div><\/div>\n<\/div><\/div>\n","protected":false},"excerpt":{"rendered":"<p>El D\u00eda Mundial de Concienciaci\u00f3n sobre el Autismo se celebra hoy domingo 2 de abril, un conmemoraci\u00f3n que se utiliza para destacar las contribuciones que hacen las personas con autismo al mundo en el hogar, en el trabajo, en las artes y en la elaboraci\u00f3n de pol\u00edticas. El trastorno del espectro autista es una afecci\u00f3n [&hellip;]<\/p>\n","protected":false},"author":1,"featured_media":205472,"comment_status":"closed","ping_status":"open","sticky":false,"template":"","format":"standard","meta":{"footnotes":""},"categories":[744],"tags":[],"yoast_head":"<!-- This site is optimized with the Yoast SEO plugin v24.5 - https:\/\/yoast.com\/wordpress\/plugins\/seo\/ -->\n<title>D\u00eda Mundial de Concienciaci\u00f3n sobre el Autismo | El Nuevo Norte<\/title>\n<meta name=\"robots\" content=\"index, follow, max-snippet:-1, max-image-preview:large, max-video-preview:-1\" \/>\n<link rel=\"canonical\" href=\"https:\/\/infoelnuevonorte.com\/?p=205470\" \/>\n<meta property=\"og:locale\" content=\"es_ES\" \/>\n<meta property=\"og:type\" content=\"article\" \/>\n<meta property=\"og:title\" content=\"D\u00eda Mundial de Concienciaci\u00f3n sobre el Autismo | El Nuevo Norte\" \/>\n<meta property=\"og:description\" content=\"El D\u00eda Mundial de Concienciaci\u00f3n sobre el Autismo se celebra hoy domingo 2 de abril, un conmemoraci\u00f3n que se utiliza para destacar las contribuciones que hacen las personas con autismo al mundo en el hogar, en el trabajo, en las artes y en la elaboraci\u00f3n de pol\u00edticas. El trastorno del espectro autista es una afecci\u00f3n [&hellip;]\" \/>\n<meta property=\"og:url\" content=\"https:\/\/infoelnuevonorte.com\/?p=205470\" \/>\n<meta property=\"og:site_name\" content=\"El Nuevo Norte\" \/>\n<meta property=\"article:publisher\" content=\"https:\/\/www.facebook.com\/infoenn\" \/>\n<meta property=\"article:published_time\" content=\"2026-04-02T10:58:49+00:00\" \/>\n<meta property=\"article:modified_time\" content=\"2026-04-02T10:58:50+00:00\" \/>\n<meta property=\"og:image\" content=\"https:\/\/infoelnuevonorte.com\/wp-content\/uploads\/2026\/04\/trastorno-espectro-autismo.webp\" \/>\n\t<meta property=\"og:image:width\" content=\"800\" \/>\n\t<meta property=\"og:image:height\" content=\"600\" \/>\n\t<meta property=\"og:image:type\" content=\"image\/webp\" \/>\n<meta name=\"author\" content=\"InfoEnn\" \/>\n<meta name=\"twitter:card\" content=\"summary_large_image\" \/>\n<meta name=\"twitter:creator\" content=\"@Elnuevo_norte\" \/>\n<meta name=\"twitter:site\" content=\"@Elnuevo_norte\" \/>\n<meta name=\"twitter:label1\" content=\"Written by\" \/>\n\t<meta name=\"twitter:data1\" content=\"InfoEnn\" \/>\n\t<meta name=\"twitter:label2\" content=\"Est. reading time\" \/>\n\t<meta name=\"twitter:data2\" content=\"6 minutos\" \/>\n<script type=\"application\/ld+json\" class=\"yoast-schema-graph\">{\"@context\":\"https:\/\/schema.org\",\"@graph\":[{\"@type\":\"Article\",\"@id\":\"https:\/\/infoelnuevonorte.com\/?p=205470#article\",\"isPartOf\":{\"@id\":\"https:\/\/infoelnuevonorte.com\/?p=205470\"},\"author\":{\"name\":\"InfoEnn\",\"@id\":\"https:\/\/infoelnuevonorte.com\/#\/schema\/person\/fd4f6d90afe41260818b4ea94ad8ab84\"},\"headline\":\"D\u00eda Mundial de Concienciaci\u00f3n sobre el Autismo\",\"datePublished\":\"2026-04-02T10:58:49+00:00\",\"dateModified\":\"2026-04-02T10:58:50+00:00\",\"mainEntityOfPage\":{\"@id\":\"https:\/\/infoelnuevonorte.com\/?p=205470\"},\"wordCount\":850,\"publisher\":{\"@id\":\"https:\/\/infoelnuevonorte.com\/#organization\"},\"image\":{\"@id\":\"https:\/\/infoelnuevonorte.com\/?p=205470#primaryimage\"},\"thumbnailUrl\":\"https:\/\/infoelnuevonorte.com\/wp-content\/uploads\/2026\/04\/trastorno-espectro-autismo.webp\",\"articleSection\":[\"Celebraciones\"],\"inLanguage\":\"es-DO\"},{\"@type\":\"WebPage\",\"@id\":\"https:\/\/infoelnuevonorte.com\/?p=205470\",\"url\":\"https:\/\/infoelnuevonorte.com\/?p=205470\",\"name\":\"D\u00eda Mundial de Concienciaci\u00f3n sobre el Autismo | El Nuevo Norte\",\"isPartOf\":{\"@id\":\"https:\/\/infoelnuevonorte.com\/#website\"},\"primaryImageOfPage\":{\"@id\":\"https:\/\/infoelnuevonorte.com\/?p=205470#primaryimage\"},\"image\":{\"@id\":\"https:\/\/infoelnuevonorte.com\/?p=205470#primaryimage\"},\"thumbnailUrl\":\"https:\/\/infoelnuevonorte.com\/wp-content\/uploads\/2026\/04\/trastorno-espectro-autismo.webp\",\"datePublished\":\"2026-04-02T10:58:49+00:00\",\"dateModified\":\"2026-04-02T10:58:50+00:00\",\"breadcrumb\":{\"@id\":\"https:\/\/infoelnuevonorte.com\/?p=205470#breadcrumb\"},\"inLanguage\":\"es-DO\",\"potentialAction\":[{\"@type\":\"ReadAction\",\"target\":[\"https:\/\/infoelnuevonorte.com\/?p=205470\"]}]},{\"@type\":\"ImageObject\",\"inLanguage\":\"es-DO\",\"@id\":\"https:\/\/infoelnuevonorte.com\/?p=205470#primaryimage\",\"url\":\"https:\/\/infoelnuevonorte.com\/wp-content\/uploads\/2026\/04\/trastorno-espectro-autismo.webp\",\"contentUrl\":\"https:\/\/infoelnuevonorte.com\/wp-content\/uploads\/2026\/04\/trastorno-espectro-autismo.webp\",\"width\":800,\"height\":600},{\"@type\":\"BreadcrumbList\",\"@id\":\"https:\/\/infoelnuevonorte.com\/?p=205470#breadcrumb\",\"itemListElement\":[{\"@type\":\"ListItem\",\"position\":1,\"name\":\"Home\",\"item\":\"https:\/\/infoelnuevonorte.com\/\"},{\"@type\":\"ListItem\",\"position\":2,\"name\":\"D\u00eda Mundial de Concienciaci\u00f3n sobre el Autismo\"}]},{\"@type\":\"WebSite\",\"@id\":\"https:\/\/infoelnuevonorte.com\/#website\",\"url\":\"https:\/\/infoelnuevonorte.com\/\",\"name\":\"InfoEnn\",\"description\":\"Tu Voz, tu Verdad, tu Diario!!!\",\"publisher\":{\"@id\":\"https:\/\/infoelnuevonorte.com\/#organization\"},\"alternateName\":\"El Nuevo Norte\",\"potentialAction\":[{\"@type\":\"SearchAction\",\"target\":{\"@type\":\"EntryPoint\",\"urlTemplate\":\"https:\/\/infoelnuevonorte.com\/?s={search_term_string}\"},\"query-input\":{\"@type\":\"PropertyValueSpecification\",\"valueRequired\":true,\"valueName\":\"search_term_string\"}}],\"inLanguage\":\"es-DO\"},{\"@type\":\"Organization\",\"@id\":\"https:\/\/infoelnuevonorte.com\/#organization\",\"name\":\"Info El Nuevo Norte\",\"alternateName\":\"El Nuevo Norte\",\"url\":\"https:\/\/infoelnuevonorte.com\/\",\"logo\":{\"@type\":\"ImageObject\",\"inLanguage\":\"es-DO\",\"@id\":\"https:\/\/infoelnuevonorte.com\/#\/schema\/logo\/image\/\",\"url\":\"https:\/\/infoelnuevonorte.com\/wp-content\/uploads\/2026\/02\/Logo-Info-enn-3d-20ani.jpeg\",\"contentUrl\":\"https:\/\/infoelnuevonorte.com\/wp-content\/uploads\/2026\/02\/Logo-Info-enn-3d-20ani.jpeg\",\"width\":2046,\"height\":736,\"caption\":\"Info El Nuevo Norte\"},\"image\":{\"@id\":\"https:\/\/infoelnuevonorte.com\/#\/schema\/logo\/image\/\"},\"sameAs\":[\"https:\/\/www.facebook.com\/infoenn\",\"https:\/\/x.com\/Elnuevo_norte\",\"https:\/\/www.instagram.com\/infoenn\",\"https:\/\/www.facebook.com\/ENNRD\"]},{\"@type\":\"Person\",\"@id\":\"https:\/\/infoelnuevonorte.com\/#\/schema\/person\/fd4f6d90afe41260818b4ea94ad8ab84\",\"name\":\"InfoEnn\",\"image\":{\"@type\":\"ImageObject\",\"inLanguage\":\"es-DO\",\"@id\":\"https:\/\/infoelnuevonorte.com\/#\/schema\/person\/image\/\",\"url\":\"https:\/\/secure.gravatar.com\/avatar\/d4d760a41a48ba9db0a82bfb63bb0783?s=96&d=robohash&r=g\",\"contentUrl\":\"https:\/\/secure.gravatar.com\/avatar\/d4d760a41a48ba9db0a82bfb63bb0783?s=96&d=robohash&r=g\",\"caption\":\"InfoEnn\"},\"sameAs\":[\"https:\/\/infoelnuevonorte.com\"],\"url\":\"https:\/\/infoelnuevonorte.com\/?author=1\"}]}<\/script>\n<!-- \/ Yoast SEO plugin. -->","yoast_head_json":{"title":"D\u00eda Mundial de Concienciaci\u00f3n sobre el Autismo | El Nuevo Norte","robots":{"index":"index","follow":"follow","max-snippet":"max-snippet:-1","max-image-preview":"max-image-preview:large","max-video-preview":"max-video-preview:-1"},"canonical":"https:\/\/infoelnuevonorte.com\/?p=205470","og_locale":"es_ES","og_type":"article","og_title":"D\u00eda Mundial de Concienciaci\u00f3n sobre el Autismo | El Nuevo Norte","og_description":"El D\u00eda Mundial de Concienciaci\u00f3n sobre el Autismo se celebra hoy domingo 2 de abril, un conmemoraci\u00f3n que se utiliza para destacar las contribuciones que hacen las personas con autismo al mundo en el hogar, en el trabajo, en las artes y en la elaboraci\u00f3n de pol\u00edticas. El trastorno del espectro autista es una afecci\u00f3n [&hellip;]","og_url":"https:\/\/infoelnuevonorte.com\/?p=205470","og_site_name":"El Nuevo Norte","article_publisher":"https:\/\/www.facebook.com\/infoenn","article_published_time":"2026-04-02T10:58:49+00:00","article_modified_time":"2026-04-02T10:58:50+00:00","og_image":[{"width":800,"height":600,"url":"https:\/\/infoelnuevonorte.com\/wp-content\/uploads\/2026\/04\/trastorno-espectro-autismo.webp","type":"image\/webp"}],"author":"InfoEnn","twitter_card":"summary_large_image","twitter_creator":"@Elnuevo_norte","twitter_site":"@Elnuevo_norte","twitter_misc":{"Written by":"InfoEnn","Est. reading time":"6 minutos"},"schema":{"@context":"https:\/\/schema.org","@graph":[{"@type":"Article","@id":"https:\/\/infoelnuevonorte.com\/?p=205470#article","isPartOf":{"@id":"https:\/\/infoelnuevonorte.com\/?p=205470"},"author":{"name":"InfoEnn","@id":"https:\/\/infoelnuevonorte.com\/#\/schema\/person\/fd4f6d90afe41260818b4ea94ad8ab84"},"headline":"D\u00eda Mundial de Concienciaci\u00f3n sobre el Autismo","datePublished":"2026-04-02T10:58:49+00:00","dateModified":"2026-04-02T10:58:50+00:00","mainEntityOfPage":{"@id":"https:\/\/infoelnuevonorte.com\/?p=205470"},"wordCount":850,"publisher":{"@id":"https:\/\/infoelnuevonorte.com\/#organization"},"image":{"@id":"https:\/\/infoelnuevonorte.com\/?p=205470#primaryimage"},"thumbnailUrl":"https:\/\/infoelnuevonorte.com\/wp-content\/uploads\/2026\/04\/trastorno-espectro-autismo.webp","articleSection":["Celebraciones"],"inLanguage":"es-DO"},{"@type":"WebPage","@id":"https:\/\/infoelnuevonorte.com\/?p=205470","url":"https:\/\/infoelnuevonorte.com\/?p=205470","name":"D\u00eda Mundial de Concienciaci\u00f3n sobre el Autismo | El Nuevo Norte","isPartOf":{"@id":"https:\/\/infoelnuevonorte.com\/#website"},"primaryImageOfPage":{"@id":"https:\/\/infoelnuevonorte.com\/?p=205470#primaryimage"},"image":{"@id":"https:\/\/infoelnuevonorte.com\/?p=205470#primaryimage"},"thumbnailUrl":"https:\/\/infoelnuevonorte.com\/wp-content\/uploads\/2026\/04\/trastorno-espectro-autismo.webp","datePublished":"2026-04-02T10:58:49+00:00","dateModified":"2026-04-02T10:58:50+00:00","breadcrumb":{"@id":"https:\/\/infoelnuevonorte.com\/?p=205470#breadcrumb"},"inLanguage":"es-DO","potentialAction":[{"@type":"ReadAction","target":["https:\/\/infoelnuevonorte.com\/?p=205470"]}]},{"@type":"ImageObject","inLanguage":"es-DO","@id":"https:\/\/infoelnuevonorte.com\/?p=205470#primaryimage","url":"https:\/\/infoelnuevonorte.com\/wp-content\/uploads\/2026\/04\/trastorno-espectro-autismo.webp","contentUrl":"https:\/\/infoelnuevonorte.com\/wp-content\/uploads\/2026\/04\/trastorno-espectro-autismo.webp","width":800,"height":600},{"@type":"BreadcrumbList","@id":"https:\/\/infoelnuevonorte.com\/?p=205470#breadcrumb","itemListElement":[{"@type":"ListItem","position":1,"name":"Home","item":"https:\/\/infoelnuevonorte.com\/"},{"@type":"ListItem","position":2,"name":"D\u00eda Mundial de Concienciaci\u00f3n sobre el Autismo"}]},{"@type":"WebSite","@id":"https:\/\/infoelnuevonorte.com\/#website","url":"https:\/\/infoelnuevonorte.com\/","name":"InfoEnn","description":"Tu Voz, tu Verdad, tu Diario!!!","publisher":{"@id":"https:\/\/infoelnuevonorte.com\/#organization"},"alternateName":"El Nuevo Norte","potentialAction":[{"@type":"SearchAction","target":{"@type":"EntryPoint","urlTemplate":"https:\/\/infoelnuevonorte.com\/?s={search_term_string}"},"query-input":{"@type":"PropertyValueSpecification","valueRequired":true,"valueName":"search_term_string"}}],"inLanguage":"es-DO"},{"@type":"Organization","@id":"https:\/\/infoelnuevonorte.com\/#organization","name":"Info El Nuevo Norte","alternateName":"El Nuevo Norte","url":"https:\/\/infoelnuevonorte.com\/","logo":{"@type":"ImageObject","inLanguage":"es-DO","@id":"https:\/\/infoelnuevonorte.com\/#\/schema\/logo\/image\/","url":"https:\/\/infoelnuevonorte.com\/wp-content\/uploads\/2026\/02\/Logo-Info-enn-3d-20ani.jpeg","contentUrl":"https:\/\/infoelnuevonorte.com\/wp-content\/uploads\/2026\/02\/Logo-Info-enn-3d-20ani.jpeg","width":2046,"height":736,"caption":"Info El Nuevo Norte"},"image":{"@id":"https:\/\/infoelnuevonorte.com\/#\/schema\/logo\/image\/"},"sameAs":["https:\/\/www.facebook.com\/infoenn","https:\/\/x.com\/Elnuevo_norte","https:\/\/www.instagram.com\/infoenn","https:\/\/www.facebook.com\/ENNRD"]},{"@type":"Person","@id":"https:\/\/infoelnuevonorte.com\/#\/schema\/person\/fd4f6d90afe41260818b4ea94ad8ab84","name":"InfoEnn","image":{"@type":"ImageObject","inLanguage":"es-DO","@id":"https:\/\/infoelnuevonorte.com\/#\/schema\/person\/image\/","url":"https:\/\/secure.gravatar.com\/avatar\/d4d760a41a48ba9db0a82bfb63bb0783?s=96&d=robohash&r=g","contentUrl":"https:\/\/secure.gravatar.com\/avatar\/d4d760a41a48ba9db0a82bfb63bb0783?s=96&d=robohash&r=g","caption":"InfoEnn"},"sameAs":["https:\/\/infoelnuevonorte.com"],"url":"https:\/\/infoelnuevonorte.com\/?author=1"}]}},"_links":{"self":[{"href":"https:\/\/infoelnuevonorte.com\/index.php?rest_route=\/wp\/v2\/posts\/205470"}],"collection":[{"href":"https:\/\/infoelnuevonorte.com\/index.php?rest_route=\/wp\/v2\/posts"}],"about":[{"href":"https:\/\/infoelnuevonorte.com\/index.php?rest_route=\/wp\/v2\/types\/post"}],"author":[{"embeddable":true,"href":"https:\/\/infoelnuevonorte.com\/index.php?rest_route=\/wp\/v2\/users\/1"}],"replies":[{"embeddable":true,"href":"https:\/\/infoelnuevonorte.com\/index.php?rest_route=%2Fwp%2Fv2%2Fcomments&post=205470"}],"version-history":[{"count":1,"href":"https:\/\/infoelnuevonorte.com\/index.php?rest_route=\/wp\/v2\/posts\/205470\/revisions"}],"predecessor-version":[{"id":205473,"href":"https:\/\/infoelnuevonorte.com\/index.php?rest_route=\/wp\/v2\/posts\/205470\/revisions\/205473"}],"wp:featuredmedia":[{"embeddable":true,"href":"https:\/\/infoelnuevonorte.com\/index.php?rest_route=\/wp\/v2\/media\/205472"}],"wp:attachment":[{"href":"https:\/\/infoelnuevonorte.com\/index.php?rest_route=%2Fwp%2Fv2%2Fmedia&parent=205470"}],"wp:term":[{"taxonomy":"category","embeddable":true,"href":"https:\/\/infoelnuevonorte.com\/index.php?rest_route=%2Fwp%2Fv2%2Fcategories&post=205470"},{"taxonomy":"post_tag","embeddable":true,"href":"https:\/\/infoelnuevonorte.com\/index.php?rest_route=%2Fwp%2Fv2%2Ftags&post=205470"}],"curies":[{"name":"wp","href":"https:\/\/api.w.org\/{rel}","templated":true}]}}