{"id":2057,"date":"2023-10-14T14:08:07","date_gmt":"2023-10-14T14:08:07","guid":{"rendered":"https:\/\/infoelnuevonorte.com\/?p=2057"},"modified":"2023-10-14T14:08:09","modified_gmt":"2023-10-14T14:08:09","slug":"protestas-dividen-times-square-de-un-lado-los-pro-palestinos-y-del-otro-los-proisraelies","status":"publish","type":"post","link":"https:\/\/infoelnuevonorte.com\/?p=2057","title":{"rendered":"Protestas dividen Times Square, de un lado los pro palestinos y del otro los proisrael\u00edes"},"content":{"rendered":"<div class=\"entry-content\">\n<p style=\"text-align: justify;\"><strong>Nueva York.-<\/strong>\u00a0Protestas pac\u00edficas han dividido la ic\u00f3nica Times Square, de un lado de la plaza neoyorquina m\u00e1s de un centenar de pro palestinos, del otro una veintena de proisrael\u00edes y entre medias un gran despliegue policial.<\/p>\n<p style=\"text-align: justify;\">Del lado palestino se gritaba libertad para el pueblo palestino y se echaba en cara al Gobierno de Estados Unidos haber tomado el lado israel\u00ed despu\u00e9s del ataque de Ham\u00e1s en Israel el fin de semana pasado, que dej\u00f3 1.400 muertos, seg\u00fan los medios locales.<\/p>\n<p style=\"text-align: justify;\">Asimismo, los participantes ense\u00f1aban fotos de los muertos en la Franja de Gaza. Seg\u00fan las autoridades palestinas, al menos 1.800 personas han muerto en esta zona como consecuencia de los bombardeos israel\u00edes esta semana.<\/p>\n<p style=\"text-align: justify;\">Una veintea\u00f1era nacida en Estados Unidos y con familia en Palestina dijo a EFE que vino a la protesta con un grupo de amigas porque sus familiares palestinos le han pedido que mostrara su apoyo, ya que significa \u201cmucho para ellos\u201d.<\/p>\n<p style=\"text-align: justify;\">La joven, que prefiri\u00f3 no dar su nombre, apunta que desde el ataque de Ham\u00e1s el fin de semana pasado, ha notado que la gente le mira de otra manera al ver que lleva un velo y una bandera de Palestina.<\/p>\n<p style=\"text-align: justify;\"><strong>Pro palestinos vs. Proisrael\u00edes<\/strong><\/p>\n<p style=\"text-align: justify;\">Por su parte, Lindda Nobenski, una estadounidense de 77 a\u00f1os, dijo a EFE que decidi\u00f3 desplazarse a Times Square para protestar contra la \u201cmasacre\u201d que est\u00e1 viviendo ese territorio.<\/p>\n<p style=\"text-align: justify;\">\u201cCreo que matar gente inocente es aborrecible, es horrible. Pero todo el mundo sabe que si tienes una olla a presi\u00f3n y no se le quita la presi\u00f3n va a explotar y va a salpicar a todos\u201d, dijo la mujer tras ser preguntada sobre los ataques de Ham\u00e1s.<\/p>\n<p style=\"text-align: justify;\">Del lado israel\u00ed, Jonathan Trojan Greenberry, un israel\u00ed asentado en Nueva York, relat\u00f3 a EFE con los ojos llorosos que el novio de su hermana fue uno de los supervivientes del festival que Ham\u00e1s atac\u00f3 la semana pasada.<\/p>\n<p style=\"text-align: justify;\">Trojan Greenberry describi\u00f3 esta guerra como una tragedia, pero dijo que se le revolvi\u00f3 el est\u00f3mago cuando vio que algunos pro palestinos de Estados Unidos \u00b7celebraban\u201d ese ataque.<\/p>\n<p style=\"text-align: justify;\"><strong>Refuerzo policial en la Gran Manzana<\/strong><\/p>\n<p style=\"text-align: justify;\">Decenas de polic\u00edas y varios helic\u00f3pteros y drones velaron hoy por la seguridad en Times Square, vigilancia que fue reforzada tras el llamado del ex l\u00edder de Ham\u00e1s, Khaled Meshaal, que dirigi\u00f3 el grupo islamista ente 2004 y 2017 a la comunidad isl\u00e1mica de todo el mundo a manifestarse este viernes en apoyo a Palestina.<\/p>\n<p style=\"text-align: justify;\">Ayer, el departamento cancel\u00f3 las vacaciones y orden\u00f3 a todos sus agentes que se presenten en sus uniformes a la vez que activ\u00f3 un centro de operaci\u00f3n Adem\u00e1s, la Polic\u00eda ha aumentado la seguridad en sus 77 comisar\u00edas a trav\u00e9s de la ciudad, asignando personal adicional para vigilar las entradas y \u00e1reas de estacionamientos de los cuarteles. No obstante, el departamento indic\u00f3 ayer en un comunicado que no hay una \u201camenaza cre\u00edble\u201d.<\/p>\n<p style=\"text-align: justify;\"><strong>Fuente: EFE<\/strong><\/p>\n<div class=\"code-block code-block-2 code-block-block-2 ai-track\" style=\"text-align: justify;\" data-ai=\"WzIsMCwiQmxvY2sgMiIsIiJd\"><a href=\"https:\/\/juntos.do\/\"><img loading=\"lazy\" decoding=\"async\" class=\"alignleft wp-image-136069 size-full\" src=\"https:\/\/n.com.do\/wp-content\/uploads\/2023\/10\/728x90.png%22\" alt=\"\" width=\"728\" height=\"90\" \/><\/a><\/div>\n<\/div>\n<div class=\"saxon-social-share-fixed sidebar-position-right\">\n<div class=\"post-social-wrapper\">\n<div class=\"post-social\" style=\"text-align: justify;\"><\/div>\n<\/div>\n<\/div>\n","protected":false},"excerpt":{"rendered":"<p>Nueva York.-\u00a0Protestas pac\u00edficas han dividido la ic\u00f3nica Times Square, de un lado de la plaza neoyorquina m\u00e1s de un centenar de pro palestinos, del otro una veintena de proisrael\u00edes y entre medias un gran despliegue policial. Del lado palestino se gritaba libertad para el pueblo palestino y se echaba en cara al Gobierno de Estados [&hellip;]<\/p>\n","protected":false},"author":1,"featured_media":0,"comment_status":"open","ping_status":"open","sticky":false,"template":"","format":"standard","meta":{"footnotes":""},"categories":[2,9],"tags":[],"yoast_head":"<!-- This site is optimized with the Yoast SEO plugin v24.5 - https:\/\/yoast.com\/wordpress\/plugins\/seo\/ -->\n<title>Protestas dividen Times Square, de un lado los pro palestinos y del otro los proisrael\u00edes | El Nuevo Norte<\/title>\n<meta name=\"robots\" content=\"index, follow, max-snippet:-1, max-image-preview:large, max-video-preview:-1\" \/>\n<link rel=\"canonical\" href=\"https:\/\/infoelnuevonorte.com\/?p=2057\" \/>\n<meta property=\"og:locale\" content=\"es_ES\" \/>\n<meta property=\"og:type\" content=\"article\" \/>\n<meta property=\"og:title\" content=\"Protestas dividen Times Square, de un lado los pro palestinos y del otro los proisrael\u00edes | El Nuevo Norte\" \/>\n<meta property=\"og:description\" content=\"Nueva York.-\u00a0Protestas pac\u00edficas han dividido la ic\u00f3nica Times Square, de un lado de la plaza neoyorquina m\u00e1s de un centenar de pro palestinos, del otro una veintena de proisrael\u00edes y entre medias un gran despliegue policial. Del lado palestino se gritaba libertad para el pueblo palestino y se echaba en cara al Gobierno de Estados [&hellip;]\" \/>\n<meta property=\"og:url\" content=\"https:\/\/infoelnuevonorte.com\/?p=2057\" \/>\n<meta property=\"og:site_name\" content=\"El Nuevo Norte\" \/>\n<meta property=\"article:publisher\" content=\"https:\/\/www.facebook.com\/infoenn\" \/>\n<meta property=\"article:published_time\" content=\"2023-10-14T14:08:07+00:00\" \/>\n<meta property=\"article:modified_time\" content=\"2023-10-14T14:08:09+00:00\" \/>\n<meta property=\"og:image\" content=\"https:\/\/infoelnuevonorte.com\/wp-content\/uploads\/2023\/10\/israel-palestino.png\" \/>\n\t<meta property=\"og:image:width\" content=\"1140\" \/>\n\t<meta property=\"og:image:height\" content=\"694\" \/>\n\t<meta property=\"og:image:type\" content=\"image\/png\" \/>\n<meta name=\"author\" content=\"InfoEnn\" \/>\n<meta name=\"twitter:card\" content=\"summary_large_image\" \/>\n<meta name=\"twitter:creator\" content=\"@Elnuevo_norte\" \/>\n<meta name=\"twitter:site\" content=\"@Elnuevo_norte\" \/>\n<meta name=\"twitter:label1\" content=\"Written by\" \/>\n\t<meta name=\"twitter:data1\" content=\"InfoEnn\" \/>\n\t<meta name=\"twitter:label2\" content=\"Est. reading time\" \/>\n\t<meta name=\"twitter:data2\" content=\"3 minutos\" \/>\n<script type=\"application\/ld+json\" class=\"yoast-schema-graph\">{\"@context\":\"https:\/\/schema.org\",\"@graph\":[{\"@type\":\"Article\",\"@id\":\"https:\/\/infoelnuevonorte.com\/?p=2057#article\",\"isPartOf\":{\"@id\":\"https:\/\/infoelnuevonorte.com\/?p=2057\"},\"author\":{\"name\":\"InfoEnn\",\"@id\":\"https:\/\/infoelnuevonorte.com\/#\/schema\/person\/fd4f6d90afe41260818b4ea94ad8ab84\"},\"headline\":\"Protestas dividen Times Square, de un lado los pro palestinos y del otro los proisrael\u00edes\",\"datePublished\":\"2023-10-14T14:08:07+00:00\",\"dateModified\":\"2023-10-14T14:08:09+00:00\",\"mainEntityOfPage\":{\"@id\":\"https:\/\/infoelnuevonorte.com\/?p=2057\"},\"wordCount\":521,\"commentCount\":0,\"publisher\":{\"@id\":\"https:\/\/infoelnuevonorte.com\/#organization\"},\"image\":{\"@id\":\"https:\/\/infoelnuevonorte.com\/?p=2057#primaryimage\"},\"thumbnailUrl\":\"https:\/\/n.com.do\/wp-content\/uploads\/2023\/10\/728x90.png%22\",\"articleSection\":[\"Actualidad |\",\"Mundiales\"],\"inLanguage\":\"es-DO\",\"potentialAction\":[{\"@type\":\"CommentAction\",\"name\":\"Comment\",\"target\":[\"https:\/\/infoelnuevonorte.com\/?p=2057#respond\"]}]},{\"@type\":\"WebPage\",\"@id\":\"https:\/\/infoelnuevonorte.com\/?p=2057\",\"url\":\"https:\/\/infoelnuevonorte.com\/?p=2057\",\"name\":\"Protestas dividen Times Square, de un lado los pro palestinos y del otro los proisrael\u00edes | El Nuevo Norte\",\"isPartOf\":{\"@id\":\"https:\/\/infoelnuevonorte.com\/#website\"},\"primaryImageOfPage\":{\"@id\":\"https:\/\/infoelnuevonorte.com\/?p=2057#primaryimage\"},\"image\":{\"@id\":\"https:\/\/infoelnuevonorte.com\/?p=2057#primaryimage\"},\"thumbnailUrl\":\"https:\/\/n.com.do\/wp-content\/uploads\/2023\/10\/728x90.png%22\",\"datePublished\":\"2023-10-14T14:08:07+00:00\",\"dateModified\":\"2023-10-14T14:08:09+00:00\",\"breadcrumb\":{\"@id\":\"https:\/\/infoelnuevonorte.com\/?p=2057#breadcrumb\"},\"inLanguage\":\"es-DO\",\"potentialAction\":[{\"@type\":\"ReadAction\",\"target\":[\"https:\/\/infoelnuevonorte.com\/?p=2057\"]}]},{\"@type\":\"ImageObject\",\"inLanguage\":\"es-DO\",\"@id\":\"https:\/\/infoelnuevonorte.com\/?p=2057#primaryimage\",\"url\":\"https:\/\/n.com.do\/wp-content\/uploads\/2023\/10\/728x90.png%22\",\"contentUrl\":\"https:\/\/n.com.do\/wp-content\/uploads\/2023\/10\/728x90.png%22\"},{\"@type\":\"BreadcrumbList\",\"@id\":\"https:\/\/infoelnuevonorte.com\/?p=2057#breadcrumb\",\"itemListElement\":[{\"@type\":\"ListItem\",\"position\":1,\"name\":\"Home\",\"item\":\"https:\/\/infoelnuevonorte.com\/\"},{\"@type\":\"ListItem\",\"position\":2,\"name\":\"Protestas dividen Times Square, de un lado los pro palestinos y del otro los proisrael\u00edes\"}]},{\"@type\":\"WebSite\",\"@id\":\"https:\/\/infoelnuevonorte.com\/#website\",\"url\":\"https:\/\/infoelnuevonorte.com\/\",\"name\":\"InfoEnn\",\"description\":\"Tu Voz, tu Verdad, tu Diario!!!\",\"publisher\":{\"@id\":\"https:\/\/infoelnuevonorte.com\/#organization\"},\"alternateName\":\"El Nuevo Norte\",\"potentialAction\":[{\"@type\":\"SearchAction\",\"target\":{\"@type\":\"EntryPoint\",\"urlTemplate\":\"https:\/\/infoelnuevonorte.com\/?s={search_term_string}\"},\"query-input\":{\"@type\":\"PropertyValueSpecification\",\"valueRequired\":true,\"valueName\":\"search_term_string\"}}],\"inLanguage\":\"es-DO\"},{\"@type\":\"Organization\",\"@id\":\"https:\/\/infoelnuevonorte.com\/#organization\",\"name\":\"Info El Nuevo Norte\",\"alternateName\":\"El Nuevo Norte\",\"url\":\"https:\/\/infoelnuevonorte.com\/\",\"logo\":{\"@type\":\"ImageObject\",\"inLanguage\":\"es-DO\",\"@id\":\"https:\/\/infoelnuevonorte.com\/#\/schema\/logo\/image\/\",\"url\":\"https:\/\/infoelnuevonorte.com\/wp-content\/uploads\/2026\/02\/Logo-Info-enn-3d-20ani.jpeg\",\"contentUrl\":\"https:\/\/infoelnuevonorte.com\/wp-content\/uploads\/2026\/02\/Logo-Info-enn-3d-20ani.jpeg\",\"width\":2046,\"height\":736,\"caption\":\"Info El Nuevo Norte\"},\"image\":{\"@id\":\"https:\/\/infoelnuevonorte.com\/#\/schema\/logo\/image\/\"},\"sameAs\":[\"https:\/\/www.facebook.com\/infoenn\",\"https:\/\/x.com\/Elnuevo_norte\",\"https:\/\/www.instagram.com\/infoenn\",\"https:\/\/www.facebook.com\/ENNRD\"]},{\"@type\":\"Person\",\"@id\":\"https:\/\/infoelnuevonorte.com\/#\/schema\/person\/fd4f6d90afe41260818b4ea94ad8ab84\",\"name\":\"InfoEnn\",\"image\":{\"@type\":\"ImageObject\",\"inLanguage\":\"es-DO\",\"@id\":\"https:\/\/infoelnuevonorte.com\/#\/schema\/person\/image\/\",\"url\":\"https:\/\/secure.gravatar.com\/avatar\/d4d760a41a48ba9db0a82bfb63bb0783?s=96&d=robohash&r=g\",\"contentUrl\":\"https:\/\/secure.gravatar.com\/avatar\/d4d760a41a48ba9db0a82bfb63bb0783?s=96&d=robohash&r=g\",\"caption\":\"InfoEnn\"},\"sameAs\":[\"https:\/\/infoelnuevonorte.com\"],\"url\":\"https:\/\/infoelnuevonorte.com\/?author=1\"}]}<\/script>\n<!-- \/ Yoast SEO plugin. -->","yoast_head_json":{"title":"Protestas dividen Times Square, de un lado los pro palestinos y del otro los proisrael\u00edes | El Nuevo Norte","robots":{"index":"index","follow":"follow","max-snippet":"max-snippet:-1","max-image-preview":"max-image-preview:large","max-video-preview":"max-video-preview:-1"},"canonical":"https:\/\/infoelnuevonorte.com\/?p=2057","og_locale":"es_ES","og_type":"article","og_title":"Protestas dividen Times Square, de un lado los pro palestinos y del otro los proisrael\u00edes | El Nuevo Norte","og_description":"Nueva York.-\u00a0Protestas pac\u00edficas han dividido la ic\u00f3nica Times Square, de un lado de la plaza neoyorquina m\u00e1s de un centenar de pro palestinos, del otro una veintena de proisrael\u00edes y entre medias un gran despliegue policial. Del lado palestino se gritaba libertad para el pueblo palestino y se echaba en cara al Gobierno de Estados [&hellip;]","og_url":"https:\/\/infoelnuevonorte.com\/?p=2057","og_site_name":"El Nuevo Norte","article_publisher":"https:\/\/www.facebook.com\/infoenn","article_published_time":"2023-10-14T14:08:07+00:00","article_modified_time":"2023-10-14T14:08:09+00:00","og_image":[{"width":1140,"height":694,"url":"https:\/\/infoelnuevonorte.com\/wp-content\/uploads\/2023\/10\/israel-palestino.png","type":"image\/png"}],"author":"InfoEnn","twitter_card":"summary_large_image","twitter_creator":"@Elnuevo_norte","twitter_site":"@Elnuevo_norte","twitter_misc":{"Written by":"InfoEnn","Est. reading time":"3 minutos"},"schema":{"@context":"https:\/\/schema.org","@graph":[{"@type":"Article","@id":"https:\/\/infoelnuevonorte.com\/?p=2057#article","isPartOf":{"@id":"https:\/\/infoelnuevonorte.com\/?p=2057"},"author":{"name":"InfoEnn","@id":"https:\/\/infoelnuevonorte.com\/#\/schema\/person\/fd4f6d90afe41260818b4ea94ad8ab84"},"headline":"Protestas dividen Times Square, de un lado los pro palestinos y del otro los proisrael\u00edes","datePublished":"2023-10-14T14:08:07+00:00","dateModified":"2023-10-14T14:08:09+00:00","mainEntityOfPage":{"@id":"https:\/\/infoelnuevonorte.com\/?p=2057"},"wordCount":521,"commentCount":0,"publisher":{"@id":"https:\/\/infoelnuevonorte.com\/#organization"},"image":{"@id":"https:\/\/infoelnuevonorte.com\/?p=2057#primaryimage"},"thumbnailUrl":"https:\/\/n.com.do\/wp-content\/uploads\/2023\/10\/728x90.png%22","articleSection":["Actualidad |","Mundiales"],"inLanguage":"es-DO","potentialAction":[{"@type":"CommentAction","name":"Comment","target":["https:\/\/infoelnuevonorte.com\/?p=2057#respond"]}]},{"@type":"WebPage","@id":"https:\/\/infoelnuevonorte.com\/?p=2057","url":"https:\/\/infoelnuevonorte.com\/?p=2057","name":"Protestas dividen Times Square, de un lado los pro palestinos y del otro los proisrael\u00edes | El Nuevo Norte","isPartOf":{"@id":"https:\/\/infoelnuevonorte.com\/#website"},"primaryImageOfPage":{"@id":"https:\/\/infoelnuevonorte.com\/?p=2057#primaryimage"},"image":{"@id":"https:\/\/infoelnuevonorte.com\/?p=2057#primaryimage"},"thumbnailUrl":"https:\/\/n.com.do\/wp-content\/uploads\/2023\/10\/728x90.png%22","datePublished":"2023-10-14T14:08:07+00:00","dateModified":"2023-10-14T14:08:09+00:00","breadcrumb":{"@id":"https:\/\/infoelnuevonorte.com\/?p=2057#breadcrumb"},"inLanguage":"es-DO","potentialAction":[{"@type":"ReadAction","target":["https:\/\/infoelnuevonorte.com\/?p=2057"]}]},{"@type":"ImageObject","inLanguage":"es-DO","@id":"https:\/\/infoelnuevonorte.com\/?p=2057#primaryimage","url":"https:\/\/n.com.do\/wp-content\/uploads\/2023\/10\/728x90.png%22","contentUrl":"https:\/\/n.com.do\/wp-content\/uploads\/2023\/10\/728x90.png%22"},{"@type":"BreadcrumbList","@id":"https:\/\/infoelnuevonorte.com\/?p=2057#breadcrumb","itemListElement":[{"@type":"ListItem","position":1,"name":"Home","item":"https:\/\/infoelnuevonorte.com\/"},{"@type":"ListItem","position":2,"name":"Protestas dividen Times Square, de un lado los pro palestinos y del otro los proisrael\u00edes"}]},{"@type":"WebSite","@id":"https:\/\/infoelnuevonorte.com\/#website","url":"https:\/\/infoelnuevonorte.com\/","name":"InfoEnn","description":"Tu Voz, tu Verdad, tu Diario!!!","publisher":{"@id":"https:\/\/infoelnuevonorte.com\/#organization"},"alternateName":"El Nuevo Norte","potentialAction":[{"@type":"SearchAction","target":{"@type":"EntryPoint","urlTemplate":"https:\/\/infoelnuevonorte.com\/?s={search_term_string}"},"query-input":{"@type":"PropertyValueSpecification","valueRequired":true,"valueName":"search_term_string"}}],"inLanguage":"es-DO"},{"@type":"Organization","@id":"https:\/\/infoelnuevonorte.com\/#organization","name":"Info El Nuevo Norte","alternateName":"El Nuevo Norte","url":"https:\/\/infoelnuevonorte.com\/","logo":{"@type":"ImageObject","inLanguage":"es-DO","@id":"https:\/\/infoelnuevonorte.com\/#\/schema\/logo\/image\/","url":"https:\/\/infoelnuevonorte.com\/wp-content\/uploads\/2026\/02\/Logo-Info-enn-3d-20ani.jpeg","contentUrl":"https:\/\/infoelnuevonorte.com\/wp-content\/uploads\/2026\/02\/Logo-Info-enn-3d-20ani.jpeg","width":2046,"height":736,"caption":"Info El Nuevo Norte"},"image":{"@id":"https:\/\/infoelnuevonorte.com\/#\/schema\/logo\/image\/"},"sameAs":["https:\/\/www.facebook.com\/infoenn","https:\/\/x.com\/Elnuevo_norte","https:\/\/www.instagram.com\/infoenn","https:\/\/www.facebook.com\/ENNRD"]},{"@type":"Person","@id":"https:\/\/infoelnuevonorte.com\/#\/schema\/person\/fd4f6d90afe41260818b4ea94ad8ab84","name":"InfoEnn","image":{"@type":"ImageObject","inLanguage":"es-DO","@id":"https:\/\/infoelnuevonorte.com\/#\/schema\/person\/image\/","url":"https:\/\/secure.gravatar.com\/avatar\/d4d760a41a48ba9db0a82bfb63bb0783?s=96&d=robohash&r=g","contentUrl":"https:\/\/secure.gravatar.com\/avatar\/d4d760a41a48ba9db0a82bfb63bb0783?s=96&d=robohash&r=g","caption":"InfoEnn"},"sameAs":["https:\/\/infoelnuevonorte.com"],"url":"https:\/\/infoelnuevonorte.com\/?author=1"}]}},"_links":{"self":[{"href":"https:\/\/infoelnuevonorte.com\/index.php?rest_route=\/wp\/v2\/posts\/2057"}],"collection":[{"href":"https:\/\/infoelnuevonorte.com\/index.php?rest_route=\/wp\/v2\/posts"}],"about":[{"href":"https:\/\/infoelnuevonorte.com\/index.php?rest_route=\/wp\/v2\/types\/post"}],"author":[{"embeddable":true,"href":"https:\/\/infoelnuevonorte.com\/index.php?rest_route=\/wp\/v2\/users\/1"}],"replies":[{"embeddable":true,"href":"https:\/\/infoelnuevonorte.com\/index.php?rest_route=%2Fwp%2Fv2%2Fcomments&post=2057"}],"version-history":[{"count":0,"href":"https:\/\/infoelnuevonorte.com\/index.php?rest_route=\/wp\/v2\/posts\/2057\/revisions"}],"wp:attachment":[{"href":"https:\/\/infoelnuevonorte.com\/index.php?rest_route=%2Fwp%2Fv2%2Fmedia&parent=2057"}],"wp:term":[{"taxonomy":"category","embeddable":true,"href":"https:\/\/infoelnuevonorte.com\/index.php?rest_route=%2Fwp%2Fv2%2Fcategories&post=2057"},{"taxonomy":"post_tag","embeddable":true,"href":"https:\/\/infoelnuevonorte.com\/index.php?rest_route=%2Fwp%2Fv2%2Ftags&post=2057"}],"curies":[{"name":"wp","href":"https:\/\/api.w.org\/{rel}","templated":true}]}}