{"id":21017,"date":"2024-05-10T06:35:28","date_gmt":"2024-05-10T10:35:28","guid":{"rendered":"https:\/\/infoelnuevonorte.com\/?p=21017"},"modified":"2024-05-10T06:35:31","modified_gmt":"2024-05-10T10:35:31","slug":"el-alfa-el-jefe-se-retira-de-la-musica-y-pide-disculpa-a-rochy-rd","status":"publish","type":"post","link":"https:\/\/infoelnuevonorte.com\/?p=21017","title":{"rendered":"El Alfa El Jefe se retira de la m\u00fasica y pide disculpa a Rochy RD"},"content":{"rendered":"<div class=\"content\">\n<div class=\"moz-reader-content reader-show-element\">\n<div id=\"readability-page-1\" class=\"page\">\n<div>\n<p>El Cantante dominicano El Alfa El Jefe, conocido como el rey del Dembow, anunci\u00f3 su retiro de la m\u00fasica urbana en Alofoke Radio show.<\/p>\n<p>Aprovecho para pedir disculpa al urbano Rochy RD, porque admiti\u00f3 que no supo valorar el tema musical \u201cLos pobre y ricos\u201d que realizo con este en el 2023.<\/p>\n<p>Este tema era un \u00e9xito y no lo valoro dijo el Alfa, cual supera los 30 millones de reproducciones, en su momento estaba posicionado en la posici\u00f3n (1).<\/p>\n<p>Pero el Alfa grabo un tema por encima de este con braulio fogon, que decepciono al artista Rochy RD.<\/p>\n<p><img loading=\"lazy\" decoding=\"async\" class=\"moz-reader-block-img\" src=\"https:\/\/informatenrd.com\/wp-content\/uploads\/2024\/05\/el-alfa-y-rochy-rd-1-1.jpg\" alt=\"\" width=\"1200\" height=\"628\" data-src=\"https:\/\/informatenrd.com\/wp-content\/uploads\/2024\/05\/el-alfa-y-rochy-rd-1-1.jpg\" data-srcset=\"https:\/\/informatenrd.com\/wp-content\/uploads\/2024\/05\/el-alfa-y-rochy-rd-1-1.jpg 1200w, https:\/\/informatenrd.com\/wp-content\/uploads\/2024\/05\/el-alfa-y-rochy-rd-1-1-300x157.jpg 300w, https:\/\/informatenrd.com\/wp-content\/uploads\/2024\/05\/el-alfa-y-rochy-rd-1-1-1024x536.jpg 1024w, https:\/\/informatenrd.com\/wp-content\/uploads\/2024\/05\/el-alfa-y-rochy-rd-1-1-768x402.jpg 768w\" data-sizes=\"(max-width: 1200px) 100vw, 1200px\" \/>El Alfa dijo que su canci\u00f3n con Braulio no fue porque le deb\u00eda nada, sino que no se manej\u00f3 de la manera correcta.<\/p>\n<p>Rochy Rd le dijo que quer\u00eda hablar con el directamente con el Alfa El Jefe, porque en su entorno se dec\u00eda que fue utilizado.<\/p>\n<p><img loading=\"lazy\" decoding=\"async\" class=\"moz-reader-block-img\" src=\"https:\/\/informatenrd.com\/wp-content\/uploads\/2024\/05\/el-alfa-se-disculpo-con-Rochy-rd.jpg\" alt=\"\" width=\"1200\" height=\"628\" data-src=\"https:\/\/informatenrd.com\/wp-content\/uploads\/2024\/05\/el-alfa-se-disculpo-con-Rochy-rd.jpg\" data-srcset=\"https:\/\/informatenrd.com\/wp-content\/uploads\/2024\/05\/el-alfa-se-disculpo-con-Rochy-rd.jpg 1200w, https:\/\/informatenrd.com\/wp-content\/uploads\/2024\/05\/el-alfa-se-disculpo-con-Rochy-rd-300x157.jpg 300w, https:\/\/informatenrd.com\/wp-content\/uploads\/2024\/05\/el-alfa-se-disculpo-con-Rochy-rd-1024x536.jpg 1024w, https:\/\/informatenrd.com\/wp-content\/uploads\/2024\/05\/el-alfa-se-disculpo-con-Rochy-rd-768x402.jpg 768w\" data-sizes=\"(max-width: 1200px) 100vw, 1200px\" \/>Pero el mismo Alfa admiti\u00f3 que manejo de forma incorrecta la canci\u00f3n con Rochy RD, reiterando Braulio no tiene culpa, solo acepto grabar con \u00e9l.<\/p>\n<p>Donde en una llamada telef\u00f3nica El Alfa le pidi\u00f3 disculpa a Rochy RD por como manejo su canci\u00f3n juntos \u201clos pobre y Ricos\u201d.<\/p>\n<p><img loading=\"lazy\" decoding=\"async\" class=\"moz-reader-block-img\" src=\"https:\/\/informatenrd.com\/wp-content\/uploads\/2024\/05\/el-alfa-se-retira-de-la-musica.jpg\" alt=\"\" width=\"1200\" height=\"628\" data-src=\"https:\/\/informatenrd.com\/wp-content\/uploads\/2024\/05\/el-alfa-se-retira-de-la-musica.jpg\" data-srcset=\"https:\/\/informatenrd.com\/wp-content\/uploads\/2024\/05\/el-alfa-se-retira-de-la-musica.jpg 1200w, https:\/\/informatenrd.com\/wp-content\/uploads\/2024\/05\/el-alfa-se-retira-de-la-musica-300x157.jpg 300w, https:\/\/informatenrd.com\/wp-content\/uploads\/2024\/05\/el-alfa-se-retira-de-la-musica-1024x536.jpg 1024w, https:\/\/informatenrd.com\/wp-content\/uploads\/2024\/05\/el-alfa-se-retira-de-la-musica-768x402.jpg 768w\" data-sizes=\"(max-width: 1200px) 100vw, 1200px\" \/>Muchos dec\u00edan cuando era el retiro del Alfa, ya que este hab\u00eda dicho en 2021 en su boda que se iba retirar.<\/p>\n<p>Pero <strong>El Alfa informo que se retirara en diciembre del 2025<\/strong>, su retiro de los escenarios con una \u00faltima gira en los Estados Unidos.<\/p>\n<p><img loading=\"lazy\" decoding=\"async\" class=\"moz-reader-block-img\" src=\"https:\/\/informatenrd.com\/wp-content\/uploads\/2024\/05\/el-retiro-del-alfa-de-la-musica.jpg\" alt=\"\" width=\"1200\" height=\"628\" data-src=\"https:\/\/informatenrd.com\/wp-content\/uploads\/2024\/05\/el-retiro-del-alfa-de-la-musica.jpg\" data-srcset=\"https:\/\/informatenrd.com\/wp-content\/uploads\/2024\/05\/el-retiro-del-alfa-de-la-musica.jpg 1200w, https:\/\/informatenrd.com\/wp-content\/uploads\/2024\/05\/el-retiro-del-alfa-de-la-musica-300x157.jpg 300w, https:\/\/informatenrd.com\/wp-content\/uploads\/2024\/05\/el-retiro-del-alfa-de-la-musica-1024x536.jpg 1024w, https:\/\/informatenrd.com\/wp-content\/uploads\/2024\/05\/el-retiro-del-alfa-de-la-musica-768x402.jpg 768w\" data-sizes=\"(max-width: 1200px) 100vw, 1200px\" \/>Otro tema de inter\u00e9s<\/p>\n<p>Sorprendente la cantante dominicana \u201cYailin La Mas Viral\u201d sorprende con una historia en su red social de Instagram donde indica que quiere sacar una segunda parte de resiliencia.<\/p>\n<p>Resiliencia es su reciente proyecto musical \u201cUn EP\u201d que incluye siete canciones, al parecer la dominicana quiere darle continuidad.<\/p>\n<p><img loading=\"lazy\" decoding=\"async\" class=\"moz-reader-block-img\" src=\"https:\/\/informatenrd.com\/wp-content\/uploads\/2024\/05\/el-album-de-yailin-la-viral4.jpg\" alt=\"\" width=\"1200\" height=\"628\" data-src=\"https:\/\/informatenrd.com\/wp-content\/uploads\/2024\/05\/el-album-de-yailin-la-viral4.jpg\" data-srcset=\"https:\/\/informatenrd.com\/wp-content\/uploads\/2024\/05\/el-album-de-yailin-la-viral4.jpg 1200w, https:\/\/informatenrd.com\/wp-content\/uploads\/2024\/05\/el-album-de-yailin-la-viral4-300x157.jpg 300w, https:\/\/informatenrd.com\/wp-content\/uploads\/2024\/05\/el-album-de-yailin-la-viral4-1024x536.jpg 1024w, https:\/\/informatenrd.com\/wp-content\/uploads\/2024\/05\/el-album-de-yailin-la-viral4-768x402.jpg 768w\" data-sizes=\"(max-width: 1200px) 100vw, 1200px\" \/>Donde la cantante urbana al parecer est\u00e1 trabajando en su carrera musical, a pesar de que est\u00e1 un poco ausente en las redes sociales.<\/p>\n<p>Ya que muchos dicen que la cantante no est\u00e1 trabajando, ya que no la hemos visto haciendo evento y mucho menos giras.<\/p>\n<p><img loading=\"lazy\" decoding=\"async\" class=\"moz-reader-block-img\" src=\"https:\/\/informatenrd.com\/wp-content\/uploads\/2024\/05\/de-yailin-1-2324.jpg\" alt=\"\" width=\"1200\" height=\"628\" data-src=\"https:\/\/informatenrd.com\/wp-content\/uploads\/2024\/05\/de-yailin-1-2324.jpg\" data-srcset=\"https:\/\/informatenrd.com\/wp-content\/uploads\/2024\/05\/de-yailin-1-2324.jpg 1200w, https:\/\/informatenrd.com\/wp-content\/uploads\/2024\/05\/de-yailin-1-2324-300x157.jpg 300w, https:\/\/informatenrd.com\/wp-content\/uploads\/2024\/05\/de-yailin-1-2324-1024x536.jpg 1024w, https:\/\/informatenrd.com\/wp-content\/uploads\/2024\/05\/de-yailin-1-2324-768x402.jpg 768w\" data-sizes=\"(max-width: 1200px) 100vw, 1200px\" \/><\/p>\n<h2>Santiago Mat\u00edas Arremete con Yailin \u201cNo quiere trabajar\u201d<\/h2>\n<p>Donde de manera inesperada el mensaje de Santiago Mat\u00edas en su programa donde entrevisto a Wanda dijo que su hija Yailin la mas viral esta vaga \u201cNo quiere trabajar.<\/p>\n<p>Para nadie es un secreto, que Santiago Mat\u00edas no apoyo el proyecto musical resiliencia y reitera que ella est\u00e1 muy haragana, no quiere trabajar.<\/p>\n<p><img loading=\"lazy\" decoding=\"async\" class=\"moz-reader-block-img\" src=\"https:\/\/informatenrd.com\/wp-content\/uploads\/2024\/05\/Santiago-Matias-mensaje-pa-yailin.43424.jpg\" alt=\"\" width=\"1200\" height=\"630\" data-src=\"https:\/\/informatenrd.com\/wp-content\/uploads\/2024\/05\/Santiago-Matias-mensaje-pa-yailin.43424.jpg\" data-srcset=\"https:\/\/informatenrd.com\/wp-content\/uploads\/2024\/05\/Santiago-Matias-mensaje-pa-yailin.43424.jpg 1200w, https:\/\/informatenrd.com\/wp-content\/uploads\/2024\/05\/Santiago-Matias-mensaje-pa-yailin.43424-300x158.jpg 300w, https:\/\/informatenrd.com\/wp-content\/uploads\/2024\/05\/Santiago-Matias-mensaje-pa-yailin.43424-1024x538.jpg 1024w, https:\/\/informatenrd.com\/wp-content\/uploads\/2024\/05\/Santiago-Matias-mensaje-pa-yailin.43424-768x403.jpg 768w\" data-sizes=\"(max-width: 1200px) 100vw, 1200px\" \/><\/p>\n<p>Pero muchos esta historia de Yailin La Mas Viral fue en respuesta al locutor Mat\u00edas, al decirle que esta no quiere trabajar.<\/p>\n<p>Donde Yailin La Mas Viral quiso dejar dicho que est\u00e1 trabajando en nuevas canciones, y pronto puede lanzar la continuaci\u00f3n del ep resiliencia.<\/p>\n<p><img loading=\"lazy\" decoding=\"async\" class=\"moz-reader-block-img\" src=\"https:\/\/informatenrd.com\/wp-content\/uploads\/2024\/05\/Yailin-ep-resiliencia-parte-2-12135.jpg\" alt=\"\" width=\"1200\" height=\"628\" data-src=\"https:\/\/informatenrd.com\/wp-content\/uploads\/2024\/05\/Yailin-ep-resiliencia-parte-2-12135.jpg\" data-srcset=\"https:\/\/informatenrd.com\/wp-content\/uploads\/2024\/05\/Yailin-ep-resiliencia-parte-2-12135.jpg 1200w, https:\/\/informatenrd.com\/wp-content\/uploads\/2024\/05\/Yailin-ep-resiliencia-parte-2-12135-300x157.jpg 300w, https:\/\/informatenrd.com\/wp-content\/uploads\/2024\/05\/Yailin-ep-resiliencia-parte-2-12135-1024x536.jpg 1024w, https:\/\/informatenrd.com\/wp-content\/uploads\/2024\/05\/Yailin-ep-resiliencia-parte-2-12135-768x402.jpg 768w\" data-sizes=\"(max-width: 1200px) 100vw, 1200px\" \/><\/p>\n<p>Ya que muchos han interpretado que el proyecto resiliencia fue de pocas canciones, que incluso ya se la aprendieron y quieren m\u00e1s m\u00fasica.<\/p>\n<p>Yailin La Mas Viral ha tratado de salir adelante con su \u00e1lbum, quien se ha visto subiendo videos de personas bailando sus canciones en sus redes sociales. <a href=\"https:\/\/www.instagram.com\/urbanos_famosos09\/\"><strong><em>VIDEOS DE INTERES.<\/em><\/strong><\/a><\/p>\n<p><img loading=\"lazy\" decoding=\"async\" class=\"moz-reader-block-img\" src=\"https:\/\/informatenrd.com\/wp-content\/uploads\/2024\/05\/La-cancion-nueva-de-Yailin218378.jpg\" alt=\"\" width=\"1200\" height=\"628\" data-src=\"https:\/\/informatenrd.com\/wp-content\/uploads\/2024\/05\/La-cancion-nueva-de-Yailin218378.jpg\" data-srcset=\"https:\/\/informatenrd.com\/wp-content\/uploads\/2024\/05\/La-cancion-nueva-de-Yailin218378.jpg 1200w, https:\/\/informatenrd.com\/wp-content\/uploads\/2024\/05\/La-cancion-nueva-de-Yailin218378-300x157.jpg 300w, https:\/\/informatenrd.com\/wp-content\/uploads\/2024\/05\/La-cancion-nueva-de-Yailin218378-1024x536.jpg 1024w, https:\/\/informatenrd.com\/wp-content\/uploads\/2024\/05\/La-cancion-nueva-de-Yailin218378-768x402.jpg 768w\" data-sizes=\"(max-width: 1200px) 100vw, 1200px\" \/><\/p>\n<\/div>\n<\/div>\n<\/div>\n<\/div>\n","protected":false},"excerpt":{"rendered":"<p>El Cantante dominicano El Alfa El Jefe, conocido como el rey del Dembow, anunci\u00f3 su retiro de la m\u00fasica urbana en Alofoke Radio show. Aprovecho para pedir disculpa al urbano Rochy RD, porque admiti\u00f3 que no supo valorar el tema musical \u201cLos pobre y ricos\u201d que realizo con este en el 2023. Este tema era [&hellip;]<\/p>\n","protected":false},"author":1,"featured_media":0,"comment_status":"closed","ping_status":"open","sticky":false,"template":"","format":"standard","meta":{"footnotes":""},"categories":[11,12],"tags":[],"yoast_head":"<!-- This site is optimized with the Yoast SEO plugin v24.5 - https:\/\/yoast.com\/wordpress\/plugins\/seo\/ -->\n<title>El Alfa El Jefe se retira de la m\u00fasica y pide disculpa a Rochy RD | El Nuevo Norte<\/title>\n<meta name=\"robots\" content=\"index, follow, max-snippet:-1, max-image-preview:large, max-video-preview:-1\" \/>\n<link rel=\"canonical\" href=\"https:\/\/infoelnuevonorte.com\/?p=21017\" \/>\n<meta property=\"og:locale\" content=\"es_ES\" \/>\n<meta property=\"og:type\" content=\"article\" \/>\n<meta property=\"og:title\" content=\"El Alfa El Jefe se retira de la m\u00fasica y pide disculpa a Rochy RD | El Nuevo Norte\" \/>\n<meta property=\"og:description\" content=\"El Cantante dominicano El Alfa El Jefe, conocido como el rey del Dembow, anunci\u00f3 su retiro de la m\u00fasica urbana en Alofoke Radio show. Aprovecho para pedir disculpa al urbano Rochy RD, porque admiti\u00f3 que no supo valorar el tema musical \u201cLos pobre y ricos\u201d que realizo con este en el 2023. Este tema era [&hellip;]\" \/>\n<meta property=\"og:url\" content=\"https:\/\/infoelnuevonorte.com\/?p=21017\" \/>\n<meta property=\"og:site_name\" content=\"El Nuevo Norte\" \/>\n<meta property=\"article:publisher\" content=\"https:\/\/www.facebook.com\/infoenn\" \/>\n<meta property=\"article:published_time\" content=\"2024-05-10T10:35:28+00:00\" \/>\n<meta property=\"article:modified_time\" content=\"2024-05-10T10:35:31+00:00\" \/>\n<meta property=\"og:image\" content=\"https:\/\/infoelnuevonorte.com\/wp-content\/uploads\/2024\/05\/Captura-de-pantalla-2024-05-10-a-las-6.34.53-a.-m.png\" \/>\n\t<meta property=\"og:image:width\" content=\"1229\" \/>\n\t<meta property=\"og:image:height\" content=\"502\" \/>\n\t<meta property=\"og:image:type\" content=\"image\/png\" \/>\n<meta name=\"author\" content=\"InfoEnn\" \/>\n<meta name=\"twitter:card\" content=\"summary_large_image\" \/>\n<meta name=\"twitter:creator\" content=\"@Elnuevo_norte\" \/>\n<meta name=\"twitter:site\" content=\"@Elnuevo_norte\" \/>\n<meta name=\"twitter:label1\" content=\"Written by\" \/>\n\t<meta name=\"twitter:data1\" content=\"InfoEnn\" \/>\n\t<meta name=\"twitter:label2\" content=\"Est. reading time\" \/>\n\t<meta name=\"twitter:data2\" content=\"5 minutos\" \/>\n<script type=\"application\/ld+json\" class=\"yoast-schema-graph\">{\"@context\":\"https:\/\/schema.org\",\"@graph\":[{\"@type\":\"Article\",\"@id\":\"https:\/\/infoelnuevonorte.com\/?p=21017#article\",\"isPartOf\":{\"@id\":\"https:\/\/infoelnuevonorte.com\/?p=21017\"},\"author\":{\"name\":\"InfoEnn\",\"@id\":\"https:\/\/infoelnuevonorte.com\/#\/schema\/person\/fd4f6d90afe41260818b4ea94ad8ab84\"},\"headline\":\"El Alfa El Jefe se retira de la m\u00fasica y pide disculpa a Rochy RD\",\"datePublished\":\"2024-05-10T10:35:28+00:00\",\"dateModified\":\"2024-05-10T10:35:31+00:00\",\"mainEntityOfPage\":{\"@id\":\"https:\/\/infoelnuevonorte.com\/?p=21017\"},\"wordCount\":526,\"publisher\":{\"@id\":\"https:\/\/infoelnuevonorte.com\/#organization\"},\"image\":{\"@id\":\"https:\/\/infoelnuevonorte.com\/?p=21017#primaryimage\"},\"thumbnailUrl\":\"https:\/\/informatenrd.com\/wp-content\/uploads\/2024\/05\/el-alfa-y-rochy-rd-1-1.jpg\",\"articleSection\":[\"Entretenimiento\",\"Musica &amp; Far\u00e1ndula\"],\"inLanguage\":\"es-DO\"},{\"@type\":\"WebPage\",\"@id\":\"https:\/\/infoelnuevonorte.com\/?p=21017\",\"url\":\"https:\/\/infoelnuevonorte.com\/?p=21017\",\"name\":\"El Alfa El Jefe se retira de la m\u00fasica y pide disculpa a Rochy RD | El Nuevo Norte\",\"isPartOf\":{\"@id\":\"https:\/\/infoelnuevonorte.com\/#website\"},\"primaryImageOfPage\":{\"@id\":\"https:\/\/infoelnuevonorte.com\/?p=21017#primaryimage\"},\"image\":{\"@id\":\"https:\/\/infoelnuevonorte.com\/?p=21017#primaryimage\"},\"thumbnailUrl\":\"https:\/\/informatenrd.com\/wp-content\/uploads\/2024\/05\/el-alfa-y-rochy-rd-1-1.jpg\",\"datePublished\":\"2024-05-10T10:35:28+00:00\",\"dateModified\":\"2024-05-10T10:35:31+00:00\",\"breadcrumb\":{\"@id\":\"https:\/\/infoelnuevonorte.com\/?p=21017#breadcrumb\"},\"inLanguage\":\"es-DO\",\"potentialAction\":[{\"@type\":\"ReadAction\",\"target\":[\"https:\/\/infoelnuevonorte.com\/?p=21017\"]}]},{\"@type\":\"ImageObject\",\"inLanguage\":\"es-DO\",\"@id\":\"https:\/\/infoelnuevonorte.com\/?p=21017#primaryimage\",\"url\":\"https:\/\/informatenrd.com\/wp-content\/uploads\/2024\/05\/el-alfa-y-rochy-rd-1-1.jpg\",\"contentUrl\":\"https:\/\/informatenrd.com\/wp-content\/uploads\/2024\/05\/el-alfa-y-rochy-rd-1-1.jpg\"},{\"@type\":\"BreadcrumbList\",\"@id\":\"https:\/\/infoelnuevonorte.com\/?p=21017#breadcrumb\",\"itemListElement\":[{\"@type\":\"ListItem\",\"position\":1,\"name\":\"Home\",\"item\":\"https:\/\/infoelnuevonorte.com\/\"},{\"@type\":\"ListItem\",\"position\":2,\"name\":\"El Alfa El Jefe se retira de la m\u00fasica y pide disculpa a Rochy RD\"}]},{\"@type\":\"WebSite\",\"@id\":\"https:\/\/infoelnuevonorte.com\/#website\",\"url\":\"https:\/\/infoelnuevonorte.com\/\",\"name\":\"InfoEnn\",\"description\":\"Tu Voz, tu Verdad, tu Diario!!!\",\"publisher\":{\"@id\":\"https:\/\/infoelnuevonorte.com\/#organization\"},\"alternateName\":\"El Nuevo Norte\",\"potentialAction\":[{\"@type\":\"SearchAction\",\"target\":{\"@type\":\"EntryPoint\",\"urlTemplate\":\"https:\/\/infoelnuevonorte.com\/?s={search_term_string}\"},\"query-input\":{\"@type\":\"PropertyValueSpecification\",\"valueRequired\":true,\"valueName\":\"search_term_string\"}}],\"inLanguage\":\"es-DO\"},{\"@type\":\"Organization\",\"@id\":\"https:\/\/infoelnuevonorte.com\/#organization\",\"name\":\"Info El Nuevo Norte\",\"alternateName\":\"El Nuevo Norte\",\"url\":\"https:\/\/infoelnuevonorte.com\/\",\"logo\":{\"@type\":\"ImageObject\",\"inLanguage\":\"es-DO\",\"@id\":\"https:\/\/infoelnuevonorte.com\/#\/schema\/logo\/image\/\",\"url\":\"https:\/\/infoelnuevonorte.com\/wp-content\/uploads\/2026\/02\/Logo-Info-enn-3d-20ani.jpeg\",\"contentUrl\":\"https:\/\/infoelnuevonorte.com\/wp-content\/uploads\/2026\/02\/Logo-Info-enn-3d-20ani.jpeg\",\"width\":2046,\"height\":736,\"caption\":\"Info El Nuevo Norte\"},\"image\":{\"@id\":\"https:\/\/infoelnuevonorte.com\/#\/schema\/logo\/image\/\"},\"sameAs\":[\"https:\/\/www.facebook.com\/infoenn\",\"https:\/\/x.com\/Elnuevo_norte\",\"https:\/\/www.instagram.com\/infoenn\",\"https:\/\/www.facebook.com\/ENNRD\"]},{\"@type\":\"Person\",\"@id\":\"https:\/\/infoelnuevonorte.com\/#\/schema\/person\/fd4f6d90afe41260818b4ea94ad8ab84\",\"name\":\"InfoEnn\",\"image\":{\"@type\":\"ImageObject\",\"inLanguage\":\"es-DO\",\"@id\":\"https:\/\/infoelnuevonorte.com\/#\/schema\/person\/image\/\",\"url\":\"https:\/\/secure.gravatar.com\/avatar\/d4d760a41a48ba9db0a82bfb63bb0783?s=96&d=robohash&r=g\",\"contentUrl\":\"https:\/\/secure.gravatar.com\/avatar\/d4d760a41a48ba9db0a82bfb63bb0783?s=96&d=robohash&r=g\",\"caption\":\"InfoEnn\"},\"sameAs\":[\"https:\/\/infoelnuevonorte.com\"],\"url\":\"https:\/\/infoelnuevonorte.com\/?author=1\"}]}<\/script>\n<!-- \/ Yoast SEO plugin. -->","yoast_head_json":{"title":"El Alfa El Jefe se retira de la m\u00fasica y pide disculpa a Rochy RD | El Nuevo Norte","robots":{"index":"index","follow":"follow","max-snippet":"max-snippet:-1","max-image-preview":"max-image-preview:large","max-video-preview":"max-video-preview:-1"},"canonical":"https:\/\/infoelnuevonorte.com\/?p=21017","og_locale":"es_ES","og_type":"article","og_title":"El Alfa El Jefe se retira de la m\u00fasica y pide disculpa a Rochy RD | El Nuevo Norte","og_description":"El Cantante dominicano El Alfa El Jefe, conocido como el rey del Dembow, anunci\u00f3 su retiro de la m\u00fasica urbana en Alofoke Radio show. Aprovecho para pedir disculpa al urbano Rochy RD, porque admiti\u00f3 que no supo valorar el tema musical \u201cLos pobre y ricos\u201d que realizo con este en el 2023. Este tema era [&hellip;]","og_url":"https:\/\/infoelnuevonorte.com\/?p=21017","og_site_name":"El Nuevo Norte","article_publisher":"https:\/\/www.facebook.com\/infoenn","article_published_time":"2024-05-10T10:35:28+00:00","article_modified_time":"2024-05-10T10:35:31+00:00","og_image":[{"width":1229,"height":502,"url":"https:\/\/infoelnuevonorte.com\/wp-content\/uploads\/2024\/05\/Captura-de-pantalla-2024-05-10-a-las-6.34.53-a.-m.png","type":"image\/png"}],"author":"InfoEnn","twitter_card":"summary_large_image","twitter_creator":"@Elnuevo_norte","twitter_site":"@Elnuevo_norte","twitter_misc":{"Written by":"InfoEnn","Est. reading time":"5 minutos"},"schema":{"@context":"https:\/\/schema.org","@graph":[{"@type":"Article","@id":"https:\/\/infoelnuevonorte.com\/?p=21017#article","isPartOf":{"@id":"https:\/\/infoelnuevonorte.com\/?p=21017"},"author":{"name":"InfoEnn","@id":"https:\/\/infoelnuevonorte.com\/#\/schema\/person\/fd4f6d90afe41260818b4ea94ad8ab84"},"headline":"El Alfa El Jefe se retira de la m\u00fasica y pide disculpa a Rochy RD","datePublished":"2024-05-10T10:35:28+00:00","dateModified":"2024-05-10T10:35:31+00:00","mainEntityOfPage":{"@id":"https:\/\/infoelnuevonorte.com\/?p=21017"},"wordCount":526,"publisher":{"@id":"https:\/\/infoelnuevonorte.com\/#organization"},"image":{"@id":"https:\/\/infoelnuevonorte.com\/?p=21017#primaryimage"},"thumbnailUrl":"https:\/\/informatenrd.com\/wp-content\/uploads\/2024\/05\/el-alfa-y-rochy-rd-1-1.jpg","articleSection":["Entretenimiento","Musica &amp; Far\u00e1ndula"],"inLanguage":"es-DO"},{"@type":"WebPage","@id":"https:\/\/infoelnuevonorte.com\/?p=21017","url":"https:\/\/infoelnuevonorte.com\/?p=21017","name":"El Alfa El Jefe se retira de la m\u00fasica y pide disculpa a Rochy RD | El Nuevo Norte","isPartOf":{"@id":"https:\/\/infoelnuevonorte.com\/#website"},"primaryImageOfPage":{"@id":"https:\/\/infoelnuevonorte.com\/?p=21017#primaryimage"},"image":{"@id":"https:\/\/infoelnuevonorte.com\/?p=21017#primaryimage"},"thumbnailUrl":"https:\/\/informatenrd.com\/wp-content\/uploads\/2024\/05\/el-alfa-y-rochy-rd-1-1.jpg","datePublished":"2024-05-10T10:35:28+00:00","dateModified":"2024-05-10T10:35:31+00:00","breadcrumb":{"@id":"https:\/\/infoelnuevonorte.com\/?p=21017#breadcrumb"},"inLanguage":"es-DO","potentialAction":[{"@type":"ReadAction","target":["https:\/\/infoelnuevonorte.com\/?p=21017"]}]},{"@type":"ImageObject","inLanguage":"es-DO","@id":"https:\/\/infoelnuevonorte.com\/?p=21017#primaryimage","url":"https:\/\/informatenrd.com\/wp-content\/uploads\/2024\/05\/el-alfa-y-rochy-rd-1-1.jpg","contentUrl":"https:\/\/informatenrd.com\/wp-content\/uploads\/2024\/05\/el-alfa-y-rochy-rd-1-1.jpg"},{"@type":"BreadcrumbList","@id":"https:\/\/infoelnuevonorte.com\/?p=21017#breadcrumb","itemListElement":[{"@type":"ListItem","position":1,"name":"Home","item":"https:\/\/infoelnuevonorte.com\/"},{"@type":"ListItem","position":2,"name":"El Alfa El Jefe se retira de la m\u00fasica y pide disculpa a Rochy RD"}]},{"@type":"WebSite","@id":"https:\/\/infoelnuevonorte.com\/#website","url":"https:\/\/infoelnuevonorte.com\/","name":"InfoEnn","description":"Tu Voz, tu Verdad, tu Diario!!!","publisher":{"@id":"https:\/\/infoelnuevonorte.com\/#organization"},"alternateName":"El Nuevo Norte","potentialAction":[{"@type":"SearchAction","target":{"@type":"EntryPoint","urlTemplate":"https:\/\/infoelnuevonorte.com\/?s={search_term_string}"},"query-input":{"@type":"PropertyValueSpecification","valueRequired":true,"valueName":"search_term_string"}}],"inLanguage":"es-DO"},{"@type":"Organization","@id":"https:\/\/infoelnuevonorte.com\/#organization","name":"Info El Nuevo Norte","alternateName":"El Nuevo Norte","url":"https:\/\/infoelnuevonorte.com\/","logo":{"@type":"ImageObject","inLanguage":"es-DO","@id":"https:\/\/infoelnuevonorte.com\/#\/schema\/logo\/image\/","url":"https:\/\/infoelnuevonorte.com\/wp-content\/uploads\/2026\/02\/Logo-Info-enn-3d-20ani.jpeg","contentUrl":"https:\/\/infoelnuevonorte.com\/wp-content\/uploads\/2026\/02\/Logo-Info-enn-3d-20ani.jpeg","width":2046,"height":736,"caption":"Info El Nuevo Norte"},"image":{"@id":"https:\/\/infoelnuevonorte.com\/#\/schema\/logo\/image\/"},"sameAs":["https:\/\/www.facebook.com\/infoenn","https:\/\/x.com\/Elnuevo_norte","https:\/\/www.instagram.com\/infoenn","https:\/\/www.facebook.com\/ENNRD"]},{"@type":"Person","@id":"https:\/\/infoelnuevonorte.com\/#\/schema\/person\/fd4f6d90afe41260818b4ea94ad8ab84","name":"InfoEnn","image":{"@type":"ImageObject","inLanguage":"es-DO","@id":"https:\/\/infoelnuevonorte.com\/#\/schema\/person\/image\/","url":"https:\/\/secure.gravatar.com\/avatar\/d4d760a41a48ba9db0a82bfb63bb0783?s=96&d=robohash&r=g","contentUrl":"https:\/\/secure.gravatar.com\/avatar\/d4d760a41a48ba9db0a82bfb63bb0783?s=96&d=robohash&r=g","caption":"InfoEnn"},"sameAs":["https:\/\/infoelnuevonorte.com"],"url":"https:\/\/infoelnuevonorte.com\/?author=1"}]}},"_links":{"self":[{"href":"https:\/\/infoelnuevonorte.com\/index.php?rest_route=\/wp\/v2\/posts\/21017"}],"collection":[{"href":"https:\/\/infoelnuevonorte.com\/index.php?rest_route=\/wp\/v2\/posts"}],"about":[{"href":"https:\/\/infoelnuevonorte.com\/index.php?rest_route=\/wp\/v2\/types\/post"}],"author":[{"embeddable":true,"href":"https:\/\/infoelnuevonorte.com\/index.php?rest_route=\/wp\/v2\/users\/1"}],"replies":[{"embeddable":true,"href":"https:\/\/infoelnuevonorte.com\/index.php?rest_route=%2Fwp%2Fv2%2Fcomments&post=21017"}],"version-history":[{"count":0,"href":"https:\/\/infoelnuevonorte.com\/index.php?rest_route=\/wp\/v2\/posts\/21017\/revisions"}],"wp:attachment":[{"href":"https:\/\/infoelnuevonorte.com\/index.php?rest_route=%2Fwp%2Fv2%2Fmedia&parent=21017"}],"wp:term":[{"taxonomy":"category","embeddable":true,"href":"https:\/\/infoelnuevonorte.com\/index.php?rest_route=%2Fwp%2Fv2%2Fcategories&post=21017"},{"taxonomy":"post_tag","embeddable":true,"href":"https:\/\/infoelnuevonorte.com\/index.php?rest_route=%2Fwp%2Fv2%2Ftags&post=21017"}],"curies":[{"name":"wp","href":"https:\/\/api.w.org\/{rel}","templated":true}]}}