{"id":211653,"date":"2026-04-22T18:12:58","date_gmt":"2026-04-22T22:12:58","guid":{"rendered":"https:\/\/infoelnuevonorte.com\/?p=211653"},"modified":"2026-04-22T18:12:59","modified_gmt":"2026-04-22T22:12:59","slug":"costa-rica-en-la-encrucijada-de-la-sostenibilidad-mineria-ilegal-disputas-juridicas-y-la-amenaza-sobre-su-biodiversidad","status":"publish","type":"post","link":"https:\/\/infoelnuevonorte.com\/?p=211653","title":{"rendered":"Costa Rica en la encrucijada de la sostenibilidad: miner\u00eda ilegal, disputas jur\u00eddicas y la amenaza sobre su biodiversidad"},"content":{"rendered":"\n<h2 class=\"wp-block-heading\"><\/h2>\n\n\n<!--[if lt IE 9]><script>document.createElement('audio');<\/script><![endif]-->\n<audio class=\"wp-audio-shortcode\" id=\"audio-211653-1\" preload=\"none\" style=\"width: 100%;\" controls=\"controls\"><source type=\"audio\/mpeg\" src=\"https:\/\/infoelnuevonorte.com\/wp-content\/uploads\/2026\/04\/ttsmaker-vip-file-2026-4-22-18-12-20.mp3?_=1\" \/><a href=\"https:\/\/infoelnuevonorte.com\/wp-content\/uploads\/2026\/04\/ttsmaker-vip-file-2026-4-22-18-12-20.mp3\">https:\/\/infoelnuevonorte.com\/wp-content\/uploads\/2026\/04\/ttsmaker-vip-file-2026-4-22-18-12-20.mp3<\/a><\/audio>\n<p class=\"paragraph\" style=\"text-align: justify;\" data-mrf-recirculation=\"Links inline\"><span style=\"font-size: 14pt;\">En el\u00a0<b>D\u00eda de la Tierra<\/b>,\u00a0<b>Costa Rica<\/b>\u00a0se encuentra en un momento crucial en la defensa de su riqueza ecol\u00f3gica. Mientras el pa\u00eds pretende posicionarse como l\u00edder global en pol\u00edticas medioambientales y fij\u00f3 como meta alcanzar la\u00a0<b>carbono neutralidad para 2050<\/b>, la presi\u00f3n de actividades il\u00edcitas y la expansi\u00f3n econ\u00f3mica ha colocado en riesgo algunos de sus recursos m\u00e1s valiosos.<\/span><\/p>\n<div class=\"news-module\" style=\"text-align: justify;\" data-mrf-recirculation=\"IL_GBLs3HYWRq2RgU4Qz8MM1Q\" data-testid=\"text-html\" data-mrf-experience=\"IL_GBLs3HYWRq2RgU4Qz8MM1Q\">\u00a0<\/div>\n<p class=\"paragraph\" style=\"text-align: justify;\" data-mrf-recirculation=\"Links inline\"><span style=\"font-size: 14pt;\">Con el\u00a0<b>58.5% de su territorio cubierto por bosques<\/b>\u00a0y albergando cerca del 6 % de la biodiversidad del planeta,\u00a0<b>Costa Ric<\/b>a sostiene uno de los patrimonios naturales m\u00e1s relevantes de\u00a0<b>Am\u00e9rica Latina<\/b>. Sin embargo, fen\u00f3menos como la\u00a0<b>miner\u00eda ilegal<\/b> de oro y la tala de \u00e1rboles desaf\u00edan la capacidad de conservaci\u00f3n del Estado y reavivan debates sobre el equilibrio entre desarrollo y sostenibilidad.<\/span><\/p>\n<h2 id=\"el-impacto-de-la-mineria-ilegal-y-el-uso-de-mercurio-en-el-norte-del-pais\" class=\"header headline-class-h2 headline\" style=\"text-align: justify;\"><span style=\"font-size: 14pt;\">El impacto de la miner\u00eda ilegal y el uso de mercurio en el norte del pa\u00eds<\/span><\/h2>\n<p class=\"paragraph\" style=\"text-align: justify;\" data-mrf-recirculation=\"Links inline\"><span style=\"font-size: 14pt;\">Uno de los frentes m\u00e1s complejos se ubica en una remota regi\u00f3n norte\u00f1a, en disputa por\u00a0<b>mineros ilegales<\/b>\u00a0que emplean pr\u00e1cticas altamente nocivas para la\u00a0<b>salud p\u00fablica<\/b>\u00a0y los ecosistemas, en especial el uso de\u00a0<b>mercurio<\/b>. Este mineral pesado afecta suelos y cursos de agua, lo que supone un peligro adicional para la biodiversidad local y las comunidades cercanas.<\/span><\/p>\n<p class=\"paragraph\" style=\"text-align: justify;\" data-mrf-recirculation=\"Links inline\"><span style=\"font-size: 14pt;\">El Gobierno de\u00a0<b>Rodrigo Chaves<\/b>\u00a0ha propuesto un proyecto de ley para entregar una concesi\u00f3n a una empresa que explote el oro en la zona, bajo la promesa de controles medioambientales reforzados. Pese a este planteamiento, organizaciones ambientalistas y sectores de la\u00a0<b>oposici\u00f3n pol\u00edtica<\/b> sostienen que resulta prioritario recuperar el capital ambiental de la zona afectada, en lugar de apostar por una explotaci\u00f3n regulada.<\/span><\/p>\n<p class=\"paragraph\" style=\"text-align: justify;\" data-mrf-recirculation=\"Links inline\"><span style=\"font-size: 14pt;\">En la actualidad,\u00a0<b>Costa Rica proh\u00edbe la miner\u00eda de oro a cielo abierto<\/b> y la exploraci\u00f3n petrolera, restricciones que fueron establecidas por vetos presidenciales anteriores. Estas limitaciones han definido la l\u00ednea pol\u00edtica del pa\u00eds en los \u00faltimos a\u00f1os, aunque han sido sujetas a nuevos intentos de debate durante la administraci\u00f3n Chaves.<\/span><\/p>\n<h2 id=\"disputa-juridica-por-la-tala-en-el-golfo-de-papagayo\" class=\"header headline-class-h2 headline\" style=\"text-align: justify;\"><span style=\"font-size: 14pt;\">Disputa jur\u00eddica por la tala en el Golfo de Papagayo<\/span><\/h2>\n<p class=\"paragraph\" style=\"text-align: justify;\" data-mrf-recirculation=\"Links inline\"><span style=\"font-size: 14pt;\">En paralelo al problema minero, el pa\u00eds enfrenta otro conflicto relacionado con la expansi\u00f3n del turismo en zonas sensibles. En el\u00a0<b>Golfo de Papagayo<\/b>, provincia de\u00a0<b>Guanacaste,<\/b>\u00a0la propuesta de\u00a0<b>Enjoy Hotels<\/b>\u00a0para construir un hotel desat\u00f3 la preocupaci\u00f3n de asociaciones ambientalistas y residentes, que recurrieron ante la Sala Constitucional. Alegan que se pondr\u00eda en riesgo la funci\u00f3n natural e h\u00eddrica de un bosque compuesto por aproximadamente\u00a0<b>700 \u00e1rboles<\/b>.<\/span><\/p>\n<p class=\"paragraph\" style=\"text-align: justify;\" data-mrf-recirculation=\"Links inline\"><span style=\"font-size: 14pt;\">Como resultado, el magistrado\u00a0<b>Fernando Cruz<\/b>\u00a0dict\u00f3 medidas cautelares a finales de la semana pasada, suspendiendo cualquier tala hasta tanto no se resuelva la acci\u00f3n de inconstitucionalidad presentada. Las partes involucradas deber\u00e1n responder ante las autoridades judiciales y cumplir con la orden de moratoria para evitar \u201cposibles da\u00f1os graves e irreparables al ambiente\u201d.<\/span><\/p>\n<div class=\"visual__image\" style=\"text-align: justify;\"><span style=\"font-size: 14pt;\"><span style=\"font-size: 14pt;\"><picture><source srcset=\"https:\/\/www.infobae.com\/resizer\/v2\/UI3RDFRQ4RHS3BNIQ53ZOTAULI.jpg?auth=a0a25f636fda61891e6a21018c2925f24335690fad1f61d5bffe18c1a244f886&amp;smart=true&amp;width=992&amp;height=558&amp;quality=85\" media=\"(min-width: 1000px)\" \/><source srcset=\"https:\/\/www.infobae.com\/resizer\/v2\/UI3RDFRQ4RHS3BNIQ53ZOTAULI.jpg?auth=a0a25f636fda61891e6a21018c2925f24335690fad1f61d5bffe18c1a244f886&amp;smart=true&amp;width=768&amp;height=432&amp;quality=85\" media=\"(min-width: 768px)\" \/><source srcset=\"https:\/\/www.infobae.com\/resizer\/v2\/UI3RDFRQ4RHS3BNIQ53ZOTAULI.jpg?auth=a0a25f636fda61891e6a21018c2925f24335690fad1f61d5bffe18c1a244f886&amp;smart=true&amp;width=577&amp;height=324&amp;quality=85\" media=\"(min-width: 580px)\" \/><source srcset=\"https:\/\/www.infobae.com\/resizer\/v2\/UI3RDFRQ4RHS3BNIQ53ZOTAULI.jpg?auth=a0a25f636fda61891e6a21018c2925f24335690fad1f61d5bffe18c1a244f886&amp;smart=true&amp;width=420&amp;height=236&amp;quality=85\" media=\"(min-width: 350px)\" \/><source srcset=\"https:\/\/www.infobae.com\/resizer\/v2\/UI3RDFRQ4RHS3BNIQ53ZOTAULI.jpg?auth=a0a25f636fda61891e6a21018c2925f24335690fad1f61d5bffe18c1a244f886&amp;smart=true&amp;width=350&amp;height=197&amp;quality=85\" media=\"(min-width: 80px)\" \/><\/picture><\/span><\/span>\n<figure style=\"width: 1080px\" class=\"wp-caption alignnone\"><img loading=\"lazy\" decoding=\"async\" class=\"global-image\" src=\"https:\/\/www.infobae.com\/resizer\/v2\/UI3RDFRQ4RHS3BNIQ53ZOTAULI.jpg?auth=a0a25f636fda61891e6a21018c2925f24335690fad1f61d5bffe18c1a244f886&amp;smart=true&amp;width=350&amp;height=197&amp;quality=85\" alt=\"La mayor\u00eda de los ingresos de fauna al hospital especializado costarricense responde a causas antropog\u00e9nicas, especialmente la tenencia de especies silvestres en hogares. (Foto cortes\u00eda Rescate Wildlife Rescue Center)\" width=\"1080\" height=\"607\" \/><figcaption class=\"wp-caption-text\">La mayor\u00eda de los ingresos de fauna al hospital especializado costarricense responde a causas antropog\u00e9nicas, especialmente la tenencia de especies silvestres en hogares.<\/figcaption><\/figure>\n<\/div>\n<h2 id=\"el-reto-de-conciliar-crecimiento-y-conservacion\" class=\"header headline-class-h2 headline\" style=\"text-align: justify;\"><span style=\"font-size: 14pt;\">El reto de conciliar crecimiento y conservaci\u00f3n<\/span><\/h2>\n<p class=\"paragraph\" style=\"text-align: justify;\" data-mrf-recirculation=\"Links inline\"><span style=\"font-size: 14pt;\">El turismo representa una fuente relevante de ingresos, con una llegada anual pr\u00f3xima a los\u00a0<b>tres millones de visitantes<\/b>. Este dato coloca en el centro del debate la obligaci\u00f3n de conciliar la actividad econ\u00f3mica con la protecci\u00f3n de las \u00e1reas naturales, en un escenario donde el desarrollo no puede mantenerse desligado de consideraciones ecol\u00f3gicas.<\/span><\/p>\n<p class=\"paragraph\" style=\"text-align: justify;\" data-mrf-recirculation=\"Links inline\"><span style=\"font-size: 14pt;\">En palabras del activista\u00a0<b>Josu\u00e9 Bonilla<\/b>: \u201cCosta Rica es un pa\u00eds muy rico en recursos naturales y nuestro deber es seguir protegi\u00e9ndolos. Existen en la actualidad muchos problemas y amenazas relacionados a intereses econ\u00f3micos que no podemos pasar por alto\u201d, declar\u00f3 a EFE.<\/span><\/p>\n<p class=\"paragraph\" style=\"text-align: justify;\" data-mrf-recirculation=\"Links inline\"><span style=\"font-size: 14pt;\">Con una superficie de\u00a0<b>51,100 kil\u00f3metros cuadrados<\/b>,<b>\u00a0Costa Rica<\/b>\u00a0trabaja para sostener su reputaci\u00f3n internacional como referente en pol\u00edticas ambientales, pero enfrenta tensiones crecientes en los debates pol\u00edticos y sociales sobre el uso de su territorio.<\/span><\/p>\n<div class=\"ad_3 ad-wrapper\" style=\"text-align: justify;\">\n<div class=\"dfpAd ad-1-al-6 ad-text\">\u00a0<\/div>\n<\/div>\n<div class=\"visual__image\" style=\"text-align: justify;\"><span style=\"font-size: 14pt;\"><span style=\"font-size: 14pt;\"><picture><source srcset=\"https:\/\/www.infobae.com\/resizer\/v2\/WKKP4BW3VVHHDANDFDZP2KTV5Q.png?auth=ec665a762a3e2ea81072cb15eca900eb5cd68eacc3488ef3991e07c6c0dca876&amp;smart=true&amp;width=992&amp;height=654&amp;quality=85\" media=\"(min-width: 1000px)\" \/><source srcset=\"https:\/\/www.infobae.com\/resizer\/v2\/WKKP4BW3VVHHDANDFDZP2KTV5Q.png?auth=ec665a762a3e2ea81072cb15eca900eb5cd68eacc3488ef3991e07c6c0dca876&amp;smart=true&amp;width=768&amp;height=506&amp;quality=85\" media=\"(min-width: 768px)\" \/><source srcset=\"https:\/\/www.infobae.com\/resizer\/v2\/WKKP4BW3VVHHDANDFDZP2KTV5Q.png?auth=ec665a762a3e2ea81072cb15eca900eb5cd68eacc3488ef3991e07c6c0dca876&amp;smart=true&amp;width=577&amp;height=380&amp;quality=85\" media=\"(min-width: 580px)\" \/><source srcset=\"https:\/\/www.infobae.com\/resizer\/v2\/WKKP4BW3VVHHDANDFDZP2KTV5Q.png?auth=ec665a762a3e2ea81072cb15eca900eb5cd68eacc3488ef3991e07c6c0dca876&amp;smart=true&amp;width=420&amp;height=277&amp;quality=85\" media=\"(min-width: 350px)\" \/><source srcset=\"https:\/\/www.infobae.com\/resizer\/v2\/WKKP4BW3VVHHDANDFDZP2KTV5Q.png?auth=ec665a762a3e2ea81072cb15eca900eb5cd68eacc3488ef3991e07c6c0dca876&amp;smart=true&amp;width=350&amp;height=231&amp;quality=85\" media=\"(min-width: 80px)\" \/><\/picture><\/span><\/span>\n<figure style=\"width: 1285px\" class=\"wp-caption alignnone\"><img loading=\"lazy\" decoding=\"async\" class=\"global-image\" src=\"https:\/\/www.infobae.com\/resizer\/v2\/WKKP4BW3VVHHDANDFDZP2KTV5Q.png?auth=ec665a762a3e2ea81072cb15eca900eb5cd68eacc3488ef3991e07c6c0dca876&amp;smart=true&amp;width=350&amp;height=231&amp;quality=85\" alt=\"Un perezoso de dos dedos de Hoffmann adulto cuelga de una rama con su cr\u00eda acurrucada en su pecho, rodeados de follaje verde\" width=\"1285\" height=\"847\" \/><figcaption class=\"wp-caption-text\">Una perezosa de dos dedos de Hoffmann y su cr\u00eda se aferran a una rama, mostrando un tierno momento en el Santuario de Perezosos de Costa Rica.<\/figcaption><\/figure>\n<\/div>\n<div class=\"visual__image\" style=\"text-align: justify;\">\u00a0<\/div>\n<p class=\"paragraph\" style=\"text-align: justify;\" data-mrf-recirculation=\"Links inline\"><span style=\"font-size: 14pt;\">El presidente Chaves, cuyo mandato culmina el pr\u00f3ximo\u00a0<b>8 de mayo<\/b>, reiter\u00f3 la importancia de buscar un equilibrio entre econom\u00eda y sostenibilidad, aunque su intento reciente de abrir una discusi\u00f3n nacional sobre la exploraci\u00f3n petrolera y gas\u00edfera no prosper\u00f3.<\/span><\/p>\n<p class=\"paragraph\" style=\"text-align: justify;\" data-mrf-recirculation=\"Links inline\"><span style=\"font-size: 14pt;\">La conmemoraci\u00f3n del\u00a0<b>D\u00eda de la Tierra<\/b>\u00a0expone los desaf\u00edos actuales del pa\u00eds: defender su capital natural frente a la presi\u00f3n de intereses econ\u00f3micos y garantizar que las decisiones presentes aseguren la integridad ambiental para las pr\u00f3ximas generaciones.<\/span><\/p>\n<div class=\"ad_4 ad-wrapper\" style=\"text-align: justify;\">\u00a0<\/div>\n\n\n<div class=\"wp-block-group\"><div class=\"wp-block-group__inner-container is-layout-constrained wp-block-group-is-layout-constrained\">\n<div id=\"DenunciayAPP\" class=\"wp-block-group\"><div class=\"wp-block-group__inner-container is-layout-constrained wp-block-group-is-layout-constrained\">\n<p><a href=\"https:\/\/whatsapp.com\/channel\/0029Va88WGP2ER6ZxD6TCa3U\" target=\"_blank\" rel=\"noopener\"><img loading=\"lazy\" decoding=\"async\" class=\"aligncenter size-full wp-image-155512\" src=\"https:\/\/infoelnuevonorte.com\/wp-content\/uploads\/2025\/10\/Canal-whatsapp-infoenn.jpeg\" alt=\"\" width=\"2046\" height=\"554\" srcset=\"https:\/\/infoelnuevonorte.com\/wp-content\/uploads\/2025\/10\/Canal-whatsapp-infoenn.jpeg 2046w, https:\/\/infoelnuevonorte.com\/wp-content\/uploads\/2025\/10\/Canal-whatsapp-infoenn-300x81.jpeg 300w, https:\/\/infoelnuevonorte.com\/wp-content\/uploads\/2025\/10\/Canal-whatsapp-infoenn-1024x277.jpeg 1024w, https:\/\/infoelnuevonorte.com\/wp-content\/uploads\/2025\/10\/Canal-whatsapp-infoenn-768x208.jpeg 768w, https:\/\/infoelnuevonorte.com\/wp-content\/uploads\/2025\/10\/Canal-whatsapp-infoenn-1536x416.jpeg 1536w, https:\/\/infoelnuevonorte.com\/wp-content\/uploads\/2025\/10\/Canal-whatsapp-infoenn-1551x420.jpeg 1551w, https:\/\/infoelnuevonorte.com\/wp-content\/uploads\/2025\/10\/Canal-whatsapp-infoenn-150x41.jpeg 150w, https:\/\/infoelnuevonorte.com\/wp-content\/uploads\/2025\/10\/Canal-whatsapp-infoenn-696x188.jpeg 696w, https:\/\/infoelnuevonorte.com\/wp-content\/uploads\/2025\/10\/Canal-whatsapp-infoenn-1068x289.jpeg 1068w, https:\/\/infoelnuevonorte.com\/wp-content\/uploads\/2025\/10\/Canal-whatsapp-infoenn-1920x520.jpeg 1920w\" sizes=\"(max-width: 2046px) 100vw, 2046px\" \/><\/a><\/p>\n<p>\ud83d\udd17 S\u00edguenos en nuestras redes:<br data-start=\"2686\" data-end=\"2689\" \/><a href=\"https:\/\/x.com\/Elnuevo_norte\">X<\/a> | <a class=\"\" href=\"https:\/\/t.me\/infoenn\" target=\"_new\" rel=\"noopener\" data-start=\"2757\" data-end=\"2789\">Telegram<\/a> | <a class=\"\" href=\"https:\/\/instagram.com\/noticiasenn1?r=nametag\" target=\"_new\" rel=\"noopener\" data-start=\"2792\" data-end=\"2849\">Instagram<\/a><br data-start=\"2849\" data-end=\"2852\" \/><a class=\"\" href=\"https:\/\/www.facebook.com\/infoenn\" target=\"_new\" rel=\"noopener\" data-start=\"2852\" data-end=\"2896\">Facebook<\/a> | <a class=\"\" href=\"https:\/\/www.threads.net\/@noticiasenn1\" target=\"_new\" rel=\"noopener\" data-start=\"2899\" data-end=\"2947\">Threads<\/a> | <a class=\"\" href=\"https:\/\/www.youtube.com\/channel\/UCZZJg_scU1p_c6cvyCHY48A\" target=\"_new\" rel=\"noopener\" data-start=\"2950\" data-end=\"3017\" data-is-last-node=\"\">YouTube<\/a><\/p>\n<p>\ud83d\ude4f \u00a1Tu apoyo es importante!<\/p>\n<p>\ud83d\udd3bDESCARGAR NUESTRA APP \"<span style=\"color: #0000ff;\"><strong>Info ENN<\/strong><\/span>\"<\/p>\n\n\n\n<div class=\"wp-block-buttons is-content-justification-left is-layout-flex wp-container-core-buttons-is-layout-1 wp-block-buttons-is-layout-flex\">\n<div class=\"wp-block-button is-style-3d\"><a class=\"wp-block-button__link has-white-background-color has-background wp-element-button\" href=\"https:\/\/apps.apple.com\/do\/app\/infoenn\/id6503000762\"><img loading=\"lazy\" decoding=\"async\" width=\"150\" height=\"50\" class=\"wp-image-104096\" style=\"width: 150px;\" src=\"https:\/\/infoelnuevonorte.com\/wp-content\/uploads\/2025\/05\/Download_on_the_App_Store_RGB_blk.svg_.png\" alt=\"\" srcset=\"https:\/\/infoelnuevonorte.com\/wp-content\/uploads\/2025\/05\/Download_on_the_App_Store_RGB_blk.svg_.png 1280w, https:\/\/infoelnuevonorte.com\/wp-content\/uploads\/2025\/05\/Download_on_the_App_Store_RGB_blk.svg_-300x100.png 300w, https:\/\/infoelnuevonorte.com\/wp-content\/uploads\/2025\/05\/Download_on_the_App_Store_RGB_blk.svg_-1024x342.png 1024w, https:\/\/infoelnuevonorte.com\/wp-content\/uploads\/2025\/05\/Download_on_the_App_Store_RGB_blk.svg_-768x257.png 768w, https:\/\/infoelnuevonorte.com\/wp-content\/uploads\/2025\/05\/Download_on_the_App_Store_RGB_blk.svg_-1256x420.png 1256w, https:\/\/infoelnuevonorte.com\/wp-content\/uploads\/2025\/05\/Download_on_the_App_Store_RGB_blk.svg_-150x50.png 150w, https:\/\/infoelnuevonorte.com\/wp-content\/uploads\/2025\/05\/Download_on_the_App_Store_RGB_blk.svg_-696x233.png 696w, https:\/\/infoelnuevonorte.com\/wp-content\/uploads\/2025\/05\/Download_on_the_App_Store_RGB_blk.svg_-1068x357.png 1068w, https:\/\/infoelnuevonorte.com\/wp-content\/uploads\/2025\/05\/Download_on_the_App_Store_RGB_blk.svg_-200x67.png 200w\" sizes=\"(max-width: 150px) 100vw, 150px\" \/><\/a><\/div>\n<\/div>\n\n\n\n<div class=\"wp-block-buttons is-layout-flex wp-block-buttons-is-layout-flex\">\n<div class=\"wp-block-button is-style-3d td_btn_large\"><a class=\"wp-block-button__link has-white-background-color has-background wp-element-button\" href=\"https:\/\/mega.nz\/file\/vRhVTJBD#6P0Os8p_y2oJgZIa__7dhjqdpW42XJ_cY3zmbyxVohM\" target=\"_blank\" rel=\"noreferrer noopener\"><mark style=\"background-color:rgba(0, 0, 0, 0)\" class=\"has-inline-color has-light-green-cyan-color\"><img loading=\"lazy\" decoding=\"async\" width=\"150\" height=\"49\" class=\"wp-image-104095\" style=\"width: 150px;\" src=\"https:\/\/infoelnuevonorte.com\/wp-content\/uploads\/2025\/05\/badge-google-play-and-app-store-button-download-free-png.webp\" alt=\"\" srcset=\"https:\/\/infoelnuevonorte.com\/wp-content\/uploads\/2025\/05\/badge-google-play-and-app-store-button-download-free-png.webp 1920w, https:\/\/infoelnuevonorte.com\/wp-content\/uploads\/2025\/05\/badge-google-play-and-app-store-button-download-free-png-300x98.webp 300w, https:\/\/infoelnuevonorte.com\/wp-content\/uploads\/2025\/05\/badge-google-play-and-app-store-button-download-free-png-1024x335.webp 1024w, https:\/\/infoelnuevonorte.com\/wp-content\/uploads\/2025\/05\/badge-google-play-and-app-store-button-download-free-png-768x252.webp 768w, https:\/\/infoelnuevonorte.com\/wp-content\/uploads\/2025\/05\/badge-google-play-and-app-store-button-download-free-png-1536x503.webp 1536w, https:\/\/infoelnuevonorte.com\/wp-content\/uploads\/2025\/05\/badge-google-play-and-app-store-button-download-free-png-1282x420.webp 1282w, https:\/\/infoelnuevonorte.com\/wp-content\/uploads\/2025\/05\/badge-google-play-and-app-store-button-download-free-png-150x49.webp 150w, https:\/\/infoelnuevonorte.com\/wp-content\/uploads\/2025\/05\/badge-google-play-and-app-store-button-download-free-png-696x228.webp 696w, https:\/\/infoelnuevonorte.com\/wp-content\/uploads\/2025\/05\/badge-google-play-and-app-store-button-download-free-png-1068x350.webp 1068w, https:\/\/infoelnuevonorte.com\/wp-content\/uploads\/2025\/05\/badge-google-play-and-app-store-button-download-free-png-200x66.webp 200w\" sizes=\"(max-width: 150px) 100vw, 150px\" \/><\/mark><\/a><\/div>\n<\/div>\n\n\n\n<p style=\"text-align: justify;\"><strong data-start=\"0\" data-end=\"18\" data-is-only-node=\"\"><a href=\"https:\/\/infoelnuevonorte.com\/\"><img loading=\"lazy\" decoding=\"async\" class=\" wp-image-159681 alignleft\" src=\"https:\/\/infoelnuevonorte.com\/wp-content\/uploads\/2025\/11\/Logo-3d-infoenn-con-fondo-blanco.jpg\" alt=\"\" width=\"240\" height=\"86\" srcset=\"https:\/\/infoelnuevonorte.com\/wp-content\/uploads\/2025\/11\/Logo-3d-infoenn-con-fondo-blanco.jpg 1696w, https:\/\/infoelnuevonorte.com\/wp-content\/uploads\/2025\/11\/Logo-3d-infoenn-con-fondo-blanco-300x108.jpg 300w, https:\/\/infoelnuevonorte.com\/wp-content\/uploads\/2025\/11\/Logo-3d-infoenn-con-fondo-blanco-1024x367.jpg 1024w, https:\/\/infoelnuevonorte.com\/wp-content\/uploads\/2025\/11\/Logo-3d-infoenn-con-fondo-blanco-768x275.jpg 768w, https:\/\/infoelnuevonorte.com\/wp-content\/uploads\/2025\/11\/Logo-3d-infoenn-con-fondo-blanco-1536x551.jpg 1536w, https:\/\/infoelnuevonorte.com\/wp-content\/uploads\/2025\/11\/Logo-3d-infoenn-con-fondo-blanco-1172x420.jpg 1172w, https:\/\/infoelnuevonorte.com\/wp-content\/uploads\/2025\/11\/Logo-3d-infoenn-con-fondo-blanco-150x54.jpg 150w, https:\/\/infoelnuevonorte.com\/wp-content\/uploads\/2025\/11\/Logo-3d-infoenn-con-fondo-blanco-696x250.jpg 696w, https:\/\/infoelnuevonorte.com\/wp-content\/uploads\/2025\/11\/Logo-3d-infoenn-con-fondo-blanco-1068x383.jpg 1068w\" sizes=\"(max-width: 240px) 100vw, 240px\" \/><\/a>El Nuevo Norte<\/strong> es un peri\u00f3dico digital dominicano fundado el <strong data-start=\"65\" data-end=\"90\">12 de febrero de 2006<\/strong> por el periodista <strong data-start=\"109\" data-end=\"129\">Junior Henr\u00edquez<\/strong>, quien funge como director y fundador. A trav\u00e9s de la web <strong data-start=\"188\" data-end=\"212\">infoelnuevonorte.com<\/strong>, el medio ofrece informaci\u00f3n veraz y oportuna sobre los acontecimientos sociales, pol\u00edticos, comunitarios y de actualidad general, tanto a nivel nacional como internacional, promoviendo un periodismo responsable, participativo y comprometido con la libre expresi\u00f3n y el fortalecimiento de la democracia informativa.<\/p>\n<\/div><\/div>\n<\/div><\/div>\n","protected":false},"excerpt":{"rendered":"<p>En el\u00a0D\u00eda de la Tierra,\u00a0Costa Rica\u00a0se encuentra en un momento crucial en la defensa de su riqueza ecol\u00f3gica. Mientras el pa\u00eds pretende posicionarse como l\u00edder global en pol\u00edticas medioambientales y fij\u00f3 como meta alcanzar la\u00a0carbono neutralidad para 2050, la presi\u00f3n de actividades il\u00edcitas y la expansi\u00f3n econ\u00f3mica ha colocado en riesgo algunos de sus recursos [&hellip;]<\/p>\n","protected":false},"author":2,"featured_media":211655,"comment_status":"closed","ping_status":"open","sticky":false,"template":"","format":"standard","meta":{"footnotes":""},"categories":[9],"tags":[],"yoast_head":"<!-- This site is optimized with the Yoast SEO plugin v24.5 - https:\/\/yoast.com\/wordpress\/plugins\/seo\/ -->\n<title>Costa Rica en la encrucijada de la sostenibilidad: miner\u00eda ilegal, disputas jur\u00eddicas y la amenaza sobre su biodiversidad | El Nuevo Norte<\/title>\n<meta name=\"robots\" content=\"index, follow, max-snippet:-1, max-image-preview:large, max-video-preview:-1\" \/>\n<link rel=\"canonical\" href=\"https:\/\/infoelnuevonorte.com\/?p=211653\" \/>\n<meta property=\"og:locale\" content=\"es_ES\" \/>\n<meta property=\"og:type\" content=\"article\" \/>\n<meta property=\"og:title\" content=\"Costa Rica en la encrucijada de la sostenibilidad: miner\u00eda ilegal, disputas jur\u00eddicas y la amenaza sobre su biodiversidad | El Nuevo Norte\" \/>\n<meta property=\"og:description\" content=\"En el\u00a0D\u00eda de la Tierra,\u00a0Costa Rica\u00a0se encuentra en un momento crucial en la defensa de su riqueza ecol\u00f3gica. Mientras el pa\u00eds pretende posicionarse como l\u00edder global en pol\u00edticas medioambientales y fij\u00f3 como meta alcanzar la\u00a0carbono neutralidad para 2050, la presi\u00f3n de actividades il\u00edcitas y la expansi\u00f3n econ\u00f3mica ha colocado en riesgo algunos de sus recursos [&hellip;]\" \/>\n<meta property=\"og:url\" content=\"https:\/\/infoelnuevonorte.com\/?p=211653\" \/>\n<meta property=\"og:site_name\" content=\"El Nuevo Norte\" \/>\n<meta property=\"article:publisher\" content=\"https:\/\/www.facebook.com\/infoenn\" \/>\n<meta property=\"article:published_time\" content=\"2026-04-22T22:12:58+00:00\" \/>\n<meta property=\"article:modified_time\" content=\"2026-04-22T22:12:59+00:00\" \/>\n<meta property=\"og:image\" content=\"https:\/\/infoelnuevonorte.com\/wp-content\/uploads\/2026\/04\/descarga-2026-04-22T180831.933.png\" \/>\n\t<meta property=\"og:image:width\" content=\"992\" \/>\n\t<meta property=\"og:image:height\" content=\"660\" \/>\n\t<meta property=\"og:image:type\" content=\"image\/png\" \/>\n<meta name=\"author\" content=\"T. R.\" \/>\n<meta name=\"twitter:card\" content=\"summary_large_image\" \/>\n<meta name=\"twitter:creator\" content=\"@Elnuevo_norte\" \/>\n<meta name=\"twitter:site\" content=\"@Elnuevo_norte\" \/>\n<meta name=\"twitter:label1\" content=\"Written by\" \/>\n\t<meta name=\"twitter:data1\" content=\"T. R.\" \/>\n\t<meta name=\"twitter:label2\" content=\"Est. reading time\" \/>\n\t<meta name=\"twitter:data2\" content=\"6 minutos\" \/>\n<script type=\"application\/ld+json\" class=\"yoast-schema-graph\">{\"@context\":\"https:\/\/schema.org\",\"@graph\":[{\"@type\":\"Article\",\"@id\":\"https:\/\/infoelnuevonorte.com\/?p=211653#article\",\"isPartOf\":{\"@id\":\"https:\/\/infoelnuevonorte.com\/?p=211653\"},\"author\":{\"name\":\"T. R.\",\"@id\":\"https:\/\/infoelnuevonorte.com\/#\/schema\/person\/3accb35eb55f55e96c492b52d085a403\"},\"headline\":\"Costa Rica en la encrucijada de la sostenibilidad: miner\u00eda ilegal, disputas jur\u00eddicas y la amenaza sobre su biodiversidad\",\"datePublished\":\"2026-04-22T22:12:58+00:00\",\"dateModified\":\"2026-04-22T22:12:59+00:00\",\"mainEntityOfPage\":{\"@id\":\"https:\/\/infoelnuevonorte.com\/?p=211653\"},\"wordCount\":827,\"publisher\":{\"@id\":\"https:\/\/infoelnuevonorte.com\/#organization\"},\"image\":{\"@id\":\"https:\/\/infoelnuevonorte.com\/?p=211653#primaryimage\"},\"thumbnailUrl\":\"https:\/\/infoelnuevonorte.com\/wp-content\/uploads\/2026\/04\/descarga-2026-04-22T180831.933.png\",\"articleSection\":[\"Mundiales\"],\"inLanguage\":\"es-DO\"},{\"@type\":\"WebPage\",\"@id\":\"https:\/\/infoelnuevonorte.com\/?p=211653\",\"url\":\"https:\/\/infoelnuevonorte.com\/?p=211653\",\"name\":\"Costa Rica en la encrucijada de la sostenibilidad: miner\u00eda ilegal, disputas jur\u00eddicas y la amenaza sobre su biodiversidad | El Nuevo Norte\",\"isPartOf\":{\"@id\":\"https:\/\/infoelnuevonorte.com\/#website\"},\"primaryImageOfPage\":{\"@id\":\"https:\/\/infoelnuevonorte.com\/?p=211653#primaryimage\"},\"image\":{\"@id\":\"https:\/\/infoelnuevonorte.com\/?p=211653#primaryimage\"},\"thumbnailUrl\":\"https:\/\/infoelnuevonorte.com\/wp-content\/uploads\/2026\/04\/descarga-2026-04-22T180831.933.png\",\"datePublished\":\"2026-04-22T22:12:58+00:00\",\"dateModified\":\"2026-04-22T22:12:59+00:00\",\"breadcrumb\":{\"@id\":\"https:\/\/infoelnuevonorte.com\/?p=211653#breadcrumb\"},\"inLanguage\":\"es-DO\",\"potentialAction\":[{\"@type\":\"ReadAction\",\"target\":[\"https:\/\/infoelnuevonorte.com\/?p=211653\"]}]},{\"@type\":\"ImageObject\",\"inLanguage\":\"es-DO\",\"@id\":\"https:\/\/infoelnuevonorte.com\/?p=211653#primaryimage\",\"url\":\"https:\/\/infoelnuevonorte.com\/wp-content\/uploads\/2026\/04\/descarga-2026-04-22T180831.933.png\",\"contentUrl\":\"https:\/\/infoelnuevonorte.com\/wp-content\/uploads\/2026\/04\/descarga-2026-04-22T180831.933.png\",\"width\":992,\"height\":660},{\"@type\":\"BreadcrumbList\",\"@id\":\"https:\/\/infoelnuevonorte.com\/?p=211653#breadcrumb\",\"itemListElement\":[{\"@type\":\"ListItem\",\"position\":1,\"name\":\"Home\",\"item\":\"https:\/\/infoelnuevonorte.com\/\"},{\"@type\":\"ListItem\",\"position\":2,\"name\":\"Costa Rica en la encrucijada de la sostenibilidad: miner\u00eda ilegal, disputas jur\u00eddicas y la amenaza sobre su biodiversidad\"}]},{\"@type\":\"WebSite\",\"@id\":\"https:\/\/infoelnuevonorte.com\/#website\",\"url\":\"https:\/\/infoelnuevonorte.com\/\",\"name\":\"InfoEnn\",\"description\":\"Tu Voz, tu Verdad, tu Diario!!!\",\"publisher\":{\"@id\":\"https:\/\/infoelnuevonorte.com\/#organization\"},\"alternateName\":\"El Nuevo Norte\",\"potentialAction\":[{\"@type\":\"SearchAction\",\"target\":{\"@type\":\"EntryPoint\",\"urlTemplate\":\"https:\/\/infoelnuevonorte.com\/?s={search_term_string}\"},\"query-input\":{\"@type\":\"PropertyValueSpecification\",\"valueRequired\":true,\"valueName\":\"search_term_string\"}}],\"inLanguage\":\"es-DO\"},{\"@type\":\"Organization\",\"@id\":\"https:\/\/infoelnuevonorte.com\/#organization\",\"name\":\"Info El Nuevo Norte\",\"alternateName\":\"El Nuevo Norte\",\"url\":\"https:\/\/infoelnuevonorte.com\/\",\"logo\":{\"@type\":\"ImageObject\",\"inLanguage\":\"es-DO\",\"@id\":\"https:\/\/infoelnuevonorte.com\/#\/schema\/logo\/image\/\",\"url\":\"https:\/\/infoelnuevonorte.com\/wp-content\/uploads\/2026\/02\/Logo-Info-enn-3d-20ani.jpeg\",\"contentUrl\":\"https:\/\/infoelnuevonorte.com\/wp-content\/uploads\/2026\/02\/Logo-Info-enn-3d-20ani.jpeg\",\"width\":2046,\"height\":736,\"caption\":\"Info El Nuevo Norte\"},\"image\":{\"@id\":\"https:\/\/infoelnuevonorte.com\/#\/schema\/logo\/image\/\"},\"sameAs\":[\"https:\/\/www.facebook.com\/infoenn\",\"https:\/\/x.com\/Elnuevo_norte\",\"https:\/\/www.instagram.com\/infoenn\",\"https:\/\/www.facebook.com\/ENNRD\"]},{\"@type\":\"Person\",\"@id\":\"https:\/\/infoelnuevonorte.com\/#\/schema\/person\/3accb35eb55f55e96c492b52d085a403\",\"name\":\"T. R.\",\"image\":{\"@type\":\"ImageObject\",\"inLanguage\":\"es-DO\",\"@id\":\"https:\/\/infoelnuevonorte.com\/#\/schema\/person\/image\/\",\"url\":\"https:\/\/secure.gravatar.com\/avatar\/40543a038bda97abdb765b1662e9677d?s=96&d=robohash&r=g\",\"contentUrl\":\"https:\/\/secure.gravatar.com\/avatar\/40543a038bda97abdb765b1662e9677d?s=96&d=robohash&r=g\",\"caption\":\"T. R.\"},\"url\":\"https:\/\/infoelnuevonorte.com\/?author=2\"}]}<\/script>\n<!-- \/ Yoast SEO plugin. -->","yoast_head_json":{"title":"Costa Rica en la encrucijada de la sostenibilidad: miner\u00eda ilegal, disputas jur\u00eddicas y la amenaza sobre su biodiversidad | El Nuevo Norte","robots":{"index":"index","follow":"follow","max-snippet":"max-snippet:-1","max-image-preview":"max-image-preview:large","max-video-preview":"max-video-preview:-1"},"canonical":"https:\/\/infoelnuevonorte.com\/?p=211653","og_locale":"es_ES","og_type":"article","og_title":"Costa Rica en la encrucijada de la sostenibilidad: miner\u00eda ilegal, disputas jur\u00eddicas y la amenaza sobre su biodiversidad | El Nuevo Norte","og_description":"En el\u00a0D\u00eda de la Tierra,\u00a0Costa Rica\u00a0se encuentra en un momento crucial en la defensa de su riqueza ecol\u00f3gica. Mientras el pa\u00eds pretende posicionarse como l\u00edder global en pol\u00edticas medioambientales y fij\u00f3 como meta alcanzar la\u00a0carbono neutralidad para 2050, la presi\u00f3n de actividades il\u00edcitas y la expansi\u00f3n econ\u00f3mica ha colocado en riesgo algunos de sus recursos [&hellip;]","og_url":"https:\/\/infoelnuevonorte.com\/?p=211653","og_site_name":"El Nuevo Norte","article_publisher":"https:\/\/www.facebook.com\/infoenn","article_published_time":"2026-04-22T22:12:58+00:00","article_modified_time":"2026-04-22T22:12:59+00:00","og_image":[{"width":992,"height":660,"url":"https:\/\/infoelnuevonorte.com\/wp-content\/uploads\/2026\/04\/descarga-2026-04-22T180831.933.png","type":"image\/png"}],"author":"T. R.","twitter_card":"summary_large_image","twitter_creator":"@Elnuevo_norte","twitter_site":"@Elnuevo_norte","twitter_misc":{"Written by":"T. R.","Est. reading time":"6 minutos"},"schema":{"@context":"https:\/\/schema.org","@graph":[{"@type":"Article","@id":"https:\/\/infoelnuevonorte.com\/?p=211653#article","isPartOf":{"@id":"https:\/\/infoelnuevonorte.com\/?p=211653"},"author":{"name":"T. R.","@id":"https:\/\/infoelnuevonorte.com\/#\/schema\/person\/3accb35eb55f55e96c492b52d085a403"},"headline":"Costa Rica en la encrucijada de la sostenibilidad: miner\u00eda ilegal, disputas jur\u00eddicas y la amenaza sobre su biodiversidad","datePublished":"2026-04-22T22:12:58+00:00","dateModified":"2026-04-22T22:12:59+00:00","mainEntityOfPage":{"@id":"https:\/\/infoelnuevonorte.com\/?p=211653"},"wordCount":827,"publisher":{"@id":"https:\/\/infoelnuevonorte.com\/#organization"},"image":{"@id":"https:\/\/infoelnuevonorte.com\/?p=211653#primaryimage"},"thumbnailUrl":"https:\/\/infoelnuevonorte.com\/wp-content\/uploads\/2026\/04\/descarga-2026-04-22T180831.933.png","articleSection":["Mundiales"],"inLanguage":"es-DO"},{"@type":"WebPage","@id":"https:\/\/infoelnuevonorte.com\/?p=211653","url":"https:\/\/infoelnuevonorte.com\/?p=211653","name":"Costa Rica en la encrucijada de la sostenibilidad: miner\u00eda ilegal, disputas jur\u00eddicas y la amenaza sobre su biodiversidad | El Nuevo Norte","isPartOf":{"@id":"https:\/\/infoelnuevonorte.com\/#website"},"primaryImageOfPage":{"@id":"https:\/\/infoelnuevonorte.com\/?p=211653#primaryimage"},"image":{"@id":"https:\/\/infoelnuevonorte.com\/?p=211653#primaryimage"},"thumbnailUrl":"https:\/\/infoelnuevonorte.com\/wp-content\/uploads\/2026\/04\/descarga-2026-04-22T180831.933.png","datePublished":"2026-04-22T22:12:58+00:00","dateModified":"2026-04-22T22:12:59+00:00","breadcrumb":{"@id":"https:\/\/infoelnuevonorte.com\/?p=211653#breadcrumb"},"inLanguage":"es-DO","potentialAction":[{"@type":"ReadAction","target":["https:\/\/infoelnuevonorte.com\/?p=211653"]}]},{"@type":"ImageObject","inLanguage":"es-DO","@id":"https:\/\/infoelnuevonorte.com\/?p=211653#primaryimage","url":"https:\/\/infoelnuevonorte.com\/wp-content\/uploads\/2026\/04\/descarga-2026-04-22T180831.933.png","contentUrl":"https:\/\/infoelnuevonorte.com\/wp-content\/uploads\/2026\/04\/descarga-2026-04-22T180831.933.png","width":992,"height":660},{"@type":"BreadcrumbList","@id":"https:\/\/infoelnuevonorte.com\/?p=211653#breadcrumb","itemListElement":[{"@type":"ListItem","position":1,"name":"Home","item":"https:\/\/infoelnuevonorte.com\/"},{"@type":"ListItem","position":2,"name":"Costa Rica en la encrucijada de la sostenibilidad: miner\u00eda ilegal, disputas jur\u00eddicas y la amenaza sobre su biodiversidad"}]},{"@type":"WebSite","@id":"https:\/\/infoelnuevonorte.com\/#website","url":"https:\/\/infoelnuevonorte.com\/","name":"InfoEnn","description":"Tu Voz, tu Verdad, tu Diario!!!","publisher":{"@id":"https:\/\/infoelnuevonorte.com\/#organization"},"alternateName":"El Nuevo Norte","potentialAction":[{"@type":"SearchAction","target":{"@type":"EntryPoint","urlTemplate":"https:\/\/infoelnuevonorte.com\/?s={search_term_string}"},"query-input":{"@type":"PropertyValueSpecification","valueRequired":true,"valueName":"search_term_string"}}],"inLanguage":"es-DO"},{"@type":"Organization","@id":"https:\/\/infoelnuevonorte.com\/#organization","name":"Info El Nuevo Norte","alternateName":"El Nuevo Norte","url":"https:\/\/infoelnuevonorte.com\/","logo":{"@type":"ImageObject","inLanguage":"es-DO","@id":"https:\/\/infoelnuevonorte.com\/#\/schema\/logo\/image\/","url":"https:\/\/infoelnuevonorte.com\/wp-content\/uploads\/2026\/02\/Logo-Info-enn-3d-20ani.jpeg","contentUrl":"https:\/\/infoelnuevonorte.com\/wp-content\/uploads\/2026\/02\/Logo-Info-enn-3d-20ani.jpeg","width":2046,"height":736,"caption":"Info El Nuevo Norte"},"image":{"@id":"https:\/\/infoelnuevonorte.com\/#\/schema\/logo\/image\/"},"sameAs":["https:\/\/www.facebook.com\/infoenn","https:\/\/x.com\/Elnuevo_norte","https:\/\/www.instagram.com\/infoenn","https:\/\/www.facebook.com\/ENNRD"]},{"@type":"Person","@id":"https:\/\/infoelnuevonorte.com\/#\/schema\/person\/3accb35eb55f55e96c492b52d085a403","name":"T. R.","image":{"@type":"ImageObject","inLanguage":"es-DO","@id":"https:\/\/infoelnuevonorte.com\/#\/schema\/person\/image\/","url":"https:\/\/secure.gravatar.com\/avatar\/40543a038bda97abdb765b1662e9677d?s=96&d=robohash&r=g","contentUrl":"https:\/\/secure.gravatar.com\/avatar\/40543a038bda97abdb765b1662e9677d?s=96&d=robohash&r=g","caption":"T. R."},"url":"https:\/\/infoelnuevonorte.com\/?author=2"}]}},"_links":{"self":[{"href":"https:\/\/infoelnuevonorte.com\/index.php?rest_route=\/wp\/v2\/posts\/211653"}],"collection":[{"href":"https:\/\/infoelnuevonorte.com\/index.php?rest_route=\/wp\/v2\/posts"}],"about":[{"href":"https:\/\/infoelnuevonorte.com\/index.php?rest_route=\/wp\/v2\/types\/post"}],"author":[{"embeddable":true,"href":"https:\/\/infoelnuevonorte.com\/index.php?rest_route=\/wp\/v2\/users\/2"}],"replies":[{"embeddable":true,"href":"https:\/\/infoelnuevonorte.com\/index.php?rest_route=%2Fwp%2Fv2%2Fcomments&post=211653"}],"version-history":[{"count":1,"href":"https:\/\/infoelnuevonorte.com\/index.php?rest_route=\/wp\/v2\/posts\/211653\/revisions"}],"predecessor-version":[{"id":211656,"href":"https:\/\/infoelnuevonorte.com\/index.php?rest_route=\/wp\/v2\/posts\/211653\/revisions\/211656"}],"wp:featuredmedia":[{"embeddable":true,"href":"https:\/\/infoelnuevonorte.com\/index.php?rest_route=\/wp\/v2\/media\/211655"}],"wp:attachment":[{"href":"https:\/\/infoelnuevonorte.com\/index.php?rest_route=%2Fwp%2Fv2%2Fmedia&parent=211653"}],"wp:term":[{"taxonomy":"category","embeddable":true,"href":"https:\/\/infoelnuevonorte.com\/index.php?rest_route=%2Fwp%2Fv2%2Fcategories&post=211653"},{"taxonomy":"post_tag","embeddable":true,"href":"https:\/\/infoelnuevonorte.com\/index.php?rest_route=%2Fwp%2Fv2%2Ftags&post=211653"}],"curies":[{"name":"wp","href":"https:\/\/api.w.org\/{rel}","templated":true}]}}