{"id":211661,"date":"2026-04-22T18:24:58","date_gmt":"2026-04-22T22:24:58","guid":{"rendered":"https:\/\/infoelnuevonorte.com\/?p=211661"},"modified":"2026-04-22T18:24:58","modified_gmt":"2026-04-22T22:24:58","slug":"alerta-en-brasil-por-la-posible-baja-de-una-de-sus-figuras-para-el-mundial-2026-practicamente-descartado","status":"publish","type":"post","link":"https:\/\/infoelnuevonorte.com\/?p=211661","title":{"rendered":"Alerta en Brasil por la posible baja de una de sus figuras para el Mundial 2026: \u201cPr\u00e1cticamente descartado\u201d"},"content":{"rendered":"\n<h2 class=\"wp-block-heading\"><\/h2>\n\n\n<!--[if lt IE 9]><script>document.createElement('audio');<\/script><![endif]-->\n<audio class=\"wp-audio-shortcode\" id=\"audio-211661-1\" preload=\"none\" style=\"width: 100%;\" controls=\"controls\"><source type=\"audio\/mpeg\" src=\"https:\/\/infoelnuevonorte.com\/wp-content\/uploads\/2026\/04\/ttsmaker-vip-file-2026-4-22-18-24-12.mp3?_=1\" \/><a href=\"https:\/\/infoelnuevonorte.com\/wp-content\/uploads\/2026\/04\/ttsmaker-vip-file-2026-4-22-18-24-12.mp3\">https:\/\/infoelnuevonorte.com\/wp-content\/uploads\/2026\/04\/ttsmaker-vip-file-2026-4-22-18-24-12.mp3<\/a><\/audio>\n<p class=\"paragraph\" style=\"text-align: justify;\" data-mrf-recirculation=\"Links inline\"><span style=\"font-size: 14pt;\">La participaci\u00f3n de\u00a0<b>Estevao<\/b>, delantero de\u00a0<b>Chelsea<\/b>, en la pr\u00f3xima Copa del Mundo con la selecci\u00f3n de\u00a0<b>Brasil<\/b>\u00a0est\u00e1 en\u00a0<b>grave riesgo<\/b>\u00a0tras la lesi\u00f3n en el muslo sufrida durante la derrota frente a\u00a0<b>Manchester United<\/b>\u00a0el pasado s\u00e1bado. El diagn\u00f3stico de grado 4 recibido el lunes tras una resonancia practicada en Londres\u00a0<b>pr\u00e1cticamente descarta<\/b>\u00a0al jugador de 18 a\u00f1os para la cita mundialista, seg\u00fan inform\u00f3 el medio\u00a0<i>The Athletic<\/i>. El torneo comienza el 11 de junio y Brasil debuta dos d\u00edas despu\u00e9s ante Marruecos.<\/span><\/p>\n<p class=\"paragraph\" style=\"text-align: justify;\" data-mrf-recirculation=\"Links inline\"><span style=\"font-size: 14pt;\">El resultado de la resonancia, confirmada al diario norteamericano mencionado por fuentes cercanas al club ingl\u00e9s, determin\u00f3 que\u00a0<b>Estevao<\/b>\u00a0padece una\u00a0<b>lesi\u00f3n muscular de grado 4<\/b>. Esta clasificaci\u00f3n indica la m\u00e1xima gravedad en este tipo de patolog\u00edas deportivas. Dado el calendario, las posibilidades del delantero de recuperarse a tiempo se consideran pr\u00e1cticamente nulas tanto para la Copa del Mundo como para el tramo final de la temporada con su equipo. La noticia gener\u00f3 inquietud inmediata en el cuerpo t\u00e9cnico, que tem\u00eda las peores consecuencias antes de que se realizara el estudio.<\/span><\/p>\n<p class=\"paragraph\" style=\"text-align: justify;\" data-mrf-recirculation=\"Links inline\"><span style=\"font-size: 14pt;\">En respuesta directa a la pregunta sobre qu\u00e9 ocurri\u00f3, qui\u00e9n lo protagoniz\u00f3 y cu\u00e1l es la consecuencia concreta, el atacante brasile\u00f1o se lesion\u00f3 en el partido ante Manchester United, debi\u00f3 abandonar el campo a los 16 minutos, dejando el vestuario entre l\u00e1grimas, seg\u00fan declar\u00f3\u00a0<b>el ahora ex entrenador de Chelsea, Liam Rosenior<\/b>, al t\u00e9rmino del encuentro. La gravedad de la lesi\u00f3n fue confirmada el lunes y lo deja pr\u00e1cticamente fuera del Mundial y del remate de la temporada con su club.<\/span><\/p>\n<div class=\"visual__image\" style=\"text-align: justify;\"><span style=\"font-size: 14pt;\"><span style=\"font-size: 14pt;\"><picture><source srcset=\"https:\/\/www.infobae.com\/resizer\/v2\/FXQ65BZJOVG3XKVY3TKWNIHQYE.JPG?auth=962d1d07958816edae2e8f3c2e07a9d9e6a5df103ce85fb7c84cc93416cb8bfd&amp;smart=true&amp;width=992&amp;height=664&amp;quality=85\" media=\"(min-width: 1000px)\" \/><source srcset=\"https:\/\/www.infobae.com\/resizer\/v2\/FXQ65BZJOVG3XKVY3TKWNIHQYE.JPG?auth=962d1d07958816edae2e8f3c2e07a9d9e6a5df103ce85fb7c84cc93416cb8bfd&amp;smart=true&amp;width=768&amp;height=514&amp;quality=85\" media=\"(min-width: 768px)\" \/><source srcset=\"https:\/\/www.infobae.com\/resizer\/v2\/FXQ65BZJOVG3XKVY3TKWNIHQYE.JPG?auth=962d1d07958816edae2e8f3c2e07a9d9e6a5df103ce85fb7c84cc93416cb8bfd&amp;smart=true&amp;width=577&amp;height=386&amp;quality=85\" media=\"(min-width: 580px)\" \/><source srcset=\"https:\/\/www.infobae.com\/resizer\/v2\/FXQ65BZJOVG3XKVY3TKWNIHQYE.JPG?auth=962d1d07958816edae2e8f3c2e07a9d9e6a5df103ce85fb7c84cc93416cb8bfd&amp;smart=true&amp;width=420&amp;height=281&amp;quality=85\" media=\"(min-width: 350px)\" \/><source srcset=\"https:\/\/www.infobae.com\/resizer\/v2\/FXQ65BZJOVG3XKVY3TKWNIHQYE.JPG?auth=962d1d07958816edae2e8f3c2e07a9d9e6a5df103ce85fb7c84cc93416cb8bfd&amp;smart=true&amp;width=350&amp;height=234&amp;quality=85\" media=\"(min-width: 80px)\" \/><\/picture><\/span><\/span>\n<figure style=\"width: 1836px\" class=\"wp-caption alignnone\"><img loading=\"lazy\" decoding=\"async\" class=\"global-image\" src=\"https:\/\/www.infobae.com\/resizer\/v2\/FXQ65BZJOVG3XKVY3TKWNIHQYE.JPG?auth=962d1d07958816edae2e8f3c2e07a9d9e6a5df103ce85fb7c84cc93416cb8bfd&amp;smart=true&amp;width=350&amp;height=234&amp;quality=85\" alt=\"Estevao en el momento de su lesi\u00f3n contra el United (REUTERS\/David Klein)\" width=\"1836\" height=\"1229\" \/><figcaption class=\"wp-caption-text\">Estevao en el momento de su lesi\u00f3n contra el United<\/figcaption><\/figure>\n<\/div>\n<div style=\"text-align: justify;\">\u00a0<\/div>\n<div class=\"visual__image\" style=\"text-align: justify;\">\u00a0<\/div>\n<p class=\"paragraph\" style=\"text-align: justify;\" data-mrf-recirculation=\"Links inline\"><span style=\"font-size: 14pt;\">El golpe para Chelsea es doblemente significativo, ya que la baja de\u00a0<b>Estevao<\/b>\u00a0cierra un primer a\u00f1o prometedor desde su llegada en mayo de 2024, tras ser transferido desde\u00a0<b>Palmeiras<\/b>. El delantero brasile\u00f1o sum\u00f3 36 presencias oficiales con el club ingl\u00e9s, con\u00a0<b>8 goles<\/b>\u00a0y\u00a0<b>4 asistencias<\/b>, tres de esas conquistas en siete partidos de la Champions League.<\/span><\/p>\n<p class=\"paragraph\" style=\"text-align: justify;\" data-mrf-recirculation=\"Links inline\"><span style=\"font-size: 14pt;\">La derrota m\u00e1s reciente ante\u00a0<b>Brighton &amp; Hove Albion<\/b>\u00a0(3-0) prolong\u00f3 la peor racha del club desde noviembre de 1912: cinco encuentros consecutivos de Premier League sin anotar. La ausencia de Estevao privar\u00e1 al nuevo entrenador\u00a0<b>Calum McFarlane<\/b>\u00a0de una de sus pocas opciones desequilibrantes en plena crisis goleadora general, agravada por las lesiones de\u00a0<b>Joao Pedro<\/b>,\u00a0<b>Cole Palmer<\/b>\u00a0y\u00a0<b>Jamie Gittens<\/b>. Para los pr\u00f3ximos compromisos, el club apunta a un tridente de ataque con\u00a0<b>Alejandro Garnacho<\/b>,\u00a0<b>Liam Delap<\/b>\u00a0y\u00a0<b>Pedro Neto<\/b>, ninguno de los cuales ha marcado en Premier League desde el gol de Delap en la ca\u00edda 2-1 ante Fulham en enero pasado.<\/span><\/p>\n<div class=\"worldcup2026ctawc-logo\" style=\"text-align: justify;\"><span style=\"font-size: 14pt;\"><img decoding=\"async\" class=\"worldcup2026ctawc-logo-desktop-img\" src=\"https:\/\/storage.googleapis.com\/arc-buckets\/assets\/images\/sports\/eventos-deportivos\/soccer\/backgrounds\/pronostico_cta_desktop.png\" alt=\"Infobae Simulador Logo\" \/><\/span><\/div>\n<div class=\"worldcup2026ctawc-content\" style=\"text-align: justify;\">\n<div class=\"worldcup2026ctawc-content-text\">\n<h2 class=\"worldcup2026ctawc-content-text-title\"><span style=\"font-size: 14pt;\">SIMULADOR<\/span><\/h2>\n<p class=\"worldcup2026ctawc-content-text-description\"><span style=\"font-size: 14pt;\">Juega y simula el camino de las selecciones hasta la final del Mundial<\/span><\/p>\n<\/div>\n<\/div>\n<p class=\"paragraph\" style=\"text-align: justify;\" data-mrf-recirculation=\"Links inline\"><span style=\"font-size: 14pt;\">M\u00e1s all\u00e1 del impacto en\u00a0<i>Stamford Bridge<\/i>, la derrota personal para Estevao se duplica: el delantero se hab\u00eda ganado la confianza del seleccionador brasile\u00f1o\u00a0<b>Carlo Ancelotti<\/b>\u00a0durante el ciclo reciente. En 11 partidos con la selecci\u00f3n absoluta, hab\u00eda marcado\u00a0<b>cuatro goles en sus \u00faltimas cuatro presentaciones internacionales<\/b>. Su actuaci\u00f3n en las eliminatorias lo hab\u00eda perfilado como titular para el que ser\u00eda su primer torneo mayor con Brasil, tras haber participado en siete partidos durante la clasificaci\u00f3n.<\/span><\/p>\n<div class=\"ad_1 ad-wrapper\" style=\"text-align: justify;\">\n<div class=\"dfpAd ad-1-al-6 ad-text\">\u00a0<\/div>\n<\/div>\n<div class=\"visual__image\" style=\"text-align: justify;\"><span style=\"font-size: 14pt;\"><span style=\"font-size: 14pt;\"><picture><source srcset=\"https:\/\/www.infobae.com\/resizer\/v2\/ZYTJVFOZHVHO5GT2NHPQ6LKA5A.JPG?auth=b4974fe8ee68fdc6e1b901caab179cb4b9491ad2bc20990c59a0fb3a248204bf&amp;smart=true&amp;width=992&amp;height=676&amp;quality=85\" media=\"(min-width: 1000px)\" \/><source srcset=\"https:\/\/www.infobae.com\/resizer\/v2\/ZYTJVFOZHVHO5GT2NHPQ6LKA5A.JPG?auth=b4974fe8ee68fdc6e1b901caab179cb4b9491ad2bc20990c59a0fb3a248204bf&amp;smart=true&amp;width=768&amp;height=523&amp;quality=85\" media=\"(min-width: 768px)\" \/><source srcset=\"https:\/\/www.infobae.com\/resizer\/v2\/ZYTJVFOZHVHO5GT2NHPQ6LKA5A.JPG?auth=b4974fe8ee68fdc6e1b901caab179cb4b9491ad2bc20990c59a0fb3a248204bf&amp;smart=true&amp;width=577&amp;height=393&amp;quality=85\" media=\"(min-width: 580px)\" \/><source srcset=\"https:\/\/www.infobae.com\/resizer\/v2\/ZYTJVFOZHVHO5GT2NHPQ6LKA5A.JPG?auth=b4974fe8ee68fdc6e1b901caab179cb4b9491ad2bc20990c59a0fb3a248204bf&amp;smart=true&amp;width=420&amp;height=286&amp;quality=85\" media=\"(min-width: 350px)\" \/><source srcset=\"https:\/\/www.infobae.com\/resizer\/v2\/ZYTJVFOZHVHO5GT2NHPQ6LKA5A.JPG?auth=b4974fe8ee68fdc6e1b901caab179cb4b9491ad2bc20990c59a0fb3a248204bf&amp;smart=true&amp;width=350&amp;height=239&amp;quality=85\" media=\"(min-width: 80px)\" \/><\/picture><\/span><\/span>\n<figure style=\"width: 4080px\" class=\"wp-caption alignnone\"><img loading=\"lazy\" decoding=\"async\" class=\"global-image\" src=\"https:\/\/www.infobae.com\/resizer\/v2\/ZYTJVFOZHVHO5GT2NHPQ6LKA5A.JPG?auth=b4974fe8ee68fdc6e1b901caab179cb4b9491ad2bc20990c59a0fb3a248204bf&amp;smart=true&amp;width=350&amp;height=239&amp;quality=85\" alt=\"Ancelotti probablemente tenga que prescindir de Estevao para la Copa del Mundo (REUTERS\/Ricardo Moraes)\" width=\"4080\" height=\"2781\" \/><figcaption class=\"wp-caption-text\">Ancelotti probablemente tenga que prescindir de Estevao para la Copa del Mundo<\/figcaption><\/figure>\n<\/div>\n<div class=\"visual__image\" style=\"text-align: justify;\">\u00a0<\/div>\n<p class=\"paragraph\" style=\"text-align: justify;\" data-mrf-recirculation=\"Links inline\"><span style=\"font-size: 14pt;\">Brasil integra el grupo B junto a\u00a0<b>Marruecos, Hait\u00ed y Escocia<\/b>. La baja de Estevao obliga al cuerpo t\u00e9cnico a reorganizar sus opciones ofensivas de cara al inicio del certamen. El equipo afronta as\u00ed una serie de retos deportivos y estrat\u00e9gicos muy distintos a los previstos antes de la lesi\u00f3n del joven goleador.<\/span><\/p>\n<p class=\"paragraph\" style=\"text-align: justify;\" data-mrf-recirculation=\"Links inline\"><span style=\"font-size: 14pt;\">La repercusi\u00f3n emocional ha sido profunda tanto en el vestuario de\u00a0<i>Stamford Bridge<\/i>\u00a0como en la afici\u00f3n. Liam Rosenior explic\u00f3 a los periodistas que encontr\u00f3 a\u00a0<b>Estevao \u201cdevastado\u201d y llorando en el descanso<\/b>, despu\u00e9s de abandonar el campo frente al United. El propio an\u00e1lisis de la periodista especializada<b>\u00a0<\/b>Cerys Jones, publicado en\u00a0<i>The Athletic<\/i>, califica este desenlace como\u00a0<b>\u201cun final incre\u00edblemente cruel para una temporada en la que ver a Estevao fue, a menudo, el mejor aliciente de Chelsea\u201d.<\/b><\/span><\/p>\n<p class=\"paragraph\" style=\"text-align: justify;\" data-mrf-recirculation=\"Links inline\"><span style=\"font-size: 14pt;\">El club londinense, inmerso en una crisis de resultados, se enfrenta a un remate de temporada con escasas variantes ofensivas y la perspectiva de disputar cuatro partidos m\u00e1s de Premier League, adem\u00e1s de las semifinales de la FA Cup frente a\u00a0<b>Leeds United<\/b> el pr\u00f3ximo domingo.<\/span><\/p>\n\n\n<div class=\"wp-block-group\"><div class=\"wp-block-group__inner-container is-layout-constrained wp-block-group-is-layout-constrained\">\n<div id=\"DenunciayAPP\" class=\"wp-block-group\"><div class=\"wp-block-group__inner-container is-layout-constrained wp-block-group-is-layout-constrained\">\n<p><a href=\"https:\/\/whatsapp.com\/channel\/0029Va88WGP2ER6ZxD6TCa3U\" target=\"_blank\" rel=\"noopener\"><img loading=\"lazy\" decoding=\"async\" class=\"aligncenter size-full wp-image-155512\" src=\"https:\/\/infoelnuevonorte.com\/wp-content\/uploads\/2025\/10\/Canal-whatsapp-infoenn.jpeg\" alt=\"\" width=\"2046\" height=\"554\" srcset=\"https:\/\/infoelnuevonorte.com\/wp-content\/uploads\/2025\/10\/Canal-whatsapp-infoenn.jpeg 2046w, https:\/\/infoelnuevonorte.com\/wp-content\/uploads\/2025\/10\/Canal-whatsapp-infoenn-300x81.jpeg 300w, https:\/\/infoelnuevonorte.com\/wp-content\/uploads\/2025\/10\/Canal-whatsapp-infoenn-1024x277.jpeg 1024w, https:\/\/infoelnuevonorte.com\/wp-content\/uploads\/2025\/10\/Canal-whatsapp-infoenn-768x208.jpeg 768w, https:\/\/infoelnuevonorte.com\/wp-content\/uploads\/2025\/10\/Canal-whatsapp-infoenn-1536x416.jpeg 1536w, https:\/\/infoelnuevonorte.com\/wp-content\/uploads\/2025\/10\/Canal-whatsapp-infoenn-1551x420.jpeg 1551w, https:\/\/infoelnuevonorte.com\/wp-content\/uploads\/2025\/10\/Canal-whatsapp-infoenn-150x41.jpeg 150w, https:\/\/infoelnuevonorte.com\/wp-content\/uploads\/2025\/10\/Canal-whatsapp-infoenn-696x188.jpeg 696w, https:\/\/infoelnuevonorte.com\/wp-content\/uploads\/2025\/10\/Canal-whatsapp-infoenn-1068x289.jpeg 1068w, https:\/\/infoelnuevonorte.com\/wp-content\/uploads\/2025\/10\/Canal-whatsapp-infoenn-1920x520.jpeg 1920w\" sizes=\"(max-width: 2046px) 100vw, 2046px\" \/><\/a><\/p>\n<p>\ud83d\udd17 S\u00edguenos en nuestras redes:<br data-start=\"2686\" data-end=\"2689\" \/><a href=\"https:\/\/x.com\/Elnuevo_norte\">X<\/a> | <a class=\"\" href=\"https:\/\/t.me\/infoenn\" target=\"_new\" rel=\"noopener\" data-start=\"2757\" data-end=\"2789\">Telegram<\/a> | <a class=\"\" href=\"https:\/\/instagram.com\/noticiasenn1?r=nametag\" target=\"_new\" rel=\"noopener\" data-start=\"2792\" data-end=\"2849\">Instagram<\/a><br data-start=\"2849\" data-end=\"2852\" \/><a class=\"\" href=\"https:\/\/www.facebook.com\/infoenn\" target=\"_new\" rel=\"noopener\" data-start=\"2852\" data-end=\"2896\">Facebook<\/a> | <a class=\"\" href=\"https:\/\/www.threads.net\/@noticiasenn1\" target=\"_new\" rel=\"noopener\" data-start=\"2899\" data-end=\"2947\">Threads<\/a> | <a class=\"\" href=\"https:\/\/www.youtube.com\/channel\/UCZZJg_scU1p_c6cvyCHY48A\" target=\"_new\" rel=\"noopener\" data-start=\"2950\" data-end=\"3017\" data-is-last-node=\"\">YouTube<\/a><\/p>\n<p>\ud83d\ude4f \u00a1Tu apoyo es importante!<\/p>\n<p>\ud83d\udd3bDESCARGAR NUESTRA APP \"<span style=\"color: #0000ff;\"><strong>Info ENN<\/strong><\/span>\"<\/p>\n\n\n\n<div class=\"wp-block-buttons is-content-justification-left is-layout-flex wp-container-core-buttons-is-layout-1 wp-block-buttons-is-layout-flex\">\n<div class=\"wp-block-button is-style-3d\"><a class=\"wp-block-button__link has-white-background-color has-background wp-element-button\" href=\"https:\/\/apps.apple.com\/do\/app\/infoenn\/id6503000762\"><img loading=\"lazy\" decoding=\"async\" width=\"150\" height=\"50\" class=\"wp-image-104096\" style=\"width: 150px;\" src=\"https:\/\/infoelnuevonorte.com\/wp-content\/uploads\/2025\/05\/Download_on_the_App_Store_RGB_blk.svg_.png\" alt=\"\" srcset=\"https:\/\/infoelnuevonorte.com\/wp-content\/uploads\/2025\/05\/Download_on_the_App_Store_RGB_blk.svg_.png 1280w, https:\/\/infoelnuevonorte.com\/wp-content\/uploads\/2025\/05\/Download_on_the_App_Store_RGB_blk.svg_-300x100.png 300w, https:\/\/infoelnuevonorte.com\/wp-content\/uploads\/2025\/05\/Download_on_the_App_Store_RGB_blk.svg_-1024x342.png 1024w, https:\/\/infoelnuevonorte.com\/wp-content\/uploads\/2025\/05\/Download_on_the_App_Store_RGB_blk.svg_-768x257.png 768w, https:\/\/infoelnuevonorte.com\/wp-content\/uploads\/2025\/05\/Download_on_the_App_Store_RGB_blk.svg_-1256x420.png 1256w, https:\/\/infoelnuevonorte.com\/wp-content\/uploads\/2025\/05\/Download_on_the_App_Store_RGB_blk.svg_-150x50.png 150w, https:\/\/infoelnuevonorte.com\/wp-content\/uploads\/2025\/05\/Download_on_the_App_Store_RGB_blk.svg_-696x233.png 696w, https:\/\/infoelnuevonorte.com\/wp-content\/uploads\/2025\/05\/Download_on_the_App_Store_RGB_blk.svg_-1068x357.png 1068w, https:\/\/infoelnuevonorte.com\/wp-content\/uploads\/2025\/05\/Download_on_the_App_Store_RGB_blk.svg_-200x67.png 200w\" sizes=\"(max-width: 150px) 100vw, 150px\" \/><\/a><\/div>\n<\/div>\n\n\n\n<div class=\"wp-block-buttons is-layout-flex wp-block-buttons-is-layout-flex\">\n<div class=\"wp-block-button is-style-3d td_btn_large\"><a class=\"wp-block-button__link has-white-background-color has-background wp-element-button\" href=\"https:\/\/mega.nz\/file\/vRhVTJBD#6P0Os8p_y2oJgZIa__7dhjqdpW42XJ_cY3zmbyxVohM\" target=\"_blank\" rel=\"noreferrer noopener\"><mark style=\"background-color:rgba(0, 0, 0, 0)\" class=\"has-inline-color has-light-green-cyan-color\"><img loading=\"lazy\" decoding=\"async\" width=\"150\" height=\"49\" class=\"wp-image-104095\" style=\"width: 150px;\" src=\"https:\/\/infoelnuevonorte.com\/wp-content\/uploads\/2025\/05\/badge-google-play-and-app-store-button-download-free-png.webp\" alt=\"\" srcset=\"https:\/\/infoelnuevonorte.com\/wp-content\/uploads\/2025\/05\/badge-google-play-and-app-store-button-download-free-png.webp 1920w, https:\/\/infoelnuevonorte.com\/wp-content\/uploads\/2025\/05\/badge-google-play-and-app-store-button-download-free-png-300x98.webp 300w, https:\/\/infoelnuevonorte.com\/wp-content\/uploads\/2025\/05\/badge-google-play-and-app-store-button-download-free-png-1024x335.webp 1024w, https:\/\/infoelnuevonorte.com\/wp-content\/uploads\/2025\/05\/badge-google-play-and-app-store-button-download-free-png-768x252.webp 768w, https:\/\/infoelnuevonorte.com\/wp-content\/uploads\/2025\/05\/badge-google-play-and-app-store-button-download-free-png-1536x503.webp 1536w, https:\/\/infoelnuevonorte.com\/wp-content\/uploads\/2025\/05\/badge-google-play-and-app-store-button-download-free-png-1282x420.webp 1282w, https:\/\/infoelnuevonorte.com\/wp-content\/uploads\/2025\/05\/badge-google-play-and-app-store-button-download-free-png-150x49.webp 150w, https:\/\/infoelnuevonorte.com\/wp-content\/uploads\/2025\/05\/badge-google-play-and-app-store-button-download-free-png-696x228.webp 696w, https:\/\/infoelnuevonorte.com\/wp-content\/uploads\/2025\/05\/badge-google-play-and-app-store-button-download-free-png-1068x350.webp 1068w, https:\/\/infoelnuevonorte.com\/wp-content\/uploads\/2025\/05\/badge-google-play-and-app-store-button-download-free-png-200x66.webp 200w\" sizes=\"(max-width: 150px) 100vw, 150px\" \/><\/mark><\/a><\/div>\n<\/div>\n\n\n\n<p style=\"text-align: justify;\"><strong data-start=\"0\" data-end=\"18\" data-is-only-node=\"\"><a href=\"https:\/\/infoelnuevonorte.com\/\"><img loading=\"lazy\" decoding=\"async\" class=\" wp-image-159681 alignleft\" src=\"https:\/\/infoelnuevonorte.com\/wp-content\/uploads\/2025\/11\/Logo-3d-infoenn-con-fondo-blanco.jpg\" alt=\"\" width=\"240\" height=\"86\" srcset=\"https:\/\/infoelnuevonorte.com\/wp-content\/uploads\/2025\/11\/Logo-3d-infoenn-con-fondo-blanco.jpg 1696w, https:\/\/infoelnuevonorte.com\/wp-content\/uploads\/2025\/11\/Logo-3d-infoenn-con-fondo-blanco-300x108.jpg 300w, https:\/\/infoelnuevonorte.com\/wp-content\/uploads\/2025\/11\/Logo-3d-infoenn-con-fondo-blanco-1024x367.jpg 1024w, https:\/\/infoelnuevonorte.com\/wp-content\/uploads\/2025\/11\/Logo-3d-infoenn-con-fondo-blanco-768x275.jpg 768w, https:\/\/infoelnuevonorte.com\/wp-content\/uploads\/2025\/11\/Logo-3d-infoenn-con-fondo-blanco-1536x551.jpg 1536w, https:\/\/infoelnuevonorte.com\/wp-content\/uploads\/2025\/11\/Logo-3d-infoenn-con-fondo-blanco-1172x420.jpg 1172w, https:\/\/infoelnuevonorte.com\/wp-content\/uploads\/2025\/11\/Logo-3d-infoenn-con-fondo-blanco-150x54.jpg 150w, https:\/\/infoelnuevonorte.com\/wp-content\/uploads\/2025\/11\/Logo-3d-infoenn-con-fondo-blanco-696x250.jpg 696w, https:\/\/infoelnuevonorte.com\/wp-content\/uploads\/2025\/11\/Logo-3d-infoenn-con-fondo-blanco-1068x383.jpg 1068w\" sizes=\"(max-width: 240px) 100vw, 240px\" \/><\/a>El Nuevo Norte<\/strong> es un peri\u00f3dico digital dominicano fundado el <strong data-start=\"65\" data-end=\"90\">12 de febrero de 2006<\/strong> por el periodista <strong data-start=\"109\" data-end=\"129\">Junior Henr\u00edquez<\/strong>, quien funge como director y fundador. A trav\u00e9s de la web <strong data-start=\"188\" data-end=\"212\">infoelnuevonorte.com<\/strong>, el medio ofrece informaci\u00f3n veraz y oportuna sobre los acontecimientos sociales, pol\u00edticos, comunitarios y de actualidad general, tanto a nivel nacional como internacional, promoviendo un periodismo responsable, participativo y comprometido con la libre expresi\u00f3n y el fortalecimiento de la democracia informativa.<\/p>\n<\/div><\/div>\n<\/div><\/div>\n","protected":false},"excerpt":{"rendered":"<p>La participaci\u00f3n de\u00a0Estevao, delantero de\u00a0Chelsea, en la pr\u00f3xima Copa del Mundo con la selecci\u00f3n de\u00a0Brasil\u00a0est\u00e1 en\u00a0grave riesgo\u00a0tras la lesi\u00f3n en el muslo sufrida durante la derrota frente a\u00a0Manchester United\u00a0el pasado s\u00e1bado. El diagn\u00f3stico de grado 4 recibido el lunes tras una resonancia practicada en Londres\u00a0pr\u00e1cticamente descarta\u00a0al jugador de 18 a\u00f1os para la cita mundialista, seg\u00fan [&hellip;]<\/p>\n","protected":false},"author":2,"featured_media":211663,"comment_status":"closed","ping_status":"open","sticky":false,"template":"","format":"standard","meta":{"footnotes":""},"categories":[6],"tags":[],"yoast_head":"<!-- This site is optimized with the Yoast SEO plugin v24.5 - https:\/\/yoast.com\/wordpress\/plugins\/seo\/ -->\n<title>Alerta en Brasil por la posible baja de una de sus figuras para el Mundial 2026: \u201cPr\u00e1cticamente descartado\u201d | El Nuevo Norte<\/title>\n<meta name=\"robots\" content=\"index, follow, max-snippet:-1, max-image-preview:large, max-video-preview:-1\" \/>\n<link rel=\"canonical\" href=\"https:\/\/infoelnuevonorte.com\/?p=211661\" \/>\n<meta property=\"og:locale\" content=\"es_ES\" \/>\n<meta property=\"og:type\" content=\"article\" \/>\n<meta property=\"og:title\" content=\"Alerta en Brasil por la posible baja de una de sus figuras para el Mundial 2026: \u201cPr\u00e1cticamente descartado\u201d | El Nuevo Norte\" \/>\n<meta property=\"og:description\" content=\"La participaci\u00f3n de\u00a0Estevao, delantero de\u00a0Chelsea, en la pr\u00f3xima Copa del Mundo con la selecci\u00f3n de\u00a0Brasil\u00a0est\u00e1 en\u00a0grave riesgo\u00a0tras la lesi\u00f3n en el muslo sufrida durante la derrota frente a\u00a0Manchester United\u00a0el pasado s\u00e1bado. El diagn\u00f3stico de grado 4 recibido el lunes tras una resonancia practicada en Londres\u00a0pr\u00e1cticamente descarta\u00a0al jugador de 18 a\u00f1os para la cita mundialista, seg\u00fan [&hellip;]\" \/>\n<meta property=\"og:url\" content=\"https:\/\/infoelnuevonorte.com\/?p=211661\" \/>\n<meta property=\"og:site_name\" content=\"El Nuevo Norte\" \/>\n<meta property=\"article:publisher\" content=\"https:\/\/www.facebook.com\/infoenn\" \/>\n<meta property=\"article:published_time\" content=\"2026-04-22T22:24:58+00:00\" \/>\n<meta property=\"og:image\" content=\"https:\/\/infoelnuevonorte.com\/wp-content\/uploads\/2026\/04\/descarga-2026-04-22T182153.918.png\" \/>\n\t<meta property=\"og:image:width\" content=\"992\" \/>\n\t<meta property=\"og:image:height\" content=\"691\" \/>\n\t<meta property=\"og:image:type\" content=\"image\/png\" \/>\n<meta name=\"author\" content=\"T. R.\" \/>\n<meta name=\"twitter:card\" content=\"summary_large_image\" \/>\n<meta name=\"twitter:creator\" content=\"@Elnuevo_norte\" \/>\n<meta name=\"twitter:site\" content=\"@Elnuevo_norte\" \/>\n<meta name=\"twitter:label1\" content=\"Written by\" \/>\n\t<meta name=\"twitter:data1\" content=\"T. R.\" \/>\n\t<meta name=\"twitter:label2\" content=\"Est. reading time\" \/>\n\t<meta name=\"twitter:data2\" content=\"6 minutos\" \/>\n<script type=\"application\/ld+json\" class=\"yoast-schema-graph\">{\"@context\":\"https:\/\/schema.org\",\"@graph\":[{\"@type\":\"Article\",\"@id\":\"https:\/\/infoelnuevonorte.com\/?p=211661#article\",\"isPartOf\":{\"@id\":\"https:\/\/infoelnuevonorte.com\/?p=211661\"},\"author\":{\"name\":\"T. R.\",\"@id\":\"https:\/\/infoelnuevonorte.com\/#\/schema\/person\/3accb35eb55f55e96c492b52d085a403\"},\"headline\":\"Alerta en Brasil por la posible baja de una de sus figuras para el Mundial 2026: \u201cPr\u00e1cticamente descartado\u201d\",\"datePublished\":\"2026-04-22T22:24:58+00:00\",\"mainEntityOfPage\":{\"@id\":\"https:\/\/infoelnuevonorte.com\/?p=211661\"},\"wordCount\":798,\"publisher\":{\"@id\":\"https:\/\/infoelnuevonorte.com\/#organization\"},\"image\":{\"@id\":\"https:\/\/infoelnuevonorte.com\/?p=211661#primaryimage\"},\"thumbnailUrl\":\"https:\/\/infoelnuevonorte.com\/wp-content\/uploads\/2026\/04\/descarga-2026-04-22T182153.918.png\",\"articleSection\":[\"Deporte\"],\"inLanguage\":\"es-DO\"},{\"@type\":\"WebPage\",\"@id\":\"https:\/\/infoelnuevonorte.com\/?p=211661\",\"url\":\"https:\/\/infoelnuevonorte.com\/?p=211661\",\"name\":\"Alerta en Brasil por la posible baja de una de sus figuras para el Mundial 2026: \u201cPr\u00e1cticamente descartado\u201d | El Nuevo Norte\",\"isPartOf\":{\"@id\":\"https:\/\/infoelnuevonorte.com\/#website\"},\"primaryImageOfPage\":{\"@id\":\"https:\/\/infoelnuevonorte.com\/?p=211661#primaryimage\"},\"image\":{\"@id\":\"https:\/\/infoelnuevonorte.com\/?p=211661#primaryimage\"},\"thumbnailUrl\":\"https:\/\/infoelnuevonorte.com\/wp-content\/uploads\/2026\/04\/descarga-2026-04-22T182153.918.png\",\"datePublished\":\"2026-04-22T22:24:58+00:00\",\"breadcrumb\":{\"@id\":\"https:\/\/infoelnuevonorte.com\/?p=211661#breadcrumb\"},\"inLanguage\":\"es-DO\",\"potentialAction\":[{\"@type\":\"ReadAction\",\"target\":[\"https:\/\/infoelnuevonorte.com\/?p=211661\"]}]},{\"@type\":\"ImageObject\",\"inLanguage\":\"es-DO\",\"@id\":\"https:\/\/infoelnuevonorte.com\/?p=211661#primaryimage\",\"url\":\"https:\/\/infoelnuevonorte.com\/wp-content\/uploads\/2026\/04\/descarga-2026-04-22T182153.918.png\",\"contentUrl\":\"https:\/\/infoelnuevonorte.com\/wp-content\/uploads\/2026\/04\/descarga-2026-04-22T182153.918.png\",\"width\":992,\"height\":691},{\"@type\":\"BreadcrumbList\",\"@id\":\"https:\/\/infoelnuevonorte.com\/?p=211661#breadcrumb\",\"itemListElement\":[{\"@type\":\"ListItem\",\"position\":1,\"name\":\"Home\",\"item\":\"https:\/\/infoelnuevonorte.com\/\"},{\"@type\":\"ListItem\",\"position\":2,\"name\":\"Alerta en Brasil por la posible baja de una de sus figuras para el Mundial 2026: \u201cPr\u00e1cticamente descartado\u201d\"}]},{\"@type\":\"WebSite\",\"@id\":\"https:\/\/infoelnuevonorte.com\/#website\",\"url\":\"https:\/\/infoelnuevonorte.com\/\",\"name\":\"InfoEnn\",\"description\":\"Tu Voz, tu Verdad, tu Diario!!!\",\"publisher\":{\"@id\":\"https:\/\/infoelnuevonorte.com\/#organization\"},\"alternateName\":\"El Nuevo Norte\",\"potentialAction\":[{\"@type\":\"SearchAction\",\"target\":{\"@type\":\"EntryPoint\",\"urlTemplate\":\"https:\/\/infoelnuevonorte.com\/?s={search_term_string}\"},\"query-input\":{\"@type\":\"PropertyValueSpecification\",\"valueRequired\":true,\"valueName\":\"search_term_string\"}}],\"inLanguage\":\"es-DO\"},{\"@type\":\"Organization\",\"@id\":\"https:\/\/infoelnuevonorte.com\/#organization\",\"name\":\"Info El Nuevo Norte\",\"alternateName\":\"El Nuevo Norte\",\"url\":\"https:\/\/infoelnuevonorte.com\/\",\"logo\":{\"@type\":\"ImageObject\",\"inLanguage\":\"es-DO\",\"@id\":\"https:\/\/infoelnuevonorte.com\/#\/schema\/logo\/image\/\",\"url\":\"https:\/\/infoelnuevonorte.com\/wp-content\/uploads\/2026\/02\/Logo-Info-enn-3d-20ani.jpeg\",\"contentUrl\":\"https:\/\/infoelnuevonorte.com\/wp-content\/uploads\/2026\/02\/Logo-Info-enn-3d-20ani.jpeg\",\"width\":2046,\"height\":736,\"caption\":\"Info El Nuevo Norte\"},\"image\":{\"@id\":\"https:\/\/infoelnuevonorte.com\/#\/schema\/logo\/image\/\"},\"sameAs\":[\"https:\/\/www.facebook.com\/infoenn\",\"https:\/\/x.com\/Elnuevo_norte\",\"https:\/\/www.instagram.com\/infoenn\",\"https:\/\/www.facebook.com\/ENNRD\"]},{\"@type\":\"Person\",\"@id\":\"https:\/\/infoelnuevonorte.com\/#\/schema\/person\/3accb35eb55f55e96c492b52d085a403\",\"name\":\"T. R.\",\"image\":{\"@type\":\"ImageObject\",\"inLanguage\":\"es-DO\",\"@id\":\"https:\/\/infoelnuevonorte.com\/#\/schema\/person\/image\/\",\"url\":\"https:\/\/secure.gravatar.com\/avatar\/40543a038bda97abdb765b1662e9677d?s=96&d=robohash&r=g\",\"contentUrl\":\"https:\/\/secure.gravatar.com\/avatar\/40543a038bda97abdb765b1662e9677d?s=96&d=robohash&r=g\",\"caption\":\"T. R.\"},\"url\":\"https:\/\/infoelnuevonorte.com\/?author=2\"}]}<\/script>\n<!-- \/ Yoast SEO plugin. -->","yoast_head_json":{"title":"Alerta en Brasil por la posible baja de una de sus figuras para el Mundial 2026: \u201cPr\u00e1cticamente descartado\u201d | El Nuevo Norte","robots":{"index":"index","follow":"follow","max-snippet":"max-snippet:-1","max-image-preview":"max-image-preview:large","max-video-preview":"max-video-preview:-1"},"canonical":"https:\/\/infoelnuevonorte.com\/?p=211661","og_locale":"es_ES","og_type":"article","og_title":"Alerta en Brasil por la posible baja de una de sus figuras para el Mundial 2026: \u201cPr\u00e1cticamente descartado\u201d | El Nuevo Norte","og_description":"La participaci\u00f3n de\u00a0Estevao, delantero de\u00a0Chelsea, en la pr\u00f3xima Copa del Mundo con la selecci\u00f3n de\u00a0Brasil\u00a0est\u00e1 en\u00a0grave riesgo\u00a0tras la lesi\u00f3n en el muslo sufrida durante la derrota frente a\u00a0Manchester United\u00a0el pasado s\u00e1bado. El diagn\u00f3stico de grado 4 recibido el lunes tras una resonancia practicada en Londres\u00a0pr\u00e1cticamente descarta\u00a0al jugador de 18 a\u00f1os para la cita mundialista, seg\u00fan [&hellip;]","og_url":"https:\/\/infoelnuevonorte.com\/?p=211661","og_site_name":"El Nuevo Norte","article_publisher":"https:\/\/www.facebook.com\/infoenn","article_published_time":"2026-04-22T22:24:58+00:00","og_image":[{"width":992,"height":691,"url":"https:\/\/infoelnuevonorte.com\/wp-content\/uploads\/2026\/04\/descarga-2026-04-22T182153.918.png","type":"image\/png"}],"author":"T. R.","twitter_card":"summary_large_image","twitter_creator":"@Elnuevo_norte","twitter_site":"@Elnuevo_norte","twitter_misc":{"Written by":"T. R.","Est. reading time":"6 minutos"},"schema":{"@context":"https:\/\/schema.org","@graph":[{"@type":"Article","@id":"https:\/\/infoelnuevonorte.com\/?p=211661#article","isPartOf":{"@id":"https:\/\/infoelnuevonorte.com\/?p=211661"},"author":{"name":"T. R.","@id":"https:\/\/infoelnuevonorte.com\/#\/schema\/person\/3accb35eb55f55e96c492b52d085a403"},"headline":"Alerta en Brasil por la posible baja de una de sus figuras para el Mundial 2026: \u201cPr\u00e1cticamente descartado\u201d","datePublished":"2026-04-22T22:24:58+00:00","mainEntityOfPage":{"@id":"https:\/\/infoelnuevonorte.com\/?p=211661"},"wordCount":798,"publisher":{"@id":"https:\/\/infoelnuevonorte.com\/#organization"},"image":{"@id":"https:\/\/infoelnuevonorte.com\/?p=211661#primaryimage"},"thumbnailUrl":"https:\/\/infoelnuevonorte.com\/wp-content\/uploads\/2026\/04\/descarga-2026-04-22T182153.918.png","articleSection":["Deporte"],"inLanguage":"es-DO"},{"@type":"WebPage","@id":"https:\/\/infoelnuevonorte.com\/?p=211661","url":"https:\/\/infoelnuevonorte.com\/?p=211661","name":"Alerta en Brasil por la posible baja de una de sus figuras para el Mundial 2026: \u201cPr\u00e1cticamente descartado\u201d | El Nuevo Norte","isPartOf":{"@id":"https:\/\/infoelnuevonorte.com\/#website"},"primaryImageOfPage":{"@id":"https:\/\/infoelnuevonorte.com\/?p=211661#primaryimage"},"image":{"@id":"https:\/\/infoelnuevonorte.com\/?p=211661#primaryimage"},"thumbnailUrl":"https:\/\/infoelnuevonorte.com\/wp-content\/uploads\/2026\/04\/descarga-2026-04-22T182153.918.png","datePublished":"2026-04-22T22:24:58+00:00","breadcrumb":{"@id":"https:\/\/infoelnuevonorte.com\/?p=211661#breadcrumb"},"inLanguage":"es-DO","potentialAction":[{"@type":"ReadAction","target":["https:\/\/infoelnuevonorte.com\/?p=211661"]}]},{"@type":"ImageObject","inLanguage":"es-DO","@id":"https:\/\/infoelnuevonorte.com\/?p=211661#primaryimage","url":"https:\/\/infoelnuevonorte.com\/wp-content\/uploads\/2026\/04\/descarga-2026-04-22T182153.918.png","contentUrl":"https:\/\/infoelnuevonorte.com\/wp-content\/uploads\/2026\/04\/descarga-2026-04-22T182153.918.png","width":992,"height":691},{"@type":"BreadcrumbList","@id":"https:\/\/infoelnuevonorte.com\/?p=211661#breadcrumb","itemListElement":[{"@type":"ListItem","position":1,"name":"Home","item":"https:\/\/infoelnuevonorte.com\/"},{"@type":"ListItem","position":2,"name":"Alerta en Brasil por la posible baja de una de sus figuras para el Mundial 2026: \u201cPr\u00e1cticamente descartado\u201d"}]},{"@type":"WebSite","@id":"https:\/\/infoelnuevonorte.com\/#website","url":"https:\/\/infoelnuevonorte.com\/","name":"InfoEnn","description":"Tu Voz, tu Verdad, tu Diario!!!","publisher":{"@id":"https:\/\/infoelnuevonorte.com\/#organization"},"alternateName":"El Nuevo Norte","potentialAction":[{"@type":"SearchAction","target":{"@type":"EntryPoint","urlTemplate":"https:\/\/infoelnuevonorte.com\/?s={search_term_string}"},"query-input":{"@type":"PropertyValueSpecification","valueRequired":true,"valueName":"search_term_string"}}],"inLanguage":"es-DO"},{"@type":"Organization","@id":"https:\/\/infoelnuevonorte.com\/#organization","name":"Info El Nuevo Norte","alternateName":"El Nuevo Norte","url":"https:\/\/infoelnuevonorte.com\/","logo":{"@type":"ImageObject","inLanguage":"es-DO","@id":"https:\/\/infoelnuevonorte.com\/#\/schema\/logo\/image\/","url":"https:\/\/infoelnuevonorte.com\/wp-content\/uploads\/2026\/02\/Logo-Info-enn-3d-20ani.jpeg","contentUrl":"https:\/\/infoelnuevonorte.com\/wp-content\/uploads\/2026\/02\/Logo-Info-enn-3d-20ani.jpeg","width":2046,"height":736,"caption":"Info El Nuevo Norte"},"image":{"@id":"https:\/\/infoelnuevonorte.com\/#\/schema\/logo\/image\/"},"sameAs":["https:\/\/www.facebook.com\/infoenn","https:\/\/x.com\/Elnuevo_norte","https:\/\/www.instagram.com\/infoenn","https:\/\/www.facebook.com\/ENNRD"]},{"@type":"Person","@id":"https:\/\/infoelnuevonorte.com\/#\/schema\/person\/3accb35eb55f55e96c492b52d085a403","name":"T. R.","image":{"@type":"ImageObject","inLanguage":"es-DO","@id":"https:\/\/infoelnuevonorte.com\/#\/schema\/person\/image\/","url":"https:\/\/secure.gravatar.com\/avatar\/40543a038bda97abdb765b1662e9677d?s=96&d=robohash&r=g","contentUrl":"https:\/\/secure.gravatar.com\/avatar\/40543a038bda97abdb765b1662e9677d?s=96&d=robohash&r=g","caption":"T. R."},"url":"https:\/\/infoelnuevonorte.com\/?author=2"}]}},"_links":{"self":[{"href":"https:\/\/infoelnuevonorte.com\/index.php?rest_route=\/wp\/v2\/posts\/211661"}],"collection":[{"href":"https:\/\/infoelnuevonorte.com\/index.php?rest_route=\/wp\/v2\/posts"}],"about":[{"href":"https:\/\/infoelnuevonorte.com\/index.php?rest_route=\/wp\/v2\/types\/post"}],"author":[{"embeddable":true,"href":"https:\/\/infoelnuevonorte.com\/index.php?rest_route=\/wp\/v2\/users\/2"}],"replies":[{"embeddable":true,"href":"https:\/\/infoelnuevonorte.com\/index.php?rest_route=%2Fwp%2Fv2%2Fcomments&post=211661"}],"version-history":[{"count":1,"href":"https:\/\/infoelnuevonorte.com\/index.php?rest_route=\/wp\/v2\/posts\/211661\/revisions"}],"predecessor-version":[{"id":211664,"href":"https:\/\/infoelnuevonorte.com\/index.php?rest_route=\/wp\/v2\/posts\/211661\/revisions\/211664"}],"wp:featuredmedia":[{"embeddable":true,"href":"https:\/\/infoelnuevonorte.com\/index.php?rest_route=\/wp\/v2\/media\/211663"}],"wp:attachment":[{"href":"https:\/\/infoelnuevonorte.com\/index.php?rest_route=%2Fwp%2Fv2%2Fmedia&parent=211661"}],"wp:term":[{"taxonomy":"category","embeddable":true,"href":"https:\/\/infoelnuevonorte.com\/index.php?rest_route=%2Fwp%2Fv2%2Fcategories&post=211661"},{"taxonomy":"post_tag","embeddable":true,"href":"https:\/\/infoelnuevonorte.com\/index.php?rest_route=%2Fwp%2Fv2%2Ftags&post=211661"}],"curies":[{"name":"wp","href":"https:\/\/api.w.org\/{rel}","templated":true}]}}