{"id":211860,"date":"2026-04-23T10:04:40","date_gmt":"2026-04-23T14:04:40","guid":{"rendered":"https:\/\/infoelnuevonorte.com\/?p=211860"},"modified":"2026-04-23T10:04:42","modified_gmt":"2026-04-23T14:04:42","slug":"las-desapariciones-son-un-grave-desafio-en-mexico-dice-alto-comisionado-de-ddhh-de-onu","status":"publish","type":"post","link":"https:\/\/infoelnuevonorte.com\/?p=211860","title":{"rendered":"Las desapariciones son un grave desaf\u00edo en M\u00e9xico, dice alto comisionado de DDHH de ONU"},"content":{"rendered":"<!--[if lt IE 9]><script>document.createElement('audio');<\/script><![endif]-->\n<audio class=\"wp-audio-shortcode\" id=\"audio-211860-1\" preload=\"none\" style=\"width: 100%;\" controls=\"controls\"><source type=\"audio\/mpeg\" src=\"https:\/\/infoelnuevonorte.com\/wp-content\/uploads\/2026\/04\/ttsmaker-vip-file-2026-4-23-10-3-51.mp3?_=1\" \/><a href=\"https:\/\/infoelnuevonorte.com\/wp-content\/uploads\/2026\/04\/ttsmaker-vip-file-2026-4-23-10-3-51.mp3\">https:\/\/infoelnuevonorte.com\/wp-content\/uploads\/2026\/04\/ttsmaker-vip-file-2026-4-23-10-3-51.mp3<\/a><\/audio>\n<p style=\"text-align: justify;\"><span style=\"font-size: 14pt;\">La\u00a0<strong>desapariciones en M\u00e9xico<\/strong>\u00a0son una \"<strong>herida abierta<\/strong>\" y est\u00e1n entre los principales desaf\u00edos del Estado mexicano, dijo este mi\u00e9rcoles\u00a0<strong>Volker T\u00fcrk<\/strong>, alto comisionado de la\u00a0<strong>ONU<\/strong>\u00a0para\u00a0<strong>derechos humanos<\/strong>.<\/span><\/p>\n<p style=\"text-align: justify;\"><span style=\"font-size: 14pt;\">El diplom\u00e1tico austriaco se reuni\u00f3 durante cuatro d\u00edas con distintas autoridades, incluida la presidenta\u00a0<strong>Claudia Sheinbaum<\/strong>, as\u00ed como con familiares de\u00a0<strong>personas desaparecidas<\/strong>\u00a0y colectivos de\u00a0<strong>derechos humanos<\/strong>.<\/span><\/p>\n<h2 style=\"text-align: justify;\"><span style=\"font-size: 14pt;\">Impacto y cifras de las\u00a0<strong>desapariciones en M\u00e9xico<\/strong><\/span><\/h2>\n<p style=\"text-align: justify;\"><span style=\"font-size: 14pt;\">\"Las desapariciones siguen siendo uno de los desaf\u00edos m\u00e1s graves y dolorosos en materia de\u00a0<strong>derechos humanos<\/strong> en M\u00e9xico (&#8230;) provocan un sufrimiento inimaginable y prolongado para los familiares\", dijo T\u00fcrk en rueda de prensa al t\u00e9rmino de su visita.<\/span><\/p>\n<p style=\"text-align: justify;\"><span style=\"font-size: 14pt;\">Seg\u00fan la\u00a0<strong>estad\u00edstica oficial<\/strong>, en M\u00e9xico hay m\u00e1s de\u00a0<strong>130,000 personas desaparecidas<\/strong>, la mayor\u00eda de los casos ocurrido en las \u00faltimas dos d\u00e9cadas en medio de la violencia ligada al tr\u00e1fico de drogas.<\/span><\/p>\n<p style=\"text-align: justify;\"><span style=\"font-size: 14pt;\">La llegada del diplom\u00e1tico se da tras conocerse a inicios de\u00a0<strong>abril<\/strong>\u00a0un duro informe de un grupo de expertos en\u00a0<strong>derechos humanos<\/strong>\u00a0de la\u00a0<strong>ONU<\/strong>\u00a0que pide a M\u00e9xico \"prevenir, investigar, castigar y erradicar\" las\u00a0<strong>desapariciones forzadas<\/strong>.<\/span><\/p>\n<p style=\"text-align: justify;\"><span style=\"font-size: 14pt;\">T\u00fcrk se\u00f1al\u00f3 que M\u00e9xico cuenta con un\u00a0<strong>marco jur\u00eddico<\/strong>\u00a0de \"gran potencial\" en esa materia, pero resalt\u00f3 que las autoridades deben reforzar \"los\u00a0<strong>mecanismos de b\u00fasqueda<\/strong>, los procesos de identificaci\u00f3n forense, las medidas de protecci\u00f3n y las capacidades de investigaci\u00f3n para hacer frente a esta crisis\".<\/span><\/p>\n<p style=\"text-align: justify;\"><span style=\"font-size: 14pt;\">Expres\u00f3 su solidaridad hacia los familiares de los desaparecidos y lament\u00f3 que existan casos de personas que buscan a sus seres queridos desde hace d\u00e9cadas.<\/span><\/p>\n<p style=\"text-align: justify;\"><span style=\"font-size: 14pt;\">\"El\u00a0<strong>dolor sigue<\/strong>\u00a0ah\u00ed (&#8230;) es una\u00a0<strong>herida abierta<\/strong>, hay mucho que hacer para sanar\", a\u00f1adi\u00f3.<\/span><\/p>\n<p style=\"text-align: justify;\"><span style=\"font-size: 14pt;\">T\u00fcrk ha sido objeto de se\u00f1alamientos de familiares de desaparecidos y de algunos colectivos que buscaron sin \u00e9xito dialogar con \u00e9l.<\/span><\/p>\n<p style=\"text-align: justify;\"><span style=\"font-size: 14pt;\">\"Ojal\u00e1 el Alto Comisionado se hubiera echado (dado) una vuelta por ac\u00e1 para ver la situaci\u00f3n\", dijo a la AFP\u00a0<strong>Mar\u00eda Teresa Valadez<\/strong>, una mujer que busca a su\u00a0<strong>hermano desaparecido<\/strong>\u00a0en\u00a0<strong>2015<\/strong>.<\/span><\/p>\n<h2 style=\"text-align: justify;\"><span style=\"font-size: 14pt;\">Reacciones oficiales y demandas de familiares<\/span><\/h2>\n<p style=\"text-align: justify;\"><span style=\"font-size: 14pt;\">La mujer viaj\u00f3 desde el norte del pa\u00eds para colaborar en la b\u00fasqueda de desaparecidos en los m\u00e1rgenes de\u00a0<strong>Ciudad de M\u00e9xico<\/strong>, donde se han localizado en las \u00faltimas dos semanas m\u00e1s de 1,000 peque\u00f1os\u00a0<strong>fragmentos \u00f3seos<\/strong>.<\/span><\/p>\n<p style=\"text-align: justify;\"><span style=\"font-size: 14pt;\">Tras el informe de los expertos de la\u00a0<strong>ONU<\/strong>\u00a0sobre\u00a0<strong>desapariciones forzadas<\/strong>, Sheinbaum cuestion\u00f3 las conclusiones con el argumento de que se trata de casos ocurridos de 2009 a 2017 y que se ignoraron las acciones emprendidas en materia de\u00a0<strong>derechos humanos<\/strong>\u00a0por los gobiernos de izquierda, en la presidencia desde 2018.<\/span><\/p>\n<p style=\"text-align: justify;\"><span style=\"font-size: 14pt;\">Es necesario un\u00a0<strong>compromiso nacional<\/strong>\u00a0que trascienda a las \"<strong>posiciones pol\u00edticas<\/strong>\" o \"un mandato de un\u00a0<strong>gobierno<\/strong>\", a\u00f1adi\u00f3.<\/span><\/p>\n<p style=\"text-align: justify;\"><span style=\"font-size: 14pt;\">\"Hago un\u00a0<strong>llamado<\/strong>\u00a0para que este esfuerzo no se politice, no se polarice, y que ponga en el centro a las\u00a0<strong>v\u00edctimas<\/strong>\", indic\u00f3.<\/span><\/p>\n<div class=\"w-full pt-2 float-left inside-related\" style=\"text-align: justify;\">\u00a0<\/div>\n\n\n<div class=\"wp-block-group\"><div class=\"wp-block-group__inner-container is-layout-constrained wp-block-group-is-layout-constrained\">\n<div id=\"DenunciayAPP\" class=\"wp-block-group\"><div class=\"wp-block-group__inner-container is-layout-constrained wp-block-group-is-layout-constrained\">\n<p><a href=\"https:\/\/whatsapp.com\/channel\/0029Va88WGP2ER6ZxD6TCa3U\" target=\"_blank\" rel=\"noopener\"><img loading=\"lazy\" decoding=\"async\" class=\"aligncenter size-full wp-image-155512\" src=\"https:\/\/infoelnuevonorte.com\/wp-content\/uploads\/2025\/10\/Canal-whatsapp-infoenn.jpeg\" alt=\"\" width=\"2046\" height=\"554\" srcset=\"https:\/\/infoelnuevonorte.com\/wp-content\/uploads\/2025\/10\/Canal-whatsapp-infoenn.jpeg 2046w, https:\/\/infoelnuevonorte.com\/wp-content\/uploads\/2025\/10\/Canal-whatsapp-infoenn-300x81.jpeg 300w, https:\/\/infoelnuevonorte.com\/wp-content\/uploads\/2025\/10\/Canal-whatsapp-infoenn-1024x277.jpeg 1024w, https:\/\/infoelnuevonorte.com\/wp-content\/uploads\/2025\/10\/Canal-whatsapp-infoenn-768x208.jpeg 768w, https:\/\/infoelnuevonorte.com\/wp-content\/uploads\/2025\/10\/Canal-whatsapp-infoenn-1536x416.jpeg 1536w, https:\/\/infoelnuevonorte.com\/wp-content\/uploads\/2025\/10\/Canal-whatsapp-infoenn-1551x420.jpeg 1551w, https:\/\/infoelnuevonorte.com\/wp-content\/uploads\/2025\/10\/Canal-whatsapp-infoenn-150x41.jpeg 150w, https:\/\/infoelnuevonorte.com\/wp-content\/uploads\/2025\/10\/Canal-whatsapp-infoenn-696x188.jpeg 696w, https:\/\/infoelnuevonorte.com\/wp-content\/uploads\/2025\/10\/Canal-whatsapp-infoenn-1068x289.jpeg 1068w, https:\/\/infoelnuevonorte.com\/wp-content\/uploads\/2025\/10\/Canal-whatsapp-infoenn-1920x520.jpeg 1920w\" sizes=\"(max-width: 2046px) 100vw, 2046px\" \/><\/a><\/p>\n<p>\ud83d\udd17 S\u00edguenos en nuestras redes:<br data-start=\"2686\" data-end=\"2689\" \/><a href=\"https:\/\/x.com\/Elnuevo_norte\">X<\/a> | <a class=\"\" href=\"https:\/\/t.me\/infoenn\" target=\"_new\" rel=\"noopener\" data-start=\"2757\" data-end=\"2789\">Telegram<\/a> | <a class=\"\" href=\"https:\/\/instagram.com\/noticiasenn1?r=nametag\" target=\"_new\" rel=\"noopener\" data-start=\"2792\" data-end=\"2849\">Instagram<\/a><br data-start=\"2849\" data-end=\"2852\" \/><a class=\"\" href=\"https:\/\/www.facebook.com\/infoenn\" target=\"_new\" rel=\"noopener\" data-start=\"2852\" data-end=\"2896\">Facebook<\/a> | <a class=\"\" href=\"https:\/\/www.threads.net\/@noticiasenn1\" target=\"_new\" rel=\"noopener\" data-start=\"2899\" data-end=\"2947\">Threads<\/a> | <a class=\"\" href=\"https:\/\/www.youtube.com\/channel\/UCZZJg_scU1p_c6cvyCHY48A\" target=\"_new\" rel=\"noopener\" data-start=\"2950\" data-end=\"3017\" data-is-last-node=\"\">YouTube<\/a><\/p>\n<p>\ud83d\ude4f \u00a1Tu apoyo es importante!<\/p>\n<p>\ud83d\udd3bDESCARGAR NUESTRA APP \"<span style=\"color: #0000ff;\"><strong>Info ENN<\/strong><\/span>\"<\/p>\n\n\n\n<div class=\"wp-block-buttons is-content-justification-left is-layout-flex wp-container-core-buttons-is-layout-1 wp-block-buttons-is-layout-flex\">\n<div class=\"wp-block-button is-style-3d\"><a class=\"wp-block-button__link has-white-background-color has-background wp-element-button\" href=\"https:\/\/apps.apple.com\/do\/app\/infoenn\/id6503000762\"><img loading=\"lazy\" decoding=\"async\" width=\"150\" height=\"50\" class=\"wp-image-104096\" style=\"width: 150px;\" src=\"https:\/\/infoelnuevonorte.com\/wp-content\/uploads\/2025\/05\/Download_on_the_App_Store_RGB_blk.svg_.png\" alt=\"\" srcset=\"https:\/\/infoelnuevonorte.com\/wp-content\/uploads\/2025\/05\/Download_on_the_App_Store_RGB_blk.svg_.png 1280w, https:\/\/infoelnuevonorte.com\/wp-content\/uploads\/2025\/05\/Download_on_the_App_Store_RGB_blk.svg_-300x100.png 300w, https:\/\/infoelnuevonorte.com\/wp-content\/uploads\/2025\/05\/Download_on_the_App_Store_RGB_blk.svg_-1024x342.png 1024w, https:\/\/infoelnuevonorte.com\/wp-content\/uploads\/2025\/05\/Download_on_the_App_Store_RGB_blk.svg_-768x257.png 768w, https:\/\/infoelnuevonorte.com\/wp-content\/uploads\/2025\/05\/Download_on_the_App_Store_RGB_blk.svg_-1256x420.png 1256w, https:\/\/infoelnuevonorte.com\/wp-content\/uploads\/2025\/05\/Download_on_the_App_Store_RGB_blk.svg_-150x50.png 150w, https:\/\/infoelnuevonorte.com\/wp-content\/uploads\/2025\/05\/Download_on_the_App_Store_RGB_blk.svg_-696x233.png 696w, https:\/\/infoelnuevonorte.com\/wp-content\/uploads\/2025\/05\/Download_on_the_App_Store_RGB_blk.svg_-1068x357.png 1068w, https:\/\/infoelnuevonorte.com\/wp-content\/uploads\/2025\/05\/Download_on_the_App_Store_RGB_blk.svg_-200x67.png 200w\" sizes=\"(max-width: 150px) 100vw, 150px\" \/><\/a><\/div>\n<\/div>\n\n\n\n<div class=\"wp-block-buttons is-layout-flex wp-block-buttons-is-layout-flex\">\n<div class=\"wp-block-button is-style-3d td_btn_large\"><a class=\"wp-block-button__link has-white-background-color has-background wp-element-button\" href=\"https:\/\/mega.nz\/file\/vRhVTJBD#6P0Os8p_y2oJgZIa__7dhjqdpW42XJ_cY3zmbyxVohM\" target=\"_blank\" rel=\"noreferrer noopener\"><mark style=\"background-color:rgba(0, 0, 0, 0)\" class=\"has-inline-color has-light-green-cyan-color\"><img loading=\"lazy\" decoding=\"async\" width=\"150\" height=\"49\" class=\"wp-image-104095\" style=\"width: 150px;\" src=\"https:\/\/infoelnuevonorte.com\/wp-content\/uploads\/2025\/05\/badge-google-play-and-app-store-button-download-free-png.webp\" alt=\"\" srcset=\"https:\/\/infoelnuevonorte.com\/wp-content\/uploads\/2025\/05\/badge-google-play-and-app-store-button-download-free-png.webp 1920w, https:\/\/infoelnuevonorte.com\/wp-content\/uploads\/2025\/05\/badge-google-play-and-app-store-button-download-free-png-300x98.webp 300w, https:\/\/infoelnuevonorte.com\/wp-content\/uploads\/2025\/05\/badge-google-play-and-app-store-button-download-free-png-1024x335.webp 1024w, https:\/\/infoelnuevonorte.com\/wp-content\/uploads\/2025\/05\/badge-google-play-and-app-store-button-download-free-png-768x252.webp 768w, https:\/\/infoelnuevonorte.com\/wp-content\/uploads\/2025\/05\/badge-google-play-and-app-store-button-download-free-png-1536x503.webp 1536w, https:\/\/infoelnuevonorte.com\/wp-content\/uploads\/2025\/05\/badge-google-play-and-app-store-button-download-free-png-1282x420.webp 1282w, https:\/\/infoelnuevonorte.com\/wp-content\/uploads\/2025\/05\/badge-google-play-and-app-store-button-download-free-png-150x49.webp 150w, https:\/\/infoelnuevonorte.com\/wp-content\/uploads\/2025\/05\/badge-google-play-and-app-store-button-download-free-png-696x228.webp 696w, https:\/\/infoelnuevonorte.com\/wp-content\/uploads\/2025\/05\/badge-google-play-and-app-store-button-download-free-png-1068x350.webp 1068w, https:\/\/infoelnuevonorte.com\/wp-content\/uploads\/2025\/05\/badge-google-play-and-app-store-button-download-free-png-200x66.webp 200w\" sizes=\"(max-width: 150px) 100vw, 150px\" \/><\/mark><\/a><\/div>\n<\/div>\n\n\n\n<p style=\"text-align: justify;\"><strong data-start=\"0\" data-end=\"18\" data-is-only-node=\"\"><a href=\"https:\/\/infoelnuevonorte.com\/\"><img loading=\"lazy\" decoding=\"async\" class=\" wp-image-159681 alignleft\" src=\"https:\/\/infoelnuevonorte.com\/wp-content\/uploads\/2025\/11\/Logo-3d-infoenn-con-fondo-blanco.jpg\" alt=\"\" width=\"240\" height=\"86\" srcset=\"https:\/\/infoelnuevonorte.com\/wp-content\/uploads\/2025\/11\/Logo-3d-infoenn-con-fondo-blanco.jpg 1696w, https:\/\/infoelnuevonorte.com\/wp-content\/uploads\/2025\/11\/Logo-3d-infoenn-con-fondo-blanco-300x108.jpg 300w, https:\/\/infoelnuevonorte.com\/wp-content\/uploads\/2025\/11\/Logo-3d-infoenn-con-fondo-blanco-1024x367.jpg 1024w, https:\/\/infoelnuevonorte.com\/wp-content\/uploads\/2025\/11\/Logo-3d-infoenn-con-fondo-blanco-768x275.jpg 768w, https:\/\/infoelnuevonorte.com\/wp-content\/uploads\/2025\/11\/Logo-3d-infoenn-con-fondo-blanco-1536x551.jpg 1536w, https:\/\/infoelnuevonorte.com\/wp-content\/uploads\/2025\/11\/Logo-3d-infoenn-con-fondo-blanco-1172x420.jpg 1172w, https:\/\/infoelnuevonorte.com\/wp-content\/uploads\/2025\/11\/Logo-3d-infoenn-con-fondo-blanco-150x54.jpg 150w, https:\/\/infoelnuevonorte.com\/wp-content\/uploads\/2025\/11\/Logo-3d-infoenn-con-fondo-blanco-696x250.jpg 696w, https:\/\/infoelnuevonorte.com\/wp-content\/uploads\/2025\/11\/Logo-3d-infoenn-con-fondo-blanco-1068x383.jpg 1068w\" sizes=\"(max-width: 240px) 100vw, 240px\" \/><\/a>El Nuevo Norte<\/strong> es un peri\u00f3dico digital dominicano fundado el <strong data-start=\"65\" data-end=\"90\">12 de febrero de 2006<\/strong> por el periodista <strong data-start=\"109\" data-end=\"129\">Junior Henr\u00edquez<\/strong>, quien funge como director y fundador. A trav\u00e9s de la web <strong data-start=\"188\" data-end=\"212\">infoelnuevonorte.com<\/strong>, el medio ofrece informaci\u00f3n veraz y oportuna sobre los acontecimientos sociales, pol\u00edticos, comunitarios y de actualidad general, tanto a nivel nacional como internacional, promoviendo un periodismo responsable, participativo y comprometido con la libre expresi\u00f3n y el fortalecimiento de la democracia informativa.<\/p>\n<\/div><\/div>\n<\/div><\/div>\n","protected":false},"excerpt":{"rendered":"<p>La\u00a0desapariciones en M\u00e9xico\u00a0son una \"herida abierta\" y est\u00e1n entre los principales desaf\u00edos del Estado mexicano, dijo este mi\u00e9rcoles\u00a0Volker T\u00fcrk, alto comisionado de la\u00a0ONU\u00a0para\u00a0derechos humanos. El diplom\u00e1tico austriaco se reuni\u00f3 durante cuatro d\u00edas con distintas autoridades, incluida la presidenta\u00a0Claudia Sheinbaum, as\u00ed como con familiares de\u00a0personas desaparecidas\u00a0y colectivos de\u00a0derechos humanos. Impacto y cifras de las\u00a0desapariciones en M\u00e9xico [&hellip;]<\/p>\n","protected":false},"author":2,"featured_media":211862,"comment_status":"closed","ping_status":"open","sticky":false,"template":"","format":"standard","meta":{"footnotes":""},"categories":[9],"tags":[],"yoast_head":"<!-- This site is optimized with the Yoast SEO plugin v24.5 - https:\/\/yoast.com\/wordpress\/plugins\/seo\/ -->\n<title>Las desapariciones son un grave desaf\u00edo en M\u00e9xico, dice alto comisionado de DDHH de ONU | El Nuevo Norte<\/title>\n<meta name=\"robots\" content=\"index, follow, max-snippet:-1, max-image-preview:large, max-video-preview:-1\" \/>\n<link rel=\"canonical\" href=\"https:\/\/infoelnuevonorte.com\/?p=211860\" \/>\n<meta property=\"og:locale\" content=\"es_ES\" \/>\n<meta property=\"og:type\" content=\"article\" \/>\n<meta property=\"og:title\" content=\"Las desapariciones son un grave desaf\u00edo en M\u00e9xico, dice alto comisionado de DDHH de ONU | El Nuevo Norte\" \/>\n<meta property=\"og:description\" content=\"La\u00a0desapariciones en M\u00e9xico\u00a0son una &quot;herida abierta&quot; y est\u00e1n entre los principales desaf\u00edos del Estado mexicano, dijo este mi\u00e9rcoles\u00a0Volker T\u00fcrk, alto comisionado de la\u00a0ONU\u00a0para\u00a0derechos humanos. El diplom\u00e1tico austriaco se reuni\u00f3 durante cuatro d\u00edas con distintas autoridades, incluida la presidenta\u00a0Claudia Sheinbaum, as\u00ed como con familiares de\u00a0personas desaparecidas\u00a0y colectivos de\u00a0derechos humanos. Impacto y cifras de las\u00a0desapariciones en M\u00e9xico [&hellip;]\" \/>\n<meta property=\"og:url\" content=\"https:\/\/infoelnuevonorte.com\/?p=211860\" \/>\n<meta property=\"og:site_name\" content=\"El Nuevo Norte\" \/>\n<meta property=\"article:publisher\" content=\"https:\/\/www.facebook.com\/infoenn\" \/>\n<meta property=\"article:published_time\" content=\"2026-04-23T14:04:40+00:00\" \/>\n<meta property=\"article:modified_time\" content=\"2026-04-23T14:04:42+00:00\" \/>\n<meta property=\"og:image\" content=\"https:\/\/infoelnuevonorte.com\/wp-content\/uploads\/2026\/04\/descarga-2026-04-23T100147.861.png\" \/>\n\t<meta property=\"og:image:width\" content=\"1280\" \/>\n\t<meta property=\"og:image:height\" content=\"720\" \/>\n\t<meta property=\"og:image:type\" content=\"image\/png\" \/>\n<meta name=\"author\" content=\"T. R.\" \/>\n<meta name=\"twitter:card\" content=\"summary_large_image\" \/>\n<meta name=\"twitter:creator\" content=\"@Elnuevo_norte\" \/>\n<meta name=\"twitter:site\" content=\"@Elnuevo_norte\" \/>\n<meta name=\"twitter:label1\" content=\"Written by\" \/>\n\t<meta name=\"twitter:data1\" content=\"T. R.\" \/>\n\t<meta name=\"twitter:label2\" content=\"Est. reading time\" \/>\n\t<meta name=\"twitter:data2\" content=\"4 minutos\" \/>\n<script type=\"application\/ld+json\" class=\"yoast-schema-graph\">{\"@context\":\"https:\/\/schema.org\",\"@graph\":[{\"@type\":\"Article\",\"@id\":\"https:\/\/infoelnuevonorte.com\/?p=211860#article\",\"isPartOf\":{\"@id\":\"https:\/\/infoelnuevonorte.com\/?p=211860\"},\"author\":{\"name\":\"T. R.\",\"@id\":\"https:\/\/infoelnuevonorte.com\/#\/schema\/person\/3accb35eb55f55e96c492b52d085a403\"},\"headline\":\"Las desapariciones son un grave desaf\u00edo en M\u00e9xico, dice alto comisionado de DDHH de ONU\",\"datePublished\":\"2026-04-23T14:04:40+00:00\",\"dateModified\":\"2026-04-23T14:04:42+00:00\",\"mainEntityOfPage\":{\"@id\":\"https:\/\/infoelnuevonorte.com\/?p=211860\"},\"wordCount\":523,\"publisher\":{\"@id\":\"https:\/\/infoelnuevonorte.com\/#organization\"},\"image\":{\"@id\":\"https:\/\/infoelnuevonorte.com\/?p=211860#primaryimage\"},\"thumbnailUrl\":\"https:\/\/infoelnuevonorte.com\/wp-content\/uploads\/2026\/04\/descarga-2026-04-23T100147.861.png\",\"articleSection\":[\"Mundiales\"],\"inLanguage\":\"es-DO\"},{\"@type\":\"WebPage\",\"@id\":\"https:\/\/infoelnuevonorte.com\/?p=211860\",\"url\":\"https:\/\/infoelnuevonorte.com\/?p=211860\",\"name\":\"Las desapariciones son un grave desaf\u00edo en M\u00e9xico, dice alto comisionado de DDHH de ONU | El Nuevo Norte\",\"isPartOf\":{\"@id\":\"https:\/\/infoelnuevonorte.com\/#website\"},\"primaryImageOfPage\":{\"@id\":\"https:\/\/infoelnuevonorte.com\/?p=211860#primaryimage\"},\"image\":{\"@id\":\"https:\/\/infoelnuevonorte.com\/?p=211860#primaryimage\"},\"thumbnailUrl\":\"https:\/\/infoelnuevonorte.com\/wp-content\/uploads\/2026\/04\/descarga-2026-04-23T100147.861.png\",\"datePublished\":\"2026-04-23T14:04:40+00:00\",\"dateModified\":\"2026-04-23T14:04:42+00:00\",\"breadcrumb\":{\"@id\":\"https:\/\/infoelnuevonorte.com\/?p=211860#breadcrumb\"},\"inLanguage\":\"es-DO\",\"potentialAction\":[{\"@type\":\"ReadAction\",\"target\":[\"https:\/\/infoelnuevonorte.com\/?p=211860\"]}]},{\"@type\":\"ImageObject\",\"inLanguage\":\"es-DO\",\"@id\":\"https:\/\/infoelnuevonorte.com\/?p=211860#primaryimage\",\"url\":\"https:\/\/infoelnuevonorte.com\/wp-content\/uploads\/2026\/04\/descarga-2026-04-23T100147.861.png\",\"contentUrl\":\"https:\/\/infoelnuevonorte.com\/wp-content\/uploads\/2026\/04\/descarga-2026-04-23T100147.861.png\",\"width\":1280,\"height\":720},{\"@type\":\"BreadcrumbList\",\"@id\":\"https:\/\/infoelnuevonorte.com\/?p=211860#breadcrumb\",\"itemListElement\":[{\"@type\":\"ListItem\",\"position\":1,\"name\":\"Home\",\"item\":\"https:\/\/infoelnuevonorte.com\/\"},{\"@type\":\"ListItem\",\"position\":2,\"name\":\"Las desapariciones son un grave desaf\u00edo en M\u00e9xico, dice alto comisionado de DDHH de ONU\"}]},{\"@type\":\"WebSite\",\"@id\":\"https:\/\/infoelnuevonorte.com\/#website\",\"url\":\"https:\/\/infoelnuevonorte.com\/\",\"name\":\"InfoEnn\",\"description\":\"Tu Voz, tu Verdad, tu Diario!!!\",\"publisher\":{\"@id\":\"https:\/\/infoelnuevonorte.com\/#organization\"},\"alternateName\":\"El Nuevo Norte\",\"potentialAction\":[{\"@type\":\"SearchAction\",\"target\":{\"@type\":\"EntryPoint\",\"urlTemplate\":\"https:\/\/infoelnuevonorte.com\/?s={search_term_string}\"},\"query-input\":{\"@type\":\"PropertyValueSpecification\",\"valueRequired\":true,\"valueName\":\"search_term_string\"}}],\"inLanguage\":\"es-DO\"},{\"@type\":\"Organization\",\"@id\":\"https:\/\/infoelnuevonorte.com\/#organization\",\"name\":\"Info El Nuevo Norte\",\"alternateName\":\"El Nuevo Norte\",\"url\":\"https:\/\/infoelnuevonorte.com\/\",\"logo\":{\"@type\":\"ImageObject\",\"inLanguage\":\"es-DO\",\"@id\":\"https:\/\/infoelnuevonorte.com\/#\/schema\/logo\/image\/\",\"url\":\"https:\/\/infoelnuevonorte.com\/wp-content\/uploads\/2026\/02\/Logo-Info-enn-3d-20ani.jpeg\",\"contentUrl\":\"https:\/\/infoelnuevonorte.com\/wp-content\/uploads\/2026\/02\/Logo-Info-enn-3d-20ani.jpeg\",\"width\":2046,\"height\":736,\"caption\":\"Info El Nuevo Norte\"},\"image\":{\"@id\":\"https:\/\/infoelnuevonorte.com\/#\/schema\/logo\/image\/\"},\"sameAs\":[\"https:\/\/www.facebook.com\/infoenn\",\"https:\/\/x.com\/Elnuevo_norte\",\"https:\/\/www.instagram.com\/infoenn\",\"https:\/\/www.facebook.com\/ENNRD\"]},{\"@type\":\"Person\",\"@id\":\"https:\/\/infoelnuevonorte.com\/#\/schema\/person\/3accb35eb55f55e96c492b52d085a403\",\"name\":\"T. R.\",\"image\":{\"@type\":\"ImageObject\",\"inLanguage\":\"es-DO\",\"@id\":\"https:\/\/infoelnuevonorte.com\/#\/schema\/person\/image\/\",\"url\":\"https:\/\/secure.gravatar.com\/avatar\/40543a038bda97abdb765b1662e9677d?s=96&d=robohash&r=g\",\"contentUrl\":\"https:\/\/secure.gravatar.com\/avatar\/40543a038bda97abdb765b1662e9677d?s=96&d=robohash&r=g\",\"caption\":\"T. R.\"},\"url\":\"https:\/\/infoelnuevonorte.com\/?author=2\"}]}<\/script>\n<!-- \/ Yoast SEO plugin. -->","yoast_head_json":{"title":"Las desapariciones son un grave desaf\u00edo en M\u00e9xico, dice alto comisionado de DDHH de ONU | El Nuevo Norte","robots":{"index":"index","follow":"follow","max-snippet":"max-snippet:-1","max-image-preview":"max-image-preview:large","max-video-preview":"max-video-preview:-1"},"canonical":"https:\/\/infoelnuevonorte.com\/?p=211860","og_locale":"es_ES","og_type":"article","og_title":"Las desapariciones son un grave desaf\u00edo en M\u00e9xico, dice alto comisionado de DDHH de ONU | El Nuevo Norte","og_description":"La\u00a0desapariciones en M\u00e9xico\u00a0son una \"herida abierta\" y est\u00e1n entre los principales desaf\u00edos del Estado mexicano, dijo este mi\u00e9rcoles\u00a0Volker T\u00fcrk, alto comisionado de la\u00a0ONU\u00a0para\u00a0derechos humanos. El diplom\u00e1tico austriaco se reuni\u00f3 durante cuatro d\u00edas con distintas autoridades, incluida la presidenta\u00a0Claudia Sheinbaum, as\u00ed como con familiares de\u00a0personas desaparecidas\u00a0y colectivos de\u00a0derechos humanos. Impacto y cifras de las\u00a0desapariciones en M\u00e9xico [&hellip;]","og_url":"https:\/\/infoelnuevonorte.com\/?p=211860","og_site_name":"El Nuevo Norte","article_publisher":"https:\/\/www.facebook.com\/infoenn","article_published_time":"2026-04-23T14:04:40+00:00","article_modified_time":"2026-04-23T14:04:42+00:00","og_image":[{"width":1280,"height":720,"url":"https:\/\/infoelnuevonorte.com\/wp-content\/uploads\/2026\/04\/descarga-2026-04-23T100147.861.png","type":"image\/png"}],"author":"T. R.","twitter_card":"summary_large_image","twitter_creator":"@Elnuevo_norte","twitter_site":"@Elnuevo_norte","twitter_misc":{"Written by":"T. R.","Est. reading time":"4 minutos"},"schema":{"@context":"https:\/\/schema.org","@graph":[{"@type":"Article","@id":"https:\/\/infoelnuevonorte.com\/?p=211860#article","isPartOf":{"@id":"https:\/\/infoelnuevonorte.com\/?p=211860"},"author":{"name":"T. R.","@id":"https:\/\/infoelnuevonorte.com\/#\/schema\/person\/3accb35eb55f55e96c492b52d085a403"},"headline":"Las desapariciones son un grave desaf\u00edo en M\u00e9xico, dice alto comisionado de DDHH de ONU","datePublished":"2026-04-23T14:04:40+00:00","dateModified":"2026-04-23T14:04:42+00:00","mainEntityOfPage":{"@id":"https:\/\/infoelnuevonorte.com\/?p=211860"},"wordCount":523,"publisher":{"@id":"https:\/\/infoelnuevonorte.com\/#organization"},"image":{"@id":"https:\/\/infoelnuevonorte.com\/?p=211860#primaryimage"},"thumbnailUrl":"https:\/\/infoelnuevonorte.com\/wp-content\/uploads\/2026\/04\/descarga-2026-04-23T100147.861.png","articleSection":["Mundiales"],"inLanguage":"es-DO"},{"@type":"WebPage","@id":"https:\/\/infoelnuevonorte.com\/?p=211860","url":"https:\/\/infoelnuevonorte.com\/?p=211860","name":"Las desapariciones son un grave desaf\u00edo en M\u00e9xico, dice alto comisionado de DDHH de ONU | El Nuevo Norte","isPartOf":{"@id":"https:\/\/infoelnuevonorte.com\/#website"},"primaryImageOfPage":{"@id":"https:\/\/infoelnuevonorte.com\/?p=211860#primaryimage"},"image":{"@id":"https:\/\/infoelnuevonorte.com\/?p=211860#primaryimage"},"thumbnailUrl":"https:\/\/infoelnuevonorte.com\/wp-content\/uploads\/2026\/04\/descarga-2026-04-23T100147.861.png","datePublished":"2026-04-23T14:04:40+00:00","dateModified":"2026-04-23T14:04:42+00:00","breadcrumb":{"@id":"https:\/\/infoelnuevonorte.com\/?p=211860#breadcrumb"},"inLanguage":"es-DO","potentialAction":[{"@type":"ReadAction","target":["https:\/\/infoelnuevonorte.com\/?p=211860"]}]},{"@type":"ImageObject","inLanguage":"es-DO","@id":"https:\/\/infoelnuevonorte.com\/?p=211860#primaryimage","url":"https:\/\/infoelnuevonorte.com\/wp-content\/uploads\/2026\/04\/descarga-2026-04-23T100147.861.png","contentUrl":"https:\/\/infoelnuevonorte.com\/wp-content\/uploads\/2026\/04\/descarga-2026-04-23T100147.861.png","width":1280,"height":720},{"@type":"BreadcrumbList","@id":"https:\/\/infoelnuevonorte.com\/?p=211860#breadcrumb","itemListElement":[{"@type":"ListItem","position":1,"name":"Home","item":"https:\/\/infoelnuevonorte.com\/"},{"@type":"ListItem","position":2,"name":"Las desapariciones son un grave desaf\u00edo en M\u00e9xico, dice alto comisionado de DDHH de ONU"}]},{"@type":"WebSite","@id":"https:\/\/infoelnuevonorte.com\/#website","url":"https:\/\/infoelnuevonorte.com\/","name":"InfoEnn","description":"Tu Voz, tu Verdad, tu Diario!!!","publisher":{"@id":"https:\/\/infoelnuevonorte.com\/#organization"},"alternateName":"El Nuevo Norte","potentialAction":[{"@type":"SearchAction","target":{"@type":"EntryPoint","urlTemplate":"https:\/\/infoelnuevonorte.com\/?s={search_term_string}"},"query-input":{"@type":"PropertyValueSpecification","valueRequired":true,"valueName":"search_term_string"}}],"inLanguage":"es-DO"},{"@type":"Organization","@id":"https:\/\/infoelnuevonorte.com\/#organization","name":"Info El Nuevo Norte","alternateName":"El Nuevo Norte","url":"https:\/\/infoelnuevonorte.com\/","logo":{"@type":"ImageObject","inLanguage":"es-DO","@id":"https:\/\/infoelnuevonorte.com\/#\/schema\/logo\/image\/","url":"https:\/\/infoelnuevonorte.com\/wp-content\/uploads\/2026\/02\/Logo-Info-enn-3d-20ani.jpeg","contentUrl":"https:\/\/infoelnuevonorte.com\/wp-content\/uploads\/2026\/02\/Logo-Info-enn-3d-20ani.jpeg","width":2046,"height":736,"caption":"Info El Nuevo Norte"},"image":{"@id":"https:\/\/infoelnuevonorte.com\/#\/schema\/logo\/image\/"},"sameAs":["https:\/\/www.facebook.com\/infoenn","https:\/\/x.com\/Elnuevo_norte","https:\/\/www.instagram.com\/infoenn","https:\/\/www.facebook.com\/ENNRD"]},{"@type":"Person","@id":"https:\/\/infoelnuevonorte.com\/#\/schema\/person\/3accb35eb55f55e96c492b52d085a403","name":"T. R.","image":{"@type":"ImageObject","inLanguage":"es-DO","@id":"https:\/\/infoelnuevonorte.com\/#\/schema\/person\/image\/","url":"https:\/\/secure.gravatar.com\/avatar\/40543a038bda97abdb765b1662e9677d?s=96&d=robohash&r=g","contentUrl":"https:\/\/secure.gravatar.com\/avatar\/40543a038bda97abdb765b1662e9677d?s=96&d=robohash&r=g","caption":"T. R."},"url":"https:\/\/infoelnuevonorte.com\/?author=2"}]}},"_links":{"self":[{"href":"https:\/\/infoelnuevonorte.com\/index.php?rest_route=\/wp\/v2\/posts\/211860"}],"collection":[{"href":"https:\/\/infoelnuevonorte.com\/index.php?rest_route=\/wp\/v2\/posts"}],"about":[{"href":"https:\/\/infoelnuevonorte.com\/index.php?rest_route=\/wp\/v2\/types\/post"}],"author":[{"embeddable":true,"href":"https:\/\/infoelnuevonorte.com\/index.php?rest_route=\/wp\/v2\/users\/2"}],"replies":[{"embeddable":true,"href":"https:\/\/infoelnuevonorte.com\/index.php?rest_route=%2Fwp%2Fv2%2Fcomments&post=211860"}],"version-history":[{"count":1,"href":"https:\/\/infoelnuevonorte.com\/index.php?rest_route=\/wp\/v2\/posts\/211860\/revisions"}],"predecessor-version":[{"id":211863,"href":"https:\/\/infoelnuevonorte.com\/index.php?rest_route=\/wp\/v2\/posts\/211860\/revisions\/211863"}],"wp:featuredmedia":[{"embeddable":true,"href":"https:\/\/infoelnuevonorte.com\/index.php?rest_route=\/wp\/v2\/media\/211862"}],"wp:attachment":[{"href":"https:\/\/infoelnuevonorte.com\/index.php?rest_route=%2Fwp%2Fv2%2Fmedia&parent=211860"}],"wp:term":[{"taxonomy":"category","embeddable":true,"href":"https:\/\/infoelnuevonorte.com\/index.php?rest_route=%2Fwp%2Fv2%2Fcategories&post=211860"},{"taxonomy":"post_tag","embeddable":true,"href":"https:\/\/infoelnuevonorte.com\/index.php?rest_route=%2Fwp%2Fv2%2Ftags&post=211860"}],"curies":[{"name":"wp","href":"https:\/\/api.w.org\/{rel}","templated":true}]}}