{"id":211876,"date":"2026-04-23T10:33:31","date_gmt":"2026-04-23T14:33:31","guid":{"rendered":"https:\/\/infoelnuevonorte.com\/?p=211876"},"modified":"2026-04-23T10:33:32","modified_gmt":"2026-04-23T14:33:32","slug":"cuales-son-las-causas-del-bajo-crecimiento-de-america-latina-y-el-caribe-informalidad-entre-ellas","status":"publish","type":"post","link":"https:\/\/infoelnuevonorte.com\/?p=211876","title":{"rendered":"\u00bfCu\u00e1les son las causas del bajo crecimiento de Am\u00e9rica Latina y el Caribe? Informalidad entre ellas"},"content":{"rendered":"<div class=\"c-article__free c-detail__body\" data-mrf-recirculation=\"Cuerpo Detalle\">\n<!--[if lt IE 9]><script>document.createElement('audio');<\/script><![endif]-->\n<audio class=\"wp-audio-shortcode\" id=\"audio-211876-1\" preload=\"none\" style=\"width: 100%;\" controls=\"controls\"><source type=\"audio\/mpeg\" src=\"https:\/\/infoelnuevonorte.com\/wp-content\/uploads\/2026\/04\/ttsmaker-vip-file-2026-4-23-10-32-44.mp3?_=1\" \/><a href=\"https:\/\/infoelnuevonorte.com\/wp-content\/uploads\/2026\/04\/ttsmaker-vip-file-2026-4-23-10-32-44.mp3\">https:\/\/infoelnuevonorte.com\/wp-content\/uploads\/2026\/04\/ttsmaker-vip-file-2026-4-23-10-32-44.mp3<\/a><\/audio>\n<p id=\"m47030-47029-47031\" style=\"text-align: justify;\"><span style=\"font-size: 14pt;\">Los empleos informales, poca innovaci\u00f3n y la falta de integraci\u00f3n econ\u00f3mica son los principales factores vinculados al bajo nivel de productividad y\u00a0<b>crecimiento del Caribe<\/b> y Latinoam\u00e9rica.<\/span><\/p>\n<p id=\"m47035-47034-47036\" style=\"text-align: justify;\"><span style=\"font-size: 14pt;\">Esto de acuerdo con un reporte elaborado por la gerencia de conocimiento del<b>\u00a0Banco de Desarrollo de Am\u00e9rica Latina y el Caribe (CAF),\u00a0<\/b>presentado este mi\u00e9rcoles en el Instituto Tecnol\u00f3gico y de Estudios Superiores de Monterrey.<\/span><\/p>\n<p id=\"m47040-47039-47041\" style=\"text-align: justify;\"><span style=\"font-size: 14pt;\">En este informe, el CAF se refiri\u00f3 a la informalidad como un \u201crasgo estructural y definitorio\u201d de la referida regi\u00f3n, la cual implica una ralentizaci\u00f3n para su crecimiento econ\u00f3mico.<\/span><\/p>\n<p id=\"m47045-47044-47046\" style=\"text-align: justify;\"><span style=\"font-size: 14pt;\">Seg\u00fan el CAF, la\u00a0<b>informalidad afecta el crecimiento y la productividad de un pa\u00eds de diferentes maneras.<\/b><\/span><\/p>\n<p id=\"m47050-47049-47051\" style=\"text-align: justify;\"><span style=\"font-size: 14pt;\">En general, afirm\u00f3 que este fen\u00f3meno suprime la inversi\u00f3n a nivel empresarial, asegurando que las empresas informales tienden a mantenerse peque\u00f1as, a fin de evitar ser detectadas.<\/span><\/p>\n<p id=\"m47055-47054-47056\" style=\"text-align: justify;\"><span style=\"font-size: 14pt;\">Indic\u00f3, adem\u00e1s, que este tipo de empresas tienen un\u00a0<b>efecto negativo en la asignaci\u00f3n de recursos,\u00a0<\/b>puesto que permiten a negocios ineficientes sobrevivir evadiendo impuestos y regulaciones, aisl\u00e1ndolos de las cadenas de valor globales, mercados de cr\u00e9dito y el apoyo p\u00fablico.<\/span><\/p>\n<p id=\"m47060-47059-47061\" style=\"text-align: justify;\"><span style=\"font-size: 14pt;\">Tambi\u00e9n asever\u00f3 que los empleos informales dan pocas oportunidades de aprendizaje en el puesto de trabajo, lo que, como consecuencia, disminuye el incentivo a que los j\u00f3venes inviertan en sus habilidades.<\/span><\/p>\n<p id=\"m47065-47064-47066\" style=\"text-align: justify;\"><span style=\"font-size: 14pt;\">De manera similar, en el reporte<b>\u00a0\u201cImpulsando el crecimiento en un mundo cambiante: Innovaci\u00f3n, integraci\u00f3n y formalizaci\u00f3n para Am\u00e9rica Latina y el Caribe\u201d,<\/b>\u00a0se subray\u00f3 que la informalidad aumenta la desigualdad econ\u00f3mica en esta regi\u00f3n, al referirse a los empleos informales como \u201cde baja calidad\u201d.<\/span><\/p>\n<p id=\"m47070-47069-47071\" style=\"text-align: justify;\"><span style=\"font-size: 14pt;\">\u00bfPor qu\u00e9 son de baja calidad? Seg\u00fan el CAF, es porque\u00a0<b>los salarios son mucho m\u00e1s bajos en este sector<\/b>\u00a0y por el acceso limitado que tienen estos trabajadores a sistemas contributivos de salud y pensiones.<\/span><\/p>\n<p id=\"m47075-47074-47076\" style=\"text-align: justify;\"><span style=\"font-size: 14pt;\">\u201cReducir la informalidad no es solo una estrategia para fomentar la productividad, sino tambi\u00e9n una pol\u00edtica prioritaria para promover la igualdad y la inclusi\u00f3n\u201d, le\u00eda parte del informe.<\/span><\/p>\n<h3 class=\"c-detail__destacado\" style=\"text-align: justify;\"><span style=\"font-size: 14pt;\">INFORMALIDAD EN REP\u00daBLICA DOMINICANA<\/span><\/h3>\n<p id=\"m47080-47079-47081\" style=\"text-align: justify;\"><span style=\"font-size: 14pt;\">En el reporte se indic\u00f3 que la tasa de empleo informal en Rep\u00fablica Dominicana, correspondiente al periodo 2023-2024, fue de 55 %, lo que representa una\u00a0<b>reducci\u00f3n\u00a0<\/b>en comparaci\u00f3n con la registrada entre los a\u00f1os 2006 y 2011, que superaba el 60 %.<\/span><\/p>\n<p id=\"m47085-47084-47086\" style=\"text-align: justify;\"><span style=\"font-size: 14pt;\">Asimismo, el CAF dijo que, en Rep\u00fablica Dominicana, alrededor del 85 % de las\u00a0<b>micro, peque\u00f1as y medianas empresas (Mipymes)<\/b>\u00a0no est\u00e1n debidamente registradas.<\/span><\/p>\n<h3 class=\"c-detail__destacado\" style=\"text-align: justify;\"><span style=\"font-size: 14pt;\">FALTA DE INVERSI\u00d3N EN LA INNOVACI\u00d3N<\/span><\/h3>\n<p id=\"m47090-47089-47091\" style=\"text-align: justify;\"><span style=\"font-size: 14pt;\">De acuerdo con el informe,\u00a0<b>Am\u00e9rica Latina\u00a0<\/b>y el Caribe sufre de un d\u00e9ficit en dos factores claves para la innovaci\u00f3n, en comparaci\u00f3n con el resto del mundo: financiaci\u00f3n y personas especializadas.<\/span><\/p>\n<p id=\"m47095-47094-47096\" style=\"text-align: justify;\"><span style=\"font-size: 14pt;\">Igualmente, esta regi\u00f3n cuenta con una cantidad \u201csignificativamente\u201d menor de investigadores, y de los que existen, la mayor\u00eda se desempe\u00f1a principalmente en el \u00e1mbito acad\u00e9mico y no en el empresarial.<\/span><\/p>\n<h3 class=\"c-detail__destacado\" style=\"text-align: justify;\"><span style=\"font-size: 14pt;\">BAJA INTEGRACI\u00d3N EN LA ECONOM\u00cdA MUNDIAL<\/span><\/h3>\n<p id=\"m47100-47099-47101\" style=\"text-align: justify;\"><span style=\"font-size: 14pt;\">El CAF lament\u00f3 que la presencia de Latinoam\u00e9rica y el Caribe en el comercio mundial ha sido menor de lo esperado, indicando que su participaci\u00f3n ha incrementado en un 0.6 % en 44 a\u00f1os.<\/span><\/p>\n<p id=\"m47105-47104-47106\" style=\"text-align: justify;\"><span style=\"font-size: 14pt;\">\u201cHoy en d\u00eda, las econom\u00edas del\u00a0<b>Caribe\u00a0<\/b>y Am\u00e9rica del Sur contin\u00faan teniendo una exposici\u00f3n mucho menor al comercio internacional que las econom\u00edas de tama\u00f1o similar de otras regiones\u201d, sentenci\u00f3 el CAF en su reporte.<\/span><\/p>\n<p id=\"m47110-47109-47111\" style=\"text-align: justify;\"><span style=\"font-size: 14pt;\">Esto se podr\u00eda deber a que varias subregiones de\u00a0<b>Am\u00e9rica Latina<\/b>\u00a0y el Caribe est\u00e1n orientadas a comerciar con contrapartes distantes, algo que no es algo necesariamente negativo, pero ejemplos de las regiones con mejor desempe\u00f1o (<b>Asia Oriental, Am\u00e9rica del Norte y Europa<\/b>) sugieren que su \u00e9xito est\u00e1 ligado a un mayor intercambio entre pa\u00edses vecinos.<\/span><\/p>\n<p id=\"m47115-47114-47116\" style=\"text-align: justify;\"><span style=\"font-size: 14pt;\">Similarmente el CAF deplor\u00f3 la falta de diversificaci\u00f3n del comercio latinoamericano y caribe\u00f1o.<\/span><\/p>\n<p id=\"m47120-47119-47121\" style=\"text-align: justify;\"><span style=\"font-size: 14pt;\">\u201cLa poca integraci\u00f3n internacional priva a la regi\u00f3n de potentes motores de productividad\u201d, destac\u00f3 el CAF en su reporte.<\/span><\/p>\n<\/div>\n<div style=\"text-align: justify;\">\u00a0<\/div>\n\n\n<div class=\"wp-block-group\"><div class=\"wp-block-group__inner-container is-layout-constrained wp-block-group-is-layout-constrained\">\n<div id=\"DenunciayAPP\" class=\"wp-block-group\"><div class=\"wp-block-group__inner-container is-layout-constrained wp-block-group-is-layout-constrained\">\n<p><a href=\"https:\/\/whatsapp.com\/channel\/0029Va88WGP2ER6ZxD6TCa3U\" target=\"_blank\" rel=\"noopener\"><img loading=\"lazy\" decoding=\"async\" class=\"aligncenter size-full wp-image-155512\" src=\"https:\/\/infoelnuevonorte.com\/wp-content\/uploads\/2025\/10\/Canal-whatsapp-infoenn.jpeg\" alt=\"\" width=\"2046\" height=\"554\" srcset=\"https:\/\/infoelnuevonorte.com\/wp-content\/uploads\/2025\/10\/Canal-whatsapp-infoenn.jpeg 2046w, https:\/\/infoelnuevonorte.com\/wp-content\/uploads\/2025\/10\/Canal-whatsapp-infoenn-300x81.jpeg 300w, https:\/\/infoelnuevonorte.com\/wp-content\/uploads\/2025\/10\/Canal-whatsapp-infoenn-1024x277.jpeg 1024w, https:\/\/infoelnuevonorte.com\/wp-content\/uploads\/2025\/10\/Canal-whatsapp-infoenn-768x208.jpeg 768w, https:\/\/infoelnuevonorte.com\/wp-content\/uploads\/2025\/10\/Canal-whatsapp-infoenn-1536x416.jpeg 1536w, https:\/\/infoelnuevonorte.com\/wp-content\/uploads\/2025\/10\/Canal-whatsapp-infoenn-1551x420.jpeg 1551w, https:\/\/infoelnuevonorte.com\/wp-content\/uploads\/2025\/10\/Canal-whatsapp-infoenn-150x41.jpeg 150w, https:\/\/infoelnuevonorte.com\/wp-content\/uploads\/2025\/10\/Canal-whatsapp-infoenn-696x188.jpeg 696w, https:\/\/infoelnuevonorte.com\/wp-content\/uploads\/2025\/10\/Canal-whatsapp-infoenn-1068x289.jpeg 1068w, https:\/\/infoelnuevonorte.com\/wp-content\/uploads\/2025\/10\/Canal-whatsapp-infoenn-1920x520.jpeg 1920w\" sizes=\"(max-width: 2046px) 100vw, 2046px\" \/><\/a><\/p>\n<p>\ud83d\udd17 S\u00edguenos en nuestras redes:<br data-start=\"2686\" data-end=\"2689\" \/><a href=\"https:\/\/x.com\/Elnuevo_norte\">X<\/a> | <a class=\"\" href=\"https:\/\/t.me\/infoenn\" target=\"_new\" rel=\"noopener\" data-start=\"2757\" data-end=\"2789\">Telegram<\/a> | <a class=\"\" href=\"https:\/\/instagram.com\/noticiasenn1?r=nametag\" target=\"_new\" rel=\"noopener\" data-start=\"2792\" data-end=\"2849\">Instagram<\/a><br data-start=\"2849\" data-end=\"2852\" \/><a class=\"\" href=\"https:\/\/www.facebook.com\/infoenn\" target=\"_new\" rel=\"noopener\" data-start=\"2852\" data-end=\"2896\">Facebook<\/a> | <a class=\"\" href=\"https:\/\/www.threads.net\/@noticiasenn1\" target=\"_new\" rel=\"noopener\" data-start=\"2899\" data-end=\"2947\">Threads<\/a> | <a class=\"\" href=\"https:\/\/www.youtube.com\/channel\/UCZZJg_scU1p_c6cvyCHY48A\" target=\"_new\" rel=\"noopener\" data-start=\"2950\" data-end=\"3017\" data-is-last-node=\"\">YouTube<\/a><\/p>\n<p>\ud83d\ude4f \u00a1Tu apoyo es importante!<\/p>\n<p>\ud83d\udd3bDESCARGAR NUESTRA APP \"<span style=\"color: #0000ff;\"><strong>Info ENN<\/strong><\/span>\"<\/p>\n\n\n\n<div class=\"wp-block-buttons is-content-justification-left is-layout-flex wp-container-core-buttons-is-layout-1 wp-block-buttons-is-layout-flex\">\n<div class=\"wp-block-button is-style-3d\"><a class=\"wp-block-button__link has-white-background-color has-background wp-element-button\" href=\"https:\/\/apps.apple.com\/do\/app\/infoenn\/id6503000762\"><img loading=\"lazy\" decoding=\"async\" width=\"150\" height=\"50\" class=\"wp-image-104096\" style=\"width: 150px;\" src=\"https:\/\/infoelnuevonorte.com\/wp-content\/uploads\/2025\/05\/Download_on_the_App_Store_RGB_blk.svg_.png\" alt=\"\" srcset=\"https:\/\/infoelnuevonorte.com\/wp-content\/uploads\/2025\/05\/Download_on_the_App_Store_RGB_blk.svg_.png 1280w, https:\/\/infoelnuevonorte.com\/wp-content\/uploads\/2025\/05\/Download_on_the_App_Store_RGB_blk.svg_-300x100.png 300w, https:\/\/infoelnuevonorte.com\/wp-content\/uploads\/2025\/05\/Download_on_the_App_Store_RGB_blk.svg_-1024x342.png 1024w, https:\/\/infoelnuevonorte.com\/wp-content\/uploads\/2025\/05\/Download_on_the_App_Store_RGB_blk.svg_-768x257.png 768w, https:\/\/infoelnuevonorte.com\/wp-content\/uploads\/2025\/05\/Download_on_the_App_Store_RGB_blk.svg_-1256x420.png 1256w, https:\/\/infoelnuevonorte.com\/wp-content\/uploads\/2025\/05\/Download_on_the_App_Store_RGB_blk.svg_-150x50.png 150w, https:\/\/infoelnuevonorte.com\/wp-content\/uploads\/2025\/05\/Download_on_the_App_Store_RGB_blk.svg_-696x233.png 696w, https:\/\/infoelnuevonorte.com\/wp-content\/uploads\/2025\/05\/Download_on_the_App_Store_RGB_blk.svg_-1068x357.png 1068w, https:\/\/infoelnuevonorte.com\/wp-content\/uploads\/2025\/05\/Download_on_the_App_Store_RGB_blk.svg_-200x67.png 200w\" sizes=\"(max-width: 150px) 100vw, 150px\" \/><\/a><\/div>\n<\/div>\n\n\n\n<div class=\"wp-block-buttons is-layout-flex wp-block-buttons-is-layout-flex\">\n<div class=\"wp-block-button is-style-3d td_btn_large\"><a class=\"wp-block-button__link has-white-background-color has-background wp-element-button\" href=\"https:\/\/mega.nz\/file\/vRhVTJBD#6P0Os8p_y2oJgZIa__7dhjqdpW42XJ_cY3zmbyxVohM\" target=\"_blank\" rel=\"noreferrer noopener\"><mark style=\"background-color:rgba(0, 0, 0, 0)\" class=\"has-inline-color has-light-green-cyan-color\"><img loading=\"lazy\" decoding=\"async\" width=\"150\" height=\"49\" class=\"wp-image-104095\" style=\"width: 150px;\" src=\"https:\/\/infoelnuevonorte.com\/wp-content\/uploads\/2025\/05\/badge-google-play-and-app-store-button-download-free-png.webp\" alt=\"\" srcset=\"https:\/\/infoelnuevonorte.com\/wp-content\/uploads\/2025\/05\/badge-google-play-and-app-store-button-download-free-png.webp 1920w, https:\/\/infoelnuevonorte.com\/wp-content\/uploads\/2025\/05\/badge-google-play-and-app-store-button-download-free-png-300x98.webp 300w, https:\/\/infoelnuevonorte.com\/wp-content\/uploads\/2025\/05\/badge-google-play-and-app-store-button-download-free-png-1024x335.webp 1024w, https:\/\/infoelnuevonorte.com\/wp-content\/uploads\/2025\/05\/badge-google-play-and-app-store-button-download-free-png-768x252.webp 768w, https:\/\/infoelnuevonorte.com\/wp-content\/uploads\/2025\/05\/badge-google-play-and-app-store-button-download-free-png-1536x503.webp 1536w, https:\/\/infoelnuevonorte.com\/wp-content\/uploads\/2025\/05\/badge-google-play-and-app-store-button-download-free-png-1282x420.webp 1282w, https:\/\/infoelnuevonorte.com\/wp-content\/uploads\/2025\/05\/badge-google-play-and-app-store-button-download-free-png-150x49.webp 150w, https:\/\/infoelnuevonorte.com\/wp-content\/uploads\/2025\/05\/badge-google-play-and-app-store-button-download-free-png-696x228.webp 696w, https:\/\/infoelnuevonorte.com\/wp-content\/uploads\/2025\/05\/badge-google-play-and-app-store-button-download-free-png-1068x350.webp 1068w, https:\/\/infoelnuevonorte.com\/wp-content\/uploads\/2025\/05\/badge-google-play-and-app-store-button-download-free-png-200x66.webp 200w\" sizes=\"(max-width: 150px) 100vw, 150px\" \/><\/mark><\/a><\/div>\n<\/div>\n\n\n\n<p style=\"text-align: justify;\"><strong data-start=\"0\" data-end=\"18\" data-is-only-node=\"\"><a href=\"https:\/\/infoelnuevonorte.com\/\"><img loading=\"lazy\" decoding=\"async\" class=\" wp-image-159681 alignleft\" src=\"https:\/\/infoelnuevonorte.com\/wp-content\/uploads\/2025\/11\/Logo-3d-infoenn-con-fondo-blanco.jpg\" alt=\"\" width=\"240\" height=\"86\" srcset=\"https:\/\/infoelnuevonorte.com\/wp-content\/uploads\/2025\/11\/Logo-3d-infoenn-con-fondo-blanco.jpg 1696w, https:\/\/infoelnuevonorte.com\/wp-content\/uploads\/2025\/11\/Logo-3d-infoenn-con-fondo-blanco-300x108.jpg 300w, https:\/\/infoelnuevonorte.com\/wp-content\/uploads\/2025\/11\/Logo-3d-infoenn-con-fondo-blanco-1024x367.jpg 1024w, https:\/\/infoelnuevonorte.com\/wp-content\/uploads\/2025\/11\/Logo-3d-infoenn-con-fondo-blanco-768x275.jpg 768w, https:\/\/infoelnuevonorte.com\/wp-content\/uploads\/2025\/11\/Logo-3d-infoenn-con-fondo-blanco-1536x551.jpg 1536w, https:\/\/infoelnuevonorte.com\/wp-content\/uploads\/2025\/11\/Logo-3d-infoenn-con-fondo-blanco-1172x420.jpg 1172w, https:\/\/infoelnuevonorte.com\/wp-content\/uploads\/2025\/11\/Logo-3d-infoenn-con-fondo-blanco-150x54.jpg 150w, https:\/\/infoelnuevonorte.com\/wp-content\/uploads\/2025\/11\/Logo-3d-infoenn-con-fondo-blanco-696x250.jpg 696w, https:\/\/infoelnuevonorte.com\/wp-content\/uploads\/2025\/11\/Logo-3d-infoenn-con-fondo-blanco-1068x383.jpg 1068w\" sizes=\"(max-width: 240px) 100vw, 240px\" \/><\/a>El Nuevo Norte<\/strong> es un peri\u00f3dico digital dominicano fundado el <strong data-start=\"65\" data-end=\"90\">12 de febrero de 2006<\/strong> por el periodista <strong data-start=\"109\" data-end=\"129\">Junior Henr\u00edquez<\/strong>, quien funge como director y fundador. A trav\u00e9s de la web <strong data-start=\"188\" data-end=\"212\">infoelnuevonorte.com<\/strong>, el medio ofrece informaci\u00f3n veraz y oportuna sobre los acontecimientos sociales, pol\u00edticos, comunitarios y de actualidad general, tanto a nivel nacional como internacional, promoviendo un periodismo responsable, participativo y comprometido con la libre expresi\u00f3n y el fortalecimiento de la democracia informativa.<\/p>\n<\/div><\/div>\n<\/div><\/div>\n","protected":false},"excerpt":{"rendered":"<p>Los empleos informales, poca innovaci\u00f3n y la falta de integraci\u00f3n econ\u00f3mica son los principales factores vinculados al bajo nivel de productividad y\u00a0crecimiento del Caribe y Latinoam\u00e9rica. Esto de acuerdo con un reporte elaborado por la gerencia de conocimiento del\u00a0Banco de Desarrollo de Am\u00e9rica Latina y el Caribe (CAF),\u00a0presentado este mi\u00e9rcoles en el Instituto Tecnol\u00f3gico y [&hellip;]<\/p>\n","protected":false},"author":2,"featured_media":211878,"comment_status":"closed","ping_status":"open","sticky":false,"template":"","format":"standard","meta":{"footnotes":""},"categories":[15],"tags":[],"yoast_head":"<!-- This site is optimized with the Yoast SEO plugin v24.5 - https:\/\/yoast.com\/wordpress\/plugins\/seo\/ -->\n<title>\u00bfCu\u00e1les son las causas del bajo crecimiento de Am\u00e9rica Latina y el Caribe? Informalidad entre ellas | El Nuevo Norte<\/title>\n<meta name=\"robots\" content=\"index, follow, max-snippet:-1, max-image-preview:large, max-video-preview:-1\" \/>\n<link rel=\"canonical\" href=\"https:\/\/infoelnuevonorte.com\/?p=211876\" \/>\n<meta property=\"og:locale\" content=\"es_ES\" \/>\n<meta property=\"og:type\" content=\"article\" \/>\n<meta property=\"og:title\" content=\"\u00bfCu\u00e1les son las causas del bajo crecimiento de Am\u00e9rica Latina y el Caribe? Informalidad entre ellas | El Nuevo Norte\" \/>\n<meta property=\"og:description\" content=\"Los empleos informales, poca innovaci\u00f3n y la falta de integraci\u00f3n econ\u00f3mica son los principales factores vinculados al bajo nivel de productividad y\u00a0crecimiento del Caribe y Latinoam\u00e9rica. Esto de acuerdo con un reporte elaborado por la gerencia de conocimiento del\u00a0Banco de Desarrollo de Am\u00e9rica Latina y el Caribe (CAF),\u00a0presentado este mi\u00e9rcoles en el Instituto Tecnol\u00f3gico y [&hellip;]\" \/>\n<meta property=\"og:url\" content=\"https:\/\/infoelnuevonorte.com\/?p=211876\" \/>\n<meta property=\"og:site_name\" content=\"El Nuevo Norte\" \/>\n<meta property=\"article:publisher\" content=\"https:\/\/www.facebook.com\/infoenn\" \/>\n<meta property=\"article:published_time\" content=\"2026-04-23T14:33:31+00:00\" \/>\n<meta property=\"article:modified_time\" content=\"2026-04-23T14:33:32+00:00\" \/>\n<meta property=\"og:image\" content=\"https:\/\/infoelnuevonorte.com\/wp-content\/uploads\/2026\/04\/descarga-2026-04-23T103112.914.png\" \/>\n\t<meta property=\"og:image:width\" content=\"800\" \/>\n\t<meta property=\"og:image:height\" content=\"450\" \/>\n\t<meta property=\"og:image:type\" content=\"image\/png\" \/>\n<meta name=\"author\" content=\"T. R.\" \/>\n<meta name=\"twitter:card\" content=\"summary_large_image\" \/>\n<meta name=\"twitter:creator\" content=\"@Elnuevo_norte\" \/>\n<meta name=\"twitter:site\" content=\"@Elnuevo_norte\" \/>\n<meta name=\"twitter:label1\" content=\"Written by\" \/>\n\t<meta name=\"twitter:data1\" content=\"T. R.\" \/>\n\t<meta name=\"twitter:label2\" content=\"Est. reading time\" \/>\n\t<meta name=\"twitter:data2\" content=\"5 minutos\" \/>\n<script type=\"application\/ld+json\" class=\"yoast-schema-graph\">{\"@context\":\"https:\/\/schema.org\",\"@graph\":[{\"@type\":\"Article\",\"@id\":\"https:\/\/infoelnuevonorte.com\/?p=211876#article\",\"isPartOf\":{\"@id\":\"https:\/\/infoelnuevonorte.com\/?p=211876\"},\"author\":{\"name\":\"T. R.\",\"@id\":\"https:\/\/infoelnuevonorte.com\/#\/schema\/person\/3accb35eb55f55e96c492b52d085a403\"},\"headline\":\"\u00bfCu\u00e1les son las causas del bajo crecimiento de Am\u00e9rica Latina y el Caribe? Informalidad entre ellas\",\"datePublished\":\"2026-04-23T14:33:31+00:00\",\"dateModified\":\"2026-04-23T14:33:32+00:00\",\"mainEntityOfPage\":{\"@id\":\"https:\/\/infoelnuevonorte.com\/?p=211876\"},\"wordCount\":716,\"publisher\":{\"@id\":\"https:\/\/infoelnuevonorte.com\/#organization\"},\"image\":{\"@id\":\"https:\/\/infoelnuevonorte.com\/?p=211876#primaryimage\"},\"thumbnailUrl\":\"https:\/\/infoelnuevonorte.com\/wp-content\/uploads\/2026\/04\/descarga-2026-04-23T103112.914.png\",\"articleSection\":[\"Economicas\"],\"inLanguage\":\"es-DO\"},{\"@type\":\"WebPage\",\"@id\":\"https:\/\/infoelnuevonorte.com\/?p=211876\",\"url\":\"https:\/\/infoelnuevonorte.com\/?p=211876\",\"name\":\"\u00bfCu\u00e1les son las causas del bajo crecimiento de Am\u00e9rica Latina y el Caribe? Informalidad entre ellas | El Nuevo Norte\",\"isPartOf\":{\"@id\":\"https:\/\/infoelnuevonorte.com\/#website\"},\"primaryImageOfPage\":{\"@id\":\"https:\/\/infoelnuevonorte.com\/?p=211876#primaryimage\"},\"image\":{\"@id\":\"https:\/\/infoelnuevonorte.com\/?p=211876#primaryimage\"},\"thumbnailUrl\":\"https:\/\/infoelnuevonorte.com\/wp-content\/uploads\/2026\/04\/descarga-2026-04-23T103112.914.png\",\"datePublished\":\"2026-04-23T14:33:31+00:00\",\"dateModified\":\"2026-04-23T14:33:32+00:00\",\"breadcrumb\":{\"@id\":\"https:\/\/infoelnuevonorte.com\/?p=211876#breadcrumb\"},\"inLanguage\":\"es-DO\",\"potentialAction\":[{\"@type\":\"ReadAction\",\"target\":[\"https:\/\/infoelnuevonorte.com\/?p=211876\"]}]},{\"@type\":\"ImageObject\",\"inLanguage\":\"es-DO\",\"@id\":\"https:\/\/infoelnuevonorte.com\/?p=211876#primaryimage\",\"url\":\"https:\/\/infoelnuevonorte.com\/wp-content\/uploads\/2026\/04\/descarga-2026-04-23T103112.914.png\",\"contentUrl\":\"https:\/\/infoelnuevonorte.com\/wp-content\/uploads\/2026\/04\/descarga-2026-04-23T103112.914.png\",\"width\":800,\"height\":450},{\"@type\":\"BreadcrumbList\",\"@id\":\"https:\/\/infoelnuevonorte.com\/?p=211876#breadcrumb\",\"itemListElement\":[{\"@type\":\"ListItem\",\"position\":1,\"name\":\"Home\",\"item\":\"https:\/\/infoelnuevonorte.com\/\"},{\"@type\":\"ListItem\",\"position\":2,\"name\":\"\u00bfCu\u00e1les son las causas del bajo crecimiento de Am\u00e9rica Latina y el Caribe? Informalidad entre ellas\"}]},{\"@type\":\"WebSite\",\"@id\":\"https:\/\/infoelnuevonorte.com\/#website\",\"url\":\"https:\/\/infoelnuevonorte.com\/\",\"name\":\"InfoEnn\",\"description\":\"Tu Voz, tu Verdad, tu Diario!!!\",\"publisher\":{\"@id\":\"https:\/\/infoelnuevonorte.com\/#organization\"},\"alternateName\":\"El Nuevo Norte\",\"potentialAction\":[{\"@type\":\"SearchAction\",\"target\":{\"@type\":\"EntryPoint\",\"urlTemplate\":\"https:\/\/infoelnuevonorte.com\/?s={search_term_string}\"},\"query-input\":{\"@type\":\"PropertyValueSpecification\",\"valueRequired\":true,\"valueName\":\"search_term_string\"}}],\"inLanguage\":\"es-DO\"},{\"@type\":\"Organization\",\"@id\":\"https:\/\/infoelnuevonorte.com\/#organization\",\"name\":\"Info El Nuevo Norte\",\"alternateName\":\"El Nuevo Norte\",\"url\":\"https:\/\/infoelnuevonorte.com\/\",\"logo\":{\"@type\":\"ImageObject\",\"inLanguage\":\"es-DO\",\"@id\":\"https:\/\/infoelnuevonorte.com\/#\/schema\/logo\/image\/\",\"url\":\"https:\/\/infoelnuevonorte.com\/wp-content\/uploads\/2026\/02\/Logo-Info-enn-3d-20ani.jpeg\",\"contentUrl\":\"https:\/\/infoelnuevonorte.com\/wp-content\/uploads\/2026\/02\/Logo-Info-enn-3d-20ani.jpeg\",\"width\":2046,\"height\":736,\"caption\":\"Info El Nuevo Norte\"},\"image\":{\"@id\":\"https:\/\/infoelnuevonorte.com\/#\/schema\/logo\/image\/\"},\"sameAs\":[\"https:\/\/www.facebook.com\/infoenn\",\"https:\/\/x.com\/Elnuevo_norte\",\"https:\/\/www.instagram.com\/infoenn\",\"https:\/\/www.facebook.com\/ENNRD\"]},{\"@type\":\"Person\",\"@id\":\"https:\/\/infoelnuevonorte.com\/#\/schema\/person\/3accb35eb55f55e96c492b52d085a403\",\"name\":\"T. R.\",\"image\":{\"@type\":\"ImageObject\",\"inLanguage\":\"es-DO\",\"@id\":\"https:\/\/infoelnuevonorte.com\/#\/schema\/person\/image\/\",\"url\":\"https:\/\/secure.gravatar.com\/avatar\/40543a038bda97abdb765b1662e9677d?s=96&d=robohash&r=g\",\"contentUrl\":\"https:\/\/secure.gravatar.com\/avatar\/40543a038bda97abdb765b1662e9677d?s=96&d=robohash&r=g\",\"caption\":\"T. R.\"},\"url\":\"https:\/\/infoelnuevonorte.com\/?author=2\"}]}<\/script>\n<!-- \/ Yoast SEO plugin. -->","yoast_head_json":{"title":"\u00bfCu\u00e1les son las causas del bajo crecimiento de Am\u00e9rica Latina y el Caribe? Informalidad entre ellas | El Nuevo Norte","robots":{"index":"index","follow":"follow","max-snippet":"max-snippet:-1","max-image-preview":"max-image-preview:large","max-video-preview":"max-video-preview:-1"},"canonical":"https:\/\/infoelnuevonorte.com\/?p=211876","og_locale":"es_ES","og_type":"article","og_title":"\u00bfCu\u00e1les son las causas del bajo crecimiento de Am\u00e9rica Latina y el Caribe? Informalidad entre ellas | El Nuevo Norte","og_description":"Los empleos informales, poca innovaci\u00f3n y la falta de integraci\u00f3n econ\u00f3mica son los principales factores vinculados al bajo nivel de productividad y\u00a0crecimiento del Caribe y Latinoam\u00e9rica. Esto de acuerdo con un reporte elaborado por la gerencia de conocimiento del\u00a0Banco de Desarrollo de Am\u00e9rica Latina y el Caribe (CAF),\u00a0presentado este mi\u00e9rcoles en el Instituto Tecnol\u00f3gico y [&hellip;]","og_url":"https:\/\/infoelnuevonorte.com\/?p=211876","og_site_name":"El Nuevo Norte","article_publisher":"https:\/\/www.facebook.com\/infoenn","article_published_time":"2026-04-23T14:33:31+00:00","article_modified_time":"2026-04-23T14:33:32+00:00","og_image":[{"width":800,"height":450,"url":"https:\/\/infoelnuevonorte.com\/wp-content\/uploads\/2026\/04\/descarga-2026-04-23T103112.914.png","type":"image\/png"}],"author":"T. R.","twitter_card":"summary_large_image","twitter_creator":"@Elnuevo_norte","twitter_site":"@Elnuevo_norte","twitter_misc":{"Written by":"T. R.","Est. reading time":"5 minutos"},"schema":{"@context":"https:\/\/schema.org","@graph":[{"@type":"Article","@id":"https:\/\/infoelnuevonorte.com\/?p=211876#article","isPartOf":{"@id":"https:\/\/infoelnuevonorte.com\/?p=211876"},"author":{"name":"T. R.","@id":"https:\/\/infoelnuevonorte.com\/#\/schema\/person\/3accb35eb55f55e96c492b52d085a403"},"headline":"\u00bfCu\u00e1les son las causas del bajo crecimiento de Am\u00e9rica Latina y el Caribe? Informalidad entre ellas","datePublished":"2026-04-23T14:33:31+00:00","dateModified":"2026-04-23T14:33:32+00:00","mainEntityOfPage":{"@id":"https:\/\/infoelnuevonorte.com\/?p=211876"},"wordCount":716,"publisher":{"@id":"https:\/\/infoelnuevonorte.com\/#organization"},"image":{"@id":"https:\/\/infoelnuevonorte.com\/?p=211876#primaryimage"},"thumbnailUrl":"https:\/\/infoelnuevonorte.com\/wp-content\/uploads\/2026\/04\/descarga-2026-04-23T103112.914.png","articleSection":["Economicas"],"inLanguage":"es-DO"},{"@type":"WebPage","@id":"https:\/\/infoelnuevonorte.com\/?p=211876","url":"https:\/\/infoelnuevonorte.com\/?p=211876","name":"\u00bfCu\u00e1les son las causas del bajo crecimiento de Am\u00e9rica Latina y el Caribe? Informalidad entre ellas | El Nuevo Norte","isPartOf":{"@id":"https:\/\/infoelnuevonorte.com\/#website"},"primaryImageOfPage":{"@id":"https:\/\/infoelnuevonorte.com\/?p=211876#primaryimage"},"image":{"@id":"https:\/\/infoelnuevonorte.com\/?p=211876#primaryimage"},"thumbnailUrl":"https:\/\/infoelnuevonorte.com\/wp-content\/uploads\/2026\/04\/descarga-2026-04-23T103112.914.png","datePublished":"2026-04-23T14:33:31+00:00","dateModified":"2026-04-23T14:33:32+00:00","breadcrumb":{"@id":"https:\/\/infoelnuevonorte.com\/?p=211876#breadcrumb"},"inLanguage":"es-DO","potentialAction":[{"@type":"ReadAction","target":["https:\/\/infoelnuevonorte.com\/?p=211876"]}]},{"@type":"ImageObject","inLanguage":"es-DO","@id":"https:\/\/infoelnuevonorte.com\/?p=211876#primaryimage","url":"https:\/\/infoelnuevonorte.com\/wp-content\/uploads\/2026\/04\/descarga-2026-04-23T103112.914.png","contentUrl":"https:\/\/infoelnuevonorte.com\/wp-content\/uploads\/2026\/04\/descarga-2026-04-23T103112.914.png","width":800,"height":450},{"@type":"BreadcrumbList","@id":"https:\/\/infoelnuevonorte.com\/?p=211876#breadcrumb","itemListElement":[{"@type":"ListItem","position":1,"name":"Home","item":"https:\/\/infoelnuevonorte.com\/"},{"@type":"ListItem","position":2,"name":"\u00bfCu\u00e1les son las causas del bajo crecimiento de Am\u00e9rica Latina y el Caribe? Informalidad entre ellas"}]},{"@type":"WebSite","@id":"https:\/\/infoelnuevonorte.com\/#website","url":"https:\/\/infoelnuevonorte.com\/","name":"InfoEnn","description":"Tu Voz, tu Verdad, tu Diario!!!","publisher":{"@id":"https:\/\/infoelnuevonorte.com\/#organization"},"alternateName":"El Nuevo Norte","potentialAction":[{"@type":"SearchAction","target":{"@type":"EntryPoint","urlTemplate":"https:\/\/infoelnuevonorte.com\/?s={search_term_string}"},"query-input":{"@type":"PropertyValueSpecification","valueRequired":true,"valueName":"search_term_string"}}],"inLanguage":"es-DO"},{"@type":"Organization","@id":"https:\/\/infoelnuevonorte.com\/#organization","name":"Info El Nuevo Norte","alternateName":"El Nuevo Norte","url":"https:\/\/infoelnuevonorte.com\/","logo":{"@type":"ImageObject","inLanguage":"es-DO","@id":"https:\/\/infoelnuevonorte.com\/#\/schema\/logo\/image\/","url":"https:\/\/infoelnuevonorte.com\/wp-content\/uploads\/2026\/02\/Logo-Info-enn-3d-20ani.jpeg","contentUrl":"https:\/\/infoelnuevonorte.com\/wp-content\/uploads\/2026\/02\/Logo-Info-enn-3d-20ani.jpeg","width":2046,"height":736,"caption":"Info El Nuevo Norte"},"image":{"@id":"https:\/\/infoelnuevonorte.com\/#\/schema\/logo\/image\/"},"sameAs":["https:\/\/www.facebook.com\/infoenn","https:\/\/x.com\/Elnuevo_norte","https:\/\/www.instagram.com\/infoenn","https:\/\/www.facebook.com\/ENNRD"]},{"@type":"Person","@id":"https:\/\/infoelnuevonorte.com\/#\/schema\/person\/3accb35eb55f55e96c492b52d085a403","name":"T. R.","image":{"@type":"ImageObject","inLanguage":"es-DO","@id":"https:\/\/infoelnuevonorte.com\/#\/schema\/person\/image\/","url":"https:\/\/secure.gravatar.com\/avatar\/40543a038bda97abdb765b1662e9677d?s=96&d=robohash&r=g","contentUrl":"https:\/\/secure.gravatar.com\/avatar\/40543a038bda97abdb765b1662e9677d?s=96&d=robohash&r=g","caption":"T. R."},"url":"https:\/\/infoelnuevonorte.com\/?author=2"}]}},"_links":{"self":[{"href":"https:\/\/infoelnuevonorte.com\/index.php?rest_route=\/wp\/v2\/posts\/211876"}],"collection":[{"href":"https:\/\/infoelnuevonorte.com\/index.php?rest_route=\/wp\/v2\/posts"}],"about":[{"href":"https:\/\/infoelnuevonorte.com\/index.php?rest_route=\/wp\/v2\/types\/post"}],"author":[{"embeddable":true,"href":"https:\/\/infoelnuevonorte.com\/index.php?rest_route=\/wp\/v2\/users\/2"}],"replies":[{"embeddable":true,"href":"https:\/\/infoelnuevonorte.com\/index.php?rest_route=%2Fwp%2Fv2%2Fcomments&post=211876"}],"version-history":[{"count":1,"href":"https:\/\/infoelnuevonorte.com\/index.php?rest_route=\/wp\/v2\/posts\/211876\/revisions"}],"predecessor-version":[{"id":211879,"href":"https:\/\/infoelnuevonorte.com\/index.php?rest_route=\/wp\/v2\/posts\/211876\/revisions\/211879"}],"wp:featuredmedia":[{"embeddable":true,"href":"https:\/\/infoelnuevonorte.com\/index.php?rest_route=\/wp\/v2\/media\/211878"}],"wp:attachment":[{"href":"https:\/\/infoelnuevonorte.com\/index.php?rest_route=%2Fwp%2Fv2%2Fmedia&parent=211876"}],"wp:term":[{"taxonomy":"category","embeddable":true,"href":"https:\/\/infoelnuevonorte.com\/index.php?rest_route=%2Fwp%2Fv2%2Fcategories&post=211876"},{"taxonomy":"post_tag","embeddable":true,"href":"https:\/\/infoelnuevonorte.com\/index.php?rest_route=%2Fwp%2Fv2%2Ftags&post=211876"}],"curies":[{"name":"wp","href":"https:\/\/api.w.org\/{rel}","templated":true}]}}