{"id":211892,"date":"2026-04-23T10:52:16","date_gmt":"2026-04-23T14:52:16","guid":{"rendered":"https:\/\/infoelnuevonorte.com\/?p=211892"},"modified":"2026-04-23T10:52:17","modified_gmt":"2026-04-23T14:52:17","slug":"alcaldia-de-santiago-y-cdp-reconocen-a-miguel-franjul","status":"publish","type":"post","link":"https:\/\/infoelnuevonorte.com\/?p=211892","title":{"rendered":"Alcald\u00eda de Santiago y CDP reconocen a Miguel Franjul"},"content":{"rendered":"<div class=\"c-article__free c-detail__body\" data-mrf-recirculation=\"Cuerpo Detalle\">\n<!--[if lt IE 9]><script>document.createElement('audio');<\/script><![endif]-->\n<audio class=\"wp-audio-shortcode\" id=\"audio-211892-1\" preload=\"none\" style=\"width: 100%;\" controls=\"controls\"><source type=\"audio\/mpeg\" src=\"https:\/\/infoelnuevonorte.com\/wp-content\/uploads\/2026\/04\/ttsmaker-vip-file-2026-4-23-10-51-12.mp3?_=1\" \/><a href=\"https:\/\/infoelnuevonorte.com\/wp-content\/uploads\/2026\/04\/ttsmaker-vip-file-2026-4-23-10-51-12.mp3\">https:\/\/infoelnuevonorte.com\/wp-content\/uploads\/2026\/04\/ttsmaker-vip-file-2026-4-23-10-51-12.mp3<\/a><\/audio>\n<p id=\"m25977-25976-25978\" style=\"text-align: justify;\"><span style=\"font-size: 14pt;\">La Alcald\u00eda de Santiago, a trav\u00e9s del Concejo de Regidores, declar\u00f3 como \u201cHijo Adoptivo\u201d de esta ciudad al periodista Miguel Franjul, en un acto donde le entregaron el un pergamino con la distinci\u00f3n, mediante la resoluci\u00f3n No. 3504-26.<\/span><\/p>\n<p id=\"m25982-25981-25983\" style=\"text-align: justify;\"><span style=\"font-size: 14pt;\">La iniciativa fue presentada por el alcalde Ulises Rodr\u00edguez y cont\u00f3 con el respaldo del presidente del Concejo de Regidores, as\u00ed como de los voceros de las distintas fuerzas pol\u00edticas representadas en la sala capitular. La declaratoria estuvo a cargo del presidente del \u00f3rgano edilicio, Cholo D\u2019Oleo, quien defini\u00f3 a Franjul como un merecedor del reconocimiento por su trayectoria y aportes al periodismo nacional.<\/span><\/p>\n<p id=\"m25987-25986-25988\" style=\"text-align: justify;\"><span style=\"font-size: 14pt;\">El acto se realiz\u00f3 en el marco del conversatorio \u201cLa responsabilidad de los medios de comunicaci\u00f3n en la era digital\u201d, organizado por el Colegio Dominicano de Periodistas (CDP), seccional Santiago, y celebrado en su sede en el sector Villa Ol\u00edmpica.<\/span><\/p>\n<p id=\"m25992-25991-25993\" style=\"text-align: justify;\"><span style=\"font-size: 14pt;\">Durante su intervenci\u00f3n, Franjul llam\u00f3 a reforzar la \u00e9tica period\u00edstica frente al auge de la inteligencia artificial y la sobreinformaci\u00f3n, destacando que la confianza del p\u00fablico sigue siendo el principal activo de los medios de comunicaci\u00f3n.<\/span><\/p>\n<div style=\"text-align: justify;\">\n<div class=\"trv-player-container\">\n<div class=\"trv-wrapper\">\n<div id=\"br_video_player_550f66817f5c9d43623272815b3a9cc6c8f5c2a8\" class=\"trvd_video_player trvdinstream\">\n<div class=\"media-player\">\n<div class=\"trv-video\">\n<div id=\"truvid_ima_container95124\" class=\"truvid_ima_container trv-ima-container-hidden\">\u00a0<\/div>\n<\/div>\n<\/div>\n<\/div>\n<\/div>\n<\/div>\n<\/div>\n<p id=\"m25997-25996-25998\" style=\"text-align: justify;\"><span style=\"font-size: 14pt;\">\u201cEl compromiso esencial del periodismo permanece inalterable: informar con veracidad y servir de intermediario entre la sociedad y el poder\u201d, expres\u00f3, al tiempo que subray\u00f3 la necesidad de vigilar de forma permanente a las autoridades en los \u00e1mbitos pol\u00edtico, econ\u00f3mico y social, promoviendo la transparencia y la rendici\u00f3n de cuentas.<\/span><\/p>\n<p id=\"m26002-26001-26003\" style=\"text-align: justify;\"><span style=\"font-size: 14pt;\">El director period\u00edstico enfatiz\u00f3 que los medios constituyen un pilar fundamental de la democracia, al propiciar el debate, el pluralismo y la denuncia de la corrupci\u00f3n, adem\u00e1s de dar voz a los sectores m\u00e1s vulnerables.<\/span><\/p>\n<p id=\"m26007-26006-26008\" style=\"text-align: justify;\"><span style=\"font-size: 14pt;\">Advirti\u00f3, sin embargo, que en la era digital el ejercicio period\u00edstico enfrenta distorsiones derivadas del uso irresponsable de la libertad de expresi\u00f3n, por lo que insisti\u00f3 en que no basta con informar, sino que es imprescindible contextualizar, interpretar y verificar los contenidos para evitar la desinformaci\u00f3n.<\/span><\/p>\n<h3 class=\"c-detail__destacado\" style=\"text-align: justify;\"><span style=\"font-size: 14pt;\">Distinci\u00f3n del CDP<\/span><\/h3>\n<p id=\"m26012-26011-26013\" style=\"text-align: justify;\"><span style=\"font-size: 14pt;\">Al concluir la exposici\u00f3n del director de List\u00edn Diario, Miguel Franjul; el secretario general del CDP, seccional Santiago, Carlos Arroyo, junto a miembros de su directiva, le entreg\u00f3 un pergamino de reconocimiento por sus aportes al periodismo dominicano y su trayectoria sustentada en a\u00f1os de experiencia y conocimiento.<\/span><\/p>\n<h3 class=\"c-detail__destacado\" style=\"text-align: justify;\"><span style=\"font-size: 14pt;\">Reencuentro.<\/span><\/h3>\n<p id=\"m26017-26016-26018\" style=\"text-align: justify;\"><span style=\"font-size: 14pt;\">Miguel Franjul agradeci\u00f3 la distinci\u00f3n y expres\u00f3 que, al reencontrarse con tantos amigos y colegas en Santiago, se siente \u201cun santiaguero m\u00e1s\u201d.<\/span><\/p>\n<p id=\"m26022-26021-26023\" style=\"text-align: justify;\"><span style=\"font-size: 14pt;\">Asimismo, reconoci\u00f3 el crecimiento de nuevos actores en el ecosistema comunicacional, como creadores de contenido y plataformas digitales, que han ampliado el acceso a la informaci\u00f3n, aunque se\u00f1al\u00f3 que toda comunicaci\u00f3n responsable debe aspirar a est\u00e1ndares \u00e9ticos que garanticen la credibilidad.<\/span><\/p>\n<p id=\"m26027-26026-26028\" style=\"text-align: justify;\"><span style=\"font-size: 14pt;\">El conversatorio fue conducido por los periodistas Guillermo Saleta e Indira V\u00e1squez, y cont\u00f3 con la participaci\u00f3n de profesionales de la comunicaci\u00f3n, estudiantes y j\u00f3venes interesados en incursionar en el periodismo.<\/span><\/p>\n<h3 class=\"c-detail__destacado\" style=\"text-align: justify;\"><span style=\"font-size: 14pt;\">Llamado a la \u00e9tica y la responsabilidad<\/span><\/h3>\n<p id=\"m26032-26031-26033\" style=\"text-align: justify;\"><span style=\"font-size: 14pt;\">Al ofrecer las palabras de bienvenida, el secretario general del CDP en Santiago, Carlos Arroyo, resalt\u00f3 que el ejercicio del periodismo debe sostenerse en una lucha constante por la verdad, el respeto y la solidaridad con la audiencia.<\/span><\/p>\n<p id=\"m26037-26036-26038\" style=\"text-align: justify;\"><span style=\"font-size: 14pt;\">Subray\u00f3 que, pese a los avances tecnol\u00f3gicos, la esencia del oficio no ha cambiado y debe estar guiada por una verdad verificada, valiente y con sentido humano.<\/span><\/p>\n<p id=\"m26042-26041-26043\" style=\"text-align: justify;\"><span style=\"font-size: 14pt;\">Arroyo advirti\u00f3 sobre los riesgos de subordinar el contenido informativo a intereses publicitarios, se\u00f1alando que cuando el compromiso con el anunciante prevalece sobre el lector, el periodismo pierde su esencia y se convierte en propaganda.<\/span><\/p>\n<p id=\"m26047-26046-26048\" style=\"text-align: justify;\"><span style=\"font-size: 14pt;\">Finalmente, sostuvo que la credibilidad es el principal patrimonio de los medios de comunicaci\u00f3n, y que sacrificar el rigor por la inmediatez o la b\u00fasqueda de audiencia impacta negativamente su reputaci\u00f3n.<\/span><\/p>\n<p id=\"m26052-26051-26053\" style=\"text-align: justify;\"><span style=\"font-size: 14pt;\">La actividad reuni\u00f3 a periodistas, estudiantes y j\u00f3venes interesados en la comunicaci\u00f3n, consolid\u00e1ndose como un espacio de reflexi\u00f3n sobre los desaf\u00edos y responsabilidades del periodismo en la era digital.<\/span><\/p>\n<\/div>\n<div style=\"text-align: justify;\">\u00a0<\/div>\n\n\n<div class=\"wp-block-group\"><div class=\"wp-block-group__inner-container is-layout-constrained wp-block-group-is-layout-constrained\">\n<div id=\"DenunciayAPP\" class=\"wp-block-group\"><div class=\"wp-block-group__inner-container is-layout-constrained wp-block-group-is-layout-constrained\">\n<p><a href=\"https:\/\/whatsapp.com\/channel\/0029Va88WGP2ER6ZxD6TCa3U\" target=\"_blank\" rel=\"noopener\"><img loading=\"lazy\" decoding=\"async\" class=\"aligncenter size-full wp-image-155512\" src=\"https:\/\/infoelnuevonorte.com\/wp-content\/uploads\/2025\/10\/Canal-whatsapp-infoenn.jpeg\" alt=\"\" width=\"2046\" height=\"554\" srcset=\"https:\/\/infoelnuevonorte.com\/wp-content\/uploads\/2025\/10\/Canal-whatsapp-infoenn.jpeg 2046w, https:\/\/infoelnuevonorte.com\/wp-content\/uploads\/2025\/10\/Canal-whatsapp-infoenn-300x81.jpeg 300w, https:\/\/infoelnuevonorte.com\/wp-content\/uploads\/2025\/10\/Canal-whatsapp-infoenn-1024x277.jpeg 1024w, https:\/\/infoelnuevonorte.com\/wp-content\/uploads\/2025\/10\/Canal-whatsapp-infoenn-768x208.jpeg 768w, https:\/\/infoelnuevonorte.com\/wp-content\/uploads\/2025\/10\/Canal-whatsapp-infoenn-1536x416.jpeg 1536w, https:\/\/infoelnuevonorte.com\/wp-content\/uploads\/2025\/10\/Canal-whatsapp-infoenn-1551x420.jpeg 1551w, https:\/\/infoelnuevonorte.com\/wp-content\/uploads\/2025\/10\/Canal-whatsapp-infoenn-150x41.jpeg 150w, https:\/\/infoelnuevonorte.com\/wp-content\/uploads\/2025\/10\/Canal-whatsapp-infoenn-696x188.jpeg 696w, https:\/\/infoelnuevonorte.com\/wp-content\/uploads\/2025\/10\/Canal-whatsapp-infoenn-1068x289.jpeg 1068w, https:\/\/infoelnuevonorte.com\/wp-content\/uploads\/2025\/10\/Canal-whatsapp-infoenn-1920x520.jpeg 1920w\" sizes=\"(max-width: 2046px) 100vw, 2046px\" \/><\/a><\/p>\n<p>\ud83d\udd17 S\u00edguenos en nuestras redes:<br data-start=\"2686\" data-end=\"2689\" \/><a href=\"https:\/\/x.com\/Elnuevo_norte\">X<\/a> | <a class=\"\" href=\"https:\/\/t.me\/infoenn\" target=\"_new\" rel=\"noopener\" data-start=\"2757\" data-end=\"2789\">Telegram<\/a> | <a class=\"\" href=\"https:\/\/instagram.com\/noticiasenn1?r=nametag\" target=\"_new\" rel=\"noopener\" data-start=\"2792\" data-end=\"2849\">Instagram<\/a><br data-start=\"2849\" data-end=\"2852\" \/><a class=\"\" href=\"https:\/\/www.facebook.com\/infoenn\" target=\"_new\" rel=\"noopener\" data-start=\"2852\" data-end=\"2896\">Facebook<\/a> | <a class=\"\" href=\"https:\/\/www.threads.net\/@noticiasenn1\" target=\"_new\" rel=\"noopener\" data-start=\"2899\" data-end=\"2947\">Threads<\/a> | <a class=\"\" href=\"https:\/\/www.youtube.com\/channel\/UCZZJg_scU1p_c6cvyCHY48A\" target=\"_new\" rel=\"noopener\" data-start=\"2950\" data-end=\"3017\" data-is-last-node=\"\">YouTube<\/a><\/p>\n<p>\ud83d\ude4f \u00a1Tu apoyo es importante!<\/p>\n<p>\ud83d\udd3bDESCARGAR NUESTRA APP \"<span style=\"color: #0000ff;\"><strong>Info ENN<\/strong><\/span>\"<\/p>\n\n\n\n<div class=\"wp-block-buttons is-content-justification-left is-layout-flex wp-container-core-buttons-is-layout-1 wp-block-buttons-is-layout-flex\">\n<div class=\"wp-block-button is-style-3d\"><a class=\"wp-block-button__link has-white-background-color has-background wp-element-button\" href=\"https:\/\/apps.apple.com\/do\/app\/infoenn\/id6503000762\"><img loading=\"lazy\" decoding=\"async\" width=\"150\" height=\"50\" class=\"wp-image-104096\" style=\"width: 150px;\" src=\"https:\/\/infoelnuevonorte.com\/wp-content\/uploads\/2025\/05\/Download_on_the_App_Store_RGB_blk.svg_.png\" alt=\"\" srcset=\"https:\/\/infoelnuevonorte.com\/wp-content\/uploads\/2025\/05\/Download_on_the_App_Store_RGB_blk.svg_.png 1280w, https:\/\/infoelnuevonorte.com\/wp-content\/uploads\/2025\/05\/Download_on_the_App_Store_RGB_blk.svg_-300x100.png 300w, https:\/\/infoelnuevonorte.com\/wp-content\/uploads\/2025\/05\/Download_on_the_App_Store_RGB_blk.svg_-1024x342.png 1024w, https:\/\/infoelnuevonorte.com\/wp-content\/uploads\/2025\/05\/Download_on_the_App_Store_RGB_blk.svg_-768x257.png 768w, https:\/\/infoelnuevonorte.com\/wp-content\/uploads\/2025\/05\/Download_on_the_App_Store_RGB_blk.svg_-1256x420.png 1256w, https:\/\/infoelnuevonorte.com\/wp-content\/uploads\/2025\/05\/Download_on_the_App_Store_RGB_blk.svg_-150x50.png 150w, https:\/\/infoelnuevonorte.com\/wp-content\/uploads\/2025\/05\/Download_on_the_App_Store_RGB_blk.svg_-696x233.png 696w, https:\/\/infoelnuevonorte.com\/wp-content\/uploads\/2025\/05\/Download_on_the_App_Store_RGB_blk.svg_-1068x357.png 1068w, https:\/\/infoelnuevonorte.com\/wp-content\/uploads\/2025\/05\/Download_on_the_App_Store_RGB_blk.svg_-200x67.png 200w\" sizes=\"(max-width: 150px) 100vw, 150px\" \/><\/a><\/div>\n<\/div>\n\n\n\n<div class=\"wp-block-buttons is-layout-flex wp-block-buttons-is-layout-flex\">\n<div class=\"wp-block-button is-style-3d td_btn_large\"><a class=\"wp-block-button__link has-white-background-color has-background wp-element-button\" href=\"https:\/\/mega.nz\/file\/vRhVTJBD#6P0Os8p_y2oJgZIa__7dhjqdpW42XJ_cY3zmbyxVohM\" target=\"_blank\" rel=\"noreferrer noopener\"><mark style=\"background-color:rgba(0, 0, 0, 0)\" class=\"has-inline-color has-light-green-cyan-color\"><img loading=\"lazy\" decoding=\"async\" width=\"150\" height=\"49\" class=\"wp-image-104095\" style=\"width: 150px;\" src=\"https:\/\/infoelnuevonorte.com\/wp-content\/uploads\/2025\/05\/badge-google-play-and-app-store-button-download-free-png.webp\" alt=\"\" srcset=\"https:\/\/infoelnuevonorte.com\/wp-content\/uploads\/2025\/05\/badge-google-play-and-app-store-button-download-free-png.webp 1920w, https:\/\/infoelnuevonorte.com\/wp-content\/uploads\/2025\/05\/badge-google-play-and-app-store-button-download-free-png-300x98.webp 300w, https:\/\/infoelnuevonorte.com\/wp-content\/uploads\/2025\/05\/badge-google-play-and-app-store-button-download-free-png-1024x335.webp 1024w, https:\/\/infoelnuevonorte.com\/wp-content\/uploads\/2025\/05\/badge-google-play-and-app-store-button-download-free-png-768x252.webp 768w, https:\/\/infoelnuevonorte.com\/wp-content\/uploads\/2025\/05\/badge-google-play-and-app-store-button-download-free-png-1536x503.webp 1536w, https:\/\/infoelnuevonorte.com\/wp-content\/uploads\/2025\/05\/badge-google-play-and-app-store-button-download-free-png-1282x420.webp 1282w, https:\/\/infoelnuevonorte.com\/wp-content\/uploads\/2025\/05\/badge-google-play-and-app-store-button-download-free-png-150x49.webp 150w, https:\/\/infoelnuevonorte.com\/wp-content\/uploads\/2025\/05\/badge-google-play-and-app-store-button-download-free-png-696x228.webp 696w, https:\/\/infoelnuevonorte.com\/wp-content\/uploads\/2025\/05\/badge-google-play-and-app-store-button-download-free-png-1068x350.webp 1068w, https:\/\/infoelnuevonorte.com\/wp-content\/uploads\/2025\/05\/badge-google-play-and-app-store-button-download-free-png-200x66.webp 200w\" sizes=\"(max-width: 150px) 100vw, 150px\" \/><\/mark><\/a><\/div>\n<\/div>\n\n\n\n<p style=\"text-align: justify;\"><strong data-start=\"0\" data-end=\"18\" data-is-only-node=\"\"><a href=\"https:\/\/infoelnuevonorte.com\/\"><img loading=\"lazy\" decoding=\"async\" class=\" wp-image-159681 alignleft\" src=\"https:\/\/infoelnuevonorte.com\/wp-content\/uploads\/2025\/11\/Logo-3d-infoenn-con-fondo-blanco.jpg\" alt=\"\" width=\"240\" height=\"86\" srcset=\"https:\/\/infoelnuevonorte.com\/wp-content\/uploads\/2025\/11\/Logo-3d-infoenn-con-fondo-blanco.jpg 1696w, https:\/\/infoelnuevonorte.com\/wp-content\/uploads\/2025\/11\/Logo-3d-infoenn-con-fondo-blanco-300x108.jpg 300w, https:\/\/infoelnuevonorte.com\/wp-content\/uploads\/2025\/11\/Logo-3d-infoenn-con-fondo-blanco-1024x367.jpg 1024w, https:\/\/infoelnuevonorte.com\/wp-content\/uploads\/2025\/11\/Logo-3d-infoenn-con-fondo-blanco-768x275.jpg 768w, https:\/\/infoelnuevonorte.com\/wp-content\/uploads\/2025\/11\/Logo-3d-infoenn-con-fondo-blanco-1536x551.jpg 1536w, https:\/\/infoelnuevonorte.com\/wp-content\/uploads\/2025\/11\/Logo-3d-infoenn-con-fondo-blanco-1172x420.jpg 1172w, https:\/\/infoelnuevonorte.com\/wp-content\/uploads\/2025\/11\/Logo-3d-infoenn-con-fondo-blanco-150x54.jpg 150w, https:\/\/infoelnuevonorte.com\/wp-content\/uploads\/2025\/11\/Logo-3d-infoenn-con-fondo-blanco-696x250.jpg 696w, https:\/\/infoelnuevonorte.com\/wp-content\/uploads\/2025\/11\/Logo-3d-infoenn-con-fondo-blanco-1068x383.jpg 1068w\" sizes=\"(max-width: 240px) 100vw, 240px\" \/><\/a>El Nuevo Norte<\/strong> es un peri\u00f3dico digital dominicano fundado el <strong data-start=\"65\" data-end=\"90\">12 de febrero de 2006<\/strong> por el periodista <strong data-start=\"109\" data-end=\"129\">Junior Henr\u00edquez<\/strong>, quien funge como director y fundador. A trav\u00e9s de la web <strong data-start=\"188\" data-end=\"212\">infoelnuevonorte.com<\/strong>, el medio ofrece informaci\u00f3n veraz y oportuna sobre los acontecimientos sociales, pol\u00edticos, comunitarios y de actualidad general, tanto a nivel nacional como internacional, promoviendo un periodismo responsable, participativo y comprometido con la libre expresi\u00f3n y el fortalecimiento de la democracia informativa.<\/p>\n<\/div><\/div>\n<\/div><\/div>\n","protected":false},"excerpt":{"rendered":"<p>La Alcald\u00eda de Santiago, a trav\u00e9s del Concejo de Regidores, declar\u00f3 como \u201cHijo Adoptivo\u201d de esta ciudad al periodista Miguel Franjul, en un acto donde le entregaron el un pergamino con la distinci\u00f3n, mediante la resoluci\u00f3n No. 3504-26. La iniciativa fue presentada por el alcalde Ulises Rodr\u00edguez y cont\u00f3 con el respaldo del presidente del [&hellip;]<\/p>\n","protected":false},"author":2,"featured_media":211895,"comment_status":"closed","ping_status":"open","sticky":false,"template":"","format":"standard","meta":{"footnotes":""},"categories":[5],"tags":[],"yoast_head":"<!-- This site is optimized with the Yoast SEO plugin v24.5 - https:\/\/yoast.com\/wordpress\/plugins\/seo\/ -->\n<title>Alcald\u00eda de Santiago y CDP reconocen a Miguel Franjul | El Nuevo Norte<\/title>\n<meta name=\"robots\" content=\"index, follow, max-snippet:-1, max-image-preview:large, max-video-preview:-1\" \/>\n<link rel=\"canonical\" href=\"https:\/\/infoelnuevonorte.com\/?p=211892\" \/>\n<meta property=\"og:locale\" content=\"es_ES\" \/>\n<meta property=\"og:type\" content=\"article\" \/>\n<meta property=\"og:title\" content=\"Alcald\u00eda de Santiago y CDP reconocen a Miguel Franjul | El Nuevo Norte\" \/>\n<meta property=\"og:description\" content=\"La Alcald\u00eda de Santiago, a trav\u00e9s del Concejo de Regidores, declar\u00f3 como \u201cHijo Adoptivo\u201d de esta ciudad al periodista Miguel Franjul, en un acto donde le entregaron el un pergamino con la distinci\u00f3n, mediante la resoluci\u00f3n No. 3504-26. La iniciativa fue presentada por el alcalde Ulises Rodr\u00edguez y cont\u00f3 con el respaldo del presidente del [&hellip;]\" \/>\n<meta property=\"og:url\" content=\"https:\/\/infoelnuevonorte.com\/?p=211892\" \/>\n<meta property=\"og:site_name\" content=\"El Nuevo Norte\" \/>\n<meta property=\"article:publisher\" content=\"https:\/\/www.facebook.com\/infoenn\" \/>\n<meta property=\"article:published_time\" content=\"2026-04-23T14:52:16+00:00\" \/>\n<meta property=\"article:modified_time\" content=\"2026-04-23T14:52:17+00:00\" \/>\n<meta property=\"og:image\" content=\"https:\/\/infoelnuevonorte.com\/wp-content\/uploads\/2026\/04\/descarga-2026-04-23T105134.590.png\" \/>\n\t<meta property=\"og:image:width\" content=\"800\" \/>\n\t<meta property=\"og:image:height\" content=\"600\" \/>\n\t<meta property=\"og:image:type\" content=\"image\/png\" \/>\n<meta name=\"author\" content=\"T. R.\" \/>\n<meta name=\"twitter:card\" content=\"summary_large_image\" \/>\n<meta name=\"twitter:creator\" content=\"@Elnuevo_norte\" \/>\n<meta name=\"twitter:site\" content=\"@Elnuevo_norte\" \/>\n<meta name=\"twitter:label1\" content=\"Written by\" \/>\n\t<meta name=\"twitter:data1\" content=\"T. R.\" \/>\n\t<meta name=\"twitter:label2\" content=\"Est. reading time\" \/>\n\t<meta name=\"twitter:data2\" content=\"5 minutos\" \/>\n<script type=\"application\/ld+json\" class=\"yoast-schema-graph\">{\"@context\":\"https:\/\/schema.org\",\"@graph\":[{\"@type\":\"Article\",\"@id\":\"https:\/\/infoelnuevonorte.com\/?p=211892#article\",\"isPartOf\":{\"@id\":\"https:\/\/infoelnuevonorte.com\/?p=211892\"},\"author\":{\"name\":\"T. R.\",\"@id\":\"https:\/\/infoelnuevonorte.com\/#\/schema\/person\/3accb35eb55f55e96c492b52d085a403\"},\"headline\":\"Alcald\u00eda de Santiago y CDP reconocen a Miguel Franjul\",\"datePublished\":\"2026-04-23T14:52:16+00:00\",\"dateModified\":\"2026-04-23T14:52:17+00:00\",\"mainEntityOfPage\":{\"@id\":\"https:\/\/infoelnuevonorte.com\/?p=211892\"},\"wordCount\":695,\"publisher\":{\"@id\":\"https:\/\/infoelnuevonorte.com\/#organization\"},\"image\":{\"@id\":\"https:\/\/infoelnuevonorte.com\/?p=211892#primaryimage\"},\"thumbnailUrl\":\"https:\/\/infoelnuevonorte.com\/wp-content\/uploads\/2026\/04\/descarga-2026-04-23T105134.590.png\",\"articleSection\":[\"Del Norte\"],\"inLanguage\":\"es-DO\"},{\"@type\":\"WebPage\",\"@id\":\"https:\/\/infoelnuevonorte.com\/?p=211892\",\"url\":\"https:\/\/infoelnuevonorte.com\/?p=211892\",\"name\":\"Alcald\u00eda de Santiago y CDP reconocen a Miguel Franjul | El Nuevo Norte\",\"isPartOf\":{\"@id\":\"https:\/\/infoelnuevonorte.com\/#website\"},\"primaryImageOfPage\":{\"@id\":\"https:\/\/infoelnuevonorte.com\/?p=211892#primaryimage\"},\"image\":{\"@id\":\"https:\/\/infoelnuevonorte.com\/?p=211892#primaryimage\"},\"thumbnailUrl\":\"https:\/\/infoelnuevonorte.com\/wp-content\/uploads\/2026\/04\/descarga-2026-04-23T105134.590.png\",\"datePublished\":\"2026-04-23T14:52:16+00:00\",\"dateModified\":\"2026-04-23T14:52:17+00:00\",\"breadcrumb\":{\"@id\":\"https:\/\/infoelnuevonorte.com\/?p=211892#breadcrumb\"},\"inLanguage\":\"es-DO\",\"potentialAction\":[{\"@type\":\"ReadAction\",\"target\":[\"https:\/\/infoelnuevonorte.com\/?p=211892\"]}]},{\"@type\":\"ImageObject\",\"inLanguage\":\"es-DO\",\"@id\":\"https:\/\/infoelnuevonorte.com\/?p=211892#primaryimage\",\"url\":\"https:\/\/infoelnuevonorte.com\/wp-content\/uploads\/2026\/04\/descarga-2026-04-23T105134.590.png\",\"contentUrl\":\"https:\/\/infoelnuevonorte.com\/wp-content\/uploads\/2026\/04\/descarga-2026-04-23T105134.590.png\",\"width\":800,\"height\":600},{\"@type\":\"BreadcrumbList\",\"@id\":\"https:\/\/infoelnuevonorte.com\/?p=211892#breadcrumb\",\"itemListElement\":[{\"@type\":\"ListItem\",\"position\":1,\"name\":\"Home\",\"item\":\"https:\/\/infoelnuevonorte.com\/\"},{\"@type\":\"ListItem\",\"position\":2,\"name\":\"Alcald\u00eda de Santiago y CDP reconocen a Miguel Franjul\"}]},{\"@type\":\"WebSite\",\"@id\":\"https:\/\/infoelnuevonorte.com\/#website\",\"url\":\"https:\/\/infoelnuevonorte.com\/\",\"name\":\"InfoEnn\",\"description\":\"Tu Voz, tu Verdad, tu Diario!!!\",\"publisher\":{\"@id\":\"https:\/\/infoelnuevonorte.com\/#organization\"},\"alternateName\":\"El Nuevo Norte\",\"potentialAction\":[{\"@type\":\"SearchAction\",\"target\":{\"@type\":\"EntryPoint\",\"urlTemplate\":\"https:\/\/infoelnuevonorte.com\/?s={search_term_string}\"},\"query-input\":{\"@type\":\"PropertyValueSpecification\",\"valueRequired\":true,\"valueName\":\"search_term_string\"}}],\"inLanguage\":\"es-DO\"},{\"@type\":\"Organization\",\"@id\":\"https:\/\/infoelnuevonorte.com\/#organization\",\"name\":\"Info El Nuevo Norte\",\"alternateName\":\"El Nuevo Norte\",\"url\":\"https:\/\/infoelnuevonorte.com\/\",\"logo\":{\"@type\":\"ImageObject\",\"inLanguage\":\"es-DO\",\"@id\":\"https:\/\/infoelnuevonorte.com\/#\/schema\/logo\/image\/\",\"url\":\"https:\/\/infoelnuevonorte.com\/wp-content\/uploads\/2026\/02\/Logo-Info-enn-3d-20ani.jpeg\",\"contentUrl\":\"https:\/\/infoelnuevonorte.com\/wp-content\/uploads\/2026\/02\/Logo-Info-enn-3d-20ani.jpeg\",\"width\":2046,\"height\":736,\"caption\":\"Info El Nuevo Norte\"},\"image\":{\"@id\":\"https:\/\/infoelnuevonorte.com\/#\/schema\/logo\/image\/\"},\"sameAs\":[\"https:\/\/www.facebook.com\/infoenn\",\"https:\/\/x.com\/Elnuevo_norte\",\"https:\/\/www.instagram.com\/infoenn\",\"https:\/\/www.facebook.com\/ENNRD\"]},{\"@type\":\"Person\",\"@id\":\"https:\/\/infoelnuevonorte.com\/#\/schema\/person\/3accb35eb55f55e96c492b52d085a403\",\"name\":\"T. R.\",\"image\":{\"@type\":\"ImageObject\",\"inLanguage\":\"es-DO\",\"@id\":\"https:\/\/infoelnuevonorte.com\/#\/schema\/person\/image\/\",\"url\":\"https:\/\/secure.gravatar.com\/avatar\/40543a038bda97abdb765b1662e9677d?s=96&d=robohash&r=g\",\"contentUrl\":\"https:\/\/secure.gravatar.com\/avatar\/40543a038bda97abdb765b1662e9677d?s=96&d=robohash&r=g\",\"caption\":\"T. R.\"},\"url\":\"https:\/\/infoelnuevonorte.com\/?author=2\"}]}<\/script>\n<!-- \/ Yoast SEO plugin. -->","yoast_head_json":{"title":"Alcald\u00eda de Santiago y CDP reconocen a Miguel Franjul | El Nuevo Norte","robots":{"index":"index","follow":"follow","max-snippet":"max-snippet:-1","max-image-preview":"max-image-preview:large","max-video-preview":"max-video-preview:-1"},"canonical":"https:\/\/infoelnuevonorte.com\/?p=211892","og_locale":"es_ES","og_type":"article","og_title":"Alcald\u00eda de Santiago y CDP reconocen a Miguel Franjul | El Nuevo Norte","og_description":"La Alcald\u00eda de Santiago, a trav\u00e9s del Concejo de Regidores, declar\u00f3 como \u201cHijo Adoptivo\u201d de esta ciudad al periodista Miguel Franjul, en un acto donde le entregaron el un pergamino con la distinci\u00f3n, mediante la resoluci\u00f3n No. 3504-26. La iniciativa fue presentada por el alcalde Ulises Rodr\u00edguez y cont\u00f3 con el respaldo del presidente del [&hellip;]","og_url":"https:\/\/infoelnuevonorte.com\/?p=211892","og_site_name":"El Nuevo Norte","article_publisher":"https:\/\/www.facebook.com\/infoenn","article_published_time":"2026-04-23T14:52:16+00:00","article_modified_time":"2026-04-23T14:52:17+00:00","og_image":[{"width":800,"height":600,"url":"https:\/\/infoelnuevonorte.com\/wp-content\/uploads\/2026\/04\/descarga-2026-04-23T105134.590.png","type":"image\/png"}],"author":"T. R.","twitter_card":"summary_large_image","twitter_creator":"@Elnuevo_norte","twitter_site":"@Elnuevo_norte","twitter_misc":{"Written by":"T. R.","Est. reading time":"5 minutos"},"schema":{"@context":"https:\/\/schema.org","@graph":[{"@type":"Article","@id":"https:\/\/infoelnuevonorte.com\/?p=211892#article","isPartOf":{"@id":"https:\/\/infoelnuevonorte.com\/?p=211892"},"author":{"name":"T. R.","@id":"https:\/\/infoelnuevonorte.com\/#\/schema\/person\/3accb35eb55f55e96c492b52d085a403"},"headline":"Alcald\u00eda de Santiago y CDP reconocen a Miguel Franjul","datePublished":"2026-04-23T14:52:16+00:00","dateModified":"2026-04-23T14:52:17+00:00","mainEntityOfPage":{"@id":"https:\/\/infoelnuevonorte.com\/?p=211892"},"wordCount":695,"publisher":{"@id":"https:\/\/infoelnuevonorte.com\/#organization"},"image":{"@id":"https:\/\/infoelnuevonorte.com\/?p=211892#primaryimage"},"thumbnailUrl":"https:\/\/infoelnuevonorte.com\/wp-content\/uploads\/2026\/04\/descarga-2026-04-23T105134.590.png","articleSection":["Del Norte"],"inLanguage":"es-DO"},{"@type":"WebPage","@id":"https:\/\/infoelnuevonorte.com\/?p=211892","url":"https:\/\/infoelnuevonorte.com\/?p=211892","name":"Alcald\u00eda de Santiago y CDP reconocen a Miguel Franjul | El Nuevo Norte","isPartOf":{"@id":"https:\/\/infoelnuevonorte.com\/#website"},"primaryImageOfPage":{"@id":"https:\/\/infoelnuevonorte.com\/?p=211892#primaryimage"},"image":{"@id":"https:\/\/infoelnuevonorte.com\/?p=211892#primaryimage"},"thumbnailUrl":"https:\/\/infoelnuevonorte.com\/wp-content\/uploads\/2026\/04\/descarga-2026-04-23T105134.590.png","datePublished":"2026-04-23T14:52:16+00:00","dateModified":"2026-04-23T14:52:17+00:00","breadcrumb":{"@id":"https:\/\/infoelnuevonorte.com\/?p=211892#breadcrumb"},"inLanguage":"es-DO","potentialAction":[{"@type":"ReadAction","target":["https:\/\/infoelnuevonorte.com\/?p=211892"]}]},{"@type":"ImageObject","inLanguage":"es-DO","@id":"https:\/\/infoelnuevonorte.com\/?p=211892#primaryimage","url":"https:\/\/infoelnuevonorte.com\/wp-content\/uploads\/2026\/04\/descarga-2026-04-23T105134.590.png","contentUrl":"https:\/\/infoelnuevonorte.com\/wp-content\/uploads\/2026\/04\/descarga-2026-04-23T105134.590.png","width":800,"height":600},{"@type":"BreadcrumbList","@id":"https:\/\/infoelnuevonorte.com\/?p=211892#breadcrumb","itemListElement":[{"@type":"ListItem","position":1,"name":"Home","item":"https:\/\/infoelnuevonorte.com\/"},{"@type":"ListItem","position":2,"name":"Alcald\u00eda de Santiago y CDP reconocen a Miguel Franjul"}]},{"@type":"WebSite","@id":"https:\/\/infoelnuevonorte.com\/#website","url":"https:\/\/infoelnuevonorte.com\/","name":"InfoEnn","description":"Tu Voz, tu Verdad, tu Diario!!!","publisher":{"@id":"https:\/\/infoelnuevonorte.com\/#organization"},"alternateName":"El Nuevo Norte","potentialAction":[{"@type":"SearchAction","target":{"@type":"EntryPoint","urlTemplate":"https:\/\/infoelnuevonorte.com\/?s={search_term_string}"},"query-input":{"@type":"PropertyValueSpecification","valueRequired":true,"valueName":"search_term_string"}}],"inLanguage":"es-DO"},{"@type":"Organization","@id":"https:\/\/infoelnuevonorte.com\/#organization","name":"Info El Nuevo Norte","alternateName":"El Nuevo Norte","url":"https:\/\/infoelnuevonorte.com\/","logo":{"@type":"ImageObject","inLanguage":"es-DO","@id":"https:\/\/infoelnuevonorte.com\/#\/schema\/logo\/image\/","url":"https:\/\/infoelnuevonorte.com\/wp-content\/uploads\/2026\/02\/Logo-Info-enn-3d-20ani.jpeg","contentUrl":"https:\/\/infoelnuevonorte.com\/wp-content\/uploads\/2026\/02\/Logo-Info-enn-3d-20ani.jpeg","width":2046,"height":736,"caption":"Info El Nuevo Norte"},"image":{"@id":"https:\/\/infoelnuevonorte.com\/#\/schema\/logo\/image\/"},"sameAs":["https:\/\/www.facebook.com\/infoenn","https:\/\/x.com\/Elnuevo_norte","https:\/\/www.instagram.com\/infoenn","https:\/\/www.facebook.com\/ENNRD"]},{"@type":"Person","@id":"https:\/\/infoelnuevonorte.com\/#\/schema\/person\/3accb35eb55f55e96c492b52d085a403","name":"T. R.","image":{"@type":"ImageObject","inLanguage":"es-DO","@id":"https:\/\/infoelnuevonorte.com\/#\/schema\/person\/image\/","url":"https:\/\/secure.gravatar.com\/avatar\/40543a038bda97abdb765b1662e9677d?s=96&d=robohash&r=g","contentUrl":"https:\/\/secure.gravatar.com\/avatar\/40543a038bda97abdb765b1662e9677d?s=96&d=robohash&r=g","caption":"T. R."},"url":"https:\/\/infoelnuevonorte.com\/?author=2"}]}},"_links":{"self":[{"href":"https:\/\/infoelnuevonorte.com\/index.php?rest_route=\/wp\/v2\/posts\/211892"}],"collection":[{"href":"https:\/\/infoelnuevonorte.com\/index.php?rest_route=\/wp\/v2\/posts"}],"about":[{"href":"https:\/\/infoelnuevonorte.com\/index.php?rest_route=\/wp\/v2\/types\/post"}],"author":[{"embeddable":true,"href":"https:\/\/infoelnuevonorte.com\/index.php?rest_route=\/wp\/v2\/users\/2"}],"replies":[{"embeddable":true,"href":"https:\/\/infoelnuevonorte.com\/index.php?rest_route=%2Fwp%2Fv2%2Fcomments&post=211892"}],"version-history":[{"count":1,"href":"https:\/\/infoelnuevonorte.com\/index.php?rest_route=\/wp\/v2\/posts\/211892\/revisions"}],"predecessor-version":[{"id":211896,"href":"https:\/\/infoelnuevonorte.com\/index.php?rest_route=\/wp\/v2\/posts\/211892\/revisions\/211896"}],"wp:featuredmedia":[{"embeddable":true,"href":"https:\/\/infoelnuevonorte.com\/index.php?rest_route=\/wp\/v2\/media\/211895"}],"wp:attachment":[{"href":"https:\/\/infoelnuevonorte.com\/index.php?rest_route=%2Fwp%2Fv2%2Fmedia&parent=211892"}],"wp:term":[{"taxonomy":"category","embeddable":true,"href":"https:\/\/infoelnuevonorte.com\/index.php?rest_route=%2Fwp%2Fv2%2Fcategories&post=211892"},{"taxonomy":"post_tag","embeddable":true,"href":"https:\/\/infoelnuevonorte.com\/index.php?rest_route=%2Fwp%2Fv2%2Ftags&post=211892"}],"curies":[{"name":"wp","href":"https:\/\/api.w.org\/{rel}","templated":true}]}}