{"id":211955,"date":"2026-04-23T13:08:54","date_gmt":"2026-04-23T17:08:54","guid":{"rendered":"https:\/\/infoelnuevonorte.com\/?p=211955"},"modified":"2026-04-23T13:08:55","modified_gmt":"2026-04-23T17:08:55","slug":"coks-feenstra-psicologa-infantil-experta-en-gemelos-vestirlos-igual-no-afecta-su-identidad-y-separarlos-en-la-escuela-no-los-fortalece","status":"publish","type":"post","link":"https:\/\/infoelnuevonorte.com\/?p=211955","title":{"rendered":"Coks Feenstra, psic\u00f3loga infantil experta en gemelos: \u201cVestirlos igual no afecta su identidad, y separarlos en la escuela no los fortalece\u201d"},"content":{"rendered":"\n<h2 class=\"wp-block-heading\"><\/h2>\n\n\n<div class=\"StoryTextContainer vsmcontent\" data-mrf-recirculation=\"Article Body\">\n<div id=\"cuerpo\">\n<div id=\"element-body-0\" class=\"sc-45461e9c-0 eqiBeF container-text text-embed \">\n<!--[if lt IE 9]><script>document.createElement('audio');<\/script><![endif]-->\n<audio class=\"wp-audio-shortcode\" id=\"audio-211955-1\" preload=\"none\" style=\"width: 100%;\" controls=\"controls\"><source type=\"audio\/mpeg\" src=\"https:\/\/infoelnuevonorte.com\/wp-content\/uploads\/2026\/04\/ttsmaker-vip-file-2026-4-23-13-8-12.mp3?_=1\" \/><a href=\"https:\/\/infoelnuevonorte.com\/wp-content\/uploads\/2026\/04\/ttsmaker-vip-file-2026-4-23-13-8-12.mp3\">https:\/\/infoelnuevonorte.com\/wp-content\/uploads\/2026\/04\/ttsmaker-vip-file-2026-4-23-13-8-12.mp3<\/a><\/audio>\n<p style=\"text-align: justify;\"><span style=\"font-size: 14pt;\">\u00bfEs cierto que los hermanos gemelos se entienden sin hablar? \u00bfSiempre se llevan bien? \u00bfConviene vestirlos igual? \u00bfEs mejor que est\u00e9n separados en la escuela? La holandesa\u00a0<strong>Coks Feenstra\u00a0<\/strong>es psic\u00f3loga infantil,\u00a0<strong>experta en gemelos<\/strong>\u00a0y desde hace d\u00e9cadas estudia esta relaci\u00f3n tan particular. Tras la reciente publicaci\u00f3n de su segundo libro sobre el tema,\u00a0<em>Gemelos en el aula\u00a0<\/em>(Plataforma Editorial), convers\u00f3 con\u00a0<strong>Clar\u00edn\u00a0<\/strong>y asegur\u00f3 que \u201ccuando en la escuela se los separa demasiado pronto, muchos gemelos tienen ansiedad, se sienten solos y no rinden igual\u201d.<\/span><\/p>\n<\/div>\n<div id=\"element-body-1\" class=\"sc-45461e9c-0 eqiBeF container-text text-embed \" style=\"text-align: justify;\">\n<p><span style=\"font-size: 14pt;\">Coks -que<strong>\u00a0vive en Espa\u00f1a\u00a0<\/strong>desde hace 40 a\u00f1os- parte de la base de que \u201cla relaci\u00f3n entre estos ni\u00f1os, sean id\u00e9nticos o mellizos, es siempre\u00a0<strong>m\u00e1s fuerte<\/strong>; tienen un\u00a0<strong>mayor apego<\/strong>\u00a0por haber compartido la vida prenatal que el lazo que tenemos hermanos y hermanas de diferente parto\u201d.<\/span><\/p>\n<\/div>\n<div id=\"element-body-2\" class=\"sc-45461e9c-0 eqiBeF container-text text-embed \" style=\"text-align: justify;\">\n<p><span style=\"font-size: 14pt;\">Su inter\u00e9s en los gemelos se remonta a su ni\u00f1ez, cuando a\u00fan hoy, a los 73 a\u00f1os, recuerda que<strong>\u00a0jugaba con sus \u201cmu\u00f1ecas gemelas\u201d<\/strong>. Luego de estudiar psicolog\u00eda, empez\u00f3 a trabajar en una revista (Crecer feliz), donde recib\u00eda muchas cartas que ped\u00edan informaci\u00f3n sobre gemelos. Pero cuando fue a buscar bibliograf\u00eda sobre<strong>\u00a0crianza de m\u00faltiples<\/strong>, no encontr\u00f3.<\/span><\/p>\n<\/div>\n<div class=\"sc-737fb80f-7 kWynJk bannerCollapse\" style=\"text-align: justify;\">\n<div id=\"div-gpt-ad-inread\" class=\"sc-10da7756-0 SbnZj bannerSRA\" data-google-query-id=\"COWM8MG4hJQDFcL40gQd9JA1uQ\">\n<div id=\"google_ads_iframe_\/242767168\/clarin\/familias\/nota\/inread_0__container__\">\n<div id=\"vr-0584c34ebg8-viralize-wide-wrapper\" class=\"vr-0584c34ebg8-reset vr-0584c34ebg8-brand-showheroes\">\n<div id=\"vr-0584c34ebg8-wrapper\" class=\"vr-0584c34ebg8-aspect-ratio-landscape\">\n<div id=\"vr-0584c34ebg8-responsive\">\u00a0<\/div>\n<\/div>\n<\/div>\n<\/div>\n<\/div>\n<\/div>\n<div id=\"element-body-3\" class=\"sc-98b114a2-0 bkqiHH image-embed  image-embed \" style=\"text-align: justify;\"><span style=\"font-size: 14pt;\"><span style=\"font-size: 14pt;\"><picture class=\"sc-98b114a2-1 jRUlDm\"><source srcset=\"https:\/\/www.clarin.com\/img\/2026\/04\/15\/MZ2hax7qG_720x0__1.jpg\" media=\"(min-width: 975px)\" \/><\/picture><\/span><\/span>\n<figure style=\"width: 720px\" class=\"wp-caption alignnone\"><img loading=\"lazy\" decoding=\"async\" src=\"https:\/\/www.clarin.com\/img\/2026\/04\/15\/MZ2hax7qG_720x0__1.jpg\" alt=\"Coks Feenstra, psic\u00f3loga infantil experta en gemelos, autora de El gran libro de los gemelos y Gemelos en el aula.\" width=\"720\" height=\"480\" data-nimg=\"1\" \/><figcaption class=\"wp-caption-text\">Coks Feenstra, psic\u00f3loga infantil experta en gemelos, autora de El gran libro de los gemelos y Gemelos en el aula.<\/figcaption><\/figure>\n<\/div>\n<div id=\"element-body-4\" class=\"sc-45461e9c-0 eqiBeF container-text text-embed \" style=\"text-align: justify;\">\n<p><span style=\"font-size: 14pt;\">La editora de la revista le sugiri\u00f3 que se encargara de investigar. As\u00ed fue como naci\u00f3 su primer libro,\u00a0<em>El gran libro de los gemelos<\/em>, en 1999, cuando ya era madre de<strong>\u00a0tres hijos<\/strong>. Este a\u00f1o, ya con cuatro nietos, acaba de publicar un nuevo volumen, enfocado en la vida en el aula.<\/span><\/p>\n<\/div>\n<div id=\"element-body-5\" class=\"sc-45461e9c-0 eqiBeF container-text text-embed \" style=\"text-align: justify;\">\n<p><span style=\"font-size: 14pt;\">Antes de continuar, la explicaci\u00f3n a una duda usual:\u00a0<strong>\u00bfcu\u00e1l es la diferencia entre mellizos y gemelos?\u00a0<\/strong>Aqu\u00ed va:\u00a0<strong>son gemelos\u00a0<\/strong>(id\u00e9nticos) aquellos que nacen de un \u00f3vulo fecundado que se divide, por lo que son o dos ni\u00f1os o dos ni\u00f1as que se parecen mucho; y\u00a0<strong>son mellizos\u00a0<\/strong>aquellos que nacen de dos \u00f3vulos fecundados en el mismo ciclo menstrual, por lo que en este caso pueden ser del mismo sexo, o no (un ni\u00f1o y una ni\u00f1a).<\/span><\/p>\n<\/div>\n<div id=\"element-body-6\" class=\"sc-45461e9c-0 eqiBeF container-text text-embed \" style=\"text-align: justify;\">\n<h2><span style=\"font-size: 14pt;\">Gemelos y mellizos en la escuela: \u00bfes mejor que est\u00e9n separados?<\/span><\/h2>\n<\/div>\n<div id=\"element-body-8\" class=\"sc-45461e9c-0 eqiBeF container-text text-embed \" style=\"text-align: justify;\">\n<p><span style=\"font-size: 14pt;\"><strong>&#8211; En tu \u00faltimo libro habl\u00e1s sobre la vida de los gemelos en la escuela y las decisiones que los rodean. \u00bfCu\u00e1ndo los gemelos deben estar juntos, y cu\u00e1ndo separados?<\/strong><\/span><\/p>\n<\/div>\n<div id=\"element-body-9\" class=\"sc-45461e9c-0 eqiBeF container-text text-embed \" style=\"text-align: justify;\">\n<p><span style=\"font-size: 14pt;\">&#8211; Hay un\u00a0<strong>mito bastante arraigado\u00a0<\/strong>que dice que se tienen que separar, para que cada uno encuentre su identidad. Pero los estudios muestran todo lo contrario.<\/span><\/p>\n<\/div>\n<div id=\"element-body-10\" class=\"sc-45461e9c-0 eqiBeF container-text text-embed \" style=\"text-align: justify;\">\n<p><span style=\"font-size: 14pt;\">Porque no se tiene en cuenta que<strong>\u00a0tienen una relaci\u00f3n muy estrecha<\/strong>, y cuando empiezan la vida escolar (a los 3 \u00f3 4 a\u00f1os), son todav\u00eda muy peque\u00f1os. Entonces,\u00a0<strong>si se rompe esta cercan\u00eda, sufren una doble separaci\u00f3n: de los padres y del hermano gemelo<\/strong>.<\/span><\/p>\n<\/div>\n<div id=\"element-body-11\" class=\"sc-98b114a2-0 bkqiHH image-embed  image-embed \" style=\"text-align: justify;\"><span style=\"font-size: 14pt;\"><span style=\"font-size: 14pt;\"><picture class=\"sc-98b114a2-1 jRUlDm\"><source srcset=\"https:\/\/www.clarin.com\/img\/2026\/04\/15\/O9htivwc2_720x0__1.jpg\" media=\"(min-width: 975px)\" \/><\/picture><\/span><\/span>\n<figure style=\"width: 720px\" class=\"wp-caption alignnone\"><img loading=\"lazy\" decoding=\"async\" src=\"https:\/\/www.clarin.com\/img\/2026\/04\/15\/O9htivwc2_720x0__1.jpg\" alt=\"&quot;Hay un mito que dice que hay que separar a los gemelos para que cada uno encuentre su identidad, pero los estudios muestran todo lo contrario&quot;. Foto: ilustraci\u00f3n Shutterstock.\" width=\"720\" height=\"480\" data-nimg=\"1\" \/><figcaption class=\"wp-caption-text\">\"Hay un mito que dice que hay que separar a los gemelos para que cada uno encuentre su identidad, pero los estudios muestran todo lo contrario\".<\/figcaption><\/figure>\n<\/div>\n<div class=\"sc-98b114a2-0 bkqiHH image-embed  image-embed \" style=\"text-align: justify;\">\u00a0<\/div>\n<div id=\"element-body-12\" class=\"sc-45461e9c-0 eqiBeF container-text text-embed \" style=\"text-align: justify;\">\n<p><span style=\"font-size: 14pt;\">Los gemelos separados tienen una\u00a0<strong>adaptaci\u00f3n dif\u00edcil<\/strong>, problemas emocionales interiorizados como ansiedad, soledad, sentirse infeliz, llorar, o incluso no rinden tanto como otros ni\u00f1os que est\u00e1n con su hermano gemelo, porque no pueden prestar tanta atenci\u00f3n porque su mente est\u00e1 intranquila. Es decir, existen consecuencias por la separaci\u00f3n, mientras que\u00a0<strong>no hay un efecto positivo sobre la independencia<\/strong>.<\/span><\/p>\n<\/div>\n<div id=\"element-body-13\" class=\"sc-45461e9c-0 eqiBeF container-text text-embed \" style=\"text-align: justify;\">\n<p><span style=\"font-size: 14pt;\">Al contrario, al no sentirse muy a gusto con la separaci\u00f3n, \u00bfqu\u00e9 hacen despu\u00e9s del cole?\u00a0<strong>Se buscan y ya no quieren estar separados<\/strong>: se hacen m\u00e1s dependientes uno del otro. Porque en realidad el desarrollo de la identidad es algo que depende de la educaci\u00f3n que reciben en casa, no es algo que puede fomentar el colegio con tres, o cuatro a\u00f1os. Entonces, es una idea totalmente equivocada.<\/span><\/p>\n<\/div>\n<div id=\"element-body-14\" class=\"sc-98b114a2-0 bkqiHH image-embed  image-embed \" style=\"text-align: justify;\"><span style=\"font-size: 14pt;\"><span style=\"font-size: 14pt;\"><picture class=\"sc-98b114a2-1 jRUlDm\"><source srcset=\"https:\/\/www.clarin.com\/img\/2026\/04\/15\/aYPmrQ7md_720x0__1.jpg\" media=\"(min-width: 975px)\" \/><\/picture><\/span><\/span>\n<figure style=\"width: 720px\" class=\"wp-caption alignnone\"><img loading=\"lazy\" decoding=\"async\" src=\"https:\/\/www.clarin.com\/img\/2026\/04\/15\/aYPmrQ7md_720x0__1.jpg\" alt=\"Gemelos en el aula, el nuevo libro de Coks Feenstra.\" width=\"720\" height=\"480\" data-nimg=\"1\" \/><figcaption class=\"wp-caption-text\">Gemelos en el aula, el nuevo libro de Coks Feenstra.<\/figcaption><\/figure>\n<\/div>\n<div class=\"sc-98b114a2-0 bkqiHH image-embed  image-embed \" style=\"text-align: justify;\">\u00a0<\/div>\n<div id=\"element-body-15\" class=\"sc-45461e9c-0 eqiBeF container-text text-embed \" style=\"text-align: justify;\">\n<p><span style=\"font-size: 14pt;\"><strong>&#8211; \u00bfY hay un momento en que consider\u00e1s que s\u00ed conviene separarlos en el colegio? \u00bfCu\u00e1ndo ser\u00eda eso?<\/strong><\/span><\/p>\n<\/div>\n<div id=\"element-body-16\" class=\"sc-45461e9c-0 eqiBeF container-text text-embed \" style=\"text-align: justify;\">\n<p><span style=\"font-size: 14pt;\">&#8211; S\u00ed, claro, puede darse un momento en que<strong>\u00a0los padres o los mismos ni\u00f1os lo ven y lo dicen<\/strong>. Pero yo\u00a0<strong>me niego a decir \u201ca qu\u00e9 edad\u201d, porque depende de muchos factores<\/strong>. Por ejemplo, hay que tener en cuenta que la relaci\u00f3n entre gemelos id\u00e9nticos es m\u00e1s fuerte que la de los mellizos. Puede que los gemelos id\u00e9nticos se queden toda la escolaridad primaria juntos y que a lo mejor en secundaria ellos mismos ya quieran tener clases separadas; o bien pasan tambi\u00e9n secundaria juntos. Tampoco es ning\u00fan problema: yo\u00a0<strong>no he visto ning\u00fan caso patol\u00f3gico por haber estado juntos toda la escolaridad<\/strong>.<\/span><\/p>\n<\/div>\n<div id=\"element-body-17\" class=\"sc-45461e9c-0 eqiBeF container-text text-embed \" style=\"text-align: justify;\">\n<p><span style=\"font-size: 14pt;\"><strong>En los mellizos se ve mucho antes ese af\u00e1n por estar separados<\/strong>, en ellos mismos o bien los padres lo notan porque hay alg\u00fan problema. Por ejemplo, uno puede ser un poco m\u00e1s listo o rinde mejor que el otro; esto es complicado para el que va un poco atr\u00e1s. Entonces, en este caso puede ser muy bueno separar, porque\u00a0<strong>as\u00ed no se comparan<\/strong>.<\/span><\/p>\n<\/div>\n<div id=\"element-body-18\" class=\"sc-45461e9c-0 eqiBeF container-text text-embed \" style=\"text-align: justify;\">\n<p><span style=\"font-size: 14pt;\">Tambi\u00e9n\u00a0<strong>puede haber una relaci\u00f3n dif\u00edcil<\/strong>. Esto lo veo m\u00e1s bien en chicos, en gemelos o mellizos que tienen una relaci\u00f3n de mucha competitividad o de mucho control. Entonces, tambi\u00e9n es un alivio tenerlos en clases separadas.<\/span><\/p>\n<\/div>\n<div id=\"element-body-19\" class=\"sc-45461e9c-0 eqiBeF container-text text-embed \" style=\"text-align: justify;\">\n<p><span style=\"font-size: 14pt;\">Y\u00a0<strong>lo que m\u00e1s claramente vemos es en mellizos ni\u00f1o y ni\u00f1a<\/strong>. Muchas veces es la ni\u00f1a la que lleva la voz cantante. Entonces all\u00ed s\u00ed que vemos que es bueno que est\u00e9n separados, para que este ni\u00f1o pueda jugar con los que \u00e9l quiera y\u00a0<strong>no estar bajo el mando de su hermana<\/strong>. Hay que ver caso por caso.<\/span><\/p>\n<\/div>\n<div id=\"element-body-20\" class=\"sc-98b114a2-0 bkqiHH image-embed  image-embed \" style=\"text-align: justify;\"><span style=\"font-size: 14pt;\"><picture class=\"sc-98b114a2-1 jRUlDm\"><source srcset=\"https:\/\/www.clarin.com\/img\/2026\/04\/15\/ici-shYDg_720x0__1.jpg\" media=\"(min-width: 975px)\" \/><img loading=\"lazy\" decoding=\"async\" src=\"https:\/\/www.clarin.com\/img\/2026\/04\/15\/ici-shYDg_720x0__1.jpg\" alt=\"&quot;Muchas veces malinterpretan las conductas de los gemelos&quot;. Foto: ilustraci\u00f3n Shutterstock.\" width=\"720\" height=\"480\" data-nimg=\"1\" \/><\/picture><\/span><\/div>\n<div class=\"sc-98b114a2-0 bkqiHH image-embed  image-embed \" style=\"text-align: justify;\"><span class=\"epigraphe\" style=\"font-size: 14pt;\" aria-hidden=\"true\">\"Muchas veces malinterpretan las conductas de los gemelos\". Foto: ilustraci\u00f3n Shutterstock.<\/span><\/div>\n<div id=\"element-body-21\" class=\"sc-45461e9c-0 eqiBeF container-text text-embed \" style=\"text-align: justify;\">\n<p><span style=\"font-size: 14pt;\"><strong>&#8211; En este sentido, dec\u00eds que muchas veces se confunde afectividad con dependencia. \u00bfPor qu\u00e9?<\/strong><\/span><\/p>\n<\/div>\n<div id=\"element-body-22\" class=\"sc-45461e9c-0 eqiBeF container-text text-embed \" style=\"text-align: justify;\">\n<p><span style=\"font-size: 14pt;\">&#8211; Porque los profesores y la sociedad en general est\u00e1n acostumbrados a una relaci\u00f3n entre hermanos de diferentes edades, y muchas veces\u00a0<strong>malinterpretan las conductas de los gemelos<\/strong>.<\/span><\/p>\n<\/div>\n<div id=\"element-body-23\" class=\"sc-45461e9c-0 eqiBeF container-text text-embed \" style=\"text-align: justify;\">\n<p><span style=\"font-size: 14pt;\">Por ejemplo, si en clase est\u00e1n juntos y la maestra le dice algo a uno y el otro viene corriendo porque quiere ver lo que le pasa al hermano, a ver si hay alg\u00fan problema. O, por ejemplo, van al patio y se toman de la mano o quieren ir juntos. Muchas veces<strong>\u00a0el colegio no est\u00e1 acostumbrado a esas conductas y muestras de cari\u00f1o<\/strong>, y lo ven como dependencia, pero yo lo veo como afectividad: se preocupan el uno por el otro, se quieren much\u00edsimo. Tambi\u00e9n se pelean, las peleas son m\u00e1s vehementes. Es la otra cara de la misma moneda.<\/span><\/p>\n<\/div>\n<div id=\"element-body-24\" class=\"sc-45461e9c-0 eqiBeF container-text text-embed \" style=\"text-align: justify;\">\n<h2><span style=\"font-size: 14pt;\">\"Vestirlos igual afecta su identidad\" y otros mitos sobre los hermanos gemelos y mellizos<\/span><\/h2>\n<\/div>\n<div id=\"element-body-25\" class=\"sc-98b114a2-0 bkqiHH image-embed  image-embed \" style=\"text-align: justify;\"><span style=\"font-size: 14pt;\"><span style=\"font-size: 14pt;\"><picture class=\"sc-98b114a2-1 jRUlDm\"><source srcset=\"https:\/\/www.clarin.com\/img\/2026\/04\/15\/6UzOWNA8y_720x0__1.jpg\" media=\"(min-width: 975px)\" \/><\/picture><\/span><\/span>\n<figure style=\"width: 720px\" class=\"wp-caption alignnone\"><img loading=\"lazy\" decoding=\"async\" src=\"https:\/\/www.clarin.com\/img\/2026\/04\/15\/6UzOWNA8y_720x0__1.jpg\" alt=\"\u00bfVestir a los mellizos igual afecta su identidad? Foto: ilustraci\u00f3n Shutterstock.\" width=\"720\" height=\"480\" data-nimg=\"1\" \/><figcaption class=\"wp-caption-text\">\u00bfVestir a los mellizos igual afecta su identidad? Foto: ilustraci\u00f3n Shutterstock.<\/figcaption><\/figure>\n<\/div>\n<div class=\"sc-98b114a2-0 bkqiHH image-embed  image-embed \" style=\"text-align: justify;\">\u00a0<\/div>\n<div id=\"element-body-26\" class=\"sc-45461e9c-0 eqiBeF container-text text-embed \" style=\"text-align: justify;\">\n<p><span style=\"font-size: 14pt;\"><strong>&#8211; \u00bfVestirlos igual afecta su identidad?<\/strong><\/span><\/p>\n<\/div>\n<div id=\"element-body-27\" class=\"sc-45461e9c-0 eqiBeF container-text text-embed \" style=\"text-align: justify;\">\n<p><span style=\"font-size: 14pt;\">&#8211; Es un mito. Siempre han dicho que \u201chay que vestirlos diferente\u201d, pero los estudios demuestran que no tiene tanto efecto.<\/span><\/p>\n<\/div>\n<div id=\"element-body-28\" class=\"sc-45461e9c-0 eqiBeF container-text text-embed \" style=\"text-align: justify;\">\n<p><span style=\"font-size: 14pt;\">Lo \u00fanico que s\u00ed les influye y que s\u00ed aconsejo a los padres tener en cuenta es\u00a0<strong>que los dem\u00e1s ni\u00f1os y los profesores sepan qui\u00e9n es qui\u00e9n<\/strong>. Y si son id\u00e9nticos (y los vestimos igual) son muy dif\u00edciles de distinguir. Entonces, sobre todo al inicio de la vida escolar, los padres pueden ayudar con la ropa poniendo, por ejemplo, a uno siempre algo azul y al otro, algo rojo.<\/span><\/p>\n<\/div>\n<div id=\"element-body-29\" class=\"sc-98b114a2-0 bkqiHH image-embed  image-embed \" style=\"text-align: justify;\"><span style=\"font-size: 14pt;\"><span style=\"font-size: 14pt;\"><picture class=\"sc-98b114a2-1 jRUlDm\"><source srcset=\"https:\/\/www.clarin.com\/img\/2026\/04\/15\/GklATZ6hR_720x0__1.jpg\" media=\"(min-width: 975px)\" \/><\/picture><\/span><\/span>\n<figure style=\"width: 720px\" class=\"wp-caption alignnone\"><img loading=\"lazy\" decoding=\"async\" src=\"https:\/\/www.clarin.com\/img\/2026\/04\/15\/GklATZ6hR_720x0__1.jpg\" alt=\"&quot;Es importante que los dem\u00e1s ni\u00f1os y los profesores sepan qui\u00e9n es qui\u00e9n&quot;. Foto: ilustraci\u00f3n Shutterstock.\" width=\"720\" height=\"480\" data-nimg=\"1\" \/><figcaption class=\"wp-caption-text\">\"Es importante que los dem\u00e1s ni\u00f1os y los profesores sepan qui\u00e9n es qui\u00e9n\". Foto: ilustraci\u00f3n Shutterstock.<\/figcaption><\/figure>\n<\/div>\n<div class=\"sc-98b114a2-0 bkqiHH image-embed  image-embed \" style=\"text-align: justify;\">\u00a0<\/div>\n<div id=\"element-body-30\" class=\"sc-45461e9c-0 eqiBeF container-text text-embed \" style=\"text-align: justify;\">\n<p><span style=\"font-size: 14pt;\"><strong>&#8211; \u00bfEs un mito que si est\u00e1n juntos hacen menos amigos?<\/strong><\/span><\/p>\n<\/div>\n<div id=\"element-body-31\" class=\"sc-45461e9c-0 eqiBeF container-text text-embed \" style=\"text-align: justify;\">\n<p><span style=\"font-size: 14pt;\">&#8211; S\u00ed,<strong>\u00a0es lo contrario, porque cuando est\u00e1n juntos est\u00e1n felices<\/strong>. Entonces cuando uno est\u00e1 feliz, entabla con mayor facilidad contacto. Cuando est\u00e1n separados est\u00e1n m\u00e1s cohibidos, introvertidos y es m\u00e1s dif\u00edcil para ellos.<\/span><\/p>\n<\/div>\n<div id=\"element-body-32\" class=\"sc-45461e9c-0 eqiBeF container-text text-embed \" style=\"text-align: justify;\">\n<p><span style=\"font-size: 14pt;\">Pero s\u00ed que hay que decir que<strong>\u00a0los id\u00e9nticos juegan mucho juntos al principio<\/strong>. Luego, a partir de los 6 o 7 a\u00f1os, ya van buscando sus propios amigos. Hay que tener en cuenta que los gemelos ya tienen un amigo, su hermano gemelo.<\/span><\/p>\n<\/div>\n<div id=\"element-body-33\" class=\"sc-45461e9c-0 eqiBeF container-text text-embed \" style=\"text-align: justify;\">\n<p><span style=\"font-size: 14pt;\"><strong>Los mellizos entablan amistades antes, porque cada uno tiene su car\u00e1cter<\/strong>, y cada uno busca un amigo parecido a su car\u00e1cter. Es un desarrollo de amistad diferente al de un ni\u00f1o que viene solo al mundo, l\u00f3gicamente.<\/span><\/p>\n<\/div>\n<div id=\"element-body-34\" class=\"sc-98b114a2-0 bkqiHH image-embed  image-embed \" style=\"text-align: justify;\">\u00a0<\/div>\n<div id=\"element-body-35\" class=\"sc-45461e9c-0 eqiBeF container-text text-embed \" style=\"text-align: justify;\">\n<p><span style=\"font-size: 14pt;\"><strong>&#8211; \u00bfPero los gemelos y mellizos\u00a0<em>siempre\u00a0<\/em>se llevan bien?<\/strong><\/span><\/p>\n<\/div>\n<div id=\"element-body-36\" class=\"sc-45461e9c-0 eqiBeF container-text text-embed \" style=\"text-align: justify;\">\n<p><span style=\"font-size: 14pt;\">&#8211;\u00a0<strong>En la mayor\u00eda de los casos se llevan bien. Pero no siempre<\/strong>. A veces tengo casos en que no pueden verse, son muy peque\u00f1os y no se buscan o se pelean.<\/span><\/p>\n<\/div>\n<div id=\"element-body-37\" class=\"sc-45461e9c-0 eqiBeF container-text text-embed \" style=\"text-align: justify;\">\n<p><span style=\"font-size: 14pt;\">La semana pasada me dijo una mam\u00e1 \u201cno pueden verse, no se buscan e incluso se pelean\u201d, pero tienen 15 meses, son muy peque\u00f1os todav\u00eda. Pero eso son excepciones. Es importante darles a cada uno su espacio, y creo que con el tiempo esos ni\u00f1os se van acoplando el uno al otro.<\/span><\/p>\n<\/div>\n<div id=\"element-body-38\" class=\"sc-45461e9c-0 eqiBeF container-text text-embed \" style=\"text-align: justify;\">\n<p><span style=\"font-size: 14pt;\">Pero es verdad que algunos tienen una relaci\u00f3n no tan bonita, quiz\u00e1s uno se siente molesto por la cercan\u00eda, o porque le quita todos los juguetes.\u00a0<strong>No siempre es todo color de rosa.<\/strong>\u00a0La\u00a0<strong>falta de tiempo individual con los padres\u00a0<\/strong>es muy importante; hay que buscar maneras de darles a cada uno su parcela de atenci\u00f3n -materna y paterna- individual.<\/span><\/p>\n<\/div>\n<div id=\"element-body-40\" class=\"sc-45461e9c-0 eqiBeF container-text text-embed \" style=\"text-align: justify;\">\n<p><span style=\"font-size: 14pt;\"><strong>&#8211; Siguiendo con los mitos, \u00bfen los trillizos siempre hay uno excluido?<\/strong><\/span><\/p>\n<\/div>\n<div id=\"element-body-41\" class=\"sc-45461e9c-0 eqiBeF container-text text-embed \" style=\"text-align: justify;\">\n<p><span style=\"font-size: 14pt;\">&#8211; No necesariamente. Muchas veces\u00a0<strong>van cambiando los patrones<\/strong>. A lo mejor durante un tiempo dos se llevan mejor -porque es m\u00e1s dif\u00edcil jugar con tres-, pero luego en otra fase eso cambia, y es otro el que est\u00e1 m\u00e1s excluido. Entonces es un mito tambi\u00e9n.<\/span><\/p>\n<\/div>\n<div id=\"element-body-43\" class=\"sc-45461e9c-0 eqiBeF container-text text-embed \" style=\"text-align: justify;\">\n<p><span style=\"font-size: 14pt;\"><strong>&#8211; \u00bfY sobre la idea de que siempre hay uno dominante?<\/strong><\/span><\/p>\n<\/div>\n<div id=\"element-body-44\" class=\"sc-45461e9c-0 eqiBeF container-text text-embed \" style=\"text-align: justify;\">\n<p><span style=\"font-size: 14pt;\">&#8211; Esto tambi\u00e9n es un mito.\u00a0<strong>En los gemelos el dominante va cambiando<\/strong>. Durante un tiempo, uno es m\u00e1s asertivo (toma las decisiones y el otro cede) y luego, el otro. \u00bfPor qu\u00e9? Porque los dos tienen un car\u00e1cter parecido, pero los dos no pueden ser l\u00edderes e igual de dominantes todo el tiempo, porque se chocar\u00edan. Entonces,\u00a0<strong>se acoplan y buscan un equilibrio<\/strong>. Incluso para los padres suele ser dif\u00edcil decir qui\u00e9n es el dominante, porque a veces dicen \u201cal principio cre\u00edamos que era Paula, pero ahora pensamos que es Martina\u201d. Va cambiando.<\/span><\/p>\n<\/div>\n<div id=\"element-body-45\" class=\"sc-45461e9c-0 eqiBeF container-text text-embed \" style=\"text-align: justify;\">\n<p><span style=\"font-size: 14pt;\"><strong>En los mellizos puede haber una dominancia m\u00e1s clara\u00a0<\/strong>(porque est\u00e1 asociado al car\u00e1cter, y uno puede ser m\u00e1s asertivo y el otro, m\u00e1s d\u00f3cil), pero tambi\u00e9n cambia. Porque de repente el ni\u00f1o \u201cm\u00e1s d\u00f3cil\u201d es el primero en andar en bicicleta, y pasa a ser \u00e9l \u201cel n\u00famero uno\u201d. Son seres en desarrollo y van cambiando con sus nuevas experiencias y habilidades.<\/span><\/p>\n<\/div>\n<div id=\"element-body-46\" class=\"sc-45461e9c-0 eqiBeF container-text text-embed \" style=\"text-align: justify;\">\n<p><span style=\"font-size: 14pt;\"><strong>La \u00fanica dominancia que vemos bastante es la de la ni\u00f1a sobre el hermano mellizo<\/strong>. Eso s\u00ed.<\/span><\/p>\n<\/div>\n<div id=\"element-body-47\" class=\"sc-98b114a2-0 bkqiHH image-embed  image-embed \" style=\"text-align: justify;\"><span style=\"font-size: 14pt;\"><span style=\"font-size: 14pt;\"><picture class=\"sc-98b114a2-1 jRUlDm\"><source srcset=\"https:\/\/www.clarin.com\/img\/2026\/04\/15\/eSjKUSzjY_720x0__1.jpg\" media=\"(min-width: 975px)\" \/><\/picture><\/span><\/span>\n<figure style=\"width: 720px\" class=\"wp-caption alignnone\"><img loading=\"lazy\" decoding=\"async\" src=\"https:\/\/www.clarin.com\/img\/2026\/04\/15\/eSjKUSzjY_720x0__1.jpg\" alt=\"Coks Feenstra es holandesa y hace 40 a\u00f1os que vive en Espa\u00f1a.\" width=\"720\" height=\"480\" data-nimg=\"1\" \/><figcaption class=\"wp-caption-text\">Coks Feenstra es holandesa y hace 40 a\u00f1os que vive en Espa\u00f1a.<\/figcaption><\/figure>\n<\/div>\n<div class=\"sc-98b114a2-0 bkqiHH image-embed  image-embed \" style=\"text-align: justify;\">\u00a0<\/div>\n<div id=\"element-body-48\" class=\"sc-45461e9c-0 eqiBeF container-text text-embed \" style=\"text-align: justify;\">\n<h2><span style=\"font-size: 14pt;\">Gemelos: errores frecuentes y desaf\u00edos a trabajar<\/span><\/h2>\n<\/div>\n<div id=\"element-body-49\" class=\"sc-45461e9c-0 eqiBeF container-text text-embed \" style=\"text-align: justify;\">\n<p><span style=\"font-size: 14pt;\"><strong>&#8211; \u00bfQu\u00e9 errores habituales cometen los adultos del entorno en relaci\u00f3n a los mellizos y gemelos?<\/strong><\/span><\/p>\n<\/div>\n<div id=\"element-body-50\" class=\"sc-45461e9c-0 eqiBeF container-text text-embed \" style=\"text-align: justify;\">\n<p><span style=\"font-size: 14pt;\">&#8211; Muchas veces preguntan\u00a0<strong>\u201c\u00bfqui\u00e9n es el m\u00e1s bueno?\u201d<\/strong>, \u201c\u00bfqui\u00e9n es el m\u00e1s listo?\u201d, \u201cqui\u00e9n es el que obedece m\u00e1s?\u201d. Estas preguntas no son muy amenas. Debemos preguntar por los nombres, desde luego, pero\u00a0<strong>evitar hacer comparaciones\u00a0<\/strong>en voz alta porque no les gusta.<\/span><\/p>\n<\/div>\n<div id=\"element-body-51\" class=\"sc-45461e9c-0 eqiBeF container-text text-embed \" style=\"text-align: justify;\">\n<p><span style=\"font-size: 14pt;\">Tambi\u00e9n los profesores a veces se confunden: si cometen los mismos errores y piensan que han copiado. Pero no,\u00a0<strong>en los gemelos id\u00e9nticos puede pasar porque tienen la misma forma de pensar<\/strong>; pueden estar separados y cometer los mismos errores, es parte de la similitud de su cerebro. A los dos les gusta estar juntos, pero tambi\u00e9n que los dos elijan jugar con bloques a lo mejor es porque es lo que m\u00e1s les gusta a los dos.<\/span><\/p>\n<\/div>\n<div id=\"element-body-52\" class=\"sc-45461e9c-0 eqiBeF container-text text-embed \" style=\"text-align: justify;\">\n<p><span style=\"font-size: 14pt;\"><strong>&#8211; \u00bfQu\u00e9 desaf\u00edos rodean a mellizos y gemelos?<\/strong><\/span><\/p>\n<\/div>\n<div id=\"element-body-53\" class=\"sc-45461e9c-0 eqiBeF container-text text-embed \" style=\"text-align: justify;\">\n<p><span style=\"font-size: 14pt;\">&#8211; El retraso en el\u00a0<strong>lenguaje<\/strong>, por ejemplo, se debe a que reciben menos atenci\u00f3n individual, ya que los padres se dirigen a los dos a la vez, o est\u00e1n vistiendo a uno mientras le hablan al otro y no tienen tanto la cara de los padres enfrente. \u00a1Y en los\u00a0<strong>trillizos\u00a0<\/strong>a\u00fan m\u00e1s! Por eso siempre es bueno buscar momentos individuales. En las ni\u00f1as se da un poco menos.<\/span><\/p>\n<\/div>\n<div id=\"element-body-54\" class=\"sc-45461e9c-0 eqiBeF container-text text-embed \" style=\"text-align: justify;\">\n<p><span style=\"font-size: 14pt;\">M\u00e1s o menos la mitad de los gemelos nace\u00a0<strong>prematura<\/strong>, antes de la semana 37, y puede arrastrar algunas consecuencias.<\/span><\/p>\n<\/div>\n<div id=\"element-body-55\" class=\"sc-45461e9c-0 eqiBeF container-text text-embed \" style=\"text-align: justify;\">\n<p><span style=\"font-size: 14pt;\"><strong>&#8211; Y sobre la comunicaci\u00f3n entre ellos, \u00bfes cierto que los gemelos se entienden \"sin hablar\"?<\/strong><\/span><\/p>\n<\/div>\n<div id=\"element-body-56\" class=\"sc-45461e9c-0 eqiBeF container-text text-embed \" style=\"text-align: justify;\">\n<p><span style=\"font-size: 14pt;\">&#8211; S\u00ed, esto es cierto. Los gemelos\u00a0<strong>se entienden a la perfecci\u00f3n, sin palabras<\/strong>. Su lenguaje, en los primeros a\u00f1os, se basa en gestos, miradas, sonidos y balbuceos. Este es otro motivo por el que el lenguaje verbal se retrasa, porque ya tienen un 'lenguaje' y tienen que cambiar su sistema. Lo tienen todos los gemelos (todos los subgrupos), pero en los gemelos id\u00e9nticos este lenguaje sin palabras a\u00fan es m\u00e1s fuerte. No es un mito.<\/span><\/p>\n<\/div>\n<div id=\"element-body-57\" class=\"sc-98b114a2-0 bkqiHH image-embed  image-embed \" style=\"text-align: justify;\"><span style=\"font-size: 14pt;\"><span style=\"font-size: 14pt;\"><picture class=\"sc-98b114a2-1 jRUlDm\"><source srcset=\"https:\/\/www.clarin.com\/img\/2026\/04\/15\/P9bAkggUD_720x0__1.jpg\" media=\"(min-width: 975px)\" \/><\/picture><\/span><\/span>\n<figure style=\"width: 720px\" class=\"wp-caption alignnone\"><img loading=\"lazy\" decoding=\"async\" src=\"https:\/\/www.clarin.com\/img\/2026\/04\/15\/P9bAkggUD_720x0__1.jpg\" alt=\"&quot;La paternidad de m\u00faltiples es m\u00e1s compleja: no solo es m\u00e1s trabajo, sino que tienen las mismas necesidades al mismo tiempo&quot;. Foto: ilustraci\u00f3n Shutterstock.\" width=\"720\" height=\"480\" data-nimg=\"1\" \/><figcaption class=\"wp-caption-text\">\"La paternidad de m\u00faltiples es m\u00e1s compleja: no solo es m\u00e1s trabajo, sino que tienen las mismas necesidades al mismo tiempo\". Foto: ilustraci\u00f3n Shutterstock.<\/figcaption><\/figure>\n<\/div>\n<div class=\"sc-98b114a2-0 bkqiHH image-embed  image-embed \" style=\"text-align: justify;\">\u00a0<\/div>\n<div id=\"element-body-58\" class=\"sc-45461e9c-0 eqiBeF container-text text-embed \" style=\"text-align: justify;\">\n<p><span style=\"font-size: 14pt;\"><strong>&#8211; \u00bfY qu\u00e9 les dir\u00edas a madres y padres de m\u00faltiples?<\/strong><\/span><\/p>\n<\/div>\n<div id=\"element-body-59\" class=\"sc-45461e9c-0 eqiBeF container-text text-embed \" style=\"text-align: justify;\">\n<p><span style=\"font-size: 14pt;\">&#8211; La paternidad de m\u00faltiples es m\u00e1s\u00a0<strong>compleja<\/strong>. No solo es m\u00e1s trabajo, es m\u00e1s compleja porque tienen las\u00a0<strong>mismas necesidades al mismo tiempo<\/strong>, pasan por las mismas fases al mismo tiempo. Normalmente si tienes dos hijos de diferentes edades, uno ya ha pasado por ejemplo la fase de las rabietas\u2026 Pero en el caso de gemelos, los padres las tienen por doble partida.<\/span><\/p>\n<\/div>\n<div id=\"element-body-60\" class=\"sc-45461e9c-0 eqiBeF container-text text-embed \" style=\"text-align: justify;\">\n<p><span style=\"font-size: 14pt;\">La relaci\u00f3n es m\u00e1s rica entre ellos, pero tambi\u00e9n m\u00e1s compleja. Es importante que los padres aprendan sobre ser gemelo, c\u00f3mo lo sienten ellos y c\u00f3mo est\u00e1n en el mundo, porque la mayor\u00eda de los padres no es gemelo.<\/span><\/p>\n<\/div>\n<div id=\"element-body-61\" class=\"sc-45461e9c-0 eqiBeF container-text text-embed \" style=\"text-align: justify;\">\n<p><span style=\"font-size: 14pt;\">Les aconsejo disfrutarlo, porque es muy bonito. Y procurar<strong>\u00a0tener ayuda<\/strong>\u00a0-sobre todo, al principio- y luego\u00a0<strong>tener momentos individuales con cada uno<\/strong>\u00a0(ir a comprar, a pasear, a la biblioteca y dedicarle este tiempo para \u201csintonizar\u201d con ese ni\u00f1o.<\/span><\/p>\n<\/div>\n<\/div>\n<\/div>\n<div class=\"sign-separator\" style=\"text-align: justify;\">\u00a0<\/div>","protected":false},"excerpt":{"rendered":"<p>\u00bfEs cierto que los hermanos gemelos se entienden sin hablar? \u00bfSiempre se llevan bien? \u00bfConviene vestirlos igual? \u00bfEs mejor que est\u00e9n separados en la escuela? La holandesa\u00a0Coks Feenstra\u00a0es psic\u00f3loga infantil,\u00a0experta en gemelos\u00a0y desde hace d\u00e9cadas estudia esta relaci\u00f3n tan particular. Tras la reciente publicaci\u00f3n de su segundo libro sobre el tema,\u00a0Gemelos en el aula\u00a0(Plataforma Editorial), [&hellip;]<\/p>\n","protected":false},"author":2,"featured_media":211957,"comment_status":"closed","ping_status":"open","sticky":false,"template":"","format":"standard","meta":{"footnotes":""},"categories":[88],"tags":[],"yoast_head":"<!-- This site is optimized with the Yoast SEO plugin v24.5 - https:\/\/yoast.com\/wordpress\/plugins\/seo\/ -->\n<title>Coks Feenstra, psic\u00f3loga infantil experta en gemelos: \u201cVestirlos igual no afecta su identidad, y separarlos en la escuela no los fortalece\u201d | El Nuevo Norte<\/title>\n<meta name=\"robots\" content=\"index, follow, max-snippet:-1, max-image-preview:large, max-video-preview:-1\" \/>\n<link rel=\"canonical\" href=\"https:\/\/infoelnuevonorte.com\/?p=211955\" \/>\n<meta property=\"og:locale\" content=\"es_ES\" \/>\n<meta property=\"og:type\" content=\"article\" \/>\n<meta property=\"og:title\" content=\"Coks Feenstra, psic\u00f3loga infantil experta en gemelos: \u201cVestirlos igual no afecta su identidad, y separarlos en la escuela no los fortalece\u201d | El Nuevo Norte\" \/>\n<meta property=\"og:description\" content=\"\u00bfEs cierto que los hermanos gemelos se entienden sin hablar? \u00bfSiempre se llevan bien? \u00bfConviene vestirlos igual? \u00bfEs mejor que est\u00e9n separados en la escuela? La holandesa\u00a0Coks Feenstra\u00a0es psic\u00f3loga infantil,\u00a0experta en gemelos\u00a0y desde hace d\u00e9cadas estudia esta relaci\u00f3n tan particular. Tras la reciente publicaci\u00f3n de su segundo libro sobre el tema,\u00a0Gemelos en el aula\u00a0(Plataforma Editorial), [&hellip;]\" \/>\n<meta property=\"og:url\" content=\"https:\/\/infoelnuevonorte.com\/?p=211955\" \/>\n<meta property=\"og:site_name\" content=\"El Nuevo Norte\" \/>\n<meta property=\"article:publisher\" content=\"https:\/\/www.facebook.com\/infoenn\" \/>\n<meta property=\"article:published_time\" content=\"2026-04-23T17:08:54+00:00\" \/>\n<meta property=\"article:modified_time\" content=\"2026-04-23T17:08:55+00:00\" \/>\n<meta property=\"og:image\" content=\"https:\/\/infoelnuevonorte.com\/wp-content\/uploads\/2026\/04\/descarga-2026-04-23T130410.197.png\" \/>\n\t<meta property=\"og:image:width\" content=\"1256\" \/>\n\t<meta property=\"og:image:height\" content=\"620\" \/>\n\t<meta property=\"og:image:type\" content=\"image\/png\" \/>\n<meta name=\"author\" content=\"T. R.\" \/>\n<meta name=\"twitter:card\" content=\"summary_large_image\" \/>\n<meta name=\"twitter:creator\" content=\"@Elnuevo_norte\" \/>\n<meta name=\"twitter:site\" content=\"@Elnuevo_norte\" \/>\n<meta name=\"twitter:label1\" content=\"Written by\" \/>\n\t<meta name=\"twitter:data1\" content=\"T. R.\" \/>\n\t<meta name=\"twitter:label2\" content=\"Est. reading time\" \/>\n\t<meta name=\"twitter:data2\" content=\"13 minutos\" \/>\n<script type=\"application\/ld+json\" class=\"yoast-schema-graph\">{\"@context\":\"https:\/\/schema.org\",\"@graph\":[{\"@type\":\"Article\",\"@id\":\"https:\/\/infoelnuevonorte.com\/?p=211955#article\",\"isPartOf\":{\"@id\":\"https:\/\/infoelnuevonorte.com\/?p=211955\"},\"author\":{\"name\":\"T. R.\",\"@id\":\"https:\/\/infoelnuevonorte.com\/#\/schema\/person\/3accb35eb55f55e96c492b52d085a403\"},\"headline\":\"Coks Feenstra, psic\u00f3loga infantil experta en gemelos: \u201cVestirlos igual no afecta su identidad, y separarlos en la escuela no los fortalece\u201d\",\"datePublished\":\"2026-04-23T17:08:54+00:00\",\"dateModified\":\"2026-04-23T17:08:55+00:00\",\"mainEntityOfPage\":{\"@id\":\"https:\/\/infoelnuevonorte.com\/?p=211955\"},\"wordCount\":2511,\"publisher\":{\"@id\":\"https:\/\/infoelnuevonorte.com\/#organization\"},\"image\":{\"@id\":\"https:\/\/infoelnuevonorte.com\/?p=211955#primaryimage\"},\"thumbnailUrl\":\"https:\/\/infoelnuevonorte.com\/wp-content\/uploads\/2026\/04\/descarga-2026-04-23T130410.197.png\",\"articleSection\":[\"Vida &amp; Estilo\"],\"inLanguage\":\"es-DO\"},{\"@type\":\"WebPage\",\"@id\":\"https:\/\/infoelnuevonorte.com\/?p=211955\",\"url\":\"https:\/\/infoelnuevonorte.com\/?p=211955\",\"name\":\"Coks Feenstra, psic\u00f3loga infantil experta en gemelos: \u201cVestirlos igual no afecta su identidad, y separarlos en la escuela no los fortalece\u201d | El Nuevo Norte\",\"isPartOf\":{\"@id\":\"https:\/\/infoelnuevonorte.com\/#website\"},\"primaryImageOfPage\":{\"@id\":\"https:\/\/infoelnuevonorte.com\/?p=211955#primaryimage\"},\"image\":{\"@id\":\"https:\/\/infoelnuevonorte.com\/?p=211955#primaryimage\"},\"thumbnailUrl\":\"https:\/\/infoelnuevonorte.com\/wp-content\/uploads\/2026\/04\/descarga-2026-04-23T130410.197.png\",\"datePublished\":\"2026-04-23T17:08:54+00:00\",\"dateModified\":\"2026-04-23T17:08:55+00:00\",\"breadcrumb\":{\"@id\":\"https:\/\/infoelnuevonorte.com\/?p=211955#breadcrumb\"},\"inLanguage\":\"es-DO\",\"potentialAction\":[{\"@type\":\"ReadAction\",\"target\":[\"https:\/\/infoelnuevonorte.com\/?p=211955\"]}]},{\"@type\":\"ImageObject\",\"inLanguage\":\"es-DO\",\"@id\":\"https:\/\/infoelnuevonorte.com\/?p=211955#primaryimage\",\"url\":\"https:\/\/infoelnuevonorte.com\/wp-content\/uploads\/2026\/04\/descarga-2026-04-23T130410.197.png\",\"contentUrl\":\"https:\/\/infoelnuevonorte.com\/wp-content\/uploads\/2026\/04\/descarga-2026-04-23T130410.197.png\",\"width\":1256,\"height\":620},{\"@type\":\"BreadcrumbList\",\"@id\":\"https:\/\/infoelnuevonorte.com\/?p=211955#breadcrumb\",\"itemListElement\":[{\"@type\":\"ListItem\",\"position\":1,\"name\":\"Home\",\"item\":\"https:\/\/infoelnuevonorte.com\/\"},{\"@type\":\"ListItem\",\"position\":2,\"name\":\"Coks Feenstra, psic\u00f3loga infantil experta en gemelos: \u201cVestirlos igual no afecta su identidad, y separarlos en la escuela no los fortalece\u201d\"}]},{\"@type\":\"WebSite\",\"@id\":\"https:\/\/infoelnuevonorte.com\/#website\",\"url\":\"https:\/\/infoelnuevonorte.com\/\",\"name\":\"InfoEnn\",\"description\":\"Tu Voz, tu Verdad, tu Diario!!!\",\"publisher\":{\"@id\":\"https:\/\/infoelnuevonorte.com\/#organization\"},\"alternateName\":\"El Nuevo Norte\",\"potentialAction\":[{\"@type\":\"SearchAction\",\"target\":{\"@type\":\"EntryPoint\",\"urlTemplate\":\"https:\/\/infoelnuevonorte.com\/?s={search_term_string}\"},\"query-input\":{\"@type\":\"PropertyValueSpecification\",\"valueRequired\":true,\"valueName\":\"search_term_string\"}}],\"inLanguage\":\"es-DO\"},{\"@type\":\"Organization\",\"@id\":\"https:\/\/infoelnuevonorte.com\/#organization\",\"name\":\"Info El Nuevo Norte\",\"alternateName\":\"El Nuevo Norte\",\"url\":\"https:\/\/infoelnuevonorte.com\/\",\"logo\":{\"@type\":\"ImageObject\",\"inLanguage\":\"es-DO\",\"@id\":\"https:\/\/infoelnuevonorte.com\/#\/schema\/logo\/image\/\",\"url\":\"https:\/\/infoelnuevonorte.com\/wp-content\/uploads\/2026\/02\/Logo-Info-enn-3d-20ani.jpeg\",\"contentUrl\":\"https:\/\/infoelnuevonorte.com\/wp-content\/uploads\/2026\/02\/Logo-Info-enn-3d-20ani.jpeg\",\"width\":2046,\"height\":736,\"caption\":\"Info El Nuevo Norte\"},\"image\":{\"@id\":\"https:\/\/infoelnuevonorte.com\/#\/schema\/logo\/image\/\"},\"sameAs\":[\"https:\/\/www.facebook.com\/infoenn\",\"https:\/\/x.com\/Elnuevo_norte\",\"https:\/\/www.instagram.com\/infoenn\",\"https:\/\/www.facebook.com\/ENNRD\"]},{\"@type\":\"Person\",\"@id\":\"https:\/\/infoelnuevonorte.com\/#\/schema\/person\/3accb35eb55f55e96c492b52d085a403\",\"name\":\"T. R.\",\"image\":{\"@type\":\"ImageObject\",\"inLanguage\":\"es-DO\",\"@id\":\"https:\/\/infoelnuevonorte.com\/#\/schema\/person\/image\/\",\"url\":\"https:\/\/secure.gravatar.com\/avatar\/40543a038bda97abdb765b1662e9677d?s=96&d=robohash&r=g\",\"contentUrl\":\"https:\/\/secure.gravatar.com\/avatar\/40543a038bda97abdb765b1662e9677d?s=96&d=robohash&r=g\",\"caption\":\"T. R.\"},\"url\":\"https:\/\/infoelnuevonorte.com\/?author=2\"}]}<\/script>\n<!-- \/ Yoast SEO plugin. -->","yoast_head_json":{"title":"Coks Feenstra, psic\u00f3loga infantil experta en gemelos: \u201cVestirlos igual no afecta su identidad, y separarlos en la escuela no los fortalece\u201d | El Nuevo Norte","robots":{"index":"index","follow":"follow","max-snippet":"max-snippet:-1","max-image-preview":"max-image-preview:large","max-video-preview":"max-video-preview:-1"},"canonical":"https:\/\/infoelnuevonorte.com\/?p=211955","og_locale":"es_ES","og_type":"article","og_title":"Coks Feenstra, psic\u00f3loga infantil experta en gemelos: \u201cVestirlos igual no afecta su identidad, y separarlos en la escuela no los fortalece\u201d | El Nuevo Norte","og_description":"\u00bfEs cierto que los hermanos gemelos se entienden sin hablar? \u00bfSiempre se llevan bien? \u00bfConviene vestirlos igual? \u00bfEs mejor que est\u00e9n separados en la escuela? La holandesa\u00a0Coks Feenstra\u00a0es psic\u00f3loga infantil,\u00a0experta en gemelos\u00a0y desde hace d\u00e9cadas estudia esta relaci\u00f3n tan particular. Tras la reciente publicaci\u00f3n de su segundo libro sobre el tema,\u00a0Gemelos en el aula\u00a0(Plataforma Editorial), [&hellip;]","og_url":"https:\/\/infoelnuevonorte.com\/?p=211955","og_site_name":"El Nuevo Norte","article_publisher":"https:\/\/www.facebook.com\/infoenn","article_published_time":"2026-04-23T17:08:54+00:00","article_modified_time":"2026-04-23T17:08:55+00:00","og_image":[{"width":1256,"height":620,"url":"https:\/\/infoelnuevonorte.com\/wp-content\/uploads\/2026\/04\/descarga-2026-04-23T130410.197.png","type":"image\/png"}],"author":"T. R.","twitter_card":"summary_large_image","twitter_creator":"@Elnuevo_norte","twitter_site":"@Elnuevo_norte","twitter_misc":{"Written by":"T. R.","Est. reading time":"13 minutos"},"schema":{"@context":"https:\/\/schema.org","@graph":[{"@type":"Article","@id":"https:\/\/infoelnuevonorte.com\/?p=211955#article","isPartOf":{"@id":"https:\/\/infoelnuevonorte.com\/?p=211955"},"author":{"name":"T. R.","@id":"https:\/\/infoelnuevonorte.com\/#\/schema\/person\/3accb35eb55f55e96c492b52d085a403"},"headline":"Coks Feenstra, psic\u00f3loga infantil experta en gemelos: \u201cVestirlos igual no afecta su identidad, y separarlos en la escuela no los fortalece\u201d","datePublished":"2026-04-23T17:08:54+00:00","dateModified":"2026-04-23T17:08:55+00:00","mainEntityOfPage":{"@id":"https:\/\/infoelnuevonorte.com\/?p=211955"},"wordCount":2511,"publisher":{"@id":"https:\/\/infoelnuevonorte.com\/#organization"},"image":{"@id":"https:\/\/infoelnuevonorte.com\/?p=211955#primaryimage"},"thumbnailUrl":"https:\/\/infoelnuevonorte.com\/wp-content\/uploads\/2026\/04\/descarga-2026-04-23T130410.197.png","articleSection":["Vida &amp; Estilo"],"inLanguage":"es-DO"},{"@type":"WebPage","@id":"https:\/\/infoelnuevonorte.com\/?p=211955","url":"https:\/\/infoelnuevonorte.com\/?p=211955","name":"Coks Feenstra, psic\u00f3loga infantil experta en gemelos: \u201cVestirlos igual no afecta su identidad, y separarlos en la escuela no los fortalece\u201d | El Nuevo Norte","isPartOf":{"@id":"https:\/\/infoelnuevonorte.com\/#website"},"primaryImageOfPage":{"@id":"https:\/\/infoelnuevonorte.com\/?p=211955#primaryimage"},"image":{"@id":"https:\/\/infoelnuevonorte.com\/?p=211955#primaryimage"},"thumbnailUrl":"https:\/\/infoelnuevonorte.com\/wp-content\/uploads\/2026\/04\/descarga-2026-04-23T130410.197.png","datePublished":"2026-04-23T17:08:54+00:00","dateModified":"2026-04-23T17:08:55+00:00","breadcrumb":{"@id":"https:\/\/infoelnuevonorte.com\/?p=211955#breadcrumb"},"inLanguage":"es-DO","potentialAction":[{"@type":"ReadAction","target":["https:\/\/infoelnuevonorte.com\/?p=211955"]}]},{"@type":"ImageObject","inLanguage":"es-DO","@id":"https:\/\/infoelnuevonorte.com\/?p=211955#primaryimage","url":"https:\/\/infoelnuevonorte.com\/wp-content\/uploads\/2026\/04\/descarga-2026-04-23T130410.197.png","contentUrl":"https:\/\/infoelnuevonorte.com\/wp-content\/uploads\/2026\/04\/descarga-2026-04-23T130410.197.png","width":1256,"height":620},{"@type":"BreadcrumbList","@id":"https:\/\/infoelnuevonorte.com\/?p=211955#breadcrumb","itemListElement":[{"@type":"ListItem","position":1,"name":"Home","item":"https:\/\/infoelnuevonorte.com\/"},{"@type":"ListItem","position":2,"name":"Coks Feenstra, psic\u00f3loga infantil experta en gemelos: \u201cVestirlos igual no afecta su identidad, y separarlos en la escuela no los fortalece\u201d"}]},{"@type":"WebSite","@id":"https:\/\/infoelnuevonorte.com\/#website","url":"https:\/\/infoelnuevonorte.com\/","name":"InfoEnn","description":"Tu Voz, tu Verdad, tu Diario!!!","publisher":{"@id":"https:\/\/infoelnuevonorte.com\/#organization"},"alternateName":"El Nuevo Norte","potentialAction":[{"@type":"SearchAction","target":{"@type":"EntryPoint","urlTemplate":"https:\/\/infoelnuevonorte.com\/?s={search_term_string}"},"query-input":{"@type":"PropertyValueSpecification","valueRequired":true,"valueName":"search_term_string"}}],"inLanguage":"es-DO"},{"@type":"Organization","@id":"https:\/\/infoelnuevonorte.com\/#organization","name":"Info El Nuevo Norte","alternateName":"El Nuevo Norte","url":"https:\/\/infoelnuevonorte.com\/","logo":{"@type":"ImageObject","inLanguage":"es-DO","@id":"https:\/\/infoelnuevonorte.com\/#\/schema\/logo\/image\/","url":"https:\/\/infoelnuevonorte.com\/wp-content\/uploads\/2026\/02\/Logo-Info-enn-3d-20ani.jpeg","contentUrl":"https:\/\/infoelnuevonorte.com\/wp-content\/uploads\/2026\/02\/Logo-Info-enn-3d-20ani.jpeg","width":2046,"height":736,"caption":"Info El Nuevo Norte"},"image":{"@id":"https:\/\/infoelnuevonorte.com\/#\/schema\/logo\/image\/"},"sameAs":["https:\/\/www.facebook.com\/infoenn","https:\/\/x.com\/Elnuevo_norte","https:\/\/www.instagram.com\/infoenn","https:\/\/www.facebook.com\/ENNRD"]},{"@type":"Person","@id":"https:\/\/infoelnuevonorte.com\/#\/schema\/person\/3accb35eb55f55e96c492b52d085a403","name":"T. R.","image":{"@type":"ImageObject","inLanguage":"es-DO","@id":"https:\/\/infoelnuevonorte.com\/#\/schema\/person\/image\/","url":"https:\/\/secure.gravatar.com\/avatar\/40543a038bda97abdb765b1662e9677d?s=96&d=robohash&r=g","contentUrl":"https:\/\/secure.gravatar.com\/avatar\/40543a038bda97abdb765b1662e9677d?s=96&d=robohash&r=g","caption":"T. R."},"url":"https:\/\/infoelnuevonorte.com\/?author=2"}]}},"_links":{"self":[{"href":"https:\/\/infoelnuevonorte.com\/index.php?rest_route=\/wp\/v2\/posts\/211955"}],"collection":[{"href":"https:\/\/infoelnuevonorte.com\/index.php?rest_route=\/wp\/v2\/posts"}],"about":[{"href":"https:\/\/infoelnuevonorte.com\/index.php?rest_route=\/wp\/v2\/types\/post"}],"author":[{"embeddable":true,"href":"https:\/\/infoelnuevonorte.com\/index.php?rest_route=\/wp\/v2\/users\/2"}],"replies":[{"embeddable":true,"href":"https:\/\/infoelnuevonorte.com\/index.php?rest_route=%2Fwp%2Fv2%2Fcomments&post=211955"}],"version-history":[{"count":1,"href":"https:\/\/infoelnuevonorte.com\/index.php?rest_route=\/wp\/v2\/posts\/211955\/revisions"}],"predecessor-version":[{"id":211958,"href":"https:\/\/infoelnuevonorte.com\/index.php?rest_route=\/wp\/v2\/posts\/211955\/revisions\/211958"}],"wp:featuredmedia":[{"embeddable":true,"href":"https:\/\/infoelnuevonorte.com\/index.php?rest_route=\/wp\/v2\/media\/211957"}],"wp:attachment":[{"href":"https:\/\/infoelnuevonorte.com\/index.php?rest_route=%2Fwp%2Fv2%2Fmedia&parent=211955"}],"wp:term":[{"taxonomy":"category","embeddable":true,"href":"https:\/\/infoelnuevonorte.com\/index.php?rest_route=%2Fwp%2Fv2%2Fcategories&post=211955"},{"taxonomy":"post_tag","embeddable":true,"href":"https:\/\/infoelnuevonorte.com\/index.php?rest_route=%2Fwp%2Fv2%2Ftags&post=211955"}],"curies":[{"name":"wp","href":"https:\/\/api.w.org\/{rel}","templated":true}]}}