{"id":212387,"date":"2026-04-24T13:34:12","date_gmt":"2026-04-24T17:34:12","guid":{"rendered":"https:\/\/infoelnuevonorte.com\/?p=212387"},"modified":"2026-04-24T13:34:14","modified_gmt":"2026-04-24T17:34:14","slug":"republica-dominicana-y-belgica-fortaleceran-cooperacion-policial-contra-el-crimen-organizado","status":"publish","type":"post","link":"https:\/\/infoelnuevonorte.com\/?p=212387","title":{"rendered":"Rep\u00fablica Dominicana y B\u00e9lgica fortalecer\u00e1n cooperaci\u00f3n policial contra el crimen organizado"},"content":{"rendered":"\n<p><a href=\"https:\/\/deultimominuto.net\/category\/nacionales\/\"><\/a><\/p>\n\n\n<div class=\"td_block_wrap tdb_single_content tdi_195 td-pb-border-top td_block_template_1 td-post-content tagdiv-type\" data-td-block-uid=\"tdi_195\">\n<div class=\"tdb-block-inner td-fix-index\">\n<!--[if lt IE 9]><script>document.createElement('audio');<\/script><![endif]-->\n<audio class=\"wp-audio-shortcode\" id=\"audio-212387-1\" preload=\"none\" style=\"width: 100%;\" controls=\"controls\"><source type=\"audio\/mpeg\" src=\"https:\/\/infoelnuevonorte.com\/wp-content\/uploads\/2026\/04\/ttsmaker-vip-file-2026-4-24-13-33-30.mp3?_=1\" \/><a href=\"https:\/\/infoelnuevonorte.com\/wp-content\/uploads\/2026\/04\/ttsmaker-vip-file-2026-4-24-13-33-30.mp3\">https:\/\/infoelnuevonorte.com\/wp-content\/uploads\/2026\/04\/ttsmaker-vip-file-2026-4-24-13-33-30.mp3<\/a><\/audio>\n<p style=\"text-align: justify;\"><span style=\"font-size: 14pt;\"><strong>Santo Domingo.-\u00a0<\/strong>Rep\u00fablica Dominicana y el<strong>\u00a0Reino de B\u00e9lgica<\/strong>\u00a0firmaron un\u00a0<strong>memorando de entendimiento<\/strong>\u00a0entre sus cuerpos policiales, para fortalecer la\u00a0<strong>cooperaci\u00f3n en la lucha contra el crimen organizado transnacional.<\/strong><\/span><\/p>\n<h2 class=\"wp-block-heading\" style=\"text-align: justify;\"><span style=\"font-size: 14pt;\">El pacto contempla la cooperaci\u00f3n en \u00e1reas como delincuencia organizada transnacional, narcotr\u00e1fico, trata de personas, ciberdelincuencia, \u00e9tica policial, polic\u00eda comunitaria e igualdad de g\u00e9nero.<\/span><\/h2>\n<p style=\"text-align: justify;\"><span style=\"font-size: 14pt;\">El acuerdo fue suscrito por el\u00a0<strong>mayor general Andr\u00e9s Modesto Cruz Cruz,<\/strong>\u00a0director de la\u00a0Polic\u00eda Nacional, y el\u00a0<strong>comisario general Eric Snoeck, en representaci\u00f3n de la Polic\u00eda Federal belga<\/strong>. El acto en el Sal\u00f3n Verde, del\u00a0<strong>Ministerio de Relaciones Exteriores,\u00a0<\/strong>cont\u00f3 con la presencia de autoridades nacionales y del pa\u00eds invitado.<\/span><\/p>\n<p style=\"text-align: justify;\"><span style=\"font-size: 14pt;\">Como testigos de honor participaron la\u00a0<strong>ministra de Interior y Polic\u00eda, Faride Raful<\/strong>\u00a0y su hom\u00f3logo de B\u00e9lgica, Bernard Quint\u00edn, quien agradeci\u00f3 la acogida y expres\u00f3 que continuar\u00e1n los esfuerzos a favor del bienestar de ambas naciones.<\/span><\/p>\n<div class=\"wp-block-image\" style=\"text-align: justify;\">\n<figure class=\"alignleft size-large is-resized\"><span style=\"font-size: 14pt;\"><img loading=\"lazy\" decoding=\"async\" class=\"wp-image-645471 lazy entered loaded\" title=\"Rep\u00fablica Dominicana y B\u00e9lgica fortalecer\u00e1n cooperaci\u00f3n policial contra el crimen organizado | 2 |\" src=\"https:\/\/cdn.deultimominuto.net\/wp-content\/uploads\/2026\/04\/cooperacion-policial-Belgica-1024x683.jpeg\" sizes=\"(max-width: 1024px) 100vw, 1024px\" srcset=\"https:\/\/cdn.deultimominuto.net\/wp-content\/uploads\/2026\/04\/cooperacion-policial-Belgica-1024x683.jpeg 1024w, https:\/\/cdn.deultimominuto.net\/wp-content\/uploads\/2026\/04\/cooperacion-policial-Belgica-392x262.jpeg 392w, https:\/\/cdn.deultimominuto.net\/wp-content\/uploads\/2026\/04\/cooperacion-policial-Belgica-768x512.jpeg 768w, https:\/\/cdn.deultimominuto.net\/wp-content\/uploads\/2026\/04\/cooperacion-policial-Belgica-96x64.jpeg 96w, https:\/\/cdn.deultimominuto.net\/wp-content\/uploads\/2026\/04\/cooperacion-policial-Belgica-192x128.jpeg 192w, https:\/\/cdn.deultimominuto.net\/wp-content\/uploads\/2026\/04\/cooperacion-policial-Belgica-150x100.jpeg 150w, https:\/\/cdn.deultimominuto.net\/wp-content\/uploads\/2026\/04\/cooperacion-policial-Belgica-300x200.jpeg 300w, https:\/\/cdn.deultimominuto.net\/wp-content\/uploads\/2026\/04\/cooperacion-policial-Belgica-696x464.jpeg 696w, https:\/\/cdn.deultimominuto.net\/wp-content\/uploads\/2026\/04\/cooperacion-policial-Belgica-1068x713.jpeg 1068w, https:\/\/cdn.deultimominuto.net\/wp-content\/uploads\/2026\/04\/cooperacion-policial-Belgica.jpeg 1280w\" alt=\"Rep\u00fablica Dominicana y B\u00e9lgica fortalecer\u00e1n cooperaci\u00f3n policial contra el crimen organizado - Noticias de hoy en Rep\u00fablica Dominicana | De \u00daltimo Minuto\" width=\"568\" height=\"379\" data-src=\"https:\/\/cdn.deultimominuto.net\/wp-content\/uploads\/2026\/04\/cooperacion-policial-Belgica-1024x683.jpeg\" data-srcset=\"https:\/\/cdn.deultimominuto.net\/wp-content\/uploads\/2026\/04\/cooperacion-policial-Belgica-1024x683.jpeg 1024w, https:\/\/cdn.deultimominuto.net\/wp-content\/uploads\/2026\/04\/cooperacion-policial-Belgica-392x262.jpeg 392w, https:\/\/cdn.deultimominuto.net\/wp-content\/uploads\/2026\/04\/cooperacion-policial-Belgica-768x512.jpeg 768w, https:\/\/cdn.deultimominuto.net\/wp-content\/uploads\/2026\/04\/cooperacion-policial-Belgica-96x64.jpeg 96w, https:\/\/cdn.deultimominuto.net\/wp-content\/uploads\/2026\/04\/cooperacion-policial-Belgica-192x128.jpeg 192w, https:\/\/cdn.deultimominuto.net\/wp-content\/uploads\/2026\/04\/cooperacion-policial-Belgica-150x100.jpeg 150w, https:\/\/cdn.deultimominuto.net\/wp-content\/uploads\/2026\/04\/cooperacion-policial-Belgica-300x200.jpeg 300w, https:\/\/cdn.deultimominuto.net\/wp-content\/uploads\/2026\/04\/cooperacion-policial-Belgica-696x464.jpeg 696w, https:\/\/cdn.deultimominuto.net\/wp-content\/uploads\/2026\/04\/cooperacion-policial-Belgica-1068x713.jpeg 1068w, https:\/\/cdn.deultimominuto.net\/wp-content\/uploads\/2026\/04\/cooperacion-policial-Belgica.jpeg 1280w\" data-sizes=\"(max-width: 1024px) 100vw, 1024px\" data-ll-status=\"loaded\" \/><\/span><\/figure>\n<\/div>\n<p style=\"text-align: justify;\"><span style=\"font-size: 14pt;\">En tanto, Raful destac\u00f3 que\u00a0<strong>este convenio representa una alianza estrat\u00e9gica para enfrentar el crimen organizado<\/strong>, en especial en el contexto de las rutas del narcotr\u00e1fico que conectan Suram\u00e9rica con Europa. \u201cCada intercambio de informaci\u00f3n con socios como B\u00e9lgica significa mayor capacidad operativa y m\u00e1s protecci\u00f3n para nuestros ciudadanos\u201d.<\/span><\/p>\n<p style=\"text-align: justify;\"><span style=\"font-size: 14pt;\">Subray\u00f3 que<strong>\u00a0B\u00e9lgica ha sido un aliado clave en iniciativas como el Programa de Control de Contenedores, el de Pasajeros y la cooperaci\u00f3n jur\u00eddica internacional<\/strong>, lo que ha permitido identificar estructuras criminales y actuar conforme a est\u00e1ndares internacionales.<\/span><\/p>\n<p style=\"text-align: justify;\"><span style=\"font-size: 14pt;\">Asimismo, se\u00f1al\u00f3 que este memorando es parte de la\u00a0<strong>reforma policial que impulsa Rep\u00fablica Dominicana<\/strong>, orientada a modernizar la formaci\u00f3n, fortalecer los controles internos e incorporar est\u00e1ndares de derechos humanos en la labor policial.<\/span><\/p>\n<blockquote class=\"wp-block-quote is-layout-flow wp-block-quote-is-layout-flow\">\n<p><span style=\"font-size: 14pt;\">\u201cB\u00e9lgica firma con una instituci\u00f3n en transformaci\u00f3n, y nosotros con una polic\u00eda con experiencia en gobernanza y formaci\u00f3n profesional. Ese es el valor de este acuerdo\u201d, expres\u00f3.<\/span><\/p>\n<\/blockquote>\n<p style=\"text-align: justify;\"><span style=\"font-size: 14pt;\">De su parte, el\u00a0<strong>ministro de Relaciones Exteriores, Roberto \u00c1lvarez,<\/strong>\u00a0expres\u00f3 su satisfacci\u00f3n por el fortalecimiento de los lazos entre ambas naciones. \u201cNos sentimos complacidos de que Rep\u00fablica Dominicana contin\u00fae las relaciones con B\u00e9lgica, con quien mantenemos 135 a\u00f1os de diplomacia y una embajada permanente\u201d.<\/span><\/p>\n<p style=\"text-align: justify;\"><span style=\"font-size: 14pt;\">En el acto tambi\u00e9n estuvieron el ministro de Defensa, teniente general Carlos Fern\u00e1ndez Onofre y el presidente de la Direcci\u00f3n Nacional de Control de Drogas, vicealmirante Jos\u00e9 Manuel Cabrera Ulloa. Por el Ministerio de Interior y Polic\u00eda Juan Ferrand, director jur\u00eddico; Trist\u00e1n Carbuccia, de gabinete y Mercedes Castillo, encargada de cooperaci\u00f3n internacional.<\/span><\/p>\n<p style=\"text-align: justify;\"><span style=\"font-size: 14pt;\">De igual forma, asistieron el general Esteban Figuereo Garc\u00eda, subdirector de la Polic\u00eda Nacional, y el coronel Roenny Cata\u00f1o, director de Cooperaci\u00f3n y Asuntos Internacionales.<\/span><\/p>\n<p style=\"text-align: justify;\"><span style=\"font-size: 14pt;\">Este convenio reafirma el\u00a0<strong>compromiso de ambos pa\u00edses con la seguridad internacional<\/strong>\u00a0y fortalece las capacidades conjuntas para prevenir y combatir el crimen organizado.<\/span><\/p>\n<\/div>\n<\/div>\n<div class=\"td_block_wrap tdb_single_tags tdi_196 td-pb-border-top td_block_template_1\" style=\"text-align: justify;\" data-td-block-uid=\"tdi_196\">\u00a0<\/div>\n\n\n<div class=\"wp-block-group\"><div class=\"wp-block-group__inner-container is-layout-constrained wp-block-group-is-layout-constrained\">\n<div id=\"DenunciayAPP\" class=\"wp-block-group\"><div class=\"wp-block-group__inner-container is-layout-constrained wp-block-group-is-layout-constrained\">\n<p><a href=\"https:\/\/whatsapp.com\/channel\/0029Va88WGP2ER6ZxD6TCa3U\" target=\"_blank\" rel=\"noopener\"><img loading=\"lazy\" decoding=\"async\" class=\"aligncenter size-full wp-image-155512\" src=\"https:\/\/infoelnuevonorte.com\/wp-content\/uploads\/2025\/10\/Canal-whatsapp-infoenn.jpeg\" alt=\"\" width=\"2046\" height=\"554\" srcset=\"https:\/\/infoelnuevonorte.com\/wp-content\/uploads\/2025\/10\/Canal-whatsapp-infoenn.jpeg 2046w, https:\/\/infoelnuevonorte.com\/wp-content\/uploads\/2025\/10\/Canal-whatsapp-infoenn-300x81.jpeg 300w, https:\/\/infoelnuevonorte.com\/wp-content\/uploads\/2025\/10\/Canal-whatsapp-infoenn-1024x277.jpeg 1024w, https:\/\/infoelnuevonorte.com\/wp-content\/uploads\/2025\/10\/Canal-whatsapp-infoenn-768x208.jpeg 768w, https:\/\/infoelnuevonorte.com\/wp-content\/uploads\/2025\/10\/Canal-whatsapp-infoenn-1536x416.jpeg 1536w, https:\/\/infoelnuevonorte.com\/wp-content\/uploads\/2025\/10\/Canal-whatsapp-infoenn-1551x420.jpeg 1551w, https:\/\/infoelnuevonorte.com\/wp-content\/uploads\/2025\/10\/Canal-whatsapp-infoenn-150x41.jpeg 150w, https:\/\/infoelnuevonorte.com\/wp-content\/uploads\/2025\/10\/Canal-whatsapp-infoenn-696x188.jpeg 696w, https:\/\/infoelnuevonorte.com\/wp-content\/uploads\/2025\/10\/Canal-whatsapp-infoenn-1068x289.jpeg 1068w, https:\/\/infoelnuevonorte.com\/wp-content\/uploads\/2025\/10\/Canal-whatsapp-infoenn-1920x520.jpeg 1920w\" sizes=\"(max-width: 2046px) 100vw, 2046px\" \/><\/a><\/p>\n<p>\ud83d\udd17 S\u00edguenos en nuestras redes:<br data-start=\"2686\" data-end=\"2689\" \/><a href=\"https:\/\/x.com\/Elnuevo_norte\">X<\/a> | <a class=\"\" href=\"https:\/\/t.me\/infoenn\" target=\"_new\" rel=\"noopener\" data-start=\"2757\" data-end=\"2789\">Telegram<\/a> | <a class=\"\" href=\"https:\/\/instagram.com\/noticiasenn1?r=nametag\" target=\"_new\" rel=\"noopener\" data-start=\"2792\" data-end=\"2849\">Instagram<\/a><br data-start=\"2849\" data-end=\"2852\" \/><a class=\"\" href=\"https:\/\/www.facebook.com\/infoenn\" target=\"_new\" rel=\"noopener\" data-start=\"2852\" data-end=\"2896\">Facebook<\/a> | <a class=\"\" href=\"https:\/\/www.threads.net\/@noticiasenn1\" target=\"_new\" rel=\"noopener\" data-start=\"2899\" data-end=\"2947\">Threads<\/a> | <a class=\"\" href=\"https:\/\/www.youtube.com\/channel\/UCZZJg_scU1p_c6cvyCHY48A\" target=\"_new\" rel=\"noopener\" data-start=\"2950\" data-end=\"3017\" data-is-last-node=\"\">YouTube<\/a><\/p>\n<p>\ud83d\ude4f \u00a1Tu apoyo es importante!<\/p>\n<p>\ud83d\udd3bDESCARGAR NUESTRA APP \"<span style=\"color: #0000ff;\"><strong>Info ENN<\/strong><\/span>\"<\/p>\n\n\n\n<div class=\"wp-block-buttons is-content-justification-left is-layout-flex wp-container-core-buttons-is-layout-1 wp-block-buttons-is-layout-flex\">\n<div class=\"wp-block-button is-style-3d\"><a class=\"wp-block-button__link has-white-background-color has-background wp-element-button\" href=\"https:\/\/apps.apple.com\/do\/app\/infoenn\/id6503000762\"><img loading=\"lazy\" decoding=\"async\" width=\"150\" height=\"50\" class=\"wp-image-104096\" style=\"width: 150px;\" src=\"https:\/\/infoelnuevonorte.com\/wp-content\/uploads\/2025\/05\/Download_on_the_App_Store_RGB_blk.svg_.png\" alt=\"\" srcset=\"https:\/\/infoelnuevonorte.com\/wp-content\/uploads\/2025\/05\/Download_on_the_App_Store_RGB_blk.svg_.png 1280w, https:\/\/infoelnuevonorte.com\/wp-content\/uploads\/2025\/05\/Download_on_the_App_Store_RGB_blk.svg_-300x100.png 300w, https:\/\/infoelnuevonorte.com\/wp-content\/uploads\/2025\/05\/Download_on_the_App_Store_RGB_blk.svg_-1024x342.png 1024w, https:\/\/infoelnuevonorte.com\/wp-content\/uploads\/2025\/05\/Download_on_the_App_Store_RGB_blk.svg_-768x257.png 768w, https:\/\/infoelnuevonorte.com\/wp-content\/uploads\/2025\/05\/Download_on_the_App_Store_RGB_blk.svg_-1256x420.png 1256w, https:\/\/infoelnuevonorte.com\/wp-content\/uploads\/2025\/05\/Download_on_the_App_Store_RGB_blk.svg_-150x50.png 150w, https:\/\/infoelnuevonorte.com\/wp-content\/uploads\/2025\/05\/Download_on_the_App_Store_RGB_blk.svg_-696x233.png 696w, https:\/\/infoelnuevonorte.com\/wp-content\/uploads\/2025\/05\/Download_on_the_App_Store_RGB_blk.svg_-1068x357.png 1068w, https:\/\/infoelnuevonorte.com\/wp-content\/uploads\/2025\/05\/Download_on_the_App_Store_RGB_blk.svg_-200x67.png 200w\" sizes=\"(max-width: 150px) 100vw, 150px\" \/><\/a><\/div>\n<\/div>\n\n\n\n<div class=\"wp-block-buttons is-layout-flex wp-block-buttons-is-layout-flex\">\n<div class=\"wp-block-button is-style-3d td_btn_large\"><a class=\"wp-block-button__link has-white-background-color has-background wp-element-button\" href=\"https:\/\/mega.nz\/file\/vRhVTJBD#6P0Os8p_y2oJgZIa__7dhjqdpW42XJ_cY3zmbyxVohM\" target=\"_blank\" rel=\"noreferrer noopener\"><mark style=\"background-color:rgba(0, 0, 0, 0)\" class=\"has-inline-color has-light-green-cyan-color\"><img loading=\"lazy\" decoding=\"async\" width=\"150\" height=\"49\" class=\"wp-image-104095\" style=\"width: 150px;\" src=\"https:\/\/infoelnuevonorte.com\/wp-content\/uploads\/2025\/05\/badge-google-play-and-app-store-button-download-free-png.webp\" alt=\"\" srcset=\"https:\/\/infoelnuevonorte.com\/wp-content\/uploads\/2025\/05\/badge-google-play-and-app-store-button-download-free-png.webp 1920w, https:\/\/infoelnuevonorte.com\/wp-content\/uploads\/2025\/05\/badge-google-play-and-app-store-button-download-free-png-300x98.webp 300w, https:\/\/infoelnuevonorte.com\/wp-content\/uploads\/2025\/05\/badge-google-play-and-app-store-button-download-free-png-1024x335.webp 1024w, https:\/\/infoelnuevonorte.com\/wp-content\/uploads\/2025\/05\/badge-google-play-and-app-store-button-download-free-png-768x252.webp 768w, https:\/\/infoelnuevonorte.com\/wp-content\/uploads\/2025\/05\/badge-google-play-and-app-store-button-download-free-png-1536x503.webp 1536w, https:\/\/infoelnuevonorte.com\/wp-content\/uploads\/2025\/05\/badge-google-play-and-app-store-button-download-free-png-1282x420.webp 1282w, https:\/\/infoelnuevonorte.com\/wp-content\/uploads\/2025\/05\/badge-google-play-and-app-store-button-download-free-png-150x49.webp 150w, https:\/\/infoelnuevonorte.com\/wp-content\/uploads\/2025\/05\/badge-google-play-and-app-store-button-download-free-png-696x228.webp 696w, https:\/\/infoelnuevonorte.com\/wp-content\/uploads\/2025\/05\/badge-google-play-and-app-store-button-download-free-png-1068x350.webp 1068w, https:\/\/infoelnuevonorte.com\/wp-content\/uploads\/2025\/05\/badge-google-play-and-app-store-button-download-free-png-200x66.webp 200w\" sizes=\"(max-width: 150px) 100vw, 150px\" \/><\/mark><\/a><\/div>\n<\/div>\n\n\n\n<p style=\"text-align: justify;\"><strong data-start=\"0\" data-end=\"18\" data-is-only-node=\"\"><a href=\"https:\/\/infoelnuevonorte.com\/\"><img loading=\"lazy\" decoding=\"async\" class=\" wp-image-159681 alignleft\" src=\"https:\/\/infoelnuevonorte.com\/wp-content\/uploads\/2025\/11\/Logo-3d-infoenn-con-fondo-blanco.jpg\" alt=\"\" width=\"240\" height=\"86\" srcset=\"https:\/\/infoelnuevonorte.com\/wp-content\/uploads\/2025\/11\/Logo-3d-infoenn-con-fondo-blanco.jpg 1696w, https:\/\/infoelnuevonorte.com\/wp-content\/uploads\/2025\/11\/Logo-3d-infoenn-con-fondo-blanco-300x108.jpg 300w, https:\/\/infoelnuevonorte.com\/wp-content\/uploads\/2025\/11\/Logo-3d-infoenn-con-fondo-blanco-1024x367.jpg 1024w, https:\/\/infoelnuevonorte.com\/wp-content\/uploads\/2025\/11\/Logo-3d-infoenn-con-fondo-blanco-768x275.jpg 768w, https:\/\/infoelnuevonorte.com\/wp-content\/uploads\/2025\/11\/Logo-3d-infoenn-con-fondo-blanco-1536x551.jpg 1536w, https:\/\/infoelnuevonorte.com\/wp-content\/uploads\/2025\/11\/Logo-3d-infoenn-con-fondo-blanco-1172x420.jpg 1172w, https:\/\/infoelnuevonorte.com\/wp-content\/uploads\/2025\/11\/Logo-3d-infoenn-con-fondo-blanco-150x54.jpg 150w, https:\/\/infoelnuevonorte.com\/wp-content\/uploads\/2025\/11\/Logo-3d-infoenn-con-fondo-blanco-696x250.jpg 696w, https:\/\/infoelnuevonorte.com\/wp-content\/uploads\/2025\/11\/Logo-3d-infoenn-con-fondo-blanco-1068x383.jpg 1068w\" sizes=\"(max-width: 240px) 100vw, 240px\" \/><\/a>El Nuevo Norte<\/strong> es un peri\u00f3dico digital dominicano fundado el <strong data-start=\"65\" data-end=\"90\">12 de febrero de 2006<\/strong> por el periodista <strong data-start=\"109\" data-end=\"129\">Junior Henr\u00edquez<\/strong>, quien funge como director y fundador. A trav\u00e9s de la web <strong data-start=\"188\" data-end=\"212\">infoelnuevonorte.com<\/strong>, el medio ofrece informaci\u00f3n veraz y oportuna sobre los acontecimientos sociales, pol\u00edticos, comunitarios y de actualidad general, tanto a nivel nacional como internacional, promoviendo un periodismo responsable, participativo y comprometido con la libre expresi\u00f3n y el fortalecimiento de la democracia informativa.<\/p>\n<\/div><\/div>\n<\/div><\/div>\n","protected":false},"excerpt":{"rendered":"<p>Santo Domingo.-\u00a0Rep\u00fablica Dominicana y el\u00a0Reino de B\u00e9lgica\u00a0firmaron un\u00a0memorando de entendimiento\u00a0entre sus cuerpos policiales, para fortalecer la\u00a0cooperaci\u00f3n en la lucha contra el crimen organizado transnacional. El pacto contempla la cooperaci\u00f3n en \u00e1reas como delincuencia organizada transnacional, narcotr\u00e1fico, trata de personas, ciberdelincuencia, \u00e9tica policial, polic\u00eda comunitaria e igualdad de g\u00e9nero. El acuerdo fue suscrito por el\u00a0mayor general [&hellip;]<\/p>\n","protected":false},"author":2,"featured_media":212389,"comment_status":"closed","ping_status":"open","sticky":false,"template":"","format":"standard","meta":{"footnotes":""},"categories":[8],"tags":[],"yoast_head":"<!-- This site is optimized with the Yoast SEO plugin v24.5 - https:\/\/yoast.com\/wordpress\/plugins\/seo\/ -->\n<title>Rep\u00fablica Dominicana y B\u00e9lgica fortalecer\u00e1n cooperaci\u00f3n policial contra el crimen organizado | El Nuevo Norte<\/title>\n<meta name=\"robots\" content=\"index, follow, max-snippet:-1, max-image-preview:large, max-video-preview:-1\" \/>\n<link rel=\"canonical\" href=\"https:\/\/infoelnuevonorte.com\/?p=212387\" \/>\n<meta property=\"og:locale\" content=\"es_ES\" \/>\n<meta property=\"og:type\" content=\"article\" \/>\n<meta property=\"og:title\" content=\"Rep\u00fablica Dominicana y B\u00e9lgica fortalecer\u00e1n cooperaci\u00f3n policial contra el crimen organizado | El Nuevo Norte\" \/>\n<meta property=\"og:description\" content=\"Santo Domingo.-\u00a0Rep\u00fablica Dominicana y el\u00a0Reino de B\u00e9lgica\u00a0firmaron un\u00a0memorando de entendimiento\u00a0entre sus cuerpos policiales, para fortalecer la\u00a0cooperaci\u00f3n en la lucha contra el crimen organizado transnacional. El pacto contempla la cooperaci\u00f3n en \u00e1reas como delincuencia organizada transnacional, narcotr\u00e1fico, trata de personas, ciberdelincuencia, \u00e9tica policial, polic\u00eda comunitaria e igualdad de g\u00e9nero. El acuerdo fue suscrito por el\u00a0mayor general [&hellip;]\" \/>\n<meta property=\"og:url\" content=\"https:\/\/infoelnuevonorte.com\/?p=212387\" \/>\n<meta property=\"og:site_name\" content=\"El Nuevo Norte\" \/>\n<meta property=\"article:publisher\" content=\"https:\/\/www.facebook.com\/infoenn\" \/>\n<meta property=\"article:published_time\" content=\"2026-04-24T17:34:12+00:00\" \/>\n<meta property=\"article:modified_time\" content=\"2026-04-24T17:34:14+00:00\" \/>\n<meta property=\"og:image\" content=\"https:\/\/infoelnuevonorte.com\/wp-content\/uploads\/2026\/04\/descarga-2026-04-24T133151.245.png\" \/>\n\t<meta property=\"og:image:width\" content=\"1000\" \/>\n\t<meta property=\"og:image:height\" content=\"500\" \/>\n\t<meta property=\"og:image:type\" content=\"image\/png\" \/>\n<meta name=\"author\" content=\"T. R.\" \/>\n<meta name=\"twitter:card\" content=\"summary_large_image\" \/>\n<meta name=\"twitter:creator\" content=\"@Elnuevo_norte\" \/>\n<meta name=\"twitter:site\" content=\"@Elnuevo_norte\" \/>\n<meta name=\"twitter:label1\" content=\"Written by\" \/>\n\t<meta name=\"twitter:data1\" content=\"T. R.\" \/>\n\t<meta name=\"twitter:label2\" content=\"Est. reading time\" \/>\n\t<meta name=\"twitter:data2\" content=\"4 minutos\" \/>\n<script type=\"application\/ld+json\" class=\"yoast-schema-graph\">{\"@context\":\"https:\/\/schema.org\",\"@graph\":[{\"@type\":\"Article\",\"@id\":\"https:\/\/infoelnuevonorte.com\/?p=212387#article\",\"isPartOf\":{\"@id\":\"https:\/\/infoelnuevonorte.com\/?p=212387\"},\"author\":{\"name\":\"T. R.\",\"@id\":\"https:\/\/infoelnuevonorte.com\/#\/schema\/person\/3accb35eb55f55e96c492b52d085a403\"},\"headline\":\"Rep\u00fablica Dominicana y B\u00e9lgica fortalecer\u00e1n cooperaci\u00f3n policial contra el crimen organizado\",\"datePublished\":\"2026-04-24T17:34:12+00:00\",\"dateModified\":\"2026-04-24T17:34:14+00:00\",\"mainEntityOfPage\":{\"@id\":\"https:\/\/infoelnuevonorte.com\/?p=212387\"},\"wordCount\":522,\"publisher\":{\"@id\":\"https:\/\/infoelnuevonorte.com\/#organization\"},\"image\":{\"@id\":\"https:\/\/infoelnuevonorte.com\/?p=212387#primaryimage\"},\"thumbnailUrl\":\"https:\/\/infoelnuevonorte.com\/wp-content\/uploads\/2026\/04\/descarga-2026-04-24T133151.245.png\",\"articleSection\":[\"Nacionales\"],\"inLanguage\":\"es-DO\"},{\"@type\":\"WebPage\",\"@id\":\"https:\/\/infoelnuevonorte.com\/?p=212387\",\"url\":\"https:\/\/infoelnuevonorte.com\/?p=212387\",\"name\":\"Rep\u00fablica Dominicana y B\u00e9lgica fortalecer\u00e1n cooperaci\u00f3n policial contra el crimen organizado | El Nuevo Norte\",\"isPartOf\":{\"@id\":\"https:\/\/infoelnuevonorte.com\/#website\"},\"primaryImageOfPage\":{\"@id\":\"https:\/\/infoelnuevonorte.com\/?p=212387#primaryimage\"},\"image\":{\"@id\":\"https:\/\/infoelnuevonorte.com\/?p=212387#primaryimage\"},\"thumbnailUrl\":\"https:\/\/infoelnuevonorte.com\/wp-content\/uploads\/2026\/04\/descarga-2026-04-24T133151.245.png\",\"datePublished\":\"2026-04-24T17:34:12+00:00\",\"dateModified\":\"2026-04-24T17:34:14+00:00\",\"breadcrumb\":{\"@id\":\"https:\/\/infoelnuevonorte.com\/?p=212387#breadcrumb\"},\"inLanguage\":\"es-DO\",\"potentialAction\":[{\"@type\":\"ReadAction\",\"target\":[\"https:\/\/infoelnuevonorte.com\/?p=212387\"]}]},{\"@type\":\"ImageObject\",\"inLanguage\":\"es-DO\",\"@id\":\"https:\/\/infoelnuevonorte.com\/?p=212387#primaryimage\",\"url\":\"https:\/\/infoelnuevonorte.com\/wp-content\/uploads\/2026\/04\/descarga-2026-04-24T133151.245.png\",\"contentUrl\":\"https:\/\/infoelnuevonorte.com\/wp-content\/uploads\/2026\/04\/descarga-2026-04-24T133151.245.png\",\"width\":1000,\"height\":500},{\"@type\":\"BreadcrumbList\",\"@id\":\"https:\/\/infoelnuevonorte.com\/?p=212387#breadcrumb\",\"itemListElement\":[{\"@type\":\"ListItem\",\"position\":1,\"name\":\"Home\",\"item\":\"https:\/\/infoelnuevonorte.com\/\"},{\"@type\":\"ListItem\",\"position\":2,\"name\":\"Rep\u00fablica Dominicana y B\u00e9lgica fortalecer\u00e1n cooperaci\u00f3n policial contra el crimen organizado\"}]},{\"@type\":\"WebSite\",\"@id\":\"https:\/\/infoelnuevonorte.com\/#website\",\"url\":\"https:\/\/infoelnuevonorte.com\/\",\"name\":\"InfoEnn\",\"description\":\"Tu Voz, tu Verdad, tu Diario!!!\",\"publisher\":{\"@id\":\"https:\/\/infoelnuevonorte.com\/#organization\"},\"alternateName\":\"El Nuevo Norte\",\"potentialAction\":[{\"@type\":\"SearchAction\",\"target\":{\"@type\":\"EntryPoint\",\"urlTemplate\":\"https:\/\/infoelnuevonorte.com\/?s={search_term_string}\"},\"query-input\":{\"@type\":\"PropertyValueSpecification\",\"valueRequired\":true,\"valueName\":\"search_term_string\"}}],\"inLanguage\":\"es-DO\"},{\"@type\":\"Organization\",\"@id\":\"https:\/\/infoelnuevonorte.com\/#organization\",\"name\":\"Info El Nuevo Norte\",\"alternateName\":\"El Nuevo Norte\",\"url\":\"https:\/\/infoelnuevonorte.com\/\",\"logo\":{\"@type\":\"ImageObject\",\"inLanguage\":\"es-DO\",\"@id\":\"https:\/\/infoelnuevonorte.com\/#\/schema\/logo\/image\/\",\"url\":\"https:\/\/infoelnuevonorte.com\/wp-content\/uploads\/2026\/02\/Logo-Info-enn-3d-20ani.jpeg\",\"contentUrl\":\"https:\/\/infoelnuevonorte.com\/wp-content\/uploads\/2026\/02\/Logo-Info-enn-3d-20ani.jpeg\",\"width\":2046,\"height\":736,\"caption\":\"Info El Nuevo Norte\"},\"image\":{\"@id\":\"https:\/\/infoelnuevonorte.com\/#\/schema\/logo\/image\/\"},\"sameAs\":[\"https:\/\/www.facebook.com\/infoenn\",\"https:\/\/x.com\/Elnuevo_norte\",\"https:\/\/www.instagram.com\/infoenn\",\"https:\/\/www.facebook.com\/ENNRD\"]},{\"@type\":\"Person\",\"@id\":\"https:\/\/infoelnuevonorte.com\/#\/schema\/person\/3accb35eb55f55e96c492b52d085a403\",\"name\":\"T. R.\",\"image\":{\"@type\":\"ImageObject\",\"inLanguage\":\"es-DO\",\"@id\":\"https:\/\/infoelnuevonorte.com\/#\/schema\/person\/image\/\",\"url\":\"https:\/\/secure.gravatar.com\/avatar\/40543a038bda97abdb765b1662e9677d?s=96&d=robohash&r=g\",\"contentUrl\":\"https:\/\/secure.gravatar.com\/avatar\/40543a038bda97abdb765b1662e9677d?s=96&d=robohash&r=g\",\"caption\":\"T. R.\"},\"url\":\"https:\/\/infoelnuevonorte.com\/?author=2\"}]}<\/script>\n<!-- \/ Yoast SEO plugin. -->","yoast_head_json":{"title":"Rep\u00fablica Dominicana y B\u00e9lgica fortalecer\u00e1n cooperaci\u00f3n policial contra el crimen organizado | El Nuevo Norte","robots":{"index":"index","follow":"follow","max-snippet":"max-snippet:-1","max-image-preview":"max-image-preview:large","max-video-preview":"max-video-preview:-1"},"canonical":"https:\/\/infoelnuevonorte.com\/?p=212387","og_locale":"es_ES","og_type":"article","og_title":"Rep\u00fablica Dominicana y B\u00e9lgica fortalecer\u00e1n cooperaci\u00f3n policial contra el crimen organizado | El Nuevo Norte","og_description":"Santo Domingo.-\u00a0Rep\u00fablica Dominicana y el\u00a0Reino de B\u00e9lgica\u00a0firmaron un\u00a0memorando de entendimiento\u00a0entre sus cuerpos policiales, para fortalecer la\u00a0cooperaci\u00f3n en la lucha contra el crimen organizado transnacional. El pacto contempla la cooperaci\u00f3n en \u00e1reas como delincuencia organizada transnacional, narcotr\u00e1fico, trata de personas, ciberdelincuencia, \u00e9tica policial, polic\u00eda comunitaria e igualdad de g\u00e9nero. El acuerdo fue suscrito por el\u00a0mayor general [&hellip;]","og_url":"https:\/\/infoelnuevonorte.com\/?p=212387","og_site_name":"El Nuevo Norte","article_publisher":"https:\/\/www.facebook.com\/infoenn","article_published_time":"2026-04-24T17:34:12+00:00","article_modified_time":"2026-04-24T17:34:14+00:00","og_image":[{"width":1000,"height":500,"url":"https:\/\/infoelnuevonorte.com\/wp-content\/uploads\/2026\/04\/descarga-2026-04-24T133151.245.png","type":"image\/png"}],"author":"T. R.","twitter_card":"summary_large_image","twitter_creator":"@Elnuevo_norte","twitter_site":"@Elnuevo_norte","twitter_misc":{"Written by":"T. R.","Est. reading time":"4 minutos"},"schema":{"@context":"https:\/\/schema.org","@graph":[{"@type":"Article","@id":"https:\/\/infoelnuevonorte.com\/?p=212387#article","isPartOf":{"@id":"https:\/\/infoelnuevonorte.com\/?p=212387"},"author":{"name":"T. R.","@id":"https:\/\/infoelnuevonorte.com\/#\/schema\/person\/3accb35eb55f55e96c492b52d085a403"},"headline":"Rep\u00fablica Dominicana y B\u00e9lgica fortalecer\u00e1n cooperaci\u00f3n policial contra el crimen organizado","datePublished":"2026-04-24T17:34:12+00:00","dateModified":"2026-04-24T17:34:14+00:00","mainEntityOfPage":{"@id":"https:\/\/infoelnuevonorte.com\/?p=212387"},"wordCount":522,"publisher":{"@id":"https:\/\/infoelnuevonorte.com\/#organization"},"image":{"@id":"https:\/\/infoelnuevonorte.com\/?p=212387#primaryimage"},"thumbnailUrl":"https:\/\/infoelnuevonorte.com\/wp-content\/uploads\/2026\/04\/descarga-2026-04-24T133151.245.png","articleSection":["Nacionales"],"inLanguage":"es-DO"},{"@type":"WebPage","@id":"https:\/\/infoelnuevonorte.com\/?p=212387","url":"https:\/\/infoelnuevonorte.com\/?p=212387","name":"Rep\u00fablica Dominicana y B\u00e9lgica fortalecer\u00e1n cooperaci\u00f3n policial contra el crimen organizado | El Nuevo Norte","isPartOf":{"@id":"https:\/\/infoelnuevonorte.com\/#website"},"primaryImageOfPage":{"@id":"https:\/\/infoelnuevonorte.com\/?p=212387#primaryimage"},"image":{"@id":"https:\/\/infoelnuevonorte.com\/?p=212387#primaryimage"},"thumbnailUrl":"https:\/\/infoelnuevonorte.com\/wp-content\/uploads\/2026\/04\/descarga-2026-04-24T133151.245.png","datePublished":"2026-04-24T17:34:12+00:00","dateModified":"2026-04-24T17:34:14+00:00","breadcrumb":{"@id":"https:\/\/infoelnuevonorte.com\/?p=212387#breadcrumb"},"inLanguage":"es-DO","potentialAction":[{"@type":"ReadAction","target":["https:\/\/infoelnuevonorte.com\/?p=212387"]}]},{"@type":"ImageObject","inLanguage":"es-DO","@id":"https:\/\/infoelnuevonorte.com\/?p=212387#primaryimage","url":"https:\/\/infoelnuevonorte.com\/wp-content\/uploads\/2026\/04\/descarga-2026-04-24T133151.245.png","contentUrl":"https:\/\/infoelnuevonorte.com\/wp-content\/uploads\/2026\/04\/descarga-2026-04-24T133151.245.png","width":1000,"height":500},{"@type":"BreadcrumbList","@id":"https:\/\/infoelnuevonorte.com\/?p=212387#breadcrumb","itemListElement":[{"@type":"ListItem","position":1,"name":"Home","item":"https:\/\/infoelnuevonorte.com\/"},{"@type":"ListItem","position":2,"name":"Rep\u00fablica Dominicana y B\u00e9lgica fortalecer\u00e1n cooperaci\u00f3n policial contra el crimen organizado"}]},{"@type":"WebSite","@id":"https:\/\/infoelnuevonorte.com\/#website","url":"https:\/\/infoelnuevonorte.com\/","name":"InfoEnn","description":"Tu Voz, tu Verdad, tu Diario!!!","publisher":{"@id":"https:\/\/infoelnuevonorte.com\/#organization"},"alternateName":"El Nuevo Norte","potentialAction":[{"@type":"SearchAction","target":{"@type":"EntryPoint","urlTemplate":"https:\/\/infoelnuevonorte.com\/?s={search_term_string}"},"query-input":{"@type":"PropertyValueSpecification","valueRequired":true,"valueName":"search_term_string"}}],"inLanguage":"es-DO"},{"@type":"Organization","@id":"https:\/\/infoelnuevonorte.com\/#organization","name":"Info El Nuevo Norte","alternateName":"El Nuevo Norte","url":"https:\/\/infoelnuevonorte.com\/","logo":{"@type":"ImageObject","inLanguage":"es-DO","@id":"https:\/\/infoelnuevonorte.com\/#\/schema\/logo\/image\/","url":"https:\/\/infoelnuevonorte.com\/wp-content\/uploads\/2026\/02\/Logo-Info-enn-3d-20ani.jpeg","contentUrl":"https:\/\/infoelnuevonorte.com\/wp-content\/uploads\/2026\/02\/Logo-Info-enn-3d-20ani.jpeg","width":2046,"height":736,"caption":"Info El Nuevo Norte"},"image":{"@id":"https:\/\/infoelnuevonorte.com\/#\/schema\/logo\/image\/"},"sameAs":["https:\/\/www.facebook.com\/infoenn","https:\/\/x.com\/Elnuevo_norte","https:\/\/www.instagram.com\/infoenn","https:\/\/www.facebook.com\/ENNRD"]},{"@type":"Person","@id":"https:\/\/infoelnuevonorte.com\/#\/schema\/person\/3accb35eb55f55e96c492b52d085a403","name":"T. R.","image":{"@type":"ImageObject","inLanguage":"es-DO","@id":"https:\/\/infoelnuevonorte.com\/#\/schema\/person\/image\/","url":"https:\/\/secure.gravatar.com\/avatar\/40543a038bda97abdb765b1662e9677d?s=96&d=robohash&r=g","contentUrl":"https:\/\/secure.gravatar.com\/avatar\/40543a038bda97abdb765b1662e9677d?s=96&d=robohash&r=g","caption":"T. R."},"url":"https:\/\/infoelnuevonorte.com\/?author=2"}]}},"_links":{"self":[{"href":"https:\/\/infoelnuevonorte.com\/index.php?rest_route=\/wp\/v2\/posts\/212387"}],"collection":[{"href":"https:\/\/infoelnuevonorte.com\/index.php?rest_route=\/wp\/v2\/posts"}],"about":[{"href":"https:\/\/infoelnuevonorte.com\/index.php?rest_route=\/wp\/v2\/types\/post"}],"author":[{"embeddable":true,"href":"https:\/\/infoelnuevonorte.com\/index.php?rest_route=\/wp\/v2\/users\/2"}],"replies":[{"embeddable":true,"href":"https:\/\/infoelnuevonorte.com\/index.php?rest_route=%2Fwp%2Fv2%2Fcomments&post=212387"}],"version-history":[{"count":1,"href":"https:\/\/infoelnuevonorte.com\/index.php?rest_route=\/wp\/v2\/posts\/212387\/revisions"}],"predecessor-version":[{"id":212390,"href":"https:\/\/infoelnuevonorte.com\/index.php?rest_route=\/wp\/v2\/posts\/212387\/revisions\/212390"}],"wp:featuredmedia":[{"embeddable":true,"href":"https:\/\/infoelnuevonorte.com\/index.php?rest_route=\/wp\/v2\/media\/212389"}],"wp:attachment":[{"href":"https:\/\/infoelnuevonorte.com\/index.php?rest_route=%2Fwp%2Fv2%2Fmedia&parent=212387"}],"wp:term":[{"taxonomy":"category","embeddable":true,"href":"https:\/\/infoelnuevonorte.com\/index.php?rest_route=%2Fwp%2Fv2%2Fcategories&post=212387"},{"taxonomy":"post_tag","embeddable":true,"href":"https:\/\/infoelnuevonorte.com\/index.php?rest_route=%2Fwp%2Fv2%2Ftags&post=212387"}],"curies":[{"name":"wp","href":"https:\/\/api.w.org\/{rel}","templated":true}]}}