{"id":212675,"date":"2026-04-25T14:38:14","date_gmt":"2026-04-25T18:38:14","guid":{"rendered":"https:\/\/infoelnuevonorte.com\/?p=212675"},"modified":"2026-04-25T14:38:16","modified_gmt":"2026-04-25T18:38:16","slug":"por-que-comer-uvas-a-diario-podria-transformar-tu-salud-intestinal-y-cerebral","status":"publish","type":"post","link":"https:\/\/infoelnuevonorte.com\/?p=212675","title":{"rendered":"\u00bfPor qu\u00e9 comer uvas a diario podr\u00eda transformar tu salud intestinal y cerebral?"},"content":{"rendered":"<!--[if lt IE 9]><script>document.createElement('audio');<\/script><![endif]-->\n<audio class=\"wp-audio-shortcode\" id=\"audio-212675-1\" preload=\"none\" style=\"width: 100%;\" controls=\"controls\"><source type=\"audio\/mpeg\" src=\"https:\/\/infoelnuevonorte.com\/wp-content\/uploads\/2026\/04\/ttsmaker-vip-file-2026-4-25-14-37-19.mp3?_=1\" \/><a href=\"https:\/\/infoelnuevonorte.com\/wp-content\/uploads\/2026\/04\/ttsmaker-vip-file-2026-4-25-14-37-19.mp3\">https:\/\/infoelnuevonorte.com\/wp-content\/uploads\/2026\/04\/ttsmaker-vip-file-2026-4-25-14-37-19.mp3<\/a><\/audio>\n<p style=\"text-align: justify;\"><span style=\"font-size: 14pt;\">La<strong>\u00a0<\/strong>uva\u00a0es una fruta rica en nutrientes y es calificada por estudios recientes como un\u00a0<strong>alimento integral<\/strong>\u00a0en humanos. Posee una capacidad para modular la\u00a0<strong>microbiota intestinal<\/strong>, el metaboloma y la expresi\u00f3n g\u00e9nica, lo que la hace clave para la\u00a0<strong>salud en general<\/strong>\u00a0y, en especial, para el\u00a0<strong>coraz\u00f3n<\/strong>, el\u00a0<strong>cerebro<\/strong>\u00a0y los\u00a0<strong>intestinos<\/strong>.<\/span><\/p>\n<p style=\"text-align: justify;\"><span style=\"font-size: 14pt;\">Una investigaci\u00f3n publicada en el\u00a0<em>Journal of Agriculture and Food Chemistry<\/em>\u00a0clasifica a la uva como un\u00a0<strong>superalimento<\/strong>, gracias a su perfil nutricional basado en datos cient\u00edficos reales, y lo asocia a beneficios para estos tres \u00f3rganos vitales.<\/span><\/p>\n<p style=\"text-align: justify;\"><span style=\"font-size: 14pt;\">Mientras que Avery Zenker (RD, MAN) explica a\u00a0<em>Real Simple<\/em>\u00a0que las\u00a0<strong>uvas moradas<\/strong>\u00a0contienen m\u00e1s\u00a0<strong>antocianinas<\/strong>\u00a0que las rojas, y muchas m\u00e1s que las verdes. Estas variedades oscuras tambi\u00e9n poseen una\u00a0<strong>capacidad antioxidante total (CAT)<\/strong>\u00a0significativamente mayor.<\/span><\/p>\n<p style=\"text-align: justify;\"><span style=\"font-size: 14pt;\">El color vibrante de las uvas moradas es, en realidad, un indicador visual de su alto contenido de\u00a0<strong>antioxidantes<\/strong>. Para notar estos beneficios, se recomienda un consumo diario de entre\u00a0<strong>una o dos tazas<\/strong>\u00a0(o entre\u00a0<strong>22 y 44 uvas<\/strong>, para ser exactos).<\/span><\/p>\n<article class=\"story__related\">\n<figure class=\"story__related-media\"><span style=\"color: #111111; font-family: Roboto, sans-serif; font-size: 14pt;\">Beneficios de las uvas y su impacto en el microbioma<\/span><\/figure>\n<\/article>\n<figure class=\"wp-block-image ch-image size-large\" style=\"text-align: justify;\"><span style=\"font-size: 14pt;\"><img class=\"lazyload generated\" srcset=\"https:\/\/eldiariony.com\/wp-content\/uploads\/sites\/2\/2026\/04\/Uva-como-una-sola-fruta-protege-tus-tres-organos-mas-vitales.jpg?fit=675,456&amp;crop=0px,0px,675px,456px\" alt=\"Comer uvas no solo deleita tu paladar, sino que act\u00faa como un escudo para tu cerebro y reduce el colesterol malo. Elige las de color m\u00e1s intenso para obtener un m\u00e1ximo de antioxidantes.\" \/><\/span>\n<figcaption class=\"wp-element-caption\"><span style=\"font-size: 14pt;\">Comer uvas no solo deleita tu paladar, sino que act\u00faa como un escudo para tu cerebro y reduce el colesterol malo. Elige las de color m\u00e1s intenso para obtener un m\u00e1ximo de antioxidantes.<\/span><\/figcaption>\n<\/figure>\n<p style=\"text-align: justify;\"><span style=\"font-size: 14pt;\">Las uvas son frutas vers\u00e1tiles que se pueden integrar a la dieta desde jugos hasta ensaladas, actuando como aliadas nutricionales para proteger nuestro\u00a0<strong>coraz\u00f3n<\/strong>\u00a0y alimentar nuestras\u00a0<strong>bacterias buenas<\/strong>.<\/span><\/p>\n<p style=\"text-align: justify;\"><span style=\"font-size: 14pt;\">Un estudio publicado por la revista especializada\u00a0<em>Nutrients<\/em>, titulado\u00a0<em>\u201cEfecto del consumo de polvo de uva estandarizado en el microbioma intestinal de sujetos sanos\u201d<\/em>, evalu\u00f3 este impacto. Tras 4 semanas de consumo, se increment\u00f3 significativamente el\u00a0<strong>\u00edndice de diversidad alfa<\/strong>, lo que significa un ecosistema bacteriano m\u00e1s\u00a0<strong>resiliente y sano<\/strong>.<\/span><\/p>\n<p style=\"text-align: justify;\"><span style=\"font-size: 14pt;\">Tambi\u00e9n se observ\u00f3 un aumento notable de\u00a0<strong>Akkermansia<\/strong>, una bacteria clave para la\u00a0<strong>salud metab\u00f3lica<\/strong>\u00a0y el revestimiento intestinal. Adem\u00e1s, aumentaron los niveles de\u00a0<strong>Flavonifractor<\/strong>\u00a0y\u00a0<strong>Lachnospiraceae_UCG-010<\/strong>, aunque se registr\u00f3 una disminuci\u00f3n en\u00a0<em>Bifidobacterium<\/em>\u00a0y\u00a0<em>Dialister<\/em>.<\/span><\/p>\n<p style=\"text-align: justify;\"><span style=\"font-size: 14pt;\">Zenker explica que se ha observado que los microbios intestinales mejoran la\u00a0<strong>biodisponibilidad de los polifenoles<\/strong>, lo que podr\u00eda aumentar sus beneficios para la salud. Sin embargo, la relaci\u00f3n entre los fitonutrientes y el microbioma a\u00fan requiere m\u00e1s investigaci\u00f3n para establecer asociaciones m\u00e1s s\u00f3lidas.<\/span><\/p>\n<h3 id=\"\" class=\"wp-block-contenthub-heading\" style=\"text-align: justify;\"><span style=\"font-size: 14pt;\">Efectos en el colesterol y la salud cardiovascular<\/span><\/h3>\n<figure class=\"wp-block-image ch-image size-large\" style=\"text-align: justify;\"><span style=\"font-size: 14pt;\"><img class=\"lazyload generated\" srcset=\"https:\/\/eldiariony.com\/wp-content\/uploads\/sites\/2\/2023\/11\/shutterstock_560611051.jpg?fit=675,451&amp;crop=0px,0px,675px,451px\" alt=\"Uva\" \/><\/span>\n<figcaption class=\"wp-element-caption\"><span style=\"font-size: 14pt;\">Las uvas contienen compuestos bioqu\u00edmicos que ayudan a la salud cardiovascular.<\/span><\/figcaption>\n<\/figure>\n<p style=\"text-align: justify;\"><span style=\"font-size: 14pt;\">Los beneficios del consumo de uvas incluyen una disminuci\u00f3n significativa del\u00a0<strong>6,1% en el colesterol total<\/strong>. En materia de\u00a0<strong>colesterol HDL<\/strong>\u00a0hubo una reducci\u00f3n del\u00a0<strong>7,6%<\/strong>, mientras que el\u00a0<strong>colesterol \u201cmalo\u201d (LDL)<\/strong>\u00a0mostr\u00f3 una tendencia descendente del\u00a0<strong>5,9%<\/strong>.<\/span><\/p>\n<p style=\"text-align: justify;\"><span style=\"font-size: 14pt;\">Los investigadores observaron adem\u00e1s una reducci\u00f3n dr\u00e1stica del\u00a0<strong>40,9% en los \u00e1cidos biliares totales<\/strong>, lo cual est\u00e1 directamente relacionado con la mejora del\u00a0<strong>metabolismo del colesterol<\/strong>.<\/span><\/p>\n<p style=\"text-align: justify;\"><span style=\"font-size: 14pt;\">La dietista especializada en cardiolog\u00eda,\u00a0<strong>Michelle Routhenstein<\/strong>, explica que las uvas son ricas en\u00a0<strong>resveratrol<\/strong>\u00a0y\u00a0<strong>proantocianidinas<\/strong>. Estos compuestos contribuyen a la\u00a0<strong>salud cardiovascular<\/strong>\u00a0al ayudar a\u00a0<strong>relajar los vasos sangu\u00edneos<\/strong>, reducir la\u00a0<strong>presi\u00f3n arterial<\/strong>\u00a0y mantener niveles saludables de l\u00edpidos en sangre. Es una protecci\u00f3n integral que empieza en el sistema circulatorio y beneficia a todo el organismo.<\/span><\/p>\n<h3 id=\"\" class=\"wp-block-contenthub-heading\" style=\"text-align: justify;\"><span style=\"font-size: 14pt;\">Apoyo a la salud cognitiva y neuronal<\/span><\/h3>\n<figure class=\"wp-block-image ch-image size-large\" style=\"text-align: justify;\"><span style=\"font-size: 14pt;\"><img class=\"lazyload generated\" srcset=\"https:\/\/eldiariony.com\/wp-content\/uploads\/sites\/2\/2022\/08\/Uvas-shutterstock_210742753.jpg?fit=675,448&amp;crop=0px,0px,675px,448px\" alt=\"Ramo de uvas\" \/><\/span>\n<figcaption class=\"wp-element-caption\"><span style=\"font-size: 14pt;\">Las uvas est\u00e1n llenas de antioxidantes, un nuevo estudio sugiere que consumirlas diariamente podr\u00eda ayudarte a vivir m\u00e1s tiempo.<\/span><\/figcaption>\n<figcaption><\/figcaption>\n<\/figure>\n<p style=\"text-align: justify;\"><span style=\"font-size: 14pt;\">Finalmente, Routhenstein afirma que la variedad de\u00a0<strong>antioxidantes<\/strong>\u00a0presentes en las uvas puede proteger las\u00a0<strong>neuronas<\/strong>\u00a0y promover una\u00a0<strong>funci\u00f3n cerebral saludable<\/strong>. Algunas investigaciones sugieren que el consumo regular de uvas puede mejorar la\u00a0<strong>funci\u00f3n cognitiva<\/strong>\u00a0y, potencialmente, reducir el riesgo de\u00a0<strong>enfermedades neurodegenerativas<\/strong>. Integrar esta fruta en la rutina diaria es, por tanto, una estrategia sencilla y deliciosa para cuidar la mente a largo plazo.<\/span><\/p>\n\n\n<div class=\"wp-block-group\"><div class=\"wp-block-group__inner-container is-layout-constrained wp-block-group-is-layout-constrained\">\n<div id=\"DenunciayAPP\" class=\"wp-block-group\"><div class=\"wp-block-group__inner-container is-layout-constrained wp-block-group-is-layout-constrained\">\n<p><a href=\"https:\/\/whatsapp.com\/channel\/0029Va88WGP2ER6ZxD6TCa3U\" target=\"_blank\" rel=\"noopener\"><img loading=\"lazy\" decoding=\"async\" class=\"aligncenter size-full wp-image-155512\" src=\"https:\/\/infoelnuevonorte.com\/wp-content\/uploads\/2025\/10\/Canal-whatsapp-infoenn.jpeg\" alt=\"\" width=\"2046\" height=\"554\" srcset=\"https:\/\/infoelnuevonorte.com\/wp-content\/uploads\/2025\/10\/Canal-whatsapp-infoenn.jpeg 2046w, https:\/\/infoelnuevonorte.com\/wp-content\/uploads\/2025\/10\/Canal-whatsapp-infoenn-300x81.jpeg 300w, https:\/\/infoelnuevonorte.com\/wp-content\/uploads\/2025\/10\/Canal-whatsapp-infoenn-1024x277.jpeg 1024w, https:\/\/infoelnuevonorte.com\/wp-content\/uploads\/2025\/10\/Canal-whatsapp-infoenn-768x208.jpeg 768w, https:\/\/infoelnuevonorte.com\/wp-content\/uploads\/2025\/10\/Canal-whatsapp-infoenn-1536x416.jpeg 1536w, https:\/\/infoelnuevonorte.com\/wp-content\/uploads\/2025\/10\/Canal-whatsapp-infoenn-1551x420.jpeg 1551w, https:\/\/infoelnuevonorte.com\/wp-content\/uploads\/2025\/10\/Canal-whatsapp-infoenn-150x41.jpeg 150w, https:\/\/infoelnuevonorte.com\/wp-content\/uploads\/2025\/10\/Canal-whatsapp-infoenn-696x188.jpeg 696w, https:\/\/infoelnuevonorte.com\/wp-content\/uploads\/2025\/10\/Canal-whatsapp-infoenn-1068x289.jpeg 1068w, https:\/\/infoelnuevonorte.com\/wp-content\/uploads\/2025\/10\/Canal-whatsapp-infoenn-1920x520.jpeg 1920w\" sizes=\"(max-width: 2046px) 100vw, 2046px\" \/><\/a><\/p>\n<p>\ud83d\udd17 S\u00edguenos en nuestras redes:<br data-start=\"2686\" data-end=\"2689\" \/><a href=\"https:\/\/x.com\/Elnuevo_norte\">X<\/a> | <a class=\"\" href=\"https:\/\/t.me\/infoenn\" target=\"_new\" rel=\"noopener\" data-start=\"2757\" data-end=\"2789\">Telegram<\/a> | <a class=\"\" href=\"https:\/\/instagram.com\/noticiasenn1?r=nametag\" target=\"_new\" rel=\"noopener\" data-start=\"2792\" data-end=\"2849\">Instagram<\/a><br data-start=\"2849\" data-end=\"2852\" \/><a class=\"\" href=\"https:\/\/www.facebook.com\/infoenn\" target=\"_new\" rel=\"noopener\" data-start=\"2852\" data-end=\"2896\">Facebook<\/a> | <a class=\"\" href=\"https:\/\/www.threads.net\/@noticiasenn1\" target=\"_new\" rel=\"noopener\" data-start=\"2899\" data-end=\"2947\">Threads<\/a> | <a class=\"\" href=\"https:\/\/www.youtube.com\/channel\/UCZZJg_scU1p_c6cvyCHY48A\" target=\"_new\" rel=\"noopener\" data-start=\"2950\" data-end=\"3017\" data-is-last-node=\"\">YouTube<\/a><\/p>\n<p>\ud83d\ude4f \u00a1Tu apoyo es importante!<\/p>\n<p>\ud83d\udd3bDESCARGAR NUESTRA APP \"<span style=\"color: #0000ff;\"><strong>Info ENN<\/strong><\/span>\"<\/p>\n\n\n\n<div class=\"wp-block-buttons is-content-justification-left is-layout-flex wp-container-core-buttons-is-layout-1 wp-block-buttons-is-layout-flex\">\n<div class=\"wp-block-button is-style-3d\"><a class=\"wp-block-button__link has-white-background-color has-background wp-element-button\" href=\"https:\/\/apps.apple.com\/do\/app\/infoenn\/id6503000762\"><img loading=\"lazy\" decoding=\"async\" width=\"150\" height=\"50\" class=\"wp-image-104096\" style=\"width: 150px;\" src=\"https:\/\/infoelnuevonorte.com\/wp-content\/uploads\/2025\/05\/Download_on_the_App_Store_RGB_blk.svg_.png\" alt=\"\" srcset=\"https:\/\/infoelnuevonorte.com\/wp-content\/uploads\/2025\/05\/Download_on_the_App_Store_RGB_blk.svg_.png 1280w, https:\/\/infoelnuevonorte.com\/wp-content\/uploads\/2025\/05\/Download_on_the_App_Store_RGB_blk.svg_-300x100.png 300w, https:\/\/infoelnuevonorte.com\/wp-content\/uploads\/2025\/05\/Download_on_the_App_Store_RGB_blk.svg_-1024x342.png 1024w, https:\/\/infoelnuevonorte.com\/wp-content\/uploads\/2025\/05\/Download_on_the_App_Store_RGB_blk.svg_-768x257.png 768w, https:\/\/infoelnuevonorte.com\/wp-content\/uploads\/2025\/05\/Download_on_the_App_Store_RGB_blk.svg_-1256x420.png 1256w, https:\/\/infoelnuevonorte.com\/wp-content\/uploads\/2025\/05\/Download_on_the_App_Store_RGB_blk.svg_-150x50.png 150w, https:\/\/infoelnuevonorte.com\/wp-content\/uploads\/2025\/05\/Download_on_the_App_Store_RGB_blk.svg_-696x233.png 696w, https:\/\/infoelnuevonorte.com\/wp-content\/uploads\/2025\/05\/Download_on_the_App_Store_RGB_blk.svg_-1068x357.png 1068w, https:\/\/infoelnuevonorte.com\/wp-content\/uploads\/2025\/05\/Download_on_the_App_Store_RGB_blk.svg_-200x67.png 200w\" sizes=\"(max-width: 150px) 100vw, 150px\" \/><\/a><\/div>\n<\/div>\n\n\n\n<div class=\"wp-block-buttons is-layout-flex wp-block-buttons-is-layout-flex\">\n<div class=\"wp-block-button is-style-3d td_btn_large\"><a class=\"wp-block-button__link has-white-background-color has-background wp-element-button\" href=\"https:\/\/mega.nz\/file\/vRhVTJBD#6P0Os8p_y2oJgZIa__7dhjqdpW42XJ_cY3zmbyxVohM\" target=\"_blank\" rel=\"noreferrer noopener\"><mark style=\"background-color:rgba(0, 0, 0, 0)\" class=\"has-inline-color has-light-green-cyan-color\"><img loading=\"lazy\" decoding=\"async\" width=\"150\" height=\"49\" class=\"wp-image-104095\" style=\"width: 150px;\" src=\"https:\/\/infoelnuevonorte.com\/wp-content\/uploads\/2025\/05\/badge-google-play-and-app-store-button-download-free-png.webp\" alt=\"\" srcset=\"https:\/\/infoelnuevonorte.com\/wp-content\/uploads\/2025\/05\/badge-google-play-and-app-store-button-download-free-png.webp 1920w, https:\/\/infoelnuevonorte.com\/wp-content\/uploads\/2025\/05\/badge-google-play-and-app-store-button-download-free-png-300x98.webp 300w, https:\/\/infoelnuevonorte.com\/wp-content\/uploads\/2025\/05\/badge-google-play-and-app-store-button-download-free-png-1024x335.webp 1024w, https:\/\/infoelnuevonorte.com\/wp-content\/uploads\/2025\/05\/badge-google-play-and-app-store-button-download-free-png-768x252.webp 768w, https:\/\/infoelnuevonorte.com\/wp-content\/uploads\/2025\/05\/badge-google-play-and-app-store-button-download-free-png-1536x503.webp 1536w, https:\/\/infoelnuevonorte.com\/wp-content\/uploads\/2025\/05\/badge-google-play-and-app-store-button-download-free-png-1282x420.webp 1282w, https:\/\/infoelnuevonorte.com\/wp-content\/uploads\/2025\/05\/badge-google-play-and-app-store-button-download-free-png-150x49.webp 150w, https:\/\/infoelnuevonorte.com\/wp-content\/uploads\/2025\/05\/badge-google-play-and-app-store-button-download-free-png-696x228.webp 696w, https:\/\/infoelnuevonorte.com\/wp-content\/uploads\/2025\/05\/badge-google-play-and-app-store-button-download-free-png-1068x350.webp 1068w, https:\/\/infoelnuevonorte.com\/wp-content\/uploads\/2025\/05\/badge-google-play-and-app-store-button-download-free-png-200x66.webp 200w\" sizes=\"(max-width: 150px) 100vw, 150px\" \/><\/mark><\/a><\/div>\n<\/div>\n\n\n\n<p style=\"text-align: justify;\"><strong data-start=\"0\" data-end=\"18\" data-is-only-node=\"\"><a href=\"https:\/\/infoelnuevonorte.com\/\"><img loading=\"lazy\" decoding=\"async\" class=\" wp-image-159681 alignleft\" src=\"https:\/\/infoelnuevonorte.com\/wp-content\/uploads\/2025\/11\/Logo-3d-infoenn-con-fondo-blanco.jpg\" alt=\"\" width=\"240\" height=\"86\" srcset=\"https:\/\/infoelnuevonorte.com\/wp-content\/uploads\/2025\/11\/Logo-3d-infoenn-con-fondo-blanco.jpg 1696w, https:\/\/infoelnuevonorte.com\/wp-content\/uploads\/2025\/11\/Logo-3d-infoenn-con-fondo-blanco-300x108.jpg 300w, https:\/\/infoelnuevonorte.com\/wp-content\/uploads\/2025\/11\/Logo-3d-infoenn-con-fondo-blanco-1024x367.jpg 1024w, https:\/\/infoelnuevonorte.com\/wp-content\/uploads\/2025\/11\/Logo-3d-infoenn-con-fondo-blanco-768x275.jpg 768w, https:\/\/infoelnuevonorte.com\/wp-content\/uploads\/2025\/11\/Logo-3d-infoenn-con-fondo-blanco-1536x551.jpg 1536w, https:\/\/infoelnuevonorte.com\/wp-content\/uploads\/2025\/11\/Logo-3d-infoenn-con-fondo-blanco-1172x420.jpg 1172w, https:\/\/infoelnuevonorte.com\/wp-content\/uploads\/2025\/11\/Logo-3d-infoenn-con-fondo-blanco-150x54.jpg 150w, https:\/\/infoelnuevonorte.com\/wp-content\/uploads\/2025\/11\/Logo-3d-infoenn-con-fondo-blanco-696x250.jpg 696w, https:\/\/infoelnuevonorte.com\/wp-content\/uploads\/2025\/11\/Logo-3d-infoenn-con-fondo-blanco-1068x383.jpg 1068w\" sizes=\"(max-width: 240px) 100vw, 240px\" \/><\/a>El Nuevo Norte<\/strong> es un peri\u00f3dico digital dominicano fundado el <strong data-start=\"65\" data-end=\"90\">12 de febrero de 2006<\/strong> por el periodista <strong data-start=\"109\" data-end=\"129\">Junior Henr\u00edquez<\/strong>, quien funge como director y fundador. A trav\u00e9s de la web <strong data-start=\"188\" data-end=\"212\">infoelnuevonorte.com<\/strong>, el medio ofrece informaci\u00f3n veraz y oportuna sobre los acontecimientos sociales, pol\u00edticos, comunitarios y de actualidad general, tanto a nivel nacional como internacional, promoviendo un periodismo responsable, participativo y comprometido con la libre expresi\u00f3n y el fortalecimiento de la democracia informativa.<\/p>\n<\/div><\/div>\n<\/div><\/div>\n","protected":false},"excerpt":{"rendered":"<p>La\u00a0uva\u00a0es una fruta rica en nutrientes y es calificada por estudios recientes como un\u00a0alimento integral\u00a0en humanos. Posee una capacidad para modular la\u00a0microbiota intestinal, el metaboloma y la expresi\u00f3n g\u00e9nica, lo que la hace clave para la\u00a0salud en general\u00a0y, en especial, para el\u00a0coraz\u00f3n, el\u00a0cerebro\u00a0y los\u00a0intestinos. Una investigaci\u00f3n publicada en el\u00a0Journal of Agriculture and Food Chemistry\u00a0clasifica a [&hellip;]<\/p>\n","protected":false},"author":2,"featured_media":212677,"comment_status":"closed","ping_status":"open","sticky":false,"template":"","format":"standard","meta":{"footnotes":""},"categories":[88],"tags":[],"yoast_head":"<!-- This site is optimized with the Yoast SEO plugin v24.5 - https:\/\/yoast.com\/wordpress\/plugins\/seo\/ -->\n<title>\u00bfPor qu\u00e9 comer uvas a diario podr\u00eda transformar tu salud intestinal y cerebral? | El Nuevo Norte<\/title>\n<meta name=\"robots\" content=\"index, follow, max-snippet:-1, max-image-preview:large, max-video-preview:-1\" \/>\n<link rel=\"canonical\" href=\"https:\/\/infoelnuevonorte.com\/?p=212675\" \/>\n<meta property=\"og:locale\" content=\"es_ES\" \/>\n<meta property=\"og:type\" content=\"article\" \/>\n<meta property=\"og:title\" content=\"\u00bfPor qu\u00e9 comer uvas a diario podr\u00eda transformar tu salud intestinal y cerebral? | El Nuevo Norte\" \/>\n<meta property=\"og:description\" content=\"La\u00a0uva\u00a0es una fruta rica en nutrientes y es calificada por estudios recientes como un\u00a0alimento integral\u00a0en humanos. Posee una capacidad para modular la\u00a0microbiota intestinal, el metaboloma y la expresi\u00f3n g\u00e9nica, lo que la hace clave para la\u00a0salud en general\u00a0y, en especial, para el\u00a0coraz\u00f3n, el\u00a0cerebro\u00a0y los\u00a0intestinos. Una investigaci\u00f3n publicada en el\u00a0Journal of Agriculture and Food Chemistry\u00a0clasifica a [&hellip;]\" \/>\n<meta property=\"og:url\" content=\"https:\/\/infoelnuevonorte.com\/?p=212675\" \/>\n<meta property=\"og:site_name\" content=\"El Nuevo Norte\" \/>\n<meta property=\"article:publisher\" content=\"https:\/\/www.facebook.com\/infoenn\" \/>\n<meta property=\"article:published_time\" content=\"2026-04-25T18:38:14+00:00\" \/>\n<meta property=\"article:modified_time\" content=\"2026-04-25T18:38:16+00:00\" \/>\n<meta property=\"og:image\" content=\"https:\/\/infoelnuevonorte.com\/wp-content\/uploads\/2026\/04\/descarga-2026-04-25T143531.947.png\" \/>\n\t<meta property=\"og:image:width\" content=\"1200\" \/>\n\t<meta property=\"og:image:height\" content=\"675\" \/>\n\t<meta property=\"og:image:type\" content=\"image\/png\" \/>\n<meta name=\"author\" content=\"T. R.\" \/>\n<meta name=\"twitter:card\" content=\"summary_large_image\" \/>\n<meta name=\"twitter:creator\" content=\"@Elnuevo_norte\" \/>\n<meta name=\"twitter:site\" content=\"@Elnuevo_norte\" \/>\n<meta name=\"twitter:label1\" content=\"Written by\" \/>\n\t<meta name=\"twitter:data1\" content=\"T. R.\" \/>\n\t<meta name=\"twitter:label2\" content=\"Est. reading time\" \/>\n\t<meta name=\"twitter:data2\" content=\"5 minutos\" \/>\n<script type=\"application\/ld+json\" class=\"yoast-schema-graph\">{\"@context\":\"https:\/\/schema.org\",\"@graph\":[{\"@type\":\"Article\",\"@id\":\"https:\/\/infoelnuevonorte.com\/?p=212675#article\",\"isPartOf\":{\"@id\":\"https:\/\/infoelnuevonorte.com\/?p=212675\"},\"author\":{\"name\":\"T. R.\",\"@id\":\"https:\/\/infoelnuevonorte.com\/#\/schema\/person\/3accb35eb55f55e96c492b52d085a403\"},\"headline\":\"\u00bfPor qu\u00e9 comer uvas a diario podr\u00eda transformar tu salud intestinal y cerebral?\",\"datePublished\":\"2026-04-25T18:38:14+00:00\",\"dateModified\":\"2026-04-25T18:38:16+00:00\",\"mainEntityOfPage\":{\"@id\":\"https:\/\/infoelnuevonorte.com\/?p=212675\"},\"wordCount\":674,\"publisher\":{\"@id\":\"https:\/\/infoelnuevonorte.com\/#organization\"},\"image\":{\"@id\":\"https:\/\/infoelnuevonorte.com\/?p=212675#primaryimage\"},\"thumbnailUrl\":\"https:\/\/infoelnuevonorte.com\/wp-content\/uploads\/2026\/04\/descarga-2026-04-25T143531.947.png\",\"articleSection\":[\"Vida &amp; Estilo\"],\"inLanguage\":\"es-DO\"},{\"@type\":\"WebPage\",\"@id\":\"https:\/\/infoelnuevonorte.com\/?p=212675\",\"url\":\"https:\/\/infoelnuevonorte.com\/?p=212675\",\"name\":\"\u00bfPor qu\u00e9 comer uvas a diario podr\u00eda transformar tu salud intestinal y cerebral? | El Nuevo Norte\",\"isPartOf\":{\"@id\":\"https:\/\/infoelnuevonorte.com\/#website\"},\"primaryImageOfPage\":{\"@id\":\"https:\/\/infoelnuevonorte.com\/?p=212675#primaryimage\"},\"image\":{\"@id\":\"https:\/\/infoelnuevonorte.com\/?p=212675#primaryimage\"},\"thumbnailUrl\":\"https:\/\/infoelnuevonorte.com\/wp-content\/uploads\/2026\/04\/descarga-2026-04-25T143531.947.png\",\"datePublished\":\"2026-04-25T18:38:14+00:00\",\"dateModified\":\"2026-04-25T18:38:16+00:00\",\"breadcrumb\":{\"@id\":\"https:\/\/infoelnuevonorte.com\/?p=212675#breadcrumb\"},\"inLanguage\":\"es-DO\",\"potentialAction\":[{\"@type\":\"ReadAction\",\"target\":[\"https:\/\/infoelnuevonorte.com\/?p=212675\"]}]},{\"@type\":\"ImageObject\",\"inLanguage\":\"es-DO\",\"@id\":\"https:\/\/infoelnuevonorte.com\/?p=212675#primaryimage\",\"url\":\"https:\/\/infoelnuevonorte.com\/wp-content\/uploads\/2026\/04\/descarga-2026-04-25T143531.947.png\",\"contentUrl\":\"https:\/\/infoelnuevonorte.com\/wp-content\/uploads\/2026\/04\/descarga-2026-04-25T143531.947.png\",\"width\":1200,\"height\":675},{\"@type\":\"BreadcrumbList\",\"@id\":\"https:\/\/infoelnuevonorte.com\/?p=212675#breadcrumb\",\"itemListElement\":[{\"@type\":\"ListItem\",\"position\":1,\"name\":\"Home\",\"item\":\"https:\/\/infoelnuevonorte.com\/\"},{\"@type\":\"ListItem\",\"position\":2,\"name\":\"\u00bfPor qu\u00e9 comer uvas a diario podr\u00eda transformar tu salud intestinal y cerebral?\"}]},{\"@type\":\"WebSite\",\"@id\":\"https:\/\/infoelnuevonorte.com\/#website\",\"url\":\"https:\/\/infoelnuevonorte.com\/\",\"name\":\"InfoEnn\",\"description\":\"Tu Voz, tu Verdad, tu Diario!!!\",\"publisher\":{\"@id\":\"https:\/\/infoelnuevonorte.com\/#organization\"},\"alternateName\":\"El Nuevo Norte\",\"potentialAction\":[{\"@type\":\"SearchAction\",\"target\":{\"@type\":\"EntryPoint\",\"urlTemplate\":\"https:\/\/infoelnuevonorte.com\/?s={search_term_string}\"},\"query-input\":{\"@type\":\"PropertyValueSpecification\",\"valueRequired\":true,\"valueName\":\"search_term_string\"}}],\"inLanguage\":\"es-DO\"},{\"@type\":\"Organization\",\"@id\":\"https:\/\/infoelnuevonorte.com\/#organization\",\"name\":\"Info El Nuevo Norte\",\"alternateName\":\"El Nuevo Norte\",\"url\":\"https:\/\/infoelnuevonorte.com\/\",\"logo\":{\"@type\":\"ImageObject\",\"inLanguage\":\"es-DO\",\"@id\":\"https:\/\/infoelnuevonorte.com\/#\/schema\/logo\/image\/\",\"url\":\"https:\/\/infoelnuevonorte.com\/wp-content\/uploads\/2026\/02\/Logo-Info-enn-3d-20ani.jpeg\",\"contentUrl\":\"https:\/\/infoelnuevonorte.com\/wp-content\/uploads\/2026\/02\/Logo-Info-enn-3d-20ani.jpeg\",\"width\":2046,\"height\":736,\"caption\":\"Info El Nuevo Norte\"},\"image\":{\"@id\":\"https:\/\/infoelnuevonorte.com\/#\/schema\/logo\/image\/\"},\"sameAs\":[\"https:\/\/www.facebook.com\/infoenn\",\"https:\/\/x.com\/Elnuevo_norte\",\"https:\/\/www.instagram.com\/infoenn\",\"https:\/\/www.facebook.com\/ENNRD\"]},{\"@type\":\"Person\",\"@id\":\"https:\/\/infoelnuevonorte.com\/#\/schema\/person\/3accb35eb55f55e96c492b52d085a403\",\"name\":\"T. R.\",\"image\":{\"@type\":\"ImageObject\",\"inLanguage\":\"es-DO\",\"@id\":\"https:\/\/infoelnuevonorte.com\/#\/schema\/person\/image\/\",\"url\":\"https:\/\/secure.gravatar.com\/avatar\/40543a038bda97abdb765b1662e9677d?s=96&d=robohash&r=g\",\"contentUrl\":\"https:\/\/secure.gravatar.com\/avatar\/40543a038bda97abdb765b1662e9677d?s=96&d=robohash&r=g\",\"caption\":\"T. R.\"},\"url\":\"https:\/\/infoelnuevonorte.com\/?author=2\"}]}<\/script>\n<!-- \/ Yoast SEO plugin. -->","yoast_head_json":{"title":"\u00bfPor qu\u00e9 comer uvas a diario podr\u00eda transformar tu salud intestinal y cerebral? | El Nuevo Norte","robots":{"index":"index","follow":"follow","max-snippet":"max-snippet:-1","max-image-preview":"max-image-preview:large","max-video-preview":"max-video-preview:-1"},"canonical":"https:\/\/infoelnuevonorte.com\/?p=212675","og_locale":"es_ES","og_type":"article","og_title":"\u00bfPor qu\u00e9 comer uvas a diario podr\u00eda transformar tu salud intestinal y cerebral? | El Nuevo Norte","og_description":"La\u00a0uva\u00a0es una fruta rica en nutrientes y es calificada por estudios recientes como un\u00a0alimento integral\u00a0en humanos. Posee una capacidad para modular la\u00a0microbiota intestinal, el metaboloma y la expresi\u00f3n g\u00e9nica, lo que la hace clave para la\u00a0salud en general\u00a0y, en especial, para el\u00a0coraz\u00f3n, el\u00a0cerebro\u00a0y los\u00a0intestinos. Una investigaci\u00f3n publicada en el\u00a0Journal of Agriculture and Food Chemistry\u00a0clasifica a [&hellip;]","og_url":"https:\/\/infoelnuevonorte.com\/?p=212675","og_site_name":"El Nuevo Norte","article_publisher":"https:\/\/www.facebook.com\/infoenn","article_published_time":"2026-04-25T18:38:14+00:00","article_modified_time":"2026-04-25T18:38:16+00:00","og_image":[{"width":1200,"height":675,"url":"https:\/\/infoelnuevonorte.com\/wp-content\/uploads\/2026\/04\/descarga-2026-04-25T143531.947.png","type":"image\/png"}],"author":"T. R.","twitter_card":"summary_large_image","twitter_creator":"@Elnuevo_norte","twitter_site":"@Elnuevo_norte","twitter_misc":{"Written by":"T. R.","Est. reading time":"5 minutos"},"schema":{"@context":"https:\/\/schema.org","@graph":[{"@type":"Article","@id":"https:\/\/infoelnuevonorte.com\/?p=212675#article","isPartOf":{"@id":"https:\/\/infoelnuevonorte.com\/?p=212675"},"author":{"name":"T. R.","@id":"https:\/\/infoelnuevonorte.com\/#\/schema\/person\/3accb35eb55f55e96c492b52d085a403"},"headline":"\u00bfPor qu\u00e9 comer uvas a diario podr\u00eda transformar tu salud intestinal y cerebral?","datePublished":"2026-04-25T18:38:14+00:00","dateModified":"2026-04-25T18:38:16+00:00","mainEntityOfPage":{"@id":"https:\/\/infoelnuevonorte.com\/?p=212675"},"wordCount":674,"publisher":{"@id":"https:\/\/infoelnuevonorte.com\/#organization"},"image":{"@id":"https:\/\/infoelnuevonorte.com\/?p=212675#primaryimage"},"thumbnailUrl":"https:\/\/infoelnuevonorte.com\/wp-content\/uploads\/2026\/04\/descarga-2026-04-25T143531.947.png","articleSection":["Vida &amp; Estilo"],"inLanguage":"es-DO"},{"@type":"WebPage","@id":"https:\/\/infoelnuevonorte.com\/?p=212675","url":"https:\/\/infoelnuevonorte.com\/?p=212675","name":"\u00bfPor qu\u00e9 comer uvas a diario podr\u00eda transformar tu salud intestinal y cerebral? | El Nuevo Norte","isPartOf":{"@id":"https:\/\/infoelnuevonorte.com\/#website"},"primaryImageOfPage":{"@id":"https:\/\/infoelnuevonorte.com\/?p=212675#primaryimage"},"image":{"@id":"https:\/\/infoelnuevonorte.com\/?p=212675#primaryimage"},"thumbnailUrl":"https:\/\/infoelnuevonorte.com\/wp-content\/uploads\/2026\/04\/descarga-2026-04-25T143531.947.png","datePublished":"2026-04-25T18:38:14+00:00","dateModified":"2026-04-25T18:38:16+00:00","breadcrumb":{"@id":"https:\/\/infoelnuevonorte.com\/?p=212675#breadcrumb"},"inLanguage":"es-DO","potentialAction":[{"@type":"ReadAction","target":["https:\/\/infoelnuevonorte.com\/?p=212675"]}]},{"@type":"ImageObject","inLanguage":"es-DO","@id":"https:\/\/infoelnuevonorte.com\/?p=212675#primaryimage","url":"https:\/\/infoelnuevonorte.com\/wp-content\/uploads\/2026\/04\/descarga-2026-04-25T143531.947.png","contentUrl":"https:\/\/infoelnuevonorte.com\/wp-content\/uploads\/2026\/04\/descarga-2026-04-25T143531.947.png","width":1200,"height":675},{"@type":"BreadcrumbList","@id":"https:\/\/infoelnuevonorte.com\/?p=212675#breadcrumb","itemListElement":[{"@type":"ListItem","position":1,"name":"Home","item":"https:\/\/infoelnuevonorte.com\/"},{"@type":"ListItem","position":2,"name":"\u00bfPor qu\u00e9 comer uvas a diario podr\u00eda transformar tu salud intestinal y cerebral?"}]},{"@type":"WebSite","@id":"https:\/\/infoelnuevonorte.com\/#website","url":"https:\/\/infoelnuevonorte.com\/","name":"InfoEnn","description":"Tu Voz, tu Verdad, tu Diario!!!","publisher":{"@id":"https:\/\/infoelnuevonorte.com\/#organization"},"alternateName":"El Nuevo Norte","potentialAction":[{"@type":"SearchAction","target":{"@type":"EntryPoint","urlTemplate":"https:\/\/infoelnuevonorte.com\/?s={search_term_string}"},"query-input":{"@type":"PropertyValueSpecification","valueRequired":true,"valueName":"search_term_string"}}],"inLanguage":"es-DO"},{"@type":"Organization","@id":"https:\/\/infoelnuevonorte.com\/#organization","name":"Info El Nuevo Norte","alternateName":"El Nuevo Norte","url":"https:\/\/infoelnuevonorte.com\/","logo":{"@type":"ImageObject","inLanguage":"es-DO","@id":"https:\/\/infoelnuevonorte.com\/#\/schema\/logo\/image\/","url":"https:\/\/infoelnuevonorte.com\/wp-content\/uploads\/2026\/02\/Logo-Info-enn-3d-20ani.jpeg","contentUrl":"https:\/\/infoelnuevonorte.com\/wp-content\/uploads\/2026\/02\/Logo-Info-enn-3d-20ani.jpeg","width":2046,"height":736,"caption":"Info El Nuevo Norte"},"image":{"@id":"https:\/\/infoelnuevonorte.com\/#\/schema\/logo\/image\/"},"sameAs":["https:\/\/www.facebook.com\/infoenn","https:\/\/x.com\/Elnuevo_norte","https:\/\/www.instagram.com\/infoenn","https:\/\/www.facebook.com\/ENNRD"]},{"@type":"Person","@id":"https:\/\/infoelnuevonorte.com\/#\/schema\/person\/3accb35eb55f55e96c492b52d085a403","name":"T. R.","image":{"@type":"ImageObject","inLanguage":"es-DO","@id":"https:\/\/infoelnuevonorte.com\/#\/schema\/person\/image\/","url":"https:\/\/secure.gravatar.com\/avatar\/40543a038bda97abdb765b1662e9677d?s=96&d=robohash&r=g","contentUrl":"https:\/\/secure.gravatar.com\/avatar\/40543a038bda97abdb765b1662e9677d?s=96&d=robohash&r=g","caption":"T. R."},"url":"https:\/\/infoelnuevonorte.com\/?author=2"}]}},"_links":{"self":[{"href":"https:\/\/infoelnuevonorte.com\/index.php?rest_route=\/wp\/v2\/posts\/212675"}],"collection":[{"href":"https:\/\/infoelnuevonorte.com\/index.php?rest_route=\/wp\/v2\/posts"}],"about":[{"href":"https:\/\/infoelnuevonorte.com\/index.php?rest_route=\/wp\/v2\/types\/post"}],"author":[{"embeddable":true,"href":"https:\/\/infoelnuevonorte.com\/index.php?rest_route=\/wp\/v2\/users\/2"}],"replies":[{"embeddable":true,"href":"https:\/\/infoelnuevonorte.com\/index.php?rest_route=%2Fwp%2Fv2%2Fcomments&post=212675"}],"version-history":[{"count":1,"href":"https:\/\/infoelnuevonorte.com\/index.php?rest_route=\/wp\/v2\/posts\/212675\/revisions"}],"predecessor-version":[{"id":212678,"href":"https:\/\/infoelnuevonorte.com\/index.php?rest_route=\/wp\/v2\/posts\/212675\/revisions\/212678"}],"wp:featuredmedia":[{"embeddable":true,"href":"https:\/\/infoelnuevonorte.com\/index.php?rest_route=\/wp\/v2\/media\/212677"}],"wp:attachment":[{"href":"https:\/\/infoelnuevonorte.com\/index.php?rest_route=%2Fwp%2Fv2%2Fmedia&parent=212675"}],"wp:term":[{"taxonomy":"category","embeddable":true,"href":"https:\/\/infoelnuevonorte.com\/index.php?rest_route=%2Fwp%2Fv2%2Fcategories&post=212675"},{"taxonomy":"post_tag","embeddable":true,"href":"https:\/\/infoelnuevonorte.com\/index.php?rest_route=%2Fwp%2Fv2%2Ftags&post=212675"}],"curies":[{"name":"wp","href":"https:\/\/api.w.org\/{rel}","templated":true}]}}