{"id":212767,"date":"2026-04-26T08:03:04","date_gmt":"2026-04-26T12:03:04","guid":{"rendered":"https:\/\/infoelnuevonorte.com\/?p=212767"},"modified":"2026-04-26T08:21:51","modified_gmt":"2026-04-26T12:21:51","slug":"gobierno-inaugurara-la-nueva-plaza-de-vendedores-de-playa-sosua-este-lunes-27-de-mayo","status":"publish","type":"post","link":"https:\/\/infoelnuevonorte.com\/?p=212767","title":{"rendered":"Gobierno inaugurar\u00e1 la nueva plaza de vendedores de playa Sos\u00faa este lunes 27 de abril"},"content":{"rendered":"<!--[if lt IE 9]><script>document.createElement('audio');<\/script><![endif]-->\n<audio class=\"wp-audio-shortcode\" id=\"audio-212767-1\" preload=\"none\" style=\"width: 100%;\" controls=\"controls\"><source type=\"audio\/mpeg\" src=\"https:\/\/infoelnuevonorte.com\/wp-content\/uploads\/2026\/04\/ttsmaker-vip-file-2026-4-26-8-20-33.mp3?_=1\" \/><a href=\"https:\/\/infoelnuevonorte.com\/wp-content\/uploads\/2026\/04\/ttsmaker-vip-file-2026-4-26-8-20-33.mp3\">https:\/\/infoelnuevonorte.com\/wp-content\/uploads\/2026\/04\/ttsmaker-vip-file-2026-4-26-8-20-33.mp3<\/a><\/audio>\n<p style=\"text-align: justify;\"><span style=\"font-size: 14pt;\"><strong>InfoENN &#8211; El Nuevo Norte <\/strong><strong>Sos\u00faa, Puerto Plata. \u2013<\/strong> La inauguraci\u00f3n de la nueva Plaza de Vendedores de Playa Sos\u00faa se realizar\u00e1 este lunes 27 de abril a las 11:00 de la ma\u00f1ana, en un acto encabezado por el presidente Luis Abinader y el ministro de Turismo, David Collado.<\/span><\/p>\n<p style=\"text-align: justify;\"><span style=\"font-size: 14pt;\">La actividad tendr\u00e1 lugar en la misma plaza, ubicada en el entorno de Playa Sos\u00faa, y contar\u00e1 con la participaci\u00f3n de autoridades, comerciantes y miembros de la comunidad.<\/span><\/p>\n<p style=\"text-align: justify;\"><span style=\"font-size: 14pt;\">De acuerdo con la convocatoria realizada por la Asociaci\u00f3n de Vendedores de Playa Sos\u00faa, el evento representa la apertura de \u201cun nuevo espacio para nuestra gente\u201d, orientado a fortalecer el orden, la organizaci\u00f3n y la convivencia dentro del destino tur\u00edstico.<\/span><\/p>\n\n\n<figure class=\"wp-block-gallery has-nested-images columns-default is-cropped wp-block-gallery-1 is-layout-flex wp-block-gallery-is-layout-flex\">\n<figure class=\"wp-block-image size-large\"><img loading=\"lazy\" decoding=\"async\" width=\"1024\" height=\"768\" data-id=\"212769\" src=\"https:\/\/infoelnuevonorte.com\/wp-content\/uploads\/2026\/04\/WhatsApp-Image-2026-04-26-at-7.36.42-AM-6-1024x768.jpeg\" alt=\"\" class=\"wp-image-212769\" srcset=\"https:\/\/infoelnuevonorte.com\/wp-content\/uploads\/2026\/04\/WhatsApp-Image-2026-04-26-at-7.36.42-AM-6-1024x768.jpeg 1024w, https:\/\/infoelnuevonorte.com\/wp-content\/uploads\/2026\/04\/WhatsApp-Image-2026-04-26-at-7.36.42-AM-6-300x225.jpeg 300w, https:\/\/infoelnuevonorte.com\/wp-content\/uploads\/2026\/04\/WhatsApp-Image-2026-04-26-at-7.36.42-AM-6-768x576.jpeg 768w, https:\/\/infoelnuevonorte.com\/wp-content\/uploads\/2026\/04\/WhatsApp-Image-2026-04-26-at-7.36.42-AM-6-560x420.jpeg 560w, https:\/\/infoelnuevonorte.com\/wp-content\/uploads\/2026\/04\/WhatsApp-Image-2026-04-26-at-7.36.42-AM-6-80x60.jpeg 80w, https:\/\/infoelnuevonorte.com\/wp-content\/uploads\/2026\/04\/WhatsApp-Image-2026-04-26-at-7.36.42-AM-6-150x113.jpeg 150w, https:\/\/infoelnuevonorte.com\/wp-content\/uploads\/2026\/04\/WhatsApp-Image-2026-04-26-at-7.36.42-AM-6-696x522.jpeg 696w, https:\/\/infoelnuevonorte.com\/wp-content\/uploads\/2026\/04\/WhatsApp-Image-2026-04-26-at-7.36.42-AM-6-1068x801.jpeg 1068w, https:\/\/infoelnuevonorte.com\/wp-content\/uploads\/2026\/04\/WhatsApp-Image-2026-04-26-at-7.36.42-AM-6.jpeg 1440w\" sizes=\"(max-width: 1024px) 100vw, 1024px\" \/><\/figure>\n\n\n\n<figure class=\"wp-block-image size-large\"><img loading=\"lazy\" decoding=\"async\" width=\"1024\" height=\"768\" data-id=\"212770\" src=\"https:\/\/infoelnuevonorte.com\/wp-content\/uploads\/2026\/04\/WhatsApp-Image-2026-04-26-at-7.36.42-AM-5-1024x768.jpeg\" alt=\"\" class=\"wp-image-212770\" srcset=\"https:\/\/infoelnuevonorte.com\/wp-content\/uploads\/2026\/04\/WhatsApp-Image-2026-04-26-at-7.36.42-AM-5-1024x768.jpeg 1024w, https:\/\/infoelnuevonorte.com\/wp-content\/uploads\/2026\/04\/WhatsApp-Image-2026-04-26-at-7.36.42-AM-5-300x225.jpeg 300w, https:\/\/infoelnuevonorte.com\/wp-content\/uploads\/2026\/04\/WhatsApp-Image-2026-04-26-at-7.36.42-AM-5-768x576.jpeg 768w, https:\/\/infoelnuevonorte.com\/wp-content\/uploads\/2026\/04\/WhatsApp-Image-2026-04-26-at-7.36.42-AM-5-560x420.jpeg 560w, https:\/\/infoelnuevonorte.com\/wp-content\/uploads\/2026\/04\/WhatsApp-Image-2026-04-26-at-7.36.42-AM-5-80x60.jpeg 80w, https:\/\/infoelnuevonorte.com\/wp-content\/uploads\/2026\/04\/WhatsApp-Image-2026-04-26-at-7.36.42-AM-5-150x113.jpeg 150w, https:\/\/infoelnuevonorte.com\/wp-content\/uploads\/2026\/04\/WhatsApp-Image-2026-04-26-at-7.36.42-AM-5-696x522.jpeg 696w, https:\/\/infoelnuevonorte.com\/wp-content\/uploads\/2026\/04\/WhatsApp-Image-2026-04-26-at-7.36.42-AM-5-1068x801.jpeg 1068w, https:\/\/infoelnuevonorte.com\/wp-content\/uploads\/2026\/04\/WhatsApp-Image-2026-04-26-at-7.36.42-AM-5.jpeg 1440w\" sizes=\"(max-width: 1024px) 100vw, 1024px\" \/><\/figure>\n\n\n\n<figure class=\"wp-block-image size-large\"><img loading=\"lazy\" decoding=\"async\" width=\"1024\" height=\"768\" data-id=\"212771\" src=\"https:\/\/infoelnuevonorte.com\/wp-content\/uploads\/2026\/04\/WhatsApp-Image-2026-04-26-at-7.36.42-AM-4-1024x768.jpeg\" alt=\"\" class=\"wp-image-212771\" srcset=\"https:\/\/infoelnuevonorte.com\/wp-content\/uploads\/2026\/04\/WhatsApp-Image-2026-04-26-at-7.36.42-AM-4-1024x768.jpeg 1024w, https:\/\/infoelnuevonorte.com\/wp-content\/uploads\/2026\/04\/WhatsApp-Image-2026-04-26-at-7.36.42-AM-4-300x225.jpeg 300w, https:\/\/infoelnuevonorte.com\/wp-content\/uploads\/2026\/04\/WhatsApp-Image-2026-04-26-at-7.36.42-AM-4-768x576.jpeg 768w, https:\/\/infoelnuevonorte.com\/wp-content\/uploads\/2026\/04\/WhatsApp-Image-2026-04-26-at-7.36.42-AM-4-560x420.jpeg 560w, https:\/\/infoelnuevonorte.com\/wp-content\/uploads\/2026\/04\/WhatsApp-Image-2026-04-26-at-7.36.42-AM-4-80x60.jpeg 80w, https:\/\/infoelnuevonorte.com\/wp-content\/uploads\/2026\/04\/WhatsApp-Image-2026-04-26-at-7.36.42-AM-4-150x113.jpeg 150w, https:\/\/infoelnuevonorte.com\/wp-content\/uploads\/2026\/04\/WhatsApp-Image-2026-04-26-at-7.36.42-AM-4-696x522.jpeg 696w, https:\/\/infoelnuevonorte.com\/wp-content\/uploads\/2026\/04\/WhatsApp-Image-2026-04-26-at-7.36.42-AM-4-1068x801.jpeg 1068w, https:\/\/infoelnuevonorte.com\/wp-content\/uploads\/2026\/04\/WhatsApp-Image-2026-04-26-at-7.36.42-AM-4.jpeg 1440w\" sizes=\"(max-width: 1024px) 100vw, 1024px\" \/><\/figure>\n<\/figure>\n\n\n<p style=\"text-align: justify;\"><span style=\"font-size: 14pt;\">\u201cA nombre de la Asociaci\u00f3n de Vendedores de Playa Sos\u00faa invitamos a todo el pueblo y a todos los playeros a la inauguraci\u00f3n de nuestra plaza\u201d, expresa el llamado difundido.<\/span><\/p>\n<p style=\"text-align: justify;\"><span style=\"font-size: 14pt;\">La obra forma parte del proceso de recuperaci\u00f3n de espacios p\u00fablicos impulsado por el Gobierno, dentro de un proyecto de transformaci\u00f3n integral que busca reorganizar la actividad comercial y mejorar la experiencia tanto de visitantes como de residentes.<\/span><\/p>\n<p style=\"text-align: justify;\"><span style=\"font-size: 14pt;\">El ministro David Collado ha se\u00f1alado que esta intervenci\u00f3n no solo implica infraestructura, sino tambi\u00e9n la soluci\u00f3n de problem\u00e1ticas sociales, el ordenamiento del entorno y la dignificaci\u00f3n de los vendedores de la zona.<\/span><\/p>\n<p style=\"text-align: justify;\"><span style=\"font-size: 14pt;\">Este proyecto se enmarca en la estrategia nacional de desarrollo bajo el concepto de \u201cTurismo que transforma\u201d, promoviendo destinos m\u00e1s organizados, seguros y atractivos.<\/span><\/p>\n<p style=\"text-align: justify;\"><span style=\"font-size: 14pt;\">Bajo el lema comunitario \u201cUnidos hacemos de Sos\u00faa un mejor lugar para todos\u201d, se espera una amplia participaci\u00f3n de la ciudadan\u00eda en este acto de entrega.<\/span><\/p>\n<p style=\"text-align: justify;\"><span style=\"font-size: 14pt;\">En ese contexto, InfoENN &#8211; El Nuevo Norte dar\u00e1 cobertura especial a la inauguraci\u00f3n y a las reacciones de la comunidad ante esta importante obra.<\/span><\/p>\n\n\n<figure class=\"wp-block-gallery has-nested-images columns-default is-cropped wp-block-gallery-2 is-layout-flex wp-block-gallery-is-layout-flex\">\n<figure class=\"wp-block-image size-large\"><img loading=\"lazy\" decoding=\"async\" width=\"1024\" height=\"768\" data-id=\"212773\" src=\"https:\/\/infoelnuevonorte.com\/wp-content\/uploads\/2026\/04\/WhatsApp-Image-2026-04-26-at-7.36.42-AM-2-1024x768.jpeg\" alt=\"\" class=\"wp-image-212773\" srcset=\"https:\/\/infoelnuevonorte.com\/wp-content\/uploads\/2026\/04\/WhatsApp-Image-2026-04-26-at-7.36.42-AM-2-1024x768.jpeg 1024w, https:\/\/infoelnuevonorte.com\/wp-content\/uploads\/2026\/04\/WhatsApp-Image-2026-04-26-at-7.36.42-AM-2-300x225.jpeg 300w, https:\/\/infoelnuevonorte.com\/wp-content\/uploads\/2026\/04\/WhatsApp-Image-2026-04-26-at-7.36.42-AM-2-768x576.jpeg 768w, https:\/\/infoelnuevonorte.com\/wp-content\/uploads\/2026\/04\/WhatsApp-Image-2026-04-26-at-7.36.42-AM-2-560x420.jpeg 560w, https:\/\/infoelnuevonorte.com\/wp-content\/uploads\/2026\/04\/WhatsApp-Image-2026-04-26-at-7.36.42-AM-2-80x60.jpeg 80w, https:\/\/infoelnuevonorte.com\/wp-content\/uploads\/2026\/04\/WhatsApp-Image-2026-04-26-at-7.36.42-AM-2-150x113.jpeg 150w, https:\/\/infoelnuevonorte.com\/wp-content\/uploads\/2026\/04\/WhatsApp-Image-2026-04-26-at-7.36.42-AM-2-696x522.jpeg 696w, https:\/\/infoelnuevonorte.com\/wp-content\/uploads\/2026\/04\/WhatsApp-Image-2026-04-26-at-7.36.42-AM-2-1068x801.jpeg 1068w, https:\/\/infoelnuevonorte.com\/wp-content\/uploads\/2026\/04\/WhatsApp-Image-2026-04-26-at-7.36.42-AM-2.jpeg 1440w\" sizes=\"(max-width: 1024px) 100vw, 1024px\" \/><\/figure>\n\n\n\n<figure class=\"wp-block-image size-large\"><img loading=\"lazy\" decoding=\"async\" width=\"960\" height=\"720\" data-id=\"212772\" src=\"https:\/\/infoelnuevonorte.com\/wp-content\/uploads\/2026\/04\/WhatsApp-Image-2026-04-26-at-7.36.42-AM-3.jpeg\" alt=\"\" class=\"wp-image-212772\" srcset=\"https:\/\/infoelnuevonorte.com\/wp-content\/uploads\/2026\/04\/WhatsApp-Image-2026-04-26-at-7.36.42-AM-3.jpeg 960w, https:\/\/infoelnuevonorte.com\/wp-content\/uploads\/2026\/04\/WhatsApp-Image-2026-04-26-at-7.36.42-AM-3-300x225.jpeg 300w, https:\/\/infoelnuevonorte.com\/wp-content\/uploads\/2026\/04\/WhatsApp-Image-2026-04-26-at-7.36.42-AM-3-768x576.jpeg 768w, https:\/\/infoelnuevonorte.com\/wp-content\/uploads\/2026\/04\/WhatsApp-Image-2026-04-26-at-7.36.42-AM-3-560x420.jpeg 560w, https:\/\/infoelnuevonorte.com\/wp-content\/uploads\/2026\/04\/WhatsApp-Image-2026-04-26-at-7.36.42-AM-3-80x60.jpeg 80w, https:\/\/infoelnuevonorte.com\/wp-content\/uploads\/2026\/04\/WhatsApp-Image-2026-04-26-at-7.36.42-AM-3-150x113.jpeg 150w, https:\/\/infoelnuevonorte.com\/wp-content\/uploads\/2026\/04\/WhatsApp-Image-2026-04-26-at-7.36.42-AM-3-696x522.jpeg 696w\" sizes=\"(max-width: 960px) 100vw, 960px\" \/><\/figure>\n\n\n\n<figure class=\"wp-block-image size-large\"><img loading=\"lazy\" decoding=\"async\" width=\"1024\" height=\"768\" data-id=\"212774\" src=\"https:\/\/infoelnuevonorte.com\/wp-content\/uploads\/2026\/04\/WhatsApp-Image-2026-04-26-at-7.36.42-AM-1-1024x768.jpeg\" alt=\"\" class=\"wp-image-212774\" srcset=\"https:\/\/infoelnuevonorte.com\/wp-content\/uploads\/2026\/04\/WhatsApp-Image-2026-04-26-at-7.36.42-AM-1-1024x768.jpeg 1024w, https:\/\/infoelnuevonorte.com\/wp-content\/uploads\/2026\/04\/WhatsApp-Image-2026-04-26-at-7.36.42-AM-1-300x225.jpeg 300w, https:\/\/infoelnuevonorte.com\/wp-content\/uploads\/2026\/04\/WhatsApp-Image-2026-04-26-at-7.36.42-AM-1-768x576.jpeg 768w, https:\/\/infoelnuevonorte.com\/wp-content\/uploads\/2026\/04\/WhatsApp-Image-2026-04-26-at-7.36.42-AM-1-560x420.jpeg 560w, https:\/\/infoelnuevonorte.com\/wp-content\/uploads\/2026\/04\/WhatsApp-Image-2026-04-26-at-7.36.42-AM-1-80x60.jpeg 80w, https:\/\/infoelnuevonorte.com\/wp-content\/uploads\/2026\/04\/WhatsApp-Image-2026-04-26-at-7.36.42-AM-1-150x113.jpeg 150w, https:\/\/infoelnuevonorte.com\/wp-content\/uploads\/2026\/04\/WhatsApp-Image-2026-04-26-at-7.36.42-AM-1-696x522.jpeg 696w, https:\/\/infoelnuevonorte.com\/wp-content\/uploads\/2026\/04\/WhatsApp-Image-2026-04-26-at-7.36.42-AM-1-1068x801.jpeg 1068w, https:\/\/infoelnuevonorte.com\/wp-content\/uploads\/2026\/04\/WhatsApp-Image-2026-04-26-at-7.36.42-AM-1.jpeg 1440w\" sizes=\"(max-width: 1024px) 100vw, 1024px\" \/><\/figure>\n<\/figure>\n","protected":false},"excerpt":{"rendered":"<p>InfoENN &#8211; El Nuevo Norte Sos\u00faa, Puerto Plata. \u2013 La inauguraci\u00f3n de la nueva Plaza de Vendedores de Playa Sos\u00faa se realizar\u00e1 este lunes 27 de abril a las 11:00 de la ma\u00f1ana, en un acto encabezado por el presidente Luis Abinader y el ministro de Turismo, David Collado. La actividad tendr\u00e1 lugar en la [&hellip;]<\/p>\n","protected":false},"author":2,"featured_media":212775,"comment_status":"closed","ping_status":"open","sticky":false,"template":"","format":"standard","meta":{"footnotes":""},"categories":[5],"tags":[],"yoast_head":"<!-- This site is optimized with the Yoast SEO plugin v24.5 - https:\/\/yoast.com\/wordpress\/plugins\/seo\/ -->\n<title>Gobierno inaugurar\u00e1 la nueva plaza de vendedores de playa Sos\u00faa este lunes 27 de abril | El Nuevo Norte<\/title>\n<meta name=\"robots\" content=\"index, follow, max-snippet:-1, max-image-preview:large, max-video-preview:-1\" \/>\n<link rel=\"canonical\" href=\"https:\/\/infoelnuevonorte.com\/?p=212767\" \/>\n<meta property=\"og:locale\" content=\"es_ES\" \/>\n<meta property=\"og:type\" content=\"article\" \/>\n<meta property=\"og:title\" content=\"Gobierno inaugurar\u00e1 la nueva plaza de vendedores de playa Sos\u00faa este lunes 27 de abril | El Nuevo Norte\" \/>\n<meta property=\"og:description\" content=\"InfoENN &#8211; El Nuevo Norte Sos\u00faa, Puerto Plata. \u2013 La inauguraci\u00f3n de la nueva Plaza de Vendedores de Playa Sos\u00faa se realizar\u00e1 este lunes 27 de abril a las 11:00 de la ma\u00f1ana, en un acto encabezado por el presidente Luis Abinader y el ministro de Turismo, David Collado. La actividad tendr\u00e1 lugar en la [&hellip;]\" \/>\n<meta property=\"og:url\" content=\"https:\/\/infoelnuevonorte.com\/?p=212767\" \/>\n<meta property=\"og:site_name\" content=\"El Nuevo Norte\" \/>\n<meta property=\"article:publisher\" content=\"https:\/\/www.facebook.com\/infoenn\" \/>\n<meta property=\"article:published_time\" content=\"2026-04-26T12:03:04+00:00\" \/>\n<meta property=\"article:modified_time\" content=\"2026-04-26T12:21:51+00:00\" \/>\n<meta property=\"og:image\" content=\"https:\/\/infoelnuevonorte.com\/wp-content\/uploads\/2026\/04\/WhatsApp-Image-2026-04-26-at-7.36.42-AM.jpeg\" \/>\n\t<meta property=\"og:image:width\" content=\"1440\" \/>\n\t<meta property=\"og:image:height\" content=\"1080\" \/>\n\t<meta property=\"og:image:type\" content=\"image\/jpeg\" \/>\n<meta name=\"author\" content=\"T. R.\" \/>\n<meta name=\"twitter:card\" content=\"summary_large_image\" \/>\n<meta name=\"twitter:creator\" content=\"@Elnuevo_norte\" \/>\n<meta name=\"twitter:site\" content=\"@Elnuevo_norte\" \/>\n<meta name=\"twitter:label1\" content=\"Written by\" \/>\n\t<meta name=\"twitter:data1\" content=\"T. R.\" \/>\n\t<meta name=\"twitter:label2\" content=\"Est. reading time\" \/>\n\t<meta name=\"twitter:data2\" content=\"3 minutos\" \/>\n<script type=\"application\/ld+json\" class=\"yoast-schema-graph\">{\"@context\":\"https:\/\/schema.org\",\"@graph\":[{\"@type\":\"Article\",\"@id\":\"https:\/\/infoelnuevonorte.com\/?p=212767#article\",\"isPartOf\":{\"@id\":\"https:\/\/infoelnuevonorte.com\/?p=212767\"},\"author\":{\"name\":\"T. R.\",\"@id\":\"https:\/\/infoelnuevonorte.com\/#\/schema\/person\/3accb35eb55f55e96c492b52d085a403\"},\"headline\":\"Gobierno inaugurar\u00e1 la nueva plaza de vendedores de playa Sos\u00faa este lunes 27 de abril\",\"datePublished\":\"2026-04-26T12:03:04+00:00\",\"dateModified\":\"2026-04-26T12:21:51+00:00\",\"mainEntityOfPage\":{\"@id\":\"https:\/\/infoelnuevonorte.com\/?p=212767\"},\"wordCount\":347,\"publisher\":{\"@id\":\"https:\/\/infoelnuevonorte.com\/#organization\"},\"image\":{\"@id\":\"https:\/\/infoelnuevonorte.com\/?p=212767#primaryimage\"},\"thumbnailUrl\":\"https:\/\/infoelnuevonorte.com\/wp-content\/uploads\/2026\/04\/WhatsApp-Image-2026-04-26-at-7.36.42-AM.jpeg\",\"articleSection\":[\"Del Norte\"],\"inLanguage\":\"es-DO\"},{\"@type\":\"WebPage\",\"@id\":\"https:\/\/infoelnuevonorte.com\/?p=212767\",\"url\":\"https:\/\/infoelnuevonorte.com\/?p=212767\",\"name\":\"Gobierno inaugurar\u00e1 la nueva plaza de vendedores de playa Sos\u00faa este lunes 27 de abril | El Nuevo Norte\",\"isPartOf\":{\"@id\":\"https:\/\/infoelnuevonorte.com\/#website\"},\"primaryImageOfPage\":{\"@id\":\"https:\/\/infoelnuevonorte.com\/?p=212767#primaryimage\"},\"image\":{\"@id\":\"https:\/\/infoelnuevonorte.com\/?p=212767#primaryimage\"},\"thumbnailUrl\":\"https:\/\/infoelnuevonorte.com\/wp-content\/uploads\/2026\/04\/WhatsApp-Image-2026-04-26-at-7.36.42-AM.jpeg\",\"datePublished\":\"2026-04-26T12:03:04+00:00\",\"dateModified\":\"2026-04-26T12:21:51+00:00\",\"breadcrumb\":{\"@id\":\"https:\/\/infoelnuevonorte.com\/?p=212767#breadcrumb\"},\"inLanguage\":\"es-DO\",\"potentialAction\":[{\"@type\":\"ReadAction\",\"target\":[\"https:\/\/infoelnuevonorte.com\/?p=212767\"]}]},{\"@type\":\"ImageObject\",\"inLanguage\":\"es-DO\",\"@id\":\"https:\/\/infoelnuevonorte.com\/?p=212767#primaryimage\",\"url\":\"https:\/\/infoelnuevonorte.com\/wp-content\/uploads\/2026\/04\/WhatsApp-Image-2026-04-26-at-7.36.42-AM.jpeg\",\"contentUrl\":\"https:\/\/infoelnuevonorte.com\/wp-content\/uploads\/2026\/04\/WhatsApp-Image-2026-04-26-at-7.36.42-AM.jpeg\",\"width\":1440,\"height\":1080},{\"@type\":\"BreadcrumbList\",\"@id\":\"https:\/\/infoelnuevonorte.com\/?p=212767#breadcrumb\",\"itemListElement\":[{\"@type\":\"ListItem\",\"position\":1,\"name\":\"Home\",\"item\":\"https:\/\/infoelnuevonorte.com\/\"},{\"@type\":\"ListItem\",\"position\":2,\"name\":\"Gobierno inaugurar\u00e1 la nueva plaza de vendedores de playa Sos\u00faa este lunes 27 de abril\"}]},{\"@type\":\"WebSite\",\"@id\":\"https:\/\/infoelnuevonorte.com\/#website\",\"url\":\"https:\/\/infoelnuevonorte.com\/\",\"name\":\"InfoEnn\",\"description\":\"Tu Voz, tu Verdad, tu Diario!!!\",\"publisher\":{\"@id\":\"https:\/\/infoelnuevonorte.com\/#organization\"},\"alternateName\":\"El Nuevo Norte\",\"potentialAction\":[{\"@type\":\"SearchAction\",\"target\":{\"@type\":\"EntryPoint\",\"urlTemplate\":\"https:\/\/infoelnuevonorte.com\/?s={search_term_string}\"},\"query-input\":{\"@type\":\"PropertyValueSpecification\",\"valueRequired\":true,\"valueName\":\"search_term_string\"}}],\"inLanguage\":\"es-DO\"},{\"@type\":\"Organization\",\"@id\":\"https:\/\/infoelnuevonorte.com\/#organization\",\"name\":\"Info El Nuevo Norte\",\"alternateName\":\"El Nuevo Norte\",\"url\":\"https:\/\/infoelnuevonorte.com\/\",\"logo\":{\"@type\":\"ImageObject\",\"inLanguage\":\"es-DO\",\"@id\":\"https:\/\/infoelnuevonorte.com\/#\/schema\/logo\/image\/\",\"url\":\"https:\/\/infoelnuevonorte.com\/wp-content\/uploads\/2026\/02\/Logo-Info-enn-3d-20ani.jpeg\",\"contentUrl\":\"https:\/\/infoelnuevonorte.com\/wp-content\/uploads\/2026\/02\/Logo-Info-enn-3d-20ani.jpeg\",\"width\":2046,\"height\":736,\"caption\":\"Info El Nuevo Norte\"},\"image\":{\"@id\":\"https:\/\/infoelnuevonorte.com\/#\/schema\/logo\/image\/\"},\"sameAs\":[\"https:\/\/www.facebook.com\/infoenn\",\"https:\/\/x.com\/Elnuevo_norte\",\"https:\/\/www.instagram.com\/infoenn\",\"https:\/\/www.facebook.com\/ENNRD\"]},{\"@type\":\"Person\",\"@id\":\"https:\/\/infoelnuevonorte.com\/#\/schema\/person\/3accb35eb55f55e96c492b52d085a403\",\"name\":\"T. R.\",\"image\":{\"@type\":\"ImageObject\",\"inLanguage\":\"es-DO\",\"@id\":\"https:\/\/infoelnuevonorte.com\/#\/schema\/person\/image\/\",\"url\":\"https:\/\/secure.gravatar.com\/avatar\/40543a038bda97abdb765b1662e9677d?s=96&d=robohash&r=g\",\"contentUrl\":\"https:\/\/secure.gravatar.com\/avatar\/40543a038bda97abdb765b1662e9677d?s=96&d=robohash&r=g\",\"caption\":\"T. R.\"},\"url\":\"https:\/\/infoelnuevonorte.com\/?author=2\"}]}<\/script>\n<!-- \/ Yoast SEO plugin. -->","yoast_head_json":{"title":"Gobierno inaugurar\u00e1 la nueva plaza de vendedores de playa Sos\u00faa este lunes 27 de abril | El Nuevo Norte","robots":{"index":"index","follow":"follow","max-snippet":"max-snippet:-1","max-image-preview":"max-image-preview:large","max-video-preview":"max-video-preview:-1"},"canonical":"https:\/\/infoelnuevonorte.com\/?p=212767","og_locale":"es_ES","og_type":"article","og_title":"Gobierno inaugurar\u00e1 la nueva plaza de vendedores de playa Sos\u00faa este lunes 27 de abril | El Nuevo Norte","og_description":"InfoENN &#8211; El Nuevo Norte Sos\u00faa, Puerto Plata. \u2013 La inauguraci\u00f3n de la nueva Plaza de Vendedores de Playa Sos\u00faa se realizar\u00e1 este lunes 27 de abril a las 11:00 de la ma\u00f1ana, en un acto encabezado por el presidente Luis Abinader y el ministro de Turismo, David Collado. La actividad tendr\u00e1 lugar en la [&hellip;]","og_url":"https:\/\/infoelnuevonorte.com\/?p=212767","og_site_name":"El Nuevo Norte","article_publisher":"https:\/\/www.facebook.com\/infoenn","article_published_time":"2026-04-26T12:03:04+00:00","article_modified_time":"2026-04-26T12:21:51+00:00","og_image":[{"width":1440,"height":1080,"url":"https:\/\/infoelnuevonorte.com\/wp-content\/uploads\/2026\/04\/WhatsApp-Image-2026-04-26-at-7.36.42-AM.jpeg","type":"image\/jpeg"}],"author":"T. R.","twitter_card":"summary_large_image","twitter_creator":"@Elnuevo_norte","twitter_site":"@Elnuevo_norte","twitter_misc":{"Written by":"T. R.","Est. reading time":"3 minutos"},"schema":{"@context":"https:\/\/schema.org","@graph":[{"@type":"Article","@id":"https:\/\/infoelnuevonorte.com\/?p=212767#article","isPartOf":{"@id":"https:\/\/infoelnuevonorte.com\/?p=212767"},"author":{"name":"T. R.","@id":"https:\/\/infoelnuevonorte.com\/#\/schema\/person\/3accb35eb55f55e96c492b52d085a403"},"headline":"Gobierno inaugurar\u00e1 la nueva plaza de vendedores de playa Sos\u00faa este lunes 27 de abril","datePublished":"2026-04-26T12:03:04+00:00","dateModified":"2026-04-26T12:21:51+00:00","mainEntityOfPage":{"@id":"https:\/\/infoelnuevonorte.com\/?p=212767"},"wordCount":347,"publisher":{"@id":"https:\/\/infoelnuevonorte.com\/#organization"},"image":{"@id":"https:\/\/infoelnuevonorte.com\/?p=212767#primaryimage"},"thumbnailUrl":"https:\/\/infoelnuevonorte.com\/wp-content\/uploads\/2026\/04\/WhatsApp-Image-2026-04-26-at-7.36.42-AM.jpeg","articleSection":["Del Norte"],"inLanguage":"es-DO"},{"@type":"WebPage","@id":"https:\/\/infoelnuevonorte.com\/?p=212767","url":"https:\/\/infoelnuevonorte.com\/?p=212767","name":"Gobierno inaugurar\u00e1 la nueva plaza de vendedores de playa Sos\u00faa este lunes 27 de abril | El Nuevo Norte","isPartOf":{"@id":"https:\/\/infoelnuevonorte.com\/#website"},"primaryImageOfPage":{"@id":"https:\/\/infoelnuevonorte.com\/?p=212767#primaryimage"},"image":{"@id":"https:\/\/infoelnuevonorte.com\/?p=212767#primaryimage"},"thumbnailUrl":"https:\/\/infoelnuevonorte.com\/wp-content\/uploads\/2026\/04\/WhatsApp-Image-2026-04-26-at-7.36.42-AM.jpeg","datePublished":"2026-04-26T12:03:04+00:00","dateModified":"2026-04-26T12:21:51+00:00","breadcrumb":{"@id":"https:\/\/infoelnuevonorte.com\/?p=212767#breadcrumb"},"inLanguage":"es-DO","potentialAction":[{"@type":"ReadAction","target":["https:\/\/infoelnuevonorte.com\/?p=212767"]}]},{"@type":"ImageObject","inLanguage":"es-DO","@id":"https:\/\/infoelnuevonorte.com\/?p=212767#primaryimage","url":"https:\/\/infoelnuevonorte.com\/wp-content\/uploads\/2026\/04\/WhatsApp-Image-2026-04-26-at-7.36.42-AM.jpeg","contentUrl":"https:\/\/infoelnuevonorte.com\/wp-content\/uploads\/2026\/04\/WhatsApp-Image-2026-04-26-at-7.36.42-AM.jpeg","width":1440,"height":1080},{"@type":"BreadcrumbList","@id":"https:\/\/infoelnuevonorte.com\/?p=212767#breadcrumb","itemListElement":[{"@type":"ListItem","position":1,"name":"Home","item":"https:\/\/infoelnuevonorte.com\/"},{"@type":"ListItem","position":2,"name":"Gobierno inaugurar\u00e1 la nueva plaza de vendedores de playa Sos\u00faa este lunes 27 de abril"}]},{"@type":"WebSite","@id":"https:\/\/infoelnuevonorte.com\/#website","url":"https:\/\/infoelnuevonorte.com\/","name":"InfoEnn","description":"Tu Voz, tu Verdad, tu Diario!!!","publisher":{"@id":"https:\/\/infoelnuevonorte.com\/#organization"},"alternateName":"El Nuevo Norte","potentialAction":[{"@type":"SearchAction","target":{"@type":"EntryPoint","urlTemplate":"https:\/\/infoelnuevonorte.com\/?s={search_term_string}"},"query-input":{"@type":"PropertyValueSpecification","valueRequired":true,"valueName":"search_term_string"}}],"inLanguage":"es-DO"},{"@type":"Organization","@id":"https:\/\/infoelnuevonorte.com\/#organization","name":"Info El Nuevo Norte","alternateName":"El Nuevo Norte","url":"https:\/\/infoelnuevonorte.com\/","logo":{"@type":"ImageObject","inLanguage":"es-DO","@id":"https:\/\/infoelnuevonorte.com\/#\/schema\/logo\/image\/","url":"https:\/\/infoelnuevonorte.com\/wp-content\/uploads\/2026\/02\/Logo-Info-enn-3d-20ani.jpeg","contentUrl":"https:\/\/infoelnuevonorte.com\/wp-content\/uploads\/2026\/02\/Logo-Info-enn-3d-20ani.jpeg","width":2046,"height":736,"caption":"Info El Nuevo Norte"},"image":{"@id":"https:\/\/infoelnuevonorte.com\/#\/schema\/logo\/image\/"},"sameAs":["https:\/\/www.facebook.com\/infoenn","https:\/\/x.com\/Elnuevo_norte","https:\/\/www.instagram.com\/infoenn","https:\/\/www.facebook.com\/ENNRD"]},{"@type":"Person","@id":"https:\/\/infoelnuevonorte.com\/#\/schema\/person\/3accb35eb55f55e96c492b52d085a403","name":"T. R.","image":{"@type":"ImageObject","inLanguage":"es-DO","@id":"https:\/\/infoelnuevonorte.com\/#\/schema\/person\/image\/","url":"https:\/\/secure.gravatar.com\/avatar\/40543a038bda97abdb765b1662e9677d?s=96&d=robohash&r=g","contentUrl":"https:\/\/secure.gravatar.com\/avatar\/40543a038bda97abdb765b1662e9677d?s=96&d=robohash&r=g","caption":"T. R."},"url":"https:\/\/infoelnuevonorte.com\/?author=2"}]}},"_links":{"self":[{"href":"https:\/\/infoelnuevonorte.com\/index.php?rest_route=\/wp\/v2\/posts\/212767"}],"collection":[{"href":"https:\/\/infoelnuevonorte.com\/index.php?rest_route=\/wp\/v2\/posts"}],"about":[{"href":"https:\/\/infoelnuevonorte.com\/index.php?rest_route=\/wp\/v2\/types\/post"}],"author":[{"embeddable":true,"href":"https:\/\/infoelnuevonorte.com\/index.php?rest_route=\/wp\/v2\/users\/2"}],"replies":[{"embeddable":true,"href":"https:\/\/infoelnuevonorte.com\/index.php?rest_route=%2Fwp%2Fv2%2Fcomments&post=212767"}],"version-history":[{"count":2,"href":"https:\/\/infoelnuevonorte.com\/index.php?rest_route=\/wp\/v2\/posts\/212767\/revisions"}],"predecessor-version":[{"id":212788,"href":"https:\/\/infoelnuevonorte.com\/index.php?rest_route=\/wp\/v2\/posts\/212767\/revisions\/212788"}],"wp:featuredmedia":[{"embeddable":true,"href":"https:\/\/infoelnuevonorte.com\/index.php?rest_route=\/wp\/v2\/media\/212775"}],"wp:attachment":[{"href":"https:\/\/infoelnuevonorte.com\/index.php?rest_route=%2Fwp%2Fv2%2Fmedia&parent=212767"}],"wp:term":[{"taxonomy":"category","embeddable":true,"href":"https:\/\/infoelnuevonorte.com\/index.php?rest_route=%2Fwp%2Fv2%2Fcategories&post=212767"},{"taxonomy":"post_tag","embeddable":true,"href":"https:\/\/infoelnuevonorte.com\/index.php?rest_route=%2Fwp%2Fv2%2Ftags&post=212767"}],"curies":[{"name":"wp","href":"https:\/\/api.w.org\/{rel}","templated":true}]}}