{"id":213556,"date":"2026-04-28T15:27:18","date_gmt":"2026-04-28T19:27:18","guid":{"rendered":"https:\/\/infoelnuevonorte.com\/?p=213556"},"modified":"2026-04-28T15:27:20","modified_gmt":"2026-04-28T19:27:20","slug":"interpol-alerta-sobre-la-desaparicion-de-mas-de-780-menores-en-centroamerica","status":"publish","type":"post","link":"https:\/\/infoelnuevonorte.com\/?p=213556","title":{"rendered":"Interpol alerta sobre la desaparici\u00f3n de m\u00e1s de 780 menores en Centroam\u00e9rica"},"content":{"rendered":"\n<h2 class=\"wp-block-heading\"><\/h2>\n\n\n<!--[if lt IE 9]><script>document.createElement('audio');<\/script><![endif]-->\n<audio class=\"wp-audio-shortcode\" id=\"audio-213556-1\" preload=\"none\" style=\"width: 100%;\" controls=\"controls\"><source type=\"audio\/mpeg\" src=\"https:\/\/infoelnuevonorte.com\/wp-content\/uploads\/2026\/04\/ttsmaker-vip-file-2026-4-28-15-26-15.mp3?_=1\" \/><a href=\"https:\/\/infoelnuevonorte.com\/wp-content\/uploads\/2026\/04\/ttsmaker-vip-file-2026-4-28-15-26-15.mp3\">https:\/\/infoelnuevonorte.com\/wp-content\/uploads\/2026\/04\/ttsmaker-vip-file-2026-4-28-15-26-15.mp3<\/a><\/audio>\n<p class=\"paragraph\" style=\"text-align: justify;\" data-mrf-recirculation=\"Links inline\"><span style=\"font-size: 14pt;\">La regi\u00f3n centroamericana enfrenta una crisis de desapariciones de menores que afecta de manera desproporcionada a\u00a0<b>ni\u00f1as y adolescentes mujeres<\/b>, con sistemas de alerta y respuesta institucional desiguales en cada pa\u00eds.<\/span><\/p>\n<p class=\"paragraph\" style=\"text-align: justify;\" data-mrf-recirculation=\"Links inline\"><span style=\"font-size: 14pt;\">Reportes de organismos internacionales y bases de datos nacionales revelan un panorama marcado por brechas informativas, deficiencias legales y desaf\u00edos operativos persistentes.<\/span><\/p>\n<p class=\"paragraph\" style=\"text-align: justify;\" data-mrf-recirculation=\"Links inline\"><span style=\"font-size: 14pt;\">La mayor\u00eda de los casos se concentran en adolescentes de entre 13 y 17 a\u00f1os, seg\u00fan datos recopilados por\u00a0<i>Infobae<\/i> y fuentes oficiales.<\/span><\/p>\n<p class=\"paragraph\" style=\"text-align: justify;\" data-mrf-recirculation=\"Links inline\"><span style=\"font-size: 14pt;\"><b>La Interpol\u00a0<\/b>mantiene activas alrededor de 1352 notificaciones amarillas (desaparecidos) entre cero y 17 a\u00f1os, solo en la regi\u00f3n de las Am\u00e9ricas.<\/span><\/p>\n<p class=\"paragraph\" style=\"text-align: justify;\" data-mrf-recirculation=\"Links inline\"><span style=\"font-size: 14pt;\">Seg\u00fan la base, del total de casos,\u00a0<b>788 corresponden a menores centroamericanos<\/b> que ten\u00edan entre cero y 17 a\u00f1os al momento de desaparecer.<\/span><\/p>\n<p class=\"paragraph\" style=\"text-align: justify;\" data-mrf-recirculation=\"Links inline\"><span style=\"font-size: 14pt;\">La prevalencia es similar tanto en\u00a0<b>ni\u00f1as como en ni\u00f1os,<\/b> sin embargo, si se analizan los datos a detalle y por pa\u00eds, los n\u00fameros son diversos.<\/span><\/p>\n<div class=\"visual__image\" style=\"text-align: justify;\"><span style=\"font-size: 14pt;\"><span style=\"font-size: 14pt;\"><picture><source srcset=\"https:\/\/www.infobae.com\/resizer\/v2\/GK2LFGQ7LVHVNFUOTCO7KJWQRM.png?auth=71a2f4b31cceac15406a199e2121ed89dfc3369f68b7ec87ef235f084c8d2586&amp;smart=true&amp;width=992&amp;height=607&amp;quality=85\" media=\"(min-width: 1000px)\" \/><source srcset=\"https:\/\/www.infobae.com\/resizer\/v2\/GK2LFGQ7LVHVNFUOTCO7KJWQRM.png?auth=71a2f4b31cceac15406a199e2121ed89dfc3369f68b7ec87ef235f084c8d2586&amp;smart=true&amp;width=768&amp;height=470&amp;quality=85\" media=\"(min-width: 768px)\" \/><source srcset=\"https:\/\/www.infobae.com\/resizer\/v2\/GK2LFGQ7LVHVNFUOTCO7KJWQRM.png?auth=71a2f4b31cceac15406a199e2121ed89dfc3369f68b7ec87ef235f084c8d2586&amp;smart=true&amp;width=577&amp;height=353&amp;quality=85\" media=\"(min-width: 580px)\" \/><source srcset=\"https:\/\/www.infobae.com\/resizer\/v2\/GK2LFGQ7LVHVNFUOTCO7KJWQRM.png?auth=71a2f4b31cceac15406a199e2121ed89dfc3369f68b7ec87ef235f084c8d2586&amp;smart=true&amp;width=420&amp;height=257&amp;quality=85\" media=\"(min-width: 350px)\" \/><source srcset=\"https:\/\/www.infobae.com\/resizer\/v2\/GK2LFGQ7LVHVNFUOTCO7KJWQRM.png?auth=71a2f4b31cceac15406a199e2121ed89dfc3369f68b7ec87ef235f084c8d2586&amp;smart=true&amp;width=350&amp;height=214&amp;quality=85\" media=\"(min-width: 80px)\" \/><\/picture><\/span><\/span>\n<figure style=\"width: 654px\" class=\"wp-caption alignnone\"><img loading=\"lazy\" decoding=\"async\" class=\"global-image\" src=\"https:\/\/www.infobae.com\/resizer\/v2\/GK2LFGQ7LVHVNFUOTCO7KJWQRM.png?auth=71a2f4b31cceac15406a199e2121ed89dfc3369f68b7ec87ef235f084c8d2586&amp;smart=true&amp;width=350&amp;height=214&amp;quality=85\" alt=\"Las alertas amarillas de Interpol revelan abundantes casos de menores que ten\u00edan menos de 12 a\u00f1os al momento de desaparecer. Muchas alertas llevan m\u00e1s de diez a\u00f1os activas. (Foto retomada del portal de Interpol).\" width=\"654\" height=\"400\" \/><figcaption class=\"wp-caption-text\">Las alertas amarillas de Interpol revelan abundantes casos de menores que ten\u00edan menos de 12 a\u00f1os al momento de desaparecer. Muchas alertas llevan m\u00e1s de diez a\u00f1os activas. (Foto retomada del portal de Interpol).<\/figcaption><\/figure>\n<\/div>\n<p class=\"paragraph\" style=\"text-align: justify;\" data-mrf-recirculation=\"Links inline\"><span style=\"font-size: 14pt;\"><b>Honduras encabeza el total de difusiones amarillas con 508 reportes entre cero y 17 a\u00f1os (ver nota aparte)<\/b>, de los cuales 240 son varones y 268 ni\u00f1as. En ambos sexos el n\u00famero aumenta si se trata de personas mayores de 12 a\u00f1os, siendo los adolescentes los m\u00e1s expuestos a este tipo de riesgos.<\/span><\/p>\n<p class=\"paragraph\" style=\"text-align: justify;\" data-mrf-recirculation=\"Links inline\"><span style=\"font-size: 14pt;\"><b>A nivel centroamericano, el segundo lugar lo ocupa Guatemala con 249 desaparecidos entre cero y 17 a\u00f1os de edad,<\/b>\u00a0de estos 109 son varones (81 ten\u00edan menos de 12 a\u00f1os cuando desaparecieron) y 140 ni\u00f1as (80 ten\u00edan 12 a\u00f1os o menos).<\/span><\/p>\n<div class=\"ad_2 ad-wrapper dfpAd ad-1-al-6 ad-text ad-component-container\" style=\"text-align: justify;\" data-ad-wrapper=\"arcad\" data-ad-type=\"ad_2\" data-ad-slot=\"infobae\/el-salvador\/nota\/ad_2\" data-ad-container=\"dfp\" data-ad-slot-name=\"infobae\/el-salvador\/nota\/ad_2\">\n<p class=\"ad-shell-label\"><span style=\"font-size: 14pt;\">PUBLICIDAD<\/span><\/p>\n<\/div>\n<p class=\"paragraph\" style=\"text-align: justify;\" data-mrf-recirculation=\"Links inline\"><span style=\"font-size: 14pt;\">Adem\u00e1s, se registran catorce casos en\u00a0<b>El Salvador, tres varones y once ni\u00f1as , once en Panam\u00e1 &#8211; con seis casos de ni\u00f1as y cinco de ni\u00f1os , nueve casos en Costa Rica , seis de los cuales son del sexo femenino y tres varones, y cuatro menores perdidos en Nicaragua,<\/b>\u00a0en este caso, tres son del sexo masculino y uno, femenino.<\/span><\/p>\n<div class=\"visual__image\" style=\"text-align: justify;\"><span style=\"font-size: 14pt;\"><span style=\"font-size: 14pt;\"><picture><source srcset=\"https:\/\/www.infobae.com\/resizer\/v2\/63OAGZWZDBEGVCXQCNZCZIBPBI.png?auth=ea020578092d2de6d451bb936af78c83045c830332831be1bbbd9270afaa9ece&amp;smart=true&amp;width=992&amp;height=554&amp;quality=85\" media=\"(min-width: 1000px)\" \/><source srcset=\"https:\/\/www.infobae.com\/resizer\/v2\/63OAGZWZDBEGVCXQCNZCZIBPBI.png?auth=ea020578092d2de6d451bb936af78c83045c830332831be1bbbd9270afaa9ece&amp;smart=true&amp;width=768&amp;height=429&amp;quality=85\" media=\"(min-width: 768px)\" \/><source srcset=\"https:\/\/www.infobae.com\/resizer\/v2\/63OAGZWZDBEGVCXQCNZCZIBPBI.png?auth=ea020578092d2de6d451bb936af78c83045c830332831be1bbbd9270afaa9ece&amp;smart=true&amp;width=577&amp;height=322&amp;quality=85\" media=\"(min-width: 580px)\" \/><source srcset=\"https:\/\/www.infobae.com\/resizer\/v2\/63OAGZWZDBEGVCXQCNZCZIBPBI.png?auth=ea020578092d2de6d451bb936af78c83045c830332831be1bbbd9270afaa9ece&amp;smart=true&amp;width=420&amp;height=234&amp;quality=85\" media=\"(min-width: 350px)\" \/><source srcset=\"https:\/\/www.infobae.com\/resizer\/v2\/63OAGZWZDBEGVCXQCNZCZIBPBI.png?auth=ea020578092d2de6d451bb936af78c83045c830332831be1bbbd9270afaa9ece&amp;smart=true&amp;width=350&amp;height=195&amp;quality=85\" media=\"(min-width: 80px)\" \/><\/picture><\/span><\/span>\n<figure style=\"width: 2752px\" class=\"wp-caption alignnone\"><img loading=\"lazy\" decoding=\"async\" class=\"global-image\" src=\"https:\/\/www.infobae.com\/resizer\/v2\/63OAGZWZDBEGVCXQCNZCZIBPBI.png?auth=ea020578092d2de6d451bb936af78c83045c830332831be1bbbd9270afaa9ece&amp;smart=true&amp;width=350&amp;height=195&amp;quality=85\" alt=\"Infograf\u00eda con fondo oscuro muestra estad\u00edsticas de menores desaparecidos en Centroam\u00e9rica, incluye siluetas de ni\u00f1os y un mapa regional.\" width=\"2752\" height=\"1536\" \/><figcaption class=\"wp-caption-text\">Infograf\u00eda detalla las 1352 notificaciones amarillas de menores desaparecidos en las Am\u00e9ricas, de las cuales 788 corresponden a Centroam\u00e9rica, destacando la grave situaci\u00f3n en Honduras y Guatemala. (Imagen Ilustrativa Infobae)<\/figcaption><\/figure>\n<\/div>\n<h2 id=\"respuestas-estatales-en-guatemala-y-la-incidencia-de-la-violencia-sexual\" class=\"header headline-class-h2 headline\" style=\"text-align: justify;\"><span style=\"font-size: 14pt;\">Respuestas estatales en Guatemala y la incidencia de la violencia sexual<\/span><\/h2>\n<p class=\"paragraph\" style=\"text-align: justify;\" data-mrf-recirculation=\"Links inline\"><span style=\"font-size: 14pt;\">En\u00a0<b>Guatemala<\/b>, el Sistema de Alerta Alba-Keneth opera como modelo regional para la b\u00fasqueda inmediata de menores desaparecidos.<\/span><\/p>\n<div class=\"ad_3 ad-wrapper dfpAd ad-1-al-6 ad-text ad-component-container\" style=\"text-align: justify;\" data-ad-wrapper=\"arcad\" data-ad-type=\"ad_3\" data-ad-slot=\"infobae\/el-salvador\/nota\/ad_3\" data-ad-container=\"dfp\" data-ad-slot-name=\"infobae\/el-salvador\/nota\/ad_3\">\n<p class=\"ad-shell-label\"><span style=\"font-size: 14pt;\">PUBLICIDAD<\/span><\/p>\n<\/div>\n<p class=\"paragraph\" style=\"text-align: justify;\" data-mrf-recirculation=\"Links inline\"><span style=\"font-size: 14pt;\">Desde su inicio en 2010, facilit\u00f3 la localizaci\u00f3n de\u00a0<b>m\u00e1s de 85,200 ni\u00f1os, ni\u00f1as y adolescentes<\/b>, seg\u00fan la Procuradur\u00eda General de la Naci\u00f3n. Este sitio, en su \u00faltima actualizaci\u00f3n del 13 al 19 de abril, reporta 155 alertas generadas, de las cuales 77 se mantienen activas.<\/span><\/p>\n<p class=\"paragraph\" style=\"text-align: justify;\" data-mrf-recirculation=\"Links inline\"><span style=\"font-size: 14pt;\">Solo en 2024, se activaron\u00a0<b>6,970 alertas<\/b>, con\u00a0<b>5,894 casos resueltos y 1,076 alertas activas<\/b>\u00a0al cierre del a\u00f1o.<\/span><\/p>\n<div class=\"ad_4 ad-wrapper dfpAd ad-1-al-6 ad-text ad-component-container\" style=\"text-align: justify;\" data-ad-wrapper=\"arcad\" data-ad-type=\"ad_4\" data-ad-slot=\"infobae\/el-salvador\/nota\/ad_4\" data-ad-container=\"dfp\" data-ad-slot-name=\"infobae\/el-salvador\/nota\/ad_4\">\n<p class=\"ad-shell-label\"><span style=\"font-size: 14pt;\">PUBLICIDAD<\/span><\/p>\n<\/div>\n<p class=\"paragraph\" style=\"text-align: justify;\" data-mrf-recirculation=\"Links inline\"><span style=\"font-size: 14pt;\">El grupo m\u00e1s afectado &#8211; seg\u00fan registra la plataforma-son adolescentes de 13 a 15 a\u00f1os, siendo\u00a0<b>el departamento de Guatemala el m\u00e1s impactado, seguido por Escuintla, San Marcos, Quetzaltenango y Alta Verapaz.<\/b><\/span><\/p>\n<div class=\"visual__image\" style=\"text-align: justify;\"><span style=\"font-size: 14pt;\"><picture><source srcset=\"https:\/\/www.infobae.com\/resizer\/v2\/7JLEBDTEIREEPMOWFQMUCJWPEI.png?auth=e67cc2107fd89c466561bead8907cd9b85773a408b7c5475045b3cf87e3154d3&amp;smart=true&amp;width=992&amp;height=575&amp;quality=85\" media=\"(min-width: 1000px)\" \/><source srcset=\"https:\/\/www.infobae.com\/resizer\/v2\/7JLEBDTEIREEPMOWFQMUCJWPEI.png?auth=e67cc2107fd89c466561bead8907cd9b85773a408b7c5475045b3cf87e3154d3&amp;smart=true&amp;width=768&amp;height=445&amp;quality=85\" media=\"(min-width: 768px)\" \/><source srcset=\"https:\/\/www.infobae.com\/resizer\/v2\/7JLEBDTEIREEPMOWFQMUCJWPEI.png?auth=e67cc2107fd89c466561bead8907cd9b85773a408b7c5475045b3cf87e3154d3&amp;smart=true&amp;width=577&amp;height=335&amp;quality=85\" media=\"(min-width: 580px)\" \/><source srcset=\"https:\/\/www.infobae.com\/resizer\/v2\/7JLEBDTEIREEPMOWFQMUCJWPEI.png?auth=e67cc2107fd89c466561bead8907cd9b85773a408b7c5475045b3cf87e3154d3&amp;smart=true&amp;width=420&amp;height=244&amp;quality=85\" media=\"(min-width: 350px)\" \/><source srcset=\"https:\/\/www.infobae.com\/resizer\/v2\/7JLEBDTEIREEPMOWFQMUCJWPEI.png?auth=e67cc2107fd89c466561bead8907cd9b85773a408b7c5475045b3cf87e3154d3&amp;smart=true&amp;width=350&amp;height=203&amp;quality=85\" media=\"(min-width: 80px)\" \/><img loading=\"lazy\" decoding=\"async\" class=\"global-image\" src=\"https:\/\/www.infobae.com\/resizer\/v2\/7JLEBDTEIREEPMOWFQMUCJWPEI.png?auth=e67cc2107fd89c466561bead8907cd9b85773a408b7c5475045b3cf87e3154d3&amp;smart=true&amp;width=350&amp;height=203&amp;quality=85\" alt=\"En Guatemala, el Sistema de Alerta Alba-Keneth opera como modelo regional para la b\u00fasqueda inmediata de menores desaparecidos. \" width=\"1585\" height=\"919\" \/><\/picture>En Guatemala, el Sistema de Alerta Alba-Keneth opera como modelo regional para la b\u00fasqueda inmediata de menores desaparecidos.<\/span><\/div>\n<p class=\"paragraph\" style=\"text-align: justify;\" data-mrf-recirculation=\"Links inline\"><span style=\"font-size: 14pt;\">El sistema, que se activa a trav\u00e9s de denuncias telef\u00f3nicas y difusi\u00f3n masiva en redes sociales, moviliza a siete instituciones estatales de forma simult\u00e1nea tras cada reporte.<\/span><\/p>\n<h2 id=\"crecimiento-de-casos-en-costa-rica-y-condiciones-de-vulnerabilidad\" class=\"header headline-class-h2 headline\" style=\"text-align: justify;\"><span style=\"font-size: 14pt;\">Crecimiento de casos en Costa Rica y condiciones de vulnerabilidad<\/span><\/h2>\n<p class=\"paragraph\" style=\"text-align: justify;\" data-mrf-recirculation=\"Links inline\"><span style=\"font-size: 14pt;\">En el caso de\u00a0<b>Costa Rica<\/b>, el Organismo de Investigaci\u00f3n Judicial (OIJ) report\u00f3\u00a0<b>2,204 denuncias de menores no localizados durante 2025<\/b>, con un incremento sostenido desde 2020. El OIJ se\u00f1ala que\u00a0<b>el 89% de los casos corresponde a mujeres adolescentes<\/b>, especialmente en el rango de 15 a 16 a\u00f1os.<\/span><\/p>\n<p class=\"paragraph\" style=\"text-align: justify;\" data-mrf-recirculation=\"Links inline\"><span style=\"font-size: 14pt;\">San Jos\u00e9 lidera con el mayor n\u00famero de reportes, seguido por Goicoechea, Desamparados y Lim\u00f3n. Adem\u00e1s,\u00a0<b>140 de los menores desaparecidos eran de nacionalidad nicarag\u00fcense<\/b>, lo que evidencia la vulnerabilidad de ni\u00f1os migrantes.<\/span><\/p>\n<p class=\"paragraph\" style=\"text-align: justify;\" data-mrf-recirculation=\"Links inline\"><span style=\"font-size: 14pt;\">El an\u00e1lisis del OIJ identific\u00f3 una concentraci\u00f3n de desapariciones en septiembre y octubre, meses en los que la frecuencia de reportes super\u00f3 los\u00a0<b>tres casos diarios<\/b>.<\/span><\/p>\n<div class=\"visual__image\" style=\"text-align: justify;\"><span style=\"font-size: 14pt;\"><span style=\"font-size: 14pt;\"><picture><source srcset=\"https:\/\/www.infobae.com\/resizer\/v2\/GQ3UPGKME5DFNFFU6IPVPEMUJQ.jpg?auth=8291d6c492b0551b6b1f073803ae70ee7139ed50cba48f4595c1479eefc100c1&amp;smart=true&amp;width=992&amp;height=559&amp;quality=85\" media=\"(min-width: 1000px)\" \/><source srcset=\"https:\/\/www.infobae.com\/resizer\/v2\/GQ3UPGKME5DFNFFU6IPVPEMUJQ.jpg?auth=8291d6c492b0551b6b1f073803ae70ee7139ed50cba48f4595c1479eefc100c1&amp;smart=true&amp;width=768&amp;height=433&amp;quality=85\" media=\"(min-width: 768px)\" \/><source srcset=\"https:\/\/www.infobae.com\/resizer\/v2\/GQ3UPGKME5DFNFFU6IPVPEMUJQ.jpg?auth=8291d6c492b0551b6b1f073803ae70ee7139ed50cba48f4595c1479eefc100c1&amp;smart=true&amp;width=577&amp;height=325&amp;quality=85\" media=\"(min-width: 580px)\" \/><source srcset=\"https:\/\/www.infobae.com\/resizer\/v2\/GQ3UPGKME5DFNFFU6IPVPEMUJQ.jpg?auth=8291d6c492b0551b6b1f073803ae70ee7139ed50cba48f4595c1479eefc100c1&amp;smart=true&amp;width=420&amp;height=237&amp;quality=85\" media=\"(min-width: 350px)\" \/><source srcset=\"https:\/\/www.infobae.com\/resizer\/v2\/GQ3UPGKME5DFNFFU6IPVPEMUJQ.jpg?auth=8291d6c492b0551b6b1f073803ae70ee7139ed50cba48f4595c1479eefc100c1&amp;smart=true&amp;width=350&amp;height=197&amp;quality=85\" media=\"(min-width: 80px)\" \/><\/picture><\/span><\/span>\n<figure style=\"width: 1800px\" class=\"wp-caption alignnone\"><img loading=\"lazy\" decoding=\"async\" class=\"global-image\" src=\"https:\/\/www.infobae.com\/resizer\/v2\/GQ3UPGKME5DFNFFU6IPVPEMUJQ.jpg?auth=8291d6c492b0551b6b1f073803ae70ee7139ed50cba48f4595c1479eefc100c1&amp;smart=true&amp;width=350&amp;height=197&amp;quality=85\" alt=\"M\u00e1s de 1,500 ni\u00f1as y adolescentes fueron reportadas como desaparecidas durante el a\u00f1o 2022. Foto: Andina.\" width=\"1800\" height=\"1014\" \/><figcaption class=\"wp-caption-text\">En el caso de Costa Rica, el Organismo de Investigaci\u00f3n Judicial (OIJ) report\u00f3 2,204 denuncias de menores no localizados durante 2025, con un incremento sostenido desde 2020. Foto: Andina.<\/figcaption><\/figure>\n<\/div>\n<h2 id=\"panama:-innovaciones-legales-y-persistencia-de-casos-emblematicos\" class=\"header headline-class-h2 headline\" style=\"text-align: justify;\"><span style=\"font-size: 14pt;\">Panam\u00e1: Innovaciones legales y persistencia de casos emblem\u00e1ticos<\/span><\/h2>\n<p class=\"paragraph\" style=\"text-align: justify;\" data-mrf-recirculation=\"Links inline\"><span style=\"font-size: 14pt;\">En\u00a0<b>Panam\u00e1<\/b>, cada siete horas se reporta la desaparici\u00f3n de un menor, seg\u00fan datos del Observatorio Caminando por la Infancia y fuentes oficiales.<\/span><\/p>\n<p class=\"paragraph\" style=\"text-align: justify;\" data-mrf-recirculation=\"Links inline\"><span style=\"font-size: 14pt;\">Seg\u00fan datos del\u00a0<b>Ministerio P\u00fablico, en 2025 se registraron 394 activaciones, de las cuales 367 ni\u00f1os, ni\u00f1as y adolescentes fueron ubicados sanos y salvos.<\/b><\/span><\/p>\n<p class=\"paragraph\" style=\"text-align: justify;\" data-mrf-recirculation=\"Links inline\"><span style=\"font-size: 14pt;\">Esto representa una efectividad del 93.15%, lo que consolida a Alerta AMBER como una herramienta fundamental para la protecci\u00f3n de la ni\u00f1ez y adolescencia en el pa\u00eds. Los 27 casos restantes (6.85%) se mantienen bajo investigaci\u00f3n.<\/span><\/p>\n<p class=\"paragraph\" style=\"text-align: justify;\" data-mrf-recirculation=\"Links inline\"><span style=\"font-size: 14pt;\">Un reporte de Telemetro, medio paname\u00f1o reporta que en ese pa\u00eds,\u00a0<b>cada 7 horas se reporta la desaparici\u00f3n de un menor de edad, el medio cita el subregistro del Observatorio Caminando por la Infancia y detalla adem\u00e1s que en lo que va del a\u00f1o 2026 se ha registrado el reporte de 856 menores desaparecidos, de los cuales 799 han sido ubicados<\/b>\u00a0y est\u00e1n en proceso de b\u00fasqueda de 57.<\/span><\/p>\n<p class=\"paragraph\" style=\"text-align: justify;\" data-mrf-recirculation=\"Links inline\"><span style=\"font-size: 14pt;\">La Procuradur\u00eda General de la Naci\u00f3n tambi\u00e9n cre\u00f3 una unidad especializada para investigar estos casos, despu\u00e9s de la persistencia de desapariciones identificadas como emblem\u00e1ticas, como las de\u00a0<b>M\u00f3nica Serrano Garc\u00eda (2003)<\/b>\u00a0y\u00a0<b>Aderlyn Llerena Salda\u00f1a (2022)<\/b>, quienes a\u00fan no han sido localizadas.<\/span><\/p>\n<h2 id=\"nicaragua:-falta-de-transparencia-y-cifras-fragmentadas\" class=\"header headline-class-h2 headline\" style=\"text-align: justify;\"><span style=\"font-size: 14pt;\">Nicaragua: Falta de transparencia y cifras fragmentadas<\/span><\/h2>\n<p class=\"paragraph\" style=\"text-align: justify;\" data-mrf-recirculation=\"Links inline\"><span style=\"font-size: 14pt;\">En\u00a0<b>Nicaragua<\/b>, la crisis de desapariciones de menores permanece poco visible debido a la ausencia de datos p\u00fablicos confiables. Organizaciones de derechos humanos reportaron\u00a0<b>al menos 200 desapariciones o secuestros entre 2021 y 2023<\/b>; las cifras oficiales son inferiores y carentes de transparencia.<\/span><\/p>\n<p class=\"paragraph\" style=\"text-align: justify;\" data-mrf-recirculation=\"Links inline\"><span style=\"font-size: 14pt;\">En 2024, el monitoreo en redes sociales identific\u00f3\u00a0<b>21 denuncias, 18 de ellas de ni\u00f1as<\/b>. El Instituto de Medicina Legal inform\u00f3 que entre 2018 y 2023 realiz\u00f3 peritajes por violencia sexual a\u00a0<b>23,499 menores<\/b>, de los cuales el\u00a0<b>87% eran ni\u00f1as<\/b>. La carencia de planes estatales y la falta de informes policiales actualizados refuerzan la percepci\u00f3n de opacidad en el manejo de estos delitos.<\/span><\/p>\n<h2 id=\"honduras:-migracion-crimen-organizado-y-datos-divergentes\" class=\"header headline-class-h2 headline\" style=\"text-align: justify;\"><span style=\"font-size: 14pt;\">Honduras: Migraci\u00f3n, crimen organizado y datos divergentes<\/span><\/h2>\n<p class=\"paragraph\" style=\"text-align: justify;\" data-mrf-recirculation=\"Links inline\"><span style=\"font-size: 14pt;\"><b>Honduras<\/b>\u00a0se identifica como pa\u00eds de origen, tr\u00e1nsito y destino dentro de la crisis de desapariciones, con la pobreza y el crimen organizado como agravantes principales.<\/span><\/p>\n<p class=\"paragraph\" style=\"text-align: justify;\" data-mrf-recirculation=\"Links inline\"><span style=\"font-size: 14pt;\">Comit\u00e9s de familiares informaron sobre\u00a0<b>887 migrantes hondure\u00f1os desaparecidos hasta febrero de 2025<\/b>. El reclutamiento forzado por grupos criminales figura entre las principales causas de desplazamiento y desaparici\u00f3n.<\/span><\/p>\n<p class=\"paragraph\" style=\"text-align: justify;\" data-mrf-recirculation=\"Links inline\"><span style=\"font-size: 14pt;\">El Ministerio P\u00fablico y el Sistema Nacional de Emergencia 911 presentan cifras divergentes: entre 2020 y 2023, el Ministerio registr\u00f3\u00a0<b>710 denuncias de desaparici\u00f3n de mujeres<\/b>, mientras que el 911 report\u00f3\u00a0<b>8.059 casos<\/b>. El\u00a0<b>15% de los femicidios recientes estuvo precedido por denuncias de desaparici\u00f3n<\/b>.<\/span><\/p>\n<h2 id=\"el-salvador:-conexion-directa-entre-desapariciones-y-violencia-sexual\" class=\"header headline-class-h2 headline\" style=\"text-align: justify;\"><span style=\"font-size: 14pt;\">El Salvador: Conexi\u00f3n directa entre desapariciones y violencia sexual<\/span><\/h2>\n<p class=\"paragraph\" style=\"text-align: justify;\" data-mrf-recirculation=\"Links inline\"><span style=\"font-size: 14pt;\">En\u00a0<b>El Salvador<\/b>, la violencia sexual y las desapariciones se encuentran estrechamente vinculadas. El Instituto Salvadore\u00f1o para el Desarrollo de la Mujer (ISDEMU) inform\u00f3 de\u00a0<b>643 atenciones por violencia sexual en 2023<\/b>, m\u00e1s del 50% correspondientes a menores de 19 a\u00f1os.<\/span><\/p>\n<p class=\"paragraph\" style=\"text-align: justify;\" data-mrf-recirculation=\"Links inline\"><span style=\"font-size: 14pt;\">Entre enero y junio de 2024 se registraron\u00a0<b>294 casos atendidos<\/b>, con adolescentes entre los principales afectados.<\/span><\/p>\n<div class=\"visual__image\" style=\"text-align: justify;\"><span style=\"font-size: 14pt;\"><picture><source srcset=\"https:\/\/www.infobae.com\/resizer\/v2\/ML5C75HEBRD4JIRHU3NB3JMDIQ.png?auth=7b3d3dc43074d3bc504c174bc87c0a63aaf39b209b73540bd3ef25322adc7ec7&amp;smart=true&amp;width=992&amp;height=465&amp;quality=85\" media=\"(min-width: 1000px)\" \/><source srcset=\"https:\/\/www.infobae.com\/resizer\/v2\/ML5C75HEBRD4JIRHU3NB3JMDIQ.png?auth=7b3d3dc43074d3bc504c174bc87c0a63aaf39b209b73540bd3ef25322adc7ec7&amp;smart=true&amp;width=768&amp;height=360&amp;quality=85\" media=\"(min-width: 768px)\" \/><source srcset=\"https:\/\/www.infobae.com\/resizer\/v2\/ML5C75HEBRD4JIRHU3NB3JMDIQ.png?auth=7b3d3dc43074d3bc504c174bc87c0a63aaf39b209b73540bd3ef25322adc7ec7&amp;smart=true&amp;width=577&amp;height=270&amp;quality=85\" media=\"(min-width: 580px)\" \/><source srcset=\"https:\/\/www.infobae.com\/resizer\/v2\/ML5C75HEBRD4JIRHU3NB3JMDIQ.png?auth=7b3d3dc43074d3bc504c174bc87c0a63aaf39b209b73540bd3ef25322adc7ec7&amp;smart=true&amp;width=420&amp;height=197&amp;quality=85\" media=\"(min-width: 350px)\" \/><source srcset=\"https:\/\/www.infobae.com\/resizer\/v2\/ML5C75HEBRD4JIRHU3NB3JMDIQ.png?auth=7b3d3dc43074d3bc504c174bc87c0a63aaf39b209b73540bd3ef25322adc7ec7&amp;smart=true&amp;width=350&amp;height=164&amp;quality=85\" media=\"(min-width: 80px)\" \/><img loading=\"lazy\" decoding=\"async\" class=\"global-image\" src=\"https:\/\/www.infobae.com\/resizer\/v2\/ML5C75HEBRD4JIRHU3NB3JMDIQ.png?auth=7b3d3dc43074d3bc504c174bc87c0a63aaf39b209b73540bd3ef25322adc7ec7&amp;smart=true&amp;width=350&amp;height=164&amp;quality=85\" alt=\"el sitio \u00c1ngel Desaparecido de la Fiscal\u00eda General de la Rep\u00fablica, FGR reporta 17 casos activos de menores desaparecidos, aunque los \u00faltimos datos son de 2023. \" width=\"1903\" height=\"892\" \/><\/picture>el sitio \u00c1ngel Desaparecido de la Fiscal\u00eda General de la Rep\u00fablica, FGR reporta 17 casos activos de menores desaparecidos, aunque los \u00faltimos datos son de 2023.<\/span><\/div>\n<p class=\"paragraph\" style=\"text-align: justify;\" data-mrf-recirculation=\"Links inline\"><span style=\"font-size: 14pt;\">Adem\u00e1s, el sitio\u00a0<b>\u00c1ngel Desaparecido de la Fiscal\u00eda General de la Rep\u00fablica, FGR reporta 17 casos activos<\/b>\u00a0de menores desaparecidos, aunque los \u00faltimos datos son de 2023.<\/span><\/p>\n<h2 id=\"dinamica-internacional-y-factores-estructurales-de-fondo\" class=\"header headline-class-h2 headline\" style=\"text-align: justify;\"><span style=\"font-size: 14pt;\">Din\u00e1mica internacional y factores estructurales de fondo<\/span><\/h2>\n<p class=\"paragraph\" style=\"text-align: justify;\" data-mrf-recirculation=\"Links inline\"><span style=\"font-size: 14pt;\">La Operaci\u00f3n Eclipse de\u00a0<b>Interpol<\/b>, realizada entre 2025 y 2026 en nueve pa\u00edses de la regi\u00f3n, posibilit\u00f3 el rescate de\u00a0<b>65 menores v\u00edctimas de explotaci\u00f3n sexual<\/b>\u00a0y la detenci\u00f3n de\u00a0<b>60 personas involucradas<\/b>. El\u00a0<b>80% de las v\u00edctimas identificadas eran ni\u00f1as<\/b>\u00a0de entre 5 y 13 a\u00f1os.<\/span><\/p>\n<p class=\"paragraph\" style=\"text-align: justify;\" data-mrf-recirculation=\"Links inline\"><span style=\"font-size: 14pt;\">Junto con estos operativos, la regi\u00f3n contin\u00faa marcada por factores estructurales como la pobreza, el desplazamiento forzado y el control territorial de pandillas, lo que incrementa la vulnerabilidad de los menores y complica la respuesta institucional.<\/span><\/p>\n<div class=\"visual__image\" style=\"text-align: justify;\"><span style=\"font-size: 14pt;\"><span style=\"font-size: 14pt;\"><picture><source srcset=\"https:\/\/www.infobae.com\/resizer\/v2\/L7BGUG2KAREFXN3VB4KD3MGBGU.png?auth=8e1bf37f837d952830c92b2e02e1eca6c7be0edadd3083cab3969a4ba6670caa&amp;smart=true&amp;width=992&amp;height=541&amp;quality=85\" media=\"(min-width: 1000px)\" \/><source srcset=\"https:\/\/www.infobae.com\/resizer\/v2\/L7BGUG2KAREFXN3VB4KD3MGBGU.png?auth=8e1bf37f837d952830c92b2e02e1eca6c7be0edadd3083cab3969a4ba6670caa&amp;smart=true&amp;width=768&amp;height=419&amp;quality=85\" media=\"(min-width: 768px)\" \/><source srcset=\"https:\/\/www.infobae.com\/resizer\/v2\/L7BGUG2KAREFXN3VB4KD3MGBGU.png?auth=8e1bf37f837d952830c92b2e02e1eca6c7be0edadd3083cab3969a4ba6670caa&amp;smart=true&amp;width=577&amp;height=315&amp;quality=85\" media=\"(min-width: 580px)\" \/><source srcset=\"https:\/\/www.infobae.com\/resizer\/v2\/L7BGUG2KAREFXN3VB4KD3MGBGU.png?auth=8e1bf37f837d952830c92b2e02e1eca6c7be0edadd3083cab3969a4ba6670caa&amp;smart=true&amp;width=420&amp;height=229&amp;quality=85\" media=\"(min-width: 350px)\" \/><source srcset=\"https:\/\/www.infobae.com\/resizer\/v2\/L7BGUG2KAREFXN3VB4KD3MGBGU.png?auth=8e1bf37f837d952830c92b2e02e1eca6c7be0edadd3083cab3969a4ba6670caa&amp;smart=true&amp;width=350&amp;height=191&amp;quality=85\" media=\"(min-width: 80px)\" \/><\/picture><\/span><\/span>\n<figure style=\"width: 1408px\" class=\"wp-caption alignnone\"><img loading=\"lazy\" decoding=\"async\" class=\"global-image\" src=\"https:\/\/www.infobae.com\/resizer\/v2\/L7BGUG2KAREFXN3VB4KD3MGBGU.png?auth=8e1bf37f837d952830c92b2e02e1eca6c7be0edadd3083cab3969a4ba6670caa&amp;smart=true&amp;width=350&amp;height=191&amp;quality=85\" alt=\"Dos adultos, un hombre y una mujer, pegan volantes de &quot;PERDIDA&quot; con la foto de una ni\u00f1a en un poste de madera, en una calle de ciudad.\" width=\"1408\" height=\"768\" \/><figcaption class=\"wp-caption-text\">Aunque en la mayor\u00eda de portales de desaparecidos de la regi\u00f3n se reportan casos resueltos, tambi\u00e9n hay muchos cuyas v\u00edctimas tienen varios a\u00f1os perdidas. (Imagen Ilustrativa Infobae)<\/figcaption><\/figure>\n<\/div>\n<h2 id=\"marco-legal-y-recomendaciones-de-organismos-especializados\" class=\"header headline-class-h2 headline\" style=\"text-align: justify;\"><span style=\"font-size: 14pt;\">Marco legal y recomendaciones de organismos especializados<\/span><\/h2>\n<p class=\"paragraph\" style=\"text-align: justify;\" data-mrf-recirculation=\"Links inline\"><span style=\"font-size: 14pt;\">Solo\u00a0<b>Guatemala<\/b>\u00a0dispone de legislaci\u00f3n espec\u00edfica para menores desaparecidos y un sistema de notificaci\u00f3n r\u00e1pida. Costa Rica opera con un registro nacional, pero la mayor\u00eda de pa\u00edses carece de marcos legales integrales y sistemas de gesti\u00f3n de casos.<\/span><\/p>\n<p class=\"paragraph\" style=\"text-align: justify;\" data-mrf-recirculation=\"Links inline\"><span style=\"font-size: 14pt;\">Las organizaciones de derechos humanos y organismos internacionales recomiendan\u00a0<b>fortalecer la legislaci\u00f3n, crear registros centralizados, mejorar la capacidad forense, incrementar la coordinaci\u00f3n interinstitucional y desarrollar programas preventivos enfocados en los factores de riesgo<\/b>\u00a0que impulsan la crisis.<\/span><\/p>\n<div class=\"second-saved-buttons\">\n<div class=\"body-share-note\" style=\"text-align: justify;\">\u00a0<\/div>\n<\/div>\n\n\n<div class=\"wp-block-group\"><div class=\"wp-block-group__inner-container is-layout-constrained wp-block-group-is-layout-constrained\">\n<div id=\"DenunciayAPP\" class=\"wp-block-group\"><div class=\"wp-block-group__inner-container is-layout-constrained wp-block-group-is-layout-constrained\">\n<p><a href=\"https:\/\/whatsapp.com\/channel\/0029Va88WGP2ER6ZxD6TCa3U\" target=\"_blank\" rel=\"noopener\"><img loading=\"lazy\" decoding=\"async\" class=\"aligncenter size-full wp-image-155512\" src=\"https:\/\/infoelnuevonorte.com\/wp-content\/uploads\/2025\/10\/Canal-whatsapp-infoenn.jpeg\" alt=\"\" width=\"2046\" height=\"554\" srcset=\"https:\/\/infoelnuevonorte.com\/wp-content\/uploads\/2025\/10\/Canal-whatsapp-infoenn.jpeg 2046w, https:\/\/infoelnuevonorte.com\/wp-content\/uploads\/2025\/10\/Canal-whatsapp-infoenn-300x81.jpeg 300w, https:\/\/infoelnuevonorte.com\/wp-content\/uploads\/2025\/10\/Canal-whatsapp-infoenn-1024x277.jpeg 1024w, https:\/\/infoelnuevonorte.com\/wp-content\/uploads\/2025\/10\/Canal-whatsapp-infoenn-768x208.jpeg 768w, https:\/\/infoelnuevonorte.com\/wp-content\/uploads\/2025\/10\/Canal-whatsapp-infoenn-1536x416.jpeg 1536w, https:\/\/infoelnuevonorte.com\/wp-content\/uploads\/2025\/10\/Canal-whatsapp-infoenn-1551x420.jpeg 1551w, https:\/\/infoelnuevonorte.com\/wp-content\/uploads\/2025\/10\/Canal-whatsapp-infoenn-150x41.jpeg 150w, https:\/\/infoelnuevonorte.com\/wp-content\/uploads\/2025\/10\/Canal-whatsapp-infoenn-696x188.jpeg 696w, https:\/\/infoelnuevonorte.com\/wp-content\/uploads\/2025\/10\/Canal-whatsapp-infoenn-1068x289.jpeg 1068w, https:\/\/infoelnuevonorte.com\/wp-content\/uploads\/2025\/10\/Canal-whatsapp-infoenn-1920x520.jpeg 1920w\" sizes=\"(max-width: 2046px) 100vw, 2046px\" \/><\/a><\/p>\n<p>\ud83d\udd17 S\u00edguenos en nuestras redes:<br data-start=\"2686\" data-end=\"2689\" \/><a href=\"https:\/\/x.com\/Elnuevo_norte\">X<\/a> | <a class=\"\" href=\"https:\/\/t.me\/infoenn\" target=\"_new\" rel=\"noopener\" data-start=\"2757\" data-end=\"2789\">Telegram<\/a> | <a class=\"\" href=\"https:\/\/instagram.com\/noticiasenn1?r=nametag\" target=\"_new\" rel=\"noopener\" data-start=\"2792\" data-end=\"2849\">Instagram<\/a><br data-start=\"2849\" data-end=\"2852\" \/><a class=\"\" href=\"https:\/\/www.facebook.com\/infoenn\" target=\"_new\" rel=\"noopener\" data-start=\"2852\" data-end=\"2896\">Facebook<\/a> | <a class=\"\" href=\"https:\/\/www.threads.net\/@noticiasenn1\" target=\"_new\" rel=\"noopener\" data-start=\"2899\" data-end=\"2947\">Threads<\/a> | <a class=\"\" href=\"https:\/\/www.youtube.com\/channel\/UCZZJg_scU1p_c6cvyCHY48A\" target=\"_new\" rel=\"noopener\" data-start=\"2950\" data-end=\"3017\" data-is-last-node=\"\">YouTube<\/a><\/p>\n<p>\ud83d\ude4f \u00a1Tu apoyo es importante!<\/p>\n<p>\ud83d\udd3bDESCARGAR NUESTRA APP \"<span style=\"color: #0000ff;\"><strong>Info ENN<\/strong><\/span>\"<\/p>\n\n\n\n<div class=\"wp-block-buttons is-content-justification-left is-layout-flex wp-container-core-buttons-is-layout-1 wp-block-buttons-is-layout-flex\">\n<div class=\"wp-block-button is-style-3d\"><a class=\"wp-block-button__link has-white-background-color has-background wp-element-button\" href=\"https:\/\/apps.apple.com\/do\/app\/infoenn\/id6503000762\"><img loading=\"lazy\" decoding=\"async\" width=\"150\" height=\"50\" class=\"wp-image-104096\" style=\"width: 150px;\" src=\"https:\/\/infoelnuevonorte.com\/wp-content\/uploads\/2025\/05\/Download_on_the_App_Store_RGB_blk.svg_.png\" alt=\"\" srcset=\"https:\/\/infoelnuevonorte.com\/wp-content\/uploads\/2025\/05\/Download_on_the_App_Store_RGB_blk.svg_.png 1280w, https:\/\/infoelnuevonorte.com\/wp-content\/uploads\/2025\/05\/Download_on_the_App_Store_RGB_blk.svg_-300x100.png 300w, https:\/\/infoelnuevonorte.com\/wp-content\/uploads\/2025\/05\/Download_on_the_App_Store_RGB_blk.svg_-1024x342.png 1024w, https:\/\/infoelnuevonorte.com\/wp-content\/uploads\/2025\/05\/Download_on_the_App_Store_RGB_blk.svg_-768x257.png 768w, https:\/\/infoelnuevonorte.com\/wp-content\/uploads\/2025\/05\/Download_on_the_App_Store_RGB_blk.svg_-1256x420.png 1256w, https:\/\/infoelnuevonorte.com\/wp-content\/uploads\/2025\/05\/Download_on_the_App_Store_RGB_blk.svg_-150x50.png 150w, https:\/\/infoelnuevonorte.com\/wp-content\/uploads\/2025\/05\/Download_on_the_App_Store_RGB_blk.svg_-696x233.png 696w, https:\/\/infoelnuevonorte.com\/wp-content\/uploads\/2025\/05\/Download_on_the_App_Store_RGB_blk.svg_-1068x357.png 1068w, https:\/\/infoelnuevonorte.com\/wp-content\/uploads\/2025\/05\/Download_on_the_App_Store_RGB_blk.svg_-200x67.png 200w\" sizes=\"(max-width: 150px) 100vw, 150px\" \/><\/a><\/div>\n<\/div>\n\n\n\n<div class=\"wp-block-buttons is-layout-flex wp-block-buttons-is-layout-flex\">\n<div class=\"wp-block-button is-style-3d td_btn_large\"><a class=\"wp-block-button__link has-white-background-color has-background wp-element-button\" href=\"https:\/\/mega.nz\/file\/vRhVTJBD#6P0Os8p_y2oJgZIa__7dhjqdpW42XJ_cY3zmbyxVohM\" target=\"_blank\" rel=\"noreferrer noopener\"><mark style=\"background-color:rgba(0, 0, 0, 0)\" class=\"has-inline-color has-light-green-cyan-color\"><img loading=\"lazy\" decoding=\"async\" width=\"150\" height=\"49\" class=\"wp-image-104095\" style=\"width: 150px;\" src=\"https:\/\/infoelnuevonorte.com\/wp-content\/uploads\/2025\/05\/badge-google-play-and-app-store-button-download-free-png.webp\" alt=\"\" srcset=\"https:\/\/infoelnuevonorte.com\/wp-content\/uploads\/2025\/05\/badge-google-play-and-app-store-button-download-free-png.webp 1920w, https:\/\/infoelnuevonorte.com\/wp-content\/uploads\/2025\/05\/badge-google-play-and-app-store-button-download-free-png-300x98.webp 300w, https:\/\/infoelnuevonorte.com\/wp-content\/uploads\/2025\/05\/badge-google-play-and-app-store-button-download-free-png-1024x335.webp 1024w, https:\/\/infoelnuevonorte.com\/wp-content\/uploads\/2025\/05\/badge-google-play-and-app-store-button-download-free-png-768x252.webp 768w, https:\/\/infoelnuevonorte.com\/wp-content\/uploads\/2025\/05\/badge-google-play-and-app-store-button-download-free-png-1536x503.webp 1536w, https:\/\/infoelnuevonorte.com\/wp-content\/uploads\/2025\/05\/badge-google-play-and-app-store-button-download-free-png-1282x420.webp 1282w, https:\/\/infoelnuevonorte.com\/wp-content\/uploads\/2025\/05\/badge-google-play-and-app-store-button-download-free-png-150x49.webp 150w, https:\/\/infoelnuevonorte.com\/wp-content\/uploads\/2025\/05\/badge-google-play-and-app-store-button-download-free-png-696x228.webp 696w, https:\/\/infoelnuevonorte.com\/wp-content\/uploads\/2025\/05\/badge-google-play-and-app-store-button-download-free-png-1068x350.webp 1068w, https:\/\/infoelnuevonorte.com\/wp-content\/uploads\/2025\/05\/badge-google-play-and-app-store-button-download-free-png-200x66.webp 200w\" sizes=\"(max-width: 150px) 100vw, 150px\" \/><\/mark><\/a><\/div>\n<\/div>\n\n\n\n<p style=\"text-align: justify;\"><strong data-start=\"0\" data-end=\"18\" data-is-only-node=\"\"><a href=\"https:\/\/infoelnuevonorte.com\/\"><img loading=\"lazy\" decoding=\"async\" class=\" wp-image-159681 alignleft\" src=\"https:\/\/infoelnuevonorte.com\/wp-content\/uploads\/2025\/11\/Logo-3d-infoenn-con-fondo-blanco.jpg\" alt=\"\" width=\"240\" height=\"86\" srcset=\"https:\/\/infoelnuevonorte.com\/wp-content\/uploads\/2025\/11\/Logo-3d-infoenn-con-fondo-blanco.jpg 1696w, https:\/\/infoelnuevonorte.com\/wp-content\/uploads\/2025\/11\/Logo-3d-infoenn-con-fondo-blanco-300x108.jpg 300w, https:\/\/infoelnuevonorte.com\/wp-content\/uploads\/2025\/11\/Logo-3d-infoenn-con-fondo-blanco-1024x367.jpg 1024w, https:\/\/infoelnuevonorte.com\/wp-content\/uploads\/2025\/11\/Logo-3d-infoenn-con-fondo-blanco-768x275.jpg 768w, https:\/\/infoelnuevonorte.com\/wp-content\/uploads\/2025\/11\/Logo-3d-infoenn-con-fondo-blanco-1536x551.jpg 1536w, https:\/\/infoelnuevonorte.com\/wp-content\/uploads\/2025\/11\/Logo-3d-infoenn-con-fondo-blanco-1172x420.jpg 1172w, https:\/\/infoelnuevonorte.com\/wp-content\/uploads\/2025\/11\/Logo-3d-infoenn-con-fondo-blanco-150x54.jpg 150w, https:\/\/infoelnuevonorte.com\/wp-content\/uploads\/2025\/11\/Logo-3d-infoenn-con-fondo-blanco-696x250.jpg 696w, https:\/\/infoelnuevonorte.com\/wp-content\/uploads\/2025\/11\/Logo-3d-infoenn-con-fondo-blanco-1068x383.jpg 1068w\" sizes=\"(max-width: 240px) 100vw, 240px\" \/><\/a>El Nuevo Norte<\/strong> es un peri\u00f3dico digital dominicano fundado el <strong data-start=\"65\" data-end=\"90\">12 de febrero de 2006<\/strong> por el periodista <strong data-start=\"109\" data-end=\"129\">Junior Henr\u00edquez<\/strong>, quien funge como director y fundador. A trav\u00e9s de la web <strong data-start=\"188\" data-end=\"212\">infoelnuevonorte.com<\/strong>, el medio ofrece informaci\u00f3n veraz y oportuna sobre los acontecimientos sociales, pol\u00edticos, comunitarios y de actualidad general, tanto a nivel nacional como internacional, promoviendo un periodismo responsable, participativo y comprometido con la libre expresi\u00f3n y el fortalecimiento de la democracia informativa.<\/p>\n<\/div><\/div>\n<\/div><\/div>\n","protected":false},"excerpt":{"rendered":"<p>La regi\u00f3n centroamericana enfrenta una crisis de desapariciones de menores que afecta de manera desproporcionada a\u00a0ni\u00f1as y adolescentes mujeres, con sistemas de alerta y respuesta institucional desiguales en cada pa\u00eds. Reportes de organismos internacionales y bases de datos nacionales revelan un panorama marcado por brechas informativas, deficiencias legales y desaf\u00edos operativos persistentes. La mayor\u00eda de [&hellip;]<\/p>\n","protected":false},"author":2,"featured_media":213558,"comment_status":"closed","ping_status":"open","sticky":false,"template":"","format":"standard","meta":{"footnotes":""},"categories":[9],"tags":[],"yoast_head":"<!-- This site is optimized with the Yoast SEO plugin v24.5 - https:\/\/yoast.com\/wordpress\/plugins\/seo\/ -->\n<title>Interpol alerta sobre la desaparici\u00f3n de m\u00e1s de 780 menores en Centroam\u00e9rica | El Nuevo Norte<\/title>\n<meta name=\"robots\" content=\"index, follow, max-snippet:-1, max-image-preview:large, max-video-preview:-1\" \/>\n<link rel=\"canonical\" href=\"https:\/\/infoelnuevonorte.com\/?p=213556\" \/>\n<meta property=\"og:locale\" content=\"es_ES\" \/>\n<meta property=\"og:type\" content=\"article\" \/>\n<meta property=\"og:title\" content=\"Interpol alerta sobre la desaparici\u00f3n de m\u00e1s de 780 menores en Centroam\u00e9rica | El Nuevo Norte\" \/>\n<meta property=\"og:description\" content=\"La regi\u00f3n centroamericana enfrenta una crisis de desapariciones de menores que afecta de manera desproporcionada a\u00a0ni\u00f1as y adolescentes mujeres, con sistemas de alerta y respuesta institucional desiguales en cada pa\u00eds. Reportes de organismos internacionales y bases de datos nacionales revelan un panorama marcado por brechas informativas, deficiencias legales y desaf\u00edos operativos persistentes. La mayor\u00eda de [&hellip;]\" \/>\n<meta property=\"og:url\" content=\"https:\/\/infoelnuevonorte.com\/?p=213556\" \/>\n<meta property=\"og:site_name\" content=\"El Nuevo Norte\" \/>\n<meta property=\"article:publisher\" content=\"https:\/\/www.facebook.com\/infoenn\" \/>\n<meta property=\"article:published_time\" content=\"2026-04-28T19:27:18+00:00\" \/>\n<meta property=\"article:modified_time\" content=\"2026-04-28T19:27:20+00:00\" \/>\n<meta property=\"og:image\" content=\"https:\/\/infoelnuevonorte.com\/wp-content\/uploads\/2026\/04\/descarga-2026-04-28T152331.143.png\" \/>\n\t<meta property=\"og:image:width\" content=\"992\" \/>\n\t<meta property=\"og:image:height\" content=\"554\" \/>\n\t<meta property=\"og:image:type\" content=\"image\/png\" \/>\n<meta name=\"author\" content=\"T. R.\" \/>\n<meta name=\"twitter:card\" content=\"summary_large_image\" \/>\n<meta name=\"twitter:creator\" content=\"@Elnuevo_norte\" \/>\n<meta name=\"twitter:site\" content=\"@Elnuevo_norte\" \/>\n<meta name=\"twitter:label1\" content=\"Written by\" \/>\n\t<meta name=\"twitter:data1\" content=\"T. R.\" \/>\n\t<meta name=\"twitter:label2\" content=\"Est. reading time\" \/>\n\t<meta name=\"twitter:data2\" content=\"10 minutos\" \/>\n<script type=\"application\/ld+json\" class=\"yoast-schema-graph\">{\"@context\":\"https:\/\/schema.org\",\"@graph\":[{\"@type\":\"Article\",\"@id\":\"https:\/\/infoelnuevonorte.com\/?p=213556#article\",\"isPartOf\":{\"@id\":\"https:\/\/infoelnuevonorte.com\/?p=213556\"},\"author\":{\"name\":\"T. R.\",\"@id\":\"https:\/\/infoelnuevonorte.com\/#\/schema\/person\/3accb35eb55f55e96c492b52d085a403\"},\"headline\":\"Interpol alerta sobre la desaparici\u00f3n de m\u00e1s de 780 menores en Centroam\u00e9rica\",\"datePublished\":\"2026-04-28T19:27:18+00:00\",\"dateModified\":\"2026-04-28T19:27:20+00:00\",\"mainEntityOfPage\":{\"@id\":\"https:\/\/infoelnuevonorte.com\/?p=213556\"},\"wordCount\":1531,\"publisher\":{\"@id\":\"https:\/\/infoelnuevonorte.com\/#organization\"},\"image\":{\"@id\":\"https:\/\/infoelnuevonorte.com\/?p=213556#primaryimage\"},\"thumbnailUrl\":\"https:\/\/infoelnuevonorte.com\/wp-content\/uploads\/2026\/04\/descarga-2026-04-28T152331.143.png\",\"articleSection\":[\"Mundiales\"],\"inLanguage\":\"es-DO\"},{\"@type\":\"WebPage\",\"@id\":\"https:\/\/infoelnuevonorte.com\/?p=213556\",\"url\":\"https:\/\/infoelnuevonorte.com\/?p=213556\",\"name\":\"Interpol alerta sobre la desaparici\u00f3n de m\u00e1s de 780 menores en Centroam\u00e9rica | El Nuevo Norte\",\"isPartOf\":{\"@id\":\"https:\/\/infoelnuevonorte.com\/#website\"},\"primaryImageOfPage\":{\"@id\":\"https:\/\/infoelnuevonorte.com\/?p=213556#primaryimage\"},\"image\":{\"@id\":\"https:\/\/infoelnuevonorte.com\/?p=213556#primaryimage\"},\"thumbnailUrl\":\"https:\/\/infoelnuevonorte.com\/wp-content\/uploads\/2026\/04\/descarga-2026-04-28T152331.143.png\",\"datePublished\":\"2026-04-28T19:27:18+00:00\",\"dateModified\":\"2026-04-28T19:27:20+00:00\",\"breadcrumb\":{\"@id\":\"https:\/\/infoelnuevonorte.com\/?p=213556#breadcrumb\"},\"inLanguage\":\"es-DO\",\"potentialAction\":[{\"@type\":\"ReadAction\",\"target\":[\"https:\/\/infoelnuevonorte.com\/?p=213556\"]}]},{\"@type\":\"ImageObject\",\"inLanguage\":\"es-DO\",\"@id\":\"https:\/\/infoelnuevonorte.com\/?p=213556#primaryimage\",\"url\":\"https:\/\/infoelnuevonorte.com\/wp-content\/uploads\/2026\/04\/descarga-2026-04-28T152331.143.png\",\"contentUrl\":\"https:\/\/infoelnuevonorte.com\/wp-content\/uploads\/2026\/04\/descarga-2026-04-28T152331.143.png\",\"width\":992,\"height\":554},{\"@type\":\"BreadcrumbList\",\"@id\":\"https:\/\/infoelnuevonorte.com\/?p=213556#breadcrumb\",\"itemListElement\":[{\"@type\":\"ListItem\",\"position\":1,\"name\":\"Home\",\"item\":\"https:\/\/infoelnuevonorte.com\/\"},{\"@type\":\"ListItem\",\"position\":2,\"name\":\"Interpol alerta sobre la desaparici\u00f3n de m\u00e1s de 780 menores en Centroam\u00e9rica\"}]},{\"@type\":\"WebSite\",\"@id\":\"https:\/\/infoelnuevonorte.com\/#website\",\"url\":\"https:\/\/infoelnuevonorte.com\/\",\"name\":\"InfoEnn\",\"description\":\"Tu Voz, tu Verdad, tu Diario!!!\",\"publisher\":{\"@id\":\"https:\/\/infoelnuevonorte.com\/#organization\"},\"alternateName\":\"El Nuevo Norte\",\"potentialAction\":[{\"@type\":\"SearchAction\",\"target\":{\"@type\":\"EntryPoint\",\"urlTemplate\":\"https:\/\/infoelnuevonorte.com\/?s={search_term_string}\"},\"query-input\":{\"@type\":\"PropertyValueSpecification\",\"valueRequired\":true,\"valueName\":\"search_term_string\"}}],\"inLanguage\":\"es-DO\"},{\"@type\":\"Organization\",\"@id\":\"https:\/\/infoelnuevonorte.com\/#organization\",\"name\":\"Info El Nuevo Norte\",\"alternateName\":\"El Nuevo Norte\",\"url\":\"https:\/\/infoelnuevonorte.com\/\",\"logo\":{\"@type\":\"ImageObject\",\"inLanguage\":\"es-DO\",\"@id\":\"https:\/\/infoelnuevonorte.com\/#\/schema\/logo\/image\/\",\"url\":\"https:\/\/infoelnuevonorte.com\/wp-content\/uploads\/2026\/02\/Logo-Info-enn-3d-20ani.jpeg\",\"contentUrl\":\"https:\/\/infoelnuevonorte.com\/wp-content\/uploads\/2026\/02\/Logo-Info-enn-3d-20ani.jpeg\",\"width\":2046,\"height\":736,\"caption\":\"Info El Nuevo Norte\"},\"image\":{\"@id\":\"https:\/\/infoelnuevonorte.com\/#\/schema\/logo\/image\/\"},\"sameAs\":[\"https:\/\/www.facebook.com\/infoenn\",\"https:\/\/x.com\/Elnuevo_norte\",\"https:\/\/www.instagram.com\/infoenn\",\"https:\/\/www.facebook.com\/ENNRD\"]},{\"@type\":\"Person\",\"@id\":\"https:\/\/infoelnuevonorte.com\/#\/schema\/person\/3accb35eb55f55e96c492b52d085a403\",\"name\":\"T. R.\",\"image\":{\"@type\":\"ImageObject\",\"inLanguage\":\"es-DO\",\"@id\":\"https:\/\/infoelnuevonorte.com\/#\/schema\/person\/image\/\",\"url\":\"https:\/\/secure.gravatar.com\/avatar\/40543a038bda97abdb765b1662e9677d?s=96&d=robohash&r=g\",\"contentUrl\":\"https:\/\/secure.gravatar.com\/avatar\/40543a038bda97abdb765b1662e9677d?s=96&d=robohash&r=g\",\"caption\":\"T. R.\"},\"url\":\"https:\/\/infoelnuevonorte.com\/?author=2\"}]}<\/script>\n<!-- \/ Yoast SEO plugin. -->","yoast_head_json":{"title":"Interpol alerta sobre la desaparici\u00f3n de m\u00e1s de 780 menores en Centroam\u00e9rica | El Nuevo Norte","robots":{"index":"index","follow":"follow","max-snippet":"max-snippet:-1","max-image-preview":"max-image-preview:large","max-video-preview":"max-video-preview:-1"},"canonical":"https:\/\/infoelnuevonorte.com\/?p=213556","og_locale":"es_ES","og_type":"article","og_title":"Interpol alerta sobre la desaparici\u00f3n de m\u00e1s de 780 menores en Centroam\u00e9rica | El Nuevo Norte","og_description":"La regi\u00f3n centroamericana enfrenta una crisis de desapariciones de menores que afecta de manera desproporcionada a\u00a0ni\u00f1as y adolescentes mujeres, con sistemas de alerta y respuesta institucional desiguales en cada pa\u00eds. Reportes de organismos internacionales y bases de datos nacionales revelan un panorama marcado por brechas informativas, deficiencias legales y desaf\u00edos operativos persistentes. La mayor\u00eda de [&hellip;]","og_url":"https:\/\/infoelnuevonorte.com\/?p=213556","og_site_name":"El Nuevo Norte","article_publisher":"https:\/\/www.facebook.com\/infoenn","article_published_time":"2026-04-28T19:27:18+00:00","article_modified_time":"2026-04-28T19:27:20+00:00","og_image":[{"width":992,"height":554,"url":"https:\/\/infoelnuevonorte.com\/wp-content\/uploads\/2026\/04\/descarga-2026-04-28T152331.143.png","type":"image\/png"}],"author":"T. R.","twitter_card":"summary_large_image","twitter_creator":"@Elnuevo_norte","twitter_site":"@Elnuevo_norte","twitter_misc":{"Written by":"T. R.","Est. reading time":"10 minutos"},"schema":{"@context":"https:\/\/schema.org","@graph":[{"@type":"Article","@id":"https:\/\/infoelnuevonorte.com\/?p=213556#article","isPartOf":{"@id":"https:\/\/infoelnuevonorte.com\/?p=213556"},"author":{"name":"T. R.","@id":"https:\/\/infoelnuevonorte.com\/#\/schema\/person\/3accb35eb55f55e96c492b52d085a403"},"headline":"Interpol alerta sobre la desaparici\u00f3n de m\u00e1s de 780 menores en Centroam\u00e9rica","datePublished":"2026-04-28T19:27:18+00:00","dateModified":"2026-04-28T19:27:20+00:00","mainEntityOfPage":{"@id":"https:\/\/infoelnuevonorte.com\/?p=213556"},"wordCount":1531,"publisher":{"@id":"https:\/\/infoelnuevonorte.com\/#organization"},"image":{"@id":"https:\/\/infoelnuevonorte.com\/?p=213556#primaryimage"},"thumbnailUrl":"https:\/\/infoelnuevonorte.com\/wp-content\/uploads\/2026\/04\/descarga-2026-04-28T152331.143.png","articleSection":["Mundiales"],"inLanguage":"es-DO"},{"@type":"WebPage","@id":"https:\/\/infoelnuevonorte.com\/?p=213556","url":"https:\/\/infoelnuevonorte.com\/?p=213556","name":"Interpol alerta sobre la desaparici\u00f3n de m\u00e1s de 780 menores en Centroam\u00e9rica | El Nuevo Norte","isPartOf":{"@id":"https:\/\/infoelnuevonorte.com\/#website"},"primaryImageOfPage":{"@id":"https:\/\/infoelnuevonorte.com\/?p=213556#primaryimage"},"image":{"@id":"https:\/\/infoelnuevonorte.com\/?p=213556#primaryimage"},"thumbnailUrl":"https:\/\/infoelnuevonorte.com\/wp-content\/uploads\/2026\/04\/descarga-2026-04-28T152331.143.png","datePublished":"2026-04-28T19:27:18+00:00","dateModified":"2026-04-28T19:27:20+00:00","breadcrumb":{"@id":"https:\/\/infoelnuevonorte.com\/?p=213556#breadcrumb"},"inLanguage":"es-DO","potentialAction":[{"@type":"ReadAction","target":["https:\/\/infoelnuevonorte.com\/?p=213556"]}]},{"@type":"ImageObject","inLanguage":"es-DO","@id":"https:\/\/infoelnuevonorte.com\/?p=213556#primaryimage","url":"https:\/\/infoelnuevonorte.com\/wp-content\/uploads\/2026\/04\/descarga-2026-04-28T152331.143.png","contentUrl":"https:\/\/infoelnuevonorte.com\/wp-content\/uploads\/2026\/04\/descarga-2026-04-28T152331.143.png","width":992,"height":554},{"@type":"BreadcrumbList","@id":"https:\/\/infoelnuevonorte.com\/?p=213556#breadcrumb","itemListElement":[{"@type":"ListItem","position":1,"name":"Home","item":"https:\/\/infoelnuevonorte.com\/"},{"@type":"ListItem","position":2,"name":"Interpol alerta sobre la desaparici\u00f3n de m\u00e1s de 780 menores en Centroam\u00e9rica"}]},{"@type":"WebSite","@id":"https:\/\/infoelnuevonorte.com\/#website","url":"https:\/\/infoelnuevonorte.com\/","name":"InfoEnn","description":"Tu Voz, tu Verdad, tu Diario!!!","publisher":{"@id":"https:\/\/infoelnuevonorte.com\/#organization"},"alternateName":"El Nuevo Norte","potentialAction":[{"@type":"SearchAction","target":{"@type":"EntryPoint","urlTemplate":"https:\/\/infoelnuevonorte.com\/?s={search_term_string}"},"query-input":{"@type":"PropertyValueSpecification","valueRequired":true,"valueName":"search_term_string"}}],"inLanguage":"es-DO"},{"@type":"Organization","@id":"https:\/\/infoelnuevonorte.com\/#organization","name":"Info El Nuevo Norte","alternateName":"El Nuevo Norte","url":"https:\/\/infoelnuevonorte.com\/","logo":{"@type":"ImageObject","inLanguage":"es-DO","@id":"https:\/\/infoelnuevonorte.com\/#\/schema\/logo\/image\/","url":"https:\/\/infoelnuevonorte.com\/wp-content\/uploads\/2026\/02\/Logo-Info-enn-3d-20ani.jpeg","contentUrl":"https:\/\/infoelnuevonorte.com\/wp-content\/uploads\/2026\/02\/Logo-Info-enn-3d-20ani.jpeg","width":2046,"height":736,"caption":"Info El Nuevo Norte"},"image":{"@id":"https:\/\/infoelnuevonorte.com\/#\/schema\/logo\/image\/"},"sameAs":["https:\/\/www.facebook.com\/infoenn","https:\/\/x.com\/Elnuevo_norte","https:\/\/www.instagram.com\/infoenn","https:\/\/www.facebook.com\/ENNRD"]},{"@type":"Person","@id":"https:\/\/infoelnuevonorte.com\/#\/schema\/person\/3accb35eb55f55e96c492b52d085a403","name":"T. R.","image":{"@type":"ImageObject","inLanguage":"es-DO","@id":"https:\/\/infoelnuevonorte.com\/#\/schema\/person\/image\/","url":"https:\/\/secure.gravatar.com\/avatar\/40543a038bda97abdb765b1662e9677d?s=96&d=robohash&r=g","contentUrl":"https:\/\/secure.gravatar.com\/avatar\/40543a038bda97abdb765b1662e9677d?s=96&d=robohash&r=g","caption":"T. R."},"url":"https:\/\/infoelnuevonorte.com\/?author=2"}]}},"_links":{"self":[{"href":"https:\/\/infoelnuevonorte.com\/index.php?rest_route=\/wp\/v2\/posts\/213556"}],"collection":[{"href":"https:\/\/infoelnuevonorte.com\/index.php?rest_route=\/wp\/v2\/posts"}],"about":[{"href":"https:\/\/infoelnuevonorte.com\/index.php?rest_route=\/wp\/v2\/types\/post"}],"author":[{"embeddable":true,"href":"https:\/\/infoelnuevonorte.com\/index.php?rest_route=\/wp\/v2\/users\/2"}],"replies":[{"embeddable":true,"href":"https:\/\/infoelnuevonorte.com\/index.php?rest_route=%2Fwp%2Fv2%2Fcomments&post=213556"}],"version-history":[{"count":1,"href":"https:\/\/infoelnuevonorte.com\/index.php?rest_route=\/wp\/v2\/posts\/213556\/revisions"}],"predecessor-version":[{"id":213559,"href":"https:\/\/infoelnuevonorte.com\/index.php?rest_route=\/wp\/v2\/posts\/213556\/revisions\/213559"}],"wp:featuredmedia":[{"embeddable":true,"href":"https:\/\/infoelnuevonorte.com\/index.php?rest_route=\/wp\/v2\/media\/213558"}],"wp:attachment":[{"href":"https:\/\/infoelnuevonorte.com\/index.php?rest_route=%2Fwp%2Fv2%2Fmedia&parent=213556"}],"wp:term":[{"taxonomy":"category","embeddable":true,"href":"https:\/\/infoelnuevonorte.com\/index.php?rest_route=%2Fwp%2Fv2%2Fcategories&post=213556"},{"taxonomy":"post_tag","embeddable":true,"href":"https:\/\/infoelnuevonorte.com\/index.php?rest_route=%2Fwp%2Fv2%2Ftags&post=213556"}],"curies":[{"name":"wp","href":"https:\/\/api.w.org\/{rel}","templated":true}]}}