{"id":213606,"date":"2026-04-28T16:50:56","date_gmt":"2026-04-28T20:50:56","guid":{"rendered":"https:\/\/infoelnuevonorte.com\/?p=213606"},"modified":"2026-04-28T16:50:56","modified_gmt":"2026-04-28T20:50:56","slug":"director-de-el-diablo-viste-a-la-moda-2-explica-la-ausencia-de-adrian-grenier-en-la-secuela","status":"publish","type":"post","link":"https:\/\/infoelnuevonorte.com\/?p=213606","title":{"rendered":"Director de \"El diablo viste a la moda 2&#8243; explica la ausencia de Adrian Grenier en la secuela"},"content":{"rendered":"<!--[if lt IE 9]><script>document.createElement('audio');<\/script><![endif]-->\n<audio class=\"wp-audio-shortcode\" id=\"audio-213606-1\" preload=\"none\" style=\"width: 100%;\" controls=\"controls\"><source type=\"audio\/mpeg\" src=\"https:\/\/infoelnuevonorte.com\/wp-content\/uploads\/2026\/04\/ttsmaker-vip-file-2026-4-28-16-50-18.mp3?_=1\" \/><a href=\"https:\/\/infoelnuevonorte.com\/wp-content\/uploads\/2026\/04\/ttsmaker-vip-file-2026-4-28-16-50-18.mp3\">https:\/\/infoelnuevonorte.com\/wp-content\/uploads\/2026\/04\/ttsmaker-vip-file-2026-4-28-16-50-18.mp3<\/a><\/audio>\n<p style=\"text-align: justify;\"><span style=\"font-size: 14pt;\">El\u00a0<strong>director David Frankel<\/strong>\u00a0explic\u00f3 los motivos por los cuales el\u00a0<strong>actor Adrian Grenier<\/strong>\u00a0<strong>no forma parte<\/strong>\u00a0del elenco de la secuela de El diablo viste a la moda.<\/span><\/p>\n<p style=\"text-align: justify;\"><span style=\"font-size: 14pt;\">En\u00a0<strong>declaraciones<\/strong>\u00a0a la revista\u00a0<em><strong>Entertainment Weekly<\/strong><\/em>, el cineasta indic\u00f3 que se contempl\u00f3 la posibilidad de incluir al\u00a0<strong>personaje Nate Cooper<\/strong>\u00a0en una aparici\u00f3n breve dentro de la nueva producci\u00f3n. Sin embargo, la idea no se concret\u00f3 debido a limitaciones en el calendario de rodaje.<\/span><\/p>\n<p style=\"text-align: justify;\"><span style=\"font-size: 14pt;\">\"Hab\u00eda una idea de incluirlo en un cameo, pero el\u00a0<strong>cronograma de producci\u00f3n<\/strong> no lo permiti\u00f3\", explic\u00f3 Frankel, sin ofrecer detalles adicionales sobre el tipo de participaci\u00f3n prevista.<\/span><\/p>\n<figure class=\"inline-block\" style=\"text-align: justify;\"><span style=\"font-size: 14pt;\"><picture><img decoding=\"async\" class=\"mx-auto\" src=\"https:\/\/resources.diariolibre.com\/images\/2026\/04\/28\/sub-buzz-836-1666714393-11-e3321696.jpg\" alt=\"Infograf\u00eda\" width=\"auto\" height=\"350\" \/><\/picture><\/span>\n<figcaption><span style=\"font-size: 14pt;\">El actor Adrian Greiner en su personaje deNate Cooper en la cinta El diablo viste a la moda.<\/span><\/figcaption>\n<\/figure>\n<p style=\"text-align: justify;\"><span style=\"font-size: 14pt;\">El director tambi\u00e9n mencion\u00f3 la\u00a0<strong>participaci\u00f3n de Grenier<\/strong>\u00a0en una campa\u00f1a publicitaria de Starbucks, en la que el actor retom\u00f3 elementos asociados a su personaje en\u00a0<strong>tono referencial<\/strong>.<\/span><\/p>\n<p style=\"text-align: justify;\"><span style=\"font-size: 14pt;\">Por su parte,\u00a0<strong>Grenier<\/strong>\u00a0ha se\u00f1alado en entrevistas que\u00a0<strong>no fue contactado<\/strong>\u00a0para\u00a0<strong>integrarse al proyecto<\/strong>. El actor indic\u00f3 que la recepci\u00f3n del personaje por parte del p\u00fablico podr\u00eda haber influido en la decisi\u00f3n.<\/span><\/p>\n<p style=\"text-align: justify;\"><span style=\"font-size: 14pt;\">\"Entiendo que hay\u00a0<strong>opiniones sobre Nate<\/strong>\u00a0que\u00a0<strong>podr\u00edan haber incidido<\/strong>\", expres\u00f3 en\u00a0<strong>declaraciones<\/strong> difundidas por Page Six.<\/span><\/p>\n<figure class=\"inline-block\" style=\"text-align: justify;\"><span style=\"font-size: 14pt;\"><picture><img decoding=\"async\" class=\"mx-auto\" src=\"https:\/\/resources.diariolibre.com\/images\/2026\/04\/28\/los-actores-meryl-streep-i-emily-blunt-2-i-stanley-tucci-2-d-y-anne-hathaway-posan-durante-e-4801a181.jpg\" alt=\"Infograf\u00eda\" width=\"auto\" height=\"350\" \/><\/picture><\/span>\n<figcaption><span style=\"font-size: 14pt;\">Emily Blunt (2-i), Stanley Tucci (2-d) y Anne Hathaway posan durante el estreno de la ic\u00f3nica pel\u00edcula 'El diablo viste a la Moda', en el Lincoln Center de Nueva York (EE. UU.). (EFE\/ Octavio Guzm\u00e1n)<\/span><\/figcaption>\n<\/figure>\n<p style=\"text-align: justify;\"><span style=\"font-size: 14pt;\">El int\u00e9rprete tambi\u00e9n plante\u00f3 la posibilidad de desarrollar un proyecto centrado en su personaje, aunque no ofreci\u00f3 detalles concretos. Asimismo, reconoci\u00f3 que, con el paso del tiempo, ha reconsiderado la conducta de\u00a0<strong>Nate Cooper<\/strong>\u00a0dentro de la historia, se\u00f1alando que el personaje presentaba actitudes centradas en s\u00ed mismo y con poco apoyo hacia la protagonista.<\/span><\/p>\n<h2 style=\"text-align: justify;\"><span style=\"font-size: 14pt;\">M\u00e1s<\/span><\/h2>\n<ul class=\"list-text\">\n<li style=\"text-align: justify;\"><span style=\"font-size: 14pt;\">Desde el estreno de la pel\u00edcula original en 2006,\u00a0<strong>Grenier<\/strong>\u00a0ha participado en producciones de cine y televisi\u00f3n, adem\u00e1s de involucrarse en iniciativas relacionadas con el medio ambiente.<\/span><\/li>\n<\/ul>\n\n\n<div class=\"wp-block-group\"><div class=\"wp-block-group__inner-container is-layout-constrained wp-block-group-is-layout-constrained\">\n<div id=\"DenunciayAPP\" class=\"wp-block-group\"><div class=\"wp-block-group__inner-container is-layout-constrained wp-block-group-is-layout-constrained\">\n<p><a href=\"https:\/\/whatsapp.com\/channel\/0029Va88WGP2ER6ZxD6TCa3U\" target=\"_blank\" rel=\"noopener\"><img loading=\"lazy\" decoding=\"async\" class=\"aligncenter size-full wp-image-155512\" src=\"https:\/\/infoelnuevonorte.com\/wp-content\/uploads\/2025\/10\/Canal-whatsapp-infoenn.jpeg\" alt=\"\" width=\"2046\" height=\"554\" srcset=\"https:\/\/infoelnuevonorte.com\/wp-content\/uploads\/2025\/10\/Canal-whatsapp-infoenn.jpeg 2046w, https:\/\/infoelnuevonorte.com\/wp-content\/uploads\/2025\/10\/Canal-whatsapp-infoenn-300x81.jpeg 300w, https:\/\/infoelnuevonorte.com\/wp-content\/uploads\/2025\/10\/Canal-whatsapp-infoenn-1024x277.jpeg 1024w, https:\/\/infoelnuevonorte.com\/wp-content\/uploads\/2025\/10\/Canal-whatsapp-infoenn-768x208.jpeg 768w, https:\/\/infoelnuevonorte.com\/wp-content\/uploads\/2025\/10\/Canal-whatsapp-infoenn-1536x416.jpeg 1536w, https:\/\/infoelnuevonorte.com\/wp-content\/uploads\/2025\/10\/Canal-whatsapp-infoenn-1551x420.jpeg 1551w, https:\/\/infoelnuevonorte.com\/wp-content\/uploads\/2025\/10\/Canal-whatsapp-infoenn-150x41.jpeg 150w, https:\/\/infoelnuevonorte.com\/wp-content\/uploads\/2025\/10\/Canal-whatsapp-infoenn-696x188.jpeg 696w, https:\/\/infoelnuevonorte.com\/wp-content\/uploads\/2025\/10\/Canal-whatsapp-infoenn-1068x289.jpeg 1068w, https:\/\/infoelnuevonorte.com\/wp-content\/uploads\/2025\/10\/Canal-whatsapp-infoenn-1920x520.jpeg 1920w\" sizes=\"(max-width: 2046px) 100vw, 2046px\" \/><\/a><\/p>\n<p>\ud83d\udd17 S\u00edguenos en nuestras redes:<br data-start=\"2686\" data-end=\"2689\" \/><a href=\"https:\/\/x.com\/Elnuevo_norte\">X<\/a> | <a class=\"\" href=\"https:\/\/t.me\/infoenn\" target=\"_new\" rel=\"noopener\" data-start=\"2757\" data-end=\"2789\">Telegram<\/a> | <a class=\"\" href=\"https:\/\/instagram.com\/noticiasenn1?r=nametag\" target=\"_new\" rel=\"noopener\" data-start=\"2792\" data-end=\"2849\">Instagram<\/a><br data-start=\"2849\" data-end=\"2852\" \/><a class=\"\" href=\"https:\/\/www.facebook.com\/infoenn\" target=\"_new\" rel=\"noopener\" data-start=\"2852\" data-end=\"2896\">Facebook<\/a> | <a class=\"\" href=\"https:\/\/www.threads.net\/@noticiasenn1\" target=\"_new\" rel=\"noopener\" data-start=\"2899\" data-end=\"2947\">Threads<\/a> | <a class=\"\" href=\"https:\/\/www.youtube.com\/channel\/UCZZJg_scU1p_c6cvyCHY48A\" target=\"_new\" rel=\"noopener\" data-start=\"2950\" data-end=\"3017\" data-is-last-node=\"\">YouTube<\/a><\/p>\n<p>\ud83d\ude4f \u00a1Tu apoyo es importante!<\/p>\n<p>\ud83d\udd3bDESCARGAR NUESTRA APP \"<span style=\"color: #0000ff;\"><strong>Info ENN<\/strong><\/span>\"<\/p>\n\n\n\n<div class=\"wp-block-buttons is-content-justification-left is-layout-flex wp-container-core-buttons-is-layout-1 wp-block-buttons-is-layout-flex\">\n<div class=\"wp-block-button is-style-3d\"><a class=\"wp-block-button__link has-white-background-color has-background wp-element-button\" href=\"https:\/\/apps.apple.com\/do\/app\/infoenn\/id6503000762\"><img loading=\"lazy\" decoding=\"async\" width=\"150\" height=\"50\" class=\"wp-image-104096\" style=\"width: 150px;\" src=\"https:\/\/infoelnuevonorte.com\/wp-content\/uploads\/2025\/05\/Download_on_the_App_Store_RGB_blk.svg_.png\" alt=\"\" srcset=\"https:\/\/infoelnuevonorte.com\/wp-content\/uploads\/2025\/05\/Download_on_the_App_Store_RGB_blk.svg_.png 1280w, https:\/\/infoelnuevonorte.com\/wp-content\/uploads\/2025\/05\/Download_on_the_App_Store_RGB_blk.svg_-300x100.png 300w, https:\/\/infoelnuevonorte.com\/wp-content\/uploads\/2025\/05\/Download_on_the_App_Store_RGB_blk.svg_-1024x342.png 1024w, https:\/\/infoelnuevonorte.com\/wp-content\/uploads\/2025\/05\/Download_on_the_App_Store_RGB_blk.svg_-768x257.png 768w, https:\/\/infoelnuevonorte.com\/wp-content\/uploads\/2025\/05\/Download_on_the_App_Store_RGB_blk.svg_-1256x420.png 1256w, https:\/\/infoelnuevonorte.com\/wp-content\/uploads\/2025\/05\/Download_on_the_App_Store_RGB_blk.svg_-150x50.png 150w, https:\/\/infoelnuevonorte.com\/wp-content\/uploads\/2025\/05\/Download_on_the_App_Store_RGB_blk.svg_-696x233.png 696w, https:\/\/infoelnuevonorte.com\/wp-content\/uploads\/2025\/05\/Download_on_the_App_Store_RGB_blk.svg_-1068x357.png 1068w, https:\/\/infoelnuevonorte.com\/wp-content\/uploads\/2025\/05\/Download_on_the_App_Store_RGB_blk.svg_-200x67.png 200w\" sizes=\"(max-width: 150px) 100vw, 150px\" \/><\/a><\/div>\n<\/div>\n\n\n\n<div class=\"wp-block-buttons is-layout-flex wp-block-buttons-is-layout-flex\">\n<div class=\"wp-block-button is-style-3d td_btn_large\"><a class=\"wp-block-button__link has-white-background-color has-background wp-element-button\" href=\"https:\/\/mega.nz\/file\/vRhVTJBD#6P0Os8p_y2oJgZIa__7dhjqdpW42XJ_cY3zmbyxVohM\" target=\"_blank\" rel=\"noreferrer noopener\"><mark style=\"background-color:rgba(0, 0, 0, 0)\" class=\"has-inline-color has-light-green-cyan-color\"><img loading=\"lazy\" decoding=\"async\" width=\"150\" height=\"49\" class=\"wp-image-104095\" style=\"width: 150px;\" src=\"https:\/\/infoelnuevonorte.com\/wp-content\/uploads\/2025\/05\/badge-google-play-and-app-store-button-download-free-png.webp\" alt=\"\" srcset=\"https:\/\/infoelnuevonorte.com\/wp-content\/uploads\/2025\/05\/badge-google-play-and-app-store-button-download-free-png.webp 1920w, https:\/\/infoelnuevonorte.com\/wp-content\/uploads\/2025\/05\/badge-google-play-and-app-store-button-download-free-png-300x98.webp 300w, https:\/\/infoelnuevonorte.com\/wp-content\/uploads\/2025\/05\/badge-google-play-and-app-store-button-download-free-png-1024x335.webp 1024w, https:\/\/infoelnuevonorte.com\/wp-content\/uploads\/2025\/05\/badge-google-play-and-app-store-button-download-free-png-768x252.webp 768w, https:\/\/infoelnuevonorte.com\/wp-content\/uploads\/2025\/05\/badge-google-play-and-app-store-button-download-free-png-1536x503.webp 1536w, https:\/\/infoelnuevonorte.com\/wp-content\/uploads\/2025\/05\/badge-google-play-and-app-store-button-download-free-png-1282x420.webp 1282w, https:\/\/infoelnuevonorte.com\/wp-content\/uploads\/2025\/05\/badge-google-play-and-app-store-button-download-free-png-150x49.webp 150w, https:\/\/infoelnuevonorte.com\/wp-content\/uploads\/2025\/05\/badge-google-play-and-app-store-button-download-free-png-696x228.webp 696w, https:\/\/infoelnuevonorte.com\/wp-content\/uploads\/2025\/05\/badge-google-play-and-app-store-button-download-free-png-1068x350.webp 1068w, https:\/\/infoelnuevonorte.com\/wp-content\/uploads\/2025\/05\/badge-google-play-and-app-store-button-download-free-png-200x66.webp 200w\" sizes=\"(max-width: 150px) 100vw, 150px\" \/><\/mark><\/a><\/div>\n<\/div>\n\n\n\n<p style=\"text-align: justify;\"><strong data-start=\"0\" data-end=\"18\" data-is-only-node=\"\"><a href=\"https:\/\/infoelnuevonorte.com\/\"><img loading=\"lazy\" decoding=\"async\" class=\" wp-image-159681 alignleft\" src=\"https:\/\/infoelnuevonorte.com\/wp-content\/uploads\/2025\/11\/Logo-3d-infoenn-con-fondo-blanco.jpg\" alt=\"\" width=\"240\" height=\"86\" srcset=\"https:\/\/infoelnuevonorte.com\/wp-content\/uploads\/2025\/11\/Logo-3d-infoenn-con-fondo-blanco.jpg 1696w, https:\/\/infoelnuevonorte.com\/wp-content\/uploads\/2025\/11\/Logo-3d-infoenn-con-fondo-blanco-300x108.jpg 300w, https:\/\/infoelnuevonorte.com\/wp-content\/uploads\/2025\/11\/Logo-3d-infoenn-con-fondo-blanco-1024x367.jpg 1024w, https:\/\/infoelnuevonorte.com\/wp-content\/uploads\/2025\/11\/Logo-3d-infoenn-con-fondo-blanco-768x275.jpg 768w, https:\/\/infoelnuevonorte.com\/wp-content\/uploads\/2025\/11\/Logo-3d-infoenn-con-fondo-blanco-1536x551.jpg 1536w, https:\/\/infoelnuevonorte.com\/wp-content\/uploads\/2025\/11\/Logo-3d-infoenn-con-fondo-blanco-1172x420.jpg 1172w, https:\/\/infoelnuevonorte.com\/wp-content\/uploads\/2025\/11\/Logo-3d-infoenn-con-fondo-blanco-150x54.jpg 150w, https:\/\/infoelnuevonorte.com\/wp-content\/uploads\/2025\/11\/Logo-3d-infoenn-con-fondo-blanco-696x250.jpg 696w, https:\/\/infoelnuevonorte.com\/wp-content\/uploads\/2025\/11\/Logo-3d-infoenn-con-fondo-blanco-1068x383.jpg 1068w\" sizes=\"(max-width: 240px) 100vw, 240px\" \/><\/a>El Nuevo Norte<\/strong> es un peri\u00f3dico digital dominicano fundado el <strong data-start=\"65\" data-end=\"90\">12 de febrero de 2006<\/strong> por el periodista <strong data-start=\"109\" data-end=\"129\">Junior Henr\u00edquez<\/strong>, quien funge como director y fundador. A trav\u00e9s de la web <strong data-start=\"188\" data-end=\"212\">infoelnuevonorte.com<\/strong>, el medio ofrece informaci\u00f3n veraz y oportuna sobre los acontecimientos sociales, pol\u00edticos, comunitarios y de actualidad general, tanto a nivel nacional como internacional, promoviendo un periodismo responsable, participativo y comprometido con la libre expresi\u00f3n y el fortalecimiento de la democracia informativa.<\/p>\n<\/div><\/div>\n<\/div><\/div>\n","protected":false},"excerpt":{"rendered":"<p>El\u00a0director David Frankel\u00a0explic\u00f3 los motivos por los cuales el\u00a0actor Adrian Grenier\u00a0no forma parte\u00a0del elenco de la secuela de El diablo viste a la moda. En\u00a0declaraciones\u00a0a la revista\u00a0Entertainment Weekly, el cineasta indic\u00f3 que se contempl\u00f3 la posibilidad de incluir al\u00a0personaje Nate Cooper\u00a0en una aparici\u00f3n breve dentro de la nueva producci\u00f3n. Sin embargo, la idea no se [&hellip;]<\/p>\n","protected":false},"author":2,"featured_media":213608,"comment_status":"closed","ping_status":"open","sticky":false,"template":"","format":"standard","meta":{"footnotes":""},"categories":[71,11],"tags":[],"yoast_head":"<!-- This site is optimized with the Yoast SEO plugin v24.5 - https:\/\/yoast.com\/wordpress\/plugins\/seo\/ -->\n<title>Director de &quot;El diablo viste a la moda 2&quot; explica la ausencia de Adrian Grenier en la secuela | El Nuevo Norte<\/title>\n<meta name=\"robots\" content=\"index, follow, max-snippet:-1, max-image-preview:large, max-video-preview:-1\" \/>\n<link rel=\"canonical\" href=\"https:\/\/infoelnuevonorte.com\/?p=213606\" \/>\n<meta property=\"og:locale\" content=\"es_ES\" \/>\n<meta property=\"og:type\" content=\"article\" \/>\n<meta property=\"og:title\" content=\"Director de &quot;El diablo viste a la moda 2&quot; explica la ausencia de Adrian Grenier en la secuela | El Nuevo Norte\" \/>\n<meta property=\"og:description\" content=\"El\u00a0director David Frankel\u00a0explic\u00f3 los motivos por los cuales el\u00a0actor Adrian Grenier\u00a0no forma parte\u00a0del elenco de la secuela de El diablo viste a la moda. En\u00a0declaraciones\u00a0a la revista\u00a0Entertainment Weekly, el cineasta indic\u00f3 que se contempl\u00f3 la posibilidad de incluir al\u00a0personaje Nate Cooper\u00a0en una aparici\u00f3n breve dentro de la nueva producci\u00f3n. Sin embargo, la idea no se [&hellip;]\" \/>\n<meta property=\"og:url\" content=\"https:\/\/infoelnuevonorte.com\/?p=213606\" \/>\n<meta property=\"og:site_name\" content=\"El Nuevo Norte\" \/>\n<meta property=\"article:publisher\" content=\"https:\/\/www.facebook.com\/infoenn\" \/>\n<meta property=\"article:published_time\" content=\"2026-04-28T20:50:56+00:00\" \/>\n<meta property=\"og:image\" content=\"https:\/\/infoelnuevonorte.com\/wp-content\/uploads\/2026\/04\/descarga-2026-04-28T164854.539.png\" \/>\n\t<meta property=\"og:image:width\" content=\"896\" \/>\n\t<meta property=\"og:image:height\" content=\"504\" \/>\n\t<meta property=\"og:image:type\" content=\"image\/png\" \/>\n<meta name=\"author\" content=\"T. R.\" \/>\n<meta name=\"twitter:card\" content=\"summary_large_image\" \/>\n<meta name=\"twitter:creator\" content=\"@Elnuevo_norte\" \/>\n<meta name=\"twitter:site\" content=\"@Elnuevo_norte\" \/>\n<meta name=\"twitter:label1\" content=\"Written by\" \/>\n\t<meta name=\"twitter:data1\" content=\"T. R.\" \/>\n\t<meta name=\"twitter:label2\" content=\"Est. reading time\" \/>\n\t<meta name=\"twitter:data2\" content=\"4 minutos\" \/>\n<script type=\"application\/ld+json\" class=\"yoast-schema-graph\">{\"@context\":\"https:\/\/schema.org\",\"@graph\":[{\"@type\":\"Article\",\"@id\":\"https:\/\/infoelnuevonorte.com\/?p=213606#article\",\"isPartOf\":{\"@id\":\"https:\/\/infoelnuevonorte.com\/?p=213606\"},\"author\":{\"name\":\"T. R.\",\"@id\":\"https:\/\/infoelnuevonorte.com\/#\/schema\/person\/3accb35eb55f55e96c492b52d085a403\"},\"headline\":\"Director de \\\"El diablo viste a la moda 2&#8243; explica la ausencia de Adrian Grenier en la secuela\",\"datePublished\":\"2026-04-28T20:50:56+00:00\",\"mainEntityOfPage\":{\"@id\":\"https:\/\/infoelnuevonorte.com\/?p=213606\"},\"wordCount\":373,\"publisher\":{\"@id\":\"https:\/\/infoelnuevonorte.com\/#organization\"},\"image\":{\"@id\":\"https:\/\/infoelnuevonorte.com\/?p=213606#primaryimage\"},\"thumbnailUrl\":\"https:\/\/infoelnuevonorte.com\/wp-content\/uploads\/2026\/04\/descarga-2026-04-28T164854.539.png\",\"articleSection\":[\"Cine\",\"Entretenimiento\"],\"inLanguage\":\"es-DO\"},{\"@type\":\"WebPage\",\"@id\":\"https:\/\/infoelnuevonorte.com\/?p=213606\",\"url\":\"https:\/\/infoelnuevonorte.com\/?p=213606\",\"name\":\"Director de \\\"El diablo viste a la moda 2\\\" explica la ausencia de Adrian Grenier en la secuela | El Nuevo Norte\",\"isPartOf\":{\"@id\":\"https:\/\/infoelnuevonorte.com\/#website\"},\"primaryImageOfPage\":{\"@id\":\"https:\/\/infoelnuevonorte.com\/?p=213606#primaryimage\"},\"image\":{\"@id\":\"https:\/\/infoelnuevonorte.com\/?p=213606#primaryimage\"},\"thumbnailUrl\":\"https:\/\/infoelnuevonorte.com\/wp-content\/uploads\/2026\/04\/descarga-2026-04-28T164854.539.png\",\"datePublished\":\"2026-04-28T20:50:56+00:00\",\"breadcrumb\":{\"@id\":\"https:\/\/infoelnuevonorte.com\/?p=213606#breadcrumb\"},\"inLanguage\":\"es-DO\",\"potentialAction\":[{\"@type\":\"ReadAction\",\"target\":[\"https:\/\/infoelnuevonorte.com\/?p=213606\"]}]},{\"@type\":\"ImageObject\",\"inLanguage\":\"es-DO\",\"@id\":\"https:\/\/infoelnuevonorte.com\/?p=213606#primaryimage\",\"url\":\"https:\/\/infoelnuevonorte.com\/wp-content\/uploads\/2026\/04\/descarga-2026-04-28T164854.539.png\",\"contentUrl\":\"https:\/\/infoelnuevonorte.com\/wp-content\/uploads\/2026\/04\/descarga-2026-04-28T164854.539.png\",\"width\":896,\"height\":504},{\"@type\":\"BreadcrumbList\",\"@id\":\"https:\/\/infoelnuevonorte.com\/?p=213606#breadcrumb\",\"itemListElement\":[{\"@type\":\"ListItem\",\"position\":1,\"name\":\"Home\",\"item\":\"https:\/\/infoelnuevonorte.com\/\"},{\"@type\":\"ListItem\",\"position\":2,\"name\":\"Director de \\\"El diablo viste a la moda 2&#8243; explica la ausencia de Adrian Grenier en la secuela\"}]},{\"@type\":\"WebSite\",\"@id\":\"https:\/\/infoelnuevonorte.com\/#website\",\"url\":\"https:\/\/infoelnuevonorte.com\/\",\"name\":\"InfoEnn\",\"description\":\"Tu Voz, tu Verdad, tu Diario!!!\",\"publisher\":{\"@id\":\"https:\/\/infoelnuevonorte.com\/#organization\"},\"alternateName\":\"El Nuevo Norte\",\"potentialAction\":[{\"@type\":\"SearchAction\",\"target\":{\"@type\":\"EntryPoint\",\"urlTemplate\":\"https:\/\/infoelnuevonorte.com\/?s={search_term_string}\"},\"query-input\":{\"@type\":\"PropertyValueSpecification\",\"valueRequired\":true,\"valueName\":\"search_term_string\"}}],\"inLanguage\":\"es-DO\"},{\"@type\":\"Organization\",\"@id\":\"https:\/\/infoelnuevonorte.com\/#organization\",\"name\":\"Info El Nuevo Norte\",\"alternateName\":\"El Nuevo Norte\",\"url\":\"https:\/\/infoelnuevonorte.com\/\",\"logo\":{\"@type\":\"ImageObject\",\"inLanguage\":\"es-DO\",\"@id\":\"https:\/\/infoelnuevonorte.com\/#\/schema\/logo\/image\/\",\"url\":\"https:\/\/infoelnuevonorte.com\/wp-content\/uploads\/2026\/02\/Logo-Info-enn-3d-20ani.jpeg\",\"contentUrl\":\"https:\/\/infoelnuevonorte.com\/wp-content\/uploads\/2026\/02\/Logo-Info-enn-3d-20ani.jpeg\",\"width\":2046,\"height\":736,\"caption\":\"Info El Nuevo Norte\"},\"image\":{\"@id\":\"https:\/\/infoelnuevonorte.com\/#\/schema\/logo\/image\/\"},\"sameAs\":[\"https:\/\/www.facebook.com\/infoenn\",\"https:\/\/x.com\/Elnuevo_norte\",\"https:\/\/www.instagram.com\/infoenn\",\"https:\/\/www.facebook.com\/ENNRD\"]},{\"@type\":\"Person\",\"@id\":\"https:\/\/infoelnuevonorte.com\/#\/schema\/person\/3accb35eb55f55e96c492b52d085a403\",\"name\":\"T. R.\",\"image\":{\"@type\":\"ImageObject\",\"inLanguage\":\"es-DO\",\"@id\":\"https:\/\/infoelnuevonorte.com\/#\/schema\/person\/image\/\",\"url\":\"https:\/\/secure.gravatar.com\/avatar\/40543a038bda97abdb765b1662e9677d?s=96&d=robohash&r=g\",\"contentUrl\":\"https:\/\/secure.gravatar.com\/avatar\/40543a038bda97abdb765b1662e9677d?s=96&d=robohash&r=g\",\"caption\":\"T. R.\"},\"url\":\"https:\/\/infoelnuevonorte.com\/?author=2\"}]}<\/script>\n<!-- \/ Yoast SEO plugin. -->","yoast_head_json":{"title":"Director de \"El diablo viste a la moda 2\" explica la ausencia de Adrian Grenier en la secuela | El Nuevo Norte","robots":{"index":"index","follow":"follow","max-snippet":"max-snippet:-1","max-image-preview":"max-image-preview:large","max-video-preview":"max-video-preview:-1"},"canonical":"https:\/\/infoelnuevonorte.com\/?p=213606","og_locale":"es_ES","og_type":"article","og_title":"Director de \"El diablo viste a la moda 2\" explica la ausencia de Adrian Grenier en la secuela | El Nuevo Norte","og_description":"El\u00a0director David Frankel\u00a0explic\u00f3 los motivos por los cuales el\u00a0actor Adrian Grenier\u00a0no forma parte\u00a0del elenco de la secuela de El diablo viste a la moda. En\u00a0declaraciones\u00a0a la revista\u00a0Entertainment Weekly, el cineasta indic\u00f3 que se contempl\u00f3 la posibilidad de incluir al\u00a0personaje Nate Cooper\u00a0en una aparici\u00f3n breve dentro de la nueva producci\u00f3n. Sin embargo, la idea no se [&hellip;]","og_url":"https:\/\/infoelnuevonorte.com\/?p=213606","og_site_name":"El Nuevo Norte","article_publisher":"https:\/\/www.facebook.com\/infoenn","article_published_time":"2026-04-28T20:50:56+00:00","og_image":[{"width":896,"height":504,"url":"https:\/\/infoelnuevonorte.com\/wp-content\/uploads\/2026\/04\/descarga-2026-04-28T164854.539.png","type":"image\/png"}],"author":"T. R.","twitter_card":"summary_large_image","twitter_creator":"@Elnuevo_norte","twitter_site":"@Elnuevo_norte","twitter_misc":{"Written by":"T. R.","Est. reading time":"4 minutos"},"schema":{"@context":"https:\/\/schema.org","@graph":[{"@type":"Article","@id":"https:\/\/infoelnuevonorte.com\/?p=213606#article","isPartOf":{"@id":"https:\/\/infoelnuevonorte.com\/?p=213606"},"author":{"name":"T. R.","@id":"https:\/\/infoelnuevonorte.com\/#\/schema\/person\/3accb35eb55f55e96c492b52d085a403"},"headline":"Director de \"El diablo viste a la moda 2&#8243; explica la ausencia de Adrian Grenier en la secuela","datePublished":"2026-04-28T20:50:56+00:00","mainEntityOfPage":{"@id":"https:\/\/infoelnuevonorte.com\/?p=213606"},"wordCount":373,"publisher":{"@id":"https:\/\/infoelnuevonorte.com\/#organization"},"image":{"@id":"https:\/\/infoelnuevonorte.com\/?p=213606#primaryimage"},"thumbnailUrl":"https:\/\/infoelnuevonorte.com\/wp-content\/uploads\/2026\/04\/descarga-2026-04-28T164854.539.png","articleSection":["Cine","Entretenimiento"],"inLanguage":"es-DO"},{"@type":"WebPage","@id":"https:\/\/infoelnuevonorte.com\/?p=213606","url":"https:\/\/infoelnuevonorte.com\/?p=213606","name":"Director de \"El diablo viste a la moda 2\" explica la ausencia de Adrian Grenier en la secuela | El Nuevo Norte","isPartOf":{"@id":"https:\/\/infoelnuevonorte.com\/#website"},"primaryImageOfPage":{"@id":"https:\/\/infoelnuevonorte.com\/?p=213606#primaryimage"},"image":{"@id":"https:\/\/infoelnuevonorte.com\/?p=213606#primaryimage"},"thumbnailUrl":"https:\/\/infoelnuevonorte.com\/wp-content\/uploads\/2026\/04\/descarga-2026-04-28T164854.539.png","datePublished":"2026-04-28T20:50:56+00:00","breadcrumb":{"@id":"https:\/\/infoelnuevonorte.com\/?p=213606#breadcrumb"},"inLanguage":"es-DO","potentialAction":[{"@type":"ReadAction","target":["https:\/\/infoelnuevonorte.com\/?p=213606"]}]},{"@type":"ImageObject","inLanguage":"es-DO","@id":"https:\/\/infoelnuevonorte.com\/?p=213606#primaryimage","url":"https:\/\/infoelnuevonorte.com\/wp-content\/uploads\/2026\/04\/descarga-2026-04-28T164854.539.png","contentUrl":"https:\/\/infoelnuevonorte.com\/wp-content\/uploads\/2026\/04\/descarga-2026-04-28T164854.539.png","width":896,"height":504},{"@type":"BreadcrumbList","@id":"https:\/\/infoelnuevonorte.com\/?p=213606#breadcrumb","itemListElement":[{"@type":"ListItem","position":1,"name":"Home","item":"https:\/\/infoelnuevonorte.com\/"},{"@type":"ListItem","position":2,"name":"Director de \"El diablo viste a la moda 2&#8243; explica la ausencia de Adrian Grenier en la secuela"}]},{"@type":"WebSite","@id":"https:\/\/infoelnuevonorte.com\/#website","url":"https:\/\/infoelnuevonorte.com\/","name":"InfoEnn","description":"Tu Voz, tu Verdad, tu Diario!!!","publisher":{"@id":"https:\/\/infoelnuevonorte.com\/#organization"},"alternateName":"El Nuevo Norte","potentialAction":[{"@type":"SearchAction","target":{"@type":"EntryPoint","urlTemplate":"https:\/\/infoelnuevonorte.com\/?s={search_term_string}"},"query-input":{"@type":"PropertyValueSpecification","valueRequired":true,"valueName":"search_term_string"}}],"inLanguage":"es-DO"},{"@type":"Organization","@id":"https:\/\/infoelnuevonorte.com\/#organization","name":"Info El Nuevo Norte","alternateName":"El Nuevo Norte","url":"https:\/\/infoelnuevonorte.com\/","logo":{"@type":"ImageObject","inLanguage":"es-DO","@id":"https:\/\/infoelnuevonorte.com\/#\/schema\/logo\/image\/","url":"https:\/\/infoelnuevonorte.com\/wp-content\/uploads\/2026\/02\/Logo-Info-enn-3d-20ani.jpeg","contentUrl":"https:\/\/infoelnuevonorte.com\/wp-content\/uploads\/2026\/02\/Logo-Info-enn-3d-20ani.jpeg","width":2046,"height":736,"caption":"Info El Nuevo Norte"},"image":{"@id":"https:\/\/infoelnuevonorte.com\/#\/schema\/logo\/image\/"},"sameAs":["https:\/\/www.facebook.com\/infoenn","https:\/\/x.com\/Elnuevo_norte","https:\/\/www.instagram.com\/infoenn","https:\/\/www.facebook.com\/ENNRD"]},{"@type":"Person","@id":"https:\/\/infoelnuevonorte.com\/#\/schema\/person\/3accb35eb55f55e96c492b52d085a403","name":"T. R.","image":{"@type":"ImageObject","inLanguage":"es-DO","@id":"https:\/\/infoelnuevonorte.com\/#\/schema\/person\/image\/","url":"https:\/\/secure.gravatar.com\/avatar\/40543a038bda97abdb765b1662e9677d?s=96&d=robohash&r=g","contentUrl":"https:\/\/secure.gravatar.com\/avatar\/40543a038bda97abdb765b1662e9677d?s=96&d=robohash&r=g","caption":"T. R."},"url":"https:\/\/infoelnuevonorte.com\/?author=2"}]}},"_links":{"self":[{"href":"https:\/\/infoelnuevonorte.com\/index.php?rest_route=\/wp\/v2\/posts\/213606"}],"collection":[{"href":"https:\/\/infoelnuevonorte.com\/index.php?rest_route=\/wp\/v2\/posts"}],"about":[{"href":"https:\/\/infoelnuevonorte.com\/index.php?rest_route=\/wp\/v2\/types\/post"}],"author":[{"embeddable":true,"href":"https:\/\/infoelnuevonorte.com\/index.php?rest_route=\/wp\/v2\/users\/2"}],"replies":[{"embeddable":true,"href":"https:\/\/infoelnuevonorte.com\/index.php?rest_route=%2Fwp%2Fv2%2Fcomments&post=213606"}],"version-history":[{"count":1,"href":"https:\/\/infoelnuevonorte.com\/index.php?rest_route=\/wp\/v2\/posts\/213606\/revisions"}],"predecessor-version":[{"id":213609,"href":"https:\/\/infoelnuevonorte.com\/index.php?rest_route=\/wp\/v2\/posts\/213606\/revisions\/213609"}],"wp:featuredmedia":[{"embeddable":true,"href":"https:\/\/infoelnuevonorte.com\/index.php?rest_route=\/wp\/v2\/media\/213608"}],"wp:attachment":[{"href":"https:\/\/infoelnuevonorte.com\/index.php?rest_route=%2Fwp%2Fv2%2Fmedia&parent=213606"}],"wp:term":[{"taxonomy":"category","embeddable":true,"href":"https:\/\/infoelnuevonorte.com\/index.php?rest_route=%2Fwp%2Fv2%2Fcategories&post=213606"},{"taxonomy":"post_tag","embeddable":true,"href":"https:\/\/infoelnuevonorte.com\/index.php?rest_route=%2Fwp%2Fv2%2Ftags&post=213606"}],"curies":[{"name":"wp","href":"https:\/\/api.w.org\/{rel}","templated":true}]}}