{"id":214016,"date":"2026-04-29T18:42:14","date_gmt":"2026-04-29T22:42:14","guid":{"rendered":"https:\/\/infoelnuevonorte.com\/?p=214016"},"modified":"2026-04-29T18:45:21","modified_gmt":"2026-04-29T22:45:21","slug":"ponderan-renacer-turistico-y-transformacion-de-playa-sosua-con-nueva-plaza-de-vendedores","status":"publish","type":"post","link":"https:\/\/infoelnuevonorte.com\/?p=214016","title":{"rendered":"Ponderan \u201crenacer tur\u00edstico\u201d y transformaci\u00f3n de Playa Sos\u00faa con nueva plaza de vendedores"},"content":{"rendered":"<!--[if lt IE 9]><script>document.createElement('audio');<\/script><![endif]-->\n<audio class=\"wp-audio-shortcode\" id=\"audio-214016-1\" preload=\"none\" style=\"width: 100%;\" controls=\"controls\"><source type=\"audio\/mpeg\" src=\"https:\/\/infoelnuevonorte.com\/wp-content\/uploads\/2026\/04\/ttsmaker-vip-file-2026-4-29-18-41-18.mp3?_=1\" \/><a href=\"https:\/\/infoelnuevonorte.com\/wp-content\/uploads\/2026\/04\/ttsmaker-vip-file-2026-4-29-18-41-18.mp3\">https:\/\/infoelnuevonorte.com\/wp-content\/uploads\/2026\/04\/ttsmaker-vip-file-2026-4-29-18-41-18.mp3<\/a><\/audio>\n<p style=\"text-align: justify;\"><span style=\"font-size: 14pt;\"><strong>Por Antonio Heredia<\/strong><\/span><\/p>\n<p style=\"text-align: justify;\"><span style=\"font-size: 14pt;\"><strong>PUERTO PLATA.-<\/strong> Un cambio del cielo a la tierra presenta actualmente la Playa Sos\u00faa despu\u00e9s que el gobierno a trav\u00e9s la URBE y el Ministerio de Turismo, emprendiera la desarrabalizaci\u00f3n del entorno marino con modernidad y estricto ordenamiento.<\/span><\/p>\n<p style=\"text-align: justify;\"><span style=\"font-size: 14pt;\">Con el mejoramiento del frente costero de Playa Sos\u00faa y la Plaza Sur, no solo se entreg\u00f3 a principios de la cursante semana una obra de infraestructura, sino, una nueva historia que marca el inicio de un nuevo turismo en ese municipio puertoplate\u00f1o.<\/span><\/p>\n<p style=\"text-align: justify;\"><span style=\"font-size: 14pt;\">La primera de varias plazas fue erigida en una superficie de 15 mil metros cuadrados, exactamente en el mismo lugar que durante d\u00e9cadas fue golpeado por el desorden, donde las actividades il\u00edcitas estaban fuera de control y afectaban la seguridad de la comunidad.<\/span><\/p>\n<p style=\"text-align: justify;\"><span style=\"font-size: 14pt;\">El plan no era sencillo, pero las actuales autoridades gubernamentales no se pod\u00edan quedar con los brazos cruzados y emprendieron la recuperaci\u00f3n de un oasis que siempre debi\u00f3 pertenecer a las familias, a los trabajadores honestos y servir de sano esparcimiento para la ni\u00f1ez y adolescencia.<\/span><\/p>\n<p style=\"text-align: justify;\"><span style=\"font-size: 14pt;\">Despu\u00e9s de varios meses de trabajos que se iniciaron en junio del 2022 y algunos encontronazos con gentes que se resist\u00eda al cambio, ya se ven los resultados en Playa Sos\u00faa, hoy hay orden, limpieza y oportunidades en un espacio digno para vivir del trabajo honesto y crecer con esperanza.<\/span><\/p>\n<p style=\"text-align: justify;\"><span style=\"font-size: 14pt;\">Con la presencia del presidente Luis Abinader se entreg\u00f3 una nueva plaza para m\u00e1s de siete decenas de vendedores quienes por a\u00f1os lucharon por salir adelante, y ahora son empresarios que recibieron locales modernos y organizados, con equipos de cocina, sillas, mesas y hasta Chaisen Longue (Sheilones) de playa.<\/span><\/p>\n\n\n<figure class=\"wp-block-gallery has-nested-images columns-default is-cropped wp-block-gallery-1 is-layout-flex wp-block-gallery-is-layout-flex\">\n<figure class=\"wp-block-image size-large\"><img loading=\"lazy\" decoding=\"async\" width=\"1024\" height=\"576\" data-id=\"214020\" src=\"https:\/\/infoelnuevonorte.com\/wp-content\/uploads\/2026\/04\/WhatsApp-Image-2026-04-29-at-6.04.48-PM-3-1024x576.jpeg\" alt=\"\" class=\"wp-image-214020\" srcset=\"https:\/\/infoelnuevonorte.com\/wp-content\/uploads\/2026\/04\/WhatsApp-Image-2026-04-29-at-6.04.48-PM-3-1024x576.jpeg 1024w, https:\/\/infoelnuevonorte.com\/wp-content\/uploads\/2026\/04\/WhatsApp-Image-2026-04-29-at-6.04.48-PM-3-300x169.jpeg 300w, https:\/\/infoelnuevonorte.com\/wp-content\/uploads\/2026\/04\/WhatsApp-Image-2026-04-29-at-6.04.48-PM-3-768x432.jpeg 768w, https:\/\/infoelnuevonorte.com\/wp-content\/uploads\/2026\/04\/WhatsApp-Image-2026-04-29-at-6.04.48-PM-3-747x420.jpeg 747w, https:\/\/infoelnuevonorte.com\/wp-content\/uploads\/2026\/04\/WhatsApp-Image-2026-04-29-at-6.04.48-PM-3-150x84.jpeg 150w, https:\/\/infoelnuevonorte.com\/wp-content\/uploads\/2026\/04\/WhatsApp-Image-2026-04-29-at-6.04.48-PM-3-696x392.jpeg 696w, https:\/\/infoelnuevonorte.com\/wp-content\/uploads\/2026\/04\/WhatsApp-Image-2026-04-29-at-6.04.48-PM-3-1068x601.jpeg 1068w, https:\/\/infoelnuevonorte.com\/wp-content\/uploads\/2026\/04\/WhatsApp-Image-2026-04-29-at-6.04.48-PM-3.jpeg 1440w\" sizes=\"(max-width: 1024px) 100vw, 1024px\" \/><\/figure>\n\n\n\n<figure class=\"wp-block-image size-full\"><img loading=\"lazy\" decoding=\"async\" width=\"760\" height=\"427\" data-id=\"214021\" src=\"https:\/\/infoelnuevonorte.com\/wp-content\/uploads\/2026\/04\/WhatsApp-Image-2026-04-29-at-6.04.48-PM-2.jpeg\" alt=\"\" class=\"wp-image-214021\" srcset=\"https:\/\/infoelnuevonorte.com\/wp-content\/uploads\/2026\/04\/WhatsApp-Image-2026-04-29-at-6.04.48-PM-2.jpeg 760w, https:\/\/infoelnuevonorte.com\/wp-content\/uploads\/2026\/04\/WhatsApp-Image-2026-04-29-at-6.04.48-PM-2-300x169.jpeg 300w, https:\/\/infoelnuevonorte.com\/wp-content\/uploads\/2026\/04\/WhatsApp-Image-2026-04-29-at-6.04.48-PM-2-748x420.jpeg 748w, https:\/\/infoelnuevonorte.com\/wp-content\/uploads\/2026\/04\/WhatsApp-Image-2026-04-29-at-6.04.48-PM-2-150x84.jpeg 150w, https:\/\/infoelnuevonorte.com\/wp-content\/uploads\/2026\/04\/WhatsApp-Image-2026-04-29-at-6.04.48-PM-2-696x391.jpeg 696w\" sizes=\"(max-width: 760px) 100vw, 760px\" \/><\/figure>\n<\/figure>\n\n\n<p style=\"text-align: justify;\"><span style=\"font-size: 14pt;\">La Plaza Sur construida con una inversi\u00f3n superior a los RD$569 millones de pesos, consta de 7 pabellones donde hay 57 unidades especializadas en la preparaci\u00f3n y expendi\u00f3 de alimentos, 16 locales para la venta de artesan\u00eda local y art\u00edculos de regalo, 2 bares y 4 quioscos comerciales de menor escala.<\/span><\/p>\n<p style=\"text-align: justify;\"><span style=\"font-size: 14pt;\">Dichos locales comerciales est\u00e1n debidamente equipados con estufas, refrigeradores, extractores, fregaderos, pero adem\u00e1s posee barandas de seguridad en todas las terrazas, ba\u00f1os, oficinas, almacenes, \u00e1reas recreativas, glorieta para eventos, una terraza con una vista privilegiada y un amplio parqueo con capacidad para m\u00e1s de 150 veh\u00edculos.<\/span><\/p>\n<p style=\"text-align: justify;\"><span style=\"font-size: 14pt;\">All\u00ed, los comerciantes agrupados en la Asociaci\u00f3n de Vendedores de Playa Sos\u00faa (AVPS), liderados por Andr\u00e9s Batista y Jos\u00e9 Manuel Gonz\u00e1lez (Lilo), agradecieron al Gobierno por la obra y destacaron la transparencia de c\u00f3mo se ejecut\u00f3, al tiempo de ponderar que recibieron capacitaciones con las que podr\u00e1n fortalecer sus negocios.<\/span><\/p>\n<p style=\"text-align: justify;\"><span style=\"font-size: 14pt;\">Dicha obra fue realizada por la determinaci\u00f3n directa del presidente de la Rep\u00fablica, Luis Abinader, con la medici\u00f3n del ministro de la Presidencia, Jos\u00e9 Ignacio Paliza, logr\u00e1ndose una sinergia entre del Ministerio de Turismo (MITUR) y la Unidad Ejecutora para la Readecuaci\u00f3n de Barrios y Entornos (URBE).<\/span><\/p>\n<p style=\"text-align: justify;\"><span style=\"font-size: 14pt;\"><strong>Valoraci\u00f3n<\/strong><\/span><\/p>\n<p style=\"text-align: justify;\"><span style=\"font-size: 14pt;\">Con la desarrabalizaci\u00f3n y el mejoramiento del frente costero con la construcci\u00f3n de la Plaza para Vendedores, adem\u00e1s del anhelado hospital que va en m\u00e1s de un 60%, el Cuartel de Bomberos, la Estacion de Polic\u00eda entre otras obras, la poblaci\u00f3n de Sos\u00faa valora las ejecutorias de la presente administraci\u00f3n gubernamental.<\/span><\/p>\n<p style=\"text-align: justify;\"><span style=\"font-size: 14pt;\">Asimismo, se ha fustigado con acidez las promesas incumplidas de gestiones pasadas que duraron un vicennio y \u00fanicamente dieron varios picazos para obras en la que nunca pusieron ni un block, a quienes ahora \u00fanicamente les queda criticar sin raz\u00f3n ni sentido.<\/span><\/p>\n\n\n<figure class=\"wp-block-gallery has-nested-images columns-default is-cropped wp-block-gallery-2 is-layout-flex wp-block-gallery-is-layout-flex\">\n<figure class=\"wp-block-image size-large\"><img loading=\"lazy\" decoding=\"async\" width=\"1024\" height=\"576\" data-id=\"214019\" src=\"https:\/\/infoelnuevonorte.com\/wp-content\/uploads\/2026\/04\/WhatsApp-Image-2026-04-29-at-6.04.48-PM-4-1024x576.jpeg\" alt=\"\" class=\"wp-image-214019\" srcset=\"https:\/\/infoelnuevonorte.com\/wp-content\/uploads\/2026\/04\/WhatsApp-Image-2026-04-29-at-6.04.48-PM-4-1024x576.jpeg 1024w, https:\/\/infoelnuevonorte.com\/wp-content\/uploads\/2026\/04\/WhatsApp-Image-2026-04-29-at-6.04.48-PM-4-300x169.jpeg 300w, https:\/\/infoelnuevonorte.com\/wp-content\/uploads\/2026\/04\/WhatsApp-Image-2026-04-29-at-6.04.48-PM-4-768x432.jpeg 768w, https:\/\/infoelnuevonorte.com\/wp-content\/uploads\/2026\/04\/WhatsApp-Image-2026-04-29-at-6.04.48-PM-4-747x420.jpeg 747w, https:\/\/infoelnuevonorte.com\/wp-content\/uploads\/2026\/04\/WhatsApp-Image-2026-04-29-at-6.04.48-PM-4-150x84.jpeg 150w, https:\/\/infoelnuevonorte.com\/wp-content\/uploads\/2026\/04\/WhatsApp-Image-2026-04-29-at-6.04.48-PM-4-696x392.jpeg 696w, https:\/\/infoelnuevonorte.com\/wp-content\/uploads\/2026\/04\/WhatsApp-Image-2026-04-29-at-6.04.48-PM-4-1068x601.jpeg 1068w, https:\/\/infoelnuevonorte.com\/wp-content\/uploads\/2026\/04\/WhatsApp-Image-2026-04-29-at-6.04.48-PM-4.jpeg 1440w\" sizes=\"(max-width: 1024px) 100vw, 1024px\" \/><\/figure>\n\n\n\n<figure class=\"wp-block-image size-large\"><img loading=\"lazy\" decoding=\"async\" width=\"1024\" height=\"683\" data-id=\"214018\" src=\"https:\/\/infoelnuevonorte.com\/wp-content\/uploads\/2026\/04\/WhatsApp-Image-2026-04-29-at-6.04.48-PM-5-1024x683.jpeg\" alt=\"\" class=\"wp-image-214018\" srcset=\"https:\/\/infoelnuevonorte.com\/wp-content\/uploads\/2026\/04\/WhatsApp-Image-2026-04-29-at-6.04.48-PM-5-1024x683.jpeg 1024w, https:\/\/infoelnuevonorte.com\/wp-content\/uploads\/2026\/04\/WhatsApp-Image-2026-04-29-at-6.04.48-PM-5-300x200.jpeg 300w, https:\/\/infoelnuevonorte.com\/wp-content\/uploads\/2026\/04\/WhatsApp-Image-2026-04-29-at-6.04.48-PM-5-768x512.jpeg 768w, https:\/\/infoelnuevonorte.com\/wp-content\/uploads\/2026\/04\/WhatsApp-Image-2026-04-29-at-6.04.48-PM-5-1536x1024.jpeg 1536w, https:\/\/infoelnuevonorte.com\/wp-content\/uploads\/2026\/04\/WhatsApp-Image-2026-04-29-at-6.04.48-PM-5-630x420.jpeg 630w, https:\/\/infoelnuevonorte.com\/wp-content\/uploads\/2026\/04\/WhatsApp-Image-2026-04-29-at-6.04.48-PM-5-150x100.jpeg 150w, https:\/\/infoelnuevonorte.com\/wp-content\/uploads\/2026\/04\/WhatsApp-Image-2026-04-29-at-6.04.48-PM-5-696x464.jpeg 696w, https:\/\/infoelnuevonorte.com\/wp-content\/uploads\/2026\/04\/WhatsApp-Image-2026-04-29-at-6.04.48-PM-5-1068x712.jpeg 1068w, https:\/\/infoelnuevonorte.com\/wp-content\/uploads\/2026\/04\/WhatsApp-Image-2026-04-29-at-6.04.48-PM-5.jpeg 1600w\" sizes=\"(max-width: 1024px) 100vw, 1024px\" \/><\/figure>\n<\/figure>\n\n\n<p style=\"text-align: justify;\"><span style=\"font-size: 14pt;\"><strong>Meta mensaje<\/strong><\/span><\/p>\n<p style=\"text-align: justify;\"><span style=\"font-size: 14pt;\">En la mesa de honor del acto de inauguraci\u00f3n, el presidente Abinader, los ministros Paliza y Collado, adem\u00e1s de la gobernadora provincial, Claritza Rochett de Senior y la senadora por Puerto Plata, Ginette Bournigal de Jim\u00e9nez, estuvieron sentados el presidente de la Direcci\u00f3n Nacional de Control de Drogas (DNCD), Vicealmirante Jos\u00e9 Manuel Cabrera Ulloa y la coordinadora de la Fiscal\u00eda Especial de Sos\u00faa, magistrada Hilda Patricia Lagombra Polanco.<\/span><\/p>\n<p style=\"text-align: justify;\"><span style=\"font-size: 14pt;\"><strong>Impresiones<\/strong><\/span><\/p>\n<p style=\"text-align: justify;\"><span style=\"font-size: 14pt;\">\u201cA partir de ahora, vendr\u00e1 m\u00e1s turistas a Sos\u00faa debido a que las familias y toda la sociedad regresar\u00e1n a disfrutar de este destino que con los proyectos que se erigen en la zona se ha de convertirse en una regi\u00f3n de dinamismo econ\u00f3mico, generaci\u00f3n de empleos y conservaci\u00f3n de los recursos naturales\u201d, expres\u00f3 el presidente Luis Abinader.<\/span><\/p>\n<p style=\"text-align: justify;\"><span style=\"font-size: 14pt;\">\u201cLo que hicimos en Sos\u00faa demuestra algo importante: Cuando el turismo se gestiona bien, protege a la gente, crea oportunidades y transforma realidades. Esta obra marca un antes y un despu\u00e9s en la propuesta tur\u00edstica de Sos\u00faa&#8230; Sos\u00faa vuelve a nacer, recupera su paz y recupera su futuro\u201d, sostuvo el ministro de Turismo, David Collado.<\/span><\/p>\n<p style=\"text-align: justify;\"><span style=\"font-size: 14pt;\">\u201cFelicitamos la inauguraci\u00f3n de la nueva plaza para vendedores y el reordenamiento de Playa Sos\u00faa, un paso importante hacia un destino m\u00e1s organizado, atractivo y digno para todos\u2026\u00a1Sos\u00faa est\u00e1 cambiando!\u201d, dijo el ministro de la Presidencia, Jos\u00e9 Ignacio Paliza.<\/span><\/p>","protected":false},"excerpt":{"rendered":"<p>Por Antonio Heredia PUERTO PLATA.- Un cambio del cielo a la tierra presenta actualmente la Playa Sos\u00faa despu\u00e9s que el gobierno a trav\u00e9s la URBE y el Ministerio de Turismo, emprendiera la desarrabalizaci\u00f3n del entorno marino con modernidad y estricto ordenamiento. Con el mejoramiento del frente costero de Playa Sos\u00faa y la Plaza Sur, no [&hellip;]<\/p>\n","protected":false},"author":2,"featured_media":214023,"comment_status":"closed","ping_status":"open","sticky":false,"template":"","format":"standard","meta":{"footnotes":""},"categories":[5],"tags":[],"yoast_head":"<!-- This site is optimized with the Yoast SEO plugin v24.5 - https:\/\/yoast.com\/wordpress\/plugins\/seo\/ -->\n<title>Ponderan \u201crenacer tur\u00edstico\u201d y transformaci\u00f3n de Playa Sos\u00faa con nueva plaza de vendedores | El Nuevo Norte<\/title>\n<meta name=\"robots\" content=\"index, follow, max-snippet:-1, max-image-preview:large, max-video-preview:-1\" \/>\n<link rel=\"canonical\" href=\"https:\/\/infoelnuevonorte.com\/?p=214016\" \/>\n<meta property=\"og:locale\" content=\"es_ES\" \/>\n<meta property=\"og:type\" content=\"article\" \/>\n<meta property=\"og:title\" content=\"Ponderan \u201crenacer tur\u00edstico\u201d y transformaci\u00f3n de Playa Sos\u00faa con nueva plaza de vendedores | El Nuevo Norte\" \/>\n<meta property=\"og:description\" content=\"Por Antonio Heredia PUERTO PLATA.- Un cambio del cielo a la tierra presenta actualmente la Playa Sos\u00faa despu\u00e9s que el gobierno a trav\u00e9s la URBE y el Ministerio de Turismo, emprendiera la desarrabalizaci\u00f3n del entorno marino con modernidad y estricto ordenamiento. Con el mejoramiento del frente costero de Playa Sos\u00faa y la Plaza Sur, no [&hellip;]\" \/>\n<meta property=\"og:url\" content=\"https:\/\/infoelnuevonorte.com\/?p=214016\" \/>\n<meta property=\"og:site_name\" content=\"El Nuevo Norte\" \/>\n<meta property=\"article:publisher\" content=\"https:\/\/www.facebook.com\/infoenn\" \/>\n<meta property=\"article:published_time\" content=\"2026-04-29T22:42:14+00:00\" \/>\n<meta property=\"article:modified_time\" content=\"2026-04-29T22:45:21+00:00\" \/>\n<meta property=\"og:image\" content=\"https:\/\/infoelnuevonorte.com\/wp-content\/uploads\/2026\/04\/WhatsApp-Image-2026-04-29-at-6.04.48-PM.jpeg\" \/>\n\t<meta property=\"og:image:width\" content=\"1440\" \/>\n\t<meta property=\"og:image:height\" content=\"1078\" \/>\n\t<meta property=\"og:image:type\" content=\"image\/jpeg\" \/>\n<meta name=\"author\" content=\"T. R.\" \/>\n<meta name=\"twitter:card\" content=\"summary_large_image\" \/>\n<meta name=\"twitter:creator\" content=\"@Elnuevo_norte\" \/>\n<meta name=\"twitter:site\" content=\"@Elnuevo_norte\" \/>\n<meta name=\"twitter:label1\" content=\"Written by\" \/>\n\t<meta name=\"twitter:data1\" content=\"T. R.\" \/>\n\t<meta name=\"twitter:label2\" content=\"Est. reading time\" \/>\n\t<meta name=\"twitter:data2\" content=\"5 minutos\" \/>\n<script type=\"application\/ld+json\" class=\"yoast-schema-graph\">{\"@context\":\"https:\/\/schema.org\",\"@graph\":[{\"@type\":\"Article\",\"@id\":\"https:\/\/infoelnuevonorte.com\/?p=214016#article\",\"isPartOf\":{\"@id\":\"https:\/\/infoelnuevonorte.com\/?p=214016\"},\"author\":{\"name\":\"T. R.\",\"@id\":\"https:\/\/infoelnuevonorte.com\/#\/schema\/person\/3accb35eb55f55e96c492b52d085a403\"},\"headline\":\"Ponderan \u201crenacer tur\u00edstico\u201d y transformaci\u00f3n de Playa Sos\u00faa con nueva plaza de vendedores\",\"datePublished\":\"2026-04-29T22:42:14+00:00\",\"dateModified\":\"2026-04-29T22:45:21+00:00\",\"mainEntityOfPage\":{\"@id\":\"https:\/\/infoelnuevonorte.com\/?p=214016\"},\"wordCount\":875,\"publisher\":{\"@id\":\"https:\/\/infoelnuevonorte.com\/#organization\"},\"image\":{\"@id\":\"https:\/\/infoelnuevonorte.com\/?p=214016#primaryimage\"},\"thumbnailUrl\":\"https:\/\/infoelnuevonorte.com\/wp-content\/uploads\/2026\/04\/WhatsApp-Image-2026-04-29-at-6.04.48-PM.jpeg\",\"articleSection\":[\"Del Norte\"],\"inLanguage\":\"es-DO\"},{\"@type\":\"WebPage\",\"@id\":\"https:\/\/infoelnuevonorte.com\/?p=214016\",\"url\":\"https:\/\/infoelnuevonorte.com\/?p=214016\",\"name\":\"Ponderan \u201crenacer tur\u00edstico\u201d y transformaci\u00f3n de Playa Sos\u00faa con nueva plaza de vendedores | El Nuevo Norte\",\"isPartOf\":{\"@id\":\"https:\/\/infoelnuevonorte.com\/#website\"},\"primaryImageOfPage\":{\"@id\":\"https:\/\/infoelnuevonorte.com\/?p=214016#primaryimage\"},\"image\":{\"@id\":\"https:\/\/infoelnuevonorte.com\/?p=214016#primaryimage\"},\"thumbnailUrl\":\"https:\/\/infoelnuevonorte.com\/wp-content\/uploads\/2026\/04\/WhatsApp-Image-2026-04-29-at-6.04.48-PM.jpeg\",\"datePublished\":\"2026-04-29T22:42:14+00:00\",\"dateModified\":\"2026-04-29T22:45:21+00:00\",\"breadcrumb\":{\"@id\":\"https:\/\/infoelnuevonorte.com\/?p=214016#breadcrumb\"},\"inLanguage\":\"es-DO\",\"potentialAction\":[{\"@type\":\"ReadAction\",\"target\":[\"https:\/\/infoelnuevonorte.com\/?p=214016\"]}]},{\"@type\":\"ImageObject\",\"inLanguage\":\"es-DO\",\"@id\":\"https:\/\/infoelnuevonorte.com\/?p=214016#primaryimage\",\"url\":\"https:\/\/infoelnuevonorte.com\/wp-content\/uploads\/2026\/04\/WhatsApp-Image-2026-04-29-at-6.04.48-PM.jpeg\",\"contentUrl\":\"https:\/\/infoelnuevonorte.com\/wp-content\/uploads\/2026\/04\/WhatsApp-Image-2026-04-29-at-6.04.48-PM.jpeg\",\"width\":1440,\"height\":1078},{\"@type\":\"BreadcrumbList\",\"@id\":\"https:\/\/infoelnuevonorte.com\/?p=214016#breadcrumb\",\"itemListElement\":[{\"@type\":\"ListItem\",\"position\":1,\"name\":\"Home\",\"item\":\"https:\/\/infoelnuevonorte.com\/\"},{\"@type\":\"ListItem\",\"position\":2,\"name\":\"Ponderan \u201crenacer tur\u00edstico\u201d y transformaci\u00f3n de Playa Sos\u00faa con nueva plaza de vendedores\"}]},{\"@type\":\"WebSite\",\"@id\":\"https:\/\/infoelnuevonorte.com\/#website\",\"url\":\"https:\/\/infoelnuevonorte.com\/\",\"name\":\"InfoEnn\",\"description\":\"Tu Voz, tu Verdad, tu Diario!!!\",\"publisher\":{\"@id\":\"https:\/\/infoelnuevonorte.com\/#organization\"},\"alternateName\":\"El Nuevo Norte\",\"potentialAction\":[{\"@type\":\"SearchAction\",\"target\":{\"@type\":\"EntryPoint\",\"urlTemplate\":\"https:\/\/infoelnuevonorte.com\/?s={search_term_string}\"},\"query-input\":{\"@type\":\"PropertyValueSpecification\",\"valueRequired\":true,\"valueName\":\"search_term_string\"}}],\"inLanguage\":\"es-DO\"},{\"@type\":\"Organization\",\"@id\":\"https:\/\/infoelnuevonorte.com\/#organization\",\"name\":\"Info El Nuevo Norte\",\"alternateName\":\"El Nuevo Norte\",\"url\":\"https:\/\/infoelnuevonorte.com\/\",\"logo\":{\"@type\":\"ImageObject\",\"inLanguage\":\"es-DO\",\"@id\":\"https:\/\/infoelnuevonorte.com\/#\/schema\/logo\/image\/\",\"url\":\"https:\/\/infoelnuevonorte.com\/wp-content\/uploads\/2026\/02\/Logo-Info-enn-3d-20ani.jpeg\",\"contentUrl\":\"https:\/\/infoelnuevonorte.com\/wp-content\/uploads\/2026\/02\/Logo-Info-enn-3d-20ani.jpeg\",\"width\":2046,\"height\":736,\"caption\":\"Info El Nuevo Norte\"},\"image\":{\"@id\":\"https:\/\/infoelnuevonorte.com\/#\/schema\/logo\/image\/\"},\"sameAs\":[\"https:\/\/www.facebook.com\/infoenn\",\"https:\/\/x.com\/Elnuevo_norte\",\"https:\/\/www.instagram.com\/infoenn\",\"https:\/\/www.facebook.com\/ENNRD\"]},{\"@type\":\"Person\",\"@id\":\"https:\/\/infoelnuevonorte.com\/#\/schema\/person\/3accb35eb55f55e96c492b52d085a403\",\"name\":\"T. R.\",\"image\":{\"@type\":\"ImageObject\",\"inLanguage\":\"es-DO\",\"@id\":\"https:\/\/infoelnuevonorte.com\/#\/schema\/person\/image\/\",\"url\":\"https:\/\/secure.gravatar.com\/avatar\/40543a038bda97abdb765b1662e9677d?s=96&d=robohash&r=g\",\"contentUrl\":\"https:\/\/secure.gravatar.com\/avatar\/40543a038bda97abdb765b1662e9677d?s=96&d=robohash&r=g\",\"caption\":\"T. R.\"},\"url\":\"https:\/\/infoelnuevonorte.com\/?author=2\"}]}<\/script>\n<!-- \/ Yoast SEO plugin. -->","yoast_head_json":{"title":"Ponderan \u201crenacer tur\u00edstico\u201d y transformaci\u00f3n de Playa Sos\u00faa con nueva plaza de vendedores | El Nuevo Norte","robots":{"index":"index","follow":"follow","max-snippet":"max-snippet:-1","max-image-preview":"max-image-preview:large","max-video-preview":"max-video-preview:-1"},"canonical":"https:\/\/infoelnuevonorte.com\/?p=214016","og_locale":"es_ES","og_type":"article","og_title":"Ponderan \u201crenacer tur\u00edstico\u201d y transformaci\u00f3n de Playa Sos\u00faa con nueva plaza de vendedores | El Nuevo Norte","og_description":"Por Antonio Heredia PUERTO PLATA.- Un cambio del cielo a la tierra presenta actualmente la Playa Sos\u00faa despu\u00e9s que el gobierno a trav\u00e9s la URBE y el Ministerio de Turismo, emprendiera la desarrabalizaci\u00f3n del entorno marino con modernidad y estricto ordenamiento. Con el mejoramiento del frente costero de Playa Sos\u00faa y la Plaza Sur, no [&hellip;]","og_url":"https:\/\/infoelnuevonorte.com\/?p=214016","og_site_name":"El Nuevo Norte","article_publisher":"https:\/\/www.facebook.com\/infoenn","article_published_time":"2026-04-29T22:42:14+00:00","article_modified_time":"2026-04-29T22:45:21+00:00","og_image":[{"width":1440,"height":1078,"url":"https:\/\/infoelnuevonorte.com\/wp-content\/uploads\/2026\/04\/WhatsApp-Image-2026-04-29-at-6.04.48-PM.jpeg","type":"image\/jpeg"}],"author":"T. R.","twitter_card":"summary_large_image","twitter_creator":"@Elnuevo_norte","twitter_site":"@Elnuevo_norte","twitter_misc":{"Written by":"T. R.","Est. reading time":"5 minutos"},"schema":{"@context":"https:\/\/schema.org","@graph":[{"@type":"Article","@id":"https:\/\/infoelnuevonorte.com\/?p=214016#article","isPartOf":{"@id":"https:\/\/infoelnuevonorte.com\/?p=214016"},"author":{"name":"T. R.","@id":"https:\/\/infoelnuevonorte.com\/#\/schema\/person\/3accb35eb55f55e96c492b52d085a403"},"headline":"Ponderan \u201crenacer tur\u00edstico\u201d y transformaci\u00f3n de Playa Sos\u00faa con nueva plaza de vendedores","datePublished":"2026-04-29T22:42:14+00:00","dateModified":"2026-04-29T22:45:21+00:00","mainEntityOfPage":{"@id":"https:\/\/infoelnuevonorte.com\/?p=214016"},"wordCount":875,"publisher":{"@id":"https:\/\/infoelnuevonorte.com\/#organization"},"image":{"@id":"https:\/\/infoelnuevonorte.com\/?p=214016#primaryimage"},"thumbnailUrl":"https:\/\/infoelnuevonorte.com\/wp-content\/uploads\/2026\/04\/WhatsApp-Image-2026-04-29-at-6.04.48-PM.jpeg","articleSection":["Del Norte"],"inLanguage":"es-DO"},{"@type":"WebPage","@id":"https:\/\/infoelnuevonorte.com\/?p=214016","url":"https:\/\/infoelnuevonorte.com\/?p=214016","name":"Ponderan \u201crenacer tur\u00edstico\u201d y transformaci\u00f3n de Playa Sos\u00faa con nueva plaza de vendedores | El Nuevo Norte","isPartOf":{"@id":"https:\/\/infoelnuevonorte.com\/#website"},"primaryImageOfPage":{"@id":"https:\/\/infoelnuevonorte.com\/?p=214016#primaryimage"},"image":{"@id":"https:\/\/infoelnuevonorte.com\/?p=214016#primaryimage"},"thumbnailUrl":"https:\/\/infoelnuevonorte.com\/wp-content\/uploads\/2026\/04\/WhatsApp-Image-2026-04-29-at-6.04.48-PM.jpeg","datePublished":"2026-04-29T22:42:14+00:00","dateModified":"2026-04-29T22:45:21+00:00","breadcrumb":{"@id":"https:\/\/infoelnuevonorte.com\/?p=214016#breadcrumb"},"inLanguage":"es-DO","potentialAction":[{"@type":"ReadAction","target":["https:\/\/infoelnuevonorte.com\/?p=214016"]}]},{"@type":"ImageObject","inLanguage":"es-DO","@id":"https:\/\/infoelnuevonorte.com\/?p=214016#primaryimage","url":"https:\/\/infoelnuevonorte.com\/wp-content\/uploads\/2026\/04\/WhatsApp-Image-2026-04-29-at-6.04.48-PM.jpeg","contentUrl":"https:\/\/infoelnuevonorte.com\/wp-content\/uploads\/2026\/04\/WhatsApp-Image-2026-04-29-at-6.04.48-PM.jpeg","width":1440,"height":1078},{"@type":"BreadcrumbList","@id":"https:\/\/infoelnuevonorte.com\/?p=214016#breadcrumb","itemListElement":[{"@type":"ListItem","position":1,"name":"Home","item":"https:\/\/infoelnuevonorte.com\/"},{"@type":"ListItem","position":2,"name":"Ponderan \u201crenacer tur\u00edstico\u201d y transformaci\u00f3n de Playa Sos\u00faa con nueva plaza de vendedores"}]},{"@type":"WebSite","@id":"https:\/\/infoelnuevonorte.com\/#website","url":"https:\/\/infoelnuevonorte.com\/","name":"InfoEnn","description":"Tu Voz, tu Verdad, tu Diario!!!","publisher":{"@id":"https:\/\/infoelnuevonorte.com\/#organization"},"alternateName":"El Nuevo Norte","potentialAction":[{"@type":"SearchAction","target":{"@type":"EntryPoint","urlTemplate":"https:\/\/infoelnuevonorte.com\/?s={search_term_string}"},"query-input":{"@type":"PropertyValueSpecification","valueRequired":true,"valueName":"search_term_string"}}],"inLanguage":"es-DO"},{"@type":"Organization","@id":"https:\/\/infoelnuevonorte.com\/#organization","name":"Info El Nuevo Norte","alternateName":"El Nuevo Norte","url":"https:\/\/infoelnuevonorte.com\/","logo":{"@type":"ImageObject","inLanguage":"es-DO","@id":"https:\/\/infoelnuevonorte.com\/#\/schema\/logo\/image\/","url":"https:\/\/infoelnuevonorte.com\/wp-content\/uploads\/2026\/02\/Logo-Info-enn-3d-20ani.jpeg","contentUrl":"https:\/\/infoelnuevonorte.com\/wp-content\/uploads\/2026\/02\/Logo-Info-enn-3d-20ani.jpeg","width":2046,"height":736,"caption":"Info El Nuevo Norte"},"image":{"@id":"https:\/\/infoelnuevonorte.com\/#\/schema\/logo\/image\/"},"sameAs":["https:\/\/www.facebook.com\/infoenn","https:\/\/x.com\/Elnuevo_norte","https:\/\/www.instagram.com\/infoenn","https:\/\/www.facebook.com\/ENNRD"]},{"@type":"Person","@id":"https:\/\/infoelnuevonorte.com\/#\/schema\/person\/3accb35eb55f55e96c492b52d085a403","name":"T. R.","image":{"@type":"ImageObject","inLanguage":"es-DO","@id":"https:\/\/infoelnuevonorte.com\/#\/schema\/person\/image\/","url":"https:\/\/secure.gravatar.com\/avatar\/40543a038bda97abdb765b1662e9677d?s=96&d=robohash&r=g","contentUrl":"https:\/\/secure.gravatar.com\/avatar\/40543a038bda97abdb765b1662e9677d?s=96&d=robohash&r=g","caption":"T. R."},"url":"https:\/\/infoelnuevonorte.com\/?author=2"}]}},"_links":{"self":[{"href":"https:\/\/infoelnuevonorte.com\/index.php?rest_route=\/wp\/v2\/posts\/214016"}],"collection":[{"href":"https:\/\/infoelnuevonorte.com\/index.php?rest_route=\/wp\/v2\/posts"}],"about":[{"href":"https:\/\/infoelnuevonorte.com\/index.php?rest_route=\/wp\/v2\/types\/post"}],"author":[{"embeddable":true,"href":"https:\/\/infoelnuevonorte.com\/index.php?rest_route=\/wp\/v2\/users\/2"}],"replies":[{"embeddable":true,"href":"https:\/\/infoelnuevonorte.com\/index.php?rest_route=%2Fwp%2Fv2%2Fcomments&post=214016"}],"version-history":[{"count":2,"href":"https:\/\/infoelnuevonorte.com\/index.php?rest_route=\/wp\/v2\/posts\/214016\/revisions"}],"predecessor-version":[{"id":214026,"href":"https:\/\/infoelnuevonorte.com\/index.php?rest_route=\/wp\/v2\/posts\/214016\/revisions\/214026"}],"wp:featuredmedia":[{"embeddable":true,"href":"https:\/\/infoelnuevonorte.com\/index.php?rest_route=\/wp\/v2\/media\/214023"}],"wp:attachment":[{"href":"https:\/\/infoelnuevonorte.com\/index.php?rest_route=%2Fwp%2Fv2%2Fmedia&parent=214016"}],"wp:term":[{"taxonomy":"category","embeddable":true,"href":"https:\/\/infoelnuevonorte.com\/index.php?rest_route=%2Fwp%2Fv2%2Fcategories&post=214016"},{"taxonomy":"post_tag","embeddable":true,"href":"https:\/\/infoelnuevonorte.com\/index.php?rest_route=%2Fwp%2Fv2%2Ftags&post=214016"}],"curies":[{"name":"wp","href":"https:\/\/api.w.org\/{rel}","templated":true}]}}