{"id":2226,"date":"2023-10-16T03:06:49","date_gmt":"2023-10-16T03:06:49","guid":{"rendered":"https:\/\/infoelnuevonorte.com\/?p=2226"},"modified":"2023-10-16T03:06:50","modified_gmt":"2023-10-16T03:06:50","slug":"policia-mata-menor-de-un-disparo-de-manera-accidental-en-santiago","status":"publish","type":"post","link":"https:\/\/infoelnuevonorte.com\/?p=2226","title":{"rendered":"Polic\u00eda mata menor de un disparo de manera accidental en Santiago"},"content":{"rendered":"<p style=\"text-align: justify;\">Santiago, RD. \u2013 Un raso de la\u00a0Polic\u00eda Nacional\u00a0<strong>mat\u00f3\u00a0<\/strong>un menor de 9 a\u00f1os de edad, mientras limpiaba un arma de fuego en un hecho ocurrido en calle n\u00famero 13 casa\u00a0 24, del sector El Semillero II, del distrito municipal de Santiago Oeste.<\/p>\n<p style=\"text-align: justify;\">La v\u00edctima, quien muri\u00f3 cuando recib\u00eda atenciones m\u00e9dicas en el Hospital Perif\u00e9rico de Cienfuegos, lo identificaron como Ander Jes\u00fas Trino Rodr\u00edguez, al cual impactaron con una bala en el pecho, disparo que seg\u00fan el informe policial realizara de manera accidental el raso de la Polic\u00eda, Melvin Ericson Mu\u00f1oz de Jes\u00fas, de 22 a\u00f1os de edad, asignado al departamento S2 del Barrio Libertad en esta ciudad Santiago.<\/p>\n<p style=\"text-align: justify;\">Hermana de la v\u00edctima y esposa del victimario<\/p>\n<p style=\"text-align: justify;\">Mar\u00eda Miguelina Trino Santos, hermana de la v\u00edctima y esposa del raso manifest\u00f3 a los investigadores de la polic\u00eda que el victimario limpiaba la pistola marca Taurus, modelo PT 92 calibre 9mm., serie No. TCU53991, propiedad de la Polic\u00eda Nacional, la cual estaba asignada para servicio al cabo Alfonso Warden de la Rosa, perteneciente al mismo departamento, el cual\u00a0 supuestamente habr\u00eda prestado su arma de reglamento el pasado viernes, para que el raso Melvin Mu\u00f1oz de Jes\u00fas no fuera desarmado a realizar un servicio.<\/p>\n<p style=\"text-align: justify;\">El cad\u00e1ver lo examin\u00f3 el m\u00e9dico legista Geraldo Antonio Castillo, en presencia de la fiscal Neiqui Santos, del distrito judicial de Santiago, quien se encuentra asignada al departamento de violencias f\u00edsicas (homicidios), quien certific\u00f3 que la muerte del infante se produjo a causa del disparo en el t\u00f3rax.<\/p>\n","protected":false},"excerpt":{"rendered":"<p>Santiago, RD. \u2013 Un raso de la\u00a0Polic\u00eda Nacional\u00a0mat\u00f3\u00a0un menor de 9 a\u00f1os de edad, mientras limpiaba un arma de fuego en un hecho ocurrido en calle n\u00famero 13 casa\u00a0 24, del sector El Semillero II, del distrito municipal de Santiago Oeste. La v\u00edctima, quien muri\u00f3 cuando recib\u00eda atenciones m\u00e9dicas en el Hospital Perif\u00e9rico de Cienfuegos, [&hellip;]<\/p>\n","protected":false},"author":1,"featured_media":0,"comment_status":"open","ping_status":"open","sticky":false,"template":"","format":"standard","meta":{"footnotes":""},"categories":[2,5],"tags":[],"yoast_head":"<!-- This site is optimized with the Yoast SEO plugin v24.5 - https:\/\/yoast.com\/wordpress\/plugins\/seo\/ -->\n<title>Polic\u00eda mata menor de un disparo de manera accidental en Santiago | El Nuevo Norte<\/title>\n<meta name=\"robots\" content=\"index, follow, max-snippet:-1, max-image-preview:large, max-video-preview:-1\" \/>\n<link rel=\"canonical\" href=\"https:\/\/infoelnuevonorte.com\/?p=2226\" \/>\n<meta property=\"og:locale\" content=\"es_ES\" \/>\n<meta property=\"og:type\" content=\"article\" \/>\n<meta property=\"og:title\" content=\"Polic\u00eda mata menor de un disparo de manera accidental en Santiago | El Nuevo Norte\" \/>\n<meta property=\"og:description\" content=\"Santiago, RD. \u2013 Un raso de la\u00a0Polic\u00eda Nacional\u00a0mat\u00f3\u00a0un menor de 9 a\u00f1os de edad, mientras limpiaba un arma de fuego en un hecho ocurrido en calle n\u00famero 13 casa\u00a0 24, del sector El Semillero II, del distrito municipal de Santiago Oeste. La v\u00edctima, quien muri\u00f3 cuando recib\u00eda atenciones m\u00e9dicas en el Hospital Perif\u00e9rico de Cienfuegos, [&hellip;]\" \/>\n<meta property=\"og:url\" content=\"https:\/\/infoelnuevonorte.com\/?p=2226\" \/>\n<meta property=\"og:site_name\" content=\"El Nuevo Norte\" \/>\n<meta property=\"article:publisher\" content=\"https:\/\/www.facebook.com\/infoenn\" \/>\n<meta property=\"article:published_time\" content=\"2023-10-16T03:06:49+00:00\" \/>\n<meta property=\"article:modified_time\" content=\"2023-10-16T03:06:50+00:00\" \/>\n<meta property=\"og:image\" content=\"https:\/\/infoelnuevonorte.com\/wp-content\/uploads\/2023\/10\/WhatsApp-Image-2023-10-15-at-2.2.png\" \/>\n\t<meta property=\"og:image:width\" content=\"898\" \/>\n\t<meta property=\"og:image:height\" content=\"523\" \/>\n\t<meta property=\"og:image:type\" content=\"image\/png\" \/>\n<meta name=\"author\" content=\"InfoEnn\" \/>\n<meta name=\"twitter:card\" content=\"summary_large_image\" \/>\n<meta name=\"twitter:creator\" content=\"@Elnuevo_norte\" \/>\n<meta name=\"twitter:site\" content=\"@Elnuevo_norte\" \/>\n<meta name=\"twitter:label1\" content=\"Written by\" \/>\n\t<meta name=\"twitter:data1\" content=\"InfoEnn\" \/>\n\t<meta name=\"twitter:label2\" content=\"Est. reading time\" \/>\n\t<meta name=\"twitter:data2\" content=\"2 minutos\" \/>\n<script type=\"application\/ld+json\" class=\"yoast-schema-graph\">{\"@context\":\"https:\/\/schema.org\",\"@graph\":[{\"@type\":\"Article\",\"@id\":\"https:\/\/infoelnuevonorte.com\/?p=2226#article\",\"isPartOf\":{\"@id\":\"https:\/\/infoelnuevonorte.com\/?p=2226\"},\"author\":{\"name\":\"InfoEnn\",\"@id\":\"https:\/\/infoelnuevonorte.com\/#\/schema\/person\/fd4f6d90afe41260818b4ea94ad8ab84\"},\"headline\":\"Polic\u00eda mata menor de un disparo de manera accidental en Santiago\",\"datePublished\":\"2023-10-16T03:06:49+00:00\",\"dateModified\":\"2023-10-16T03:06:50+00:00\",\"mainEntityOfPage\":{\"@id\":\"https:\/\/infoelnuevonorte.com\/?p=2226\"},\"wordCount\":282,\"commentCount\":0,\"publisher\":{\"@id\":\"https:\/\/infoelnuevonorte.com\/#organization\"},\"articleSection\":[\"Actualidad |\",\"Del Norte\"],\"inLanguage\":\"es-DO\",\"potentialAction\":[{\"@type\":\"CommentAction\",\"name\":\"Comment\",\"target\":[\"https:\/\/infoelnuevonorte.com\/?p=2226#respond\"]}]},{\"@type\":\"WebPage\",\"@id\":\"https:\/\/infoelnuevonorte.com\/?p=2226\",\"url\":\"https:\/\/infoelnuevonorte.com\/?p=2226\",\"name\":\"Polic\u00eda mata menor de un disparo de manera accidental en Santiago | El Nuevo Norte\",\"isPartOf\":{\"@id\":\"https:\/\/infoelnuevonorte.com\/#website\"},\"datePublished\":\"2023-10-16T03:06:49+00:00\",\"dateModified\":\"2023-10-16T03:06:50+00:00\",\"breadcrumb\":{\"@id\":\"https:\/\/infoelnuevonorte.com\/?p=2226#breadcrumb\"},\"inLanguage\":\"es-DO\",\"potentialAction\":[{\"@type\":\"ReadAction\",\"target\":[\"https:\/\/infoelnuevonorte.com\/?p=2226\"]}]},{\"@type\":\"BreadcrumbList\",\"@id\":\"https:\/\/infoelnuevonorte.com\/?p=2226#breadcrumb\",\"itemListElement\":[{\"@type\":\"ListItem\",\"position\":1,\"name\":\"Home\",\"item\":\"https:\/\/infoelnuevonorte.com\/\"},{\"@type\":\"ListItem\",\"position\":2,\"name\":\"Polic\u00eda mata menor de un disparo de manera accidental en Santiago\"}]},{\"@type\":\"WebSite\",\"@id\":\"https:\/\/infoelnuevonorte.com\/#website\",\"url\":\"https:\/\/infoelnuevonorte.com\/\",\"name\":\"InfoEnn\",\"description\":\"Tu Voz, tu Verdad, tu Diario!!!\",\"publisher\":{\"@id\":\"https:\/\/infoelnuevonorte.com\/#organization\"},\"alternateName\":\"El Nuevo Norte\",\"potentialAction\":[{\"@type\":\"SearchAction\",\"target\":{\"@type\":\"EntryPoint\",\"urlTemplate\":\"https:\/\/infoelnuevonorte.com\/?s={search_term_string}\"},\"query-input\":{\"@type\":\"PropertyValueSpecification\",\"valueRequired\":true,\"valueName\":\"search_term_string\"}}],\"inLanguage\":\"es-DO\"},{\"@type\":\"Organization\",\"@id\":\"https:\/\/infoelnuevonorte.com\/#organization\",\"name\":\"Info El Nuevo Norte\",\"alternateName\":\"El Nuevo Norte\",\"url\":\"https:\/\/infoelnuevonorte.com\/\",\"logo\":{\"@type\":\"ImageObject\",\"inLanguage\":\"es-DO\",\"@id\":\"https:\/\/infoelnuevonorte.com\/#\/schema\/logo\/image\/\",\"url\":\"https:\/\/infoelnuevonorte.com\/wp-content\/uploads\/2026\/02\/Logo-Info-enn-3d-20ani.jpeg\",\"contentUrl\":\"https:\/\/infoelnuevonorte.com\/wp-content\/uploads\/2026\/02\/Logo-Info-enn-3d-20ani.jpeg\",\"width\":2046,\"height\":736,\"caption\":\"Info El Nuevo Norte\"},\"image\":{\"@id\":\"https:\/\/infoelnuevonorte.com\/#\/schema\/logo\/image\/\"},\"sameAs\":[\"https:\/\/www.facebook.com\/infoenn\",\"https:\/\/x.com\/Elnuevo_norte\",\"https:\/\/www.instagram.com\/infoenn\",\"https:\/\/www.facebook.com\/ENNRD\"]},{\"@type\":\"Person\",\"@id\":\"https:\/\/infoelnuevonorte.com\/#\/schema\/person\/fd4f6d90afe41260818b4ea94ad8ab84\",\"name\":\"InfoEnn\",\"image\":{\"@type\":\"ImageObject\",\"inLanguage\":\"es-DO\",\"@id\":\"https:\/\/infoelnuevonorte.com\/#\/schema\/person\/image\/\",\"url\":\"https:\/\/secure.gravatar.com\/avatar\/d4d760a41a48ba9db0a82bfb63bb0783?s=96&d=robohash&r=g\",\"contentUrl\":\"https:\/\/secure.gravatar.com\/avatar\/d4d760a41a48ba9db0a82bfb63bb0783?s=96&d=robohash&r=g\",\"caption\":\"InfoEnn\"},\"sameAs\":[\"https:\/\/infoelnuevonorte.com\"],\"url\":\"https:\/\/infoelnuevonorte.com\/?author=1\"}]}<\/script>\n<!-- \/ Yoast SEO plugin. -->","yoast_head_json":{"title":"Polic\u00eda mata menor de un disparo de manera accidental en Santiago | El Nuevo Norte","robots":{"index":"index","follow":"follow","max-snippet":"max-snippet:-1","max-image-preview":"max-image-preview:large","max-video-preview":"max-video-preview:-1"},"canonical":"https:\/\/infoelnuevonorte.com\/?p=2226","og_locale":"es_ES","og_type":"article","og_title":"Polic\u00eda mata menor de un disparo de manera accidental en Santiago | El Nuevo Norte","og_description":"Santiago, RD. \u2013 Un raso de la\u00a0Polic\u00eda Nacional\u00a0mat\u00f3\u00a0un menor de 9 a\u00f1os de edad, mientras limpiaba un arma de fuego en un hecho ocurrido en calle n\u00famero 13 casa\u00a0 24, del sector El Semillero II, del distrito municipal de Santiago Oeste. La v\u00edctima, quien muri\u00f3 cuando recib\u00eda atenciones m\u00e9dicas en el Hospital Perif\u00e9rico de Cienfuegos, [&hellip;]","og_url":"https:\/\/infoelnuevonorte.com\/?p=2226","og_site_name":"El Nuevo Norte","article_publisher":"https:\/\/www.facebook.com\/infoenn","article_published_time":"2023-10-16T03:06:49+00:00","article_modified_time":"2023-10-16T03:06:50+00:00","og_image":[{"width":898,"height":523,"url":"https:\/\/infoelnuevonorte.com\/wp-content\/uploads\/2023\/10\/WhatsApp-Image-2023-10-15-at-2.2.png","type":"image\/png"}],"author":"InfoEnn","twitter_card":"summary_large_image","twitter_creator":"@Elnuevo_norte","twitter_site":"@Elnuevo_norte","twitter_misc":{"Written by":"InfoEnn","Est. reading time":"2 minutos"},"schema":{"@context":"https:\/\/schema.org","@graph":[{"@type":"Article","@id":"https:\/\/infoelnuevonorte.com\/?p=2226#article","isPartOf":{"@id":"https:\/\/infoelnuevonorte.com\/?p=2226"},"author":{"name":"InfoEnn","@id":"https:\/\/infoelnuevonorte.com\/#\/schema\/person\/fd4f6d90afe41260818b4ea94ad8ab84"},"headline":"Polic\u00eda mata menor de un disparo de manera accidental en Santiago","datePublished":"2023-10-16T03:06:49+00:00","dateModified":"2023-10-16T03:06:50+00:00","mainEntityOfPage":{"@id":"https:\/\/infoelnuevonorte.com\/?p=2226"},"wordCount":282,"commentCount":0,"publisher":{"@id":"https:\/\/infoelnuevonorte.com\/#organization"},"articleSection":["Actualidad |","Del Norte"],"inLanguage":"es-DO","potentialAction":[{"@type":"CommentAction","name":"Comment","target":["https:\/\/infoelnuevonorte.com\/?p=2226#respond"]}]},{"@type":"WebPage","@id":"https:\/\/infoelnuevonorte.com\/?p=2226","url":"https:\/\/infoelnuevonorte.com\/?p=2226","name":"Polic\u00eda mata menor de un disparo de manera accidental en Santiago | El Nuevo Norte","isPartOf":{"@id":"https:\/\/infoelnuevonorte.com\/#website"},"datePublished":"2023-10-16T03:06:49+00:00","dateModified":"2023-10-16T03:06:50+00:00","breadcrumb":{"@id":"https:\/\/infoelnuevonorte.com\/?p=2226#breadcrumb"},"inLanguage":"es-DO","potentialAction":[{"@type":"ReadAction","target":["https:\/\/infoelnuevonorte.com\/?p=2226"]}]},{"@type":"BreadcrumbList","@id":"https:\/\/infoelnuevonorte.com\/?p=2226#breadcrumb","itemListElement":[{"@type":"ListItem","position":1,"name":"Home","item":"https:\/\/infoelnuevonorte.com\/"},{"@type":"ListItem","position":2,"name":"Polic\u00eda mata menor de un disparo de manera accidental en Santiago"}]},{"@type":"WebSite","@id":"https:\/\/infoelnuevonorte.com\/#website","url":"https:\/\/infoelnuevonorte.com\/","name":"InfoEnn","description":"Tu Voz, tu Verdad, tu Diario!!!","publisher":{"@id":"https:\/\/infoelnuevonorte.com\/#organization"},"alternateName":"El Nuevo Norte","potentialAction":[{"@type":"SearchAction","target":{"@type":"EntryPoint","urlTemplate":"https:\/\/infoelnuevonorte.com\/?s={search_term_string}"},"query-input":{"@type":"PropertyValueSpecification","valueRequired":true,"valueName":"search_term_string"}}],"inLanguage":"es-DO"},{"@type":"Organization","@id":"https:\/\/infoelnuevonorte.com\/#organization","name":"Info El Nuevo Norte","alternateName":"El Nuevo Norte","url":"https:\/\/infoelnuevonorte.com\/","logo":{"@type":"ImageObject","inLanguage":"es-DO","@id":"https:\/\/infoelnuevonorte.com\/#\/schema\/logo\/image\/","url":"https:\/\/infoelnuevonorte.com\/wp-content\/uploads\/2026\/02\/Logo-Info-enn-3d-20ani.jpeg","contentUrl":"https:\/\/infoelnuevonorte.com\/wp-content\/uploads\/2026\/02\/Logo-Info-enn-3d-20ani.jpeg","width":2046,"height":736,"caption":"Info El Nuevo Norte"},"image":{"@id":"https:\/\/infoelnuevonorte.com\/#\/schema\/logo\/image\/"},"sameAs":["https:\/\/www.facebook.com\/infoenn","https:\/\/x.com\/Elnuevo_norte","https:\/\/www.instagram.com\/infoenn","https:\/\/www.facebook.com\/ENNRD"]},{"@type":"Person","@id":"https:\/\/infoelnuevonorte.com\/#\/schema\/person\/fd4f6d90afe41260818b4ea94ad8ab84","name":"InfoEnn","image":{"@type":"ImageObject","inLanguage":"es-DO","@id":"https:\/\/infoelnuevonorte.com\/#\/schema\/person\/image\/","url":"https:\/\/secure.gravatar.com\/avatar\/d4d760a41a48ba9db0a82bfb63bb0783?s=96&d=robohash&r=g","contentUrl":"https:\/\/secure.gravatar.com\/avatar\/d4d760a41a48ba9db0a82bfb63bb0783?s=96&d=robohash&r=g","caption":"InfoEnn"},"sameAs":["https:\/\/infoelnuevonorte.com"],"url":"https:\/\/infoelnuevonorte.com\/?author=1"}]}},"_links":{"self":[{"href":"https:\/\/infoelnuevonorte.com\/index.php?rest_route=\/wp\/v2\/posts\/2226"}],"collection":[{"href":"https:\/\/infoelnuevonorte.com\/index.php?rest_route=\/wp\/v2\/posts"}],"about":[{"href":"https:\/\/infoelnuevonorte.com\/index.php?rest_route=\/wp\/v2\/types\/post"}],"author":[{"embeddable":true,"href":"https:\/\/infoelnuevonorte.com\/index.php?rest_route=\/wp\/v2\/users\/1"}],"replies":[{"embeddable":true,"href":"https:\/\/infoelnuevonorte.com\/index.php?rest_route=%2Fwp%2Fv2%2Fcomments&post=2226"}],"version-history":[{"count":0,"href":"https:\/\/infoelnuevonorte.com\/index.php?rest_route=\/wp\/v2\/posts\/2226\/revisions"}],"wp:attachment":[{"href":"https:\/\/infoelnuevonorte.com\/index.php?rest_route=%2Fwp%2Fv2%2Fmedia&parent=2226"}],"wp:term":[{"taxonomy":"category","embeddable":true,"href":"https:\/\/infoelnuevonorte.com\/index.php?rest_route=%2Fwp%2Fv2%2Fcategories&post=2226"},{"taxonomy":"post_tag","embeddable":true,"href":"https:\/\/infoelnuevonorte.com\/index.php?rest_route=%2Fwp%2Fv2%2Ftags&post=2226"}],"curies":[{"name":"wp","href":"https:\/\/api.w.org\/{rel}","templated":true}]}}