{"id":2311,"date":"2023-10-17T01:48:28","date_gmt":"2023-10-17T01:48:28","guid":{"rendered":"https:\/\/infoelnuevonorte.com\/?p=2311"},"modified":"2023-10-17T01:48:33","modified_gmt":"2023-10-17T01:48:33","slug":"hamas-afirma-que-planean-liberar-a-los-rehenes-extranjeros-secuestrados-en-israel","status":"publish","type":"post","link":"https:\/\/infoelnuevonorte.com\/?p=2311","title":{"rendered":"Ham\u00e1s afirma que planean liberar a los rehenes extranjeros secuestrados en Israel"},"content":{"rendered":"<p style=\"text-align: justify;\"><strong>Jerusal\u00e9n\u00a0<\/strong>:<strong>-Abu Obeida, el portavoz de las Brigadas al Qasam, el brazo armado de Ham\u00e1s, afirm\u00f3 que van a liberar a algunos de los rehenes de \u201cnacionalidades distintas\u201d que tiene retenidos en la Franja de Gaza.<\/strong><\/p>\n<p style=\"text-align: justify;\">Afirm\u00f3 que esos secuestrados, en referencia a los\u00a0<strong>extranjeros,<\/strong>\u00a0son considerados como sus \u201cinvitados\u201d y que\u00a0<strong>ser\u00e1n liberados<\/strong>\u00a0cuando se den \u201clas condiciones sobre el terreno\u201d.<\/p>\n<p style=\"text-align: justify;\">\u201cPorque no tenemos nada contra ellos\u201d, indic\u00f3 Abu Obeida, aunque advirti\u00f3 a otros pa\u00edses de que si ayudan a Israel considerar\u00e1n a esos rehenes como al resto de secuestrados que son israel\u00edes.<\/p>\n<p style=\"text-align: justify;\"><strong>Afirm\u00f3 que las Brigadas Al Qasam tiene 200 rehenes en su poder y que otras milicias tiene alrededor de 50.<\/strong><\/p>\n<p style=\"text-align: justify;\">Israel inform\u00f3 este lunes que<strong>\u00a0ha notificado a sus familias la identidad de 199 secuestrados por Ham\u00e1s y otras milicias palestinas en Gaza,<\/strong>\u00a0confirm\u00f3 el portavoz del Ej\u00e9rcito, Daniel Hagari.<\/p>\n<p style=\"text-align: justify;\"><strong>Publica video de una reh\u00e9n israel\u00ed<\/strong><\/p>\n<p style=\"text-align: justify;\">El grupo islamista difundi\u00f3 el video de una reh\u00e9n israel\u00ed capturada en\u00a0<strong>Gaza,<\/strong>\u00a0que sigue viva y est\u00e1 entre los dos centenares de cautivos en la\u00a0<strong>Franja<\/strong>, mientras sigue el conflicto armado entre Israel y las milicias palestinas del enclave.<\/p>\n<p style=\"text-align: justify;\">\u201cSe preocupan por m\u00ed, me est\u00e1n cuidando, me dan pastillas, todo est\u00e1 bien, solo pido que me devuelvan a casa lo antes posible. A mi familia, mis padres y mis hermanos, por favor, s\u00e1quennos de aqu\u00ed lo antes posible\u201d, dijo la reh\u00e9n<\/p>\n<p style=\"text-align: justify;\">De 21 a\u00f1os y de la localidad de Shoham, en una grabaci\u00f3n en video donde se le ve tendida en una cama herida en el brazo.<\/p>\n<p style=\"text-align: justify;\">La joven se identifica como Maya Sham, fue secuestrada \u201ctemprano el s\u00e1bado por la ma\u00f1ana\u201d, cuando se iba de la fiesta cerca de Gaza donde al menos 260 personas fueron masacradas.<\/p>\n<p style=\"text-align: justify;\">Otras capturadas durante el ataque por tierra, mar y aire de\u00a0<strong>Ham\u00e1s<\/strong>\u00a0que pill\u00f3 por sorpresa a Israel.<\/p>\n<p style=\"text-align: justify;\">Seg\u00fan a\u00f1adi\u00f3, Sham se lesion\u00f3 \u201cgravemente en la mano\u201d en aquel momento, tras lo que la llevaron a Gaza, donde dice que fue atendida durante tres horas de su herida.<\/p>\n<p style=\"text-align: justify;\">En respuesta a la difusi\u00f3n del v\u00eddeo, la portavoc\u00eda militar israel\u00ed dijo haber informado hace una semana a la familia de la joven que esta se encontraba secuestrada. Adem\u00e1s, acus\u00f3 a Ham\u00e1s de intentar \u201cpresentarse como una organizaci\u00f3n humana, cuando es una organizaci\u00f3n terrorista que es responsable del asesinato y secuestro de beb\u00e9s, mujeres, ni\u00f1os y ancianos\u201d<\/p>\n<p style=\"text-align: justify;\"><strong>EFE<\/strong><\/p>\n<div class=\"code-block code-block-2 code-block-block-2 ai-track\" style=\"text-align: justify;\" data-ai=\"WzIsMCwiQmxvY2sgMiIsIiJd\"><a href=\"https:\/\/juntos.do\/\"><img loading=\"lazy\" decoding=\"async\" class=\"wp-image-136069 size-full\" src=\"https:\/\/n.com.do\/wp-content\/uploads\/2023\/10\/728x90.png%22\" alt=\"\" width=\"728\" height=\"90\" \/><\/a><\/div>\n","protected":false},"excerpt":{"rendered":"<p>Jerusal\u00e9n\u00a0:-Abu Obeida, el portavoz de las Brigadas al Qasam, el brazo armado de Ham\u00e1s, afirm\u00f3 que van a liberar a algunos de los rehenes de \u201cnacionalidades distintas\u201d que tiene retenidos en la Franja de Gaza. Afirm\u00f3 que esos secuestrados, en referencia a los\u00a0extranjeros,\u00a0son considerados como sus \u201cinvitados\u201d y que\u00a0ser\u00e1n liberados\u00a0cuando se den \u201clas condiciones sobre [&hellip;]<\/p>\n","protected":false},"author":1,"featured_media":0,"comment_status":"open","ping_status":"open","sticky":false,"template":"","format":"standard","meta":{"footnotes":""},"categories":[2,9],"tags":[],"yoast_head":"<!-- This site is optimized with the Yoast SEO plugin v24.5 - https:\/\/yoast.com\/wordpress\/plugins\/seo\/ -->\n<title>Ham\u00e1s afirma que planean liberar a los rehenes extranjeros secuestrados en Israel | El Nuevo Norte<\/title>\n<meta name=\"robots\" content=\"index, follow, max-snippet:-1, max-image-preview:large, max-video-preview:-1\" \/>\n<link rel=\"canonical\" href=\"https:\/\/infoelnuevonorte.com\/?p=2311\" \/>\n<meta property=\"og:locale\" content=\"es_ES\" \/>\n<meta property=\"og:type\" content=\"article\" \/>\n<meta property=\"og:title\" content=\"Ham\u00e1s afirma que planean liberar a los rehenes extranjeros secuestrados en Israel | El Nuevo Norte\" \/>\n<meta property=\"og:description\" content=\"Jerusal\u00e9n\u00a0:-Abu Obeida, el portavoz de las Brigadas al Qasam, el brazo armado de Ham\u00e1s, afirm\u00f3 que van a liberar a algunos de los rehenes de \u201cnacionalidades distintas\u201d que tiene retenidos en la Franja de Gaza. Afirm\u00f3 que esos secuestrados, en referencia a los\u00a0extranjeros,\u00a0son considerados como sus \u201cinvitados\u201d y que\u00a0ser\u00e1n liberados\u00a0cuando se den \u201clas condiciones sobre [&hellip;]\" \/>\n<meta property=\"og:url\" content=\"https:\/\/infoelnuevonorte.com\/?p=2311\" \/>\n<meta property=\"og:site_name\" content=\"El Nuevo Norte\" \/>\n<meta property=\"article:publisher\" content=\"https:\/\/www.facebook.com\/infoenn\" \/>\n<meta property=\"article:published_time\" content=\"2023-10-17T01:48:28+00:00\" \/>\n<meta property=\"article:modified_time\" content=\"2023-10-17T01:48:33+00:00\" \/>\n<meta property=\"og:image\" content=\"https:\/\/infoelnuevonorte.com\/wp-content\/uploads\/2023\/10\/Israel-1140x694-1.png\" \/>\n\t<meta property=\"og:image:width\" content=\"1140\" \/>\n\t<meta property=\"og:image:height\" content=\"694\" \/>\n\t<meta property=\"og:image:type\" content=\"image\/png\" \/>\n<meta name=\"author\" content=\"InfoEnn\" \/>\n<meta name=\"twitter:card\" content=\"summary_large_image\" \/>\n<meta name=\"twitter:creator\" content=\"@Elnuevo_norte\" \/>\n<meta name=\"twitter:site\" content=\"@Elnuevo_norte\" \/>\n<meta name=\"twitter:label1\" content=\"Written by\" \/>\n\t<meta name=\"twitter:data1\" content=\"InfoEnn\" \/>\n\t<meta name=\"twitter:label2\" content=\"Est. reading time\" \/>\n\t<meta name=\"twitter:data2\" content=\"3 minutos\" \/>\n<script type=\"application\/ld+json\" class=\"yoast-schema-graph\">{\"@context\":\"https:\/\/schema.org\",\"@graph\":[{\"@type\":\"Article\",\"@id\":\"https:\/\/infoelnuevonorte.com\/?p=2311#article\",\"isPartOf\":{\"@id\":\"https:\/\/infoelnuevonorte.com\/?p=2311\"},\"author\":{\"name\":\"InfoEnn\",\"@id\":\"https:\/\/infoelnuevonorte.com\/#\/schema\/person\/fd4f6d90afe41260818b4ea94ad8ab84\"},\"headline\":\"Ham\u00e1s afirma que planean liberar a los rehenes extranjeros secuestrados en Israel\",\"datePublished\":\"2023-10-17T01:48:28+00:00\",\"dateModified\":\"2023-10-17T01:48:33+00:00\",\"mainEntityOfPage\":{\"@id\":\"https:\/\/infoelnuevonorte.com\/?p=2311\"},\"wordCount\":432,\"commentCount\":0,\"publisher\":{\"@id\":\"https:\/\/infoelnuevonorte.com\/#organization\"},\"image\":{\"@id\":\"https:\/\/infoelnuevonorte.com\/?p=2311#primaryimage\"},\"thumbnailUrl\":\"https:\/\/n.com.do\/wp-content\/uploads\/2023\/10\/728x90.png%22\",\"articleSection\":[\"Actualidad |\",\"Mundiales\"],\"inLanguage\":\"es-DO\",\"potentialAction\":[{\"@type\":\"CommentAction\",\"name\":\"Comment\",\"target\":[\"https:\/\/infoelnuevonorte.com\/?p=2311#respond\"]}]},{\"@type\":\"WebPage\",\"@id\":\"https:\/\/infoelnuevonorte.com\/?p=2311\",\"url\":\"https:\/\/infoelnuevonorte.com\/?p=2311\",\"name\":\"Ham\u00e1s afirma que planean liberar a los rehenes extranjeros secuestrados en Israel | El Nuevo Norte\",\"isPartOf\":{\"@id\":\"https:\/\/infoelnuevonorte.com\/#website\"},\"primaryImageOfPage\":{\"@id\":\"https:\/\/infoelnuevonorte.com\/?p=2311#primaryimage\"},\"image\":{\"@id\":\"https:\/\/infoelnuevonorte.com\/?p=2311#primaryimage\"},\"thumbnailUrl\":\"https:\/\/n.com.do\/wp-content\/uploads\/2023\/10\/728x90.png%22\",\"datePublished\":\"2023-10-17T01:48:28+00:00\",\"dateModified\":\"2023-10-17T01:48:33+00:00\",\"breadcrumb\":{\"@id\":\"https:\/\/infoelnuevonorte.com\/?p=2311#breadcrumb\"},\"inLanguage\":\"es-DO\",\"potentialAction\":[{\"@type\":\"ReadAction\",\"target\":[\"https:\/\/infoelnuevonorte.com\/?p=2311\"]}]},{\"@type\":\"ImageObject\",\"inLanguage\":\"es-DO\",\"@id\":\"https:\/\/infoelnuevonorte.com\/?p=2311#primaryimage\",\"url\":\"https:\/\/n.com.do\/wp-content\/uploads\/2023\/10\/728x90.png%22\",\"contentUrl\":\"https:\/\/n.com.do\/wp-content\/uploads\/2023\/10\/728x90.png%22\"},{\"@type\":\"BreadcrumbList\",\"@id\":\"https:\/\/infoelnuevonorte.com\/?p=2311#breadcrumb\",\"itemListElement\":[{\"@type\":\"ListItem\",\"position\":1,\"name\":\"Home\",\"item\":\"https:\/\/infoelnuevonorte.com\/\"},{\"@type\":\"ListItem\",\"position\":2,\"name\":\"Ham\u00e1s afirma que planean liberar a los rehenes extranjeros secuestrados en Israel\"}]},{\"@type\":\"WebSite\",\"@id\":\"https:\/\/infoelnuevonorte.com\/#website\",\"url\":\"https:\/\/infoelnuevonorte.com\/\",\"name\":\"InfoEnn\",\"description\":\"Tu Voz, tu Verdad, tu Diario!!!\",\"publisher\":{\"@id\":\"https:\/\/infoelnuevonorte.com\/#organization\"},\"alternateName\":\"El Nuevo Norte\",\"potentialAction\":[{\"@type\":\"SearchAction\",\"target\":{\"@type\":\"EntryPoint\",\"urlTemplate\":\"https:\/\/infoelnuevonorte.com\/?s={search_term_string}\"},\"query-input\":{\"@type\":\"PropertyValueSpecification\",\"valueRequired\":true,\"valueName\":\"search_term_string\"}}],\"inLanguage\":\"es-DO\"},{\"@type\":\"Organization\",\"@id\":\"https:\/\/infoelnuevonorte.com\/#organization\",\"name\":\"Info El Nuevo Norte\",\"alternateName\":\"El Nuevo Norte\",\"url\":\"https:\/\/infoelnuevonorte.com\/\",\"logo\":{\"@type\":\"ImageObject\",\"inLanguage\":\"es-DO\",\"@id\":\"https:\/\/infoelnuevonorte.com\/#\/schema\/logo\/image\/\",\"url\":\"https:\/\/infoelnuevonorte.com\/wp-content\/uploads\/2026\/02\/Logo-Info-enn-3d-20ani.jpeg\",\"contentUrl\":\"https:\/\/infoelnuevonorte.com\/wp-content\/uploads\/2026\/02\/Logo-Info-enn-3d-20ani.jpeg\",\"width\":2046,\"height\":736,\"caption\":\"Info El Nuevo Norte\"},\"image\":{\"@id\":\"https:\/\/infoelnuevonorte.com\/#\/schema\/logo\/image\/\"},\"sameAs\":[\"https:\/\/www.facebook.com\/infoenn\",\"https:\/\/x.com\/Elnuevo_norte\",\"https:\/\/www.instagram.com\/infoenn\",\"https:\/\/www.facebook.com\/ENNRD\"]},{\"@type\":\"Person\",\"@id\":\"https:\/\/infoelnuevonorte.com\/#\/schema\/person\/fd4f6d90afe41260818b4ea94ad8ab84\",\"name\":\"InfoEnn\",\"image\":{\"@type\":\"ImageObject\",\"inLanguage\":\"es-DO\",\"@id\":\"https:\/\/infoelnuevonorte.com\/#\/schema\/person\/image\/\",\"url\":\"https:\/\/secure.gravatar.com\/avatar\/d4d760a41a48ba9db0a82bfb63bb0783?s=96&d=robohash&r=g\",\"contentUrl\":\"https:\/\/secure.gravatar.com\/avatar\/d4d760a41a48ba9db0a82bfb63bb0783?s=96&d=robohash&r=g\",\"caption\":\"InfoEnn\"},\"sameAs\":[\"https:\/\/infoelnuevonorte.com\"],\"url\":\"https:\/\/infoelnuevonorte.com\/?author=1\"}]}<\/script>\n<!-- \/ Yoast SEO plugin. -->","yoast_head_json":{"title":"Ham\u00e1s afirma que planean liberar a los rehenes extranjeros secuestrados en Israel | El Nuevo Norte","robots":{"index":"index","follow":"follow","max-snippet":"max-snippet:-1","max-image-preview":"max-image-preview:large","max-video-preview":"max-video-preview:-1"},"canonical":"https:\/\/infoelnuevonorte.com\/?p=2311","og_locale":"es_ES","og_type":"article","og_title":"Ham\u00e1s afirma que planean liberar a los rehenes extranjeros secuestrados en Israel | El Nuevo Norte","og_description":"Jerusal\u00e9n\u00a0:-Abu Obeida, el portavoz de las Brigadas al Qasam, el brazo armado de Ham\u00e1s, afirm\u00f3 que van a liberar a algunos de los rehenes de \u201cnacionalidades distintas\u201d que tiene retenidos en la Franja de Gaza. Afirm\u00f3 que esos secuestrados, en referencia a los\u00a0extranjeros,\u00a0son considerados como sus \u201cinvitados\u201d y que\u00a0ser\u00e1n liberados\u00a0cuando se den \u201clas condiciones sobre [&hellip;]","og_url":"https:\/\/infoelnuevonorte.com\/?p=2311","og_site_name":"El Nuevo Norte","article_publisher":"https:\/\/www.facebook.com\/infoenn","article_published_time":"2023-10-17T01:48:28+00:00","article_modified_time":"2023-10-17T01:48:33+00:00","og_image":[{"width":1140,"height":694,"url":"https:\/\/infoelnuevonorte.com\/wp-content\/uploads\/2023\/10\/Israel-1140x694-1.png","type":"image\/png"}],"author":"InfoEnn","twitter_card":"summary_large_image","twitter_creator":"@Elnuevo_norte","twitter_site":"@Elnuevo_norte","twitter_misc":{"Written by":"InfoEnn","Est. reading time":"3 minutos"},"schema":{"@context":"https:\/\/schema.org","@graph":[{"@type":"Article","@id":"https:\/\/infoelnuevonorte.com\/?p=2311#article","isPartOf":{"@id":"https:\/\/infoelnuevonorte.com\/?p=2311"},"author":{"name":"InfoEnn","@id":"https:\/\/infoelnuevonorte.com\/#\/schema\/person\/fd4f6d90afe41260818b4ea94ad8ab84"},"headline":"Ham\u00e1s afirma que planean liberar a los rehenes extranjeros secuestrados en Israel","datePublished":"2023-10-17T01:48:28+00:00","dateModified":"2023-10-17T01:48:33+00:00","mainEntityOfPage":{"@id":"https:\/\/infoelnuevonorte.com\/?p=2311"},"wordCount":432,"commentCount":0,"publisher":{"@id":"https:\/\/infoelnuevonorte.com\/#organization"},"image":{"@id":"https:\/\/infoelnuevonorte.com\/?p=2311#primaryimage"},"thumbnailUrl":"https:\/\/n.com.do\/wp-content\/uploads\/2023\/10\/728x90.png%22","articleSection":["Actualidad |","Mundiales"],"inLanguage":"es-DO","potentialAction":[{"@type":"CommentAction","name":"Comment","target":["https:\/\/infoelnuevonorte.com\/?p=2311#respond"]}]},{"@type":"WebPage","@id":"https:\/\/infoelnuevonorte.com\/?p=2311","url":"https:\/\/infoelnuevonorte.com\/?p=2311","name":"Ham\u00e1s afirma que planean liberar a los rehenes extranjeros secuestrados en Israel | El Nuevo Norte","isPartOf":{"@id":"https:\/\/infoelnuevonorte.com\/#website"},"primaryImageOfPage":{"@id":"https:\/\/infoelnuevonorte.com\/?p=2311#primaryimage"},"image":{"@id":"https:\/\/infoelnuevonorte.com\/?p=2311#primaryimage"},"thumbnailUrl":"https:\/\/n.com.do\/wp-content\/uploads\/2023\/10\/728x90.png%22","datePublished":"2023-10-17T01:48:28+00:00","dateModified":"2023-10-17T01:48:33+00:00","breadcrumb":{"@id":"https:\/\/infoelnuevonorte.com\/?p=2311#breadcrumb"},"inLanguage":"es-DO","potentialAction":[{"@type":"ReadAction","target":["https:\/\/infoelnuevonorte.com\/?p=2311"]}]},{"@type":"ImageObject","inLanguage":"es-DO","@id":"https:\/\/infoelnuevonorte.com\/?p=2311#primaryimage","url":"https:\/\/n.com.do\/wp-content\/uploads\/2023\/10\/728x90.png%22","contentUrl":"https:\/\/n.com.do\/wp-content\/uploads\/2023\/10\/728x90.png%22"},{"@type":"BreadcrumbList","@id":"https:\/\/infoelnuevonorte.com\/?p=2311#breadcrumb","itemListElement":[{"@type":"ListItem","position":1,"name":"Home","item":"https:\/\/infoelnuevonorte.com\/"},{"@type":"ListItem","position":2,"name":"Ham\u00e1s afirma que planean liberar a los rehenes extranjeros secuestrados en Israel"}]},{"@type":"WebSite","@id":"https:\/\/infoelnuevonorte.com\/#website","url":"https:\/\/infoelnuevonorte.com\/","name":"InfoEnn","description":"Tu Voz, tu Verdad, tu Diario!!!","publisher":{"@id":"https:\/\/infoelnuevonorte.com\/#organization"},"alternateName":"El Nuevo Norte","potentialAction":[{"@type":"SearchAction","target":{"@type":"EntryPoint","urlTemplate":"https:\/\/infoelnuevonorte.com\/?s={search_term_string}"},"query-input":{"@type":"PropertyValueSpecification","valueRequired":true,"valueName":"search_term_string"}}],"inLanguage":"es-DO"},{"@type":"Organization","@id":"https:\/\/infoelnuevonorte.com\/#organization","name":"Info El Nuevo Norte","alternateName":"El Nuevo Norte","url":"https:\/\/infoelnuevonorte.com\/","logo":{"@type":"ImageObject","inLanguage":"es-DO","@id":"https:\/\/infoelnuevonorte.com\/#\/schema\/logo\/image\/","url":"https:\/\/infoelnuevonorte.com\/wp-content\/uploads\/2026\/02\/Logo-Info-enn-3d-20ani.jpeg","contentUrl":"https:\/\/infoelnuevonorte.com\/wp-content\/uploads\/2026\/02\/Logo-Info-enn-3d-20ani.jpeg","width":2046,"height":736,"caption":"Info El Nuevo Norte"},"image":{"@id":"https:\/\/infoelnuevonorte.com\/#\/schema\/logo\/image\/"},"sameAs":["https:\/\/www.facebook.com\/infoenn","https:\/\/x.com\/Elnuevo_norte","https:\/\/www.instagram.com\/infoenn","https:\/\/www.facebook.com\/ENNRD"]},{"@type":"Person","@id":"https:\/\/infoelnuevonorte.com\/#\/schema\/person\/fd4f6d90afe41260818b4ea94ad8ab84","name":"InfoEnn","image":{"@type":"ImageObject","inLanguage":"es-DO","@id":"https:\/\/infoelnuevonorte.com\/#\/schema\/person\/image\/","url":"https:\/\/secure.gravatar.com\/avatar\/d4d760a41a48ba9db0a82bfb63bb0783?s=96&d=robohash&r=g","contentUrl":"https:\/\/secure.gravatar.com\/avatar\/d4d760a41a48ba9db0a82bfb63bb0783?s=96&d=robohash&r=g","caption":"InfoEnn"},"sameAs":["https:\/\/infoelnuevonorte.com"],"url":"https:\/\/infoelnuevonorte.com\/?author=1"}]}},"_links":{"self":[{"href":"https:\/\/infoelnuevonorte.com\/index.php?rest_route=\/wp\/v2\/posts\/2311"}],"collection":[{"href":"https:\/\/infoelnuevonorte.com\/index.php?rest_route=\/wp\/v2\/posts"}],"about":[{"href":"https:\/\/infoelnuevonorte.com\/index.php?rest_route=\/wp\/v2\/types\/post"}],"author":[{"embeddable":true,"href":"https:\/\/infoelnuevonorte.com\/index.php?rest_route=\/wp\/v2\/users\/1"}],"replies":[{"embeddable":true,"href":"https:\/\/infoelnuevonorte.com\/index.php?rest_route=%2Fwp%2Fv2%2Fcomments&post=2311"}],"version-history":[{"count":0,"href":"https:\/\/infoelnuevonorte.com\/index.php?rest_route=\/wp\/v2\/posts\/2311\/revisions"}],"wp:attachment":[{"href":"https:\/\/infoelnuevonorte.com\/index.php?rest_route=%2Fwp%2Fv2%2Fmedia&parent=2311"}],"wp:term":[{"taxonomy":"category","embeddable":true,"href":"https:\/\/infoelnuevonorte.com\/index.php?rest_route=%2Fwp%2Fv2%2Fcategories&post=2311"},{"taxonomy":"post_tag","embeddable":true,"href":"https:\/\/infoelnuevonorte.com\/index.php?rest_route=%2Fwp%2Fv2%2Ftags&post=2311"}],"curies":[{"name":"wp","href":"https:\/\/api.w.org\/{rel}","templated":true}]}}