{"id":2361,"date":"2023-10-17T10:50:50","date_gmt":"2023-10-17T10:50:50","guid":{"rendered":"https:\/\/infoelnuevonorte.com\/?p=2361"},"modified":"2023-10-17T10:50:53","modified_gmt":"2023-10-17T10:50:53","slug":"abinader-es-innegociable-el-registro-de-datos-biometricos-en-la-frontera","status":"publish","type":"post","link":"https:\/\/infoelnuevonorte.com\/?p=2361","title":{"rendered":"Abinader: es innegociable el registro de datos biom\u00e9tricos en la frontera"},"content":{"rendered":"<p style=\"text-align: justify;\">El presidente de la Rep\u00fablica,\u00a0<strong>Luis Abinader<\/strong>, manifest\u00f3 este lunes que es decisi\u00f3n de los haitianos comprar productos dominicanos en la frontera, pero advirti\u00f3 que el\u00a0<strong>registro de los datos biom\u00e9tricos<\/strong>\u00a0a los extranjeros se mantendr\u00e1 como medida de seguridad.<\/p>\n<p style=\"text-align: justify;\">La puerta del lado de la vecina naci\u00f3n se mantiene cerrada, lo que ha imposibilitado que cientos de c<strong>omerciantes\u00a0<\/strong>de ambos pa\u00edses intercambien sus mercanc\u00edas en los\u00a0<strong>mercados\u00a0<\/strong>de Dajab\u00f3n, El\u00edas Pi\u00f1a e Independencia.<\/p>\n<p style=\"text-align: justify;\">El Gobierno dominicano abri\u00f3 la semana pasada la frontera en la parte comercial con una serie de requisitos, luego de mantenerla cerrada m\u00e1s de 15 d\u00edas en protesta por la construcci\u00f3n de un<strong>\u00a0canal en el r\u00edo Masacre<\/strong>\u00a0del lado haitiano para desviar el agua del afluente transnacional.<\/p>\n<p style=\"text-align: justify;\">Dicha obra afectar\u00eda a agricultores de ambas naciones y adem\u00e1s la Laguna Saladillo, en el lado dominicano, seg\u00fan han indicado las autoridades quisqueyanas.<\/p>\n<p style=\"text-align: justify;\"><strong>\"Si ellos quieren comprar, ah\u00ed est\u00e1, si no, esa es su decisi\u00f3n\"<\/strong>, adujo el mandatario en LA Semanal con la Prensa, encuentro que realiza todos los lunes en el Palacio Nacional con la participaci\u00f3n de periodistas, comunicadores y funcionarios del Gobierno.<\/p>\n<p style=\"text-align: justify;\">El mandatario hizo el comentario al ser cuestionado sobre qu\u00e9 estaba haciendo el Gobierno ante la decisi\u00f3n del lado haitiano de no abrir sus puertas en los puntos fronterizos los d\u00edas de los mercados binacionales con los dominicanos.<\/p>\n<div id=\"extra-blueconic\">\n<div class=\"mb-5 newsletter-article\">\n<p style=\"text-align: justify;\">El presidente Abinader tambi\u00e9n plante\u00f3 que el Gobierno se mantiene \"activo\" en b\u00fasqueda de otros mercados para comercializar los productos que consum\u00eda el lado haitiano.<\/p>\n<p style=\"text-align: justify;\">Dijo que las soluciones en las que trabajan son a\u00a0<strong>\"corto, mediano y largo plazo\"<\/strong>. Tambi\u00e9n que, en la naci\u00f3n dominicana, \"nos adaptaremos a las necesidades\".<\/p>\n<p style=\"text-align: justify;\">\"Nosotros s\u00ed\u00a0<strong>estamos buscando otros mercados<\/strong>, estamos haciendo, tanto el Ministerio de Industria y Comercio, V\u00edctor (Ito) Bison\u00f3 est\u00e1 bastante activo, y tanto Pro Dominicana, para tomar medidas a corto, mediano y largo plazo y nos adaptaremos a las necesidades\", dijo el gobernante dominicano.<\/p>\n<h2 style=\"text-align: justify;\"><strong>Datos biom\u00e9tricos<\/strong><\/h2>\n<p style=\"text-align: justify;\">Abinader consider\u00f3 que, \"quiz\u00e1\", del lado haitiano est\u00e9n molestos con la Rep\u00fablica Dominicana por la medida del Gobierno de someter a los nacionales de esa naci\u00f3n que ingresen a territorio dominicano a la toma de\u00a0<strong>datos biom\u00e9tricos<\/strong>, a fin de evitar el ingreso de miembros de las bandas haitianas.<\/p>\n<p style=\"text-align: justify;\">Sin embargo, advirti\u00f3 que esa medida es innegociable, por lo cual se\u00a0<strong>mantendr\u00e1 inalterable<\/strong>\u00a0por \"la seguridad\" del pa\u00eds.<\/p>\n<figure class=\"inline-block\" style=\"text-align: justify;\">\n<div class=\"expand-img-placeholder\"><img loading=\"lazy\" decoding=\"async\" src=\"https:\/\/resources.diariolibre.com\/images\/expand.svg\" alt=\"Expandir imagen\" width=\"20\" height=\"20\" \/><\/div>\n<picture><img decoding=\"async\" class=\"mx-auto lazy loaded\" src=\"https:\/\/resources.diariolibre.com\/images\/2023\/10\/16\/toma-muestra-biometrica-a-haitianos-eddy-vittini.jpg\" alt=\"Infograf\u00eda\" width=\"auto\" height=\"350\" data-src=\"https:\/\/resources.diariolibre.com\/images\/2023\/10\/16\/toma-muestra-biometrica-a-haitianos-eddy-vittini.jpg\" data-was-processed=\"true\" \/><\/picture><figcaption>Personal del DNI dominicano realiza el registro biom\u00e9trico a haitianos que ingresan a Rep\u00fablica Dominicana.\u00a0(<strong>DIARIO LIBRE\/EDDY VITTINI<\/strong>)<\/figcaption><\/figure>\n<p style=\"text-align: justify;\">\"Quiz\u00e1 es el tema que ha molestado, el tema de la\u00a0<strong>identificaci\u00f3n biom\u00e9trica<\/strong>\", manifest\u00f3, y agreg\u00f3: \"<strong>Nosotros no vamos a ceder ah\u00ed<\/strong>, para nuestra seguridad todo el que pase por esa frontera tiene que hacer su identificaci\u00f3n biom\u00e9trica\".<\/p>\n<p style=\"text-align: justify;\">Plante\u00f3 que se han dado casos de personas (de Hait\u00ed) \"que han querido entrar y la han detenido\".<\/p>\n<p style=\"text-align: justify;\">\"Nosotros seguiremos con nuestro plan que hemos establecido\", agreg\u00f3. \"Dijimos<strong>\u00a0la frontera no volver\u00e1 a ser igual<\/strong>\", reiter\u00f3.<\/p>\n<h2 style=\"text-align: justify;\">Desorden en la frontera<\/h2>\n<p style=\"text-align: justify;\">Precis\u00f3 tambi\u00e9n que el \"desorden\" que hab\u00eda en los mercados fronterizos tiene que acabar, pero que hay que entender que eso conlleva aplicar medidas que podr\u00edan ser consideradas \"molestas\".<\/p>\n<p style=\"text-align: justify;\">\"Ese desorden que hab\u00eda anteriormente en los mercados, eso no puede ser igual, tenemos que darle orden y ese orden tiene tambi\u00e9n alg\u00fan tipo de medidas que realmente, quiz\u00e1s, algunos se las encuentran molestas, pero que ayudan a los dos pa\u00edses y, especialmente, a la seguridad de Rep\u00fablica Dominicana\", plante\u00f3.<\/p>\n<h2 style=\"text-align: justify;\">\"Hemos cumplidos nuestros objetivos\"<\/h2>\n<p style=\"text-align: justify;\">Ante la posici\u00f3n haitiana de no abrir sus puertas en frontera, manifest\u00f3 que eso es una decisi\u00f3n de los ellos y signific\u00f3 que ya el Gobierno dominicano fij\u00f3 su posici\u00f3n con respeto al tema y va a continuar \"aplicando sus pol\u00edticas de protecci\u00f3n\".<\/p>\n<p style=\"text-align: justify;\">\"Nosotros hemos cumplido nuestros objetivos en t\u00e9rminos de la frontera. Nosotros dijimos que la frontera no iba a ser igual\", acot\u00f3.<\/p>\n<p style=\"text-align: justify;\">\"Incluso, ellos pueden parar el canal ma\u00f1ana, nosotros vamos a aplicar nuevas pol\u00edticas de protecci\u00f3n, como lo estamos haciendo\"<\/p>\n<p style=\"text-align: justify;\">En d\u00edas pasados, el Gobierno dominicano decidi\u00f3 abrir los puntos fronterizos los d\u00edas de los mercados binacionales, sin embargo, el vecino pa\u00eds no ha abierto sus puertas.<\/p>\n<p style=\"text-align: justify;\">La apertura incluye un corredor comercial, \"para comidas, medicinas y otros productos\", signific\u00f3 el gobernante y dej\u00f3 claro que, aunque se haya dado ese paso hay una lista con productos prohibidos y cit\u00f3 entre ellos los materiales de construcci\u00f3n.<\/p>\n<figure class=\"inline-block\" style=\"text-align: justify;\">\n<div class=\"expand-img-placeholder\"><img loading=\"lazy\" decoding=\"async\" src=\"https:\/\/resources.diariolibre.com\/images\/expand.svg\" alt=\"Expandir imagen\" width=\"20\" height=\"20\" \/><\/div>\n<picture><img decoding=\"async\" class=\"mx-auto lazy loaded\" src=\"https:\/\/resources.diariolibre.com\/images\/2023\/10\/16\/image-imagen-titulacion.jpg\" alt=\"Infograf\u00eda\" width=\"auto\" height=\"350\" data-src=\"https:\/\/resources.diariolibre.com\/images\/2023\/10\/16\/image-imagen-titulacion.jpg\" data-was-processed=\"true\" \/><\/picture><figcaption>Duarte M\u00e9ndez<\/figcaption><\/figure>\n<div class=\"my-12 component web-insert relative border bg-component\"><span class=\"text-xl block my-3 component-title glosa\"><strong>Balance a planes de viviendas<\/strong><\/span><\/p>\n<p style=\"text-align: justify;\">El presidente de la Rep\u00fablica, Luis Abinader, pas\u00f3 balance a los planes de viviendas y titulaci\u00f3n que desarrolla en su gobierno, y asegur\u00f3 que, en tres a\u00f1os y cuatro meses de gesti\u00f3n, ninguna administraci\u00f3n ha logrado m\u00e1s que el suyo.<\/p>\n<p style=\"text-align: justify;\">En La semanal con la prensa de este lunes, el jefe de Estado cit\u00f3 los tres proyectos de viviendas que gestiona su gobierno: El \"Dominicana se reconstruye\", enfocado en la reparaci\u00f3n de casas, el cual, dijo, ha transformado 60 mil unidades. Ese monto se divide en 42,943 en el mismo programa, y m\u00e1s de 15,000 mil a trav\u00e9s del Gabinete Social.<\/p>\n<p style=\"text-align: justify;\">A trav\u00e9s del proyecto \"Mi vivienda\" se han entregado 5,665 hogares, hasta la fecha, y se proyectan unas 7,500 al finalizar el 2023.<\/p>\n<p style=\"text-align: justify;\">Con \"Familia Feliz\", dedicado a la construcci\u00f3n de apartamentos, el Gobierno ha entregado 2,912 unidades. Para el 2024, seg\u00fan Abinader, hay una proyecci\u00f3n de construir 8,814 apartamentos.<\/p>\n<blockquote class=\"wp-embedded-content\" data-secret=\"z4BjvBBhA6\"><p><a href=\"https:\/\/infoelnuevonorte.com\/?p=2296\">Haitianos gritan a militares dominicanos que es ilegal el registro biom\u00e9trico en El\u00edas Pi\u00f1a<\/a><\/p><\/blockquote>\n<p><iframe class=\"wp-embedded-content\" sandbox=\"allow-scripts\" security=\"restricted\" style=\"position: absolute; clip: rect(1px, 1px, 1px, 1px);\" title=\"\u00abHaitianos gritan a militares dominicanos que es ilegal el registro biom\u00e9trico en El\u00edas Pi\u00f1a\u00bb \u2014 InfoEnn\" src=\"https:\/\/infoelnuevonorte.com\/?p=2296&#038;embed=true#?secret=131hDFM6TV#?secret=z4BjvBBhA6\" data-secret=\"z4BjvBBhA6\" width=\"600\" height=\"338\" frameborder=\"0\" marginwidth=\"0\" marginheight=\"0\" scrolling=\"no\"><\/iframe><\/p>\n<\/div>\n<\/div>\n<\/div>\n","protected":false},"excerpt":{"rendered":"<p>El presidente de la Rep\u00fablica,\u00a0Luis Abinader, manifest\u00f3 este lunes que es decisi\u00f3n de los haitianos comprar productos dominicanos en la frontera, pero advirti\u00f3 que el\u00a0registro de los datos biom\u00e9tricos\u00a0a los extranjeros se mantendr\u00e1 como medida de seguridad. La puerta del lado de la vecina naci\u00f3n se mantiene cerrada, lo que ha imposibilitado que cientos de [&hellip;]<\/p>\n","protected":false},"author":1,"featured_media":0,"comment_status":"open","ping_status":"open","sticky":false,"template":"","format":"standard","meta":{"footnotes":""},"categories":[2,8],"tags":[],"yoast_head":"<!-- This site is optimized with the Yoast SEO plugin v24.5 - https:\/\/yoast.com\/wordpress\/plugins\/seo\/ -->\n<title>Abinader: es innegociable el registro de datos biom\u00e9tricos en la frontera | El Nuevo Norte<\/title>\n<meta name=\"robots\" content=\"index, follow, max-snippet:-1, max-image-preview:large, max-video-preview:-1\" \/>\n<link rel=\"canonical\" href=\"https:\/\/infoelnuevonorte.com\/?p=2361\" \/>\n<meta property=\"og:locale\" content=\"es_ES\" \/>\n<meta property=\"og:type\" content=\"article\" \/>\n<meta property=\"og:title\" content=\"Abinader: es innegociable el registro de datos biom\u00e9tricos en la frontera | El Nuevo Norte\" \/>\n<meta property=\"og:description\" content=\"El presidente de la Rep\u00fablica,\u00a0Luis Abinader, manifest\u00f3 este lunes que es decisi\u00f3n de los haitianos comprar productos dominicanos en la frontera, pero advirti\u00f3 que el\u00a0registro de los datos biom\u00e9tricos\u00a0a los extranjeros se mantendr\u00e1 como medida de seguridad. La puerta del lado de la vecina naci\u00f3n se mantiene cerrada, lo que ha imposibilitado que cientos de [&hellip;]\" \/>\n<meta property=\"og:url\" content=\"https:\/\/infoelnuevonorte.com\/?p=2361\" \/>\n<meta property=\"og:site_name\" content=\"El Nuevo Norte\" \/>\n<meta property=\"article:publisher\" content=\"https:\/\/www.facebook.com\/infoenn\" \/>\n<meta property=\"article:published_time\" content=\"2023-10-17T10:50:50+00:00\" \/>\n<meta property=\"article:modified_time\" content=\"2023-10-17T10:50:53+00:00\" \/>\n<meta property=\"og:image\" content=\"https:\/\/infoelnuevonorte.com\/wp-content\/uploads\/2023\/10\/image-imagen-semanalabi-focus-0.png\" \/>\n\t<meta property=\"og:image:width\" content=\"896\" \/>\n\t<meta property=\"og:image:height\" content=\"504\" \/>\n\t<meta property=\"og:image:type\" content=\"image\/png\" \/>\n<meta name=\"author\" content=\"InfoEnn\" \/>\n<meta name=\"twitter:card\" content=\"summary_large_image\" \/>\n<meta name=\"twitter:creator\" content=\"@Elnuevo_norte\" \/>\n<meta name=\"twitter:site\" content=\"@Elnuevo_norte\" \/>\n<meta name=\"twitter:label1\" content=\"Written by\" \/>\n\t<meta name=\"twitter:data1\" content=\"InfoEnn\" \/>\n\t<meta name=\"twitter:label2\" content=\"Est. reading time\" \/>\n\t<meta name=\"twitter:data2\" content=\"5 minutos\" \/>\n<script type=\"application\/ld+json\" class=\"yoast-schema-graph\">{\"@context\":\"https:\/\/schema.org\",\"@graph\":[{\"@type\":\"Article\",\"@id\":\"https:\/\/infoelnuevonorte.com\/?p=2361#article\",\"isPartOf\":{\"@id\":\"https:\/\/infoelnuevonorte.com\/?p=2361\"},\"author\":{\"name\":\"InfoEnn\",\"@id\":\"https:\/\/infoelnuevonorte.com\/#\/schema\/person\/fd4f6d90afe41260818b4ea94ad8ab84\"},\"headline\":\"Abinader: es innegociable el registro de datos biom\u00e9tricos en la frontera\",\"datePublished\":\"2023-10-17T10:50:50+00:00\",\"dateModified\":\"2023-10-17T10:50:53+00:00\",\"mainEntityOfPage\":{\"@id\":\"https:\/\/infoelnuevonorte.com\/?p=2361\"},\"wordCount\":956,\"commentCount\":0,\"publisher\":{\"@id\":\"https:\/\/infoelnuevonorte.com\/#organization\"},\"image\":{\"@id\":\"https:\/\/infoelnuevonorte.com\/?p=2361#primaryimage\"},\"thumbnailUrl\":\"https:\/\/resources.diariolibre.com\/images\/expand.svg\",\"articleSection\":[\"Actualidad |\",\"Nacionales\"],\"inLanguage\":\"es-DO\",\"potentialAction\":[{\"@type\":\"CommentAction\",\"name\":\"Comment\",\"target\":[\"https:\/\/infoelnuevonorte.com\/?p=2361#respond\"]}]},{\"@type\":\"WebPage\",\"@id\":\"https:\/\/infoelnuevonorte.com\/?p=2361\",\"url\":\"https:\/\/infoelnuevonorte.com\/?p=2361\",\"name\":\"Abinader: es innegociable el registro de datos biom\u00e9tricos en la frontera | El Nuevo Norte\",\"isPartOf\":{\"@id\":\"https:\/\/infoelnuevonorte.com\/#website\"},\"primaryImageOfPage\":{\"@id\":\"https:\/\/infoelnuevonorte.com\/?p=2361#primaryimage\"},\"image\":{\"@id\":\"https:\/\/infoelnuevonorte.com\/?p=2361#primaryimage\"},\"thumbnailUrl\":\"https:\/\/resources.diariolibre.com\/images\/expand.svg\",\"datePublished\":\"2023-10-17T10:50:50+00:00\",\"dateModified\":\"2023-10-17T10:50:53+00:00\",\"breadcrumb\":{\"@id\":\"https:\/\/infoelnuevonorte.com\/?p=2361#breadcrumb\"},\"inLanguage\":\"es-DO\",\"potentialAction\":[{\"@type\":\"ReadAction\",\"target\":[\"https:\/\/infoelnuevonorte.com\/?p=2361\"]}]},{\"@type\":\"ImageObject\",\"inLanguage\":\"es-DO\",\"@id\":\"https:\/\/infoelnuevonorte.com\/?p=2361#primaryimage\",\"url\":\"https:\/\/resources.diariolibre.com\/images\/expand.svg\",\"contentUrl\":\"https:\/\/resources.diariolibre.com\/images\/expand.svg\"},{\"@type\":\"BreadcrumbList\",\"@id\":\"https:\/\/infoelnuevonorte.com\/?p=2361#breadcrumb\",\"itemListElement\":[{\"@type\":\"ListItem\",\"position\":1,\"name\":\"Home\",\"item\":\"https:\/\/infoelnuevonorte.com\/\"},{\"@type\":\"ListItem\",\"position\":2,\"name\":\"Abinader: es innegociable el registro de datos biom\u00e9tricos en la frontera\"}]},{\"@type\":\"WebSite\",\"@id\":\"https:\/\/infoelnuevonorte.com\/#website\",\"url\":\"https:\/\/infoelnuevonorte.com\/\",\"name\":\"InfoEnn\",\"description\":\"Tu Voz, tu Verdad, tu Diario!!!\",\"publisher\":{\"@id\":\"https:\/\/infoelnuevonorte.com\/#organization\"},\"alternateName\":\"El Nuevo Norte\",\"potentialAction\":[{\"@type\":\"SearchAction\",\"target\":{\"@type\":\"EntryPoint\",\"urlTemplate\":\"https:\/\/infoelnuevonorte.com\/?s={search_term_string}\"},\"query-input\":{\"@type\":\"PropertyValueSpecification\",\"valueRequired\":true,\"valueName\":\"search_term_string\"}}],\"inLanguage\":\"es-DO\"},{\"@type\":\"Organization\",\"@id\":\"https:\/\/infoelnuevonorte.com\/#organization\",\"name\":\"Info El Nuevo Norte\",\"alternateName\":\"El Nuevo Norte\",\"url\":\"https:\/\/infoelnuevonorte.com\/\",\"logo\":{\"@type\":\"ImageObject\",\"inLanguage\":\"es-DO\",\"@id\":\"https:\/\/infoelnuevonorte.com\/#\/schema\/logo\/image\/\",\"url\":\"https:\/\/infoelnuevonorte.com\/wp-content\/uploads\/2026\/02\/Logo-Info-enn-3d-20ani.jpeg\",\"contentUrl\":\"https:\/\/infoelnuevonorte.com\/wp-content\/uploads\/2026\/02\/Logo-Info-enn-3d-20ani.jpeg\",\"width\":2046,\"height\":736,\"caption\":\"Info El Nuevo Norte\"},\"image\":{\"@id\":\"https:\/\/infoelnuevonorte.com\/#\/schema\/logo\/image\/\"},\"sameAs\":[\"https:\/\/www.facebook.com\/infoenn\",\"https:\/\/x.com\/Elnuevo_norte\",\"https:\/\/www.instagram.com\/infoenn\",\"https:\/\/www.facebook.com\/ENNRD\"]},{\"@type\":\"Person\",\"@id\":\"https:\/\/infoelnuevonorte.com\/#\/schema\/person\/fd4f6d90afe41260818b4ea94ad8ab84\",\"name\":\"InfoEnn\",\"image\":{\"@type\":\"ImageObject\",\"inLanguage\":\"es-DO\",\"@id\":\"https:\/\/infoelnuevonorte.com\/#\/schema\/person\/image\/\",\"url\":\"https:\/\/secure.gravatar.com\/avatar\/d4d760a41a48ba9db0a82bfb63bb0783?s=96&d=robohash&r=g\",\"contentUrl\":\"https:\/\/secure.gravatar.com\/avatar\/d4d760a41a48ba9db0a82bfb63bb0783?s=96&d=robohash&r=g\",\"caption\":\"InfoEnn\"},\"sameAs\":[\"https:\/\/infoelnuevonorte.com\"],\"url\":\"https:\/\/infoelnuevonorte.com\/?author=1\"}]}<\/script>\n<!-- \/ Yoast SEO plugin. -->","yoast_head_json":{"title":"Abinader: es innegociable el registro de datos biom\u00e9tricos en la frontera | El Nuevo Norte","robots":{"index":"index","follow":"follow","max-snippet":"max-snippet:-1","max-image-preview":"max-image-preview:large","max-video-preview":"max-video-preview:-1"},"canonical":"https:\/\/infoelnuevonorte.com\/?p=2361","og_locale":"es_ES","og_type":"article","og_title":"Abinader: es innegociable el registro de datos biom\u00e9tricos en la frontera | El Nuevo Norte","og_description":"El presidente de la Rep\u00fablica,\u00a0Luis Abinader, manifest\u00f3 este lunes que es decisi\u00f3n de los haitianos comprar productos dominicanos en la frontera, pero advirti\u00f3 que el\u00a0registro de los datos biom\u00e9tricos\u00a0a los extranjeros se mantendr\u00e1 como medida de seguridad. La puerta del lado de la vecina naci\u00f3n se mantiene cerrada, lo que ha imposibilitado que cientos de [&hellip;]","og_url":"https:\/\/infoelnuevonorte.com\/?p=2361","og_site_name":"El Nuevo Norte","article_publisher":"https:\/\/www.facebook.com\/infoenn","article_published_time":"2023-10-17T10:50:50+00:00","article_modified_time":"2023-10-17T10:50:53+00:00","og_image":[{"width":896,"height":504,"url":"https:\/\/infoelnuevonorte.com\/wp-content\/uploads\/2023\/10\/image-imagen-semanalabi-focus-0.png","type":"image\/png"}],"author":"InfoEnn","twitter_card":"summary_large_image","twitter_creator":"@Elnuevo_norte","twitter_site":"@Elnuevo_norte","twitter_misc":{"Written by":"InfoEnn","Est. reading time":"5 minutos"},"schema":{"@context":"https:\/\/schema.org","@graph":[{"@type":"Article","@id":"https:\/\/infoelnuevonorte.com\/?p=2361#article","isPartOf":{"@id":"https:\/\/infoelnuevonorte.com\/?p=2361"},"author":{"name":"InfoEnn","@id":"https:\/\/infoelnuevonorte.com\/#\/schema\/person\/fd4f6d90afe41260818b4ea94ad8ab84"},"headline":"Abinader: es innegociable el registro de datos biom\u00e9tricos en la frontera","datePublished":"2023-10-17T10:50:50+00:00","dateModified":"2023-10-17T10:50:53+00:00","mainEntityOfPage":{"@id":"https:\/\/infoelnuevonorte.com\/?p=2361"},"wordCount":956,"commentCount":0,"publisher":{"@id":"https:\/\/infoelnuevonorte.com\/#organization"},"image":{"@id":"https:\/\/infoelnuevonorte.com\/?p=2361#primaryimage"},"thumbnailUrl":"https:\/\/resources.diariolibre.com\/images\/expand.svg","articleSection":["Actualidad |","Nacionales"],"inLanguage":"es-DO","potentialAction":[{"@type":"CommentAction","name":"Comment","target":["https:\/\/infoelnuevonorte.com\/?p=2361#respond"]}]},{"@type":"WebPage","@id":"https:\/\/infoelnuevonorte.com\/?p=2361","url":"https:\/\/infoelnuevonorte.com\/?p=2361","name":"Abinader: es innegociable el registro de datos biom\u00e9tricos en la frontera | El Nuevo Norte","isPartOf":{"@id":"https:\/\/infoelnuevonorte.com\/#website"},"primaryImageOfPage":{"@id":"https:\/\/infoelnuevonorte.com\/?p=2361#primaryimage"},"image":{"@id":"https:\/\/infoelnuevonorte.com\/?p=2361#primaryimage"},"thumbnailUrl":"https:\/\/resources.diariolibre.com\/images\/expand.svg","datePublished":"2023-10-17T10:50:50+00:00","dateModified":"2023-10-17T10:50:53+00:00","breadcrumb":{"@id":"https:\/\/infoelnuevonorte.com\/?p=2361#breadcrumb"},"inLanguage":"es-DO","potentialAction":[{"@type":"ReadAction","target":["https:\/\/infoelnuevonorte.com\/?p=2361"]}]},{"@type":"ImageObject","inLanguage":"es-DO","@id":"https:\/\/infoelnuevonorte.com\/?p=2361#primaryimage","url":"https:\/\/resources.diariolibre.com\/images\/expand.svg","contentUrl":"https:\/\/resources.diariolibre.com\/images\/expand.svg"},{"@type":"BreadcrumbList","@id":"https:\/\/infoelnuevonorte.com\/?p=2361#breadcrumb","itemListElement":[{"@type":"ListItem","position":1,"name":"Home","item":"https:\/\/infoelnuevonorte.com\/"},{"@type":"ListItem","position":2,"name":"Abinader: es innegociable el registro de datos biom\u00e9tricos en la frontera"}]},{"@type":"WebSite","@id":"https:\/\/infoelnuevonorte.com\/#website","url":"https:\/\/infoelnuevonorte.com\/","name":"InfoEnn","description":"Tu Voz, tu Verdad, tu Diario!!!","publisher":{"@id":"https:\/\/infoelnuevonorte.com\/#organization"},"alternateName":"El Nuevo Norte","potentialAction":[{"@type":"SearchAction","target":{"@type":"EntryPoint","urlTemplate":"https:\/\/infoelnuevonorte.com\/?s={search_term_string}"},"query-input":{"@type":"PropertyValueSpecification","valueRequired":true,"valueName":"search_term_string"}}],"inLanguage":"es-DO"},{"@type":"Organization","@id":"https:\/\/infoelnuevonorte.com\/#organization","name":"Info El Nuevo Norte","alternateName":"El Nuevo Norte","url":"https:\/\/infoelnuevonorte.com\/","logo":{"@type":"ImageObject","inLanguage":"es-DO","@id":"https:\/\/infoelnuevonorte.com\/#\/schema\/logo\/image\/","url":"https:\/\/infoelnuevonorte.com\/wp-content\/uploads\/2026\/02\/Logo-Info-enn-3d-20ani.jpeg","contentUrl":"https:\/\/infoelnuevonorte.com\/wp-content\/uploads\/2026\/02\/Logo-Info-enn-3d-20ani.jpeg","width":2046,"height":736,"caption":"Info El Nuevo Norte"},"image":{"@id":"https:\/\/infoelnuevonorte.com\/#\/schema\/logo\/image\/"},"sameAs":["https:\/\/www.facebook.com\/infoenn","https:\/\/x.com\/Elnuevo_norte","https:\/\/www.instagram.com\/infoenn","https:\/\/www.facebook.com\/ENNRD"]},{"@type":"Person","@id":"https:\/\/infoelnuevonorte.com\/#\/schema\/person\/fd4f6d90afe41260818b4ea94ad8ab84","name":"InfoEnn","image":{"@type":"ImageObject","inLanguage":"es-DO","@id":"https:\/\/infoelnuevonorte.com\/#\/schema\/person\/image\/","url":"https:\/\/secure.gravatar.com\/avatar\/d4d760a41a48ba9db0a82bfb63bb0783?s=96&d=robohash&r=g","contentUrl":"https:\/\/secure.gravatar.com\/avatar\/d4d760a41a48ba9db0a82bfb63bb0783?s=96&d=robohash&r=g","caption":"InfoEnn"},"sameAs":["https:\/\/infoelnuevonorte.com"],"url":"https:\/\/infoelnuevonorte.com\/?author=1"}]}},"_links":{"self":[{"href":"https:\/\/infoelnuevonorte.com\/index.php?rest_route=\/wp\/v2\/posts\/2361"}],"collection":[{"href":"https:\/\/infoelnuevonorte.com\/index.php?rest_route=\/wp\/v2\/posts"}],"about":[{"href":"https:\/\/infoelnuevonorte.com\/index.php?rest_route=\/wp\/v2\/types\/post"}],"author":[{"embeddable":true,"href":"https:\/\/infoelnuevonorte.com\/index.php?rest_route=\/wp\/v2\/users\/1"}],"replies":[{"embeddable":true,"href":"https:\/\/infoelnuevonorte.com\/index.php?rest_route=%2Fwp%2Fv2%2Fcomments&post=2361"}],"version-history":[{"count":0,"href":"https:\/\/infoelnuevonorte.com\/index.php?rest_route=\/wp\/v2\/posts\/2361\/revisions"}],"wp:attachment":[{"href":"https:\/\/infoelnuevonorte.com\/index.php?rest_route=%2Fwp%2Fv2%2Fmedia&parent=2361"}],"wp:term":[{"taxonomy":"category","embeddable":true,"href":"https:\/\/infoelnuevonorte.com\/index.php?rest_route=%2Fwp%2Fv2%2Fcategories&post=2361"},{"taxonomy":"post_tag","embeddable":true,"href":"https:\/\/infoelnuevonorte.com\/index.php?rest_route=%2Fwp%2Fv2%2Ftags&post=2361"}],"curies":[{"name":"wp","href":"https:\/\/api.w.org\/{rel}","templated":true}]}}