{"id":24212,"date":"2024-05-30T06:47:08","date_gmt":"2024-05-30T10:47:08","guid":{"rendered":"https:\/\/infoelnuevonorte.com\/?p=24212"},"modified":"2024-05-30T06:47:09","modified_gmt":"2024-05-30T10:47:09","slug":"primer-ministro-haiti-llama-trabajar-por-mejor-manana","status":"publish","type":"post","link":"https:\/\/infoelnuevonorte.com\/?p=24212","title":{"rendered":"Primer ministro Hait\u00ed llama trabajar por mejor ma\u00f1ana"},"content":{"rendered":"<!--[if lt IE 9]><script>document.createElement('audio');<\/script><![endif]-->\n<audio class=\"wp-audio-shortcode\" id=\"audio-24212-1\" preload=\"none\" style=\"width: 100%;\" controls=\"controls\"><source type=\"audio\/mpeg\" src=\"https:\/\/infoelnuevonorte.com\/wp-content\/uploads\/2024\/05\/ttsmaker-file-2024-5-30-6-46-45.mp3?_=1\" \/><a href=\"https:\/\/infoelnuevonorte.com\/wp-content\/uploads\/2024\/05\/ttsmaker-file-2024-5-30-6-46-45.mp3\">https:\/\/infoelnuevonorte.com\/wp-content\/uploads\/2024\/05\/ttsmaker-file-2024-5-30-6-46-45.mp3<\/a><\/audio>\n<h4 class=\"wp-block-heading\" style=\"text-align: justify;\">Garry Conille dio las gracias a los grupos de la sociedad civil, partidos pol\u00edticos y miembros de la di\u00e1spora haitiana que le propusieron como candidato<\/h4>\n<h4 class=\"wp-block-heading\" style=\"text-align: justify;\">Garry Conille, el nuevo primer ministro de Hait\u00ed, dijo ayer, mi\u00e9rcoles, que se sent\u00eda \u201cmuy privilegiado\u201d de haber sido elegido para el puesto, en su primer comunicado desde que un consejo de transici\u00f3n le design\u00f3 para liderar el maltrecho pa\u00eds caribe\u00f1o, asediado por las pandillas.<\/h4>\n<p style=\"text-align: justify;\">Conille dio las gracias a los grupos de la sociedad civil, partidos pol\u00edticos y miembros de la di\u00e1spora haitiana que le propusieron como candidato.<\/p>\n<p style=\"text-align: justify;\">\u201cJuntos, trabajaremos en un ma\u00f1ana mejor para todos los ni\u00f1os de nuestra naci\u00f3n\u201d, escribi\u00f3 en la red social X en criollo haitiano. Conille present\u00f3 su renuncia el martes como director regional de UNICEF para Am\u00e9rica Latina y el Caribe, un puesto que ostentaba desde enero de 2023. Antes sirvi\u00f3 como primer ministro de Hait\u00ed entre octubre de 2011 y mayo de 2012, durante el gobierno del entonces presidente Michel Martelly.<\/p>\n<p style=\"text-align: justify;\">Conille estudi\u00f3 medicina y salud p\u00fablica y ayud\u00f3 a desarrollar la red de atenci\u00f3n sanitaria en comunidades empobrecidas de Hait\u00ed, donde ayud\u00f3 a coordinar los esfuerzos de reconstrucci\u00f3n tras el devastador terremoto de 2010. Tambi\u00e9n trabaj\u00f3 como especialista de desarrollo de la ONU antes de convertirse en director regional de UNICEF.<\/p>\n<p style=\"text-align: justify;\">Ahora enfrenta una tarea monumental. Hait\u00ed est\u00e1 bajo el asedio de pandillas que controlan al menos el 80% de la capital, Puerto Pr\u00edncipe, mientras el pa\u00eds espera a un despliegue respaldado por la ONU de un polic\u00edas de Kenia y otros pa\u00edses<\/p>\n<p style=\"text-align: justify;\">Aunque el consejo de transici\u00f3n no ha publicado un comunicado formal sobre Conille, miembros del consejo dijeron a The Associated Press el martes por la noche que seis de los siete miembros con derecho a voto le hab\u00edan elegido. Laurent St. Cyr, el s\u00e9ptimo miembro, no vot\u00f3 porque no se encuentra en Hait\u00ed en este momento.<\/p>\n<p style=\"text-align: justify;\">Conille suceder\u00e1 al primer ministro interino <strong>Michel Patrick Boisvert,<\/strong> que ayud\u00f3 a dirigir el pa\u00eds desde que el ex primer ministro Ariel Henry present\u00f3 su renuncia en una carta en abril tras un incremento de la violencia de las pandillas.<\/p>\n<p style=\"text-align: justify;\">La directora ejecutiva de UNICEF, Catherine Russell, dijoo que deseaba a Conille \u201ctodo el \u00e9xito en llevar una esperanza, estabilidad y paz muy necesitadas a los ni\u00f1os de Hait\u00ed\u201d.<\/p>\n","protected":false},"excerpt":{"rendered":"<p>Garry Conille dio las gracias a los grupos de la sociedad civil, partidos pol\u00edticos y miembros de la di\u00e1spora haitiana que le propusieron como candidato Garry Conille, el nuevo primer ministro de Hait\u00ed, dijo ayer, mi\u00e9rcoles, que se sent\u00eda \u201cmuy privilegiado\u201d de haber sido elegido para el puesto, en su primer comunicado desde que un [&hellip;]<\/p>\n","protected":false},"author":1,"featured_media":0,"comment_status":"closed","ping_status":"open","sticky":false,"template":"","format":"standard","meta":{"footnotes":""},"categories":[9],"tags":[],"yoast_head":"<!-- This site is optimized with the Yoast SEO plugin v24.5 - https:\/\/yoast.com\/wordpress\/plugins\/seo\/ -->\n<title>Primer ministro Hait\u00ed llama trabajar por mejor ma\u00f1ana | El Nuevo Norte<\/title>\n<meta name=\"robots\" content=\"index, follow, max-snippet:-1, max-image-preview:large, max-video-preview:-1\" \/>\n<link rel=\"canonical\" href=\"https:\/\/infoelnuevonorte.com\/?p=24212\" \/>\n<meta property=\"og:locale\" content=\"es_ES\" \/>\n<meta property=\"og:type\" content=\"article\" \/>\n<meta property=\"og:title\" content=\"Primer ministro Hait\u00ed llama trabajar por mejor ma\u00f1ana | El Nuevo Norte\" \/>\n<meta property=\"og:description\" content=\"Garry Conille dio las gracias a los grupos de la sociedad civil, partidos pol\u00edticos y miembros de la di\u00e1spora haitiana que le propusieron como candidato Garry Conille, el nuevo primer ministro de Hait\u00ed, dijo ayer, mi\u00e9rcoles, que se sent\u00eda \u201cmuy privilegiado\u201d de haber sido elegido para el puesto, en su primer comunicado desde que un [&hellip;]\" \/>\n<meta property=\"og:url\" content=\"https:\/\/infoelnuevonorte.com\/?p=24212\" \/>\n<meta property=\"og:site_name\" content=\"El Nuevo Norte\" \/>\n<meta property=\"article:publisher\" content=\"https:\/\/www.facebook.com\/infoenn\" \/>\n<meta property=\"article:published_time\" content=\"2024-05-30T10:47:08+00:00\" \/>\n<meta property=\"article:modified_time\" content=\"2024-05-30T10:47:09+00:00\" \/>\n<meta property=\"og:image\" content=\"https:\/\/infoelnuevonorte.com\/wp-content\/uploads\/2024\/05\/primer-ministro-haiti-jpg.webp\" \/>\n\t<meta property=\"og:image:width\" content=\"816\" \/>\n\t<meta property=\"og:image:height\" content=\"910\" \/>\n\t<meta property=\"og:image:type\" content=\"image\/jpeg\" \/>\n<meta name=\"author\" content=\"InfoEnn\" \/>\n<meta name=\"twitter:card\" content=\"summary_large_image\" \/>\n<meta name=\"twitter:creator\" content=\"@Elnuevo_norte\" \/>\n<meta name=\"twitter:site\" content=\"@Elnuevo_norte\" \/>\n<meta name=\"twitter:label1\" content=\"Written by\" \/>\n\t<meta name=\"twitter:data1\" content=\"InfoEnn\" \/>\n\t<meta name=\"twitter:label2\" content=\"Est. reading time\" \/>\n\t<meta name=\"twitter:data2\" content=\"2 minutos\" \/>\n<script type=\"application\/ld+json\" class=\"yoast-schema-graph\">{\"@context\":\"https:\/\/schema.org\",\"@graph\":[{\"@type\":\"Article\",\"@id\":\"https:\/\/infoelnuevonorte.com\/?p=24212#article\",\"isPartOf\":{\"@id\":\"https:\/\/infoelnuevonorte.com\/?p=24212\"},\"author\":{\"name\":\"InfoEnn\",\"@id\":\"https:\/\/infoelnuevonorte.com\/#\/schema\/person\/fd4f6d90afe41260818b4ea94ad8ab84\"},\"headline\":\"Primer ministro Hait\u00ed llama trabajar por mejor ma\u00f1ana\",\"datePublished\":\"2024-05-30T10:47:08+00:00\",\"dateModified\":\"2024-05-30T10:47:09+00:00\",\"mainEntityOfPage\":{\"@id\":\"https:\/\/infoelnuevonorte.com\/?p=24212\"},\"wordCount\":427,\"publisher\":{\"@id\":\"https:\/\/infoelnuevonorte.com\/#organization\"},\"articleSection\":[\"Mundiales\"],\"inLanguage\":\"es-DO\"},{\"@type\":\"WebPage\",\"@id\":\"https:\/\/infoelnuevonorte.com\/?p=24212\",\"url\":\"https:\/\/infoelnuevonorte.com\/?p=24212\",\"name\":\"Primer ministro Hait\u00ed llama trabajar por mejor ma\u00f1ana | El Nuevo Norte\",\"isPartOf\":{\"@id\":\"https:\/\/infoelnuevonorte.com\/#website\"},\"datePublished\":\"2024-05-30T10:47:08+00:00\",\"dateModified\":\"2024-05-30T10:47:09+00:00\",\"breadcrumb\":{\"@id\":\"https:\/\/infoelnuevonorte.com\/?p=24212#breadcrumb\"},\"inLanguage\":\"es-DO\",\"potentialAction\":[{\"@type\":\"ReadAction\",\"target\":[\"https:\/\/infoelnuevonorte.com\/?p=24212\"]}]},{\"@type\":\"BreadcrumbList\",\"@id\":\"https:\/\/infoelnuevonorte.com\/?p=24212#breadcrumb\",\"itemListElement\":[{\"@type\":\"ListItem\",\"position\":1,\"name\":\"Home\",\"item\":\"https:\/\/infoelnuevonorte.com\/\"},{\"@type\":\"ListItem\",\"position\":2,\"name\":\"Primer ministro Hait\u00ed llama trabajar por mejor ma\u00f1ana\"}]},{\"@type\":\"WebSite\",\"@id\":\"https:\/\/infoelnuevonorte.com\/#website\",\"url\":\"https:\/\/infoelnuevonorte.com\/\",\"name\":\"InfoEnn\",\"description\":\"Tu Voz, tu Verdad, tu Diario!!!\",\"publisher\":{\"@id\":\"https:\/\/infoelnuevonorte.com\/#organization\"},\"alternateName\":\"El Nuevo Norte\",\"potentialAction\":[{\"@type\":\"SearchAction\",\"target\":{\"@type\":\"EntryPoint\",\"urlTemplate\":\"https:\/\/infoelnuevonorte.com\/?s={search_term_string}\"},\"query-input\":{\"@type\":\"PropertyValueSpecification\",\"valueRequired\":true,\"valueName\":\"search_term_string\"}}],\"inLanguage\":\"es-DO\"},{\"@type\":\"Organization\",\"@id\":\"https:\/\/infoelnuevonorte.com\/#organization\",\"name\":\"Info El Nuevo Norte\",\"alternateName\":\"El Nuevo Norte\",\"url\":\"https:\/\/infoelnuevonorte.com\/\",\"logo\":{\"@type\":\"ImageObject\",\"inLanguage\":\"es-DO\",\"@id\":\"https:\/\/infoelnuevonorte.com\/#\/schema\/logo\/image\/\",\"url\":\"https:\/\/infoelnuevonorte.com\/wp-content\/uploads\/2026\/02\/Logo-Info-enn-3d-20ani.jpeg\",\"contentUrl\":\"https:\/\/infoelnuevonorte.com\/wp-content\/uploads\/2026\/02\/Logo-Info-enn-3d-20ani.jpeg\",\"width\":2046,\"height\":736,\"caption\":\"Info El Nuevo Norte\"},\"image\":{\"@id\":\"https:\/\/infoelnuevonorte.com\/#\/schema\/logo\/image\/\"},\"sameAs\":[\"https:\/\/www.facebook.com\/infoenn\",\"https:\/\/x.com\/Elnuevo_norte\",\"https:\/\/www.instagram.com\/infoenn\",\"https:\/\/www.facebook.com\/ENNRD\"]},{\"@type\":\"Person\",\"@id\":\"https:\/\/infoelnuevonorte.com\/#\/schema\/person\/fd4f6d90afe41260818b4ea94ad8ab84\",\"name\":\"InfoEnn\",\"image\":{\"@type\":\"ImageObject\",\"inLanguage\":\"es-DO\",\"@id\":\"https:\/\/infoelnuevonorte.com\/#\/schema\/person\/image\/\",\"url\":\"https:\/\/secure.gravatar.com\/avatar\/d4d760a41a48ba9db0a82bfb63bb0783?s=96&d=robohash&r=g\",\"contentUrl\":\"https:\/\/secure.gravatar.com\/avatar\/d4d760a41a48ba9db0a82bfb63bb0783?s=96&d=robohash&r=g\",\"caption\":\"InfoEnn\"},\"sameAs\":[\"https:\/\/infoelnuevonorte.com\"],\"url\":\"https:\/\/infoelnuevonorte.com\/?author=1\"}]}<\/script>\n<!-- \/ Yoast SEO plugin. -->","yoast_head_json":{"title":"Primer ministro Hait\u00ed llama trabajar por mejor ma\u00f1ana | El Nuevo Norte","robots":{"index":"index","follow":"follow","max-snippet":"max-snippet:-1","max-image-preview":"max-image-preview:large","max-video-preview":"max-video-preview:-1"},"canonical":"https:\/\/infoelnuevonorte.com\/?p=24212","og_locale":"es_ES","og_type":"article","og_title":"Primer ministro Hait\u00ed llama trabajar por mejor ma\u00f1ana | El Nuevo Norte","og_description":"Garry Conille dio las gracias a los grupos de la sociedad civil, partidos pol\u00edticos y miembros de la di\u00e1spora haitiana que le propusieron como candidato Garry Conille, el nuevo primer ministro de Hait\u00ed, dijo ayer, mi\u00e9rcoles, que se sent\u00eda \u201cmuy privilegiado\u201d de haber sido elegido para el puesto, en su primer comunicado desde que un [&hellip;]","og_url":"https:\/\/infoelnuevonorte.com\/?p=24212","og_site_name":"El Nuevo Norte","article_publisher":"https:\/\/www.facebook.com\/infoenn","article_published_time":"2024-05-30T10:47:08+00:00","article_modified_time":"2024-05-30T10:47:09+00:00","og_image":[{"width":816,"height":910,"url":"https:\/\/infoelnuevonorte.com\/wp-content\/uploads\/2024\/05\/primer-ministro-haiti-jpg.webp","type":"image\/jpeg"}],"author":"InfoEnn","twitter_card":"summary_large_image","twitter_creator":"@Elnuevo_norte","twitter_site":"@Elnuevo_norte","twitter_misc":{"Written by":"InfoEnn","Est. reading time":"2 minutos"},"schema":{"@context":"https:\/\/schema.org","@graph":[{"@type":"Article","@id":"https:\/\/infoelnuevonorte.com\/?p=24212#article","isPartOf":{"@id":"https:\/\/infoelnuevonorte.com\/?p=24212"},"author":{"name":"InfoEnn","@id":"https:\/\/infoelnuevonorte.com\/#\/schema\/person\/fd4f6d90afe41260818b4ea94ad8ab84"},"headline":"Primer ministro Hait\u00ed llama trabajar por mejor ma\u00f1ana","datePublished":"2024-05-30T10:47:08+00:00","dateModified":"2024-05-30T10:47:09+00:00","mainEntityOfPage":{"@id":"https:\/\/infoelnuevonorte.com\/?p=24212"},"wordCount":427,"publisher":{"@id":"https:\/\/infoelnuevonorte.com\/#organization"},"articleSection":["Mundiales"],"inLanguage":"es-DO"},{"@type":"WebPage","@id":"https:\/\/infoelnuevonorte.com\/?p=24212","url":"https:\/\/infoelnuevonorte.com\/?p=24212","name":"Primer ministro Hait\u00ed llama trabajar por mejor ma\u00f1ana | El Nuevo Norte","isPartOf":{"@id":"https:\/\/infoelnuevonorte.com\/#website"},"datePublished":"2024-05-30T10:47:08+00:00","dateModified":"2024-05-30T10:47:09+00:00","breadcrumb":{"@id":"https:\/\/infoelnuevonorte.com\/?p=24212#breadcrumb"},"inLanguage":"es-DO","potentialAction":[{"@type":"ReadAction","target":["https:\/\/infoelnuevonorte.com\/?p=24212"]}]},{"@type":"BreadcrumbList","@id":"https:\/\/infoelnuevonorte.com\/?p=24212#breadcrumb","itemListElement":[{"@type":"ListItem","position":1,"name":"Home","item":"https:\/\/infoelnuevonorte.com\/"},{"@type":"ListItem","position":2,"name":"Primer ministro Hait\u00ed llama trabajar por mejor ma\u00f1ana"}]},{"@type":"WebSite","@id":"https:\/\/infoelnuevonorte.com\/#website","url":"https:\/\/infoelnuevonorte.com\/","name":"InfoEnn","description":"Tu Voz, tu Verdad, tu Diario!!!","publisher":{"@id":"https:\/\/infoelnuevonorte.com\/#organization"},"alternateName":"El Nuevo Norte","potentialAction":[{"@type":"SearchAction","target":{"@type":"EntryPoint","urlTemplate":"https:\/\/infoelnuevonorte.com\/?s={search_term_string}"},"query-input":{"@type":"PropertyValueSpecification","valueRequired":true,"valueName":"search_term_string"}}],"inLanguage":"es-DO"},{"@type":"Organization","@id":"https:\/\/infoelnuevonorte.com\/#organization","name":"Info El Nuevo Norte","alternateName":"El Nuevo Norte","url":"https:\/\/infoelnuevonorte.com\/","logo":{"@type":"ImageObject","inLanguage":"es-DO","@id":"https:\/\/infoelnuevonorte.com\/#\/schema\/logo\/image\/","url":"https:\/\/infoelnuevonorte.com\/wp-content\/uploads\/2026\/02\/Logo-Info-enn-3d-20ani.jpeg","contentUrl":"https:\/\/infoelnuevonorte.com\/wp-content\/uploads\/2026\/02\/Logo-Info-enn-3d-20ani.jpeg","width":2046,"height":736,"caption":"Info El Nuevo Norte"},"image":{"@id":"https:\/\/infoelnuevonorte.com\/#\/schema\/logo\/image\/"},"sameAs":["https:\/\/www.facebook.com\/infoenn","https:\/\/x.com\/Elnuevo_norte","https:\/\/www.instagram.com\/infoenn","https:\/\/www.facebook.com\/ENNRD"]},{"@type":"Person","@id":"https:\/\/infoelnuevonorte.com\/#\/schema\/person\/fd4f6d90afe41260818b4ea94ad8ab84","name":"InfoEnn","image":{"@type":"ImageObject","inLanguage":"es-DO","@id":"https:\/\/infoelnuevonorte.com\/#\/schema\/person\/image\/","url":"https:\/\/secure.gravatar.com\/avatar\/d4d760a41a48ba9db0a82bfb63bb0783?s=96&d=robohash&r=g","contentUrl":"https:\/\/secure.gravatar.com\/avatar\/d4d760a41a48ba9db0a82bfb63bb0783?s=96&d=robohash&r=g","caption":"InfoEnn"},"sameAs":["https:\/\/infoelnuevonorte.com"],"url":"https:\/\/infoelnuevonorte.com\/?author=1"}]}},"_links":{"self":[{"href":"https:\/\/infoelnuevonorte.com\/index.php?rest_route=\/wp\/v2\/posts\/24212"}],"collection":[{"href":"https:\/\/infoelnuevonorte.com\/index.php?rest_route=\/wp\/v2\/posts"}],"about":[{"href":"https:\/\/infoelnuevonorte.com\/index.php?rest_route=\/wp\/v2\/types\/post"}],"author":[{"embeddable":true,"href":"https:\/\/infoelnuevonorte.com\/index.php?rest_route=\/wp\/v2\/users\/1"}],"replies":[{"embeddable":true,"href":"https:\/\/infoelnuevonorte.com\/index.php?rest_route=%2Fwp%2Fv2%2Fcomments&post=24212"}],"version-history":[{"count":0,"href":"https:\/\/infoelnuevonorte.com\/index.php?rest_route=\/wp\/v2\/posts\/24212\/revisions"}],"wp:attachment":[{"href":"https:\/\/infoelnuevonorte.com\/index.php?rest_route=%2Fwp%2Fv2%2Fmedia&parent=24212"}],"wp:term":[{"taxonomy":"category","embeddable":true,"href":"https:\/\/infoelnuevonorte.com\/index.php?rest_route=%2Fwp%2Fv2%2Fcategories&post=24212"},{"taxonomy":"post_tag","embeddable":true,"href":"https:\/\/infoelnuevonorte.com\/index.php?rest_route=%2Fwp%2Fv2%2Ftags&post=24212"}],"curies":[{"name":"wp","href":"https:\/\/api.w.org\/{rel}","templated":true}]}}