{"id":24270,"date":"2024-05-30T10:44:39","date_gmt":"2024-05-30T14:44:39","guid":{"rendered":"https:\/\/infoelnuevonorte.com\/?p=24270"},"modified":"2024-05-30T10:44:42","modified_gmt":"2024-05-30T14:44:42","slug":"carlos-iii-participara-en-la-celebracion-oficial-por-su-cumpleanos-en-junio","status":"publish","type":"post","link":"https:\/\/infoelnuevonorte.com\/?p=24270","title":{"rendered":"Carlos III participar\u00e1 en la celebraci\u00f3n oficial por su cumplea\u00f1os en junio"},"content":{"rendered":"\n<p><a href=\"https:\/\/deultimominuto.net\/category\/internacionales\/\"><\/a><\/p>\n\n\n<div class=\"td_block_wrap tdb_single_content tdi_360 td-pb-border-top td_block_template_1 td-post-content tagdiv-type\" data-td-block-uid=\"tdi_360\">\n<div class=\"tdb-block-inner td-fix-index\">\n<!--[if lt IE 9]><script>document.createElement('audio');<\/script><![endif]-->\n<audio class=\"wp-audio-shortcode\" id=\"audio-24270-1\" preload=\"none\" style=\"width: 100%;\" controls=\"controls\"><source type=\"audio\/mpeg\" src=\"https:\/\/infoelnuevonorte.com\/wp-content\/uploads\/2024\/05\/ttsmaker-file-2024-5-30-10-41-13.mp3?_=1\" \/><a href=\"https:\/\/infoelnuevonorte.com\/wp-content\/uploads\/2024\/05\/ttsmaker-file-2024-5-30-10-41-13.mp3\">https:\/\/infoelnuevonorte.com\/wp-content\/uploads\/2024\/05\/ttsmaker-file-2024-5-30-10-41-13.mp3<\/a><\/audio>\n<p style=\"text-align: justify\"><strong>Londres.-<\/strong>\u00a0El\u00a0<strong>rey Carlos III<\/strong>\u00a0del\u00a0<strong>Reino Unido\u00a0<\/strong>participar\u00e1 en junio en el<strong>\u00a0\u2018Trooping the Colour\u2019,<\/strong>\u00a0el tradicional desfile de la guardia real con el que se celebra el\u00a0<strong>cumplea\u00f1os oficial del monarca<\/strong>, mientras que no se ha confirmado si su nuera, la princesa de Gales, Catalina, podr\u00e1 asistir, seg\u00fan los medios locales.<\/p>\n<p style=\"text-align: justify\">El monarca, que se somete a un tratamiento oncol\u00f3gico por un\u00a0<strong>c\u00e1ncer<\/strong>\u00a0no desvelado, seguir\u00e1 el colorido desfile desde un carruaje en lugar de montar a caballo como en a\u00f1os anteriores.<\/p>\n<blockquote class=\"wp-block-quote\">\n<p>EL \u2018TROOPING THE COLOUR\u2019\u00a0<strong>TENDR\u00c1 LUGAR EL PR\u00d3XIMO 15 DE JUNIO\u00a0<\/strong>EN EL PATIO DE ARMAS DE LA GUARDIA REAL DE CABALLER\u00cdA, EN EL CENTRO DE LONDRES, Y ES UNO DE LOS EVENTOS M\u00c1S DESTACADOS EN EL QUE PARTICIPA LA FAMILIA REAL BRIT\u00c1NICA, AS\u00cd COMO INVITADOS ESPECIALES.<\/p>\n<\/blockquote>\n<p style=\"text-align: justify\">Las celebraciones por el cumplea\u00f1os del rey son siempre en junio para aprovechar el buen tiempo.<\/p>\n<p style=\"text-align: justify\">El jefe de Estado -que\u00a0<strong>cumplir\u00e1 76 a\u00f1os el pr\u00f3ximo 14 de noviembre<\/strong>\u2013 volvi\u00f3 hace unas semanas a los compromisos p\u00fablicos pero contin\u00faa con su tratamiento.<\/p>\n<p style=\"text-align: justify\">La presencia de la princesa de Gales, Catalina, es a\u00fan incierta debido a que se somete a un tratamiento oncol\u00f3gico preventivo despu\u00e9s de que le fuera detectado un c\u00e1ncer en una operaci\u00f3n abdominal no especificada el pasado mes de enero.<\/p>\n<p style=\"text-align: justify\">El palacio de Kensington, residencia oficial de los pr\u00edncipes de Gales, hab\u00eda indicado la semana pasada que no se espera que la princesa vuelva al trabajo hasta que lo decida su equipo m\u00e9dico.<\/p>\n<p style=\"text-align: justify\">La familia real ha reducido los compromisos oficiales para las pr\u00f3ximas semanas a fin de no desviar la atenci\u00f3n del pa\u00eds despu\u00e9s de que el primer ministro brit\u00e1nico, Rishi Sunak, convocase la semana pasada elecciones generales para el pr\u00f3ximo 4 de julio.<\/p>\n<\/div>\n<\/div>\n<div class=\"td_block_wrap tdb_single_tags tdi_361 td-pb-border-top td_block_template_1\" style=\"text-align: justify\" data-td-block-uid=\"tdi_361\">\u00a0<\/div>","protected":false},"excerpt":{"rendered":"<p>Londres.-\u00a0El\u00a0rey Carlos III\u00a0del\u00a0Reino Unido\u00a0participar\u00e1 en junio en el\u00a0\u2018Trooping the Colour\u2019,\u00a0el tradicional desfile de la guardia real con el que se celebra el\u00a0cumplea\u00f1os oficial del monarca, mientras que no se ha confirmado si su nuera, la princesa de Gales, Catalina, podr\u00e1 asistir, seg\u00fan los medios locales. El monarca, que se somete a un tratamiento oncol\u00f3gico por [&hellip;]<\/p>\n","protected":false},"author":2,"featured_media":0,"comment_status":"closed","ping_status":"open","sticky":false,"template":"","format":"standard","meta":{"footnotes":""},"categories":[9],"tags":[],"yoast_head":"<!-- This site is optimized with the Yoast SEO plugin v24.5 - https:\/\/yoast.com\/wordpress\/plugins\/seo\/ -->\n<title>Carlos III participar\u00e1 en la celebraci\u00f3n oficial por su cumplea\u00f1os en junio | El Nuevo Norte<\/title>\n<meta name=\"robots\" content=\"index, follow, max-snippet:-1, max-image-preview:large, max-video-preview:-1\" \/>\n<link rel=\"canonical\" href=\"https:\/\/infoelnuevonorte.com\/?p=24270\" \/>\n<meta property=\"og:locale\" content=\"es_ES\" \/>\n<meta property=\"og:type\" content=\"article\" \/>\n<meta property=\"og:title\" content=\"Carlos III participar\u00e1 en la celebraci\u00f3n oficial por su cumplea\u00f1os en junio | El Nuevo Norte\" \/>\n<meta property=\"og:description\" content=\"Londres.-\u00a0El\u00a0rey Carlos III\u00a0del\u00a0Reino Unido\u00a0participar\u00e1 en junio en el\u00a0\u2018Trooping the Colour\u2019,\u00a0el tradicional desfile de la guardia real con el que se celebra el\u00a0cumplea\u00f1os oficial del monarca, mientras que no se ha confirmado si su nuera, la princesa de Gales, Catalina, podr\u00e1 asistir, seg\u00fan los medios locales. El monarca, que se somete a un tratamiento oncol\u00f3gico por [&hellip;]\" \/>\n<meta property=\"og:url\" content=\"https:\/\/infoelnuevonorte.com\/?p=24270\" \/>\n<meta property=\"og:site_name\" content=\"El Nuevo Norte\" \/>\n<meta property=\"article:publisher\" content=\"https:\/\/www.facebook.com\/infoenn\" \/>\n<meta property=\"article:published_time\" content=\"2024-05-30T14:44:39+00:00\" \/>\n<meta property=\"article:modified_time\" content=\"2024-05-30T14:44:42+00:00\" \/>\n<meta property=\"og:image\" content=\"https:\/\/infoelnuevonorte.com\/wp-content\/uploads\/2024\/05\/f.elconfidencial.com_original_9f7_0c2_e77_9f70c2e776d33a64c209ed3de421a4ce.png\" \/>\n\t<meta property=\"og:image:width\" content=\"1030\" \/>\n\t<meta property=\"og:image:height\" content=\"773\" \/>\n\t<meta property=\"og:image:type\" content=\"image\/png\" \/>\n<meta name=\"author\" content=\"T. R.\" \/>\n<meta name=\"twitter:card\" content=\"summary_large_image\" \/>\n<meta name=\"twitter:creator\" content=\"@Elnuevo_norte\" \/>\n<meta name=\"twitter:site\" content=\"@Elnuevo_norte\" \/>\n<meta name=\"twitter:label1\" content=\"Written by\" \/>\n\t<meta name=\"twitter:data1\" content=\"T. R.\" \/>\n\t<meta name=\"twitter:label2\" content=\"Est. reading time\" \/>\n\t<meta name=\"twitter:data2\" content=\"2 minutos\" \/>\n<script type=\"application\/ld+json\" class=\"yoast-schema-graph\">{\"@context\":\"https:\/\/schema.org\",\"@graph\":[{\"@type\":\"Article\",\"@id\":\"https:\/\/infoelnuevonorte.com\/?p=24270#article\",\"isPartOf\":{\"@id\":\"https:\/\/infoelnuevonorte.com\/?p=24270\"},\"author\":{\"name\":\"T. R.\",\"@id\":\"https:\/\/infoelnuevonorte.com\/#\/schema\/person\/3accb35eb55f55e96c492b52d085a403\"},\"headline\":\"Carlos III participar\u00e1 en la celebraci\u00f3n oficial por su cumplea\u00f1os en junio\",\"datePublished\":\"2024-05-30T14:44:39+00:00\",\"dateModified\":\"2024-05-30T14:44:42+00:00\",\"mainEntityOfPage\":{\"@id\":\"https:\/\/infoelnuevonorte.com\/?p=24270\"},\"wordCount\":342,\"publisher\":{\"@id\":\"https:\/\/infoelnuevonorte.com\/#organization\"},\"articleSection\":[\"Mundiales\"],\"inLanguage\":\"es-DO\"},{\"@type\":\"WebPage\",\"@id\":\"https:\/\/infoelnuevonorte.com\/?p=24270\",\"url\":\"https:\/\/infoelnuevonorte.com\/?p=24270\",\"name\":\"Carlos III participar\u00e1 en la celebraci\u00f3n oficial por su cumplea\u00f1os en junio | El Nuevo Norte\",\"isPartOf\":{\"@id\":\"https:\/\/infoelnuevonorte.com\/#website\"},\"datePublished\":\"2024-05-30T14:44:39+00:00\",\"dateModified\":\"2024-05-30T14:44:42+00:00\",\"breadcrumb\":{\"@id\":\"https:\/\/infoelnuevonorte.com\/?p=24270#breadcrumb\"},\"inLanguage\":\"es-DO\",\"potentialAction\":[{\"@type\":\"ReadAction\",\"target\":[\"https:\/\/infoelnuevonorte.com\/?p=24270\"]}]},{\"@type\":\"BreadcrumbList\",\"@id\":\"https:\/\/infoelnuevonorte.com\/?p=24270#breadcrumb\",\"itemListElement\":[{\"@type\":\"ListItem\",\"position\":1,\"name\":\"Home\",\"item\":\"https:\/\/infoelnuevonorte.com\/\"},{\"@type\":\"ListItem\",\"position\":2,\"name\":\"Carlos III participar\u00e1 en la celebraci\u00f3n oficial por su cumplea\u00f1os en junio\"}]},{\"@type\":\"WebSite\",\"@id\":\"https:\/\/infoelnuevonorte.com\/#website\",\"url\":\"https:\/\/infoelnuevonorte.com\/\",\"name\":\"InfoEnn\",\"description\":\"Tu Voz, tu Verdad, tu Diario!!!\",\"publisher\":{\"@id\":\"https:\/\/infoelnuevonorte.com\/#organization\"},\"alternateName\":\"El Nuevo Norte\",\"potentialAction\":[{\"@type\":\"SearchAction\",\"target\":{\"@type\":\"EntryPoint\",\"urlTemplate\":\"https:\/\/infoelnuevonorte.com\/?s={search_term_string}\"},\"query-input\":{\"@type\":\"PropertyValueSpecification\",\"valueRequired\":true,\"valueName\":\"search_term_string\"}}],\"inLanguage\":\"es-DO\"},{\"@type\":\"Organization\",\"@id\":\"https:\/\/infoelnuevonorte.com\/#organization\",\"name\":\"Info El Nuevo Norte\",\"alternateName\":\"El Nuevo Norte\",\"url\":\"https:\/\/infoelnuevonorte.com\/\",\"logo\":{\"@type\":\"ImageObject\",\"inLanguage\":\"es-DO\",\"@id\":\"https:\/\/infoelnuevonorte.com\/#\/schema\/logo\/image\/\",\"url\":\"https:\/\/infoelnuevonorte.com\/wp-content\/uploads\/2026\/02\/Logo-Info-enn-3d-20ani.jpeg\",\"contentUrl\":\"https:\/\/infoelnuevonorte.com\/wp-content\/uploads\/2026\/02\/Logo-Info-enn-3d-20ani.jpeg\",\"width\":2046,\"height\":736,\"caption\":\"Info El Nuevo Norte\"},\"image\":{\"@id\":\"https:\/\/infoelnuevonorte.com\/#\/schema\/logo\/image\/\"},\"sameAs\":[\"https:\/\/www.facebook.com\/infoenn\",\"https:\/\/x.com\/Elnuevo_norte\",\"https:\/\/www.instagram.com\/infoenn\",\"https:\/\/www.facebook.com\/ENNRD\"]},{\"@type\":\"Person\",\"@id\":\"https:\/\/infoelnuevonorte.com\/#\/schema\/person\/3accb35eb55f55e96c492b52d085a403\",\"name\":\"T. R.\",\"image\":{\"@type\":\"ImageObject\",\"inLanguage\":\"es-DO\",\"@id\":\"https:\/\/infoelnuevonorte.com\/#\/schema\/person\/image\/\",\"url\":\"https:\/\/secure.gravatar.com\/avatar\/40543a038bda97abdb765b1662e9677d?s=96&d=robohash&r=g\",\"contentUrl\":\"https:\/\/secure.gravatar.com\/avatar\/40543a038bda97abdb765b1662e9677d?s=96&d=robohash&r=g\",\"caption\":\"T. R.\"},\"url\":\"https:\/\/infoelnuevonorte.com\/?author=2\"}]}<\/script>\n<!-- \/ Yoast SEO plugin. -->","yoast_head_json":{"title":"Carlos III participar\u00e1 en la celebraci\u00f3n oficial por su cumplea\u00f1os en junio | El Nuevo Norte","robots":{"index":"index","follow":"follow","max-snippet":"max-snippet:-1","max-image-preview":"max-image-preview:large","max-video-preview":"max-video-preview:-1"},"canonical":"https:\/\/infoelnuevonorte.com\/?p=24270","og_locale":"es_ES","og_type":"article","og_title":"Carlos III participar\u00e1 en la celebraci\u00f3n oficial por su cumplea\u00f1os en junio | El Nuevo Norte","og_description":"Londres.-\u00a0El\u00a0rey Carlos III\u00a0del\u00a0Reino Unido\u00a0participar\u00e1 en junio en el\u00a0\u2018Trooping the Colour\u2019,\u00a0el tradicional desfile de la guardia real con el que se celebra el\u00a0cumplea\u00f1os oficial del monarca, mientras que no se ha confirmado si su nuera, la princesa de Gales, Catalina, podr\u00e1 asistir, seg\u00fan los medios locales. El monarca, que se somete a un tratamiento oncol\u00f3gico por [&hellip;]","og_url":"https:\/\/infoelnuevonorte.com\/?p=24270","og_site_name":"El Nuevo Norte","article_publisher":"https:\/\/www.facebook.com\/infoenn","article_published_time":"2024-05-30T14:44:39+00:00","article_modified_time":"2024-05-30T14:44:42+00:00","og_image":[{"width":1030,"height":773,"url":"https:\/\/infoelnuevonorte.com\/wp-content\/uploads\/2024\/05\/f.elconfidencial.com_original_9f7_0c2_e77_9f70c2e776d33a64c209ed3de421a4ce.png","type":"image\/png"}],"author":"T. R.","twitter_card":"summary_large_image","twitter_creator":"@Elnuevo_norte","twitter_site":"@Elnuevo_norte","twitter_misc":{"Written by":"T. R.","Est. reading time":"2 minutos"},"schema":{"@context":"https:\/\/schema.org","@graph":[{"@type":"Article","@id":"https:\/\/infoelnuevonorte.com\/?p=24270#article","isPartOf":{"@id":"https:\/\/infoelnuevonorte.com\/?p=24270"},"author":{"name":"T. R.","@id":"https:\/\/infoelnuevonorte.com\/#\/schema\/person\/3accb35eb55f55e96c492b52d085a403"},"headline":"Carlos III participar\u00e1 en la celebraci\u00f3n oficial por su cumplea\u00f1os en junio","datePublished":"2024-05-30T14:44:39+00:00","dateModified":"2024-05-30T14:44:42+00:00","mainEntityOfPage":{"@id":"https:\/\/infoelnuevonorte.com\/?p=24270"},"wordCount":342,"publisher":{"@id":"https:\/\/infoelnuevonorte.com\/#organization"},"articleSection":["Mundiales"],"inLanguage":"es-DO"},{"@type":"WebPage","@id":"https:\/\/infoelnuevonorte.com\/?p=24270","url":"https:\/\/infoelnuevonorte.com\/?p=24270","name":"Carlos III participar\u00e1 en la celebraci\u00f3n oficial por su cumplea\u00f1os en junio | El Nuevo Norte","isPartOf":{"@id":"https:\/\/infoelnuevonorte.com\/#website"},"datePublished":"2024-05-30T14:44:39+00:00","dateModified":"2024-05-30T14:44:42+00:00","breadcrumb":{"@id":"https:\/\/infoelnuevonorte.com\/?p=24270#breadcrumb"},"inLanguage":"es-DO","potentialAction":[{"@type":"ReadAction","target":["https:\/\/infoelnuevonorte.com\/?p=24270"]}]},{"@type":"BreadcrumbList","@id":"https:\/\/infoelnuevonorte.com\/?p=24270#breadcrumb","itemListElement":[{"@type":"ListItem","position":1,"name":"Home","item":"https:\/\/infoelnuevonorte.com\/"},{"@type":"ListItem","position":2,"name":"Carlos III participar\u00e1 en la celebraci\u00f3n oficial por su cumplea\u00f1os en junio"}]},{"@type":"WebSite","@id":"https:\/\/infoelnuevonorte.com\/#website","url":"https:\/\/infoelnuevonorte.com\/","name":"InfoEnn","description":"Tu Voz, tu Verdad, tu Diario!!!","publisher":{"@id":"https:\/\/infoelnuevonorte.com\/#organization"},"alternateName":"El Nuevo Norte","potentialAction":[{"@type":"SearchAction","target":{"@type":"EntryPoint","urlTemplate":"https:\/\/infoelnuevonorte.com\/?s={search_term_string}"},"query-input":{"@type":"PropertyValueSpecification","valueRequired":true,"valueName":"search_term_string"}}],"inLanguage":"es-DO"},{"@type":"Organization","@id":"https:\/\/infoelnuevonorte.com\/#organization","name":"Info El Nuevo Norte","alternateName":"El Nuevo Norte","url":"https:\/\/infoelnuevonorte.com\/","logo":{"@type":"ImageObject","inLanguage":"es-DO","@id":"https:\/\/infoelnuevonorte.com\/#\/schema\/logo\/image\/","url":"https:\/\/infoelnuevonorte.com\/wp-content\/uploads\/2026\/02\/Logo-Info-enn-3d-20ani.jpeg","contentUrl":"https:\/\/infoelnuevonorte.com\/wp-content\/uploads\/2026\/02\/Logo-Info-enn-3d-20ani.jpeg","width":2046,"height":736,"caption":"Info El Nuevo Norte"},"image":{"@id":"https:\/\/infoelnuevonorte.com\/#\/schema\/logo\/image\/"},"sameAs":["https:\/\/www.facebook.com\/infoenn","https:\/\/x.com\/Elnuevo_norte","https:\/\/www.instagram.com\/infoenn","https:\/\/www.facebook.com\/ENNRD"]},{"@type":"Person","@id":"https:\/\/infoelnuevonorte.com\/#\/schema\/person\/3accb35eb55f55e96c492b52d085a403","name":"T. R.","image":{"@type":"ImageObject","inLanguage":"es-DO","@id":"https:\/\/infoelnuevonorte.com\/#\/schema\/person\/image\/","url":"https:\/\/secure.gravatar.com\/avatar\/40543a038bda97abdb765b1662e9677d?s=96&d=robohash&r=g","contentUrl":"https:\/\/secure.gravatar.com\/avatar\/40543a038bda97abdb765b1662e9677d?s=96&d=robohash&r=g","caption":"T. R."},"url":"https:\/\/infoelnuevonorte.com\/?author=2"}]}},"_links":{"self":[{"href":"https:\/\/infoelnuevonorte.com\/index.php?rest_route=\/wp\/v2\/posts\/24270"}],"collection":[{"href":"https:\/\/infoelnuevonorte.com\/index.php?rest_route=\/wp\/v2\/posts"}],"about":[{"href":"https:\/\/infoelnuevonorte.com\/index.php?rest_route=\/wp\/v2\/types\/post"}],"author":[{"embeddable":true,"href":"https:\/\/infoelnuevonorte.com\/index.php?rest_route=\/wp\/v2\/users\/2"}],"replies":[{"embeddable":true,"href":"https:\/\/infoelnuevonorte.com\/index.php?rest_route=%2Fwp%2Fv2%2Fcomments&post=24270"}],"version-history":[{"count":0,"href":"https:\/\/infoelnuevonorte.com\/index.php?rest_route=\/wp\/v2\/posts\/24270\/revisions"}],"wp:attachment":[{"href":"https:\/\/infoelnuevonorte.com\/index.php?rest_route=%2Fwp%2Fv2%2Fmedia&parent=24270"}],"wp:term":[{"taxonomy":"category","embeddable":true,"href":"https:\/\/infoelnuevonorte.com\/index.php?rest_route=%2Fwp%2Fv2%2Fcategories&post=24270"},{"taxonomy":"post_tag","embeddable":true,"href":"https:\/\/infoelnuevonorte.com\/index.php?rest_route=%2Fwp%2Fv2%2Ftags&post=24270"}],"curies":[{"name":"wp","href":"https:\/\/api.w.org\/{rel}","templated":true}]}}