{"id":24278,"date":"2024-05-30T11:08:09","date_gmt":"2024-05-30T15:08:09","guid":{"rendered":"https:\/\/infoelnuevonorte.com\/?p=24278"},"modified":"2024-05-30T11:12:00","modified_gmt":"2024-05-30T15:12:00","slug":"feligreses-celebran-eucaristia-en-conmemoracion-al-dia-de-corpus-cristi","status":"publish","type":"post","link":"https:\/\/infoelnuevonorte.com\/?p=24278","title":{"rendered":"Feligreses celebran eucarist\u00eda en conmemoraci\u00f3n al D\u00eda de Corpus Cristi"},"content":{"rendered":"\n<p><a href=\"https:\/\/deultimominuto.net\/category\/nacionales\/\"><\/a><\/p>\n\n\n<div class=\"td_block_wrap tdb_single_content tdi_360 td-pb-border-top td_block_template_1 td-post-content tagdiv-type\" data-td-block-uid=\"tdi_360\">\n<div class=\"tdb-block-inner td-fix-index\">\n<!--[if lt IE 9]><script>document.createElement('audio');<\/script><![endif]-->\n<audio class=\"wp-audio-shortcode\" id=\"audio-24278-1\" preload=\"none\" style=\"width: 100%;\" controls=\"controls\"><source type=\"audio\/mpeg\" src=\"https:\/\/infoelnuevonorte.com\/wp-content\/uploads\/2024\/05\/ttsmaker-file-2024-5-30-11-10-53.mp3?_=1\" \/><a href=\"https:\/\/infoelnuevonorte.com\/wp-content\/uploads\/2024\/05\/ttsmaker-file-2024-5-30-11-10-53.mp3\">https:\/\/infoelnuevonorte.com\/wp-content\/uploads\/2024\/05\/ttsmaker-file-2024-5-30-11-10-53.mp3<\/a><\/audio>\n<p style=\"text-align: justify\"><strong>Santo Domingo. \u2013<\/strong>\u00a0Decenas de feligreses asistieron a la\u00a0<strong>conmemoraci\u00f3n el D\u00eda de Corpus Christi,<\/strong>\u00a0celebraci\u00f3n que realiza la Iglesia Cat\u00f3lica cada jueves despu\u00e9s del domingo de la\u00a0<strong>Sant\u00edsima Trinidad<\/strong>\u00a0y que cientos asisten a las distintas actividades de la iglesia en este d\u00eda.<\/p>\n<p style=\"text-align: justify\">En la iglesia el Buen Pastor, el<strong>\u00a0p\u00e1rroco Catalino Tejeda\u00a0<\/strong>explic\u00f3 a los asistentes la importancia de esta fiesta para los cristianos en la cual celebran su fe con el cuerpo y la sangre de Cristo como centro.<\/p>\n<div class=\"wp-block-image\" style=\"text-align: justify\">\n<figure class=\"alignleft size-large is-resized\"><img loading=\"lazy\" decoding=\"async\" class=\"wp-image-341879 entered lazyloaded\" src=\"https:\/\/cdn.deultimominuto.net\/wp-content\/uploads\/2024\/05\/WhatsApp-Image-2024-05-30-at-10.47.34-AM-1024x576.jpeg\" alt=\"\" width=\"1024\" height=\"576\" data-lazy-srcset=\"https:\/\/cdn.deultimominuto.net\/wp-content\/uploads\/2024\/05\/WhatsApp-Image-2024-05-30-at-10.47.34-AM-1024x576.jpeg 1024w, https:\/\/cdn.deultimominuto.net\/wp-content\/uploads\/2024\/05\/WhatsApp-Image-2024-05-30-at-10.47.34-AM-392x220.jpeg 392w, https:\/\/cdn.deultimominuto.net\/wp-content\/uploads\/2024\/05\/WhatsApp-Image-2024-05-30-at-10.47.34-AM-768x432.jpeg 768w, https:\/\/cdn.deultimominuto.net\/wp-content\/uploads\/2024\/05\/WhatsApp-Image-2024-05-30-at-10.47.34-AM-96x54.jpeg 96w, https:\/\/cdn.deultimominuto.net\/wp-content\/uploads\/2024\/05\/WhatsApp-Image-2024-05-30-at-10.47.34-AM-192x108.jpeg 192w, https:\/\/cdn.deultimominuto.net\/wp-content\/uploads\/2024\/05\/WhatsApp-Image-2024-05-30-at-10.47.34-AM-150x84.jpeg 150w, https:\/\/cdn.deultimominuto.net\/wp-content\/uploads\/2024\/05\/WhatsApp-Image-2024-05-30-at-10.47.34-AM-300x169.jpeg 300w, https:\/\/cdn.deultimominuto.net\/wp-content\/uploads\/2024\/05\/WhatsApp-Image-2024-05-30-at-10.47.34-AM-696x391.jpeg 696w, https:\/\/cdn.deultimominuto.net\/wp-content\/uploads\/2024\/05\/WhatsApp-Image-2024-05-30-at-10.47.34-AM.jpeg 1030w\" data-lazy-sizes=\"(max-width: 1024px) 100vw, 1024px\" data-lazy-src=\"https:\/\/cdn.deultimominuto.net\/wp-content\/uploads\/2024\/05\/WhatsApp-Image-2024-05-30-at-10.47.34-AM-1024x576.jpeg\" data-ll-status=\"loaded\" \/><\/figure>\n<\/div>\n<p style=\"text-align: justify\">\u00abNosotros los dominicanos tenemos la dicha de celebrar sin tener que moverla. Entonces esta la celebramos el jueves despu\u00e9s de la celebraci\u00f3n de la Sant\u00edsima Tinidad y esta fiesta tiene su origen seg\u00fan el catecismo de la iglesia cat\u00f3lica, que hace la s\u00edntesis de nuestra fe, esta fiesta tiene su origen en la sagradas escrituras\u00bb, indic\u00f3 Tejeda.<\/p>\n<p style=\"text-align: justify\">Asimismo, indic\u00f3 que la iglesia una vez al a\u00f1o celebra de un modo especial la presencia de Cristo en cada persona en cada eucarist\u00eda.<\/p>\n<p style=\"text-align: justify\">Se recuerda que, este jueves la Arquidi\u00f3cesis de Santo Domingo realizar\u00e1 distintas actividades, entre ellas una procesi\u00f3n previo a una eucarist\u00eda que ser\u00e1 oficiada frente al Faro a Col\u00f3n a las 4:00 p.m.<\/p>\n<\/div>\n<\/div>\n<div class=\"td_block_wrap tdb_single_tags tdi_361 td-pb-border-top td_block_template_1\" style=\"text-align: justify\" data-td-block-uid=\"tdi_361\">\u00a0<\/div>","protected":false},"excerpt":{"rendered":"<p>Santo Domingo. \u2013\u00a0Decenas de feligreses asistieron a la\u00a0conmemoraci\u00f3n el D\u00eda de Corpus Christi,\u00a0celebraci\u00f3n que realiza la Iglesia Cat\u00f3lica cada jueves despu\u00e9s del domingo de la\u00a0Sant\u00edsima Trinidad\u00a0y que cientos asisten a las distintas actividades de la iglesia en este d\u00eda. En la iglesia el Buen Pastor, el\u00a0p\u00e1rroco Catalino Tejeda\u00a0explic\u00f3 a los asistentes la importancia de esta [&hellip;]<\/p>\n","protected":false},"author":2,"featured_media":0,"comment_status":"closed","ping_status":"open","sticky":false,"template":"","format":"standard","meta":{"footnotes":""},"categories":[8],"tags":[],"yoast_head":"<!-- This site is optimized with the Yoast SEO plugin v24.5 - https:\/\/yoast.com\/wordpress\/plugins\/seo\/ -->\n<title>Feligreses celebran eucarist\u00eda en conmemoraci\u00f3n al D\u00eda de Corpus Cristi | El Nuevo Norte<\/title>\n<meta name=\"robots\" content=\"index, follow, max-snippet:-1, max-image-preview:large, max-video-preview:-1\" \/>\n<link rel=\"canonical\" href=\"https:\/\/infoelnuevonorte.com\/?p=24278\" \/>\n<meta property=\"og:locale\" content=\"es_ES\" \/>\n<meta property=\"og:type\" content=\"article\" \/>\n<meta property=\"og:title\" content=\"Feligreses celebran eucarist\u00eda en conmemoraci\u00f3n al D\u00eda de Corpus Cristi | El Nuevo Norte\" \/>\n<meta property=\"og:description\" content=\"Santo Domingo. \u2013\u00a0Decenas de feligreses asistieron a la\u00a0conmemoraci\u00f3n el D\u00eda de Corpus Christi,\u00a0celebraci\u00f3n que realiza la Iglesia Cat\u00f3lica cada jueves despu\u00e9s del domingo de la\u00a0Sant\u00edsima Trinidad\u00a0y que cientos asisten a las distintas actividades de la iglesia en este d\u00eda. En la iglesia el Buen Pastor, el\u00a0p\u00e1rroco Catalino Tejeda\u00a0explic\u00f3 a los asistentes la importancia de esta [&hellip;]\" \/>\n<meta property=\"og:url\" content=\"https:\/\/infoelnuevonorte.com\/?p=24278\" \/>\n<meta property=\"og:site_name\" content=\"El Nuevo Norte\" \/>\n<meta property=\"article:publisher\" content=\"https:\/\/www.facebook.com\/infoenn\" \/>\n<meta property=\"article:published_time\" content=\"2024-05-30T15:08:09+00:00\" \/>\n<meta property=\"article:modified_time\" content=\"2024-05-30T15:12:00+00:00\" \/>\n<meta property=\"og:image\" content=\"https:\/\/infoelnuevonorte.com\/wp-content\/uploads\/2024\/05\/WhatsApp-Image-2024-05-30-at-10.47.32-AM.png\" \/>\n\t<meta property=\"og:image:width\" content=\"1030\" \/>\n\t<meta property=\"og:image:height\" content=\"579\" \/>\n\t<meta property=\"og:image:type\" content=\"image\/png\" \/>\n<meta name=\"author\" content=\"T. R.\" \/>\n<meta name=\"twitter:card\" content=\"summary_large_image\" \/>\n<meta name=\"twitter:creator\" content=\"@Elnuevo_norte\" \/>\n<meta name=\"twitter:site\" content=\"@Elnuevo_norte\" \/>\n<meta name=\"twitter:label1\" content=\"Written by\" \/>\n\t<meta name=\"twitter:data1\" content=\"T. R.\" \/>\n\t<meta name=\"twitter:label2\" content=\"Est. reading time\" \/>\n\t<meta name=\"twitter:data2\" content=\"2 minutos\" \/>\n<script type=\"application\/ld+json\" class=\"yoast-schema-graph\">{\"@context\":\"https:\/\/schema.org\",\"@graph\":[{\"@type\":\"Article\",\"@id\":\"https:\/\/infoelnuevonorte.com\/?p=24278#article\",\"isPartOf\":{\"@id\":\"https:\/\/infoelnuevonorte.com\/?p=24278\"},\"author\":{\"name\":\"T. R.\",\"@id\":\"https:\/\/infoelnuevonorte.com\/#\/schema\/person\/3accb35eb55f55e96c492b52d085a403\"},\"headline\":\"Feligreses celebran eucarist\u00eda en conmemoraci\u00f3n al D\u00eda de Corpus Cristi\",\"datePublished\":\"2024-05-30T15:08:09+00:00\",\"dateModified\":\"2024-05-30T15:12:00+00:00\",\"mainEntityOfPage\":{\"@id\":\"https:\/\/infoelnuevonorte.com\/?p=24278\"},\"wordCount\":243,\"publisher\":{\"@id\":\"https:\/\/infoelnuevonorte.com\/#organization\"},\"image\":{\"@id\":\"https:\/\/infoelnuevonorte.com\/?p=24278#primaryimage\"},\"thumbnailUrl\":\"https:\/\/cdn.deultimominuto.net\/wp-content\/uploads\/2024\/05\/WhatsApp-Image-2024-05-30-at-10.47.34-AM-1024x576.jpeg\",\"articleSection\":[\"Nacionales\"],\"inLanguage\":\"es-DO\"},{\"@type\":\"WebPage\",\"@id\":\"https:\/\/infoelnuevonorte.com\/?p=24278\",\"url\":\"https:\/\/infoelnuevonorte.com\/?p=24278\",\"name\":\"Feligreses celebran eucarist\u00eda en conmemoraci\u00f3n al D\u00eda de Corpus Cristi | El Nuevo Norte\",\"isPartOf\":{\"@id\":\"https:\/\/infoelnuevonorte.com\/#website\"},\"primaryImageOfPage\":{\"@id\":\"https:\/\/infoelnuevonorte.com\/?p=24278#primaryimage\"},\"image\":{\"@id\":\"https:\/\/infoelnuevonorte.com\/?p=24278#primaryimage\"},\"thumbnailUrl\":\"https:\/\/cdn.deultimominuto.net\/wp-content\/uploads\/2024\/05\/WhatsApp-Image-2024-05-30-at-10.47.34-AM-1024x576.jpeg\",\"datePublished\":\"2024-05-30T15:08:09+00:00\",\"dateModified\":\"2024-05-30T15:12:00+00:00\",\"breadcrumb\":{\"@id\":\"https:\/\/infoelnuevonorte.com\/?p=24278#breadcrumb\"},\"inLanguage\":\"es-DO\",\"potentialAction\":[{\"@type\":\"ReadAction\",\"target\":[\"https:\/\/infoelnuevonorte.com\/?p=24278\"]}]},{\"@type\":\"ImageObject\",\"inLanguage\":\"es-DO\",\"@id\":\"https:\/\/infoelnuevonorte.com\/?p=24278#primaryimage\",\"url\":\"https:\/\/cdn.deultimominuto.net\/wp-content\/uploads\/2024\/05\/WhatsApp-Image-2024-05-30-at-10.47.34-AM-1024x576.jpeg\",\"contentUrl\":\"https:\/\/cdn.deultimominuto.net\/wp-content\/uploads\/2024\/05\/WhatsApp-Image-2024-05-30-at-10.47.34-AM-1024x576.jpeg\"},{\"@type\":\"BreadcrumbList\",\"@id\":\"https:\/\/infoelnuevonorte.com\/?p=24278#breadcrumb\",\"itemListElement\":[{\"@type\":\"ListItem\",\"position\":1,\"name\":\"Home\",\"item\":\"https:\/\/infoelnuevonorte.com\/\"},{\"@type\":\"ListItem\",\"position\":2,\"name\":\"Feligreses celebran eucarist\u00eda en conmemoraci\u00f3n al D\u00eda de Corpus Cristi\"}]},{\"@type\":\"WebSite\",\"@id\":\"https:\/\/infoelnuevonorte.com\/#website\",\"url\":\"https:\/\/infoelnuevonorte.com\/\",\"name\":\"InfoEnn\",\"description\":\"Tu Voz, tu Verdad, tu Diario!!!\",\"publisher\":{\"@id\":\"https:\/\/infoelnuevonorte.com\/#organization\"},\"alternateName\":\"El Nuevo Norte\",\"potentialAction\":[{\"@type\":\"SearchAction\",\"target\":{\"@type\":\"EntryPoint\",\"urlTemplate\":\"https:\/\/infoelnuevonorte.com\/?s={search_term_string}\"},\"query-input\":{\"@type\":\"PropertyValueSpecification\",\"valueRequired\":true,\"valueName\":\"search_term_string\"}}],\"inLanguage\":\"es-DO\"},{\"@type\":\"Organization\",\"@id\":\"https:\/\/infoelnuevonorte.com\/#organization\",\"name\":\"Info El Nuevo Norte\",\"alternateName\":\"El Nuevo Norte\",\"url\":\"https:\/\/infoelnuevonorte.com\/\",\"logo\":{\"@type\":\"ImageObject\",\"inLanguage\":\"es-DO\",\"@id\":\"https:\/\/infoelnuevonorte.com\/#\/schema\/logo\/image\/\",\"url\":\"https:\/\/infoelnuevonorte.com\/wp-content\/uploads\/2026\/02\/Logo-Info-enn-3d-20ani.jpeg\",\"contentUrl\":\"https:\/\/infoelnuevonorte.com\/wp-content\/uploads\/2026\/02\/Logo-Info-enn-3d-20ani.jpeg\",\"width\":2046,\"height\":736,\"caption\":\"Info El Nuevo Norte\"},\"image\":{\"@id\":\"https:\/\/infoelnuevonorte.com\/#\/schema\/logo\/image\/\"},\"sameAs\":[\"https:\/\/www.facebook.com\/infoenn\",\"https:\/\/x.com\/Elnuevo_norte\",\"https:\/\/www.instagram.com\/infoenn\",\"https:\/\/www.facebook.com\/ENNRD\"]},{\"@type\":\"Person\",\"@id\":\"https:\/\/infoelnuevonorte.com\/#\/schema\/person\/3accb35eb55f55e96c492b52d085a403\",\"name\":\"T. R.\",\"image\":{\"@type\":\"ImageObject\",\"inLanguage\":\"es-DO\",\"@id\":\"https:\/\/infoelnuevonorte.com\/#\/schema\/person\/image\/\",\"url\":\"https:\/\/secure.gravatar.com\/avatar\/40543a038bda97abdb765b1662e9677d?s=96&d=robohash&r=g\",\"contentUrl\":\"https:\/\/secure.gravatar.com\/avatar\/40543a038bda97abdb765b1662e9677d?s=96&d=robohash&r=g\",\"caption\":\"T. R.\"},\"url\":\"https:\/\/infoelnuevonorte.com\/?author=2\"}]}<\/script>\n<!-- \/ Yoast SEO plugin. -->","yoast_head_json":{"title":"Feligreses celebran eucarist\u00eda en conmemoraci\u00f3n al D\u00eda de Corpus Cristi | El Nuevo Norte","robots":{"index":"index","follow":"follow","max-snippet":"max-snippet:-1","max-image-preview":"max-image-preview:large","max-video-preview":"max-video-preview:-1"},"canonical":"https:\/\/infoelnuevonorte.com\/?p=24278","og_locale":"es_ES","og_type":"article","og_title":"Feligreses celebran eucarist\u00eda en conmemoraci\u00f3n al D\u00eda de Corpus Cristi | El Nuevo Norte","og_description":"Santo Domingo. \u2013\u00a0Decenas de feligreses asistieron a la\u00a0conmemoraci\u00f3n el D\u00eda de Corpus Christi,\u00a0celebraci\u00f3n que realiza la Iglesia Cat\u00f3lica cada jueves despu\u00e9s del domingo de la\u00a0Sant\u00edsima Trinidad\u00a0y que cientos asisten a las distintas actividades de la iglesia en este d\u00eda. En la iglesia el Buen Pastor, el\u00a0p\u00e1rroco Catalino Tejeda\u00a0explic\u00f3 a los asistentes la importancia de esta [&hellip;]","og_url":"https:\/\/infoelnuevonorte.com\/?p=24278","og_site_name":"El Nuevo Norte","article_publisher":"https:\/\/www.facebook.com\/infoenn","article_published_time":"2024-05-30T15:08:09+00:00","article_modified_time":"2024-05-30T15:12:00+00:00","og_image":[{"width":1030,"height":579,"url":"https:\/\/infoelnuevonorte.com\/wp-content\/uploads\/2024\/05\/WhatsApp-Image-2024-05-30-at-10.47.32-AM.png","type":"image\/png"}],"author":"T. R.","twitter_card":"summary_large_image","twitter_creator":"@Elnuevo_norte","twitter_site":"@Elnuevo_norte","twitter_misc":{"Written by":"T. R.","Est. reading time":"2 minutos"},"schema":{"@context":"https:\/\/schema.org","@graph":[{"@type":"Article","@id":"https:\/\/infoelnuevonorte.com\/?p=24278#article","isPartOf":{"@id":"https:\/\/infoelnuevonorte.com\/?p=24278"},"author":{"name":"T. R.","@id":"https:\/\/infoelnuevonorte.com\/#\/schema\/person\/3accb35eb55f55e96c492b52d085a403"},"headline":"Feligreses celebran eucarist\u00eda en conmemoraci\u00f3n al D\u00eda de Corpus Cristi","datePublished":"2024-05-30T15:08:09+00:00","dateModified":"2024-05-30T15:12:00+00:00","mainEntityOfPage":{"@id":"https:\/\/infoelnuevonorte.com\/?p=24278"},"wordCount":243,"publisher":{"@id":"https:\/\/infoelnuevonorte.com\/#organization"},"image":{"@id":"https:\/\/infoelnuevonorte.com\/?p=24278#primaryimage"},"thumbnailUrl":"https:\/\/cdn.deultimominuto.net\/wp-content\/uploads\/2024\/05\/WhatsApp-Image-2024-05-30-at-10.47.34-AM-1024x576.jpeg","articleSection":["Nacionales"],"inLanguage":"es-DO"},{"@type":"WebPage","@id":"https:\/\/infoelnuevonorte.com\/?p=24278","url":"https:\/\/infoelnuevonorte.com\/?p=24278","name":"Feligreses celebran eucarist\u00eda en conmemoraci\u00f3n al D\u00eda de Corpus Cristi | El Nuevo Norte","isPartOf":{"@id":"https:\/\/infoelnuevonorte.com\/#website"},"primaryImageOfPage":{"@id":"https:\/\/infoelnuevonorte.com\/?p=24278#primaryimage"},"image":{"@id":"https:\/\/infoelnuevonorte.com\/?p=24278#primaryimage"},"thumbnailUrl":"https:\/\/cdn.deultimominuto.net\/wp-content\/uploads\/2024\/05\/WhatsApp-Image-2024-05-30-at-10.47.34-AM-1024x576.jpeg","datePublished":"2024-05-30T15:08:09+00:00","dateModified":"2024-05-30T15:12:00+00:00","breadcrumb":{"@id":"https:\/\/infoelnuevonorte.com\/?p=24278#breadcrumb"},"inLanguage":"es-DO","potentialAction":[{"@type":"ReadAction","target":["https:\/\/infoelnuevonorte.com\/?p=24278"]}]},{"@type":"ImageObject","inLanguage":"es-DO","@id":"https:\/\/infoelnuevonorte.com\/?p=24278#primaryimage","url":"https:\/\/cdn.deultimominuto.net\/wp-content\/uploads\/2024\/05\/WhatsApp-Image-2024-05-30-at-10.47.34-AM-1024x576.jpeg","contentUrl":"https:\/\/cdn.deultimominuto.net\/wp-content\/uploads\/2024\/05\/WhatsApp-Image-2024-05-30-at-10.47.34-AM-1024x576.jpeg"},{"@type":"BreadcrumbList","@id":"https:\/\/infoelnuevonorte.com\/?p=24278#breadcrumb","itemListElement":[{"@type":"ListItem","position":1,"name":"Home","item":"https:\/\/infoelnuevonorte.com\/"},{"@type":"ListItem","position":2,"name":"Feligreses celebran eucarist\u00eda en conmemoraci\u00f3n al D\u00eda de Corpus Cristi"}]},{"@type":"WebSite","@id":"https:\/\/infoelnuevonorte.com\/#website","url":"https:\/\/infoelnuevonorte.com\/","name":"InfoEnn","description":"Tu Voz, tu Verdad, tu Diario!!!","publisher":{"@id":"https:\/\/infoelnuevonorte.com\/#organization"},"alternateName":"El Nuevo Norte","potentialAction":[{"@type":"SearchAction","target":{"@type":"EntryPoint","urlTemplate":"https:\/\/infoelnuevonorte.com\/?s={search_term_string}"},"query-input":{"@type":"PropertyValueSpecification","valueRequired":true,"valueName":"search_term_string"}}],"inLanguage":"es-DO"},{"@type":"Organization","@id":"https:\/\/infoelnuevonorte.com\/#organization","name":"Info El Nuevo Norte","alternateName":"El Nuevo Norte","url":"https:\/\/infoelnuevonorte.com\/","logo":{"@type":"ImageObject","inLanguage":"es-DO","@id":"https:\/\/infoelnuevonorte.com\/#\/schema\/logo\/image\/","url":"https:\/\/infoelnuevonorte.com\/wp-content\/uploads\/2026\/02\/Logo-Info-enn-3d-20ani.jpeg","contentUrl":"https:\/\/infoelnuevonorte.com\/wp-content\/uploads\/2026\/02\/Logo-Info-enn-3d-20ani.jpeg","width":2046,"height":736,"caption":"Info El Nuevo Norte"},"image":{"@id":"https:\/\/infoelnuevonorte.com\/#\/schema\/logo\/image\/"},"sameAs":["https:\/\/www.facebook.com\/infoenn","https:\/\/x.com\/Elnuevo_norte","https:\/\/www.instagram.com\/infoenn","https:\/\/www.facebook.com\/ENNRD"]},{"@type":"Person","@id":"https:\/\/infoelnuevonorte.com\/#\/schema\/person\/3accb35eb55f55e96c492b52d085a403","name":"T. R.","image":{"@type":"ImageObject","inLanguage":"es-DO","@id":"https:\/\/infoelnuevonorte.com\/#\/schema\/person\/image\/","url":"https:\/\/secure.gravatar.com\/avatar\/40543a038bda97abdb765b1662e9677d?s=96&d=robohash&r=g","contentUrl":"https:\/\/secure.gravatar.com\/avatar\/40543a038bda97abdb765b1662e9677d?s=96&d=robohash&r=g","caption":"T. R."},"url":"https:\/\/infoelnuevonorte.com\/?author=2"}]}},"_links":{"self":[{"href":"https:\/\/infoelnuevonorte.com\/index.php?rest_route=\/wp\/v2\/posts\/24278"}],"collection":[{"href":"https:\/\/infoelnuevonorte.com\/index.php?rest_route=\/wp\/v2\/posts"}],"about":[{"href":"https:\/\/infoelnuevonorte.com\/index.php?rest_route=\/wp\/v2\/types\/post"}],"author":[{"embeddable":true,"href":"https:\/\/infoelnuevonorte.com\/index.php?rest_route=\/wp\/v2\/users\/2"}],"replies":[{"embeddable":true,"href":"https:\/\/infoelnuevonorte.com\/index.php?rest_route=%2Fwp%2Fv2%2Fcomments&post=24278"}],"version-history":[{"count":0,"href":"https:\/\/infoelnuevonorte.com\/index.php?rest_route=\/wp\/v2\/posts\/24278\/revisions"}],"wp:attachment":[{"href":"https:\/\/infoelnuevonorte.com\/index.php?rest_route=%2Fwp%2Fv2%2Fmedia&parent=24278"}],"wp:term":[{"taxonomy":"category","embeddable":true,"href":"https:\/\/infoelnuevonorte.com\/index.php?rest_route=%2Fwp%2Fv2%2Fcategories&post=24278"},{"taxonomy":"post_tag","embeddable":true,"href":"https:\/\/infoelnuevonorte.com\/index.php?rest_route=%2Fwp%2Fv2%2Ftags&post=24278"}],"curies":[{"name":"wp","href":"https:\/\/api.w.org\/{rel}","templated":true}]}}