{"id":24361,"date":"2024-05-30T22:28:25","date_gmt":"2024-05-31T02:28:25","guid":{"rendered":"https:\/\/infoelnuevonorte.com\/?p=24361"},"modified":"2024-05-30T22:28:26","modified_gmt":"2024-05-31T02:28:26","slug":"fundacion-heroes-del-30-de-mayo-y-efemerides-patrias-conmemoran-dia-de-la-libertad","status":"publish","type":"post","link":"https:\/\/infoelnuevonorte.com\/?p=24361","title":{"rendered":"Fundaci\u00f3n H\u00e9roes del 30 de Mayo y Efem\u00e9rides Patrias conmemoran D\u00eda de la Libertad"},"content":{"rendered":"\n<p><a href=\"https:\/\/deultimominuto.net\/category\/nacionales\/\"><\/a><\/p>\n\n\n<div id=\"td-outer-wrap\" class=\"td-theme-wrap\">\n<div id=\"tdb-autoload-article\" data-autoload=\"off\" data-autoload-org-post-id=\"341947\" data-autoload-type=\"\" data-autoload-count=\"5\">\n<div class=\"td-main-content-wrap td-container-wrap\">\n<div class=\"tdc-content-wrap\">\n<article id=\"template-id-303806\" class=\"post-303806 tdb_templates type-tdb_templates status-publish post\">\n<div id=\"tdi_332\" class=\"tdc-zone\">\n<div class=\"tdc_zone tdi_333  wpb_row td-pb-row\">\n<div id=\"tdi_340\" class=\"tdc-row stretch_row_1400 td-stretch-content\">\n<div class=\"vc_row tdi_341  wpb_row td-pb-row\">\n<div class=\"vc_column tdi_343  wpb_column vc_column_container tdc-column td-pb-span9\">\n<div class=\"wpb_wrapper\">\n<div class=\"td_block_wrap tdb_single_content tdi_360 td-pb-border-top td_block_template_1 td-post-content tagdiv-type\" data-td-block-uid=\"tdi_360\">\n<div class=\"tdb-block-inner td-fix-index\">\n<!--[if lt IE 9]><script>document.createElement('audio');<\/script><![endif]-->\n<audio class=\"wp-audio-shortcode\" id=\"audio-24361-1\" preload=\"none\" style=\"width: 100%;\" controls=\"controls\"><source type=\"audio\/mpeg\" src=\"https:\/\/infoelnuevonorte.com\/wp-content\/uploads\/2024\/05\/ttsmaker-file-2024-5-30-22-26-32.mp3?_=1\" \/><a href=\"https:\/\/infoelnuevonorte.com\/wp-content\/uploads\/2024\/05\/ttsmaker-file-2024-5-30-22-26-32.mp3\">https:\/\/infoelnuevonorte.com\/wp-content\/uploads\/2024\/05\/ttsmaker-file-2024-5-30-22-26-32.mp3<\/a><\/audio>\n<p style=\"text-align: justify\"><strong>Santo Domingo. \u2013\u00a0<\/strong>La<strong>\u00a0Fundaci\u00f3n H\u00e9roes del 30 de Mayo<\/strong>\u00a0y la<strong>\u00a0Comisi\u00f3n Permanente de Efem\u00e9rides Patrias<\/strong>\u00a0conmemoraron este jueves el D\u00eda de la Libertad, instituido por el<strong>\u00a0presidente Luis Abinader\u00a0<\/strong>mediante el\u00a0<strong>decreto 335-21<\/strong>, d\u00eda que tambi\u00e9n se recuerda el\u00a0<strong>ajusticiamiento del dictador Rafael Leonidas Trujillo.<\/strong><\/p>\n<p style=\"text-align: justify\">En el solemne acto, realizado en el monumento a los H\u00e9roes del 30 de Mayo, el\u00a0<strong>presidente de la Comisi\u00f3n Permanente de Efem\u00e9rides Patrias, Juan Pablo Uribe,<\/strong>\u00a0resalt\u00f3 oportuno recordar la memoria de los h\u00e9roes del 30 de mayo de 1961 y enfatiz\u00f3 el compromiso patrio de la sustancia causal de esta gesta, la que nombr\u00f3 libertad.<\/p>\n<figure class=\"wp-block-gallery has-nested-images columns-default is-cropped wp-block-gallery-1 is-layout-flex wp-block-gallery-is-layout-flex\" style=\"text-align: justify\">\n<figure class=\"wp-block-image size-large\"><img loading=\"lazy\" decoding=\"async\" class=\"wp-image-341954 entered lazyloaded\" src=\"https:\/\/cdn.deultimominuto.net\/wp-content\/uploads\/2024\/05\/WhatsApp-Image-2024-05-30-at-12.58.46-PM-1024x576.jpeg\" alt=\"\" width=\"1024\" height=\"576\" data-id=\"341954\" data-lazy-srcset=\"https:\/\/cdn.deultimominuto.net\/wp-content\/uploads\/2024\/05\/WhatsApp-Image-2024-05-30-at-12.58.46-PM-1024x576.jpeg 1024w, https:\/\/cdn.deultimominuto.net\/wp-content\/uploads\/2024\/05\/WhatsApp-Image-2024-05-30-at-12.58.46-PM-392x220.jpeg 392w, https:\/\/cdn.deultimominuto.net\/wp-content\/uploads\/2024\/05\/WhatsApp-Image-2024-05-30-at-12.58.46-PM-768x432.jpeg 768w, https:\/\/cdn.deultimominuto.net\/wp-content\/uploads\/2024\/05\/WhatsApp-Image-2024-05-30-at-12.58.46-PM-96x54.jpeg 96w, https:\/\/cdn.deultimominuto.net\/wp-content\/uploads\/2024\/05\/WhatsApp-Image-2024-05-30-at-12.58.46-PM-192x108.jpeg 192w, https:\/\/cdn.deultimominuto.net\/wp-content\/uploads\/2024\/05\/WhatsApp-Image-2024-05-30-at-12.58.46-PM-150x84.jpeg 150w, https:\/\/cdn.deultimominuto.net\/wp-content\/uploads\/2024\/05\/WhatsApp-Image-2024-05-30-at-12.58.46-PM-300x169.jpeg 300w, https:\/\/cdn.deultimominuto.net\/wp-content\/uploads\/2024\/05\/WhatsApp-Image-2024-05-30-at-12.58.46-PM-696x391.jpeg 696w, https:\/\/cdn.deultimominuto.net\/wp-content\/uploads\/2024\/05\/WhatsApp-Image-2024-05-30-at-12.58.46-PM.jpeg 1030w\" data-lazy-sizes=\"(max-width: 1024px) 100vw, 1024px\" data-lazy-src=\"https:\/\/cdn.deultimominuto.net\/wp-content\/uploads\/2024\/05\/WhatsApp-Image-2024-05-30-at-12.58.46-PM-1024x576.jpeg\" data-ll-status=\"loaded\" \/><\/figure>\n<figure class=\"wp-block-image size-large\"><img loading=\"lazy\" decoding=\"async\" class=\"wp-image-341955 entered lazyloaded\" src=\"https:\/\/cdn.deultimominuto.net\/wp-content\/uploads\/2024\/05\/WhatsApp-Image-2024-05-30-at-12.58.47-PM-1-1024x576.jpeg\" alt=\"\" width=\"1024\" height=\"576\" data-id=\"341955\" data-lazy-srcset=\"https:\/\/cdn.deultimominuto.net\/wp-content\/uploads\/2024\/05\/WhatsApp-Image-2024-05-30-at-12.58.47-PM-1-1024x576.jpeg 1024w, https:\/\/cdn.deultimominuto.net\/wp-content\/uploads\/2024\/05\/WhatsApp-Image-2024-05-30-at-12.58.47-PM-1-392x220.jpeg 392w, https:\/\/cdn.deultimominuto.net\/wp-content\/uploads\/2024\/05\/WhatsApp-Image-2024-05-30-at-12.58.47-PM-1-768x432.jpeg 768w, https:\/\/cdn.deultimominuto.net\/wp-content\/uploads\/2024\/05\/WhatsApp-Image-2024-05-30-at-12.58.47-PM-1-96x54.jpeg 96w, https:\/\/cdn.deultimominuto.net\/wp-content\/uploads\/2024\/05\/WhatsApp-Image-2024-05-30-at-12.58.47-PM-1-192x108.jpeg 192w, https:\/\/cdn.deultimominuto.net\/wp-content\/uploads\/2024\/05\/WhatsApp-Image-2024-05-30-at-12.58.47-PM-1-150x84.jpeg 150w, https:\/\/cdn.deultimominuto.net\/wp-content\/uploads\/2024\/05\/WhatsApp-Image-2024-05-30-at-12.58.47-PM-1-300x169.jpeg 300w, https:\/\/cdn.deultimominuto.net\/wp-content\/uploads\/2024\/05\/WhatsApp-Image-2024-05-30-at-12.58.47-PM-1-696x391.jpeg 696w, https:\/\/cdn.deultimominuto.net\/wp-content\/uploads\/2024\/05\/WhatsApp-Image-2024-05-30-at-12.58.47-PM-1.jpeg 1030w\" data-lazy-sizes=\"(max-width: 1024px) 100vw, 1024px\" data-lazy-src=\"https:\/\/cdn.deultimominuto.net\/wp-content\/uploads\/2024\/05\/WhatsApp-Image-2024-05-30-at-12.58.47-PM-1-1024x576.jpeg\" data-ll-status=\"loaded\" \/><\/figure>\n<\/figure>\n<p style=\"text-align: justify\">De igual modo, el presidente de la Fundaci\u00f3n H\u00e9roes del 30 de Mayo,<strong>\u00a0Roberto Garc\u00eda D\u00edaz<\/strong>, declar\u00f3 durante la actividad que vali\u00f3 la pena el sacrificio, pues hoy la ciudadan\u00eda cuenta con una Rep\u00fablica Dominicana democr\u00e1tica y libre.<\/p>\n<h4 id=\"h-alcaldesa-mejia-llama-a-recordar-a-los-heroes-de-esta-hazana\" class=\"wp-block-heading\" style=\"text-align: justify\"><strong>Alcaldesa Mej\u00eda llama a recordar a los h\u00e9roes de esta haza\u00f1a<\/strong><\/h4>\n<p style=\"text-align: justify\">Al culminar el acto, la\u00a0<strong>alcaldesa del Distrito Nacional, Carolina Mej\u00eda<\/strong>, manifest\u00f3 que el pueblo dominicano tiene el deber de recordar y honrar con sus acciones diarias, no solamente a los h\u00e9roes si no tambi\u00e9n a los h\u00e9roes de cada familia dominicana y llam\u00f3 a los servidores p\u00fablicos a ser \u00edntegros para continuar conmemorando la memorias de este hecho hist\u00f3rico.<\/p>\n<p style=\"text-align: justify\"><strong>Te puede interesar: <\/strong><a href=\"https:\/\/infoelnuevonorte.com\/?p=24293\">Un d\u00eda como hoy de 1961: Mataron el dictador Rafael Leonidas Trujillo<\/a><\/p>\n<p style=\"text-align: justify\">\u00abEste acto es propicio para que todos pensemos en que la forma de servirle a la patria es siendo \u00edntegros, es trabajando con amor, es dedicando nuestro mejor esfuerzo al beneficio colectivo, es hacer las cosas bien, con transparencia y esta celebraci\u00f3n hoy, para m\u00ed, tambi\u00e9n nos invita a eso\u00bb, afirm\u00f3 Mej\u00eda.<\/p>\n<p style=\"text-align: justify\">Durante el evento, se realizaron varios\u00a0<strong>reconocimiento p\u00f3stumo<\/strong>, entre ellos al doctor Robert Reid Cabral, y su esposa la doctora Ligia Fern\u00e1ndez de Reid y al doctor Eduardo D\u00edaz, expresidente de la Fundaci\u00f3n H\u00e9roes del 30 de Mayo.<\/p>\n<\/div>\n<\/div>\n<div class=\"td_block_wrap tdb_single_next_prev tdi_362 td-pb-border-top td_block_template_1\" style=\"text-align: justify\" data-td-block-uid=\"tdi_362\">\n<div class=\"tdb-block-inner td-fix-index\">\u00a0<\/div>\n<\/div>\n<div class=\"vc_row_inner tdi_364  vc_row vc_inner wpb_row td-pb-row\">\n<div class=\"vc_column_inner tdi_366  wpb_column vc_column_container tdc-inner-column td-pb-span12\">\n<div class=\"tdi_365_rand_style td-element-style\" style=\"text-align: justify\">\u00a0<\/div>\n<div class=\"vc_column-inner\">\n<div class=\"wpb_wrapper\">\n<div class=\"tdm_block td_block_wrap tdm_block_column_title tdi_367 tdm-content-horiz-left td-pb-border-top td_block_template_1\" data-td-block-uid=\"tdi_367\">\n<div class=\"td-block-row\">\n<div class=\"td-block-span12 tdm-col\">\n<div class=\"tds-title tds-title1 td-fix-index tdi_368 \">\u00a0<\/div>\n<\/div>\n<\/div>\n<\/div>\n<\/div>\n<\/div>\n<\/div>\n<\/div>\n<\/div>\n<\/div>\n<\/div>\n<\/div>\n<\/div>\n<\/div>\n<\/article>\n<\/div>\n<\/div>\n<\/div>\n<\/div>\n<div id=\"aswift_2_host\">\u00a0<\/div>\n<p>\u00a0<\/p>","protected":false},"excerpt":{"rendered":"<p>Santo Domingo. \u2013\u00a0La\u00a0Fundaci\u00f3n H\u00e9roes del 30 de Mayo\u00a0y la\u00a0Comisi\u00f3n Permanente de Efem\u00e9rides Patrias\u00a0conmemoraron este jueves el D\u00eda de la Libertad, instituido por el\u00a0presidente Luis Abinader\u00a0mediante el\u00a0decreto 335-21, d\u00eda que tambi\u00e9n se recuerda el\u00a0ajusticiamiento del dictador Rafael Leonidas Trujillo. En el solemne acto, realizado en el monumento a los H\u00e9roes del 30 de Mayo, el\u00a0presidente de [&hellip;]<\/p>\n","protected":false},"author":2,"featured_media":0,"comment_status":"closed","ping_status":"open","sticky":false,"template":"","format":"standard","meta":{"footnotes":""},"categories":[8],"tags":[],"yoast_head":"<!-- This site is optimized with the Yoast SEO plugin v24.5 - https:\/\/yoast.com\/wordpress\/plugins\/seo\/ -->\n<title>Fundaci\u00f3n H\u00e9roes del 30 de Mayo y Efem\u00e9rides Patrias conmemoran D\u00eda de la Libertad | El Nuevo Norte<\/title>\n<meta name=\"robots\" content=\"index, follow, max-snippet:-1, max-image-preview:large, max-video-preview:-1\" \/>\n<link rel=\"canonical\" href=\"https:\/\/infoelnuevonorte.com\/?p=24361\" \/>\n<meta property=\"og:locale\" content=\"es_ES\" \/>\n<meta property=\"og:type\" content=\"article\" \/>\n<meta property=\"og:title\" content=\"Fundaci\u00f3n H\u00e9roes del 30 de Mayo y Efem\u00e9rides Patrias conmemoran D\u00eda de la Libertad | El Nuevo Norte\" \/>\n<meta property=\"og:description\" content=\"Santo Domingo. \u2013\u00a0La\u00a0Fundaci\u00f3n H\u00e9roes del 30 de Mayo\u00a0y la\u00a0Comisi\u00f3n Permanente de Efem\u00e9rides Patrias\u00a0conmemoraron este jueves el D\u00eda de la Libertad, instituido por el\u00a0presidente Luis Abinader\u00a0mediante el\u00a0decreto 335-21, d\u00eda que tambi\u00e9n se recuerda el\u00a0ajusticiamiento del dictador Rafael Leonidas Trujillo. En el solemne acto, realizado en el monumento a los H\u00e9roes del 30 de Mayo, el\u00a0presidente de [&hellip;]\" \/>\n<meta property=\"og:url\" content=\"https:\/\/infoelnuevonorte.com\/?p=24361\" \/>\n<meta property=\"og:site_name\" content=\"El Nuevo Norte\" \/>\n<meta property=\"article:publisher\" content=\"https:\/\/www.facebook.com\/infoenn\" \/>\n<meta property=\"article:published_time\" content=\"2024-05-31T02:28:25+00:00\" \/>\n<meta property=\"article:modified_time\" content=\"2024-05-31T02:28:26+00:00\" \/>\n<meta property=\"og:image\" content=\"https:\/\/infoelnuevonorte.com\/wp-content\/uploads\/2024\/05\/WhatsApp-Image-2024-05-30-at-12.58.47-PM.png\" \/>\n\t<meta property=\"og:image:width\" content=\"1030\" \/>\n\t<meta property=\"og:image:height\" content=\"579\" \/>\n\t<meta property=\"og:image:type\" content=\"image\/png\" \/>\n<meta name=\"author\" content=\"T. R.\" \/>\n<meta name=\"twitter:card\" content=\"summary_large_image\" \/>\n<meta name=\"twitter:creator\" content=\"@Elnuevo_norte\" \/>\n<meta name=\"twitter:site\" content=\"@Elnuevo_norte\" \/>\n<meta name=\"twitter:label1\" content=\"Written by\" \/>\n\t<meta name=\"twitter:data1\" content=\"T. R.\" \/>\n\t<meta name=\"twitter:label2\" content=\"Est. reading time\" \/>\n\t<meta name=\"twitter:data2\" content=\"3 minutos\" \/>\n<script type=\"application\/ld+json\" class=\"yoast-schema-graph\">{\"@context\":\"https:\/\/schema.org\",\"@graph\":[{\"@type\":\"Article\",\"@id\":\"https:\/\/infoelnuevonorte.com\/?p=24361#article\",\"isPartOf\":{\"@id\":\"https:\/\/infoelnuevonorte.com\/?p=24361\"},\"author\":{\"name\":\"T. R.\",\"@id\":\"https:\/\/infoelnuevonorte.com\/#\/schema\/person\/3accb35eb55f55e96c492b52d085a403\"},\"headline\":\"Fundaci\u00f3n H\u00e9roes del 30 de Mayo y Efem\u00e9rides Patrias conmemoran D\u00eda de la Libertad\",\"datePublished\":\"2024-05-31T02:28:25+00:00\",\"dateModified\":\"2024-05-31T02:28:26+00:00\",\"mainEntityOfPage\":{\"@id\":\"https:\/\/infoelnuevonorte.com\/?p=24361\"},\"wordCount\":378,\"publisher\":{\"@id\":\"https:\/\/infoelnuevonorte.com\/#organization\"},\"image\":{\"@id\":\"https:\/\/infoelnuevonorte.com\/?p=24361#primaryimage\"},\"thumbnailUrl\":\"https:\/\/cdn.deultimominuto.net\/wp-content\/uploads\/2024\/05\/WhatsApp-Image-2024-05-30-at-12.58.46-PM-1024x576.jpeg\",\"articleSection\":[\"Nacionales\"],\"inLanguage\":\"es-DO\"},{\"@type\":\"WebPage\",\"@id\":\"https:\/\/infoelnuevonorte.com\/?p=24361\",\"url\":\"https:\/\/infoelnuevonorte.com\/?p=24361\",\"name\":\"Fundaci\u00f3n H\u00e9roes del 30 de Mayo y Efem\u00e9rides Patrias conmemoran D\u00eda de la Libertad | El Nuevo Norte\",\"isPartOf\":{\"@id\":\"https:\/\/infoelnuevonorte.com\/#website\"},\"primaryImageOfPage\":{\"@id\":\"https:\/\/infoelnuevonorte.com\/?p=24361#primaryimage\"},\"image\":{\"@id\":\"https:\/\/infoelnuevonorte.com\/?p=24361#primaryimage\"},\"thumbnailUrl\":\"https:\/\/cdn.deultimominuto.net\/wp-content\/uploads\/2024\/05\/WhatsApp-Image-2024-05-30-at-12.58.46-PM-1024x576.jpeg\",\"datePublished\":\"2024-05-31T02:28:25+00:00\",\"dateModified\":\"2024-05-31T02:28:26+00:00\",\"breadcrumb\":{\"@id\":\"https:\/\/infoelnuevonorte.com\/?p=24361#breadcrumb\"},\"inLanguage\":\"es-DO\",\"potentialAction\":[{\"@type\":\"ReadAction\",\"target\":[\"https:\/\/infoelnuevonorte.com\/?p=24361\"]}]},{\"@type\":\"ImageObject\",\"inLanguage\":\"es-DO\",\"@id\":\"https:\/\/infoelnuevonorte.com\/?p=24361#primaryimage\",\"url\":\"https:\/\/cdn.deultimominuto.net\/wp-content\/uploads\/2024\/05\/WhatsApp-Image-2024-05-30-at-12.58.46-PM-1024x576.jpeg\",\"contentUrl\":\"https:\/\/cdn.deultimominuto.net\/wp-content\/uploads\/2024\/05\/WhatsApp-Image-2024-05-30-at-12.58.46-PM-1024x576.jpeg\"},{\"@type\":\"BreadcrumbList\",\"@id\":\"https:\/\/infoelnuevonorte.com\/?p=24361#breadcrumb\",\"itemListElement\":[{\"@type\":\"ListItem\",\"position\":1,\"name\":\"Home\",\"item\":\"https:\/\/infoelnuevonorte.com\/\"},{\"@type\":\"ListItem\",\"position\":2,\"name\":\"Fundaci\u00f3n H\u00e9roes del 30 de Mayo y Efem\u00e9rides Patrias conmemoran D\u00eda de la Libertad\"}]},{\"@type\":\"WebSite\",\"@id\":\"https:\/\/infoelnuevonorte.com\/#website\",\"url\":\"https:\/\/infoelnuevonorte.com\/\",\"name\":\"InfoEnn\",\"description\":\"Tu Voz, tu Verdad, tu Diario!!!\",\"publisher\":{\"@id\":\"https:\/\/infoelnuevonorte.com\/#organization\"},\"alternateName\":\"El Nuevo Norte\",\"potentialAction\":[{\"@type\":\"SearchAction\",\"target\":{\"@type\":\"EntryPoint\",\"urlTemplate\":\"https:\/\/infoelnuevonorte.com\/?s={search_term_string}\"},\"query-input\":{\"@type\":\"PropertyValueSpecification\",\"valueRequired\":true,\"valueName\":\"search_term_string\"}}],\"inLanguage\":\"es-DO\"},{\"@type\":\"Organization\",\"@id\":\"https:\/\/infoelnuevonorte.com\/#organization\",\"name\":\"Info El Nuevo Norte\",\"alternateName\":\"El Nuevo Norte\",\"url\":\"https:\/\/infoelnuevonorte.com\/\",\"logo\":{\"@type\":\"ImageObject\",\"inLanguage\":\"es-DO\",\"@id\":\"https:\/\/infoelnuevonorte.com\/#\/schema\/logo\/image\/\",\"url\":\"https:\/\/infoelnuevonorte.com\/wp-content\/uploads\/2026\/02\/Logo-Info-enn-3d-20ani.jpeg\",\"contentUrl\":\"https:\/\/infoelnuevonorte.com\/wp-content\/uploads\/2026\/02\/Logo-Info-enn-3d-20ani.jpeg\",\"width\":2046,\"height\":736,\"caption\":\"Info El Nuevo Norte\"},\"image\":{\"@id\":\"https:\/\/infoelnuevonorte.com\/#\/schema\/logo\/image\/\"},\"sameAs\":[\"https:\/\/www.facebook.com\/infoenn\",\"https:\/\/x.com\/Elnuevo_norte\",\"https:\/\/www.instagram.com\/infoenn\",\"https:\/\/www.facebook.com\/ENNRD\"]},{\"@type\":\"Person\",\"@id\":\"https:\/\/infoelnuevonorte.com\/#\/schema\/person\/3accb35eb55f55e96c492b52d085a403\",\"name\":\"T. R.\",\"image\":{\"@type\":\"ImageObject\",\"inLanguage\":\"es-DO\",\"@id\":\"https:\/\/infoelnuevonorte.com\/#\/schema\/person\/image\/\",\"url\":\"https:\/\/secure.gravatar.com\/avatar\/40543a038bda97abdb765b1662e9677d?s=96&d=robohash&r=g\",\"contentUrl\":\"https:\/\/secure.gravatar.com\/avatar\/40543a038bda97abdb765b1662e9677d?s=96&d=robohash&r=g\",\"caption\":\"T. R.\"},\"url\":\"https:\/\/infoelnuevonorte.com\/?author=2\"}]}<\/script>\n<!-- \/ Yoast SEO plugin. -->","yoast_head_json":{"title":"Fundaci\u00f3n H\u00e9roes del 30 de Mayo y Efem\u00e9rides Patrias conmemoran D\u00eda de la Libertad | El Nuevo Norte","robots":{"index":"index","follow":"follow","max-snippet":"max-snippet:-1","max-image-preview":"max-image-preview:large","max-video-preview":"max-video-preview:-1"},"canonical":"https:\/\/infoelnuevonorte.com\/?p=24361","og_locale":"es_ES","og_type":"article","og_title":"Fundaci\u00f3n H\u00e9roes del 30 de Mayo y Efem\u00e9rides Patrias conmemoran D\u00eda de la Libertad | El Nuevo Norte","og_description":"Santo Domingo. \u2013\u00a0La\u00a0Fundaci\u00f3n H\u00e9roes del 30 de Mayo\u00a0y la\u00a0Comisi\u00f3n Permanente de Efem\u00e9rides Patrias\u00a0conmemoraron este jueves el D\u00eda de la Libertad, instituido por el\u00a0presidente Luis Abinader\u00a0mediante el\u00a0decreto 335-21, d\u00eda que tambi\u00e9n se recuerda el\u00a0ajusticiamiento del dictador Rafael Leonidas Trujillo. En el solemne acto, realizado en el monumento a los H\u00e9roes del 30 de Mayo, el\u00a0presidente de [&hellip;]","og_url":"https:\/\/infoelnuevonorte.com\/?p=24361","og_site_name":"El Nuevo Norte","article_publisher":"https:\/\/www.facebook.com\/infoenn","article_published_time":"2024-05-31T02:28:25+00:00","article_modified_time":"2024-05-31T02:28:26+00:00","og_image":[{"width":1030,"height":579,"url":"https:\/\/infoelnuevonorte.com\/wp-content\/uploads\/2024\/05\/WhatsApp-Image-2024-05-30-at-12.58.47-PM.png","type":"image\/png"}],"author":"T. R.","twitter_card":"summary_large_image","twitter_creator":"@Elnuevo_norte","twitter_site":"@Elnuevo_norte","twitter_misc":{"Written by":"T. R.","Est. reading time":"3 minutos"},"schema":{"@context":"https:\/\/schema.org","@graph":[{"@type":"Article","@id":"https:\/\/infoelnuevonorte.com\/?p=24361#article","isPartOf":{"@id":"https:\/\/infoelnuevonorte.com\/?p=24361"},"author":{"name":"T. R.","@id":"https:\/\/infoelnuevonorte.com\/#\/schema\/person\/3accb35eb55f55e96c492b52d085a403"},"headline":"Fundaci\u00f3n H\u00e9roes del 30 de Mayo y Efem\u00e9rides Patrias conmemoran D\u00eda de la Libertad","datePublished":"2024-05-31T02:28:25+00:00","dateModified":"2024-05-31T02:28:26+00:00","mainEntityOfPage":{"@id":"https:\/\/infoelnuevonorte.com\/?p=24361"},"wordCount":378,"publisher":{"@id":"https:\/\/infoelnuevonorte.com\/#organization"},"image":{"@id":"https:\/\/infoelnuevonorte.com\/?p=24361#primaryimage"},"thumbnailUrl":"https:\/\/cdn.deultimominuto.net\/wp-content\/uploads\/2024\/05\/WhatsApp-Image-2024-05-30-at-12.58.46-PM-1024x576.jpeg","articleSection":["Nacionales"],"inLanguage":"es-DO"},{"@type":"WebPage","@id":"https:\/\/infoelnuevonorte.com\/?p=24361","url":"https:\/\/infoelnuevonorte.com\/?p=24361","name":"Fundaci\u00f3n H\u00e9roes del 30 de Mayo y Efem\u00e9rides Patrias conmemoran D\u00eda de la Libertad | El Nuevo Norte","isPartOf":{"@id":"https:\/\/infoelnuevonorte.com\/#website"},"primaryImageOfPage":{"@id":"https:\/\/infoelnuevonorte.com\/?p=24361#primaryimage"},"image":{"@id":"https:\/\/infoelnuevonorte.com\/?p=24361#primaryimage"},"thumbnailUrl":"https:\/\/cdn.deultimominuto.net\/wp-content\/uploads\/2024\/05\/WhatsApp-Image-2024-05-30-at-12.58.46-PM-1024x576.jpeg","datePublished":"2024-05-31T02:28:25+00:00","dateModified":"2024-05-31T02:28:26+00:00","breadcrumb":{"@id":"https:\/\/infoelnuevonorte.com\/?p=24361#breadcrumb"},"inLanguage":"es-DO","potentialAction":[{"@type":"ReadAction","target":["https:\/\/infoelnuevonorte.com\/?p=24361"]}]},{"@type":"ImageObject","inLanguage":"es-DO","@id":"https:\/\/infoelnuevonorte.com\/?p=24361#primaryimage","url":"https:\/\/cdn.deultimominuto.net\/wp-content\/uploads\/2024\/05\/WhatsApp-Image-2024-05-30-at-12.58.46-PM-1024x576.jpeg","contentUrl":"https:\/\/cdn.deultimominuto.net\/wp-content\/uploads\/2024\/05\/WhatsApp-Image-2024-05-30-at-12.58.46-PM-1024x576.jpeg"},{"@type":"BreadcrumbList","@id":"https:\/\/infoelnuevonorte.com\/?p=24361#breadcrumb","itemListElement":[{"@type":"ListItem","position":1,"name":"Home","item":"https:\/\/infoelnuevonorte.com\/"},{"@type":"ListItem","position":2,"name":"Fundaci\u00f3n H\u00e9roes del 30 de Mayo y Efem\u00e9rides Patrias conmemoran D\u00eda de la Libertad"}]},{"@type":"WebSite","@id":"https:\/\/infoelnuevonorte.com\/#website","url":"https:\/\/infoelnuevonorte.com\/","name":"InfoEnn","description":"Tu Voz, tu Verdad, tu Diario!!!","publisher":{"@id":"https:\/\/infoelnuevonorte.com\/#organization"},"alternateName":"El Nuevo Norte","potentialAction":[{"@type":"SearchAction","target":{"@type":"EntryPoint","urlTemplate":"https:\/\/infoelnuevonorte.com\/?s={search_term_string}"},"query-input":{"@type":"PropertyValueSpecification","valueRequired":true,"valueName":"search_term_string"}}],"inLanguage":"es-DO"},{"@type":"Organization","@id":"https:\/\/infoelnuevonorte.com\/#organization","name":"Info El Nuevo Norte","alternateName":"El Nuevo Norte","url":"https:\/\/infoelnuevonorte.com\/","logo":{"@type":"ImageObject","inLanguage":"es-DO","@id":"https:\/\/infoelnuevonorte.com\/#\/schema\/logo\/image\/","url":"https:\/\/infoelnuevonorte.com\/wp-content\/uploads\/2026\/02\/Logo-Info-enn-3d-20ani.jpeg","contentUrl":"https:\/\/infoelnuevonorte.com\/wp-content\/uploads\/2026\/02\/Logo-Info-enn-3d-20ani.jpeg","width":2046,"height":736,"caption":"Info El Nuevo Norte"},"image":{"@id":"https:\/\/infoelnuevonorte.com\/#\/schema\/logo\/image\/"},"sameAs":["https:\/\/www.facebook.com\/infoenn","https:\/\/x.com\/Elnuevo_norte","https:\/\/www.instagram.com\/infoenn","https:\/\/www.facebook.com\/ENNRD"]},{"@type":"Person","@id":"https:\/\/infoelnuevonorte.com\/#\/schema\/person\/3accb35eb55f55e96c492b52d085a403","name":"T. R.","image":{"@type":"ImageObject","inLanguage":"es-DO","@id":"https:\/\/infoelnuevonorte.com\/#\/schema\/person\/image\/","url":"https:\/\/secure.gravatar.com\/avatar\/40543a038bda97abdb765b1662e9677d?s=96&d=robohash&r=g","contentUrl":"https:\/\/secure.gravatar.com\/avatar\/40543a038bda97abdb765b1662e9677d?s=96&d=robohash&r=g","caption":"T. R."},"url":"https:\/\/infoelnuevonorte.com\/?author=2"}]}},"_links":{"self":[{"href":"https:\/\/infoelnuevonorte.com\/index.php?rest_route=\/wp\/v2\/posts\/24361"}],"collection":[{"href":"https:\/\/infoelnuevonorte.com\/index.php?rest_route=\/wp\/v2\/posts"}],"about":[{"href":"https:\/\/infoelnuevonorte.com\/index.php?rest_route=\/wp\/v2\/types\/post"}],"author":[{"embeddable":true,"href":"https:\/\/infoelnuevonorte.com\/index.php?rest_route=\/wp\/v2\/users\/2"}],"replies":[{"embeddable":true,"href":"https:\/\/infoelnuevonorte.com\/index.php?rest_route=%2Fwp%2Fv2%2Fcomments&post=24361"}],"version-history":[{"count":0,"href":"https:\/\/infoelnuevonorte.com\/index.php?rest_route=\/wp\/v2\/posts\/24361\/revisions"}],"wp:attachment":[{"href":"https:\/\/infoelnuevonorte.com\/index.php?rest_route=%2Fwp%2Fv2%2Fmedia&parent=24361"}],"wp:term":[{"taxonomy":"category","embeddable":true,"href":"https:\/\/infoelnuevonorte.com\/index.php?rest_route=%2Fwp%2Fv2%2Fcategories&post=24361"},{"taxonomy":"post_tag","embeddable":true,"href":"https:\/\/infoelnuevonorte.com\/index.php?rest_route=%2Fwp%2Fv2%2Ftags&post=24361"}],"curies":[{"name":"wp","href":"https:\/\/api.w.org\/{rel}","templated":true}]}}