{"id":24512,"date":"2024-05-31T13:39:40","date_gmt":"2024-05-31T17:39:40","guid":{"rendered":"https:\/\/infoelnuevonorte.com\/?p=24512"},"modified":"2024-05-31T13:39:42","modified_gmt":"2024-05-31T17:39:42","slug":"mas-de-20-artistas-visuales-participan-en-segunda-exposicion-colectiva","status":"publish","type":"post","link":"https:\/\/infoelnuevonorte.com\/?p=24512","title":{"rendered":"M\u00e1s de 20 artistas visuales participan en segunda exposici\u00f3n colectiva"},"content":{"rendered":"\n<p><a href=\"https:\/\/deultimominuto.net\/category\/estilo\/\"><\/a><\/p>\n\n\n<div class=\"td_block_wrap tdb_single_content tdi_360 td-pb-border-top td_block_template_1 td-post-content tagdiv-type\" data-td-block-uid=\"tdi_360\">\n<div class=\"tdb-block-inner td-fix-index\">\n<!--[if lt IE 9]><script>document.createElement('audio');<\/script><![endif]-->\n<audio class=\"wp-audio-shortcode\" id=\"audio-24512-1\" preload=\"none\" style=\"width: 100%;\" controls=\"controls\"><source type=\"audio\/mpeg\" src=\"https:\/\/infoelnuevonorte.com\/wp-content\/uploads\/2024\/05\/ttsmaker-file-2024-5-31-13-38-10.mp3?_=1\" \/><a href=\"https:\/\/infoelnuevonorte.com\/wp-content\/uploads\/2024\/05\/ttsmaker-file-2024-5-31-13-38-10.mp3\">https:\/\/infoelnuevonorte.com\/wp-content\/uploads\/2024\/05\/ttsmaker-file-2024-5-31-13-38-10.mp3<\/a><\/audio>\n<p style=\"text-align: justify\">La Asociaci\u00f3n Dominicana de Artistas Visuales (ADAV), inaugur\u00f3 el pasado mi\u00e9rcoles su segunda exposici\u00f3n colectiva, en la galer\u00eda Bodden, cuyo acto busca dar a conocer a los artistas pl\u00e1sticos en las disciplinas correspondientes.<\/p>\n<p style=\"text-align: justify\">En la exposici\u00f3n participar\u00e1n artistas de la talla de Alejandro Asencio, Breilin Montero, Jos\u00e9 Demetrio Pe\u00f1a, Ginia Berrido Francisco S\u00e1nchez Guanabacoa, Marcos Guerra, Rosalba Hern\u00e1ndez, Patricia Gamundi, Pilar Asmar, Luis Heredia y Josefina Garrido junto a una veintena m\u00e1s de destacados artistas visuales que estar\u00e1n en la puesta para el p\u00fablico hasta mediados de junio de manera gratuita y abierta al p\u00fablico.<\/p>\n<p style=\"text-align: justify\">Sobre la exposici\u00f3n, Alescar Ortiz, secretario de la organizaci\u00f3n, inform\u00f3 que cada artista participante expondr\u00e1 obras de gran inter\u00e9s para el p\u00fablico, entre gr\u00e1ficas de pintura, grabados, esculturas, entre otras t\u00e9cnicas que destacan la creatividad y el arte contempor\u00e1neo dominicano.<\/p>\n<p style=\"text-align: justify\">Asimismo, manifest\u00f3 que el evento \u00abreafirma el compromiso de la asociaci\u00f3n de visibilizar a los artistas de las distintas disciplinas, adem\u00e1s, aborda el gremialismo con una visi\u00f3n actual en cuanto a la gesti\u00f3n colectiva\u201d.<\/p>\n<p style=\"text-align: justify\">Durante el periodo de la exposici\u00f3n, el representante de la entidad inform\u00f3 que se llevar\u00e1n a cabo visitas guiadas, que permitir\u00e1n una interacci\u00f3n m\u00e1s profunda con las obras y sus creadores.<\/p>\n<p style=\"text-align: justify\">De igual modo, destac\u00f3 que espera que los visitantes disfruten de la experiencia y se sientan inspirados por las obras reunidas por el gremio, dijo Ortiz.<\/p>\n<h2 id=\"h-sobre-adav\" class=\"wp-block-heading\" style=\"text-align: justify\"><strong>Sobre ADAV<\/strong><\/h2>\n<p style=\"text-align: justify\">La Asociaci\u00f3n Dominicana de Artistas Visuales es una organizaci\u00f3n sin fines de lucro, cuyo objetivo principal es acoger y representar a los profesionales del \u00e1mbito art\u00edstico nacional. Entre estos profesionales se encuentran: dibujantes, pintores, escultores, grabadistas, dise\u00f1adores gr\u00e1ficos, ilustradores, performers, instaladores, artistas digitales, video arte y otras disciplinas que se contemplan en las nuevas tendencias de la producci\u00f3n visual. El gremio integra artistas dominicanos presentes en el \u00e1mbito local e internacional.<\/p>\n<\/div>\n<\/div>","protected":false},"excerpt":{"rendered":"<p>La Asociaci\u00f3n Dominicana de Artistas Visuales (ADAV), inaugur\u00f3 el pasado mi\u00e9rcoles su segunda exposici\u00f3n colectiva, en la galer\u00eda Bodden, cuyo acto busca dar a conocer a los artistas pl\u00e1sticos en las disciplinas correspondientes. En la exposici\u00f3n participar\u00e1n artistas de la talla de Alejandro Asencio, Breilin Montero, Jos\u00e9 Demetrio Pe\u00f1a, Ginia Berrido Francisco S\u00e1nchez Guanabacoa, Marcos [&hellip;]<\/p>\n","protected":false},"author":2,"featured_media":0,"comment_status":"closed","ping_status":"open","sticky":false,"template":"","format":"standard","meta":{"footnotes":""},"categories":[11,12],"tags":[],"yoast_head":"<!-- This site is optimized with the Yoast SEO plugin v24.5 - https:\/\/yoast.com\/wordpress\/plugins\/seo\/ -->\n<title>M\u00e1s de 20 artistas visuales participan en segunda exposici\u00f3n colectiva | El Nuevo Norte<\/title>\n<meta name=\"robots\" content=\"index, follow, max-snippet:-1, max-image-preview:large, max-video-preview:-1\" \/>\n<link rel=\"canonical\" href=\"https:\/\/infoelnuevonorte.com\/?p=24512\" \/>\n<meta property=\"og:locale\" content=\"es_ES\" \/>\n<meta property=\"og:type\" content=\"article\" \/>\n<meta property=\"og:title\" content=\"M\u00e1s de 20 artistas visuales participan en segunda exposici\u00f3n colectiva | El Nuevo Norte\" \/>\n<meta property=\"og:description\" content=\"La Asociaci\u00f3n Dominicana de Artistas Visuales (ADAV), inaugur\u00f3 el pasado mi\u00e9rcoles su segunda exposici\u00f3n colectiva, en la galer\u00eda Bodden, cuyo acto busca dar a conocer a los artistas pl\u00e1sticos en las disciplinas correspondientes. En la exposici\u00f3n participar\u00e1n artistas de la talla de Alejandro Asencio, Breilin Montero, Jos\u00e9 Demetrio Pe\u00f1a, Ginia Berrido Francisco S\u00e1nchez Guanabacoa, Marcos [&hellip;]\" \/>\n<meta property=\"og:url\" content=\"https:\/\/infoelnuevonorte.com\/?p=24512\" \/>\n<meta property=\"og:site_name\" content=\"El Nuevo Norte\" \/>\n<meta property=\"article:publisher\" content=\"https:\/\/www.facebook.com\/infoenn\" \/>\n<meta property=\"article:published_time\" content=\"2024-05-31T17:39:40+00:00\" \/>\n<meta property=\"article:modified_time\" content=\"2024-05-31T17:39:42+00:00\" \/>\n<meta property=\"og:image\" content=\"https:\/\/infoelnuevonorte.com\/wp-content\/uploads\/2024\/05\/WhatsApp-Image-2024-05-31-at-12.29.51-PM.png\" \/>\n\t<meta property=\"og:image:width\" content=\"1030\" \/>\n\t<meta property=\"og:image:height\" content=\"579\" \/>\n\t<meta property=\"og:image:type\" content=\"image\/png\" \/>\n<meta name=\"author\" content=\"T. R.\" \/>\n<meta name=\"twitter:card\" content=\"summary_large_image\" \/>\n<meta name=\"twitter:creator\" content=\"@Elnuevo_norte\" \/>\n<meta name=\"twitter:site\" content=\"@Elnuevo_norte\" \/>\n<meta name=\"twitter:label1\" content=\"Written by\" \/>\n\t<meta name=\"twitter:data1\" content=\"T. R.\" \/>\n\t<meta name=\"twitter:label2\" content=\"Est. reading time\" \/>\n\t<meta name=\"twitter:data2\" content=\"2 minutos\" \/>\n<script type=\"application\/ld+json\" class=\"yoast-schema-graph\">{\"@context\":\"https:\/\/schema.org\",\"@graph\":[{\"@type\":\"Article\",\"@id\":\"https:\/\/infoelnuevonorte.com\/?p=24512#article\",\"isPartOf\":{\"@id\":\"https:\/\/infoelnuevonorte.com\/?p=24512\"},\"author\":{\"name\":\"T. R.\",\"@id\":\"https:\/\/infoelnuevonorte.com\/#\/schema\/person\/3accb35eb55f55e96c492b52d085a403\"},\"headline\":\"M\u00e1s de 20 artistas visuales participan en segunda exposici\u00f3n colectiva\",\"datePublished\":\"2024-05-31T17:39:40+00:00\",\"dateModified\":\"2024-05-31T17:39:42+00:00\",\"mainEntityOfPage\":{\"@id\":\"https:\/\/infoelnuevonorte.com\/?p=24512\"},\"wordCount\":361,\"publisher\":{\"@id\":\"https:\/\/infoelnuevonorte.com\/#organization\"},\"articleSection\":[\"Entretenimiento\",\"Musica &amp; Far\u00e1ndula\"],\"inLanguage\":\"es-DO\"},{\"@type\":\"WebPage\",\"@id\":\"https:\/\/infoelnuevonorte.com\/?p=24512\",\"url\":\"https:\/\/infoelnuevonorte.com\/?p=24512\",\"name\":\"M\u00e1s de 20 artistas visuales participan en segunda exposici\u00f3n colectiva | El Nuevo Norte\",\"isPartOf\":{\"@id\":\"https:\/\/infoelnuevonorte.com\/#website\"},\"datePublished\":\"2024-05-31T17:39:40+00:00\",\"dateModified\":\"2024-05-31T17:39:42+00:00\",\"breadcrumb\":{\"@id\":\"https:\/\/infoelnuevonorte.com\/?p=24512#breadcrumb\"},\"inLanguage\":\"es-DO\",\"potentialAction\":[{\"@type\":\"ReadAction\",\"target\":[\"https:\/\/infoelnuevonorte.com\/?p=24512\"]}]},{\"@type\":\"BreadcrumbList\",\"@id\":\"https:\/\/infoelnuevonorte.com\/?p=24512#breadcrumb\",\"itemListElement\":[{\"@type\":\"ListItem\",\"position\":1,\"name\":\"Home\",\"item\":\"https:\/\/infoelnuevonorte.com\/\"},{\"@type\":\"ListItem\",\"position\":2,\"name\":\"M\u00e1s de 20 artistas visuales participan en segunda exposici\u00f3n colectiva\"}]},{\"@type\":\"WebSite\",\"@id\":\"https:\/\/infoelnuevonorte.com\/#website\",\"url\":\"https:\/\/infoelnuevonorte.com\/\",\"name\":\"InfoEnn\",\"description\":\"Tu Voz, tu Verdad, tu Diario!!!\",\"publisher\":{\"@id\":\"https:\/\/infoelnuevonorte.com\/#organization\"},\"alternateName\":\"El Nuevo Norte\",\"potentialAction\":[{\"@type\":\"SearchAction\",\"target\":{\"@type\":\"EntryPoint\",\"urlTemplate\":\"https:\/\/infoelnuevonorte.com\/?s={search_term_string}\"},\"query-input\":{\"@type\":\"PropertyValueSpecification\",\"valueRequired\":true,\"valueName\":\"search_term_string\"}}],\"inLanguage\":\"es-DO\"},{\"@type\":\"Organization\",\"@id\":\"https:\/\/infoelnuevonorte.com\/#organization\",\"name\":\"Info El Nuevo Norte\",\"alternateName\":\"El Nuevo Norte\",\"url\":\"https:\/\/infoelnuevonorte.com\/\",\"logo\":{\"@type\":\"ImageObject\",\"inLanguage\":\"es-DO\",\"@id\":\"https:\/\/infoelnuevonorte.com\/#\/schema\/logo\/image\/\",\"url\":\"https:\/\/infoelnuevonorte.com\/wp-content\/uploads\/2026\/02\/Logo-Info-enn-3d-20ani.jpeg\",\"contentUrl\":\"https:\/\/infoelnuevonorte.com\/wp-content\/uploads\/2026\/02\/Logo-Info-enn-3d-20ani.jpeg\",\"width\":2046,\"height\":736,\"caption\":\"Info El Nuevo Norte\"},\"image\":{\"@id\":\"https:\/\/infoelnuevonorte.com\/#\/schema\/logo\/image\/\"},\"sameAs\":[\"https:\/\/www.facebook.com\/infoenn\",\"https:\/\/x.com\/Elnuevo_norte\",\"https:\/\/www.instagram.com\/infoenn\",\"https:\/\/www.facebook.com\/ENNRD\"]},{\"@type\":\"Person\",\"@id\":\"https:\/\/infoelnuevonorte.com\/#\/schema\/person\/3accb35eb55f55e96c492b52d085a403\",\"name\":\"T. R.\",\"image\":{\"@type\":\"ImageObject\",\"inLanguage\":\"es-DO\",\"@id\":\"https:\/\/infoelnuevonorte.com\/#\/schema\/person\/image\/\",\"url\":\"https:\/\/secure.gravatar.com\/avatar\/40543a038bda97abdb765b1662e9677d?s=96&d=robohash&r=g\",\"contentUrl\":\"https:\/\/secure.gravatar.com\/avatar\/40543a038bda97abdb765b1662e9677d?s=96&d=robohash&r=g\",\"caption\":\"T. R.\"},\"url\":\"https:\/\/infoelnuevonorte.com\/?author=2\"}]}<\/script>\n<!-- \/ Yoast SEO plugin. -->","yoast_head_json":{"title":"M\u00e1s de 20 artistas visuales participan en segunda exposici\u00f3n colectiva | El Nuevo Norte","robots":{"index":"index","follow":"follow","max-snippet":"max-snippet:-1","max-image-preview":"max-image-preview:large","max-video-preview":"max-video-preview:-1"},"canonical":"https:\/\/infoelnuevonorte.com\/?p=24512","og_locale":"es_ES","og_type":"article","og_title":"M\u00e1s de 20 artistas visuales participan en segunda exposici\u00f3n colectiva | El Nuevo Norte","og_description":"La Asociaci\u00f3n Dominicana de Artistas Visuales (ADAV), inaugur\u00f3 el pasado mi\u00e9rcoles su segunda exposici\u00f3n colectiva, en la galer\u00eda Bodden, cuyo acto busca dar a conocer a los artistas pl\u00e1sticos en las disciplinas correspondientes. En la exposici\u00f3n participar\u00e1n artistas de la talla de Alejandro Asencio, Breilin Montero, Jos\u00e9 Demetrio Pe\u00f1a, Ginia Berrido Francisco S\u00e1nchez Guanabacoa, Marcos [&hellip;]","og_url":"https:\/\/infoelnuevonorte.com\/?p=24512","og_site_name":"El Nuevo Norte","article_publisher":"https:\/\/www.facebook.com\/infoenn","article_published_time":"2024-05-31T17:39:40+00:00","article_modified_time":"2024-05-31T17:39:42+00:00","og_image":[{"width":1030,"height":579,"url":"https:\/\/infoelnuevonorte.com\/wp-content\/uploads\/2024\/05\/WhatsApp-Image-2024-05-31-at-12.29.51-PM.png","type":"image\/png"}],"author":"T. R.","twitter_card":"summary_large_image","twitter_creator":"@Elnuevo_norte","twitter_site":"@Elnuevo_norte","twitter_misc":{"Written by":"T. R.","Est. reading time":"2 minutos"},"schema":{"@context":"https:\/\/schema.org","@graph":[{"@type":"Article","@id":"https:\/\/infoelnuevonorte.com\/?p=24512#article","isPartOf":{"@id":"https:\/\/infoelnuevonorte.com\/?p=24512"},"author":{"name":"T. R.","@id":"https:\/\/infoelnuevonorte.com\/#\/schema\/person\/3accb35eb55f55e96c492b52d085a403"},"headline":"M\u00e1s de 20 artistas visuales participan en segunda exposici\u00f3n colectiva","datePublished":"2024-05-31T17:39:40+00:00","dateModified":"2024-05-31T17:39:42+00:00","mainEntityOfPage":{"@id":"https:\/\/infoelnuevonorte.com\/?p=24512"},"wordCount":361,"publisher":{"@id":"https:\/\/infoelnuevonorte.com\/#organization"},"articleSection":["Entretenimiento","Musica &amp; Far\u00e1ndula"],"inLanguage":"es-DO"},{"@type":"WebPage","@id":"https:\/\/infoelnuevonorte.com\/?p=24512","url":"https:\/\/infoelnuevonorte.com\/?p=24512","name":"M\u00e1s de 20 artistas visuales participan en segunda exposici\u00f3n colectiva | El Nuevo Norte","isPartOf":{"@id":"https:\/\/infoelnuevonorte.com\/#website"},"datePublished":"2024-05-31T17:39:40+00:00","dateModified":"2024-05-31T17:39:42+00:00","breadcrumb":{"@id":"https:\/\/infoelnuevonorte.com\/?p=24512#breadcrumb"},"inLanguage":"es-DO","potentialAction":[{"@type":"ReadAction","target":["https:\/\/infoelnuevonorte.com\/?p=24512"]}]},{"@type":"BreadcrumbList","@id":"https:\/\/infoelnuevonorte.com\/?p=24512#breadcrumb","itemListElement":[{"@type":"ListItem","position":1,"name":"Home","item":"https:\/\/infoelnuevonorte.com\/"},{"@type":"ListItem","position":2,"name":"M\u00e1s de 20 artistas visuales participan en segunda exposici\u00f3n colectiva"}]},{"@type":"WebSite","@id":"https:\/\/infoelnuevonorte.com\/#website","url":"https:\/\/infoelnuevonorte.com\/","name":"InfoEnn","description":"Tu Voz, tu Verdad, tu Diario!!!","publisher":{"@id":"https:\/\/infoelnuevonorte.com\/#organization"},"alternateName":"El Nuevo Norte","potentialAction":[{"@type":"SearchAction","target":{"@type":"EntryPoint","urlTemplate":"https:\/\/infoelnuevonorte.com\/?s={search_term_string}"},"query-input":{"@type":"PropertyValueSpecification","valueRequired":true,"valueName":"search_term_string"}}],"inLanguage":"es-DO"},{"@type":"Organization","@id":"https:\/\/infoelnuevonorte.com\/#organization","name":"Info El Nuevo Norte","alternateName":"El Nuevo Norte","url":"https:\/\/infoelnuevonorte.com\/","logo":{"@type":"ImageObject","inLanguage":"es-DO","@id":"https:\/\/infoelnuevonorte.com\/#\/schema\/logo\/image\/","url":"https:\/\/infoelnuevonorte.com\/wp-content\/uploads\/2026\/02\/Logo-Info-enn-3d-20ani.jpeg","contentUrl":"https:\/\/infoelnuevonorte.com\/wp-content\/uploads\/2026\/02\/Logo-Info-enn-3d-20ani.jpeg","width":2046,"height":736,"caption":"Info El Nuevo Norte"},"image":{"@id":"https:\/\/infoelnuevonorte.com\/#\/schema\/logo\/image\/"},"sameAs":["https:\/\/www.facebook.com\/infoenn","https:\/\/x.com\/Elnuevo_norte","https:\/\/www.instagram.com\/infoenn","https:\/\/www.facebook.com\/ENNRD"]},{"@type":"Person","@id":"https:\/\/infoelnuevonorte.com\/#\/schema\/person\/3accb35eb55f55e96c492b52d085a403","name":"T. R.","image":{"@type":"ImageObject","inLanguage":"es-DO","@id":"https:\/\/infoelnuevonorte.com\/#\/schema\/person\/image\/","url":"https:\/\/secure.gravatar.com\/avatar\/40543a038bda97abdb765b1662e9677d?s=96&d=robohash&r=g","contentUrl":"https:\/\/secure.gravatar.com\/avatar\/40543a038bda97abdb765b1662e9677d?s=96&d=robohash&r=g","caption":"T. R."},"url":"https:\/\/infoelnuevonorte.com\/?author=2"}]}},"_links":{"self":[{"href":"https:\/\/infoelnuevonorte.com\/index.php?rest_route=\/wp\/v2\/posts\/24512"}],"collection":[{"href":"https:\/\/infoelnuevonorte.com\/index.php?rest_route=\/wp\/v2\/posts"}],"about":[{"href":"https:\/\/infoelnuevonorte.com\/index.php?rest_route=\/wp\/v2\/types\/post"}],"author":[{"embeddable":true,"href":"https:\/\/infoelnuevonorte.com\/index.php?rest_route=\/wp\/v2\/users\/2"}],"replies":[{"embeddable":true,"href":"https:\/\/infoelnuevonorte.com\/index.php?rest_route=%2Fwp%2Fv2%2Fcomments&post=24512"}],"version-history":[{"count":0,"href":"https:\/\/infoelnuevonorte.com\/index.php?rest_route=\/wp\/v2\/posts\/24512\/revisions"}],"wp:attachment":[{"href":"https:\/\/infoelnuevonorte.com\/index.php?rest_route=%2Fwp%2Fv2%2Fmedia&parent=24512"}],"wp:term":[{"taxonomy":"category","embeddable":true,"href":"https:\/\/infoelnuevonorte.com\/index.php?rest_route=%2Fwp%2Fv2%2Fcategories&post=24512"},{"taxonomy":"post_tag","embeddable":true,"href":"https:\/\/infoelnuevonorte.com\/index.php?rest_route=%2Fwp%2Fv2%2Ftags&post=24512"}],"curies":[{"name":"wp","href":"https:\/\/api.w.org\/{rel}","templated":true}]}}