{"id":24679,"date":"2024-06-01T10:43:53","date_gmt":"2024-06-01T14:43:53","guid":{"rendered":"https:\/\/infoelnuevonorte.com\/?p=24679"},"modified":"2024-06-01T10:43:56","modified_gmt":"2024-06-01T14:43:56","slug":"rey-de-espana-confirma-asistira-a-toma-de-posesion-de-abinader","status":"publish","type":"post","link":"https:\/\/infoelnuevonorte.com\/?p=24679","title":{"rendered":"Rey de Espa\u00f1a confirma asistir\u00e1 a toma de posesi\u00f3n de Abinader"},"content":{"rendered":"<!--[if lt IE 9]><script>document.createElement('audio');<\/script><![endif]-->\n<audio class=\"wp-audio-shortcode\" id=\"audio-24679-1\" preload=\"none\" style=\"width: 100%;\" controls=\"controls\"><source type=\"audio\/mpeg\" src=\"https:\/\/infoelnuevonorte.com\/wp-content\/uploads\/2024\/06\/ttsmaker-file-2024-6-1-10-43-25.mp3?_=1\" \/><a href=\"https:\/\/infoelnuevonorte.com\/wp-content\/uploads\/2024\/06\/ttsmaker-file-2024-6-1-10-43-25.mp3\">https:\/\/infoelnuevonorte.com\/wp-content\/uploads\/2024\/06\/ttsmaker-file-2024-6-1-10-43-25.mp3<\/a><\/audio>\n<p style=\"text-align: justify;\">La vicepresidenta Raquel Pe\u00f1a anunci\u00f3 que <strong>el rey de Espa\u00f1a, Felipe VI, confirm\u00f3 su asistencia a los actos programados para el pr\u00f3ximo 16 de agosto<\/strong>, donde tomar\u00e1n posesi\u00f3n los reelectos presidente Luis Abinader y la vicepresidenta Pe\u00f1a, as\u00ed como los senadores y diputados electos el pasado 19 de mayo.<\/p>\n<p style=\"text-align: justify;\"><strong>Felipe VI arrib\u00f3 a la Rep\u00fablica Dominicana a las 11:00 de la ma\u00f1ana de este viernes<\/strong>. Durante la escala, la vicemandataria y el rey de Espa\u00f1a conversaron sobre la importancia de continuar fortaleciendo los lazos de fraternidad que unen a ambas naciones, as\u00ed como de seguir trabajando en favor del desarrollo y el bienestar mutuo.<\/p>\n<p style=\"text-align: justify;\">\u201cFue grato saludar, en nombre del Estado dominicano, a su majestad, el Rey de Espa\u00f1a, don Felipe VI, quien realiz\u00f3 una escala t\u00e9cnica durante su ruta internacional. Conversamos sobre la importancia de fortalecer a\u00fan m\u00e1s los lazos de hermandad que unen a nuestras naciones . Agradezco tambi\u00e9n a Su Majestad, por confirmar su asistencia a los actos programados para el 16 de agosto\u201d, dijo Pe\u00f1a en su cuenta de X.<\/p>\n<p style=\"text-align: justify;\">Es tradicional que el rey Felipe VI visite la Rep\u00fablica Dominicana con fines de atender a actos de inauguraci\u00f3n del Gobierno Central, gesto que tiene para con el pa\u00eds desde que ejerc\u00eda su t\u00edtulo y funciones como pr\u00edncipe de Asturias.<\/p>\n<p style=\"text-align: justify;\">\u201c<strong>Esta muestra de apoyo y disposici\u00f3n refuerza nuestro compromiso conjunto por impulsar relaciones s\u00f3lidas y beneficiosas entre nuestras naciones<\/strong>\u201c, manifest\u00f3 Raquel Pe\u00f1a al respecto.<\/p>\n<p style=\"text-align: justify;\">La visita del monarca se enmarca en su ruta internacional que tiene <strong>como destino final El Salvador para participar de la juramentaci\u00f3n de Nayib Bukele<\/strong> como presidente de la referida naci\u00f3n para el quinquenio 2024-2029.<\/p>\n<p style=\"text-align: justify;\">EL rey Felipe VI ten\u00eda prevista la pausa en el Aeropuerto Internacional de Las Am\u00e9ricas Dr. Jos\u00e9 Francisco Pe\u00f1a G\u00f3mez antes de reanudar su vuelo.<\/p>\n<p style=\"text-align: justify;\">Est\u00e1 no es la primera vez que autoridades internacionales hacen una pausa en Rep\u00fablica Dominicana, como fue el caso de la visita del presidente de Colombia, Gustavo Petro, en junio de 2023.<\/p>\n<p style=\"text-align: justify;\">Por otro lado, una delegaci\u00f3n dominicana tambi\u00e9n participar\u00e1 de la toma de posesi\u00f3n del presidente salvadore\u00f1o, la cual estar\u00e1 encabezada por el ministro de la Presidencia, Joel Santos Echavarr\u00eda.<\/p>\n","protected":false},"excerpt":{"rendered":"<p>La vicepresidenta Raquel Pe\u00f1a anunci\u00f3 que el rey de Espa\u00f1a, Felipe VI, confirm\u00f3 su asistencia a los actos programados para el pr\u00f3ximo 16 de agosto, donde tomar\u00e1n posesi\u00f3n los reelectos presidente Luis Abinader y la vicepresidenta Pe\u00f1a, as\u00ed como los senadores y diputados electos el pasado 19 de mayo. Felipe VI arrib\u00f3 a la Rep\u00fablica [&hellip;]<\/p>\n","protected":false},"author":1,"featured_media":0,"comment_status":"closed","ping_status":"open","sticky":false,"template":"","format":"standard","meta":{"footnotes":""},"categories":[8],"tags":[],"yoast_head":"<!-- This site is optimized with the Yoast SEO plugin v24.5 - https:\/\/yoast.com\/wordpress\/plugins\/seo\/ -->\n<title>Rey de Espa\u00f1a confirma asistir\u00e1 a toma de posesi\u00f3n de Abinader | El Nuevo Norte<\/title>\n<meta name=\"robots\" content=\"index, follow, max-snippet:-1, max-image-preview:large, max-video-preview:-1\" \/>\n<link rel=\"canonical\" href=\"https:\/\/infoelnuevonorte.com\/?p=24679\" \/>\n<meta property=\"og:locale\" content=\"es_ES\" \/>\n<meta property=\"og:type\" content=\"article\" \/>\n<meta property=\"og:title\" content=\"Rey de Espa\u00f1a confirma asistir\u00e1 a toma de posesi\u00f3n de Abinader | El Nuevo Norte\" \/>\n<meta property=\"og:description\" content=\"La vicepresidenta Raquel Pe\u00f1a anunci\u00f3 que el rey de Espa\u00f1a, Felipe VI, confirm\u00f3 su asistencia a los actos programados para el pr\u00f3ximo 16 de agosto, donde tomar\u00e1n posesi\u00f3n los reelectos presidente Luis Abinader y la vicepresidenta Pe\u00f1a, as\u00ed como los senadores y diputados electos el pasado 19 de mayo. Felipe VI arrib\u00f3 a la Rep\u00fablica [&hellip;]\" \/>\n<meta property=\"og:url\" content=\"https:\/\/infoelnuevonorte.com\/?p=24679\" \/>\n<meta property=\"og:site_name\" content=\"El Nuevo Norte\" \/>\n<meta property=\"article:publisher\" content=\"https:\/\/www.facebook.com\/infoenn\" \/>\n<meta property=\"article:published_time\" content=\"2024-06-01T14:43:53+00:00\" \/>\n<meta property=\"article:modified_time\" content=\"2024-06-01T14:43:56+00:00\" \/>\n<meta property=\"og:image\" content=\"https:\/\/infoelnuevonorte.com\/wp-content\/uploads\/2024\/06\/Rey-y-Vice-II-jpg.webp\" \/>\n\t<meta property=\"og:image:width\" content=\"510\" \/>\n\t<meta property=\"og:image:height\" content=\"468\" \/>\n\t<meta property=\"og:image:type\" content=\"image\/jpeg\" \/>\n<meta name=\"author\" content=\"InfoEnn\" \/>\n<meta name=\"twitter:card\" content=\"summary_large_image\" \/>\n<meta name=\"twitter:creator\" content=\"@Elnuevo_norte\" \/>\n<meta name=\"twitter:site\" content=\"@Elnuevo_norte\" \/>\n<meta name=\"twitter:label1\" content=\"Written by\" \/>\n\t<meta name=\"twitter:data1\" content=\"InfoEnn\" \/>\n\t<meta name=\"twitter:label2\" content=\"Est. reading time\" \/>\n\t<meta name=\"twitter:data2\" content=\"2 minutos\" \/>\n<script type=\"application\/ld+json\" class=\"yoast-schema-graph\">{\"@context\":\"https:\/\/schema.org\",\"@graph\":[{\"@type\":\"Article\",\"@id\":\"https:\/\/infoelnuevonorte.com\/?p=24679#article\",\"isPartOf\":{\"@id\":\"https:\/\/infoelnuevonorte.com\/?p=24679\"},\"author\":{\"name\":\"InfoEnn\",\"@id\":\"https:\/\/infoelnuevonorte.com\/#\/schema\/person\/fd4f6d90afe41260818b4ea94ad8ab84\"},\"headline\":\"Rey de Espa\u00f1a confirma asistir\u00e1 a toma de posesi\u00f3n de Abinader\",\"datePublished\":\"2024-06-01T14:43:53+00:00\",\"dateModified\":\"2024-06-01T14:43:56+00:00\",\"mainEntityOfPage\":{\"@id\":\"https:\/\/infoelnuevonorte.com\/?p=24679\"},\"wordCount\":417,\"publisher\":{\"@id\":\"https:\/\/infoelnuevonorte.com\/#organization\"},\"articleSection\":[\"Nacionales\"],\"inLanguage\":\"es-DO\"},{\"@type\":\"WebPage\",\"@id\":\"https:\/\/infoelnuevonorte.com\/?p=24679\",\"url\":\"https:\/\/infoelnuevonorte.com\/?p=24679\",\"name\":\"Rey de Espa\u00f1a confirma asistir\u00e1 a toma de posesi\u00f3n de Abinader | El Nuevo Norte\",\"isPartOf\":{\"@id\":\"https:\/\/infoelnuevonorte.com\/#website\"},\"datePublished\":\"2024-06-01T14:43:53+00:00\",\"dateModified\":\"2024-06-01T14:43:56+00:00\",\"breadcrumb\":{\"@id\":\"https:\/\/infoelnuevonorte.com\/?p=24679#breadcrumb\"},\"inLanguage\":\"es-DO\",\"potentialAction\":[{\"@type\":\"ReadAction\",\"target\":[\"https:\/\/infoelnuevonorte.com\/?p=24679\"]}]},{\"@type\":\"BreadcrumbList\",\"@id\":\"https:\/\/infoelnuevonorte.com\/?p=24679#breadcrumb\",\"itemListElement\":[{\"@type\":\"ListItem\",\"position\":1,\"name\":\"Home\",\"item\":\"https:\/\/infoelnuevonorte.com\/\"},{\"@type\":\"ListItem\",\"position\":2,\"name\":\"Rey de Espa\u00f1a confirma asistir\u00e1 a toma de posesi\u00f3n de Abinader\"}]},{\"@type\":\"WebSite\",\"@id\":\"https:\/\/infoelnuevonorte.com\/#website\",\"url\":\"https:\/\/infoelnuevonorte.com\/\",\"name\":\"InfoEnn\",\"description\":\"Tu Voz, tu Verdad, tu Diario!!!\",\"publisher\":{\"@id\":\"https:\/\/infoelnuevonorte.com\/#organization\"},\"alternateName\":\"El Nuevo Norte\",\"potentialAction\":[{\"@type\":\"SearchAction\",\"target\":{\"@type\":\"EntryPoint\",\"urlTemplate\":\"https:\/\/infoelnuevonorte.com\/?s={search_term_string}\"},\"query-input\":{\"@type\":\"PropertyValueSpecification\",\"valueRequired\":true,\"valueName\":\"search_term_string\"}}],\"inLanguage\":\"es-DO\"},{\"@type\":\"Organization\",\"@id\":\"https:\/\/infoelnuevonorte.com\/#organization\",\"name\":\"Info El Nuevo Norte\",\"alternateName\":\"El Nuevo Norte\",\"url\":\"https:\/\/infoelnuevonorte.com\/\",\"logo\":{\"@type\":\"ImageObject\",\"inLanguage\":\"es-DO\",\"@id\":\"https:\/\/infoelnuevonorte.com\/#\/schema\/logo\/image\/\",\"url\":\"https:\/\/infoelnuevonorte.com\/wp-content\/uploads\/2026\/02\/Logo-Info-enn-3d-20ani.jpeg\",\"contentUrl\":\"https:\/\/infoelnuevonorte.com\/wp-content\/uploads\/2026\/02\/Logo-Info-enn-3d-20ani.jpeg\",\"width\":2046,\"height\":736,\"caption\":\"Info El Nuevo Norte\"},\"image\":{\"@id\":\"https:\/\/infoelnuevonorte.com\/#\/schema\/logo\/image\/\"},\"sameAs\":[\"https:\/\/www.facebook.com\/infoenn\",\"https:\/\/x.com\/Elnuevo_norte\",\"https:\/\/www.instagram.com\/infoenn\",\"https:\/\/www.facebook.com\/ENNRD\"]},{\"@type\":\"Person\",\"@id\":\"https:\/\/infoelnuevonorte.com\/#\/schema\/person\/fd4f6d90afe41260818b4ea94ad8ab84\",\"name\":\"InfoEnn\",\"image\":{\"@type\":\"ImageObject\",\"inLanguage\":\"es-DO\",\"@id\":\"https:\/\/infoelnuevonorte.com\/#\/schema\/person\/image\/\",\"url\":\"https:\/\/secure.gravatar.com\/avatar\/d4d760a41a48ba9db0a82bfb63bb0783?s=96&d=robohash&r=g\",\"contentUrl\":\"https:\/\/secure.gravatar.com\/avatar\/d4d760a41a48ba9db0a82bfb63bb0783?s=96&d=robohash&r=g\",\"caption\":\"InfoEnn\"},\"sameAs\":[\"https:\/\/infoelnuevonorte.com\"],\"url\":\"https:\/\/infoelnuevonorte.com\/?author=1\"}]}<\/script>\n<!-- \/ Yoast SEO plugin. -->","yoast_head_json":{"title":"Rey de Espa\u00f1a confirma asistir\u00e1 a toma de posesi\u00f3n de Abinader | El Nuevo Norte","robots":{"index":"index","follow":"follow","max-snippet":"max-snippet:-1","max-image-preview":"max-image-preview:large","max-video-preview":"max-video-preview:-1"},"canonical":"https:\/\/infoelnuevonorte.com\/?p=24679","og_locale":"es_ES","og_type":"article","og_title":"Rey de Espa\u00f1a confirma asistir\u00e1 a toma de posesi\u00f3n de Abinader | El Nuevo Norte","og_description":"La vicepresidenta Raquel Pe\u00f1a anunci\u00f3 que el rey de Espa\u00f1a, Felipe VI, confirm\u00f3 su asistencia a los actos programados para el pr\u00f3ximo 16 de agosto, donde tomar\u00e1n posesi\u00f3n los reelectos presidente Luis Abinader y la vicepresidenta Pe\u00f1a, as\u00ed como los senadores y diputados electos el pasado 19 de mayo. Felipe VI arrib\u00f3 a la Rep\u00fablica [&hellip;]","og_url":"https:\/\/infoelnuevonorte.com\/?p=24679","og_site_name":"El Nuevo Norte","article_publisher":"https:\/\/www.facebook.com\/infoenn","article_published_time":"2024-06-01T14:43:53+00:00","article_modified_time":"2024-06-01T14:43:56+00:00","og_image":[{"width":510,"height":468,"url":"https:\/\/infoelnuevonorte.com\/wp-content\/uploads\/2024\/06\/Rey-y-Vice-II-jpg.webp","type":"image\/jpeg"}],"author":"InfoEnn","twitter_card":"summary_large_image","twitter_creator":"@Elnuevo_norte","twitter_site":"@Elnuevo_norte","twitter_misc":{"Written by":"InfoEnn","Est. reading time":"2 minutos"},"schema":{"@context":"https:\/\/schema.org","@graph":[{"@type":"Article","@id":"https:\/\/infoelnuevonorte.com\/?p=24679#article","isPartOf":{"@id":"https:\/\/infoelnuevonorte.com\/?p=24679"},"author":{"name":"InfoEnn","@id":"https:\/\/infoelnuevonorte.com\/#\/schema\/person\/fd4f6d90afe41260818b4ea94ad8ab84"},"headline":"Rey de Espa\u00f1a confirma asistir\u00e1 a toma de posesi\u00f3n de Abinader","datePublished":"2024-06-01T14:43:53+00:00","dateModified":"2024-06-01T14:43:56+00:00","mainEntityOfPage":{"@id":"https:\/\/infoelnuevonorte.com\/?p=24679"},"wordCount":417,"publisher":{"@id":"https:\/\/infoelnuevonorte.com\/#organization"},"articleSection":["Nacionales"],"inLanguage":"es-DO"},{"@type":"WebPage","@id":"https:\/\/infoelnuevonorte.com\/?p=24679","url":"https:\/\/infoelnuevonorte.com\/?p=24679","name":"Rey de Espa\u00f1a confirma asistir\u00e1 a toma de posesi\u00f3n de Abinader | El Nuevo Norte","isPartOf":{"@id":"https:\/\/infoelnuevonorte.com\/#website"},"datePublished":"2024-06-01T14:43:53+00:00","dateModified":"2024-06-01T14:43:56+00:00","breadcrumb":{"@id":"https:\/\/infoelnuevonorte.com\/?p=24679#breadcrumb"},"inLanguage":"es-DO","potentialAction":[{"@type":"ReadAction","target":["https:\/\/infoelnuevonorte.com\/?p=24679"]}]},{"@type":"BreadcrumbList","@id":"https:\/\/infoelnuevonorte.com\/?p=24679#breadcrumb","itemListElement":[{"@type":"ListItem","position":1,"name":"Home","item":"https:\/\/infoelnuevonorte.com\/"},{"@type":"ListItem","position":2,"name":"Rey de Espa\u00f1a confirma asistir\u00e1 a toma de posesi\u00f3n de Abinader"}]},{"@type":"WebSite","@id":"https:\/\/infoelnuevonorte.com\/#website","url":"https:\/\/infoelnuevonorte.com\/","name":"InfoEnn","description":"Tu Voz, tu Verdad, tu Diario!!!","publisher":{"@id":"https:\/\/infoelnuevonorte.com\/#organization"},"alternateName":"El Nuevo Norte","potentialAction":[{"@type":"SearchAction","target":{"@type":"EntryPoint","urlTemplate":"https:\/\/infoelnuevonorte.com\/?s={search_term_string}"},"query-input":{"@type":"PropertyValueSpecification","valueRequired":true,"valueName":"search_term_string"}}],"inLanguage":"es-DO"},{"@type":"Organization","@id":"https:\/\/infoelnuevonorte.com\/#organization","name":"Info El Nuevo Norte","alternateName":"El Nuevo Norte","url":"https:\/\/infoelnuevonorte.com\/","logo":{"@type":"ImageObject","inLanguage":"es-DO","@id":"https:\/\/infoelnuevonorte.com\/#\/schema\/logo\/image\/","url":"https:\/\/infoelnuevonorte.com\/wp-content\/uploads\/2026\/02\/Logo-Info-enn-3d-20ani.jpeg","contentUrl":"https:\/\/infoelnuevonorte.com\/wp-content\/uploads\/2026\/02\/Logo-Info-enn-3d-20ani.jpeg","width":2046,"height":736,"caption":"Info El Nuevo Norte"},"image":{"@id":"https:\/\/infoelnuevonorte.com\/#\/schema\/logo\/image\/"},"sameAs":["https:\/\/www.facebook.com\/infoenn","https:\/\/x.com\/Elnuevo_norte","https:\/\/www.instagram.com\/infoenn","https:\/\/www.facebook.com\/ENNRD"]},{"@type":"Person","@id":"https:\/\/infoelnuevonorte.com\/#\/schema\/person\/fd4f6d90afe41260818b4ea94ad8ab84","name":"InfoEnn","image":{"@type":"ImageObject","inLanguage":"es-DO","@id":"https:\/\/infoelnuevonorte.com\/#\/schema\/person\/image\/","url":"https:\/\/secure.gravatar.com\/avatar\/d4d760a41a48ba9db0a82bfb63bb0783?s=96&d=robohash&r=g","contentUrl":"https:\/\/secure.gravatar.com\/avatar\/d4d760a41a48ba9db0a82bfb63bb0783?s=96&d=robohash&r=g","caption":"InfoEnn"},"sameAs":["https:\/\/infoelnuevonorte.com"],"url":"https:\/\/infoelnuevonorte.com\/?author=1"}]}},"_links":{"self":[{"href":"https:\/\/infoelnuevonorte.com\/index.php?rest_route=\/wp\/v2\/posts\/24679"}],"collection":[{"href":"https:\/\/infoelnuevonorte.com\/index.php?rest_route=\/wp\/v2\/posts"}],"about":[{"href":"https:\/\/infoelnuevonorte.com\/index.php?rest_route=\/wp\/v2\/types\/post"}],"author":[{"embeddable":true,"href":"https:\/\/infoelnuevonorte.com\/index.php?rest_route=\/wp\/v2\/users\/1"}],"replies":[{"embeddable":true,"href":"https:\/\/infoelnuevonorte.com\/index.php?rest_route=%2Fwp%2Fv2%2Fcomments&post=24679"}],"version-history":[{"count":0,"href":"https:\/\/infoelnuevonorte.com\/index.php?rest_route=\/wp\/v2\/posts\/24679\/revisions"}],"wp:attachment":[{"href":"https:\/\/infoelnuevonorte.com\/index.php?rest_route=%2Fwp%2Fv2%2Fmedia&parent=24679"}],"wp:term":[{"taxonomy":"category","embeddable":true,"href":"https:\/\/infoelnuevonorte.com\/index.php?rest_route=%2Fwp%2Fv2%2Fcategories&post=24679"},{"taxonomy":"post_tag","embeddable":true,"href":"https:\/\/infoelnuevonorte.com\/index.php?rest_route=%2Fwp%2Fv2%2Ftags&post=24679"}],"curies":[{"name":"wp","href":"https:\/\/api.w.org\/{rel}","templated":true}]}}