{"id":25253,"date":"2024-06-03T18:21:50","date_gmt":"2024-06-03T22:21:50","guid":{"rendered":"https:\/\/infoelnuevonorte.com\/?p=25253"},"modified":"2024-06-03T18:21:52","modified_gmt":"2024-06-03T22:21:52","slug":"joel-santos-resalta-incremento-en-ejecuciones-de-ordenes-de-arresto","status":"publish","type":"post","link":"https:\/\/infoelnuevonorte.com\/?p=25253","title":{"rendered":"Joel Santos resalta incremento en ejecuciones de \u00f3rdenes de arresto"},"content":{"rendered":"\n<p><a href=\"https:\/\/deultimominuto.net\/category\/nacionales\/\"><\/a><\/p>\n\n\n<div class=\"td_block_wrap tdb_single_content tdi_360 td-pb-border-top td_block_template_1 td-post-content tagdiv-type\" data-td-block-uid=\"tdi_360\">\n<div class=\"tdb-block-inner td-fix-index\">\n<p style=\"text-align: justify\">Santo Domingo. \u2013 El ministro de la Presidencia Joel Santos resalt\u00f3 este lunes un incremento considerable de ejecuciones de \u00f3rdenes de arresto, acci\u00f3n que ha permitido un crecimiento en el trabajo policial para solucionar estos casos.<\/p>\n<p style=\"text-align: justify\">Santos manifest\u00f3 que el trabajo continuo de los efectivos ha recibido una resistencia en distintos sectores del pa\u00eds.<\/p>\n<p style=\"text-align: justify\">\u201cTambi\u00e9n hay que acotar dos variables de que ha habido un incremento de dos variables. Primero, la cantidad de ejecuci\u00f3n de \u00f3rdenes de arresto que ha realizado la Polic\u00eda Nacional y tambi\u00e9n la cantidad de delincuentes que se han entregado de manera voluntaria, lo cual refleja la primera intenci\u00f3n de la polic\u00eda nacional es producir el arresto\u201d, agreg\u00f3 el funcionario.<\/p>\n<p style=\"text-align: justify\">De igual manera, el ministro adelant\u00f3 que, en la reuni\u00f3n de seguimiento al Plan de Seguridad Ciudadana, que estuvo encabezada por el presidente Luis Abinader, se discutieron varios aspectos de la transformaci\u00f3n policial como los requerimientos de inversi\u00f3n para los pr\u00f3ximos 4 a\u00f1os.<\/p>\n<p style=\"text-align: justify\">\u201cPodemos destacar que las principales variables que tienen una participaci\u00f3n en estos presupuestos est\u00e1 la parte de infraestructura y debemos destacar una cantidad importante de cuarteles policiales que ser\u00e1n construidos en los pr\u00f3ximos 4 a\u00f1os, y que son claramente la cara de la polic\u00eda y la presencia de la polic\u00eda en las distintas regiones del pa\u00eds\u201d, asegur\u00f3 Santos.<\/p>\n<h2 id=\"h-sobre-el-porcentaje-de-homicidios\" class=\"wp-block-heading\" style=\"text-align: justify\"><strong>Sobre el porcentaje de homicidios<\/strong><\/h2>\n<p style=\"text-align: justify\">Como cada lunes, el ministro de la Presidencia resalt\u00f3 las cifras de homicidio por cada 100 mil habitantes que, en los \u00faltimos tres meses, es decir los meses de marzo, abril y mayo, ha marcado el porcentaje de un d\u00edgito, presentando el mes de mayo un acumulado con 9.07%.<\/p>\n<p style=\"text-align: justify\">\u201cY obviamente todo lo que permiti\u00f3 alcanzar la cifra acumulada en t\u00e9rminos del n\u00famero de homicidios, estamos en 14.8% de manera acumulada por debajo del a\u00f1o pasado, es decir, el mes de mayo comparado con el mes de mayo del a\u00f1o pasado una reducci\u00f3n del 20.8%. En lo referente a los heridos tenemos que el mes de mayo, es decir, mayo contra mayo fue de un 27% menos de heridos que en mayo del a\u00f1o pasado. Si hablamos de robos tenemos que el mes de mayo en s\u00ed present\u00f3 una reducci\u00f3n de este mes de mayo versus el mes de mayo del a\u00f1o pasado del 17.2%. Y si lo miramos de manera acumulada enero mayo la reducci\u00f3n es del 8.2% es decir, las principales variables todas est\u00e1n a la baja en los referentes a los indicadores de criminalidad\u201d, apunt\u00f3.<\/p>\n<p style=\"text-align: justify\">La reuni\u00f3n de seguimiento al Plan de la Seguridad Ciudadana inici\u00f3 a las 10:30 de la ma\u00f1ana, en el Sal\u00f3n del Club de Oficiales del Palacio de la Polic\u00eda Nacional, donde se contin\u00faan evaluando las tareas asignadas, logros obtenidos y las medidas para para fortalecer la seguridad en el pa\u00eds.<\/p>\n<\/div>\n<\/div>\n<div class=\"td_block_wrap tdb_single_tags tdi_361 td-pb-border-top td_block_template_1\" style=\"text-align: justify\" data-td-block-uid=\"tdi_361\">\u00a0<\/div>","protected":false},"excerpt":{"rendered":"<p>Santo Domingo. \u2013 El ministro de la Presidencia Joel Santos resalt\u00f3 este lunes un incremento considerable de ejecuciones de \u00f3rdenes de arresto, acci\u00f3n que ha permitido un crecimiento en el trabajo policial para solucionar estos casos. Santos manifest\u00f3 que el trabajo continuo de los efectivos ha recibido una resistencia en distintos sectores del pa\u00eds. \u201cTambi\u00e9n [&hellip;]<\/p>\n","protected":false},"author":2,"featured_media":0,"comment_status":"closed","ping_status":"open","sticky":false,"template":"","format":"standard","meta":{"footnotes":""},"categories":[8],"tags":[],"yoast_head":"<!-- This site is optimized with the Yoast SEO plugin v24.5 - https:\/\/yoast.com\/wordpress\/plugins\/seo\/ -->\n<title>Joel Santos resalta incremento en ejecuciones de \u00f3rdenes de arresto | El Nuevo Norte<\/title>\n<meta name=\"robots\" content=\"index, follow, max-snippet:-1, max-image-preview:large, max-video-preview:-1\" \/>\n<link rel=\"canonical\" href=\"https:\/\/infoelnuevonorte.com\/?p=25253\" \/>\n<meta property=\"og:locale\" content=\"es_ES\" \/>\n<meta property=\"og:type\" content=\"article\" \/>\n<meta property=\"og:title\" content=\"Joel Santos resalta incremento en ejecuciones de \u00f3rdenes de arresto | El Nuevo Norte\" \/>\n<meta property=\"og:description\" content=\"Santo Domingo. \u2013 El ministro de la Presidencia Joel Santos resalt\u00f3 este lunes un incremento considerable de ejecuciones de \u00f3rdenes de arresto, acci\u00f3n que ha permitido un crecimiento en el trabajo policial para solucionar estos casos. Santos manifest\u00f3 que el trabajo continuo de los efectivos ha recibido una resistencia en distintos sectores del pa\u00eds. \u201cTambi\u00e9n [&hellip;]\" \/>\n<meta property=\"og:url\" content=\"https:\/\/infoelnuevonorte.com\/?p=25253\" \/>\n<meta property=\"og:site_name\" content=\"El Nuevo Norte\" \/>\n<meta property=\"article:publisher\" content=\"https:\/\/www.facebook.com\/infoenn\" \/>\n<meta property=\"article:published_time\" content=\"2024-06-03T22:21:50+00:00\" \/>\n<meta property=\"article:modified_time\" content=\"2024-06-03T22:21:52+00:00\" \/>\n<meta property=\"og:image\" content=\"https:\/\/infoelnuevonorte.com\/wp-content\/uploads\/2024\/06\/WhatsApp-Image-2024-06-03-at-2.05.12-PM.png\" \/>\n\t<meta property=\"og:image:width\" content=\"1030\" \/>\n\t<meta property=\"og:image:height\" content=\"579\" \/>\n\t<meta property=\"og:image:type\" content=\"image\/png\" \/>\n<meta name=\"author\" content=\"T. R.\" \/>\n<meta name=\"twitter:card\" content=\"summary_large_image\" \/>\n<meta name=\"twitter:creator\" content=\"@Elnuevo_norte\" \/>\n<meta name=\"twitter:site\" content=\"@Elnuevo_norte\" \/>\n<meta name=\"twitter:label1\" content=\"Written by\" \/>\n\t<meta name=\"twitter:data1\" content=\"T. R.\" \/>\n\t<meta name=\"twitter:label2\" content=\"Est. reading time\" \/>\n\t<meta name=\"twitter:data2\" content=\"3 minutos\" \/>\n<script type=\"application\/ld+json\" class=\"yoast-schema-graph\">{\"@context\":\"https:\/\/schema.org\",\"@graph\":[{\"@type\":\"Article\",\"@id\":\"https:\/\/infoelnuevonorte.com\/?p=25253#article\",\"isPartOf\":{\"@id\":\"https:\/\/infoelnuevonorte.com\/?p=25253\"},\"author\":{\"name\":\"T. R.\",\"@id\":\"https:\/\/infoelnuevonorte.com\/#\/schema\/person\/3accb35eb55f55e96c492b52d085a403\"},\"headline\":\"Joel Santos resalta incremento en ejecuciones de \u00f3rdenes de arresto\",\"datePublished\":\"2024-06-03T22:21:50+00:00\",\"dateModified\":\"2024-06-03T22:21:52+00:00\",\"mainEntityOfPage\":{\"@id\":\"https:\/\/infoelnuevonorte.com\/?p=25253\"},\"wordCount\":494,\"publisher\":{\"@id\":\"https:\/\/infoelnuevonorte.com\/#organization\"},\"articleSection\":[\"Nacionales\"],\"inLanguage\":\"es-DO\"},{\"@type\":\"WebPage\",\"@id\":\"https:\/\/infoelnuevonorte.com\/?p=25253\",\"url\":\"https:\/\/infoelnuevonorte.com\/?p=25253\",\"name\":\"Joel Santos resalta incremento en ejecuciones de \u00f3rdenes de arresto | El Nuevo Norte\",\"isPartOf\":{\"@id\":\"https:\/\/infoelnuevonorte.com\/#website\"},\"datePublished\":\"2024-06-03T22:21:50+00:00\",\"dateModified\":\"2024-06-03T22:21:52+00:00\",\"breadcrumb\":{\"@id\":\"https:\/\/infoelnuevonorte.com\/?p=25253#breadcrumb\"},\"inLanguage\":\"es-DO\",\"potentialAction\":[{\"@type\":\"ReadAction\",\"target\":[\"https:\/\/infoelnuevonorte.com\/?p=25253\"]}]},{\"@type\":\"BreadcrumbList\",\"@id\":\"https:\/\/infoelnuevonorte.com\/?p=25253#breadcrumb\",\"itemListElement\":[{\"@type\":\"ListItem\",\"position\":1,\"name\":\"Home\",\"item\":\"https:\/\/infoelnuevonorte.com\/\"},{\"@type\":\"ListItem\",\"position\":2,\"name\":\"Joel Santos resalta incremento en ejecuciones de \u00f3rdenes de arresto\"}]},{\"@type\":\"WebSite\",\"@id\":\"https:\/\/infoelnuevonorte.com\/#website\",\"url\":\"https:\/\/infoelnuevonorte.com\/\",\"name\":\"InfoEnn\",\"description\":\"Tu Voz, tu Verdad, tu Diario!!!\",\"publisher\":{\"@id\":\"https:\/\/infoelnuevonorte.com\/#organization\"},\"alternateName\":\"El Nuevo Norte\",\"potentialAction\":[{\"@type\":\"SearchAction\",\"target\":{\"@type\":\"EntryPoint\",\"urlTemplate\":\"https:\/\/infoelnuevonorte.com\/?s={search_term_string}\"},\"query-input\":{\"@type\":\"PropertyValueSpecification\",\"valueRequired\":true,\"valueName\":\"search_term_string\"}}],\"inLanguage\":\"es-DO\"},{\"@type\":\"Organization\",\"@id\":\"https:\/\/infoelnuevonorte.com\/#organization\",\"name\":\"Info El Nuevo Norte\",\"alternateName\":\"El Nuevo Norte\",\"url\":\"https:\/\/infoelnuevonorte.com\/\",\"logo\":{\"@type\":\"ImageObject\",\"inLanguage\":\"es-DO\",\"@id\":\"https:\/\/infoelnuevonorte.com\/#\/schema\/logo\/image\/\",\"url\":\"https:\/\/infoelnuevonorte.com\/wp-content\/uploads\/2026\/02\/Logo-Info-enn-3d-20ani.jpeg\",\"contentUrl\":\"https:\/\/infoelnuevonorte.com\/wp-content\/uploads\/2026\/02\/Logo-Info-enn-3d-20ani.jpeg\",\"width\":2046,\"height\":736,\"caption\":\"Info El Nuevo Norte\"},\"image\":{\"@id\":\"https:\/\/infoelnuevonorte.com\/#\/schema\/logo\/image\/\"},\"sameAs\":[\"https:\/\/www.facebook.com\/infoenn\",\"https:\/\/x.com\/Elnuevo_norte\",\"https:\/\/www.instagram.com\/infoenn\",\"https:\/\/www.facebook.com\/ENNRD\"]},{\"@type\":\"Person\",\"@id\":\"https:\/\/infoelnuevonorte.com\/#\/schema\/person\/3accb35eb55f55e96c492b52d085a403\",\"name\":\"T. R.\",\"image\":{\"@type\":\"ImageObject\",\"inLanguage\":\"es-DO\",\"@id\":\"https:\/\/infoelnuevonorte.com\/#\/schema\/person\/image\/\",\"url\":\"https:\/\/secure.gravatar.com\/avatar\/40543a038bda97abdb765b1662e9677d?s=96&d=robohash&r=g\",\"contentUrl\":\"https:\/\/secure.gravatar.com\/avatar\/40543a038bda97abdb765b1662e9677d?s=96&d=robohash&r=g\",\"caption\":\"T. R.\"},\"url\":\"https:\/\/infoelnuevonorte.com\/?author=2\"}]}<\/script>\n<!-- \/ Yoast SEO plugin. -->","yoast_head_json":{"title":"Joel Santos resalta incremento en ejecuciones de \u00f3rdenes de arresto | El Nuevo Norte","robots":{"index":"index","follow":"follow","max-snippet":"max-snippet:-1","max-image-preview":"max-image-preview:large","max-video-preview":"max-video-preview:-1"},"canonical":"https:\/\/infoelnuevonorte.com\/?p=25253","og_locale":"es_ES","og_type":"article","og_title":"Joel Santos resalta incremento en ejecuciones de \u00f3rdenes de arresto | El Nuevo Norte","og_description":"Santo Domingo. \u2013 El ministro de la Presidencia Joel Santos resalt\u00f3 este lunes un incremento considerable de ejecuciones de \u00f3rdenes de arresto, acci\u00f3n que ha permitido un crecimiento en el trabajo policial para solucionar estos casos. Santos manifest\u00f3 que el trabajo continuo de los efectivos ha recibido una resistencia en distintos sectores del pa\u00eds. \u201cTambi\u00e9n [&hellip;]","og_url":"https:\/\/infoelnuevonorte.com\/?p=25253","og_site_name":"El Nuevo Norte","article_publisher":"https:\/\/www.facebook.com\/infoenn","article_published_time":"2024-06-03T22:21:50+00:00","article_modified_time":"2024-06-03T22:21:52+00:00","og_image":[{"width":1030,"height":579,"url":"https:\/\/infoelnuevonorte.com\/wp-content\/uploads\/2024\/06\/WhatsApp-Image-2024-06-03-at-2.05.12-PM.png","type":"image\/png"}],"author":"T. R.","twitter_card":"summary_large_image","twitter_creator":"@Elnuevo_norte","twitter_site":"@Elnuevo_norte","twitter_misc":{"Written by":"T. R.","Est. reading time":"3 minutos"},"schema":{"@context":"https:\/\/schema.org","@graph":[{"@type":"Article","@id":"https:\/\/infoelnuevonorte.com\/?p=25253#article","isPartOf":{"@id":"https:\/\/infoelnuevonorte.com\/?p=25253"},"author":{"name":"T. R.","@id":"https:\/\/infoelnuevonorte.com\/#\/schema\/person\/3accb35eb55f55e96c492b52d085a403"},"headline":"Joel Santos resalta incremento en ejecuciones de \u00f3rdenes de arresto","datePublished":"2024-06-03T22:21:50+00:00","dateModified":"2024-06-03T22:21:52+00:00","mainEntityOfPage":{"@id":"https:\/\/infoelnuevonorte.com\/?p=25253"},"wordCount":494,"publisher":{"@id":"https:\/\/infoelnuevonorte.com\/#organization"},"articleSection":["Nacionales"],"inLanguage":"es-DO"},{"@type":"WebPage","@id":"https:\/\/infoelnuevonorte.com\/?p=25253","url":"https:\/\/infoelnuevonorte.com\/?p=25253","name":"Joel Santos resalta incremento en ejecuciones de \u00f3rdenes de arresto | El Nuevo Norte","isPartOf":{"@id":"https:\/\/infoelnuevonorte.com\/#website"},"datePublished":"2024-06-03T22:21:50+00:00","dateModified":"2024-06-03T22:21:52+00:00","breadcrumb":{"@id":"https:\/\/infoelnuevonorte.com\/?p=25253#breadcrumb"},"inLanguage":"es-DO","potentialAction":[{"@type":"ReadAction","target":["https:\/\/infoelnuevonorte.com\/?p=25253"]}]},{"@type":"BreadcrumbList","@id":"https:\/\/infoelnuevonorte.com\/?p=25253#breadcrumb","itemListElement":[{"@type":"ListItem","position":1,"name":"Home","item":"https:\/\/infoelnuevonorte.com\/"},{"@type":"ListItem","position":2,"name":"Joel Santos resalta incremento en ejecuciones de \u00f3rdenes de arresto"}]},{"@type":"WebSite","@id":"https:\/\/infoelnuevonorte.com\/#website","url":"https:\/\/infoelnuevonorte.com\/","name":"InfoEnn","description":"Tu Voz, tu Verdad, tu Diario!!!","publisher":{"@id":"https:\/\/infoelnuevonorte.com\/#organization"},"alternateName":"El Nuevo Norte","potentialAction":[{"@type":"SearchAction","target":{"@type":"EntryPoint","urlTemplate":"https:\/\/infoelnuevonorte.com\/?s={search_term_string}"},"query-input":{"@type":"PropertyValueSpecification","valueRequired":true,"valueName":"search_term_string"}}],"inLanguage":"es-DO"},{"@type":"Organization","@id":"https:\/\/infoelnuevonorte.com\/#organization","name":"Info El Nuevo Norte","alternateName":"El Nuevo Norte","url":"https:\/\/infoelnuevonorte.com\/","logo":{"@type":"ImageObject","inLanguage":"es-DO","@id":"https:\/\/infoelnuevonorte.com\/#\/schema\/logo\/image\/","url":"https:\/\/infoelnuevonorte.com\/wp-content\/uploads\/2026\/02\/Logo-Info-enn-3d-20ani.jpeg","contentUrl":"https:\/\/infoelnuevonorte.com\/wp-content\/uploads\/2026\/02\/Logo-Info-enn-3d-20ani.jpeg","width":2046,"height":736,"caption":"Info El Nuevo Norte"},"image":{"@id":"https:\/\/infoelnuevonorte.com\/#\/schema\/logo\/image\/"},"sameAs":["https:\/\/www.facebook.com\/infoenn","https:\/\/x.com\/Elnuevo_norte","https:\/\/www.instagram.com\/infoenn","https:\/\/www.facebook.com\/ENNRD"]},{"@type":"Person","@id":"https:\/\/infoelnuevonorte.com\/#\/schema\/person\/3accb35eb55f55e96c492b52d085a403","name":"T. R.","image":{"@type":"ImageObject","inLanguage":"es-DO","@id":"https:\/\/infoelnuevonorte.com\/#\/schema\/person\/image\/","url":"https:\/\/secure.gravatar.com\/avatar\/40543a038bda97abdb765b1662e9677d?s=96&d=robohash&r=g","contentUrl":"https:\/\/secure.gravatar.com\/avatar\/40543a038bda97abdb765b1662e9677d?s=96&d=robohash&r=g","caption":"T. R."},"url":"https:\/\/infoelnuevonorte.com\/?author=2"}]}},"_links":{"self":[{"href":"https:\/\/infoelnuevonorte.com\/index.php?rest_route=\/wp\/v2\/posts\/25253"}],"collection":[{"href":"https:\/\/infoelnuevonorte.com\/index.php?rest_route=\/wp\/v2\/posts"}],"about":[{"href":"https:\/\/infoelnuevonorte.com\/index.php?rest_route=\/wp\/v2\/types\/post"}],"author":[{"embeddable":true,"href":"https:\/\/infoelnuevonorte.com\/index.php?rest_route=\/wp\/v2\/users\/2"}],"replies":[{"embeddable":true,"href":"https:\/\/infoelnuevonorte.com\/index.php?rest_route=%2Fwp%2Fv2%2Fcomments&post=25253"}],"version-history":[{"count":0,"href":"https:\/\/infoelnuevonorte.com\/index.php?rest_route=\/wp\/v2\/posts\/25253\/revisions"}],"wp:attachment":[{"href":"https:\/\/infoelnuevonorte.com\/index.php?rest_route=%2Fwp%2Fv2%2Fmedia&parent=25253"}],"wp:term":[{"taxonomy":"category","embeddable":true,"href":"https:\/\/infoelnuevonorte.com\/index.php?rest_route=%2Fwp%2Fv2%2Fcategories&post=25253"},{"taxonomy":"post_tag","embeddable":true,"href":"https:\/\/infoelnuevonorte.com\/index.php?rest_route=%2Fwp%2Fv2%2Ftags&post=25253"}],"curies":[{"name":"wp","href":"https:\/\/api.w.org\/{rel}","templated":true}]}}