{"id":25413,"date":"2024-06-05T06:21:14","date_gmt":"2024-06-05T10:21:14","guid":{"rendered":"https:\/\/infoelnuevonorte.com\/?p=25413"},"modified":"2024-06-05T06:21:16","modified_gmt":"2024-06-05T10:21:16","slug":"juez-deja-en-estado-de-fallo-el-pedido-de-jucio-de-fondo-a-jean-alain","status":"publish","type":"post","link":"https:\/\/infoelnuevonorte.com\/?p=25413","title":{"rendered":"Juez deja en estado de fallo el pedido de jucio de fondo a Jean Alain"},"content":{"rendered":"<div class=\"content\">\n<div class=\"moz-reader-content reader-show-element\">\n<div id=\"readability-page-1\" class=\"page\">\n<div data-mrf-recirculation=\"Cuerpo Detalle\">\n<!--[if lt IE 9]><script>document.createElement('audio');<\/script><![endif]-->\n<audio class=\"wp-audio-shortcode\" id=\"audio-25413-1\" preload=\"none\" style=\"width: 100%;\" controls=\"controls\"><source type=\"audio\/mpeg\" src=\"https:\/\/infoelnuevonorte.com\/wp-content\/uploads\/2024\/06\/ttsmaker-file-2024-6-5-6-20-25.mp3?_=1\" \/><a href=\"https:\/\/infoelnuevonorte.com\/wp-content\/uploads\/2024\/06\/ttsmaker-file-2024-6-5-6-20-25.mp3\">https:\/\/infoelnuevonorte.com\/wp-content\/uploads\/2024\/06\/ttsmaker-file-2024-6-5-6-20-25.mp3<\/a><\/audio>\n<p style=\"text-align: justify;\">Luego de dos a\u00f1os y un mes de audiencia preliminar, el juez Amauri Mart\u00ednez, del Tercer Juzgado de la Instrucci\u00f3n del Distrito Nacional, dej\u00f3 anoche en estado de fallo su decisi\u00f3n sobre si env\u00eda o no a juicio de fondo al exprocurador general de la Rep\u00fablica, Jean Alain Rodr\u00edguez, y el resto implicados en el caso Medusa.<\/p>\n<p style=\"text-align: justify;\">El magistrado, quien inici\u00f3 la primera audiencia el 12 de agosto del 2022, tras dar a conocer el cierre de los debates del proceso penal, fij\u00f3 para el viernes 28 de junio a las 9 de la ma\u00f1ana la lectura del fallo, quedando citadas las partes presentes y representadas.<\/p>\n<p style=\"text-align: justify;\">El juez consider\u00f3 que razonables que, partiendo de la cantidad de partes en el proceso, de pedimentos, de las cantidades de pruebas, es que fija fecha para dar a conocer su decisi\u00f3n.<\/p>\n<p style=\"text-align: justify;\">El exprocurador fue apresado el 29 de junio del 2021 y d\u00edas despu\u00e9s el juzgado de Atenci\u00f3n Permanente del Distrito Nacional, le impuso 18 meses de prisi\u00f3n, como medida de coerci\u00f3n para ser cumplida en la c\u00e1rcel de Najayo.<\/p>\n<p style=\"text-align: justify;\">Empero, el juez Amauri Mart\u00ednez le vari\u00f3 la prisi\u00f3n preventiva en enero de a\u00f1o 2023, por arresto domiciliario, uso de grillete electr\u00f3nico y el pago de una fianza de 50 millones de pesos a trav\u00e9s de una aseguradora.<\/p>\n<h3 style=\"text-align: justify;\">proclama inocencia<\/h3>\n<p style=\"text-align: justify;\">M\u00e1s temprano, Alain Rodr\u00edguez, al tomar la palabra en la parte final de la audiencia preliminar del caso Medusa, proclam\u00f3 su inocencia y asegur\u00f3 se le han violado todos sus derechos.<\/p>\n<p style=\"text-align: justify;\">Dijo que no hay \u201cun cheque, ni un papelito\u201d que lo incriminen y que la mayor\u00eda de las personas que han admitido los hechos de los que son se\u00f1alados en el expediente no los conoce y ni siquiera los ha visto en su vida.<\/p>\n<p style=\"text-align: justify;\">Afirm\u00f3 que en ese inter\u00e9s de \u201csaciar los egos de una venganza\u201d se \u201cextorsion\u00f3\u201d a sus colaboradores durante su gesti\u00f3n en la Procuradur\u00eda, incluso a sus \u201cmejores amigos\u201d de m\u00e1s de 40 a\u00f1os, quienes cedieron a la presi\u00f3n y lo han traicionado.<\/p>\n<p style=\"text-align: justify;\">\u201cLas personas que m\u00e1s he ayudado en mi vida son los que en el momento m\u00e1s importante me traicionaron y han metido en esta acusaci\u00f3n para salvarse\u201d, exclam\u00f3 mientras expon\u00eda sus palabras finales del juicio preliminar.<\/p>\n<p style=\"text-align: justify;\">El exprocurador describi\u00f3 lo \u201ccruel\u201d que ha sido la persecuci\u00f3n en su contra, en un proceso en donde, afirma, se le ha violado todos sus derechos y se ha \u201camenazado\u201d a su familia. Record\u00f3 lo del retiro de la visa a sus dos hijos menores y a su esposa, seg\u00fan \u00e9l, por insistencia del Ministerio P\u00fablico.<\/p>\n<p style=\"text-align: justify;\">Se\u00f1al\u00f3 que a pesar de ser acusado de recibir contribuciones de campa\u00f1a, fueron otras las personas que eventualmente las recibieron y que se encargan del tema pol\u00edtico mientras \u00e9l era procurador.<\/p>\n<h3 style=\"text-align: justify;\">pedido de juicio de fondo<\/h3>\n<p style=\"text-align: justify;\">El Ministerio P\u00fablico solicit\u00f3 al juez del Tercer Juzgado de la Instrucci\u00f3n del Distrito Nacional, dictar auto de apertura a juicio en contra del ex procurador general de la Rep\u00fablica, Jean Alain Rodr\u00edguez y dem\u00e1s implicados en el caso Medusa.<\/p>\n<p style=\"text-align: justify;\">El director de la Procuradur\u00eda Especializada de Persecuci\u00f3n contra la Corrupci\u00f3n Administrativa (Pepca), Wilson Camacho, en sus conclusiones finales pidi\u00f3 al juez Amauri Mart\u00ednez enviar a juicio de fondo a Alain Rodr\u00edguez y a otros encartados en el sonado caso para que respondan por los hechos que se le imputan.<\/p>\n<p style=\"text-align: justify;\">\u201cQue se admita de manera total la acusaci\u00f3n presentada por el Ministerio P\u00fablico, con todos sus elementos de prueba, en contra de las personas f\u00edsicas y morales, objeto de la presente acusaci\u00f3n y descrita anteriormente y, en consecuencia, dictar Auto de Apertura a Juicio en contra de los acusados\u201d, adujo Camacho.<\/p>\n<\/div>\n<\/div>\n<\/div>\n<\/div>\n","protected":false},"excerpt":{"rendered":"<p>Luego de dos a\u00f1os y un mes de audiencia preliminar, el juez Amauri Mart\u00ednez, del Tercer Juzgado de la Instrucci\u00f3n del Distrito Nacional, dej\u00f3 anoche en estado de fallo su decisi\u00f3n sobre si env\u00eda o no a juicio de fondo al exprocurador general de la Rep\u00fablica, Jean Alain Rodr\u00edguez, y el resto implicados en el [&hellip;]<\/p>\n","protected":false},"author":1,"featured_media":0,"comment_status":"closed","ping_status":"open","sticky":false,"template":"","format":"standard","meta":{"footnotes":""},"categories":[8],"tags":[],"yoast_head":"<!-- This site is optimized with the Yoast SEO plugin v24.5 - https:\/\/yoast.com\/wordpress\/plugins\/seo\/ -->\n<title>Juez deja en estado de fallo el pedido de jucio de fondo a Jean Alain | El Nuevo Norte<\/title>\n<meta name=\"robots\" content=\"index, follow, max-snippet:-1, max-image-preview:large, max-video-preview:-1\" \/>\n<link rel=\"canonical\" href=\"https:\/\/infoelnuevonorte.com\/?p=25413\" \/>\n<meta property=\"og:locale\" content=\"es_ES\" \/>\n<meta property=\"og:type\" content=\"article\" \/>\n<meta property=\"og:title\" content=\"Juez deja en estado de fallo el pedido de jucio de fondo a Jean Alain | El Nuevo Norte\" \/>\n<meta property=\"og:description\" content=\"Luego de dos a\u00f1os y un mes de audiencia preliminar, el juez Amauri Mart\u00ednez, del Tercer Juzgado de la Instrucci\u00f3n del Distrito Nacional, dej\u00f3 anoche en estado de fallo su decisi\u00f3n sobre si env\u00eda o no a juicio de fondo al exprocurador general de la Rep\u00fablica, Jean Alain Rodr\u00edguez, y el resto implicados en el [&hellip;]\" \/>\n<meta property=\"og:url\" content=\"https:\/\/infoelnuevonorte.com\/?p=25413\" \/>\n<meta property=\"og:site_name\" content=\"El Nuevo Norte\" \/>\n<meta property=\"article:publisher\" content=\"https:\/\/www.facebook.com\/infoenn\" \/>\n<meta property=\"article:published_time\" content=\"2024-06-05T10:21:14+00:00\" \/>\n<meta property=\"article:modified_time\" content=\"2024-06-05T10:21:16+00:00\" \/>\n<meta property=\"og:image\" content=\"https:\/\/infoelnuevonorte.com\/wp-content\/uploads\/2024\/06\/jenaalaun-jpeg.webp\" \/>\n\t<meta property=\"og:image:width\" content=\"800\" \/>\n\t<meta property=\"og:image:height\" content=\"534\" \/>\n\t<meta property=\"og:image:type\" content=\"image\/jpeg\" \/>\n<meta name=\"author\" content=\"InfoEnn\" \/>\n<meta name=\"twitter:card\" content=\"summary_large_image\" \/>\n<meta name=\"twitter:creator\" content=\"@Elnuevo_norte\" \/>\n<meta name=\"twitter:site\" content=\"@Elnuevo_norte\" \/>\n<meta name=\"twitter:label1\" content=\"Written by\" \/>\n\t<meta name=\"twitter:data1\" content=\"InfoEnn\" \/>\n\t<meta name=\"twitter:label2\" content=\"Est. reading time\" \/>\n\t<meta name=\"twitter:data2\" content=\"3 minutos\" \/>\n<script type=\"application\/ld+json\" class=\"yoast-schema-graph\">{\"@context\":\"https:\/\/schema.org\",\"@graph\":[{\"@type\":\"Article\",\"@id\":\"https:\/\/infoelnuevonorte.com\/?p=25413#article\",\"isPartOf\":{\"@id\":\"https:\/\/infoelnuevonorte.com\/?p=25413\"},\"author\":{\"name\":\"InfoEnn\",\"@id\":\"https:\/\/infoelnuevonorte.com\/#\/schema\/person\/fd4f6d90afe41260818b4ea94ad8ab84\"},\"headline\":\"Juez deja en estado de fallo el pedido de jucio de fondo a Jean Alain\",\"datePublished\":\"2024-06-05T10:21:14+00:00\",\"dateModified\":\"2024-06-05T10:21:16+00:00\",\"mainEntityOfPage\":{\"@id\":\"https:\/\/infoelnuevonorte.com\/?p=25413\"},\"wordCount\":677,\"publisher\":{\"@id\":\"https:\/\/infoelnuevonorte.com\/#organization\"},\"articleSection\":[\"Nacionales\"],\"inLanguage\":\"es-DO\"},{\"@type\":\"WebPage\",\"@id\":\"https:\/\/infoelnuevonorte.com\/?p=25413\",\"url\":\"https:\/\/infoelnuevonorte.com\/?p=25413\",\"name\":\"Juez deja en estado de fallo el pedido de jucio de fondo a Jean Alain | El Nuevo Norte\",\"isPartOf\":{\"@id\":\"https:\/\/infoelnuevonorte.com\/#website\"},\"datePublished\":\"2024-06-05T10:21:14+00:00\",\"dateModified\":\"2024-06-05T10:21:16+00:00\",\"breadcrumb\":{\"@id\":\"https:\/\/infoelnuevonorte.com\/?p=25413#breadcrumb\"},\"inLanguage\":\"es-DO\",\"potentialAction\":[{\"@type\":\"ReadAction\",\"target\":[\"https:\/\/infoelnuevonorte.com\/?p=25413\"]}]},{\"@type\":\"BreadcrumbList\",\"@id\":\"https:\/\/infoelnuevonorte.com\/?p=25413#breadcrumb\",\"itemListElement\":[{\"@type\":\"ListItem\",\"position\":1,\"name\":\"Home\",\"item\":\"https:\/\/infoelnuevonorte.com\/\"},{\"@type\":\"ListItem\",\"position\":2,\"name\":\"Juez deja en estado de fallo el pedido de jucio de fondo a Jean Alain\"}]},{\"@type\":\"WebSite\",\"@id\":\"https:\/\/infoelnuevonorte.com\/#website\",\"url\":\"https:\/\/infoelnuevonorte.com\/\",\"name\":\"InfoEnn\",\"description\":\"Tu Voz, tu Verdad, tu Diario!!!\",\"publisher\":{\"@id\":\"https:\/\/infoelnuevonorte.com\/#organization\"},\"alternateName\":\"El Nuevo Norte\",\"potentialAction\":[{\"@type\":\"SearchAction\",\"target\":{\"@type\":\"EntryPoint\",\"urlTemplate\":\"https:\/\/infoelnuevonorte.com\/?s={search_term_string}\"},\"query-input\":{\"@type\":\"PropertyValueSpecification\",\"valueRequired\":true,\"valueName\":\"search_term_string\"}}],\"inLanguage\":\"es-DO\"},{\"@type\":\"Organization\",\"@id\":\"https:\/\/infoelnuevonorte.com\/#organization\",\"name\":\"Info El Nuevo Norte\",\"alternateName\":\"El Nuevo Norte\",\"url\":\"https:\/\/infoelnuevonorte.com\/\",\"logo\":{\"@type\":\"ImageObject\",\"inLanguage\":\"es-DO\",\"@id\":\"https:\/\/infoelnuevonorte.com\/#\/schema\/logo\/image\/\",\"url\":\"https:\/\/infoelnuevonorte.com\/wp-content\/uploads\/2026\/02\/Logo-Info-enn-3d-20ani.jpeg\",\"contentUrl\":\"https:\/\/infoelnuevonorte.com\/wp-content\/uploads\/2026\/02\/Logo-Info-enn-3d-20ani.jpeg\",\"width\":2046,\"height\":736,\"caption\":\"Info El Nuevo Norte\"},\"image\":{\"@id\":\"https:\/\/infoelnuevonorte.com\/#\/schema\/logo\/image\/\"},\"sameAs\":[\"https:\/\/www.facebook.com\/infoenn\",\"https:\/\/x.com\/Elnuevo_norte\",\"https:\/\/www.instagram.com\/infoenn\",\"https:\/\/www.facebook.com\/ENNRD\"]},{\"@type\":\"Person\",\"@id\":\"https:\/\/infoelnuevonorte.com\/#\/schema\/person\/fd4f6d90afe41260818b4ea94ad8ab84\",\"name\":\"InfoEnn\",\"image\":{\"@type\":\"ImageObject\",\"inLanguage\":\"es-DO\",\"@id\":\"https:\/\/infoelnuevonorte.com\/#\/schema\/person\/image\/\",\"url\":\"https:\/\/secure.gravatar.com\/avatar\/d4d760a41a48ba9db0a82bfb63bb0783?s=96&d=robohash&r=g\",\"contentUrl\":\"https:\/\/secure.gravatar.com\/avatar\/d4d760a41a48ba9db0a82bfb63bb0783?s=96&d=robohash&r=g\",\"caption\":\"InfoEnn\"},\"sameAs\":[\"https:\/\/infoelnuevonorte.com\"],\"url\":\"https:\/\/infoelnuevonorte.com\/?author=1\"}]}<\/script>\n<!-- \/ Yoast SEO plugin. -->","yoast_head_json":{"title":"Juez deja en estado de fallo el pedido de jucio de fondo a Jean Alain | El Nuevo Norte","robots":{"index":"index","follow":"follow","max-snippet":"max-snippet:-1","max-image-preview":"max-image-preview:large","max-video-preview":"max-video-preview:-1"},"canonical":"https:\/\/infoelnuevonorte.com\/?p=25413","og_locale":"es_ES","og_type":"article","og_title":"Juez deja en estado de fallo el pedido de jucio de fondo a Jean Alain | El Nuevo Norte","og_description":"Luego de dos a\u00f1os y un mes de audiencia preliminar, el juez Amauri Mart\u00ednez, del Tercer Juzgado de la Instrucci\u00f3n del Distrito Nacional, dej\u00f3 anoche en estado de fallo su decisi\u00f3n sobre si env\u00eda o no a juicio de fondo al exprocurador general de la Rep\u00fablica, Jean Alain Rodr\u00edguez, y el resto implicados en el [&hellip;]","og_url":"https:\/\/infoelnuevonorte.com\/?p=25413","og_site_name":"El Nuevo Norte","article_publisher":"https:\/\/www.facebook.com\/infoenn","article_published_time":"2024-06-05T10:21:14+00:00","article_modified_time":"2024-06-05T10:21:16+00:00","og_image":[{"width":800,"height":534,"url":"https:\/\/infoelnuevonorte.com\/wp-content\/uploads\/2024\/06\/jenaalaun-jpeg.webp","type":"image\/jpeg"}],"author":"InfoEnn","twitter_card":"summary_large_image","twitter_creator":"@Elnuevo_norte","twitter_site":"@Elnuevo_norte","twitter_misc":{"Written by":"InfoEnn","Est. reading time":"3 minutos"},"schema":{"@context":"https:\/\/schema.org","@graph":[{"@type":"Article","@id":"https:\/\/infoelnuevonorte.com\/?p=25413#article","isPartOf":{"@id":"https:\/\/infoelnuevonorte.com\/?p=25413"},"author":{"name":"InfoEnn","@id":"https:\/\/infoelnuevonorte.com\/#\/schema\/person\/fd4f6d90afe41260818b4ea94ad8ab84"},"headline":"Juez deja en estado de fallo el pedido de jucio de fondo a Jean Alain","datePublished":"2024-06-05T10:21:14+00:00","dateModified":"2024-06-05T10:21:16+00:00","mainEntityOfPage":{"@id":"https:\/\/infoelnuevonorte.com\/?p=25413"},"wordCount":677,"publisher":{"@id":"https:\/\/infoelnuevonorte.com\/#organization"},"articleSection":["Nacionales"],"inLanguage":"es-DO"},{"@type":"WebPage","@id":"https:\/\/infoelnuevonorte.com\/?p=25413","url":"https:\/\/infoelnuevonorte.com\/?p=25413","name":"Juez deja en estado de fallo el pedido de jucio de fondo a Jean Alain | El Nuevo Norte","isPartOf":{"@id":"https:\/\/infoelnuevonorte.com\/#website"},"datePublished":"2024-06-05T10:21:14+00:00","dateModified":"2024-06-05T10:21:16+00:00","breadcrumb":{"@id":"https:\/\/infoelnuevonorte.com\/?p=25413#breadcrumb"},"inLanguage":"es-DO","potentialAction":[{"@type":"ReadAction","target":["https:\/\/infoelnuevonorte.com\/?p=25413"]}]},{"@type":"BreadcrumbList","@id":"https:\/\/infoelnuevonorte.com\/?p=25413#breadcrumb","itemListElement":[{"@type":"ListItem","position":1,"name":"Home","item":"https:\/\/infoelnuevonorte.com\/"},{"@type":"ListItem","position":2,"name":"Juez deja en estado de fallo el pedido de jucio de fondo a Jean Alain"}]},{"@type":"WebSite","@id":"https:\/\/infoelnuevonorte.com\/#website","url":"https:\/\/infoelnuevonorte.com\/","name":"InfoEnn","description":"Tu Voz, tu Verdad, tu Diario!!!","publisher":{"@id":"https:\/\/infoelnuevonorte.com\/#organization"},"alternateName":"El Nuevo Norte","potentialAction":[{"@type":"SearchAction","target":{"@type":"EntryPoint","urlTemplate":"https:\/\/infoelnuevonorte.com\/?s={search_term_string}"},"query-input":{"@type":"PropertyValueSpecification","valueRequired":true,"valueName":"search_term_string"}}],"inLanguage":"es-DO"},{"@type":"Organization","@id":"https:\/\/infoelnuevonorte.com\/#organization","name":"Info El Nuevo Norte","alternateName":"El Nuevo Norte","url":"https:\/\/infoelnuevonorte.com\/","logo":{"@type":"ImageObject","inLanguage":"es-DO","@id":"https:\/\/infoelnuevonorte.com\/#\/schema\/logo\/image\/","url":"https:\/\/infoelnuevonorte.com\/wp-content\/uploads\/2026\/02\/Logo-Info-enn-3d-20ani.jpeg","contentUrl":"https:\/\/infoelnuevonorte.com\/wp-content\/uploads\/2026\/02\/Logo-Info-enn-3d-20ani.jpeg","width":2046,"height":736,"caption":"Info El Nuevo Norte"},"image":{"@id":"https:\/\/infoelnuevonorte.com\/#\/schema\/logo\/image\/"},"sameAs":["https:\/\/www.facebook.com\/infoenn","https:\/\/x.com\/Elnuevo_norte","https:\/\/www.instagram.com\/infoenn","https:\/\/www.facebook.com\/ENNRD"]},{"@type":"Person","@id":"https:\/\/infoelnuevonorte.com\/#\/schema\/person\/fd4f6d90afe41260818b4ea94ad8ab84","name":"InfoEnn","image":{"@type":"ImageObject","inLanguage":"es-DO","@id":"https:\/\/infoelnuevonorte.com\/#\/schema\/person\/image\/","url":"https:\/\/secure.gravatar.com\/avatar\/d4d760a41a48ba9db0a82bfb63bb0783?s=96&d=robohash&r=g","contentUrl":"https:\/\/secure.gravatar.com\/avatar\/d4d760a41a48ba9db0a82bfb63bb0783?s=96&d=robohash&r=g","caption":"InfoEnn"},"sameAs":["https:\/\/infoelnuevonorte.com"],"url":"https:\/\/infoelnuevonorte.com\/?author=1"}]}},"_links":{"self":[{"href":"https:\/\/infoelnuevonorte.com\/index.php?rest_route=\/wp\/v2\/posts\/25413"}],"collection":[{"href":"https:\/\/infoelnuevonorte.com\/index.php?rest_route=\/wp\/v2\/posts"}],"about":[{"href":"https:\/\/infoelnuevonorte.com\/index.php?rest_route=\/wp\/v2\/types\/post"}],"author":[{"embeddable":true,"href":"https:\/\/infoelnuevonorte.com\/index.php?rest_route=\/wp\/v2\/users\/1"}],"replies":[{"embeddable":true,"href":"https:\/\/infoelnuevonorte.com\/index.php?rest_route=%2Fwp%2Fv2%2Fcomments&post=25413"}],"version-history":[{"count":0,"href":"https:\/\/infoelnuevonorte.com\/index.php?rest_route=\/wp\/v2\/posts\/25413\/revisions"}],"wp:attachment":[{"href":"https:\/\/infoelnuevonorte.com\/index.php?rest_route=%2Fwp%2Fv2%2Fmedia&parent=25413"}],"wp:term":[{"taxonomy":"category","embeddable":true,"href":"https:\/\/infoelnuevonorte.com\/index.php?rest_route=%2Fwp%2Fv2%2Fcategories&post=25413"},{"taxonomy":"post_tag","embeddable":true,"href":"https:\/\/infoelnuevonorte.com\/index.php?rest_route=%2Fwp%2Fv2%2Ftags&post=25413"}],"curies":[{"name":"wp","href":"https:\/\/api.w.org\/{rel}","templated":true}]}}