{"id":2573,"date":"2023-10-19T15:20:15","date_gmt":"2023-10-19T15:20:15","guid":{"rendered":"https:\/\/infoelnuevonorte.com\/?p=2573"},"modified":"2023-10-19T15:20:17","modified_gmt":"2023-10-19T15:20:17","slug":"ministro-de-salud-encabeza-operativo-contra-el-dengue-en-los-mina","status":"publish","type":"post","link":"https:\/\/infoelnuevonorte.com\/?p=2573","title":{"rendered":"Ministro de Salud encabeza operativo contra el dengue en Los Mina"},"content":{"rendered":"<p style=\"text-align: justify;\">El Gobierno se ha comprometido a arreciar las acciones para prevenir el\u00a0<strong>dengue,<\/strong>\u00a0pese a que insiste en que se observa una \u201cligera disminuci\u00f3n\u201d en la propagaci\u00f3n de la enfermedad.<\/p>\n<p style=\"text-align: justify;\">En ese sentido, el ministro de\u00a0<strong>Salud P\u00fablica, Daniel Rivera,<\/strong>\u00a0encabez\u00f3 este jueves el primer\u00a0<strong>operativo<\/strong>\u00a0del Gobierno, en el marco de las nuevas medidas adoptadas el mi\u00e9rcoles por el Gabinete de Salud.<\/p>\n<p style=\"text-align: justify;\">Acompa\u00f1ado de personal m\u00e9dico y de la<strong>\u00a0Defensa Civil,<\/strong>\u00a0Rivera lleg\u00f3 la ma\u00f1ana de hoy al sector\u00a0<strong>Los Mina<\/strong>, en Santo Domingo Este.<\/p>\n<p style=\"text-align: justify;\">El\u00a0operativo incluye\u00a0<strong>fumigaci\u00f3n, eliminaci\u00f3n de cacharros y orientaci\u00f3n a las familias, contra el dengue<\/strong>.<\/p>\n<h5 class=\"post-title\" style=\"text-align: justify;\">Gabinete de Acci\u00f3n Contra el Dengue<\/h5>\n<p style=\"text-align: justify;\">El Gobierno tom\u00f3 varias medidas contra el dengue, entre las que se destaca la creaci\u00f3n de un Gabinete de Acci\u00f3n contra el Dengue para enfrentar la enfermedad que ha afectado a m\u00e1s de 12 mil personas en el pa\u00eds.<\/p>\n<p style=\"text-align: justify;\"><strong><a href=\"https:\/\/infoelnuevonorte.com\/?p=2528\" target=\"_blank\" rel=\"noopener noreferrer\">Gobierno crea Gabinete de Acci\u00f3n Contra el Dengue para combatir la enfermedad<\/a><\/strong><\/p>\n<p style=\"text-align: justify;\">Este Gabinete estar\u00e1 conformado por los ministerios y direcciones convocados por el presidente de la Rep\u00fablica, Luis Abinader, para trabajar junto al Ministerio de Salud en el fortalecimiento de la lucha contra el dengue.<\/p>\n<div class=\"code-block code-block-2 code-block-block-2 ai-track\" style=\"text-align: justify;\" data-ai=\"WzIsMCwiQmxvY2sgMiIsIiJd\"><a href=\"https:\/\/juntos.do\/\"><img loading=\"lazy\" decoding=\"async\" class=\"wp-image-136069 size-full\" src=\"https:\/\/n.com.do\/wp-content\/uploads\/2023\/10\/728x90.png%22\" alt=\"\" width=\"728\" height=\"90\" \/><\/a><\/div>\n","protected":false},"excerpt":{"rendered":"<p>El Gobierno se ha comprometido a arreciar las acciones para prevenir el\u00a0dengue,\u00a0pese a que insiste en que se observa una \u201cligera disminuci\u00f3n\u201d en la propagaci\u00f3n de la enfermedad. En ese sentido, el ministro de\u00a0Salud P\u00fablica, Daniel Rivera,\u00a0encabez\u00f3 este jueves el primer\u00a0operativo\u00a0del Gobierno, en el marco de las nuevas medidas adoptadas el mi\u00e9rcoles por el Gabinete [&hellip;]<\/p>\n","protected":false},"author":1,"featured_media":0,"comment_status":"closed","ping_status":"open","sticky":false,"template":"","format":"standard","meta":{"footnotes":""},"categories":[2,13],"tags":[],"yoast_head":"<!-- This site is optimized with the Yoast SEO plugin v24.5 - https:\/\/yoast.com\/wordpress\/plugins\/seo\/ -->\n<title>Ministro de Salud encabeza operativo contra el dengue en Los Mina | El Nuevo Norte<\/title>\n<meta name=\"robots\" content=\"index, follow, max-snippet:-1, max-image-preview:large, max-video-preview:-1\" \/>\n<link rel=\"canonical\" href=\"https:\/\/infoelnuevonorte.com\/?p=2573\" \/>\n<meta property=\"og:locale\" content=\"es_ES\" \/>\n<meta property=\"og:type\" content=\"article\" \/>\n<meta property=\"og:title\" content=\"Ministro de Salud encabeza operativo contra el dengue en Los Mina | El Nuevo Norte\" \/>\n<meta property=\"og:description\" content=\"El Gobierno se ha comprometido a arreciar las acciones para prevenir el\u00a0dengue,\u00a0pese a que insiste en que se observa una \u201cligera disminuci\u00f3n\u201d en la propagaci\u00f3n de la enfermedad. En ese sentido, el ministro de\u00a0Salud P\u00fablica, Daniel Rivera,\u00a0encabez\u00f3 este jueves el primer\u00a0operativo\u00a0del Gobierno, en el marco de las nuevas medidas adoptadas el mi\u00e9rcoles por el Gabinete [&hellip;]\" \/>\n<meta property=\"og:url\" content=\"https:\/\/infoelnuevonorte.com\/?p=2573\" \/>\n<meta property=\"og:site_name\" content=\"El Nuevo Norte\" \/>\n<meta property=\"article:publisher\" content=\"https:\/\/www.facebook.com\/infoenn\" \/>\n<meta property=\"article:published_time\" content=\"2023-10-19T15:20:15+00:00\" \/>\n<meta property=\"article:modified_time\" content=\"2023-10-19T15:20:17+00:00\" \/>\n<meta property=\"og:image\" content=\"https:\/\/infoelnuevonorte.com\/wp-content\/uploads\/2023\/10\/Salud-Publica-reporta-un-caso-de.png\" \/>\n\t<meta property=\"og:image:width\" content=\"673\" \/>\n\t<meta property=\"og:image:height\" content=\"448\" \/>\n\t<meta property=\"og:image:type\" content=\"image\/png\" \/>\n<meta name=\"author\" content=\"InfoEnn\" \/>\n<meta name=\"twitter:card\" content=\"summary_large_image\" \/>\n<meta name=\"twitter:creator\" content=\"@Elnuevo_norte\" \/>\n<meta name=\"twitter:site\" content=\"@Elnuevo_norte\" \/>\n<meta name=\"twitter:label1\" content=\"Written by\" \/>\n\t<meta name=\"twitter:data1\" content=\"InfoEnn\" \/>\n\t<meta name=\"twitter:label2\" content=\"Est. reading time\" \/>\n\t<meta name=\"twitter:data2\" content=\"2 minutos\" \/>\n<script type=\"application\/ld+json\" class=\"yoast-schema-graph\">{\"@context\":\"https:\/\/schema.org\",\"@graph\":[{\"@type\":\"Article\",\"@id\":\"https:\/\/infoelnuevonorte.com\/?p=2573#article\",\"isPartOf\":{\"@id\":\"https:\/\/infoelnuevonorte.com\/?p=2573\"},\"author\":{\"name\":\"InfoEnn\",\"@id\":\"https:\/\/infoelnuevonorte.com\/#\/schema\/person\/fd4f6d90afe41260818b4ea94ad8ab84\"},\"headline\":\"Ministro de Salud encabeza operativo contra el dengue en Los Mina\",\"datePublished\":\"2023-10-19T15:20:15+00:00\",\"dateModified\":\"2023-10-19T15:20:17+00:00\",\"mainEntityOfPage\":{\"@id\":\"https:\/\/infoelnuevonorte.com\/?p=2573\"},\"wordCount\":219,\"publisher\":{\"@id\":\"https:\/\/infoelnuevonorte.com\/#organization\"},\"image\":{\"@id\":\"https:\/\/infoelnuevonorte.com\/?p=2573#primaryimage\"},\"thumbnailUrl\":\"https:\/\/n.com.do\/wp-content\/uploads\/2023\/10\/728x90.png%22\",\"articleSection\":[\"Actualidad |\",\"Salud\"],\"inLanguage\":\"es-DO\"},{\"@type\":\"WebPage\",\"@id\":\"https:\/\/infoelnuevonorte.com\/?p=2573\",\"url\":\"https:\/\/infoelnuevonorte.com\/?p=2573\",\"name\":\"Ministro de Salud encabeza operativo contra el dengue en Los Mina | El Nuevo Norte\",\"isPartOf\":{\"@id\":\"https:\/\/infoelnuevonorte.com\/#website\"},\"primaryImageOfPage\":{\"@id\":\"https:\/\/infoelnuevonorte.com\/?p=2573#primaryimage\"},\"image\":{\"@id\":\"https:\/\/infoelnuevonorte.com\/?p=2573#primaryimage\"},\"thumbnailUrl\":\"https:\/\/n.com.do\/wp-content\/uploads\/2023\/10\/728x90.png%22\",\"datePublished\":\"2023-10-19T15:20:15+00:00\",\"dateModified\":\"2023-10-19T15:20:17+00:00\",\"breadcrumb\":{\"@id\":\"https:\/\/infoelnuevonorte.com\/?p=2573#breadcrumb\"},\"inLanguage\":\"es-DO\",\"potentialAction\":[{\"@type\":\"ReadAction\",\"target\":[\"https:\/\/infoelnuevonorte.com\/?p=2573\"]}]},{\"@type\":\"ImageObject\",\"inLanguage\":\"es-DO\",\"@id\":\"https:\/\/infoelnuevonorte.com\/?p=2573#primaryimage\",\"url\":\"https:\/\/n.com.do\/wp-content\/uploads\/2023\/10\/728x90.png%22\",\"contentUrl\":\"https:\/\/n.com.do\/wp-content\/uploads\/2023\/10\/728x90.png%22\"},{\"@type\":\"BreadcrumbList\",\"@id\":\"https:\/\/infoelnuevonorte.com\/?p=2573#breadcrumb\",\"itemListElement\":[{\"@type\":\"ListItem\",\"position\":1,\"name\":\"Home\",\"item\":\"https:\/\/infoelnuevonorte.com\/\"},{\"@type\":\"ListItem\",\"position\":2,\"name\":\"Ministro de Salud encabeza operativo contra el dengue en Los Mina\"}]},{\"@type\":\"WebSite\",\"@id\":\"https:\/\/infoelnuevonorte.com\/#website\",\"url\":\"https:\/\/infoelnuevonorte.com\/\",\"name\":\"InfoEnn\",\"description\":\"Tu Voz, tu Verdad, tu Diario!!!\",\"publisher\":{\"@id\":\"https:\/\/infoelnuevonorte.com\/#organization\"},\"alternateName\":\"El Nuevo Norte\",\"potentialAction\":[{\"@type\":\"SearchAction\",\"target\":{\"@type\":\"EntryPoint\",\"urlTemplate\":\"https:\/\/infoelnuevonorte.com\/?s={search_term_string}\"},\"query-input\":{\"@type\":\"PropertyValueSpecification\",\"valueRequired\":true,\"valueName\":\"search_term_string\"}}],\"inLanguage\":\"es-DO\"},{\"@type\":\"Organization\",\"@id\":\"https:\/\/infoelnuevonorte.com\/#organization\",\"name\":\"Info El Nuevo Norte\",\"alternateName\":\"El Nuevo Norte\",\"url\":\"https:\/\/infoelnuevonorte.com\/\",\"logo\":{\"@type\":\"ImageObject\",\"inLanguage\":\"es-DO\",\"@id\":\"https:\/\/infoelnuevonorte.com\/#\/schema\/logo\/image\/\",\"url\":\"https:\/\/infoelnuevonorte.com\/wp-content\/uploads\/2026\/02\/Logo-Info-enn-3d-20ani.jpeg\",\"contentUrl\":\"https:\/\/infoelnuevonorte.com\/wp-content\/uploads\/2026\/02\/Logo-Info-enn-3d-20ani.jpeg\",\"width\":2046,\"height\":736,\"caption\":\"Info El Nuevo Norte\"},\"image\":{\"@id\":\"https:\/\/infoelnuevonorte.com\/#\/schema\/logo\/image\/\"},\"sameAs\":[\"https:\/\/www.facebook.com\/infoenn\",\"https:\/\/x.com\/Elnuevo_norte\",\"https:\/\/www.instagram.com\/infoenn\",\"https:\/\/www.facebook.com\/ENNRD\"]},{\"@type\":\"Person\",\"@id\":\"https:\/\/infoelnuevonorte.com\/#\/schema\/person\/fd4f6d90afe41260818b4ea94ad8ab84\",\"name\":\"InfoEnn\",\"image\":{\"@type\":\"ImageObject\",\"inLanguage\":\"es-DO\",\"@id\":\"https:\/\/infoelnuevonorte.com\/#\/schema\/person\/image\/\",\"url\":\"https:\/\/secure.gravatar.com\/avatar\/d4d760a41a48ba9db0a82bfb63bb0783?s=96&d=robohash&r=g\",\"contentUrl\":\"https:\/\/secure.gravatar.com\/avatar\/d4d760a41a48ba9db0a82bfb63bb0783?s=96&d=robohash&r=g\",\"caption\":\"InfoEnn\"},\"sameAs\":[\"https:\/\/infoelnuevonorte.com\"],\"url\":\"https:\/\/infoelnuevonorte.com\/?author=1\"}]}<\/script>\n<!-- \/ Yoast SEO plugin. -->","yoast_head_json":{"title":"Ministro de Salud encabeza operativo contra el dengue en Los Mina | El Nuevo Norte","robots":{"index":"index","follow":"follow","max-snippet":"max-snippet:-1","max-image-preview":"max-image-preview:large","max-video-preview":"max-video-preview:-1"},"canonical":"https:\/\/infoelnuevonorte.com\/?p=2573","og_locale":"es_ES","og_type":"article","og_title":"Ministro de Salud encabeza operativo contra el dengue en Los Mina | El Nuevo Norte","og_description":"El Gobierno se ha comprometido a arreciar las acciones para prevenir el\u00a0dengue,\u00a0pese a que insiste en que se observa una \u201cligera disminuci\u00f3n\u201d en la propagaci\u00f3n de la enfermedad. En ese sentido, el ministro de\u00a0Salud P\u00fablica, Daniel Rivera,\u00a0encabez\u00f3 este jueves el primer\u00a0operativo\u00a0del Gobierno, en el marco de las nuevas medidas adoptadas el mi\u00e9rcoles por el Gabinete [&hellip;]","og_url":"https:\/\/infoelnuevonorte.com\/?p=2573","og_site_name":"El Nuevo Norte","article_publisher":"https:\/\/www.facebook.com\/infoenn","article_published_time":"2023-10-19T15:20:15+00:00","article_modified_time":"2023-10-19T15:20:17+00:00","og_image":[{"width":673,"height":448,"url":"https:\/\/infoelnuevonorte.com\/wp-content\/uploads\/2023\/10\/Salud-Publica-reporta-un-caso-de.png","type":"image\/png"}],"author":"InfoEnn","twitter_card":"summary_large_image","twitter_creator":"@Elnuevo_norte","twitter_site":"@Elnuevo_norte","twitter_misc":{"Written by":"InfoEnn","Est. reading time":"2 minutos"},"schema":{"@context":"https:\/\/schema.org","@graph":[{"@type":"Article","@id":"https:\/\/infoelnuevonorte.com\/?p=2573#article","isPartOf":{"@id":"https:\/\/infoelnuevonorte.com\/?p=2573"},"author":{"name":"InfoEnn","@id":"https:\/\/infoelnuevonorte.com\/#\/schema\/person\/fd4f6d90afe41260818b4ea94ad8ab84"},"headline":"Ministro de Salud encabeza operativo contra el dengue en Los Mina","datePublished":"2023-10-19T15:20:15+00:00","dateModified":"2023-10-19T15:20:17+00:00","mainEntityOfPage":{"@id":"https:\/\/infoelnuevonorte.com\/?p=2573"},"wordCount":219,"publisher":{"@id":"https:\/\/infoelnuevonorte.com\/#organization"},"image":{"@id":"https:\/\/infoelnuevonorte.com\/?p=2573#primaryimage"},"thumbnailUrl":"https:\/\/n.com.do\/wp-content\/uploads\/2023\/10\/728x90.png%22","articleSection":["Actualidad |","Salud"],"inLanguage":"es-DO"},{"@type":"WebPage","@id":"https:\/\/infoelnuevonorte.com\/?p=2573","url":"https:\/\/infoelnuevonorte.com\/?p=2573","name":"Ministro de Salud encabeza operativo contra el dengue en Los Mina | El Nuevo Norte","isPartOf":{"@id":"https:\/\/infoelnuevonorte.com\/#website"},"primaryImageOfPage":{"@id":"https:\/\/infoelnuevonorte.com\/?p=2573#primaryimage"},"image":{"@id":"https:\/\/infoelnuevonorte.com\/?p=2573#primaryimage"},"thumbnailUrl":"https:\/\/n.com.do\/wp-content\/uploads\/2023\/10\/728x90.png%22","datePublished":"2023-10-19T15:20:15+00:00","dateModified":"2023-10-19T15:20:17+00:00","breadcrumb":{"@id":"https:\/\/infoelnuevonorte.com\/?p=2573#breadcrumb"},"inLanguage":"es-DO","potentialAction":[{"@type":"ReadAction","target":["https:\/\/infoelnuevonorte.com\/?p=2573"]}]},{"@type":"ImageObject","inLanguage":"es-DO","@id":"https:\/\/infoelnuevonorte.com\/?p=2573#primaryimage","url":"https:\/\/n.com.do\/wp-content\/uploads\/2023\/10\/728x90.png%22","contentUrl":"https:\/\/n.com.do\/wp-content\/uploads\/2023\/10\/728x90.png%22"},{"@type":"BreadcrumbList","@id":"https:\/\/infoelnuevonorte.com\/?p=2573#breadcrumb","itemListElement":[{"@type":"ListItem","position":1,"name":"Home","item":"https:\/\/infoelnuevonorte.com\/"},{"@type":"ListItem","position":2,"name":"Ministro de Salud encabeza operativo contra el dengue en Los Mina"}]},{"@type":"WebSite","@id":"https:\/\/infoelnuevonorte.com\/#website","url":"https:\/\/infoelnuevonorte.com\/","name":"InfoEnn","description":"Tu Voz, tu Verdad, tu Diario!!!","publisher":{"@id":"https:\/\/infoelnuevonorte.com\/#organization"},"alternateName":"El Nuevo Norte","potentialAction":[{"@type":"SearchAction","target":{"@type":"EntryPoint","urlTemplate":"https:\/\/infoelnuevonorte.com\/?s={search_term_string}"},"query-input":{"@type":"PropertyValueSpecification","valueRequired":true,"valueName":"search_term_string"}}],"inLanguage":"es-DO"},{"@type":"Organization","@id":"https:\/\/infoelnuevonorte.com\/#organization","name":"Info El Nuevo Norte","alternateName":"El Nuevo Norte","url":"https:\/\/infoelnuevonorte.com\/","logo":{"@type":"ImageObject","inLanguage":"es-DO","@id":"https:\/\/infoelnuevonorte.com\/#\/schema\/logo\/image\/","url":"https:\/\/infoelnuevonorte.com\/wp-content\/uploads\/2026\/02\/Logo-Info-enn-3d-20ani.jpeg","contentUrl":"https:\/\/infoelnuevonorte.com\/wp-content\/uploads\/2026\/02\/Logo-Info-enn-3d-20ani.jpeg","width":2046,"height":736,"caption":"Info El Nuevo Norte"},"image":{"@id":"https:\/\/infoelnuevonorte.com\/#\/schema\/logo\/image\/"},"sameAs":["https:\/\/www.facebook.com\/infoenn","https:\/\/x.com\/Elnuevo_norte","https:\/\/www.instagram.com\/infoenn","https:\/\/www.facebook.com\/ENNRD"]},{"@type":"Person","@id":"https:\/\/infoelnuevonorte.com\/#\/schema\/person\/fd4f6d90afe41260818b4ea94ad8ab84","name":"InfoEnn","image":{"@type":"ImageObject","inLanguage":"es-DO","@id":"https:\/\/infoelnuevonorte.com\/#\/schema\/person\/image\/","url":"https:\/\/secure.gravatar.com\/avatar\/d4d760a41a48ba9db0a82bfb63bb0783?s=96&d=robohash&r=g","contentUrl":"https:\/\/secure.gravatar.com\/avatar\/d4d760a41a48ba9db0a82bfb63bb0783?s=96&d=robohash&r=g","caption":"InfoEnn"},"sameAs":["https:\/\/infoelnuevonorte.com"],"url":"https:\/\/infoelnuevonorte.com\/?author=1"}]}},"_links":{"self":[{"href":"https:\/\/infoelnuevonorte.com\/index.php?rest_route=\/wp\/v2\/posts\/2573"}],"collection":[{"href":"https:\/\/infoelnuevonorte.com\/index.php?rest_route=\/wp\/v2\/posts"}],"about":[{"href":"https:\/\/infoelnuevonorte.com\/index.php?rest_route=\/wp\/v2\/types\/post"}],"author":[{"embeddable":true,"href":"https:\/\/infoelnuevonorte.com\/index.php?rest_route=\/wp\/v2\/users\/1"}],"replies":[{"embeddable":true,"href":"https:\/\/infoelnuevonorte.com\/index.php?rest_route=%2Fwp%2Fv2%2Fcomments&post=2573"}],"version-history":[{"count":0,"href":"https:\/\/infoelnuevonorte.com\/index.php?rest_route=\/wp\/v2\/posts\/2573\/revisions"}],"wp:attachment":[{"href":"https:\/\/infoelnuevonorte.com\/index.php?rest_route=%2Fwp%2Fv2%2Fmedia&parent=2573"}],"wp:term":[{"taxonomy":"category","embeddable":true,"href":"https:\/\/infoelnuevonorte.com\/index.php?rest_route=%2Fwp%2Fv2%2Fcategories&post=2573"},{"taxonomy":"post_tag","embeddable":true,"href":"https:\/\/infoelnuevonorte.com\/index.php?rest_route=%2Fwp%2Fv2%2Ftags&post=2573"}],"curies":[{"name":"wp","href":"https:\/\/api.w.org\/{rel}","templated":true}]}}