{"id":2597,"date":"2023-10-19T17:31:07","date_gmt":"2023-10-19T17:31:07","guid":{"rendered":"https:\/\/infoelnuevonorte.com\/?p=2597"},"modified":"2023-10-19T17:31:10","modified_gmt":"2023-10-19T17:31:10","slug":"abinader-dice-falta-de-control-en-haiti-no-contagiara-a-rd","status":"publish","type":"post","link":"https:\/\/infoelnuevonorte.com\/?p=2597","title":{"rendered":"Abinader dice falta de control en Hait\u00ed no contagiar\u00e1 a RD"},"content":{"rendered":"<p style=\"text-align: justify;\">El presidente de la Rep\u00fablica, Luis Abinader, fue enf\u00e1tico al asegurar que bajo ning\u00fan concepto la\u00a0<strong>falta de control<\/strong>\u00a0en Hait\u00ed contagiar\u00e1 a la Rep\u00fablica Dominicana.<\/p>\n<p style=\"text-align: justify;\">\u201cLa falta de control en el lado haitiano no tendr\u00e1 un contagio en el lado dominicano bajo ning\u00fan concepto\u201d, destac\u00f3 Luis Abinader.<\/p>\n<p style=\"text-align: justify;\">En ese sentido, el mandatario reiter\u00f3 que<strong>\u00a0el pa\u00eds no puede hacerse cargo de la crisis que envuelve al vecino pa\u00eds<\/strong>, indicando a su vez que si se puede colaborar para mejorar la situaci\u00f3n.<\/p>\n<p style=\"text-align: justify;\">\u201cLa Rep\u00fablica Dominicana no puede hacerse cargo de la crisis pol\u00edtica y econ\u00f3mica de Hait\u00ed ni resolver el resto de sus problemas, pero si podemos ayudar\u201d, sostuvo el mandatario.<\/p>\n<p style=\"text-align: justify;\">Al encabezar la inauguraci\u00f3n del tramo muro fronterizo en El\u00edas Pi\u00f1a, el presidente Abinader puntualiz\u00f3 que la referida verja perimetral permitir\u00e1 controlar con m\u00e1s eficiencia el comercio bilateral.<\/p>\n<p style=\"text-align: justify;\">Luis Abinader detall\u00f3 que adem\u00e1s el muro permitir\u00e1 regular los flujos migratorios para combatir las mafias que trafican con personas, siendo esto de beneficio para ambos pa\u00edses.<\/p>\n<p style=\"text-align: justify;\">El mandatario se\u00f1al\u00f3 que gracias al impulso en foros internacionales se ha tomado acciones ante el conflicto RD-Hait\u00ed.<\/p>\n<p style=\"text-align: justify;\">\u201cSiempre tuvimos la raz\u00f3n y ahora con nuestro impulso en todos esos foros internacionales se est\u00e1 actuando en este momento\u201d, indic\u00f3.<\/p>\n<p style=\"text-align: justify;\">\u201cLo he dicho recientemente, pero lo repito con la m\u00e1xima claridad y contundencia ante todos ustedes, la frontera ya no ser\u00e1 nunca la misma\u201d.<\/p>\n<h3 class=\"post-title\" style=\"text-align: justify;\">Uni\u00f3n Europea conf\u00eda en pronta soluci\u00f3n conflicto RD-Hait\u00ed<\/h3>\n<p style=\"text-align: justify;\">En el d\u00eda de ayer la\u00a0<strong>Uni\u00f3n Europea<\/strong>\u00a0(UE) expres\u00f3\u00a0 su confianza en que la<strong>\u00a0Rep\u00fablica Dominicana y Hait\u00ed<\/strong>\u00a0normalicen \u201clo mas pronto posible\u201d la relaci\u00f3n actual, afectada por la construcci\u00f3n, del lado haitiano, de un canal para tomar agua del\u00a0<strong>r\u00edo Masacre<\/strong>, frontera natural entre los dos pa\u00edses.<\/p>\n<p style=\"text-align: justify;\">\u201cEsperamos que la situaci\u00f3n se normalice lo m\u00e1s pronto posible porque por el momento ambos pa\u00edses pierden\u201d, dijo a la prensa la representante de la UE en Rep\u00fablica Dominicana, Katja Afheldt, tras participar en el\u00a0<strong>Palacio Nacional<\/strong>\u00a0en un conversatorio sobre la relaci\u00f3n Rep\u00fablica Dominicana-UE.<\/p>\n<div class=\"code-block code-block-2 code-block-block-2 ai-track\" style=\"text-align: justify;\" data-ai=\"WzIsMCwiQmxvY2sgMiIsIiJd\"><a href=\"https:\/\/juntos.do\/\"><img loading=\"lazy\" decoding=\"async\" class=\"wp-image-136069 size-full\" src=\"https:\/\/n.com.do\/wp-content\/uploads\/2023\/10\/728x90.png%22\" alt=\"\" width=\"728\" height=\"90\" \/><\/a><\/div>\n","protected":false},"excerpt":{"rendered":"<p>El presidente de la Rep\u00fablica, Luis Abinader, fue enf\u00e1tico al asegurar que bajo ning\u00fan concepto la\u00a0falta de control\u00a0en Hait\u00ed contagiar\u00e1 a la Rep\u00fablica Dominicana. \u201cLa falta de control en el lado haitiano no tendr\u00e1 un contagio en el lado dominicano bajo ning\u00fan concepto\u201d, destac\u00f3 Luis Abinader. En ese sentido, el mandatario reiter\u00f3 que\u00a0el pa\u00eds no [&hellip;]<\/p>\n","protected":false},"author":1,"featured_media":0,"comment_status":"open","ping_status":"open","sticky":false,"template":"","format":"standard","meta":{"footnotes":""},"categories":[2,8],"tags":[],"yoast_head":"<!-- This site is optimized with the Yoast SEO plugin v24.5 - https:\/\/yoast.com\/wordpress\/plugins\/seo\/ -->\n<title>Abinader dice falta de control en Hait\u00ed no contagiar\u00e1 a RD | El Nuevo Norte<\/title>\n<meta name=\"robots\" content=\"index, follow, max-snippet:-1, max-image-preview:large, max-video-preview:-1\" \/>\n<link rel=\"canonical\" href=\"https:\/\/infoelnuevonorte.com\/?p=2597\" \/>\n<meta property=\"og:locale\" content=\"es_ES\" \/>\n<meta property=\"og:type\" content=\"article\" \/>\n<meta property=\"og:title\" content=\"Abinader dice falta de control en Hait\u00ed no contagiar\u00e1 a RD | El Nuevo Norte\" \/>\n<meta property=\"og:description\" content=\"El presidente de la Rep\u00fablica, Luis Abinader, fue enf\u00e1tico al asegurar que bajo ning\u00fan concepto la\u00a0falta de control\u00a0en Hait\u00ed contagiar\u00e1 a la Rep\u00fablica Dominicana. \u201cLa falta de control en el lado haitiano no tendr\u00e1 un contagio en el lado dominicano bajo ning\u00fan concepto\u201d, destac\u00f3 Luis Abinader. En ese sentido, el mandatario reiter\u00f3 que\u00a0el pa\u00eds no [&hellip;]\" \/>\n<meta property=\"og:url\" content=\"https:\/\/infoelnuevonorte.com\/?p=2597\" \/>\n<meta property=\"og:site_name\" content=\"El Nuevo Norte\" \/>\n<meta property=\"article:publisher\" content=\"https:\/\/www.facebook.com\/infoenn\" \/>\n<meta property=\"article:published_time\" content=\"2023-10-19T17:31:07+00:00\" \/>\n<meta property=\"article:modified_time\" content=\"2023-10-19T17:31:10+00:00\" \/>\n<meta property=\"og:image\" content=\"https:\/\/infoelnuevonorte.com\/wp-content\/uploads\/2023\/10\/abonadee.png\" \/>\n\t<meta property=\"og:image:width\" content=\"431\" \/>\n\t<meta property=\"og:image:height\" content=\"234\" \/>\n\t<meta property=\"og:image:type\" content=\"image\/png\" \/>\n<meta name=\"author\" content=\"InfoEnn\" \/>\n<meta name=\"twitter:card\" content=\"summary_large_image\" \/>\n<meta name=\"twitter:creator\" content=\"@Elnuevo_norte\" \/>\n<meta name=\"twitter:site\" content=\"@Elnuevo_norte\" \/>\n<meta name=\"twitter:label1\" content=\"Written by\" \/>\n\t<meta name=\"twitter:data1\" content=\"InfoEnn\" \/>\n\t<meta name=\"twitter:label2\" content=\"Est. reading time\" \/>\n\t<meta name=\"twitter:data2\" content=\"2 minutos\" \/>\n<script type=\"application\/ld+json\" class=\"yoast-schema-graph\">{\"@context\":\"https:\/\/schema.org\",\"@graph\":[{\"@type\":\"Article\",\"@id\":\"https:\/\/infoelnuevonorte.com\/?p=2597#article\",\"isPartOf\":{\"@id\":\"https:\/\/infoelnuevonorte.com\/?p=2597\"},\"author\":{\"name\":\"InfoEnn\",\"@id\":\"https:\/\/infoelnuevonorte.com\/#\/schema\/person\/fd4f6d90afe41260818b4ea94ad8ab84\"},\"headline\":\"Abinader dice falta de control en Hait\u00ed no contagiar\u00e1 a RD\",\"datePublished\":\"2023-10-19T17:31:07+00:00\",\"dateModified\":\"2023-10-19T17:31:10+00:00\",\"mainEntityOfPage\":{\"@id\":\"https:\/\/infoelnuevonorte.com\/?p=2597\"},\"wordCount\":378,\"commentCount\":0,\"publisher\":{\"@id\":\"https:\/\/infoelnuevonorte.com\/#organization\"},\"image\":{\"@id\":\"https:\/\/infoelnuevonorte.com\/?p=2597#primaryimage\"},\"thumbnailUrl\":\"https:\/\/n.com.do\/wp-content\/uploads\/2023\/10\/728x90.png%22\",\"articleSection\":[\"Actualidad |\",\"Nacionales\"],\"inLanguage\":\"es-DO\",\"potentialAction\":[{\"@type\":\"CommentAction\",\"name\":\"Comment\",\"target\":[\"https:\/\/infoelnuevonorte.com\/?p=2597#respond\"]}]},{\"@type\":\"WebPage\",\"@id\":\"https:\/\/infoelnuevonorte.com\/?p=2597\",\"url\":\"https:\/\/infoelnuevonorte.com\/?p=2597\",\"name\":\"Abinader dice falta de control en Hait\u00ed no contagiar\u00e1 a RD | El Nuevo Norte\",\"isPartOf\":{\"@id\":\"https:\/\/infoelnuevonorte.com\/#website\"},\"primaryImageOfPage\":{\"@id\":\"https:\/\/infoelnuevonorte.com\/?p=2597#primaryimage\"},\"image\":{\"@id\":\"https:\/\/infoelnuevonorte.com\/?p=2597#primaryimage\"},\"thumbnailUrl\":\"https:\/\/n.com.do\/wp-content\/uploads\/2023\/10\/728x90.png%22\",\"datePublished\":\"2023-10-19T17:31:07+00:00\",\"dateModified\":\"2023-10-19T17:31:10+00:00\",\"breadcrumb\":{\"@id\":\"https:\/\/infoelnuevonorte.com\/?p=2597#breadcrumb\"},\"inLanguage\":\"es-DO\",\"potentialAction\":[{\"@type\":\"ReadAction\",\"target\":[\"https:\/\/infoelnuevonorte.com\/?p=2597\"]}]},{\"@type\":\"ImageObject\",\"inLanguage\":\"es-DO\",\"@id\":\"https:\/\/infoelnuevonorte.com\/?p=2597#primaryimage\",\"url\":\"https:\/\/n.com.do\/wp-content\/uploads\/2023\/10\/728x90.png%22\",\"contentUrl\":\"https:\/\/n.com.do\/wp-content\/uploads\/2023\/10\/728x90.png%22\"},{\"@type\":\"BreadcrumbList\",\"@id\":\"https:\/\/infoelnuevonorte.com\/?p=2597#breadcrumb\",\"itemListElement\":[{\"@type\":\"ListItem\",\"position\":1,\"name\":\"Home\",\"item\":\"https:\/\/infoelnuevonorte.com\/\"},{\"@type\":\"ListItem\",\"position\":2,\"name\":\"Abinader dice falta de control en Hait\u00ed no contagiar\u00e1 a RD\"}]},{\"@type\":\"WebSite\",\"@id\":\"https:\/\/infoelnuevonorte.com\/#website\",\"url\":\"https:\/\/infoelnuevonorte.com\/\",\"name\":\"InfoEnn\",\"description\":\"Tu Voz, tu Verdad, tu Diario!!!\",\"publisher\":{\"@id\":\"https:\/\/infoelnuevonorte.com\/#organization\"},\"alternateName\":\"El Nuevo Norte\",\"potentialAction\":[{\"@type\":\"SearchAction\",\"target\":{\"@type\":\"EntryPoint\",\"urlTemplate\":\"https:\/\/infoelnuevonorte.com\/?s={search_term_string}\"},\"query-input\":{\"@type\":\"PropertyValueSpecification\",\"valueRequired\":true,\"valueName\":\"search_term_string\"}}],\"inLanguage\":\"es-DO\"},{\"@type\":\"Organization\",\"@id\":\"https:\/\/infoelnuevonorte.com\/#organization\",\"name\":\"Info El Nuevo Norte\",\"alternateName\":\"El Nuevo Norte\",\"url\":\"https:\/\/infoelnuevonorte.com\/\",\"logo\":{\"@type\":\"ImageObject\",\"inLanguage\":\"es-DO\",\"@id\":\"https:\/\/infoelnuevonorte.com\/#\/schema\/logo\/image\/\",\"url\":\"https:\/\/infoelnuevonorte.com\/wp-content\/uploads\/2026\/02\/Logo-Info-enn-3d-20ani.jpeg\",\"contentUrl\":\"https:\/\/infoelnuevonorte.com\/wp-content\/uploads\/2026\/02\/Logo-Info-enn-3d-20ani.jpeg\",\"width\":2046,\"height\":736,\"caption\":\"Info El Nuevo Norte\"},\"image\":{\"@id\":\"https:\/\/infoelnuevonorte.com\/#\/schema\/logo\/image\/\"},\"sameAs\":[\"https:\/\/www.facebook.com\/infoenn\",\"https:\/\/x.com\/Elnuevo_norte\",\"https:\/\/www.instagram.com\/infoenn\",\"https:\/\/www.facebook.com\/ENNRD\"]},{\"@type\":\"Person\",\"@id\":\"https:\/\/infoelnuevonorte.com\/#\/schema\/person\/fd4f6d90afe41260818b4ea94ad8ab84\",\"name\":\"InfoEnn\",\"image\":{\"@type\":\"ImageObject\",\"inLanguage\":\"es-DO\",\"@id\":\"https:\/\/infoelnuevonorte.com\/#\/schema\/person\/image\/\",\"url\":\"https:\/\/secure.gravatar.com\/avatar\/d4d760a41a48ba9db0a82bfb63bb0783?s=96&d=robohash&r=g\",\"contentUrl\":\"https:\/\/secure.gravatar.com\/avatar\/d4d760a41a48ba9db0a82bfb63bb0783?s=96&d=robohash&r=g\",\"caption\":\"InfoEnn\"},\"sameAs\":[\"https:\/\/infoelnuevonorte.com\"],\"url\":\"https:\/\/infoelnuevonorte.com\/?author=1\"}]}<\/script>\n<!-- \/ Yoast SEO plugin. -->","yoast_head_json":{"title":"Abinader dice falta de control en Hait\u00ed no contagiar\u00e1 a RD | El Nuevo Norte","robots":{"index":"index","follow":"follow","max-snippet":"max-snippet:-1","max-image-preview":"max-image-preview:large","max-video-preview":"max-video-preview:-1"},"canonical":"https:\/\/infoelnuevonorte.com\/?p=2597","og_locale":"es_ES","og_type":"article","og_title":"Abinader dice falta de control en Hait\u00ed no contagiar\u00e1 a RD | El Nuevo Norte","og_description":"El presidente de la Rep\u00fablica, Luis Abinader, fue enf\u00e1tico al asegurar que bajo ning\u00fan concepto la\u00a0falta de control\u00a0en Hait\u00ed contagiar\u00e1 a la Rep\u00fablica Dominicana. \u201cLa falta de control en el lado haitiano no tendr\u00e1 un contagio en el lado dominicano bajo ning\u00fan concepto\u201d, destac\u00f3 Luis Abinader. En ese sentido, el mandatario reiter\u00f3 que\u00a0el pa\u00eds no [&hellip;]","og_url":"https:\/\/infoelnuevonorte.com\/?p=2597","og_site_name":"El Nuevo Norte","article_publisher":"https:\/\/www.facebook.com\/infoenn","article_published_time":"2023-10-19T17:31:07+00:00","article_modified_time":"2023-10-19T17:31:10+00:00","og_image":[{"width":431,"height":234,"url":"https:\/\/infoelnuevonorte.com\/wp-content\/uploads\/2023\/10\/abonadee.png","type":"image\/png"}],"author":"InfoEnn","twitter_card":"summary_large_image","twitter_creator":"@Elnuevo_norte","twitter_site":"@Elnuevo_norte","twitter_misc":{"Written by":"InfoEnn","Est. reading time":"2 minutos"},"schema":{"@context":"https:\/\/schema.org","@graph":[{"@type":"Article","@id":"https:\/\/infoelnuevonorte.com\/?p=2597#article","isPartOf":{"@id":"https:\/\/infoelnuevonorte.com\/?p=2597"},"author":{"name":"InfoEnn","@id":"https:\/\/infoelnuevonorte.com\/#\/schema\/person\/fd4f6d90afe41260818b4ea94ad8ab84"},"headline":"Abinader dice falta de control en Hait\u00ed no contagiar\u00e1 a RD","datePublished":"2023-10-19T17:31:07+00:00","dateModified":"2023-10-19T17:31:10+00:00","mainEntityOfPage":{"@id":"https:\/\/infoelnuevonorte.com\/?p=2597"},"wordCount":378,"commentCount":0,"publisher":{"@id":"https:\/\/infoelnuevonorte.com\/#organization"},"image":{"@id":"https:\/\/infoelnuevonorte.com\/?p=2597#primaryimage"},"thumbnailUrl":"https:\/\/n.com.do\/wp-content\/uploads\/2023\/10\/728x90.png%22","articleSection":["Actualidad |","Nacionales"],"inLanguage":"es-DO","potentialAction":[{"@type":"CommentAction","name":"Comment","target":["https:\/\/infoelnuevonorte.com\/?p=2597#respond"]}]},{"@type":"WebPage","@id":"https:\/\/infoelnuevonorte.com\/?p=2597","url":"https:\/\/infoelnuevonorte.com\/?p=2597","name":"Abinader dice falta de control en Hait\u00ed no contagiar\u00e1 a RD | El Nuevo Norte","isPartOf":{"@id":"https:\/\/infoelnuevonorte.com\/#website"},"primaryImageOfPage":{"@id":"https:\/\/infoelnuevonorte.com\/?p=2597#primaryimage"},"image":{"@id":"https:\/\/infoelnuevonorte.com\/?p=2597#primaryimage"},"thumbnailUrl":"https:\/\/n.com.do\/wp-content\/uploads\/2023\/10\/728x90.png%22","datePublished":"2023-10-19T17:31:07+00:00","dateModified":"2023-10-19T17:31:10+00:00","breadcrumb":{"@id":"https:\/\/infoelnuevonorte.com\/?p=2597#breadcrumb"},"inLanguage":"es-DO","potentialAction":[{"@type":"ReadAction","target":["https:\/\/infoelnuevonorte.com\/?p=2597"]}]},{"@type":"ImageObject","inLanguage":"es-DO","@id":"https:\/\/infoelnuevonorte.com\/?p=2597#primaryimage","url":"https:\/\/n.com.do\/wp-content\/uploads\/2023\/10\/728x90.png%22","contentUrl":"https:\/\/n.com.do\/wp-content\/uploads\/2023\/10\/728x90.png%22"},{"@type":"BreadcrumbList","@id":"https:\/\/infoelnuevonorte.com\/?p=2597#breadcrumb","itemListElement":[{"@type":"ListItem","position":1,"name":"Home","item":"https:\/\/infoelnuevonorte.com\/"},{"@type":"ListItem","position":2,"name":"Abinader dice falta de control en Hait\u00ed no contagiar\u00e1 a RD"}]},{"@type":"WebSite","@id":"https:\/\/infoelnuevonorte.com\/#website","url":"https:\/\/infoelnuevonorte.com\/","name":"InfoEnn","description":"Tu Voz, tu Verdad, tu Diario!!!","publisher":{"@id":"https:\/\/infoelnuevonorte.com\/#organization"},"alternateName":"El Nuevo Norte","potentialAction":[{"@type":"SearchAction","target":{"@type":"EntryPoint","urlTemplate":"https:\/\/infoelnuevonorte.com\/?s={search_term_string}"},"query-input":{"@type":"PropertyValueSpecification","valueRequired":true,"valueName":"search_term_string"}}],"inLanguage":"es-DO"},{"@type":"Organization","@id":"https:\/\/infoelnuevonorte.com\/#organization","name":"Info El Nuevo Norte","alternateName":"El Nuevo Norte","url":"https:\/\/infoelnuevonorte.com\/","logo":{"@type":"ImageObject","inLanguage":"es-DO","@id":"https:\/\/infoelnuevonorte.com\/#\/schema\/logo\/image\/","url":"https:\/\/infoelnuevonorte.com\/wp-content\/uploads\/2026\/02\/Logo-Info-enn-3d-20ani.jpeg","contentUrl":"https:\/\/infoelnuevonorte.com\/wp-content\/uploads\/2026\/02\/Logo-Info-enn-3d-20ani.jpeg","width":2046,"height":736,"caption":"Info El Nuevo Norte"},"image":{"@id":"https:\/\/infoelnuevonorte.com\/#\/schema\/logo\/image\/"},"sameAs":["https:\/\/www.facebook.com\/infoenn","https:\/\/x.com\/Elnuevo_norte","https:\/\/www.instagram.com\/infoenn","https:\/\/www.facebook.com\/ENNRD"]},{"@type":"Person","@id":"https:\/\/infoelnuevonorte.com\/#\/schema\/person\/fd4f6d90afe41260818b4ea94ad8ab84","name":"InfoEnn","image":{"@type":"ImageObject","inLanguage":"es-DO","@id":"https:\/\/infoelnuevonorte.com\/#\/schema\/person\/image\/","url":"https:\/\/secure.gravatar.com\/avatar\/d4d760a41a48ba9db0a82bfb63bb0783?s=96&d=robohash&r=g","contentUrl":"https:\/\/secure.gravatar.com\/avatar\/d4d760a41a48ba9db0a82bfb63bb0783?s=96&d=robohash&r=g","caption":"InfoEnn"},"sameAs":["https:\/\/infoelnuevonorte.com"],"url":"https:\/\/infoelnuevonorte.com\/?author=1"}]}},"_links":{"self":[{"href":"https:\/\/infoelnuevonorte.com\/index.php?rest_route=\/wp\/v2\/posts\/2597"}],"collection":[{"href":"https:\/\/infoelnuevonorte.com\/index.php?rest_route=\/wp\/v2\/posts"}],"about":[{"href":"https:\/\/infoelnuevonorte.com\/index.php?rest_route=\/wp\/v2\/types\/post"}],"author":[{"embeddable":true,"href":"https:\/\/infoelnuevonorte.com\/index.php?rest_route=\/wp\/v2\/users\/1"}],"replies":[{"embeddable":true,"href":"https:\/\/infoelnuevonorte.com\/index.php?rest_route=%2Fwp%2Fv2%2Fcomments&post=2597"}],"version-history":[{"count":0,"href":"https:\/\/infoelnuevonorte.com\/index.php?rest_route=\/wp\/v2\/posts\/2597\/revisions"}],"wp:attachment":[{"href":"https:\/\/infoelnuevonorte.com\/index.php?rest_route=%2Fwp%2Fv2%2Fmedia&parent=2597"}],"wp:term":[{"taxonomy":"category","embeddable":true,"href":"https:\/\/infoelnuevonorte.com\/index.php?rest_route=%2Fwp%2Fv2%2Fcategories&post=2597"},{"taxonomy":"post_tag","embeddable":true,"href":"https:\/\/infoelnuevonorte.com\/index.php?rest_route=%2Fwp%2Fv2%2Ftags&post=2597"}],"curies":[{"name":"wp","href":"https:\/\/api.w.org\/{rel}","templated":true}]}}