{"id":26626,"date":"2024-06-10T06:00:55","date_gmt":"2024-06-10T10:00:55","guid":{"rendered":"https:\/\/infoelnuevonorte.com\/?p=26626"},"modified":"2024-06-10T06:00:56","modified_gmt":"2024-06-10T10:00:56","slug":"digna-reynoso-es-designada-en-el-consejo-nacional-de-gestion-presidencial","status":"publish","type":"post","link":"https:\/\/infoelnuevonorte.com\/?p=26626","title":{"rendered":"Digna Reynoso es designada en el Consejo Nacional de Gesti\u00f3n Presidencial"},"content":{"rendered":"<!--[if lt IE 9]><script>document.createElement('audio');<\/script><![endif]-->\n<audio class=\"wp-audio-shortcode\" id=\"audio-26626-1\" preload=\"none\" style=\"width: 100%;\" controls=\"controls\"><source type=\"audio\/mpeg\" src=\"https:\/\/infoelnuevonorte.com\/wp-content\/uploads\/2024\/06\/ttsmaker-file-2024-6-10-5-58-3.mp3?_=1\" \/><a href=\"https:\/\/infoelnuevonorte.com\/wp-content\/uploads\/2024\/06\/ttsmaker-file-2024-6-10-5-58-3.mp3\">https:\/\/infoelnuevonorte.com\/wp-content\/uploads\/2024\/06\/ttsmaker-file-2024-6-10-5-58-3.mp3<\/a><\/audio>\n<p style=\"text-align: justify;\">Santo Domingo. \u2015\u00a0 <strong>Digna Reynoso<\/strong> fue designada como directora ejecutiva del <strong>Consejo Nacional de Gesti\u00f3n Presidencial<\/strong> y a la vez fue remplazada como directora de la <strong>Direcci\u00f3n General de Pasaportes<\/strong> por <strong>Lorenzo David Ram\u00edrez Uribe<\/strong>.<\/p>\n<p style=\"text-align: justify;\">El movimiento est\u00e1 contenido en el <strong>decreto 314-24<\/strong>, dado a conocer este domingo, aunque tiene fecha del 7 de junio, en el cual se se\u00f1ala que Reynoso fue designada como directora ejecutiva del Consejo Nacional de Gesti\u00f3n Presidencial.<\/p>\n<p style=\"text-align: justify;\">El pasado martes, el presidente de la Rep\u00fablica, <strong>Luis Abinader<\/strong>, dijo que el servicio que brinda la DGCP iba a mejorar \u201csignificativamente\u201d en los pr\u00f3ximos meses, esto ante las constantes denuncias por el tiempo de espera para la expedici\u00f3n del <strong>documento<\/strong> de viaje.<\/p>\n<p style=\"text-align: justify;\">Con la presente disposici\u00f3n presidencial se deroga el art\u00edculo I del Decreto n\u00fam. 500-20 del 23 de septiembre de 2020; as\u00ed como el art\u00edculo I del Decreto n\u00fam. 133-23 del 28 de marzo de 2023.<\/p>\n<p style=\"text-align: justify;\">\u00a0Este es el <strong>primer movimiento<\/strong> que realiza el presidente Abinader en su <strong>gabinete<\/strong> tras ser reelecto como mandatario el pasado <strong>19 de mayo<\/strong>.<\/p>\n<div class=\"jeg_ad jeg_ad_article jnews_content_inline_parallax_ads  \" style=\"text-align: justify;\">\n<div class=\"ads-wrapper  \">\n<div class=\"ads-parallax-wrapper\">\n<div class=\"ads-parallax-inner\">\n<div class=\"ads-parallax\">\n<div class=\"ads_google_ads\"><ins class=\"adsbygoogle adsslot_bYAWm6owXS\" data-ad-client=\"pub-5130913914466357\" data-ad-slot=\"3793758803\" data-adsbygoogle-status=\"done\" data-ad-status=\"unfilled\"><\/p>\n<div id=\"aswift_5_host\"><iframe loading=\"lazy\" id=\"aswift_5\" tabindex=\"0\" title=\"Advertisement\" src=\"https:\/\/googleads.g.doubleclick.net\/pagead\/ads?gdpr=0&amp;us_privacy=1---&amp;gpp_sid=-1&amp;client=ca-pub-5130913914466357&amp;output=html&amp;h=0&amp;slotname=3793758803&amp;adk=3269404446&amp;adf=1020638982&amp;pi=t.ma~as.3793758803&amp;w=0&amp;abgtt=6&amp;lmt=1717981810&amp;rafmt=12&amp;format=0x0&amp;url=https%3A%2F%2Fntelemicro.com%2Fvideo-mueren-en-emboscada-3-miembros-de-unidad-antipandillas-de-haiti%2F&amp;wgl=1&amp;dt=1718013061400&amp;bpp=105&amp;bdt=5231&amp;idt=105&amp;shv=r20240605&amp;mjsv=m202406030101&amp;ptt=9&amp;saldr=aa&amp;abxe=1&amp;cookie=ID%3D950a6fdfae6d1258%3AT%3D1717865585%3ART%3D1717865585%3AS%3DALNI_MaXwahat_SyUDIwWUwM8OUOjM38Rg&amp;gpic=UID%3D00000a2c569c77e5%3AT%3D1717865585%3ART%3D1717865585%3AS%3DALNI_ManNYYa1-_8uXibH3vrd5DDCkZNiQ&amp;eo_id_str=ID%3D5acbb48d7fb04955%3AT%3D1717865585%3ART%3D1717865585%3AS%3DAA-AfjYF-35T7hBhksDouxwwGcEf&amp;prev_fmts=0x0&amp;nras=1&amp;correlator=1848745169144&amp;frm=20&amp;pv=1&amp;ga_vid=1311985438.1717865457&amp;ga_sid=1718013060&amp;ga_hid=2026238139&amp;ga_fc=1&amp;u_tz=-240&amp;u_his=4&amp;u_h=800&amp;u_w=1280&amp;u_ah=800&amp;u_aw=1280&amp;u_cd=30&amp;u_sd=1&amp;adx=45&amp;ady=1665&amp;biw=1280&amp;bih=687&amp;scr_x=0&amp;scr_y=1316&amp;eid=44759875%2C44759926%2C44759842%2C31084254%2C44798934%2C95334510%2C95334529%2C95334564%2C95334573%2C95331953%2C95334053%2C95334159&amp;oid=2&amp;pvsid=335885811311485&amp;tmod=441165533&amp;nvt=1&amp;ref=https%3A%2F%2Fntelemicro.com%2F&amp;fc=1920&amp;brdim=0%2C0%2C0%2C0%2C1280%2C0%2C1280%2C800%2C1280%2C687&amp;vis=1&amp;rsz=%7C%7CfEr%7C&amp;abl=CF&amp;fu=256&amp;bc=31&amp;bz=1&amp;ifi=6&amp;uci=a!6&amp;fsb=1&amp;dtd=770\" name=\"aswift_5\" width=\"0\" height=\"0\" frameborder=\"0\" marginwidth=\"0\" marginheight=\"0\" scrolling=\"no\" sandbox=\"allow-forms allow-popups allow-popups-to-escape-sandbox allow-same-origin allow-scripts allow-top-navigation-by-user-activation\" data-google-container-id=\"a!6\" aria-label=\"Advertisement\" data-load-complete=\"true\" data-google-query-id=\"CMG_rLLh0IYDFVO90QQdRf0HUQ\" data-mce-fragment=\"1\"><\/iframe><\/div>\n<p><\/ins><\/div>\n<\/div>\n<\/div>\n<\/div>\n<\/div>\n<\/div>\n","protected":false},"excerpt":{"rendered":"<p>Santo Domingo. \u2015\u00a0 Digna Reynoso fue designada como directora ejecutiva del Consejo Nacional de Gesti\u00f3n Presidencial y a la vez fue remplazada como directora de la Direcci\u00f3n General de Pasaportes por Lorenzo David Ram\u00edrez Uribe. El movimiento est\u00e1 contenido en el decreto 314-24, dado a conocer este domingo, aunque tiene fecha del 7 de junio, [&hellip;]<\/p>\n","protected":false},"author":1,"featured_media":0,"comment_status":"closed","ping_status":"open","sticky":false,"template":"","format":"standard","meta":{"footnotes":""},"categories":[8],"tags":[],"yoast_head":"<!-- This site is optimized with the Yoast SEO plugin v24.5 - https:\/\/yoast.com\/wordpress\/plugins\/seo\/ -->\n<title>Digna Reynoso es designada en el Consejo Nacional de Gesti\u00f3n Presidencial | El Nuevo Norte<\/title>\n<meta name=\"robots\" content=\"index, follow, max-snippet:-1, max-image-preview:large, max-video-preview:-1\" \/>\n<link rel=\"canonical\" href=\"https:\/\/infoelnuevonorte.com\/?p=26626\" \/>\n<meta property=\"og:locale\" content=\"es_ES\" \/>\n<meta property=\"og:type\" content=\"article\" \/>\n<meta property=\"og:title\" content=\"Digna Reynoso es designada en el Consejo Nacional de Gesti\u00f3n Presidencial | El Nuevo Norte\" \/>\n<meta property=\"og:description\" content=\"Santo Domingo. \u2015\u00a0 Digna Reynoso fue designada como directora ejecutiva del Consejo Nacional de Gesti\u00f3n Presidencial y a la vez fue remplazada como directora de la Direcci\u00f3n General de Pasaportes por Lorenzo David Ram\u00edrez Uribe. El movimiento est\u00e1 contenido en el decreto 314-24, dado a conocer este domingo, aunque tiene fecha del 7 de junio, [&hellip;]\" \/>\n<meta property=\"og:url\" content=\"https:\/\/infoelnuevonorte.com\/?p=26626\" \/>\n<meta property=\"og:site_name\" content=\"El Nuevo Norte\" \/>\n<meta property=\"article:publisher\" content=\"https:\/\/www.facebook.com\/infoenn\" \/>\n<meta property=\"article:published_time\" content=\"2024-06-10T10:00:55+00:00\" \/>\n<meta property=\"article:modified_time\" content=\"2024-06-10T10:00:56+00:00\" \/>\n<meta property=\"og:image\" content=\"https:\/\/infoelnuevonorte.com\/wp-content\/uploads\/2024\/06\/image4.png\" \/>\n\t<meta property=\"og:image:width\" content=\"666\" \/>\n\t<meta property=\"og:image:height\" content=\"375\" \/>\n\t<meta property=\"og:image:type\" content=\"image\/png\" \/>\n<meta name=\"author\" content=\"InfoEnn\" \/>\n<meta name=\"twitter:card\" content=\"summary_large_image\" \/>\n<meta name=\"twitter:creator\" content=\"@Elnuevo_norte\" \/>\n<meta name=\"twitter:site\" content=\"@Elnuevo_norte\" \/>\n<meta name=\"twitter:label1\" content=\"Written by\" \/>\n\t<meta name=\"twitter:data1\" content=\"InfoEnn\" \/>\n\t<meta name=\"twitter:label2\" content=\"Est. reading time\" \/>\n\t<meta name=\"twitter:data2\" content=\"2 minutos\" \/>\n<script type=\"application\/ld+json\" class=\"yoast-schema-graph\">{\"@context\":\"https:\/\/schema.org\",\"@graph\":[{\"@type\":\"Article\",\"@id\":\"https:\/\/infoelnuevonorte.com\/?p=26626#article\",\"isPartOf\":{\"@id\":\"https:\/\/infoelnuevonorte.com\/?p=26626\"},\"author\":{\"name\":\"InfoEnn\",\"@id\":\"https:\/\/infoelnuevonorte.com\/#\/schema\/person\/fd4f6d90afe41260818b4ea94ad8ab84\"},\"headline\":\"Digna Reynoso es designada en el Consejo Nacional de Gesti\u00f3n Presidencial\",\"datePublished\":\"2024-06-10T10:00:55+00:00\",\"dateModified\":\"2024-06-10T10:00:56+00:00\",\"mainEntityOfPage\":{\"@id\":\"https:\/\/infoelnuevonorte.com\/?p=26626\"},\"wordCount\":207,\"publisher\":{\"@id\":\"https:\/\/infoelnuevonorte.com\/#organization\"},\"articleSection\":[\"Nacionales\"],\"inLanguage\":\"es-DO\"},{\"@type\":\"WebPage\",\"@id\":\"https:\/\/infoelnuevonorte.com\/?p=26626\",\"url\":\"https:\/\/infoelnuevonorte.com\/?p=26626\",\"name\":\"Digna Reynoso es designada en el Consejo Nacional de Gesti\u00f3n Presidencial | El Nuevo Norte\",\"isPartOf\":{\"@id\":\"https:\/\/infoelnuevonorte.com\/#website\"},\"datePublished\":\"2024-06-10T10:00:55+00:00\",\"dateModified\":\"2024-06-10T10:00:56+00:00\",\"breadcrumb\":{\"@id\":\"https:\/\/infoelnuevonorte.com\/?p=26626#breadcrumb\"},\"inLanguage\":\"es-DO\",\"potentialAction\":[{\"@type\":\"ReadAction\",\"target\":[\"https:\/\/infoelnuevonorte.com\/?p=26626\"]}]},{\"@type\":\"BreadcrumbList\",\"@id\":\"https:\/\/infoelnuevonorte.com\/?p=26626#breadcrumb\",\"itemListElement\":[{\"@type\":\"ListItem\",\"position\":1,\"name\":\"Home\",\"item\":\"https:\/\/infoelnuevonorte.com\/\"},{\"@type\":\"ListItem\",\"position\":2,\"name\":\"Digna Reynoso es designada en el Consejo Nacional de Gesti\u00f3n Presidencial\"}]},{\"@type\":\"WebSite\",\"@id\":\"https:\/\/infoelnuevonorte.com\/#website\",\"url\":\"https:\/\/infoelnuevonorte.com\/\",\"name\":\"InfoEnn\",\"description\":\"Tu Voz, tu Verdad, tu Diario!!!\",\"publisher\":{\"@id\":\"https:\/\/infoelnuevonorte.com\/#organization\"},\"alternateName\":\"El Nuevo Norte\",\"potentialAction\":[{\"@type\":\"SearchAction\",\"target\":{\"@type\":\"EntryPoint\",\"urlTemplate\":\"https:\/\/infoelnuevonorte.com\/?s={search_term_string}\"},\"query-input\":{\"@type\":\"PropertyValueSpecification\",\"valueRequired\":true,\"valueName\":\"search_term_string\"}}],\"inLanguage\":\"es-DO\"},{\"@type\":\"Organization\",\"@id\":\"https:\/\/infoelnuevonorte.com\/#organization\",\"name\":\"Info El Nuevo Norte\",\"alternateName\":\"El Nuevo Norte\",\"url\":\"https:\/\/infoelnuevonorte.com\/\",\"logo\":{\"@type\":\"ImageObject\",\"inLanguage\":\"es-DO\",\"@id\":\"https:\/\/infoelnuevonorte.com\/#\/schema\/logo\/image\/\",\"url\":\"https:\/\/infoelnuevonorte.com\/wp-content\/uploads\/2026\/02\/Logo-Info-enn-3d-20ani.jpeg\",\"contentUrl\":\"https:\/\/infoelnuevonorte.com\/wp-content\/uploads\/2026\/02\/Logo-Info-enn-3d-20ani.jpeg\",\"width\":2046,\"height\":736,\"caption\":\"Info El Nuevo Norte\"},\"image\":{\"@id\":\"https:\/\/infoelnuevonorte.com\/#\/schema\/logo\/image\/\"},\"sameAs\":[\"https:\/\/www.facebook.com\/infoenn\",\"https:\/\/x.com\/Elnuevo_norte\",\"https:\/\/www.instagram.com\/infoenn\",\"https:\/\/www.facebook.com\/ENNRD\"]},{\"@type\":\"Person\",\"@id\":\"https:\/\/infoelnuevonorte.com\/#\/schema\/person\/fd4f6d90afe41260818b4ea94ad8ab84\",\"name\":\"InfoEnn\",\"image\":{\"@type\":\"ImageObject\",\"inLanguage\":\"es-DO\",\"@id\":\"https:\/\/infoelnuevonorte.com\/#\/schema\/person\/image\/\",\"url\":\"https:\/\/secure.gravatar.com\/avatar\/d4d760a41a48ba9db0a82bfb63bb0783?s=96&d=robohash&r=g\",\"contentUrl\":\"https:\/\/secure.gravatar.com\/avatar\/d4d760a41a48ba9db0a82bfb63bb0783?s=96&d=robohash&r=g\",\"caption\":\"InfoEnn\"},\"sameAs\":[\"https:\/\/infoelnuevonorte.com\"],\"url\":\"https:\/\/infoelnuevonorte.com\/?author=1\"}]}<\/script>\n<!-- \/ Yoast SEO plugin. -->","yoast_head_json":{"title":"Digna Reynoso es designada en el Consejo Nacional de Gesti\u00f3n Presidencial | El Nuevo Norte","robots":{"index":"index","follow":"follow","max-snippet":"max-snippet:-1","max-image-preview":"max-image-preview:large","max-video-preview":"max-video-preview:-1"},"canonical":"https:\/\/infoelnuevonorte.com\/?p=26626","og_locale":"es_ES","og_type":"article","og_title":"Digna Reynoso es designada en el Consejo Nacional de Gesti\u00f3n Presidencial | El Nuevo Norte","og_description":"Santo Domingo. \u2015\u00a0 Digna Reynoso fue designada como directora ejecutiva del Consejo Nacional de Gesti\u00f3n Presidencial y a la vez fue remplazada como directora de la Direcci\u00f3n General de Pasaportes por Lorenzo David Ram\u00edrez Uribe. El movimiento est\u00e1 contenido en el decreto 314-24, dado a conocer este domingo, aunque tiene fecha del 7 de junio, [&hellip;]","og_url":"https:\/\/infoelnuevonorte.com\/?p=26626","og_site_name":"El Nuevo Norte","article_publisher":"https:\/\/www.facebook.com\/infoenn","article_published_time":"2024-06-10T10:00:55+00:00","article_modified_time":"2024-06-10T10:00:56+00:00","og_image":[{"width":666,"height":375,"url":"https:\/\/infoelnuevonorte.com\/wp-content\/uploads\/2024\/06\/image4.png","type":"image\/png"}],"author":"InfoEnn","twitter_card":"summary_large_image","twitter_creator":"@Elnuevo_norte","twitter_site":"@Elnuevo_norte","twitter_misc":{"Written by":"InfoEnn","Est. reading time":"2 minutos"},"schema":{"@context":"https:\/\/schema.org","@graph":[{"@type":"Article","@id":"https:\/\/infoelnuevonorte.com\/?p=26626#article","isPartOf":{"@id":"https:\/\/infoelnuevonorte.com\/?p=26626"},"author":{"name":"InfoEnn","@id":"https:\/\/infoelnuevonorte.com\/#\/schema\/person\/fd4f6d90afe41260818b4ea94ad8ab84"},"headline":"Digna Reynoso es designada en el Consejo Nacional de Gesti\u00f3n Presidencial","datePublished":"2024-06-10T10:00:55+00:00","dateModified":"2024-06-10T10:00:56+00:00","mainEntityOfPage":{"@id":"https:\/\/infoelnuevonorte.com\/?p=26626"},"wordCount":207,"publisher":{"@id":"https:\/\/infoelnuevonorte.com\/#organization"},"articleSection":["Nacionales"],"inLanguage":"es-DO"},{"@type":"WebPage","@id":"https:\/\/infoelnuevonorte.com\/?p=26626","url":"https:\/\/infoelnuevonorte.com\/?p=26626","name":"Digna Reynoso es designada en el Consejo Nacional de Gesti\u00f3n Presidencial | El Nuevo Norte","isPartOf":{"@id":"https:\/\/infoelnuevonorte.com\/#website"},"datePublished":"2024-06-10T10:00:55+00:00","dateModified":"2024-06-10T10:00:56+00:00","breadcrumb":{"@id":"https:\/\/infoelnuevonorte.com\/?p=26626#breadcrumb"},"inLanguage":"es-DO","potentialAction":[{"@type":"ReadAction","target":["https:\/\/infoelnuevonorte.com\/?p=26626"]}]},{"@type":"BreadcrumbList","@id":"https:\/\/infoelnuevonorte.com\/?p=26626#breadcrumb","itemListElement":[{"@type":"ListItem","position":1,"name":"Home","item":"https:\/\/infoelnuevonorte.com\/"},{"@type":"ListItem","position":2,"name":"Digna Reynoso es designada en el Consejo Nacional de Gesti\u00f3n Presidencial"}]},{"@type":"WebSite","@id":"https:\/\/infoelnuevonorte.com\/#website","url":"https:\/\/infoelnuevonorte.com\/","name":"InfoEnn","description":"Tu Voz, tu Verdad, tu Diario!!!","publisher":{"@id":"https:\/\/infoelnuevonorte.com\/#organization"},"alternateName":"El Nuevo Norte","potentialAction":[{"@type":"SearchAction","target":{"@type":"EntryPoint","urlTemplate":"https:\/\/infoelnuevonorte.com\/?s={search_term_string}"},"query-input":{"@type":"PropertyValueSpecification","valueRequired":true,"valueName":"search_term_string"}}],"inLanguage":"es-DO"},{"@type":"Organization","@id":"https:\/\/infoelnuevonorte.com\/#organization","name":"Info El Nuevo Norte","alternateName":"El Nuevo Norte","url":"https:\/\/infoelnuevonorte.com\/","logo":{"@type":"ImageObject","inLanguage":"es-DO","@id":"https:\/\/infoelnuevonorte.com\/#\/schema\/logo\/image\/","url":"https:\/\/infoelnuevonorte.com\/wp-content\/uploads\/2026\/02\/Logo-Info-enn-3d-20ani.jpeg","contentUrl":"https:\/\/infoelnuevonorte.com\/wp-content\/uploads\/2026\/02\/Logo-Info-enn-3d-20ani.jpeg","width":2046,"height":736,"caption":"Info El Nuevo Norte"},"image":{"@id":"https:\/\/infoelnuevonorte.com\/#\/schema\/logo\/image\/"},"sameAs":["https:\/\/www.facebook.com\/infoenn","https:\/\/x.com\/Elnuevo_norte","https:\/\/www.instagram.com\/infoenn","https:\/\/www.facebook.com\/ENNRD"]},{"@type":"Person","@id":"https:\/\/infoelnuevonorte.com\/#\/schema\/person\/fd4f6d90afe41260818b4ea94ad8ab84","name":"InfoEnn","image":{"@type":"ImageObject","inLanguage":"es-DO","@id":"https:\/\/infoelnuevonorte.com\/#\/schema\/person\/image\/","url":"https:\/\/secure.gravatar.com\/avatar\/d4d760a41a48ba9db0a82bfb63bb0783?s=96&d=robohash&r=g","contentUrl":"https:\/\/secure.gravatar.com\/avatar\/d4d760a41a48ba9db0a82bfb63bb0783?s=96&d=robohash&r=g","caption":"InfoEnn"},"sameAs":["https:\/\/infoelnuevonorte.com"],"url":"https:\/\/infoelnuevonorte.com\/?author=1"}]}},"_links":{"self":[{"href":"https:\/\/infoelnuevonorte.com\/index.php?rest_route=\/wp\/v2\/posts\/26626"}],"collection":[{"href":"https:\/\/infoelnuevonorte.com\/index.php?rest_route=\/wp\/v2\/posts"}],"about":[{"href":"https:\/\/infoelnuevonorte.com\/index.php?rest_route=\/wp\/v2\/types\/post"}],"author":[{"embeddable":true,"href":"https:\/\/infoelnuevonorte.com\/index.php?rest_route=\/wp\/v2\/users\/1"}],"replies":[{"embeddable":true,"href":"https:\/\/infoelnuevonorte.com\/index.php?rest_route=%2Fwp%2Fv2%2Fcomments&post=26626"}],"version-history":[{"count":0,"href":"https:\/\/infoelnuevonorte.com\/index.php?rest_route=\/wp\/v2\/posts\/26626\/revisions"}],"wp:attachment":[{"href":"https:\/\/infoelnuevonorte.com\/index.php?rest_route=%2Fwp%2Fv2%2Fmedia&parent=26626"}],"wp:term":[{"taxonomy":"category","embeddable":true,"href":"https:\/\/infoelnuevonorte.com\/index.php?rest_route=%2Fwp%2Fv2%2Fcategories&post=26626"},{"taxonomy":"post_tag","embeddable":true,"href":"https:\/\/infoelnuevonorte.com\/index.php?rest_route=%2Fwp%2Fv2%2Ftags&post=26626"}],"curies":[{"name":"wp","href":"https:\/\/api.w.org\/{rel}","templated":true}]}}