{"id":26925,"date":"2024-06-10T21:22:18","date_gmt":"2024-06-11T01:22:18","guid":{"rendered":"https:\/\/infoelnuevonorte.com\/?p=26925"},"modified":"2024-06-10T21:27:49","modified_gmt":"2024-06-11T01:27:49","slug":"gobierno-presenta-campana-contra-el-dengue-y-preve-reducir-su-incidencia","status":"publish","type":"post","link":"https:\/\/infoelnuevonorte.com\/?p=26925","title":{"rendered":"Gobierno presenta campa\u00f1a contra el dengue y prev\u00e9 reducir su incidencia"},"content":{"rendered":"\n<p><a href=\"https:\/\/deultimominuto.net\/category\/nacionales\/\"><\/a><\/p>\n\n\n<div class=\"td_block_wrap tdb_single_content tdi_360 td-pb-border-top td_block_template_1 td-post-content tagdiv-type\" data-td-block-uid=\"tdi_360\">\n<div class=\"tdb-block-inner td-fix-index\">\n<!--[if lt IE 9]><script>document.createElement('audio');<\/script><![endif]-->\n<audio class=\"wp-audio-shortcode\" id=\"audio-26925-1\" preload=\"none\" style=\"width: 100%;\" controls=\"controls\"><source type=\"audio\/mpeg\" src=\"https:\/\/infoelnuevonorte.com\/wp-content\/uploads\/2024\/06\/ttsmaker-file-2024-6-10-21-23-30.mp3?_=1\" \/><a href=\"https:\/\/infoelnuevonorte.com\/wp-content\/uploads\/2024\/06\/ttsmaker-file-2024-6-10-21-23-30.mp3\">https:\/\/infoelnuevonorte.com\/wp-content\/uploads\/2024\/06\/ttsmaker-file-2024-6-10-21-23-30.mp3<\/a><\/audio>\n<p style=\"text-align: justify\"><strong>Santo Domingo.<\/strong>\u2013 El presidente<strong>\u00a0Luis Abinader<\/strong>\u00a0inform\u00f3 este lunes sobre la campa\u00f1a\u00a0<strong>\u2018Gan\u00e9mosle al dengue\u2019\u00a0<\/strong>para prevenir y combatir la enfermedad, de la que se han contabilizado 8.6 millones de casos en la regi\u00f3n, siendo la Rep\u00fablica Dominicana uno de los de menor incidencia.<\/p>\n<p style=\"text-align: justify\">Fortaleciendo la capacidad el sistema de salud se lograr\u00e1 reducir la incidencia del dengue, mitigar los brotes, controlar vectores y llevar a cabo una gesti\u00f3n central e intersectorial de las acciones, apunt\u00f3 el presidente.<\/p>\n<p style=\"text-align: justify\">Actualmente, est\u00e1 en pleno desarrollo la fase preventiva de la estrategia, dise\u00f1ada para involucrar a todos los actores gubernamentales, comunitarios e internacionales, y que supone la eliminaci\u00f3n de recipientes y limpieza de desperdicios en las viviendas, las fumigaciones, el tratado de tanques y la entrega de mosquiteras.<\/p>\n<p style=\"text-align: justify\">Asimismo, Abinader ofreci\u00f3 datos estad\u00edsticos que indican que la Rep\u00fablica Dominicana es el tercer pa\u00eds de la regi\u00f3n con menos casos de dengue, 840 en lo que va de a\u00f1o, siendo Costa Rica la que menor incidencia presenta con 476 casos, y Argentina la que m\u00e1s con 177,945.<\/p>\n<p style=\"text-align: justify\">El ministro de Salud P\u00fablica, V\u00edctor Atallah, record\u00f3 que este a\u00f1o se presentaba como el peor de toda la historia en Am\u00e9rica, hasta la fecha \u00abya se han contabilizado 8.6 millones de casos de dengue, que supera en un 300 % a los casos anteriormente proyectados. El a\u00f1o pasado se dieron 5.6 millones de casos\u00bb.<\/p>\n<p style=\"text-align: justify\">Seg\u00fan el ministro, las actuaciones preventivas han permitido aplazar en el tiempo un brote inicialmente previsto para abril, y se espera que pueda incidir de manera especial el pr\u00f3ximo septiembre, por lo que se est\u00e1 anticipando \u00abuna red de dengue\u00bb que va a involucrar a un mayor n\u00famero de centros hospitalarios, camas y personal.<\/p>\n<p style=\"text-align: justify\">La estrategia frente al dengue tambi\u00e9n supone la capacitaci\u00f3n de todo el personal para que est\u00e9 atento y comunicado, involucrando adem\u00e1s al sector educativo, y se han distribuido protocolos a todos los m\u00e9dicos para que todos los pacientes reciban un tratamiento est\u00e1ndar.<\/p>\n<\/div>\n<\/div>\n<div class=\"td_block_wrap tdb_single_tags tdi_361 td-pb-border-top td_block_template_1\" style=\"text-align: justify\" data-td-block-uid=\"tdi_361\">\u00a0<\/div>","protected":false},"excerpt":{"rendered":"<p>Santo Domingo.\u2013 El presidente\u00a0Luis Abinader\u00a0inform\u00f3 este lunes sobre la campa\u00f1a\u00a0\u2018Gan\u00e9mosle al dengue\u2019\u00a0para prevenir y combatir la enfermedad, de la que se han contabilizado 8.6 millones de casos en la regi\u00f3n, siendo la Rep\u00fablica Dominicana uno de los de menor incidencia. Fortaleciendo la capacidad el sistema de salud se lograr\u00e1 reducir la incidencia del dengue, mitigar [&hellip;]<\/p>\n","protected":false},"author":2,"featured_media":0,"comment_status":"closed","ping_status":"open","sticky":false,"template":"","format":"standard","meta":{"footnotes":""},"categories":[13],"tags":[],"yoast_head":"<!-- This site is optimized with the Yoast SEO plugin v24.5 - https:\/\/yoast.com\/wordpress\/plugins\/seo\/ -->\n<title>Gobierno presenta campa\u00f1a contra el dengue y prev\u00e9 reducir su incidencia | El Nuevo Norte<\/title>\n<meta name=\"robots\" content=\"index, follow, max-snippet:-1, max-image-preview:large, max-video-preview:-1\" \/>\n<link rel=\"canonical\" href=\"https:\/\/infoelnuevonorte.com\/?p=26925\" \/>\n<meta property=\"og:locale\" content=\"es_ES\" \/>\n<meta property=\"og:type\" content=\"article\" \/>\n<meta property=\"og:title\" content=\"Gobierno presenta campa\u00f1a contra el dengue y prev\u00e9 reducir su incidencia | El Nuevo Norte\" \/>\n<meta property=\"og:description\" content=\"Santo Domingo.\u2013 El presidente\u00a0Luis Abinader\u00a0inform\u00f3 este lunes sobre la campa\u00f1a\u00a0\u2018Gan\u00e9mosle al dengue\u2019\u00a0para prevenir y combatir la enfermedad, de la que se han contabilizado 8.6 millones de casos en la regi\u00f3n, siendo la Rep\u00fablica Dominicana uno de los de menor incidencia. Fortaleciendo la capacidad el sistema de salud se lograr\u00e1 reducir la incidencia del dengue, mitigar [&hellip;]\" \/>\n<meta property=\"og:url\" content=\"https:\/\/infoelnuevonorte.com\/?p=26925\" \/>\n<meta property=\"og:site_name\" content=\"El Nuevo Norte\" \/>\n<meta property=\"article:publisher\" content=\"https:\/\/www.facebook.com\/infoenn\" \/>\n<meta property=\"article:published_time\" content=\"2024-06-11T01:22:18+00:00\" \/>\n<meta property=\"article:modified_time\" content=\"2024-06-11T01:27:49+00:00\" \/>\n<meta property=\"og:image\" content=\"https:\/\/infoelnuevonorte.com\/wp-content\/uploads\/2024\/06\/OIF-3.png\" \/>\n\t<meta property=\"og:image:width\" content=\"474\" \/>\n\t<meta property=\"og:image:height\" content=\"313\" \/>\n\t<meta property=\"og:image:type\" content=\"image\/png\" \/>\n<meta name=\"author\" content=\"T. R.\" \/>\n<meta name=\"twitter:card\" content=\"summary_large_image\" \/>\n<meta name=\"twitter:creator\" content=\"@Elnuevo_norte\" \/>\n<meta name=\"twitter:site\" content=\"@Elnuevo_norte\" \/>\n<meta name=\"twitter:label1\" content=\"Written by\" \/>\n\t<meta name=\"twitter:data1\" content=\"T. R.\" \/>\n\t<meta name=\"twitter:label2\" content=\"Est. reading time\" \/>\n\t<meta name=\"twitter:data2\" content=\"2 minutos\" \/>\n<script type=\"application\/ld+json\" class=\"yoast-schema-graph\">{\"@context\":\"https:\/\/schema.org\",\"@graph\":[{\"@type\":\"Article\",\"@id\":\"https:\/\/infoelnuevonorte.com\/?p=26925#article\",\"isPartOf\":{\"@id\":\"https:\/\/infoelnuevonorte.com\/?p=26925\"},\"author\":{\"name\":\"T. R.\",\"@id\":\"https:\/\/infoelnuevonorte.com\/#\/schema\/person\/3accb35eb55f55e96c492b52d085a403\"},\"headline\":\"Gobierno presenta campa\u00f1a contra el dengue y prev\u00e9 reducir su incidencia\",\"datePublished\":\"2024-06-11T01:22:18+00:00\",\"dateModified\":\"2024-06-11T01:27:49+00:00\",\"mainEntityOfPage\":{\"@id\":\"https:\/\/infoelnuevonorte.com\/?p=26925\"},\"wordCount\":369,\"publisher\":{\"@id\":\"https:\/\/infoelnuevonorte.com\/#organization\"},\"articleSection\":[\"Salud\"],\"inLanguage\":\"es-DO\"},{\"@type\":\"WebPage\",\"@id\":\"https:\/\/infoelnuevonorte.com\/?p=26925\",\"url\":\"https:\/\/infoelnuevonorte.com\/?p=26925\",\"name\":\"Gobierno presenta campa\u00f1a contra el dengue y prev\u00e9 reducir su incidencia | El Nuevo Norte\",\"isPartOf\":{\"@id\":\"https:\/\/infoelnuevonorte.com\/#website\"},\"datePublished\":\"2024-06-11T01:22:18+00:00\",\"dateModified\":\"2024-06-11T01:27:49+00:00\",\"breadcrumb\":{\"@id\":\"https:\/\/infoelnuevonorte.com\/?p=26925#breadcrumb\"},\"inLanguage\":\"es-DO\",\"potentialAction\":[{\"@type\":\"ReadAction\",\"target\":[\"https:\/\/infoelnuevonorte.com\/?p=26925\"]}]},{\"@type\":\"BreadcrumbList\",\"@id\":\"https:\/\/infoelnuevonorte.com\/?p=26925#breadcrumb\",\"itemListElement\":[{\"@type\":\"ListItem\",\"position\":1,\"name\":\"Home\",\"item\":\"https:\/\/infoelnuevonorte.com\/\"},{\"@type\":\"ListItem\",\"position\":2,\"name\":\"Gobierno presenta campa\u00f1a contra el dengue y prev\u00e9 reducir su incidencia\"}]},{\"@type\":\"WebSite\",\"@id\":\"https:\/\/infoelnuevonorte.com\/#website\",\"url\":\"https:\/\/infoelnuevonorte.com\/\",\"name\":\"InfoEnn\",\"description\":\"Tu Voz, tu Verdad, tu Diario!!!\",\"publisher\":{\"@id\":\"https:\/\/infoelnuevonorte.com\/#organization\"},\"alternateName\":\"El Nuevo Norte\",\"potentialAction\":[{\"@type\":\"SearchAction\",\"target\":{\"@type\":\"EntryPoint\",\"urlTemplate\":\"https:\/\/infoelnuevonorte.com\/?s={search_term_string}\"},\"query-input\":{\"@type\":\"PropertyValueSpecification\",\"valueRequired\":true,\"valueName\":\"search_term_string\"}}],\"inLanguage\":\"es-DO\"},{\"@type\":\"Organization\",\"@id\":\"https:\/\/infoelnuevonorte.com\/#organization\",\"name\":\"Info El Nuevo Norte\",\"alternateName\":\"El Nuevo Norte\",\"url\":\"https:\/\/infoelnuevonorte.com\/\",\"logo\":{\"@type\":\"ImageObject\",\"inLanguage\":\"es-DO\",\"@id\":\"https:\/\/infoelnuevonorte.com\/#\/schema\/logo\/image\/\",\"url\":\"https:\/\/infoelnuevonorte.com\/wp-content\/uploads\/2026\/02\/Logo-Info-enn-3d-20ani.jpeg\",\"contentUrl\":\"https:\/\/infoelnuevonorte.com\/wp-content\/uploads\/2026\/02\/Logo-Info-enn-3d-20ani.jpeg\",\"width\":2046,\"height\":736,\"caption\":\"Info El Nuevo Norte\"},\"image\":{\"@id\":\"https:\/\/infoelnuevonorte.com\/#\/schema\/logo\/image\/\"},\"sameAs\":[\"https:\/\/www.facebook.com\/infoenn\",\"https:\/\/x.com\/Elnuevo_norte\",\"https:\/\/www.instagram.com\/infoenn\",\"https:\/\/www.facebook.com\/ENNRD\"]},{\"@type\":\"Person\",\"@id\":\"https:\/\/infoelnuevonorte.com\/#\/schema\/person\/3accb35eb55f55e96c492b52d085a403\",\"name\":\"T. R.\",\"image\":{\"@type\":\"ImageObject\",\"inLanguage\":\"es-DO\",\"@id\":\"https:\/\/infoelnuevonorte.com\/#\/schema\/person\/image\/\",\"url\":\"https:\/\/secure.gravatar.com\/avatar\/40543a038bda97abdb765b1662e9677d?s=96&d=robohash&r=g\",\"contentUrl\":\"https:\/\/secure.gravatar.com\/avatar\/40543a038bda97abdb765b1662e9677d?s=96&d=robohash&r=g\",\"caption\":\"T. R.\"},\"url\":\"https:\/\/infoelnuevonorte.com\/?author=2\"}]}<\/script>\n<!-- \/ Yoast SEO plugin. -->","yoast_head_json":{"title":"Gobierno presenta campa\u00f1a contra el dengue y prev\u00e9 reducir su incidencia | El Nuevo Norte","robots":{"index":"index","follow":"follow","max-snippet":"max-snippet:-1","max-image-preview":"max-image-preview:large","max-video-preview":"max-video-preview:-1"},"canonical":"https:\/\/infoelnuevonorte.com\/?p=26925","og_locale":"es_ES","og_type":"article","og_title":"Gobierno presenta campa\u00f1a contra el dengue y prev\u00e9 reducir su incidencia | El Nuevo Norte","og_description":"Santo Domingo.\u2013 El presidente\u00a0Luis Abinader\u00a0inform\u00f3 este lunes sobre la campa\u00f1a\u00a0\u2018Gan\u00e9mosle al dengue\u2019\u00a0para prevenir y combatir la enfermedad, de la que se han contabilizado 8.6 millones de casos en la regi\u00f3n, siendo la Rep\u00fablica Dominicana uno de los de menor incidencia. Fortaleciendo la capacidad el sistema de salud se lograr\u00e1 reducir la incidencia del dengue, mitigar [&hellip;]","og_url":"https:\/\/infoelnuevonorte.com\/?p=26925","og_site_name":"El Nuevo Norte","article_publisher":"https:\/\/www.facebook.com\/infoenn","article_published_time":"2024-06-11T01:22:18+00:00","article_modified_time":"2024-06-11T01:27:49+00:00","og_image":[{"width":474,"height":313,"url":"https:\/\/infoelnuevonorte.com\/wp-content\/uploads\/2024\/06\/OIF-3.png","type":"image\/png"}],"author":"T. R.","twitter_card":"summary_large_image","twitter_creator":"@Elnuevo_norte","twitter_site":"@Elnuevo_norte","twitter_misc":{"Written by":"T. R.","Est. reading time":"2 minutos"},"schema":{"@context":"https:\/\/schema.org","@graph":[{"@type":"Article","@id":"https:\/\/infoelnuevonorte.com\/?p=26925#article","isPartOf":{"@id":"https:\/\/infoelnuevonorte.com\/?p=26925"},"author":{"name":"T. R.","@id":"https:\/\/infoelnuevonorte.com\/#\/schema\/person\/3accb35eb55f55e96c492b52d085a403"},"headline":"Gobierno presenta campa\u00f1a contra el dengue y prev\u00e9 reducir su incidencia","datePublished":"2024-06-11T01:22:18+00:00","dateModified":"2024-06-11T01:27:49+00:00","mainEntityOfPage":{"@id":"https:\/\/infoelnuevonorte.com\/?p=26925"},"wordCount":369,"publisher":{"@id":"https:\/\/infoelnuevonorte.com\/#organization"},"articleSection":["Salud"],"inLanguage":"es-DO"},{"@type":"WebPage","@id":"https:\/\/infoelnuevonorte.com\/?p=26925","url":"https:\/\/infoelnuevonorte.com\/?p=26925","name":"Gobierno presenta campa\u00f1a contra el dengue y prev\u00e9 reducir su incidencia | El Nuevo Norte","isPartOf":{"@id":"https:\/\/infoelnuevonorte.com\/#website"},"datePublished":"2024-06-11T01:22:18+00:00","dateModified":"2024-06-11T01:27:49+00:00","breadcrumb":{"@id":"https:\/\/infoelnuevonorte.com\/?p=26925#breadcrumb"},"inLanguage":"es-DO","potentialAction":[{"@type":"ReadAction","target":["https:\/\/infoelnuevonorte.com\/?p=26925"]}]},{"@type":"BreadcrumbList","@id":"https:\/\/infoelnuevonorte.com\/?p=26925#breadcrumb","itemListElement":[{"@type":"ListItem","position":1,"name":"Home","item":"https:\/\/infoelnuevonorte.com\/"},{"@type":"ListItem","position":2,"name":"Gobierno presenta campa\u00f1a contra el dengue y prev\u00e9 reducir su incidencia"}]},{"@type":"WebSite","@id":"https:\/\/infoelnuevonorte.com\/#website","url":"https:\/\/infoelnuevonorte.com\/","name":"InfoEnn","description":"Tu Voz, tu Verdad, tu Diario!!!","publisher":{"@id":"https:\/\/infoelnuevonorte.com\/#organization"},"alternateName":"El Nuevo Norte","potentialAction":[{"@type":"SearchAction","target":{"@type":"EntryPoint","urlTemplate":"https:\/\/infoelnuevonorte.com\/?s={search_term_string}"},"query-input":{"@type":"PropertyValueSpecification","valueRequired":true,"valueName":"search_term_string"}}],"inLanguage":"es-DO"},{"@type":"Organization","@id":"https:\/\/infoelnuevonorte.com\/#organization","name":"Info El Nuevo Norte","alternateName":"El Nuevo Norte","url":"https:\/\/infoelnuevonorte.com\/","logo":{"@type":"ImageObject","inLanguage":"es-DO","@id":"https:\/\/infoelnuevonorte.com\/#\/schema\/logo\/image\/","url":"https:\/\/infoelnuevonorte.com\/wp-content\/uploads\/2026\/02\/Logo-Info-enn-3d-20ani.jpeg","contentUrl":"https:\/\/infoelnuevonorte.com\/wp-content\/uploads\/2026\/02\/Logo-Info-enn-3d-20ani.jpeg","width":2046,"height":736,"caption":"Info El Nuevo Norte"},"image":{"@id":"https:\/\/infoelnuevonorte.com\/#\/schema\/logo\/image\/"},"sameAs":["https:\/\/www.facebook.com\/infoenn","https:\/\/x.com\/Elnuevo_norte","https:\/\/www.instagram.com\/infoenn","https:\/\/www.facebook.com\/ENNRD"]},{"@type":"Person","@id":"https:\/\/infoelnuevonorte.com\/#\/schema\/person\/3accb35eb55f55e96c492b52d085a403","name":"T. R.","image":{"@type":"ImageObject","inLanguage":"es-DO","@id":"https:\/\/infoelnuevonorte.com\/#\/schema\/person\/image\/","url":"https:\/\/secure.gravatar.com\/avatar\/40543a038bda97abdb765b1662e9677d?s=96&d=robohash&r=g","contentUrl":"https:\/\/secure.gravatar.com\/avatar\/40543a038bda97abdb765b1662e9677d?s=96&d=robohash&r=g","caption":"T. R."},"url":"https:\/\/infoelnuevonorte.com\/?author=2"}]}},"_links":{"self":[{"href":"https:\/\/infoelnuevonorte.com\/index.php?rest_route=\/wp\/v2\/posts\/26925"}],"collection":[{"href":"https:\/\/infoelnuevonorte.com\/index.php?rest_route=\/wp\/v2\/posts"}],"about":[{"href":"https:\/\/infoelnuevonorte.com\/index.php?rest_route=\/wp\/v2\/types\/post"}],"author":[{"embeddable":true,"href":"https:\/\/infoelnuevonorte.com\/index.php?rest_route=\/wp\/v2\/users\/2"}],"replies":[{"embeddable":true,"href":"https:\/\/infoelnuevonorte.com\/index.php?rest_route=%2Fwp%2Fv2%2Fcomments&post=26925"}],"version-history":[{"count":0,"href":"https:\/\/infoelnuevonorte.com\/index.php?rest_route=\/wp\/v2\/posts\/26925\/revisions"}],"wp:attachment":[{"href":"https:\/\/infoelnuevonorte.com\/index.php?rest_route=%2Fwp%2Fv2%2Fmedia&parent=26925"}],"wp:term":[{"taxonomy":"category","embeddable":true,"href":"https:\/\/infoelnuevonorte.com\/index.php?rest_route=%2Fwp%2Fv2%2Fcategories&post=26925"},{"taxonomy":"post_tag","embeddable":true,"href":"https:\/\/infoelnuevonorte.com\/index.php?rest_route=%2Fwp%2Fv2%2Ftags&post=26925"}],"curies":[{"name":"wp","href":"https:\/\/api.w.org\/{rel}","templated":true}]}}