{"id":26962,"date":"2024-06-10T21:54:07","date_gmt":"2024-06-11T01:54:07","guid":{"rendered":"https:\/\/infoelnuevonorte.com\/?p=26962"},"modified":"2024-06-10T21:54:09","modified_gmt":"2024-06-11T01:54:09","slug":"medio-ambiente-ve-grave-desmonte-de-arboles-en-zona-rural-de-montecristi","status":"publish","type":"post","link":"https:\/\/infoelnuevonorte.com\/?p=26962","title":{"rendered":"Medio Ambiente ve \u00abgrave\u00bb desmonte de \u00e1rboles en zona rural de Montecristi"},"content":{"rendered":"\n<p><a href=\"https:\/\/deultimominuto.net\/category\/nacionales\/\"><\/a><\/p>\n\n\n<div class=\"td_block_wrap tdb_single_content tdi_360 td-pb-border-top td_block_template_1 td-post-content tagdiv-type\" data-td-block-uid=\"tdi_360\">\n<div class=\"tdb-block-inner td-fix-index\">\n<!--[if lt IE 9]><script>document.createElement('audio');<\/script><![endif]-->\n<audio class=\"wp-audio-shortcode\" id=\"audio-26962-1\" preload=\"none\" style=\"width: 100%;\" controls=\"controls\"><source type=\"audio\/mpeg\" src=\"https:\/\/infoelnuevonorte.com\/wp-content\/uploads\/2024\/06\/ttsmaker-file-2024-6-10-21-53-20.mp3?_=1\" \/><a href=\"https:\/\/infoelnuevonorte.com\/wp-content\/uploads\/2024\/06\/ttsmaker-file-2024-6-10-21-53-20.mp3\">https:\/\/infoelnuevonorte.com\/wp-content\/uploads\/2024\/06\/ttsmaker-file-2024-6-10-21-53-20.mp3<\/a><\/audio>\n<p style=\"text-align: justify\"><strong>Santo Domingo.-\u00a0<\/strong>El Ministerio de Medio Ambiente y Recursos Naturales dijo este lunes que es\u00a0<strong>\u00abgrave\u00bb<\/strong>\u00a0el desmonte provocado en unas 160 tareas de tierra en el \u00e1rea monta\u00f1osa de\u00a0<strong>Buen Hombre<\/strong>, en el municipio Villa V\u00e1squez, provincia de Montecristi.<\/p>\n<p style=\"text-align: justify\">En un informe preliminar rendido al ministro de Medio Ambiente,<strong>\u00a0Miguel Ceara Hatton<\/strong>, el encargado provincial de Montecristi, Kelvin Olivo, explica que el desmonte afect\u00f3 unas 160 tareas de bosque seco, en donde se talaron \u00e1rboles de distintas especies, incluyendo guayac\u00e1n, joboban, alm\u00e1cigo y candel\u00f3n.<\/p>\n<p style=\"text-align: justify\">Olivo indic\u00f3, en un comunicado del ministerio, que acudi\u00f3 al lugar a realizar una inspecci\u00f3n desde tempranas horas de la ma\u00f1ana de este lunes, junto a un t\u00e9cnico forestal, un inspector del Viceministerio de Costeros y Marinos y dos integrantes del Servicio Nacional de Protecci\u00f3n Ambiental (Senpa).<\/p>\n<p style=\"text-align: justify\">A\u00f1adi\u00f3 que al caer la noche del pasado s\u00e1bado recibi\u00f3 una denuncia del alcalde de\u00a0<strong>Villa V\u00e1squez, Jenrry Castro.<\/strong><\/p>\n<p style=\"text-align: justify\"><strong>Te podr\u00eda interesar:<\/strong>\u00a0<a href=\"https:\/\/infoelnuevonorte.com\/?p=26925\">Gobierno presenta campa\u00f1a contra el dengue y prev\u00e9 reducir su incidencia<\/a><\/p>\n<p style=\"text-align: justify\">\u00abEl alcalde nos hizo la denuncia por tel\u00e9fono al caer la noche del s\u00e1bado, y al otro d\u00eda, domingo, un equipo del Senpa realiz\u00f3 una primera inspecci\u00f3n de la zona. Hoy volvimos temprano con los dem\u00e1s t\u00e9cnicos y pudimos realizar un informe preliminar de los da\u00f1os\u00bb, dijo Olivo.<\/p>\n<p style=\"text-align: justify\">Indic\u00f3 que la oficina provincial de Medio Ambiente pasar\u00e1 el caso a la Procuradur\u00eda Especializada para la Defensa del Medio Ambiente (Proedemaren), para que sean procesados los responsables conforme a la Ley sobre Medio Ambiente y Recursos Naturales.<\/p>\n<p style=\"text-align: justify\">Un equipo de t\u00e9cnicos de la Direcci\u00f3n de Fiscalizaci\u00f3n del Ministerio de Medio Ambiente, encabezada por el responsable de esa unidad, Manuel P\u00e9rez, tambi\u00e9n tiene previsto realizar una inspecci\u00f3n este martes en la zona afectada.<\/p>\n<\/div>\n<\/div>\n<div class=\"td_block_wrap tdb_single_tags tdi_361 td-pb-border-top td_block_template_1\" style=\"text-align: justify\" data-td-block-uid=\"tdi_361\">\u00a0<\/div>","protected":false},"excerpt":{"rendered":"<p>Santo Domingo.-\u00a0El Ministerio de Medio Ambiente y Recursos Naturales dijo este lunes que es\u00a0\u00abgrave\u00bb\u00a0el desmonte provocado en unas 160 tareas de tierra en el \u00e1rea monta\u00f1osa de\u00a0Buen Hombre, en el municipio Villa V\u00e1squez, provincia de Montecristi. En un informe preliminar rendido al ministro de Medio Ambiente,\u00a0Miguel Ceara Hatton, el encargado provincial de Montecristi, Kelvin Olivo, [&hellip;]<\/p>\n","protected":false},"author":2,"featured_media":0,"comment_status":"closed","ping_status":"open","sticky":false,"template":"","format":"standard","meta":{"footnotes":""},"categories":[8],"tags":[],"yoast_head":"<!-- This site is optimized with the Yoast SEO plugin v24.5 - https:\/\/yoast.com\/wordpress\/plugins\/seo\/ -->\n<title>Medio Ambiente ve \u00abgrave\u00bb desmonte de \u00e1rboles en zona rural de Montecristi | El Nuevo Norte<\/title>\n<meta name=\"robots\" content=\"index, follow, max-snippet:-1, max-image-preview:large, max-video-preview:-1\" \/>\n<link rel=\"canonical\" href=\"https:\/\/infoelnuevonorte.com\/?p=26962\" \/>\n<meta property=\"og:locale\" content=\"es_ES\" \/>\n<meta property=\"og:type\" content=\"article\" \/>\n<meta property=\"og:title\" content=\"Medio Ambiente ve \u00abgrave\u00bb desmonte de \u00e1rboles en zona rural de Montecristi | El Nuevo Norte\" \/>\n<meta property=\"og:description\" content=\"Santo Domingo.-\u00a0El Ministerio de Medio Ambiente y Recursos Naturales dijo este lunes que es\u00a0\u00abgrave\u00bb\u00a0el desmonte provocado en unas 160 tareas de tierra en el \u00e1rea monta\u00f1osa de\u00a0Buen Hombre, en el municipio Villa V\u00e1squez, provincia de Montecristi. En un informe preliminar rendido al ministro de Medio Ambiente,\u00a0Miguel Ceara Hatton, el encargado provincial de Montecristi, Kelvin Olivo, [&hellip;]\" \/>\n<meta property=\"og:url\" content=\"https:\/\/infoelnuevonorte.com\/?p=26962\" \/>\n<meta property=\"og:site_name\" content=\"El Nuevo Norte\" \/>\n<meta property=\"article:publisher\" content=\"https:\/\/www.facebook.com\/infoenn\" \/>\n<meta property=\"article:published_time\" content=\"2024-06-11T01:54:07+00:00\" \/>\n<meta property=\"article:modified_time\" content=\"2024-06-11T01:54:09+00:00\" \/>\n<meta property=\"og:image\" content=\"https:\/\/infoelnuevonorte.com\/wp-content\/uploads\/2024\/06\/palmarejo_cortes_de_arboles-1.png\" \/>\n\t<meta property=\"og:image:width\" content=\"500\" \/>\n\t<meta property=\"og:image:height\" content=\"341\" \/>\n\t<meta property=\"og:image:type\" content=\"image\/png\" \/>\n<meta name=\"author\" content=\"T. R.\" \/>\n<meta name=\"twitter:card\" content=\"summary_large_image\" \/>\n<meta name=\"twitter:creator\" content=\"@Elnuevo_norte\" \/>\n<meta name=\"twitter:site\" content=\"@Elnuevo_norte\" \/>\n<meta name=\"twitter:label1\" content=\"Written by\" \/>\n\t<meta name=\"twitter:data1\" content=\"T. R.\" \/>\n\t<meta name=\"twitter:label2\" content=\"Est. reading time\" \/>\n\t<meta name=\"twitter:data2\" content=\"2 minutos\" \/>\n<script type=\"application\/ld+json\" class=\"yoast-schema-graph\">{\"@context\":\"https:\/\/schema.org\",\"@graph\":[{\"@type\":\"Article\",\"@id\":\"https:\/\/infoelnuevonorte.com\/?p=26962#article\",\"isPartOf\":{\"@id\":\"https:\/\/infoelnuevonorte.com\/?p=26962\"},\"author\":{\"name\":\"T. R.\",\"@id\":\"https:\/\/infoelnuevonorte.com\/#\/schema\/person\/3accb35eb55f55e96c492b52d085a403\"},\"headline\":\"Medio Ambiente ve \u00abgrave\u00bb desmonte de \u00e1rboles en zona rural de Montecristi\",\"datePublished\":\"2024-06-11T01:54:07+00:00\",\"dateModified\":\"2024-06-11T01:54:09+00:00\",\"mainEntityOfPage\":{\"@id\":\"https:\/\/infoelnuevonorte.com\/?p=26962\"},\"wordCount\":340,\"publisher\":{\"@id\":\"https:\/\/infoelnuevonorte.com\/#organization\"},\"articleSection\":[\"Nacionales\"],\"inLanguage\":\"es-DO\"},{\"@type\":\"WebPage\",\"@id\":\"https:\/\/infoelnuevonorte.com\/?p=26962\",\"url\":\"https:\/\/infoelnuevonorte.com\/?p=26962\",\"name\":\"Medio Ambiente ve \u00abgrave\u00bb desmonte de \u00e1rboles en zona rural de Montecristi | El Nuevo Norte\",\"isPartOf\":{\"@id\":\"https:\/\/infoelnuevonorte.com\/#website\"},\"datePublished\":\"2024-06-11T01:54:07+00:00\",\"dateModified\":\"2024-06-11T01:54:09+00:00\",\"breadcrumb\":{\"@id\":\"https:\/\/infoelnuevonorte.com\/?p=26962#breadcrumb\"},\"inLanguage\":\"es-DO\",\"potentialAction\":[{\"@type\":\"ReadAction\",\"target\":[\"https:\/\/infoelnuevonorte.com\/?p=26962\"]}]},{\"@type\":\"BreadcrumbList\",\"@id\":\"https:\/\/infoelnuevonorte.com\/?p=26962#breadcrumb\",\"itemListElement\":[{\"@type\":\"ListItem\",\"position\":1,\"name\":\"Home\",\"item\":\"https:\/\/infoelnuevonorte.com\/\"},{\"@type\":\"ListItem\",\"position\":2,\"name\":\"Medio Ambiente ve \u00abgrave\u00bb desmonte de \u00e1rboles en zona rural de Montecristi\"}]},{\"@type\":\"WebSite\",\"@id\":\"https:\/\/infoelnuevonorte.com\/#website\",\"url\":\"https:\/\/infoelnuevonorte.com\/\",\"name\":\"InfoEnn\",\"description\":\"Tu Voz, tu Verdad, tu Diario!!!\",\"publisher\":{\"@id\":\"https:\/\/infoelnuevonorte.com\/#organization\"},\"alternateName\":\"El Nuevo Norte\",\"potentialAction\":[{\"@type\":\"SearchAction\",\"target\":{\"@type\":\"EntryPoint\",\"urlTemplate\":\"https:\/\/infoelnuevonorte.com\/?s={search_term_string}\"},\"query-input\":{\"@type\":\"PropertyValueSpecification\",\"valueRequired\":true,\"valueName\":\"search_term_string\"}}],\"inLanguage\":\"es-DO\"},{\"@type\":\"Organization\",\"@id\":\"https:\/\/infoelnuevonorte.com\/#organization\",\"name\":\"Info El Nuevo Norte\",\"alternateName\":\"El Nuevo Norte\",\"url\":\"https:\/\/infoelnuevonorte.com\/\",\"logo\":{\"@type\":\"ImageObject\",\"inLanguage\":\"es-DO\",\"@id\":\"https:\/\/infoelnuevonorte.com\/#\/schema\/logo\/image\/\",\"url\":\"https:\/\/infoelnuevonorte.com\/wp-content\/uploads\/2026\/02\/Logo-Info-enn-3d-20ani.jpeg\",\"contentUrl\":\"https:\/\/infoelnuevonorte.com\/wp-content\/uploads\/2026\/02\/Logo-Info-enn-3d-20ani.jpeg\",\"width\":2046,\"height\":736,\"caption\":\"Info El Nuevo Norte\"},\"image\":{\"@id\":\"https:\/\/infoelnuevonorte.com\/#\/schema\/logo\/image\/\"},\"sameAs\":[\"https:\/\/www.facebook.com\/infoenn\",\"https:\/\/x.com\/Elnuevo_norte\",\"https:\/\/www.instagram.com\/infoenn\",\"https:\/\/www.facebook.com\/ENNRD\"]},{\"@type\":\"Person\",\"@id\":\"https:\/\/infoelnuevonorte.com\/#\/schema\/person\/3accb35eb55f55e96c492b52d085a403\",\"name\":\"T. R.\",\"image\":{\"@type\":\"ImageObject\",\"inLanguage\":\"es-DO\",\"@id\":\"https:\/\/infoelnuevonorte.com\/#\/schema\/person\/image\/\",\"url\":\"https:\/\/secure.gravatar.com\/avatar\/40543a038bda97abdb765b1662e9677d?s=96&d=robohash&r=g\",\"contentUrl\":\"https:\/\/secure.gravatar.com\/avatar\/40543a038bda97abdb765b1662e9677d?s=96&d=robohash&r=g\",\"caption\":\"T. R.\"},\"url\":\"https:\/\/infoelnuevonorte.com\/?author=2\"}]}<\/script>\n<!-- \/ Yoast SEO plugin. -->","yoast_head_json":{"title":"Medio Ambiente ve \u00abgrave\u00bb desmonte de \u00e1rboles en zona rural de Montecristi | El Nuevo Norte","robots":{"index":"index","follow":"follow","max-snippet":"max-snippet:-1","max-image-preview":"max-image-preview:large","max-video-preview":"max-video-preview:-1"},"canonical":"https:\/\/infoelnuevonorte.com\/?p=26962","og_locale":"es_ES","og_type":"article","og_title":"Medio Ambiente ve \u00abgrave\u00bb desmonte de \u00e1rboles en zona rural de Montecristi | El Nuevo Norte","og_description":"Santo Domingo.-\u00a0El Ministerio de Medio Ambiente y Recursos Naturales dijo este lunes que es\u00a0\u00abgrave\u00bb\u00a0el desmonte provocado en unas 160 tareas de tierra en el \u00e1rea monta\u00f1osa de\u00a0Buen Hombre, en el municipio Villa V\u00e1squez, provincia de Montecristi. En un informe preliminar rendido al ministro de Medio Ambiente,\u00a0Miguel Ceara Hatton, el encargado provincial de Montecristi, Kelvin Olivo, [&hellip;]","og_url":"https:\/\/infoelnuevonorte.com\/?p=26962","og_site_name":"El Nuevo Norte","article_publisher":"https:\/\/www.facebook.com\/infoenn","article_published_time":"2024-06-11T01:54:07+00:00","article_modified_time":"2024-06-11T01:54:09+00:00","og_image":[{"width":500,"height":341,"url":"https:\/\/infoelnuevonorte.com\/wp-content\/uploads\/2024\/06\/palmarejo_cortes_de_arboles-1.png","type":"image\/png"}],"author":"T. R.","twitter_card":"summary_large_image","twitter_creator":"@Elnuevo_norte","twitter_site":"@Elnuevo_norte","twitter_misc":{"Written by":"T. R.","Est. reading time":"2 minutos"},"schema":{"@context":"https:\/\/schema.org","@graph":[{"@type":"Article","@id":"https:\/\/infoelnuevonorte.com\/?p=26962#article","isPartOf":{"@id":"https:\/\/infoelnuevonorte.com\/?p=26962"},"author":{"name":"T. R.","@id":"https:\/\/infoelnuevonorte.com\/#\/schema\/person\/3accb35eb55f55e96c492b52d085a403"},"headline":"Medio Ambiente ve \u00abgrave\u00bb desmonte de \u00e1rboles en zona rural de Montecristi","datePublished":"2024-06-11T01:54:07+00:00","dateModified":"2024-06-11T01:54:09+00:00","mainEntityOfPage":{"@id":"https:\/\/infoelnuevonorte.com\/?p=26962"},"wordCount":340,"publisher":{"@id":"https:\/\/infoelnuevonorte.com\/#organization"},"articleSection":["Nacionales"],"inLanguage":"es-DO"},{"@type":"WebPage","@id":"https:\/\/infoelnuevonorte.com\/?p=26962","url":"https:\/\/infoelnuevonorte.com\/?p=26962","name":"Medio Ambiente ve \u00abgrave\u00bb desmonte de \u00e1rboles en zona rural de Montecristi | El Nuevo Norte","isPartOf":{"@id":"https:\/\/infoelnuevonorte.com\/#website"},"datePublished":"2024-06-11T01:54:07+00:00","dateModified":"2024-06-11T01:54:09+00:00","breadcrumb":{"@id":"https:\/\/infoelnuevonorte.com\/?p=26962#breadcrumb"},"inLanguage":"es-DO","potentialAction":[{"@type":"ReadAction","target":["https:\/\/infoelnuevonorte.com\/?p=26962"]}]},{"@type":"BreadcrumbList","@id":"https:\/\/infoelnuevonorte.com\/?p=26962#breadcrumb","itemListElement":[{"@type":"ListItem","position":1,"name":"Home","item":"https:\/\/infoelnuevonorte.com\/"},{"@type":"ListItem","position":2,"name":"Medio Ambiente ve \u00abgrave\u00bb desmonte de \u00e1rboles en zona rural de Montecristi"}]},{"@type":"WebSite","@id":"https:\/\/infoelnuevonorte.com\/#website","url":"https:\/\/infoelnuevonorte.com\/","name":"InfoEnn","description":"Tu Voz, tu Verdad, tu Diario!!!","publisher":{"@id":"https:\/\/infoelnuevonorte.com\/#organization"},"alternateName":"El Nuevo Norte","potentialAction":[{"@type":"SearchAction","target":{"@type":"EntryPoint","urlTemplate":"https:\/\/infoelnuevonorte.com\/?s={search_term_string}"},"query-input":{"@type":"PropertyValueSpecification","valueRequired":true,"valueName":"search_term_string"}}],"inLanguage":"es-DO"},{"@type":"Organization","@id":"https:\/\/infoelnuevonorte.com\/#organization","name":"Info El Nuevo Norte","alternateName":"El Nuevo Norte","url":"https:\/\/infoelnuevonorte.com\/","logo":{"@type":"ImageObject","inLanguage":"es-DO","@id":"https:\/\/infoelnuevonorte.com\/#\/schema\/logo\/image\/","url":"https:\/\/infoelnuevonorte.com\/wp-content\/uploads\/2026\/02\/Logo-Info-enn-3d-20ani.jpeg","contentUrl":"https:\/\/infoelnuevonorte.com\/wp-content\/uploads\/2026\/02\/Logo-Info-enn-3d-20ani.jpeg","width":2046,"height":736,"caption":"Info El Nuevo Norte"},"image":{"@id":"https:\/\/infoelnuevonorte.com\/#\/schema\/logo\/image\/"},"sameAs":["https:\/\/www.facebook.com\/infoenn","https:\/\/x.com\/Elnuevo_norte","https:\/\/www.instagram.com\/infoenn","https:\/\/www.facebook.com\/ENNRD"]},{"@type":"Person","@id":"https:\/\/infoelnuevonorte.com\/#\/schema\/person\/3accb35eb55f55e96c492b52d085a403","name":"T. R.","image":{"@type":"ImageObject","inLanguage":"es-DO","@id":"https:\/\/infoelnuevonorte.com\/#\/schema\/person\/image\/","url":"https:\/\/secure.gravatar.com\/avatar\/40543a038bda97abdb765b1662e9677d?s=96&d=robohash&r=g","contentUrl":"https:\/\/secure.gravatar.com\/avatar\/40543a038bda97abdb765b1662e9677d?s=96&d=robohash&r=g","caption":"T. R."},"url":"https:\/\/infoelnuevonorte.com\/?author=2"}]}},"_links":{"self":[{"href":"https:\/\/infoelnuevonorte.com\/index.php?rest_route=\/wp\/v2\/posts\/26962"}],"collection":[{"href":"https:\/\/infoelnuevonorte.com\/index.php?rest_route=\/wp\/v2\/posts"}],"about":[{"href":"https:\/\/infoelnuevonorte.com\/index.php?rest_route=\/wp\/v2\/types\/post"}],"author":[{"embeddable":true,"href":"https:\/\/infoelnuevonorte.com\/index.php?rest_route=\/wp\/v2\/users\/2"}],"replies":[{"embeddable":true,"href":"https:\/\/infoelnuevonorte.com\/index.php?rest_route=%2Fwp%2Fv2%2Fcomments&post=26962"}],"version-history":[{"count":0,"href":"https:\/\/infoelnuevonorte.com\/index.php?rest_route=\/wp\/v2\/posts\/26962\/revisions"}],"wp:attachment":[{"href":"https:\/\/infoelnuevonorte.com\/index.php?rest_route=%2Fwp%2Fv2%2Fmedia&parent=26962"}],"wp:term":[{"taxonomy":"category","embeddable":true,"href":"https:\/\/infoelnuevonorte.com\/index.php?rest_route=%2Fwp%2Fv2%2Fcategories&post=26962"},{"taxonomy":"post_tag","embeddable":true,"href":"https:\/\/infoelnuevonorte.com\/index.php?rest_route=%2Fwp%2Fv2%2Ftags&post=26962"}],"curies":[{"name":"wp","href":"https:\/\/api.w.org\/{rel}","templated":true}]}}